{"id":85565,"date":"2025-05-13T22:41:24","date_gmt":"2025-05-13T19:41:24","guid":{"rendered":"https:\/\/denizcankizil.tr\/uncategorized-tr\/ekrem-imamogluna-yeni-sorusturma\/"},"modified":"2025-05-13T22:41:24","modified_gmt":"2025-05-13T19:41:24","slug":"ekrem-imamogluna-yeni-sorusturma","status":"publish","type":"post","link":"http:\/\/denizcankizil.tr\/de\/haberler\/gundem\/ekrem-imamogluna-yeni-sorusturma\/","title":{"rendered":"Ekrem \u0130mamo\u011flu\u2019na yeni soru\u015fturma!"},"content":{"rendered":"<p>Silivri&#8217;de tutuklu bulunan \u0130stanbul B\u00fcy\u00fck\u015fehir (\u0130BB) Ba\u015fkan\u0131 ve CHP\u2019nin cumhurba\u015fkan\u0131n aday\u0131 Ekrem \u0130mamo\u011flu hakk\u0131nda \u0130stanbul Ba\u015fsavc\u0131l\u0131\u011f\u0131 yeni bir soru\u015fturma ba\u015flatt\u0131.<\/p>\n<p>\u0130MAMO\u011eLU\u2019NA YEN\u0130 SORU\u015eTURMA <\/p>\n<p>\u0130BB\u2019y y\u00f6nelik yolsuzluk soru\u015fturmas\u0131 kapsam\u0131nda tutuklanarak ba\u015fkanl\u0131k g\u00f6revinden uzakla\u015ft\u0131r\u0131lan Ekrem \u0130mamo\u011flu hakk\u0131nda, &#8220;kamu g\u00f6revlisine hakaret&#8221; su\u00e7undan soru\u015fturma ba\u015flat\u0131ld\u0131. \u0130stanbul Cumhuriyet Ba\u015fsavc\u0131l\u0131\u011f\u0131, \u0130mamo\u011flu&#8217;nun, &#8220;silahl\u0131 ter\u00f6r \u00f6rg\u00fct\u00fcne yard\u0131m etme&#8221; su\u00e7undan al\u0131nan ifadesinde, yarg\u0131 g\u00f6revlilerine hakaret i\u00e7erikli beyanlar oldu\u011funu tespit etti. Ba\u015fsavc\u0131l\u0131k, Ekrem \u0130mamo\u011flu hakk\u0131nda &#8220;kamu g\u00f6revlisine hakaret&#8221; su\u00e7undan resen soru\u015fturma ba\u015flatt\u0131.<\/p>\n<p>\u200bSilivri\u2019de tutuklu bulunan \u0130BB Ba\u015fkan\u0131 ve CHP\u2019nin Cumhurba\u015fkan\u0131 Ekrem \u0130mamo\u011flu hakk\u0131nda &#8216;kamu g\u00f6revlisine hakaret&#8217; su\u00e7undan yeni bir soru\u015fturma ba\u015flat\u0131ld\u0131.\u00a0<\/p>\n<p>\u200bHaberin Al\u0131nt\u0131land\u0131\u011f\u0131 Kaynak: www.antalyakorfez.com<\/p>","protected":false},"excerpt":{"rendered":"<p>Silivri&#8217;de tutuklu bulunan \u0130stanbul B\u00fcy\u00fck\u015fehir (\u0130BB) Ba\u015fkan\u0131 ve CHP\u2019nin cumhurba\u015fkan\u0131n aday\u0131 Ekrem \u0130mamo\u011flu hakk\u0131nda \u0130stanbul Ba\u015fsavc\u0131l\u0131\u011f\u0131 yeni bir soru\u015fturma ba\u015flatt\u0131. \u0130MAMO\u011eLU\u2019NA YEN\u0130 SORU\u015eTURMA \u0130BB\u2019y y\u00f6nelik yolsuzluk soru\u015fturmas\u0131 kapsam\u0131nda tutuklanarak ba\u015fkanl\u0131k g\u00f6revinden uzakla\u015ft\u0131r\u0131lan Ekrem \u0130mamo\u011flu hakk\u0131nda, &#8220;kamu g\u00f6revlisine hakaret&#8221; su\u00e7undan soru\u015fturma ba\u015flat\u0131ld\u0131. \u0130stanbul Cumhuriyet Ba\u015fsavc\u0131l\u0131\u011f\u0131, \u0130mamo\u011flu&#8217;nun, &#8220;silahl\u0131 ter\u00f6r \u00f6rg\u00fct\u00fcne yard\u0131m etme&#8221; su\u00e7undan al\u0131nan ifadesinde, yarg\u0131 g\u00f6revlilerine hakaret i\u00e7erikli beyanlar oldu\u011funu tespit etti. Ba\u015fsavc\u0131l\u0131k, Ekrem \u0130mamo\u011flu hakk\u0131nda &#8220;kamu g\u00f6revlisine hakaret&#8221; su\u00e7undan resen soru\u015fturma ba\u015flatt\u0131. \u200bSilivri\u2019de tutuklu bulunan \u0130BB Ba\u015fkan\u0131 ve CHP\u2019nin Cumhurba\u015fkan\u0131 Ekrem \u0130mamo\u011flu hakk\u0131nda &#8216;kamu g\u00f6revlisine hakaret&#8217; su\u00e7undan yeni bir soru\u015fturma ba\u015flat\u0131ld\u0131.\u00a0 \u200bHaberin Al\u0131nt\u0131land\u0131\u011f\u0131 Kaynak: www.antalyakorfez.com<\/p>","protected":false},"author":5,"featured_media":0,"comment_status":"","ping_status":"open","sticky":false,"template":"","format":"standard","meta":{"_acf_changed":false,"footnotes":""},"categories":[24],"tags":[],"class_list":["post-85565","post","type-post","status-publish","format-standard","has-post-thumbnail","hentry","category-gundem"],"acf":[],"yoast_head":"<!-- This site is optimized with the Yoast SEO Premium plugin v26.6 (Yoast SEO v27.1.1) - https:\/\/yoast.com\/product\/yoast-seo-premium-wordpress\/ -->\n<title>Ekrem \u0130mamo\u011flu\u2019na yeni soru\u015fturma! - Av. Deniz Can K\u0131z\u0131l<\/title>\n<meta name=\"robots\" content=\"index, follow, max-snippet:-1, max-image-preview:large, max-video-preview:-1\" \/>\n<link rel=\"canonical\" href=\"http:\/\/denizcankizil.tr\/de\/haberler\/gundem\/ekrem-imamogluna-yeni-sorusturma\/\" \/>\n<meta property=\"og:locale\" content=\"de_DE\" \/>\n<meta property=\"og:type\" content=\"article\" \/>\n<meta property=\"og:title\" content=\"Ekrem \u0130mamo\u011flu\u2019na yeni soru\u015fturma!\" \/>\n<meta property=\"og:description\" content=\"Silivri&#8217;de tutuklu bulunan \u0130stanbul B\u00fcy\u00fck\u015fehir (\u0130BB) Ba\u015fkan\u0131 ve CHP\u2019nin cumhurba\u015fkan\u0131n aday\u0131 Ekrem \u0130mamo\u011flu hakk\u0131nda \u0130stanbul Ba\u015fsavc\u0131l\u0131\u011f\u0131 yeni bir soru\u015fturma ba\u015flatt\u0131. \u0130MAMO\u011eLU\u2019NA YEN\u0130 SORU\u015eTURMA \u0130BB\u2019y y\u00f6nelik yolsuzluk soru\u015fturmas\u0131 kapsam\u0131nda tutuklanarak ba\u015fkanl\u0131k g\u00f6revinden uzakla\u015ft\u0131r\u0131lan Ekrem \u0130mamo\u011flu hakk\u0131nda, &#8220;kamu g\u00f6revlisine hakaret&#8221; su\u00e7undan soru\u015fturma ba\u015flat\u0131ld\u0131. \u0130stanbul Cumhuriyet Ba\u015fsavc\u0131l\u0131\u011f\u0131, \u0130mamo\u011flu&#8217;nun, &#8220;silahl\u0131 ter\u00f6r \u00f6rg\u00fct\u00fcne yard\u0131m etme&#8221; su\u00e7undan al\u0131nan ifadesinde, yarg\u0131 g\u00f6revlilerine hakaret i\u00e7erikli beyanlar oldu\u011funu tespit etti. Ba\u015fsavc\u0131l\u0131k, Ekrem \u0130mamo\u011flu hakk\u0131nda &#8220;kamu g\u00f6revlisine hakaret&#8221; su\u00e7undan resen soru\u015fturma ba\u015flatt\u0131. \u200bSilivri\u2019de tutuklu bulunan \u0130BB Ba\u015fkan\u0131 ve CHP\u2019nin Cumhurba\u015fkan\u0131 Ekrem \u0130mamo\u011flu hakk\u0131nda &#8216;kamu g\u00f6revlisine hakaret&#8217; su\u00e7undan yeni bir soru\u015fturma ba\u015flat\u0131ld\u0131.\u00a0 \u200bHaberin Al\u0131nt\u0131land\u0131\u011f\u0131 Kaynak: www.antalyakorfez.com\" \/>\n<meta property=\"og:url\" content=\"http:\/\/denizcankizil.tr\/de\/haberler\/gundem\/ekrem-imamogluna-yeni-sorusturma\/\" \/>\n<meta property=\"og:site_name\" content=\"Av. Deniz Can K\u0131z\u0131l\" \/>\n<meta property=\"article:published_time\" content=\"2025-05-13T19:41:24+00:00\" \/>\n<meta name=\"author\" content=\"Antalya K\u00f6rfez\" \/>\n<meta name=\"twitter:card\" content=\"summary_large_image\" \/>\n<meta name=\"twitter:label1\" content=\"Verfasst von\" \/>\n\t<meta name=\"twitter:data1\" content=\"Antalya K\u00f6rfez\" \/>\n\t<meta name=\"twitter:label2\" content=\"Gesch\u00e4tzte Lesezeit\" \/>\n\t<meta name=\"twitter:data2\" content=\"1\u00a0Minute\" \/>\n<script type=\"application\/ld+json\" class=\"yoast-schema-graph\">{\"@context\":\"https:\/\/schema.org\",\"@graph\":[{\"@type\":\"Article\",\"@id\":\"http:\/\/denizcankizil.tr\/de\/haberler\/gundem\/ekrem-imamogluna-yeni-sorusturma\/#article\",\"isPartOf\":{\"@id\":\"http:\/\/denizcankizil.tr\/de\/haberler\/gundem\/ekrem-imamogluna-yeni-sorusturma\/\"},\"author\":{\"name\":\"Antalya K\u00f6rfez\",\"@id\":\"https:\/\/denizcankizil.tr\/de\/#\/schema\/person\/e1eb71bb4dd684d46563f0af307e1234\"},\"headline\":\"Ekrem \u0130mamo\u011flu\u2019na yeni soru\u015fturma!\",\"datePublished\":\"2025-05-13T19:41:24+00:00\",\"mainEntityOfPage\":{\"@id\":\"http:\/\/denizcankizil.tr\/de\/haberler\/gundem\/ekrem-imamogluna-yeni-sorusturma\/\"},\"wordCount\":173,\"publisher\":{\"@id\":\"https:\/\/denizcankizil.tr\/de\/#organization\"},\"articleSection\":[\"G\u00fcndem\"],\"inLanguage\":\"de\"},{\"@type\":\"WebPage\",\"@id\":\"http:\/\/denizcankizil.tr\/de\/haberler\/gundem\/ekrem-imamogluna-yeni-sorusturma\/\",\"url\":\"http:\/\/denizcankizil.tr\/de\/haberler\/gundem\/ekrem-imamogluna-yeni-sorusturma\/\",\"name\":\"Ekrem \u0130mamo\u011flu\u2019na yeni soru\u015fturma! - Av. Deniz Can K\u0131z\u0131l\",\"isPartOf\":{\"@id\":\"https:\/\/denizcankizil.tr\/de\/#website\"},\"datePublished\":\"2025-05-13T19:41:24+00:00\",\"breadcrumb\":{\"@id\":\"http:\/\/denizcankizil.tr\/de\/haberler\/gundem\/ekrem-imamogluna-yeni-sorusturma\/#breadcrumb\"},\"inLanguage\":\"de\",\"potentialAction\":[{\"@type\":\"ReadAction\",\"target\":[\"http:\/\/denizcankizil.tr\/de\/haberler\/gundem\/ekrem-imamogluna-yeni-sorusturma\/\"]}]},{\"@type\":\"BreadcrumbList\",\"@id\":\"http:\/\/denizcankizil.tr\/de\/haberler\/gundem\/ekrem-imamogluna-yeni-sorusturma\/#breadcrumb\",\"itemListElement\":[{\"@type\":\"ListItem\",\"position\":1,\"name\":\"Home\",\"item\":\"https:\/\/denizcankizil.tr\/de\/\"},{\"@type\":\"ListItem\",\"position\":2,\"name\":\"Ekrem \u0130mamo\u011flu\u2019na yeni soru\u015fturma!\"}]},{\"@type\":\"WebSite\",\"@id\":\"https:\/\/denizcankizil.tr\/de\/#website\",\"url\":\"https:\/\/denizcankizil.tr\/de\/\",\"name\":\"Av. Deniz Can K\u0131z\u0131l\",\"description\":\"Avukat Deniz Can K\u0131z\u0131l Antalya Barosu\",\"publisher\":{\"@id\":\"https:\/\/denizcankizil.tr\/de\/#organization\"},\"potentialAction\":[{\"@type\":\"SearchAction\",\"target\":{\"@type\":\"EntryPoint\",\"urlTemplate\":\"https:\/\/denizcankizil.tr\/de\/?s={search_term_string}\"},\"query-input\":{\"@type\":\"PropertyValueSpecification\",\"valueRequired\":true,\"valueName\":\"search_term_string\"}}],\"inLanguage\":\"de\"},{\"@type\":\"Organization\",\"@id\":\"https:\/\/denizcankizil.tr\/de\/#organization\",\"name\":\"Av. Deniz Can K\u0131z\u0131l\",\"url\":\"https:\/\/denizcankizil.tr\/de\/\",\"logo\":{\"@type\":\"ImageObject\",\"inLanguage\":\"de\",\"@id\":\"https:\/\/denizcankizil.tr\/de\/#\/schema\/logo\/image\/\",\"url\":\"http:\/\/denizcankizil.tr\/wp-content\/uploads\/2024\/10\/siyah-logo-svg.svg\",\"contentUrl\":\"http:\/\/denizcankizil.tr\/wp-content\/uploads\/2024\/10\/siyah-logo-svg.svg\",\"width\":1080,\"height\":1080,\"caption\":\"Av. Deniz Can K\u0131z\u0131l\"},\"image\":{\"@id\":\"https:\/\/denizcankizil.tr\/de\/#\/schema\/logo\/image\/\"}},{\"@type\":\"Person\",\"@id\":\"https:\/\/denizcankizil.tr\/de\/#\/schema\/person\/e1eb71bb4dd684d46563f0af307e1234\",\"name\":\"Antalya K\u00f6rfez\",\"image\":{\"@type\":\"ImageObject\",\"inLanguage\":\"de\",\"@id\":\"https:\/\/denizcankizil.tr\/de\/#\/schema\/person\/image\/\",\"url\":\"https:\/\/secure.gravatar.com\/avatar\/42b01982558a48a0b501fdcab6a408d3717ea5919095ee2e67b0e521799c5905?s=96&d=mm&r=g\",\"contentUrl\":\"https:\/\/secure.gravatar.com\/avatar\/42b01982558a48a0b501fdcab6a408d3717ea5919095ee2e67b0e521799c5905?s=96&d=mm&r=g\",\"caption\":\"Antalya K\u00f6rfez\"},\"sameAs\":[\"http:\/\/www.antalyakorfez.com\"],\"url\":\"https:\/\/www.antalyakorfez.com\/ekrem-imamogluna-yeni-sorusturma\"}]}<\/script>\n<!-- \/ Yoast SEO Premium plugin. -->","yoast_head_json":{"title":"Ekrem \u0130mamo\u011flu\u2019na yeni soru\u015fturma! - Av. Deniz Can K\u0131z\u0131l","robots":{"index":"index","follow":"follow","max-snippet":"max-snippet:-1","max-image-preview":"max-image-preview:large","max-video-preview":"max-video-preview:-1"},"canonical":"http:\/\/denizcankizil.tr\/de\/haberler\/gundem\/ekrem-imamogluna-yeni-sorusturma\/","og_locale":"de_DE","og_type":"article","og_title":"Ekrem \u0130mamo\u011flu\u2019na yeni soru\u015fturma!","og_description":"Silivri&#8217;de tutuklu bulunan \u0130stanbul B\u00fcy\u00fck\u015fehir (\u0130BB) Ba\u015fkan\u0131 ve CHP\u2019nin cumhurba\u015fkan\u0131n aday\u0131 Ekrem \u0130mamo\u011flu hakk\u0131nda \u0130stanbul Ba\u015fsavc\u0131l\u0131\u011f\u0131 yeni bir soru\u015fturma ba\u015flatt\u0131. \u0130MAMO\u011eLU\u2019NA YEN\u0130 SORU\u015eTURMA \u0130BB\u2019y y\u00f6nelik yolsuzluk soru\u015fturmas\u0131 kapsam\u0131nda tutuklanarak ba\u015fkanl\u0131k g\u00f6revinden uzakla\u015ft\u0131r\u0131lan Ekrem \u0130mamo\u011flu hakk\u0131nda, &#8220;kamu g\u00f6revlisine hakaret&#8221; su\u00e7undan soru\u015fturma ba\u015flat\u0131ld\u0131. \u0130stanbul Cumhuriyet Ba\u015fsavc\u0131l\u0131\u011f\u0131, \u0130mamo\u011flu&#8217;nun, &#8220;silahl\u0131 ter\u00f6r \u00f6rg\u00fct\u00fcne yard\u0131m etme&#8221; su\u00e7undan al\u0131nan ifadesinde, yarg\u0131 g\u00f6revlilerine hakaret i\u00e7erikli beyanlar oldu\u011funu tespit etti. Ba\u015fsavc\u0131l\u0131k, Ekrem \u0130mamo\u011flu hakk\u0131nda &#8220;kamu g\u00f6revlisine hakaret&#8221; su\u00e7undan resen soru\u015fturma ba\u015flatt\u0131. \u200bSilivri\u2019de tutuklu bulunan \u0130BB Ba\u015fkan\u0131 ve CHP\u2019nin Cumhurba\u015fkan\u0131 Ekrem \u0130mamo\u011flu hakk\u0131nda &#8216;kamu g\u00f6revlisine hakaret&#8217; su\u00e7undan yeni bir soru\u015fturma ba\u015flat\u0131ld\u0131.\u00a0 \u200bHaberin Al\u0131nt\u0131land\u0131\u011f\u0131 Kaynak: www.antalyakorfez.com","og_url":"http:\/\/denizcankizil.tr\/de\/haberler\/gundem\/ekrem-imamogluna-yeni-sorusturma\/","og_site_name":"Av. Deniz Can K\u0131z\u0131l","article_published_time":"2025-05-13T19:41:24+00:00","author":"Antalya K\u00f6rfez","twitter_card":"summary_large_image","twitter_misc":{"Verfasst von":"Antalya K\u00f6rfez","Gesch\u00e4tzte Lesezeit":"1\u00a0Minute"},"schema":{"@context":"https:\/\/schema.org","@graph":[{"@type":"Article","@id":"http:\/\/denizcankizil.tr\/de\/haberler\/gundem\/ekrem-imamogluna-yeni-sorusturma\/#article","isPartOf":{"@id":"http:\/\/denizcankizil.tr\/de\/haberler\/gundem\/ekrem-imamogluna-yeni-sorusturma\/"},"author":{"name":"Antalya K\u00f6rfez","@id":"https:\/\/denizcankizil.tr\/de\/#\/schema\/person\/e1eb71bb4dd684d46563f0af307e1234"},"headline":"Ekrem \u0130mamo\u011flu\u2019na yeni soru\u015fturma!","datePublished":"2025-05-13T19:41:24+00:00","mainEntityOfPage":{"@id":"http:\/\/denizcankizil.tr\/de\/haberler\/gundem\/ekrem-imamogluna-yeni-sorusturma\/"},"wordCount":173,"publisher":{"@id":"https:\/\/denizcankizil.tr\/de\/#organization"},"articleSection":["G\u00fcndem"],"inLanguage":"de"},{"@type":"WebPage","@id":"http:\/\/denizcankizil.tr\/de\/haberler\/gundem\/ekrem-imamogluna-yeni-sorusturma\/","url":"http:\/\/denizcankizil.tr\/de\/haberler\/gundem\/ekrem-imamogluna-yeni-sorusturma\/","name":"Ekrem \u0130mamo\u011flu\u2019na yeni soru\u015fturma! - Av. Deniz Can K\u0131z\u0131l","isPartOf":{"@id":"https:\/\/denizcankizil.tr\/de\/#website"},"datePublished":"2025-05-13T19:41:24+00:00","breadcrumb":{"@id":"http:\/\/denizcankizil.tr\/de\/haberler\/gundem\/ekrem-imamogluna-yeni-sorusturma\/#breadcrumb"},"inLanguage":"de","potentialAction":[{"@type":"ReadAction","target":["http:\/\/denizcankizil.tr\/de\/haberler\/gundem\/ekrem-imamogluna-yeni-sorusturma\/"]}]},{"@type":"BreadcrumbList","@id":"http:\/\/denizcankizil.tr\/de\/haberler\/gundem\/ekrem-imamogluna-yeni-sorusturma\/#breadcrumb","itemListElement":[{"@type":"ListItem","position":1,"name":"Home","item":"https:\/\/denizcankizil.tr\/de\/"},{"@type":"ListItem","position":2,"name":"Ekrem \u0130mamo\u011flu\u2019na yeni soru\u015fturma!"}]},{"@type":"WebSite","@id":"https:\/\/denizcankizil.tr\/de\/#website","url":"https:\/\/denizcankizil.tr\/de\/","name":"Av. Deniz Can K\u0131z\u0131l","description":"Avukat Deniz Can K\u0131z\u0131l Antalya Barosu","publisher":{"@id":"https:\/\/denizcankizil.tr\/de\/#organization"},"potentialAction":[{"@type":"SearchAction","target":{"@type":"EntryPoint","urlTemplate":"https:\/\/denizcankizil.tr\/de\/?s={search_term_string}"},"query-input":{"@type":"PropertyValueSpecification","valueRequired":true,"valueName":"search_term_string"}}],"inLanguage":"de"},{"@type":"Organization","@id":"https:\/\/denizcankizil.tr\/de\/#organization","name":"Av. Deniz Can K\u0131z\u0131l","url":"https:\/\/denizcankizil.tr\/de\/","logo":{"@type":"ImageObject","inLanguage":"de","@id":"https:\/\/denizcankizil.tr\/de\/#\/schema\/logo\/image\/","url":"http:\/\/denizcankizil.tr\/wp-content\/uploads\/2024\/10\/siyah-logo-svg.svg","contentUrl":"http:\/\/denizcankizil.tr\/wp-content\/uploads\/2024\/10\/siyah-logo-svg.svg","width":1080,"height":1080,"caption":"Av. Deniz Can K\u0131z\u0131l"},"image":{"@id":"https:\/\/denizcankizil.tr\/de\/#\/schema\/logo\/image\/"}},{"@type":"Person","@id":"https:\/\/denizcankizil.tr\/de\/#\/schema\/person\/e1eb71bb4dd684d46563f0af307e1234","name":"Antalya K\u00f6rfez","image":{"@type":"ImageObject","inLanguage":"de","@id":"https:\/\/denizcankizil.tr\/de\/#\/schema\/person\/image\/","url":"https:\/\/secure.gravatar.com\/avatar\/42b01982558a48a0b501fdcab6a408d3717ea5919095ee2e67b0e521799c5905?s=96&d=mm&r=g","contentUrl":"https:\/\/secure.gravatar.com\/avatar\/42b01982558a48a0b501fdcab6a408d3717ea5919095ee2e67b0e521799c5905?s=96&d=mm&r=g","caption":"Antalya K\u00f6rfez"},"sameAs":["http:\/\/www.antalyakorfez.com"],"url":"https:\/\/www.antalyakorfez.com\/ekrem-imamogluna-yeni-sorusturma"}]}},"_links":{"self":[{"href":"http:\/\/denizcankizil.tr\/de\/wp-json\/wp\/v2\/posts\/85565","targetHints":{"allow":["GET"]}}],"collection":[{"href":"http:\/\/denizcankizil.tr\/de\/wp-json\/wp\/v2\/posts"}],"about":[{"href":"http:\/\/denizcankizil.tr\/de\/wp-json\/wp\/v2\/types\/post"}],"author":[{"embeddable":true,"href":"http:\/\/denizcankizil.tr\/de\/wp-json\/wp\/v2\/users\/5"}],"replies":[{"embeddable":true,"href":"http:\/\/denizcankizil.tr\/de\/wp-json\/wp\/v2\/comments?post=85565"}],"version-history":[{"count":0,"href":"http:\/\/denizcankizil.tr\/de\/wp-json\/wp\/v2\/posts\/85565\/revisions"}],"wp:attachment":[{"href":"http:\/\/denizcankizil.tr\/de\/wp-json\/wp\/v2\/media?parent=85565"}],"wp:term":[{"taxonomy":"category","embeddable":true,"href":"http:\/\/denizcankizil.tr\/de\/wp-json\/wp\/v2\/categories?post=85565"},{"taxonomy":"post_tag","embeddable":true,"href":"http:\/\/denizcankizil.tr\/de\/wp-json\/wp\/v2\/tags?post=85565"}],"curies":[{"name":"wp","href":"https:\/\/api.w.org\/{rel}","templated":true}]}}