{"id":82102,"date":"2025-05-10T12:41:15","date_gmt":"2025-05-10T09:41:15","guid":{"rendered":"https:\/\/denizcankizil.tr\/uncategorized-tr\/antalyada-gazeteci-celal-vecel-yasamini-yitirdi\/"},"modified":"2025-05-10T12:41:15","modified_gmt":"2025-05-10T09:41:15","slug":"antalyada-gazeteci-celal-vecel-yasamini-yitirdi","status":"publish","type":"post","link":"http:\/\/denizcankizil.tr\/de\/haberler\/gundem\/antalyada-gazeteci-celal-vecel-yasamini-yitirdi\/","title":{"rendered":"Antalya\u2019da gazeteci Celal Vecel ya\u015fam\u0131n\u0131 yitirdi"},"content":{"rendered":"<p>Ge\u00e7en ay hayat\u0131n\u0131 kaybeden gazeteci Kubilay Eldermirci&#8217;nin (56) ard\u0131ndan Celal Vecel (64)&#8217;in vefat\u0131 Antalya bas\u0131n camias\u0131n\u0131 bir kez daha yasa bo\u011fdu. Pankreas kanseriyle m\u00fccadele eden, Antalya bas\u0131n\u0131n\u0131n bilinen isimlerinden Celal Vecel, bu sabaha kar\u015f\u0131 tedavi g\u00f6rd\u00fc\u011f\u00fc hastanede ya\u015fam\u0131n\u0131 yitirdi.<\/p>\n<p>ANTALYA BASINI YASA B\u00dcR\u00dcND\u00dc<\/p>\n<p>Hastal\u0131\u011f\u0131n\u0131n d\u00f6rd\u00fcnc\u00fc evresinde oldu\u011funu bilinen Vecel&#8217;in \u00f6l\u00fcm\u00fc, ge\u00e7en ay ya\u015fam\u0131n\u0131 yitiren Kubilay Eldemirci&#8217;nin ard\u0131ndan Antalya bas\u0131n\u0131n\u0131 tekrar yasa b\u00fcr\u00fcd\u00fc. Celal Vecel&#8217;in cenazesi bug\u00fcn \u00f6\u011fle namaz\u0131na m\u00fcteakip Uncal\u0131 Mezarl\u0131\u011f\u0131&#8217;nda k\u0131l\u0131nacak namaz\u0131n ard\u0131ndan A\u015fa\u011f\u0131 Karaman Mahallesi mezarl\u0131\u011f\u0131nda defnedilecek.<\/p>\n<p>CELAL VECEL HAKKINDA\u2026<\/p>\n<p>Bitlis&#8217;in Tatvan il\u00e7esinde d\u00fcnyaya gelen Celal Vecel, Mimar Sinan \u00dcniversitesi G\u00fczel Sanatlar Fak\u00fcltesi Sinema-TV b\u00f6l\u00fcm\u00fcnde e\u011fitim ald\u0131ktan sonra 1993 y\u0131l\u0131nda reklam \u015firketini, 1995 y\u0131l\u0131nda da prod\u00fcksiyon \u015firketini kurdu. Celal Vecel, 1993 y\u0131l\u0131ndan itibaren Antalya Alt\u0131n Portakal Film Festivali&#8217;nin ar\u015fiv kay\u0131tlar\u0131n\u0131 tutmaya ba\u015flad\u0131.<\/p>\n<p>\u200bAntalya Gazeteciler Cemiyeti \u00fcyesi, deneyimli gazeteci Celal Vecel, pankreas kanseri nedeniyle 64 ya\u015f\u0131nda hayat\u0131n\u0131 kaybetti. Vecel\u2019in \u00f6l\u00fcm\u00fc Antalya bas\u0131n\u0131nda derin \u00fcz\u00fcnt\u00fcye yol a\u00e7t\u0131. Vecel\u2019in cenazesi bug\u00fcn \u00f6\u011fle namaz\u0131na m\u00fcteakip k\u0131l\u0131nacak cenaze namaz\u0131n\u0131n ard\u0131ndan defnedilecek.\u00a0<\/p>\n<p>\u200bHaberin Al\u0131nt\u0131land\u0131\u011f\u0131 Kaynak: www.antalyakorfez.com<\/p>","protected":false},"excerpt":{"rendered":"<p>Ge\u00e7en ay hayat\u0131n\u0131 kaybeden gazeteci Kubilay Eldermirci&#8217;nin (56) ard\u0131ndan Celal Vecel (64)&#8217;in vefat\u0131 Antalya bas\u0131n camias\u0131n\u0131 bir kez daha yasa bo\u011fdu. Pankreas kanseriyle m\u00fccadele eden, Antalya bas\u0131n\u0131n\u0131n bilinen isimlerinden Celal Vecel, bu sabaha kar\u015f\u0131 tedavi g\u00f6rd\u00fc\u011f\u00fc hastanede ya\u015fam\u0131n\u0131 yitirdi. ANTALYA BASINI YASA B\u00dcR\u00dcND\u00dc Hastal\u0131\u011f\u0131n\u0131n d\u00f6rd\u00fcnc\u00fc evresinde oldu\u011funu bilinen Vecel&#8217;in \u00f6l\u00fcm\u00fc, ge\u00e7en ay ya\u015fam\u0131n\u0131 yitiren Kubilay Eldemirci&#8217;nin ard\u0131ndan Antalya bas\u0131n\u0131n\u0131 tekrar yasa b\u00fcr\u00fcd\u00fc. Celal Vecel&#8217;in cenazesi bug\u00fcn \u00f6\u011fle namaz\u0131na m\u00fcteakip Uncal\u0131 Mezarl\u0131\u011f\u0131&#8217;nda k\u0131l\u0131nacak namaz\u0131n ard\u0131ndan A\u015fa\u011f\u0131 Karaman Mahallesi mezarl\u0131\u011f\u0131nda defnedilecek. CELAL VECEL HAKKINDA\u2026 Bitlis&#8217;in Tatvan il\u00e7esinde d\u00fcnyaya gelen Celal Vecel, Mimar Sinan \u00dcniversitesi G\u00fczel Sanatlar Fak\u00fcltesi Sinema-TV b\u00f6l\u00fcm\u00fcnde e\u011fitim ald\u0131ktan sonra 1993 y\u0131l\u0131nda reklam \u015firketini, 1995 y\u0131l\u0131nda da prod\u00fcksiyon \u015firketini kurdu. Celal Vecel, 1993 y\u0131l\u0131ndan itibaren Antalya Alt\u0131n Portakal Film Festivali&#8217;nin ar\u015fiv kay\u0131tlar\u0131n\u0131 tutmaya ba\u015flad\u0131. \u200bAntalya Gazeteciler Cemiyeti \u00fcyesi, deneyimli gazeteci Celal Vecel, pankreas kanseri nedeniyle 64 ya\u015f\u0131nda hayat\u0131n\u0131 kaybetti. Vecel\u2019in \u00f6l\u00fcm\u00fc Antalya bas\u0131n\u0131nda derin \u00fcz\u00fcnt\u00fcye yol a\u00e7t\u0131. Vecel\u2019in cenazesi bug\u00fcn \u00f6\u011fle namaz\u0131na m\u00fcteakip k\u0131l\u0131nacak cenaze namaz\u0131n\u0131n ard\u0131ndan defnedilecek.\u00a0 \u200bHaberin Al\u0131nt\u0131land\u0131\u011f\u0131 Kaynak: www.antalyakorfez.com<\/p>","protected":false},"author":5,"featured_media":0,"comment_status":"","ping_status":"open","sticky":false,"template":"","format":"standard","meta":{"_acf_changed":false,"footnotes":""},"categories":[24],"tags":[],"class_list":["post-82102","post","type-post","status-publish","format-standard","has-post-thumbnail","hentry","category-gundem"],"acf":[],"yoast_head":"<!-- This site is optimized with the Yoast SEO Premium plugin v26.6 (Yoast SEO v27.1.1) - https:\/\/yoast.com\/product\/yoast-seo-premium-wordpress\/ -->\n<title>Antalya\u2019da gazeteci Celal Vecel ya\u015fam\u0131n\u0131 yitirdi - Av. Deniz Can K\u0131z\u0131l<\/title>\n<meta name=\"robots\" content=\"index, follow, max-snippet:-1, max-image-preview:large, max-video-preview:-1\" \/>\n<link rel=\"canonical\" href=\"http:\/\/denizcankizil.tr\/de\/haberler\/gundem\/antalyada-gazeteci-celal-vecel-yasamini-yitirdi\/\" \/>\n<meta property=\"og:locale\" content=\"de_DE\" \/>\n<meta property=\"og:type\" content=\"article\" \/>\n<meta property=\"og:title\" content=\"Antalya\u2019da gazeteci Celal Vecel ya\u015fam\u0131n\u0131 yitirdi\" \/>\n<meta property=\"og:description\" content=\"Ge\u00e7en ay hayat\u0131n\u0131 kaybeden gazeteci Kubilay Eldermirci&#8217;nin (56) ard\u0131ndan Celal Vecel (64)&#8217;in vefat\u0131 Antalya bas\u0131n camias\u0131n\u0131 bir kez daha yasa bo\u011fdu. Pankreas kanseriyle m\u00fccadele eden, Antalya bas\u0131n\u0131n\u0131n bilinen isimlerinden Celal Vecel, bu sabaha kar\u015f\u0131 tedavi g\u00f6rd\u00fc\u011f\u00fc hastanede ya\u015fam\u0131n\u0131 yitirdi. ANTALYA BASINI YASA B\u00dcR\u00dcND\u00dc Hastal\u0131\u011f\u0131n\u0131n d\u00f6rd\u00fcnc\u00fc evresinde oldu\u011funu bilinen Vecel&#8217;in \u00f6l\u00fcm\u00fc, ge\u00e7en ay ya\u015fam\u0131n\u0131 yitiren Kubilay Eldemirci&#8217;nin ard\u0131ndan Antalya bas\u0131n\u0131n\u0131 tekrar yasa b\u00fcr\u00fcd\u00fc. Celal Vecel&#8217;in cenazesi bug\u00fcn \u00f6\u011fle namaz\u0131na m\u00fcteakip Uncal\u0131 Mezarl\u0131\u011f\u0131&#8217;nda k\u0131l\u0131nacak namaz\u0131n ard\u0131ndan A\u015fa\u011f\u0131 Karaman Mahallesi mezarl\u0131\u011f\u0131nda defnedilecek. CELAL VECEL HAKKINDA\u2026 Bitlis&#8217;in Tatvan il\u00e7esinde d\u00fcnyaya gelen Celal Vecel, Mimar Sinan \u00dcniversitesi G\u00fczel Sanatlar Fak\u00fcltesi Sinema-TV b\u00f6l\u00fcm\u00fcnde e\u011fitim ald\u0131ktan sonra 1993 y\u0131l\u0131nda reklam \u015firketini, 1995 y\u0131l\u0131nda da prod\u00fcksiyon \u015firketini kurdu. Celal Vecel, 1993 y\u0131l\u0131ndan itibaren Antalya Alt\u0131n Portakal Film Festivali&#8217;nin ar\u015fiv kay\u0131tlar\u0131n\u0131 tutmaya ba\u015flad\u0131. \u200bAntalya Gazeteciler Cemiyeti \u00fcyesi, deneyimli gazeteci Celal Vecel, pankreas kanseri nedeniyle 64 ya\u015f\u0131nda hayat\u0131n\u0131 kaybetti. Vecel\u2019in \u00f6l\u00fcm\u00fc Antalya bas\u0131n\u0131nda derin \u00fcz\u00fcnt\u00fcye yol a\u00e7t\u0131. Vecel\u2019in cenazesi bug\u00fcn \u00f6\u011fle namaz\u0131na m\u00fcteakip k\u0131l\u0131nacak cenaze namaz\u0131n\u0131n ard\u0131ndan defnedilecek.\u00a0 \u200bHaberin Al\u0131nt\u0131land\u0131\u011f\u0131 Kaynak: www.antalyakorfez.com\" \/>\n<meta property=\"og:url\" content=\"http:\/\/denizcankizil.tr\/de\/haberler\/gundem\/antalyada-gazeteci-celal-vecel-yasamini-yitirdi\/\" \/>\n<meta property=\"og:site_name\" content=\"Av. Deniz Can K\u0131z\u0131l\" \/>\n<meta property=\"article:published_time\" content=\"2025-05-10T09:41:15+00:00\" \/>\n<meta name=\"author\" content=\"Antalya K\u00f6rfez\" \/>\n<meta name=\"twitter:card\" content=\"summary_large_image\" \/>\n<meta name=\"twitter:label1\" content=\"Verfasst von\" \/>\n\t<meta name=\"twitter:data1\" content=\"Antalya K\u00f6rfez\" \/>\n\t<meta name=\"twitter:label2\" content=\"Gesch\u00e4tzte Lesezeit\" \/>\n\t<meta name=\"twitter:data2\" content=\"1\u00a0Minute\" \/>\n<script type=\"application\/ld+json\" class=\"yoast-schema-graph\">{\"@context\":\"https:\/\/schema.org\",\"@graph\":[{\"@type\":\"Article\",\"@id\":\"http:\/\/denizcankizil.tr\/de\/haberler\/gundem\/antalyada-gazeteci-celal-vecel-yasamini-yitirdi\/#article\",\"isPartOf\":{\"@id\":\"http:\/\/denizcankizil.tr\/de\/haberler\/gundem\/antalyada-gazeteci-celal-vecel-yasamini-yitirdi\/\"},\"author\":{\"name\":\"Antalya K\u00f6rfez\",\"@id\":\"https:\/\/denizcankizil.tr\/de\/#\/schema\/person\/e1eb71bb4dd684d46563f0af307e1234\"},\"headline\":\"Antalya\u2019da gazeteci Celal Vecel ya\u015fam\u0131n\u0131 yitirdi\",\"datePublished\":\"2025-05-10T09:41:15+00:00\",\"mainEntityOfPage\":{\"@id\":\"http:\/\/denizcankizil.tr\/de\/haberler\/gundem\/antalyada-gazeteci-celal-vecel-yasamini-yitirdi\/\"},\"wordCount\":254,\"publisher\":{\"@id\":\"https:\/\/denizcankizil.tr\/de\/#organization\"},\"articleSection\":[\"G\u00fcndem\"],\"inLanguage\":\"de\"},{\"@type\":\"WebPage\",\"@id\":\"http:\/\/denizcankizil.tr\/de\/haberler\/gundem\/antalyada-gazeteci-celal-vecel-yasamini-yitirdi\/\",\"url\":\"http:\/\/denizcankizil.tr\/de\/haberler\/gundem\/antalyada-gazeteci-celal-vecel-yasamini-yitirdi\/\",\"name\":\"Antalya\u2019da gazeteci Celal Vecel ya\u015fam\u0131n\u0131 yitirdi - Av. Deniz Can K\u0131z\u0131l\",\"isPartOf\":{\"@id\":\"https:\/\/denizcankizil.tr\/de\/#website\"},\"datePublished\":\"2025-05-10T09:41:15+00:00\",\"breadcrumb\":{\"@id\":\"http:\/\/denizcankizil.tr\/de\/haberler\/gundem\/antalyada-gazeteci-celal-vecel-yasamini-yitirdi\/#breadcrumb\"},\"inLanguage\":\"de\",\"potentialAction\":[{\"@type\":\"ReadAction\",\"target\":[\"http:\/\/denizcankizil.tr\/de\/haberler\/gundem\/antalyada-gazeteci-celal-vecel-yasamini-yitirdi\/\"]}]},{\"@type\":\"BreadcrumbList\",\"@id\":\"http:\/\/denizcankizil.tr\/de\/haberler\/gundem\/antalyada-gazeteci-celal-vecel-yasamini-yitirdi\/#breadcrumb\",\"itemListElement\":[{\"@type\":\"ListItem\",\"position\":1,\"name\":\"Home\",\"item\":\"https:\/\/denizcankizil.tr\/de\/\"},{\"@type\":\"ListItem\",\"position\":2,\"name\":\"Antalya\u2019da gazeteci Celal Vecel ya\u015fam\u0131n\u0131 yitirdi\"}]},{\"@type\":\"WebSite\",\"@id\":\"https:\/\/denizcankizil.tr\/de\/#website\",\"url\":\"https:\/\/denizcankizil.tr\/de\/\",\"name\":\"Av. Deniz Can K\u0131z\u0131l\",\"description\":\"Avukat Deniz Can K\u0131z\u0131l Antalya Barosu\",\"publisher\":{\"@id\":\"https:\/\/denizcankizil.tr\/de\/#organization\"},\"potentialAction\":[{\"@type\":\"SearchAction\",\"target\":{\"@type\":\"EntryPoint\",\"urlTemplate\":\"https:\/\/denizcankizil.tr\/de\/?s={search_term_string}\"},\"query-input\":{\"@type\":\"PropertyValueSpecification\",\"valueRequired\":true,\"valueName\":\"search_term_string\"}}],\"inLanguage\":\"de\"},{\"@type\":\"Organization\",\"@id\":\"https:\/\/denizcankizil.tr\/de\/#organization\",\"name\":\"Av. Deniz Can K\u0131z\u0131l\",\"url\":\"https:\/\/denizcankizil.tr\/de\/\",\"logo\":{\"@type\":\"ImageObject\",\"inLanguage\":\"de\",\"@id\":\"https:\/\/denizcankizil.tr\/de\/#\/schema\/logo\/image\/\",\"url\":\"http:\/\/denizcankizil.tr\/wp-content\/uploads\/2024\/10\/siyah-logo-svg.svg\",\"contentUrl\":\"http:\/\/denizcankizil.tr\/wp-content\/uploads\/2024\/10\/siyah-logo-svg.svg\",\"width\":1080,\"height\":1080,\"caption\":\"Av. Deniz Can K\u0131z\u0131l\"},\"image\":{\"@id\":\"https:\/\/denizcankizil.tr\/de\/#\/schema\/logo\/image\/\"}},{\"@type\":\"Person\",\"@id\":\"https:\/\/denizcankizil.tr\/de\/#\/schema\/person\/e1eb71bb4dd684d46563f0af307e1234\",\"name\":\"Antalya K\u00f6rfez\",\"image\":{\"@type\":\"ImageObject\",\"inLanguage\":\"de\",\"@id\":\"https:\/\/denizcankizil.tr\/de\/#\/schema\/person\/image\/\",\"url\":\"https:\/\/secure.gravatar.com\/avatar\/42b01982558a48a0b501fdcab6a408d3717ea5919095ee2e67b0e521799c5905?s=96&d=mm&r=g\",\"contentUrl\":\"https:\/\/secure.gravatar.com\/avatar\/42b01982558a48a0b501fdcab6a408d3717ea5919095ee2e67b0e521799c5905?s=96&d=mm&r=g\",\"caption\":\"Antalya K\u00f6rfez\"},\"sameAs\":[\"http:\/\/www.antalyakorfez.com\"],\"url\":\"https:\/\/www.antalyakorfez.com\/antalyada-gazeteci-celal-vecel-yasamini-yitirdi\"}]}<\/script>\n<!-- \/ Yoast SEO Premium plugin. -->","yoast_head_json":{"title":"Antalya\u2019da gazeteci Celal Vecel ya\u015fam\u0131n\u0131 yitirdi - Av. Deniz Can K\u0131z\u0131l","robots":{"index":"index","follow":"follow","max-snippet":"max-snippet:-1","max-image-preview":"max-image-preview:large","max-video-preview":"max-video-preview:-1"},"canonical":"http:\/\/denizcankizil.tr\/de\/haberler\/gundem\/antalyada-gazeteci-celal-vecel-yasamini-yitirdi\/","og_locale":"de_DE","og_type":"article","og_title":"Antalya\u2019da gazeteci Celal Vecel ya\u015fam\u0131n\u0131 yitirdi","og_description":"Ge\u00e7en ay hayat\u0131n\u0131 kaybeden gazeteci Kubilay Eldermirci&#8217;nin (56) ard\u0131ndan Celal Vecel (64)&#8217;in vefat\u0131 Antalya bas\u0131n camias\u0131n\u0131 bir kez daha yasa bo\u011fdu. Pankreas kanseriyle m\u00fccadele eden, Antalya bas\u0131n\u0131n\u0131n bilinen isimlerinden Celal Vecel, bu sabaha kar\u015f\u0131 tedavi g\u00f6rd\u00fc\u011f\u00fc hastanede ya\u015fam\u0131n\u0131 yitirdi. ANTALYA BASINI YASA B\u00dcR\u00dcND\u00dc Hastal\u0131\u011f\u0131n\u0131n d\u00f6rd\u00fcnc\u00fc evresinde oldu\u011funu bilinen Vecel&#8217;in \u00f6l\u00fcm\u00fc, ge\u00e7en ay ya\u015fam\u0131n\u0131 yitiren Kubilay Eldemirci&#8217;nin ard\u0131ndan Antalya bas\u0131n\u0131n\u0131 tekrar yasa b\u00fcr\u00fcd\u00fc. Celal Vecel&#8217;in cenazesi bug\u00fcn \u00f6\u011fle namaz\u0131na m\u00fcteakip Uncal\u0131 Mezarl\u0131\u011f\u0131&#8217;nda k\u0131l\u0131nacak namaz\u0131n ard\u0131ndan A\u015fa\u011f\u0131 Karaman Mahallesi mezarl\u0131\u011f\u0131nda defnedilecek. CELAL VECEL HAKKINDA\u2026 Bitlis&#8217;in Tatvan il\u00e7esinde d\u00fcnyaya gelen Celal Vecel, Mimar Sinan \u00dcniversitesi G\u00fczel Sanatlar Fak\u00fcltesi Sinema-TV b\u00f6l\u00fcm\u00fcnde e\u011fitim ald\u0131ktan sonra 1993 y\u0131l\u0131nda reklam \u015firketini, 1995 y\u0131l\u0131nda da prod\u00fcksiyon \u015firketini kurdu. Celal Vecel, 1993 y\u0131l\u0131ndan itibaren Antalya Alt\u0131n Portakal Film Festivali&#8217;nin ar\u015fiv kay\u0131tlar\u0131n\u0131 tutmaya ba\u015flad\u0131. \u200bAntalya Gazeteciler Cemiyeti \u00fcyesi, deneyimli gazeteci Celal Vecel, pankreas kanseri nedeniyle 64 ya\u015f\u0131nda hayat\u0131n\u0131 kaybetti. Vecel\u2019in \u00f6l\u00fcm\u00fc Antalya bas\u0131n\u0131nda derin \u00fcz\u00fcnt\u00fcye yol a\u00e7t\u0131. Vecel\u2019in cenazesi bug\u00fcn \u00f6\u011fle namaz\u0131na m\u00fcteakip k\u0131l\u0131nacak cenaze namaz\u0131n\u0131n ard\u0131ndan defnedilecek.\u00a0 \u200bHaberin Al\u0131nt\u0131land\u0131\u011f\u0131 Kaynak: www.antalyakorfez.com","og_url":"http:\/\/denizcankizil.tr\/de\/haberler\/gundem\/antalyada-gazeteci-celal-vecel-yasamini-yitirdi\/","og_site_name":"Av. Deniz Can K\u0131z\u0131l","article_published_time":"2025-05-10T09:41:15+00:00","author":"Antalya K\u00f6rfez","twitter_card":"summary_large_image","twitter_misc":{"Verfasst von":"Antalya K\u00f6rfez","Gesch\u00e4tzte Lesezeit":"1\u00a0Minute"},"schema":{"@context":"https:\/\/schema.org","@graph":[{"@type":"Article","@id":"http:\/\/denizcankizil.tr\/de\/haberler\/gundem\/antalyada-gazeteci-celal-vecel-yasamini-yitirdi\/#article","isPartOf":{"@id":"http:\/\/denizcankizil.tr\/de\/haberler\/gundem\/antalyada-gazeteci-celal-vecel-yasamini-yitirdi\/"},"author":{"name":"Antalya K\u00f6rfez","@id":"https:\/\/denizcankizil.tr\/de\/#\/schema\/person\/e1eb71bb4dd684d46563f0af307e1234"},"headline":"Antalya\u2019da gazeteci Celal Vecel ya\u015fam\u0131n\u0131 yitirdi","datePublished":"2025-05-10T09:41:15+00:00","mainEntityOfPage":{"@id":"http:\/\/denizcankizil.tr\/de\/haberler\/gundem\/antalyada-gazeteci-celal-vecel-yasamini-yitirdi\/"},"wordCount":254,"publisher":{"@id":"https:\/\/denizcankizil.tr\/de\/#organization"},"articleSection":["G\u00fcndem"],"inLanguage":"de"},{"@type":"WebPage","@id":"http:\/\/denizcankizil.tr\/de\/haberler\/gundem\/antalyada-gazeteci-celal-vecel-yasamini-yitirdi\/","url":"http:\/\/denizcankizil.tr\/de\/haberler\/gundem\/antalyada-gazeteci-celal-vecel-yasamini-yitirdi\/","name":"Antalya\u2019da gazeteci Celal Vecel ya\u015fam\u0131n\u0131 yitirdi - Av. Deniz Can K\u0131z\u0131l","isPartOf":{"@id":"https:\/\/denizcankizil.tr\/de\/#website"},"datePublished":"2025-05-10T09:41:15+00:00","breadcrumb":{"@id":"http:\/\/denizcankizil.tr\/de\/haberler\/gundem\/antalyada-gazeteci-celal-vecel-yasamini-yitirdi\/#breadcrumb"},"inLanguage":"de","potentialAction":[{"@type":"ReadAction","target":["http:\/\/denizcankizil.tr\/de\/haberler\/gundem\/antalyada-gazeteci-celal-vecel-yasamini-yitirdi\/"]}]},{"@type":"BreadcrumbList","@id":"http:\/\/denizcankizil.tr\/de\/haberler\/gundem\/antalyada-gazeteci-celal-vecel-yasamini-yitirdi\/#breadcrumb","itemListElement":[{"@type":"ListItem","position":1,"name":"Home","item":"https:\/\/denizcankizil.tr\/de\/"},{"@type":"ListItem","position":2,"name":"Antalya\u2019da gazeteci Celal Vecel ya\u015fam\u0131n\u0131 yitirdi"}]},{"@type":"WebSite","@id":"https:\/\/denizcankizil.tr\/de\/#website","url":"https:\/\/denizcankizil.tr\/de\/","name":"Av. Deniz Can K\u0131z\u0131l","description":"Avukat Deniz Can K\u0131z\u0131l Antalya Barosu","publisher":{"@id":"https:\/\/denizcankizil.tr\/de\/#organization"},"potentialAction":[{"@type":"SearchAction","target":{"@type":"EntryPoint","urlTemplate":"https:\/\/denizcankizil.tr\/de\/?s={search_term_string}"},"query-input":{"@type":"PropertyValueSpecification","valueRequired":true,"valueName":"search_term_string"}}],"inLanguage":"de"},{"@type":"Organization","@id":"https:\/\/denizcankizil.tr\/de\/#organization","name":"Av. Deniz Can K\u0131z\u0131l","url":"https:\/\/denizcankizil.tr\/de\/","logo":{"@type":"ImageObject","inLanguage":"de","@id":"https:\/\/denizcankizil.tr\/de\/#\/schema\/logo\/image\/","url":"http:\/\/denizcankizil.tr\/wp-content\/uploads\/2024\/10\/siyah-logo-svg.svg","contentUrl":"http:\/\/denizcankizil.tr\/wp-content\/uploads\/2024\/10\/siyah-logo-svg.svg","width":1080,"height":1080,"caption":"Av. Deniz Can K\u0131z\u0131l"},"image":{"@id":"https:\/\/denizcankizil.tr\/de\/#\/schema\/logo\/image\/"}},{"@type":"Person","@id":"https:\/\/denizcankizil.tr\/de\/#\/schema\/person\/e1eb71bb4dd684d46563f0af307e1234","name":"Antalya K\u00f6rfez","image":{"@type":"ImageObject","inLanguage":"de","@id":"https:\/\/denizcankizil.tr\/de\/#\/schema\/person\/image\/","url":"https:\/\/secure.gravatar.com\/avatar\/42b01982558a48a0b501fdcab6a408d3717ea5919095ee2e67b0e521799c5905?s=96&d=mm&r=g","contentUrl":"https:\/\/secure.gravatar.com\/avatar\/42b01982558a48a0b501fdcab6a408d3717ea5919095ee2e67b0e521799c5905?s=96&d=mm&r=g","caption":"Antalya K\u00f6rfez"},"sameAs":["http:\/\/www.antalyakorfez.com"],"url":"https:\/\/www.antalyakorfez.com\/antalyada-gazeteci-celal-vecel-yasamini-yitirdi"}]}},"_links":{"self":[{"href":"http:\/\/denizcankizil.tr\/de\/wp-json\/wp\/v2\/posts\/82102","targetHints":{"allow":["GET"]}}],"collection":[{"href":"http:\/\/denizcankizil.tr\/de\/wp-json\/wp\/v2\/posts"}],"about":[{"href":"http:\/\/denizcankizil.tr\/de\/wp-json\/wp\/v2\/types\/post"}],"author":[{"embeddable":true,"href":"http:\/\/denizcankizil.tr\/de\/wp-json\/wp\/v2\/users\/5"}],"replies":[{"embeddable":true,"href":"http:\/\/denizcankizil.tr\/de\/wp-json\/wp\/v2\/comments?post=82102"}],"version-history":[{"count":0,"href":"http:\/\/denizcankizil.tr\/de\/wp-json\/wp\/v2\/posts\/82102\/revisions"}],"wp:attachment":[{"href":"http:\/\/denizcankizil.tr\/de\/wp-json\/wp\/v2\/media?parent=82102"}],"wp:term":[{"taxonomy":"category","embeddable":true,"href":"http:\/\/denizcankizil.tr\/de\/wp-json\/wp\/v2\/categories?post=82102"},{"taxonomy":"post_tag","embeddable":true,"href":"http:\/\/denizcankizil.tr\/de\/wp-json\/wp\/v2\/tags?post=82102"}],"curies":[{"name":"wp","href":"https:\/\/api.w.org\/{rel}","templated":true}]}}