{"id":8016,"date":"2024-10-25T15:42:23","date_gmt":"2024-10-25T12:42:23","guid":{"rendered":"https:\/\/denizcankizil.tr\/uncategorized-tr\/cumartesi-gunu-geliyor\/"},"modified":"2024-10-25T15:42:23","modified_gmt":"2024-10-25T12:42:23","slug":"cumartesi-gunu-geliyor","status":"publish","type":"post","link":"http:\/\/denizcankizil.tr\/de\/haberler\/gundem\/cumartesi-gunu-geliyor\/","title":{"rendered":"Kommt am Samstag"},"content":{"rendered":"<p>Cumartesi g\u00fcn\u00fc saat 12,00 da G\u00fclderen TOK\u0130 konutlar\u0131nda vatanda\u015flarla bulu\u015facak Cumhurba\u015fkan\u0131 Erdo\u011fan\u2019\u0131n program\u0131 kapsam\u0131nda, deprem sonras\u0131 y\u00fcr\u00fct\u00fclen yeniden in\u015fa \u00e7al\u0131\u015fmalar\u0131 ve sosyal projelerin durumunu de\u011ferlendirmesi, yerel y\u00f6neticilerle bir araya gelmesi, halkla sohbet etmesi ve \u00e7e\u015fitli projelerin tan\u0131t\u0131m\u0131n\u0131n yapmas\u0131n\u0131n planland\u0131\u011f\u0131 ifade edildi.<\/p>\n<p>\u200bCumhurba\u015fkan\u0131 Recep Tayyip Erdo\u011fan, \u00e7e\u015fitli inceleme ve temaslarda bulunmak \u00fczere 26 Ekim Cumartesi g\u00fcn\u00fc Hatay\u2019\u0131 ziyaret edecek.\u00a0<\/p>\n<p>\u200bHaberin Al\u0131nt\u0131land\u0131\u011f\u0131 Kaynak: www.iskenderun.org<\/p>","protected":false},"excerpt":{"rendered":"<p>Cumartesi g\u00fcn\u00fc saat 12,00 da G\u00fclderen TOK\u0130 konutlar\u0131nda vatanda\u015flarla bulu\u015facak Cumhurba\u015fkan\u0131 Erdo\u011fan\u2019\u0131n program\u0131 kapsam\u0131nda, deprem sonras\u0131 y\u00fcr\u00fct\u00fclen yeniden in\u015fa \u00e7al\u0131\u015fmalar\u0131 ve sosyal projelerin durumunu de\u011ferlendirmesi, yerel y\u00f6neticilerle bir araya gelmesi, halkla sohbet etmesi ve \u00e7e\u015fitli projelerin tan\u0131t\u0131m\u0131n\u0131n yapmas\u0131n\u0131n planland\u0131\u011f\u0131 ifade edildi. \u200bCumhurba\u015fkan\u0131 Recep Tayyip Erdo\u011fan, \u00e7e\u015fitli inceleme ve temaslarda bulunmak \u00fczere 26 Ekim Cumartesi g\u00fcn\u00fc Hatay\u2019\u0131 ziyaret edecek.\u00a0 \u200bHaberin Al\u0131nt\u0131land\u0131\u011f\u0131 Kaynak: www.iskenderun.org<\/p>","protected":false},"author":0,"featured_media":0,"comment_status":"open","ping_status":"open","sticky":false,"template":"","format":"standard","meta":{"_acf_changed":false,"footnotes":""},"categories":[24,535],"tags":[],"class_list":["post-8016","post","type-post","status-publish","format-standard","has-post-thumbnail","hentry","category-gundem","category-uncategorized-tr"],"acf":[],"yoast_head":"<!-- This site is optimized with the Yoast SEO Premium plugin v26.6 (Yoast SEO v27.1.1) - https:\/\/yoast.com\/product\/yoast-seo-premium-wordpress\/ -->\n<title>Cumartesi G\u00fcn\u00fc Geliyor - Av. Deniz Can K\u0131z\u0131l<\/title>\n<meta name=\"robots\" content=\"index, follow, max-snippet:-1, max-image-preview:large, max-video-preview:-1\" \/>\n<link rel=\"canonical\" href=\"http:\/\/denizcankizil.tr\/de\/haberler\/gundem\/cumartesi-gunu-geliyor\/\" \/>\n<meta property=\"og:locale\" content=\"de_DE\" \/>\n<meta property=\"og:type\" content=\"article\" \/>\n<meta property=\"og:title\" content=\"Cumartesi G\u00fcn\u00fc Geliyor\" \/>\n<meta property=\"og:description\" content=\"Cumartesi g\u00fcn\u00fc saat 12,00 da G\u00fclderen TOK\u0130 konutlar\u0131nda vatanda\u015flarla bulu\u015facak Cumhurba\u015fkan\u0131 Erdo\u011fan\u2019\u0131n program\u0131 kapsam\u0131nda, deprem sonras\u0131 y\u00fcr\u00fct\u00fclen yeniden in\u015fa \u00e7al\u0131\u015fmalar\u0131 ve sosyal projelerin durumunu de\u011ferlendirmesi, yerel y\u00f6neticilerle bir araya gelmesi, halkla sohbet etmesi ve \u00e7e\u015fitli projelerin tan\u0131t\u0131m\u0131n\u0131n yapmas\u0131n\u0131n planland\u0131\u011f\u0131 ifade edildi. \u200bCumhurba\u015fkan\u0131 Recep Tayyip Erdo\u011fan, \u00e7e\u015fitli inceleme ve temaslarda bulunmak \u00fczere 26 Ekim Cumartesi g\u00fcn\u00fc Hatay\u2019\u0131 ziyaret edecek.\u00a0 \u200bHaberin Al\u0131nt\u0131land\u0131\u011f\u0131 Kaynak: www.iskenderun.org\" \/>\n<meta property=\"og:url\" content=\"http:\/\/denizcankizil.tr\/de\/haberler\/gundem\/cumartesi-gunu-geliyor\/\" \/>\n<meta property=\"og:site_name\" content=\"Av. Deniz Can K\u0131z\u0131l\" \/>\n<meta property=\"article:published_time\" content=\"2024-10-25T12:42:23+00:00\" \/>\n<meta name=\"twitter:card\" content=\"summary_large_image\" \/>\n<script type=\"application\/ld+json\" class=\"yoast-schema-graph\">{\"@context\":\"https:\/\/schema.org\",\"@graph\":[{\"@type\":\"Article\",\"@id\":\"http:\/\/denizcankizil.tr\/de\/haberler\/gundem\/cumartesi-gunu-geliyor\/#article\",\"isPartOf\":{\"@id\":\"http:\/\/denizcankizil.tr\/de\/haberler\/gundem\/cumartesi-gunu-geliyor\/\"},\"author\":{\"name\":\"\",\"@id\":\"\"},\"headline\":\"Cumartesi G\u00fcn\u00fc Geliyor\",\"datePublished\":\"2024-10-25T12:42:23+00:00\",\"mainEntityOfPage\":{\"@id\":\"http:\/\/denizcankizil.tr\/de\/haberler\/gundem\/cumartesi-gunu-geliyor\/\"},\"wordCount\":95,\"commentCount\":0,\"publisher\":{\"@id\":\"https:\/\/denizcankizil.tr\/de\/#organization\"},\"articleSection\":[\"G\u00fcndem\",\"Uncategorized\"],\"inLanguage\":\"de\",\"potentialAction\":[{\"@type\":\"CommentAction\",\"name\":\"Comment\",\"target\":[\"http:\/\/denizcankizil.tr\/de\/haberler\/gundem\/cumartesi-gunu-geliyor\/#respond\"]}]},{\"@type\":\"WebPage\",\"@id\":\"http:\/\/denizcankizil.tr\/de\/haberler\/gundem\/cumartesi-gunu-geliyor\/\",\"url\":\"http:\/\/denizcankizil.tr\/de\/haberler\/gundem\/cumartesi-gunu-geliyor\/\",\"name\":\"Cumartesi G\u00fcn\u00fc Geliyor - Av. Deniz Can K\u0131z\u0131l\",\"isPartOf\":{\"@id\":\"https:\/\/denizcankizil.tr\/de\/#website\"},\"datePublished\":\"2024-10-25T12:42:23+00:00\",\"breadcrumb\":{\"@id\":\"http:\/\/denizcankizil.tr\/de\/haberler\/gundem\/cumartesi-gunu-geliyor\/#breadcrumb\"},\"inLanguage\":\"de\",\"potentialAction\":[{\"@type\":\"ReadAction\",\"target\":[\"http:\/\/denizcankizil.tr\/de\/haberler\/gundem\/cumartesi-gunu-geliyor\/\"]}]},{\"@type\":\"BreadcrumbList\",\"@id\":\"http:\/\/denizcankizil.tr\/de\/haberler\/gundem\/cumartesi-gunu-geliyor\/#breadcrumb\",\"itemListElement\":[{\"@type\":\"ListItem\",\"position\":1,\"name\":\"Home\",\"item\":\"https:\/\/denizcankizil.tr\/de\/\"},{\"@type\":\"ListItem\",\"position\":2,\"name\":\"Cumartesi G\u00fcn\u00fc Geliyor\"}]},{\"@type\":\"WebSite\",\"@id\":\"https:\/\/denizcankizil.tr\/de\/#website\",\"url\":\"https:\/\/denizcankizil.tr\/de\/\",\"name\":\"Av. Deniz Can K\u0131z\u0131l\",\"description\":\"Avukat Deniz Can K\u0131z\u0131l Antalya Barosu\",\"publisher\":{\"@id\":\"https:\/\/denizcankizil.tr\/de\/#organization\"},\"potentialAction\":[{\"@type\":\"SearchAction\",\"target\":{\"@type\":\"EntryPoint\",\"urlTemplate\":\"https:\/\/denizcankizil.tr\/de\/?s={search_term_string}\"},\"query-input\":{\"@type\":\"PropertyValueSpecification\",\"valueRequired\":true,\"valueName\":\"search_term_string\"}}],\"inLanguage\":\"de\"},{\"@type\":\"Organization\",\"@id\":\"https:\/\/denizcankizil.tr\/de\/#organization\",\"name\":\"Av. Deniz Can K\u0131z\u0131l\",\"url\":\"https:\/\/denizcankizil.tr\/de\/\",\"logo\":{\"@type\":\"ImageObject\",\"inLanguage\":\"de\",\"@id\":\"https:\/\/denizcankizil.tr\/de\/#\/schema\/logo\/image\/\",\"url\":\"http:\/\/denizcankizil.tr\/wp-content\/uploads\/2024\/10\/siyah-logo-svg.svg\",\"contentUrl\":\"http:\/\/denizcankizil.tr\/wp-content\/uploads\/2024\/10\/siyah-logo-svg.svg\",\"width\":1080,\"height\":1080,\"caption\":\"Av. Deniz Can K\u0131z\u0131l\"},\"image\":{\"@id\":\"https:\/\/denizcankizil.tr\/de\/#\/schema\/logo\/image\/\"}}]}<\/script>\n<!-- \/ Yoast SEO Premium plugin. -->","yoast_head_json":{"title":"Cumartesi G\u00fcn\u00fc Geliyor - Av. Deniz Can K\u0131z\u0131l","robots":{"index":"index","follow":"follow","max-snippet":"max-snippet:-1","max-image-preview":"max-image-preview:large","max-video-preview":"max-video-preview:-1"},"canonical":"http:\/\/denizcankizil.tr\/de\/haberler\/gundem\/cumartesi-gunu-geliyor\/","og_locale":"de_DE","og_type":"article","og_title":"Cumartesi G\u00fcn\u00fc Geliyor","og_description":"Cumartesi g\u00fcn\u00fc saat 12,00 da G\u00fclderen TOK\u0130 konutlar\u0131nda vatanda\u015flarla bulu\u015facak Cumhurba\u015fkan\u0131 Erdo\u011fan\u2019\u0131n program\u0131 kapsam\u0131nda, deprem sonras\u0131 y\u00fcr\u00fct\u00fclen yeniden in\u015fa \u00e7al\u0131\u015fmalar\u0131 ve sosyal projelerin durumunu de\u011ferlendirmesi, yerel y\u00f6neticilerle bir araya gelmesi, halkla sohbet etmesi ve \u00e7e\u015fitli projelerin tan\u0131t\u0131m\u0131n\u0131n yapmas\u0131n\u0131n planland\u0131\u011f\u0131 ifade edildi. \u200bCumhurba\u015fkan\u0131 Recep Tayyip Erdo\u011fan, \u00e7e\u015fitli inceleme ve temaslarda bulunmak \u00fczere 26 Ekim Cumartesi g\u00fcn\u00fc Hatay\u2019\u0131 ziyaret edecek.\u00a0 \u200bHaberin Al\u0131nt\u0131land\u0131\u011f\u0131 Kaynak: www.iskenderun.org","og_url":"http:\/\/denizcankizil.tr\/de\/haberler\/gundem\/cumartesi-gunu-geliyor\/","og_site_name":"Av. Deniz Can K\u0131z\u0131l","article_published_time":"2024-10-25T12:42:23+00:00","twitter_card":"summary_large_image","schema":{"@context":"https:\/\/schema.org","@graph":[{"@type":"Article","@id":"http:\/\/denizcankizil.tr\/de\/haberler\/gundem\/cumartesi-gunu-geliyor\/#article","isPartOf":{"@id":"http:\/\/denizcankizil.tr\/de\/haberler\/gundem\/cumartesi-gunu-geliyor\/"},"author":{"name":"","@id":""},"headline":"Cumartesi G\u00fcn\u00fc Geliyor","datePublished":"2024-10-25T12:42:23+00:00","mainEntityOfPage":{"@id":"http:\/\/denizcankizil.tr\/de\/haberler\/gundem\/cumartesi-gunu-geliyor\/"},"wordCount":95,"commentCount":0,"publisher":{"@id":"https:\/\/denizcankizil.tr\/de\/#organization"},"articleSection":["G\u00fcndem","Uncategorized"],"inLanguage":"de","potentialAction":[{"@type":"CommentAction","name":"Comment","target":["http:\/\/denizcankizil.tr\/de\/haberler\/gundem\/cumartesi-gunu-geliyor\/#respond"]}]},{"@type":"WebPage","@id":"http:\/\/denizcankizil.tr\/de\/haberler\/gundem\/cumartesi-gunu-geliyor\/","url":"http:\/\/denizcankizil.tr\/de\/haberler\/gundem\/cumartesi-gunu-geliyor\/","name":"Cumartesi G\u00fcn\u00fc Geliyor - Av. Deniz Can K\u0131z\u0131l","isPartOf":{"@id":"https:\/\/denizcankizil.tr\/de\/#website"},"datePublished":"2024-10-25T12:42:23+00:00","breadcrumb":{"@id":"http:\/\/denizcankizil.tr\/de\/haberler\/gundem\/cumartesi-gunu-geliyor\/#breadcrumb"},"inLanguage":"de","potentialAction":[{"@type":"ReadAction","target":["http:\/\/denizcankizil.tr\/de\/haberler\/gundem\/cumartesi-gunu-geliyor\/"]}]},{"@type":"BreadcrumbList","@id":"http:\/\/denizcankizil.tr\/de\/haberler\/gundem\/cumartesi-gunu-geliyor\/#breadcrumb","itemListElement":[{"@type":"ListItem","position":1,"name":"Home","item":"https:\/\/denizcankizil.tr\/de\/"},{"@type":"ListItem","position":2,"name":"Cumartesi G\u00fcn\u00fc Geliyor"}]},{"@type":"WebSite","@id":"https:\/\/denizcankizil.tr\/de\/#website","url":"https:\/\/denizcankizil.tr\/de\/","name":"Av. Deniz Can K\u0131z\u0131l","description":"Avukat Deniz Can K\u0131z\u0131l Antalya Barosu","publisher":{"@id":"https:\/\/denizcankizil.tr\/de\/#organization"},"potentialAction":[{"@type":"SearchAction","target":{"@type":"EntryPoint","urlTemplate":"https:\/\/denizcankizil.tr\/de\/?s={search_term_string}"},"query-input":{"@type":"PropertyValueSpecification","valueRequired":true,"valueName":"search_term_string"}}],"inLanguage":"de"},{"@type":"Organization","@id":"https:\/\/denizcankizil.tr\/de\/#organization","name":"Av. Deniz Can K\u0131z\u0131l","url":"https:\/\/denizcankizil.tr\/de\/","logo":{"@type":"ImageObject","inLanguage":"de","@id":"https:\/\/denizcankizil.tr\/de\/#\/schema\/logo\/image\/","url":"http:\/\/denizcankizil.tr\/wp-content\/uploads\/2024\/10\/siyah-logo-svg.svg","contentUrl":"http:\/\/denizcankizil.tr\/wp-content\/uploads\/2024\/10\/siyah-logo-svg.svg","width":1080,"height":1080,"caption":"Av. Deniz Can K\u0131z\u0131l"},"image":{"@id":"https:\/\/denizcankizil.tr\/de\/#\/schema\/logo\/image\/"}}]}},"_links":{"self":[{"href":"http:\/\/denizcankizil.tr\/de\/wp-json\/wp\/v2\/posts\/8016","targetHints":{"allow":["GET"]}}],"collection":[{"href":"http:\/\/denizcankizil.tr\/de\/wp-json\/wp\/v2\/posts"}],"about":[{"href":"http:\/\/denizcankizil.tr\/de\/wp-json\/wp\/v2\/types\/post"}],"replies":[{"embeddable":true,"href":"http:\/\/denizcankizil.tr\/de\/wp-json\/wp\/v2\/comments?post=8016"}],"version-history":[{"count":0,"href":"http:\/\/denizcankizil.tr\/de\/wp-json\/wp\/v2\/posts\/8016\/revisions"}],"wp:attachment":[{"href":"http:\/\/denizcankizil.tr\/de\/wp-json\/wp\/v2\/media?parent=8016"}],"wp:term":[{"taxonomy":"category","embeddable":true,"href":"http:\/\/denizcankizil.tr\/de\/wp-json\/wp\/v2\/categories?post=8016"},{"taxonomy":"post_tag","embeddable":true,"href":"http:\/\/denizcankizil.tr\/de\/wp-json\/wp\/v2\/tags?post=8016"}],"curies":[{"name":"wp","href":"https:\/\/api.w.org\/{rel}","templated":true}]}}