{"id":80019,"date":"2025-05-08T13:43:09","date_gmt":"2025-05-08T10:43:09","guid":{"rendered":"https:\/\/denizcankizil.tr\/uncategorized-tr\/bilecik-jandarmasindan-basarili-operasyon-dolandiricilar-tutuklandi\/"},"modified":"2025-05-08T13:43:09","modified_gmt":"2025-05-08T10:43:09","slug":"bilecik-jandarmasindan-basarili-operasyon-dolandiricilar-tutuklandi","status":"publish","type":"post","link":"http:\/\/denizcankizil.tr\/de\/haberler\/gundem\/bilecik-jandarmasindan-basarili-operasyon-dolandiricilar-tutuklandi\/","title":{"rendered":"Bilecik Jandarmas\u0131\u2019ndan ba\u015far\u0131l\u0131 operasyon&#8230; Doland\u0131r\u0131c\u0131lar tutukland\u0131!"},"content":{"rendered":"<p>Bilecik\u2019in Pazaryeri il\u00e7esine ba\u011fl\u0131 K\u0131n\u0131k K\u00f6y\u00fc\u2019nde ya\u015fanan nitelikli doland\u0131r\u0131c\u0131l\u0131k olay\u0131nda yeni bir geli\u015fme ya\u015fand\u0131.Pazaryeri G\u00fcndem \/ B\u0130LEC\u0130K (\u0130GFA) &#8211;\u00a082 ya\u015f\u0131ndaki ya\u015fl\u0131 bir kad\u0131n\u0131 &#8220;askeriz&#8221; yalan\u0131yla kand\u0131rarak alt\u0131nlar\u0131n\u0131 \u00e7alan \u015f\u00fcpheliler,\u00a0Afyonkarahisar&#8217;\u0131n \u015euhut il\u00e7esinde ba\u015fka bir doland\u0131r\u0131c\u0131l\u0131k giri\u015fimi s\u0131ras\u0131nda su\u00e7\u00fcst\u00fc yakaland\u0131.<br \/>\nOlay\u0131n hemen ard\u0131ndan harekete ge\u00e7en\u00a0Pazaryeri \u0130l\u00e7e Jandarma Komutanl\u0131\u011f\u0131 ve JASAT (Jandarma Dedektifleri) ekipleri, Bilecik ve Bursa illerini kapsayan\u00a0geni\u015f \u00e7apl\u0131 bir takip ve teknik analiz \u00e7al\u0131\u015fmas\u0131\u00a0ba\u015flatt\u0131. \u015e\u00fcphelilerin k\u00f6ye geldikleri ara\u00e7, \u00e7evredeki g\u00fcvenlik kameralar\u0131 sayesinde k\u0131sa s\u00fcrede tespit edildi. Elde edilen g\u00f6r\u00fcnt\u00fcler \u00fczerinden yap\u0131lan e\u015fgaller, doland\u0131r\u0131c\u0131l\u0131k \u015febekesinin izini Afyonkarahisar\u2019a kadar s\u00fcrd\u00fc.<br \/>\nJASAT\u2019\u0131n dikkatli takibi ve koordineli operasyonu sonucunda, olay\u0131n failleri A.K. ve V.G. isimli \u015fah\u0131slar, \u015euhut\u2019ta ba\u015fka bir vatanda\u015f\u0131 doland\u0131rmaya \u00e7al\u0131\u015f\u0131rken\u00a0su\u00e7\u00fcst\u00fc yakaland\u0131. G\u00f6zalt\u0131na al\u0131nan zanl\u0131lar, \u00e7\u0131kar\u0131ld\u0131klar\u0131 mahkemece tutuklanarak\u00a0Afyonkarahisar E Tipi Kapal\u0131 Cezaevi\u2019ne g\u00f6nderildi.<br \/>\nBilecik Jandarmas\u0131\u2019n\u0131n teknolojik imkanlar\u0131 ve dikkatli takibi, doland\u0131r\u0131c\u0131l\u0131k \u015febekesine kar\u015f\u0131 \u00f6nemli bir ba\u015far\u0131 olarak kay\u0131tlara ge\u00e7ti. Yetkililer, \u00f6zellikle ya\u015fl\u0131lar\u0131 hedef alan bu t\u00fcr doland\u0131r\u0131c\u0131l\u0131k olaylar\u0131na kar\u015f\u0131 vatanda\u015flar\u0131 dikkatli olmalar\u0131 konusunda uyard\u0131.<\/p>\n<p>\u200bBilecik\u2019in Pazaryeri il\u00e7esine ba\u011fl\u0131 K\u0131n\u0131k K\u00f6y\u00fc\u2019nde ya\u015fanan nitelikli doland\u0131r\u0131c\u0131l\u0131k olay\u0131nda yeni bir geli\u015fme ya\u015fand\u0131.Pazaryeri G\u00fcndem \/ B\u0130LEC\u0130K (\u0130GFA) &#8211;\u00a082 ya\u015f\u0131ndaki ya\u015fl\u0131 bir kad\u0131n\u0131 &#8220;askeriz&#8221; yalan\u0131yla kand\u0131rarak alt\u0131nlar\u0131n\u0131 \u00e7alan \u015f\u00fcpheliler,\u00a0Afyonkarahisar&#8217;\u0131n \u015euhut il\u00e7esinde ba\u015fka bir doland\u0131r\u0131c\u0131l\u0131k giri\u015fimi s\u0131ras\u0131nda su\u00e7\u00fcst\u00fc yakaland\u0131.<br \/>\nOlay\u0131n hemen ard\u0131ndan harekete ge\u00e7en\u00a0Pazaryeri \u0130l\u00e7e Jandarma Komutanl\u0131\u011f\u0131 ve JASAT (Jandarma Dedektifleri) ekipleri, Bilecik ve Bursa illerini kapsayan\u00a0geni\u015f \u00e7apl\u0131 bir takip ve teknik analiz \u00e7al\u0131\u015fmas\u0131\u00a0ba\u015flatt\u0131. \u015e\u00fcphelilerin k\u00f6ye geldikleri ara\u00e7, \u00e7evredeki g\u00fcvenlik kameralar\u0131 sayesinde k\u0131sa s\u00fcrede tespit edildi. Elde edilen g\u00f6r\u00fcnt\u00fcler \u00fczerinden yap\u0131lan e\u015fgaller, doland\u0131r\u0131c\u0131l\u0131k \u015febekesinin izini Afyonkarahisar\u2019a kadar s\u00fcrd\u00fc.<br \/>\nJASAT\u2019\u0131n dikkatli takibi ve koordineli operasyonu sonucunda, olay\u0131n failleri A.K. ve V.G. isimli \u015fah\u0131slar, \u015euhut\u2019ta ba\u015fka bir vatanda\u015f\u0131 doland\u0131rmaya \u00e7al\u0131\u015f\u0131rken\u00a0su\u00e7\u00fcst\u00fc yakaland\u0131. G\u00f6zalt\u0131na al\u0131nan zanl\u0131lar, \u00e7\u0131kar\u0131ld\u0131klar\u0131 mahkemece tutuklanarak\u00a0Afyonkarahisar E Tipi Kapal\u0131 Cezaevi\u2019ne g\u00f6nderildi.<br \/>\nBilecik Jandarmas\u0131\u2019n\u0131n teknolojik imkanlar\u0131 ve dikkatli takibi, doland\u0131r\u0131c\u0131l\u0131k \u015febekesine kar\u015f\u0131 \u00f6nemli bir ba\u015far\u0131 olarak kay\u0131tlara ge\u00e7ti. Yetkililer, \u00f6zellikle ya\u015fl\u0131lar\u0131 hedef alan bu t\u00fcr doland\u0131r\u0131c\u0131l\u0131k olaylar\u0131na kar\u015f\u0131 vatanda\u015flar\u0131 dikkatli olmalar\u0131 konusunda uyard\u0131.\u00a0<\/p>\n<p>\u200bHaberin Al\u0131nt\u0131land\u0131\u011f\u0131 Kaynak: www.iskenderun.org<\/p>","protected":false},"excerpt":{"rendered":"<p>Bilecik\u2019in Pazaryeri il\u00e7esine ba\u011fl\u0131 K\u0131n\u0131k K\u00f6y\u00fc\u2019nde ya\u015fanan nitelikli doland\u0131r\u0131c\u0131l\u0131k olay\u0131nda yeni bir geli\u015fme ya\u015fand\u0131.Pazaryeri G\u00fcndem \/ B\u0130LEC\u0130K (\u0130GFA) &#8211;\u00a082 ya\u015f\u0131ndaki ya\u015fl\u0131 bir kad\u0131n\u0131 &#8220;askeriz&#8221; yalan\u0131yla kand\u0131rarak alt\u0131nlar\u0131n\u0131 \u00e7alan \u015f\u00fcpheliler,\u00a0Afyonkarahisar&#8217;\u0131n \u015euhut il\u00e7esinde ba\u015fka bir doland\u0131r\u0131c\u0131l\u0131k giri\u015fimi s\u0131ras\u0131nda su\u00e7\u00fcst\u00fc yakaland\u0131. Olay\u0131n hemen ard\u0131ndan harekete ge\u00e7en\u00a0Pazaryeri \u0130l\u00e7e Jandarma Komutanl\u0131\u011f\u0131 ve JASAT (Jandarma Dedektifleri) ekipleri, Bilecik ve Bursa illerini kapsayan\u00a0geni\u015f \u00e7apl\u0131 bir takip ve teknik analiz \u00e7al\u0131\u015fmas\u0131\u00a0ba\u015flatt\u0131. \u015e\u00fcphelilerin k\u00f6ye geldikleri ara\u00e7, \u00e7evredeki g\u00fcvenlik kameralar\u0131 sayesinde k\u0131sa s\u00fcrede tespit edildi. Elde edilen g\u00f6r\u00fcnt\u00fcler \u00fczerinden yap\u0131lan e\u015fgaller, doland\u0131r\u0131c\u0131l\u0131k \u015febekesinin izini Afyonkarahisar\u2019a kadar s\u00fcrd\u00fc. JASAT\u2019\u0131n dikkatli takibi ve koordineli operasyonu sonucunda, olay\u0131n failleri A.K. ve V.G. isimli \u015fah\u0131slar, \u015euhut\u2019ta ba\u015fka bir vatanda\u015f\u0131 doland\u0131rmaya \u00e7al\u0131\u015f\u0131rken\u00a0su\u00e7\u00fcst\u00fc yakaland\u0131. G\u00f6zalt\u0131na al\u0131nan zanl\u0131lar, \u00e7\u0131kar\u0131ld\u0131klar\u0131 mahkemece tutuklanarak\u00a0Afyonkarahisar E Tipi Kapal\u0131 Cezaevi\u2019ne g\u00f6nderildi. Bilecik Jandarmas\u0131\u2019n\u0131n teknolojik imkanlar\u0131 ve dikkatli takibi, doland\u0131r\u0131c\u0131l\u0131k \u015febekesine kar\u015f\u0131 \u00f6nemli bir ba\u015far\u0131 olarak kay\u0131tlara ge\u00e7ti. Yetkililer, \u00f6zellikle ya\u015fl\u0131lar\u0131 hedef alan bu t\u00fcr doland\u0131r\u0131c\u0131l\u0131k olaylar\u0131na kar\u015f\u0131 vatanda\u015flar\u0131 dikkatli olmalar\u0131 konusunda uyard\u0131. \u200bBilecik\u2019in Pazaryeri il\u00e7esine ba\u011fl\u0131 K\u0131n\u0131k K\u00f6y\u00fc\u2019nde ya\u015fanan nitelikli doland\u0131r\u0131c\u0131l\u0131k olay\u0131nda yeni bir geli\u015fme ya\u015fand\u0131.Pazaryeri G\u00fcndem \/ B\u0130LEC\u0130K (\u0130GFA) &#8211;\u00a082 ya\u015f\u0131ndaki ya\u015fl\u0131 bir kad\u0131n\u0131 &#8220;askeriz&#8221; yalan\u0131yla kand\u0131rarak alt\u0131nlar\u0131n\u0131 \u00e7alan \u015f\u00fcpheliler,\u00a0Afyonkarahisar&#8217;\u0131n \u015euhut il\u00e7esinde ba\u015fka bir doland\u0131r\u0131c\u0131l\u0131k giri\u015fimi s\u0131ras\u0131nda su\u00e7\u00fcst\u00fc yakaland\u0131. Olay\u0131n hemen ard\u0131ndan harekete ge\u00e7en\u00a0Pazaryeri \u0130l\u00e7e Jandarma Komutanl\u0131\u011f\u0131 ve JASAT (Jandarma Dedektifleri) &hellip;<\/p>","protected":false},"author":1,"featured_media":0,"comment_status":"","ping_status":"open","sticky":false,"template":"","format":"standard","meta":{"_acf_changed":false,"footnotes":""},"categories":[24],"tags":[],"class_list":["post-80019","post","type-post","status-publish","format-standard","has-post-thumbnail","hentry","category-gundem"],"acf":[],"yoast_head":"<!-- This site is optimized with the Yoast SEO Premium plugin v26.6 (Yoast SEO v27.1.1) - https:\/\/yoast.com\/product\/yoast-seo-premium-wordpress\/ -->\n<title>Bilecik Jandarmas\u0131\u2019ndan ba\u015far\u0131l\u0131 operasyon... Doland\u0131r\u0131c\u0131lar tutukland\u0131! - Av. Deniz Can K\u0131z\u0131l<\/title>\n<meta name=\"robots\" content=\"index, follow, max-snippet:-1, max-image-preview:large, max-video-preview:-1\" \/>\n<link rel=\"canonical\" href=\"http:\/\/denizcankizil.tr\/de\/haberler\/gundem\/bilecik-jandarmasindan-basarili-operasyon-dolandiricilar-tutuklandi\/\" \/>\n<meta property=\"og:locale\" content=\"de_DE\" \/>\n<meta property=\"og:type\" content=\"article\" \/>\n<meta property=\"og:title\" content=\"Bilecik Jandarmas\u0131\u2019ndan ba\u015far\u0131l\u0131 operasyon... Doland\u0131r\u0131c\u0131lar tutukland\u0131!\" \/>\n<meta property=\"og:description\" content=\"Bilecik\u2019in Pazaryeri il\u00e7esine ba\u011fl\u0131 K\u0131n\u0131k K\u00f6y\u00fc\u2019nde ya\u015fanan nitelikli doland\u0131r\u0131c\u0131l\u0131k olay\u0131nda yeni bir geli\u015fme ya\u015fand\u0131.Pazaryeri G\u00fcndem \/ B\u0130LEC\u0130K (\u0130GFA) &#8211;\u00a082 ya\u015f\u0131ndaki ya\u015fl\u0131 bir kad\u0131n\u0131 &#8220;askeriz&#8221; yalan\u0131yla kand\u0131rarak alt\u0131nlar\u0131n\u0131 \u00e7alan \u015f\u00fcpheliler,\u00a0Afyonkarahisar&#8217;\u0131n \u015euhut il\u00e7esinde ba\u015fka bir doland\u0131r\u0131c\u0131l\u0131k giri\u015fimi s\u0131ras\u0131nda su\u00e7\u00fcst\u00fc yakaland\u0131. Olay\u0131n hemen ard\u0131ndan harekete ge\u00e7en\u00a0Pazaryeri \u0130l\u00e7e Jandarma Komutanl\u0131\u011f\u0131 ve JASAT (Jandarma Dedektifleri) ekipleri, Bilecik ve Bursa illerini kapsayan\u00a0geni\u015f \u00e7apl\u0131 bir takip ve teknik analiz \u00e7al\u0131\u015fmas\u0131\u00a0ba\u015flatt\u0131. \u015e\u00fcphelilerin k\u00f6ye geldikleri ara\u00e7, \u00e7evredeki g\u00fcvenlik kameralar\u0131 sayesinde k\u0131sa s\u00fcrede tespit edildi. Elde edilen g\u00f6r\u00fcnt\u00fcler \u00fczerinden yap\u0131lan e\u015fgaller, doland\u0131r\u0131c\u0131l\u0131k \u015febekesinin izini Afyonkarahisar\u2019a kadar s\u00fcrd\u00fc. JASAT\u2019\u0131n dikkatli takibi ve koordineli operasyonu sonucunda, olay\u0131n failleri A.K. ve V.G. isimli \u015fah\u0131slar, \u015euhut\u2019ta ba\u015fka bir vatanda\u015f\u0131 doland\u0131rmaya \u00e7al\u0131\u015f\u0131rken\u00a0su\u00e7\u00fcst\u00fc yakaland\u0131. G\u00f6zalt\u0131na al\u0131nan zanl\u0131lar, \u00e7\u0131kar\u0131ld\u0131klar\u0131 mahkemece tutuklanarak\u00a0Afyonkarahisar E Tipi Kapal\u0131 Cezaevi\u2019ne g\u00f6nderildi. Bilecik Jandarmas\u0131\u2019n\u0131n teknolojik imkanlar\u0131 ve dikkatli takibi, doland\u0131r\u0131c\u0131l\u0131k \u015febekesine kar\u015f\u0131 \u00f6nemli bir ba\u015far\u0131 olarak kay\u0131tlara ge\u00e7ti. Yetkililer, \u00f6zellikle ya\u015fl\u0131lar\u0131 hedef alan bu t\u00fcr doland\u0131r\u0131c\u0131l\u0131k olaylar\u0131na kar\u015f\u0131 vatanda\u015flar\u0131 dikkatli olmalar\u0131 konusunda uyard\u0131. \u200bBilecik\u2019in Pazaryeri il\u00e7esine ba\u011fl\u0131 K\u0131n\u0131k K\u00f6y\u00fc\u2019nde ya\u015fanan nitelikli doland\u0131r\u0131c\u0131l\u0131k olay\u0131nda yeni bir geli\u015fme ya\u015fand\u0131.Pazaryeri G\u00fcndem \/ B\u0130LEC\u0130K (\u0130GFA) &#8211;\u00a082 ya\u015f\u0131ndaki ya\u015fl\u0131 bir kad\u0131n\u0131 &#8220;askeriz&#8221; yalan\u0131yla kand\u0131rarak alt\u0131nlar\u0131n\u0131 \u00e7alan \u015f\u00fcpheliler,\u00a0Afyonkarahisar&#8217;\u0131n \u015euhut il\u00e7esinde ba\u015fka bir doland\u0131r\u0131c\u0131l\u0131k giri\u015fimi s\u0131ras\u0131nda su\u00e7\u00fcst\u00fc yakaland\u0131. Olay\u0131n hemen ard\u0131ndan harekete ge\u00e7en\u00a0Pazaryeri \u0130l\u00e7e Jandarma Komutanl\u0131\u011f\u0131 ve JASAT (Jandarma Dedektifleri) &hellip;\" \/>\n<meta property=\"og:url\" content=\"http:\/\/denizcankizil.tr\/de\/haberler\/gundem\/bilecik-jandarmasindan-basarili-operasyon-dolandiricilar-tutuklandi\/\" \/>\n<meta property=\"og:site_name\" content=\"Av. Deniz Can K\u0131z\u0131l\" \/>\n<meta property=\"article:published_time\" content=\"2025-05-08T10:43:09+00:00\" \/>\n<meta name=\"author\" content=\"admin\" \/>\n<meta name=\"twitter:card\" content=\"summary_large_image\" \/>\n<meta name=\"twitter:label1\" content=\"Verfasst von\" \/>\n\t<meta name=\"twitter:data1\" content=\"admin\" \/>\n\t<meta name=\"twitter:label2\" content=\"Gesch\u00e4tzte Lesezeit\" \/>\n\t<meta name=\"twitter:data2\" content=\"3\u00a0Minuten\" \/>\n<script type=\"application\/ld+json\" class=\"yoast-schema-graph\">{\"@context\":\"https:\/\/schema.org\",\"@graph\":[{\"@type\":\"Article\",\"@id\":\"http:\/\/denizcankizil.tr\/ru\/haberler\/gundem\/bilecik-jandarmasindan-basarili-operasyon-dolandiricilar-tutuklandi\/#article\",\"isPartOf\":{\"@id\":\"http:\/\/denizcankizil.tr\/ru\/haberler\/gundem\/bilecik-jandarmasindan-basarili-operasyon-dolandiricilar-tutuklandi\/\"},\"author\":{\"name\":\"admin\",\"@id\":\"https:\/\/denizcankizil.tr\/#\/schema\/person\/be3c05fe6a12686905512445d8185489\"},\"headline\":\"Bilecik Jandarmas\u0131\u2019ndan ba\u015far\u0131l\u0131 operasyon&#8230; Doland\u0131r\u0131c\u0131lar tutukland\u0131!\",\"datePublished\":\"2025-05-08T10:43:09+00:00\",\"mainEntityOfPage\":{\"@id\":\"http:\/\/denizcankizil.tr\/ru\/haberler\/gundem\/bilecik-jandarmasindan-basarili-operasyon-dolandiricilar-tutuklandi\/\"},\"wordCount\":518,\"publisher\":{\"@id\":\"https:\/\/denizcankizil.tr\/#organization\"},\"articleSection\":[\"G\u00fcndem\"],\"inLanguage\":\"de\"},{\"@type\":\"WebPage\",\"@id\":\"http:\/\/denizcankizil.tr\/ru\/haberler\/gundem\/bilecik-jandarmasindan-basarili-operasyon-dolandiricilar-tutuklandi\/\",\"url\":\"http:\/\/denizcankizil.tr\/ru\/haberler\/gundem\/bilecik-jandarmasindan-basarili-operasyon-dolandiricilar-tutuklandi\/\",\"name\":\"Bilecik Jandarmas\u0131\u2019ndan ba\u015far\u0131l\u0131 operasyon... Doland\u0131r\u0131c\u0131lar tutukland\u0131! - Av. Deniz Can K\u0131z\u0131l\",\"isPartOf\":{\"@id\":\"https:\/\/denizcankizil.tr\/#website\"},\"datePublished\":\"2025-05-08T10:43:09+00:00\",\"breadcrumb\":{\"@id\":\"http:\/\/denizcankizil.tr\/ru\/haberler\/gundem\/bilecik-jandarmasindan-basarili-operasyon-dolandiricilar-tutuklandi\/#breadcrumb\"},\"inLanguage\":\"de\",\"potentialAction\":[{\"@type\":\"ReadAction\",\"target\":[\"http:\/\/denizcankizil.tr\/ru\/haberler\/gundem\/bilecik-jandarmasindan-basarili-operasyon-dolandiricilar-tutuklandi\/\"]}]},{\"@type\":\"BreadcrumbList\",\"@id\":\"http:\/\/denizcankizil.tr\/ru\/haberler\/gundem\/bilecik-jandarmasindan-basarili-operasyon-dolandiricilar-tutuklandi\/#breadcrumb\",\"itemListElement\":[{\"@type\":\"ListItem\",\"position\":1,\"name\":\"Home\",\"item\":\"https:\/\/denizcankizil.tr\/de\/\"},{\"@type\":\"ListItem\",\"position\":2,\"name\":\"Bilecik Jandarmas\u0131\u2019ndan ba\u015far\u0131l\u0131 operasyon&#8230; Doland\u0131r\u0131c\u0131lar tutukland\u0131!\"}]},{\"@type\":\"WebSite\",\"@id\":\"https:\/\/denizcankizil.tr\/#website\",\"url\":\"https:\/\/denizcankizil.tr\/\",\"name\":\"Av. Deniz Can K\u0131z\u0131l\",\"description\":\"Avukat Deniz Can K\u0131z\u0131l Antalya Barosu\",\"publisher\":{\"@id\":\"https:\/\/denizcankizil.tr\/#organization\"},\"potentialAction\":[{\"@type\":\"SearchAction\",\"target\":{\"@type\":\"EntryPoint\",\"urlTemplate\":\"https:\/\/denizcankizil.tr\/?s={search_term_string}\"},\"query-input\":{\"@type\":\"PropertyValueSpecification\",\"valueRequired\":true,\"valueName\":\"search_term_string\"}}],\"inLanguage\":\"de\"},{\"@type\":\"Organization\",\"@id\":\"https:\/\/denizcankizil.tr\/#organization\",\"name\":\"Av. Deniz Can K\u0131z\u0131l\",\"url\":\"https:\/\/denizcankizil.tr\/\",\"logo\":{\"@type\":\"ImageObject\",\"inLanguage\":\"de\",\"@id\":\"https:\/\/denizcankizil.tr\/#\/schema\/logo\/image\/\",\"url\":\"http:\/\/denizcankizil.tr\/wp-content\/uploads\/2024\/10\/siyah-logo-svg.svg\",\"contentUrl\":\"http:\/\/denizcankizil.tr\/wp-content\/uploads\/2024\/10\/siyah-logo-svg.svg\",\"width\":1080,\"height\":1080,\"caption\":\"Av. Deniz Can K\u0131z\u0131l\"},\"image\":{\"@id\":\"https:\/\/denizcankizil.tr\/#\/schema\/logo\/image\/\"}},{\"@type\":\"Person\",\"@id\":\"https:\/\/denizcankizil.tr\/#\/schema\/person\/be3c05fe6a12686905512445d8185489\",\"name\":\"admin\",\"image\":{\"@type\":\"ImageObject\",\"inLanguage\":\"de\",\"@id\":\"https:\/\/denizcankizil.tr\/#\/schema\/person\/image\/\",\"url\":\"https:\/\/secure.gravatar.com\/avatar\/c1fce94c830dc79107e174f890d7210541c4a63e8e5d816341794a2151c9d58c?s=96&d=mm&r=g\",\"contentUrl\":\"https:\/\/secure.gravatar.com\/avatar\/c1fce94c830dc79107e174f890d7210541c4a63e8e5d816341794a2151c9d58c?s=96&d=mm&r=g\",\"caption\":\"admin\"},\"sameAs\":[\"http:\/\/denizcankizil.tr\"],\"url\":\"https:\/\/www.iskenderun.org\/bilecik-jandarmasindan-basarili-operasyon-dolandiricilar-tutuklandi\"}]}<\/script>\n<!-- \/ Yoast SEO Premium plugin. -->","yoast_head_json":{"title":"Bilecik Jandarmas\u0131\u2019ndan ba\u015far\u0131l\u0131 operasyon... Doland\u0131r\u0131c\u0131lar tutukland\u0131! - Av. Deniz Can K\u0131z\u0131l","robots":{"index":"index","follow":"follow","max-snippet":"max-snippet:-1","max-image-preview":"max-image-preview:large","max-video-preview":"max-video-preview:-1"},"canonical":"http:\/\/denizcankizil.tr\/de\/haberler\/gundem\/bilecik-jandarmasindan-basarili-operasyon-dolandiricilar-tutuklandi\/","og_locale":"de_DE","og_type":"article","og_title":"Bilecik Jandarmas\u0131\u2019ndan ba\u015far\u0131l\u0131 operasyon... Doland\u0131r\u0131c\u0131lar tutukland\u0131!","og_description":"Bilecik\u2019in Pazaryeri il\u00e7esine ba\u011fl\u0131 K\u0131n\u0131k K\u00f6y\u00fc\u2019nde ya\u015fanan nitelikli doland\u0131r\u0131c\u0131l\u0131k olay\u0131nda yeni bir geli\u015fme ya\u015fand\u0131.Pazaryeri G\u00fcndem \/ B\u0130LEC\u0130K (\u0130GFA) &#8211;\u00a082 ya\u015f\u0131ndaki ya\u015fl\u0131 bir kad\u0131n\u0131 &#8220;askeriz&#8221; yalan\u0131yla kand\u0131rarak alt\u0131nlar\u0131n\u0131 \u00e7alan \u015f\u00fcpheliler,\u00a0Afyonkarahisar&#8217;\u0131n \u015euhut il\u00e7esinde ba\u015fka bir doland\u0131r\u0131c\u0131l\u0131k giri\u015fimi s\u0131ras\u0131nda su\u00e7\u00fcst\u00fc yakaland\u0131. Olay\u0131n hemen ard\u0131ndan harekete ge\u00e7en\u00a0Pazaryeri \u0130l\u00e7e Jandarma Komutanl\u0131\u011f\u0131 ve JASAT (Jandarma Dedektifleri) ekipleri, Bilecik ve Bursa illerini kapsayan\u00a0geni\u015f \u00e7apl\u0131 bir takip ve teknik analiz \u00e7al\u0131\u015fmas\u0131\u00a0ba\u015flatt\u0131. \u015e\u00fcphelilerin k\u00f6ye geldikleri ara\u00e7, \u00e7evredeki g\u00fcvenlik kameralar\u0131 sayesinde k\u0131sa s\u00fcrede tespit edildi. Elde edilen g\u00f6r\u00fcnt\u00fcler \u00fczerinden yap\u0131lan e\u015fgaller, doland\u0131r\u0131c\u0131l\u0131k \u015febekesinin izini Afyonkarahisar\u2019a kadar s\u00fcrd\u00fc. JASAT\u2019\u0131n dikkatli takibi ve koordineli operasyonu sonucunda, olay\u0131n failleri A.K. ve V.G. isimli \u015fah\u0131slar, \u015euhut\u2019ta ba\u015fka bir vatanda\u015f\u0131 doland\u0131rmaya \u00e7al\u0131\u015f\u0131rken\u00a0su\u00e7\u00fcst\u00fc yakaland\u0131. G\u00f6zalt\u0131na al\u0131nan zanl\u0131lar, \u00e7\u0131kar\u0131ld\u0131klar\u0131 mahkemece tutuklanarak\u00a0Afyonkarahisar E Tipi Kapal\u0131 Cezaevi\u2019ne g\u00f6nderildi. Bilecik Jandarmas\u0131\u2019n\u0131n teknolojik imkanlar\u0131 ve dikkatli takibi, doland\u0131r\u0131c\u0131l\u0131k \u015febekesine kar\u015f\u0131 \u00f6nemli bir ba\u015far\u0131 olarak kay\u0131tlara ge\u00e7ti. Yetkililer, \u00f6zellikle ya\u015fl\u0131lar\u0131 hedef alan bu t\u00fcr doland\u0131r\u0131c\u0131l\u0131k olaylar\u0131na kar\u015f\u0131 vatanda\u015flar\u0131 dikkatli olmalar\u0131 konusunda uyard\u0131. \u200bBilecik\u2019in Pazaryeri il\u00e7esine ba\u011fl\u0131 K\u0131n\u0131k K\u00f6y\u00fc\u2019nde ya\u015fanan nitelikli doland\u0131r\u0131c\u0131l\u0131k olay\u0131nda yeni bir geli\u015fme ya\u015fand\u0131.Pazaryeri G\u00fcndem \/ B\u0130LEC\u0130K (\u0130GFA) &#8211;\u00a082 ya\u015f\u0131ndaki ya\u015fl\u0131 bir kad\u0131n\u0131 &#8220;askeriz&#8221; yalan\u0131yla kand\u0131rarak alt\u0131nlar\u0131n\u0131 \u00e7alan \u015f\u00fcpheliler,\u00a0Afyonkarahisar&#8217;\u0131n \u015euhut il\u00e7esinde ba\u015fka bir doland\u0131r\u0131c\u0131l\u0131k giri\u015fimi s\u0131ras\u0131nda su\u00e7\u00fcst\u00fc yakaland\u0131. Olay\u0131n hemen ard\u0131ndan harekete ge\u00e7en\u00a0Pazaryeri \u0130l\u00e7e Jandarma Komutanl\u0131\u011f\u0131 ve JASAT (Jandarma Dedektifleri) &hellip;","og_url":"http:\/\/denizcankizil.tr\/de\/haberler\/gundem\/bilecik-jandarmasindan-basarili-operasyon-dolandiricilar-tutuklandi\/","og_site_name":"Av. Deniz Can K\u0131z\u0131l","article_published_time":"2025-05-08T10:43:09+00:00","author":"admin","twitter_card":"summary_large_image","twitter_misc":{"Verfasst von":"admin","Gesch\u00e4tzte Lesezeit":"3\u00a0Minuten"},"schema":{"@context":"https:\/\/schema.org","@graph":[{"@type":"Article","@id":"http:\/\/denizcankizil.tr\/ru\/haberler\/gundem\/bilecik-jandarmasindan-basarili-operasyon-dolandiricilar-tutuklandi\/#article","isPartOf":{"@id":"http:\/\/denizcankizil.tr\/ru\/haberler\/gundem\/bilecik-jandarmasindan-basarili-operasyon-dolandiricilar-tutuklandi\/"},"author":{"name":"admin","@id":"https:\/\/denizcankizil.tr\/#\/schema\/person\/be3c05fe6a12686905512445d8185489"},"headline":"Bilecik Jandarmas\u0131\u2019ndan ba\u015far\u0131l\u0131 operasyon&#8230; Doland\u0131r\u0131c\u0131lar tutukland\u0131!","datePublished":"2025-05-08T10:43:09+00:00","mainEntityOfPage":{"@id":"http:\/\/denizcankizil.tr\/ru\/haberler\/gundem\/bilecik-jandarmasindan-basarili-operasyon-dolandiricilar-tutuklandi\/"},"wordCount":518,"publisher":{"@id":"https:\/\/denizcankizil.tr\/#organization"},"articleSection":["G\u00fcndem"],"inLanguage":"de"},{"@type":"WebPage","@id":"http:\/\/denizcankizil.tr\/ru\/haberler\/gundem\/bilecik-jandarmasindan-basarili-operasyon-dolandiricilar-tutuklandi\/","url":"http:\/\/denizcankizil.tr\/ru\/haberler\/gundem\/bilecik-jandarmasindan-basarili-operasyon-dolandiricilar-tutuklandi\/","name":"Bilecik Jandarmas\u0131\u2019ndan ba\u015far\u0131l\u0131 operasyon... Doland\u0131r\u0131c\u0131lar tutukland\u0131! - Av. Deniz Can K\u0131z\u0131l","isPartOf":{"@id":"https:\/\/denizcankizil.tr\/#website"},"datePublished":"2025-05-08T10:43:09+00:00","breadcrumb":{"@id":"http:\/\/denizcankizil.tr\/ru\/haberler\/gundem\/bilecik-jandarmasindan-basarili-operasyon-dolandiricilar-tutuklandi\/#breadcrumb"},"inLanguage":"de","potentialAction":[{"@type":"ReadAction","target":["http:\/\/denizcankizil.tr\/ru\/haberler\/gundem\/bilecik-jandarmasindan-basarili-operasyon-dolandiricilar-tutuklandi\/"]}]},{"@type":"BreadcrumbList","@id":"http:\/\/denizcankizil.tr\/ru\/haberler\/gundem\/bilecik-jandarmasindan-basarili-operasyon-dolandiricilar-tutuklandi\/#breadcrumb","itemListElement":[{"@type":"ListItem","position":1,"name":"Home","item":"https:\/\/denizcankizil.tr\/de\/"},{"@type":"ListItem","position":2,"name":"Bilecik Jandarmas\u0131\u2019ndan ba\u015far\u0131l\u0131 operasyon&#8230; Doland\u0131r\u0131c\u0131lar tutukland\u0131!"}]},{"@type":"WebSite","@id":"https:\/\/denizcankizil.tr\/#website","url":"https:\/\/denizcankizil.tr\/","name":"Av. Deniz Can K\u0131z\u0131l","description":"Avukat Deniz Can K\u0131z\u0131l Antalya Barosu","publisher":{"@id":"https:\/\/denizcankizil.tr\/#organization"},"potentialAction":[{"@type":"SearchAction","target":{"@type":"EntryPoint","urlTemplate":"https:\/\/denizcankizil.tr\/?s={search_term_string}"},"query-input":{"@type":"PropertyValueSpecification","valueRequired":true,"valueName":"search_term_string"}}],"inLanguage":"de"},{"@type":"Organization","@id":"https:\/\/denizcankizil.tr\/#organization","name":"Av. Deniz Can K\u0131z\u0131l","url":"https:\/\/denizcankizil.tr\/","logo":{"@type":"ImageObject","inLanguage":"de","@id":"https:\/\/denizcankizil.tr\/#\/schema\/logo\/image\/","url":"http:\/\/denizcankizil.tr\/wp-content\/uploads\/2024\/10\/siyah-logo-svg.svg","contentUrl":"http:\/\/denizcankizil.tr\/wp-content\/uploads\/2024\/10\/siyah-logo-svg.svg","width":1080,"height":1080,"caption":"Av. Deniz Can K\u0131z\u0131l"},"image":{"@id":"https:\/\/denizcankizil.tr\/#\/schema\/logo\/image\/"}},{"@type":"Person","@id":"https:\/\/denizcankizil.tr\/#\/schema\/person\/be3c05fe6a12686905512445d8185489","name":"Administrator","image":{"@type":"ImageObject","inLanguage":"de","@id":"https:\/\/denizcankizil.tr\/#\/schema\/person\/image\/","url":"https:\/\/secure.gravatar.com\/avatar\/c1fce94c830dc79107e174f890d7210541c4a63e8e5d816341794a2151c9d58c?s=96&d=mm&r=g","contentUrl":"https:\/\/secure.gravatar.com\/avatar\/c1fce94c830dc79107e174f890d7210541c4a63e8e5d816341794a2151c9d58c?s=96&d=mm&r=g","caption":"admin"},"sameAs":["http:\/\/denizcankizil.tr"],"url":"https:\/\/www.iskenderun.org\/bilecik-jandarmasindan-basarili-operasyon-dolandiricilar-tutuklandi"}]}},"_links":{"self":[{"href":"http:\/\/denizcankizil.tr\/de\/wp-json\/wp\/v2\/posts\/80019","targetHints":{"allow":["GET"]}}],"collection":[{"href":"http:\/\/denizcankizil.tr\/de\/wp-json\/wp\/v2\/posts"}],"about":[{"href":"http:\/\/denizcankizil.tr\/de\/wp-json\/wp\/v2\/types\/post"}],"author":[{"embeddable":true,"href":"http:\/\/denizcankizil.tr\/de\/wp-json\/wp\/v2\/users\/1"}],"replies":[{"embeddable":true,"href":"http:\/\/denizcankizil.tr\/de\/wp-json\/wp\/v2\/comments?post=80019"}],"version-history":[{"count":0,"href":"http:\/\/denizcankizil.tr\/de\/wp-json\/wp\/v2\/posts\/80019\/revisions"}],"wp:attachment":[{"href":"http:\/\/denizcankizil.tr\/de\/wp-json\/wp\/v2\/media?parent=80019"}],"wp:term":[{"taxonomy":"category","embeddable":true,"href":"http:\/\/denizcankizil.tr\/de\/wp-json\/wp\/v2\/categories?post=80019"},{"taxonomy":"post_tag","embeddable":true,"href":"http:\/\/denizcankizil.tr\/de\/wp-json\/wp\/v2\/tags?post=80019"}],"curies":[{"name":"wp","href":"https:\/\/api.w.org\/{rel}","templated":true}]}}