{"id":79912,"date":"2025-05-08T12:41:14","date_gmt":"2025-05-08T09:41:14","guid":{"rendered":"https:\/\/denizcankizil.tr\/uncategorized-tr\/yasli-adama-motosiklet-carpti\/"},"modified":"2025-05-08T12:41:14","modified_gmt":"2025-05-08T09:41:14","slug":"yasli-adama-motosiklet-carpti","status":"publish","type":"post","link":"http:\/\/denizcankizil.tr\/de\/haberler\/antalya\/yasli-adama-motosiklet-carpti\/","title":{"rendered":"Ya\u015fl\u0131 adama motosiklet \u00e7arpt\u0131"},"content":{"rendered":"<p>Birinci kaza Mimar Sinan Mahallesi Hasan Fehmi Boztepe Caddesi&#8217;nde ya\u015fand\u0131. \u00c7akalderesi istikametinden gelip \u015fehir merkezi istikametine gitmekte olan Serdar \u0130lmen\u2019in kulland\u0131\u011f\u0131 07 BVT 381 plakal\u0131 motosiklet, Manavgat Emniyet M\u00fcd\u00fcrl\u00fc\u011f\u00fc\u2019ne 50 metre mesafede yaya olarak yolun kar\u015f\u0131s\u0131na ge\u00e7mek isteyen Faik Yeti\u015fgin\u2019e \u00e7arpt\u0131.<br \/>\nKazada yaralanan ve 112 sa\u011fl\u0131k ekibinin olay yerindeki m\u00fcdahalesinin ard\u0131ndan ambulansla hastaneye kald\u0131r\u0131lan 86 ya\u015f\u0131ndaki Faik Yeti\u015fgin\u2019in Manavgat Belediyesi Huzur Evinde kald\u0131\u011f\u0131 belirlendi.<\/p>\n<p>Yola aniden \u00e7\u0131kan araca \u00e7arpmamak i\u00e7in kontrolden \u00e7\u0131k\u0131p devrildi<br \/>\nBirinci kazadan yakla\u015f\u0131k 40 dakika sonra ayn\u0131 caddede yolun kar\u015f\u0131 \u015feridinde ikinci kaza meydana geldi. Burcu \u00d6zden\u2019in kulland\u0131\u011f\u0131 07 BVK 743 plakal\u0131 motosiklet yol kenar\u0131nda park halindeyken, aniden yola \u00e7\u0131kan Murat I\u015f\u0131k\u2019\u0131n kulland\u0131\u011f\u0131 07 BYZ 154 plakal\u0131 kamyonete \u00e7arpmamak i\u00e7in frene bast\u0131\u011f\u0131nda direksiyon hakimiyetini kaybederek devrildi. Kazada yaralanan motosiklet s\u00fcr\u00fcc\u00fcs\u00fc Burcu \u00d6zden 112 sa\u011fl\u0131k ekibinin olay yerindeki m\u00fcdahalesinin ard\u0131ndan ambulansla hastaneye kald\u0131r\u0131ld\u0131.<\/p>\n<p>Kaynak: www.kanalv.com.tr Haber Sitesinden Al\u0131nm\u0131\u015ft\u0131r.<\/p>","protected":false},"excerpt":{"rendered":"<p>Birinci kaza Mimar Sinan Mahallesi Hasan Fehmi Boztepe Caddesi&#8217;nde ya\u015fand\u0131. \u00c7akalderesi istikametinden gelip \u015fehir merkezi istikametine gitmekte olan Serdar \u0130lmen\u2019in kulland\u0131\u011f\u0131 07 BVT 381 plakal\u0131 motosiklet, Manavgat Emniyet M\u00fcd\u00fcrl\u00fc\u011f\u00fc\u2019ne 50 metre mesafede yaya olarak yolun kar\u015f\u0131s\u0131na ge\u00e7mek isteyen Faik Yeti\u015fgin\u2019e \u00e7arpt\u0131. Kazada yaralanan ve 112 sa\u011fl\u0131k ekibinin olay yerindeki m\u00fcdahalesinin ard\u0131ndan ambulansla hastaneye kald\u0131r\u0131lan 86 ya\u015f\u0131ndaki Faik Yeti\u015fgin\u2019in Manavgat Belediyesi Huzur Evinde kald\u0131\u011f\u0131 belirlendi. Yola aniden \u00e7\u0131kan araca \u00e7arpmamak i\u00e7in kontrolden \u00e7\u0131k\u0131p devrildi Birinci kazadan yakla\u015f\u0131k 40 dakika sonra ayn\u0131 caddede yolun kar\u015f\u0131 \u015feridinde ikinci kaza meydana geldi. Burcu \u00d6zden\u2019in kulland\u0131\u011f\u0131 07 BVK 743 plakal\u0131 motosiklet yol kenar\u0131nda park halindeyken, aniden yola \u00e7\u0131kan Murat I\u015f\u0131k\u2019\u0131n kulland\u0131\u011f\u0131 07 BYZ 154 plakal\u0131 kamyonete \u00e7arpmamak i\u00e7in frene bast\u0131\u011f\u0131nda direksiyon hakimiyetini kaybederek devrildi. Kazada yaralanan motosiklet s\u00fcr\u00fcc\u00fcs\u00fc Burcu \u00d6zden 112 sa\u011fl\u0131k ekibinin olay yerindeki m\u00fcdahalesinin ard\u0131ndan ambulansla hastaneye kald\u0131r\u0131ld\u0131. Kaynak: www.kanalv.com.tr Haber Sitesinden Al\u0131nm\u0131\u015ft\u0131r.<\/p>","protected":false},"author":4,"featured_media":79913,"comment_status":"","ping_status":"open","sticky":false,"template":"","format":"standard","meta":{"_acf_changed":false,"footnotes":""},"categories":[26],"tags":[],"class_list":["post-79912","post","type-post","status-publish","format-standard","has-post-thumbnail","hentry","category-antalya"],"acf":[],"yoast_head":"<!-- This site is optimized with the Yoast SEO Premium plugin v26.6 (Yoast SEO v27.1.1) - https:\/\/yoast.com\/product\/yoast-seo-premium-wordpress\/ -->\n<title>Ya\u015fl\u0131 adama motosiklet \u00e7arpt\u0131 - Av. Deniz Can K\u0131z\u0131l<\/title>\n<meta name=\"robots\" content=\"index, follow, max-snippet:-1, max-image-preview:large, max-video-preview:-1\" \/>\n<link rel=\"canonical\" href=\"http:\/\/denizcankizil.tr\/de\/haberler\/antalya\/yasli-adama-motosiklet-carpti\/\" \/>\n<meta property=\"og:locale\" content=\"de_DE\" \/>\n<meta property=\"og:type\" content=\"article\" \/>\n<meta property=\"og:title\" content=\"Ya\u015fl\u0131 adama motosiklet \u00e7arpt\u0131\" \/>\n<meta property=\"og:description\" content=\"Birinci kaza Mimar Sinan Mahallesi Hasan Fehmi Boztepe Caddesi&#8217;nde ya\u015fand\u0131. \u00c7akalderesi istikametinden gelip \u015fehir merkezi istikametine gitmekte olan Serdar \u0130lmen\u2019in kulland\u0131\u011f\u0131 07 BVT 381 plakal\u0131 motosiklet, Manavgat Emniyet M\u00fcd\u00fcrl\u00fc\u011f\u00fc\u2019ne 50 metre mesafede yaya olarak yolun kar\u015f\u0131s\u0131na ge\u00e7mek isteyen Faik Yeti\u015fgin\u2019e \u00e7arpt\u0131. Kazada yaralanan ve 112 sa\u011fl\u0131k ekibinin olay yerindeki m\u00fcdahalesinin ard\u0131ndan ambulansla hastaneye kald\u0131r\u0131lan 86 ya\u015f\u0131ndaki Faik Yeti\u015fgin\u2019in Manavgat Belediyesi Huzur Evinde kald\u0131\u011f\u0131 belirlendi. Yola aniden \u00e7\u0131kan araca \u00e7arpmamak i\u00e7in kontrolden \u00e7\u0131k\u0131p devrildi Birinci kazadan yakla\u015f\u0131k 40 dakika sonra ayn\u0131 caddede yolun kar\u015f\u0131 \u015feridinde ikinci kaza meydana geldi. Burcu \u00d6zden\u2019in kulland\u0131\u011f\u0131 07 BVK 743 plakal\u0131 motosiklet yol kenar\u0131nda park halindeyken, aniden yola \u00e7\u0131kan Murat I\u015f\u0131k\u2019\u0131n kulland\u0131\u011f\u0131 07 BYZ 154 plakal\u0131 kamyonete \u00e7arpmamak i\u00e7in frene bast\u0131\u011f\u0131nda direksiyon hakimiyetini kaybederek devrildi. Kazada yaralanan motosiklet s\u00fcr\u00fcc\u00fcs\u00fc Burcu \u00d6zden 112 sa\u011fl\u0131k ekibinin olay yerindeki m\u00fcdahalesinin ard\u0131ndan ambulansla hastaneye kald\u0131r\u0131ld\u0131. Kaynak: www.kanalv.com.tr Haber Sitesinden Al\u0131nm\u0131\u015ft\u0131r.\" \/>\n<meta property=\"og:url\" content=\"http:\/\/denizcankizil.tr\/de\/haberler\/antalya\/yasli-adama-motosiklet-carpti\/\" \/>\n<meta property=\"og:site_name\" content=\"Av. Deniz Can K\u0131z\u0131l\" \/>\n<meta property=\"article:published_time\" content=\"2025-05-08T09:41:14+00:00\" \/>\n<meta property=\"og:image\" content=\"http:\/\/denizcankizil.tr\/wp-content\/uploads\/2025\/05\/6230-01-tZmJHE.jpg\" \/>\n\t<meta property=\"og:image:width\" content=\"1280\" \/>\n\t<meta property=\"og:image:height\" content=\"720\" \/>\n\t<meta property=\"og:image:type\" content=\"image\/jpeg\" \/>\n<meta name=\"author\" content=\"Av. Deniz Can K\u0131z\u0131l\" \/>\n<meta name=\"twitter:card\" content=\"summary_large_image\" \/>\n<meta name=\"twitter:label1\" content=\"Verfasst von\" \/>\n\t<meta name=\"twitter:data1\" content=\"Av. Deniz Can K\u0131z\u0131l\" \/>\n\t<meta name=\"twitter:label2\" content=\"Gesch\u00e4tzte Lesezeit\" \/>\n\t<meta name=\"twitter:data2\" content=\"1\u00a0Minute\" \/>\n<script type=\"application\/ld+json\" class=\"yoast-schema-graph\">{\"@context\":\"https:\/\/schema.org\",\"@graph\":[{\"@type\":\"Article\",\"@id\":\"http:\/\/denizcankizil.tr\/en\/haberler\/antalya\/yasli-adama-motosiklet-carpti\/#article\",\"isPartOf\":{\"@id\":\"http:\/\/denizcankizil.tr\/en\/haberler\/antalya\/yasli-adama-motosiklet-carpti\/\"},\"author\":{\"name\":\"Av. Deniz Can K\u0131z\u0131l\",\"@id\":\"https:\/\/denizcankizil.tr\/de\/#\/schema\/person\/5dc1b22991bd7ac833867c10afc9b0ff\"},\"headline\":\"Ya\u015fl\u0131 adama motosiklet \u00e7arpt\u0131\",\"datePublished\":\"2025-05-08T09:41:14+00:00\",\"mainEntityOfPage\":{\"@id\":\"http:\/\/denizcankizil.tr\/en\/haberler\/antalya\/yasli-adama-motosiklet-carpti\/\"},\"wordCount\":178,\"publisher\":{\"@id\":\"https:\/\/denizcankizil.tr\/de\/#organization\"},\"image\":{\"@id\":\"http:\/\/denizcankizil.tr\/en\/haberler\/antalya\/yasli-adama-motosiklet-carpti\/#primaryimage\"},\"thumbnailUrl\":\"http:\/\/denizcankizil.tr\/wp-content\/uploads\/2025\/05\/6230-01-tZmJHE.jpg\",\"articleSection\":[\"Antalya\"],\"inLanguage\":\"de\"},{\"@type\":\"WebPage\",\"@id\":\"http:\/\/denizcankizil.tr\/en\/haberler\/antalya\/yasli-adama-motosiklet-carpti\/\",\"url\":\"http:\/\/denizcankizil.tr\/en\/haberler\/antalya\/yasli-adama-motosiklet-carpti\/\",\"name\":\"Ya\u015fl\u0131 adama motosiklet \u00e7arpt\u0131 - Av. Deniz Can K\u0131z\u0131l\",\"isPartOf\":{\"@id\":\"https:\/\/denizcankizil.tr\/de\/#website\"},\"primaryImageOfPage\":{\"@id\":\"http:\/\/denizcankizil.tr\/en\/haberler\/antalya\/yasli-adama-motosiklet-carpti\/#primaryimage\"},\"image\":{\"@id\":\"http:\/\/denizcankizil.tr\/en\/haberler\/antalya\/yasli-adama-motosiklet-carpti\/#primaryimage\"},\"thumbnailUrl\":\"http:\/\/denizcankizil.tr\/wp-content\/uploads\/2025\/05\/6230-01-tZmJHE.jpg\",\"datePublished\":\"2025-05-08T09:41:14+00:00\",\"breadcrumb\":{\"@id\":\"http:\/\/denizcankizil.tr\/en\/haberler\/antalya\/yasli-adama-motosiklet-carpti\/#breadcrumb\"},\"inLanguage\":\"de\",\"potentialAction\":[{\"@type\":\"ReadAction\",\"target\":[\"http:\/\/denizcankizil.tr\/en\/haberler\/antalya\/yasli-adama-motosiklet-carpti\/\"]}]},{\"@type\":\"ImageObject\",\"inLanguage\":\"de\",\"@id\":\"http:\/\/denizcankizil.tr\/en\/haberler\/antalya\/yasli-adama-motosiklet-carpti\/#primaryimage\",\"url\":\"http:\/\/denizcankizil.tr\/wp-content\/uploads\/2025\/05\/6230-01-tZmJHE.jpg\",\"contentUrl\":\"http:\/\/denizcankizil.tr\/wp-content\/uploads\/2025\/05\/6230-01-tZmJHE.jpg\",\"width\":1280,\"height\":720},{\"@type\":\"BreadcrumbList\",\"@id\":\"http:\/\/denizcankizil.tr\/en\/haberler\/antalya\/yasli-adama-motosiklet-carpti\/#breadcrumb\",\"itemListElement\":[{\"@type\":\"ListItem\",\"position\":1,\"name\":\"Home\",\"item\":\"https:\/\/denizcankizil.tr\/de\/\"},{\"@type\":\"ListItem\",\"position\":2,\"name\":\"Ya\u015fl\u0131 adama motosiklet \u00e7arpt\u0131\"}]},{\"@type\":\"WebSite\",\"@id\":\"https:\/\/denizcankizil.tr\/de\/#website\",\"url\":\"https:\/\/denizcankizil.tr\/de\/\",\"name\":\"Av. Deniz Can K\u0131z\u0131l\",\"description\":\"Avukat Deniz Can K\u0131z\u0131l Antalya Barosu\",\"publisher\":{\"@id\":\"https:\/\/denizcankizil.tr\/de\/#organization\"},\"potentialAction\":[{\"@type\":\"SearchAction\",\"target\":{\"@type\":\"EntryPoint\",\"urlTemplate\":\"https:\/\/denizcankizil.tr\/de\/?s={search_term_string}\"},\"query-input\":{\"@type\":\"PropertyValueSpecification\",\"valueRequired\":true,\"valueName\":\"search_term_string\"}}],\"inLanguage\":\"de\"},{\"@type\":\"Organization\",\"@id\":\"https:\/\/denizcankizil.tr\/de\/#organization\",\"name\":\"Av. Deniz Can K\u0131z\u0131l\",\"url\":\"https:\/\/denizcankizil.tr\/de\/\",\"logo\":{\"@type\":\"ImageObject\",\"inLanguage\":\"de\",\"@id\":\"https:\/\/denizcankizil.tr\/de\/#\/schema\/logo\/image\/\",\"url\":\"http:\/\/denizcankizil.tr\/wp-content\/uploads\/2024\/10\/siyah-logo-svg.svg\",\"contentUrl\":\"http:\/\/denizcankizil.tr\/wp-content\/uploads\/2024\/10\/siyah-logo-svg.svg\",\"width\":1080,\"height\":1080,\"caption\":\"Av. Deniz Can K\u0131z\u0131l\"},\"image\":{\"@id\":\"https:\/\/denizcankizil.tr\/de\/#\/schema\/logo\/image\/\"}},{\"@type\":\"Person\",\"@id\":\"https:\/\/denizcankizil.tr\/de\/#\/schema\/person\/5dc1b22991bd7ac833867c10afc9b0ff\",\"name\":\"Av. Deniz Can K\u0131z\u0131l\",\"image\":{\"@type\":\"ImageObject\",\"inLanguage\":\"de\",\"@id\":\"https:\/\/denizcankizil.tr\/de\/#\/schema\/person\/image\/\",\"url\":\"https:\/\/secure.gravatar.com\/avatar\/a0b128fb9855c79efc976d5640eedb31dc35ec297594d6016d2cf7c60e975bb6?s=96&d=mm&r=g\",\"contentUrl\":\"https:\/\/secure.gravatar.com\/avatar\/a0b128fb9855c79efc976d5640eedb31dc35ec297594d6016d2cf7c60e975bb6?s=96&d=mm&r=g\",\"caption\":\"Av. Deniz Can K\u0131z\u0131l\"},\"sameAs\":[\"http:\/\/www.denizcankizil.tr\"],\"url\":\"http:\/\/denizcankizil.tr\/de\/author\/denizcankizil\/\"}]}<\/script>\n<!-- \/ Yoast SEO Premium plugin. -->","yoast_head_json":{"title":"Ya\u015fl\u0131 adama motosiklet \u00e7arpt\u0131 - Av. Deniz Can K\u0131z\u0131l","robots":{"index":"index","follow":"follow","max-snippet":"max-snippet:-1","max-image-preview":"max-image-preview:large","max-video-preview":"max-video-preview:-1"},"canonical":"http:\/\/denizcankizil.tr\/de\/haberler\/antalya\/yasli-adama-motosiklet-carpti\/","og_locale":"de_DE","og_type":"article","og_title":"Ya\u015fl\u0131 adama motosiklet \u00e7arpt\u0131","og_description":"Birinci kaza Mimar Sinan Mahallesi Hasan Fehmi Boztepe Caddesi&#8217;nde ya\u015fand\u0131. \u00c7akalderesi istikametinden gelip \u015fehir merkezi istikametine gitmekte olan Serdar \u0130lmen\u2019in kulland\u0131\u011f\u0131 07 BVT 381 plakal\u0131 motosiklet, Manavgat Emniyet M\u00fcd\u00fcrl\u00fc\u011f\u00fc\u2019ne 50 metre mesafede yaya olarak yolun kar\u015f\u0131s\u0131na ge\u00e7mek isteyen Faik Yeti\u015fgin\u2019e \u00e7arpt\u0131. Kazada yaralanan ve 112 sa\u011fl\u0131k ekibinin olay yerindeki m\u00fcdahalesinin ard\u0131ndan ambulansla hastaneye kald\u0131r\u0131lan 86 ya\u015f\u0131ndaki Faik Yeti\u015fgin\u2019in Manavgat Belediyesi Huzur Evinde kald\u0131\u011f\u0131 belirlendi. Yola aniden \u00e7\u0131kan araca \u00e7arpmamak i\u00e7in kontrolden \u00e7\u0131k\u0131p devrildi Birinci kazadan yakla\u015f\u0131k 40 dakika sonra ayn\u0131 caddede yolun kar\u015f\u0131 \u015feridinde ikinci kaza meydana geldi. Burcu \u00d6zden\u2019in kulland\u0131\u011f\u0131 07 BVK 743 plakal\u0131 motosiklet yol kenar\u0131nda park halindeyken, aniden yola \u00e7\u0131kan Murat I\u015f\u0131k\u2019\u0131n kulland\u0131\u011f\u0131 07 BYZ 154 plakal\u0131 kamyonete \u00e7arpmamak i\u00e7in frene bast\u0131\u011f\u0131nda direksiyon hakimiyetini kaybederek devrildi. Kazada yaralanan motosiklet s\u00fcr\u00fcc\u00fcs\u00fc Burcu \u00d6zden 112 sa\u011fl\u0131k ekibinin olay yerindeki m\u00fcdahalesinin ard\u0131ndan ambulansla hastaneye kald\u0131r\u0131ld\u0131. Kaynak: www.kanalv.com.tr Haber Sitesinden Al\u0131nm\u0131\u015ft\u0131r.","og_url":"http:\/\/denizcankizil.tr\/de\/haberler\/antalya\/yasli-adama-motosiklet-carpti\/","og_site_name":"Av. Deniz Can K\u0131z\u0131l","article_published_time":"2025-05-08T09:41:14+00:00","og_image":[{"width":1280,"height":720,"url":"http:\/\/denizcankizil.tr\/wp-content\/uploads\/2025\/05\/6230-01-tZmJHE.jpg","type":"image\/jpeg"}],"author":"Av. Deniz Can K\u0131z\u0131l","twitter_card":"summary_large_image","twitter_misc":{"Verfasst von":"Av. Deniz Can K\u0131z\u0131l","Gesch\u00e4tzte Lesezeit":"1\u00a0Minute"},"schema":{"@context":"https:\/\/schema.org","@graph":[{"@type":"Article","@id":"http:\/\/denizcankizil.tr\/en\/haberler\/antalya\/yasli-adama-motosiklet-carpti\/#article","isPartOf":{"@id":"http:\/\/denizcankizil.tr\/en\/haberler\/antalya\/yasli-adama-motosiklet-carpti\/"},"author":{"name":"Av. Deniz Can K\u0131z\u0131l","@id":"https:\/\/denizcankizil.tr\/de\/#\/schema\/person\/5dc1b22991bd7ac833867c10afc9b0ff"},"headline":"Ya\u015fl\u0131 adama motosiklet \u00e7arpt\u0131","datePublished":"2025-05-08T09:41:14+00:00","mainEntityOfPage":{"@id":"http:\/\/denizcankizil.tr\/en\/haberler\/antalya\/yasli-adama-motosiklet-carpti\/"},"wordCount":178,"publisher":{"@id":"https:\/\/denizcankizil.tr\/de\/#organization"},"image":{"@id":"http:\/\/denizcankizil.tr\/en\/haberler\/antalya\/yasli-adama-motosiklet-carpti\/#primaryimage"},"thumbnailUrl":"http:\/\/denizcankizil.tr\/wp-content\/uploads\/2025\/05\/6230-01-tZmJHE.jpg","articleSection":["Antalya"],"inLanguage":"de"},{"@type":"WebPage","@id":"http:\/\/denizcankizil.tr\/en\/haberler\/antalya\/yasli-adama-motosiklet-carpti\/","url":"http:\/\/denizcankizil.tr\/en\/haberler\/antalya\/yasli-adama-motosiklet-carpti\/","name":"Ya\u015fl\u0131 adama motosiklet \u00e7arpt\u0131 - Av. Deniz Can K\u0131z\u0131l","isPartOf":{"@id":"https:\/\/denizcankizil.tr\/de\/#website"},"primaryImageOfPage":{"@id":"http:\/\/denizcankizil.tr\/en\/haberler\/antalya\/yasli-adama-motosiklet-carpti\/#primaryimage"},"image":{"@id":"http:\/\/denizcankizil.tr\/en\/haberler\/antalya\/yasli-adama-motosiklet-carpti\/#primaryimage"},"thumbnailUrl":"http:\/\/denizcankizil.tr\/wp-content\/uploads\/2025\/05\/6230-01-tZmJHE.jpg","datePublished":"2025-05-08T09:41:14+00:00","breadcrumb":{"@id":"http:\/\/denizcankizil.tr\/en\/haberler\/antalya\/yasli-adama-motosiklet-carpti\/#breadcrumb"},"inLanguage":"de","potentialAction":[{"@type":"ReadAction","target":["http:\/\/denizcankizil.tr\/en\/haberler\/antalya\/yasli-adama-motosiklet-carpti\/"]}]},{"@type":"ImageObject","inLanguage":"de","@id":"http:\/\/denizcankizil.tr\/en\/haberler\/antalya\/yasli-adama-motosiklet-carpti\/#primaryimage","url":"http:\/\/denizcankizil.tr\/wp-content\/uploads\/2025\/05\/6230-01-tZmJHE.jpg","contentUrl":"http:\/\/denizcankizil.tr\/wp-content\/uploads\/2025\/05\/6230-01-tZmJHE.jpg","width":1280,"height":720},{"@type":"BreadcrumbList","@id":"http:\/\/denizcankizil.tr\/en\/haberler\/antalya\/yasli-adama-motosiklet-carpti\/#breadcrumb","itemListElement":[{"@type":"ListItem","position":1,"name":"Home","item":"https:\/\/denizcankizil.tr\/de\/"},{"@type":"ListItem","position":2,"name":"Ya\u015fl\u0131 adama motosiklet \u00e7arpt\u0131"}]},{"@type":"WebSite","@id":"https:\/\/denizcankizil.tr\/de\/#website","url":"https:\/\/denizcankizil.tr\/de\/","name":"Av. Deniz Can K\u0131z\u0131l","description":"Avukat Deniz Can K\u0131z\u0131l Antalya Barosu","publisher":{"@id":"https:\/\/denizcankizil.tr\/de\/#organization"},"potentialAction":[{"@type":"SearchAction","target":{"@type":"EntryPoint","urlTemplate":"https:\/\/denizcankizil.tr\/de\/?s={search_term_string}"},"query-input":{"@type":"PropertyValueSpecification","valueRequired":true,"valueName":"search_term_string"}}],"inLanguage":"de"},{"@type":"Organization","@id":"https:\/\/denizcankizil.tr\/de\/#organization","name":"Av. Deniz Can K\u0131z\u0131l","url":"https:\/\/denizcankizil.tr\/de\/","logo":{"@type":"ImageObject","inLanguage":"de","@id":"https:\/\/denizcankizil.tr\/de\/#\/schema\/logo\/image\/","url":"http:\/\/denizcankizil.tr\/wp-content\/uploads\/2024\/10\/siyah-logo-svg.svg","contentUrl":"http:\/\/denizcankizil.tr\/wp-content\/uploads\/2024\/10\/siyah-logo-svg.svg","width":1080,"height":1080,"caption":"Av. Deniz Can K\u0131z\u0131l"},"image":{"@id":"https:\/\/denizcankizil.tr\/de\/#\/schema\/logo\/image\/"}},{"@type":"Person","@id":"https:\/\/denizcankizil.tr\/de\/#\/schema\/person\/5dc1b22991bd7ac833867c10afc9b0ff","name":"Av. Deniz Can K\u0131z\u0131l","image":{"@type":"ImageObject","inLanguage":"de","@id":"https:\/\/denizcankizil.tr\/de\/#\/schema\/person\/image\/","url":"https:\/\/secure.gravatar.com\/avatar\/a0b128fb9855c79efc976d5640eedb31dc35ec297594d6016d2cf7c60e975bb6?s=96&d=mm&r=g","contentUrl":"https:\/\/secure.gravatar.com\/avatar\/a0b128fb9855c79efc976d5640eedb31dc35ec297594d6016d2cf7c60e975bb6?s=96&d=mm&r=g","caption":"Av. Deniz Can K\u0131z\u0131l"},"sameAs":["http:\/\/www.denizcankizil.tr"],"url":"http:\/\/denizcankizil.tr\/de\/author\/denizcankizil\/"}]}},"_links":{"self":[{"href":"http:\/\/denizcankizil.tr\/de\/wp-json\/wp\/v2\/posts\/79912","targetHints":{"allow":["GET"]}}],"collection":[{"href":"http:\/\/denizcankizil.tr\/de\/wp-json\/wp\/v2\/posts"}],"about":[{"href":"http:\/\/denizcankizil.tr\/de\/wp-json\/wp\/v2\/types\/post"}],"author":[{"embeddable":true,"href":"http:\/\/denizcankizil.tr\/de\/wp-json\/wp\/v2\/users\/4"}],"replies":[{"embeddable":true,"href":"http:\/\/denizcankizil.tr\/de\/wp-json\/wp\/v2\/comments?post=79912"}],"version-history":[{"count":0,"href":"http:\/\/denizcankizil.tr\/de\/wp-json\/wp\/v2\/posts\/79912\/revisions"}],"wp:featuredmedia":[{"embeddable":true,"href":"http:\/\/denizcankizil.tr\/de\/wp-json\/wp\/v2\/media\/79913"}],"wp:attachment":[{"href":"http:\/\/denizcankizil.tr\/de\/wp-json\/wp\/v2\/media?parent=79912"}],"wp:term":[{"taxonomy":"category","embeddable":true,"href":"http:\/\/denizcankizil.tr\/de\/wp-json\/wp\/v2\/categories?post=79912"},{"taxonomy":"post_tag","embeddable":true,"href":"http:\/\/denizcankizil.tr\/de\/wp-json\/wp\/v2\/tags?post=79912"}],"curies":[{"name":"wp","href":"https:\/\/api.w.org\/{rel}","templated":true}]}}