{"id":79030,"date":"2025-05-07T16:41:28","date_gmt":"2025-05-07T13:41:28","guid":{"rendered":"https:\/\/denizcankizil.tr\/uncategorized-tr\/ekrem-imamoglu-aksam-diplomanizi-alip-gelin\/"},"modified":"2025-05-07T16:41:28","modified_gmt":"2025-05-07T13:41:28","slug":"ekrem-imamoglu-aksam-diplomanizi-alip-gelin","status":"publish","type":"post","link":"http:\/\/denizcankizil.tr\/de\/haberler\/gundem\/ekrem-imamoglu-aksam-diplomanizi-alip-gelin\/","title":{"rendered":"Ekrem \u0130mamo\u011flu: Ak\u015fam diploman\u0131z\u0131 al\u0131p gelin"},"content":{"rendered":"<p>\u0130stanbul B\u00fcy\u00fck\u015fehir Belediye (\u0130BB) Ba\u015fkan\u0131 ve CHP\u2019nin cumhurba\u015fkan\u0131 aday\u0131 Ekrem \u0130mamo\u011flu 19 Mart 2025 tarihinde hakk\u0131nda \u00e7\u0131kan yolsuz iddialar\u0131n\u0131n ard\u0131ndan tutukland\u0131. \u0130mamo\u011flu\u2019nun yarg\u0131lanma s\u00fcreci devam ederken sosyal medya \u00fczerinden ise s\u0131k s\u0131k halk\u0131na seslenme devam ediyor.<\/p>\n<p>\u201cD\u0130PLOMALARINIZI GET\u0130R\u0130N\u201d<\/p>\n<p>\u0130BB Ba\u015fkan\u0131 Ekrem \u0130mamo\u011flu sosyal medya \u00fczerinden yapt\u0131\u011f\u0131 payla\u015f\u0131mda diplomas\u0131na vurgu yapt\u0131. \u0130mamo\u011flu 7 May\u0131s 2025 (bug\u00fcn) saat 20.30\u2019da Beyaz\u0131t Meydan\u0131\u2019nda davetti. Sadece bununla yetinemeyen \u0130mamo\u011flu mitinge gelen vatanda\u015flar\u0131n yan\u0131nda diplomas\u0131n\u0131 da getirmesini istedi.<\/p>\n<p>Bu ak\u015fam saat 20.30\u2019da Beyaz\u0131t Meydan\u0131\u2019nda bulu\u015fuyoruz.<\/p>\n<p>Diploman\u0131 al da gel. \ud83d\ude0a pic.twitter.com\/v7x2BJsxYN<br \/>\n\u2014 Ekrem \u0130mamo\u011flu (@ekrem_imamoglu) May 7, 2025<\/p>\n<p>NE OLMU\u015eTU? <\/p>\n<p>\u0130BB Ba\u015fkan\u0131 Ekrem \u0130mamo\u011flu\u2019nun ge\u00e7ti\u011fimiz g\u00fcn (6 May\u0131s 2025) \u0130stanbul \u00dcniversitesi taraf\u0131ndan al\u0131nan bir kararla diplomas\u0131 \u00fcniversitenin veri taban\u0131ndan silindi. . Al\u0131nan bu karar\u0131n ard\u0131ndan \u0130mamo\u011flu\u2019nun E-Devlet sistemine girdi\u011finde art\u0131k lise mezunu olarak g\u00f6r\u00fcnece\u011fi s\u00f6ylendi. \u0130mamo\u011flu\u2019nun avukat\u0131 Mehmet Pehlivan, yapt\u0131\u011f\u0131 a\u00e7\u0131klamada m\u00fcvekkilinin \u00fcniversite diplomas\u0131n\u0131n iptali i\u015flemine kar\u015f\u0131 dava a\u00e7t\u0131klar\u0131n\u0131 duyurmu\u015ftu.<\/p>\n<p>\u0130MAMO\u011eLU\u2019NUN D\u0130PLOMASI NEDEN \u0130PTAL ED\u0130LD\u0130 <\/p>\n<p>Rekt\u00f6r Prof. Dr. Osman B\u00fclent Z\u00fclfikar ba\u015fkanl\u0131\u011f\u0131ndaki \u0130stanbul \u00dcniversitesi Y\u00f6netim Kurulu, \u0130mamo\u011flu&#8217;nun da aralar\u0131nda bulundu\u011fu 28 ki\u015finin diplomalar\u0131n\u0131n &#8220;yokluk&#8221; ve &#8220;a\u00e7\u0131k hata&#8221; gerek\u00e7eleriyle geri al\u0131nmak suretiyle iptaline karar vermi\u015fti. \u00dcniversite raporuna g\u00f6re; bu ki\u015filerin diploma iptal edilme nedenleri aras\u0131nda yatay ge\u00e7i\u015f \u015fartlar\u0131 aras\u0131nda yer alan not ortalamas\u0131n\u0131n &#8220;2,40&#8221; \u00fcst\u00fc olmamas\u0131, transkriptte &#8220;FF&#8221; notu olmas\u0131, \u00f6\u011frencilerin okudu\u011fu \u00fcniversitenin \u0130stanbul \u00dcniversitesinin k\u00fct\u00fck kay\u0131tlar\u0131nda bulunmamas\u0131 gibi gerek\u00e7eler yer ald\u0131\u011f\u0131 belirtildi. \u0130mamo\u011flu&#8217;nun \u0130stanbul \u00dcniversitesine kontenjan d\u0131\u015f\u0131 kay\u0131t yapt\u0131rd\u0131\u011f\u0131, yatay ge\u00e7i\u015f i\u015flemini okudu\u011fu Girne Amerikan \u00dcniversitesi yerine Do\u011fu Akdeniz \u00dcniversitesi ad\u0131yla yapt\u0131\u011f\u0131 kaydedildi.<\/p>\n<p>\u200bTutuklu bulunan \u0130BB Ba\u015fkan\u0131 ve CHP\u2019nin Cumhurba\u015fkan\u0131 Aday\u0131 Ekrem \u0130mamo\u011flu, sosyal medya \u00fczerinden yapt\u0131\u011f\u0131 payla\u015f\u0131mda vatanda\u015flar\u0131 7 May\u0131s 2025 (bug\u00fcn) saat 20.30\u2019da Beyaz\u0131t Meydan\u0131\u2019nda davet ederken yanlar\u0131nda ise diplomalar\u0131n\u0131 getirmelerini istedi.\u00a0<\/p>\n<p>\u200bHaberin Al\u0131nt\u0131land\u0131\u011f\u0131 Kaynak: www.antalyakorfez.com<\/p>","protected":false},"excerpt":{"rendered":"<p>\u0130stanbul B\u00fcy\u00fck\u015fehir Belediye (\u0130BB) Ba\u015fkan\u0131 ve CHP\u2019nin cumhurba\u015fkan\u0131 aday\u0131 Ekrem \u0130mamo\u011flu 19 Mart 2025 tarihinde hakk\u0131nda \u00e7\u0131kan yolsuz iddialar\u0131n\u0131n ard\u0131ndan tutukland\u0131. \u0130mamo\u011flu\u2019nun yarg\u0131lanma s\u00fcreci devam ederken sosyal medya \u00fczerinden ise s\u0131k s\u0131k halk\u0131na seslenme devam ediyor. \u201cD\u0130PLOMALARINIZI GET\u0130R\u0130N\u201d \u0130BB Ba\u015fkan\u0131 Ekrem \u0130mamo\u011flu sosyal medya \u00fczerinden yapt\u0131\u011f\u0131 payla\u015f\u0131mda diplomas\u0131na vurgu yapt\u0131. \u0130mamo\u011flu 7 May\u0131s 2025 (bug\u00fcn) saat 20.30\u2019da Beyaz\u0131t Meydan\u0131\u2019nda davetti. Sadece bununla yetinemeyen \u0130mamo\u011flu mitinge gelen vatanda\u015flar\u0131n yan\u0131nda diplomas\u0131n\u0131 da getirmesini istedi. Bu ak\u015fam saat 20.30\u2019da Beyaz\u0131t Meydan\u0131\u2019nda bulu\u015fuyoruz. Diploman\u0131 al da gel. \ud83d\ude0a pic.twitter.com\/v7x2BJsxYN \u2014 Ekrem \u0130mamo\u011flu (@ekrem_imamoglu) May 7, 2025 NE OLMU\u015eTU? \u0130BB Ba\u015fkan\u0131 Ekrem \u0130mamo\u011flu\u2019nun ge\u00e7ti\u011fimiz g\u00fcn (6 May\u0131s 2025) \u0130stanbul \u00dcniversitesi taraf\u0131ndan al\u0131nan bir kararla diplomas\u0131 \u00fcniversitenin veri taban\u0131ndan silindi. . Al\u0131nan bu karar\u0131n ard\u0131ndan \u0130mamo\u011flu\u2019nun E-Devlet sistemine girdi\u011finde art\u0131k lise mezunu olarak g\u00f6r\u00fcnece\u011fi s\u00f6ylendi. \u0130mamo\u011flu\u2019nun avukat\u0131 Mehmet Pehlivan, yapt\u0131\u011f\u0131 a\u00e7\u0131klamada m\u00fcvekkilinin \u00fcniversite diplomas\u0131n\u0131n iptali i\u015flemine kar\u015f\u0131 dava a\u00e7t\u0131klar\u0131n\u0131 duyurmu\u015ftu. \u0130MAMO\u011eLU\u2019NUN D\u0130PLOMASI NEDEN \u0130PTAL ED\u0130LD\u0130 Rekt\u00f6r Prof. Dr. Osman B\u00fclent Z\u00fclfikar ba\u015fkanl\u0131\u011f\u0131ndaki \u0130stanbul \u00dcniversitesi Y\u00f6netim Kurulu, \u0130mamo\u011flu&#8217;nun da aralar\u0131nda bulundu\u011fu 28 ki\u015finin diplomalar\u0131n\u0131n &#8220;yokluk&#8221; ve &#8220;a\u00e7\u0131k hata&#8221; gerek\u00e7eleriyle geri al\u0131nmak suretiyle iptaline karar vermi\u015fti. \u00dcniversite raporuna g\u00f6re; bu ki\u015filerin diploma iptal edilme nedenleri aras\u0131nda yatay ge\u00e7i\u015f \u015fartlar\u0131 aras\u0131nda yer alan not ortalamas\u0131n\u0131n &#8220;2,40&#8221; \u00fcst\u00fc olmamas\u0131, transkriptte &hellip;<\/p>","protected":false},"author":5,"featured_media":0,"comment_status":"","ping_status":"open","sticky":false,"template":"","format":"standard","meta":{"_acf_changed":false,"footnotes":""},"categories":[24],"tags":[],"class_list":["post-79030","post","type-post","status-publish","format-standard","has-post-thumbnail","hentry","category-gundem"],"acf":[],"yoast_head":"<!-- This site is optimized with the Yoast SEO Premium plugin v26.6 (Yoast SEO v27.1.1) - https:\/\/yoast.com\/product\/yoast-seo-premium-wordpress\/ -->\n<title>Ekrem \u0130mamo\u011flu: Ak\u015fam diploman\u0131z\u0131 al\u0131p gelin - Av. Deniz Can K\u0131z\u0131l<\/title>\n<meta name=\"robots\" content=\"index, follow, max-snippet:-1, max-image-preview:large, max-video-preview:-1\" \/>\n<link rel=\"canonical\" href=\"https:\/\/denizcankizil.tr\/de\/haberler\/gundem\/ekrem-imamoglu-aksam-diplomanizi-alip-gelin\/\" \/>\n<meta property=\"og:locale\" content=\"de_DE\" \/>\n<meta property=\"og:type\" content=\"article\" \/>\n<meta property=\"og:title\" content=\"Ekrem \u0130mamo\u011flu: Ak\u015fam diploman\u0131z\u0131 al\u0131p gelin\" \/>\n<meta property=\"og:description\" content=\"\u0130stanbul B\u00fcy\u00fck\u015fehir Belediye (\u0130BB) Ba\u015fkan\u0131 ve CHP\u2019nin cumhurba\u015fkan\u0131 aday\u0131 Ekrem \u0130mamo\u011flu 19 Mart 2025 tarihinde hakk\u0131nda \u00e7\u0131kan yolsuz iddialar\u0131n\u0131n ard\u0131ndan tutukland\u0131. \u0130mamo\u011flu\u2019nun yarg\u0131lanma s\u00fcreci devam ederken sosyal medya \u00fczerinden ise s\u0131k s\u0131k halk\u0131na seslenme devam ediyor. \u201cD\u0130PLOMALARINIZI GET\u0130R\u0130N\u201d \u0130BB Ba\u015fkan\u0131 Ekrem \u0130mamo\u011flu sosyal medya \u00fczerinden yapt\u0131\u011f\u0131 payla\u015f\u0131mda diplomas\u0131na vurgu yapt\u0131. \u0130mamo\u011flu 7 May\u0131s 2025 (bug\u00fcn) saat 20.30\u2019da Beyaz\u0131t Meydan\u0131\u2019nda davetti. Sadece bununla yetinemeyen \u0130mamo\u011flu mitinge gelen vatanda\u015flar\u0131n yan\u0131nda diplomas\u0131n\u0131 da getirmesini istedi. Bu ak\u015fam saat 20.30\u2019da Beyaz\u0131t Meydan\u0131\u2019nda bulu\u015fuyoruz. Diploman\u0131 al da gel. \ud83d\ude0a pic.twitter.com\/v7x2BJsxYN \u2014 Ekrem \u0130mamo\u011flu (@ekrem_imamoglu) May 7, 2025 NE OLMU\u015eTU? \u0130BB Ba\u015fkan\u0131 Ekrem \u0130mamo\u011flu\u2019nun ge\u00e7ti\u011fimiz g\u00fcn (6 May\u0131s 2025) \u0130stanbul \u00dcniversitesi taraf\u0131ndan al\u0131nan bir kararla diplomas\u0131 \u00fcniversitenin veri taban\u0131ndan silindi. . Al\u0131nan bu karar\u0131n ard\u0131ndan \u0130mamo\u011flu\u2019nun E-Devlet sistemine girdi\u011finde art\u0131k lise mezunu olarak g\u00f6r\u00fcnece\u011fi s\u00f6ylendi. \u0130mamo\u011flu\u2019nun avukat\u0131 Mehmet Pehlivan, yapt\u0131\u011f\u0131 a\u00e7\u0131klamada m\u00fcvekkilinin \u00fcniversite diplomas\u0131n\u0131n iptali i\u015flemine kar\u015f\u0131 dava a\u00e7t\u0131klar\u0131n\u0131 duyurmu\u015ftu. \u0130MAMO\u011eLU\u2019NUN D\u0130PLOMASI NEDEN \u0130PTAL ED\u0130LD\u0130 Rekt\u00f6r Prof. Dr. Osman B\u00fclent Z\u00fclfikar ba\u015fkanl\u0131\u011f\u0131ndaki \u0130stanbul \u00dcniversitesi Y\u00f6netim Kurulu, \u0130mamo\u011flu&#8217;nun da aralar\u0131nda bulundu\u011fu 28 ki\u015finin diplomalar\u0131n\u0131n &#8220;yokluk&#8221; ve &#8220;a\u00e7\u0131k hata&#8221; gerek\u00e7eleriyle geri al\u0131nmak suretiyle iptaline karar vermi\u015fti. \u00dcniversite raporuna g\u00f6re; bu ki\u015filerin diploma iptal edilme nedenleri aras\u0131nda yatay ge\u00e7i\u015f \u015fartlar\u0131 aras\u0131nda yer alan not ortalamas\u0131n\u0131n &#8220;2,40&#8221; \u00fcst\u00fc olmamas\u0131, transkriptte &hellip;\" \/>\n<meta property=\"og:url\" content=\"https:\/\/denizcankizil.tr\/de\/haberler\/gundem\/ekrem-imamoglu-aksam-diplomanizi-alip-gelin\/\" \/>\n<meta property=\"og:site_name\" content=\"Av. Deniz Can K\u0131z\u0131l\" \/>\n<meta property=\"article:published_time\" content=\"2025-05-07T13:41:28+00:00\" \/>\n<meta name=\"author\" content=\"Antalya K\u00f6rfez\" \/>\n<meta name=\"twitter:card\" content=\"summary_large_image\" \/>\n<meta name=\"twitter:label1\" content=\"Verfasst von\" \/>\n\t<meta name=\"twitter:data1\" content=\"Antalya K\u00f6rfez\" \/>\n\t<meta name=\"twitter:label2\" content=\"Gesch\u00e4tzte Lesezeit\" \/>\n\t<meta name=\"twitter:data2\" content=\"2\u00a0Minuten\" \/>\n<script type=\"application\/ld+json\" class=\"yoast-schema-graph\">{\"@context\":\"https:\/\/schema.org\",\"@graph\":[{\"@type\":\"Article\",\"@id\":\"https:\/\/denizcankizil.tr\/ru\/haberler\/gundem\/ekrem-imamoglu-aksam-diplomanizi-alip-gelin\/#article\",\"isPartOf\":{\"@id\":\"https:\/\/denizcankizil.tr\/ru\/haberler\/gundem\/ekrem-imamoglu-aksam-diplomanizi-alip-gelin\/\"},\"author\":{\"name\":\"Antalya K\u00f6rfez\",\"@id\":\"https:\/\/denizcankizil.tr\/de\/#\/schema\/person\/e1eb71bb4dd684d46563f0af307e1234\"},\"headline\":\"Ekrem \u0130mamo\u011flu: Ak\u015fam diploman\u0131z\u0131 al\u0131p gelin\",\"datePublished\":\"2025-05-07T13:41:28+00:00\",\"mainEntityOfPage\":{\"@id\":\"https:\/\/denizcankizil.tr\/ru\/haberler\/gundem\/ekrem-imamoglu-aksam-diplomanizi-alip-gelin\/\"},\"wordCount\":405,\"publisher\":{\"@id\":\"https:\/\/denizcankizil.tr\/de\/#organization\"},\"articleSection\":[\"G\u00fcndem\"],\"inLanguage\":\"de\"},{\"@type\":\"WebPage\",\"@id\":\"https:\/\/denizcankizil.tr\/ru\/haberler\/gundem\/ekrem-imamoglu-aksam-diplomanizi-alip-gelin\/\",\"url\":\"https:\/\/denizcankizil.tr\/ru\/haberler\/gundem\/ekrem-imamoglu-aksam-diplomanizi-alip-gelin\/\",\"name\":\"Ekrem \u0130mamo\u011flu: Ak\u015fam diploman\u0131z\u0131 al\u0131p gelin - Av. Deniz Can K\u0131z\u0131l\",\"isPartOf\":{\"@id\":\"https:\/\/denizcankizil.tr\/de\/#website\"},\"datePublished\":\"2025-05-07T13:41:28+00:00\",\"breadcrumb\":{\"@id\":\"https:\/\/denizcankizil.tr\/ru\/haberler\/gundem\/ekrem-imamoglu-aksam-diplomanizi-alip-gelin\/#breadcrumb\"},\"inLanguage\":\"de\",\"potentialAction\":[{\"@type\":\"ReadAction\",\"target\":[\"https:\/\/denizcankizil.tr\/ru\/haberler\/gundem\/ekrem-imamoglu-aksam-diplomanizi-alip-gelin\/\"]}]},{\"@type\":\"BreadcrumbList\",\"@id\":\"https:\/\/denizcankizil.tr\/ru\/haberler\/gundem\/ekrem-imamoglu-aksam-diplomanizi-alip-gelin\/#breadcrumb\",\"itemListElement\":[{\"@type\":\"ListItem\",\"position\":1,\"name\":\"Home\",\"item\":\"https:\/\/denizcankizil.tr\/de\/\"},{\"@type\":\"ListItem\",\"position\":2,\"name\":\"Ekrem \u0130mamo\u011flu: Ak\u015fam diploman\u0131z\u0131 al\u0131p gelin\"}]},{\"@type\":\"WebSite\",\"@id\":\"https:\/\/denizcankizil.tr\/de\/#website\",\"url\":\"https:\/\/denizcankizil.tr\/de\/\",\"name\":\"Av. Deniz Can K\u0131z\u0131l\",\"description\":\"Avukat Deniz Can K\u0131z\u0131l Antalya Barosu\",\"publisher\":{\"@id\":\"https:\/\/denizcankizil.tr\/de\/#organization\"},\"potentialAction\":[{\"@type\":\"SearchAction\",\"target\":{\"@type\":\"EntryPoint\",\"urlTemplate\":\"https:\/\/denizcankizil.tr\/de\/?s={search_term_string}\"},\"query-input\":{\"@type\":\"PropertyValueSpecification\",\"valueRequired\":true,\"valueName\":\"search_term_string\"}}],\"inLanguage\":\"de\"},{\"@type\":\"Organization\",\"@id\":\"https:\/\/denizcankizil.tr\/de\/#organization\",\"name\":\"Av. Deniz Can K\u0131z\u0131l\",\"url\":\"https:\/\/denizcankizil.tr\/de\/\",\"logo\":{\"@type\":\"ImageObject\",\"inLanguage\":\"de\",\"@id\":\"https:\/\/denizcankizil.tr\/de\/#\/schema\/logo\/image\/\",\"url\":\"http:\/\/denizcankizil.tr\/wp-content\/uploads\/2024\/10\/siyah-logo-svg.svg\",\"contentUrl\":\"http:\/\/denizcankizil.tr\/wp-content\/uploads\/2024\/10\/siyah-logo-svg.svg\",\"width\":1080,\"height\":1080,\"caption\":\"Av. Deniz Can K\u0131z\u0131l\"},\"image\":{\"@id\":\"https:\/\/denizcankizil.tr\/de\/#\/schema\/logo\/image\/\"}},{\"@type\":\"Person\",\"@id\":\"https:\/\/denizcankizil.tr\/de\/#\/schema\/person\/e1eb71bb4dd684d46563f0af307e1234\",\"name\":\"Antalya K\u00f6rfez\",\"image\":{\"@type\":\"ImageObject\",\"inLanguage\":\"de\",\"@id\":\"https:\/\/denizcankizil.tr\/de\/#\/schema\/person\/image\/\",\"url\":\"https:\/\/secure.gravatar.com\/avatar\/42b01982558a48a0b501fdcab6a408d3717ea5919095ee2e67b0e521799c5905?s=96&d=mm&r=g\",\"contentUrl\":\"https:\/\/secure.gravatar.com\/avatar\/42b01982558a48a0b501fdcab6a408d3717ea5919095ee2e67b0e521799c5905?s=96&d=mm&r=g\",\"caption\":\"Antalya K\u00f6rfez\"},\"sameAs\":[\"http:\/\/www.antalyakorfez.com\"],\"url\":\"https:\/\/www.antalyakorfez.com\/ekrem-imamoglu-aksam-diplomanizi-alip-gelin\"}]}<\/script>\n<!-- \/ Yoast SEO Premium plugin. -->","yoast_head_json":{"title":"Ekrem \u0130mamo\u011flu: Ak\u015fam diploman\u0131z\u0131 al\u0131p gelin - Av. Deniz Can K\u0131z\u0131l","robots":{"index":"index","follow":"follow","max-snippet":"max-snippet:-1","max-image-preview":"max-image-preview:large","max-video-preview":"max-video-preview:-1"},"canonical":"https:\/\/denizcankizil.tr\/de\/haberler\/gundem\/ekrem-imamoglu-aksam-diplomanizi-alip-gelin\/","og_locale":"de_DE","og_type":"article","og_title":"Ekrem \u0130mamo\u011flu: Ak\u015fam diploman\u0131z\u0131 al\u0131p gelin","og_description":"\u0130stanbul B\u00fcy\u00fck\u015fehir Belediye (\u0130BB) Ba\u015fkan\u0131 ve CHP\u2019nin cumhurba\u015fkan\u0131 aday\u0131 Ekrem \u0130mamo\u011flu 19 Mart 2025 tarihinde hakk\u0131nda \u00e7\u0131kan yolsuz iddialar\u0131n\u0131n ard\u0131ndan tutukland\u0131. \u0130mamo\u011flu\u2019nun yarg\u0131lanma s\u00fcreci devam ederken sosyal medya \u00fczerinden ise s\u0131k s\u0131k halk\u0131na seslenme devam ediyor. \u201cD\u0130PLOMALARINIZI GET\u0130R\u0130N\u201d \u0130BB Ba\u015fkan\u0131 Ekrem \u0130mamo\u011flu sosyal medya \u00fczerinden yapt\u0131\u011f\u0131 payla\u015f\u0131mda diplomas\u0131na vurgu yapt\u0131. \u0130mamo\u011flu 7 May\u0131s 2025 (bug\u00fcn) saat 20.30\u2019da Beyaz\u0131t Meydan\u0131\u2019nda davetti. Sadece bununla yetinemeyen \u0130mamo\u011flu mitinge gelen vatanda\u015flar\u0131n yan\u0131nda diplomas\u0131n\u0131 da getirmesini istedi. Bu ak\u015fam saat 20.30\u2019da Beyaz\u0131t Meydan\u0131\u2019nda bulu\u015fuyoruz. Diploman\u0131 al da gel. \ud83d\ude0a pic.twitter.com\/v7x2BJsxYN \u2014 Ekrem \u0130mamo\u011flu (@ekrem_imamoglu) May 7, 2025 NE OLMU\u015eTU? \u0130BB Ba\u015fkan\u0131 Ekrem \u0130mamo\u011flu\u2019nun ge\u00e7ti\u011fimiz g\u00fcn (6 May\u0131s 2025) \u0130stanbul \u00dcniversitesi taraf\u0131ndan al\u0131nan bir kararla diplomas\u0131 \u00fcniversitenin veri taban\u0131ndan silindi. . Al\u0131nan bu karar\u0131n ard\u0131ndan \u0130mamo\u011flu\u2019nun E-Devlet sistemine girdi\u011finde art\u0131k lise mezunu olarak g\u00f6r\u00fcnece\u011fi s\u00f6ylendi. \u0130mamo\u011flu\u2019nun avukat\u0131 Mehmet Pehlivan, yapt\u0131\u011f\u0131 a\u00e7\u0131klamada m\u00fcvekkilinin \u00fcniversite diplomas\u0131n\u0131n iptali i\u015flemine kar\u015f\u0131 dava a\u00e7t\u0131klar\u0131n\u0131 duyurmu\u015ftu. \u0130MAMO\u011eLU\u2019NUN D\u0130PLOMASI NEDEN \u0130PTAL ED\u0130LD\u0130 Rekt\u00f6r Prof. Dr. Osman B\u00fclent Z\u00fclfikar ba\u015fkanl\u0131\u011f\u0131ndaki \u0130stanbul \u00dcniversitesi Y\u00f6netim Kurulu, \u0130mamo\u011flu&#8217;nun da aralar\u0131nda bulundu\u011fu 28 ki\u015finin diplomalar\u0131n\u0131n &#8220;yokluk&#8221; ve &#8220;a\u00e7\u0131k hata&#8221; gerek\u00e7eleriyle geri al\u0131nmak suretiyle iptaline karar vermi\u015fti. \u00dcniversite raporuna g\u00f6re; bu ki\u015filerin diploma iptal edilme nedenleri aras\u0131nda yatay ge\u00e7i\u015f \u015fartlar\u0131 aras\u0131nda yer alan not ortalamas\u0131n\u0131n &#8220;2,40&#8221; \u00fcst\u00fc olmamas\u0131, transkriptte &hellip;","og_url":"https:\/\/denizcankizil.tr\/de\/haberler\/gundem\/ekrem-imamoglu-aksam-diplomanizi-alip-gelin\/","og_site_name":"Av. Deniz Can K\u0131z\u0131l","article_published_time":"2025-05-07T13:41:28+00:00","author":"Antalya K\u00f6rfez","twitter_card":"summary_large_image","twitter_misc":{"Verfasst von":"Antalya K\u00f6rfez","Gesch\u00e4tzte Lesezeit":"2\u00a0Minuten"},"schema":{"@context":"https:\/\/schema.org","@graph":[{"@type":"Article","@id":"https:\/\/denizcankizil.tr\/ru\/haberler\/gundem\/ekrem-imamoglu-aksam-diplomanizi-alip-gelin\/#article","isPartOf":{"@id":"https:\/\/denizcankizil.tr\/ru\/haberler\/gundem\/ekrem-imamoglu-aksam-diplomanizi-alip-gelin\/"},"author":{"name":"Antalya K\u00f6rfez","@id":"https:\/\/denizcankizil.tr\/de\/#\/schema\/person\/e1eb71bb4dd684d46563f0af307e1234"},"headline":"Ekrem \u0130mamo\u011flu: Ak\u015fam diploman\u0131z\u0131 al\u0131p gelin","datePublished":"2025-05-07T13:41:28+00:00","mainEntityOfPage":{"@id":"https:\/\/denizcankizil.tr\/ru\/haberler\/gundem\/ekrem-imamoglu-aksam-diplomanizi-alip-gelin\/"},"wordCount":405,"publisher":{"@id":"https:\/\/denizcankizil.tr\/de\/#organization"},"articleSection":["G\u00fcndem"],"inLanguage":"de"},{"@type":"WebPage","@id":"https:\/\/denizcankizil.tr\/ru\/haberler\/gundem\/ekrem-imamoglu-aksam-diplomanizi-alip-gelin\/","url":"https:\/\/denizcankizil.tr\/ru\/haberler\/gundem\/ekrem-imamoglu-aksam-diplomanizi-alip-gelin\/","name":"Ekrem \u0130mamo\u011flu: Ak\u015fam diploman\u0131z\u0131 al\u0131p gelin - Av. Deniz Can K\u0131z\u0131l","isPartOf":{"@id":"https:\/\/denizcankizil.tr\/de\/#website"},"datePublished":"2025-05-07T13:41:28+00:00","breadcrumb":{"@id":"https:\/\/denizcankizil.tr\/ru\/haberler\/gundem\/ekrem-imamoglu-aksam-diplomanizi-alip-gelin\/#breadcrumb"},"inLanguage":"de","potentialAction":[{"@type":"ReadAction","target":["https:\/\/denizcankizil.tr\/ru\/haberler\/gundem\/ekrem-imamoglu-aksam-diplomanizi-alip-gelin\/"]}]},{"@type":"BreadcrumbList","@id":"https:\/\/denizcankizil.tr\/ru\/haberler\/gundem\/ekrem-imamoglu-aksam-diplomanizi-alip-gelin\/#breadcrumb","itemListElement":[{"@type":"ListItem","position":1,"name":"Home","item":"https:\/\/denizcankizil.tr\/de\/"},{"@type":"ListItem","position":2,"name":"Ekrem \u0130mamo\u011flu: Ak\u015fam diploman\u0131z\u0131 al\u0131p gelin"}]},{"@type":"WebSite","@id":"https:\/\/denizcankizil.tr\/de\/#website","url":"https:\/\/denizcankizil.tr\/de\/","name":"Av. Deniz Can K\u0131z\u0131l","description":"Avukat Deniz Can K\u0131z\u0131l Antalya Barosu","publisher":{"@id":"https:\/\/denizcankizil.tr\/de\/#organization"},"potentialAction":[{"@type":"SearchAction","target":{"@type":"EntryPoint","urlTemplate":"https:\/\/denizcankizil.tr\/de\/?s={search_term_string}"},"query-input":{"@type":"PropertyValueSpecification","valueRequired":true,"valueName":"search_term_string"}}],"inLanguage":"de"},{"@type":"Organization","@id":"https:\/\/denizcankizil.tr\/de\/#organization","name":"Av. Deniz Can K\u0131z\u0131l","url":"https:\/\/denizcankizil.tr\/de\/","logo":{"@type":"ImageObject","inLanguage":"de","@id":"https:\/\/denizcankizil.tr\/de\/#\/schema\/logo\/image\/","url":"http:\/\/denizcankizil.tr\/wp-content\/uploads\/2024\/10\/siyah-logo-svg.svg","contentUrl":"http:\/\/denizcankizil.tr\/wp-content\/uploads\/2024\/10\/siyah-logo-svg.svg","width":1080,"height":1080,"caption":"Av. Deniz Can K\u0131z\u0131l"},"image":{"@id":"https:\/\/denizcankizil.tr\/de\/#\/schema\/logo\/image\/"}},{"@type":"Person","@id":"https:\/\/denizcankizil.tr\/de\/#\/schema\/person\/e1eb71bb4dd684d46563f0af307e1234","name":"Antalya K\u00f6rfez","image":{"@type":"ImageObject","inLanguage":"de","@id":"https:\/\/denizcankizil.tr\/de\/#\/schema\/person\/image\/","url":"https:\/\/secure.gravatar.com\/avatar\/42b01982558a48a0b501fdcab6a408d3717ea5919095ee2e67b0e521799c5905?s=96&d=mm&r=g","contentUrl":"https:\/\/secure.gravatar.com\/avatar\/42b01982558a48a0b501fdcab6a408d3717ea5919095ee2e67b0e521799c5905?s=96&d=mm&r=g","caption":"Antalya K\u00f6rfez"},"sameAs":["http:\/\/www.antalyakorfez.com"],"url":"https:\/\/www.antalyakorfez.com\/ekrem-imamoglu-aksam-diplomanizi-alip-gelin"}]}},"_links":{"self":[{"href":"http:\/\/denizcankizil.tr\/de\/wp-json\/wp\/v2\/posts\/79030","targetHints":{"allow":["GET"]}}],"collection":[{"href":"http:\/\/denizcankizil.tr\/de\/wp-json\/wp\/v2\/posts"}],"about":[{"href":"http:\/\/denizcankizil.tr\/de\/wp-json\/wp\/v2\/types\/post"}],"author":[{"embeddable":true,"href":"http:\/\/denizcankizil.tr\/de\/wp-json\/wp\/v2\/users\/5"}],"replies":[{"embeddable":true,"href":"http:\/\/denizcankizil.tr\/de\/wp-json\/wp\/v2\/comments?post=79030"}],"version-history":[{"count":0,"href":"http:\/\/denizcankizil.tr\/de\/wp-json\/wp\/v2\/posts\/79030\/revisions"}],"wp:attachment":[{"href":"http:\/\/denizcankizil.tr\/de\/wp-json\/wp\/v2\/media?parent=79030"}],"wp:term":[{"taxonomy":"category","embeddable":true,"href":"http:\/\/denizcankizil.tr\/de\/wp-json\/wp\/v2\/categories?post=79030"},{"taxonomy":"post_tag","embeddable":true,"href":"http:\/\/denizcankizil.tr\/de\/wp-json\/wp\/v2\/tags?post=79030"}],"curies":[{"name":"wp","href":"https:\/\/api.w.org\/{rel}","templated":true}]}}