{"id":78893,"date":"2025-05-07T13:41:15","date_gmt":"2025-05-07T10:41:15","guid":{"rendered":"https:\/\/denizcankizil.tr\/uncategorized-tr\/foodfest-gastronomi-festivali-basliyor\/"},"modified":"2025-05-07T13:41:15","modified_gmt":"2025-05-07T10:41:15","slug":"foodfest-gastronomi-festivali-basliyor","status":"publish","type":"post","link":"http:\/\/denizcankizil.tr\/de\/haberler\/antalya\/foodfest-gastronomi-festivali-basliyor\/","title":{"rendered":"FoodFest Gastronomi Festivali ba\u015fl\u0131yor"},"content":{"rendered":"<p>Her ge\u00e7en g\u00fcn b\u00fcy\u00fcyen ve i\u00e7eri\u011fi zenginle\u015fen festival bu y\u0131l da \u2018Akdeniz Mutfa\u011f\u0131\u2019 temas\u0131yla d\u00fcnyaca \u00fcnl\u00fc Michelin Y\u0131ld\u0131zl\u0131 \u015fefleri, gastronomi profesyonellerini, T\u00fcrkiye\u2019nin \u00f6nemli yat\u0131r\u0131mc\u0131lar\u0131 ve gurmelerinin yan\u0131 s\u0131ra lezzet tutkunlar\u0131n\u0131 a\u011f\u0131rlayacak.<br \/>\nYerli \u00fcreticiyi ve tar\u0131m\u0131 desteklemek, do\u011fal ve sa\u011fl\u0131kl\u0131 beslenme al\u0131\u015fkanl\u0131klar\u0131n\u0131 te\u015fvik etmek, Antalya\u2019da yeti\u015fen tar\u0131msal \u00fcr\u00fcnlerinin gastronomideki yerini tan\u0131tmak amac\u0131yla &#8220;Akdeniz Mutfa\u011f\u0131&#8221; temas\u0131yla Karaalio\u011flu Park\u0131&#8217;nda bu y\u0131l d\u00f6rd\u00fcnc\u00fcs\u00fc d\u00fczenlenecek olan FoodFest Antalya Uluslararas\u0131 Gastronomi Festivali, kap\u0131lar\u0131n\u0131 a\u00e7maya haz\u0131rlan\u0131yor.<br \/>\nBu y\u0131l 9-11 May\u0131s tarihleri aras\u0131nda ger\u00e7ekle\u015fecek festivalde \u00fc\u00e7 g\u00fcn boyunca at\u00f6lyeler, tad\u0131m etkinlikleri, yar\u0131\u015fmalar, panel, s\u00f6yle\u015fi ve konserlerle dolu dolu bir lezzet bulu\u015fmas\u0131 ger\u00e7ekle\u015fecek. Festivalde bu y\u0131l gen\u00e7 \u015fef adaylar\u0131, gastronomi b\u00f6l\u00fcm\u00fc \u00f6\u011frencileri ve akademisyenlerle bilginin bulu\u015fmas\u0131na tan\u0131kl\u0131k ederken, Antalya lokal \u00fcr\u00fcnleri, sokak lezzetleri, sergiler, gastronomi yar\u0131\u015fmalar\u0131, y\u00f6resel \u00fcr\u00fcnler stantlar\u0131 ve konserler olacak. Festival kapsam\u0131nda Ceylan Ertem ve Simge de Antalyal\u0131 hayranlar\u0131yla bulu\u015facak. Otel \u015feflerinin yar\u0131\u015faca\u011f\u0131, yerel \u015fef yar\u0131\u015fmas\u0131 ve \u00fcniversiteli \u015fefler gastronomiye dair h\u00fcnerlerini sergileyecek.<\/p>\n<p>Panel, s\u00f6yle\u015fi ve at\u00f6lyeler<br \/>\n4. FoodFest Antalya Uluslararas\u0131 Gastronomi Festivali\u2019nin a\u00e7\u0131l\u0131\u015f\u0131, 9 May\u0131s Cuma g\u00fcn\u00fc saat 17.00\u2019de Antalya B\u00fcy\u00fck\u015fehir Belediye Ba\u015fkan\u0131 Muhittin B\u00f6cek, Antalya protokol\u00fc ve sekt\u00f6r temsilcilerinin kat\u0131l\u0131m\u0131yla ger\u00e7ekle\u015fecek. A\u00e7\u0131l\u0131\u015f\u0131n hemen ard\u0131ndan ise sekt\u00f6r profesyonellerinin kat\u0131l\u0131m\u0131yla, &#8220;Akdeniz \u015eehirlerinde Gastronomi Turizminin Geli\u015fimi &amp; Deneyim Odakl\u0131 Rotalar&#8221; konulu panel ger\u00e7ekle\u015fecek. Etkinlik sahnesinde d\u00fcnyaca \u00fcnl\u00fc \u015fefler &#8220;Akdeniz&#8221;in Kalbinden D\u00fcnya Sofralar\u0131na Uzanan \u00dcr\u00fcnler&#8221; konulu s\u00f6yle\u015fi ve workshoplar d\u00fczenleyecek. Festivalin ilk g\u00fcn\u00fc saat 21.00\u2019de Ceylan Ertem Konseri ile son bulacak.<\/p>\n<p>D\u00fcnyaca \u00fcnl\u00fc \u015fefler festivalde<br \/>\nFestivalin ikinci g\u00fcn\u00fc de dolu dolu bir i\u00e7erikle ziyaret\u00e7ilerini kar\u015f\u0131layacak. 10 May\u0131s Cumartesi g\u00fcn\u00fc saat 13.00\u2019ten itibaren gastronominin her y\u00f6n\u00fcyle ele al\u0131naca\u011f\u0131 paneller d\u00fczenlenecek. Michelin y\u0131ld\u0131zl\u0131 \u015fefleri, gurmeleri, gastronomi ve turizm yazarlar\u0131n\u0131, sekt\u00f6r\u00fcn farkl\u0131 alanlar\u0131ndaki profesyonelleri a\u011f\u0131rlayacak festivalin ikinci g\u00fcn\u00fc birbirinden renkli ve konuklar\u0131n konu\u015fmac\u0131 olarak yer alaca\u011f\u0131 workshoplar d\u00fczenlenecek. \u015eef \u00d6m\u00fcr Akkor, \u015eef Arda T\u00fcrkmen, MasterChef Mehmet Yal\u00e7\u0131nkaya, MasterChef Somer Sivrio\u011flu etkinlik sahnesinde d\u00fczenlenecek workshoplarda lezzete ve mutfa\u011fa dair \u00f6nemli bilgiler verecek.<\/p>\n<p>Antalya&#8217;n\u0131n y\u00f6resel lezzetleri \u00f6n planda<br \/>\nLezzetin ve k\u00fclt\u00fcr\u00fcn izinde bu y\u0131l d\u00f6rd\u00fcnc\u00fc kez d\u00fczenlenecek 4. FoodFest Antalya Uluslararas\u0131 Gastronomi Festivali\u2019nde Antalya\u2019n\u0131n narenciye, susam gibi \u00f6zel \u00fcr\u00fcnleri \u00f6n planda olacak. Festivalin \u00fc\u00e7\u00fcnc\u00fc ve son g\u00fcn\u00fc olan 11 May\u0131s Pazar g\u00fcn\u00fc ise workshop a\u011f\u0131rl\u0131kl\u0131 bir program ziyaret\u00e7ilere sunulacak. \u015eef Rafet \u0130nce ile Topraktan Masaya, At\u0131ks\u0131z Mutfak \u015eefi \u00d6zge \u015eahin\u2019in konu\u015fmac\u0131 oldu\u011fu Bahar\u0131n Tenceresi: Bakla &amp; Kuskusla Ye\u015feren Lezzetler, Elif Korkmazel&#8217;den Antalya&#8217;n\u0131n Geleneksel Mutfa\u011f\u0131nda Yap\u0131lan K\u00f6mbe Tarifi, T\u00fcrev Uluda\u011f\u2019\u0131n Akdeniz&#8217;in Dengesinde: Susaml\u0131 Aslan &amp; Turun\u00e7, beslenme Uzman\u0131 Dilara Ko\u00e7ak\u2019\u0131n konu\u015fmac\u0131 oldu\u011fu \u0130yi Ya\u015fam\u0131n Lezzetli Hali: Antalya&#8217;n\u0131n Do\u011fal \u00dcr\u00fcnleri ile Sa\u011fl\u0131kl\u0131 Mutfak, \u015eef Asuman Kerkez ile Turu\u00e7lu Vi\u015fne Sosu E\u015fli\u011finde Paz\u0131l\u0131 Bal\u0131k Dolmas\u0131 ba\u015fl\u0131kl\u0131 workshoplar\u0131n yan\u0131 s\u0131ra Bir \u00c7ift\u00e7i Annenin Ba\u015far\u0131 Hikayesi\u2019nin anlat\u0131laca\u011f\u0131 ve \u00dcmmiye Ko\u00e7ak\u2019\u0131n konu\u015fmac\u0131 oldu\u011fu birbirinden renkli workshoplar festivale renk katacak.<\/p>\n<p>Kaynak: www.kanalv.com.tr Haber Sitesinden Al\u0131nm\u0131\u015ft\u0131r.<\/p>","protected":false},"excerpt":{"rendered":"<p>Her ge\u00e7en g\u00fcn b\u00fcy\u00fcyen ve i\u00e7eri\u011fi zenginle\u015fen festival bu y\u0131l da \u2018Akdeniz Mutfa\u011f\u0131\u2019 temas\u0131yla d\u00fcnyaca \u00fcnl\u00fc Michelin Y\u0131ld\u0131zl\u0131 \u015fefleri, gastronomi profesyonellerini, T\u00fcrkiye\u2019nin \u00f6nemli yat\u0131r\u0131mc\u0131lar\u0131 ve gurmelerinin yan\u0131 s\u0131ra lezzet tutkunlar\u0131n\u0131 a\u011f\u0131rlayacak. Yerli \u00fcreticiyi ve tar\u0131m\u0131 desteklemek, do\u011fal ve sa\u011fl\u0131kl\u0131 beslenme al\u0131\u015fkanl\u0131klar\u0131n\u0131 te\u015fvik etmek, Antalya\u2019da yeti\u015fen tar\u0131msal \u00fcr\u00fcnlerinin gastronomideki yerini tan\u0131tmak amac\u0131yla &#8220;Akdeniz Mutfa\u011f\u0131&#8221; temas\u0131yla Karaalio\u011flu Park\u0131&#8217;nda bu y\u0131l d\u00f6rd\u00fcnc\u00fcs\u00fc d\u00fczenlenecek olan FoodFest Antalya Uluslararas\u0131 Gastronomi Festivali, kap\u0131lar\u0131n\u0131 a\u00e7maya haz\u0131rlan\u0131yor. Bu y\u0131l 9-11 May\u0131s tarihleri aras\u0131nda ger\u00e7ekle\u015fecek festivalde \u00fc\u00e7 g\u00fcn boyunca at\u00f6lyeler, tad\u0131m etkinlikleri, yar\u0131\u015fmalar, panel, s\u00f6yle\u015fi ve konserlerle dolu dolu bir lezzet bulu\u015fmas\u0131 ger\u00e7ekle\u015fecek. Festivalde bu y\u0131l gen\u00e7 \u015fef adaylar\u0131, gastronomi b\u00f6l\u00fcm\u00fc \u00f6\u011frencileri ve akademisyenlerle bilginin bulu\u015fmas\u0131na tan\u0131kl\u0131k ederken, Antalya lokal \u00fcr\u00fcnleri, sokak lezzetleri, sergiler, gastronomi yar\u0131\u015fmalar\u0131, y\u00f6resel \u00fcr\u00fcnler stantlar\u0131 ve konserler olacak. Festival kapsam\u0131nda Ceylan Ertem ve Simge de Antalyal\u0131 hayranlar\u0131yla bulu\u015facak. Otel \u015feflerinin yar\u0131\u015faca\u011f\u0131, yerel \u015fef yar\u0131\u015fmas\u0131 ve \u00fcniversiteli \u015fefler gastronomiye dair h\u00fcnerlerini sergileyecek. Panel, s\u00f6yle\u015fi ve at\u00f6lyeler 4. FoodFest Antalya Uluslararas\u0131 Gastronomi Festivali\u2019nin a\u00e7\u0131l\u0131\u015f\u0131, 9 May\u0131s Cuma g\u00fcn\u00fc saat 17.00\u2019de Antalya B\u00fcy\u00fck\u015fehir Belediye Ba\u015fkan\u0131 Muhittin B\u00f6cek, Antalya protokol\u00fc ve sekt\u00f6r temsilcilerinin kat\u0131l\u0131m\u0131yla ger\u00e7ekle\u015fecek. A\u00e7\u0131l\u0131\u015f\u0131n hemen ard\u0131ndan ise sekt\u00f6r profesyonellerinin kat\u0131l\u0131m\u0131yla, &#8220;Akdeniz \u015eehirlerinde Gastronomi Turizminin Geli\u015fimi &amp; Deneyim Odakl\u0131 Rotalar&#8221; konulu panel ger\u00e7ekle\u015fecek. Etkinlik sahnesinde d\u00fcnyaca \u00fcnl\u00fc \u015fefler &hellip;<\/p>","protected":false},"author":4,"featured_media":78894,"comment_status":"","ping_status":"open","sticky":false,"template":"","format":"standard","meta":{"_acf_changed":false,"footnotes":""},"categories":[26],"tags":[],"class_list":["post-78893","post","type-post","status-publish","format-standard","has-post-thumbnail","hentry","category-antalya"],"acf":[],"yoast_head":"<!-- This site is optimized with the Yoast SEO Premium plugin v26.6 (Yoast SEO v27.1.1) - https:\/\/yoast.com\/product\/yoast-seo-premium-wordpress\/ -->\n<title>FoodFest Gastronomi Festivali ba\u015fl\u0131yor - Av. Deniz Can K\u0131z\u0131l<\/title>\n<meta name=\"robots\" content=\"index, follow, max-snippet:-1, max-image-preview:large, max-video-preview:-1\" \/>\n<link rel=\"canonical\" href=\"http:\/\/denizcankizil.tr\/de\/haberler\/antalya\/foodfest-gastronomi-festivali-basliyor\/\" \/>\n<meta property=\"og:locale\" content=\"de_DE\" \/>\n<meta property=\"og:type\" content=\"article\" \/>\n<meta property=\"og:title\" content=\"FoodFest Gastronomi Festivali ba\u015fl\u0131yor\" \/>\n<meta property=\"og:description\" content=\"Her ge\u00e7en g\u00fcn b\u00fcy\u00fcyen ve i\u00e7eri\u011fi zenginle\u015fen festival bu y\u0131l da \u2018Akdeniz Mutfa\u011f\u0131\u2019 temas\u0131yla d\u00fcnyaca \u00fcnl\u00fc Michelin Y\u0131ld\u0131zl\u0131 \u015fefleri, gastronomi profesyonellerini, T\u00fcrkiye\u2019nin \u00f6nemli yat\u0131r\u0131mc\u0131lar\u0131 ve gurmelerinin yan\u0131 s\u0131ra lezzet tutkunlar\u0131n\u0131 a\u011f\u0131rlayacak. Yerli \u00fcreticiyi ve tar\u0131m\u0131 desteklemek, do\u011fal ve sa\u011fl\u0131kl\u0131 beslenme al\u0131\u015fkanl\u0131klar\u0131n\u0131 te\u015fvik etmek, Antalya\u2019da yeti\u015fen tar\u0131msal \u00fcr\u00fcnlerinin gastronomideki yerini tan\u0131tmak amac\u0131yla &#8220;Akdeniz Mutfa\u011f\u0131&#8221; temas\u0131yla Karaalio\u011flu Park\u0131&#8217;nda bu y\u0131l d\u00f6rd\u00fcnc\u00fcs\u00fc d\u00fczenlenecek olan FoodFest Antalya Uluslararas\u0131 Gastronomi Festivali, kap\u0131lar\u0131n\u0131 a\u00e7maya haz\u0131rlan\u0131yor. Bu y\u0131l 9-11 May\u0131s tarihleri aras\u0131nda ger\u00e7ekle\u015fecek festivalde \u00fc\u00e7 g\u00fcn boyunca at\u00f6lyeler, tad\u0131m etkinlikleri, yar\u0131\u015fmalar, panel, s\u00f6yle\u015fi ve konserlerle dolu dolu bir lezzet bulu\u015fmas\u0131 ger\u00e7ekle\u015fecek. Festivalde bu y\u0131l gen\u00e7 \u015fef adaylar\u0131, gastronomi b\u00f6l\u00fcm\u00fc \u00f6\u011frencileri ve akademisyenlerle bilginin bulu\u015fmas\u0131na tan\u0131kl\u0131k ederken, Antalya lokal \u00fcr\u00fcnleri, sokak lezzetleri, sergiler, gastronomi yar\u0131\u015fmalar\u0131, y\u00f6resel \u00fcr\u00fcnler stantlar\u0131 ve konserler olacak. Festival kapsam\u0131nda Ceylan Ertem ve Simge de Antalyal\u0131 hayranlar\u0131yla bulu\u015facak. Otel \u015feflerinin yar\u0131\u015faca\u011f\u0131, yerel \u015fef yar\u0131\u015fmas\u0131 ve \u00fcniversiteli \u015fefler gastronomiye dair h\u00fcnerlerini sergileyecek. Panel, s\u00f6yle\u015fi ve at\u00f6lyeler 4. FoodFest Antalya Uluslararas\u0131 Gastronomi Festivali\u2019nin a\u00e7\u0131l\u0131\u015f\u0131, 9 May\u0131s Cuma g\u00fcn\u00fc saat 17.00\u2019de Antalya B\u00fcy\u00fck\u015fehir Belediye Ba\u015fkan\u0131 Muhittin B\u00f6cek, Antalya protokol\u00fc ve sekt\u00f6r temsilcilerinin kat\u0131l\u0131m\u0131yla ger\u00e7ekle\u015fecek. A\u00e7\u0131l\u0131\u015f\u0131n hemen ard\u0131ndan ise sekt\u00f6r profesyonellerinin kat\u0131l\u0131m\u0131yla, &#8220;Akdeniz \u015eehirlerinde Gastronomi Turizminin Geli\u015fimi &amp; Deneyim Odakl\u0131 Rotalar&#8221; konulu panel ger\u00e7ekle\u015fecek. Etkinlik sahnesinde d\u00fcnyaca \u00fcnl\u00fc \u015fefler &hellip;\" \/>\n<meta property=\"og:url\" content=\"http:\/\/denizcankizil.tr\/de\/haberler\/antalya\/foodfest-gastronomi-festivali-basliyor\/\" \/>\n<meta property=\"og:site_name\" content=\"Av. Deniz Can K\u0131z\u0131l\" \/>\n<meta property=\"article:published_time\" content=\"2025-05-07T10:41:15+00:00\" \/>\n<meta property=\"og:image\" content=\"http:\/\/denizcankizil.tr\/wp-content\/uploads\/2025\/05\/6211-01-IyLWuD.jpg\" \/>\n\t<meta property=\"og:image:width\" content=\"1280\" \/>\n\t<meta property=\"og:image:height\" content=\"720\" \/>\n\t<meta property=\"og:image:type\" content=\"image\/jpeg\" \/>\n<meta name=\"author\" content=\"Av. Deniz Can K\u0131z\u0131l\" \/>\n<meta name=\"twitter:card\" content=\"summary_large_image\" \/>\n<meta name=\"twitter:label1\" content=\"Verfasst von\" \/>\n\t<meta name=\"twitter:data1\" content=\"Av. Deniz Can K\u0131z\u0131l\" \/>\n\t<meta name=\"twitter:label2\" content=\"Gesch\u00e4tzte Lesezeit\" \/>\n\t<meta name=\"twitter:data2\" content=\"3\u00a0Minuten\" \/>\n<script type=\"application\/ld+json\" class=\"yoast-schema-graph\">{\"@context\":\"https:\/\/schema.org\",\"@graph\":[{\"@type\":\"Article\",\"@id\":\"http:\/\/denizcankizil.tr\/de\/haberler\/antalya\/foodfest-gastronomi-festivali-basliyor\/#article\",\"isPartOf\":{\"@id\":\"http:\/\/denizcankizil.tr\/de\/haberler\/antalya\/foodfest-gastronomi-festivali-basliyor\/\"},\"author\":{\"name\":\"Av. Deniz Can K\u0131z\u0131l\",\"@id\":\"https:\/\/denizcankizil.tr\/de\/#\/schema\/person\/5dc1b22991bd7ac833867c10afc9b0ff\"},\"headline\":\"FoodFest Gastronomi Festivali ba\u015fl\u0131yor\",\"datePublished\":\"2025-05-07T10:41:15+00:00\",\"mainEntityOfPage\":{\"@id\":\"http:\/\/denizcankizil.tr\/de\/haberler\/antalya\/foodfest-gastronomi-festivali-basliyor\/\"},\"wordCount\":649,\"publisher\":{\"@id\":\"https:\/\/denizcankizil.tr\/de\/#organization\"},\"image\":{\"@id\":\"http:\/\/denizcankizil.tr\/de\/haberler\/antalya\/foodfest-gastronomi-festivali-basliyor\/#primaryimage\"},\"thumbnailUrl\":\"http:\/\/denizcankizil.tr\/wp-content\/uploads\/2025\/05\/6211-01-IyLWuD.jpg\",\"articleSection\":[\"Antalya\"],\"inLanguage\":\"de\"},{\"@type\":\"WebPage\",\"@id\":\"http:\/\/denizcankizil.tr\/de\/haberler\/antalya\/foodfest-gastronomi-festivali-basliyor\/\",\"url\":\"http:\/\/denizcankizil.tr\/de\/haberler\/antalya\/foodfest-gastronomi-festivali-basliyor\/\",\"name\":\"FoodFest Gastronomi Festivali ba\u015fl\u0131yor - Av. Deniz Can K\u0131z\u0131l\",\"isPartOf\":{\"@id\":\"https:\/\/denizcankizil.tr\/de\/#website\"},\"primaryImageOfPage\":{\"@id\":\"http:\/\/denizcankizil.tr\/de\/haberler\/antalya\/foodfest-gastronomi-festivali-basliyor\/#primaryimage\"},\"image\":{\"@id\":\"http:\/\/denizcankizil.tr\/de\/haberler\/antalya\/foodfest-gastronomi-festivali-basliyor\/#primaryimage\"},\"thumbnailUrl\":\"http:\/\/denizcankizil.tr\/wp-content\/uploads\/2025\/05\/6211-01-IyLWuD.jpg\",\"datePublished\":\"2025-05-07T10:41:15+00:00\",\"breadcrumb\":{\"@id\":\"http:\/\/denizcankizil.tr\/de\/haberler\/antalya\/foodfest-gastronomi-festivali-basliyor\/#breadcrumb\"},\"inLanguage\":\"de\",\"potentialAction\":[{\"@type\":\"ReadAction\",\"target\":[\"http:\/\/denizcankizil.tr\/de\/haberler\/antalya\/foodfest-gastronomi-festivali-basliyor\/\"]}]},{\"@type\":\"ImageObject\",\"inLanguage\":\"de\",\"@id\":\"http:\/\/denizcankizil.tr\/de\/haberler\/antalya\/foodfest-gastronomi-festivali-basliyor\/#primaryimage\",\"url\":\"http:\/\/denizcankizil.tr\/wp-content\/uploads\/2025\/05\/6211-01-IyLWuD.jpg\",\"contentUrl\":\"http:\/\/denizcankizil.tr\/wp-content\/uploads\/2025\/05\/6211-01-IyLWuD.jpg\",\"width\":1280,\"height\":720},{\"@type\":\"BreadcrumbList\",\"@id\":\"http:\/\/denizcankizil.tr\/de\/haberler\/antalya\/foodfest-gastronomi-festivali-basliyor\/#breadcrumb\",\"itemListElement\":[{\"@type\":\"ListItem\",\"position\":1,\"name\":\"Home\",\"item\":\"https:\/\/denizcankizil.tr\/de\/\"},{\"@type\":\"ListItem\",\"position\":2,\"name\":\"FoodFest Gastronomi Festivali ba\u015fl\u0131yor\"}]},{\"@type\":\"WebSite\",\"@id\":\"https:\/\/denizcankizil.tr\/de\/#website\",\"url\":\"https:\/\/denizcankizil.tr\/de\/\",\"name\":\"Av. Deniz Can K\u0131z\u0131l\",\"description\":\"Avukat Deniz Can K\u0131z\u0131l Antalya Barosu\",\"publisher\":{\"@id\":\"https:\/\/denizcankizil.tr\/de\/#organization\"},\"potentialAction\":[{\"@type\":\"SearchAction\",\"target\":{\"@type\":\"EntryPoint\",\"urlTemplate\":\"https:\/\/denizcankizil.tr\/de\/?s={search_term_string}\"},\"query-input\":{\"@type\":\"PropertyValueSpecification\",\"valueRequired\":true,\"valueName\":\"search_term_string\"}}],\"inLanguage\":\"de\"},{\"@type\":\"Organization\",\"@id\":\"https:\/\/denizcankizil.tr\/de\/#organization\",\"name\":\"Av. Deniz Can K\u0131z\u0131l\",\"url\":\"https:\/\/denizcankizil.tr\/de\/\",\"logo\":{\"@type\":\"ImageObject\",\"inLanguage\":\"de\",\"@id\":\"https:\/\/denizcankizil.tr\/de\/#\/schema\/logo\/image\/\",\"url\":\"http:\/\/denizcankizil.tr\/wp-content\/uploads\/2024\/10\/siyah-logo-svg.svg\",\"contentUrl\":\"http:\/\/denizcankizil.tr\/wp-content\/uploads\/2024\/10\/siyah-logo-svg.svg\",\"width\":1080,\"height\":1080,\"caption\":\"Av. Deniz Can K\u0131z\u0131l\"},\"image\":{\"@id\":\"https:\/\/denizcankizil.tr\/de\/#\/schema\/logo\/image\/\"}},{\"@type\":\"Person\",\"@id\":\"https:\/\/denizcankizil.tr\/de\/#\/schema\/person\/5dc1b22991bd7ac833867c10afc9b0ff\",\"name\":\"Av. Deniz Can K\u0131z\u0131l\",\"image\":{\"@type\":\"ImageObject\",\"inLanguage\":\"de\",\"@id\":\"https:\/\/denizcankizil.tr\/de\/#\/schema\/person\/image\/\",\"url\":\"https:\/\/secure.gravatar.com\/avatar\/a0b128fb9855c79efc976d5640eedb31dc35ec297594d6016d2cf7c60e975bb6?s=96&d=mm&r=g\",\"contentUrl\":\"https:\/\/secure.gravatar.com\/avatar\/a0b128fb9855c79efc976d5640eedb31dc35ec297594d6016d2cf7c60e975bb6?s=96&d=mm&r=g\",\"caption\":\"Av. Deniz Can K\u0131z\u0131l\"},\"sameAs\":[\"http:\/\/www.denizcankizil.tr\"],\"url\":\"http:\/\/denizcankizil.tr\/de\/author\/denizcankizil\/\"}]}<\/script>\n<!-- \/ Yoast SEO Premium plugin. -->","yoast_head_json":{"title":"FoodFest Gastronomi Festivali ba\u015fl\u0131yor - Av. Deniz Can K\u0131z\u0131l","robots":{"index":"index","follow":"follow","max-snippet":"max-snippet:-1","max-image-preview":"max-image-preview:large","max-video-preview":"max-video-preview:-1"},"canonical":"http:\/\/denizcankizil.tr\/de\/haberler\/antalya\/foodfest-gastronomi-festivali-basliyor\/","og_locale":"de_DE","og_type":"article","og_title":"FoodFest Gastronomi Festivali ba\u015fl\u0131yor","og_description":"Her ge\u00e7en g\u00fcn b\u00fcy\u00fcyen ve i\u00e7eri\u011fi zenginle\u015fen festival bu y\u0131l da \u2018Akdeniz Mutfa\u011f\u0131\u2019 temas\u0131yla d\u00fcnyaca \u00fcnl\u00fc Michelin Y\u0131ld\u0131zl\u0131 \u015fefleri, gastronomi profesyonellerini, T\u00fcrkiye\u2019nin \u00f6nemli yat\u0131r\u0131mc\u0131lar\u0131 ve gurmelerinin yan\u0131 s\u0131ra lezzet tutkunlar\u0131n\u0131 a\u011f\u0131rlayacak. Yerli \u00fcreticiyi ve tar\u0131m\u0131 desteklemek, do\u011fal ve sa\u011fl\u0131kl\u0131 beslenme al\u0131\u015fkanl\u0131klar\u0131n\u0131 te\u015fvik etmek, Antalya\u2019da yeti\u015fen tar\u0131msal \u00fcr\u00fcnlerinin gastronomideki yerini tan\u0131tmak amac\u0131yla &#8220;Akdeniz Mutfa\u011f\u0131&#8221; temas\u0131yla Karaalio\u011flu Park\u0131&#8217;nda bu y\u0131l d\u00f6rd\u00fcnc\u00fcs\u00fc d\u00fczenlenecek olan FoodFest Antalya Uluslararas\u0131 Gastronomi Festivali, kap\u0131lar\u0131n\u0131 a\u00e7maya haz\u0131rlan\u0131yor. Bu y\u0131l 9-11 May\u0131s tarihleri aras\u0131nda ger\u00e7ekle\u015fecek festivalde \u00fc\u00e7 g\u00fcn boyunca at\u00f6lyeler, tad\u0131m etkinlikleri, yar\u0131\u015fmalar, panel, s\u00f6yle\u015fi ve konserlerle dolu dolu bir lezzet bulu\u015fmas\u0131 ger\u00e7ekle\u015fecek. Festivalde bu y\u0131l gen\u00e7 \u015fef adaylar\u0131, gastronomi b\u00f6l\u00fcm\u00fc \u00f6\u011frencileri ve akademisyenlerle bilginin bulu\u015fmas\u0131na tan\u0131kl\u0131k ederken, Antalya lokal \u00fcr\u00fcnleri, sokak lezzetleri, sergiler, gastronomi yar\u0131\u015fmalar\u0131, y\u00f6resel \u00fcr\u00fcnler stantlar\u0131 ve konserler olacak. Festival kapsam\u0131nda Ceylan Ertem ve Simge de Antalyal\u0131 hayranlar\u0131yla bulu\u015facak. Otel \u015feflerinin yar\u0131\u015faca\u011f\u0131, yerel \u015fef yar\u0131\u015fmas\u0131 ve \u00fcniversiteli \u015fefler gastronomiye dair h\u00fcnerlerini sergileyecek. Panel, s\u00f6yle\u015fi ve at\u00f6lyeler 4. FoodFest Antalya Uluslararas\u0131 Gastronomi Festivali\u2019nin a\u00e7\u0131l\u0131\u015f\u0131, 9 May\u0131s Cuma g\u00fcn\u00fc saat 17.00\u2019de Antalya B\u00fcy\u00fck\u015fehir Belediye Ba\u015fkan\u0131 Muhittin B\u00f6cek, Antalya protokol\u00fc ve sekt\u00f6r temsilcilerinin kat\u0131l\u0131m\u0131yla ger\u00e7ekle\u015fecek. A\u00e7\u0131l\u0131\u015f\u0131n hemen ard\u0131ndan ise sekt\u00f6r profesyonellerinin kat\u0131l\u0131m\u0131yla, &#8220;Akdeniz \u015eehirlerinde Gastronomi Turizminin Geli\u015fimi &amp; Deneyim Odakl\u0131 Rotalar&#8221; konulu panel ger\u00e7ekle\u015fecek. Etkinlik sahnesinde d\u00fcnyaca \u00fcnl\u00fc \u015fefler &hellip;","og_url":"http:\/\/denizcankizil.tr\/de\/haberler\/antalya\/foodfest-gastronomi-festivali-basliyor\/","og_site_name":"Av. Deniz Can K\u0131z\u0131l","article_published_time":"2025-05-07T10:41:15+00:00","og_image":[{"width":1280,"height":720,"url":"http:\/\/denizcankizil.tr\/wp-content\/uploads\/2025\/05\/6211-01-IyLWuD.jpg","type":"image\/jpeg"}],"author":"Av. Deniz Can K\u0131z\u0131l","twitter_card":"summary_large_image","twitter_misc":{"Verfasst von":"Av. Deniz Can K\u0131z\u0131l","Gesch\u00e4tzte Lesezeit":"3\u00a0Minuten"},"schema":{"@context":"https:\/\/schema.org","@graph":[{"@type":"Article","@id":"http:\/\/denizcankizil.tr\/de\/haberler\/antalya\/foodfest-gastronomi-festivali-basliyor\/#article","isPartOf":{"@id":"http:\/\/denizcankizil.tr\/de\/haberler\/antalya\/foodfest-gastronomi-festivali-basliyor\/"},"author":{"name":"Av. Deniz Can K\u0131z\u0131l","@id":"https:\/\/denizcankizil.tr\/de\/#\/schema\/person\/5dc1b22991bd7ac833867c10afc9b0ff"},"headline":"FoodFest Gastronomi Festivali ba\u015fl\u0131yor","datePublished":"2025-05-07T10:41:15+00:00","mainEntityOfPage":{"@id":"http:\/\/denizcankizil.tr\/de\/haberler\/antalya\/foodfest-gastronomi-festivali-basliyor\/"},"wordCount":649,"publisher":{"@id":"https:\/\/denizcankizil.tr\/de\/#organization"},"image":{"@id":"http:\/\/denizcankizil.tr\/de\/haberler\/antalya\/foodfest-gastronomi-festivali-basliyor\/#primaryimage"},"thumbnailUrl":"http:\/\/denizcankizil.tr\/wp-content\/uploads\/2025\/05\/6211-01-IyLWuD.jpg","articleSection":["Antalya"],"inLanguage":"de"},{"@type":"WebPage","@id":"http:\/\/denizcankizil.tr\/de\/haberler\/antalya\/foodfest-gastronomi-festivali-basliyor\/","url":"http:\/\/denizcankizil.tr\/de\/haberler\/antalya\/foodfest-gastronomi-festivali-basliyor\/","name":"FoodFest Gastronomi Festivali ba\u015fl\u0131yor - Av. Deniz Can K\u0131z\u0131l","isPartOf":{"@id":"https:\/\/denizcankizil.tr\/de\/#website"},"primaryImageOfPage":{"@id":"http:\/\/denizcankizil.tr\/de\/haberler\/antalya\/foodfest-gastronomi-festivali-basliyor\/#primaryimage"},"image":{"@id":"http:\/\/denizcankizil.tr\/de\/haberler\/antalya\/foodfest-gastronomi-festivali-basliyor\/#primaryimage"},"thumbnailUrl":"http:\/\/denizcankizil.tr\/wp-content\/uploads\/2025\/05\/6211-01-IyLWuD.jpg","datePublished":"2025-05-07T10:41:15+00:00","breadcrumb":{"@id":"http:\/\/denizcankizil.tr\/de\/haberler\/antalya\/foodfest-gastronomi-festivali-basliyor\/#breadcrumb"},"inLanguage":"de","potentialAction":[{"@type":"ReadAction","target":["http:\/\/denizcankizil.tr\/de\/haberler\/antalya\/foodfest-gastronomi-festivali-basliyor\/"]}]},{"@type":"ImageObject","inLanguage":"de","@id":"http:\/\/denizcankizil.tr\/de\/haberler\/antalya\/foodfest-gastronomi-festivali-basliyor\/#primaryimage","url":"http:\/\/denizcankizil.tr\/wp-content\/uploads\/2025\/05\/6211-01-IyLWuD.jpg","contentUrl":"http:\/\/denizcankizil.tr\/wp-content\/uploads\/2025\/05\/6211-01-IyLWuD.jpg","width":1280,"height":720},{"@type":"BreadcrumbList","@id":"http:\/\/denizcankizil.tr\/de\/haberler\/antalya\/foodfest-gastronomi-festivali-basliyor\/#breadcrumb","itemListElement":[{"@type":"ListItem","position":1,"name":"Home","item":"https:\/\/denizcankizil.tr\/de\/"},{"@type":"ListItem","position":2,"name":"FoodFest Gastronomi Festivali ba\u015fl\u0131yor"}]},{"@type":"WebSite","@id":"https:\/\/denizcankizil.tr\/de\/#website","url":"https:\/\/denizcankizil.tr\/de\/","name":"Av. Deniz Can K\u0131z\u0131l","description":"Avukat Deniz Can K\u0131z\u0131l Antalya Barosu","publisher":{"@id":"https:\/\/denizcankizil.tr\/de\/#organization"},"potentialAction":[{"@type":"SearchAction","target":{"@type":"EntryPoint","urlTemplate":"https:\/\/denizcankizil.tr\/de\/?s={search_term_string}"},"query-input":{"@type":"PropertyValueSpecification","valueRequired":true,"valueName":"search_term_string"}}],"inLanguage":"de"},{"@type":"Organization","@id":"https:\/\/denizcankizil.tr\/de\/#organization","name":"Av. Deniz Can K\u0131z\u0131l","url":"https:\/\/denizcankizil.tr\/de\/","logo":{"@type":"ImageObject","inLanguage":"de","@id":"https:\/\/denizcankizil.tr\/de\/#\/schema\/logo\/image\/","url":"http:\/\/denizcankizil.tr\/wp-content\/uploads\/2024\/10\/siyah-logo-svg.svg","contentUrl":"http:\/\/denizcankizil.tr\/wp-content\/uploads\/2024\/10\/siyah-logo-svg.svg","width":1080,"height":1080,"caption":"Av. Deniz Can K\u0131z\u0131l"},"image":{"@id":"https:\/\/denizcankizil.tr\/de\/#\/schema\/logo\/image\/"}},{"@type":"Person","@id":"https:\/\/denizcankizil.tr\/de\/#\/schema\/person\/5dc1b22991bd7ac833867c10afc9b0ff","name":"Av. Deniz Can K\u0131z\u0131l","image":{"@type":"ImageObject","inLanguage":"de","@id":"https:\/\/denizcankizil.tr\/de\/#\/schema\/person\/image\/","url":"https:\/\/secure.gravatar.com\/avatar\/a0b128fb9855c79efc976d5640eedb31dc35ec297594d6016d2cf7c60e975bb6?s=96&d=mm&r=g","contentUrl":"https:\/\/secure.gravatar.com\/avatar\/a0b128fb9855c79efc976d5640eedb31dc35ec297594d6016d2cf7c60e975bb6?s=96&d=mm&r=g","caption":"Av. Deniz Can K\u0131z\u0131l"},"sameAs":["http:\/\/www.denizcankizil.tr"],"url":"http:\/\/denizcankizil.tr\/de\/author\/denizcankizil\/"}]}},"_links":{"self":[{"href":"http:\/\/denizcankizil.tr\/de\/wp-json\/wp\/v2\/posts\/78893","targetHints":{"allow":["GET"]}}],"collection":[{"href":"http:\/\/denizcankizil.tr\/de\/wp-json\/wp\/v2\/posts"}],"about":[{"href":"http:\/\/denizcankizil.tr\/de\/wp-json\/wp\/v2\/types\/post"}],"author":[{"embeddable":true,"href":"http:\/\/denizcankizil.tr\/de\/wp-json\/wp\/v2\/users\/4"}],"replies":[{"embeddable":true,"href":"http:\/\/denizcankizil.tr\/de\/wp-json\/wp\/v2\/comments?post=78893"}],"version-history":[{"count":0,"href":"http:\/\/denizcankizil.tr\/de\/wp-json\/wp\/v2\/posts\/78893\/revisions"}],"wp:featuredmedia":[{"embeddable":true,"href":"http:\/\/denizcankizil.tr\/de\/wp-json\/wp\/v2\/media\/78894"}],"wp:attachment":[{"href":"http:\/\/denizcankizil.tr\/de\/wp-json\/wp\/v2\/media?parent=78893"}],"wp:term":[{"taxonomy":"category","embeddable":true,"href":"http:\/\/denizcankizil.tr\/de\/wp-json\/wp\/v2\/categories?post=78893"},{"taxonomy":"post_tag","embeddable":true,"href":"http:\/\/denizcankizil.tr\/de\/wp-json\/wp\/v2\/tags?post=78893"}],"curies":[{"name":"wp","href":"https:\/\/api.w.org\/{rel}","templated":true}]}}