{"id":78849,"date":"2025-05-07T12:42:03","date_gmt":"2025-05-07T09:42:03","guid":{"rendered":"https:\/\/denizcankizil.tr\/uncategorized-tr\/antalyada-anneler-gunu-ciceksiz-gececek-fiyatlar-1000-tlden-basliyor\/"},"modified":"2025-05-07T12:42:03","modified_gmt":"2025-05-07T09:42:03","slug":"antalyada-anneler-gunu-ciceksiz-gececek-fiyatlar-1000-tlden-basliyor","status":"publish","type":"post","link":"http:\/\/denizcankizil.tr\/de\/haberler\/gundem\/antalyada-anneler-gunu-ciceksiz-gececek-fiyatlar-1000-tlden-basliyor\/","title":{"rendered":"Antalya\u2019da Anneler G\u00fcn\u00fc \u00e7i\u00e7eksiz ge\u00e7ecek! Fiyatlar 1000 TL\u2019den ba\u015fl\u0131yor"},"content":{"rendered":"<p>Antalya \u00c7i\u00e7ek\u00e7iler Esnaf Odas\u0131 \u015eube Ba\u015fkan\u0131 \u0130smail Baka\u00e7, Anneler G\u00fcn\u00fc \u00f6ncesi \u00e7i\u00e7ek\u00e7ilerin yo\u011funlu\u011funun artt\u0131\u011f\u0131n\u0131 s\u00f6yledi. Anneler G\u00fcn\u00fc\u2019n\u00fcn, anneleri anmak ve onurland\u0131rmak i\u00e7in kutlanan \u00f6zel bir g\u00fcn oldu\u011funu vurgulayan Baka\u00e7, \u201cBu \u00f6zel g\u00fcn d\u00fcnyada farkl\u0131 tarihlerde kutlansa da T\u00fcrkiye\u2019de genellikle may\u0131s ay\u0131n\u0131n ikinci pazar g\u00fcn\u00fc kutlan\u0131r\u201d dedi.<\/p>\n<p>EN \u00c7OK SAKSI \u00c7\u0130\u00c7EKLER\u0130 TERC\u0130H ED\u0130L\u0130YOR <\/p>\n<p>Annelerin genellikle saks\u0131 \u00e7i\u00e7eklerini tercih etti\u011fini dile getiren \u0130smail Baka\u00e7, \u201cAnneler, t\u00fcm \u00e7i\u00e7ek t\u00fcrlerine bakmay\u0131 sevdikleri i\u00e7in saks\u0131 \u00e7i\u00e7ekleri \u00f6zellikle tercih ediliyor. Bunun yan\u0131 s\u0131ra orkide gibi \u00e7i\u00e7ekler en \u00e7ok talep g\u00f6renler aras\u0131nda yer al\u0131yor\u201d diye konu\u015ftu. Annelerin hi\u00e7bir kar\u015f\u0131l\u0131k beklemeden evlatlar\u0131na her \u015feylerini verdiklerini kaydeden Baka\u00e7, \u201cAnneler i\u00e7in hediyenin maddi de\u011feri de\u011fil, d\u00fc\u015f\u00fcn\u00fclmesi \u00f6nemlidir. \u00c7i\u00e7ek de genellikle en ula\u015f\u0131labilir ve anlaml\u0131 hediyeler aras\u0131nda yer al\u0131yor\u201d ifadelerini kulland\u0131.<\/p>\n<p>F\u0130YATLAR 1000 TL\u2019DEN BA\u015eLIYOR<\/p>\n<p>\u00c7i\u00e7ek fiyatlar\u0131na da de\u011finen \u0130smail Baka\u00e7, \u201cFiyatlar 1000 TL\u2019den ba\u015flay\u0131p yukar\u0131 do\u011fru \u00e7\u0131k\u0131yor. Saks\u0131 \u00e7i\u00e7ekleri 800-900 TL civar\u0131nda. Annesine hediye almak isteyen bir \u00e7ocuk, 1000 TL civar\u0131nda g\u00fczel bir buket alabilir&#8221; dedi. Ge\u00e7en y\u0131la g\u00f6re sat\u0131\u015flar\u0131n artt\u0131\u011f\u0131n\u0131 belirten Baka\u00e7, \u201cEkonomik ko\u015fullar zor olsa da \u00e7i\u00e7ek, di\u011fer hediyelik \u00fcr\u00fcnlere g\u00f6re daha uygun fiyatl\u0131 oldu\u011fu i\u00e7in tercih ediliyor\u201d diye konu\u015ftu.<\/p>\n<p>\u200bAntalya&#8217;daki \u00e7i\u00e7ek\u00e7ilerde Anneler G\u00fcn\u00fc haraketliler ba\u015flad\u0131. Annesine g\u00fczel bir buket almak isteyen vatanda\u015flar, fiyatlar\u0131 g\u00f6r\u00fcnce hevesleri kursaklar\u0131nda kald\u0131. \u00c7i\u00e7ek\u00e7ilerde bir buketin fiyat\u0131 1000 TL\u2019den ba\u015fl\u0131yor.\u00a0<\/p>\n<p>\u200bHaberin Al\u0131nt\u0131land\u0131\u011f\u0131 Kaynak: www.antalyakorfez.com<\/p>","protected":false},"excerpt":{"rendered":"<p>Antalya \u00c7i\u00e7ek\u00e7iler Esnaf Odas\u0131 \u015eube Ba\u015fkan\u0131 \u0130smail Baka\u00e7, Anneler G\u00fcn\u00fc \u00f6ncesi \u00e7i\u00e7ek\u00e7ilerin yo\u011funlu\u011funun artt\u0131\u011f\u0131n\u0131 s\u00f6yledi. Anneler G\u00fcn\u00fc\u2019n\u00fcn, anneleri anmak ve onurland\u0131rmak i\u00e7in kutlanan \u00f6zel bir g\u00fcn oldu\u011funu vurgulayan Baka\u00e7, \u201cBu \u00f6zel g\u00fcn d\u00fcnyada farkl\u0131 tarihlerde kutlansa da T\u00fcrkiye\u2019de genellikle may\u0131s ay\u0131n\u0131n ikinci pazar g\u00fcn\u00fc kutlan\u0131r\u201d dedi. EN \u00c7OK SAKSI \u00c7\u0130\u00c7EKLER\u0130 TERC\u0130H ED\u0130L\u0130YOR Annelerin genellikle saks\u0131 \u00e7i\u00e7eklerini tercih etti\u011fini dile getiren \u0130smail Baka\u00e7, \u201cAnneler, t\u00fcm \u00e7i\u00e7ek t\u00fcrlerine bakmay\u0131 sevdikleri i\u00e7in saks\u0131 \u00e7i\u00e7ekleri \u00f6zellikle tercih ediliyor. Bunun yan\u0131 s\u0131ra orkide gibi \u00e7i\u00e7ekler en \u00e7ok talep g\u00f6renler aras\u0131nda yer al\u0131yor\u201d diye konu\u015ftu. Annelerin hi\u00e7bir kar\u015f\u0131l\u0131k beklemeden evlatlar\u0131na her \u015feylerini verdiklerini kaydeden Baka\u00e7, \u201cAnneler i\u00e7in hediyenin maddi de\u011feri de\u011fil, d\u00fc\u015f\u00fcn\u00fclmesi \u00f6nemlidir. \u00c7i\u00e7ek de genellikle en ula\u015f\u0131labilir ve anlaml\u0131 hediyeler aras\u0131nda yer al\u0131yor\u201d ifadelerini kulland\u0131. F\u0130YATLAR 1000 TL\u2019DEN BA\u015eLIYOR \u00c7i\u00e7ek fiyatlar\u0131na da de\u011finen \u0130smail Baka\u00e7, \u201cFiyatlar 1000 TL\u2019den ba\u015flay\u0131p yukar\u0131 do\u011fru \u00e7\u0131k\u0131yor. Saks\u0131 \u00e7i\u00e7ekleri 800-900 TL civar\u0131nda. Annesine hediye almak isteyen bir \u00e7ocuk, 1000 TL civar\u0131nda g\u00fczel bir buket alabilir&#8221; dedi. Ge\u00e7en y\u0131la g\u00f6re sat\u0131\u015flar\u0131n artt\u0131\u011f\u0131n\u0131 belirten Baka\u00e7, \u201cEkonomik ko\u015fullar zor olsa da \u00e7i\u00e7ek, di\u011fer hediyelik \u00fcr\u00fcnlere g\u00f6re daha uygun fiyatl\u0131 oldu\u011fu i\u00e7in tercih ediliyor\u201d diye konu\u015ftu. \u200bAntalya&#8217;daki \u00e7i\u00e7ek\u00e7ilerde Anneler G\u00fcn\u00fc haraketliler ba\u015flad\u0131. Annesine g\u00fczel bir buket almak isteyen vatanda\u015flar, fiyatlar\u0131 g\u00f6r\u00fcnce hevesleri kursaklar\u0131nda kald\u0131. &hellip;<\/p>","protected":false},"author":5,"featured_media":0,"comment_status":"","ping_status":"open","sticky":false,"template":"","format":"standard","meta":{"_acf_changed":false,"footnotes":""},"categories":[24],"tags":[],"class_list":["post-78849","post","type-post","status-publish","format-standard","has-post-thumbnail","hentry","category-gundem"],"acf":[],"yoast_head":"<!-- This site is optimized with the Yoast SEO Premium plugin v26.6 (Yoast SEO v27.1.1) - https:\/\/yoast.com\/product\/yoast-seo-premium-wordpress\/ -->\n<title>Antalya\u2019da Anneler G\u00fcn\u00fc \u00e7i\u00e7eksiz ge\u00e7ecek! Fiyatlar 1000 TL\u2019den ba\u015fl\u0131yor - Av. Deniz Can K\u0131z\u0131l<\/title>\n<meta name=\"robots\" content=\"index, follow, max-snippet:-1, max-image-preview:large, max-video-preview:-1\" \/>\n<link rel=\"canonical\" href=\"https:\/\/denizcankizil.tr\/de\/haberler\/gundem\/antalyada-anneler-gunu-ciceksiz-gececek-fiyatlar-1000-tlden-basliyor\/\" \/>\n<meta property=\"og:locale\" content=\"de_DE\" \/>\n<meta property=\"og:type\" content=\"article\" \/>\n<meta property=\"og:title\" content=\"Antalya\u2019da Anneler G\u00fcn\u00fc \u00e7i\u00e7eksiz ge\u00e7ecek! Fiyatlar 1000 TL\u2019den ba\u015fl\u0131yor\" \/>\n<meta property=\"og:description\" content=\"Antalya \u00c7i\u00e7ek\u00e7iler Esnaf Odas\u0131 \u015eube Ba\u015fkan\u0131 \u0130smail Baka\u00e7, Anneler G\u00fcn\u00fc \u00f6ncesi \u00e7i\u00e7ek\u00e7ilerin yo\u011funlu\u011funun artt\u0131\u011f\u0131n\u0131 s\u00f6yledi. Anneler G\u00fcn\u00fc\u2019n\u00fcn, anneleri anmak ve onurland\u0131rmak i\u00e7in kutlanan \u00f6zel bir g\u00fcn oldu\u011funu vurgulayan Baka\u00e7, \u201cBu \u00f6zel g\u00fcn d\u00fcnyada farkl\u0131 tarihlerde kutlansa da T\u00fcrkiye\u2019de genellikle may\u0131s ay\u0131n\u0131n ikinci pazar g\u00fcn\u00fc kutlan\u0131r\u201d dedi. EN \u00c7OK SAKSI \u00c7\u0130\u00c7EKLER\u0130 TERC\u0130H ED\u0130L\u0130YOR Annelerin genellikle saks\u0131 \u00e7i\u00e7eklerini tercih etti\u011fini dile getiren \u0130smail Baka\u00e7, \u201cAnneler, t\u00fcm \u00e7i\u00e7ek t\u00fcrlerine bakmay\u0131 sevdikleri i\u00e7in saks\u0131 \u00e7i\u00e7ekleri \u00f6zellikle tercih ediliyor. Bunun yan\u0131 s\u0131ra orkide gibi \u00e7i\u00e7ekler en \u00e7ok talep g\u00f6renler aras\u0131nda yer al\u0131yor\u201d diye konu\u015ftu. Annelerin hi\u00e7bir kar\u015f\u0131l\u0131k beklemeden evlatlar\u0131na her \u015feylerini verdiklerini kaydeden Baka\u00e7, \u201cAnneler i\u00e7in hediyenin maddi de\u011feri de\u011fil, d\u00fc\u015f\u00fcn\u00fclmesi \u00f6nemlidir. \u00c7i\u00e7ek de genellikle en ula\u015f\u0131labilir ve anlaml\u0131 hediyeler aras\u0131nda yer al\u0131yor\u201d ifadelerini kulland\u0131. F\u0130YATLAR 1000 TL\u2019DEN BA\u015eLIYOR \u00c7i\u00e7ek fiyatlar\u0131na da de\u011finen \u0130smail Baka\u00e7, \u201cFiyatlar 1000 TL\u2019den ba\u015flay\u0131p yukar\u0131 do\u011fru \u00e7\u0131k\u0131yor. Saks\u0131 \u00e7i\u00e7ekleri 800-900 TL civar\u0131nda. Annesine hediye almak isteyen bir \u00e7ocuk, 1000 TL civar\u0131nda g\u00fczel bir buket alabilir&#8221; dedi. Ge\u00e7en y\u0131la g\u00f6re sat\u0131\u015flar\u0131n artt\u0131\u011f\u0131n\u0131 belirten Baka\u00e7, \u201cEkonomik ko\u015fullar zor olsa da \u00e7i\u00e7ek, di\u011fer hediyelik \u00fcr\u00fcnlere g\u00f6re daha uygun fiyatl\u0131 oldu\u011fu i\u00e7in tercih ediliyor\u201d diye konu\u015ftu. \u200bAntalya&#8217;daki \u00e7i\u00e7ek\u00e7ilerde Anneler G\u00fcn\u00fc haraketliler ba\u015flad\u0131. Annesine g\u00fczel bir buket almak isteyen vatanda\u015flar, fiyatlar\u0131 g\u00f6r\u00fcnce hevesleri kursaklar\u0131nda kald\u0131. &hellip;\" \/>\n<meta property=\"og:url\" content=\"https:\/\/denizcankizil.tr\/de\/haberler\/gundem\/antalyada-anneler-gunu-ciceksiz-gececek-fiyatlar-1000-tlden-basliyor\/\" \/>\n<meta property=\"og:site_name\" content=\"Av. Deniz Can K\u0131z\u0131l\" \/>\n<meta property=\"article:published_time\" content=\"2025-05-07T09:42:03+00:00\" \/>\n<meta name=\"author\" content=\"Antalya K\u00f6rfez\" \/>\n<meta name=\"twitter:card\" content=\"summary_large_image\" \/>\n<meta name=\"twitter:label1\" content=\"Verfasst von\" \/>\n\t<meta name=\"twitter:data1\" content=\"Antalya K\u00f6rfez\" \/>\n\t<meta name=\"twitter:label2\" content=\"Gesch\u00e4tzte Lesezeit\" \/>\n\t<meta name=\"twitter:data2\" content=\"2\u00a0Minuten\" \/>\n<script type=\"application\/ld+json\" class=\"yoast-schema-graph\">{\"@context\":\"https:\/\/schema.org\",\"@graph\":[{\"@type\":\"Article\",\"@id\":\"https:\/\/denizcankizil.tr\/ru\/haberler\/gundem\/antalyada-anneler-gunu-ciceksiz-gececek-fiyatlar-1000-tlden-basliyor\/#article\",\"isPartOf\":{\"@id\":\"https:\/\/denizcankizil.tr\/ru\/haberler\/gundem\/antalyada-anneler-gunu-ciceksiz-gececek-fiyatlar-1000-tlden-basliyor\/\"},\"author\":{\"name\":\"Antalya K\u00f6rfez\",\"@id\":\"https:\/\/denizcankizil.tr\/de\/#\/schema\/person\/e1eb71bb4dd684d46563f0af307e1234\"},\"headline\":\"Antalya\u2019da Anneler G\u00fcn\u00fc \u00e7i\u00e7eksiz ge\u00e7ecek! Fiyatlar 1000 TL\u2019den ba\u015fl\u0131yor\",\"datePublished\":\"2025-05-07T09:42:03+00:00\",\"mainEntityOfPage\":{\"@id\":\"https:\/\/denizcankizil.tr\/ru\/haberler\/gundem\/antalyada-anneler-gunu-ciceksiz-gececek-fiyatlar-1000-tlden-basliyor\/\"},\"wordCount\":325,\"publisher\":{\"@id\":\"https:\/\/denizcankizil.tr\/de\/#organization\"},\"articleSection\":[\"G\u00fcndem\"],\"inLanguage\":\"de\"},{\"@type\":\"WebPage\",\"@id\":\"https:\/\/denizcankizil.tr\/ru\/haberler\/gundem\/antalyada-anneler-gunu-ciceksiz-gececek-fiyatlar-1000-tlden-basliyor\/\",\"url\":\"https:\/\/denizcankizil.tr\/ru\/haberler\/gundem\/antalyada-anneler-gunu-ciceksiz-gececek-fiyatlar-1000-tlden-basliyor\/\",\"name\":\"Antalya\u2019da Anneler G\u00fcn\u00fc \u00e7i\u00e7eksiz ge\u00e7ecek! Fiyatlar 1000 TL\u2019den ba\u015fl\u0131yor - Av. Deniz Can K\u0131z\u0131l\",\"isPartOf\":{\"@id\":\"https:\/\/denizcankizil.tr\/de\/#website\"},\"datePublished\":\"2025-05-07T09:42:03+00:00\",\"breadcrumb\":{\"@id\":\"https:\/\/denizcankizil.tr\/ru\/haberler\/gundem\/antalyada-anneler-gunu-ciceksiz-gececek-fiyatlar-1000-tlden-basliyor\/#breadcrumb\"},\"inLanguage\":\"de\",\"potentialAction\":[{\"@type\":\"ReadAction\",\"target\":[\"https:\/\/denizcankizil.tr\/ru\/haberler\/gundem\/antalyada-anneler-gunu-ciceksiz-gececek-fiyatlar-1000-tlden-basliyor\/\"]}]},{\"@type\":\"BreadcrumbList\",\"@id\":\"https:\/\/denizcankizil.tr\/ru\/haberler\/gundem\/antalyada-anneler-gunu-ciceksiz-gececek-fiyatlar-1000-tlden-basliyor\/#breadcrumb\",\"itemListElement\":[{\"@type\":\"ListItem\",\"position\":1,\"name\":\"Home\",\"item\":\"https:\/\/denizcankizil.tr\/de\/\"},{\"@type\":\"ListItem\",\"position\":2,\"name\":\"Antalya\u2019da Anneler G\u00fcn\u00fc \u00e7i\u00e7eksiz ge\u00e7ecek! Fiyatlar 1000 TL\u2019den ba\u015fl\u0131yor\"}]},{\"@type\":\"WebSite\",\"@id\":\"https:\/\/denizcankizil.tr\/de\/#website\",\"url\":\"https:\/\/denizcankizil.tr\/de\/\",\"name\":\"Av. Deniz Can K\u0131z\u0131l\",\"description\":\"Avukat Deniz Can K\u0131z\u0131l Antalya Barosu\",\"publisher\":{\"@id\":\"https:\/\/denizcankizil.tr\/de\/#organization\"},\"potentialAction\":[{\"@type\":\"SearchAction\",\"target\":{\"@type\":\"EntryPoint\",\"urlTemplate\":\"https:\/\/denizcankizil.tr\/de\/?s={search_term_string}\"},\"query-input\":{\"@type\":\"PropertyValueSpecification\",\"valueRequired\":true,\"valueName\":\"search_term_string\"}}],\"inLanguage\":\"de\"},{\"@type\":\"Organization\",\"@id\":\"https:\/\/denizcankizil.tr\/de\/#organization\",\"name\":\"Av. Deniz Can K\u0131z\u0131l\",\"url\":\"https:\/\/denizcankizil.tr\/de\/\",\"logo\":{\"@type\":\"ImageObject\",\"inLanguage\":\"de\",\"@id\":\"https:\/\/denizcankizil.tr\/de\/#\/schema\/logo\/image\/\",\"url\":\"http:\/\/denizcankizil.tr\/wp-content\/uploads\/2024\/10\/siyah-logo-svg.svg\",\"contentUrl\":\"http:\/\/denizcankizil.tr\/wp-content\/uploads\/2024\/10\/siyah-logo-svg.svg\",\"width\":1080,\"height\":1080,\"caption\":\"Av. Deniz Can K\u0131z\u0131l\"},\"image\":{\"@id\":\"https:\/\/denizcankizil.tr\/de\/#\/schema\/logo\/image\/\"}},{\"@type\":\"Person\",\"@id\":\"https:\/\/denizcankizil.tr\/de\/#\/schema\/person\/e1eb71bb4dd684d46563f0af307e1234\",\"name\":\"Antalya K\u00f6rfez\",\"image\":{\"@type\":\"ImageObject\",\"inLanguage\":\"de\",\"@id\":\"https:\/\/denizcankizil.tr\/de\/#\/schema\/person\/image\/\",\"url\":\"https:\/\/secure.gravatar.com\/avatar\/42b01982558a48a0b501fdcab6a408d3717ea5919095ee2e67b0e521799c5905?s=96&d=mm&r=g\",\"contentUrl\":\"https:\/\/secure.gravatar.com\/avatar\/42b01982558a48a0b501fdcab6a408d3717ea5919095ee2e67b0e521799c5905?s=96&d=mm&r=g\",\"caption\":\"Antalya K\u00f6rfez\"},\"sameAs\":[\"http:\/\/www.antalyakorfez.com\"],\"url\":\"https:\/\/www.antalyakorfez.com\/antalyada-anneler-gunu-ciceksiz-gececek-fiyatlar-1000-tlden-basliyor\"}]}<\/script>\n<!-- \/ Yoast SEO Premium plugin. -->","yoast_head_json":{"title":"Antalya\u2019da Anneler G\u00fcn\u00fc \u00e7i\u00e7eksiz ge\u00e7ecek! Fiyatlar 1000 TL\u2019den ba\u015fl\u0131yor - Av. Deniz Can K\u0131z\u0131l","robots":{"index":"index","follow":"follow","max-snippet":"max-snippet:-1","max-image-preview":"max-image-preview:large","max-video-preview":"max-video-preview:-1"},"canonical":"https:\/\/denizcankizil.tr\/de\/haberler\/gundem\/antalyada-anneler-gunu-ciceksiz-gececek-fiyatlar-1000-tlden-basliyor\/","og_locale":"de_DE","og_type":"article","og_title":"Antalya\u2019da Anneler G\u00fcn\u00fc \u00e7i\u00e7eksiz ge\u00e7ecek! Fiyatlar 1000 TL\u2019den ba\u015fl\u0131yor","og_description":"Antalya \u00c7i\u00e7ek\u00e7iler Esnaf Odas\u0131 \u015eube Ba\u015fkan\u0131 \u0130smail Baka\u00e7, Anneler G\u00fcn\u00fc \u00f6ncesi \u00e7i\u00e7ek\u00e7ilerin yo\u011funlu\u011funun artt\u0131\u011f\u0131n\u0131 s\u00f6yledi. Anneler G\u00fcn\u00fc\u2019n\u00fcn, anneleri anmak ve onurland\u0131rmak i\u00e7in kutlanan \u00f6zel bir g\u00fcn oldu\u011funu vurgulayan Baka\u00e7, \u201cBu \u00f6zel g\u00fcn d\u00fcnyada farkl\u0131 tarihlerde kutlansa da T\u00fcrkiye\u2019de genellikle may\u0131s ay\u0131n\u0131n ikinci pazar g\u00fcn\u00fc kutlan\u0131r\u201d dedi. EN \u00c7OK SAKSI \u00c7\u0130\u00c7EKLER\u0130 TERC\u0130H ED\u0130L\u0130YOR Annelerin genellikle saks\u0131 \u00e7i\u00e7eklerini tercih etti\u011fini dile getiren \u0130smail Baka\u00e7, \u201cAnneler, t\u00fcm \u00e7i\u00e7ek t\u00fcrlerine bakmay\u0131 sevdikleri i\u00e7in saks\u0131 \u00e7i\u00e7ekleri \u00f6zellikle tercih ediliyor. Bunun yan\u0131 s\u0131ra orkide gibi \u00e7i\u00e7ekler en \u00e7ok talep g\u00f6renler aras\u0131nda yer al\u0131yor\u201d diye konu\u015ftu. Annelerin hi\u00e7bir kar\u015f\u0131l\u0131k beklemeden evlatlar\u0131na her \u015feylerini verdiklerini kaydeden Baka\u00e7, \u201cAnneler i\u00e7in hediyenin maddi de\u011feri de\u011fil, d\u00fc\u015f\u00fcn\u00fclmesi \u00f6nemlidir. \u00c7i\u00e7ek de genellikle en ula\u015f\u0131labilir ve anlaml\u0131 hediyeler aras\u0131nda yer al\u0131yor\u201d ifadelerini kulland\u0131. F\u0130YATLAR 1000 TL\u2019DEN BA\u015eLIYOR \u00c7i\u00e7ek fiyatlar\u0131na da de\u011finen \u0130smail Baka\u00e7, \u201cFiyatlar 1000 TL\u2019den ba\u015flay\u0131p yukar\u0131 do\u011fru \u00e7\u0131k\u0131yor. Saks\u0131 \u00e7i\u00e7ekleri 800-900 TL civar\u0131nda. Annesine hediye almak isteyen bir \u00e7ocuk, 1000 TL civar\u0131nda g\u00fczel bir buket alabilir&#8221; dedi. Ge\u00e7en y\u0131la g\u00f6re sat\u0131\u015flar\u0131n artt\u0131\u011f\u0131n\u0131 belirten Baka\u00e7, \u201cEkonomik ko\u015fullar zor olsa da \u00e7i\u00e7ek, di\u011fer hediyelik \u00fcr\u00fcnlere g\u00f6re daha uygun fiyatl\u0131 oldu\u011fu i\u00e7in tercih ediliyor\u201d diye konu\u015ftu. \u200bAntalya&#8217;daki \u00e7i\u00e7ek\u00e7ilerde Anneler G\u00fcn\u00fc haraketliler ba\u015flad\u0131. Annesine g\u00fczel bir buket almak isteyen vatanda\u015flar, fiyatlar\u0131 g\u00f6r\u00fcnce hevesleri kursaklar\u0131nda kald\u0131. &hellip;","og_url":"https:\/\/denizcankizil.tr\/de\/haberler\/gundem\/antalyada-anneler-gunu-ciceksiz-gececek-fiyatlar-1000-tlden-basliyor\/","og_site_name":"Av. Deniz Can K\u0131z\u0131l","article_published_time":"2025-05-07T09:42:03+00:00","author":"Antalya K\u00f6rfez","twitter_card":"summary_large_image","twitter_misc":{"Verfasst von":"Antalya K\u00f6rfez","Gesch\u00e4tzte Lesezeit":"2\u00a0Minuten"},"schema":{"@context":"https:\/\/schema.org","@graph":[{"@type":"Article","@id":"https:\/\/denizcankizil.tr\/ru\/haberler\/gundem\/antalyada-anneler-gunu-ciceksiz-gececek-fiyatlar-1000-tlden-basliyor\/#article","isPartOf":{"@id":"https:\/\/denizcankizil.tr\/ru\/haberler\/gundem\/antalyada-anneler-gunu-ciceksiz-gececek-fiyatlar-1000-tlden-basliyor\/"},"author":{"name":"Antalya K\u00f6rfez","@id":"https:\/\/denizcankizil.tr\/de\/#\/schema\/person\/e1eb71bb4dd684d46563f0af307e1234"},"headline":"Antalya\u2019da Anneler G\u00fcn\u00fc \u00e7i\u00e7eksiz ge\u00e7ecek! Fiyatlar 1000 TL\u2019den ba\u015fl\u0131yor","datePublished":"2025-05-07T09:42:03+00:00","mainEntityOfPage":{"@id":"https:\/\/denizcankizil.tr\/ru\/haberler\/gundem\/antalyada-anneler-gunu-ciceksiz-gececek-fiyatlar-1000-tlden-basliyor\/"},"wordCount":325,"publisher":{"@id":"https:\/\/denizcankizil.tr\/de\/#organization"},"articleSection":["G\u00fcndem"],"inLanguage":"de"},{"@type":"WebPage","@id":"https:\/\/denizcankizil.tr\/ru\/haberler\/gundem\/antalyada-anneler-gunu-ciceksiz-gececek-fiyatlar-1000-tlden-basliyor\/","url":"https:\/\/denizcankizil.tr\/ru\/haberler\/gundem\/antalyada-anneler-gunu-ciceksiz-gececek-fiyatlar-1000-tlden-basliyor\/","name":"Antalya\u2019da Anneler G\u00fcn\u00fc \u00e7i\u00e7eksiz ge\u00e7ecek! Fiyatlar 1000 TL\u2019den ba\u015fl\u0131yor - Av. Deniz Can K\u0131z\u0131l","isPartOf":{"@id":"https:\/\/denizcankizil.tr\/de\/#website"},"datePublished":"2025-05-07T09:42:03+00:00","breadcrumb":{"@id":"https:\/\/denizcankizil.tr\/ru\/haberler\/gundem\/antalyada-anneler-gunu-ciceksiz-gececek-fiyatlar-1000-tlden-basliyor\/#breadcrumb"},"inLanguage":"de","potentialAction":[{"@type":"ReadAction","target":["https:\/\/denizcankizil.tr\/ru\/haberler\/gundem\/antalyada-anneler-gunu-ciceksiz-gececek-fiyatlar-1000-tlden-basliyor\/"]}]},{"@type":"BreadcrumbList","@id":"https:\/\/denizcankizil.tr\/ru\/haberler\/gundem\/antalyada-anneler-gunu-ciceksiz-gececek-fiyatlar-1000-tlden-basliyor\/#breadcrumb","itemListElement":[{"@type":"ListItem","position":1,"name":"Home","item":"https:\/\/denizcankizil.tr\/de\/"},{"@type":"ListItem","position":2,"name":"Antalya\u2019da Anneler G\u00fcn\u00fc \u00e7i\u00e7eksiz ge\u00e7ecek! Fiyatlar 1000 TL\u2019den ba\u015fl\u0131yor"}]},{"@type":"WebSite","@id":"https:\/\/denizcankizil.tr\/de\/#website","url":"https:\/\/denizcankizil.tr\/de\/","name":"Av. Deniz Can K\u0131z\u0131l","description":"Avukat Deniz Can K\u0131z\u0131l Antalya Barosu","publisher":{"@id":"https:\/\/denizcankizil.tr\/de\/#organization"},"potentialAction":[{"@type":"SearchAction","target":{"@type":"EntryPoint","urlTemplate":"https:\/\/denizcankizil.tr\/de\/?s={search_term_string}"},"query-input":{"@type":"PropertyValueSpecification","valueRequired":true,"valueName":"search_term_string"}}],"inLanguage":"de"},{"@type":"Organization","@id":"https:\/\/denizcankizil.tr\/de\/#organization","name":"Av. Deniz Can K\u0131z\u0131l","url":"https:\/\/denizcankizil.tr\/de\/","logo":{"@type":"ImageObject","inLanguage":"de","@id":"https:\/\/denizcankizil.tr\/de\/#\/schema\/logo\/image\/","url":"http:\/\/denizcankizil.tr\/wp-content\/uploads\/2024\/10\/siyah-logo-svg.svg","contentUrl":"http:\/\/denizcankizil.tr\/wp-content\/uploads\/2024\/10\/siyah-logo-svg.svg","width":1080,"height":1080,"caption":"Av. Deniz Can K\u0131z\u0131l"},"image":{"@id":"https:\/\/denizcankizil.tr\/de\/#\/schema\/logo\/image\/"}},{"@type":"Person","@id":"https:\/\/denizcankizil.tr\/de\/#\/schema\/person\/e1eb71bb4dd684d46563f0af307e1234","name":"Antalya K\u00f6rfez","image":{"@type":"ImageObject","inLanguage":"de","@id":"https:\/\/denizcankizil.tr\/de\/#\/schema\/person\/image\/","url":"https:\/\/secure.gravatar.com\/avatar\/42b01982558a48a0b501fdcab6a408d3717ea5919095ee2e67b0e521799c5905?s=96&d=mm&r=g","contentUrl":"https:\/\/secure.gravatar.com\/avatar\/42b01982558a48a0b501fdcab6a408d3717ea5919095ee2e67b0e521799c5905?s=96&d=mm&r=g","caption":"Antalya K\u00f6rfez"},"sameAs":["http:\/\/www.antalyakorfez.com"],"url":"https:\/\/www.antalyakorfez.com\/antalyada-anneler-gunu-ciceksiz-gececek-fiyatlar-1000-tlden-basliyor"}]}},"_links":{"self":[{"href":"http:\/\/denizcankizil.tr\/de\/wp-json\/wp\/v2\/posts\/78849","targetHints":{"allow":["GET"]}}],"collection":[{"href":"http:\/\/denizcankizil.tr\/de\/wp-json\/wp\/v2\/posts"}],"about":[{"href":"http:\/\/denizcankizil.tr\/de\/wp-json\/wp\/v2\/types\/post"}],"author":[{"embeddable":true,"href":"http:\/\/denizcankizil.tr\/de\/wp-json\/wp\/v2\/users\/5"}],"replies":[{"embeddable":true,"href":"http:\/\/denizcankizil.tr\/de\/wp-json\/wp\/v2\/comments?post=78849"}],"version-history":[{"count":0,"href":"http:\/\/denizcankizil.tr\/de\/wp-json\/wp\/v2\/posts\/78849\/revisions"}],"wp:attachment":[{"href":"http:\/\/denizcankizil.tr\/de\/wp-json\/wp\/v2\/media?parent=78849"}],"wp:term":[{"taxonomy":"category","embeddable":true,"href":"http:\/\/denizcankizil.tr\/de\/wp-json\/wp\/v2\/categories?post=78849"},{"taxonomy":"post_tag","embeddable":true,"href":"http:\/\/denizcankizil.tr\/de\/wp-json\/wp\/v2\/tags?post=78849"}],"curies":[{"name":"wp","href":"https:\/\/api.w.org\/{rel}","templated":true}]}}