{"id":78136,"date":"2025-05-06T18:41:23","date_gmt":"2025-05-06T15:41:23","guid":{"rendered":"https:\/\/denizcankizil.tr\/uncategorized-tr\/kira-taahhudu-bir-aileyi-evsiz-birakti-kiracilar-dernegi-tepkili\/"},"modified":"2025-05-06T18:41:23","modified_gmt":"2025-05-06T15:41:23","slug":"kira-taahhudu-bir-aileyi-evsiz-birakti-kiracilar-dernegi-tepkili","status":"publish","type":"post","link":"http:\/\/denizcankizil.tr\/de\/haberler\/gundem\/kira-taahhudu-bir-aileyi-evsiz-birakti-kiracilar-dernegi-tepkili\/","title":{"rendered":"Kira taahh\u00fcd\u00fc bir aileyi evsiz b\u0131rakt\u0131, Kirac\u0131lar Derne\u011fi tepkili"},"content":{"rendered":"<p>Antalya\u2019n\u0131n Kepez il\u00e7esinde 4 y\u0131ld\u0131r ayn\u0131 evde kirac\u0131 olarak oturan Mehmet Mahmut ve Ay\u015fe Do\u011fruyol \u00e7ifti, fark\u0131nda olmadan imzalad\u0131klar\u0131 tahliye taahh\u00fctnamesi nedeniyle evden \u00e7\u0131kar\u0131ld\u0131. E\u015fyalar\u0131yla birlikte soka\u011fa at\u0131lan \u00e7ift, sa\u011fl\u0131k sorunlar\u0131yla da m\u00fccadele ettiklerini s\u00f6yledi.<\/p>\n<p>\u201cK\u0130RACILARI \u00c7IKMAZA SOKAN EN B\u00dcY\u00dcK ETKEN\u201d<\/p>\n<p>Ya\u015fanan olay\u0131n ard\u0131ndan Kirac\u0131lar Dayan\u0131\u015fma Derne\u011fi Ba\u015fkan\u0131 Cengiz Kul, kirac\u0131lar\u0131n en \u00e7ok sorun ya\u015fad\u0131\u011f\u0131 tahliye taahh\u00fcd\u00fc oldu\u011funu s\u00f6yleyerek, vatanda\u015flar\u0131n ya\u015fad\u0131\u011f\u0131 sorunlara dikkat \u00e7ekti. Tahliye taahh\u00fcd\u00fcn\u00fcn bir kanun veya yasa gibi diretildi\u011fini s\u00f6yleyen Kul, \u201cKirac\u0131lar\u0131 \u00e7\u0131kmaza sokan en b\u00fcy\u00fck etken de tahliye taahh\u00fcd\u00fc belas\u0131d\u0131r. \u0130mzalamayana ev yok imzalayan\u0131 da istedi\u011fi zaman \u00e7\u0131karabiliyor. Tahliye taahh\u00fcd\u00fc sanki bir kanun veya yasa gibi diretiliyor. Vatanda\u015flar\u0131m\u0131z bilerek veya bilmeden imza arsada ma\u011fdur olmaya devam ediyor\u201d s\u00f6zlerini kulland\u0131.<\/p>\n<p>\u201cA\u00c7G\u00d6ZL\u00dc EMLAK SEKT\u00d6R\u00dc\u201d<\/p>\n<p>Tahliye taahh\u00fcd\u00fcn\u00fcn kirac\u0131lara zoraki ve mecburi k\u0131l\u0131nd\u0131\u011f\u0131n\u0131 belirten Kul, yetkililere seslendi. Vatanda\u015f\u0131n ma\u011fduriyetlerini dile getiren Kul, \u201cHakimler ve savc\u0131lar ger\u00e7ek\u00e7ilik de\u011fil, evrak ile i\u015f yapar hale geldi. Buradan sesleniyorum, tahliye taahh\u00fcd\u00fc dar gelirli vatanda\u015flara zoraki ve nitekim mecburi k\u0131l\u0131n\u0131yor. Sonu\u00e7 olarak imzalasan da sokaktas\u0131n imzalamadan ev verilmiyor. Bunu genellikle a\u00e7g\u00f6zl\u00fc emlak sekt\u00f6r\u00fcnde g\u00f6r\u00fcyoruz. Komisyon u\u011fruna ellerinden geldi\u011fince dar gelirli vatanda\u015fa y\u00fcklenmeye devam ediyor. Bunun da en b\u00fcy\u00fck etkeni muhalefet, iktidar partileri, grup ba\u015fkan vekilleri ve TBMM vekilleridir. Buradan tekrar sesleniyorum, kirac\u0131lar art\u0131k ya\u015famak istiyor\u201d diye konu\u015ftu.<\/p>\n<p>\u200bAntalya\u2019da 4 y\u0131ld\u0131r ayn\u0131 evde kirac\u0131 olarak oturan Do\u011fruyol \u00e7ifti, fark\u0131nda olmadan imzalad\u0131klar\u0131 tahliye taahh\u00fctnamesi ile evden \u00e7\u0131kart\u0131ld\u0131. Ya\u015fanan olay\u0131 tepki g\u00f6steren Kirac\u0131lar Dayan\u0131\u015fma Derne\u011fi Ba\u015fkan\u0131 Cengiz Kul, \u201cTaahh\u00fctname imzalamayana evin verilmedi\u011fi, imzalayan\u0131n da her an evsiz kalabilece\u011fi bir d\u00f6nemden ge\u00e7iyoruz\u201d dedi\u00a0<\/p>\n<p>\u200bHaberin Al\u0131nt\u0131land\u0131\u011f\u0131 Kaynak: www.antalyakorfez.com<\/p>","protected":false},"excerpt":{"rendered":"<p>Antalya\u2019n\u0131n Kepez il\u00e7esinde 4 y\u0131ld\u0131r ayn\u0131 evde kirac\u0131 olarak oturan Mehmet Mahmut ve Ay\u015fe Do\u011fruyol \u00e7ifti, fark\u0131nda olmadan imzalad\u0131klar\u0131 tahliye taahh\u00fctnamesi nedeniyle evden \u00e7\u0131kar\u0131ld\u0131. E\u015fyalar\u0131yla birlikte soka\u011fa at\u0131lan \u00e7ift, sa\u011fl\u0131k sorunlar\u0131yla da m\u00fccadele ettiklerini s\u00f6yledi. \u201cK\u0130RACILARI \u00c7IKMAZA SOKAN EN B\u00dcY\u00dcK ETKEN\u201d Ya\u015fanan olay\u0131n ard\u0131ndan Kirac\u0131lar Dayan\u0131\u015fma Derne\u011fi Ba\u015fkan\u0131 Cengiz Kul, kirac\u0131lar\u0131n en \u00e7ok sorun ya\u015fad\u0131\u011f\u0131 tahliye taahh\u00fcd\u00fc oldu\u011funu s\u00f6yleyerek, vatanda\u015flar\u0131n ya\u015fad\u0131\u011f\u0131 sorunlara dikkat \u00e7ekti. Tahliye taahh\u00fcd\u00fcn\u00fcn bir kanun veya yasa gibi diretildi\u011fini s\u00f6yleyen Kul, \u201cKirac\u0131lar\u0131 \u00e7\u0131kmaza sokan en b\u00fcy\u00fck etken de tahliye taahh\u00fcd\u00fc belas\u0131d\u0131r. \u0130mzalamayana ev yok imzalayan\u0131 da istedi\u011fi zaman \u00e7\u0131karabiliyor. Tahliye taahh\u00fcd\u00fc sanki bir kanun veya yasa gibi diretiliyor. Vatanda\u015flar\u0131m\u0131z bilerek veya bilmeden imza arsada ma\u011fdur olmaya devam ediyor\u201d s\u00f6zlerini kulland\u0131. \u201cA\u00c7G\u00d6ZL\u00dc EMLAK SEKT\u00d6R\u00dc\u201d Tahliye taahh\u00fcd\u00fcn\u00fcn kirac\u0131lara zoraki ve mecburi k\u0131l\u0131nd\u0131\u011f\u0131n\u0131 belirten Kul, yetkililere seslendi. Vatanda\u015f\u0131n ma\u011fduriyetlerini dile getiren Kul, \u201cHakimler ve savc\u0131lar ger\u00e7ek\u00e7ilik de\u011fil, evrak ile i\u015f yapar hale geldi. Buradan sesleniyorum, tahliye taahh\u00fcd\u00fc dar gelirli vatanda\u015flara zoraki ve nitekim mecburi k\u0131l\u0131n\u0131yor. Sonu\u00e7 olarak imzalasan da sokaktas\u0131n imzalamadan ev verilmiyor. Bunu genellikle a\u00e7g\u00f6zl\u00fc emlak sekt\u00f6r\u00fcnde g\u00f6r\u00fcyoruz. Komisyon u\u011fruna ellerinden geldi\u011fince dar gelirli vatanda\u015fa y\u00fcklenmeye devam ediyor. Bunun da en b\u00fcy\u00fck etkeni muhalefet, iktidar partileri, grup ba\u015fkan vekilleri ve TBMM vekilleridir. Buradan tekrar sesleniyorum, kirac\u0131lar art\u0131k ya\u015famak istiyor\u201d &hellip;<\/p>","protected":false},"author":5,"featured_media":0,"comment_status":"","ping_status":"open","sticky":false,"template":"","format":"standard","meta":{"_acf_changed":false,"footnotes":""},"categories":[24],"tags":[],"class_list":["post-78136","post","type-post","status-publish","format-standard","has-post-thumbnail","hentry","category-gundem"],"acf":[],"yoast_head":"<!-- This site is optimized with the Yoast SEO Premium plugin v26.6 (Yoast SEO v27.1.1) - https:\/\/yoast.com\/product\/yoast-seo-premium-wordpress\/ -->\n<title>Kira taahh\u00fcd\u00fc bir aileyi evsiz b\u0131rakt\u0131, Kirac\u0131lar Derne\u011fi tepkili - Av. Deniz Can K\u0131z\u0131l<\/title>\n<meta name=\"robots\" content=\"index, follow, max-snippet:-1, max-image-preview:large, max-video-preview:-1\" \/>\n<link rel=\"canonical\" href=\"https:\/\/denizcankizil.tr\/de\/haberler\/gundem\/kira-taahhudu-bir-aileyi-evsiz-birakti-kiracilar-dernegi-tepkili\/\" \/>\n<meta property=\"og:locale\" content=\"de_DE\" \/>\n<meta property=\"og:type\" content=\"article\" \/>\n<meta property=\"og:title\" content=\"Kira taahh\u00fcd\u00fc bir aileyi evsiz b\u0131rakt\u0131, Kirac\u0131lar Derne\u011fi tepkili\" \/>\n<meta property=\"og:description\" content=\"Antalya\u2019n\u0131n Kepez il\u00e7esinde 4 y\u0131ld\u0131r ayn\u0131 evde kirac\u0131 olarak oturan Mehmet Mahmut ve Ay\u015fe Do\u011fruyol \u00e7ifti, fark\u0131nda olmadan imzalad\u0131klar\u0131 tahliye taahh\u00fctnamesi nedeniyle evden \u00e7\u0131kar\u0131ld\u0131. E\u015fyalar\u0131yla birlikte soka\u011fa at\u0131lan \u00e7ift, sa\u011fl\u0131k sorunlar\u0131yla da m\u00fccadele ettiklerini s\u00f6yledi. \u201cK\u0130RACILARI \u00c7IKMAZA SOKAN EN B\u00dcY\u00dcK ETKEN\u201d Ya\u015fanan olay\u0131n ard\u0131ndan Kirac\u0131lar Dayan\u0131\u015fma Derne\u011fi Ba\u015fkan\u0131 Cengiz Kul, kirac\u0131lar\u0131n en \u00e7ok sorun ya\u015fad\u0131\u011f\u0131 tahliye taahh\u00fcd\u00fc oldu\u011funu s\u00f6yleyerek, vatanda\u015flar\u0131n ya\u015fad\u0131\u011f\u0131 sorunlara dikkat \u00e7ekti. Tahliye taahh\u00fcd\u00fcn\u00fcn bir kanun veya yasa gibi diretildi\u011fini s\u00f6yleyen Kul, \u201cKirac\u0131lar\u0131 \u00e7\u0131kmaza sokan en b\u00fcy\u00fck etken de tahliye taahh\u00fcd\u00fc belas\u0131d\u0131r. \u0130mzalamayana ev yok imzalayan\u0131 da istedi\u011fi zaman \u00e7\u0131karabiliyor. Tahliye taahh\u00fcd\u00fc sanki bir kanun veya yasa gibi diretiliyor. Vatanda\u015flar\u0131m\u0131z bilerek veya bilmeden imza arsada ma\u011fdur olmaya devam ediyor\u201d s\u00f6zlerini kulland\u0131. \u201cA\u00c7G\u00d6ZL\u00dc EMLAK SEKT\u00d6R\u00dc\u201d Tahliye taahh\u00fcd\u00fcn\u00fcn kirac\u0131lara zoraki ve mecburi k\u0131l\u0131nd\u0131\u011f\u0131n\u0131 belirten Kul, yetkililere seslendi. Vatanda\u015f\u0131n ma\u011fduriyetlerini dile getiren Kul, \u201cHakimler ve savc\u0131lar ger\u00e7ek\u00e7ilik de\u011fil, evrak ile i\u015f yapar hale geldi. Buradan sesleniyorum, tahliye taahh\u00fcd\u00fc dar gelirli vatanda\u015flara zoraki ve nitekim mecburi k\u0131l\u0131n\u0131yor. Sonu\u00e7 olarak imzalasan da sokaktas\u0131n imzalamadan ev verilmiyor. Bunu genellikle a\u00e7g\u00f6zl\u00fc emlak sekt\u00f6r\u00fcnde g\u00f6r\u00fcyoruz. Komisyon u\u011fruna ellerinden geldi\u011fince dar gelirli vatanda\u015fa y\u00fcklenmeye devam ediyor. Bunun da en b\u00fcy\u00fck etkeni muhalefet, iktidar partileri, grup ba\u015fkan vekilleri ve TBMM vekilleridir. Buradan tekrar sesleniyorum, kirac\u0131lar art\u0131k ya\u015famak istiyor\u201d &hellip;\" \/>\n<meta property=\"og:url\" content=\"https:\/\/denizcankizil.tr\/de\/haberler\/gundem\/kira-taahhudu-bir-aileyi-evsiz-birakti-kiracilar-dernegi-tepkili\/\" \/>\n<meta property=\"og:site_name\" content=\"Av. Deniz Can K\u0131z\u0131l\" \/>\n<meta property=\"article:published_time\" content=\"2025-05-06T15:41:23+00:00\" \/>\n<meta name=\"author\" content=\"Antalya K\u00f6rfez\" \/>\n<meta name=\"twitter:card\" content=\"summary_large_image\" \/>\n<meta name=\"twitter:label1\" content=\"Verfasst von\" \/>\n\t<meta name=\"twitter:data1\" content=\"Antalya K\u00f6rfez\" \/>\n\t<meta name=\"twitter:label2\" content=\"Gesch\u00e4tzte Lesezeit\" \/>\n\t<meta name=\"twitter:data2\" content=\"2\u00a0Minuten\" \/>\n<script type=\"application\/ld+json\" class=\"yoast-schema-graph\">{\"@context\":\"https:\/\/schema.org\",\"@graph\":[{\"@type\":\"Article\",\"@id\":\"https:\/\/denizcankizil.tr\/ru\/haberler\/gundem\/kira-taahhudu-bir-aileyi-evsiz-birakti-kiracilar-dernegi-tepkili\/#article\",\"isPartOf\":{\"@id\":\"https:\/\/denizcankizil.tr\/ru\/haberler\/gundem\/kira-taahhudu-bir-aileyi-evsiz-birakti-kiracilar-dernegi-tepkili\/\"},\"author\":{\"name\":\"Antalya K\u00f6rfez\",\"@id\":\"https:\/\/denizcankizil.tr\/de\/#\/schema\/person\/e1eb71bb4dd684d46563f0af307e1234\"},\"headline\":\"Kira taahh\u00fcd\u00fc bir aileyi evsiz b\u0131rakt\u0131, Kirac\u0131lar Derne\u011fi tepkili\",\"datePublished\":\"2025-05-06T15:41:23+00:00\",\"mainEntityOfPage\":{\"@id\":\"https:\/\/denizcankizil.tr\/ru\/haberler\/gundem\/kira-taahhudu-bir-aileyi-evsiz-birakti-kiracilar-dernegi-tepkili\/\"},\"wordCount\":379,\"publisher\":{\"@id\":\"https:\/\/denizcankizil.tr\/de\/#organization\"},\"articleSection\":[\"G\u00fcndem\"],\"inLanguage\":\"de\"},{\"@type\":\"WebPage\",\"@id\":\"https:\/\/denizcankizil.tr\/ru\/haberler\/gundem\/kira-taahhudu-bir-aileyi-evsiz-birakti-kiracilar-dernegi-tepkili\/\",\"url\":\"https:\/\/denizcankizil.tr\/ru\/haberler\/gundem\/kira-taahhudu-bir-aileyi-evsiz-birakti-kiracilar-dernegi-tepkili\/\",\"name\":\"Kira taahh\u00fcd\u00fc bir aileyi evsiz b\u0131rakt\u0131, Kirac\u0131lar Derne\u011fi tepkili - Av. Deniz Can K\u0131z\u0131l\",\"isPartOf\":{\"@id\":\"https:\/\/denizcankizil.tr\/de\/#website\"},\"datePublished\":\"2025-05-06T15:41:23+00:00\",\"breadcrumb\":{\"@id\":\"https:\/\/denizcankizil.tr\/ru\/haberler\/gundem\/kira-taahhudu-bir-aileyi-evsiz-birakti-kiracilar-dernegi-tepkili\/#breadcrumb\"},\"inLanguage\":\"de\",\"potentialAction\":[{\"@type\":\"ReadAction\",\"target\":[\"https:\/\/denizcankizil.tr\/ru\/haberler\/gundem\/kira-taahhudu-bir-aileyi-evsiz-birakti-kiracilar-dernegi-tepkili\/\"]}]},{\"@type\":\"BreadcrumbList\",\"@id\":\"https:\/\/denizcankizil.tr\/ru\/haberler\/gundem\/kira-taahhudu-bir-aileyi-evsiz-birakti-kiracilar-dernegi-tepkili\/#breadcrumb\",\"itemListElement\":[{\"@type\":\"ListItem\",\"position\":1,\"name\":\"Home\",\"item\":\"https:\/\/denizcankizil.tr\/de\/\"},{\"@type\":\"ListItem\",\"position\":2,\"name\":\"Kira taahh\u00fcd\u00fc bir aileyi evsiz b\u0131rakt\u0131, Kirac\u0131lar Derne\u011fi tepkili\"}]},{\"@type\":\"WebSite\",\"@id\":\"https:\/\/denizcankizil.tr\/de\/#website\",\"url\":\"https:\/\/denizcankizil.tr\/de\/\",\"name\":\"Av. Deniz Can K\u0131z\u0131l\",\"description\":\"Avukat Deniz Can K\u0131z\u0131l Antalya Barosu\",\"publisher\":{\"@id\":\"https:\/\/denizcankizil.tr\/de\/#organization\"},\"potentialAction\":[{\"@type\":\"SearchAction\",\"target\":{\"@type\":\"EntryPoint\",\"urlTemplate\":\"https:\/\/denizcankizil.tr\/de\/?s={search_term_string}\"},\"query-input\":{\"@type\":\"PropertyValueSpecification\",\"valueRequired\":true,\"valueName\":\"search_term_string\"}}],\"inLanguage\":\"de\"},{\"@type\":\"Organization\",\"@id\":\"https:\/\/denizcankizil.tr\/de\/#organization\",\"name\":\"Av. Deniz Can K\u0131z\u0131l\",\"url\":\"https:\/\/denizcankizil.tr\/de\/\",\"logo\":{\"@type\":\"ImageObject\",\"inLanguage\":\"de\",\"@id\":\"https:\/\/denizcankizil.tr\/de\/#\/schema\/logo\/image\/\",\"url\":\"http:\/\/denizcankizil.tr\/wp-content\/uploads\/2024\/10\/siyah-logo-svg.svg\",\"contentUrl\":\"http:\/\/denizcankizil.tr\/wp-content\/uploads\/2024\/10\/siyah-logo-svg.svg\",\"width\":1080,\"height\":1080,\"caption\":\"Av. Deniz Can K\u0131z\u0131l\"},\"image\":{\"@id\":\"https:\/\/denizcankizil.tr\/de\/#\/schema\/logo\/image\/\"}},{\"@type\":\"Person\",\"@id\":\"https:\/\/denizcankizil.tr\/de\/#\/schema\/person\/e1eb71bb4dd684d46563f0af307e1234\",\"name\":\"Antalya K\u00f6rfez\",\"image\":{\"@type\":\"ImageObject\",\"inLanguage\":\"de\",\"@id\":\"https:\/\/denizcankizil.tr\/de\/#\/schema\/person\/image\/\",\"url\":\"https:\/\/secure.gravatar.com\/avatar\/42b01982558a48a0b501fdcab6a408d3717ea5919095ee2e67b0e521799c5905?s=96&d=mm&r=g\",\"contentUrl\":\"https:\/\/secure.gravatar.com\/avatar\/42b01982558a48a0b501fdcab6a408d3717ea5919095ee2e67b0e521799c5905?s=96&d=mm&r=g\",\"caption\":\"Antalya K\u00f6rfez\"},\"sameAs\":[\"http:\/\/www.antalyakorfez.com\"],\"url\":\"https:\/\/www.antalyakorfez.com\/kira-taahhudu-bir-aileyi-evsiz-birakti-kiracilar-dernegi-tepkili\"}]}<\/script>\n<!-- \/ Yoast SEO Premium plugin. -->","yoast_head_json":{"title":"Kira taahh\u00fcd\u00fc bir aileyi evsiz b\u0131rakt\u0131, Kirac\u0131lar Derne\u011fi tepkili - Av. Deniz Can K\u0131z\u0131l","robots":{"index":"index","follow":"follow","max-snippet":"max-snippet:-1","max-image-preview":"max-image-preview:large","max-video-preview":"max-video-preview:-1"},"canonical":"https:\/\/denizcankizil.tr\/de\/haberler\/gundem\/kira-taahhudu-bir-aileyi-evsiz-birakti-kiracilar-dernegi-tepkili\/","og_locale":"de_DE","og_type":"article","og_title":"Kira taahh\u00fcd\u00fc bir aileyi evsiz b\u0131rakt\u0131, Kirac\u0131lar Derne\u011fi tepkili","og_description":"Antalya\u2019n\u0131n Kepez il\u00e7esinde 4 y\u0131ld\u0131r ayn\u0131 evde kirac\u0131 olarak oturan Mehmet Mahmut ve Ay\u015fe Do\u011fruyol \u00e7ifti, fark\u0131nda olmadan imzalad\u0131klar\u0131 tahliye taahh\u00fctnamesi nedeniyle evden \u00e7\u0131kar\u0131ld\u0131. E\u015fyalar\u0131yla birlikte soka\u011fa at\u0131lan \u00e7ift, sa\u011fl\u0131k sorunlar\u0131yla da m\u00fccadele ettiklerini s\u00f6yledi. \u201cK\u0130RACILARI \u00c7IKMAZA SOKAN EN B\u00dcY\u00dcK ETKEN\u201d Ya\u015fanan olay\u0131n ard\u0131ndan Kirac\u0131lar Dayan\u0131\u015fma Derne\u011fi Ba\u015fkan\u0131 Cengiz Kul, kirac\u0131lar\u0131n en \u00e7ok sorun ya\u015fad\u0131\u011f\u0131 tahliye taahh\u00fcd\u00fc oldu\u011funu s\u00f6yleyerek, vatanda\u015flar\u0131n ya\u015fad\u0131\u011f\u0131 sorunlara dikkat \u00e7ekti. Tahliye taahh\u00fcd\u00fcn\u00fcn bir kanun veya yasa gibi diretildi\u011fini s\u00f6yleyen Kul, \u201cKirac\u0131lar\u0131 \u00e7\u0131kmaza sokan en b\u00fcy\u00fck etken de tahliye taahh\u00fcd\u00fc belas\u0131d\u0131r. \u0130mzalamayana ev yok imzalayan\u0131 da istedi\u011fi zaman \u00e7\u0131karabiliyor. Tahliye taahh\u00fcd\u00fc sanki bir kanun veya yasa gibi diretiliyor. Vatanda\u015flar\u0131m\u0131z bilerek veya bilmeden imza arsada ma\u011fdur olmaya devam ediyor\u201d s\u00f6zlerini kulland\u0131. \u201cA\u00c7G\u00d6ZL\u00dc EMLAK SEKT\u00d6R\u00dc\u201d Tahliye taahh\u00fcd\u00fcn\u00fcn kirac\u0131lara zoraki ve mecburi k\u0131l\u0131nd\u0131\u011f\u0131n\u0131 belirten Kul, yetkililere seslendi. Vatanda\u015f\u0131n ma\u011fduriyetlerini dile getiren Kul, \u201cHakimler ve savc\u0131lar ger\u00e7ek\u00e7ilik de\u011fil, evrak ile i\u015f yapar hale geldi. Buradan sesleniyorum, tahliye taahh\u00fcd\u00fc dar gelirli vatanda\u015flara zoraki ve nitekim mecburi k\u0131l\u0131n\u0131yor. Sonu\u00e7 olarak imzalasan da sokaktas\u0131n imzalamadan ev verilmiyor. Bunu genellikle a\u00e7g\u00f6zl\u00fc emlak sekt\u00f6r\u00fcnde g\u00f6r\u00fcyoruz. Komisyon u\u011fruna ellerinden geldi\u011fince dar gelirli vatanda\u015fa y\u00fcklenmeye devam ediyor. Bunun da en b\u00fcy\u00fck etkeni muhalefet, iktidar partileri, grup ba\u015fkan vekilleri ve TBMM vekilleridir. Buradan tekrar sesleniyorum, kirac\u0131lar art\u0131k ya\u015famak istiyor\u201d &hellip;","og_url":"https:\/\/denizcankizil.tr\/de\/haberler\/gundem\/kira-taahhudu-bir-aileyi-evsiz-birakti-kiracilar-dernegi-tepkili\/","og_site_name":"Av. Deniz Can K\u0131z\u0131l","article_published_time":"2025-05-06T15:41:23+00:00","author":"Antalya K\u00f6rfez","twitter_card":"summary_large_image","twitter_misc":{"Verfasst von":"Antalya K\u00f6rfez","Gesch\u00e4tzte Lesezeit":"2\u00a0Minuten"},"schema":{"@context":"https:\/\/schema.org","@graph":[{"@type":"Article","@id":"https:\/\/denizcankizil.tr\/ru\/haberler\/gundem\/kira-taahhudu-bir-aileyi-evsiz-birakti-kiracilar-dernegi-tepkili\/#article","isPartOf":{"@id":"https:\/\/denizcankizil.tr\/ru\/haberler\/gundem\/kira-taahhudu-bir-aileyi-evsiz-birakti-kiracilar-dernegi-tepkili\/"},"author":{"name":"Antalya K\u00f6rfez","@id":"https:\/\/denizcankizil.tr\/de\/#\/schema\/person\/e1eb71bb4dd684d46563f0af307e1234"},"headline":"Kira taahh\u00fcd\u00fc bir aileyi evsiz b\u0131rakt\u0131, Kirac\u0131lar Derne\u011fi tepkili","datePublished":"2025-05-06T15:41:23+00:00","mainEntityOfPage":{"@id":"https:\/\/denizcankizil.tr\/ru\/haberler\/gundem\/kira-taahhudu-bir-aileyi-evsiz-birakti-kiracilar-dernegi-tepkili\/"},"wordCount":379,"publisher":{"@id":"https:\/\/denizcankizil.tr\/de\/#organization"},"articleSection":["G\u00fcndem"],"inLanguage":"de"},{"@type":"WebPage","@id":"https:\/\/denizcankizil.tr\/ru\/haberler\/gundem\/kira-taahhudu-bir-aileyi-evsiz-birakti-kiracilar-dernegi-tepkili\/","url":"https:\/\/denizcankizil.tr\/ru\/haberler\/gundem\/kira-taahhudu-bir-aileyi-evsiz-birakti-kiracilar-dernegi-tepkili\/","name":"Kira taahh\u00fcd\u00fc bir aileyi evsiz b\u0131rakt\u0131, Kirac\u0131lar Derne\u011fi tepkili - Av. Deniz Can K\u0131z\u0131l","isPartOf":{"@id":"https:\/\/denizcankizil.tr\/de\/#website"},"datePublished":"2025-05-06T15:41:23+00:00","breadcrumb":{"@id":"https:\/\/denizcankizil.tr\/ru\/haberler\/gundem\/kira-taahhudu-bir-aileyi-evsiz-birakti-kiracilar-dernegi-tepkili\/#breadcrumb"},"inLanguage":"de","potentialAction":[{"@type":"ReadAction","target":["https:\/\/denizcankizil.tr\/ru\/haberler\/gundem\/kira-taahhudu-bir-aileyi-evsiz-birakti-kiracilar-dernegi-tepkili\/"]}]},{"@type":"BreadcrumbList","@id":"https:\/\/denizcankizil.tr\/ru\/haberler\/gundem\/kira-taahhudu-bir-aileyi-evsiz-birakti-kiracilar-dernegi-tepkili\/#breadcrumb","itemListElement":[{"@type":"ListItem","position":1,"name":"Home","item":"https:\/\/denizcankizil.tr\/de\/"},{"@type":"ListItem","position":2,"name":"Kira taahh\u00fcd\u00fc bir aileyi evsiz b\u0131rakt\u0131, Kirac\u0131lar Derne\u011fi tepkili"}]},{"@type":"WebSite","@id":"https:\/\/denizcankizil.tr\/de\/#website","url":"https:\/\/denizcankizil.tr\/de\/","name":"Av. Deniz Can K\u0131z\u0131l","description":"Avukat Deniz Can K\u0131z\u0131l Antalya Barosu","publisher":{"@id":"https:\/\/denizcankizil.tr\/de\/#organization"},"potentialAction":[{"@type":"SearchAction","target":{"@type":"EntryPoint","urlTemplate":"https:\/\/denizcankizil.tr\/de\/?s={search_term_string}"},"query-input":{"@type":"PropertyValueSpecification","valueRequired":true,"valueName":"search_term_string"}}],"inLanguage":"de"},{"@type":"Organization","@id":"https:\/\/denizcankizil.tr\/de\/#organization","name":"Av. Deniz Can K\u0131z\u0131l","url":"https:\/\/denizcankizil.tr\/de\/","logo":{"@type":"ImageObject","inLanguage":"de","@id":"https:\/\/denizcankizil.tr\/de\/#\/schema\/logo\/image\/","url":"http:\/\/denizcankizil.tr\/wp-content\/uploads\/2024\/10\/siyah-logo-svg.svg","contentUrl":"http:\/\/denizcankizil.tr\/wp-content\/uploads\/2024\/10\/siyah-logo-svg.svg","width":1080,"height":1080,"caption":"Av. Deniz Can K\u0131z\u0131l"},"image":{"@id":"https:\/\/denizcankizil.tr\/de\/#\/schema\/logo\/image\/"}},{"@type":"Person","@id":"https:\/\/denizcankizil.tr\/de\/#\/schema\/person\/e1eb71bb4dd684d46563f0af307e1234","name":"Antalya K\u00f6rfez","image":{"@type":"ImageObject","inLanguage":"de","@id":"https:\/\/denizcankizil.tr\/de\/#\/schema\/person\/image\/","url":"https:\/\/secure.gravatar.com\/avatar\/42b01982558a48a0b501fdcab6a408d3717ea5919095ee2e67b0e521799c5905?s=96&d=mm&r=g","contentUrl":"https:\/\/secure.gravatar.com\/avatar\/42b01982558a48a0b501fdcab6a408d3717ea5919095ee2e67b0e521799c5905?s=96&d=mm&r=g","caption":"Antalya K\u00f6rfez"},"sameAs":["http:\/\/www.antalyakorfez.com"],"url":"https:\/\/www.antalyakorfez.com\/kira-taahhudu-bir-aileyi-evsiz-birakti-kiracilar-dernegi-tepkili"}]}},"_links":{"self":[{"href":"http:\/\/denizcankizil.tr\/de\/wp-json\/wp\/v2\/posts\/78136","targetHints":{"allow":["GET"]}}],"collection":[{"href":"http:\/\/denizcankizil.tr\/de\/wp-json\/wp\/v2\/posts"}],"about":[{"href":"http:\/\/denizcankizil.tr\/de\/wp-json\/wp\/v2\/types\/post"}],"author":[{"embeddable":true,"href":"http:\/\/denizcankizil.tr\/de\/wp-json\/wp\/v2\/users\/5"}],"replies":[{"embeddable":true,"href":"http:\/\/denizcankizil.tr\/de\/wp-json\/wp\/v2\/comments?post=78136"}],"version-history":[{"count":0,"href":"http:\/\/denizcankizil.tr\/de\/wp-json\/wp\/v2\/posts\/78136\/revisions"}],"wp:attachment":[{"href":"http:\/\/denizcankizil.tr\/de\/wp-json\/wp\/v2\/media?parent=78136"}],"wp:term":[{"taxonomy":"category","embeddable":true,"href":"http:\/\/denizcankizil.tr\/de\/wp-json\/wp\/v2\/categories?post=78136"},{"taxonomy":"post_tag","embeddable":true,"href":"http:\/\/denizcankizil.tr\/de\/wp-json\/wp\/v2\/tags?post=78136"}],"curies":[{"name":"wp","href":"https:\/\/api.w.org\/{rel}","templated":true}]}}