{"id":77969,"date":"2025-05-06T14:41:16","date_gmt":"2025-05-06T11:41:16","guid":{"rendered":"https:\/\/denizcankizil.tr\/uncategorized-tr\/kepezden-glutensiz-market\/"},"modified":"2025-05-06T14:41:16","modified_gmt":"2025-05-06T11:41:16","slug":"kepezden-glutensiz-market","status":"publish","type":"post","link":"http:\/\/denizcankizil.tr\/de\/haberler\/antalya\/kepezden-glutensiz-market\/","title":{"rendered":"Kepez&#8217;den &#8216;Glutensiz Market&#8217;"},"content":{"rendered":"<p>Antalya&#8217;n\u0131n Kepez Belediyesi i\u015ftiraki olan Kepez Kalk\u0131nma ve Dayan\u0131\u015fma Vakf\u0131 F\u0131r\u0131n \u0130ktisadi \u0130\u015fletmesi, \u00e7\u00f6lyak hastalar\u0131 ile sa\u011fl\u0131kl\u0131 beslenmek isteyenlere y\u00f6nelik olarak g\u00fcnde 3 binden fazla gl\u00fctensiz \u00fcr\u00fcn\u00fc t\u00fcketime sunuyor. Halk sa\u011fl\u0131\u011f\u0131na b\u00fcy\u00fck \u00f6nem verdiklerini belirten Kepez Belediye Ba\u015fkan\u0131 Mesut Kocag\u00f6z, &#8220;Glutensiz ekmek \u00fcretim tesisimiz, alan\u0131nda \u00f6rnek bir tesis olarak faaliyet g\u00f6steriyor. Tar\u0131m ve Orman Bakanl\u0131\u011f\u0131&#8217;ndan al\u0131nan t\u00fcm izinlerle en ileri teknolojiye sahip elektronik makinelerle g\u0131da g\u00fcvenli\u011fi standartlar\u0131na tam uyumlu \u015fekilde \u00fcretim yap\u0131yoruz. Tesisimizde hijyen kurallar\u0131na titizlikle uyulurken, g\u0131da m\u00fchendislerinin denetiminde \u00fcretim ger\u00e7ekle\u015ftiriliyor&#8221; dedi.<\/p>\n<p>Toplumun her kesimine dokunan sosyal belediyecilik<br \/>\nKepez Vakf\u0131 ekmek \u00fcretim tesislerinin sadece \u00e7\u00f6lyak hastalar\u0131n\u0131n de\u011fil, sa\u011fl\u0131kl\u0131 beslenmek isteyen vatanda\u015flar\u0131n da ihtiya\u00e7lar\u0131n\u0131 kar\u015f\u0131lad\u0131\u011f\u0131 ve toplumun her kesimlerine dokunan bir sosyal belediyecilik hizmeti oldu\u011funu s\u00f6yleyen Ba\u015fkan Kocag\u00f6z, &#8220;Hep birlikte daha sa\u011fl\u0131kl\u0131 ve mutlu bir Kepez i\u00e7in \u00e7al\u0131\u015fmaya devam edece\u011fiz. Kepez Kalk\u0131nma ve Dayan\u0131\u015fma Vakf\u0131 b\u00fcnyesindeki ekmek fabrikas\u0131 ile hem \u00fcretiyor hem de yap\u0131lan karla ihtiya\u00e7 sahiplerine yard\u0131m elini uzat\u0131yoruz. Kar i\u00e7in de\u011fil, sosyal yard\u0131mla\u015fmay\u0131 \u00f6ne \u00e7\u0131karan bir anlay\u0131\u015fla \u00f6\u011frencilere burs veriyoruz&#8221; diye konu\u015ftu.<br \/>\n\u00d6rnek bir sosyal belediyecilik yat\u0131r\u0131m\u0131 olan Kepez Vakf\u0131 Ekmek Fabrikas\u0131, \u00fcretim \u00e7e\u015fitlili\u011fi ile dikkati \u00e7ekiyor. \u00d6nce insan sa\u011fl\u0131\u011f\u0131 ilkesiyle \u00fcretim yaparak il\u00e7e sakinlerinin uygun fiyatl\u0131, lezzetli ve sa\u011fl\u0131kl\u0131 ekmek ihtiyac\u0131n\u0131 kar\u015f\u0131l\u0131yor.<\/p>\n<p>Her damak zevkine uygun ekmek var<br \/>\nKepez Ekmek&#8217;in \u00fcretim hatt\u0131nda her damak zevkine uygun ekmek imal ediliyor. \u00dcretim hatt\u0131ndan tatl\u0131-tuzlu kuru pasta, un kurabiyesi, sade, kepekli ve susaml\u0131 galeta, ay \u00e7ekirdekli burgulu galeta, yaprak galeta, misket kuru pasta, pastane bezesi ile \u00f6zel yap\u0131m ya\u015f pasta, ekler, \u00e7ikolata topu, trili\u00e7e, tramisu, supangile, s\u00fctla\u00e7, \u0131slak kek gibi s\u00fctl\u00fc ve \u015ferbetli tatt\u0131lar da vatanda\u015flar\u0131n be\u011fenisine sunuluyor. Kepez Ekmek Fabrikas\u0131&#8217;nda pi\u015fen simit, po\u011fa\u00e7a ve a\u00e7ma \u00e7e\u015fitleri de vatanda\u015flar\u0131n kahvalt\u0131l\u0131k talebini kar\u015f\u0131l\u0131yor. Kepez Ekmek Fabrikas\u0131&#8217;nda g\u00fcnde 45 bin normal ekmek, 3 bin 350 adet \u00e7e\u015fitli ekmekler, 2 bin 300 adet simit-bo\u011faca ve 20 bin 500 adet roll ekmek \u00fcretiliyor.<\/p>\n<p>Kepez&#8217;de \u00c7\u00f6lyak hastalar\u0131 i\u00e7in Glutensiz \u00fcretim<br \/>\nKepez Belediyesi, normal ekmek yiyemeyen \u00e7\u00f6lyak hastalar\u0131n\u0131 da unutmad\u0131. Kepez Vakf\u0131 Ekmek Fabrikas\u0131&#8217;nda g\u00fcnde ortalama bin 100 adet glutensiz ekmekle birlikte \u00e7e\u015fitli gramajlarda glutensiz sandvi\u00e7 ekme\u011fi, tost ekme\u011fi, gobit ekme\u011fi, yar\u0131m ekmek, susaml\u0131 ekmek, tah\u0131ll\u0131 ekmek, k\u00f6y ekme\u011fi, baton ekmek, tatl\u0131-tuzlu kuru pasta, kurabiye, muffin kek, simit, po\u011fa\u00e7a ve a\u00e7ma \u00fcretimi yap\u0131l\u0131yor. Kepez Vakf\u0131 Fabrikas\u0131&#8217;n\u0131n \u00f6rnek bir sosyal belediyecilik hizmeti olan glutensiz \u00fcretim hizmeti, sadece Kepez&#8217;le s\u0131n\u0131rl\u0131 kalmay\u0131p, Antalya&#8217;n\u0131n d\u00f6rt bir yan\u0131na ve T\u00fcrkiye&#8217;nin 20&#8217;ye yak\u0131n iline ula\u015farak geni\u015f bir kitleye hizmet veriyor.<\/p>\n<p>Kaynak: www.kanalv.com.tr Haber Sitesinden Al\u0131nm\u0131\u015ft\u0131r.<\/p>","protected":false},"excerpt":{"rendered":"<p>Antalya&#8217;n\u0131n Kepez Belediyesi i\u015ftiraki olan Kepez Kalk\u0131nma ve Dayan\u0131\u015fma Vakf\u0131 F\u0131r\u0131n \u0130ktisadi \u0130\u015fletmesi, \u00e7\u00f6lyak hastalar\u0131 ile sa\u011fl\u0131kl\u0131 beslenmek isteyenlere y\u00f6nelik olarak g\u00fcnde 3 binden fazla gl\u00fctensiz \u00fcr\u00fcn\u00fc t\u00fcketime sunuyor. Halk sa\u011fl\u0131\u011f\u0131na b\u00fcy\u00fck \u00f6nem verdiklerini belirten Kepez Belediye Ba\u015fkan\u0131 Mesut Kocag\u00f6z, &#8220;Glutensiz ekmek \u00fcretim tesisimiz, alan\u0131nda \u00f6rnek bir tesis olarak faaliyet g\u00f6steriyor. Tar\u0131m ve Orman Bakanl\u0131\u011f\u0131&#8217;ndan al\u0131nan t\u00fcm izinlerle en ileri teknolojiye sahip elektronik makinelerle g\u0131da g\u00fcvenli\u011fi standartlar\u0131na tam uyumlu \u015fekilde \u00fcretim yap\u0131yoruz. Tesisimizde hijyen kurallar\u0131na titizlikle uyulurken, g\u0131da m\u00fchendislerinin denetiminde \u00fcretim ger\u00e7ekle\u015ftiriliyor&#8221; dedi. Toplumun her kesimine dokunan sosyal belediyecilik Kepez Vakf\u0131 ekmek \u00fcretim tesislerinin sadece \u00e7\u00f6lyak hastalar\u0131n\u0131n de\u011fil, sa\u011fl\u0131kl\u0131 beslenmek isteyen vatanda\u015flar\u0131n da ihtiya\u00e7lar\u0131n\u0131 kar\u015f\u0131lad\u0131\u011f\u0131 ve toplumun her kesimlerine dokunan bir sosyal belediyecilik hizmeti oldu\u011funu s\u00f6yleyen Ba\u015fkan Kocag\u00f6z, &#8220;Hep birlikte daha sa\u011fl\u0131kl\u0131 ve mutlu bir Kepez i\u00e7in \u00e7al\u0131\u015fmaya devam edece\u011fiz. Kepez Kalk\u0131nma ve Dayan\u0131\u015fma Vakf\u0131 b\u00fcnyesindeki ekmek fabrikas\u0131 ile hem \u00fcretiyor hem de yap\u0131lan karla ihtiya\u00e7 sahiplerine yard\u0131m elini uzat\u0131yoruz. Kar i\u00e7in de\u011fil, sosyal yard\u0131mla\u015fmay\u0131 \u00f6ne \u00e7\u0131karan bir anlay\u0131\u015fla \u00f6\u011frencilere burs veriyoruz&#8221; diye konu\u015ftu. \u00d6rnek bir sosyal belediyecilik yat\u0131r\u0131m\u0131 olan Kepez Vakf\u0131 Ekmek Fabrikas\u0131, \u00fcretim \u00e7e\u015fitlili\u011fi ile dikkati \u00e7ekiyor. \u00d6nce insan sa\u011fl\u0131\u011f\u0131 ilkesiyle \u00fcretim yaparak il\u00e7e sakinlerinin uygun fiyatl\u0131, lezzetli ve sa\u011fl\u0131kl\u0131 ekmek ihtiyac\u0131n\u0131 kar\u015f\u0131l\u0131yor. Her damak zevkine uygun ekmek &hellip;<\/p>","protected":false},"author":4,"featured_media":77970,"comment_status":"","ping_status":"open","sticky":false,"template":"","format":"standard","meta":{"_acf_changed":false,"footnotes":""},"categories":[26],"tags":[],"class_list":["post-77969","post","type-post","status-publish","format-standard","has-post-thumbnail","hentry","category-antalya"],"acf":[],"yoast_head":"<!-- This site is optimized with the Yoast SEO Premium plugin v26.6 (Yoast SEO v27.1.1) - https:\/\/yoast.com\/product\/yoast-seo-premium-wordpress\/ -->\n<title>Kepez&#039;den &#039;Glutensiz Market&#039; - Av. Deniz Can K\u0131z\u0131l<\/title>\n<meta name=\"robots\" content=\"index, follow, max-snippet:-1, max-image-preview:large, max-video-preview:-1\" \/>\n<link rel=\"canonical\" href=\"http:\/\/denizcankizil.tr\/de\/haberler\/antalya\/kepezden-glutensiz-market\/\" \/>\n<meta property=\"og:locale\" content=\"de_DE\" \/>\n<meta property=\"og:type\" content=\"article\" \/>\n<meta property=\"og:title\" content=\"Kepez&#039;den &#039;Glutensiz Market&#039;\" \/>\n<meta property=\"og:description\" content=\"Antalya&#8217;n\u0131n Kepez Belediyesi i\u015ftiraki olan Kepez Kalk\u0131nma ve Dayan\u0131\u015fma Vakf\u0131 F\u0131r\u0131n \u0130ktisadi \u0130\u015fletmesi, \u00e7\u00f6lyak hastalar\u0131 ile sa\u011fl\u0131kl\u0131 beslenmek isteyenlere y\u00f6nelik olarak g\u00fcnde 3 binden fazla gl\u00fctensiz \u00fcr\u00fcn\u00fc t\u00fcketime sunuyor. Halk sa\u011fl\u0131\u011f\u0131na b\u00fcy\u00fck \u00f6nem verdiklerini belirten Kepez Belediye Ba\u015fkan\u0131 Mesut Kocag\u00f6z, &#8220;Glutensiz ekmek \u00fcretim tesisimiz, alan\u0131nda \u00f6rnek bir tesis olarak faaliyet g\u00f6steriyor. Tar\u0131m ve Orman Bakanl\u0131\u011f\u0131&#8217;ndan al\u0131nan t\u00fcm izinlerle en ileri teknolojiye sahip elektronik makinelerle g\u0131da g\u00fcvenli\u011fi standartlar\u0131na tam uyumlu \u015fekilde \u00fcretim yap\u0131yoruz. Tesisimizde hijyen kurallar\u0131na titizlikle uyulurken, g\u0131da m\u00fchendislerinin denetiminde \u00fcretim ger\u00e7ekle\u015ftiriliyor&#8221; dedi. Toplumun her kesimine dokunan sosyal belediyecilik Kepez Vakf\u0131 ekmek \u00fcretim tesislerinin sadece \u00e7\u00f6lyak hastalar\u0131n\u0131n de\u011fil, sa\u011fl\u0131kl\u0131 beslenmek isteyen vatanda\u015flar\u0131n da ihtiya\u00e7lar\u0131n\u0131 kar\u015f\u0131lad\u0131\u011f\u0131 ve toplumun her kesimlerine dokunan bir sosyal belediyecilik hizmeti oldu\u011funu s\u00f6yleyen Ba\u015fkan Kocag\u00f6z, &#8220;Hep birlikte daha sa\u011fl\u0131kl\u0131 ve mutlu bir Kepez i\u00e7in \u00e7al\u0131\u015fmaya devam edece\u011fiz. Kepez Kalk\u0131nma ve Dayan\u0131\u015fma Vakf\u0131 b\u00fcnyesindeki ekmek fabrikas\u0131 ile hem \u00fcretiyor hem de yap\u0131lan karla ihtiya\u00e7 sahiplerine yard\u0131m elini uzat\u0131yoruz. Kar i\u00e7in de\u011fil, sosyal yard\u0131mla\u015fmay\u0131 \u00f6ne \u00e7\u0131karan bir anlay\u0131\u015fla \u00f6\u011frencilere burs veriyoruz&#8221; diye konu\u015ftu. \u00d6rnek bir sosyal belediyecilik yat\u0131r\u0131m\u0131 olan Kepez Vakf\u0131 Ekmek Fabrikas\u0131, \u00fcretim \u00e7e\u015fitlili\u011fi ile dikkati \u00e7ekiyor. \u00d6nce insan sa\u011fl\u0131\u011f\u0131 ilkesiyle \u00fcretim yaparak il\u00e7e sakinlerinin uygun fiyatl\u0131, lezzetli ve sa\u011fl\u0131kl\u0131 ekmek ihtiyac\u0131n\u0131 kar\u015f\u0131l\u0131yor. Her damak zevkine uygun ekmek &hellip;\" \/>\n<meta property=\"og:url\" content=\"http:\/\/denizcankizil.tr\/de\/haberler\/antalya\/kepezden-glutensiz-market\/\" \/>\n<meta property=\"og:site_name\" content=\"Av. Deniz Can K\u0131z\u0131l\" \/>\n<meta property=\"article:published_time\" content=\"2025-05-06T11:41:16+00:00\" \/>\n<meta property=\"og:image\" content=\"http:\/\/denizcankizil.tr\/wp-content\/uploads\/2025\/05\/6186-01-1ZA5iQ.jpg\" \/>\n\t<meta property=\"og:image:width\" content=\"1280\" \/>\n\t<meta property=\"og:image:height\" content=\"720\" \/>\n\t<meta property=\"og:image:type\" content=\"image\/jpeg\" \/>\n<meta name=\"author\" content=\"Av. Deniz Can K\u0131z\u0131l\" \/>\n<meta name=\"twitter:card\" content=\"summary_large_image\" \/>\n<meta name=\"twitter:label1\" content=\"Verfasst von\" \/>\n\t<meta name=\"twitter:data1\" content=\"Av. Deniz Can K\u0131z\u0131l\" \/>\n\t<meta name=\"twitter:label2\" content=\"Gesch\u00e4tzte Lesezeit\" \/>\n\t<meta name=\"twitter:data2\" content=\"3\u00a0Minuten\" \/>\n<script type=\"application\/ld+json\" class=\"yoast-schema-graph\">{\"@context\":\"https:\/\/schema.org\",\"@graph\":[{\"@type\":\"Article\",\"@id\":\"http:\/\/denizcankizil.tr\/de\/haberler\/antalya\/kepezden-glutensiz-market\/#article\",\"isPartOf\":{\"@id\":\"http:\/\/denizcankizil.tr\/de\/haberler\/antalya\/kepezden-glutensiz-market\/\"},\"author\":{\"name\":\"Av. Deniz Can K\u0131z\u0131l\",\"@id\":\"https:\/\/denizcankizil.tr\/de\/#\/schema\/person\/5dc1b22991bd7ac833867c10afc9b0ff\"},\"headline\":\"Kepez&#8217;den &#8216;Glutensiz Market&#8217;\",\"datePublished\":\"2025-05-06T11:41:16+00:00\",\"mainEntityOfPage\":{\"@id\":\"http:\/\/denizcankizil.tr\/de\/haberler\/antalya\/kepezden-glutensiz-market\/\"},\"wordCount\":533,\"publisher\":{\"@id\":\"https:\/\/denizcankizil.tr\/de\/#organization\"},\"image\":{\"@id\":\"http:\/\/denizcankizil.tr\/de\/haberler\/antalya\/kepezden-glutensiz-market\/#primaryimage\"},\"thumbnailUrl\":\"http:\/\/denizcankizil.tr\/wp-content\/uploads\/2025\/05\/6186-01-1ZA5iQ.jpg\",\"articleSection\":[\"Antalya\"],\"inLanguage\":\"de\"},{\"@type\":\"WebPage\",\"@id\":\"http:\/\/denizcankizil.tr\/de\/haberler\/antalya\/kepezden-glutensiz-market\/\",\"url\":\"http:\/\/denizcankizil.tr\/de\/haberler\/antalya\/kepezden-glutensiz-market\/\",\"name\":\"Kepez'den 'Glutensiz Market' - Av. Deniz Can K\u0131z\u0131l\",\"isPartOf\":{\"@id\":\"https:\/\/denizcankizil.tr\/de\/#website\"},\"primaryImageOfPage\":{\"@id\":\"http:\/\/denizcankizil.tr\/de\/haberler\/antalya\/kepezden-glutensiz-market\/#primaryimage\"},\"image\":{\"@id\":\"http:\/\/denizcankizil.tr\/de\/haberler\/antalya\/kepezden-glutensiz-market\/#primaryimage\"},\"thumbnailUrl\":\"http:\/\/denizcankizil.tr\/wp-content\/uploads\/2025\/05\/6186-01-1ZA5iQ.jpg\",\"datePublished\":\"2025-05-06T11:41:16+00:00\",\"breadcrumb\":{\"@id\":\"http:\/\/denizcankizil.tr\/de\/haberler\/antalya\/kepezden-glutensiz-market\/#breadcrumb\"},\"inLanguage\":\"de\",\"potentialAction\":[{\"@type\":\"ReadAction\",\"target\":[\"http:\/\/denizcankizil.tr\/de\/haberler\/antalya\/kepezden-glutensiz-market\/\"]}]},{\"@type\":\"ImageObject\",\"inLanguage\":\"de\",\"@id\":\"http:\/\/denizcankizil.tr\/de\/haberler\/antalya\/kepezden-glutensiz-market\/#primaryimage\",\"url\":\"http:\/\/denizcankizil.tr\/wp-content\/uploads\/2025\/05\/6186-01-1ZA5iQ.jpg\",\"contentUrl\":\"http:\/\/denizcankizil.tr\/wp-content\/uploads\/2025\/05\/6186-01-1ZA5iQ.jpg\",\"width\":1280,\"height\":720},{\"@type\":\"BreadcrumbList\",\"@id\":\"http:\/\/denizcankizil.tr\/de\/haberler\/antalya\/kepezden-glutensiz-market\/#breadcrumb\",\"itemListElement\":[{\"@type\":\"ListItem\",\"position\":1,\"name\":\"Home\",\"item\":\"https:\/\/denizcankizil.tr\/de\/\"},{\"@type\":\"ListItem\",\"position\":2,\"name\":\"Kepez&#8217;den &#8216;Glutensiz Market&#8217;\"}]},{\"@type\":\"WebSite\",\"@id\":\"https:\/\/denizcankizil.tr\/de\/#website\",\"url\":\"https:\/\/denizcankizil.tr\/de\/\",\"name\":\"Av. Deniz Can K\u0131z\u0131l\",\"description\":\"Avukat Deniz Can K\u0131z\u0131l Antalya Barosu\",\"publisher\":{\"@id\":\"https:\/\/denizcankizil.tr\/de\/#organization\"},\"potentialAction\":[{\"@type\":\"SearchAction\",\"target\":{\"@type\":\"EntryPoint\",\"urlTemplate\":\"https:\/\/denizcankizil.tr\/de\/?s={search_term_string}\"},\"query-input\":{\"@type\":\"PropertyValueSpecification\",\"valueRequired\":true,\"valueName\":\"search_term_string\"}}],\"inLanguage\":\"de\"},{\"@type\":\"Organization\",\"@id\":\"https:\/\/denizcankizil.tr\/de\/#organization\",\"name\":\"Av. Deniz Can K\u0131z\u0131l\",\"url\":\"https:\/\/denizcankizil.tr\/de\/\",\"logo\":{\"@type\":\"ImageObject\",\"inLanguage\":\"de\",\"@id\":\"https:\/\/denizcankizil.tr\/de\/#\/schema\/logo\/image\/\",\"url\":\"http:\/\/denizcankizil.tr\/wp-content\/uploads\/2024\/10\/siyah-logo-svg.svg\",\"contentUrl\":\"http:\/\/denizcankizil.tr\/wp-content\/uploads\/2024\/10\/siyah-logo-svg.svg\",\"width\":1080,\"height\":1080,\"caption\":\"Av. Deniz Can K\u0131z\u0131l\"},\"image\":{\"@id\":\"https:\/\/denizcankizil.tr\/de\/#\/schema\/logo\/image\/\"}},{\"@type\":\"Person\",\"@id\":\"https:\/\/denizcankizil.tr\/de\/#\/schema\/person\/5dc1b22991bd7ac833867c10afc9b0ff\",\"name\":\"Av. Deniz Can K\u0131z\u0131l\",\"image\":{\"@type\":\"ImageObject\",\"inLanguage\":\"de\",\"@id\":\"https:\/\/denizcankizil.tr\/de\/#\/schema\/person\/image\/\",\"url\":\"https:\/\/secure.gravatar.com\/avatar\/a0b128fb9855c79efc976d5640eedb31dc35ec297594d6016d2cf7c60e975bb6?s=96&d=mm&r=g\",\"contentUrl\":\"https:\/\/secure.gravatar.com\/avatar\/a0b128fb9855c79efc976d5640eedb31dc35ec297594d6016d2cf7c60e975bb6?s=96&d=mm&r=g\",\"caption\":\"Av. Deniz Can K\u0131z\u0131l\"},\"sameAs\":[\"http:\/\/www.denizcankizil.tr\"],\"url\":\"http:\/\/denizcankizil.tr\/de\/author\/denizcankizil\/\"}]}<\/script>\n<!-- \/ Yoast SEO Premium plugin. -->","yoast_head_json":{"title":"Kepez'den 'Glutensiz Market' - Av. Deniz Can K\u0131z\u0131l","robots":{"index":"index","follow":"follow","max-snippet":"max-snippet:-1","max-image-preview":"max-image-preview:large","max-video-preview":"max-video-preview:-1"},"canonical":"http:\/\/denizcankizil.tr\/de\/haberler\/antalya\/kepezden-glutensiz-market\/","og_locale":"de_DE","og_type":"article","og_title":"Kepez'den 'Glutensiz Market'","og_description":"Antalya&#8217;n\u0131n Kepez Belediyesi i\u015ftiraki olan Kepez Kalk\u0131nma ve Dayan\u0131\u015fma Vakf\u0131 F\u0131r\u0131n \u0130ktisadi \u0130\u015fletmesi, \u00e7\u00f6lyak hastalar\u0131 ile sa\u011fl\u0131kl\u0131 beslenmek isteyenlere y\u00f6nelik olarak g\u00fcnde 3 binden fazla gl\u00fctensiz \u00fcr\u00fcn\u00fc t\u00fcketime sunuyor. Halk sa\u011fl\u0131\u011f\u0131na b\u00fcy\u00fck \u00f6nem verdiklerini belirten Kepez Belediye Ba\u015fkan\u0131 Mesut Kocag\u00f6z, &#8220;Glutensiz ekmek \u00fcretim tesisimiz, alan\u0131nda \u00f6rnek bir tesis olarak faaliyet g\u00f6steriyor. Tar\u0131m ve Orman Bakanl\u0131\u011f\u0131&#8217;ndan al\u0131nan t\u00fcm izinlerle en ileri teknolojiye sahip elektronik makinelerle g\u0131da g\u00fcvenli\u011fi standartlar\u0131na tam uyumlu \u015fekilde \u00fcretim yap\u0131yoruz. Tesisimizde hijyen kurallar\u0131na titizlikle uyulurken, g\u0131da m\u00fchendislerinin denetiminde \u00fcretim ger\u00e7ekle\u015ftiriliyor&#8221; dedi. Toplumun her kesimine dokunan sosyal belediyecilik Kepez Vakf\u0131 ekmek \u00fcretim tesislerinin sadece \u00e7\u00f6lyak hastalar\u0131n\u0131n de\u011fil, sa\u011fl\u0131kl\u0131 beslenmek isteyen vatanda\u015flar\u0131n da ihtiya\u00e7lar\u0131n\u0131 kar\u015f\u0131lad\u0131\u011f\u0131 ve toplumun her kesimlerine dokunan bir sosyal belediyecilik hizmeti oldu\u011funu s\u00f6yleyen Ba\u015fkan Kocag\u00f6z, &#8220;Hep birlikte daha sa\u011fl\u0131kl\u0131 ve mutlu bir Kepez i\u00e7in \u00e7al\u0131\u015fmaya devam edece\u011fiz. Kepez Kalk\u0131nma ve Dayan\u0131\u015fma Vakf\u0131 b\u00fcnyesindeki ekmek fabrikas\u0131 ile hem \u00fcretiyor hem de yap\u0131lan karla ihtiya\u00e7 sahiplerine yard\u0131m elini uzat\u0131yoruz. Kar i\u00e7in de\u011fil, sosyal yard\u0131mla\u015fmay\u0131 \u00f6ne \u00e7\u0131karan bir anlay\u0131\u015fla \u00f6\u011frencilere burs veriyoruz&#8221; diye konu\u015ftu. \u00d6rnek bir sosyal belediyecilik yat\u0131r\u0131m\u0131 olan Kepez Vakf\u0131 Ekmek Fabrikas\u0131, \u00fcretim \u00e7e\u015fitlili\u011fi ile dikkati \u00e7ekiyor. \u00d6nce insan sa\u011fl\u0131\u011f\u0131 ilkesiyle \u00fcretim yaparak il\u00e7e sakinlerinin uygun fiyatl\u0131, lezzetli ve sa\u011fl\u0131kl\u0131 ekmek ihtiyac\u0131n\u0131 kar\u015f\u0131l\u0131yor. Her damak zevkine uygun ekmek &hellip;","og_url":"http:\/\/denizcankizil.tr\/de\/haberler\/antalya\/kepezden-glutensiz-market\/","og_site_name":"Av. Deniz Can K\u0131z\u0131l","article_published_time":"2025-05-06T11:41:16+00:00","og_image":[{"width":1280,"height":720,"url":"http:\/\/denizcankizil.tr\/wp-content\/uploads\/2025\/05\/6186-01-1ZA5iQ.jpg","type":"image\/jpeg"}],"author":"Av. Deniz Can K\u0131z\u0131l","twitter_card":"summary_large_image","twitter_misc":{"Verfasst von":"Av. Deniz Can K\u0131z\u0131l","Gesch\u00e4tzte Lesezeit":"3\u00a0Minuten"},"schema":{"@context":"https:\/\/schema.org","@graph":[{"@type":"Article","@id":"http:\/\/denizcankizil.tr\/de\/haberler\/antalya\/kepezden-glutensiz-market\/#article","isPartOf":{"@id":"http:\/\/denizcankizil.tr\/de\/haberler\/antalya\/kepezden-glutensiz-market\/"},"author":{"name":"Av. Deniz Can K\u0131z\u0131l","@id":"https:\/\/denizcankizil.tr\/de\/#\/schema\/person\/5dc1b22991bd7ac833867c10afc9b0ff"},"headline":"Kepez&#8217;den &#8216;Glutensiz Market&#8217;","datePublished":"2025-05-06T11:41:16+00:00","mainEntityOfPage":{"@id":"http:\/\/denizcankizil.tr\/de\/haberler\/antalya\/kepezden-glutensiz-market\/"},"wordCount":533,"publisher":{"@id":"https:\/\/denizcankizil.tr\/de\/#organization"},"image":{"@id":"http:\/\/denizcankizil.tr\/de\/haberler\/antalya\/kepezden-glutensiz-market\/#primaryimage"},"thumbnailUrl":"http:\/\/denizcankizil.tr\/wp-content\/uploads\/2025\/05\/6186-01-1ZA5iQ.jpg","articleSection":["Antalya"],"inLanguage":"de"},{"@type":"WebPage","@id":"http:\/\/denizcankizil.tr\/de\/haberler\/antalya\/kepezden-glutensiz-market\/","url":"http:\/\/denizcankizil.tr\/de\/haberler\/antalya\/kepezden-glutensiz-market\/","name":"Kepez'den 'Glutensiz Market' - Av. Deniz Can K\u0131z\u0131l","isPartOf":{"@id":"https:\/\/denizcankizil.tr\/de\/#website"},"primaryImageOfPage":{"@id":"http:\/\/denizcankizil.tr\/de\/haberler\/antalya\/kepezden-glutensiz-market\/#primaryimage"},"image":{"@id":"http:\/\/denizcankizil.tr\/de\/haberler\/antalya\/kepezden-glutensiz-market\/#primaryimage"},"thumbnailUrl":"http:\/\/denizcankizil.tr\/wp-content\/uploads\/2025\/05\/6186-01-1ZA5iQ.jpg","datePublished":"2025-05-06T11:41:16+00:00","breadcrumb":{"@id":"http:\/\/denizcankizil.tr\/de\/haberler\/antalya\/kepezden-glutensiz-market\/#breadcrumb"},"inLanguage":"de","potentialAction":[{"@type":"ReadAction","target":["http:\/\/denizcankizil.tr\/de\/haberler\/antalya\/kepezden-glutensiz-market\/"]}]},{"@type":"ImageObject","inLanguage":"de","@id":"http:\/\/denizcankizil.tr\/de\/haberler\/antalya\/kepezden-glutensiz-market\/#primaryimage","url":"http:\/\/denizcankizil.tr\/wp-content\/uploads\/2025\/05\/6186-01-1ZA5iQ.jpg","contentUrl":"http:\/\/denizcankizil.tr\/wp-content\/uploads\/2025\/05\/6186-01-1ZA5iQ.jpg","width":1280,"height":720},{"@type":"BreadcrumbList","@id":"http:\/\/denizcankizil.tr\/de\/haberler\/antalya\/kepezden-glutensiz-market\/#breadcrumb","itemListElement":[{"@type":"ListItem","position":1,"name":"Home","item":"https:\/\/denizcankizil.tr\/de\/"},{"@type":"ListItem","position":2,"name":"Kepez&#8217;den &#8216;Glutensiz Market&#8217;"}]},{"@type":"WebSite","@id":"https:\/\/denizcankizil.tr\/de\/#website","url":"https:\/\/denizcankizil.tr\/de\/","name":"Av. Deniz Can K\u0131z\u0131l","description":"Avukat Deniz Can K\u0131z\u0131l Antalya Barosu","publisher":{"@id":"https:\/\/denizcankizil.tr\/de\/#organization"},"potentialAction":[{"@type":"SearchAction","target":{"@type":"EntryPoint","urlTemplate":"https:\/\/denizcankizil.tr\/de\/?s={search_term_string}"},"query-input":{"@type":"PropertyValueSpecification","valueRequired":true,"valueName":"search_term_string"}}],"inLanguage":"de"},{"@type":"Organization","@id":"https:\/\/denizcankizil.tr\/de\/#organization","name":"Av. Deniz Can K\u0131z\u0131l","url":"https:\/\/denizcankizil.tr\/de\/","logo":{"@type":"ImageObject","inLanguage":"de","@id":"https:\/\/denizcankizil.tr\/de\/#\/schema\/logo\/image\/","url":"http:\/\/denizcankizil.tr\/wp-content\/uploads\/2024\/10\/siyah-logo-svg.svg","contentUrl":"http:\/\/denizcankizil.tr\/wp-content\/uploads\/2024\/10\/siyah-logo-svg.svg","width":1080,"height":1080,"caption":"Av. Deniz Can K\u0131z\u0131l"},"image":{"@id":"https:\/\/denizcankizil.tr\/de\/#\/schema\/logo\/image\/"}},{"@type":"Person","@id":"https:\/\/denizcankizil.tr\/de\/#\/schema\/person\/5dc1b22991bd7ac833867c10afc9b0ff","name":"Av. Deniz Can K\u0131z\u0131l","image":{"@type":"ImageObject","inLanguage":"de","@id":"https:\/\/denizcankizil.tr\/de\/#\/schema\/person\/image\/","url":"https:\/\/secure.gravatar.com\/avatar\/a0b128fb9855c79efc976d5640eedb31dc35ec297594d6016d2cf7c60e975bb6?s=96&d=mm&r=g","contentUrl":"https:\/\/secure.gravatar.com\/avatar\/a0b128fb9855c79efc976d5640eedb31dc35ec297594d6016d2cf7c60e975bb6?s=96&d=mm&r=g","caption":"Av. Deniz Can K\u0131z\u0131l"},"sameAs":["http:\/\/www.denizcankizil.tr"],"url":"http:\/\/denizcankizil.tr\/de\/author\/denizcankizil\/"}]}},"_links":{"self":[{"href":"http:\/\/denizcankizil.tr\/de\/wp-json\/wp\/v2\/posts\/77969","targetHints":{"allow":["GET"]}}],"collection":[{"href":"http:\/\/denizcankizil.tr\/de\/wp-json\/wp\/v2\/posts"}],"about":[{"href":"http:\/\/denizcankizil.tr\/de\/wp-json\/wp\/v2\/types\/post"}],"author":[{"embeddable":true,"href":"http:\/\/denizcankizil.tr\/de\/wp-json\/wp\/v2\/users\/4"}],"replies":[{"embeddable":true,"href":"http:\/\/denizcankizil.tr\/de\/wp-json\/wp\/v2\/comments?post=77969"}],"version-history":[{"count":0,"href":"http:\/\/denizcankizil.tr\/de\/wp-json\/wp\/v2\/posts\/77969\/revisions"}],"wp:featuredmedia":[{"embeddable":true,"href":"http:\/\/denizcankizil.tr\/de\/wp-json\/wp\/v2\/media\/77970"}],"wp:attachment":[{"href":"http:\/\/denizcankizil.tr\/de\/wp-json\/wp\/v2\/media?parent=77969"}],"wp:term":[{"taxonomy":"category","embeddable":true,"href":"http:\/\/denizcankizil.tr\/de\/wp-json\/wp\/v2\/categories?post=77969"},{"taxonomy":"post_tag","embeddable":true,"href":"http:\/\/denizcankizil.tr\/de\/wp-json\/wp\/v2\/tags?post=77969"}],"curies":[{"name":"wp","href":"https:\/\/api.w.org\/{rel}","templated":true}]}}