{"id":76645,"date":"2025-05-05T09:42:48","date_gmt":"2025-05-05T06:42:48","guid":{"rendered":"https:\/\/denizcankizil.tr\/uncategorized-tr\/bilecikte-takla-atan-otomobilde-1-kisi-yaralandi\/"},"modified":"2025-05-05T09:42:48","modified_gmt":"2025-05-05T06:42:48","slug":"bilecikte-takla-atan-otomobilde-1-kisi-yaralandi","status":"publish","type":"post","link":"http:\/\/denizcankizil.tr\/de\/haberler\/gundem\/bilecikte-takla-atan-otomobilde-1-kisi-yaralandi\/","title":{"rendered":"Bilecik&#8217;te takla atan otomobilde 1 ki\u015fi yaraland\u0131"},"content":{"rendered":"<p>Bilecik\u2019in Pazaryeri il\u00e7esinde iki otomobilin kar\u0131\u015ft\u0131\u011f\u0131 trafik kazas\u0131nda bir ara\u00e7 takla att\u0131, 1 ki\u015fi yaraland\u0131.Pazaryeri G\u00fcndem \/ B\u0130LEC\u0130K (\u0130GFA) &#8211; Al\u0131nan bilgiye g\u00f6re kaza, \u0130stanbul-Antalya D-650 karayolunun Pazaryeri il\u00e7e kav\u015fa\u011f\u0131nda meydana geldi.<br \/>\nBoz\u00fcy\u00fck istikametinden Bilecik y\u00f6n\u00fcne seyir halinde olan A. Y. idaresindeki 26 AEN 341 plakal\u0131 otomobil, ayn\u0131 y\u00f6nde ilerleyen O. U. y\u00f6netimindeki 10 BS 110 plakal\u0131 araca arkadan \u00e7arpt\u0131.<br \/>\n\u00c7arpman\u0131n etkisiyle savrulan Ahmet Y.\u2019nin kulland\u0131\u011f\u0131 otomobil takla atarak ters d\u00f6nd\u00fc.<\/p>\n<p>Kazada, takla atan ara\u00e7ta yolcu olarak bulunan F.U. yaraland\u0131.<br \/>\n\u0130hbar \u00fczerine olay yerine 112 Acil Servis, jandarma, polis ve itfaiye ekipleri sevk edildi. \u0130lk m\u00fcdahalesi olay yerinde yap\u0131lan yaral\u0131, sa\u011fl\u0131k durumu iyi oldu\u011fu belirlenerek Bilecik E\u011fitim ve Ara\u015ft\u0131rma Hastanesi\u2019ne kald\u0131r\u0131ld\u0131.<br \/>\nKaza dolay\u0131s\u0131yla karayolunda trafik bir s\u00fcre kontroll\u00fc olarak sa\u011flan\u0131rken, olayla ilgili inceleme ba\u015flat\u0131ld\u0131.<\/p>\n<p>\u200bBilecik\u2019in Pazaryeri il\u00e7esinde iki otomobilin kar\u0131\u015ft\u0131\u011f\u0131 trafik kazas\u0131nda bir ara\u00e7 takla att\u0131, 1 ki\u015fi yaraland\u0131.Pazaryeri G\u00fcndem \/ B\u0130LEC\u0130K (\u0130GFA) &#8211; Al\u0131nan bilgiye g\u00f6re kaza, \u0130stanbul-Antalya D-650 karayolunun Pazaryeri il\u00e7e kav\u015fa\u011f\u0131nda meydana geldi.<br \/>\nBoz\u00fcy\u00fck istikametinden Bilecik y\u00f6n\u00fcne seyir halinde olan A. Y. idaresindeki 26 AEN 341 plakal\u0131 otomobil, ayn\u0131 y\u00f6nde ilerleyen O. U. y\u00f6netimindeki 10 BS 110 plakal\u0131 araca arkadan \u00e7arpt\u0131.<br \/>\n\u00c7arpman\u0131n etkisiyle savrulan Ahmet Y.\u2019nin kulland\u0131\u011f\u0131 otomobil takla atarak ters d\u00f6nd\u00fc.<\/p>\n<p>Kazada, takla atan ara\u00e7ta yolcu olarak bulunan F.U. yaraland\u0131.<br \/>\n\u0130hbar \u00fczerine olay yerine 112 Acil Servis, jandarma, polis ve itfaiye ekipleri sevk edildi. \u0130lk m\u00fcdahalesi olay yerinde yap\u0131lan yaral\u0131, sa\u011fl\u0131k durumu iyi oldu\u011fu belirlenerek Bilecik E\u011fitim ve Ara\u015ft\u0131rma Hastanesi\u2019ne kald\u0131r\u0131ld\u0131.<br \/>\nKaza dolay\u0131s\u0131yla karayolunda trafik bir s\u00fcre kontroll\u00fc olarak sa\u011flan\u0131rken, olayla ilgili inceleme ba\u015flat\u0131ld\u0131.\u00a0<\/p>\n<p>\u200bHaberin Al\u0131nt\u0131land\u0131\u011f\u0131 Kaynak: www.iskenderun.org<\/p>","protected":false},"excerpt":{"rendered":"<p>Bilecik\u2019in Pazaryeri il\u00e7esinde iki otomobilin kar\u0131\u015ft\u0131\u011f\u0131 trafik kazas\u0131nda bir ara\u00e7 takla att\u0131, 1 ki\u015fi yaraland\u0131.Pazaryeri G\u00fcndem \/ B\u0130LEC\u0130K (\u0130GFA) &#8211; Al\u0131nan bilgiye g\u00f6re kaza, \u0130stanbul-Antalya D-650 karayolunun Pazaryeri il\u00e7e kav\u015fa\u011f\u0131nda meydana geldi. Boz\u00fcy\u00fck istikametinden Bilecik y\u00f6n\u00fcne seyir halinde olan A. Y. idaresindeki 26 AEN 341 plakal\u0131 otomobil, ayn\u0131 y\u00f6nde ilerleyen O. U. y\u00f6netimindeki 10 BS 110 plakal\u0131 araca arkadan \u00e7arpt\u0131. \u00c7arpman\u0131n etkisiyle savrulan Ahmet Y.\u2019nin kulland\u0131\u011f\u0131 otomobil takla atarak ters d\u00f6nd\u00fc. Kazada, takla atan ara\u00e7ta yolcu olarak bulunan F.U. yaraland\u0131. \u0130hbar \u00fczerine olay yerine 112 Acil Servis, jandarma, polis ve itfaiye ekipleri sevk edildi. \u0130lk m\u00fcdahalesi olay yerinde yap\u0131lan yaral\u0131, sa\u011fl\u0131k durumu iyi oldu\u011fu belirlenerek Bilecik E\u011fitim ve Ara\u015ft\u0131rma Hastanesi\u2019ne kald\u0131r\u0131ld\u0131. Kaza dolay\u0131s\u0131yla karayolunda trafik bir s\u00fcre kontroll\u00fc olarak sa\u011flan\u0131rken, olayla ilgili inceleme ba\u015flat\u0131ld\u0131. \u200bBilecik\u2019in Pazaryeri il\u00e7esinde iki otomobilin kar\u0131\u015ft\u0131\u011f\u0131 trafik kazas\u0131nda bir ara\u00e7 takla att\u0131, 1 ki\u015fi yaraland\u0131.Pazaryeri G\u00fcndem \/ B\u0130LEC\u0130K (\u0130GFA) &#8211; Al\u0131nan bilgiye g\u00f6re kaza, \u0130stanbul-Antalya D-650 karayolunun Pazaryeri il\u00e7e kav\u015fa\u011f\u0131nda meydana geldi. Boz\u00fcy\u00fck istikametinden Bilecik y\u00f6n\u00fcne seyir halinde olan A. Y. idaresindeki 26 AEN 341 plakal\u0131 otomobil, ayn\u0131 y\u00f6nde ilerleyen O. U. y\u00f6netimindeki 10 BS 110 plakal\u0131 araca arkadan \u00e7arpt\u0131. \u00c7arpman\u0131n etkisiyle savrulan Ahmet Y.\u2019nin kulland\u0131\u011f\u0131 otomobil takla atarak ters d\u00f6nd\u00fc. Kazada, takla atan ara\u00e7ta yolcu &hellip;<\/p>","protected":false},"author":1,"featured_media":0,"comment_status":"","ping_status":"open","sticky":false,"template":"","format":"standard","meta":{"_acf_changed":false,"footnotes":""},"categories":[24],"tags":[],"class_list":["post-76645","post","type-post","status-publish","format-standard","has-post-thumbnail","hentry","category-gundem"],"acf":[],"yoast_head":"<!-- This site is optimized with the Yoast SEO Premium plugin v26.6 (Yoast SEO v27.1.1) - https:\/\/yoast.com\/product\/yoast-seo-premium-wordpress\/ -->\n<title>Bilecik&#039;te takla atan otomobilde 1 ki\u015fi yaraland\u0131 - Av. Deniz Can K\u0131z\u0131l<\/title>\n<meta name=\"robots\" content=\"index, follow, max-snippet:-1, max-image-preview:large, max-video-preview:-1\" \/>\n<link rel=\"canonical\" href=\"http:\/\/denizcankizil.tr\/de\/haberler\/gundem\/bilecikte-takla-atan-otomobilde-1-kisi-yaralandi\/\" \/>\n<meta property=\"og:locale\" content=\"de_DE\" \/>\n<meta property=\"og:type\" content=\"article\" \/>\n<meta property=\"og:title\" content=\"Bilecik&#039;te takla atan otomobilde 1 ki\u015fi yaraland\u0131\" \/>\n<meta property=\"og:description\" content=\"Bilecik\u2019in Pazaryeri il\u00e7esinde iki otomobilin kar\u0131\u015ft\u0131\u011f\u0131 trafik kazas\u0131nda bir ara\u00e7 takla att\u0131, 1 ki\u015fi yaraland\u0131.Pazaryeri G\u00fcndem \/ B\u0130LEC\u0130K (\u0130GFA) &#8211; Al\u0131nan bilgiye g\u00f6re kaza, \u0130stanbul-Antalya D-650 karayolunun Pazaryeri il\u00e7e kav\u015fa\u011f\u0131nda meydana geldi. Boz\u00fcy\u00fck istikametinden Bilecik y\u00f6n\u00fcne seyir halinde olan A. Y. idaresindeki 26 AEN 341 plakal\u0131 otomobil, ayn\u0131 y\u00f6nde ilerleyen O. U. y\u00f6netimindeki 10 BS 110 plakal\u0131 araca arkadan \u00e7arpt\u0131. \u00c7arpman\u0131n etkisiyle savrulan Ahmet Y.\u2019nin kulland\u0131\u011f\u0131 otomobil takla atarak ters d\u00f6nd\u00fc. Kazada, takla atan ara\u00e7ta yolcu olarak bulunan F.U. yaraland\u0131. \u0130hbar \u00fczerine olay yerine 112 Acil Servis, jandarma, polis ve itfaiye ekipleri sevk edildi. \u0130lk m\u00fcdahalesi olay yerinde yap\u0131lan yaral\u0131, sa\u011fl\u0131k durumu iyi oldu\u011fu belirlenerek Bilecik E\u011fitim ve Ara\u015ft\u0131rma Hastanesi\u2019ne kald\u0131r\u0131ld\u0131. Kaza dolay\u0131s\u0131yla karayolunda trafik bir s\u00fcre kontroll\u00fc olarak sa\u011flan\u0131rken, olayla ilgili inceleme ba\u015flat\u0131ld\u0131. \u200bBilecik\u2019in Pazaryeri il\u00e7esinde iki otomobilin kar\u0131\u015ft\u0131\u011f\u0131 trafik kazas\u0131nda bir ara\u00e7 takla att\u0131, 1 ki\u015fi yaraland\u0131.Pazaryeri G\u00fcndem \/ B\u0130LEC\u0130K (\u0130GFA) &#8211; Al\u0131nan bilgiye g\u00f6re kaza, \u0130stanbul-Antalya D-650 karayolunun Pazaryeri il\u00e7e kav\u015fa\u011f\u0131nda meydana geldi. Boz\u00fcy\u00fck istikametinden Bilecik y\u00f6n\u00fcne seyir halinde olan A. Y. idaresindeki 26 AEN 341 plakal\u0131 otomobil, ayn\u0131 y\u00f6nde ilerleyen O. U. y\u00f6netimindeki 10 BS 110 plakal\u0131 araca arkadan \u00e7arpt\u0131. \u00c7arpman\u0131n etkisiyle savrulan Ahmet Y.\u2019nin kulland\u0131\u011f\u0131 otomobil takla atarak ters d\u00f6nd\u00fc. Kazada, takla atan ara\u00e7ta yolcu &hellip;\" \/>\n<meta property=\"og:url\" content=\"http:\/\/denizcankizil.tr\/de\/haberler\/gundem\/bilecikte-takla-atan-otomobilde-1-kisi-yaralandi\/\" \/>\n<meta property=\"og:site_name\" content=\"Av. Deniz Can K\u0131z\u0131l\" \/>\n<meta property=\"article:published_time\" content=\"2025-05-05T06:42:48+00:00\" \/>\n<meta name=\"author\" content=\"admin\" \/>\n<meta name=\"twitter:card\" content=\"summary_large_image\" \/>\n<meta name=\"twitter:label1\" content=\"Verfasst von\" \/>\n\t<meta name=\"twitter:data1\" content=\"admin\" \/>\n\t<meta name=\"twitter:label2\" content=\"Gesch\u00e4tzte Lesezeit\" \/>\n\t<meta name=\"twitter:data2\" content=\"2\u00a0Minuten\" \/>\n<script type=\"application\/ld+json\" class=\"yoast-schema-graph\">{\"@context\":\"https:\/\/schema.org\",\"@graph\":[{\"@type\":\"Article\",\"@id\":\"http:\/\/denizcankizil.tr\/en\/haberler\/gundem\/bilecikte-takla-atan-otomobilde-1-kisi-yaralandi\/#article\",\"isPartOf\":{\"@id\":\"http:\/\/denizcankizil.tr\/en\/haberler\/gundem\/bilecikte-takla-atan-otomobilde-1-kisi-yaralandi\/\"},\"author\":{\"name\":\"admin\",\"@id\":\"https:\/\/denizcankizil.tr\/de\/#\/schema\/person\/be3c05fe6a12686905512445d8185489\"},\"headline\":\"Bilecik&#8217;te takla atan otomobilde 1 ki\u015fi yaraland\u0131\",\"datePublished\":\"2025-05-05T06:42:48+00:00\",\"mainEntityOfPage\":{\"@id\":\"http:\/\/denizcankizil.tr\/en\/haberler\/gundem\/bilecikte-takla-atan-otomobilde-1-kisi-yaralandi\/\"},\"wordCount\":336,\"publisher\":{\"@id\":\"https:\/\/denizcankizil.tr\/de\/#organization\"},\"articleSection\":[\"G\u00fcndem\"],\"inLanguage\":\"de\"},{\"@type\":\"WebPage\",\"@id\":\"http:\/\/denizcankizil.tr\/en\/haberler\/gundem\/bilecikte-takla-atan-otomobilde-1-kisi-yaralandi\/\",\"url\":\"http:\/\/denizcankizil.tr\/en\/haberler\/gundem\/bilecikte-takla-atan-otomobilde-1-kisi-yaralandi\/\",\"name\":\"Bilecik'te takla atan otomobilde 1 ki\u015fi yaraland\u0131 - Av. Deniz Can K\u0131z\u0131l\",\"isPartOf\":{\"@id\":\"https:\/\/denizcankizil.tr\/de\/#website\"},\"datePublished\":\"2025-05-05T06:42:48+00:00\",\"breadcrumb\":{\"@id\":\"http:\/\/denizcankizil.tr\/en\/haberler\/gundem\/bilecikte-takla-atan-otomobilde-1-kisi-yaralandi\/#breadcrumb\"},\"inLanguage\":\"de\",\"potentialAction\":[{\"@type\":\"ReadAction\",\"target\":[\"http:\/\/denizcankizil.tr\/en\/haberler\/gundem\/bilecikte-takla-atan-otomobilde-1-kisi-yaralandi\/\"]}]},{\"@type\":\"BreadcrumbList\",\"@id\":\"http:\/\/denizcankizil.tr\/en\/haberler\/gundem\/bilecikte-takla-atan-otomobilde-1-kisi-yaralandi\/#breadcrumb\",\"itemListElement\":[{\"@type\":\"ListItem\",\"position\":1,\"name\":\"Home\",\"item\":\"https:\/\/denizcankizil.tr\/de\/\"},{\"@type\":\"ListItem\",\"position\":2,\"name\":\"Bilecik&#8217;te takla atan otomobilde 1 ki\u015fi yaraland\u0131\"}]},{\"@type\":\"WebSite\",\"@id\":\"https:\/\/denizcankizil.tr\/de\/#website\",\"url\":\"https:\/\/denizcankizil.tr\/de\/\",\"name\":\"Av. Deniz Can K\u0131z\u0131l\",\"description\":\"Avukat Deniz Can K\u0131z\u0131l Antalya Barosu\",\"publisher\":{\"@id\":\"https:\/\/denizcankizil.tr\/de\/#organization\"},\"potentialAction\":[{\"@type\":\"SearchAction\",\"target\":{\"@type\":\"EntryPoint\",\"urlTemplate\":\"https:\/\/denizcankizil.tr\/de\/?s={search_term_string}\"},\"query-input\":{\"@type\":\"PropertyValueSpecification\",\"valueRequired\":true,\"valueName\":\"search_term_string\"}}],\"inLanguage\":\"de\"},{\"@type\":\"Organization\",\"@id\":\"https:\/\/denizcankizil.tr\/de\/#organization\",\"name\":\"Av. Deniz Can K\u0131z\u0131l\",\"url\":\"https:\/\/denizcankizil.tr\/de\/\",\"logo\":{\"@type\":\"ImageObject\",\"inLanguage\":\"de\",\"@id\":\"https:\/\/denizcankizil.tr\/de\/#\/schema\/logo\/image\/\",\"url\":\"http:\/\/denizcankizil.tr\/wp-content\/uploads\/2024\/10\/siyah-logo-svg.svg\",\"contentUrl\":\"http:\/\/denizcankizil.tr\/wp-content\/uploads\/2024\/10\/siyah-logo-svg.svg\",\"width\":1080,\"height\":1080,\"caption\":\"Av. Deniz Can K\u0131z\u0131l\"},\"image\":{\"@id\":\"https:\/\/denizcankizil.tr\/de\/#\/schema\/logo\/image\/\"}},{\"@type\":\"Person\",\"@id\":\"https:\/\/denizcankizil.tr\/de\/#\/schema\/person\/be3c05fe6a12686905512445d8185489\",\"name\":\"admin\",\"image\":{\"@type\":\"ImageObject\",\"inLanguage\":\"de\",\"@id\":\"https:\/\/denizcankizil.tr\/de\/#\/schema\/person\/image\/\",\"url\":\"https:\/\/secure.gravatar.com\/avatar\/c1fce94c830dc79107e174f890d7210541c4a63e8e5d816341794a2151c9d58c?s=96&d=mm&r=g\",\"contentUrl\":\"https:\/\/secure.gravatar.com\/avatar\/c1fce94c830dc79107e174f890d7210541c4a63e8e5d816341794a2151c9d58c?s=96&d=mm&r=g\",\"caption\":\"admin\"},\"sameAs\":[\"http:\/\/denizcankizil.tr\"],\"url\":\"https:\/\/www.iskenderun.org\/bilecikte-takla-atan-otomobilde-1-kisi-yaralandi\"}]}<\/script>\n<!-- \/ Yoast SEO Premium plugin. -->","yoast_head_json":{"title":"Bilecik'te takla atan otomobilde 1 ki\u015fi yaraland\u0131 - Av. Deniz Can K\u0131z\u0131l","robots":{"index":"index","follow":"follow","max-snippet":"max-snippet:-1","max-image-preview":"max-image-preview:large","max-video-preview":"max-video-preview:-1"},"canonical":"http:\/\/denizcankizil.tr\/de\/haberler\/gundem\/bilecikte-takla-atan-otomobilde-1-kisi-yaralandi\/","og_locale":"de_DE","og_type":"article","og_title":"Bilecik'te takla atan otomobilde 1 ki\u015fi yaraland\u0131","og_description":"Bilecik\u2019in Pazaryeri il\u00e7esinde iki otomobilin kar\u0131\u015ft\u0131\u011f\u0131 trafik kazas\u0131nda bir ara\u00e7 takla att\u0131, 1 ki\u015fi yaraland\u0131.Pazaryeri G\u00fcndem \/ B\u0130LEC\u0130K (\u0130GFA) &#8211; Al\u0131nan bilgiye g\u00f6re kaza, \u0130stanbul-Antalya D-650 karayolunun Pazaryeri il\u00e7e kav\u015fa\u011f\u0131nda meydana geldi. Boz\u00fcy\u00fck istikametinden Bilecik y\u00f6n\u00fcne seyir halinde olan A. Y. idaresindeki 26 AEN 341 plakal\u0131 otomobil, ayn\u0131 y\u00f6nde ilerleyen O. U. y\u00f6netimindeki 10 BS 110 plakal\u0131 araca arkadan \u00e7arpt\u0131. \u00c7arpman\u0131n etkisiyle savrulan Ahmet Y.\u2019nin kulland\u0131\u011f\u0131 otomobil takla atarak ters d\u00f6nd\u00fc. Kazada, takla atan ara\u00e7ta yolcu olarak bulunan F.U. yaraland\u0131. \u0130hbar \u00fczerine olay yerine 112 Acil Servis, jandarma, polis ve itfaiye ekipleri sevk edildi. \u0130lk m\u00fcdahalesi olay yerinde yap\u0131lan yaral\u0131, sa\u011fl\u0131k durumu iyi oldu\u011fu belirlenerek Bilecik E\u011fitim ve Ara\u015ft\u0131rma Hastanesi\u2019ne kald\u0131r\u0131ld\u0131. Kaza dolay\u0131s\u0131yla karayolunda trafik bir s\u00fcre kontroll\u00fc olarak sa\u011flan\u0131rken, olayla ilgili inceleme ba\u015flat\u0131ld\u0131. \u200bBilecik\u2019in Pazaryeri il\u00e7esinde iki otomobilin kar\u0131\u015ft\u0131\u011f\u0131 trafik kazas\u0131nda bir ara\u00e7 takla att\u0131, 1 ki\u015fi yaraland\u0131.Pazaryeri G\u00fcndem \/ B\u0130LEC\u0130K (\u0130GFA) &#8211; Al\u0131nan bilgiye g\u00f6re kaza, \u0130stanbul-Antalya D-650 karayolunun Pazaryeri il\u00e7e kav\u015fa\u011f\u0131nda meydana geldi. Boz\u00fcy\u00fck istikametinden Bilecik y\u00f6n\u00fcne seyir halinde olan A. Y. idaresindeki 26 AEN 341 plakal\u0131 otomobil, ayn\u0131 y\u00f6nde ilerleyen O. U. y\u00f6netimindeki 10 BS 110 plakal\u0131 araca arkadan \u00e7arpt\u0131. \u00c7arpman\u0131n etkisiyle savrulan Ahmet Y.\u2019nin kulland\u0131\u011f\u0131 otomobil takla atarak ters d\u00f6nd\u00fc. Kazada, takla atan ara\u00e7ta yolcu &hellip;","og_url":"http:\/\/denizcankizil.tr\/de\/haberler\/gundem\/bilecikte-takla-atan-otomobilde-1-kisi-yaralandi\/","og_site_name":"Av. Deniz Can K\u0131z\u0131l","article_published_time":"2025-05-05T06:42:48+00:00","author":"admin","twitter_card":"summary_large_image","twitter_misc":{"Verfasst von":"admin","Gesch\u00e4tzte Lesezeit":"2\u00a0Minuten"},"schema":{"@context":"https:\/\/schema.org","@graph":[{"@type":"Article","@id":"http:\/\/denizcankizil.tr\/en\/haberler\/gundem\/bilecikte-takla-atan-otomobilde-1-kisi-yaralandi\/#article","isPartOf":{"@id":"http:\/\/denizcankizil.tr\/en\/haberler\/gundem\/bilecikte-takla-atan-otomobilde-1-kisi-yaralandi\/"},"author":{"name":"admin","@id":"https:\/\/denizcankizil.tr\/de\/#\/schema\/person\/be3c05fe6a12686905512445d8185489"},"headline":"Bilecik&#8217;te takla atan otomobilde 1 ki\u015fi yaraland\u0131","datePublished":"2025-05-05T06:42:48+00:00","mainEntityOfPage":{"@id":"http:\/\/denizcankizil.tr\/en\/haberler\/gundem\/bilecikte-takla-atan-otomobilde-1-kisi-yaralandi\/"},"wordCount":336,"publisher":{"@id":"https:\/\/denizcankizil.tr\/de\/#organization"},"articleSection":["G\u00fcndem"],"inLanguage":"de"},{"@type":"WebPage","@id":"http:\/\/denizcankizil.tr\/en\/haberler\/gundem\/bilecikte-takla-atan-otomobilde-1-kisi-yaralandi\/","url":"http:\/\/denizcankizil.tr\/en\/haberler\/gundem\/bilecikte-takla-atan-otomobilde-1-kisi-yaralandi\/","name":"Bilecik'te takla atan otomobilde 1 ki\u015fi yaraland\u0131 - Av. Deniz Can K\u0131z\u0131l","isPartOf":{"@id":"https:\/\/denizcankizil.tr\/de\/#website"},"datePublished":"2025-05-05T06:42:48+00:00","breadcrumb":{"@id":"http:\/\/denizcankizil.tr\/en\/haberler\/gundem\/bilecikte-takla-atan-otomobilde-1-kisi-yaralandi\/#breadcrumb"},"inLanguage":"de","potentialAction":[{"@type":"ReadAction","target":["http:\/\/denizcankizil.tr\/en\/haberler\/gundem\/bilecikte-takla-atan-otomobilde-1-kisi-yaralandi\/"]}]},{"@type":"BreadcrumbList","@id":"http:\/\/denizcankizil.tr\/en\/haberler\/gundem\/bilecikte-takla-atan-otomobilde-1-kisi-yaralandi\/#breadcrumb","itemListElement":[{"@type":"ListItem","position":1,"name":"Home","item":"https:\/\/denizcankizil.tr\/de\/"},{"@type":"ListItem","position":2,"name":"Bilecik&#8217;te takla atan otomobilde 1 ki\u015fi yaraland\u0131"}]},{"@type":"WebSite","@id":"https:\/\/denizcankizil.tr\/de\/#website","url":"https:\/\/denizcankizil.tr\/de\/","name":"Av. Deniz Can K\u0131z\u0131l","description":"Avukat Deniz Can K\u0131z\u0131l Antalya Barosu","publisher":{"@id":"https:\/\/denizcankizil.tr\/de\/#organization"},"potentialAction":[{"@type":"SearchAction","target":{"@type":"EntryPoint","urlTemplate":"https:\/\/denizcankizil.tr\/de\/?s={search_term_string}"},"query-input":{"@type":"PropertyValueSpecification","valueRequired":true,"valueName":"search_term_string"}}],"inLanguage":"de"},{"@type":"Organization","@id":"https:\/\/denizcankizil.tr\/de\/#organization","name":"Av. Deniz Can K\u0131z\u0131l","url":"https:\/\/denizcankizil.tr\/de\/","logo":{"@type":"ImageObject","inLanguage":"de","@id":"https:\/\/denizcankizil.tr\/de\/#\/schema\/logo\/image\/","url":"http:\/\/denizcankizil.tr\/wp-content\/uploads\/2024\/10\/siyah-logo-svg.svg","contentUrl":"http:\/\/denizcankizil.tr\/wp-content\/uploads\/2024\/10\/siyah-logo-svg.svg","width":1080,"height":1080,"caption":"Av. Deniz Can K\u0131z\u0131l"},"image":{"@id":"https:\/\/denizcankizil.tr\/de\/#\/schema\/logo\/image\/"}},{"@type":"Person","@id":"https:\/\/denizcankizil.tr\/de\/#\/schema\/person\/be3c05fe6a12686905512445d8185489","name":"Administrator","image":{"@type":"ImageObject","inLanguage":"de","@id":"https:\/\/denizcankizil.tr\/de\/#\/schema\/person\/image\/","url":"https:\/\/secure.gravatar.com\/avatar\/c1fce94c830dc79107e174f890d7210541c4a63e8e5d816341794a2151c9d58c?s=96&d=mm&r=g","contentUrl":"https:\/\/secure.gravatar.com\/avatar\/c1fce94c830dc79107e174f890d7210541c4a63e8e5d816341794a2151c9d58c?s=96&d=mm&r=g","caption":"admin"},"sameAs":["http:\/\/denizcankizil.tr"],"url":"https:\/\/www.iskenderun.org\/bilecikte-takla-atan-otomobilde-1-kisi-yaralandi"}]}},"_links":{"self":[{"href":"http:\/\/denizcankizil.tr\/de\/wp-json\/wp\/v2\/posts\/76645","targetHints":{"allow":["GET"]}}],"collection":[{"href":"http:\/\/denizcankizil.tr\/de\/wp-json\/wp\/v2\/posts"}],"about":[{"href":"http:\/\/denizcankizil.tr\/de\/wp-json\/wp\/v2\/types\/post"}],"author":[{"embeddable":true,"href":"http:\/\/denizcankizil.tr\/de\/wp-json\/wp\/v2\/users\/1"}],"replies":[{"embeddable":true,"href":"http:\/\/denizcankizil.tr\/de\/wp-json\/wp\/v2\/comments?post=76645"}],"version-history":[{"count":0,"href":"http:\/\/denizcankizil.tr\/de\/wp-json\/wp\/v2\/posts\/76645\/revisions"}],"wp:attachment":[{"href":"http:\/\/denizcankizil.tr\/de\/wp-json\/wp\/v2\/media?parent=76645"}],"wp:term":[{"taxonomy":"category","embeddable":true,"href":"http:\/\/denizcankizil.tr\/de\/wp-json\/wp\/v2\/categories?post=76645"},{"taxonomy":"post_tag","embeddable":true,"href":"http:\/\/denizcankizil.tr\/de\/wp-json\/wp\/v2\/tags?post=76645"}],"curies":[{"name":"wp","href":"https:\/\/api.w.org\/{rel}","templated":true}]}}