{"id":76644,"date":"2025-05-05T09:42:47","date_gmt":"2025-05-05T06:42:47","guid":{"rendered":"https:\/\/denizcankizil.tr\/uncategorized-tr\/kapsule-kktcde-cifte-odul\/"},"modified":"2025-05-05T09:42:47","modified_gmt":"2025-05-05T06:42:47","slug":"kapsule-kktcde-cifte-odul","status":"publish","type":"post","link":"http:\/\/denizcankizil.tr\/de\/haberler\/gundem\/kapsule-kktcde-cifte-odul\/","title":{"rendered":"Kaps\u00fcl&#8217;e KKTC&#8217;de \u00e7ifte \u00f6d\u00fcl"},"content":{"rendered":"<p>Konya B\u00fcy\u00fck\u015fehir Belediyesi Kaps\u00fcl Teknoloji Platformu, 2025 TEKNOFEST KKTC\u2019deki 6 farkl\u0131 kategoriden 2 \u00f6d\u00fcl alarak yine Konya\u2019n\u0131n gururu oldu.KONYA (\u0130GFA) &#8211; Konya B\u00fcy\u00fck\u015fehir Belediyesi Kaps\u00fcl Teknoloji Platformu, 2025 TEKNOFEST Kuzey K\u0131br\u0131s T\u00fcrk Cumhuriyeti\u2019ndeki (KKTC) yar\u0131\u015fmalarda 6 farkl\u0131 kategoriden 2 \u00f6d\u00fclle d\u00f6nd\u00fc.<br \/>\nKaps\u00fcl Teknoloji Platformu, gen\u00e7lerin teknolojiye olan ilgisini art\u0131rmak, yenilik\u00e7i projeleri desteklemek ve yerli-milli \u00fcretime katk\u0131 sa\u011flamak amac\u0131yla TEKNOFEST KKTC\u2019de 6 farkl\u0131 kategoride tak\u0131mlar\u0131yla yer ald\u0131. Bu destekler sayesinde Kaps\u00fcl b\u00fcnyesinden 10 tak\u0131m ve 41 kat\u0131l\u0131mc\u0131, finallere kald\u0131.<\/p>\n<p>KAPS\u00dcL&#8217;\u00fcn deste\u011fiyle finale \u00e7\u0131kan tak\u0131mlardan KTP K\u0131l\u0131\u00e7arslan Ak\u0131nc\u0131lar\u0131, 2025 TEKNOFEST KKTC b\u00fcy\u00fck bir ba\u015far\u0131ya imza att\u0131. U\u00e7an Araba Sim\u00fclasyonu kategorisinde yar\u0131\u015fan tak\u0131m, \u201cEn \u0130yi Algoritma \u00d6d\u00fcl\u00fc\u201dn\u00fcn yan\u0131 s\u0131ra ikincilik \u00f6d\u00fcl\u00fcn\u00fc de kazanarak Konya\u2019ya b\u00fcy\u00fck gurur ya\u015fatt\u0131.<br \/>\nKonya B\u00fcy\u00fck\u015fehir Belediye Ba\u015fkan\u0131 U\u011fur \u0130brahim Altay, TEKNOFEST\u2019te dereceye giren gen\u00e7leri tebrik ederek, kat\u0131lan t\u00fcm Kaps\u00fcl tak\u0131mlar\u0131na te\u015fekk\u00fcr etti. Ba\u015fkan Altay, gen\u00e7lerin her zaman yan\u0131nda olduklar\u0131n\u0131 ve ba\u015far\u0131l\u0131 olmalar\u0131 i\u00e7in her t\u00fcrl\u00fc imkan\u0131 sa\u011flamaya devam edeceklerini vurgulad\u0131.<\/p>\n<p>KTP K\u0131l\u0131\u00e7arslan Ak\u0131nc\u0131lar\u0131\u2019n\u0131n kazand\u0131\u011f\u0131 bu \u00e7ifte \u00f6d\u00fcl ile Kaps\u00fcl Teknoloji Platformu, TEKNOFEST KKTC\u2019deki 6 farkl\u0131 kategoriden toplamda 2 \u00f6d\u00fclle d\u00f6nm\u00fc\u015f oldu.<\/p>\n<p>\u200bKonya B\u00fcy\u00fck\u015fehir Belediyesi Kaps\u00fcl Teknoloji Platformu, 2025 TEKNOFEST KKTC\u2019deki 6 farkl\u0131 kategoriden 2 \u00f6d\u00fcl alarak yine Konya\u2019n\u0131n gururu oldu.KONYA (\u0130GFA) &#8211; Konya B\u00fcy\u00fck\u015fehir Belediyesi Kaps\u00fcl Teknoloji Platformu, 2025 TEKNOFEST Kuzey K\u0131br\u0131s T\u00fcrk Cumhuriyeti\u2019ndeki (KKTC) yar\u0131\u015fmalarda 6 farkl\u0131 kategoriden 2 \u00f6d\u00fclle d\u00f6nd\u00fc.<br \/>\nKaps\u00fcl Teknoloji Platformu, gen\u00e7lerin teknolojiye olan ilgisini art\u0131rmak, yenilik\u00e7i projeleri desteklemek ve yerli-milli \u00fcretime katk\u0131 sa\u011flamak amac\u0131yla TEKNOFEST KKTC\u2019de 6 farkl\u0131 kategoride tak\u0131mlar\u0131yla yer ald\u0131. Bu destekler sayesinde Kaps\u00fcl b\u00fcnyesinden 10 tak\u0131m ve 41 kat\u0131l\u0131mc\u0131, finallere kald\u0131.<\/p>\n<p>KAPS\u00dcL&#8217;\u00fcn deste\u011fiyle finale \u00e7\u0131kan tak\u0131mlardan KTP K\u0131l\u0131\u00e7arslan Ak\u0131nc\u0131lar\u0131, 2025 TEKNOFEST KKTC b\u00fcy\u00fck bir ba\u015far\u0131ya imza att\u0131. U\u00e7an Araba Sim\u00fclasyonu kategorisinde yar\u0131\u015fan tak\u0131m, \u201cEn \u0130yi Algoritma \u00d6d\u00fcl\u00fc\u201dn\u00fcn yan\u0131 s\u0131ra ikincilik \u00f6d\u00fcl\u00fcn\u00fc de kazanarak Konya\u2019ya b\u00fcy\u00fck gurur ya\u015fatt\u0131.<br \/>\nKonya B\u00fcy\u00fck\u015fehir Belediye Ba\u015fkan\u0131 U\u011fur \u0130brahim Altay, TEKNOFEST\u2019te dereceye giren gen\u00e7leri tebrik ederek, kat\u0131lan t\u00fcm Kaps\u00fcl tak\u0131mlar\u0131na te\u015fekk\u00fcr etti. Ba\u015fkan Altay, gen\u00e7lerin her zaman yan\u0131nda olduklar\u0131n\u0131 ve ba\u015far\u0131l\u0131 olmalar\u0131 i\u00e7in her t\u00fcrl\u00fc imkan\u0131 sa\u011flamaya devam edeceklerini vurgulad\u0131.<\/p>\n<p>KTP K\u0131l\u0131\u00e7arslan Ak\u0131nc\u0131lar\u0131\u2019n\u0131n kazand\u0131\u011f\u0131 bu \u00e7ifte \u00f6d\u00fcl ile Kaps\u00fcl Teknoloji Platformu, TEKNOFEST KKTC\u2019deki 6 farkl\u0131 kategoriden toplamda 2 \u00f6d\u00fclle d\u00f6nm\u00fc\u015f oldu.\u00a0<\/p>\n<p>\u200bHaberin Al\u0131nt\u0131land\u0131\u011f\u0131 Kaynak: www.iskenderun.org<\/p>","protected":false},"excerpt":{"rendered":"<p>Konya B\u00fcy\u00fck\u015fehir Belediyesi Kaps\u00fcl Teknoloji Platformu, 2025 TEKNOFEST KKTC\u2019deki 6 farkl\u0131 kategoriden 2 \u00f6d\u00fcl alarak yine Konya\u2019n\u0131n gururu oldu.KONYA (\u0130GFA) &#8211; Konya B\u00fcy\u00fck\u015fehir Belediyesi Kaps\u00fcl Teknoloji Platformu, 2025 TEKNOFEST Kuzey K\u0131br\u0131s T\u00fcrk Cumhuriyeti\u2019ndeki (KKTC) yar\u0131\u015fmalarda 6 farkl\u0131 kategoriden 2 \u00f6d\u00fclle d\u00f6nd\u00fc. Kaps\u00fcl Teknoloji Platformu, gen\u00e7lerin teknolojiye olan ilgisini art\u0131rmak, yenilik\u00e7i projeleri desteklemek ve yerli-milli \u00fcretime katk\u0131 sa\u011flamak amac\u0131yla TEKNOFEST KKTC\u2019de 6 farkl\u0131 kategoride tak\u0131mlar\u0131yla yer ald\u0131. Bu destekler sayesinde Kaps\u00fcl b\u00fcnyesinden 10 tak\u0131m ve 41 kat\u0131l\u0131mc\u0131, finallere kald\u0131. KAPS\u00dcL&#8217;\u00fcn deste\u011fiyle finale \u00e7\u0131kan tak\u0131mlardan KTP K\u0131l\u0131\u00e7arslan Ak\u0131nc\u0131lar\u0131, 2025 TEKNOFEST KKTC b\u00fcy\u00fck bir ba\u015far\u0131ya imza att\u0131. U\u00e7an Araba Sim\u00fclasyonu kategorisinde yar\u0131\u015fan tak\u0131m, \u201cEn \u0130yi Algoritma \u00d6d\u00fcl\u00fc\u201dn\u00fcn yan\u0131 s\u0131ra ikincilik \u00f6d\u00fcl\u00fcn\u00fc de kazanarak Konya\u2019ya b\u00fcy\u00fck gurur ya\u015fatt\u0131. Konya B\u00fcy\u00fck\u015fehir Belediye Ba\u015fkan\u0131 U\u011fur \u0130brahim Altay, TEKNOFEST\u2019te dereceye giren gen\u00e7leri tebrik ederek, kat\u0131lan t\u00fcm Kaps\u00fcl tak\u0131mlar\u0131na te\u015fekk\u00fcr etti. Ba\u015fkan Altay, gen\u00e7lerin her zaman yan\u0131nda olduklar\u0131n\u0131 ve ba\u015far\u0131l\u0131 olmalar\u0131 i\u00e7in her t\u00fcrl\u00fc imkan\u0131 sa\u011flamaya devam edeceklerini vurgulad\u0131. KTP K\u0131l\u0131\u00e7arslan Ak\u0131nc\u0131lar\u0131\u2019n\u0131n kazand\u0131\u011f\u0131 bu \u00e7ifte \u00f6d\u00fcl ile Kaps\u00fcl Teknoloji Platformu, TEKNOFEST KKTC\u2019deki 6 farkl\u0131 kategoriden toplamda 2 \u00f6d\u00fclle d\u00f6nm\u00fc\u015f oldu. \u200bKonya B\u00fcy\u00fck\u015fehir Belediyesi Kaps\u00fcl Teknoloji Platformu, 2025 TEKNOFEST KKTC\u2019deki 6 farkl\u0131 kategoriden 2 \u00f6d\u00fcl alarak yine Konya\u2019n\u0131n gururu oldu.KONYA (\u0130GFA) &#8211; Konya B\u00fcy\u00fck\u015fehir Belediyesi Kaps\u00fcl Teknoloji Platformu, 2025 &hellip;<\/p>","protected":false},"author":1,"featured_media":0,"comment_status":"","ping_status":"open","sticky":false,"template":"","format":"standard","meta":{"_acf_changed":false,"footnotes":""},"categories":[24],"tags":[],"class_list":["post-76644","post","type-post","status-publish","format-standard","has-post-thumbnail","hentry","category-gundem"],"acf":[],"yoast_head":"<!-- This site is optimized with the Yoast SEO Premium plugin v26.6 (Yoast SEO v27.1.1) - https:\/\/yoast.com\/product\/yoast-seo-premium-wordpress\/ -->\n<title>Kaps\u00fcl&#039;e KKTC&#039;de \u00e7ifte \u00f6d\u00fcl - Av. Deniz Can K\u0131z\u0131l<\/title>\n<meta name=\"robots\" content=\"index, follow, max-snippet:-1, max-image-preview:large, max-video-preview:-1\" \/>\n<link rel=\"canonical\" href=\"http:\/\/denizcankizil.tr\/de\/haberler\/gundem\/kapsule-kktcde-cifte-odul\/\" \/>\n<meta property=\"og:locale\" content=\"de_DE\" \/>\n<meta property=\"og:type\" content=\"article\" \/>\n<meta property=\"og:title\" content=\"Kaps\u00fcl&#039;e KKTC&#039;de \u00e7ifte \u00f6d\u00fcl\" \/>\n<meta property=\"og:description\" content=\"Konya B\u00fcy\u00fck\u015fehir Belediyesi Kaps\u00fcl Teknoloji Platformu, 2025 TEKNOFEST KKTC\u2019deki 6 farkl\u0131 kategoriden 2 \u00f6d\u00fcl alarak yine Konya\u2019n\u0131n gururu oldu.KONYA (\u0130GFA) &#8211; Konya B\u00fcy\u00fck\u015fehir Belediyesi Kaps\u00fcl Teknoloji Platformu, 2025 TEKNOFEST Kuzey K\u0131br\u0131s T\u00fcrk Cumhuriyeti\u2019ndeki (KKTC) yar\u0131\u015fmalarda 6 farkl\u0131 kategoriden 2 \u00f6d\u00fclle d\u00f6nd\u00fc. Kaps\u00fcl Teknoloji Platformu, gen\u00e7lerin teknolojiye olan ilgisini art\u0131rmak, yenilik\u00e7i projeleri desteklemek ve yerli-milli \u00fcretime katk\u0131 sa\u011flamak amac\u0131yla TEKNOFEST KKTC\u2019de 6 farkl\u0131 kategoride tak\u0131mlar\u0131yla yer ald\u0131. Bu destekler sayesinde Kaps\u00fcl b\u00fcnyesinden 10 tak\u0131m ve 41 kat\u0131l\u0131mc\u0131, finallere kald\u0131. KAPS\u00dcL&#8217;\u00fcn deste\u011fiyle finale \u00e7\u0131kan tak\u0131mlardan KTP K\u0131l\u0131\u00e7arslan Ak\u0131nc\u0131lar\u0131, 2025 TEKNOFEST KKTC b\u00fcy\u00fck bir ba\u015far\u0131ya imza att\u0131. U\u00e7an Araba Sim\u00fclasyonu kategorisinde yar\u0131\u015fan tak\u0131m, \u201cEn \u0130yi Algoritma \u00d6d\u00fcl\u00fc\u201dn\u00fcn yan\u0131 s\u0131ra ikincilik \u00f6d\u00fcl\u00fcn\u00fc de kazanarak Konya\u2019ya b\u00fcy\u00fck gurur ya\u015fatt\u0131. Konya B\u00fcy\u00fck\u015fehir Belediye Ba\u015fkan\u0131 U\u011fur \u0130brahim Altay, TEKNOFEST\u2019te dereceye giren gen\u00e7leri tebrik ederek, kat\u0131lan t\u00fcm Kaps\u00fcl tak\u0131mlar\u0131na te\u015fekk\u00fcr etti. Ba\u015fkan Altay, gen\u00e7lerin her zaman yan\u0131nda olduklar\u0131n\u0131 ve ba\u015far\u0131l\u0131 olmalar\u0131 i\u00e7in her t\u00fcrl\u00fc imkan\u0131 sa\u011flamaya devam edeceklerini vurgulad\u0131. KTP K\u0131l\u0131\u00e7arslan Ak\u0131nc\u0131lar\u0131\u2019n\u0131n kazand\u0131\u011f\u0131 bu \u00e7ifte \u00f6d\u00fcl ile Kaps\u00fcl Teknoloji Platformu, TEKNOFEST KKTC\u2019deki 6 farkl\u0131 kategoriden toplamda 2 \u00f6d\u00fclle d\u00f6nm\u00fc\u015f oldu. \u200bKonya B\u00fcy\u00fck\u015fehir Belediyesi Kaps\u00fcl Teknoloji Platformu, 2025 TEKNOFEST KKTC\u2019deki 6 farkl\u0131 kategoriden 2 \u00f6d\u00fcl alarak yine Konya\u2019n\u0131n gururu oldu.KONYA (\u0130GFA) &#8211; Konya B\u00fcy\u00fck\u015fehir Belediyesi Kaps\u00fcl Teknoloji Platformu, 2025 &hellip;\" \/>\n<meta property=\"og:url\" content=\"http:\/\/denizcankizil.tr\/de\/haberler\/gundem\/kapsule-kktcde-cifte-odul\/\" \/>\n<meta property=\"og:site_name\" content=\"Av. Deniz Can K\u0131z\u0131l\" \/>\n<meta property=\"article:published_time\" content=\"2025-05-05T06:42:47+00:00\" \/>\n<meta name=\"author\" content=\"admin\" \/>\n<meta name=\"twitter:card\" content=\"summary_large_image\" \/>\n<meta name=\"twitter:label1\" content=\"Verfasst von\" \/>\n\t<meta name=\"twitter:data1\" content=\"admin\" \/>\n\t<meta name=\"twitter:label2\" content=\"Gesch\u00e4tzte Lesezeit\" \/>\n\t<meta name=\"twitter:data2\" content=\"3\u00a0Minuten\" \/>\n<script type=\"application\/ld+json\" class=\"yoast-schema-graph\">{\"@context\":\"https:\/\/schema.org\",\"@graph\":[{\"@type\":\"Article\",\"@id\":\"http:\/\/denizcankizil.tr\/de\/haberler\/gundem\/kapsule-kktcde-cifte-odul\/#article\",\"isPartOf\":{\"@id\":\"http:\/\/denizcankizil.tr\/de\/haberler\/gundem\/kapsule-kktcde-cifte-odul\/\"},\"author\":{\"name\":\"admin\",\"@id\":\"https:\/\/denizcankizil.tr\/de\/#\/schema\/person\/be3c05fe6a12686905512445d8185489\"},\"headline\":\"Kaps\u00fcl&#8217;e KKTC&#8217;de \u00e7ifte \u00f6d\u00fcl\",\"datePublished\":\"2025-05-05T06:42:47+00:00\",\"mainEntityOfPage\":{\"@id\":\"http:\/\/denizcankizil.tr\/de\/haberler\/gundem\/kapsule-kktcde-cifte-odul\/\"},\"wordCount\":524,\"publisher\":{\"@id\":\"https:\/\/denizcankizil.tr\/de\/#organization\"},\"articleSection\":[\"G\u00fcndem\"],\"inLanguage\":\"de\"},{\"@type\":\"WebPage\",\"@id\":\"http:\/\/denizcankizil.tr\/de\/haberler\/gundem\/kapsule-kktcde-cifte-odul\/\",\"url\":\"http:\/\/denizcankizil.tr\/de\/haberler\/gundem\/kapsule-kktcde-cifte-odul\/\",\"name\":\"Kaps\u00fcl'e KKTC'de \u00e7ifte \u00f6d\u00fcl - Av. Deniz Can K\u0131z\u0131l\",\"isPartOf\":{\"@id\":\"https:\/\/denizcankizil.tr\/de\/#website\"},\"datePublished\":\"2025-05-05T06:42:47+00:00\",\"breadcrumb\":{\"@id\":\"http:\/\/denizcankizil.tr\/de\/haberler\/gundem\/kapsule-kktcde-cifte-odul\/#breadcrumb\"},\"inLanguage\":\"de\",\"potentialAction\":[{\"@type\":\"ReadAction\",\"target\":[\"http:\/\/denizcankizil.tr\/de\/haberler\/gundem\/kapsule-kktcde-cifte-odul\/\"]}]},{\"@type\":\"BreadcrumbList\",\"@id\":\"http:\/\/denizcankizil.tr\/de\/haberler\/gundem\/kapsule-kktcde-cifte-odul\/#breadcrumb\",\"itemListElement\":[{\"@type\":\"ListItem\",\"position\":1,\"name\":\"Home\",\"item\":\"https:\/\/denizcankizil.tr\/de\/\"},{\"@type\":\"ListItem\",\"position\":2,\"name\":\"Kaps\u00fcl&#8217;e KKTC&#8217;de \u00e7ifte \u00f6d\u00fcl\"}]},{\"@type\":\"WebSite\",\"@id\":\"https:\/\/denizcankizil.tr\/de\/#website\",\"url\":\"https:\/\/denizcankizil.tr\/de\/\",\"name\":\"Av. Deniz Can K\u0131z\u0131l\",\"description\":\"Avukat Deniz Can K\u0131z\u0131l Antalya Barosu\",\"publisher\":{\"@id\":\"https:\/\/denizcankizil.tr\/de\/#organization\"},\"potentialAction\":[{\"@type\":\"SearchAction\",\"target\":{\"@type\":\"EntryPoint\",\"urlTemplate\":\"https:\/\/denizcankizil.tr\/de\/?s={search_term_string}\"},\"query-input\":{\"@type\":\"PropertyValueSpecification\",\"valueRequired\":true,\"valueName\":\"search_term_string\"}}],\"inLanguage\":\"de\"},{\"@type\":\"Organization\",\"@id\":\"https:\/\/denizcankizil.tr\/de\/#organization\",\"name\":\"Av. Deniz Can K\u0131z\u0131l\",\"url\":\"https:\/\/denizcankizil.tr\/de\/\",\"logo\":{\"@type\":\"ImageObject\",\"inLanguage\":\"de\",\"@id\":\"https:\/\/denizcankizil.tr\/de\/#\/schema\/logo\/image\/\",\"url\":\"http:\/\/denizcankizil.tr\/wp-content\/uploads\/2024\/10\/siyah-logo-svg.svg\",\"contentUrl\":\"http:\/\/denizcankizil.tr\/wp-content\/uploads\/2024\/10\/siyah-logo-svg.svg\",\"width\":1080,\"height\":1080,\"caption\":\"Av. Deniz Can K\u0131z\u0131l\"},\"image\":{\"@id\":\"https:\/\/denizcankizil.tr\/de\/#\/schema\/logo\/image\/\"}},{\"@type\":\"Person\",\"@id\":\"https:\/\/denizcankizil.tr\/de\/#\/schema\/person\/be3c05fe6a12686905512445d8185489\",\"name\":\"admin\",\"image\":{\"@type\":\"ImageObject\",\"inLanguage\":\"de\",\"@id\":\"https:\/\/denizcankizil.tr\/de\/#\/schema\/person\/image\/\",\"url\":\"https:\/\/secure.gravatar.com\/avatar\/c1fce94c830dc79107e174f890d7210541c4a63e8e5d816341794a2151c9d58c?s=96&d=mm&r=g\",\"contentUrl\":\"https:\/\/secure.gravatar.com\/avatar\/c1fce94c830dc79107e174f890d7210541c4a63e8e5d816341794a2151c9d58c?s=96&d=mm&r=g\",\"caption\":\"admin\"},\"sameAs\":[\"http:\/\/denizcankizil.tr\"],\"url\":\"https:\/\/www.iskenderun.org\/kapsule-kktcde-cifte-odul\"}]}<\/script>\n<!-- \/ Yoast SEO Premium plugin. -->","yoast_head_json":{"title":"Kaps\u00fcl'e KKTC'de \u00e7ifte \u00f6d\u00fcl - Av. Deniz Can K\u0131z\u0131l","robots":{"index":"index","follow":"follow","max-snippet":"max-snippet:-1","max-image-preview":"max-image-preview:large","max-video-preview":"max-video-preview:-1"},"canonical":"http:\/\/denizcankizil.tr\/de\/haberler\/gundem\/kapsule-kktcde-cifte-odul\/","og_locale":"de_DE","og_type":"article","og_title":"Kaps\u00fcl'e KKTC'de \u00e7ifte \u00f6d\u00fcl","og_description":"Konya B\u00fcy\u00fck\u015fehir Belediyesi Kaps\u00fcl Teknoloji Platformu, 2025 TEKNOFEST KKTC\u2019deki 6 farkl\u0131 kategoriden 2 \u00f6d\u00fcl alarak yine Konya\u2019n\u0131n gururu oldu.KONYA (\u0130GFA) &#8211; Konya B\u00fcy\u00fck\u015fehir Belediyesi Kaps\u00fcl Teknoloji Platformu, 2025 TEKNOFEST Kuzey K\u0131br\u0131s T\u00fcrk Cumhuriyeti\u2019ndeki (KKTC) yar\u0131\u015fmalarda 6 farkl\u0131 kategoriden 2 \u00f6d\u00fclle d\u00f6nd\u00fc. Kaps\u00fcl Teknoloji Platformu, gen\u00e7lerin teknolojiye olan ilgisini art\u0131rmak, yenilik\u00e7i projeleri desteklemek ve yerli-milli \u00fcretime katk\u0131 sa\u011flamak amac\u0131yla TEKNOFEST KKTC\u2019de 6 farkl\u0131 kategoride tak\u0131mlar\u0131yla yer ald\u0131. Bu destekler sayesinde Kaps\u00fcl b\u00fcnyesinden 10 tak\u0131m ve 41 kat\u0131l\u0131mc\u0131, finallere kald\u0131. KAPS\u00dcL&#8217;\u00fcn deste\u011fiyle finale \u00e7\u0131kan tak\u0131mlardan KTP K\u0131l\u0131\u00e7arslan Ak\u0131nc\u0131lar\u0131, 2025 TEKNOFEST KKTC b\u00fcy\u00fck bir ba\u015far\u0131ya imza att\u0131. U\u00e7an Araba Sim\u00fclasyonu kategorisinde yar\u0131\u015fan tak\u0131m, \u201cEn \u0130yi Algoritma \u00d6d\u00fcl\u00fc\u201dn\u00fcn yan\u0131 s\u0131ra ikincilik \u00f6d\u00fcl\u00fcn\u00fc de kazanarak Konya\u2019ya b\u00fcy\u00fck gurur ya\u015fatt\u0131. Konya B\u00fcy\u00fck\u015fehir Belediye Ba\u015fkan\u0131 U\u011fur \u0130brahim Altay, TEKNOFEST\u2019te dereceye giren gen\u00e7leri tebrik ederek, kat\u0131lan t\u00fcm Kaps\u00fcl tak\u0131mlar\u0131na te\u015fekk\u00fcr etti. Ba\u015fkan Altay, gen\u00e7lerin her zaman yan\u0131nda olduklar\u0131n\u0131 ve ba\u015far\u0131l\u0131 olmalar\u0131 i\u00e7in her t\u00fcrl\u00fc imkan\u0131 sa\u011flamaya devam edeceklerini vurgulad\u0131. KTP K\u0131l\u0131\u00e7arslan Ak\u0131nc\u0131lar\u0131\u2019n\u0131n kazand\u0131\u011f\u0131 bu \u00e7ifte \u00f6d\u00fcl ile Kaps\u00fcl Teknoloji Platformu, TEKNOFEST KKTC\u2019deki 6 farkl\u0131 kategoriden toplamda 2 \u00f6d\u00fclle d\u00f6nm\u00fc\u015f oldu. \u200bKonya B\u00fcy\u00fck\u015fehir Belediyesi Kaps\u00fcl Teknoloji Platformu, 2025 TEKNOFEST KKTC\u2019deki 6 farkl\u0131 kategoriden 2 \u00f6d\u00fcl alarak yine Konya\u2019n\u0131n gururu oldu.KONYA (\u0130GFA) &#8211; Konya B\u00fcy\u00fck\u015fehir Belediyesi Kaps\u00fcl Teknoloji Platformu, 2025 &hellip;","og_url":"http:\/\/denizcankizil.tr\/de\/haberler\/gundem\/kapsule-kktcde-cifte-odul\/","og_site_name":"Av. Deniz Can K\u0131z\u0131l","article_published_time":"2025-05-05T06:42:47+00:00","author":"admin","twitter_card":"summary_large_image","twitter_misc":{"Verfasst von":"admin","Gesch\u00e4tzte Lesezeit":"3\u00a0Minuten"},"schema":{"@context":"https:\/\/schema.org","@graph":[{"@type":"Article","@id":"http:\/\/denizcankizil.tr\/de\/haberler\/gundem\/kapsule-kktcde-cifte-odul\/#article","isPartOf":{"@id":"http:\/\/denizcankizil.tr\/de\/haberler\/gundem\/kapsule-kktcde-cifte-odul\/"},"author":{"name":"admin","@id":"https:\/\/denizcankizil.tr\/de\/#\/schema\/person\/be3c05fe6a12686905512445d8185489"},"headline":"Kaps\u00fcl&#8217;e KKTC&#8217;de \u00e7ifte \u00f6d\u00fcl","datePublished":"2025-05-05T06:42:47+00:00","mainEntityOfPage":{"@id":"http:\/\/denizcankizil.tr\/de\/haberler\/gundem\/kapsule-kktcde-cifte-odul\/"},"wordCount":524,"publisher":{"@id":"https:\/\/denizcankizil.tr\/de\/#organization"},"articleSection":["G\u00fcndem"],"inLanguage":"de"},{"@type":"WebPage","@id":"http:\/\/denizcankizil.tr\/de\/haberler\/gundem\/kapsule-kktcde-cifte-odul\/","url":"http:\/\/denizcankizil.tr\/de\/haberler\/gundem\/kapsule-kktcde-cifte-odul\/","name":"Kaps\u00fcl'e KKTC'de \u00e7ifte \u00f6d\u00fcl - Av. Deniz Can K\u0131z\u0131l","isPartOf":{"@id":"https:\/\/denizcankizil.tr\/de\/#website"},"datePublished":"2025-05-05T06:42:47+00:00","breadcrumb":{"@id":"http:\/\/denizcankizil.tr\/de\/haberler\/gundem\/kapsule-kktcde-cifte-odul\/#breadcrumb"},"inLanguage":"de","potentialAction":[{"@type":"ReadAction","target":["http:\/\/denizcankizil.tr\/de\/haberler\/gundem\/kapsule-kktcde-cifte-odul\/"]}]},{"@type":"BreadcrumbList","@id":"http:\/\/denizcankizil.tr\/de\/haberler\/gundem\/kapsule-kktcde-cifte-odul\/#breadcrumb","itemListElement":[{"@type":"ListItem","position":1,"name":"Home","item":"https:\/\/denizcankizil.tr\/de\/"},{"@type":"ListItem","position":2,"name":"Kaps\u00fcl&#8217;e KKTC&#8217;de \u00e7ifte \u00f6d\u00fcl"}]},{"@type":"WebSite","@id":"https:\/\/denizcankizil.tr\/de\/#website","url":"https:\/\/denizcankizil.tr\/de\/","name":"Av. Deniz Can K\u0131z\u0131l","description":"Avukat Deniz Can K\u0131z\u0131l Antalya Barosu","publisher":{"@id":"https:\/\/denizcankizil.tr\/de\/#organization"},"potentialAction":[{"@type":"SearchAction","target":{"@type":"EntryPoint","urlTemplate":"https:\/\/denizcankizil.tr\/de\/?s={search_term_string}"},"query-input":{"@type":"PropertyValueSpecification","valueRequired":true,"valueName":"search_term_string"}}],"inLanguage":"de"},{"@type":"Organization","@id":"https:\/\/denizcankizil.tr\/de\/#organization","name":"Av. Deniz Can K\u0131z\u0131l","url":"https:\/\/denizcankizil.tr\/de\/","logo":{"@type":"ImageObject","inLanguage":"de","@id":"https:\/\/denizcankizil.tr\/de\/#\/schema\/logo\/image\/","url":"http:\/\/denizcankizil.tr\/wp-content\/uploads\/2024\/10\/siyah-logo-svg.svg","contentUrl":"http:\/\/denizcankizil.tr\/wp-content\/uploads\/2024\/10\/siyah-logo-svg.svg","width":1080,"height":1080,"caption":"Av. Deniz Can K\u0131z\u0131l"},"image":{"@id":"https:\/\/denizcankizil.tr\/de\/#\/schema\/logo\/image\/"}},{"@type":"Person","@id":"https:\/\/denizcankizil.tr\/de\/#\/schema\/person\/be3c05fe6a12686905512445d8185489","name":"Administrator","image":{"@type":"ImageObject","inLanguage":"de","@id":"https:\/\/denizcankizil.tr\/de\/#\/schema\/person\/image\/","url":"https:\/\/secure.gravatar.com\/avatar\/c1fce94c830dc79107e174f890d7210541c4a63e8e5d816341794a2151c9d58c?s=96&d=mm&r=g","contentUrl":"https:\/\/secure.gravatar.com\/avatar\/c1fce94c830dc79107e174f890d7210541c4a63e8e5d816341794a2151c9d58c?s=96&d=mm&r=g","caption":"admin"},"sameAs":["http:\/\/denizcankizil.tr"],"url":"https:\/\/www.iskenderun.org\/kapsule-kktcde-cifte-odul"}]}},"_links":{"self":[{"href":"http:\/\/denizcankizil.tr\/de\/wp-json\/wp\/v2\/posts\/76644","targetHints":{"allow":["GET"]}}],"collection":[{"href":"http:\/\/denizcankizil.tr\/de\/wp-json\/wp\/v2\/posts"}],"about":[{"href":"http:\/\/denizcankizil.tr\/de\/wp-json\/wp\/v2\/types\/post"}],"author":[{"embeddable":true,"href":"http:\/\/denizcankizil.tr\/de\/wp-json\/wp\/v2\/users\/1"}],"replies":[{"embeddable":true,"href":"http:\/\/denizcankizil.tr\/de\/wp-json\/wp\/v2\/comments?post=76644"}],"version-history":[{"count":0,"href":"http:\/\/denizcankizil.tr\/de\/wp-json\/wp\/v2\/posts\/76644\/revisions"}],"wp:attachment":[{"href":"http:\/\/denizcankizil.tr\/de\/wp-json\/wp\/v2\/media?parent=76644"}],"wp:term":[{"taxonomy":"category","embeddable":true,"href":"http:\/\/denizcankizil.tr\/de\/wp-json\/wp\/v2\/categories?post=76644"},{"taxonomy":"post_tag","embeddable":true,"href":"http:\/\/denizcankizil.tr\/de\/wp-json\/wp\/v2\/tags?post=76644"}],"curies":[{"name":"wp","href":"https:\/\/api.w.org\/{rel}","templated":true}]}}