{"id":76065,"date":"2025-05-04T21:14:00","date_gmt":"2025-05-04T18:14:00","guid":{"rendered":"https:\/\/denizcankizil.tr\/uncategorized-tr\/yargitay-1-ceza-dairesinin-2022-721-e-ve-2022-857-k-sayili-karari\/"},"modified":"2025-05-04T21:14:00","modified_gmt":"2025-05-04T18:14:00","slug":"yargitay-1-ceza-dairesinin-2022-721-e-ve-2022-857-k-sayili-karari","status":"publish","type":"post","link":"http:\/\/denizcankizil.tr\/de\/hukukihaber\/yargitay-1-ceza-dairesinin-2022-721-e-ve-2022-857-k-sayili-karari\/","title":{"rendered":"Yarg\u0131tay 1. Ceza Dairesi&#8217;nin 2022\/721 E. ve 2022\/857 K. say\u0131l\u0131 karar\u0131"},"content":{"rendered":"<p>T.C.<\/p>\n<p>Yarg\u0131tay<\/p>\n<p>1. Ceza Dairesi <\/p>\n<p>2022\/721 E., 2022\/857 K.<\/p>\n<p>&#8220;\u0130\u00e7tihat Metni&#8221;<\/p>\n<p>(KANUN YARARINA BOZMA \u0130STEM\u0130)<\/p>\n<p>\u00c7ocu\u011fun cinsel istismar\u0131 ve ki\u015fiyi h\u00fcrriyetinden yoksun b\u0131rakma su\u00e7lar\u0131ndan &#8230; 2. \u00c7ocuk A\u011f\u0131r Ceza Mahkemesinin 08\/10\/2012 tarihli ve 2012\/440 de\u011fi\u015fik i\u015f say\u0131l\u0131 i\u00e7tima karar\u0131 ile 9 y\u0131l 4 ay 15 g\u00fcn hapis cezas\u0131na h\u00fck\u00fcml\u00fc &#8230;\u2019in, i\u015f bu cezas\u0131n\u0131n infaz\u0131 s\u0131ras\u0131nda, 16\/05\/2015 tarihinden ge\u00e7erli olmak \u00fczere ko\u015fullu sal\u0131verilmesine ili\u015fkin &#8230;8. A\u011f\u0131r Ceza Mahkemesinin 19\/06\/2015 tarihli ve 2015\/723 de\u011fi\u015fik i\u015f say\u0131l\u0131 karar\u0131n\u0131 m\u00fcteakip, h\u00fck\u00fcml\u00fcn\u00fcn denetim s\u00fcresi i\u00e7erisinde 13\/02\/2016 tarihinde i\u015flemi\u015f oldu\u011fu kas\u0131tl\u0131 su\u00e7tan mahkum oldu\u011funun ihbar edilmesi \u00fczerine, ko\u015fullu sal\u0131verilme karar\u0131n\u0131n geri al\u0131narak yeni su\u00e7tan verilen 1 y\u0131l 4 ay 20 g\u00fcn hapis cezas\u0131n\u0131n 2 kat\u0131 olan 2 y\u0131l 8 ay 40 g\u00fcn s\u00fcrenin aynen infaz\u0131na dair &#8230;\u0130nfaz Hakimli\u011finin 09\/02\/2021 tarihli ve 2021\/1821 esas, 2021\/2283 say\u0131l\u0131 karar\u0131n\u0131 m\u00fcteakip, hapis cezas\u0131n\u0131 gerektiren kas\u0131tl\u0131 su\u00e7un denetim s\u00fcresi sona erdikten sonra i\u015flendi\u011finden bahisle 09\/02\/2021 tarihli ko\u015fullu sal\u0131verilme karar\u0131n\u0131n geri al\u0131nmas\u0131 karar\u0131n\u0131n kald\u0131r\u0131larak h\u00fck\u00fcml\u00fcn\u00fcn cezas\u0131n\u0131n infaz edilmi\u015f say\u0131lmas\u0131na ili\u015fkin &#8230;\u0130nfaz Hakimli\u011finin 12\/03\/2021 tarihli ve 2021\/1821 esas, 2021\/2283 say\u0131l\u0131 ek karar\u0131na kar\u015f\u0131 yap\u0131lan itiraz\u0131n reddine dair &#8230;2. A\u011f\u0131r Ceza Mahkemesinin 05\/04\/2021 tarihli ve 2021\/353 de\u011fi\u015fik i\u015f say\u0131l\u0131 karar\u0131 ile ilgili olarak;<\/p>\n<p>Yarg\u0131tay Ceza Genel Kurulunun 18\/09\/2007 tarihli ve 2007\/1-214-181 say\u0131l\u0131 karar\u0131nda belirtildi\u011fi \u00fczere infaza ili\u015fkin lehe olu\u015fan hatalar\u0131n kazan\u0131lm\u0131\u015f hakka konu olmayaca\u011f\u0131 g\u00f6zetilerek yap\u0131lan incelemede;<\/p>\n<p>H\u00fck\u00fcml\u00fcye ait infaz dosyas\u0131 incelendi\u011finde,<\/p>\n<p>1-H\u00fck\u00fcml\u00fc &#8230; hakk\u0131nda &#8230;2. \u00c7ocuk A\u011f\u0131r Ceza Mahkemesinin 27\/12\/2007 tarihli ve 2004\/2078 esas, 2007\/244 say\u0131l\u0131 karar\u0131 ile \u00e7ocu\u011fun cinsel istismar\u0131 su\u00e7undan 6 y\u0131l 3 ay hapis, ki\u015fiyi h\u00fcrriyetinden yoksun b\u0131rakma su\u00e7undan 3 y\u0131l 1 ay 15 g\u00fcn hapis cezas\u0131na h\u00fckmedildi\u011fi, an\u0131lan karar\u0131n Yarg\u0131tay 14. Ceza Dairesinin 09\/05\/2012 tarihli ve&#8230; karar say\u0131l\u0131 ilam\u0131 ile onanarak kesinle\u015fti\u011fi, dosyaya konu su\u00e7 tarihlerinin 01\/04\/2004-22\/04\/2004 oldu\u011fu,<\/p>\n<p>2- H\u00fck\u00fcml\u00fc hakk\u0131nda 647 say\u0131l\u0131 Kanun&#8217;un 19 ve ek 2. maddeleri uyar\u0131nca &#8230;Cumhuriyet Ba\u015fsavc\u0131l\u0131\u011f\u0131nca d\u00fczenlenen 12\/07\/2013 tarihli ve 2013\/7-12308 say\u0131l\u0131 m\u00fcddetnameye g\u00f6re ko\u015fullu sal\u0131verilme tarihinin 16\/05\/2015, bihakk\u0131n tahliye tarihinin 27\/12\/2020 oldu\u011fu, bu kapsamda h\u00fck\u00fcml\u00fcn\u00fcn &#8230;8. A\u011f\u0131r Ceza Mahkemesinin 19\/06\/2015 tarihli ve 2015\/723 de\u011fi\u015fik i\u015f say\u0131l\u0131 karar\u0131 ile 16\/05\/2015 tarihinden ge\u00e7erli olmak \u00fczere ko\u015fullu sal\u0131verildi\u011fi,<\/p>\n<p>3- H\u00fck\u00fcml\u00fcn\u00fcn 13\/02\/2016 tarihinde i\u015fledi\u011fi h\u0131rs\u0131zl\u0131k su\u00e7undan &#8230;39. Asliye Ceza Mahkemesinin 17\/11\/2016 tarihli ve 2016\/109 esas, 2016\/461 say\u0131l\u0131 karar\u0131 ile 1 y\u0131l 4 ay 20 g\u00fcn hapis cezas\u0131na h\u00fckmedildi\u011fi ve an\u0131lan karar\u0131n istinaf incelemesinden ge\u00e7erek 30\/01\/2017 tarihinde kesinle\u015fti\u011fi,<\/p>\n<p>4- Yap\u0131lan ihbar \u00fczerine &#8230;\u0130nfaz Hakimli\u011finin 09\/02\/2021 tarihli ve 2021\/1821 esas, 2021\/2283 say\u0131l\u0131 karar\u0131 ile ko\u015fullu sal\u0131verilme karar\u0131n\u0131n geri al\u0131narak yeni su\u00e7tan verilen 1 y\u0131l 4 ay 20 g\u00fcn hapis cezas\u0131n\u0131n 2 kat\u0131 olan 2 y\u0131l 8 ay 40 g\u00fcn s\u00fcrenin aynen infaz\u0131na karar verilmesini m\u00fcteakip, ayn\u0131 Mahkemenin 12\/03\/2021 tarihli ek karar\u0131 ile hapis cezas\u0131n\u0131 gerektiren kas\u0131tl\u0131 su\u00e7un denetim s\u00fcresi sona erdikten sonra i\u015flendi\u011finden bahisle 09\/02\/2021 tarihli ko\u015fullu sal\u0131verilme karar\u0131n\u0131n geri al\u0131nmas\u0131 karar\u0131n\u0131n kald\u0131r\u0131larak h\u00fck\u00fcml\u00fcn\u00fcn cezas\u0131n\u0131n infaz edilmi\u015f say\u0131lmas\u0131na karar verildi\u011fi ve bu karara kar\u015f\u0131 yap\u0131lan itiraz\u0131n &#8230;2. A\u011f\u0131r Ceza Mahkemesinin 05\/04\/2021 tarihli ve 2021\/353 de\u011fi\u015fik i\u015f say\u0131l\u0131 karar\u0131 ile reddedildi\u011fi,<\/p>\n<p>Yarg\u0131tay 1. Ceza Dairesinin 10\/12\/2018 tarihli, &#8230;karar say\u0131l\u0131 ilam\u0131nda &#8220;H\u00fck\u00fcml\u00fcn\u00fcn infaza konu cezas\u0131ndan dolay\u0131 ko\u015fullu sal\u0131verilme hakk\u0131ndan yararlanabilmesi bak\u0131m\u0131ndan infaz kurumunda ge\u00e7irilmesi gereken s\u00fcrenin belirlenmesinde 647 say\u0131l\u0131 Cezalar\u0131n \u0130nfaz\u0131 Hakk\u0131nda Kanun h\u00fck\u00fcmleri uyar\u0131nca yap\u0131lan uygulaman\u0131n 5275 say\u0131l\u0131 Ceza ve G\u00fcvenlik Tedbirlerinin \u0130nfaz\u0131 Hakk\u0131nda Kanun h\u00fck\u00fcmlerine g\u00f6re yap\u0131lacak uygulamaya g\u00f6re lehe oldu\u011fundan, somut olayda 5275 say\u0131l\u0131 Kanun h\u00fck\u00fcmlerine g\u00f6re de\u011fil 765 say\u0131l\u0131 TCK&#8217;nin 17. maddesi h\u00fck\u00fcmlerine g\u00f6re ko\u015fullu sal\u0131verilme karar\u0131n\u0131n geri al\u0131nmas\u0131na karar verilmesi gerekti\u011fi, ko\u015fullu sal\u0131verilme ile ilgili uygulama bak\u0131m\u0131ndan 647 say\u0131l\u0131 Kanun h\u00fck\u00fcmleri ile 5275 say\u0131l\u0131 Kanun h\u00fck\u00fcmlerinin sadece lehe olan b\u00f6l\u00fcmlerinin al\u0131n\u0131p karma uygulama yap\u0131lmas\u0131n\u0131n m\u00fcmk\u00fcn olmad\u0131\u011f\u0131, h\u00fck\u00fcmlerin bir b\u00fct\u00fcn olarak uygulanmas\u0131n\u0131n zorunlu oldu\u011fu,&#8230;&#8221; \u015feklinde a\u00e7\u0131klamaya yer verildi\u011fi,<\/p>\n<p>H\u00fck\u00fcml\u00fcn\u00fcn infaz\u0131 devam ederken, 647 say\u0131l\u0131 Kanun&#8217;un 19. maddesi gere\u011fince 16\/05\/2015 tarihinden itibaren ge\u00e7erli olmak \u00fczere \u015fartla tahliye edildi\u011fi, ancak bihakk\u0131n tahliye tarihi dolmadan i\u015fledi\u011fi kas\u0131tl\u0131 su\u00e7 nedeniyle 1 y\u0131l 4 ay 20 g\u00fcn hapis cezas\u0131na mahkum oldu\u011fu, 765 say\u0131l\u0131 Kanun&#8217;un 17. maddesi ile 5275 say\u0131l\u0131 Kanun&#8217;un 107\/12 ve 107\/13. maddesinin ayn\u0131 \u015fekilde d\u00fczenlendi\u011fi, infaz devam ederken 15\/04\/2020 tarihli ve 31100 say\u0131l\u0131 Resmi Gazete&#8217;de yay\u0131mlanarak y\u00fcr\u00fcrl\u00fc\u011fe giren 7242 say\u0131l\u0131 Kanun uyar\u0131nca an\u0131lan 107\/13. maddede de\u011fi\u015fiklik yap\u0131lm\u0131\u015f olmas\u0131 kar\u015f\u0131s\u0131nda, 5237 say\u0131l\u0131 Kanun&#8217;un 7\/2. maddesinde yer alan &#8220;\u201cSu\u00e7un i\u015flendi\u011fi zaman y\u00fcr\u00fcrl\u00fckte bulunan kanun ile sonradan y\u00fcr\u00fcrl\u00fc\u011fe giren kanunlar\u0131n h\u00fck\u00fcmleri farkl\u0131 ise, failin lehine olan kanun uygulan\u0131r ve infaz olunur.&#8221; \u015feklindeki ve ayn\u0131 maddenin 3. f\u0131kras\u0131nda yer alan, &#8220;Hapis cezas\u0131n\u0131n ertelenmesi, ko\u015fullu sal\u0131verilme ve tekerr\u00fcrle ilgili olanlar hari\u00e7; infaz rejimine ili\u015fkin h\u00fck\u00fcmler, derhal uygulan\u0131r.&#8221; \u015feklindeki d\u00fczenleme uyar\u0131nca h\u00fck\u00fcml\u00fc hakk\u0131nda lehe olan h\u00fck\u00fcmlerin uygulanmas\u0131 gerekti\u011fi cihetle, 15\/04\/2020 tarihinde y\u00fcr\u00fcrl\u00fc\u011fe giren 7242 say\u0131l\u0131 Kanun&#8217;un 48. maddesi ile 5275 say\u0131l\u0131 Kanun&#8217;un 107. maddesinin 13. f\u0131kras\u0131n\u0131n (a) bendinde yer alan &#8220;kalan cezas\u0131n\u0131n aynen&#8221; ibaresi &#8220;ba\u015flamak ve hak ederek tahliye tarihini ge\u00e7memek ko\u015fuluyla sonraki i\u015fledi\u011fi her bir su\u00e7 i\u00e7in verilen hapis cezas\u0131n\u0131n iki kat\u0131 s\u00fcrenin&#8221; ibaresi \u015feklinde de\u011fi\u015ftirilmesi nedeniyle 5237 say\u0131l\u0131 Kanun&#8217;un 7\/2-3 ve 5275 say\u0131l\u0131 Kanun&#8217;un 98\/1. maddeleri dikkate al\u0131narak yeni d\u00fczenleme gere\u011fince h\u00fck\u00fcml\u00fc lehine de\u011ferlendirilme yap\u0131larak, h\u00fck\u00fcml\u00fcn\u00fcn 13\/02\/2016 tarihinde i\u015fledi\u011fi h\u0131rs\u0131zl\u0131k su\u00e7undan &#8230;39. Asliye Ceza Mahkemesinin 17\/11\/2016 tarihli ve 2016\/109 esas, 2016\/461 say\u0131l\u0131 karar\u0131yla 1 y\u0131l 4 ay 20 g\u00fcn hapis cezas\u0131 ile cezaland\u0131r\u0131lmas\u0131na karar verilmesi nedeniyle bu s\u00fcrenin 2 kat\u0131 olan 2 y\u0131l 8 ay 40 g\u00fcnl\u00fck s\u00fcrenin aynen infaz\u0131na karar verilmesi gerekti\u011fi, bu durumda s\u00fcrenin 1010 g\u00fcn oldu\u011fu, di\u011fer yandan ikinci su\u00e7un i\u015flendi\u011fi 13\/02\/2016 tarihi ile 27\/12\/2020 olan bihakk\u0131n tahliye tarihi aras\u0131nda kalan s\u00fcrenin aynen infaz\u0131 halinde ise bu s\u00fcrenin 1779 g\u00fcn oldu\u011fu ve h\u00fck\u00fcml\u00fc aleyhine bir durum olu\u015fturdu\u011fu, bu durumda h\u00fck\u00fcml\u00fc lehine durum olan 2 y\u0131l 8 ay 40 g\u00fcnl\u00fck s\u00fcrenin aynen infaz\u0131na karar verilmesi gerekti\u011fi g\u00f6zetilmeden, itiraz\u0131n kabul\u00fc yerine, yaz\u0131l\u0131 \u015fekilde reddine karar verilmesinde isabet g\u00f6r\u00fclmedi\u011finden bahisle 5271 Say\u0131l\u0131 Ceza Muhakemesi Kanunu\u2019nun 309. maddesi uyar\u0131nca an\u0131lan karar\u0131n bozulmas\u0131 l\u00fczumu Y\u00fcksek Adalet Bakanl\u0131\u011f\u0131 Ceza \u0130\u015fleri Genel M\u00fcd\u00fcrl\u00fc\u011f\u00fcn\u00fcn 17\/11\/2021 g\u00fcn ve 94660652-105-34-10055-2021-Kyb say\u0131l\u0131 yaz\u0131l\u0131 istemlerine m\u00fcsteniden Yarg\u0131tay Cumhuriyet Ba\u015fsavc\u0131l\u0131\u011f\u0131n\u0131n tebli\u011fnamesi ile Dairemize ihbar ve dava evrak\u0131 g\u00f6nderilmekle, incelenerek gere\u011fi d\u00fc\u015f\u00fcn\u00fcld\u00fc;<\/p>\n<p>T\u00dcRK M\u0130LLET\u0130 ADINA<\/p>\n<p>Kanun yarar\u0131na bozma talebine dayan\u0131larak Yarg\u0131tay Cumhuriyet Ba\u015fsavc\u0131l\u0131\u011f\u0131nca d\u00fczenlenen tebli\u011fnamedeki bozma iste\u011fi incelenen dosya kapsam\u0131na g\u00f6re yerinde g\u00f6r\u00fcld\u00fc\u011f\u00fcnden, &#8230;2. A\u011f\u0131r Ceza Mahkemesinin 05\/04\/2021 tarihli ve 2021\/353 de\u011fi\u015fik i\u015f say\u0131l\u0131 karar\u0131n\u0131n 5271 say\u0131l\u0131 CMK&#8217;n\u0131n 309. maddesi uyar\u0131nca kanun yarar\u0131na BOZULMASINA, di\u011fer i\u015flemlerin yap\u0131labilmesi i\u00e7in dosyan\u0131n Mahkemesine g\u00f6nderilmek \u00fczere Yarg\u0131tay Cumhuriyet Ba\u015fsavc\u0131l\u0131\u011f\u0131na TEVD\u0130\u0130NE, 04.02.2022 g\u00fcn\u00fcnde oybirli\u011fiyle karar verildi.<\/p>\n<p>\u200bYarg\u0131tay 1. Ceza Dairesi&#8217;nin 04.02.2022 tarihli, 2022\/721 E. ve 2022\/857 K. say\u0131l\u0131 karar\u0131\u00a0Hukuki Haber<\/p>\n<p>Haberin Al\u0131nt\u0131land\u0131\u011f\u0131 Kaynak: www.hukukihaber.net<\/p>","protected":false},"excerpt":{"rendered":"<p>T.C. Yarg\u0131tay 1. Ceza Dairesi 2022\/721 E., 2022\/857 K. &#8220;\u0130\u00e7tihat Metni&#8221; (KANUN YARARINA BOZMA \u0130STEM\u0130) \u00c7ocu\u011fun cinsel istismar\u0131 ve ki\u015fiyi h\u00fcrriyetinden yoksun b\u0131rakma su\u00e7lar\u0131ndan &#8230; 2. \u00c7ocuk A\u011f\u0131r Ceza Mahkemesinin 08\/10\/2012 tarihli ve 2012\/440 de\u011fi\u015fik i\u015f say\u0131l\u0131 i\u00e7tima karar\u0131 ile 9 y\u0131l 4 ay 15 g\u00fcn hapis cezas\u0131na h\u00fck\u00fcml\u00fc &#8230;\u2019in, i\u015f bu cezas\u0131n\u0131n infaz\u0131 s\u0131ras\u0131nda, 16\/05\/2015 tarihinden ge\u00e7erli olmak \u00fczere ko\u015fullu sal\u0131verilmesine ili\u015fkin &#8230;8. A\u011f\u0131r Ceza Mahkemesinin 19\/06\/2015 tarihli ve 2015\/723 de\u011fi\u015fik i\u015f say\u0131l\u0131 karar\u0131n\u0131 m\u00fcteakip, h\u00fck\u00fcml\u00fcn\u00fcn denetim s\u00fcresi i\u00e7erisinde 13\/02\/2016 tarihinde i\u015flemi\u015f oldu\u011fu kas\u0131tl\u0131 su\u00e7tan mahkum oldu\u011funun ihbar edilmesi \u00fczerine, ko\u015fullu sal\u0131verilme karar\u0131n\u0131n geri al\u0131narak yeni su\u00e7tan verilen 1 y\u0131l 4 ay 20 g\u00fcn hapis cezas\u0131n\u0131n 2 kat\u0131 olan 2 y\u0131l 8 ay 40 g\u00fcn s\u00fcrenin aynen infaz\u0131na dair &#8230;\u0130nfaz Hakimli\u011finin 09\/02\/2021 tarihli ve 2021\/1821 esas, 2021\/2283 say\u0131l\u0131 karar\u0131n\u0131 m\u00fcteakip, hapis cezas\u0131n\u0131 gerektiren kas\u0131tl\u0131 su\u00e7un denetim s\u00fcresi sona erdikten sonra i\u015flendi\u011finden bahisle 09\/02\/2021 tarihli ko\u015fullu sal\u0131verilme karar\u0131n\u0131n geri al\u0131nmas\u0131 karar\u0131n\u0131n kald\u0131r\u0131larak h\u00fck\u00fcml\u00fcn\u00fcn cezas\u0131n\u0131n infaz edilmi\u015f say\u0131lmas\u0131na ili\u015fkin &#8230;\u0130nfaz Hakimli\u011finin 12\/03\/2021 tarihli ve 2021\/1821 esas, 2021\/2283 say\u0131l\u0131 ek karar\u0131na kar\u015f\u0131 yap\u0131lan itiraz\u0131n reddine dair &#8230;2. A\u011f\u0131r Ceza Mahkemesinin 05\/04\/2021 tarihli ve 2021\/353 de\u011fi\u015fik i\u015f say\u0131l\u0131 karar\u0131 ile ilgili olarak; Yarg\u0131tay Ceza Genel Kurulunun 18\/09\/2007 tarihli ve 2007\/1-214-181 say\u0131l\u0131 karar\u0131nda belirtildi\u011fi &hellip;<\/p>","protected":false},"author":3,"featured_media":0,"comment_status":"","ping_status":"open","sticky":false,"template":"","format":"standard","meta":{"_acf_changed":false,"footnotes":""},"categories":[27],"tags":[],"class_list":["post-76065","post","type-post","status-publish","format-standard","has-post-thumbnail","hentry","category-hukukihaber"],"acf":[],"yoast_head":"<!-- This site is optimized with the Yoast SEO Premium plugin v26.6 (Yoast SEO v27.1.1) - https:\/\/yoast.com\/product\/yoast-seo-premium-wordpress\/ -->\n<title>Yarg\u0131tay 1. Ceza Dairesi&#039;nin 2022\/721 E. ve 2022\/857 K. say\u0131l\u0131 karar\u0131 - Av. Deniz Can K\u0131z\u0131l<\/title>\n<meta name=\"robots\" content=\"index, follow, max-snippet:-1, max-image-preview:large, max-video-preview:-1\" \/>\n<link rel=\"canonical\" href=\"http:\/\/denizcankizil.tr\/de\/hukukihaber\/yargitay-1-ceza-dairesinin-2022-721-e-ve-2022-857-k-sayili-karari\/\" \/>\n<meta property=\"og:locale\" content=\"de_DE\" \/>\n<meta property=\"og:type\" content=\"article\" \/>\n<meta property=\"og:title\" content=\"Yarg\u0131tay 1. Ceza Dairesi&#039;nin 2022\/721 E. ve 2022\/857 K. say\u0131l\u0131 karar\u0131\" \/>\n<meta property=\"og:description\" content=\"T.C. Yarg\u0131tay 1. Ceza Dairesi 2022\/721 E., 2022\/857 K. &#8220;\u0130\u00e7tihat Metni&#8221; (KANUN YARARINA BOZMA \u0130STEM\u0130) \u00c7ocu\u011fun cinsel istismar\u0131 ve ki\u015fiyi h\u00fcrriyetinden yoksun b\u0131rakma su\u00e7lar\u0131ndan &#8230; 2. \u00c7ocuk A\u011f\u0131r Ceza Mahkemesinin 08\/10\/2012 tarihli ve 2012\/440 de\u011fi\u015fik i\u015f say\u0131l\u0131 i\u00e7tima karar\u0131 ile 9 y\u0131l 4 ay 15 g\u00fcn hapis cezas\u0131na h\u00fck\u00fcml\u00fc &#8230;\u2019in, i\u015f bu cezas\u0131n\u0131n infaz\u0131 s\u0131ras\u0131nda, 16\/05\/2015 tarihinden ge\u00e7erli olmak \u00fczere ko\u015fullu sal\u0131verilmesine ili\u015fkin &#8230;8. A\u011f\u0131r Ceza Mahkemesinin 19\/06\/2015 tarihli ve 2015\/723 de\u011fi\u015fik i\u015f say\u0131l\u0131 karar\u0131n\u0131 m\u00fcteakip, h\u00fck\u00fcml\u00fcn\u00fcn denetim s\u00fcresi i\u00e7erisinde 13\/02\/2016 tarihinde i\u015flemi\u015f oldu\u011fu kas\u0131tl\u0131 su\u00e7tan mahkum oldu\u011funun ihbar edilmesi \u00fczerine, ko\u015fullu sal\u0131verilme karar\u0131n\u0131n geri al\u0131narak yeni su\u00e7tan verilen 1 y\u0131l 4 ay 20 g\u00fcn hapis cezas\u0131n\u0131n 2 kat\u0131 olan 2 y\u0131l 8 ay 40 g\u00fcn s\u00fcrenin aynen infaz\u0131na dair &#8230;\u0130nfaz Hakimli\u011finin 09\/02\/2021 tarihli ve 2021\/1821 esas, 2021\/2283 say\u0131l\u0131 karar\u0131n\u0131 m\u00fcteakip, hapis cezas\u0131n\u0131 gerektiren kas\u0131tl\u0131 su\u00e7un denetim s\u00fcresi sona erdikten sonra i\u015flendi\u011finden bahisle 09\/02\/2021 tarihli ko\u015fullu sal\u0131verilme karar\u0131n\u0131n geri al\u0131nmas\u0131 karar\u0131n\u0131n kald\u0131r\u0131larak h\u00fck\u00fcml\u00fcn\u00fcn cezas\u0131n\u0131n infaz edilmi\u015f say\u0131lmas\u0131na ili\u015fkin &#8230;\u0130nfaz Hakimli\u011finin 12\/03\/2021 tarihli ve 2021\/1821 esas, 2021\/2283 say\u0131l\u0131 ek karar\u0131na kar\u015f\u0131 yap\u0131lan itiraz\u0131n reddine dair &#8230;2. A\u011f\u0131r Ceza Mahkemesinin 05\/04\/2021 tarihli ve 2021\/353 de\u011fi\u015fik i\u015f say\u0131l\u0131 karar\u0131 ile ilgili olarak; Yarg\u0131tay Ceza Genel Kurulunun 18\/09\/2007 tarihli ve 2007\/1-214-181 say\u0131l\u0131 karar\u0131nda belirtildi\u011fi &hellip;\" \/>\n<meta property=\"og:url\" content=\"http:\/\/denizcankizil.tr\/de\/hukukihaber\/yargitay-1-ceza-dairesinin-2022-721-e-ve-2022-857-k-sayili-karari\/\" \/>\n<meta property=\"og:site_name\" content=\"Av. Deniz Can K\u0131z\u0131l\" \/>\n<meta property=\"article:published_time\" content=\"2025-05-04T18:14:00+00:00\" \/>\n<meta name=\"author\" content=\"Hukuki Haber.net\" \/>\n<meta name=\"twitter:card\" content=\"summary_large_image\" \/>\n<meta name=\"twitter:label1\" content=\"Verfasst von\" \/>\n\t<meta name=\"twitter:data1\" content=\"Hukuki Haber.net\" \/>\n\t<meta name=\"twitter:label2\" content=\"Gesch\u00e4tzte Lesezeit\" \/>\n\t<meta name=\"twitter:data2\" content=\"7\u00a0Minuten\" \/>\n<script type=\"application\/ld+json\" class=\"yoast-schema-graph\">{\"@context\":\"https:\/\/schema.org\",\"@graph\":[{\"@type\":\"Article\",\"@id\":\"http:\/\/denizcankizil.tr\/de\/hukukihaber\/yargitay-1-ceza-dairesinin-2022-721-e-ve-2022-857-k-sayili-karari\/#article\",\"isPartOf\":{\"@id\":\"http:\/\/denizcankizil.tr\/de\/hukukihaber\/yargitay-1-ceza-dairesinin-2022-721-e-ve-2022-857-k-sayili-karari\/\"},\"author\":{\"name\":\"Hukuki Haber.net\",\"@id\":\"https:\/\/denizcankizil.tr\/#\/schema\/person\/001a271de994a0aa3f90eea084424822\"},\"headline\":\"Yarg\u0131tay 1. Ceza Dairesi&#8217;nin 2022\/721 E. ve 2022\/857 K. say\u0131l\u0131 karar\u0131\",\"datePublished\":\"2025-05-04T18:14:00+00:00\",\"mainEntityOfPage\":{\"@id\":\"http:\/\/denizcankizil.tr\/de\/hukukihaber\/yargitay-1-ceza-dairesinin-2022-721-e-ve-2022-857-k-sayili-karari\/\"},\"wordCount\":1436,\"publisher\":{\"@id\":\"https:\/\/denizcankizil.tr\/#organization\"},\"articleSection\":[\"Hukuki Haberler\"],\"inLanguage\":\"de\"},{\"@type\":\"WebPage\",\"@id\":\"http:\/\/denizcankizil.tr\/de\/hukukihaber\/yargitay-1-ceza-dairesinin-2022-721-e-ve-2022-857-k-sayili-karari\/\",\"url\":\"http:\/\/denizcankizil.tr\/de\/hukukihaber\/yargitay-1-ceza-dairesinin-2022-721-e-ve-2022-857-k-sayili-karari\/\",\"name\":\"Yarg\u0131tay 1. Ceza Dairesi'nin 2022\/721 E. ve 2022\/857 K. say\u0131l\u0131 karar\u0131 - Av. Deniz Can K\u0131z\u0131l\",\"isPartOf\":{\"@id\":\"https:\/\/denizcankizil.tr\/#website\"},\"datePublished\":\"2025-05-04T18:14:00+00:00\",\"breadcrumb\":{\"@id\":\"http:\/\/denizcankizil.tr\/de\/hukukihaber\/yargitay-1-ceza-dairesinin-2022-721-e-ve-2022-857-k-sayili-karari\/#breadcrumb\"},\"inLanguage\":\"de\",\"potentialAction\":[{\"@type\":\"ReadAction\",\"target\":[\"http:\/\/denizcankizil.tr\/de\/hukukihaber\/yargitay-1-ceza-dairesinin-2022-721-e-ve-2022-857-k-sayili-karari\/\"]}]},{\"@type\":\"BreadcrumbList\",\"@id\":\"http:\/\/denizcankizil.tr\/de\/hukukihaber\/yargitay-1-ceza-dairesinin-2022-721-e-ve-2022-857-k-sayili-karari\/#breadcrumb\",\"itemListElement\":[{\"@type\":\"ListItem\",\"position\":1,\"name\":\"Home\",\"item\":\"https:\/\/denizcankizil.tr\/de\/\"},{\"@type\":\"ListItem\",\"position\":2,\"name\":\"Yarg\u0131tay 1. Ceza Dairesi&#8217;nin 2022\/721 E. ve 2022\/857 K. say\u0131l\u0131 karar\u0131\"}]},{\"@type\":\"WebSite\",\"@id\":\"https:\/\/denizcankizil.tr\/#website\",\"url\":\"https:\/\/denizcankizil.tr\/\",\"name\":\"Av. Deniz Can K\u0131z\u0131l\",\"description\":\"Avukat Deniz Can K\u0131z\u0131l Antalya Barosu\",\"publisher\":{\"@id\":\"https:\/\/denizcankizil.tr\/#organization\"},\"potentialAction\":[{\"@type\":\"SearchAction\",\"target\":{\"@type\":\"EntryPoint\",\"urlTemplate\":\"https:\/\/denizcankizil.tr\/?s={search_term_string}\"},\"query-input\":{\"@type\":\"PropertyValueSpecification\",\"valueRequired\":true,\"valueName\":\"search_term_string\"}}],\"inLanguage\":\"de\"},{\"@type\":\"Organization\",\"@id\":\"https:\/\/denizcankizil.tr\/#organization\",\"name\":\"Av. Deniz Can K\u0131z\u0131l\",\"url\":\"https:\/\/denizcankizil.tr\/\",\"logo\":{\"@type\":\"ImageObject\",\"inLanguage\":\"de\",\"@id\":\"https:\/\/denizcankizil.tr\/#\/schema\/logo\/image\/\",\"url\":\"http:\/\/denizcankizil.tr\/wp-content\/uploads\/2024\/10\/siyah-logo-svg.svg\",\"contentUrl\":\"http:\/\/denizcankizil.tr\/wp-content\/uploads\/2024\/10\/siyah-logo-svg.svg\",\"width\":1080,\"height\":1080,\"caption\":\"Av. Deniz Can K\u0131z\u0131l\"},\"image\":{\"@id\":\"https:\/\/denizcankizil.tr\/#\/schema\/logo\/image\/\"}},{\"@type\":\"Person\",\"@id\":\"https:\/\/denizcankizil.tr\/#\/schema\/person\/001a271de994a0aa3f90eea084424822\",\"name\":\"Hukuki Haber.net\",\"image\":{\"@type\":\"ImageObject\",\"inLanguage\":\"de\",\"@id\":\"https:\/\/denizcankizil.tr\/#\/schema\/person\/image\/\",\"url\":\"https:\/\/secure.gravatar.com\/avatar\/57d8a49151495586611a149d29fc42865b951dc053a84709a3172ccb5abf3118?s=96&d=mm&r=g\",\"contentUrl\":\"https:\/\/secure.gravatar.com\/avatar\/57d8a49151495586611a149d29fc42865b951dc053a84709a3172ccb5abf3118?s=96&d=mm&r=g\",\"caption\":\"Hukuki Haber.net\"},\"sameAs\":[\"http:\/\/www.hukukihaber.net\"],\"url\":\"http:\/\/denizcankizil.tr\/de\/author\/hukukihabernet\/\"}]}<\/script>\n<!-- \/ Yoast SEO Premium plugin. -->","yoast_head_json":{"title":"Yarg\u0131tay 1. Ceza Dairesi'nin 2022\/721 E. ve 2022\/857 K. say\u0131l\u0131 karar\u0131 - Av. Deniz Can K\u0131z\u0131l","robots":{"index":"index","follow":"follow","max-snippet":"max-snippet:-1","max-image-preview":"max-image-preview:large","max-video-preview":"max-video-preview:-1"},"canonical":"http:\/\/denizcankizil.tr\/de\/hukukihaber\/yargitay-1-ceza-dairesinin-2022-721-e-ve-2022-857-k-sayili-karari\/","og_locale":"de_DE","og_type":"article","og_title":"Yarg\u0131tay 1. Ceza Dairesi'nin 2022\/721 E. ve 2022\/857 K. say\u0131l\u0131 karar\u0131","og_description":"T.C. Yarg\u0131tay 1. Ceza Dairesi 2022\/721 E., 2022\/857 K. &#8220;\u0130\u00e7tihat Metni&#8221; (KANUN YARARINA BOZMA \u0130STEM\u0130) \u00c7ocu\u011fun cinsel istismar\u0131 ve ki\u015fiyi h\u00fcrriyetinden yoksun b\u0131rakma su\u00e7lar\u0131ndan &#8230; 2. \u00c7ocuk A\u011f\u0131r Ceza Mahkemesinin 08\/10\/2012 tarihli ve 2012\/440 de\u011fi\u015fik i\u015f say\u0131l\u0131 i\u00e7tima karar\u0131 ile 9 y\u0131l 4 ay 15 g\u00fcn hapis cezas\u0131na h\u00fck\u00fcml\u00fc &#8230;\u2019in, i\u015f bu cezas\u0131n\u0131n infaz\u0131 s\u0131ras\u0131nda, 16\/05\/2015 tarihinden ge\u00e7erli olmak \u00fczere ko\u015fullu sal\u0131verilmesine ili\u015fkin &#8230;8. A\u011f\u0131r Ceza Mahkemesinin 19\/06\/2015 tarihli ve 2015\/723 de\u011fi\u015fik i\u015f say\u0131l\u0131 karar\u0131n\u0131 m\u00fcteakip, h\u00fck\u00fcml\u00fcn\u00fcn denetim s\u00fcresi i\u00e7erisinde 13\/02\/2016 tarihinde i\u015flemi\u015f oldu\u011fu kas\u0131tl\u0131 su\u00e7tan mahkum oldu\u011funun ihbar edilmesi \u00fczerine, ko\u015fullu sal\u0131verilme karar\u0131n\u0131n geri al\u0131narak yeni su\u00e7tan verilen 1 y\u0131l 4 ay 20 g\u00fcn hapis cezas\u0131n\u0131n 2 kat\u0131 olan 2 y\u0131l 8 ay 40 g\u00fcn s\u00fcrenin aynen infaz\u0131na dair &#8230;\u0130nfaz Hakimli\u011finin 09\/02\/2021 tarihli ve 2021\/1821 esas, 2021\/2283 say\u0131l\u0131 karar\u0131n\u0131 m\u00fcteakip, hapis cezas\u0131n\u0131 gerektiren kas\u0131tl\u0131 su\u00e7un denetim s\u00fcresi sona erdikten sonra i\u015flendi\u011finden bahisle 09\/02\/2021 tarihli ko\u015fullu sal\u0131verilme karar\u0131n\u0131n geri al\u0131nmas\u0131 karar\u0131n\u0131n kald\u0131r\u0131larak h\u00fck\u00fcml\u00fcn\u00fcn cezas\u0131n\u0131n infaz edilmi\u015f say\u0131lmas\u0131na ili\u015fkin &#8230;\u0130nfaz Hakimli\u011finin 12\/03\/2021 tarihli ve 2021\/1821 esas, 2021\/2283 say\u0131l\u0131 ek karar\u0131na kar\u015f\u0131 yap\u0131lan itiraz\u0131n reddine dair &#8230;2. A\u011f\u0131r Ceza Mahkemesinin 05\/04\/2021 tarihli ve 2021\/353 de\u011fi\u015fik i\u015f say\u0131l\u0131 karar\u0131 ile ilgili olarak; Yarg\u0131tay Ceza Genel Kurulunun 18\/09\/2007 tarihli ve 2007\/1-214-181 say\u0131l\u0131 karar\u0131nda belirtildi\u011fi &hellip;","og_url":"http:\/\/denizcankizil.tr\/de\/hukukihaber\/yargitay-1-ceza-dairesinin-2022-721-e-ve-2022-857-k-sayili-karari\/","og_site_name":"Av. Deniz Can K\u0131z\u0131l","article_published_time":"2025-05-04T18:14:00+00:00","author":"Hukuki Haber.net","twitter_card":"summary_large_image","twitter_misc":{"Verfasst von":"Hukuki Haber.net","Gesch\u00e4tzte Lesezeit":"7\u00a0Minuten"},"schema":{"@context":"https:\/\/schema.org","@graph":[{"@type":"Article","@id":"http:\/\/denizcankizil.tr\/de\/hukukihaber\/yargitay-1-ceza-dairesinin-2022-721-e-ve-2022-857-k-sayili-karari\/#article","isPartOf":{"@id":"http:\/\/denizcankizil.tr\/de\/hukukihaber\/yargitay-1-ceza-dairesinin-2022-721-e-ve-2022-857-k-sayili-karari\/"},"author":{"name":"Hukuki Haber.net","@id":"https:\/\/denizcankizil.tr\/#\/schema\/person\/001a271de994a0aa3f90eea084424822"},"headline":"Yarg\u0131tay 1. Ceza Dairesi&#8217;nin 2022\/721 E. ve 2022\/857 K. say\u0131l\u0131 karar\u0131","datePublished":"2025-05-04T18:14:00+00:00","mainEntityOfPage":{"@id":"http:\/\/denizcankizil.tr\/de\/hukukihaber\/yargitay-1-ceza-dairesinin-2022-721-e-ve-2022-857-k-sayili-karari\/"},"wordCount":1436,"publisher":{"@id":"https:\/\/denizcankizil.tr\/#organization"},"articleSection":["Hukuki Haberler"],"inLanguage":"de"},{"@type":"WebPage","@id":"http:\/\/denizcankizil.tr\/de\/hukukihaber\/yargitay-1-ceza-dairesinin-2022-721-e-ve-2022-857-k-sayili-karari\/","url":"http:\/\/denizcankizil.tr\/de\/hukukihaber\/yargitay-1-ceza-dairesinin-2022-721-e-ve-2022-857-k-sayili-karari\/","name":"Yarg\u0131tay 1. Ceza Dairesi'nin 2022\/721 E. ve 2022\/857 K. say\u0131l\u0131 karar\u0131 - Av. Deniz Can K\u0131z\u0131l","isPartOf":{"@id":"https:\/\/denizcankizil.tr\/#website"},"datePublished":"2025-05-04T18:14:00+00:00","breadcrumb":{"@id":"http:\/\/denizcankizil.tr\/de\/hukukihaber\/yargitay-1-ceza-dairesinin-2022-721-e-ve-2022-857-k-sayili-karari\/#breadcrumb"},"inLanguage":"de","potentialAction":[{"@type":"ReadAction","target":["http:\/\/denizcankizil.tr\/de\/hukukihaber\/yargitay-1-ceza-dairesinin-2022-721-e-ve-2022-857-k-sayili-karari\/"]}]},{"@type":"BreadcrumbList","@id":"http:\/\/denizcankizil.tr\/de\/hukukihaber\/yargitay-1-ceza-dairesinin-2022-721-e-ve-2022-857-k-sayili-karari\/#breadcrumb","itemListElement":[{"@type":"ListItem","position":1,"name":"Home","item":"https:\/\/denizcankizil.tr\/de\/"},{"@type":"ListItem","position":2,"name":"Yarg\u0131tay 1. Ceza Dairesi&#8217;nin 2022\/721 E. ve 2022\/857 K. say\u0131l\u0131 karar\u0131"}]},{"@type":"WebSite","@id":"https:\/\/denizcankizil.tr\/#website","url":"https:\/\/denizcankizil.tr\/","name":"Av. Deniz Can K\u0131z\u0131l","description":"Avukat Deniz Can K\u0131z\u0131l Antalya Barosu","publisher":{"@id":"https:\/\/denizcankizil.tr\/#organization"},"potentialAction":[{"@type":"SearchAction","target":{"@type":"EntryPoint","urlTemplate":"https:\/\/denizcankizil.tr\/?s={search_term_string}"},"query-input":{"@type":"PropertyValueSpecification","valueRequired":true,"valueName":"search_term_string"}}],"inLanguage":"de"},{"@type":"Organization","@id":"https:\/\/denizcankizil.tr\/#organization","name":"Av. Deniz Can K\u0131z\u0131l","url":"https:\/\/denizcankizil.tr\/","logo":{"@type":"ImageObject","inLanguage":"de","@id":"https:\/\/denizcankizil.tr\/#\/schema\/logo\/image\/","url":"http:\/\/denizcankizil.tr\/wp-content\/uploads\/2024\/10\/siyah-logo-svg.svg","contentUrl":"http:\/\/denizcankizil.tr\/wp-content\/uploads\/2024\/10\/siyah-logo-svg.svg","width":1080,"height":1080,"caption":"Av. Deniz Can K\u0131z\u0131l"},"image":{"@id":"https:\/\/denizcankizil.tr\/#\/schema\/logo\/image\/"}},{"@type":"Person","@id":"https:\/\/denizcankizil.tr\/#\/schema\/person\/001a271de994a0aa3f90eea084424822","name":"Hukuki Haber.net","image":{"@type":"ImageObject","inLanguage":"de","@id":"https:\/\/denizcankizil.tr\/#\/schema\/person\/image\/","url":"https:\/\/secure.gravatar.com\/avatar\/57d8a49151495586611a149d29fc42865b951dc053a84709a3172ccb5abf3118?s=96&d=mm&r=g","contentUrl":"https:\/\/secure.gravatar.com\/avatar\/57d8a49151495586611a149d29fc42865b951dc053a84709a3172ccb5abf3118?s=96&d=mm&r=g","caption":"Hukuki Haber.net"},"sameAs":["http:\/\/www.hukukihaber.net"],"url":"http:\/\/denizcankizil.tr\/de\/author\/hukukihabernet\/"}]}},"_links":{"self":[{"href":"http:\/\/denizcankizil.tr\/de\/wp-json\/wp\/v2\/posts\/76065","targetHints":{"allow":["GET"]}}],"collection":[{"href":"http:\/\/denizcankizil.tr\/de\/wp-json\/wp\/v2\/posts"}],"about":[{"href":"http:\/\/denizcankizil.tr\/de\/wp-json\/wp\/v2\/types\/post"}],"author":[{"embeddable":true,"href":"http:\/\/denizcankizil.tr\/de\/wp-json\/wp\/v2\/users\/3"}],"replies":[{"embeddable":true,"href":"http:\/\/denizcankizil.tr\/de\/wp-json\/wp\/v2\/comments?post=76065"}],"version-history":[{"count":0,"href":"http:\/\/denizcankizil.tr\/de\/wp-json\/wp\/v2\/posts\/76065\/revisions"}],"wp:attachment":[{"href":"http:\/\/denizcankizil.tr\/de\/wp-json\/wp\/v2\/media?parent=76065"}],"wp:term":[{"taxonomy":"category","embeddable":true,"href":"http:\/\/denizcankizil.tr\/de\/wp-json\/wp\/v2\/categories?post=76065"},{"taxonomy":"post_tag","embeddable":true,"href":"http:\/\/denizcankizil.tr\/de\/wp-json\/wp\/v2\/tags?post=76065"}],"curies":[{"name":"wp","href":"https:\/\/api.w.org\/{rel}","templated":true}]}}