{"id":75848,"date":"2025-05-04T15:42:19","date_gmt":"2025-05-04T12:42:19","guid":{"rendered":"https:\/\/denizcankizil.tr\/uncategorized-tr\/bursada-bir-fabrikanin-dev-kapasite-artisina-iptal\/"},"modified":"2025-05-04T15:42:19","modified_gmt":"2025-05-04T12:42:19","slug":"bursada-bir-fabrikanin-dev-kapasite-artisina-iptal","status":"publish","type":"post","link":"http:\/\/denizcankizil.tr\/de\/haberler\/gundem\/bursada-bir-fabrikanin-dev-kapasite-artisina-iptal\/","title":{"rendered":"Bursa&#8217;da bir fabrikan\u0131n dev kapasite art\u0131\u015f\u0131na iptal!"},"content":{"rendered":"<p>Bursa Gemlik Kent Konseyi \u00f6nc\u00fcl\u00fc\u011f\u00fcnde ba\u015flat\u0131lan ve Bursa Kent Konseyi, Bursa Kent Konseyi \u00c7evre Meclisi, DO\u011eADER, MAG-DER ile bir\u00e7ok sivil toplum kurulu\u015funun destek verdi\u011fi, Marmara Kimya Sanayi firmas\u0131n\u0131n y\u00fczde 350 oran\u0131ndaki kapasite art\u0131\u015f\u0131na ili\u015fkin itiraz s\u00fcrecinde \u00f6nemli bir geli\u015fme ya\u015fand\u0131.Mahkemeye sunulan bilirki\u015fi raporunda, projenin durdurulmas\u0131 ve \u00c7ED (\u00c7evresel Etki De\u011ferlendirmesi) raporu al\u0131nmas\u0131 gerekti\u011fi belirtildi.<br \/>\n\u201cKONUNUN SONUNA KADAR TAK\u0130P\u00c7\u0130S\u0130 OLMAYA DEVAM EDECE\u011e\u0130Z\u201d<br \/>\nKonuya ili\u015fkin a\u00e7\u0131klama yapan Gemlik Kent Konseyi Ba\u015fkan\u0131 Sedat Akku\u015f, \u015f\u00f6yle konu\u015ftu:<br \/>\n\u201cMahkemeye sunulan, bilirki\u015filer taraf\u0131ndan haz\u0131rlanan 75 sayfal\u0131k rapor elimize ula\u015ft\u0131. \u0130nceledi\u011fimizde g\u00f6rd\u00fck ki proje, anlat\u0131ld\u0131\u011f\u0131 kadar masum de\u011filmi\u015f; \u00e7ekincelerimizde hakl\u0131 oldu\u011fumuz ortaya \u00e7\u0131kt\u0131. Do\u011fam\u0131z\u0131n bu kadar hoyrat\u00e7a talan edildi\u011fi, Gemlik K\u00f6rfezi\u2019nin m\u00fcsilajla bo\u011fu\u015ftu\u011fu bug\u00fcnlerde, m\u00fccadelemizde bizleri yaln\u0131z b\u0131rakmayan ba\u015fta Gemlik halk\u0131na, Gemlik Belediyesi\u2019ne, Bursa Kent Konseyi\u2019ne, Bursa Kent Konseyi \u00c7evre Meclisi\u2019ne, DO\u011eADER\u2019e, MAG-DER\u2019e, Gemlik su \u00fcr\u00fcnleri kooperatifine, Kumla kay\u0131k\u00e7\u0131lar derne\u011fine, akademik odalara, siyasi partilere ve t\u00fcm sivil toplum kurulu\u015flar\u0131na te\u015fekk\u00fcr ederiz.<\/p>\n<p>Halk\u0131 bilgilendirme toplant\u0131s\u0131yla ba\u015flad\u0131\u011f\u0131m\u0131z, imza kampanyas\u0131yla devam ettirdi\u011fimiz ve \u00c7evre, \u015eehircilik ve \u0130klim De\u011fi\u015fikli\u011fi \u0130l M\u00fcd\u00fcrl\u00fc\u011f\u00fc \u00f6n\u00fcnde yapt\u0131\u011f\u0131m\u0131z bas\u0131n a\u00e7\u0131klamas\u0131yla b\u00fcy\u00fctt\u00fc\u011f\u00fcm\u00fcz bu hakl\u0131 m\u00fccadelemiz s\u00fcrecek. Gemlik halk\u0131 ad\u0131na konunun sonuna kadar takip\u00e7isi olaca\u011f\u0131z.\u201d<\/p>\n<p>\u200bBursa Gemlik Kent Konseyi \u00f6nc\u00fcl\u00fc\u011f\u00fcnde ba\u015flat\u0131lan ve Bursa Kent Konseyi, Bursa Kent Konseyi \u00c7evre Meclisi, DO\u011eADER, MAG-DER ile bir\u00e7ok sivil toplum kurulu\u015funun destek verdi\u011fi, Marmara Kimya Sanayi firmas\u0131n\u0131n y\u00fczde 350 oran\u0131ndaki kapasite art\u0131\u015f\u0131na ili\u015fkin itiraz s\u00fcrecinde \u00f6nemli bir geli\u015fme ya\u015fand\u0131.Mahkemeye sunulan bilirki\u015fi raporunda, projenin durdurulmas\u0131 ve \u00c7ED (\u00c7evresel Etki De\u011ferlendirmesi) raporu al\u0131nmas\u0131 gerekti\u011fi belirtildi.<br \/>\n\u201cKONUNUN SONUNA KADAR TAK\u0130P\u00c7\u0130S\u0130 OLMAYA DEVAM EDECE\u011e\u0130Z\u201d<br \/>\nKonuya ili\u015fkin a\u00e7\u0131klama yapan Gemlik Kent Konseyi Ba\u015fkan\u0131 Sedat Akku\u015f, \u015f\u00f6yle konu\u015ftu:<br \/>\n\u201cMahkemeye sunulan, bilirki\u015filer taraf\u0131ndan haz\u0131rlanan 75 sayfal\u0131k rapor elimize ula\u015ft\u0131. \u0130nceledi\u011fimizde g\u00f6rd\u00fck ki proje, anlat\u0131ld\u0131\u011f\u0131 kadar masum de\u011filmi\u015f; \u00e7ekincelerimizde hakl\u0131 oldu\u011fumuz ortaya \u00e7\u0131kt\u0131. Do\u011fam\u0131z\u0131n bu kadar hoyrat\u00e7a talan edildi\u011fi, Gemlik K\u00f6rfezi\u2019nin m\u00fcsilajla bo\u011fu\u015ftu\u011fu bug\u00fcnlerde, m\u00fccadelemizde bizleri yaln\u0131z b\u0131rakmayan ba\u015fta Gemlik halk\u0131na, Gemlik Belediyesi\u2019ne, Bursa Kent Konseyi\u2019ne, Bursa Kent Konseyi \u00c7evre Meclisi\u2019ne, DO\u011eADER\u2019e, MAG-DER\u2019e, Gemlik su \u00fcr\u00fcnleri kooperatifine, Kumla kay\u0131k\u00e7\u0131lar derne\u011fine, akademik odalara, siyasi partilere ve t\u00fcm sivil toplum kurulu\u015flar\u0131na te\u015fekk\u00fcr ederiz.<\/p>\n<p>Halk\u0131 bilgilendirme toplant\u0131s\u0131yla ba\u015flad\u0131\u011f\u0131m\u0131z, imza kampanyas\u0131yla devam ettirdi\u011fimiz ve \u00c7evre, \u015eehircilik ve \u0130klim De\u011fi\u015fikli\u011fi \u0130l M\u00fcd\u00fcrl\u00fc\u011f\u00fc \u00f6n\u00fcnde yapt\u0131\u011f\u0131m\u0131z bas\u0131n a\u00e7\u0131klamas\u0131yla b\u00fcy\u00fctt\u00fc\u011f\u00fcm\u00fcz bu hakl\u0131 m\u00fccadelemiz s\u00fcrecek. Gemlik halk\u0131 ad\u0131na konunun sonuna kadar takip\u00e7isi olaca\u011f\u0131z.\u201d\u00a0<\/p>\n<p>\u200bHaberin Al\u0131nt\u0131land\u0131\u011f\u0131 Kaynak: www.iskenderun.org<\/p>","protected":false},"excerpt":{"rendered":"<p>Bursa Gemlik Kent Konseyi \u00f6nc\u00fcl\u00fc\u011f\u00fcnde ba\u015flat\u0131lan ve Bursa Kent Konseyi, Bursa Kent Konseyi \u00c7evre Meclisi, DO\u011eADER, MAG-DER ile bir\u00e7ok sivil toplum kurulu\u015funun destek verdi\u011fi, Marmara Kimya Sanayi firmas\u0131n\u0131n y\u00fczde 350 oran\u0131ndaki kapasite art\u0131\u015f\u0131na ili\u015fkin itiraz s\u00fcrecinde \u00f6nemli bir geli\u015fme ya\u015fand\u0131.Mahkemeye sunulan bilirki\u015fi raporunda, projenin durdurulmas\u0131 ve \u00c7ED (\u00c7evresel Etki De\u011ferlendirmesi) raporu al\u0131nmas\u0131 gerekti\u011fi belirtildi. \u201cKONUNUN SONUNA KADAR TAK\u0130P\u00c7\u0130S\u0130 OLMAYA DEVAM EDECE\u011e\u0130Z\u201d Konuya ili\u015fkin a\u00e7\u0131klama yapan Gemlik Kent Konseyi Ba\u015fkan\u0131 Sedat Akku\u015f, \u015f\u00f6yle konu\u015ftu: \u201cMahkemeye sunulan, bilirki\u015filer taraf\u0131ndan haz\u0131rlanan 75 sayfal\u0131k rapor elimize ula\u015ft\u0131. \u0130nceledi\u011fimizde g\u00f6rd\u00fck ki proje, anlat\u0131ld\u0131\u011f\u0131 kadar masum de\u011filmi\u015f; \u00e7ekincelerimizde hakl\u0131 oldu\u011fumuz ortaya \u00e7\u0131kt\u0131. Do\u011fam\u0131z\u0131n bu kadar hoyrat\u00e7a talan edildi\u011fi, Gemlik K\u00f6rfezi\u2019nin m\u00fcsilajla bo\u011fu\u015ftu\u011fu bug\u00fcnlerde, m\u00fccadelemizde bizleri yaln\u0131z b\u0131rakmayan ba\u015fta Gemlik halk\u0131na, Gemlik Belediyesi\u2019ne, Bursa Kent Konseyi\u2019ne, Bursa Kent Konseyi \u00c7evre Meclisi\u2019ne, DO\u011eADER\u2019e, MAG-DER\u2019e, Gemlik su \u00fcr\u00fcnleri kooperatifine, Kumla kay\u0131k\u00e7\u0131lar derne\u011fine, akademik odalara, siyasi partilere ve t\u00fcm sivil toplum kurulu\u015flar\u0131na te\u015fekk\u00fcr ederiz. Halk\u0131 bilgilendirme toplant\u0131s\u0131yla ba\u015flad\u0131\u011f\u0131m\u0131z, imza kampanyas\u0131yla devam ettirdi\u011fimiz ve \u00c7evre, \u015eehircilik ve \u0130klim De\u011fi\u015fikli\u011fi \u0130l M\u00fcd\u00fcrl\u00fc\u011f\u00fc \u00f6n\u00fcnde yapt\u0131\u011f\u0131m\u0131z bas\u0131n a\u00e7\u0131klamas\u0131yla b\u00fcy\u00fctt\u00fc\u011f\u00fcm\u00fcz bu hakl\u0131 m\u00fccadelemiz s\u00fcrecek. Gemlik halk\u0131 ad\u0131na konunun sonuna kadar takip\u00e7isi olaca\u011f\u0131z.\u201d \u200bBursa Gemlik Kent Konseyi \u00f6nc\u00fcl\u00fc\u011f\u00fcnde ba\u015flat\u0131lan ve Bursa Kent Konseyi, Bursa Kent Konseyi \u00c7evre Meclisi, DO\u011eADER, MAG-DER ile bir\u00e7ok sivil toplum kurulu\u015funun destek &hellip;<\/p>","protected":false},"author":1,"featured_media":0,"comment_status":"","ping_status":"open","sticky":false,"template":"","format":"standard","meta":{"_acf_changed":false,"footnotes":""},"categories":[24],"tags":[],"class_list":["post-75848","post","type-post","status-publish","format-standard","has-post-thumbnail","hentry","category-gundem"],"acf":[],"yoast_head":"<!-- This site is optimized with the Yoast SEO Premium plugin v26.6 (Yoast SEO v27.1.1) - https:\/\/yoast.com\/product\/yoast-seo-premium-wordpress\/ -->\n<title>Bursa&#039;da bir fabrikan\u0131n dev kapasite art\u0131\u015f\u0131na iptal! - Av. Deniz Can K\u0131z\u0131l<\/title>\n<meta name=\"robots\" content=\"index, follow, max-snippet:-1, max-image-preview:large, max-video-preview:-1\" \/>\n<link rel=\"canonical\" href=\"http:\/\/denizcankizil.tr\/de\/haberler\/gundem\/bursada-bir-fabrikanin-dev-kapasite-artisina-iptal\/\" \/>\n<meta property=\"og:locale\" content=\"de_DE\" \/>\n<meta property=\"og:type\" content=\"article\" \/>\n<meta property=\"og:title\" content=\"Bursa&#039;da bir fabrikan\u0131n dev kapasite art\u0131\u015f\u0131na iptal!\" \/>\n<meta property=\"og:description\" content=\"Bursa Gemlik Kent Konseyi \u00f6nc\u00fcl\u00fc\u011f\u00fcnde ba\u015flat\u0131lan ve Bursa Kent Konseyi, Bursa Kent Konseyi \u00c7evre Meclisi, DO\u011eADER, MAG-DER ile bir\u00e7ok sivil toplum kurulu\u015funun destek verdi\u011fi, Marmara Kimya Sanayi firmas\u0131n\u0131n y\u00fczde 350 oran\u0131ndaki kapasite art\u0131\u015f\u0131na ili\u015fkin itiraz s\u00fcrecinde \u00f6nemli bir geli\u015fme ya\u015fand\u0131.Mahkemeye sunulan bilirki\u015fi raporunda, projenin durdurulmas\u0131 ve \u00c7ED (\u00c7evresel Etki De\u011ferlendirmesi) raporu al\u0131nmas\u0131 gerekti\u011fi belirtildi. \u201cKONUNUN SONUNA KADAR TAK\u0130P\u00c7\u0130S\u0130 OLMAYA DEVAM EDECE\u011e\u0130Z\u201d Konuya ili\u015fkin a\u00e7\u0131klama yapan Gemlik Kent Konseyi Ba\u015fkan\u0131 Sedat Akku\u015f, \u015f\u00f6yle konu\u015ftu: \u201cMahkemeye sunulan, bilirki\u015filer taraf\u0131ndan haz\u0131rlanan 75 sayfal\u0131k rapor elimize ula\u015ft\u0131. \u0130nceledi\u011fimizde g\u00f6rd\u00fck ki proje, anlat\u0131ld\u0131\u011f\u0131 kadar masum de\u011filmi\u015f; \u00e7ekincelerimizde hakl\u0131 oldu\u011fumuz ortaya \u00e7\u0131kt\u0131. Do\u011fam\u0131z\u0131n bu kadar hoyrat\u00e7a talan edildi\u011fi, Gemlik K\u00f6rfezi\u2019nin m\u00fcsilajla bo\u011fu\u015ftu\u011fu bug\u00fcnlerde, m\u00fccadelemizde bizleri yaln\u0131z b\u0131rakmayan ba\u015fta Gemlik halk\u0131na, Gemlik Belediyesi\u2019ne, Bursa Kent Konseyi\u2019ne, Bursa Kent Konseyi \u00c7evre Meclisi\u2019ne, DO\u011eADER\u2019e, MAG-DER\u2019e, Gemlik su \u00fcr\u00fcnleri kooperatifine, Kumla kay\u0131k\u00e7\u0131lar derne\u011fine, akademik odalara, siyasi partilere ve t\u00fcm sivil toplum kurulu\u015flar\u0131na te\u015fekk\u00fcr ederiz. Halk\u0131 bilgilendirme toplant\u0131s\u0131yla ba\u015flad\u0131\u011f\u0131m\u0131z, imza kampanyas\u0131yla devam ettirdi\u011fimiz ve \u00c7evre, \u015eehircilik ve \u0130klim De\u011fi\u015fikli\u011fi \u0130l M\u00fcd\u00fcrl\u00fc\u011f\u00fc \u00f6n\u00fcnde yapt\u0131\u011f\u0131m\u0131z bas\u0131n a\u00e7\u0131klamas\u0131yla b\u00fcy\u00fctt\u00fc\u011f\u00fcm\u00fcz bu hakl\u0131 m\u00fccadelemiz s\u00fcrecek. Gemlik halk\u0131 ad\u0131na konunun sonuna kadar takip\u00e7isi olaca\u011f\u0131z.\u201d \u200bBursa Gemlik Kent Konseyi \u00f6nc\u00fcl\u00fc\u011f\u00fcnde ba\u015flat\u0131lan ve Bursa Kent Konseyi, Bursa Kent Konseyi \u00c7evre Meclisi, DO\u011eADER, MAG-DER ile bir\u00e7ok sivil toplum kurulu\u015funun destek &hellip;\" \/>\n<meta property=\"og:url\" content=\"http:\/\/denizcankizil.tr\/de\/haberler\/gundem\/bursada-bir-fabrikanin-dev-kapasite-artisina-iptal\/\" \/>\n<meta property=\"og:site_name\" content=\"Av. Deniz Can K\u0131z\u0131l\" \/>\n<meta property=\"article:published_time\" content=\"2025-05-04T12:42:19+00:00\" \/>\n<meta name=\"author\" content=\"admin\" \/>\n<meta name=\"twitter:card\" content=\"summary_large_image\" \/>\n<meta name=\"twitter:label1\" content=\"Verfasst von\" \/>\n\t<meta name=\"twitter:data1\" content=\"admin\" \/>\n\t<meta name=\"twitter:label2\" content=\"Gesch\u00e4tzte Lesezeit\" \/>\n\t<meta name=\"twitter:data2\" content=\"3\u00a0Minuten\" \/>\n<script type=\"application\/ld+json\" class=\"yoast-schema-graph\">{\"@context\":\"https:\/\/schema.org\",\"@graph\":[{\"@type\":\"Article\",\"@id\":\"http:\/\/denizcankizil.tr\/de\/haberler\/gundem\/bursada-bir-fabrikanin-dev-kapasite-artisina-iptal\/#article\",\"isPartOf\":{\"@id\":\"http:\/\/denizcankizil.tr\/de\/haberler\/gundem\/bursada-bir-fabrikanin-dev-kapasite-artisina-iptal\/\"},\"author\":{\"name\":\"admin\",\"@id\":\"https:\/\/denizcankizil.tr\/de\/#\/schema\/person\/be3c05fe6a12686905512445d8185489\"},\"headline\":\"Bursa&#8217;da bir fabrikan\u0131n dev kapasite art\u0131\u015f\u0131na iptal!\",\"datePublished\":\"2025-05-04T12:42:19+00:00\",\"mainEntityOfPage\":{\"@id\":\"http:\/\/denizcankizil.tr\/de\/haberler\/gundem\/bursada-bir-fabrikanin-dev-kapasite-artisina-iptal\/\"},\"wordCount\":566,\"publisher\":{\"@id\":\"https:\/\/denizcankizil.tr\/de\/#organization\"},\"articleSection\":[\"G\u00fcndem\"],\"inLanguage\":\"de\"},{\"@type\":\"WebPage\",\"@id\":\"http:\/\/denizcankizil.tr\/de\/haberler\/gundem\/bursada-bir-fabrikanin-dev-kapasite-artisina-iptal\/\",\"url\":\"http:\/\/denizcankizil.tr\/de\/haberler\/gundem\/bursada-bir-fabrikanin-dev-kapasite-artisina-iptal\/\",\"name\":\"Bursa'da bir fabrikan\u0131n dev kapasite art\u0131\u015f\u0131na iptal! - Av. Deniz Can K\u0131z\u0131l\",\"isPartOf\":{\"@id\":\"https:\/\/denizcankizil.tr\/de\/#website\"},\"datePublished\":\"2025-05-04T12:42:19+00:00\",\"breadcrumb\":{\"@id\":\"http:\/\/denizcankizil.tr\/de\/haberler\/gundem\/bursada-bir-fabrikanin-dev-kapasite-artisina-iptal\/#breadcrumb\"},\"inLanguage\":\"de\",\"potentialAction\":[{\"@type\":\"ReadAction\",\"target\":[\"http:\/\/denizcankizil.tr\/de\/haberler\/gundem\/bursada-bir-fabrikanin-dev-kapasite-artisina-iptal\/\"]}]},{\"@type\":\"BreadcrumbList\",\"@id\":\"http:\/\/denizcankizil.tr\/de\/haberler\/gundem\/bursada-bir-fabrikanin-dev-kapasite-artisina-iptal\/#breadcrumb\",\"itemListElement\":[{\"@type\":\"ListItem\",\"position\":1,\"name\":\"Home\",\"item\":\"https:\/\/denizcankizil.tr\/de\/\"},{\"@type\":\"ListItem\",\"position\":2,\"name\":\"Bursa&#8217;da bir fabrikan\u0131n dev kapasite art\u0131\u015f\u0131na iptal!\"}]},{\"@type\":\"WebSite\",\"@id\":\"https:\/\/denizcankizil.tr\/de\/#website\",\"url\":\"https:\/\/denizcankizil.tr\/de\/\",\"name\":\"Av. Deniz Can K\u0131z\u0131l\",\"description\":\"Avukat Deniz Can K\u0131z\u0131l Antalya Barosu\",\"publisher\":{\"@id\":\"https:\/\/denizcankizil.tr\/de\/#organization\"},\"potentialAction\":[{\"@type\":\"SearchAction\",\"target\":{\"@type\":\"EntryPoint\",\"urlTemplate\":\"https:\/\/denizcankizil.tr\/de\/?s={search_term_string}\"},\"query-input\":{\"@type\":\"PropertyValueSpecification\",\"valueRequired\":true,\"valueName\":\"search_term_string\"}}],\"inLanguage\":\"de\"},{\"@type\":\"Organization\",\"@id\":\"https:\/\/denizcankizil.tr\/de\/#organization\",\"name\":\"Av. Deniz Can K\u0131z\u0131l\",\"url\":\"https:\/\/denizcankizil.tr\/de\/\",\"logo\":{\"@type\":\"ImageObject\",\"inLanguage\":\"de\",\"@id\":\"https:\/\/denizcankizil.tr\/de\/#\/schema\/logo\/image\/\",\"url\":\"http:\/\/denizcankizil.tr\/wp-content\/uploads\/2024\/10\/siyah-logo-svg.svg\",\"contentUrl\":\"http:\/\/denizcankizil.tr\/wp-content\/uploads\/2024\/10\/siyah-logo-svg.svg\",\"width\":1080,\"height\":1080,\"caption\":\"Av. Deniz Can K\u0131z\u0131l\"},\"image\":{\"@id\":\"https:\/\/denizcankizil.tr\/de\/#\/schema\/logo\/image\/\"}},{\"@type\":\"Person\",\"@id\":\"https:\/\/denizcankizil.tr\/de\/#\/schema\/person\/be3c05fe6a12686905512445d8185489\",\"name\":\"admin\",\"image\":{\"@type\":\"ImageObject\",\"inLanguage\":\"de\",\"@id\":\"https:\/\/denizcankizil.tr\/de\/#\/schema\/person\/image\/\",\"url\":\"https:\/\/secure.gravatar.com\/avatar\/c1fce94c830dc79107e174f890d7210541c4a63e8e5d816341794a2151c9d58c?s=96&d=mm&r=g\",\"contentUrl\":\"https:\/\/secure.gravatar.com\/avatar\/c1fce94c830dc79107e174f890d7210541c4a63e8e5d816341794a2151c9d58c?s=96&d=mm&r=g\",\"caption\":\"admin\"},\"sameAs\":[\"http:\/\/denizcankizil.tr\"],\"url\":\"https:\/\/www.iskenderun.org\/bursada-bir-fabrikanin-dev-kapasite-artisina-iptal\"}]}<\/script>\n<!-- \/ Yoast SEO Premium plugin. -->","yoast_head_json":{"title":"Bursa'da bir fabrikan\u0131n dev kapasite art\u0131\u015f\u0131na iptal! - Av. Deniz Can K\u0131z\u0131l","robots":{"index":"index","follow":"follow","max-snippet":"max-snippet:-1","max-image-preview":"max-image-preview:large","max-video-preview":"max-video-preview:-1"},"canonical":"http:\/\/denizcankizil.tr\/de\/haberler\/gundem\/bursada-bir-fabrikanin-dev-kapasite-artisina-iptal\/","og_locale":"de_DE","og_type":"article","og_title":"Bursa'da bir fabrikan\u0131n dev kapasite art\u0131\u015f\u0131na iptal!","og_description":"Bursa Gemlik Kent Konseyi \u00f6nc\u00fcl\u00fc\u011f\u00fcnde ba\u015flat\u0131lan ve Bursa Kent Konseyi, Bursa Kent Konseyi \u00c7evre Meclisi, DO\u011eADER, MAG-DER ile bir\u00e7ok sivil toplum kurulu\u015funun destek verdi\u011fi, Marmara Kimya Sanayi firmas\u0131n\u0131n y\u00fczde 350 oran\u0131ndaki kapasite art\u0131\u015f\u0131na ili\u015fkin itiraz s\u00fcrecinde \u00f6nemli bir geli\u015fme ya\u015fand\u0131.Mahkemeye sunulan bilirki\u015fi raporunda, projenin durdurulmas\u0131 ve \u00c7ED (\u00c7evresel Etki De\u011ferlendirmesi) raporu al\u0131nmas\u0131 gerekti\u011fi belirtildi. \u201cKONUNUN SONUNA KADAR TAK\u0130P\u00c7\u0130S\u0130 OLMAYA DEVAM EDECE\u011e\u0130Z\u201d Konuya ili\u015fkin a\u00e7\u0131klama yapan Gemlik Kent Konseyi Ba\u015fkan\u0131 Sedat Akku\u015f, \u015f\u00f6yle konu\u015ftu: \u201cMahkemeye sunulan, bilirki\u015filer taraf\u0131ndan haz\u0131rlanan 75 sayfal\u0131k rapor elimize ula\u015ft\u0131. \u0130nceledi\u011fimizde g\u00f6rd\u00fck ki proje, anlat\u0131ld\u0131\u011f\u0131 kadar masum de\u011filmi\u015f; \u00e7ekincelerimizde hakl\u0131 oldu\u011fumuz ortaya \u00e7\u0131kt\u0131. Do\u011fam\u0131z\u0131n bu kadar hoyrat\u00e7a talan edildi\u011fi, Gemlik K\u00f6rfezi\u2019nin m\u00fcsilajla bo\u011fu\u015ftu\u011fu bug\u00fcnlerde, m\u00fccadelemizde bizleri yaln\u0131z b\u0131rakmayan ba\u015fta Gemlik halk\u0131na, Gemlik Belediyesi\u2019ne, Bursa Kent Konseyi\u2019ne, Bursa Kent Konseyi \u00c7evre Meclisi\u2019ne, DO\u011eADER\u2019e, MAG-DER\u2019e, Gemlik su \u00fcr\u00fcnleri kooperatifine, Kumla kay\u0131k\u00e7\u0131lar derne\u011fine, akademik odalara, siyasi partilere ve t\u00fcm sivil toplum kurulu\u015flar\u0131na te\u015fekk\u00fcr ederiz. Halk\u0131 bilgilendirme toplant\u0131s\u0131yla ba\u015flad\u0131\u011f\u0131m\u0131z, imza kampanyas\u0131yla devam ettirdi\u011fimiz ve \u00c7evre, \u015eehircilik ve \u0130klim De\u011fi\u015fikli\u011fi \u0130l M\u00fcd\u00fcrl\u00fc\u011f\u00fc \u00f6n\u00fcnde yapt\u0131\u011f\u0131m\u0131z bas\u0131n a\u00e7\u0131klamas\u0131yla b\u00fcy\u00fctt\u00fc\u011f\u00fcm\u00fcz bu hakl\u0131 m\u00fccadelemiz s\u00fcrecek. Gemlik halk\u0131 ad\u0131na konunun sonuna kadar takip\u00e7isi olaca\u011f\u0131z.\u201d \u200bBursa Gemlik Kent Konseyi \u00f6nc\u00fcl\u00fc\u011f\u00fcnde ba\u015flat\u0131lan ve Bursa Kent Konseyi, Bursa Kent Konseyi \u00c7evre Meclisi, DO\u011eADER, MAG-DER ile bir\u00e7ok sivil toplum kurulu\u015funun destek &hellip;","og_url":"http:\/\/denizcankizil.tr\/de\/haberler\/gundem\/bursada-bir-fabrikanin-dev-kapasite-artisina-iptal\/","og_site_name":"Av. Deniz Can K\u0131z\u0131l","article_published_time":"2025-05-04T12:42:19+00:00","author":"admin","twitter_card":"summary_large_image","twitter_misc":{"Verfasst von":"admin","Gesch\u00e4tzte Lesezeit":"3\u00a0Minuten"},"schema":{"@context":"https:\/\/schema.org","@graph":[{"@type":"Article","@id":"http:\/\/denizcankizil.tr\/de\/haberler\/gundem\/bursada-bir-fabrikanin-dev-kapasite-artisina-iptal\/#article","isPartOf":{"@id":"http:\/\/denizcankizil.tr\/de\/haberler\/gundem\/bursada-bir-fabrikanin-dev-kapasite-artisina-iptal\/"},"author":{"name":"admin","@id":"https:\/\/denizcankizil.tr\/de\/#\/schema\/person\/be3c05fe6a12686905512445d8185489"},"headline":"Bursa&#8217;da bir fabrikan\u0131n dev kapasite art\u0131\u015f\u0131na iptal!","datePublished":"2025-05-04T12:42:19+00:00","mainEntityOfPage":{"@id":"http:\/\/denizcankizil.tr\/de\/haberler\/gundem\/bursada-bir-fabrikanin-dev-kapasite-artisina-iptal\/"},"wordCount":566,"publisher":{"@id":"https:\/\/denizcankizil.tr\/de\/#organization"},"articleSection":["G\u00fcndem"],"inLanguage":"de"},{"@type":"WebPage","@id":"http:\/\/denizcankizil.tr\/de\/haberler\/gundem\/bursada-bir-fabrikanin-dev-kapasite-artisina-iptal\/","url":"http:\/\/denizcankizil.tr\/de\/haberler\/gundem\/bursada-bir-fabrikanin-dev-kapasite-artisina-iptal\/","name":"Bursa'da bir fabrikan\u0131n dev kapasite art\u0131\u015f\u0131na iptal! - Av. Deniz Can K\u0131z\u0131l","isPartOf":{"@id":"https:\/\/denizcankizil.tr\/de\/#website"},"datePublished":"2025-05-04T12:42:19+00:00","breadcrumb":{"@id":"http:\/\/denizcankizil.tr\/de\/haberler\/gundem\/bursada-bir-fabrikanin-dev-kapasite-artisina-iptal\/#breadcrumb"},"inLanguage":"de","potentialAction":[{"@type":"ReadAction","target":["http:\/\/denizcankizil.tr\/de\/haberler\/gundem\/bursada-bir-fabrikanin-dev-kapasite-artisina-iptal\/"]}]},{"@type":"BreadcrumbList","@id":"http:\/\/denizcankizil.tr\/de\/haberler\/gundem\/bursada-bir-fabrikanin-dev-kapasite-artisina-iptal\/#breadcrumb","itemListElement":[{"@type":"ListItem","position":1,"name":"Home","item":"https:\/\/denizcankizil.tr\/de\/"},{"@type":"ListItem","position":2,"name":"Bursa&#8217;da bir fabrikan\u0131n dev kapasite art\u0131\u015f\u0131na iptal!"}]},{"@type":"WebSite","@id":"https:\/\/denizcankizil.tr\/de\/#website","url":"https:\/\/denizcankizil.tr\/de\/","name":"Av. Deniz Can K\u0131z\u0131l","description":"Avukat Deniz Can K\u0131z\u0131l Antalya Barosu","publisher":{"@id":"https:\/\/denizcankizil.tr\/de\/#organization"},"potentialAction":[{"@type":"SearchAction","target":{"@type":"EntryPoint","urlTemplate":"https:\/\/denizcankizil.tr\/de\/?s={search_term_string}"},"query-input":{"@type":"PropertyValueSpecification","valueRequired":true,"valueName":"search_term_string"}}],"inLanguage":"de"},{"@type":"Organization","@id":"https:\/\/denizcankizil.tr\/de\/#organization","name":"Av. Deniz Can K\u0131z\u0131l","url":"https:\/\/denizcankizil.tr\/de\/","logo":{"@type":"ImageObject","inLanguage":"de","@id":"https:\/\/denizcankizil.tr\/de\/#\/schema\/logo\/image\/","url":"http:\/\/denizcankizil.tr\/wp-content\/uploads\/2024\/10\/siyah-logo-svg.svg","contentUrl":"http:\/\/denizcankizil.tr\/wp-content\/uploads\/2024\/10\/siyah-logo-svg.svg","width":1080,"height":1080,"caption":"Av. Deniz Can K\u0131z\u0131l"},"image":{"@id":"https:\/\/denizcankizil.tr\/de\/#\/schema\/logo\/image\/"}},{"@type":"Person","@id":"https:\/\/denizcankizil.tr\/de\/#\/schema\/person\/be3c05fe6a12686905512445d8185489","name":"Administrator","image":{"@type":"ImageObject","inLanguage":"de","@id":"https:\/\/denizcankizil.tr\/de\/#\/schema\/person\/image\/","url":"https:\/\/secure.gravatar.com\/avatar\/c1fce94c830dc79107e174f890d7210541c4a63e8e5d816341794a2151c9d58c?s=96&d=mm&r=g","contentUrl":"https:\/\/secure.gravatar.com\/avatar\/c1fce94c830dc79107e174f890d7210541c4a63e8e5d816341794a2151c9d58c?s=96&d=mm&r=g","caption":"admin"},"sameAs":["http:\/\/denizcankizil.tr"],"url":"https:\/\/www.iskenderun.org\/bursada-bir-fabrikanin-dev-kapasite-artisina-iptal"}]}},"_links":{"self":[{"href":"http:\/\/denizcankizil.tr\/de\/wp-json\/wp\/v2\/posts\/75848","targetHints":{"allow":["GET"]}}],"collection":[{"href":"http:\/\/denizcankizil.tr\/de\/wp-json\/wp\/v2\/posts"}],"about":[{"href":"http:\/\/denizcankizil.tr\/de\/wp-json\/wp\/v2\/types\/post"}],"author":[{"embeddable":true,"href":"http:\/\/denizcankizil.tr\/de\/wp-json\/wp\/v2\/users\/1"}],"replies":[{"embeddable":true,"href":"http:\/\/denizcankizil.tr\/de\/wp-json\/wp\/v2\/comments?post=75848"}],"version-history":[{"count":0,"href":"http:\/\/denizcankizil.tr\/de\/wp-json\/wp\/v2\/posts\/75848\/revisions"}],"wp:attachment":[{"href":"http:\/\/denizcankizil.tr\/de\/wp-json\/wp\/v2\/media?parent=75848"}],"wp:term":[{"taxonomy":"category","embeddable":true,"href":"http:\/\/denizcankizil.tr\/de\/wp-json\/wp\/v2\/categories?post=75848"},{"taxonomy":"post_tag","embeddable":true,"href":"http:\/\/denizcankizil.tr\/de\/wp-json\/wp\/v2\/tags?post=75848"}],"curies":[{"name":"wp","href":"https:\/\/api.w.org\/{rel}","templated":true}]}}