{"id":7427,"date":"2024-10-24T10:41:35","date_gmt":"2024-10-24T07:41:35","guid":{"rendered":"https:\/\/denizcankizil.tr\/uncategorized-tr\/edremit-belediyesinin-2025-yili-butcesi-onaylandi\/"},"modified":"2024-10-24T10:41:35","modified_gmt":"2024-10-24T07:41:35","slug":"edremit-belediyesinin-2025-yili-butcesi-onaylandi","status":"publish","type":"post","link":"http:\/\/denizcankizil.tr\/de\/haberler\/gundem\/edremit-belediyesinin-2025-yili-butcesi-onaylandi\/","title":{"rendered":"Edremit Belediyesi\u2019nin 2025 Y\u0131l\u0131 B\u00fct\u00e7esi onayland\u0131"},"content":{"rendered":"<p>Edremit Belediyesi Ekim Ay\u0131 Ola\u011fan Meclisi, 2025 Mali Y\u0131l\u0131 B\u00fct\u00e7e Tasar\u0131s\u0131n\u0131 g\u00f6r\u00fc\u015fmek \u00fczere ikinci birle\u015fim ile topland\u0131. Gelir-Gider denkli\u011fi sa\u011flanarak olu\u015fturulan 2025 y\u0131l\u0131 b\u00fct\u00e7esi 2 milyar 682 milyon 510 bin lira olarak belirlendi.<\/p>\n<p>\u200bEdremit Belediyesi Ekim Ay\u0131 Ola\u011fan Meclisi, 2025 Mali Y\u0131l\u0131 B\u00fct\u00e7e Tasar\u0131s\u0131n\u0131 g\u00f6r\u00fc\u015fmek \u00fczere ikinci birle\u015fim ile topland\u0131. Gelir-Gider denkli\u011fi sa\u011flanarak olu\u015fturulan 2025 y\u0131l\u0131 b\u00fct\u00e7esi 2 milyar 682 milyon 510 bin lira olarak belirlendi.\u00a0<\/p>\n<p>\u200bHaberin Al\u0131nt\u0131land\u0131\u011f\u0131 Kaynak: www.iskenderun.org<\/p>","protected":false},"excerpt":{"rendered":"<p>Edremit Belediyesi Ekim Ay\u0131 Ola\u011fan Meclisi, 2025 Mali Y\u0131l\u0131 B\u00fct\u00e7e Tasar\u0131s\u0131n\u0131 g\u00f6r\u00fc\u015fmek \u00fczere ikinci birle\u015fim ile topland\u0131. Gelir-Gider denkli\u011fi sa\u011flanarak olu\u015fturulan 2025 y\u0131l\u0131 b\u00fct\u00e7esi 2 milyar 682 milyon 510 bin lira olarak belirlendi. \u200bEdremit Belediyesi Ekim Ay\u0131 Ola\u011fan Meclisi, 2025 Mali Y\u0131l\u0131 B\u00fct\u00e7e Tasar\u0131s\u0131n\u0131 g\u00f6r\u00fc\u015fmek \u00fczere ikinci birle\u015fim ile topland\u0131. Gelir-Gider denkli\u011fi sa\u011flanarak olu\u015fturulan 2025 y\u0131l\u0131 b\u00fct\u00e7esi 2 milyar 682 milyon 510 bin lira olarak belirlendi.\u00a0 \u200bHaberin Al\u0131nt\u0131land\u0131\u011f\u0131 Kaynak: www.iskenderun.org<\/p>","protected":false},"author":0,"featured_media":0,"comment_status":"open","ping_status":"open","sticky":false,"template":"","format":"standard","meta":{"_acf_changed":false,"footnotes":""},"categories":[24,535],"tags":[],"class_list":["post-7427","post","type-post","status-publish","format-standard","has-post-thumbnail","hentry","category-gundem","category-uncategorized-tr"],"acf":[],"yoast_head":"<!-- This site is optimized with the Yoast SEO Premium plugin v26.6 (Yoast SEO v27.1.1) - https:\/\/yoast.com\/product\/yoast-seo-premium-wordpress\/ -->\n<title>Edremit Belediyesi\u2019nin 2025 Y\u0131l\u0131 B\u00fct\u00e7esi onayland\u0131 - Av. Deniz Can K\u0131z\u0131l<\/title>\n<meta name=\"robots\" content=\"index, follow, max-snippet:-1, max-image-preview:large, max-video-preview:-1\" \/>\n<link rel=\"canonical\" href=\"http:\/\/denizcankizil.tr\/de\/haberler\/gundem\/edremit-belediyesinin-2025-yili-butcesi-onaylandi\/\" \/>\n<meta property=\"og:locale\" content=\"de_DE\" \/>\n<meta property=\"og:type\" content=\"article\" \/>\n<meta property=\"og:title\" content=\"Edremit Belediyesi\u2019nin 2025 Y\u0131l\u0131 B\u00fct\u00e7esi onayland\u0131\" \/>\n<meta property=\"og:description\" content=\"Edremit Belediyesi Ekim Ay\u0131 Ola\u011fan Meclisi, 2025 Mali Y\u0131l\u0131 B\u00fct\u00e7e Tasar\u0131s\u0131n\u0131 g\u00f6r\u00fc\u015fmek \u00fczere ikinci birle\u015fim ile topland\u0131. Gelir-Gider denkli\u011fi sa\u011flanarak olu\u015fturulan 2025 y\u0131l\u0131 b\u00fct\u00e7esi 2 milyar 682 milyon 510 bin lira olarak belirlendi. \u200bEdremit Belediyesi Ekim Ay\u0131 Ola\u011fan Meclisi, 2025 Mali Y\u0131l\u0131 B\u00fct\u00e7e Tasar\u0131s\u0131n\u0131 g\u00f6r\u00fc\u015fmek \u00fczere ikinci birle\u015fim ile topland\u0131. Gelir-Gider denkli\u011fi sa\u011flanarak olu\u015fturulan 2025 y\u0131l\u0131 b\u00fct\u00e7esi 2 milyar 682 milyon 510 bin lira olarak belirlendi.\u00a0 \u200bHaberin Al\u0131nt\u0131land\u0131\u011f\u0131 Kaynak: www.iskenderun.org\" \/>\n<meta property=\"og:url\" content=\"http:\/\/denizcankizil.tr\/de\/haberler\/gundem\/edremit-belediyesinin-2025-yili-butcesi-onaylandi\/\" \/>\n<meta property=\"og:site_name\" content=\"Av. Deniz Can K\u0131z\u0131l\" \/>\n<meta property=\"article:published_time\" content=\"2024-10-24T07:41:35+00:00\" \/>\n<meta name=\"twitter:card\" content=\"summary_large_image\" \/>\n<script type=\"application\/ld+json\" class=\"yoast-schema-graph\">{\"@context\":\"https:\/\/schema.org\",\"@graph\":[{\"@type\":\"Article\",\"@id\":\"http:\/\/denizcankizil.tr\/de\/haberler\/gundem\/edremit-belediyesinin-2025-yili-butcesi-onaylandi\/#article\",\"isPartOf\":{\"@id\":\"http:\/\/denizcankizil.tr\/de\/haberler\/gundem\/edremit-belediyesinin-2025-yili-butcesi-onaylandi\/\"},\"author\":{\"name\":\"\",\"@id\":\"\"},\"headline\":\"Edremit Belediyesi\u2019nin 2025 Y\u0131l\u0131 B\u00fct\u00e7esi onayland\u0131\",\"datePublished\":\"2024-10-24T07:41:35+00:00\",\"mainEntityOfPage\":{\"@id\":\"http:\/\/denizcankizil.tr\/de\/haberler\/gundem\/edremit-belediyesinin-2025-yili-butcesi-onaylandi\/\"},\"wordCount\":103,\"commentCount\":0,\"publisher\":{\"@id\":\"https:\/\/denizcankizil.tr\/de\/#organization\"},\"articleSection\":[\"G\u00fcndem\",\"Uncategorized\"],\"inLanguage\":\"de\",\"potentialAction\":[{\"@type\":\"CommentAction\",\"name\":\"Comment\",\"target\":[\"http:\/\/denizcankizil.tr\/de\/haberler\/gundem\/edremit-belediyesinin-2025-yili-butcesi-onaylandi\/#respond\"]}]},{\"@type\":\"WebPage\",\"@id\":\"http:\/\/denizcankizil.tr\/de\/haberler\/gundem\/edremit-belediyesinin-2025-yili-butcesi-onaylandi\/\",\"url\":\"http:\/\/denizcankizil.tr\/de\/haberler\/gundem\/edremit-belediyesinin-2025-yili-butcesi-onaylandi\/\",\"name\":\"Edremit Belediyesi\u2019nin 2025 Y\u0131l\u0131 B\u00fct\u00e7esi onayland\u0131 - Av. Deniz Can K\u0131z\u0131l\",\"isPartOf\":{\"@id\":\"https:\/\/denizcankizil.tr\/de\/#website\"},\"datePublished\":\"2024-10-24T07:41:35+00:00\",\"breadcrumb\":{\"@id\":\"http:\/\/denizcankizil.tr\/de\/haberler\/gundem\/edremit-belediyesinin-2025-yili-butcesi-onaylandi\/#breadcrumb\"},\"inLanguage\":\"de\",\"potentialAction\":[{\"@type\":\"ReadAction\",\"target\":[\"http:\/\/denizcankizil.tr\/de\/haberler\/gundem\/edremit-belediyesinin-2025-yili-butcesi-onaylandi\/\"]}]},{\"@type\":\"BreadcrumbList\",\"@id\":\"http:\/\/denizcankizil.tr\/de\/haberler\/gundem\/edremit-belediyesinin-2025-yili-butcesi-onaylandi\/#breadcrumb\",\"itemListElement\":[{\"@type\":\"ListItem\",\"position\":1,\"name\":\"Home\",\"item\":\"https:\/\/denizcankizil.tr\/de\/\"},{\"@type\":\"ListItem\",\"position\":2,\"name\":\"Edremit Belediyesi\u2019nin 2025 Y\u0131l\u0131 B\u00fct\u00e7esi onayland\u0131\"}]},{\"@type\":\"WebSite\",\"@id\":\"https:\/\/denizcankizil.tr\/de\/#website\",\"url\":\"https:\/\/denizcankizil.tr\/de\/\",\"name\":\"Av. Deniz Can K\u0131z\u0131l\",\"description\":\"Avukat Deniz Can K\u0131z\u0131l Antalya Barosu\",\"publisher\":{\"@id\":\"https:\/\/denizcankizil.tr\/de\/#organization\"},\"potentialAction\":[{\"@type\":\"SearchAction\",\"target\":{\"@type\":\"EntryPoint\",\"urlTemplate\":\"https:\/\/denizcankizil.tr\/de\/?s={search_term_string}\"},\"query-input\":{\"@type\":\"PropertyValueSpecification\",\"valueRequired\":true,\"valueName\":\"search_term_string\"}}],\"inLanguage\":\"de\"},{\"@type\":\"Organization\",\"@id\":\"https:\/\/denizcankizil.tr\/de\/#organization\",\"name\":\"Av. Deniz Can K\u0131z\u0131l\",\"url\":\"https:\/\/denizcankizil.tr\/de\/\",\"logo\":{\"@type\":\"ImageObject\",\"inLanguage\":\"de\",\"@id\":\"https:\/\/denizcankizil.tr\/de\/#\/schema\/logo\/image\/\",\"url\":\"http:\/\/denizcankizil.tr\/wp-content\/uploads\/2024\/10\/siyah-logo-svg.svg\",\"contentUrl\":\"http:\/\/denizcankizil.tr\/wp-content\/uploads\/2024\/10\/siyah-logo-svg.svg\",\"width\":1080,\"height\":1080,\"caption\":\"Av. Deniz Can K\u0131z\u0131l\"},\"image\":{\"@id\":\"https:\/\/denizcankizil.tr\/de\/#\/schema\/logo\/image\/\"}}]}<\/script>\n<!-- \/ Yoast SEO Premium plugin. -->","yoast_head_json":{"title":"Edremit Belediyesi\u2019nin 2025 Y\u0131l\u0131 B\u00fct\u00e7esi onayland\u0131 - Av. Deniz Can K\u0131z\u0131l","robots":{"index":"index","follow":"follow","max-snippet":"max-snippet:-1","max-image-preview":"max-image-preview:large","max-video-preview":"max-video-preview:-1"},"canonical":"http:\/\/denizcankizil.tr\/de\/haberler\/gundem\/edremit-belediyesinin-2025-yili-butcesi-onaylandi\/","og_locale":"de_DE","og_type":"article","og_title":"Edremit Belediyesi\u2019nin 2025 Y\u0131l\u0131 B\u00fct\u00e7esi onayland\u0131","og_description":"Edremit Belediyesi Ekim Ay\u0131 Ola\u011fan Meclisi, 2025 Mali Y\u0131l\u0131 B\u00fct\u00e7e Tasar\u0131s\u0131n\u0131 g\u00f6r\u00fc\u015fmek \u00fczere ikinci birle\u015fim ile topland\u0131. Gelir-Gider denkli\u011fi sa\u011flanarak olu\u015fturulan 2025 y\u0131l\u0131 b\u00fct\u00e7esi 2 milyar 682 milyon 510 bin lira olarak belirlendi. \u200bEdremit Belediyesi Ekim Ay\u0131 Ola\u011fan Meclisi, 2025 Mali Y\u0131l\u0131 B\u00fct\u00e7e Tasar\u0131s\u0131n\u0131 g\u00f6r\u00fc\u015fmek \u00fczere ikinci birle\u015fim ile topland\u0131. Gelir-Gider denkli\u011fi sa\u011flanarak olu\u015fturulan 2025 y\u0131l\u0131 b\u00fct\u00e7esi 2 milyar 682 milyon 510 bin lira olarak belirlendi.\u00a0 \u200bHaberin Al\u0131nt\u0131land\u0131\u011f\u0131 Kaynak: www.iskenderun.org","og_url":"http:\/\/denizcankizil.tr\/de\/haberler\/gundem\/edremit-belediyesinin-2025-yili-butcesi-onaylandi\/","og_site_name":"Av. Deniz Can K\u0131z\u0131l","article_published_time":"2024-10-24T07:41:35+00:00","twitter_card":"summary_large_image","schema":{"@context":"https:\/\/schema.org","@graph":[{"@type":"Article","@id":"http:\/\/denizcankizil.tr\/de\/haberler\/gundem\/edremit-belediyesinin-2025-yili-butcesi-onaylandi\/#article","isPartOf":{"@id":"http:\/\/denizcankizil.tr\/de\/haberler\/gundem\/edremit-belediyesinin-2025-yili-butcesi-onaylandi\/"},"author":{"name":"","@id":""},"headline":"Edremit Belediyesi\u2019nin 2025 Y\u0131l\u0131 B\u00fct\u00e7esi onayland\u0131","datePublished":"2024-10-24T07:41:35+00:00","mainEntityOfPage":{"@id":"http:\/\/denizcankizil.tr\/de\/haberler\/gundem\/edremit-belediyesinin-2025-yili-butcesi-onaylandi\/"},"wordCount":103,"commentCount":0,"publisher":{"@id":"https:\/\/denizcankizil.tr\/de\/#organization"},"articleSection":["G\u00fcndem","Uncategorized"],"inLanguage":"de","potentialAction":[{"@type":"CommentAction","name":"Comment","target":["http:\/\/denizcankizil.tr\/de\/haberler\/gundem\/edremit-belediyesinin-2025-yili-butcesi-onaylandi\/#respond"]}]},{"@type":"WebPage","@id":"http:\/\/denizcankizil.tr\/de\/haberler\/gundem\/edremit-belediyesinin-2025-yili-butcesi-onaylandi\/","url":"http:\/\/denizcankizil.tr\/de\/haberler\/gundem\/edremit-belediyesinin-2025-yili-butcesi-onaylandi\/","name":"Edremit Belediyesi\u2019nin 2025 Y\u0131l\u0131 B\u00fct\u00e7esi onayland\u0131 - Av. Deniz Can K\u0131z\u0131l","isPartOf":{"@id":"https:\/\/denizcankizil.tr\/de\/#website"},"datePublished":"2024-10-24T07:41:35+00:00","breadcrumb":{"@id":"http:\/\/denizcankizil.tr\/de\/haberler\/gundem\/edremit-belediyesinin-2025-yili-butcesi-onaylandi\/#breadcrumb"},"inLanguage":"de","potentialAction":[{"@type":"ReadAction","target":["http:\/\/denizcankizil.tr\/de\/haberler\/gundem\/edremit-belediyesinin-2025-yili-butcesi-onaylandi\/"]}]},{"@type":"BreadcrumbList","@id":"http:\/\/denizcankizil.tr\/de\/haberler\/gundem\/edremit-belediyesinin-2025-yili-butcesi-onaylandi\/#breadcrumb","itemListElement":[{"@type":"ListItem","position":1,"name":"Home","item":"https:\/\/denizcankizil.tr\/de\/"},{"@type":"ListItem","position":2,"name":"Edremit Belediyesi\u2019nin 2025 Y\u0131l\u0131 B\u00fct\u00e7esi onayland\u0131"}]},{"@type":"WebSite","@id":"https:\/\/denizcankizil.tr\/de\/#website","url":"https:\/\/denizcankizil.tr\/de\/","name":"Av. Deniz Can K\u0131z\u0131l","description":"Avukat Deniz Can K\u0131z\u0131l Antalya Barosu","publisher":{"@id":"https:\/\/denizcankizil.tr\/de\/#organization"},"potentialAction":[{"@type":"SearchAction","target":{"@type":"EntryPoint","urlTemplate":"https:\/\/denizcankizil.tr\/de\/?s={search_term_string}"},"query-input":{"@type":"PropertyValueSpecification","valueRequired":true,"valueName":"search_term_string"}}],"inLanguage":"de"},{"@type":"Organization","@id":"https:\/\/denizcankizil.tr\/de\/#organization","name":"Av. Deniz Can K\u0131z\u0131l","url":"https:\/\/denizcankizil.tr\/de\/","logo":{"@type":"ImageObject","inLanguage":"de","@id":"https:\/\/denizcankizil.tr\/de\/#\/schema\/logo\/image\/","url":"http:\/\/denizcankizil.tr\/wp-content\/uploads\/2024\/10\/siyah-logo-svg.svg","contentUrl":"http:\/\/denizcankizil.tr\/wp-content\/uploads\/2024\/10\/siyah-logo-svg.svg","width":1080,"height":1080,"caption":"Av. Deniz Can K\u0131z\u0131l"},"image":{"@id":"https:\/\/denizcankizil.tr\/de\/#\/schema\/logo\/image\/"}}]}},"_links":{"self":[{"href":"http:\/\/denizcankizil.tr\/de\/wp-json\/wp\/v2\/posts\/7427","targetHints":{"allow":["GET"]}}],"collection":[{"href":"http:\/\/denizcankizil.tr\/de\/wp-json\/wp\/v2\/posts"}],"about":[{"href":"http:\/\/denizcankizil.tr\/de\/wp-json\/wp\/v2\/types\/post"}],"replies":[{"embeddable":true,"href":"http:\/\/denizcankizil.tr\/de\/wp-json\/wp\/v2\/comments?post=7427"}],"version-history":[{"count":0,"href":"http:\/\/denizcankizil.tr\/de\/wp-json\/wp\/v2\/posts\/7427\/revisions"}],"wp:attachment":[{"href":"http:\/\/denizcankizil.tr\/de\/wp-json\/wp\/v2\/media?parent=7427"}],"wp:term":[{"taxonomy":"category","embeddable":true,"href":"http:\/\/denizcankizil.tr\/de\/wp-json\/wp\/v2\/categories?post=7427"},{"taxonomy":"post_tag","embeddable":true,"href":"http:\/\/denizcankizil.tr\/de\/wp-json\/wp\/v2\/tags?post=7427"}],"curies":[{"name":"wp","href":"https:\/\/api.w.org\/{rel}","templated":true}]}}