{"id":72333,"date":"2025-05-01T09:42:21","date_gmt":"2025-05-01T06:42:21","guid":{"rendered":"https:\/\/denizcankizil.tr\/uncategorized-tr\/meteoroloji-uyardi-saganak-yagis-devam-ediyor\/"},"modified":"2025-05-01T09:42:21","modified_gmt":"2025-05-01T06:42:21","slug":"meteoroloji-uyardi-saganak-yagis-devam-ediyor","status":"publish","type":"post","link":"http:\/\/denizcankizil.tr\/de\/haberler\/gundem\/meteoroloji-uyardi-saganak-yagis-devam-ediyor\/","title":{"rendered":"Meteoroloji uyard\u0131! Sa\u011fanak ya\u011f\u0131\u015f devam ediyor"},"content":{"rendered":"<p>Meteoroloji Genel M\u00fcd\u00fcrl\u00fc\u011f\u00fc taraf\u0131ndan yap\u0131lan tahminlere g\u00f6re, yurdun b\u00fcy\u00fck b\u00f6l\u00fcm\u00fcnde sa\u011fanak ya\u011f\u0131\u015f ve g\u00f6k g\u00fcr\u00fclt\u00fcl\u00fc sa\u011fanak etkisini g\u00f6sterecek.ANKARA (\u0130GFA) &#8211;\u00a0Meteoroloji Genel M\u00fcd\u00fcrl\u00fc\u011f\u00fc taraf\u0131ndan yap\u0131lan tahminlere g\u00f6re, yurdun\u00a0genelinin par\u00e7al\u0131 ve \u00e7ok bulutlu, Marmara\u2019n\u0131n bat\u0131s\u0131 ile I\u011fd\u0131r ve Van \u00e7evreleri d\u0131\u015f\u0131nda t\u00fcm yurdun aral\u0131kl\u0131 sa\u011fanak ve g\u00f6k g\u00fcr\u00fclt\u00fcl\u00fc sa\u011fanak ya\u011f\u0131\u015fl\u0131 ge\u00e7ece\u011fi tahmin ediliyor. Ya\u011f\u0131\u015flar\u0131n, G\u00fcney Ege, Akdeniz, \u0130\u00e7 Anadolu\u2019nun kuzeybat\u0131s\u0131, Bat\u0131 Karadeniz\u2019in bat\u0131s\u0131 ile Kocaeli, Sakarya, Bilecik, K\u00fctahya, U\u015fak, Sivas, Tokat \u00e7evreleri, Bursa ve Bal\u0131kesir&#8217;in g\u00fcney kesimleri, Kayseri&#8217;nin g\u00fcney ve do\u011fusunda yerel olmak \u00fczere kuvvetli olmas\u0131 bekleniyor.<\/p>\n<p>R\u00fczgar\u0131n Marmara\u2019da kuzey ve kuzeydo\u011fu, Do\u011fu Akdeniz, \u0130\u00e7 Anadolu\u2019nun do\u011fusu ile Do\u011fu ve G\u00fcney Do\u011fu Anadolu&#8217;da g\u00fcneyli y\u00f6nlerden kuvvetli ve yer yer f\u0131rt\u0131na (40-80 km\/sa) \u015feklinde esece\u011fi tahmin ediliyor. Do\u011fu Anadolu\u2019nun g\u00fcney ve bat\u0131s\u0131 ile G\u00fcneydo\u011fu Anadolu\u2019da toz ta\u015f\u0131n\u0131m\u0131 bekleniyor.<\/p>\n<p>Hava s\u0131cakl\u0131\u011f\u0131n\u0131n mevsim normalleri civar\u0131nda seyredece\u011fi tahmin ediliyor.<br \/>\nR\u00fczgar\u0131n genellikle kuzey ve kuzeydo\u011fu, g\u00fcneydo\u011fu kesimlerde g\u00fcneybat\u0131 y\u00f6nlerden hafif, ara s\u0131ra orta kuvvette, Marmara\u2019da kuzey ve kuzeydo\u011fu, Do\u011fu Akdeniz, \u0130\u00e7 Anadolu\u2019nun do\u011fusu ile Do\u011fu ve G\u00fcneydo\u011fu Anadolu&#8217;da g\u00fcneyli y\u00f6nlerden kuvvetli ve f\u0131rt\u0131na (40-80 km\/sa) \u015feklinde esmesi bekleniyor.<\/p>\n<p>KUVVETL\u0130 YA\u011eI\u015e UYARISI:<br \/>\nYa\u011f\u0131\u015flar\u0131n; G\u00fcney Ege, Akdeniz, \u0130\u00e7 Anadolu\u2019nun kuzeybat\u0131s\u0131, Bat\u0131 Karadeniz\u2019in bat\u0131s\u0131 ile Kocaeli, Sakarya, Bilecik, K\u00fctahya, U\u015fak, Sivas, Tokat \u00e7evreleri, Bursa ve Bal\u0131kesir&#8217;in g\u00fcney kesimleri, Kayseri&#8217;nin g\u00fcney ve do\u011fusunda yerel olmak \u00fczere kuvvetli olmas\u0131 beklendi\u011finden ya\u015fanabilecek olumsuzluklara kar\u015f\u0131 dikkatli ve tedbirli olunmas\u0131 gerekmektedir.<br \/>\nKUVVETL\u0130 R\u00dcZG\u00c2R UYARISI:<br \/>\nR\u00fczg\u00e2r\u0131n, Marmara\u2019da kuzey ve kuzeydo\u011fu, Do\u011fu Akdeniz ile Do\u011fu ve G\u00fcneydo\u011fu Anadolu&#8217;da \u00fcneyli y\u00f6nlerden kuvvetli ve f\u0131rt\u0131na (40-80 km\/sa) \u015feklinde esmesi beklendi\u011finden ya\u015fanabilecek olumsuzluklara kar\u015f\u0131 dikkatli ve tedbirli olunmas\u0131 gerekmektedir.<br \/>\nTOZ TA\u015eINIMI UYARISI:<br \/>\nG\u00fcneydo\u011fu kesimlerde toz ta\u015f\u0131n\u0131m\u0131 beklendi\u011finden meydana gelebilecek olumszuluklara kar\u015f\u0131 dikkatli ve tedbirli olunmal\u0131d\u0131r.<\/p>\n<p>\u200bMeteoroloji Genel M\u00fcd\u00fcrl\u00fc\u011f\u00fc taraf\u0131ndan yap\u0131lan tahminlere g\u00f6re, yurdun b\u00fcy\u00fck b\u00f6l\u00fcm\u00fcnde sa\u011fanak ya\u011f\u0131\u015f ve g\u00f6k g\u00fcr\u00fclt\u00fcl\u00fc sa\u011fanak etkisini g\u00f6sterecek.ANKARA (\u0130GFA) &#8211;\u00a0Meteoroloji Genel M\u00fcd\u00fcrl\u00fc\u011f\u00fc taraf\u0131ndan yap\u0131lan tahminlere g\u00f6re, yurdun\u00a0genelinin par\u00e7al\u0131 ve \u00e7ok bulutlu, Marmara\u2019n\u0131n bat\u0131s\u0131 ile I\u011fd\u0131r ve Van \u00e7evreleri d\u0131\u015f\u0131nda t\u00fcm yurdun aral\u0131kl\u0131 sa\u011fanak ve g\u00f6k g\u00fcr\u00fclt\u00fcl\u00fc sa\u011fanak ya\u011f\u0131\u015fl\u0131 ge\u00e7ece\u011fi tahmin ediliyor. Ya\u011f\u0131\u015flar\u0131n, G\u00fcney Ege, Akdeniz, \u0130\u00e7 Anadolu\u2019nun kuzeybat\u0131s\u0131, Bat\u0131 Karadeniz\u2019in bat\u0131s\u0131 ile Kocaeli, Sakarya, Bilecik, K\u00fctahya, U\u015fak, Sivas, Tokat \u00e7evreleri, Bursa ve Bal\u0131kesir&#8217;in g\u00fcney kesimleri, Kayseri&#8217;nin g\u00fcney ve do\u011fusunda yerel olmak \u00fczere kuvvetli olmas\u0131 bekleniyor.<\/p>\n<p>R\u00fczgar\u0131n Marmara\u2019da kuzey ve kuzeydo\u011fu, Do\u011fu Akdeniz, \u0130\u00e7 Anadolu\u2019nun do\u011fusu ile Do\u011fu ve G\u00fcney Do\u011fu Anadolu&#8217;da g\u00fcneyli y\u00f6nlerden kuvvetli ve yer yer f\u0131rt\u0131na (40-80 km\/sa) \u015feklinde esece\u011fi tahmin ediliyor. Do\u011fu Anadolu\u2019nun g\u00fcney ve bat\u0131s\u0131 ile G\u00fcneydo\u011fu Anadolu\u2019da toz ta\u015f\u0131n\u0131m\u0131 bekleniyor.<\/p>\n<p>Hava s\u0131cakl\u0131\u011f\u0131n\u0131n mevsim normalleri civar\u0131nda seyredece\u011fi tahmin ediliyor.<br \/>\nR\u00fczgar\u0131n genellikle kuzey ve kuzeydo\u011fu, g\u00fcneydo\u011fu kesimlerde g\u00fcneybat\u0131 y\u00f6nlerden hafif, ara s\u0131ra orta kuvvette, Marmara\u2019da kuzey ve kuzeydo\u011fu, Do\u011fu Akdeniz, \u0130\u00e7 Anadolu\u2019nun do\u011fusu ile Do\u011fu ve G\u00fcneydo\u011fu Anadolu&#8217;da g\u00fcneyli y\u00f6nlerden kuvvetli ve f\u0131rt\u0131na (40-80 km\/sa) \u015feklinde esmesi bekleniyor.<\/p>\n<p>KUVVETL\u0130 YA\u011eI\u015e UYARISI:<br \/>\nYa\u011f\u0131\u015flar\u0131n; G\u00fcney Ege, Akdeniz, \u0130\u00e7 Anadolu\u2019nun kuzeybat\u0131s\u0131, Bat\u0131 Karadeniz\u2019in bat\u0131s\u0131 ile Kocaeli, Sakarya, Bilecik, K\u00fctahya, U\u015fak, Sivas, Tokat \u00e7evreleri, Bursa ve Bal\u0131kesir&#8217;in g\u00fcney kesimleri, Kayseri&#8217;nin g\u00fcney ve do\u011fusunda yerel olmak \u00fczere kuvvetli olmas\u0131 beklendi\u011finden ya\u015fanabilecek olumsuzluklara kar\u015f\u0131 dikkatli ve tedbirli olunmas\u0131 gerekmektedir.<br \/>\nKUVVETL\u0130 R\u00dcZG\u00c2R UYARISI:<br \/>\nR\u00fczg\u00e2r\u0131n, Marmara\u2019da kuzey ve kuzeydo\u011fu, Do\u011fu Akdeniz ile Do\u011fu ve G\u00fcneydo\u011fu Anadolu&#8217;da \u00fcneyli y\u00f6nlerden kuvvetli ve f\u0131rt\u0131na (40-80 km\/sa) \u015feklinde esmesi beklendi\u011finden ya\u015fanabilecek olumsuzluklara kar\u015f\u0131 dikkatli ve tedbirli olunmas\u0131 gerekmektedir.<br \/>\nTOZ TA\u015eINIMI UYARISI:<br \/>\nG\u00fcneydo\u011fu kesimlerde toz ta\u015f\u0131n\u0131m\u0131 beklendi\u011finden meydana gelebilecek olumszuluklara kar\u015f\u0131 dikkatli ve tedbirli olunmal\u0131d\u0131r.\u00a0<\/p>\n<p>\u200bHaberin Al\u0131nt\u0131land\u0131\u011f\u0131 Kaynak: www.iskenderun.org<\/p>","protected":false},"excerpt":{"rendered":"<p>Meteoroloji Genel M\u00fcd\u00fcrl\u00fc\u011f\u00fc taraf\u0131ndan yap\u0131lan tahminlere g\u00f6re, yurdun b\u00fcy\u00fck b\u00f6l\u00fcm\u00fcnde sa\u011fanak ya\u011f\u0131\u015f ve g\u00f6k g\u00fcr\u00fclt\u00fcl\u00fc sa\u011fanak etkisini g\u00f6sterecek.ANKARA (\u0130GFA) &#8211;\u00a0Meteoroloji Genel M\u00fcd\u00fcrl\u00fc\u011f\u00fc taraf\u0131ndan yap\u0131lan tahminlere g\u00f6re, yurdun\u00a0genelinin par\u00e7al\u0131 ve \u00e7ok bulutlu, Marmara\u2019n\u0131n bat\u0131s\u0131 ile I\u011fd\u0131r ve Van \u00e7evreleri d\u0131\u015f\u0131nda t\u00fcm yurdun aral\u0131kl\u0131 sa\u011fanak ve g\u00f6k g\u00fcr\u00fclt\u00fcl\u00fc sa\u011fanak ya\u011f\u0131\u015fl\u0131 ge\u00e7ece\u011fi tahmin ediliyor. Ya\u011f\u0131\u015flar\u0131n, G\u00fcney Ege, Akdeniz, \u0130\u00e7 Anadolu\u2019nun kuzeybat\u0131s\u0131, Bat\u0131 Karadeniz\u2019in bat\u0131s\u0131 ile Kocaeli, Sakarya, Bilecik, K\u00fctahya, U\u015fak, Sivas, Tokat \u00e7evreleri, Bursa ve Bal\u0131kesir&#8217;in g\u00fcney kesimleri, Kayseri&#8217;nin g\u00fcney ve do\u011fusunda yerel olmak \u00fczere kuvvetli olmas\u0131 bekleniyor. R\u00fczgar\u0131n Marmara\u2019da kuzey ve kuzeydo\u011fu, Do\u011fu Akdeniz, \u0130\u00e7 Anadolu\u2019nun do\u011fusu ile Do\u011fu ve G\u00fcney Do\u011fu Anadolu&#8217;da g\u00fcneyli y\u00f6nlerden kuvvetli ve yer yer f\u0131rt\u0131na (40-80 km\/sa) \u015feklinde esece\u011fi tahmin ediliyor. Do\u011fu Anadolu\u2019nun g\u00fcney ve bat\u0131s\u0131 ile G\u00fcneydo\u011fu Anadolu\u2019da toz ta\u015f\u0131n\u0131m\u0131 bekleniyor. Hava s\u0131cakl\u0131\u011f\u0131n\u0131n mevsim normalleri civar\u0131nda seyredece\u011fi tahmin ediliyor. R\u00fczgar\u0131n genellikle kuzey ve kuzeydo\u011fu, g\u00fcneydo\u011fu kesimlerde g\u00fcneybat\u0131 y\u00f6nlerden hafif, ara s\u0131ra orta kuvvette, Marmara\u2019da kuzey ve kuzeydo\u011fu, Do\u011fu Akdeniz, \u0130\u00e7 Anadolu\u2019nun do\u011fusu ile Do\u011fu ve G\u00fcneydo\u011fu Anadolu&#8217;da g\u00fcneyli y\u00f6nlerden kuvvetli ve f\u0131rt\u0131na (40-80 km\/sa) \u015feklinde esmesi bekleniyor. KUVVETL\u0130 YA\u011eI\u015e UYARISI: Ya\u011f\u0131\u015flar\u0131n; G\u00fcney Ege, Akdeniz, \u0130\u00e7 Anadolu\u2019nun kuzeybat\u0131s\u0131, Bat\u0131 Karadeniz\u2019in bat\u0131s\u0131 ile Kocaeli, Sakarya, Bilecik, K\u00fctahya, U\u015fak, Sivas, Tokat \u00e7evreleri, Bursa ve Bal\u0131kesir&#8217;in g\u00fcney kesimleri, Kayseri&#8217;nin g\u00fcney &hellip;<\/p>","protected":false},"author":1,"featured_media":0,"comment_status":"","ping_status":"open","sticky":false,"template":"","format":"standard","meta":{"_acf_changed":false,"footnotes":""},"categories":[24],"tags":[],"class_list":["post-72333","post","type-post","status-publish","format-standard","has-post-thumbnail","hentry","category-gundem"],"acf":[],"yoast_head":"<!-- This site is optimized with the Yoast SEO Premium plugin v26.6 (Yoast SEO v27.1.1) - https:\/\/yoast.com\/product\/yoast-seo-premium-wordpress\/ -->\n<title>Meteoroloji uyard\u0131! Sa\u011fanak ya\u011f\u0131\u015f devam ediyor - Av. Deniz Can K\u0131z\u0131l<\/title>\n<meta name=\"robots\" content=\"index, follow, max-snippet:-1, max-image-preview:large, max-video-preview:-1\" \/>\n<link rel=\"canonical\" href=\"https:\/\/denizcankizil.tr\/de\/haberler\/gundem\/meteoroloji-uyardi-saganak-yagis-devam-ediyor\/\" \/>\n<meta property=\"og:locale\" content=\"de_DE\" \/>\n<meta property=\"og:type\" content=\"article\" \/>\n<meta property=\"og:title\" content=\"Meteoroloji uyard\u0131! Sa\u011fanak ya\u011f\u0131\u015f devam ediyor\" \/>\n<meta property=\"og:description\" content=\"Meteoroloji Genel M\u00fcd\u00fcrl\u00fc\u011f\u00fc taraf\u0131ndan yap\u0131lan tahminlere g\u00f6re, yurdun b\u00fcy\u00fck b\u00f6l\u00fcm\u00fcnde sa\u011fanak ya\u011f\u0131\u015f ve g\u00f6k g\u00fcr\u00fclt\u00fcl\u00fc sa\u011fanak etkisini g\u00f6sterecek.ANKARA (\u0130GFA) &#8211;\u00a0Meteoroloji Genel M\u00fcd\u00fcrl\u00fc\u011f\u00fc taraf\u0131ndan yap\u0131lan tahminlere g\u00f6re, yurdun\u00a0genelinin par\u00e7al\u0131 ve \u00e7ok bulutlu, Marmara\u2019n\u0131n bat\u0131s\u0131 ile I\u011fd\u0131r ve Van \u00e7evreleri d\u0131\u015f\u0131nda t\u00fcm yurdun aral\u0131kl\u0131 sa\u011fanak ve g\u00f6k g\u00fcr\u00fclt\u00fcl\u00fc sa\u011fanak ya\u011f\u0131\u015fl\u0131 ge\u00e7ece\u011fi tahmin ediliyor. Ya\u011f\u0131\u015flar\u0131n, G\u00fcney Ege, Akdeniz, \u0130\u00e7 Anadolu\u2019nun kuzeybat\u0131s\u0131, Bat\u0131 Karadeniz\u2019in bat\u0131s\u0131 ile Kocaeli, Sakarya, Bilecik, K\u00fctahya, U\u015fak, Sivas, Tokat \u00e7evreleri, Bursa ve Bal\u0131kesir&#8217;in g\u00fcney kesimleri, Kayseri&#8217;nin g\u00fcney ve do\u011fusunda yerel olmak \u00fczere kuvvetli olmas\u0131 bekleniyor. R\u00fczgar\u0131n Marmara\u2019da kuzey ve kuzeydo\u011fu, Do\u011fu Akdeniz, \u0130\u00e7 Anadolu\u2019nun do\u011fusu ile Do\u011fu ve G\u00fcney Do\u011fu Anadolu&#8217;da g\u00fcneyli y\u00f6nlerden kuvvetli ve yer yer f\u0131rt\u0131na (40-80 km\/sa) \u015feklinde esece\u011fi tahmin ediliyor. Do\u011fu Anadolu\u2019nun g\u00fcney ve bat\u0131s\u0131 ile G\u00fcneydo\u011fu Anadolu\u2019da toz ta\u015f\u0131n\u0131m\u0131 bekleniyor. Hava s\u0131cakl\u0131\u011f\u0131n\u0131n mevsim normalleri civar\u0131nda seyredece\u011fi tahmin ediliyor. R\u00fczgar\u0131n genellikle kuzey ve kuzeydo\u011fu, g\u00fcneydo\u011fu kesimlerde g\u00fcneybat\u0131 y\u00f6nlerden hafif, ara s\u0131ra orta kuvvette, Marmara\u2019da kuzey ve kuzeydo\u011fu, Do\u011fu Akdeniz, \u0130\u00e7 Anadolu\u2019nun do\u011fusu ile Do\u011fu ve G\u00fcneydo\u011fu Anadolu&#8217;da g\u00fcneyli y\u00f6nlerden kuvvetli ve f\u0131rt\u0131na (40-80 km\/sa) \u015feklinde esmesi bekleniyor. KUVVETL\u0130 YA\u011eI\u015e UYARISI: Ya\u011f\u0131\u015flar\u0131n; G\u00fcney Ege, Akdeniz, \u0130\u00e7 Anadolu\u2019nun kuzeybat\u0131s\u0131, Bat\u0131 Karadeniz\u2019in bat\u0131s\u0131 ile Kocaeli, Sakarya, Bilecik, K\u00fctahya, U\u015fak, Sivas, Tokat \u00e7evreleri, Bursa ve Bal\u0131kesir&#8217;in g\u00fcney kesimleri, Kayseri&#8217;nin g\u00fcney &hellip;\" \/>\n<meta property=\"og:url\" content=\"https:\/\/denizcankizil.tr\/de\/haberler\/gundem\/meteoroloji-uyardi-saganak-yagis-devam-ediyor\/\" \/>\n<meta property=\"og:site_name\" content=\"Av. Deniz Can K\u0131z\u0131l\" \/>\n<meta property=\"article:published_time\" content=\"2025-05-01T06:42:21+00:00\" \/>\n<meta name=\"author\" content=\"admin\" \/>\n<meta name=\"twitter:card\" content=\"summary_large_image\" \/>\n<meta name=\"twitter:label1\" content=\"Verfasst von\" \/>\n\t<meta name=\"twitter:data1\" content=\"admin\" \/>\n\t<meta name=\"twitter:label2\" content=\"Gesch\u00e4tzte Lesezeit\" \/>\n\t<meta name=\"twitter:data2\" content=\"4\u00a0Minuten\" \/>\n<script type=\"application\/ld+json\" class=\"yoast-schema-graph\">{\"@context\":\"https:\/\/schema.org\",\"@graph\":[{\"@type\":\"Article\",\"@id\":\"https:\/\/denizcankizil.tr\/ru\/haberler\/gundem\/meteoroloji-uyardi-saganak-yagis-devam-ediyor\/#article\",\"isPartOf\":{\"@id\":\"https:\/\/denizcankizil.tr\/ru\/haberler\/gundem\/meteoroloji-uyardi-saganak-yagis-devam-ediyor\/\"},\"author\":{\"name\":\"admin\",\"@id\":\"https:\/\/denizcankizil.tr\/de\/#\/schema\/person\/be3c05fe6a12686905512445d8185489\"},\"headline\":\"Meteoroloji uyard\u0131! Sa\u011fanak ya\u011f\u0131\u015f devam ediyor\",\"datePublished\":\"2025-05-01T06:42:21+00:00\",\"mainEntityOfPage\":{\"@id\":\"https:\/\/denizcankizil.tr\/ru\/haberler\/gundem\/meteoroloji-uyardi-saganak-yagis-devam-ediyor\/\"},\"wordCount\":847,\"publisher\":{\"@id\":\"https:\/\/denizcankizil.tr\/de\/#organization\"},\"articleSection\":[\"G\u00fcndem\"],\"inLanguage\":\"de\"},{\"@type\":\"WebPage\",\"@id\":\"https:\/\/denizcankizil.tr\/ru\/haberler\/gundem\/meteoroloji-uyardi-saganak-yagis-devam-ediyor\/\",\"url\":\"https:\/\/denizcankizil.tr\/ru\/haberler\/gundem\/meteoroloji-uyardi-saganak-yagis-devam-ediyor\/\",\"name\":\"Meteoroloji uyard\u0131! Sa\u011fanak ya\u011f\u0131\u015f devam ediyor - Av. Deniz Can K\u0131z\u0131l\",\"isPartOf\":{\"@id\":\"https:\/\/denizcankizil.tr\/de\/#website\"},\"datePublished\":\"2025-05-01T06:42:21+00:00\",\"breadcrumb\":{\"@id\":\"https:\/\/denizcankizil.tr\/ru\/haberler\/gundem\/meteoroloji-uyardi-saganak-yagis-devam-ediyor\/#breadcrumb\"},\"inLanguage\":\"de\",\"potentialAction\":[{\"@type\":\"ReadAction\",\"target\":[\"https:\/\/denizcankizil.tr\/ru\/haberler\/gundem\/meteoroloji-uyardi-saganak-yagis-devam-ediyor\/\"]}]},{\"@type\":\"BreadcrumbList\",\"@id\":\"https:\/\/denizcankizil.tr\/ru\/haberler\/gundem\/meteoroloji-uyardi-saganak-yagis-devam-ediyor\/#breadcrumb\",\"itemListElement\":[{\"@type\":\"ListItem\",\"position\":1,\"name\":\"Home\",\"item\":\"https:\/\/denizcankizil.tr\/de\/\"},{\"@type\":\"ListItem\",\"position\":2,\"name\":\"Meteoroloji uyard\u0131! Sa\u011fanak ya\u011f\u0131\u015f devam ediyor\"}]},{\"@type\":\"WebSite\",\"@id\":\"https:\/\/denizcankizil.tr\/de\/#website\",\"url\":\"https:\/\/denizcankizil.tr\/de\/\",\"name\":\"Av. Deniz Can K\u0131z\u0131l\",\"description\":\"Avukat Deniz Can K\u0131z\u0131l Antalya Barosu\",\"publisher\":{\"@id\":\"https:\/\/denizcankizil.tr\/de\/#organization\"},\"potentialAction\":[{\"@type\":\"SearchAction\",\"target\":{\"@type\":\"EntryPoint\",\"urlTemplate\":\"https:\/\/denizcankizil.tr\/de\/?s={search_term_string}\"},\"query-input\":{\"@type\":\"PropertyValueSpecification\",\"valueRequired\":true,\"valueName\":\"search_term_string\"}}],\"inLanguage\":\"de\"},{\"@type\":\"Organization\",\"@id\":\"https:\/\/denizcankizil.tr\/de\/#organization\",\"name\":\"Av. Deniz Can K\u0131z\u0131l\",\"url\":\"https:\/\/denizcankizil.tr\/de\/\",\"logo\":{\"@type\":\"ImageObject\",\"inLanguage\":\"de\",\"@id\":\"https:\/\/denizcankizil.tr\/de\/#\/schema\/logo\/image\/\",\"url\":\"http:\/\/denizcankizil.tr\/wp-content\/uploads\/2024\/10\/siyah-logo-svg.svg\",\"contentUrl\":\"http:\/\/denizcankizil.tr\/wp-content\/uploads\/2024\/10\/siyah-logo-svg.svg\",\"width\":1080,\"height\":1080,\"caption\":\"Av. Deniz Can K\u0131z\u0131l\"},\"image\":{\"@id\":\"https:\/\/denizcankizil.tr\/de\/#\/schema\/logo\/image\/\"}},{\"@type\":\"Person\",\"@id\":\"https:\/\/denizcankizil.tr\/de\/#\/schema\/person\/be3c05fe6a12686905512445d8185489\",\"name\":\"admin\",\"image\":{\"@type\":\"ImageObject\",\"inLanguage\":\"de\",\"@id\":\"https:\/\/denizcankizil.tr\/de\/#\/schema\/person\/image\/\",\"url\":\"https:\/\/secure.gravatar.com\/avatar\/c1fce94c830dc79107e174f890d7210541c4a63e8e5d816341794a2151c9d58c?s=96&d=mm&r=g\",\"contentUrl\":\"https:\/\/secure.gravatar.com\/avatar\/c1fce94c830dc79107e174f890d7210541c4a63e8e5d816341794a2151c9d58c?s=96&d=mm&r=g\",\"caption\":\"admin\"},\"sameAs\":[\"http:\/\/denizcankizil.tr\"],\"url\":\"https:\/\/www.iskenderun.org\/meteoroloji-uyardi-saganak-yagis-devam-ediyor\"}]}<\/script>\n<!-- \/ Yoast SEO Premium plugin. -->","yoast_head_json":{"title":"Meteoroloji uyard\u0131! Sa\u011fanak ya\u011f\u0131\u015f devam ediyor - Av. Deniz Can K\u0131z\u0131l","robots":{"index":"index","follow":"follow","max-snippet":"max-snippet:-1","max-image-preview":"max-image-preview:large","max-video-preview":"max-video-preview:-1"},"canonical":"https:\/\/denizcankizil.tr\/de\/haberler\/gundem\/meteoroloji-uyardi-saganak-yagis-devam-ediyor\/","og_locale":"de_DE","og_type":"article","og_title":"Meteoroloji uyard\u0131! Sa\u011fanak ya\u011f\u0131\u015f devam ediyor","og_description":"Meteoroloji Genel M\u00fcd\u00fcrl\u00fc\u011f\u00fc taraf\u0131ndan yap\u0131lan tahminlere g\u00f6re, yurdun b\u00fcy\u00fck b\u00f6l\u00fcm\u00fcnde sa\u011fanak ya\u011f\u0131\u015f ve g\u00f6k g\u00fcr\u00fclt\u00fcl\u00fc sa\u011fanak etkisini g\u00f6sterecek.ANKARA (\u0130GFA) &#8211;\u00a0Meteoroloji Genel M\u00fcd\u00fcrl\u00fc\u011f\u00fc taraf\u0131ndan yap\u0131lan tahminlere g\u00f6re, yurdun\u00a0genelinin par\u00e7al\u0131 ve \u00e7ok bulutlu, Marmara\u2019n\u0131n bat\u0131s\u0131 ile I\u011fd\u0131r ve Van \u00e7evreleri d\u0131\u015f\u0131nda t\u00fcm yurdun aral\u0131kl\u0131 sa\u011fanak ve g\u00f6k g\u00fcr\u00fclt\u00fcl\u00fc sa\u011fanak ya\u011f\u0131\u015fl\u0131 ge\u00e7ece\u011fi tahmin ediliyor. Ya\u011f\u0131\u015flar\u0131n, G\u00fcney Ege, Akdeniz, \u0130\u00e7 Anadolu\u2019nun kuzeybat\u0131s\u0131, Bat\u0131 Karadeniz\u2019in bat\u0131s\u0131 ile Kocaeli, Sakarya, Bilecik, K\u00fctahya, U\u015fak, Sivas, Tokat \u00e7evreleri, Bursa ve Bal\u0131kesir&#8217;in g\u00fcney kesimleri, Kayseri&#8217;nin g\u00fcney ve do\u011fusunda yerel olmak \u00fczere kuvvetli olmas\u0131 bekleniyor. R\u00fczgar\u0131n Marmara\u2019da kuzey ve kuzeydo\u011fu, Do\u011fu Akdeniz, \u0130\u00e7 Anadolu\u2019nun do\u011fusu ile Do\u011fu ve G\u00fcney Do\u011fu Anadolu&#8217;da g\u00fcneyli y\u00f6nlerden kuvvetli ve yer yer f\u0131rt\u0131na (40-80 km\/sa) \u015feklinde esece\u011fi tahmin ediliyor. Do\u011fu Anadolu\u2019nun g\u00fcney ve bat\u0131s\u0131 ile G\u00fcneydo\u011fu Anadolu\u2019da toz ta\u015f\u0131n\u0131m\u0131 bekleniyor. Hava s\u0131cakl\u0131\u011f\u0131n\u0131n mevsim normalleri civar\u0131nda seyredece\u011fi tahmin ediliyor. R\u00fczgar\u0131n genellikle kuzey ve kuzeydo\u011fu, g\u00fcneydo\u011fu kesimlerde g\u00fcneybat\u0131 y\u00f6nlerden hafif, ara s\u0131ra orta kuvvette, Marmara\u2019da kuzey ve kuzeydo\u011fu, Do\u011fu Akdeniz, \u0130\u00e7 Anadolu\u2019nun do\u011fusu ile Do\u011fu ve G\u00fcneydo\u011fu Anadolu&#8217;da g\u00fcneyli y\u00f6nlerden kuvvetli ve f\u0131rt\u0131na (40-80 km\/sa) \u015feklinde esmesi bekleniyor. KUVVETL\u0130 YA\u011eI\u015e UYARISI: Ya\u011f\u0131\u015flar\u0131n; G\u00fcney Ege, Akdeniz, \u0130\u00e7 Anadolu\u2019nun kuzeybat\u0131s\u0131, Bat\u0131 Karadeniz\u2019in bat\u0131s\u0131 ile Kocaeli, Sakarya, Bilecik, K\u00fctahya, U\u015fak, Sivas, Tokat \u00e7evreleri, Bursa ve Bal\u0131kesir&#8217;in g\u00fcney kesimleri, Kayseri&#8217;nin g\u00fcney &hellip;","og_url":"https:\/\/denizcankizil.tr\/de\/haberler\/gundem\/meteoroloji-uyardi-saganak-yagis-devam-ediyor\/","og_site_name":"Av. Deniz Can K\u0131z\u0131l","article_published_time":"2025-05-01T06:42:21+00:00","author":"admin","twitter_card":"summary_large_image","twitter_misc":{"Verfasst von":"admin","Gesch\u00e4tzte Lesezeit":"4\u00a0Minuten"},"schema":{"@context":"https:\/\/schema.org","@graph":[{"@type":"Article","@id":"https:\/\/denizcankizil.tr\/ru\/haberler\/gundem\/meteoroloji-uyardi-saganak-yagis-devam-ediyor\/#article","isPartOf":{"@id":"https:\/\/denizcankizil.tr\/ru\/haberler\/gundem\/meteoroloji-uyardi-saganak-yagis-devam-ediyor\/"},"author":{"name":"admin","@id":"https:\/\/denizcankizil.tr\/de\/#\/schema\/person\/be3c05fe6a12686905512445d8185489"},"headline":"Meteoroloji uyard\u0131! Sa\u011fanak ya\u011f\u0131\u015f devam ediyor","datePublished":"2025-05-01T06:42:21+00:00","mainEntityOfPage":{"@id":"https:\/\/denizcankizil.tr\/ru\/haberler\/gundem\/meteoroloji-uyardi-saganak-yagis-devam-ediyor\/"},"wordCount":847,"publisher":{"@id":"https:\/\/denizcankizil.tr\/de\/#organization"},"articleSection":["G\u00fcndem"],"inLanguage":"de"},{"@type":"WebPage","@id":"https:\/\/denizcankizil.tr\/ru\/haberler\/gundem\/meteoroloji-uyardi-saganak-yagis-devam-ediyor\/","url":"https:\/\/denizcankizil.tr\/ru\/haberler\/gundem\/meteoroloji-uyardi-saganak-yagis-devam-ediyor\/","name":"Meteoroloji uyard\u0131! Sa\u011fanak ya\u011f\u0131\u015f devam ediyor - Av. Deniz Can K\u0131z\u0131l","isPartOf":{"@id":"https:\/\/denizcankizil.tr\/de\/#website"},"datePublished":"2025-05-01T06:42:21+00:00","breadcrumb":{"@id":"https:\/\/denizcankizil.tr\/ru\/haberler\/gundem\/meteoroloji-uyardi-saganak-yagis-devam-ediyor\/#breadcrumb"},"inLanguage":"de","potentialAction":[{"@type":"ReadAction","target":["https:\/\/denizcankizil.tr\/ru\/haberler\/gundem\/meteoroloji-uyardi-saganak-yagis-devam-ediyor\/"]}]},{"@type":"BreadcrumbList","@id":"https:\/\/denizcankizil.tr\/ru\/haberler\/gundem\/meteoroloji-uyardi-saganak-yagis-devam-ediyor\/#breadcrumb","itemListElement":[{"@type":"ListItem","position":1,"name":"Home","item":"https:\/\/denizcankizil.tr\/de\/"},{"@type":"ListItem","position":2,"name":"Meteoroloji uyard\u0131! Sa\u011fanak ya\u011f\u0131\u015f devam ediyor"}]},{"@type":"WebSite","@id":"https:\/\/denizcankizil.tr\/de\/#website","url":"https:\/\/denizcankizil.tr\/de\/","name":"Av. Deniz Can K\u0131z\u0131l","description":"Avukat Deniz Can K\u0131z\u0131l Antalya Barosu","publisher":{"@id":"https:\/\/denizcankizil.tr\/de\/#organization"},"potentialAction":[{"@type":"SearchAction","target":{"@type":"EntryPoint","urlTemplate":"https:\/\/denizcankizil.tr\/de\/?s={search_term_string}"},"query-input":{"@type":"PropertyValueSpecification","valueRequired":true,"valueName":"search_term_string"}}],"inLanguage":"de"},{"@type":"Organization","@id":"https:\/\/denizcankizil.tr\/de\/#organization","name":"Av. Deniz Can K\u0131z\u0131l","url":"https:\/\/denizcankizil.tr\/de\/","logo":{"@type":"ImageObject","inLanguage":"de","@id":"https:\/\/denizcankizil.tr\/de\/#\/schema\/logo\/image\/","url":"http:\/\/denizcankizil.tr\/wp-content\/uploads\/2024\/10\/siyah-logo-svg.svg","contentUrl":"http:\/\/denizcankizil.tr\/wp-content\/uploads\/2024\/10\/siyah-logo-svg.svg","width":1080,"height":1080,"caption":"Av. Deniz Can K\u0131z\u0131l"},"image":{"@id":"https:\/\/denizcankizil.tr\/de\/#\/schema\/logo\/image\/"}},{"@type":"Person","@id":"https:\/\/denizcankizil.tr\/de\/#\/schema\/person\/be3c05fe6a12686905512445d8185489","name":"Administrator","image":{"@type":"ImageObject","inLanguage":"de","@id":"https:\/\/denizcankizil.tr\/de\/#\/schema\/person\/image\/","url":"https:\/\/secure.gravatar.com\/avatar\/c1fce94c830dc79107e174f890d7210541c4a63e8e5d816341794a2151c9d58c?s=96&d=mm&r=g","contentUrl":"https:\/\/secure.gravatar.com\/avatar\/c1fce94c830dc79107e174f890d7210541c4a63e8e5d816341794a2151c9d58c?s=96&d=mm&r=g","caption":"admin"},"sameAs":["http:\/\/denizcankizil.tr"],"url":"https:\/\/www.iskenderun.org\/meteoroloji-uyardi-saganak-yagis-devam-ediyor"}]}},"_links":{"self":[{"href":"http:\/\/denizcankizil.tr\/de\/wp-json\/wp\/v2\/posts\/72333","targetHints":{"allow":["GET"]}}],"collection":[{"href":"http:\/\/denizcankizil.tr\/de\/wp-json\/wp\/v2\/posts"}],"about":[{"href":"http:\/\/denizcankizil.tr\/de\/wp-json\/wp\/v2\/types\/post"}],"author":[{"embeddable":true,"href":"http:\/\/denizcankizil.tr\/de\/wp-json\/wp\/v2\/users\/1"}],"replies":[{"embeddable":true,"href":"http:\/\/denizcankizil.tr\/de\/wp-json\/wp\/v2\/comments?post=72333"}],"version-history":[{"count":0,"href":"http:\/\/denizcankizil.tr\/de\/wp-json\/wp\/v2\/posts\/72333\/revisions"}],"wp:attachment":[{"href":"http:\/\/denizcankizil.tr\/de\/wp-json\/wp\/v2\/media?parent=72333"}],"wp:term":[{"taxonomy":"category","embeddable":true,"href":"http:\/\/denizcankizil.tr\/de\/wp-json\/wp\/v2\/categories?post=72333"},{"taxonomy":"post_tag","embeddable":true,"href":"http:\/\/denizcankizil.tr\/de\/wp-json\/wp\/v2\/tags?post=72333"}],"curies":[{"name":"wp","href":"https:\/\/api.w.org\/{rel}","templated":true}]}}