{"id":71589,"date":"2025-04-30T16:41:34","date_gmt":"2025-04-30T13:41:34","guid":{"rendered":"https:\/\/denizcankizil.tr\/uncategorized-tr\/akseki-ilcesinde-basibos-kopek-tartismasi-o-imam-hakkinda-sorusturma-baslatildi\/"},"modified":"2025-04-30T16:41:34","modified_gmt":"2025-04-30T13:41:34","slug":"akseki-ilcesinde-basibos-kopek-tartismasi-o-imam-hakkinda-sorusturma-baslatildi","status":"publish","type":"post","link":"http:\/\/denizcankizil.tr\/de\/haberler\/gundem\/akseki-ilcesinde-basibos-kopek-tartismasi-o-imam-hakkinda-sorusturma-baslatildi\/","title":{"rendered":"Akseki il\u00e7esinde ba\u015f\u0131bo\u015f k\u00f6pek tart\u0131\u015fmas\u0131! O imam hakk\u0131nda soru\u015fturma ba\u015flat\u0131ld\u0131\u2026"},"content":{"rendered":"<p>Edinilen bilgiye g\u00f6re Antalya\u2019n\u0131n Akseki il\u00e7esinde sokak k\u00f6pekleri, bir caminin cemaatine sald\u0131rd\u0131. Duruma tepki g\u00f6steren Hayvan Haklar\u0131n\u0131 Koruma Federasyonu (HayFed), cami imam\u0131 hakk\u0131nda Diyanet \u0130\u015fleri Ba\u015fkanl\u0131\u011f\u0131&#8217;na \u015fikayet ba\u015fvurusunda bulundu. Duruma kay\u0131ts\u0131z kalmayan Diyanet \u0130\u015fleri Ba\u015fkanl\u0131\u011f\u0131, o imam hakk\u0131nda idari i\u015flem yapt\u0131. S\u00fcreci yak\u0131ndan takip eden Hayvan Haklar\u0131n\u0131 Koruma Federasyonu, imam hakk\u0131nda soru\u015fturma ba\u015flat\u0131lmas\u0131n\u0131 ve idari i\u015flem yap\u0131lmas\u0131n\u0131 b\u00fcy\u00fck bir kazan\u0131m olarak ilan etti. Hayvan Haklar\u0131n\u0131 Koruma Federasyonu Ba\u015fkan\u0131 Nihal Ayd\u0131n, Akseki&#8217;de ya\u015fanan olay\u0131 yak\u0131ndan takip ettiklerini a\u00e7\u0131klad\u0131.<\/p>\n<p>FEDERASYON A\u00c7IKLAMA YAPTI<\/p>\n<p>Akseki il\u00e7esinde ad\u0131 a\u00e7\u0131klanmayan cami imam\u0131 hakk\u0131nda Diyanet \u0130\u015fleri Ba\u015fkanl\u0131\u011f\u0131\u2019nca ba\u015flat\u0131lan soru\u015fturma kapsam\u0131nda idari i\u015flem yap\u0131ld\u0131. Cami cemaatine sald\u0131rd\u0131\u011f\u0131 iddia edilen sokak k\u00f6peklerini belediyeye bildiren cami imam\u0131 cezaland\u0131r\u0131ld\u0131. Hayvan Haklar\u0131n\u0131 Koruma Federasyonu taraf\u0131ndan konuya ili\u015fkin yap\u0131lan a\u00e7\u0131klamada, &#8220;Antalya&#8217;n\u0131n Akseki il\u00e7esinde cami cemaatine sald\u0131ran ba\u015f\u0131bo\u015f k\u00f6peklerin toplanmas\u0131 i\u00e7in durumu belediyeye bildiren imam hakk\u0131nda \u015fikayet \u00fczerinde Akseki M\u00fcft\u00fcl\u00fc\u011f\u00fc taraf\u0131ndan idari i\u015flem yap\u0131lm\u0131\u015f. Takip\u00e7isi olaca\u011f\u0131z&#8221; denildi.<\/p>\n<p>\u0130DAR\u0130 \u0130\u015eLEME TEPK\u0130LER GELD\u0130<\/p>\n<p>\u0130mam hakk\u0131nda idari i\u015flem yap\u0131lmas\u0131na, baz\u0131 sosyal medya kullan\u0131c\u0131lar\u0131 tepki g\u00f6sterdi. \u0130\u015fte o tepkiler:<\/p>\n<p>\u201cAntalya&#8217;n\u0131n Akseki il\u00e7esinde cami cemaatine sald\u0131ran ba\u015f\u0131bo\u015f k\u00f6peklerin toplanmas\u0131 i\u00e7in belediyeye bildiren imam hakk\u0131nda k\u00f6pek\u00e7i derne\u011fin \u015fikayeti \u00fczerinde Akseki M\u00fcft\u00fcl\u00fc\u011f\u00fc taraf\u0131ndan haks\u0131z ve hukuksuzca idari i\u015flem yap\u0131lm\u0131\u015f. 5199 say\u0131l\u0131 kanun gere\u011fi sahipsiz ba\u015f\u0131bo\u015f k\u00f6peklerin toplanmas\u0131 zorunludur. Bu k\u00f6pekleri yetkililere bildirmek vatanda\u015fl\u0131k g\u00f6revidir. Bu hukuksuz i\u015flem, ba\u015f\u0131bo\u015f k\u00f6peklerin toplanmas\u0131n\u0131 isteyen memurlara kamu g\u00fcc\u00fcn\u00fc istismar ederek alenen sopa g\u00f6stermektir.&#8221;<\/p>\n<p>&#8220;Buna kim hangi c\u00fcrretle cesaret edebiliyor? Bu i\u015flemi yapan Akseki M\u00fcft\u00fcl\u00fc\u011f\u00fc yetkilileri hadlerini a\u015fm\u0131\u015f, a\u00e7\u0131k\u00e7a g\u00f6revi k\u00f6t\u00fcye kullanma su\u00e7u i\u015flemi\u015ftir.&#8221;<\/p>\n<p>&#8220;Akseki&#8217;de \u00f6zerklik mi ilan edildi? T\u00fcrkiye Cumhuriyeti&#8217;nin kanunlar\u0131 Akseki&#8217;de ge\u00e7erli de\u011fil mi? Kim hangi c\u00fcrretle a\u00e7\u0131k\u00e7a kanuna ayk\u0131r\u0131 i\u015flem yapabilir? Buna kim g\u00f6z yumuyor?\u201d<\/p>\n<p>\u200bAntalya&#8217;n\u0131n Akseki il\u00e7esinde cami cemaatine sald\u0131ran ba\u015f\u0131bo\u015f k\u00f6peklerin toplanmas\u0131 i\u00e7in durumu belediyeye bildiren imam hakk\u0131nda, Hayvan Haklar\u0131n\u0131 Koruma Federasyonu\u2019nun \u015fikayeti \u00fczerinde Akseki M\u00fcft\u00fcl\u00fc\u011f\u00fc taraf\u0131ndan idari i\u015flem yap\u0131ld\u0131.\u00a0<\/p>\n<p>\u200bHaberin Al\u0131nt\u0131land\u0131\u011f\u0131 Kaynak: www.antalyakorfez.com<\/p>","protected":false},"excerpt":{"rendered":"<p>Edinilen bilgiye g\u00f6re Antalya\u2019n\u0131n Akseki il\u00e7esinde sokak k\u00f6pekleri, bir caminin cemaatine sald\u0131rd\u0131. Duruma tepki g\u00f6steren Hayvan Haklar\u0131n\u0131 Koruma Federasyonu (HayFed), cami imam\u0131 hakk\u0131nda Diyanet \u0130\u015fleri Ba\u015fkanl\u0131\u011f\u0131&#8217;na \u015fikayet ba\u015fvurusunda bulundu. Duruma kay\u0131ts\u0131z kalmayan Diyanet \u0130\u015fleri Ba\u015fkanl\u0131\u011f\u0131, o imam hakk\u0131nda idari i\u015flem yapt\u0131. S\u00fcreci yak\u0131ndan takip eden Hayvan Haklar\u0131n\u0131 Koruma Federasyonu, imam hakk\u0131nda soru\u015fturma ba\u015flat\u0131lmas\u0131n\u0131 ve idari i\u015flem yap\u0131lmas\u0131n\u0131 b\u00fcy\u00fck bir kazan\u0131m olarak ilan etti. Hayvan Haklar\u0131n\u0131 Koruma Federasyonu Ba\u015fkan\u0131 Nihal Ayd\u0131n, Akseki&#8217;de ya\u015fanan olay\u0131 yak\u0131ndan takip ettiklerini a\u00e7\u0131klad\u0131. FEDERASYON A\u00c7IKLAMA YAPTI Akseki il\u00e7esinde ad\u0131 a\u00e7\u0131klanmayan cami imam\u0131 hakk\u0131nda Diyanet \u0130\u015fleri Ba\u015fkanl\u0131\u011f\u0131\u2019nca ba\u015flat\u0131lan soru\u015fturma kapsam\u0131nda idari i\u015flem yap\u0131ld\u0131. Cami cemaatine sald\u0131rd\u0131\u011f\u0131 iddia edilen sokak k\u00f6peklerini belediyeye bildiren cami imam\u0131 cezaland\u0131r\u0131ld\u0131. Hayvan Haklar\u0131n\u0131 Koruma Federasyonu taraf\u0131ndan konuya ili\u015fkin yap\u0131lan a\u00e7\u0131klamada, &#8220;Antalya&#8217;n\u0131n Akseki il\u00e7esinde cami cemaatine sald\u0131ran ba\u015f\u0131bo\u015f k\u00f6peklerin toplanmas\u0131 i\u00e7in durumu belediyeye bildiren imam hakk\u0131nda \u015fikayet \u00fczerinde Akseki M\u00fcft\u00fcl\u00fc\u011f\u00fc taraf\u0131ndan idari i\u015flem yap\u0131lm\u0131\u015f. Takip\u00e7isi olaca\u011f\u0131z&#8221; denildi. \u0130DAR\u0130 \u0130\u015eLEME TEPK\u0130LER GELD\u0130 \u0130mam hakk\u0131nda idari i\u015flem yap\u0131lmas\u0131na, baz\u0131 sosyal medya kullan\u0131c\u0131lar\u0131 tepki g\u00f6sterdi. \u0130\u015fte o tepkiler: \u201cAntalya&#8217;n\u0131n Akseki il\u00e7esinde cami cemaatine sald\u0131ran ba\u015f\u0131bo\u015f k\u00f6peklerin toplanmas\u0131 i\u00e7in belediyeye bildiren imam hakk\u0131nda k\u00f6pek\u00e7i derne\u011fin \u015fikayeti \u00fczerinde Akseki M\u00fcft\u00fcl\u00fc\u011f\u00fc taraf\u0131ndan haks\u0131z ve hukuksuzca idari i\u015flem yap\u0131lm\u0131\u015f. 5199 say\u0131l\u0131 kanun gere\u011fi sahipsiz ba\u015f\u0131bo\u015f k\u00f6peklerin toplanmas\u0131 zorunludur. Bu k\u00f6pekleri yetkililere &hellip;<\/p>","protected":false},"author":5,"featured_media":0,"comment_status":"","ping_status":"open","sticky":false,"template":"","format":"standard","meta":{"_acf_changed":false,"footnotes":""},"categories":[24],"tags":[],"class_list":["post-71589","post","type-post","status-publish","format-standard","has-post-thumbnail","hentry","category-gundem"],"acf":[],"yoast_head":"<!-- This site is optimized with the Yoast SEO Premium plugin v26.6 (Yoast SEO v27.1.1) - https:\/\/yoast.com\/product\/yoast-seo-premium-wordpress\/ -->\n<title>Akseki il\u00e7esinde ba\u015f\u0131bo\u015f k\u00f6pek tart\u0131\u015fmas\u0131! O imam hakk\u0131nda soru\u015fturma ba\u015flat\u0131ld\u0131\u2026 - Av. Deniz Can K\u0131z\u0131l<\/title>\n<meta name=\"robots\" content=\"index, follow, max-snippet:-1, max-image-preview:large, max-video-preview:-1\" \/>\n<link rel=\"canonical\" href=\"https:\/\/denizcankizil.tr\/de\/haberler\/gundem\/akseki-ilcesinde-basibos-kopek-tartismasi-o-imam-hakkinda-sorusturma-baslatildi\/\" \/>\n<meta property=\"og:locale\" content=\"de_DE\" \/>\n<meta property=\"og:type\" content=\"article\" \/>\n<meta property=\"og:title\" content=\"Akseki il\u00e7esinde ba\u015f\u0131bo\u015f k\u00f6pek tart\u0131\u015fmas\u0131! O imam hakk\u0131nda soru\u015fturma ba\u015flat\u0131ld\u0131\u2026\" \/>\n<meta property=\"og:description\" content=\"Edinilen bilgiye g\u00f6re Antalya\u2019n\u0131n Akseki il\u00e7esinde sokak k\u00f6pekleri, bir caminin cemaatine sald\u0131rd\u0131. Duruma tepki g\u00f6steren Hayvan Haklar\u0131n\u0131 Koruma Federasyonu (HayFed), cami imam\u0131 hakk\u0131nda Diyanet \u0130\u015fleri Ba\u015fkanl\u0131\u011f\u0131&#8217;na \u015fikayet ba\u015fvurusunda bulundu. Duruma kay\u0131ts\u0131z kalmayan Diyanet \u0130\u015fleri Ba\u015fkanl\u0131\u011f\u0131, o imam hakk\u0131nda idari i\u015flem yapt\u0131. S\u00fcreci yak\u0131ndan takip eden Hayvan Haklar\u0131n\u0131 Koruma Federasyonu, imam hakk\u0131nda soru\u015fturma ba\u015flat\u0131lmas\u0131n\u0131 ve idari i\u015flem yap\u0131lmas\u0131n\u0131 b\u00fcy\u00fck bir kazan\u0131m olarak ilan etti. Hayvan Haklar\u0131n\u0131 Koruma Federasyonu Ba\u015fkan\u0131 Nihal Ayd\u0131n, Akseki&#8217;de ya\u015fanan olay\u0131 yak\u0131ndan takip ettiklerini a\u00e7\u0131klad\u0131. FEDERASYON A\u00c7IKLAMA YAPTI Akseki il\u00e7esinde ad\u0131 a\u00e7\u0131klanmayan cami imam\u0131 hakk\u0131nda Diyanet \u0130\u015fleri Ba\u015fkanl\u0131\u011f\u0131\u2019nca ba\u015flat\u0131lan soru\u015fturma kapsam\u0131nda idari i\u015flem yap\u0131ld\u0131. Cami cemaatine sald\u0131rd\u0131\u011f\u0131 iddia edilen sokak k\u00f6peklerini belediyeye bildiren cami imam\u0131 cezaland\u0131r\u0131ld\u0131. Hayvan Haklar\u0131n\u0131 Koruma Federasyonu taraf\u0131ndan konuya ili\u015fkin yap\u0131lan a\u00e7\u0131klamada, &#8220;Antalya&#8217;n\u0131n Akseki il\u00e7esinde cami cemaatine sald\u0131ran ba\u015f\u0131bo\u015f k\u00f6peklerin toplanmas\u0131 i\u00e7in durumu belediyeye bildiren imam hakk\u0131nda \u015fikayet \u00fczerinde Akseki M\u00fcft\u00fcl\u00fc\u011f\u00fc taraf\u0131ndan idari i\u015flem yap\u0131lm\u0131\u015f. Takip\u00e7isi olaca\u011f\u0131z&#8221; denildi. \u0130DAR\u0130 \u0130\u015eLEME TEPK\u0130LER GELD\u0130 \u0130mam hakk\u0131nda idari i\u015flem yap\u0131lmas\u0131na, baz\u0131 sosyal medya kullan\u0131c\u0131lar\u0131 tepki g\u00f6sterdi. \u0130\u015fte o tepkiler: \u201cAntalya&#8217;n\u0131n Akseki il\u00e7esinde cami cemaatine sald\u0131ran ba\u015f\u0131bo\u015f k\u00f6peklerin toplanmas\u0131 i\u00e7in belediyeye bildiren imam hakk\u0131nda k\u00f6pek\u00e7i derne\u011fin \u015fikayeti \u00fczerinde Akseki M\u00fcft\u00fcl\u00fc\u011f\u00fc taraf\u0131ndan haks\u0131z ve hukuksuzca idari i\u015flem yap\u0131lm\u0131\u015f. 5199 say\u0131l\u0131 kanun gere\u011fi sahipsiz ba\u015f\u0131bo\u015f k\u00f6peklerin toplanmas\u0131 zorunludur. Bu k\u00f6pekleri yetkililere &hellip;\" \/>\n<meta property=\"og:url\" content=\"https:\/\/denizcankizil.tr\/de\/haberler\/gundem\/akseki-ilcesinde-basibos-kopek-tartismasi-o-imam-hakkinda-sorusturma-baslatildi\/\" \/>\n<meta property=\"og:site_name\" content=\"Av. Deniz Can K\u0131z\u0131l\" \/>\n<meta property=\"article:published_time\" content=\"2025-04-30T13:41:34+00:00\" \/>\n<meta name=\"author\" content=\"Antalya K\u00f6rfez\" \/>\n<meta name=\"twitter:card\" content=\"summary_large_image\" \/>\n<meta name=\"twitter:label1\" content=\"Verfasst von\" \/>\n\t<meta name=\"twitter:data1\" content=\"Antalya K\u00f6rfez\" \/>\n\t<meta name=\"twitter:label2\" content=\"Gesch\u00e4tzte Lesezeit\" \/>\n\t<meta name=\"twitter:data2\" content=\"2\u00a0Minuten\" \/>\n<script type=\"application\/ld+json\" class=\"yoast-schema-graph\">{\"@context\":\"https:\/\/schema.org\",\"@graph\":[{\"@type\":\"Article\",\"@id\":\"https:\/\/denizcankizil.tr\/en\/haberler\/gundem\/akseki-ilcesinde-basibos-kopek-tartismasi-o-imam-hakkinda-sorusturma-baslatildi\/#article\",\"isPartOf\":{\"@id\":\"https:\/\/denizcankizil.tr\/en\/haberler\/gundem\/akseki-ilcesinde-basibos-kopek-tartismasi-o-imam-hakkinda-sorusturma-baslatildi\/\"},\"author\":{\"name\":\"Antalya K\u00f6rfez\",\"@id\":\"https:\/\/denizcankizil.tr\/de\/#\/schema\/person\/e1eb71bb4dd684d46563f0af307e1234\"},\"headline\":\"Akseki il\u00e7esinde ba\u015f\u0131bo\u015f k\u00f6pek tart\u0131\u015fmas\u0131! O imam hakk\u0131nda soru\u015fturma ba\u015flat\u0131ld\u0131\u2026\",\"datePublished\":\"2025-04-30T13:41:34+00:00\",\"mainEntityOfPage\":{\"@id\":\"https:\/\/denizcankizil.tr\/en\/haberler\/gundem\/akseki-ilcesinde-basibos-kopek-tartismasi-o-imam-hakkinda-sorusturma-baslatildi\/\"},\"wordCount\":468,\"publisher\":{\"@id\":\"https:\/\/denizcankizil.tr\/de\/#organization\"},\"articleSection\":[\"G\u00fcndem\"],\"inLanguage\":\"de\"},{\"@type\":\"WebPage\",\"@id\":\"https:\/\/denizcankizil.tr\/en\/haberler\/gundem\/akseki-ilcesinde-basibos-kopek-tartismasi-o-imam-hakkinda-sorusturma-baslatildi\/\",\"url\":\"https:\/\/denizcankizil.tr\/en\/haberler\/gundem\/akseki-ilcesinde-basibos-kopek-tartismasi-o-imam-hakkinda-sorusturma-baslatildi\/\",\"name\":\"Akseki il\u00e7esinde ba\u015f\u0131bo\u015f k\u00f6pek tart\u0131\u015fmas\u0131! O imam hakk\u0131nda soru\u015fturma ba\u015flat\u0131ld\u0131\u2026 - Av. Deniz Can K\u0131z\u0131l\",\"isPartOf\":{\"@id\":\"https:\/\/denizcankizil.tr\/de\/#website\"},\"datePublished\":\"2025-04-30T13:41:34+00:00\",\"breadcrumb\":{\"@id\":\"https:\/\/denizcankizil.tr\/en\/haberler\/gundem\/akseki-ilcesinde-basibos-kopek-tartismasi-o-imam-hakkinda-sorusturma-baslatildi\/#breadcrumb\"},\"inLanguage\":\"de\",\"potentialAction\":[{\"@type\":\"ReadAction\",\"target\":[\"https:\/\/denizcankizil.tr\/en\/haberler\/gundem\/akseki-ilcesinde-basibos-kopek-tartismasi-o-imam-hakkinda-sorusturma-baslatildi\/\"]}]},{\"@type\":\"BreadcrumbList\",\"@id\":\"https:\/\/denizcankizil.tr\/en\/haberler\/gundem\/akseki-ilcesinde-basibos-kopek-tartismasi-o-imam-hakkinda-sorusturma-baslatildi\/#breadcrumb\",\"itemListElement\":[{\"@type\":\"ListItem\",\"position\":1,\"name\":\"Home\",\"item\":\"https:\/\/denizcankizil.tr\/de\/\"},{\"@type\":\"ListItem\",\"position\":2,\"name\":\"Akseki il\u00e7esinde ba\u015f\u0131bo\u015f k\u00f6pek tart\u0131\u015fmas\u0131! O imam hakk\u0131nda soru\u015fturma ba\u015flat\u0131ld\u0131\u2026\"}]},{\"@type\":\"WebSite\",\"@id\":\"https:\/\/denizcankizil.tr\/de\/#website\",\"url\":\"https:\/\/denizcankizil.tr\/de\/\",\"name\":\"Av. Deniz Can K\u0131z\u0131l\",\"description\":\"Avukat Deniz Can K\u0131z\u0131l Antalya Barosu\",\"publisher\":{\"@id\":\"https:\/\/denizcankizil.tr\/de\/#organization\"},\"potentialAction\":[{\"@type\":\"SearchAction\",\"target\":{\"@type\":\"EntryPoint\",\"urlTemplate\":\"https:\/\/denizcankizil.tr\/de\/?s={search_term_string}\"},\"query-input\":{\"@type\":\"PropertyValueSpecification\",\"valueRequired\":true,\"valueName\":\"search_term_string\"}}],\"inLanguage\":\"de\"},{\"@type\":\"Organization\",\"@id\":\"https:\/\/denizcankizil.tr\/de\/#organization\",\"name\":\"Av. Deniz Can K\u0131z\u0131l\",\"url\":\"https:\/\/denizcankizil.tr\/de\/\",\"logo\":{\"@type\":\"ImageObject\",\"inLanguage\":\"de\",\"@id\":\"https:\/\/denizcankizil.tr\/de\/#\/schema\/logo\/image\/\",\"url\":\"http:\/\/denizcankizil.tr\/wp-content\/uploads\/2024\/10\/siyah-logo-svg.svg\",\"contentUrl\":\"http:\/\/denizcankizil.tr\/wp-content\/uploads\/2024\/10\/siyah-logo-svg.svg\",\"width\":1080,\"height\":1080,\"caption\":\"Av. Deniz Can K\u0131z\u0131l\"},\"image\":{\"@id\":\"https:\/\/denizcankizil.tr\/de\/#\/schema\/logo\/image\/\"}},{\"@type\":\"Person\",\"@id\":\"https:\/\/denizcankizil.tr\/de\/#\/schema\/person\/e1eb71bb4dd684d46563f0af307e1234\",\"name\":\"Antalya K\u00f6rfez\",\"image\":{\"@type\":\"ImageObject\",\"inLanguage\":\"de\",\"@id\":\"https:\/\/denizcankizil.tr\/de\/#\/schema\/person\/image\/\",\"url\":\"https:\/\/secure.gravatar.com\/avatar\/42b01982558a48a0b501fdcab6a408d3717ea5919095ee2e67b0e521799c5905?s=96&d=mm&r=g\",\"contentUrl\":\"https:\/\/secure.gravatar.com\/avatar\/42b01982558a48a0b501fdcab6a408d3717ea5919095ee2e67b0e521799c5905?s=96&d=mm&r=g\",\"caption\":\"Antalya K\u00f6rfez\"},\"sameAs\":[\"http:\/\/www.antalyakorfez.com\"],\"url\":\"https:\/\/www.antalyakorfez.com\/akseki-ilcesinde-basibos-kopek-tartismasi-o-imam-hakkinda-sorusturma-baslatildi\"}]}<\/script>\n<!-- \/ Yoast SEO Premium plugin. -->","yoast_head_json":{"title":"Akseki il\u00e7esinde ba\u015f\u0131bo\u015f k\u00f6pek tart\u0131\u015fmas\u0131! O imam hakk\u0131nda soru\u015fturma ba\u015flat\u0131ld\u0131\u2026 - Av. Deniz Can K\u0131z\u0131l","robots":{"index":"index","follow":"follow","max-snippet":"max-snippet:-1","max-image-preview":"max-image-preview:large","max-video-preview":"max-video-preview:-1"},"canonical":"https:\/\/denizcankizil.tr\/de\/haberler\/gundem\/akseki-ilcesinde-basibos-kopek-tartismasi-o-imam-hakkinda-sorusturma-baslatildi\/","og_locale":"de_DE","og_type":"article","og_title":"Akseki il\u00e7esinde ba\u015f\u0131bo\u015f k\u00f6pek tart\u0131\u015fmas\u0131! O imam hakk\u0131nda soru\u015fturma ba\u015flat\u0131ld\u0131\u2026","og_description":"Edinilen bilgiye g\u00f6re Antalya\u2019n\u0131n Akseki il\u00e7esinde sokak k\u00f6pekleri, bir caminin cemaatine sald\u0131rd\u0131. Duruma tepki g\u00f6steren Hayvan Haklar\u0131n\u0131 Koruma Federasyonu (HayFed), cami imam\u0131 hakk\u0131nda Diyanet \u0130\u015fleri Ba\u015fkanl\u0131\u011f\u0131&#8217;na \u015fikayet ba\u015fvurusunda bulundu. Duruma kay\u0131ts\u0131z kalmayan Diyanet \u0130\u015fleri Ba\u015fkanl\u0131\u011f\u0131, o imam hakk\u0131nda idari i\u015flem yapt\u0131. S\u00fcreci yak\u0131ndan takip eden Hayvan Haklar\u0131n\u0131 Koruma Federasyonu, imam hakk\u0131nda soru\u015fturma ba\u015flat\u0131lmas\u0131n\u0131 ve idari i\u015flem yap\u0131lmas\u0131n\u0131 b\u00fcy\u00fck bir kazan\u0131m olarak ilan etti. Hayvan Haklar\u0131n\u0131 Koruma Federasyonu Ba\u015fkan\u0131 Nihal Ayd\u0131n, Akseki&#8217;de ya\u015fanan olay\u0131 yak\u0131ndan takip ettiklerini a\u00e7\u0131klad\u0131. FEDERASYON A\u00c7IKLAMA YAPTI Akseki il\u00e7esinde ad\u0131 a\u00e7\u0131klanmayan cami imam\u0131 hakk\u0131nda Diyanet \u0130\u015fleri Ba\u015fkanl\u0131\u011f\u0131\u2019nca ba\u015flat\u0131lan soru\u015fturma kapsam\u0131nda idari i\u015flem yap\u0131ld\u0131. Cami cemaatine sald\u0131rd\u0131\u011f\u0131 iddia edilen sokak k\u00f6peklerini belediyeye bildiren cami imam\u0131 cezaland\u0131r\u0131ld\u0131. Hayvan Haklar\u0131n\u0131 Koruma Federasyonu taraf\u0131ndan konuya ili\u015fkin yap\u0131lan a\u00e7\u0131klamada, &#8220;Antalya&#8217;n\u0131n Akseki il\u00e7esinde cami cemaatine sald\u0131ran ba\u015f\u0131bo\u015f k\u00f6peklerin toplanmas\u0131 i\u00e7in durumu belediyeye bildiren imam hakk\u0131nda \u015fikayet \u00fczerinde Akseki M\u00fcft\u00fcl\u00fc\u011f\u00fc taraf\u0131ndan idari i\u015flem yap\u0131lm\u0131\u015f. Takip\u00e7isi olaca\u011f\u0131z&#8221; denildi. \u0130DAR\u0130 \u0130\u015eLEME TEPK\u0130LER GELD\u0130 \u0130mam hakk\u0131nda idari i\u015flem yap\u0131lmas\u0131na, baz\u0131 sosyal medya kullan\u0131c\u0131lar\u0131 tepki g\u00f6sterdi. \u0130\u015fte o tepkiler: \u201cAntalya&#8217;n\u0131n Akseki il\u00e7esinde cami cemaatine sald\u0131ran ba\u015f\u0131bo\u015f k\u00f6peklerin toplanmas\u0131 i\u00e7in belediyeye bildiren imam hakk\u0131nda k\u00f6pek\u00e7i derne\u011fin \u015fikayeti \u00fczerinde Akseki M\u00fcft\u00fcl\u00fc\u011f\u00fc taraf\u0131ndan haks\u0131z ve hukuksuzca idari i\u015flem yap\u0131lm\u0131\u015f. 5199 say\u0131l\u0131 kanun gere\u011fi sahipsiz ba\u015f\u0131bo\u015f k\u00f6peklerin toplanmas\u0131 zorunludur. Bu k\u00f6pekleri yetkililere &hellip;","og_url":"https:\/\/denizcankizil.tr\/de\/haberler\/gundem\/akseki-ilcesinde-basibos-kopek-tartismasi-o-imam-hakkinda-sorusturma-baslatildi\/","og_site_name":"Av. Deniz Can K\u0131z\u0131l","article_published_time":"2025-04-30T13:41:34+00:00","author":"Antalya K\u00f6rfez","twitter_card":"summary_large_image","twitter_misc":{"Verfasst von":"Antalya K\u00f6rfez","Gesch\u00e4tzte Lesezeit":"2\u00a0Minuten"},"schema":{"@context":"https:\/\/schema.org","@graph":[{"@type":"Article","@id":"https:\/\/denizcankizil.tr\/en\/haberler\/gundem\/akseki-ilcesinde-basibos-kopek-tartismasi-o-imam-hakkinda-sorusturma-baslatildi\/#article","isPartOf":{"@id":"https:\/\/denizcankizil.tr\/en\/haberler\/gundem\/akseki-ilcesinde-basibos-kopek-tartismasi-o-imam-hakkinda-sorusturma-baslatildi\/"},"author":{"name":"Antalya K\u00f6rfez","@id":"https:\/\/denizcankizil.tr\/de\/#\/schema\/person\/e1eb71bb4dd684d46563f0af307e1234"},"headline":"Akseki il\u00e7esinde ba\u015f\u0131bo\u015f k\u00f6pek tart\u0131\u015fmas\u0131! O imam hakk\u0131nda soru\u015fturma ba\u015flat\u0131ld\u0131\u2026","datePublished":"2025-04-30T13:41:34+00:00","mainEntityOfPage":{"@id":"https:\/\/denizcankizil.tr\/en\/haberler\/gundem\/akseki-ilcesinde-basibos-kopek-tartismasi-o-imam-hakkinda-sorusturma-baslatildi\/"},"wordCount":468,"publisher":{"@id":"https:\/\/denizcankizil.tr\/de\/#organization"},"articleSection":["G\u00fcndem"],"inLanguage":"de"},{"@type":"WebPage","@id":"https:\/\/denizcankizil.tr\/en\/haberler\/gundem\/akseki-ilcesinde-basibos-kopek-tartismasi-o-imam-hakkinda-sorusturma-baslatildi\/","url":"https:\/\/denizcankizil.tr\/en\/haberler\/gundem\/akseki-ilcesinde-basibos-kopek-tartismasi-o-imam-hakkinda-sorusturma-baslatildi\/","name":"Akseki il\u00e7esinde ba\u015f\u0131bo\u015f k\u00f6pek tart\u0131\u015fmas\u0131! O imam hakk\u0131nda soru\u015fturma ba\u015flat\u0131ld\u0131\u2026 - Av. Deniz Can K\u0131z\u0131l","isPartOf":{"@id":"https:\/\/denizcankizil.tr\/de\/#website"},"datePublished":"2025-04-30T13:41:34+00:00","breadcrumb":{"@id":"https:\/\/denizcankizil.tr\/en\/haberler\/gundem\/akseki-ilcesinde-basibos-kopek-tartismasi-o-imam-hakkinda-sorusturma-baslatildi\/#breadcrumb"},"inLanguage":"de","potentialAction":[{"@type":"ReadAction","target":["https:\/\/denizcankizil.tr\/en\/haberler\/gundem\/akseki-ilcesinde-basibos-kopek-tartismasi-o-imam-hakkinda-sorusturma-baslatildi\/"]}]},{"@type":"BreadcrumbList","@id":"https:\/\/denizcankizil.tr\/en\/haberler\/gundem\/akseki-ilcesinde-basibos-kopek-tartismasi-o-imam-hakkinda-sorusturma-baslatildi\/#breadcrumb","itemListElement":[{"@type":"ListItem","position":1,"name":"Home","item":"https:\/\/denizcankizil.tr\/de\/"},{"@type":"ListItem","position":2,"name":"Akseki il\u00e7esinde ba\u015f\u0131bo\u015f k\u00f6pek tart\u0131\u015fmas\u0131! O imam hakk\u0131nda soru\u015fturma ba\u015flat\u0131ld\u0131\u2026"}]},{"@type":"WebSite","@id":"https:\/\/denizcankizil.tr\/de\/#website","url":"https:\/\/denizcankizil.tr\/de\/","name":"Av. Deniz Can K\u0131z\u0131l","description":"Avukat Deniz Can K\u0131z\u0131l Antalya Barosu","publisher":{"@id":"https:\/\/denizcankizil.tr\/de\/#organization"},"potentialAction":[{"@type":"SearchAction","target":{"@type":"EntryPoint","urlTemplate":"https:\/\/denizcankizil.tr\/de\/?s={search_term_string}"},"query-input":{"@type":"PropertyValueSpecification","valueRequired":true,"valueName":"search_term_string"}}],"inLanguage":"de"},{"@type":"Organization","@id":"https:\/\/denizcankizil.tr\/de\/#organization","name":"Av. Deniz Can K\u0131z\u0131l","url":"https:\/\/denizcankizil.tr\/de\/","logo":{"@type":"ImageObject","inLanguage":"de","@id":"https:\/\/denizcankizil.tr\/de\/#\/schema\/logo\/image\/","url":"http:\/\/denizcankizil.tr\/wp-content\/uploads\/2024\/10\/siyah-logo-svg.svg","contentUrl":"http:\/\/denizcankizil.tr\/wp-content\/uploads\/2024\/10\/siyah-logo-svg.svg","width":1080,"height":1080,"caption":"Av. Deniz Can K\u0131z\u0131l"},"image":{"@id":"https:\/\/denizcankizil.tr\/de\/#\/schema\/logo\/image\/"}},{"@type":"Person","@id":"https:\/\/denizcankizil.tr\/de\/#\/schema\/person\/e1eb71bb4dd684d46563f0af307e1234","name":"Antalya K\u00f6rfez","image":{"@type":"ImageObject","inLanguage":"de","@id":"https:\/\/denizcankizil.tr\/de\/#\/schema\/person\/image\/","url":"https:\/\/secure.gravatar.com\/avatar\/42b01982558a48a0b501fdcab6a408d3717ea5919095ee2e67b0e521799c5905?s=96&d=mm&r=g","contentUrl":"https:\/\/secure.gravatar.com\/avatar\/42b01982558a48a0b501fdcab6a408d3717ea5919095ee2e67b0e521799c5905?s=96&d=mm&r=g","caption":"Antalya K\u00f6rfez"},"sameAs":["http:\/\/www.antalyakorfez.com"],"url":"https:\/\/www.antalyakorfez.com\/akseki-ilcesinde-basibos-kopek-tartismasi-o-imam-hakkinda-sorusturma-baslatildi"}]}},"_links":{"self":[{"href":"http:\/\/denizcankizil.tr\/de\/wp-json\/wp\/v2\/posts\/71589","targetHints":{"allow":["GET"]}}],"collection":[{"href":"http:\/\/denizcankizil.tr\/de\/wp-json\/wp\/v2\/posts"}],"about":[{"href":"http:\/\/denizcankizil.tr\/de\/wp-json\/wp\/v2\/types\/post"}],"author":[{"embeddable":true,"href":"http:\/\/denizcankizil.tr\/de\/wp-json\/wp\/v2\/users\/5"}],"replies":[{"embeddable":true,"href":"http:\/\/denizcankizil.tr\/de\/wp-json\/wp\/v2\/comments?post=71589"}],"version-history":[{"count":0,"href":"http:\/\/denizcankizil.tr\/de\/wp-json\/wp\/v2\/posts\/71589\/revisions"}],"wp:attachment":[{"href":"http:\/\/denizcankizil.tr\/de\/wp-json\/wp\/v2\/media?parent=71589"}],"wp:term":[{"taxonomy":"category","embeddable":true,"href":"http:\/\/denizcankizil.tr\/de\/wp-json\/wp\/v2\/categories?post=71589"},{"taxonomy":"post_tag","embeddable":true,"href":"http:\/\/denizcankizil.tr\/de\/wp-json\/wp\/v2\/tags?post=71589"}],"curies":[{"name":"wp","href":"https:\/\/api.w.org\/{rel}","templated":true}]}}