{"id":71472,"date":"2025-04-30T13:42:59","date_gmt":"2025-04-30T10:42:59","guid":{"rendered":"https:\/\/denizcankizil.tr\/uncategorized-tr\/malatya-yenice-mahallesinde-icme-suyu-altyapisi-gucleniyor\/"},"modified":"2025-04-30T13:42:59","modified_gmt":"2025-04-30T10:42:59","slug":"malatya-yenice-mahallesinde-icme-suyu-altyapisi-gucleniyor","status":"publish","type":"post","link":"http:\/\/denizcankizil.tr\/de\/haberler\/gundem\/malatya-yenice-mahallesinde-icme-suyu-altyapisi-gucleniyor\/","title":{"rendered":"Malatya Yenice Mahallesi\u2019nde i\u00e7me suyu altyap\u0131s\u0131 g\u00fc\u00e7leniyor"},"content":{"rendered":"<p>Malatya B\u00fcy\u00fck\u015fehir Belediyesi Su ve Kanalizasyon \u0130daresi (MASK\u0130) Genel M\u00fcd\u00fcrl\u00fc\u011f\u00fc, Battalgazi \u0130l\u00e7esiYenice Mahallesi\u2019nde i\u00e7me suyu altyap\u0131s\u0131n\u0131 g\u00fc\u00e7lendirme \u00e7al\u0131\u015fmalar\u0131n\u0131 aral\u0131ks\u0131z s\u00fcrd\u00fcr\u00fcyor.MALATYA (\u0130GFA) &#8211; Altyap\u0131 yat\u0131r\u0131mlar\u0131 kapsam\u0131nda mahallede toplam 4 bin metre uzunlu\u011fundaki i\u00e7me suyu \u015febeke hatt\u0131n\u0131n 2 bin 145 metrelik k\u0131sm\u0131 tamamland\u0131.<br \/>\nMuhtar Ya\u015far Ekin: \u201cMahallemize Yap\u0131lan \u00c7al\u0131\u015fmalardan Memnunuz\u201d<br \/>\n\u00c7al\u0131\u015fmalardan duydu\u011fu memnuniyeti dile getiren Yenice Mahallesi Muhtar\u0131 Ya\u015far Ekin, \u201c\u0130\u00e7me suyu hatlar\u0131m\u0131zdaki ar\u0131zalardan dolay\u0131, hatlar\u0131m\u0131z\u0131 yeniliyorlar. Malatya B\u00fcy\u00fck\u015fehir Belediye Ba\u015fkan\u0131m\u0131z Say\u0131nSami Er\u2019e,MASK\u0130 Genel M\u00fcd\u00fcr\u00fcm\u00fcz Sinan \u00c7e\u00e7en\u2019e \u00e7ok te\u015fekk\u00fcr ediyorum. Sa\u011f olsunlar, var olsunlar; bu dar g\u00fcnlerde hatlar\u0131m\u0131z\u0131 yenilediler\u201d dedi.<br \/>\nMASK\u0130 Genel M\u00fcd\u00fcr\u00fc Sinan \u00c7e\u00e7en: \u201cYenice Mahallesi\u2019ne Modern \u0130\u00e7me Suyu Altyap\u0131s\u0131\u201d<br \/>\n\u00c7al\u0131\u015fmalar\u0131n h\u0131zla devam etti\u011fini belirten MASK\u0130 Genel M\u00fcd\u00fcr\u00fc Sinan \u00c7e\u00e7en \u201cMASK\u0130 Genel M\u00fcd\u00fcrl\u00fc\u011f\u00fc olarak, Battalgazi \u0130l\u00e7emize ba\u011fl\u0131 Yenice Mahallesi\u2019nde i\u00e7me suyu altyap\u0131s\u0131n\u0131 g\u00fc\u00e7lendirme \u00e7al\u0131\u015fmalar\u0131m\u0131z\u0131 kararl\u0131l\u0131kla s\u00fcrd\u00fcr\u00fcyoruz. Toplam 4 bin metre uzunlu\u011funda planlanan i\u00e7me suyu \u015febeke hatt\u0131m\u0131z\u0131n, \u015fu ana kadar 2 bin 145 metrelik k\u0131sm\u0131n\u0131 tamamlad\u0131k. \u00c7al\u0131\u015fmalar\u0131m\u0131z aral\u0131ks\u0131z devam etmektedir. Bu yat\u0131r\u0131m, vatanda\u015flar\u0131m\u0131z\u0131n sa\u011fl\u0131kl\u0131, kesintisiz ve g\u00fcvenli i\u00e7me suyuna eri\u015fimini sa\u011flamak amac\u0131yla b\u00fcy\u00fck bir titizlikle y\u00fcr\u00fct\u00fclmektedir. Mahalle sakinlerimizin g\u00fcnl\u00fck ya\u015fam kalitesini art\u0131rmay\u0131 hedefleyen bu \u00e7al\u0131\u015fmalarla birlikte, uzun y\u0131llar boyunca ihtiya\u00e7lara cevap verecek modern bir altyap\u0131 sistemini hayata ge\u00e7iriyoruz. MASK\u0130 Genel M\u00fcd\u00fcrl\u00fc\u011f\u00fc olarak altyap\u0131 hizmetlerinde s\u00fcrd\u00fcr\u00fclebilirlik ve kaliteyi \u00f6n planda tutuyor, Malatya\u2019m\u0131z\u0131n her k\u00f6\u015fesine ayn\u0131 \u00f6zenle hizmet ula\u015ft\u0131rmaya devam ediyoruz. Yenice Mahallesi sakinlerine g\u00f6sterdikleri sab\u0131r ve anlay\u0131\u015f i\u00e7in te\u015fekk\u00fcr ediyor, \u00e7al\u0131\u015fmalar\u0131 en k\u0131sa s\u00fcrede tamamlayarak hizmete sunaca\u011f\u0131m\u0131z\u0131 belirtmek istiyorum.\u201d dedi.<\/p>\n<p>\u200bMalatya B\u00fcy\u00fck\u015fehir Belediyesi Su ve Kanalizasyon \u0130daresi (MASK\u0130) Genel M\u00fcd\u00fcrl\u00fc\u011f\u00fc, Battalgazi \u0130l\u00e7esiYenice Mahallesi\u2019nde i\u00e7me suyu altyap\u0131s\u0131n\u0131 g\u00fc\u00e7lendirme \u00e7al\u0131\u015fmalar\u0131n\u0131 aral\u0131ks\u0131z s\u00fcrd\u00fcr\u00fcyor.MALATYA (\u0130GFA) &#8211; Altyap\u0131 yat\u0131r\u0131mlar\u0131 kapsam\u0131nda mahallede toplam 4 bin metre uzunlu\u011fundaki i\u00e7me suyu \u015febeke hatt\u0131n\u0131n 2 bin 145 metrelik k\u0131sm\u0131 tamamland\u0131.<br \/>\nMuhtar Ya\u015far Ekin: \u201cMahallemize Yap\u0131lan \u00c7al\u0131\u015fmalardan Memnunuz\u201d<br \/>\n\u00c7al\u0131\u015fmalardan duydu\u011fu memnuniyeti dile getiren Yenice Mahallesi Muhtar\u0131 Ya\u015far Ekin, \u201c\u0130\u00e7me suyu hatlar\u0131m\u0131zdaki ar\u0131zalardan dolay\u0131, hatlar\u0131m\u0131z\u0131 yeniliyorlar. Malatya B\u00fcy\u00fck\u015fehir Belediye Ba\u015fkan\u0131m\u0131z Say\u0131nSami Er\u2019e,MASK\u0130 Genel M\u00fcd\u00fcr\u00fcm\u00fcz Sinan \u00c7e\u00e7en\u2019e \u00e7ok te\u015fekk\u00fcr ediyorum. Sa\u011f olsunlar, var olsunlar; bu dar g\u00fcnlerde hatlar\u0131m\u0131z\u0131 yenilediler\u201d dedi.<br \/>\nMASK\u0130 Genel M\u00fcd\u00fcr\u00fc Sinan \u00c7e\u00e7en: \u201cYenice Mahallesi\u2019ne Modern \u0130\u00e7me Suyu Altyap\u0131s\u0131\u201d<br \/>\n\u00c7al\u0131\u015fmalar\u0131n h\u0131zla devam etti\u011fini belirten MASK\u0130 Genel M\u00fcd\u00fcr\u00fc Sinan \u00c7e\u00e7en \u201cMASK\u0130 Genel M\u00fcd\u00fcrl\u00fc\u011f\u00fc olarak, Battalgazi \u0130l\u00e7emize ba\u011fl\u0131 Yenice Mahallesi\u2019nde i\u00e7me suyu altyap\u0131s\u0131n\u0131 g\u00fc\u00e7lendirme \u00e7al\u0131\u015fmalar\u0131m\u0131z\u0131 kararl\u0131l\u0131kla s\u00fcrd\u00fcr\u00fcyoruz. Toplam 4 bin metre uzunlu\u011funda planlanan i\u00e7me suyu \u015febeke hatt\u0131m\u0131z\u0131n, \u015fu ana kadar 2 bin 145 metrelik k\u0131sm\u0131n\u0131 tamamlad\u0131k. \u00c7al\u0131\u015fmalar\u0131m\u0131z aral\u0131ks\u0131z devam etmektedir. Bu yat\u0131r\u0131m, vatanda\u015flar\u0131m\u0131z\u0131n sa\u011fl\u0131kl\u0131, kesintisiz ve g\u00fcvenli i\u00e7me suyuna eri\u015fimini sa\u011flamak amac\u0131yla b\u00fcy\u00fck bir titizlikle y\u00fcr\u00fct\u00fclmektedir. Mahalle sakinlerimizin g\u00fcnl\u00fck ya\u015fam kalitesini art\u0131rmay\u0131 hedefleyen bu \u00e7al\u0131\u015fmalarla birlikte, uzun y\u0131llar boyunca ihtiya\u00e7lara cevap verecek modern bir altyap\u0131 sistemini hayata ge\u00e7iriyoruz. MASK\u0130 Genel M\u00fcd\u00fcrl\u00fc\u011f\u00fc olarak altyap\u0131 hizmetlerinde s\u00fcrd\u00fcr\u00fclebilirlik ve kaliteyi \u00f6n planda tutuyor, Malatya\u2019m\u0131z\u0131n her k\u00f6\u015fesine ayn\u0131 \u00f6zenle hizmet ula\u015ft\u0131rmaya devam ediyoruz. Yenice Mahallesi sakinlerine g\u00f6sterdikleri sab\u0131r ve anlay\u0131\u015f i\u00e7in te\u015fekk\u00fcr ediyor, \u00e7al\u0131\u015fmalar\u0131 en k\u0131sa s\u00fcrede tamamlayarak hizmete sunaca\u011f\u0131m\u0131z\u0131 belirtmek istiyorum.\u201d dedi.\u00a0<\/p>\n<p>\u200bHaberin Al\u0131nt\u0131land\u0131\u011f\u0131 Kaynak: www.iskenderun.org<\/p>","protected":false},"excerpt":{"rendered":"<p>Malatya B\u00fcy\u00fck\u015fehir Belediyesi Su ve Kanalizasyon \u0130daresi (MASK\u0130) Genel M\u00fcd\u00fcrl\u00fc\u011f\u00fc, Battalgazi \u0130l\u00e7esiYenice Mahallesi\u2019nde i\u00e7me suyu altyap\u0131s\u0131n\u0131 g\u00fc\u00e7lendirme \u00e7al\u0131\u015fmalar\u0131n\u0131 aral\u0131ks\u0131z s\u00fcrd\u00fcr\u00fcyor.MALATYA (\u0130GFA) &#8211; Altyap\u0131 yat\u0131r\u0131mlar\u0131 kapsam\u0131nda mahallede toplam 4 bin metre uzunlu\u011fundaki i\u00e7me suyu \u015febeke hatt\u0131n\u0131n 2 bin 145 metrelik k\u0131sm\u0131 tamamland\u0131. Muhtar Ya\u015far Ekin: \u201cMahallemize Yap\u0131lan \u00c7al\u0131\u015fmalardan Memnunuz\u201d \u00c7al\u0131\u015fmalardan duydu\u011fu memnuniyeti dile getiren Yenice Mahallesi Muhtar\u0131 Ya\u015far Ekin, \u201c\u0130\u00e7me suyu hatlar\u0131m\u0131zdaki ar\u0131zalardan dolay\u0131, hatlar\u0131m\u0131z\u0131 yeniliyorlar. Malatya B\u00fcy\u00fck\u015fehir Belediye Ba\u015fkan\u0131m\u0131z Say\u0131nSami Er\u2019e,MASK\u0130 Genel M\u00fcd\u00fcr\u00fcm\u00fcz Sinan \u00c7e\u00e7en\u2019e \u00e7ok te\u015fekk\u00fcr ediyorum. Sa\u011f olsunlar, var olsunlar; bu dar g\u00fcnlerde hatlar\u0131m\u0131z\u0131 yenilediler\u201d dedi. MASK\u0130 Genel M\u00fcd\u00fcr\u00fc Sinan \u00c7e\u00e7en: \u201cYenice Mahallesi\u2019ne Modern \u0130\u00e7me Suyu Altyap\u0131s\u0131\u201d \u00c7al\u0131\u015fmalar\u0131n h\u0131zla devam etti\u011fini belirten MASK\u0130 Genel M\u00fcd\u00fcr\u00fc Sinan \u00c7e\u00e7en \u201cMASK\u0130 Genel M\u00fcd\u00fcrl\u00fc\u011f\u00fc olarak, Battalgazi \u0130l\u00e7emize ba\u011fl\u0131 Yenice Mahallesi\u2019nde i\u00e7me suyu altyap\u0131s\u0131n\u0131 g\u00fc\u00e7lendirme \u00e7al\u0131\u015fmalar\u0131m\u0131z\u0131 kararl\u0131l\u0131kla s\u00fcrd\u00fcr\u00fcyoruz. Toplam 4 bin metre uzunlu\u011funda planlanan i\u00e7me suyu \u015febeke hatt\u0131m\u0131z\u0131n, \u015fu ana kadar 2 bin 145 metrelik k\u0131sm\u0131n\u0131 tamamlad\u0131k. \u00c7al\u0131\u015fmalar\u0131m\u0131z aral\u0131ks\u0131z devam etmektedir. Bu yat\u0131r\u0131m, vatanda\u015flar\u0131m\u0131z\u0131n sa\u011fl\u0131kl\u0131, kesintisiz ve g\u00fcvenli i\u00e7me suyuna eri\u015fimini sa\u011flamak amac\u0131yla b\u00fcy\u00fck bir titizlikle y\u00fcr\u00fct\u00fclmektedir. Mahalle sakinlerimizin g\u00fcnl\u00fck ya\u015fam kalitesini art\u0131rmay\u0131 hedefleyen bu \u00e7al\u0131\u015fmalarla birlikte, uzun y\u0131llar boyunca ihtiya\u00e7lara cevap verecek modern bir altyap\u0131 sistemini hayata ge\u00e7iriyoruz. MASK\u0130 Genel M\u00fcd\u00fcrl\u00fc\u011f\u00fc olarak altyap\u0131 hizmetlerinde s\u00fcrd\u00fcr\u00fclebilirlik ve kaliteyi \u00f6n planda tutuyor, Malatya\u2019m\u0131z\u0131n her &hellip;<\/p>","protected":false},"author":1,"featured_media":0,"comment_status":"","ping_status":"open","sticky":false,"template":"","format":"standard","meta":{"_acf_changed":false,"footnotes":""},"categories":[24],"tags":[],"class_list":["post-71472","post","type-post","status-publish","format-standard","has-post-thumbnail","hentry","category-gundem"],"acf":[],"yoast_head":"<!-- This site is optimized with the Yoast SEO Premium plugin v26.6 (Yoast SEO v27.1.1) - https:\/\/yoast.com\/product\/yoast-seo-premium-wordpress\/ -->\n<title>Malatya Yenice Mahallesi\u2019nde i\u00e7me suyu altyap\u0131s\u0131 g\u00fc\u00e7leniyor - Av. Deniz Can K\u0131z\u0131l<\/title>\n<meta name=\"robots\" content=\"index, follow, max-snippet:-1, max-image-preview:large, max-video-preview:-1\" \/>\n<link rel=\"canonical\" href=\"http:\/\/denizcankizil.tr\/de\/haberler\/gundem\/malatya-yenice-mahallesinde-icme-suyu-altyapisi-gucleniyor\/\" \/>\n<meta property=\"og:locale\" content=\"de_DE\" \/>\n<meta property=\"og:type\" content=\"article\" \/>\n<meta property=\"og:title\" content=\"Malatya Yenice Mahallesi\u2019nde i\u00e7me suyu altyap\u0131s\u0131 g\u00fc\u00e7leniyor\" \/>\n<meta property=\"og:description\" content=\"Malatya B\u00fcy\u00fck\u015fehir Belediyesi Su ve Kanalizasyon \u0130daresi (MASK\u0130) Genel M\u00fcd\u00fcrl\u00fc\u011f\u00fc, Battalgazi \u0130l\u00e7esiYenice Mahallesi\u2019nde i\u00e7me suyu altyap\u0131s\u0131n\u0131 g\u00fc\u00e7lendirme \u00e7al\u0131\u015fmalar\u0131n\u0131 aral\u0131ks\u0131z s\u00fcrd\u00fcr\u00fcyor.MALATYA (\u0130GFA) &#8211; Altyap\u0131 yat\u0131r\u0131mlar\u0131 kapsam\u0131nda mahallede toplam 4 bin metre uzunlu\u011fundaki i\u00e7me suyu \u015febeke hatt\u0131n\u0131n 2 bin 145 metrelik k\u0131sm\u0131 tamamland\u0131. Muhtar Ya\u015far Ekin: \u201cMahallemize Yap\u0131lan \u00c7al\u0131\u015fmalardan Memnunuz\u201d \u00c7al\u0131\u015fmalardan duydu\u011fu memnuniyeti dile getiren Yenice Mahallesi Muhtar\u0131 Ya\u015far Ekin, \u201c\u0130\u00e7me suyu hatlar\u0131m\u0131zdaki ar\u0131zalardan dolay\u0131, hatlar\u0131m\u0131z\u0131 yeniliyorlar. Malatya B\u00fcy\u00fck\u015fehir Belediye Ba\u015fkan\u0131m\u0131z Say\u0131nSami Er\u2019e,MASK\u0130 Genel M\u00fcd\u00fcr\u00fcm\u00fcz Sinan \u00c7e\u00e7en\u2019e \u00e7ok te\u015fekk\u00fcr ediyorum. Sa\u011f olsunlar, var olsunlar; bu dar g\u00fcnlerde hatlar\u0131m\u0131z\u0131 yenilediler\u201d dedi. MASK\u0130 Genel M\u00fcd\u00fcr\u00fc Sinan \u00c7e\u00e7en: \u201cYenice Mahallesi\u2019ne Modern \u0130\u00e7me Suyu Altyap\u0131s\u0131\u201d \u00c7al\u0131\u015fmalar\u0131n h\u0131zla devam etti\u011fini belirten MASK\u0130 Genel M\u00fcd\u00fcr\u00fc Sinan \u00c7e\u00e7en \u201cMASK\u0130 Genel M\u00fcd\u00fcrl\u00fc\u011f\u00fc olarak, Battalgazi \u0130l\u00e7emize ba\u011fl\u0131 Yenice Mahallesi\u2019nde i\u00e7me suyu altyap\u0131s\u0131n\u0131 g\u00fc\u00e7lendirme \u00e7al\u0131\u015fmalar\u0131m\u0131z\u0131 kararl\u0131l\u0131kla s\u00fcrd\u00fcr\u00fcyoruz. Toplam 4 bin metre uzunlu\u011funda planlanan i\u00e7me suyu \u015febeke hatt\u0131m\u0131z\u0131n, \u015fu ana kadar 2 bin 145 metrelik k\u0131sm\u0131n\u0131 tamamlad\u0131k. \u00c7al\u0131\u015fmalar\u0131m\u0131z aral\u0131ks\u0131z devam etmektedir. Bu yat\u0131r\u0131m, vatanda\u015flar\u0131m\u0131z\u0131n sa\u011fl\u0131kl\u0131, kesintisiz ve g\u00fcvenli i\u00e7me suyuna eri\u015fimini sa\u011flamak amac\u0131yla b\u00fcy\u00fck bir titizlikle y\u00fcr\u00fct\u00fclmektedir. Mahalle sakinlerimizin g\u00fcnl\u00fck ya\u015fam kalitesini art\u0131rmay\u0131 hedefleyen bu \u00e7al\u0131\u015fmalarla birlikte, uzun y\u0131llar boyunca ihtiya\u00e7lara cevap verecek modern bir altyap\u0131 sistemini hayata ge\u00e7iriyoruz. MASK\u0130 Genel M\u00fcd\u00fcrl\u00fc\u011f\u00fc olarak altyap\u0131 hizmetlerinde s\u00fcrd\u00fcr\u00fclebilirlik ve kaliteyi \u00f6n planda tutuyor, Malatya\u2019m\u0131z\u0131n her &hellip;\" \/>\n<meta property=\"og:url\" content=\"http:\/\/denizcankizil.tr\/de\/haberler\/gundem\/malatya-yenice-mahallesinde-icme-suyu-altyapisi-gucleniyor\/\" \/>\n<meta property=\"og:site_name\" content=\"Av. Deniz Can K\u0131z\u0131l\" \/>\n<meta property=\"article:published_time\" content=\"2025-04-30T10:42:59+00:00\" \/>\n<meta name=\"author\" content=\"admin\" \/>\n<meta name=\"twitter:card\" content=\"summary_large_image\" \/>\n<meta name=\"twitter:label1\" content=\"Verfasst von\" \/>\n\t<meta name=\"twitter:data1\" content=\"admin\" \/>\n\t<meta name=\"twitter:label2\" content=\"Gesch\u00e4tzte Lesezeit\" \/>\n\t<meta name=\"twitter:data2\" content=\"4\u00a0Minuten\" \/>\n<script type=\"application\/ld+json\" class=\"yoast-schema-graph\">{\"@context\":\"https:\/\/schema.org\",\"@graph\":[{\"@type\":\"Article\",\"@id\":\"http:\/\/denizcankizil.tr\/uk\/haberler\/gundem\/malatya-yenice-mahallesinde-icme-suyu-altyapisi-gucleniyor\/#article\",\"isPartOf\":{\"@id\":\"http:\/\/denizcankizil.tr\/uk\/haberler\/gundem\/malatya-yenice-mahallesinde-icme-suyu-altyapisi-gucleniyor\/\"},\"author\":{\"name\":\"admin\",\"@id\":\"https:\/\/denizcankizil.tr\/de\/#\/schema\/person\/be3c05fe6a12686905512445d8185489\"},\"headline\":\"Malatya Yenice Mahallesi\u2019nde i\u00e7me suyu altyap\u0131s\u0131 g\u00fc\u00e7leniyor\",\"datePublished\":\"2025-04-30T10:42:59+00:00\",\"mainEntityOfPage\":{\"@id\":\"http:\/\/denizcankizil.tr\/uk\/haberler\/gundem\/malatya-yenice-mahallesinde-icme-suyu-altyapisi-gucleniyor\/\"},\"wordCount\":755,\"publisher\":{\"@id\":\"https:\/\/denizcankizil.tr\/de\/#organization\"},\"articleSection\":[\"G\u00fcndem\"],\"inLanguage\":\"de\"},{\"@type\":\"WebPage\",\"@id\":\"http:\/\/denizcankizil.tr\/uk\/haberler\/gundem\/malatya-yenice-mahallesinde-icme-suyu-altyapisi-gucleniyor\/\",\"url\":\"http:\/\/denizcankizil.tr\/uk\/haberler\/gundem\/malatya-yenice-mahallesinde-icme-suyu-altyapisi-gucleniyor\/\",\"name\":\"Malatya Yenice Mahallesi\u2019nde i\u00e7me suyu altyap\u0131s\u0131 g\u00fc\u00e7leniyor - Av. Deniz Can K\u0131z\u0131l\",\"isPartOf\":{\"@id\":\"https:\/\/denizcankizil.tr\/de\/#website\"},\"datePublished\":\"2025-04-30T10:42:59+00:00\",\"breadcrumb\":{\"@id\":\"http:\/\/denizcankizil.tr\/uk\/haberler\/gundem\/malatya-yenice-mahallesinde-icme-suyu-altyapisi-gucleniyor\/#breadcrumb\"},\"inLanguage\":\"de\",\"potentialAction\":[{\"@type\":\"ReadAction\",\"target\":[\"http:\/\/denizcankizil.tr\/uk\/haberler\/gundem\/malatya-yenice-mahallesinde-icme-suyu-altyapisi-gucleniyor\/\"]}]},{\"@type\":\"BreadcrumbList\",\"@id\":\"http:\/\/denizcankizil.tr\/uk\/haberler\/gundem\/malatya-yenice-mahallesinde-icme-suyu-altyapisi-gucleniyor\/#breadcrumb\",\"itemListElement\":[{\"@type\":\"ListItem\",\"position\":1,\"name\":\"Home\",\"item\":\"https:\/\/denizcankizil.tr\/de\/\"},{\"@type\":\"ListItem\",\"position\":2,\"name\":\"Malatya Yenice Mahallesi\u2019nde i\u00e7me suyu altyap\u0131s\u0131 g\u00fc\u00e7leniyor\"}]},{\"@type\":\"WebSite\",\"@id\":\"https:\/\/denizcankizil.tr\/de\/#website\",\"url\":\"https:\/\/denizcankizil.tr\/de\/\",\"name\":\"Av. Deniz Can K\u0131z\u0131l\",\"description\":\"Avukat Deniz Can K\u0131z\u0131l Antalya Barosu\",\"publisher\":{\"@id\":\"https:\/\/denizcankizil.tr\/de\/#organization\"},\"potentialAction\":[{\"@type\":\"SearchAction\",\"target\":{\"@type\":\"EntryPoint\",\"urlTemplate\":\"https:\/\/denizcankizil.tr\/de\/?s={search_term_string}\"},\"query-input\":{\"@type\":\"PropertyValueSpecification\",\"valueRequired\":true,\"valueName\":\"search_term_string\"}}],\"inLanguage\":\"de\"},{\"@type\":\"Organization\",\"@id\":\"https:\/\/denizcankizil.tr\/de\/#organization\",\"name\":\"Av. Deniz Can K\u0131z\u0131l\",\"url\":\"https:\/\/denizcankizil.tr\/de\/\",\"logo\":{\"@type\":\"ImageObject\",\"inLanguage\":\"de\",\"@id\":\"https:\/\/denizcankizil.tr\/de\/#\/schema\/logo\/image\/\",\"url\":\"http:\/\/denizcankizil.tr\/wp-content\/uploads\/2024\/10\/siyah-logo-svg.svg\",\"contentUrl\":\"http:\/\/denizcankizil.tr\/wp-content\/uploads\/2024\/10\/siyah-logo-svg.svg\",\"width\":1080,\"height\":1080,\"caption\":\"Av. Deniz Can K\u0131z\u0131l\"},\"image\":{\"@id\":\"https:\/\/denizcankizil.tr\/de\/#\/schema\/logo\/image\/\"}},{\"@type\":\"Person\",\"@id\":\"https:\/\/denizcankizil.tr\/de\/#\/schema\/person\/be3c05fe6a12686905512445d8185489\",\"name\":\"admin\",\"image\":{\"@type\":\"ImageObject\",\"inLanguage\":\"de\",\"@id\":\"https:\/\/denizcankizil.tr\/de\/#\/schema\/person\/image\/\",\"url\":\"https:\/\/secure.gravatar.com\/avatar\/c1fce94c830dc79107e174f890d7210541c4a63e8e5d816341794a2151c9d58c?s=96&d=mm&r=g\",\"contentUrl\":\"https:\/\/secure.gravatar.com\/avatar\/c1fce94c830dc79107e174f890d7210541c4a63e8e5d816341794a2151c9d58c?s=96&d=mm&r=g\",\"caption\":\"admin\"},\"sameAs\":[\"http:\/\/denizcankizil.tr\"],\"url\":\"https:\/\/www.iskenderun.org\/malatya-yenice-mahallesinde-icme-suyu-altyapisi-gucleniyor\"}]}<\/script>\n<!-- \/ Yoast SEO Premium plugin. -->","yoast_head_json":{"title":"Malatya Yenice Mahallesi\u2019nde i\u00e7me suyu altyap\u0131s\u0131 g\u00fc\u00e7leniyor - Av. Deniz Can K\u0131z\u0131l","robots":{"index":"index","follow":"follow","max-snippet":"max-snippet:-1","max-image-preview":"max-image-preview:large","max-video-preview":"max-video-preview:-1"},"canonical":"http:\/\/denizcankizil.tr\/de\/haberler\/gundem\/malatya-yenice-mahallesinde-icme-suyu-altyapisi-gucleniyor\/","og_locale":"de_DE","og_type":"article","og_title":"Malatya Yenice Mahallesi\u2019nde i\u00e7me suyu altyap\u0131s\u0131 g\u00fc\u00e7leniyor","og_description":"Malatya B\u00fcy\u00fck\u015fehir Belediyesi Su ve Kanalizasyon \u0130daresi (MASK\u0130) Genel M\u00fcd\u00fcrl\u00fc\u011f\u00fc, Battalgazi \u0130l\u00e7esiYenice Mahallesi\u2019nde i\u00e7me suyu altyap\u0131s\u0131n\u0131 g\u00fc\u00e7lendirme \u00e7al\u0131\u015fmalar\u0131n\u0131 aral\u0131ks\u0131z s\u00fcrd\u00fcr\u00fcyor.MALATYA (\u0130GFA) &#8211; Altyap\u0131 yat\u0131r\u0131mlar\u0131 kapsam\u0131nda mahallede toplam 4 bin metre uzunlu\u011fundaki i\u00e7me suyu \u015febeke hatt\u0131n\u0131n 2 bin 145 metrelik k\u0131sm\u0131 tamamland\u0131. Muhtar Ya\u015far Ekin: \u201cMahallemize Yap\u0131lan \u00c7al\u0131\u015fmalardan Memnunuz\u201d \u00c7al\u0131\u015fmalardan duydu\u011fu memnuniyeti dile getiren Yenice Mahallesi Muhtar\u0131 Ya\u015far Ekin, \u201c\u0130\u00e7me suyu hatlar\u0131m\u0131zdaki ar\u0131zalardan dolay\u0131, hatlar\u0131m\u0131z\u0131 yeniliyorlar. Malatya B\u00fcy\u00fck\u015fehir Belediye Ba\u015fkan\u0131m\u0131z Say\u0131nSami Er\u2019e,MASK\u0130 Genel M\u00fcd\u00fcr\u00fcm\u00fcz Sinan \u00c7e\u00e7en\u2019e \u00e7ok te\u015fekk\u00fcr ediyorum. Sa\u011f olsunlar, var olsunlar; bu dar g\u00fcnlerde hatlar\u0131m\u0131z\u0131 yenilediler\u201d dedi. MASK\u0130 Genel M\u00fcd\u00fcr\u00fc Sinan \u00c7e\u00e7en: \u201cYenice Mahallesi\u2019ne Modern \u0130\u00e7me Suyu Altyap\u0131s\u0131\u201d \u00c7al\u0131\u015fmalar\u0131n h\u0131zla devam etti\u011fini belirten MASK\u0130 Genel M\u00fcd\u00fcr\u00fc Sinan \u00c7e\u00e7en \u201cMASK\u0130 Genel M\u00fcd\u00fcrl\u00fc\u011f\u00fc olarak, Battalgazi \u0130l\u00e7emize ba\u011fl\u0131 Yenice Mahallesi\u2019nde i\u00e7me suyu altyap\u0131s\u0131n\u0131 g\u00fc\u00e7lendirme \u00e7al\u0131\u015fmalar\u0131m\u0131z\u0131 kararl\u0131l\u0131kla s\u00fcrd\u00fcr\u00fcyoruz. Toplam 4 bin metre uzunlu\u011funda planlanan i\u00e7me suyu \u015febeke hatt\u0131m\u0131z\u0131n, \u015fu ana kadar 2 bin 145 metrelik k\u0131sm\u0131n\u0131 tamamlad\u0131k. \u00c7al\u0131\u015fmalar\u0131m\u0131z aral\u0131ks\u0131z devam etmektedir. Bu yat\u0131r\u0131m, vatanda\u015flar\u0131m\u0131z\u0131n sa\u011fl\u0131kl\u0131, kesintisiz ve g\u00fcvenli i\u00e7me suyuna eri\u015fimini sa\u011flamak amac\u0131yla b\u00fcy\u00fck bir titizlikle y\u00fcr\u00fct\u00fclmektedir. Mahalle sakinlerimizin g\u00fcnl\u00fck ya\u015fam kalitesini art\u0131rmay\u0131 hedefleyen bu \u00e7al\u0131\u015fmalarla birlikte, uzun y\u0131llar boyunca ihtiya\u00e7lara cevap verecek modern bir altyap\u0131 sistemini hayata ge\u00e7iriyoruz. MASK\u0130 Genel M\u00fcd\u00fcrl\u00fc\u011f\u00fc olarak altyap\u0131 hizmetlerinde s\u00fcrd\u00fcr\u00fclebilirlik ve kaliteyi \u00f6n planda tutuyor, Malatya\u2019m\u0131z\u0131n her &hellip;","og_url":"http:\/\/denizcankizil.tr\/de\/haberler\/gundem\/malatya-yenice-mahallesinde-icme-suyu-altyapisi-gucleniyor\/","og_site_name":"Av. Deniz Can K\u0131z\u0131l","article_published_time":"2025-04-30T10:42:59+00:00","author":"admin","twitter_card":"summary_large_image","twitter_misc":{"Verfasst von":"admin","Gesch\u00e4tzte Lesezeit":"4\u00a0Minuten"},"schema":{"@context":"https:\/\/schema.org","@graph":[{"@type":"Article","@id":"http:\/\/denizcankizil.tr\/uk\/haberler\/gundem\/malatya-yenice-mahallesinde-icme-suyu-altyapisi-gucleniyor\/#article","isPartOf":{"@id":"http:\/\/denizcankizil.tr\/uk\/haberler\/gundem\/malatya-yenice-mahallesinde-icme-suyu-altyapisi-gucleniyor\/"},"author":{"name":"admin","@id":"https:\/\/denizcankizil.tr\/de\/#\/schema\/person\/be3c05fe6a12686905512445d8185489"},"headline":"Malatya Yenice Mahallesi\u2019nde i\u00e7me suyu altyap\u0131s\u0131 g\u00fc\u00e7leniyor","datePublished":"2025-04-30T10:42:59+00:00","mainEntityOfPage":{"@id":"http:\/\/denizcankizil.tr\/uk\/haberler\/gundem\/malatya-yenice-mahallesinde-icme-suyu-altyapisi-gucleniyor\/"},"wordCount":755,"publisher":{"@id":"https:\/\/denizcankizil.tr\/de\/#organization"},"articleSection":["G\u00fcndem"],"inLanguage":"de"},{"@type":"WebPage","@id":"http:\/\/denizcankizil.tr\/uk\/haberler\/gundem\/malatya-yenice-mahallesinde-icme-suyu-altyapisi-gucleniyor\/","url":"http:\/\/denizcankizil.tr\/uk\/haberler\/gundem\/malatya-yenice-mahallesinde-icme-suyu-altyapisi-gucleniyor\/","name":"Malatya Yenice Mahallesi\u2019nde i\u00e7me suyu altyap\u0131s\u0131 g\u00fc\u00e7leniyor - Av. Deniz Can K\u0131z\u0131l","isPartOf":{"@id":"https:\/\/denizcankizil.tr\/de\/#website"},"datePublished":"2025-04-30T10:42:59+00:00","breadcrumb":{"@id":"http:\/\/denizcankizil.tr\/uk\/haberler\/gundem\/malatya-yenice-mahallesinde-icme-suyu-altyapisi-gucleniyor\/#breadcrumb"},"inLanguage":"de","potentialAction":[{"@type":"ReadAction","target":["http:\/\/denizcankizil.tr\/uk\/haberler\/gundem\/malatya-yenice-mahallesinde-icme-suyu-altyapisi-gucleniyor\/"]}]},{"@type":"BreadcrumbList","@id":"http:\/\/denizcankizil.tr\/uk\/haberler\/gundem\/malatya-yenice-mahallesinde-icme-suyu-altyapisi-gucleniyor\/#breadcrumb","itemListElement":[{"@type":"ListItem","position":1,"name":"Home","item":"https:\/\/denizcankizil.tr\/de\/"},{"@type":"ListItem","position":2,"name":"Malatya Yenice Mahallesi\u2019nde i\u00e7me suyu altyap\u0131s\u0131 g\u00fc\u00e7leniyor"}]},{"@type":"WebSite","@id":"https:\/\/denizcankizil.tr\/de\/#website","url":"https:\/\/denizcankizil.tr\/de\/","name":"Av. Deniz Can K\u0131z\u0131l","description":"Avukat Deniz Can K\u0131z\u0131l Antalya Barosu","publisher":{"@id":"https:\/\/denizcankizil.tr\/de\/#organization"},"potentialAction":[{"@type":"SearchAction","target":{"@type":"EntryPoint","urlTemplate":"https:\/\/denizcankizil.tr\/de\/?s={search_term_string}"},"query-input":{"@type":"PropertyValueSpecification","valueRequired":true,"valueName":"search_term_string"}}],"inLanguage":"de"},{"@type":"Organization","@id":"https:\/\/denizcankizil.tr\/de\/#organization","name":"Av. Deniz Can K\u0131z\u0131l","url":"https:\/\/denizcankizil.tr\/de\/","logo":{"@type":"ImageObject","inLanguage":"de","@id":"https:\/\/denizcankizil.tr\/de\/#\/schema\/logo\/image\/","url":"http:\/\/denizcankizil.tr\/wp-content\/uploads\/2024\/10\/siyah-logo-svg.svg","contentUrl":"http:\/\/denizcankizil.tr\/wp-content\/uploads\/2024\/10\/siyah-logo-svg.svg","width":1080,"height":1080,"caption":"Av. Deniz Can K\u0131z\u0131l"},"image":{"@id":"https:\/\/denizcankizil.tr\/de\/#\/schema\/logo\/image\/"}},{"@type":"Person","@id":"https:\/\/denizcankizil.tr\/de\/#\/schema\/person\/be3c05fe6a12686905512445d8185489","name":"Administrator","image":{"@type":"ImageObject","inLanguage":"de","@id":"https:\/\/denizcankizil.tr\/de\/#\/schema\/person\/image\/","url":"https:\/\/secure.gravatar.com\/avatar\/c1fce94c830dc79107e174f890d7210541c4a63e8e5d816341794a2151c9d58c?s=96&d=mm&r=g","contentUrl":"https:\/\/secure.gravatar.com\/avatar\/c1fce94c830dc79107e174f890d7210541c4a63e8e5d816341794a2151c9d58c?s=96&d=mm&r=g","caption":"admin"},"sameAs":["http:\/\/denizcankizil.tr"],"url":"https:\/\/www.iskenderun.org\/malatya-yenice-mahallesinde-icme-suyu-altyapisi-gucleniyor"}]}},"_links":{"self":[{"href":"http:\/\/denizcankizil.tr\/de\/wp-json\/wp\/v2\/posts\/71472","targetHints":{"allow":["GET"]}}],"collection":[{"href":"http:\/\/denizcankizil.tr\/de\/wp-json\/wp\/v2\/posts"}],"about":[{"href":"http:\/\/denizcankizil.tr\/de\/wp-json\/wp\/v2\/types\/post"}],"author":[{"embeddable":true,"href":"http:\/\/denizcankizil.tr\/de\/wp-json\/wp\/v2\/users\/1"}],"replies":[{"embeddable":true,"href":"http:\/\/denizcankizil.tr\/de\/wp-json\/wp\/v2\/comments?post=71472"}],"version-history":[{"count":0,"href":"http:\/\/denizcankizil.tr\/de\/wp-json\/wp\/v2\/posts\/71472\/revisions"}],"wp:attachment":[{"href":"http:\/\/denizcankizil.tr\/de\/wp-json\/wp\/v2\/media?parent=71472"}],"wp:term":[{"taxonomy":"category","embeddable":true,"href":"http:\/\/denizcankizil.tr\/de\/wp-json\/wp\/v2\/categories?post=71472"},{"taxonomy":"post_tag","embeddable":true,"href":"http:\/\/denizcankizil.tr\/de\/wp-json\/wp\/v2\/tags?post=71472"}],"curies":[{"name":"wp","href":"https:\/\/api.w.org\/{rel}","templated":true}]}}