{"id":71296,"date":"2025-04-30T10:43:06","date_gmt":"2025-04-30T07:43:06","guid":{"rendered":"https:\/\/denizcankizil.tr\/uncategorized-tr\/turk-is-hataydan-1-mayis-mesaji\/"},"modified":"2025-04-30T10:43:06","modified_gmt":"2025-04-30T07:43:06","slug":"turk-is-hataydan-1-mayis-mesaji","status":"publish","type":"post","link":"http:\/\/denizcankizil.tr\/de\/haberler\/gundem\/turk-is-hataydan-1-mayis-mesaji\/","title":{"rendered":"T\u00dcRK-\u0130\u015e Hatay\u2019dan 1 May\u0131s Mesaj\u0131\u2026"},"content":{"rendered":"<p>\u0130\u015f\u00e7i, emek\u00e7i ve al\u0131n teri m\u00fccadelesi verenler ile kamuoyuna seslenen Varan \u201c1 May\u0131s, i\u015f\u00e7i s\u0131n\u0131f\u0131n\u0131n kararl\u0131l\u0131\u011f\u0131yla, dayan\u0131\u015fmas\u0131yla ve m\u00fccadelesiyle anlaml\u0131d\u0131r. \u0130\u015f\u00e7iler, din, dil, \u0131rk, renk, cinsiyet ve siyasi d\u00fc\u015f\u00fcnce ayr\u0131m\u0131 olmaks\u0131z\u0131n ortak talepler etraf\u0131nda bir araya gelmektedir. T\u00fcrkiye\u2019nin d\u00f6rt bir yan\u0131nda ve d\u00fcnyan\u0131n bir\u00e7ok yerinde emek\u00e7ilerin benzer sorunlara kar\u015f\u0131 m\u00fccadele ediyor\u201d dedi.<\/p>\n<p>\u201c\u0130nsanca \u00c7al\u0131\u015fmak ve Ya\u015famak \u0130stiyoruz\u201d<\/p>\n<p>Ta\u015feron \u00e7al\u0131\u015fman\u0131n, g\u00fcvencesizli\u011fin, d\u00fc\u015f\u00fck \u00fccretlerin ve i\u015f cinayetlerinin sona erdirilmesi \u00e7a\u011fr\u0131s\u0131nda bulunan \u00c7ak\u0131r Varan, \u201cBizler, al\u0131n teriyle ya\u015fayan, haram lokma yemeden ge\u00e7inmeye \u00e7al\u0131\u015fan insanlar\u0131z. Bizler, t\u00fcm insanlar\u0131n refah ve huzur i\u00e7inde karde\u015f\u00e7e ya\u015fad\u0131\u011f\u0131 bir d\u00fcnyay\u0131 hayal ediyoruz. Burada \u2018Ekmek, Bar\u0131\u015f, \u00d6zg\u00fcrl\u00fck\u2019 slogan\u0131yla bir araya geliyoruz. Ekme\u011fin hak\u00e7a b\u00f6l\u00fc\u015f\u00fcm\u00fcn\u00fcn m\u00fccadelesini veriyoruz. \u0130\u015fin, ekme\u011fin olmad\u0131\u011f\u0131 bir yerde sosyal bar\u0131\u015f\u0131n da olmayaca\u011f\u0131n\u0131 biliyoruz. Eme\u011fin ba\u015f tac\u0131 edildi\u011fi, her alanda demokrasinin ge\u00e7erli oldu\u011fu bir d\u00fczen istiyoruz. Sorunlara kar\u015f\u0131 m\u00fccadeleyi y\u00fckseltmek i\u00e7in tekrar bir araday\u0131z\u201d diye konu\u015ftu.<\/p>\n<p>\u00c7ak\u0131r Varan, k\u0131dem tazminatlar\u0131na el uzat\u0131lmas\u0131na, haks\u0131z yere i\u015ften \u00e7\u0131karmalara, a\u00e7l\u0131\u011fa ve sefalete mahk\u00fbm b\u0131rak\u0131lmaya, sendikas\u0131zla\u015ft\u0131rmaya, g\u00fcvencesizle\u015ftirmeye \u00e7ocuklar\u0131n\u0131n gelece\u011finin \u00e7al\u0131nmas\u0131na ve topyek\u00fbn hayat\u0131n karart\u0131lmas\u0131na kar\u015f\u0131 alanlarda olacaklar\u0131n\u0131 ifade etti. \u00a0<\/p>\n<p>E\u015fitli\u011fi, bar\u0131\u015f\u0131, karde\u015fli\u011fi ve \u00f6zg\u00fcrl\u00fc\u011f\u00fc \u00fclkede ve t\u00fcm d\u00fcnyada egemen k\u0131lacak g\u00fcc\u00fcn emek\u00e7ide oldu\u011funa i\u015faret eden \u00c7ak\u0131r Varan \u201cT\u00fcm kurum ve kurallar\u0131yla demokrasi, ancak bizlerin m\u00fccadelesiyle sa\u011flanabilir. Bug\u00fcn m\u00fccadele azmimizi bir kez daha hayk\u0131rmak i\u00e7in alanlarda olaca\u011f\u0131z. Emek\u00e7ilerin y\u00fczlerce y\u0131l s\u00fcren m\u00fccadeleler sonunda elde etti\u011fi haklar ellerinden al\u0131nmak isteniyor. Sa\u011fl\u0131k, e\u011fitim, sosyal g\u00fcvenlik \u00f6zelle\u015ftiriliyor; sosyal devlet ortadan kald\u0131r\u0131l\u0131p yerine paran\u0131n egemen oldu\u011fu bir d\u00fczen kurulmak isteniyor. Denetimsizli\u011fi, kurals\u0131zla\u015ft\u0131rmay\u0131, esnekle\u015ftirmeyi \u00f6neren bu politikalara kar\u015f\u0131 m\u00fccadelemizi s\u00fcrd\u00fcrece\u011fiz. Sendikal\u0131 ve toplu s\u00f6zle\u015fmeli \u00e7al\u0131\u015fma ko\u015fullar\u0131, sosyal adalet, e\u015fitlik, karde\u015flik, bar\u0131\u015f ve \u00f6zg\u00fcrl\u00fck i\u00e7in her zamankinden daha kararl\u0131 \u015fekilde m\u00fccadele edece\u011fiz\u201d \u015feklinde konu\u015ftu.<\/p>\n<p>\u00a0<\/p>\n<p>\u00a0<\/p>\n<p>\u200bT\u00dcRK-\u0130\u015e Hatay \u0130l Ba\u015fkan\u0131 \u00c7ak\u0131r Varan, 1 May\u0131s\u2019\u0131n yaln\u0131zca bir takvim g\u00fcn\u00fc olmad\u0131\u011f\u0131n\u0131 vurgulayarak, e\u015fitlik, \u00f6zg\u00fcrl\u00fck, adalet, bar\u0131\u015f ve demokrasi i\u00e7in emek\u00e7ilerin sesini y\u00fckseltti\u011fi tarihsel bir m\u00fccadele g\u00fcn\u00fc oldu\u011funu s\u00f6yledi.\u00a0<\/p>\n<p>\u200bHaberin Al\u0131nt\u0131land\u0131\u011f\u0131 Kaynak: www.iskenderun.org<\/p>","protected":false},"excerpt":{"rendered":"<p>\u0130\u015f\u00e7i, emek\u00e7i ve al\u0131n teri m\u00fccadelesi verenler ile kamuoyuna seslenen Varan \u201c1 May\u0131s, i\u015f\u00e7i s\u0131n\u0131f\u0131n\u0131n kararl\u0131l\u0131\u011f\u0131yla, dayan\u0131\u015fmas\u0131yla ve m\u00fccadelesiyle anlaml\u0131d\u0131r. \u0130\u015f\u00e7iler, din, dil, \u0131rk, renk, cinsiyet ve siyasi d\u00fc\u015f\u00fcnce ayr\u0131m\u0131 olmaks\u0131z\u0131n ortak talepler etraf\u0131nda bir araya gelmektedir. T\u00fcrkiye\u2019nin d\u00f6rt bir yan\u0131nda ve d\u00fcnyan\u0131n bir\u00e7ok yerinde emek\u00e7ilerin benzer sorunlara kar\u015f\u0131 m\u00fccadele ediyor\u201d dedi. \u201c\u0130nsanca \u00c7al\u0131\u015fmak ve Ya\u015famak \u0130stiyoruz\u201d Ta\u015feron \u00e7al\u0131\u015fman\u0131n, g\u00fcvencesizli\u011fin, d\u00fc\u015f\u00fck \u00fccretlerin ve i\u015f cinayetlerinin sona erdirilmesi \u00e7a\u011fr\u0131s\u0131nda bulunan \u00c7ak\u0131r Varan, \u201cBizler, al\u0131n teriyle ya\u015fayan, haram lokma yemeden ge\u00e7inmeye \u00e7al\u0131\u015fan insanlar\u0131z. Bizler, t\u00fcm insanlar\u0131n refah ve huzur i\u00e7inde karde\u015f\u00e7e ya\u015fad\u0131\u011f\u0131 bir d\u00fcnyay\u0131 hayal ediyoruz. Burada \u2018Ekmek, Bar\u0131\u015f, \u00d6zg\u00fcrl\u00fck\u2019 slogan\u0131yla bir araya geliyoruz. Ekme\u011fin hak\u00e7a b\u00f6l\u00fc\u015f\u00fcm\u00fcn\u00fcn m\u00fccadelesini veriyoruz. \u0130\u015fin, ekme\u011fin olmad\u0131\u011f\u0131 bir yerde sosyal bar\u0131\u015f\u0131n da olmayaca\u011f\u0131n\u0131 biliyoruz. Eme\u011fin ba\u015f tac\u0131 edildi\u011fi, her alanda demokrasinin ge\u00e7erli oldu\u011fu bir d\u00fczen istiyoruz. Sorunlara kar\u015f\u0131 m\u00fccadeleyi y\u00fckseltmek i\u00e7in tekrar bir araday\u0131z\u201d diye konu\u015ftu. \u00c7ak\u0131r Varan, k\u0131dem tazminatlar\u0131na el uzat\u0131lmas\u0131na, haks\u0131z yere i\u015ften \u00e7\u0131karmalara, a\u00e7l\u0131\u011fa ve sefalete mahk\u00fbm b\u0131rak\u0131lmaya, sendikas\u0131zla\u015ft\u0131rmaya, g\u00fcvencesizle\u015ftirmeye \u00e7ocuklar\u0131n\u0131n gelece\u011finin \u00e7al\u0131nmas\u0131na ve topyek\u00fbn hayat\u0131n karart\u0131lmas\u0131na kar\u015f\u0131 alanlarda olacaklar\u0131n\u0131 ifade etti. \u00a0 E\u015fitli\u011fi, bar\u0131\u015f\u0131, karde\u015fli\u011fi ve \u00f6zg\u00fcrl\u00fc\u011f\u00fc \u00fclkede ve t\u00fcm d\u00fcnyada egemen k\u0131lacak g\u00fcc\u00fcn emek\u00e7ide oldu\u011funa i\u015faret eden \u00c7ak\u0131r Varan \u201cT\u00fcm kurum ve kurallar\u0131yla demokrasi, ancak bizlerin m\u00fccadelesiyle sa\u011flanabilir. Bug\u00fcn m\u00fccadele azmimizi bir &hellip;<\/p>","protected":false},"author":1,"featured_media":0,"comment_status":"","ping_status":"open","sticky":false,"template":"","format":"standard","meta":{"_acf_changed":false,"footnotes":""},"categories":[24],"tags":[],"class_list":["post-71296","post","type-post","status-publish","format-standard","has-post-thumbnail","hentry","category-gundem"],"acf":[],"yoast_head":"<!-- This site is optimized with the Yoast SEO Premium plugin v26.6 (Yoast SEO v27.1.1) - https:\/\/yoast.com\/product\/yoast-seo-premium-wordpress\/ -->\n<title>T\u00dcRK-\u0130\u015e Hatay\u2019dan 1 May\u0131s Mesaj\u0131\u2026 - Av. Deniz Can K\u0131z\u0131l<\/title>\n<meta name=\"robots\" content=\"index, follow, max-snippet:-1, max-image-preview:large, max-video-preview:-1\" \/>\n<link rel=\"canonical\" href=\"http:\/\/denizcankizil.tr\/de\/haberler\/gundem\/turk-is-hataydan-1-mayis-mesaji\/\" \/>\n<meta property=\"og:locale\" content=\"de_DE\" \/>\n<meta property=\"og:type\" content=\"article\" \/>\n<meta property=\"og:title\" content=\"T\u00dcRK-\u0130\u015e Hatay\u2019dan 1 May\u0131s Mesaj\u0131\u2026\" \/>\n<meta property=\"og:description\" content=\"\u0130\u015f\u00e7i, emek\u00e7i ve al\u0131n teri m\u00fccadelesi verenler ile kamuoyuna seslenen Varan \u201c1 May\u0131s, i\u015f\u00e7i s\u0131n\u0131f\u0131n\u0131n kararl\u0131l\u0131\u011f\u0131yla, dayan\u0131\u015fmas\u0131yla ve m\u00fccadelesiyle anlaml\u0131d\u0131r. \u0130\u015f\u00e7iler, din, dil, \u0131rk, renk, cinsiyet ve siyasi d\u00fc\u015f\u00fcnce ayr\u0131m\u0131 olmaks\u0131z\u0131n ortak talepler etraf\u0131nda bir araya gelmektedir. T\u00fcrkiye\u2019nin d\u00f6rt bir yan\u0131nda ve d\u00fcnyan\u0131n bir\u00e7ok yerinde emek\u00e7ilerin benzer sorunlara kar\u015f\u0131 m\u00fccadele ediyor\u201d dedi. \u201c\u0130nsanca \u00c7al\u0131\u015fmak ve Ya\u015famak \u0130stiyoruz\u201d Ta\u015feron \u00e7al\u0131\u015fman\u0131n, g\u00fcvencesizli\u011fin, d\u00fc\u015f\u00fck \u00fccretlerin ve i\u015f cinayetlerinin sona erdirilmesi \u00e7a\u011fr\u0131s\u0131nda bulunan \u00c7ak\u0131r Varan, \u201cBizler, al\u0131n teriyle ya\u015fayan, haram lokma yemeden ge\u00e7inmeye \u00e7al\u0131\u015fan insanlar\u0131z. Bizler, t\u00fcm insanlar\u0131n refah ve huzur i\u00e7inde karde\u015f\u00e7e ya\u015fad\u0131\u011f\u0131 bir d\u00fcnyay\u0131 hayal ediyoruz. Burada \u2018Ekmek, Bar\u0131\u015f, \u00d6zg\u00fcrl\u00fck\u2019 slogan\u0131yla bir araya geliyoruz. Ekme\u011fin hak\u00e7a b\u00f6l\u00fc\u015f\u00fcm\u00fcn\u00fcn m\u00fccadelesini veriyoruz. \u0130\u015fin, ekme\u011fin olmad\u0131\u011f\u0131 bir yerde sosyal bar\u0131\u015f\u0131n da olmayaca\u011f\u0131n\u0131 biliyoruz. Eme\u011fin ba\u015f tac\u0131 edildi\u011fi, her alanda demokrasinin ge\u00e7erli oldu\u011fu bir d\u00fczen istiyoruz. Sorunlara kar\u015f\u0131 m\u00fccadeleyi y\u00fckseltmek i\u00e7in tekrar bir araday\u0131z\u201d diye konu\u015ftu. \u00c7ak\u0131r Varan, k\u0131dem tazminatlar\u0131na el uzat\u0131lmas\u0131na, haks\u0131z yere i\u015ften \u00e7\u0131karmalara, a\u00e7l\u0131\u011fa ve sefalete mahk\u00fbm b\u0131rak\u0131lmaya, sendikas\u0131zla\u015ft\u0131rmaya, g\u00fcvencesizle\u015ftirmeye \u00e7ocuklar\u0131n\u0131n gelece\u011finin \u00e7al\u0131nmas\u0131na ve topyek\u00fbn hayat\u0131n karart\u0131lmas\u0131na kar\u015f\u0131 alanlarda olacaklar\u0131n\u0131 ifade etti. \u00a0 E\u015fitli\u011fi, bar\u0131\u015f\u0131, karde\u015fli\u011fi ve \u00f6zg\u00fcrl\u00fc\u011f\u00fc \u00fclkede ve t\u00fcm d\u00fcnyada egemen k\u0131lacak g\u00fcc\u00fcn emek\u00e7ide oldu\u011funa i\u015faret eden \u00c7ak\u0131r Varan \u201cT\u00fcm kurum ve kurallar\u0131yla demokrasi, ancak bizlerin m\u00fccadelesiyle sa\u011flanabilir. Bug\u00fcn m\u00fccadele azmimizi bir &hellip;\" \/>\n<meta property=\"og:url\" content=\"http:\/\/denizcankizil.tr\/de\/haberler\/gundem\/turk-is-hataydan-1-mayis-mesaji\/\" \/>\n<meta property=\"og:site_name\" content=\"Av. Deniz Can K\u0131z\u0131l\" \/>\n<meta property=\"article:published_time\" content=\"2025-04-30T07:43:06+00:00\" \/>\n<meta name=\"author\" content=\"admin\" \/>\n<meta name=\"twitter:card\" content=\"summary_large_image\" \/>\n<meta name=\"twitter:label1\" content=\"Verfasst von\" \/>\n\t<meta name=\"twitter:data1\" content=\"admin\" \/>\n\t<meta name=\"twitter:label2\" content=\"Gesch\u00e4tzte Lesezeit\" \/>\n\t<meta name=\"twitter:data2\" content=\"2\u00a0Minuten\" \/>\n<script type=\"application\/ld+json\" class=\"yoast-schema-graph\">{\"@context\":\"https:\/\/schema.org\",\"@graph\":[{\"@type\":\"Article\",\"@id\":\"http:\/\/denizcankizil.tr\/de\/haberler\/gundem\/turk-is-hataydan-1-mayis-mesaji\/#article\",\"isPartOf\":{\"@id\":\"http:\/\/denizcankizil.tr\/de\/haberler\/gundem\/turk-is-hataydan-1-mayis-mesaji\/\"},\"author\":{\"name\":\"admin\",\"@id\":\"https:\/\/denizcankizil.tr\/#\/schema\/person\/be3c05fe6a12686905512445d8185489\"},\"headline\":\"T\u00dcRK-\u0130\u015e Hatay\u2019dan 1 May\u0131s Mesaj\u0131\u2026\",\"datePublished\":\"2025-04-30T07:43:06+00:00\",\"mainEntityOfPage\":{\"@id\":\"http:\/\/denizcankizil.tr\/de\/haberler\/gundem\/turk-is-hataydan-1-mayis-mesaji\/\"},\"wordCount\":493,\"publisher\":{\"@id\":\"https:\/\/denizcankizil.tr\/#organization\"},\"articleSection\":[\"G\u00fcndem\"],\"inLanguage\":\"de\"},{\"@type\":\"WebPage\",\"@id\":\"http:\/\/denizcankizil.tr\/de\/haberler\/gundem\/turk-is-hataydan-1-mayis-mesaji\/\",\"url\":\"http:\/\/denizcankizil.tr\/de\/haberler\/gundem\/turk-is-hataydan-1-mayis-mesaji\/\",\"name\":\"T\u00dcRK-\u0130\u015e Hatay\u2019dan 1 May\u0131s Mesaj\u0131\u2026 - Av. Deniz Can K\u0131z\u0131l\",\"isPartOf\":{\"@id\":\"https:\/\/denizcankizil.tr\/#website\"},\"datePublished\":\"2025-04-30T07:43:06+00:00\",\"breadcrumb\":{\"@id\":\"http:\/\/denizcankizil.tr\/de\/haberler\/gundem\/turk-is-hataydan-1-mayis-mesaji\/#breadcrumb\"},\"inLanguage\":\"de\",\"potentialAction\":[{\"@type\":\"ReadAction\",\"target\":[\"http:\/\/denizcankizil.tr\/de\/haberler\/gundem\/turk-is-hataydan-1-mayis-mesaji\/\"]}]},{\"@type\":\"BreadcrumbList\",\"@id\":\"http:\/\/denizcankizil.tr\/de\/haberler\/gundem\/turk-is-hataydan-1-mayis-mesaji\/#breadcrumb\",\"itemListElement\":[{\"@type\":\"ListItem\",\"position\":1,\"name\":\"Home\",\"item\":\"https:\/\/denizcankizil.tr\/de\/\"},{\"@type\":\"ListItem\",\"position\":2,\"name\":\"T\u00dcRK-\u0130\u015e Hatay\u2019dan 1 May\u0131s Mesaj\u0131\u2026\"}]},{\"@type\":\"WebSite\",\"@id\":\"https:\/\/denizcankizil.tr\/#website\",\"url\":\"https:\/\/denizcankizil.tr\/\",\"name\":\"Av. Deniz Can K\u0131z\u0131l\",\"description\":\"Avukat Deniz Can K\u0131z\u0131l Antalya Barosu\",\"publisher\":{\"@id\":\"https:\/\/denizcankizil.tr\/#organization\"},\"potentialAction\":[{\"@type\":\"SearchAction\",\"target\":{\"@type\":\"EntryPoint\",\"urlTemplate\":\"https:\/\/denizcankizil.tr\/?s={search_term_string}\"},\"query-input\":{\"@type\":\"PropertyValueSpecification\",\"valueRequired\":true,\"valueName\":\"search_term_string\"}}],\"inLanguage\":\"de\"},{\"@type\":\"Organization\",\"@id\":\"https:\/\/denizcankizil.tr\/#organization\",\"name\":\"Av. Deniz Can K\u0131z\u0131l\",\"url\":\"https:\/\/denizcankizil.tr\/\",\"logo\":{\"@type\":\"ImageObject\",\"inLanguage\":\"de\",\"@id\":\"https:\/\/denizcankizil.tr\/#\/schema\/logo\/image\/\",\"url\":\"http:\/\/denizcankizil.tr\/wp-content\/uploads\/2024\/10\/siyah-logo-svg.svg\",\"contentUrl\":\"http:\/\/denizcankizil.tr\/wp-content\/uploads\/2024\/10\/siyah-logo-svg.svg\",\"width\":1080,\"height\":1080,\"caption\":\"Av. Deniz Can K\u0131z\u0131l\"},\"image\":{\"@id\":\"https:\/\/denizcankizil.tr\/#\/schema\/logo\/image\/\"}},{\"@type\":\"Person\",\"@id\":\"https:\/\/denizcankizil.tr\/#\/schema\/person\/be3c05fe6a12686905512445d8185489\",\"name\":\"admin\",\"image\":{\"@type\":\"ImageObject\",\"inLanguage\":\"de\",\"@id\":\"https:\/\/denizcankizil.tr\/#\/schema\/person\/image\/\",\"url\":\"https:\/\/secure.gravatar.com\/avatar\/c1fce94c830dc79107e174f890d7210541c4a63e8e5d816341794a2151c9d58c?s=96&d=mm&r=g\",\"contentUrl\":\"https:\/\/secure.gravatar.com\/avatar\/c1fce94c830dc79107e174f890d7210541c4a63e8e5d816341794a2151c9d58c?s=96&d=mm&r=g\",\"caption\":\"admin\"},\"sameAs\":[\"http:\/\/denizcankizil.tr\"],\"url\":\"https:\/\/www.iskenderun.org\/turk-is-hataydan-1-mayis-mesaji\"}]}<\/script>\n<!-- \/ Yoast SEO Premium plugin. -->","yoast_head_json":{"title":"T\u00dcRK-\u0130\u015e Hatay\u2019dan 1 May\u0131s Mesaj\u0131\u2026 - Av. Deniz Can K\u0131z\u0131l","robots":{"index":"index","follow":"follow","max-snippet":"max-snippet:-1","max-image-preview":"max-image-preview:large","max-video-preview":"max-video-preview:-1"},"canonical":"http:\/\/denizcankizil.tr\/de\/haberler\/gundem\/turk-is-hataydan-1-mayis-mesaji\/","og_locale":"de_DE","og_type":"article","og_title":"T\u00dcRK-\u0130\u015e Hatay\u2019dan 1 May\u0131s Mesaj\u0131\u2026","og_description":"\u0130\u015f\u00e7i, emek\u00e7i ve al\u0131n teri m\u00fccadelesi verenler ile kamuoyuna seslenen Varan \u201c1 May\u0131s, i\u015f\u00e7i s\u0131n\u0131f\u0131n\u0131n kararl\u0131l\u0131\u011f\u0131yla, dayan\u0131\u015fmas\u0131yla ve m\u00fccadelesiyle anlaml\u0131d\u0131r. \u0130\u015f\u00e7iler, din, dil, \u0131rk, renk, cinsiyet ve siyasi d\u00fc\u015f\u00fcnce ayr\u0131m\u0131 olmaks\u0131z\u0131n ortak talepler etraf\u0131nda bir araya gelmektedir. T\u00fcrkiye\u2019nin d\u00f6rt bir yan\u0131nda ve d\u00fcnyan\u0131n bir\u00e7ok yerinde emek\u00e7ilerin benzer sorunlara kar\u015f\u0131 m\u00fccadele ediyor\u201d dedi. \u201c\u0130nsanca \u00c7al\u0131\u015fmak ve Ya\u015famak \u0130stiyoruz\u201d Ta\u015feron \u00e7al\u0131\u015fman\u0131n, g\u00fcvencesizli\u011fin, d\u00fc\u015f\u00fck \u00fccretlerin ve i\u015f cinayetlerinin sona erdirilmesi \u00e7a\u011fr\u0131s\u0131nda bulunan \u00c7ak\u0131r Varan, \u201cBizler, al\u0131n teriyle ya\u015fayan, haram lokma yemeden ge\u00e7inmeye \u00e7al\u0131\u015fan insanlar\u0131z. Bizler, t\u00fcm insanlar\u0131n refah ve huzur i\u00e7inde karde\u015f\u00e7e ya\u015fad\u0131\u011f\u0131 bir d\u00fcnyay\u0131 hayal ediyoruz. Burada \u2018Ekmek, Bar\u0131\u015f, \u00d6zg\u00fcrl\u00fck\u2019 slogan\u0131yla bir araya geliyoruz. Ekme\u011fin hak\u00e7a b\u00f6l\u00fc\u015f\u00fcm\u00fcn\u00fcn m\u00fccadelesini veriyoruz. \u0130\u015fin, ekme\u011fin olmad\u0131\u011f\u0131 bir yerde sosyal bar\u0131\u015f\u0131n da olmayaca\u011f\u0131n\u0131 biliyoruz. Eme\u011fin ba\u015f tac\u0131 edildi\u011fi, her alanda demokrasinin ge\u00e7erli oldu\u011fu bir d\u00fczen istiyoruz. Sorunlara kar\u015f\u0131 m\u00fccadeleyi y\u00fckseltmek i\u00e7in tekrar bir araday\u0131z\u201d diye konu\u015ftu. \u00c7ak\u0131r Varan, k\u0131dem tazminatlar\u0131na el uzat\u0131lmas\u0131na, haks\u0131z yere i\u015ften \u00e7\u0131karmalara, a\u00e7l\u0131\u011fa ve sefalete mahk\u00fbm b\u0131rak\u0131lmaya, sendikas\u0131zla\u015ft\u0131rmaya, g\u00fcvencesizle\u015ftirmeye \u00e7ocuklar\u0131n\u0131n gelece\u011finin \u00e7al\u0131nmas\u0131na ve topyek\u00fbn hayat\u0131n karart\u0131lmas\u0131na kar\u015f\u0131 alanlarda olacaklar\u0131n\u0131 ifade etti. \u00a0 E\u015fitli\u011fi, bar\u0131\u015f\u0131, karde\u015fli\u011fi ve \u00f6zg\u00fcrl\u00fc\u011f\u00fc \u00fclkede ve t\u00fcm d\u00fcnyada egemen k\u0131lacak g\u00fcc\u00fcn emek\u00e7ide oldu\u011funa i\u015faret eden \u00c7ak\u0131r Varan \u201cT\u00fcm kurum ve kurallar\u0131yla demokrasi, ancak bizlerin m\u00fccadelesiyle sa\u011flanabilir. Bug\u00fcn m\u00fccadele azmimizi bir &hellip;","og_url":"http:\/\/denizcankizil.tr\/de\/haberler\/gundem\/turk-is-hataydan-1-mayis-mesaji\/","og_site_name":"Av. Deniz Can K\u0131z\u0131l","article_published_time":"2025-04-30T07:43:06+00:00","author":"admin","twitter_card":"summary_large_image","twitter_misc":{"Verfasst von":"admin","Gesch\u00e4tzte Lesezeit":"2\u00a0Minuten"},"schema":{"@context":"https:\/\/schema.org","@graph":[{"@type":"Article","@id":"http:\/\/denizcankizil.tr\/de\/haberler\/gundem\/turk-is-hataydan-1-mayis-mesaji\/#article","isPartOf":{"@id":"http:\/\/denizcankizil.tr\/de\/haberler\/gundem\/turk-is-hataydan-1-mayis-mesaji\/"},"author":{"name":"admin","@id":"https:\/\/denizcankizil.tr\/#\/schema\/person\/be3c05fe6a12686905512445d8185489"},"headline":"T\u00dcRK-\u0130\u015e Hatay\u2019dan 1 May\u0131s Mesaj\u0131\u2026","datePublished":"2025-04-30T07:43:06+00:00","mainEntityOfPage":{"@id":"http:\/\/denizcankizil.tr\/de\/haberler\/gundem\/turk-is-hataydan-1-mayis-mesaji\/"},"wordCount":493,"publisher":{"@id":"https:\/\/denizcankizil.tr\/#organization"},"articleSection":["G\u00fcndem"],"inLanguage":"de"},{"@type":"WebPage","@id":"http:\/\/denizcankizil.tr\/de\/haberler\/gundem\/turk-is-hataydan-1-mayis-mesaji\/","url":"http:\/\/denizcankizil.tr\/de\/haberler\/gundem\/turk-is-hataydan-1-mayis-mesaji\/","name":"T\u00dcRK-\u0130\u015e Hatay\u2019dan 1 May\u0131s Mesaj\u0131\u2026 - Av. Deniz Can K\u0131z\u0131l","isPartOf":{"@id":"https:\/\/denizcankizil.tr\/#website"},"datePublished":"2025-04-30T07:43:06+00:00","breadcrumb":{"@id":"http:\/\/denizcankizil.tr\/de\/haberler\/gundem\/turk-is-hataydan-1-mayis-mesaji\/#breadcrumb"},"inLanguage":"de","potentialAction":[{"@type":"ReadAction","target":["http:\/\/denizcankizil.tr\/de\/haberler\/gundem\/turk-is-hataydan-1-mayis-mesaji\/"]}]},{"@type":"BreadcrumbList","@id":"http:\/\/denizcankizil.tr\/de\/haberler\/gundem\/turk-is-hataydan-1-mayis-mesaji\/#breadcrumb","itemListElement":[{"@type":"ListItem","position":1,"name":"Home","item":"https:\/\/denizcankizil.tr\/de\/"},{"@type":"ListItem","position":2,"name":"T\u00dcRK-\u0130\u015e Hatay\u2019dan 1 May\u0131s Mesaj\u0131\u2026"}]},{"@type":"WebSite","@id":"https:\/\/denizcankizil.tr\/#website","url":"https:\/\/denizcankizil.tr\/","name":"Av. Deniz Can K\u0131z\u0131l","description":"Avukat Deniz Can K\u0131z\u0131l Antalya Barosu","publisher":{"@id":"https:\/\/denizcankizil.tr\/#organization"},"potentialAction":[{"@type":"SearchAction","target":{"@type":"EntryPoint","urlTemplate":"https:\/\/denizcankizil.tr\/?s={search_term_string}"},"query-input":{"@type":"PropertyValueSpecification","valueRequired":true,"valueName":"search_term_string"}}],"inLanguage":"de"},{"@type":"Organization","@id":"https:\/\/denizcankizil.tr\/#organization","name":"Av. Deniz Can K\u0131z\u0131l","url":"https:\/\/denizcankizil.tr\/","logo":{"@type":"ImageObject","inLanguage":"de","@id":"https:\/\/denizcankizil.tr\/#\/schema\/logo\/image\/","url":"http:\/\/denizcankizil.tr\/wp-content\/uploads\/2024\/10\/siyah-logo-svg.svg","contentUrl":"http:\/\/denizcankizil.tr\/wp-content\/uploads\/2024\/10\/siyah-logo-svg.svg","width":1080,"height":1080,"caption":"Av. Deniz Can K\u0131z\u0131l"},"image":{"@id":"https:\/\/denizcankizil.tr\/#\/schema\/logo\/image\/"}},{"@type":"Person","@id":"https:\/\/denizcankizil.tr\/#\/schema\/person\/be3c05fe6a12686905512445d8185489","name":"Administrator","image":{"@type":"ImageObject","inLanguage":"de","@id":"https:\/\/denizcankizil.tr\/#\/schema\/person\/image\/","url":"https:\/\/secure.gravatar.com\/avatar\/c1fce94c830dc79107e174f890d7210541c4a63e8e5d816341794a2151c9d58c?s=96&d=mm&r=g","contentUrl":"https:\/\/secure.gravatar.com\/avatar\/c1fce94c830dc79107e174f890d7210541c4a63e8e5d816341794a2151c9d58c?s=96&d=mm&r=g","caption":"admin"},"sameAs":["http:\/\/denizcankizil.tr"],"url":"https:\/\/www.iskenderun.org\/turk-is-hataydan-1-mayis-mesaji"}]}},"_links":{"self":[{"href":"http:\/\/denizcankizil.tr\/de\/wp-json\/wp\/v2\/posts\/71296","targetHints":{"allow":["GET"]}}],"collection":[{"href":"http:\/\/denizcankizil.tr\/de\/wp-json\/wp\/v2\/posts"}],"about":[{"href":"http:\/\/denizcankizil.tr\/de\/wp-json\/wp\/v2\/types\/post"}],"author":[{"embeddable":true,"href":"http:\/\/denizcankizil.tr\/de\/wp-json\/wp\/v2\/users\/1"}],"replies":[{"embeddable":true,"href":"http:\/\/denizcankizil.tr\/de\/wp-json\/wp\/v2\/comments?post=71296"}],"version-history":[{"count":0,"href":"http:\/\/denizcankizil.tr\/de\/wp-json\/wp\/v2\/posts\/71296\/revisions"}],"wp:attachment":[{"href":"http:\/\/denizcankizil.tr\/de\/wp-json\/wp\/v2\/media?parent=71296"}],"wp:term":[{"taxonomy":"category","embeddable":true,"href":"http:\/\/denizcankizil.tr\/de\/wp-json\/wp\/v2\/categories?post=71296"},{"taxonomy":"post_tag","embeddable":true,"href":"http:\/\/denizcankizil.tr\/de\/wp-json\/wp\/v2\/tags?post=71296"}],"curies":[{"name":"wp","href":"https:\/\/api.w.org\/{rel}","templated":true}]}}