{"id":70179,"date":"2025-04-29T10:43:04","date_gmt":"2025-04-29T07:43:04","guid":{"rendered":"https:\/\/denizcankizil.tr\/uncategorized-tr\/malatyada-15-yillik-su-sorunu-cozuluyor\/"},"modified":"2025-04-29T10:43:04","modified_gmt":"2025-04-29T07:43:04","slug":"malatyada-15-yillik-su-sorunu-cozuluyor","status":"publish","type":"post","link":"http:\/\/denizcankizil.tr\/de\/haberler\/gundem\/malatyada-15-yillik-su-sorunu-cozuluyor\/","title":{"rendered":"Malatya&#8217;da 15 y\u0131ll\u0131k su sorunu \u00e7\u00f6z\u00fcl\u00fcyor!"},"content":{"rendered":"<p>Malatya B\u00fcy\u00fck\u015fehir Belediyesi Su ve Kanalizasyon \u0130daresi (MASK\u0130) Genel M\u00fcd\u00fcrl\u00fc\u011f\u00fc, Ye\u015filyurt \u0130l\u00e7esi Cumhuriyet \u00d6rnekk\u00f6y Mahallesi ile K\u0131rlang\u0131\u00e7 Mahallesi\u2019nde i\u00e7me suyu ve i\u00e7me suyu deposu, biriktirme deposu \u00e7al\u0131\u015fmalar\u0131na devam ediyor.MALATYA (\u0130GFA) &#8211;\u00a0MASK\u0130 Genel M\u00fcd\u00fcrl\u00fc\u011f\u00fc ekipleri, Ye\u015filyurt il\u00e7esi Cumhuriyet \u00d6rnekk\u00f6yve K\u0131rlang\u0131\u00e7 Mahallesi\u2019nde toplam 7 bin metre uzunlu\u011fundaki isale hatt\u0131n\u0131n 5 bin 100 metrelik k\u0131sm\u0131ndaki imalat \u00e7al\u0131\u015fmalar\u0131n\u0131 s\u00fcrd\u00fcr\u00fcyor. B\u00f6lgede 1 adet 100 tonluk, 1 adet 50 tonluk ve 1 adet 30 tonluk kapasiteli i\u00e7me suyu biriktirme deposu in\u015fa ediliyor.<br \/>\nKIRLANGI\u00c7 MAHALLE MUHTARI \u00d6ZG\u00dcR D\u00dcZG\u00dcNER: \u201c15 YILLIK SU SORUNUMUZ \u00c7\u00d6Z\u00dcL\u00dcYOR\u201d<br \/>\nK\u0131rlang\u0131\u00e7 Mahallesi\u2019nde yap\u0131lan altyap\u0131 yat\u0131r\u0131mlar\u0131ndan duydu\u011fu memnuniyeti dile getiren Mahalle Muhtar\u0131 \u00d6zg\u00fcr D\u00fczg\u00fcner: \u00a0\u201c15 y\u0131la yak\u0131nd\u0131r mahallemizde i\u00e7me suyu problemi vard\u0131. MASK\u0130 Genel M\u00fcd\u00fcrl\u00fc\u011f\u00fc mahallemizi yat\u0131r\u0131m program\u0131na dahil etti ve \u015fu anda mahallemizin 15 y\u0131ll\u0131k i\u00e7me suyu problemi uzun vadeli bir \u015fekilde \u00e7\u00f6zmek i\u00e7in \u00e7al\u0131\u015fmalar\u0131na ba\u015flad\u0131. Mahallemizde biri 2 litreye yak\u0131n, di\u011feri de 0,75 litre suyu olan iki tane sondaj\u0131m\u0131z var. Pandemi ve deprem sonras\u0131 k\u0131rsalda ya\u015faman\u0131n artmas\u0131yla \u015fu an mahallemizin hane say\u0131s\u0131 180\u2019e ula\u015ft\u0131. N\u00fcfus say\u0131s\u0131 da 300\u2019\u00fc ge\u00e7meye ba\u015flad\u0131. \u0130\u00e7me suyu ihtiyac\u0131m\u0131z her ge\u00e7en g\u00fcn artmaya ba\u015flam\u0131\u015ft\u0131. Mahallemizde ger\u00e7ekle\u015ftirilen bu \u00e7al\u0131\u015fmayla vatanda\u015flar\u0131m\u0131z\u0131n su ihtiyac\u0131 kar\u015f\u0131lanm\u0131\u015f olacak.\u201d\u00a0<br \/>\nK\u0131rlang\u0131\u00e7 Mahallesi\u2019nde yap\u0131lan altyap\u0131 yat\u0131r\u0131mlar\u0131ndan duydu\u011fu memnuniyeti dile getiren Mahalle Muhtar\u0131\u00a0\u201c Ayn\u0131 zamanda K\u0131rlang\u0131\u00e7 Mahallesi ve Cumhuriyet \u00d6rnekk\u00f6y Mahallesi\u2019ne bu hattan su verilecek. Yeni yap\u0131lan deprem konutlar\u0131na da bu hattan su temin edilecek. Ortalama 83 konut orada oluyor. B\u00f6ylece Cumhuriyet \u00d6rnekk\u00f6y Mahallesi\u2019nin su problemleri \u00e7\u00f6z\u00fclm\u00fc\u015f olacak. Bu proje i\u00e7in ba\u015fta Malatya B\u00fcy\u00fck\u015fehir Belediye Ba\u015fkan\u0131m\u0131z Say\u0131n Sami Er\u2019e, MASK\u0130 Genel M\u00fcd\u00fcr\u00fc Sinan \u00c7e\u00e7en\u2019e ve t\u00fcm emek\u00e7ilere \u00e7ok te\u015fekk\u00fcr ediyoruz. Allah raz\u0131 olsun onlardan.\u201d dedi.<\/p>\n<p>MASK\u0130 GENEL M\u00dcD\u00dcR\u00dc S\u0130NAN \u00c7E\u00c7EN \u201c7000 METRE ALTYAPI YATIRIMI YAPIYORUZ\u201d<br \/>\nKonuya ili\u015fkin a\u00e7\u0131klama yapan MASK\u0130 Genel M\u00fcd\u00fcr\u00fc Sinan \u00c7e\u00e7en, yap\u0131lan \u00e7al\u0131\u015fmalar\u0131n b\u00f6lge halk\u0131n\u0131n ya\u015fam kalitesini art\u0131rmay\u0131 hedefledi\u011fini belirterek \u015fu ifadeleri kulland\u0131: \u201cMASK\u0130 olarak Malatya\u2019n\u0131n d\u00f6rt bir yan\u0131nda vatanda\u015flar\u0131m\u0131z\u0131n temel ihtiya\u00e7lar\u0131na cevap verecek altyap\u0131 yat\u0131r\u0131mlar\u0131n\u0131 kararl\u0131l\u0131kla s\u00fcrd\u00fcr\u00fcyoruz.<br \/>\nYe\u015filyurt \u0130l\u00e7emize ba\u011fl\u0131 Cumhuriyet \u00d6rnekk\u00f6y ve K\u0131rlang\u0131\u00e7 Mahallesi\u2019nde uzun s\u00fcredir ya\u015fanan i\u00e7me suyu s\u0131k\u0131nt\u0131s\u0131n\u0131 gidermek amac\u0131yla ba\u015flatt\u0131\u011f\u0131m\u0131z proje kapsam\u0131nda, toplam 7 bin metre uzunlu\u011fundaki isale hatt\u0131n\u0131n 5 bin 100 metrelik k\u0131sm\u0131nda imalat \u00e7al\u0131\u015fmalar\u0131m\u0131z devam ediyor. B\u00f6lgedeki su ihtiyac\u0131n\u0131 kar\u015f\u0131lamak \u00fczere 1 adet 100 tonluk, 1 adet 50 tonluk ve 1 adet 30 tonluk i\u00e7me suyu biriktirme deposunun in\u015fas\u0131n\u0131 s\u00fcrd\u00fcr\u00fcyoruz. Bu yap\u0131lar, artan n\u00fcfusla birlikte gelecekte de yeterli su temini sa\u011flamak a\u00e7\u0131s\u0131ndan b\u00fcy\u00fck \u00f6nem ta\u015f\u0131yor. MASK\u0130 Genel M\u00fcd\u00fcrl\u00fc\u011f\u00fc olarak, altyap\u0131 eksikliklerini tespit ederek kal\u0131c\u0131 \u00e7\u00f6z\u00fcmler \u00fcretmeye devam edece\u011fiz. Vatanda\u015flar\u0131m\u0131z\u0131n temiz, sa\u011fl\u0131kl\u0131 ve kesintisiz i\u00e7me suyuna ula\u015fmas\u0131 i\u00e7in t\u00fcm ekiplerimizle sahaday\u0131z. Projelerimizin hayata ge\u00e7irilmesinde desteklerini esirgemeyen Say\u0131n B\u00fcy\u00fck\u015fehir Belediye Ba\u015fkan\u0131m\u0131z Sami Er\u2019e ve eme\u011fi ge\u00e7en t\u00fcm mesai arkada\u015flar\u0131ma te\u015fekk\u00fcr ediyorum\u201d dedi.<\/p>\n<p>\u200bMalatya B\u00fcy\u00fck\u015fehir Belediyesi Su ve Kanalizasyon \u0130daresi (MASK\u0130) Genel M\u00fcd\u00fcrl\u00fc\u011f\u00fc, Ye\u015filyurt \u0130l\u00e7esi Cumhuriyet \u00d6rnekk\u00f6y Mahallesi ile K\u0131rlang\u0131\u00e7 Mahallesi\u2019nde i\u00e7me suyu ve i\u00e7me suyu deposu, biriktirme deposu \u00e7al\u0131\u015fmalar\u0131na devam ediyor.MALATYA (\u0130GFA) &#8211;\u00a0MASK\u0130 Genel M\u00fcd\u00fcrl\u00fc\u011f\u00fc ekipleri, Ye\u015filyurt il\u00e7esi Cumhuriyet \u00d6rnekk\u00f6yve K\u0131rlang\u0131\u00e7 Mahallesi\u2019nde toplam 7 bin metre uzunlu\u011fundaki isale hatt\u0131n\u0131n 5 bin 100 metrelik k\u0131sm\u0131ndaki imalat \u00e7al\u0131\u015fmalar\u0131n\u0131 s\u00fcrd\u00fcr\u00fcyor. B\u00f6lgede 1 adet 100 tonluk, 1 adet 50 tonluk ve 1 adet 30 tonluk kapasiteli i\u00e7me suyu biriktirme deposu in\u015fa ediliyor.<br \/>\nKIRLANGI\u00c7 MAHALLE MUHTARI \u00d6ZG\u00dcR D\u00dcZG\u00dcNER: \u201c15 YILLIK SU SORUNUMUZ \u00c7\u00d6Z\u00dcL\u00dcYOR\u201d<br \/>\nK\u0131rlang\u0131\u00e7 Mahallesi\u2019nde yap\u0131lan altyap\u0131 yat\u0131r\u0131mlar\u0131ndan duydu\u011fu memnuniyeti dile getiren Mahalle Muhtar\u0131 \u00d6zg\u00fcr D\u00fczg\u00fcner: \u00a0\u201c15 y\u0131la yak\u0131nd\u0131r mahallemizde i\u00e7me suyu problemi vard\u0131. MASK\u0130 Genel M\u00fcd\u00fcrl\u00fc\u011f\u00fc mahallemizi yat\u0131r\u0131m program\u0131na dahil etti ve \u015fu anda mahallemizin 15 y\u0131ll\u0131k i\u00e7me suyu problemi uzun vadeli bir \u015fekilde \u00e7\u00f6zmek i\u00e7in \u00e7al\u0131\u015fmalar\u0131na ba\u015flad\u0131. Mahallemizde biri 2 litreye yak\u0131n, di\u011feri de 0,75 litre suyu olan iki tane sondaj\u0131m\u0131z var. Pandemi ve deprem sonras\u0131 k\u0131rsalda ya\u015faman\u0131n artmas\u0131yla \u015fu an mahallemizin hane say\u0131s\u0131 180\u2019e ula\u015ft\u0131. N\u00fcfus say\u0131s\u0131 da 300\u2019\u00fc ge\u00e7meye ba\u015flad\u0131. \u0130\u00e7me suyu ihtiyac\u0131m\u0131z her ge\u00e7en g\u00fcn artmaya ba\u015flam\u0131\u015ft\u0131. Mahallemizde ger\u00e7ekle\u015ftirilen bu \u00e7al\u0131\u015fmayla vatanda\u015flar\u0131m\u0131z\u0131n su ihtiyac\u0131 kar\u015f\u0131lanm\u0131\u015f olacak.\u201d\u00a0<br \/>\nK\u0131rlang\u0131\u00e7 Mahallesi\u2019nde yap\u0131lan altyap\u0131 yat\u0131r\u0131mlar\u0131ndan duydu\u011fu memnuniyeti dile getiren Mahalle Muhtar\u0131\u00a0\u201c Ayn\u0131 zamanda K\u0131rlang\u0131\u00e7 Mahallesi ve Cumhuriyet \u00d6rnekk\u00f6y Mahallesi\u2019ne bu hattan su verilecek. Yeni yap\u0131lan deprem konutlar\u0131na da bu hattan su temin edilecek. Ortalama 83 konut orada oluyor. B\u00f6ylece Cumhuriyet \u00d6rnekk\u00f6y Mahallesi\u2019nin su problemleri \u00e7\u00f6z\u00fclm\u00fc\u015f olacak. Bu proje i\u00e7in ba\u015fta Malatya B\u00fcy\u00fck\u015fehir Belediye Ba\u015fkan\u0131m\u0131z Say\u0131n Sami Er\u2019e, MASK\u0130 Genel M\u00fcd\u00fcr\u00fc Sinan \u00c7e\u00e7en\u2019e ve t\u00fcm emek\u00e7ilere \u00e7ok te\u015fekk\u00fcr ediyoruz. Allah raz\u0131 olsun onlardan.\u201d dedi.<\/p>\n<p>MASK\u0130 GENEL M\u00dcD\u00dcR\u00dc S\u0130NAN \u00c7E\u00c7EN \u201c7000 METRE ALTYAPI YATIRIMI YAPIYORUZ\u201d<br \/>\nKonuya ili\u015fkin a\u00e7\u0131klama yapan MASK\u0130 Genel M\u00fcd\u00fcr\u00fc Sinan \u00c7e\u00e7en, yap\u0131lan \u00e7al\u0131\u015fmalar\u0131n b\u00f6lge halk\u0131n\u0131n ya\u015fam kalitesini art\u0131rmay\u0131 hedefledi\u011fini belirterek \u015fu ifadeleri kulland\u0131: \u201cMASK\u0130 olarak Malatya\u2019n\u0131n d\u00f6rt bir yan\u0131nda vatanda\u015flar\u0131m\u0131z\u0131n temel ihtiya\u00e7lar\u0131na cevap verecek altyap\u0131 yat\u0131r\u0131mlar\u0131n\u0131 kararl\u0131l\u0131kla s\u00fcrd\u00fcr\u00fcyoruz.<br \/>\nYe\u015filyurt \u0130l\u00e7emize ba\u011fl\u0131 Cumhuriyet \u00d6rnekk\u00f6y ve K\u0131rlang\u0131\u00e7 Mahallesi\u2019nde uzun s\u00fcredir ya\u015fanan i\u00e7me suyu s\u0131k\u0131nt\u0131s\u0131n\u0131 gidermek amac\u0131yla ba\u015flatt\u0131\u011f\u0131m\u0131z proje kapsam\u0131nda, toplam 7 bin metre uzunlu\u011fundaki isale hatt\u0131n\u0131n 5 bin 100 metrelik k\u0131sm\u0131nda imalat \u00e7al\u0131\u015fmalar\u0131m\u0131z devam ediyor. B\u00f6lgedeki su ihtiyac\u0131n\u0131 kar\u015f\u0131lamak \u00fczere 1 adet 100 tonluk, 1 adet 50 tonluk ve 1 adet 30 tonluk i\u00e7me suyu biriktirme deposunun in\u015fas\u0131n\u0131 s\u00fcrd\u00fcr\u00fcyoruz. Bu yap\u0131lar, artan n\u00fcfusla birlikte gelecekte de yeterli su temini sa\u011flamak a\u00e7\u0131s\u0131ndan b\u00fcy\u00fck \u00f6nem ta\u015f\u0131yor. MASK\u0130 Genel M\u00fcd\u00fcrl\u00fc\u011f\u00fc olarak, altyap\u0131 eksikliklerini tespit ederek kal\u0131c\u0131 \u00e7\u00f6z\u00fcmler \u00fcretmeye devam edece\u011fiz. Vatanda\u015flar\u0131m\u0131z\u0131n temiz, sa\u011fl\u0131kl\u0131 ve kesintisiz i\u00e7me suyuna ula\u015fmas\u0131 i\u00e7in t\u00fcm ekiplerimizle sahaday\u0131z. Projelerimizin hayata ge\u00e7irilmesinde desteklerini esirgemeyen Say\u0131n B\u00fcy\u00fck\u015fehir Belediye Ba\u015fkan\u0131m\u0131z Sami Er\u2019e ve eme\u011fi ge\u00e7en t\u00fcm mesai arkada\u015flar\u0131ma te\u015fekk\u00fcr ediyorum\u201d dedi.\u00a0<\/p>\n<p>\u200bHaberin Al\u0131nt\u0131land\u0131\u011f\u0131 Kaynak: www.iskenderun.org<\/p>","protected":false},"excerpt":{"rendered":"<p>Malatya B\u00fcy\u00fck\u015fehir Belediyesi Su ve Kanalizasyon \u0130daresi (MASK\u0130) Genel M\u00fcd\u00fcrl\u00fc\u011f\u00fc, Ye\u015filyurt \u0130l\u00e7esi Cumhuriyet \u00d6rnekk\u00f6y Mahallesi ile K\u0131rlang\u0131\u00e7 Mahallesi\u2019nde i\u00e7me suyu ve i\u00e7me suyu deposu, biriktirme deposu \u00e7al\u0131\u015fmalar\u0131na devam ediyor.MALATYA (\u0130GFA) &#8211;\u00a0MASK\u0130 Genel M\u00fcd\u00fcrl\u00fc\u011f\u00fc ekipleri, Ye\u015filyurt il\u00e7esi Cumhuriyet \u00d6rnekk\u00f6yve K\u0131rlang\u0131\u00e7 Mahallesi\u2019nde toplam 7 bin metre uzunlu\u011fundaki isale hatt\u0131n\u0131n 5 bin 100 metrelik k\u0131sm\u0131ndaki imalat \u00e7al\u0131\u015fmalar\u0131n\u0131 s\u00fcrd\u00fcr\u00fcyor. B\u00f6lgede 1 adet 100 tonluk, 1 adet 50 tonluk ve 1 adet 30 tonluk kapasiteli i\u00e7me suyu biriktirme deposu in\u015fa ediliyor. KIRLANGI\u00c7 MAHALLE MUHTARI \u00d6ZG\u00dcR D\u00dcZG\u00dcNER: \u201c15 YILLIK SU SORUNUMUZ \u00c7\u00d6Z\u00dcL\u00dcYOR\u201d K\u0131rlang\u0131\u00e7 Mahallesi\u2019nde yap\u0131lan altyap\u0131 yat\u0131r\u0131mlar\u0131ndan duydu\u011fu memnuniyeti dile getiren Mahalle Muhtar\u0131 \u00d6zg\u00fcr D\u00fczg\u00fcner: \u00a0\u201c15 y\u0131la yak\u0131nd\u0131r mahallemizde i\u00e7me suyu problemi vard\u0131. MASK\u0130 Genel M\u00fcd\u00fcrl\u00fc\u011f\u00fc mahallemizi yat\u0131r\u0131m program\u0131na dahil etti ve \u015fu anda mahallemizin 15 y\u0131ll\u0131k i\u00e7me suyu problemi uzun vadeli bir \u015fekilde \u00e7\u00f6zmek i\u00e7in \u00e7al\u0131\u015fmalar\u0131na ba\u015flad\u0131. Mahallemizde biri 2 litreye yak\u0131n, di\u011feri de 0,75 litre suyu olan iki tane sondaj\u0131m\u0131z var. Pandemi ve deprem sonras\u0131 k\u0131rsalda ya\u015faman\u0131n artmas\u0131yla \u015fu an mahallemizin hane say\u0131s\u0131 180\u2019e ula\u015ft\u0131. N\u00fcfus say\u0131s\u0131 da 300\u2019\u00fc ge\u00e7meye ba\u015flad\u0131. \u0130\u00e7me suyu ihtiyac\u0131m\u0131z her ge\u00e7en g\u00fcn artmaya ba\u015flam\u0131\u015ft\u0131. Mahallemizde ger\u00e7ekle\u015ftirilen bu \u00e7al\u0131\u015fmayla vatanda\u015flar\u0131m\u0131z\u0131n su ihtiyac\u0131 kar\u015f\u0131lanm\u0131\u015f olacak.\u201d\u00a0 K\u0131rlang\u0131\u00e7 Mahallesi\u2019nde yap\u0131lan altyap\u0131 yat\u0131r\u0131mlar\u0131ndan duydu\u011fu memnuniyeti dile getiren Mahalle Muhtar\u0131\u00a0\u201c Ayn\u0131 zamanda K\u0131rlang\u0131\u00e7 Mahallesi ve &hellip;<\/p>","protected":false},"author":1,"featured_media":0,"comment_status":"","ping_status":"open","sticky":false,"template":"","format":"standard","meta":{"_acf_changed":false,"footnotes":""},"categories":[24],"tags":[],"class_list":["post-70179","post","type-post","status-publish","format-standard","has-post-thumbnail","hentry","category-gundem"],"acf":[],"yoast_head":"<!-- This site is optimized with the Yoast SEO Premium plugin v26.6 (Yoast SEO v27.1.1) - https:\/\/yoast.com\/product\/yoast-seo-premium-wordpress\/ -->\n<title>Malatya&#039;da 15 y\u0131ll\u0131k su sorunu \u00e7\u00f6z\u00fcl\u00fcyor! - Av. Deniz Can K\u0131z\u0131l<\/title>\n<meta name=\"robots\" content=\"index, follow, max-snippet:-1, max-image-preview:large, max-video-preview:-1\" \/>\n<link rel=\"canonical\" href=\"https:\/\/denizcankizil.tr\/de\/haberler\/gundem\/malatyada-15-yillik-su-sorunu-cozuluyor\/\" \/>\n<meta property=\"og:locale\" content=\"de_DE\" \/>\n<meta property=\"og:type\" content=\"article\" \/>\n<meta property=\"og:title\" content=\"Malatya&#039;da 15 y\u0131ll\u0131k su sorunu \u00e7\u00f6z\u00fcl\u00fcyor!\" \/>\n<meta property=\"og:description\" content=\"Malatya B\u00fcy\u00fck\u015fehir Belediyesi Su ve Kanalizasyon \u0130daresi (MASK\u0130) Genel M\u00fcd\u00fcrl\u00fc\u011f\u00fc, Ye\u015filyurt \u0130l\u00e7esi Cumhuriyet \u00d6rnekk\u00f6y Mahallesi ile K\u0131rlang\u0131\u00e7 Mahallesi\u2019nde i\u00e7me suyu ve i\u00e7me suyu deposu, biriktirme deposu \u00e7al\u0131\u015fmalar\u0131na devam ediyor.MALATYA (\u0130GFA) &#8211;\u00a0MASK\u0130 Genel M\u00fcd\u00fcrl\u00fc\u011f\u00fc ekipleri, Ye\u015filyurt il\u00e7esi Cumhuriyet \u00d6rnekk\u00f6yve K\u0131rlang\u0131\u00e7 Mahallesi\u2019nde toplam 7 bin metre uzunlu\u011fundaki isale hatt\u0131n\u0131n 5 bin 100 metrelik k\u0131sm\u0131ndaki imalat \u00e7al\u0131\u015fmalar\u0131n\u0131 s\u00fcrd\u00fcr\u00fcyor. B\u00f6lgede 1 adet 100 tonluk, 1 adet 50 tonluk ve 1 adet 30 tonluk kapasiteli i\u00e7me suyu biriktirme deposu in\u015fa ediliyor. KIRLANGI\u00c7 MAHALLE MUHTARI \u00d6ZG\u00dcR D\u00dcZG\u00dcNER: \u201c15 YILLIK SU SORUNUMUZ \u00c7\u00d6Z\u00dcL\u00dcYOR\u201d K\u0131rlang\u0131\u00e7 Mahallesi\u2019nde yap\u0131lan altyap\u0131 yat\u0131r\u0131mlar\u0131ndan duydu\u011fu memnuniyeti dile getiren Mahalle Muhtar\u0131 \u00d6zg\u00fcr D\u00fczg\u00fcner: \u00a0\u201c15 y\u0131la yak\u0131nd\u0131r mahallemizde i\u00e7me suyu problemi vard\u0131. MASK\u0130 Genel M\u00fcd\u00fcrl\u00fc\u011f\u00fc mahallemizi yat\u0131r\u0131m program\u0131na dahil etti ve \u015fu anda mahallemizin 15 y\u0131ll\u0131k i\u00e7me suyu problemi uzun vadeli bir \u015fekilde \u00e7\u00f6zmek i\u00e7in \u00e7al\u0131\u015fmalar\u0131na ba\u015flad\u0131. Mahallemizde biri 2 litreye yak\u0131n, di\u011feri de 0,75 litre suyu olan iki tane sondaj\u0131m\u0131z var. Pandemi ve deprem sonras\u0131 k\u0131rsalda ya\u015faman\u0131n artmas\u0131yla \u015fu an mahallemizin hane say\u0131s\u0131 180\u2019e ula\u015ft\u0131. N\u00fcfus say\u0131s\u0131 da 300\u2019\u00fc ge\u00e7meye ba\u015flad\u0131. \u0130\u00e7me suyu ihtiyac\u0131m\u0131z her ge\u00e7en g\u00fcn artmaya ba\u015flam\u0131\u015ft\u0131. Mahallemizde ger\u00e7ekle\u015ftirilen bu \u00e7al\u0131\u015fmayla vatanda\u015flar\u0131m\u0131z\u0131n su ihtiyac\u0131 kar\u015f\u0131lanm\u0131\u015f olacak.\u201d\u00a0 K\u0131rlang\u0131\u00e7 Mahallesi\u2019nde yap\u0131lan altyap\u0131 yat\u0131r\u0131mlar\u0131ndan duydu\u011fu memnuniyeti dile getiren Mahalle Muhtar\u0131\u00a0\u201c Ayn\u0131 zamanda K\u0131rlang\u0131\u00e7 Mahallesi ve &hellip;\" \/>\n<meta property=\"og:url\" content=\"https:\/\/denizcankizil.tr\/de\/haberler\/gundem\/malatyada-15-yillik-su-sorunu-cozuluyor\/\" \/>\n<meta property=\"og:site_name\" content=\"Av. Deniz Can K\u0131z\u0131l\" \/>\n<meta property=\"article:published_time\" content=\"2025-04-29T07:43:04+00:00\" \/>\n<meta name=\"author\" content=\"admin\" \/>\n<meta name=\"twitter:card\" content=\"summary_large_image\" \/>\n<meta name=\"twitter:label1\" content=\"Verfasst von\" \/>\n\t<meta name=\"twitter:data1\" content=\"admin\" \/>\n\t<meta name=\"twitter:label2\" content=\"Gesch\u00e4tzte Lesezeit\" \/>\n\t<meta name=\"twitter:data2\" content=\"6\u00a0Minuten\" \/>\n<script type=\"application\/ld+json\" class=\"yoast-schema-graph\">{\"@context\":\"https:\/\/schema.org\",\"@graph\":[{\"@type\":\"Article\",\"@id\":\"https:\/\/denizcankizil.tr\/ru\/haberler\/gundem\/malatyada-15-yillik-su-sorunu-cozuluyor\/#article\",\"isPartOf\":{\"@id\":\"https:\/\/denizcankizil.tr\/ru\/haberler\/gundem\/malatyada-15-yillik-su-sorunu-cozuluyor\/\"},\"author\":{\"name\":\"admin\",\"@id\":\"https:\/\/denizcankizil.tr\/de\/#\/schema\/person\/be3c05fe6a12686905512445d8185489\"},\"headline\":\"Malatya&#8217;da 15 y\u0131ll\u0131k su sorunu \u00e7\u00f6z\u00fcl\u00fcyor!\",\"datePublished\":\"2025-04-29T07:43:04+00:00\",\"mainEntityOfPage\":{\"@id\":\"https:\/\/denizcankizil.tr\/ru\/haberler\/gundem\/malatyada-15-yillik-su-sorunu-cozuluyor\/\"},\"wordCount\":1290,\"publisher\":{\"@id\":\"https:\/\/denizcankizil.tr\/de\/#organization\"},\"articleSection\":[\"G\u00fcndem\"],\"inLanguage\":\"de\"},{\"@type\":\"WebPage\",\"@id\":\"https:\/\/denizcankizil.tr\/ru\/haberler\/gundem\/malatyada-15-yillik-su-sorunu-cozuluyor\/\",\"url\":\"https:\/\/denizcankizil.tr\/ru\/haberler\/gundem\/malatyada-15-yillik-su-sorunu-cozuluyor\/\",\"name\":\"Malatya'da 15 y\u0131ll\u0131k su sorunu \u00e7\u00f6z\u00fcl\u00fcyor! - Av. Deniz Can K\u0131z\u0131l\",\"isPartOf\":{\"@id\":\"https:\/\/denizcankizil.tr\/de\/#website\"},\"datePublished\":\"2025-04-29T07:43:04+00:00\",\"breadcrumb\":{\"@id\":\"https:\/\/denizcankizil.tr\/ru\/haberler\/gundem\/malatyada-15-yillik-su-sorunu-cozuluyor\/#breadcrumb\"},\"inLanguage\":\"de\",\"potentialAction\":[{\"@type\":\"ReadAction\",\"target\":[\"https:\/\/denizcankizil.tr\/ru\/haberler\/gundem\/malatyada-15-yillik-su-sorunu-cozuluyor\/\"]}]},{\"@type\":\"BreadcrumbList\",\"@id\":\"https:\/\/denizcankizil.tr\/ru\/haberler\/gundem\/malatyada-15-yillik-su-sorunu-cozuluyor\/#breadcrumb\",\"itemListElement\":[{\"@type\":\"ListItem\",\"position\":1,\"name\":\"Home\",\"item\":\"https:\/\/denizcankizil.tr\/de\/\"},{\"@type\":\"ListItem\",\"position\":2,\"name\":\"Malatya&#8217;da 15 y\u0131ll\u0131k su sorunu \u00e7\u00f6z\u00fcl\u00fcyor!\"}]},{\"@type\":\"WebSite\",\"@id\":\"https:\/\/denizcankizil.tr\/de\/#website\",\"url\":\"https:\/\/denizcankizil.tr\/de\/\",\"name\":\"Av. Deniz Can K\u0131z\u0131l\",\"description\":\"Avukat Deniz Can K\u0131z\u0131l Antalya Barosu\",\"publisher\":{\"@id\":\"https:\/\/denizcankizil.tr\/de\/#organization\"},\"potentialAction\":[{\"@type\":\"SearchAction\",\"target\":{\"@type\":\"EntryPoint\",\"urlTemplate\":\"https:\/\/denizcankizil.tr\/de\/?s={search_term_string}\"},\"query-input\":{\"@type\":\"PropertyValueSpecification\",\"valueRequired\":true,\"valueName\":\"search_term_string\"}}],\"inLanguage\":\"de\"},{\"@type\":\"Organization\",\"@id\":\"https:\/\/denizcankizil.tr\/de\/#organization\",\"name\":\"Av. Deniz Can K\u0131z\u0131l\",\"url\":\"https:\/\/denizcankizil.tr\/de\/\",\"logo\":{\"@type\":\"ImageObject\",\"inLanguage\":\"de\",\"@id\":\"https:\/\/denizcankizil.tr\/de\/#\/schema\/logo\/image\/\",\"url\":\"http:\/\/denizcankizil.tr\/wp-content\/uploads\/2024\/10\/siyah-logo-svg.svg\",\"contentUrl\":\"http:\/\/denizcankizil.tr\/wp-content\/uploads\/2024\/10\/siyah-logo-svg.svg\",\"width\":1080,\"height\":1080,\"caption\":\"Av. Deniz Can K\u0131z\u0131l\"},\"image\":{\"@id\":\"https:\/\/denizcankizil.tr\/de\/#\/schema\/logo\/image\/\"}},{\"@type\":\"Person\",\"@id\":\"https:\/\/denizcankizil.tr\/de\/#\/schema\/person\/be3c05fe6a12686905512445d8185489\",\"name\":\"admin\",\"image\":{\"@type\":\"ImageObject\",\"inLanguage\":\"de\",\"@id\":\"https:\/\/denizcankizil.tr\/de\/#\/schema\/person\/image\/\",\"url\":\"https:\/\/secure.gravatar.com\/avatar\/c1fce94c830dc79107e174f890d7210541c4a63e8e5d816341794a2151c9d58c?s=96&d=mm&r=g\",\"contentUrl\":\"https:\/\/secure.gravatar.com\/avatar\/c1fce94c830dc79107e174f890d7210541c4a63e8e5d816341794a2151c9d58c?s=96&d=mm&r=g\",\"caption\":\"admin\"},\"sameAs\":[\"http:\/\/denizcankizil.tr\"],\"url\":\"https:\/\/www.iskenderun.org\/malatyada-15-yillik-su-sorunu-cozuluyor\"}]}<\/script>\n<!-- \/ Yoast SEO Premium plugin. -->","yoast_head_json":{"title":"Malatya'da 15 y\u0131ll\u0131k su sorunu \u00e7\u00f6z\u00fcl\u00fcyor! - Av. Deniz Can K\u0131z\u0131l","robots":{"index":"index","follow":"follow","max-snippet":"max-snippet:-1","max-image-preview":"max-image-preview:large","max-video-preview":"max-video-preview:-1"},"canonical":"https:\/\/denizcankizil.tr\/de\/haberler\/gundem\/malatyada-15-yillik-su-sorunu-cozuluyor\/","og_locale":"de_DE","og_type":"article","og_title":"Malatya'da 15 y\u0131ll\u0131k su sorunu \u00e7\u00f6z\u00fcl\u00fcyor!","og_description":"Malatya B\u00fcy\u00fck\u015fehir Belediyesi Su ve Kanalizasyon \u0130daresi (MASK\u0130) Genel M\u00fcd\u00fcrl\u00fc\u011f\u00fc, Ye\u015filyurt \u0130l\u00e7esi Cumhuriyet \u00d6rnekk\u00f6y Mahallesi ile K\u0131rlang\u0131\u00e7 Mahallesi\u2019nde i\u00e7me suyu ve i\u00e7me suyu deposu, biriktirme deposu \u00e7al\u0131\u015fmalar\u0131na devam ediyor.MALATYA (\u0130GFA) &#8211;\u00a0MASK\u0130 Genel M\u00fcd\u00fcrl\u00fc\u011f\u00fc ekipleri, Ye\u015filyurt il\u00e7esi Cumhuriyet \u00d6rnekk\u00f6yve K\u0131rlang\u0131\u00e7 Mahallesi\u2019nde toplam 7 bin metre uzunlu\u011fundaki isale hatt\u0131n\u0131n 5 bin 100 metrelik k\u0131sm\u0131ndaki imalat \u00e7al\u0131\u015fmalar\u0131n\u0131 s\u00fcrd\u00fcr\u00fcyor. B\u00f6lgede 1 adet 100 tonluk, 1 adet 50 tonluk ve 1 adet 30 tonluk kapasiteli i\u00e7me suyu biriktirme deposu in\u015fa ediliyor. KIRLANGI\u00c7 MAHALLE MUHTARI \u00d6ZG\u00dcR D\u00dcZG\u00dcNER: \u201c15 YILLIK SU SORUNUMUZ \u00c7\u00d6Z\u00dcL\u00dcYOR\u201d K\u0131rlang\u0131\u00e7 Mahallesi\u2019nde yap\u0131lan altyap\u0131 yat\u0131r\u0131mlar\u0131ndan duydu\u011fu memnuniyeti dile getiren Mahalle Muhtar\u0131 \u00d6zg\u00fcr D\u00fczg\u00fcner: \u00a0\u201c15 y\u0131la yak\u0131nd\u0131r mahallemizde i\u00e7me suyu problemi vard\u0131. MASK\u0130 Genel M\u00fcd\u00fcrl\u00fc\u011f\u00fc mahallemizi yat\u0131r\u0131m program\u0131na dahil etti ve \u015fu anda mahallemizin 15 y\u0131ll\u0131k i\u00e7me suyu problemi uzun vadeli bir \u015fekilde \u00e7\u00f6zmek i\u00e7in \u00e7al\u0131\u015fmalar\u0131na ba\u015flad\u0131. Mahallemizde biri 2 litreye yak\u0131n, di\u011feri de 0,75 litre suyu olan iki tane sondaj\u0131m\u0131z var. Pandemi ve deprem sonras\u0131 k\u0131rsalda ya\u015faman\u0131n artmas\u0131yla \u015fu an mahallemizin hane say\u0131s\u0131 180\u2019e ula\u015ft\u0131. N\u00fcfus say\u0131s\u0131 da 300\u2019\u00fc ge\u00e7meye ba\u015flad\u0131. \u0130\u00e7me suyu ihtiyac\u0131m\u0131z her ge\u00e7en g\u00fcn artmaya ba\u015flam\u0131\u015ft\u0131. Mahallemizde ger\u00e7ekle\u015ftirilen bu \u00e7al\u0131\u015fmayla vatanda\u015flar\u0131m\u0131z\u0131n su ihtiyac\u0131 kar\u015f\u0131lanm\u0131\u015f olacak.\u201d\u00a0 K\u0131rlang\u0131\u00e7 Mahallesi\u2019nde yap\u0131lan altyap\u0131 yat\u0131r\u0131mlar\u0131ndan duydu\u011fu memnuniyeti dile getiren Mahalle Muhtar\u0131\u00a0\u201c Ayn\u0131 zamanda K\u0131rlang\u0131\u00e7 Mahallesi ve &hellip;","og_url":"https:\/\/denizcankizil.tr\/de\/haberler\/gundem\/malatyada-15-yillik-su-sorunu-cozuluyor\/","og_site_name":"Av. Deniz Can K\u0131z\u0131l","article_published_time":"2025-04-29T07:43:04+00:00","author":"admin","twitter_card":"summary_large_image","twitter_misc":{"Verfasst von":"admin","Gesch\u00e4tzte Lesezeit":"6\u00a0Minuten"},"schema":{"@context":"https:\/\/schema.org","@graph":[{"@type":"Article","@id":"https:\/\/denizcankizil.tr\/ru\/haberler\/gundem\/malatyada-15-yillik-su-sorunu-cozuluyor\/#article","isPartOf":{"@id":"https:\/\/denizcankizil.tr\/ru\/haberler\/gundem\/malatyada-15-yillik-su-sorunu-cozuluyor\/"},"author":{"name":"admin","@id":"https:\/\/denizcankizil.tr\/de\/#\/schema\/person\/be3c05fe6a12686905512445d8185489"},"headline":"Malatya&#8217;da 15 y\u0131ll\u0131k su sorunu \u00e7\u00f6z\u00fcl\u00fcyor!","datePublished":"2025-04-29T07:43:04+00:00","mainEntityOfPage":{"@id":"https:\/\/denizcankizil.tr\/ru\/haberler\/gundem\/malatyada-15-yillik-su-sorunu-cozuluyor\/"},"wordCount":1290,"publisher":{"@id":"https:\/\/denizcankizil.tr\/de\/#organization"},"articleSection":["G\u00fcndem"],"inLanguage":"de"},{"@type":"WebPage","@id":"https:\/\/denizcankizil.tr\/ru\/haberler\/gundem\/malatyada-15-yillik-su-sorunu-cozuluyor\/","url":"https:\/\/denizcankizil.tr\/ru\/haberler\/gundem\/malatyada-15-yillik-su-sorunu-cozuluyor\/","name":"Malatya'da 15 y\u0131ll\u0131k su sorunu \u00e7\u00f6z\u00fcl\u00fcyor! - Av. Deniz Can K\u0131z\u0131l","isPartOf":{"@id":"https:\/\/denizcankizil.tr\/de\/#website"},"datePublished":"2025-04-29T07:43:04+00:00","breadcrumb":{"@id":"https:\/\/denizcankizil.tr\/ru\/haberler\/gundem\/malatyada-15-yillik-su-sorunu-cozuluyor\/#breadcrumb"},"inLanguage":"de","potentialAction":[{"@type":"ReadAction","target":["https:\/\/denizcankizil.tr\/ru\/haberler\/gundem\/malatyada-15-yillik-su-sorunu-cozuluyor\/"]}]},{"@type":"BreadcrumbList","@id":"https:\/\/denizcankizil.tr\/ru\/haberler\/gundem\/malatyada-15-yillik-su-sorunu-cozuluyor\/#breadcrumb","itemListElement":[{"@type":"ListItem","position":1,"name":"Home","item":"https:\/\/denizcankizil.tr\/de\/"},{"@type":"ListItem","position":2,"name":"Malatya&#8217;da 15 y\u0131ll\u0131k su sorunu \u00e7\u00f6z\u00fcl\u00fcyor!"}]},{"@type":"WebSite","@id":"https:\/\/denizcankizil.tr\/de\/#website","url":"https:\/\/denizcankizil.tr\/de\/","name":"Av. Deniz Can K\u0131z\u0131l","description":"Avukat Deniz Can K\u0131z\u0131l Antalya Barosu","publisher":{"@id":"https:\/\/denizcankizil.tr\/de\/#organization"},"potentialAction":[{"@type":"SearchAction","target":{"@type":"EntryPoint","urlTemplate":"https:\/\/denizcankizil.tr\/de\/?s={search_term_string}"},"query-input":{"@type":"PropertyValueSpecification","valueRequired":true,"valueName":"search_term_string"}}],"inLanguage":"de"},{"@type":"Organization","@id":"https:\/\/denizcankizil.tr\/de\/#organization","name":"Av. Deniz Can K\u0131z\u0131l","url":"https:\/\/denizcankizil.tr\/de\/","logo":{"@type":"ImageObject","inLanguage":"de","@id":"https:\/\/denizcankizil.tr\/de\/#\/schema\/logo\/image\/","url":"http:\/\/denizcankizil.tr\/wp-content\/uploads\/2024\/10\/siyah-logo-svg.svg","contentUrl":"http:\/\/denizcankizil.tr\/wp-content\/uploads\/2024\/10\/siyah-logo-svg.svg","width":1080,"height":1080,"caption":"Av. Deniz Can K\u0131z\u0131l"},"image":{"@id":"https:\/\/denizcankizil.tr\/de\/#\/schema\/logo\/image\/"}},{"@type":"Person","@id":"https:\/\/denizcankizil.tr\/de\/#\/schema\/person\/be3c05fe6a12686905512445d8185489","name":"Administrator","image":{"@type":"ImageObject","inLanguage":"de","@id":"https:\/\/denizcankizil.tr\/de\/#\/schema\/person\/image\/","url":"https:\/\/secure.gravatar.com\/avatar\/c1fce94c830dc79107e174f890d7210541c4a63e8e5d816341794a2151c9d58c?s=96&d=mm&r=g","contentUrl":"https:\/\/secure.gravatar.com\/avatar\/c1fce94c830dc79107e174f890d7210541c4a63e8e5d816341794a2151c9d58c?s=96&d=mm&r=g","caption":"admin"},"sameAs":["http:\/\/denizcankizil.tr"],"url":"https:\/\/www.iskenderun.org\/malatyada-15-yillik-su-sorunu-cozuluyor"}]}},"_links":{"self":[{"href":"http:\/\/denizcankizil.tr\/de\/wp-json\/wp\/v2\/posts\/70179","targetHints":{"allow":["GET"]}}],"collection":[{"href":"http:\/\/denizcankizil.tr\/de\/wp-json\/wp\/v2\/posts"}],"about":[{"href":"http:\/\/denizcankizil.tr\/de\/wp-json\/wp\/v2\/types\/post"}],"author":[{"embeddable":true,"href":"http:\/\/denizcankizil.tr\/de\/wp-json\/wp\/v2\/users\/1"}],"replies":[{"embeddable":true,"href":"http:\/\/denizcankizil.tr\/de\/wp-json\/wp\/v2\/comments?post=70179"}],"version-history":[{"count":0,"href":"http:\/\/denizcankizil.tr\/de\/wp-json\/wp\/v2\/posts\/70179\/revisions"}],"wp:attachment":[{"href":"http:\/\/denizcankizil.tr\/de\/wp-json\/wp\/v2\/media?parent=70179"}],"wp:term":[{"taxonomy":"category","embeddable":true,"href":"http:\/\/denizcankizil.tr\/de\/wp-json\/wp\/v2\/categories?post=70179"},{"taxonomy":"post_tag","embeddable":true,"href":"http:\/\/denizcankizil.tr\/de\/wp-json\/wp\/v2\/tags?post=70179"}],"curies":[{"name":"wp","href":"https:\/\/api.w.org\/{rel}","templated":true}]}}