{"id":69025,"date":"2025-04-28T09:42:21","date_gmt":"2025-04-28T06:42:21","guid":{"rendered":"https:\/\/denizcankizil.tr\/uncategorized-tr\/denizli-sanat-calistayinda-gelecege-isik-tutuldu\/"},"modified":"2025-04-28T09:42:21","modified_gmt":"2025-04-28T06:42:21","slug":"denizli-sanat-calistayinda-gelecege-isik-tutuldu","status":"publish","type":"post","link":"http:\/\/denizcankizil.tr\/de\/haberler\/gundem\/denizli-sanat-calistayinda-gelecege-isik-tutuldu\/","title":{"rendered":"Denizli Sanat \u00c7al\u0131\u015ftay\u0131\u2019nda gelece\u011fe \u0131\u015f\u0131k tutuldu"},"content":{"rendered":"<p>Denizli B\u00fcy\u00fck\u015fehir Belediyesi\u2019nin ev sahipli\u011finde ilki d\u00fczenlenen Denizli Sanat \u00c7al\u0131\u015ftay\u0131, sanat\u0131n farkl\u0131 disiplinlerinden \u00f6nemli isimleri ve yarat\u0131c\u0131 projeleri bir araya getirdi. Ba\u015fkan B\u00fclent Nuri \u00c7avu\u015fo\u011flu, ger\u00e7ekle\u015ftirilen \u00e7al\u0131\u015ftay\u0131n kendilerine yol g\u00f6sterici bir \u0131\u015f\u0131k olaca\u011f\u0131n\u0131 ifade etti.DEN\u0130ZL\u0130 (\u0130GFA) &#8211;\u00a0Pamukkale K\u00fclt\u00fcr Merkezi\u2019nde yap\u0131lan \u00e7al\u0131\u015ftaya Denizli B\u00fcy\u00fck\u015fehir Belediye Ba\u015fkan\u0131 B\u00fclent Nuri \u00c7avu\u015fo\u011flu, Genel Sekreter B\u00fclent Bozba\u015f, Genel Sekreter Yard\u0131mc\u0131s\u0131 \u00d6zg\u00fcr Ba\u015fkurt, K\u00fclt\u00fcr ve Sosyal \u0130\u015fler Dairesi Ba\u015fkan\u0131 Mehmet Sel\u00e7uk, davetliler ve sanat\u0131n farkl\u0131 disiplinlerinden \u00f6nemli isimler kat\u0131ld\u0131. Denizli B\u00fcy\u00fck\u015fehir Belediye Ba\u015fkan\u0131 B\u00fclent Nuri \u00c7avu\u015fo\u011flu, etkinlikte yapt\u0131\u011f\u0131 konu\u015fmada, Atat\u00fcrk\u2019\u00fcn &#8220;Sanats\u0131z kalan bir milletin hayat damarlar\u0131ndan biri kopmu\u015f demektir&#8221; s\u00f6z\u00fcn\u00fc hat\u0131rlatarak, \u201cG\u00f6reve ba\u015flad\u0131\u011f\u0131m\u0131zdan beri sanat\u0131 \u00f6n plana alarak \u2018Sanat \u015eehri Denizli\u2019 \u015fiar\u0131yla ortak bir m\u00fccadele g\u00f6t\u00fcr\u00fcyoruz. \u015eehrimizin k\u00fclt\u00fcrel ve sanatsal anlamda geli\u015fmesi i\u00e7in emek verirken, sanat\u00e7\u0131 dostlar\u0131m\u0131z da bu s\u00fcre\u00e7te bizleri yaln\u0131z b\u0131rakm\u0131yor\u201d dedi.<br \/>\n\u201cDEN\u0130ZL\u0130 SANAT \u00c7ALI\u015eTAYI B\u0130ZLERE I\u015eIK OLACAK\u201d<br \/>\nDenizli Sanat \u00c7al\u0131\u015ftay\u0131\u2019n\u0131n kendilerine \u0131\u015f\u0131k olaca\u011f\u0131n\u0131 ifade eden Ba\u015fkan \u00c7avu\u015fo\u011flu; \u201cBu \u015fehirde insanlar sanatla i\u00e7 i\u00e7e oldu\u011funda ve sanatla an\u0131lmaya ba\u015fland\u0131\u011f\u0131nda, pek \u00e7ok toplumsal sorunun \u00f6n\u00fcne ge\u00e7ilece\u011fine y\u00fcrekten inan\u0131yoruz. Denizli Sanat \u00c7al\u0131\u015ftay\u0131 da bu inan\u00e7la ba\u015flayan yeni bir yolculu\u011fun en \u00f6nemli ad\u0131mlar\u0131ndan biri oldu\u201d diye konu\u015ftu.<br \/>\nSANAT \u015eEHR\u0130 DEN\u0130ZL\u0130<br \/>\nG\u00fcn boyu s\u00fcren \u00e7al\u0131\u015ftay\u0131n sabah oturumunda foto\u011fraf sanat\u00e7\u0131s\u0131 \u00c7erkes Karada\u011f, tiyatro sanat\u00e7\u0131s\u0131 Serdar Bordanac\u0131, mizah yazar\u0131 Sava\u015f \u00dcnl\u00fc deneyimlerini ve ilham veren d\u00fc\u015f\u00fcncelerini kat\u0131l\u0131mc\u0131larla payla\u015ft\u0131. Ba\u015fkan \u00c7avu\u015fo\u011flu\u2019nun Denizli i\u00e7in bir \u015fans oldu\u011funu dile getiren kat\u0131l\u0131mc\u0131lar, kentin sanat \u015fehri h\u00fcviyetini k\u0131sa bir s\u00fcrede kazand\u0131\u011f\u0131na dikkati \u00e7ekti.<br \/>\n\u00d6\u011fleden sonra d\u00fczenlenen oturumda ise y\u00f6netmen Y\u00fcksel Aksu, karikat\u00fcrist Ali \u015eur ve \u015fair-yazar Cezmi Ers\u00f6z konu\u015fmalar\u0131yla sanat\u0131n ya\u015famla kurdu\u011fu derin ba\u011f\u0131 anlatt\u0131. Etkinlikte ayr\u0131ca kat\u0131l\u0131mc\u0131lar, kendi sanat projelerini sunma f\u0131rsat\u0131 yakalayarak \u00e7al\u0131\u015ftay\u0131n yarat\u0131c\u0131 ruhuna katk\u0131 sundu. G\u00fcn\u00fcn sonunda ise Cezmi Ers\u00f6z, \u00c7erkes Karada\u011f ve Sava\u015f \u00dcnl\u00fc, kitaplar\u0131n\u0131 imzalayarak sanatseverlerle birebir sohbet etti. G\u00fcn boyunca devam eden portre karikat\u00fcr performans\u0131 da b\u00fcy\u00fck ilgi g\u00f6rd\u00fc ve ziyaret\u00e7ilere unutulmaz an\u0131lar b\u0131rakt\u0131. Denizli Sanat \u00c7al\u0131\u015ftay\u0131, kat\u0131l\u0131mc\u0131lara ilham veren atmosferiyle kentin k\u00fclt\u00fcr-sanat hayat\u0131na yeni bir soluk kazand\u0131rd\u0131.<\/p>\n<p>\u200bDenizli B\u00fcy\u00fck\u015fehir Belediyesi\u2019nin ev sahipli\u011finde ilki d\u00fczenlenen Denizli Sanat \u00c7al\u0131\u015ftay\u0131, sanat\u0131n farkl\u0131 disiplinlerinden \u00f6nemli isimleri ve yarat\u0131c\u0131 projeleri bir araya getirdi. Ba\u015fkan B\u00fclent Nuri \u00c7avu\u015fo\u011flu, ger\u00e7ekle\u015ftirilen \u00e7al\u0131\u015ftay\u0131n kendilerine yol g\u00f6sterici bir \u0131\u015f\u0131k olaca\u011f\u0131n\u0131 ifade etti.DEN\u0130ZL\u0130 (\u0130GFA) &#8211;\u00a0Pamukkale K\u00fclt\u00fcr Merkezi\u2019nde yap\u0131lan \u00e7al\u0131\u015ftaya Denizli B\u00fcy\u00fck\u015fehir Belediye Ba\u015fkan\u0131 B\u00fclent Nuri \u00c7avu\u015fo\u011flu, Genel Sekreter B\u00fclent Bozba\u015f, Genel Sekreter Yard\u0131mc\u0131s\u0131 \u00d6zg\u00fcr Ba\u015fkurt, K\u00fclt\u00fcr ve Sosyal \u0130\u015fler Dairesi Ba\u015fkan\u0131 Mehmet Sel\u00e7uk, davetliler ve sanat\u0131n farkl\u0131 disiplinlerinden \u00f6nemli isimler kat\u0131ld\u0131. Denizli B\u00fcy\u00fck\u015fehir Belediye Ba\u015fkan\u0131 B\u00fclent Nuri \u00c7avu\u015fo\u011flu, etkinlikte yapt\u0131\u011f\u0131 konu\u015fmada, Atat\u00fcrk\u2019\u00fcn &#8220;Sanats\u0131z kalan bir milletin hayat damarlar\u0131ndan biri kopmu\u015f demektir&#8221; s\u00f6z\u00fcn\u00fc hat\u0131rlatarak, \u201cG\u00f6reve ba\u015flad\u0131\u011f\u0131m\u0131zdan beri sanat\u0131 \u00f6n plana alarak \u2018Sanat \u015eehri Denizli\u2019 \u015fiar\u0131yla ortak bir m\u00fccadele g\u00f6t\u00fcr\u00fcyoruz. \u015eehrimizin k\u00fclt\u00fcrel ve sanatsal anlamda geli\u015fmesi i\u00e7in emek verirken, sanat\u00e7\u0131 dostlar\u0131m\u0131z da bu s\u00fcre\u00e7te bizleri yaln\u0131z b\u0131rakm\u0131yor\u201d dedi.<br \/>\n\u201cDEN\u0130ZL\u0130 SANAT \u00c7ALI\u015eTAYI B\u0130ZLERE I\u015eIK OLACAK\u201d<br \/>\nDenizli Sanat \u00c7al\u0131\u015ftay\u0131\u2019n\u0131n kendilerine \u0131\u015f\u0131k olaca\u011f\u0131n\u0131 ifade eden Ba\u015fkan \u00c7avu\u015fo\u011flu; \u201cBu \u015fehirde insanlar sanatla i\u00e7 i\u00e7e oldu\u011funda ve sanatla an\u0131lmaya ba\u015fland\u0131\u011f\u0131nda, pek \u00e7ok toplumsal sorunun \u00f6n\u00fcne ge\u00e7ilece\u011fine y\u00fcrekten inan\u0131yoruz. Denizli Sanat \u00c7al\u0131\u015ftay\u0131 da bu inan\u00e7la ba\u015flayan yeni bir yolculu\u011fun en \u00f6nemli ad\u0131mlar\u0131ndan biri oldu\u201d diye konu\u015ftu.<br \/>\nSANAT \u015eEHR\u0130 DEN\u0130ZL\u0130<br \/>\nG\u00fcn boyu s\u00fcren \u00e7al\u0131\u015ftay\u0131n sabah oturumunda foto\u011fraf sanat\u00e7\u0131s\u0131 \u00c7erkes Karada\u011f, tiyatro sanat\u00e7\u0131s\u0131 Serdar Bordanac\u0131, mizah yazar\u0131 Sava\u015f \u00dcnl\u00fc deneyimlerini ve ilham veren d\u00fc\u015f\u00fcncelerini kat\u0131l\u0131mc\u0131larla payla\u015ft\u0131. Ba\u015fkan \u00c7avu\u015fo\u011flu\u2019nun Denizli i\u00e7in bir \u015fans oldu\u011funu dile getiren kat\u0131l\u0131mc\u0131lar, kentin sanat \u015fehri h\u00fcviyetini k\u0131sa bir s\u00fcrede kazand\u0131\u011f\u0131na dikkati \u00e7ekti.<br \/>\n\u00d6\u011fleden sonra d\u00fczenlenen oturumda ise y\u00f6netmen Y\u00fcksel Aksu, karikat\u00fcrist Ali \u015eur ve \u015fair-yazar Cezmi Ers\u00f6z konu\u015fmalar\u0131yla sanat\u0131n ya\u015famla kurdu\u011fu derin ba\u011f\u0131 anlatt\u0131. Etkinlikte ayr\u0131ca kat\u0131l\u0131mc\u0131lar, kendi sanat projelerini sunma f\u0131rsat\u0131 yakalayarak \u00e7al\u0131\u015ftay\u0131n yarat\u0131c\u0131 ruhuna katk\u0131 sundu. G\u00fcn\u00fcn sonunda ise Cezmi Ers\u00f6z, \u00c7erkes Karada\u011f ve Sava\u015f \u00dcnl\u00fc, kitaplar\u0131n\u0131 imzalayarak sanatseverlerle birebir sohbet etti. G\u00fcn boyunca devam eden portre karikat\u00fcr performans\u0131 da b\u00fcy\u00fck ilgi g\u00f6rd\u00fc ve ziyaret\u00e7ilere unutulmaz an\u0131lar b\u0131rakt\u0131. Denizli Sanat \u00c7al\u0131\u015ftay\u0131, kat\u0131l\u0131mc\u0131lara ilham veren atmosferiyle kentin k\u00fclt\u00fcr-sanat hayat\u0131na yeni bir soluk kazand\u0131rd\u0131.\u00a0<\/p>\n<p>\u200bHaberin Al\u0131nt\u0131land\u0131\u011f\u0131 Kaynak: www.iskenderun.org<\/p>","protected":false},"excerpt":{"rendered":"<p>Denizli B\u00fcy\u00fck\u015fehir Belediyesi\u2019nin ev sahipli\u011finde ilki d\u00fczenlenen Denizli Sanat \u00c7al\u0131\u015ftay\u0131, sanat\u0131n farkl\u0131 disiplinlerinden \u00f6nemli isimleri ve yarat\u0131c\u0131 projeleri bir araya getirdi. Ba\u015fkan B\u00fclent Nuri \u00c7avu\u015fo\u011flu, ger\u00e7ekle\u015ftirilen \u00e7al\u0131\u015ftay\u0131n kendilerine yol g\u00f6sterici bir \u0131\u015f\u0131k olaca\u011f\u0131n\u0131 ifade etti.DEN\u0130ZL\u0130 (\u0130GFA) &#8211;\u00a0Pamukkale K\u00fclt\u00fcr Merkezi\u2019nde yap\u0131lan \u00e7al\u0131\u015ftaya Denizli B\u00fcy\u00fck\u015fehir Belediye Ba\u015fkan\u0131 B\u00fclent Nuri \u00c7avu\u015fo\u011flu, Genel Sekreter B\u00fclent Bozba\u015f, Genel Sekreter Yard\u0131mc\u0131s\u0131 \u00d6zg\u00fcr Ba\u015fkurt, K\u00fclt\u00fcr ve Sosyal \u0130\u015fler Dairesi Ba\u015fkan\u0131 Mehmet Sel\u00e7uk, davetliler ve sanat\u0131n farkl\u0131 disiplinlerinden \u00f6nemli isimler kat\u0131ld\u0131. Denizli B\u00fcy\u00fck\u015fehir Belediye Ba\u015fkan\u0131 B\u00fclent Nuri \u00c7avu\u015fo\u011flu, etkinlikte yapt\u0131\u011f\u0131 konu\u015fmada, Atat\u00fcrk\u2019\u00fcn &#8220;Sanats\u0131z kalan bir milletin hayat damarlar\u0131ndan biri kopmu\u015f demektir&#8221; s\u00f6z\u00fcn\u00fc hat\u0131rlatarak, \u201cG\u00f6reve ba\u015flad\u0131\u011f\u0131m\u0131zdan beri sanat\u0131 \u00f6n plana alarak \u2018Sanat \u015eehri Denizli\u2019 \u015fiar\u0131yla ortak bir m\u00fccadele g\u00f6t\u00fcr\u00fcyoruz. \u015eehrimizin k\u00fclt\u00fcrel ve sanatsal anlamda geli\u015fmesi i\u00e7in emek verirken, sanat\u00e7\u0131 dostlar\u0131m\u0131z da bu s\u00fcre\u00e7te bizleri yaln\u0131z b\u0131rakm\u0131yor\u201d dedi. \u201cDEN\u0130ZL\u0130 SANAT \u00c7ALI\u015eTAYI B\u0130ZLERE I\u015eIK OLACAK\u201d Denizli Sanat \u00c7al\u0131\u015ftay\u0131\u2019n\u0131n kendilerine \u0131\u015f\u0131k olaca\u011f\u0131n\u0131 ifade eden Ba\u015fkan \u00c7avu\u015fo\u011flu; \u201cBu \u015fehirde insanlar sanatla i\u00e7 i\u00e7e oldu\u011funda ve sanatla an\u0131lmaya ba\u015fland\u0131\u011f\u0131nda, pek \u00e7ok toplumsal sorunun \u00f6n\u00fcne ge\u00e7ilece\u011fine y\u00fcrekten inan\u0131yoruz. Denizli Sanat \u00c7al\u0131\u015ftay\u0131 da bu inan\u00e7la ba\u015flayan yeni bir yolculu\u011fun en \u00f6nemli ad\u0131mlar\u0131ndan biri oldu\u201d diye konu\u015ftu. SANAT \u015eEHR\u0130 DEN\u0130ZL\u0130 G\u00fcn boyu s\u00fcren \u00e7al\u0131\u015ftay\u0131n sabah oturumunda foto\u011fraf sanat\u00e7\u0131s\u0131 \u00c7erkes Karada\u011f, tiyatro sanat\u00e7\u0131s\u0131 Serdar Bordanac\u0131, mizah yazar\u0131 Sava\u015f &hellip;<\/p>","protected":false},"author":1,"featured_media":0,"comment_status":"","ping_status":"open","sticky":false,"template":"","format":"standard","meta":{"_acf_changed":false,"footnotes":""},"categories":[24],"tags":[],"class_list":["post-69025","post","type-post","status-publish","format-standard","has-post-thumbnail","hentry","category-gundem"],"acf":[],"yoast_head":"<!-- This site is optimized with the Yoast SEO Premium plugin v26.6 (Yoast SEO v27.1.1) - https:\/\/yoast.com\/product\/yoast-seo-premium-wordpress\/ -->\n<title>Denizli Sanat \u00c7al\u0131\u015ftay\u0131\u2019nda gelece\u011fe \u0131\u015f\u0131k tutuldu - Av. Deniz Can K\u0131z\u0131l<\/title>\n<meta name=\"robots\" content=\"index, follow, max-snippet:-1, max-image-preview:large, max-video-preview:-1\" \/>\n<link rel=\"canonical\" href=\"http:\/\/denizcankizil.tr\/de\/haberler\/gundem\/denizli-sanat-calistayinda-gelecege-isik-tutuldu\/\" \/>\n<meta property=\"og:locale\" content=\"de_DE\" \/>\n<meta property=\"og:type\" content=\"article\" \/>\n<meta property=\"og:title\" content=\"Denizli Sanat \u00c7al\u0131\u015ftay\u0131\u2019nda gelece\u011fe \u0131\u015f\u0131k tutuldu\" \/>\n<meta property=\"og:description\" content=\"Denizli B\u00fcy\u00fck\u015fehir Belediyesi\u2019nin ev sahipli\u011finde ilki d\u00fczenlenen Denizli Sanat \u00c7al\u0131\u015ftay\u0131, sanat\u0131n farkl\u0131 disiplinlerinden \u00f6nemli isimleri ve yarat\u0131c\u0131 projeleri bir araya getirdi. Ba\u015fkan B\u00fclent Nuri \u00c7avu\u015fo\u011flu, ger\u00e7ekle\u015ftirilen \u00e7al\u0131\u015ftay\u0131n kendilerine yol g\u00f6sterici bir \u0131\u015f\u0131k olaca\u011f\u0131n\u0131 ifade etti.DEN\u0130ZL\u0130 (\u0130GFA) &#8211;\u00a0Pamukkale K\u00fclt\u00fcr Merkezi\u2019nde yap\u0131lan \u00e7al\u0131\u015ftaya Denizli B\u00fcy\u00fck\u015fehir Belediye Ba\u015fkan\u0131 B\u00fclent Nuri \u00c7avu\u015fo\u011flu, Genel Sekreter B\u00fclent Bozba\u015f, Genel Sekreter Yard\u0131mc\u0131s\u0131 \u00d6zg\u00fcr Ba\u015fkurt, K\u00fclt\u00fcr ve Sosyal \u0130\u015fler Dairesi Ba\u015fkan\u0131 Mehmet Sel\u00e7uk, davetliler ve sanat\u0131n farkl\u0131 disiplinlerinden \u00f6nemli isimler kat\u0131ld\u0131. Denizli B\u00fcy\u00fck\u015fehir Belediye Ba\u015fkan\u0131 B\u00fclent Nuri \u00c7avu\u015fo\u011flu, etkinlikte yapt\u0131\u011f\u0131 konu\u015fmada, Atat\u00fcrk\u2019\u00fcn &#8220;Sanats\u0131z kalan bir milletin hayat damarlar\u0131ndan biri kopmu\u015f demektir&#8221; s\u00f6z\u00fcn\u00fc hat\u0131rlatarak, \u201cG\u00f6reve ba\u015flad\u0131\u011f\u0131m\u0131zdan beri sanat\u0131 \u00f6n plana alarak \u2018Sanat \u015eehri Denizli\u2019 \u015fiar\u0131yla ortak bir m\u00fccadele g\u00f6t\u00fcr\u00fcyoruz. \u015eehrimizin k\u00fclt\u00fcrel ve sanatsal anlamda geli\u015fmesi i\u00e7in emek verirken, sanat\u00e7\u0131 dostlar\u0131m\u0131z da bu s\u00fcre\u00e7te bizleri yaln\u0131z b\u0131rakm\u0131yor\u201d dedi. \u201cDEN\u0130ZL\u0130 SANAT \u00c7ALI\u015eTAYI B\u0130ZLERE I\u015eIK OLACAK\u201d Denizli Sanat \u00c7al\u0131\u015ftay\u0131\u2019n\u0131n kendilerine \u0131\u015f\u0131k olaca\u011f\u0131n\u0131 ifade eden Ba\u015fkan \u00c7avu\u015fo\u011flu; \u201cBu \u015fehirde insanlar sanatla i\u00e7 i\u00e7e oldu\u011funda ve sanatla an\u0131lmaya ba\u015fland\u0131\u011f\u0131nda, pek \u00e7ok toplumsal sorunun \u00f6n\u00fcne ge\u00e7ilece\u011fine y\u00fcrekten inan\u0131yoruz. Denizli Sanat \u00c7al\u0131\u015ftay\u0131 da bu inan\u00e7la ba\u015flayan yeni bir yolculu\u011fun en \u00f6nemli ad\u0131mlar\u0131ndan biri oldu\u201d diye konu\u015ftu. SANAT \u015eEHR\u0130 DEN\u0130ZL\u0130 G\u00fcn boyu s\u00fcren \u00e7al\u0131\u015ftay\u0131n sabah oturumunda foto\u011fraf sanat\u00e7\u0131s\u0131 \u00c7erkes Karada\u011f, tiyatro sanat\u00e7\u0131s\u0131 Serdar Bordanac\u0131, mizah yazar\u0131 Sava\u015f &hellip;\" \/>\n<meta property=\"og:url\" content=\"http:\/\/denizcankizil.tr\/de\/haberler\/gundem\/denizli-sanat-calistayinda-gelecege-isik-tutuldu\/\" \/>\n<meta property=\"og:site_name\" content=\"Av. Deniz Can K\u0131z\u0131l\" \/>\n<meta property=\"article:published_time\" content=\"2025-04-28T06:42:21+00:00\" \/>\n<meta name=\"author\" content=\"admin\" \/>\n<meta name=\"twitter:card\" content=\"summary_large_image\" \/>\n<meta name=\"twitter:label1\" content=\"Verfasst von\" \/>\n\t<meta name=\"twitter:data1\" content=\"admin\" \/>\n\t<meta name=\"twitter:label2\" content=\"Gesch\u00e4tzte Lesezeit\" \/>\n\t<meta name=\"twitter:data2\" content=\"5\u00a0Minuten\" \/>\n<script type=\"application\/ld+json\" class=\"yoast-schema-graph\">{\"@context\":\"https:\/\/schema.org\",\"@graph\":[{\"@type\":\"Article\",\"@id\":\"http:\/\/denizcankizil.tr\/de\/haberler\/gundem\/denizli-sanat-calistayinda-gelecege-isik-tutuldu\/#article\",\"isPartOf\":{\"@id\":\"http:\/\/denizcankizil.tr\/de\/haberler\/gundem\/denizli-sanat-calistayinda-gelecege-isik-tutuldu\/\"},\"author\":{\"name\":\"admin\",\"@id\":\"https:\/\/denizcankizil.tr\/#\/schema\/person\/be3c05fe6a12686905512445d8185489\"},\"headline\":\"Denizli Sanat \u00c7al\u0131\u015ftay\u0131\u2019nda gelece\u011fe \u0131\u015f\u0131k tutuldu\",\"datePublished\":\"2025-04-28T06:42:21+00:00\",\"mainEntityOfPage\":{\"@id\":\"http:\/\/denizcankizil.tr\/de\/haberler\/gundem\/denizli-sanat-calistayinda-gelecege-isik-tutuldu\/\"},\"wordCount\":981,\"publisher\":{\"@id\":\"https:\/\/denizcankizil.tr\/#organization\"},\"articleSection\":[\"G\u00fcndem\"],\"inLanguage\":\"de\"},{\"@type\":\"WebPage\",\"@id\":\"http:\/\/denizcankizil.tr\/de\/haberler\/gundem\/denizli-sanat-calistayinda-gelecege-isik-tutuldu\/\",\"url\":\"http:\/\/denizcankizil.tr\/de\/haberler\/gundem\/denizli-sanat-calistayinda-gelecege-isik-tutuldu\/\",\"name\":\"Denizli Sanat \u00c7al\u0131\u015ftay\u0131\u2019nda gelece\u011fe \u0131\u015f\u0131k tutuldu - Av. Deniz Can K\u0131z\u0131l\",\"isPartOf\":{\"@id\":\"https:\/\/denizcankizil.tr\/#website\"},\"datePublished\":\"2025-04-28T06:42:21+00:00\",\"breadcrumb\":{\"@id\":\"http:\/\/denizcankizil.tr\/de\/haberler\/gundem\/denizli-sanat-calistayinda-gelecege-isik-tutuldu\/#breadcrumb\"},\"inLanguage\":\"de\",\"potentialAction\":[{\"@type\":\"ReadAction\",\"target\":[\"http:\/\/denizcankizil.tr\/de\/haberler\/gundem\/denizli-sanat-calistayinda-gelecege-isik-tutuldu\/\"]}]},{\"@type\":\"BreadcrumbList\",\"@id\":\"http:\/\/denizcankizil.tr\/de\/haberler\/gundem\/denizli-sanat-calistayinda-gelecege-isik-tutuldu\/#breadcrumb\",\"itemListElement\":[{\"@type\":\"ListItem\",\"position\":1,\"name\":\"Home\",\"item\":\"https:\/\/denizcankizil.tr\/uk\/\"},{\"@type\":\"ListItem\",\"position\":2,\"name\":\"Denizli Sanat \u00c7al\u0131\u015ftay\u0131\u2019nda gelece\u011fe \u0131\u015f\u0131k tutuldu\"}]},{\"@type\":\"WebSite\",\"@id\":\"https:\/\/denizcankizil.tr\/#website\",\"url\":\"https:\/\/denizcankizil.tr\/\",\"name\":\"Av. Deniz Can K\u0131z\u0131l\",\"description\":\"Avukat Deniz Can K\u0131z\u0131l Antalya Barosu\",\"publisher\":{\"@id\":\"https:\/\/denizcankizil.tr\/#organization\"},\"potentialAction\":[{\"@type\":\"SearchAction\",\"target\":{\"@type\":\"EntryPoint\",\"urlTemplate\":\"https:\/\/denizcankizil.tr\/?s={search_term_string}\"},\"query-input\":{\"@type\":\"PropertyValueSpecification\",\"valueRequired\":true,\"valueName\":\"search_term_string\"}}],\"inLanguage\":\"de\"},{\"@type\":\"Organization\",\"@id\":\"https:\/\/denizcankizil.tr\/#organization\",\"name\":\"Av. Deniz Can K\u0131z\u0131l\",\"url\":\"https:\/\/denizcankizil.tr\/\",\"logo\":{\"@type\":\"ImageObject\",\"inLanguage\":\"de\",\"@id\":\"https:\/\/denizcankizil.tr\/#\/schema\/logo\/image\/\",\"url\":\"http:\/\/denizcankizil.tr\/wp-content\/uploads\/2024\/10\/siyah-logo-svg.svg\",\"contentUrl\":\"http:\/\/denizcankizil.tr\/wp-content\/uploads\/2024\/10\/siyah-logo-svg.svg\",\"width\":1080,\"height\":1080,\"caption\":\"Av. Deniz Can K\u0131z\u0131l\"},\"image\":{\"@id\":\"https:\/\/denizcankizil.tr\/#\/schema\/logo\/image\/\"}},{\"@type\":\"Person\",\"@id\":\"https:\/\/denizcankizil.tr\/#\/schema\/person\/be3c05fe6a12686905512445d8185489\",\"name\":\"admin\",\"image\":{\"@type\":\"ImageObject\",\"inLanguage\":\"de\",\"@id\":\"https:\/\/denizcankizil.tr\/#\/schema\/person\/image\/\",\"url\":\"https:\/\/secure.gravatar.com\/avatar\/c1fce94c830dc79107e174f890d7210541c4a63e8e5d816341794a2151c9d58c?s=96&d=mm&r=g\",\"contentUrl\":\"https:\/\/secure.gravatar.com\/avatar\/c1fce94c830dc79107e174f890d7210541c4a63e8e5d816341794a2151c9d58c?s=96&d=mm&r=g\",\"caption\":\"admin\"},\"sameAs\":[\"http:\/\/denizcankizil.tr\"],\"url\":\"https:\/\/www.iskenderun.org\/denizli-sanat-calistayinda-gelecege-isik-tutuldu\"}]}<\/script>\n<!-- \/ Yoast SEO Premium plugin. -->","yoast_head_json":{"title":"Denizli Sanat \u00c7al\u0131\u015ftay\u0131\u2019nda gelece\u011fe \u0131\u015f\u0131k tutuldu - Av. Deniz Can K\u0131z\u0131l","robots":{"index":"index","follow":"follow","max-snippet":"max-snippet:-1","max-image-preview":"max-image-preview:large","max-video-preview":"max-video-preview:-1"},"canonical":"http:\/\/denizcankizil.tr\/de\/haberler\/gundem\/denizli-sanat-calistayinda-gelecege-isik-tutuldu\/","og_locale":"de_DE","og_type":"article","og_title":"Denizli Sanat \u00c7al\u0131\u015ftay\u0131\u2019nda gelece\u011fe \u0131\u015f\u0131k tutuldu","og_description":"Denizli B\u00fcy\u00fck\u015fehir Belediyesi\u2019nin ev sahipli\u011finde ilki d\u00fczenlenen Denizli Sanat \u00c7al\u0131\u015ftay\u0131, sanat\u0131n farkl\u0131 disiplinlerinden \u00f6nemli isimleri ve yarat\u0131c\u0131 projeleri bir araya getirdi. Ba\u015fkan B\u00fclent Nuri \u00c7avu\u015fo\u011flu, ger\u00e7ekle\u015ftirilen \u00e7al\u0131\u015ftay\u0131n kendilerine yol g\u00f6sterici bir \u0131\u015f\u0131k olaca\u011f\u0131n\u0131 ifade etti.DEN\u0130ZL\u0130 (\u0130GFA) &#8211;\u00a0Pamukkale K\u00fclt\u00fcr Merkezi\u2019nde yap\u0131lan \u00e7al\u0131\u015ftaya Denizli B\u00fcy\u00fck\u015fehir Belediye Ba\u015fkan\u0131 B\u00fclent Nuri \u00c7avu\u015fo\u011flu, Genel Sekreter B\u00fclent Bozba\u015f, Genel Sekreter Yard\u0131mc\u0131s\u0131 \u00d6zg\u00fcr Ba\u015fkurt, K\u00fclt\u00fcr ve Sosyal \u0130\u015fler Dairesi Ba\u015fkan\u0131 Mehmet Sel\u00e7uk, davetliler ve sanat\u0131n farkl\u0131 disiplinlerinden \u00f6nemli isimler kat\u0131ld\u0131. Denizli B\u00fcy\u00fck\u015fehir Belediye Ba\u015fkan\u0131 B\u00fclent Nuri \u00c7avu\u015fo\u011flu, etkinlikte yapt\u0131\u011f\u0131 konu\u015fmada, Atat\u00fcrk\u2019\u00fcn &#8220;Sanats\u0131z kalan bir milletin hayat damarlar\u0131ndan biri kopmu\u015f demektir&#8221; s\u00f6z\u00fcn\u00fc hat\u0131rlatarak, \u201cG\u00f6reve ba\u015flad\u0131\u011f\u0131m\u0131zdan beri sanat\u0131 \u00f6n plana alarak \u2018Sanat \u015eehri Denizli\u2019 \u015fiar\u0131yla ortak bir m\u00fccadele g\u00f6t\u00fcr\u00fcyoruz. \u015eehrimizin k\u00fclt\u00fcrel ve sanatsal anlamda geli\u015fmesi i\u00e7in emek verirken, sanat\u00e7\u0131 dostlar\u0131m\u0131z da bu s\u00fcre\u00e7te bizleri yaln\u0131z b\u0131rakm\u0131yor\u201d dedi. \u201cDEN\u0130ZL\u0130 SANAT \u00c7ALI\u015eTAYI B\u0130ZLERE I\u015eIK OLACAK\u201d Denizli Sanat \u00c7al\u0131\u015ftay\u0131\u2019n\u0131n kendilerine \u0131\u015f\u0131k olaca\u011f\u0131n\u0131 ifade eden Ba\u015fkan \u00c7avu\u015fo\u011flu; \u201cBu \u015fehirde insanlar sanatla i\u00e7 i\u00e7e oldu\u011funda ve sanatla an\u0131lmaya ba\u015fland\u0131\u011f\u0131nda, pek \u00e7ok toplumsal sorunun \u00f6n\u00fcne ge\u00e7ilece\u011fine y\u00fcrekten inan\u0131yoruz. Denizli Sanat \u00c7al\u0131\u015ftay\u0131 da bu inan\u00e7la ba\u015flayan yeni bir yolculu\u011fun en \u00f6nemli ad\u0131mlar\u0131ndan biri oldu\u201d diye konu\u015ftu. SANAT \u015eEHR\u0130 DEN\u0130ZL\u0130 G\u00fcn boyu s\u00fcren \u00e7al\u0131\u015ftay\u0131n sabah oturumunda foto\u011fraf sanat\u00e7\u0131s\u0131 \u00c7erkes Karada\u011f, tiyatro sanat\u00e7\u0131s\u0131 Serdar Bordanac\u0131, mizah yazar\u0131 Sava\u015f &hellip;","og_url":"http:\/\/denizcankizil.tr\/de\/haberler\/gundem\/denizli-sanat-calistayinda-gelecege-isik-tutuldu\/","og_site_name":"Av. Deniz Can K\u0131z\u0131l","article_published_time":"2025-04-28T06:42:21+00:00","author":"admin","twitter_card":"summary_large_image","twitter_misc":{"Verfasst von":"admin","Gesch\u00e4tzte Lesezeit":"5\u00a0Minuten"},"schema":{"@context":"https:\/\/schema.org","@graph":[{"@type":"Article","@id":"http:\/\/denizcankizil.tr\/de\/haberler\/gundem\/denizli-sanat-calistayinda-gelecege-isik-tutuldu\/#article","isPartOf":{"@id":"http:\/\/denizcankizil.tr\/de\/haberler\/gundem\/denizli-sanat-calistayinda-gelecege-isik-tutuldu\/"},"author":{"name":"admin","@id":"https:\/\/denizcankizil.tr\/#\/schema\/person\/be3c05fe6a12686905512445d8185489"},"headline":"Denizli Sanat \u00c7al\u0131\u015ftay\u0131\u2019nda gelece\u011fe \u0131\u015f\u0131k tutuldu","datePublished":"2025-04-28T06:42:21+00:00","mainEntityOfPage":{"@id":"http:\/\/denizcankizil.tr\/de\/haberler\/gundem\/denizli-sanat-calistayinda-gelecege-isik-tutuldu\/"},"wordCount":981,"publisher":{"@id":"https:\/\/denizcankizil.tr\/#organization"},"articleSection":["G\u00fcndem"],"inLanguage":"de"},{"@type":"WebPage","@id":"http:\/\/denizcankizil.tr\/de\/haberler\/gundem\/denizli-sanat-calistayinda-gelecege-isik-tutuldu\/","url":"http:\/\/denizcankizil.tr\/de\/haberler\/gundem\/denizli-sanat-calistayinda-gelecege-isik-tutuldu\/","name":"Denizli Sanat \u00c7al\u0131\u015ftay\u0131\u2019nda gelece\u011fe \u0131\u015f\u0131k tutuldu - Av. Deniz Can K\u0131z\u0131l","isPartOf":{"@id":"https:\/\/denizcankizil.tr\/#website"},"datePublished":"2025-04-28T06:42:21+00:00","breadcrumb":{"@id":"http:\/\/denizcankizil.tr\/de\/haberler\/gundem\/denizli-sanat-calistayinda-gelecege-isik-tutuldu\/#breadcrumb"},"inLanguage":"de","potentialAction":[{"@type":"ReadAction","target":["http:\/\/denizcankizil.tr\/de\/haberler\/gundem\/denizli-sanat-calistayinda-gelecege-isik-tutuldu\/"]}]},{"@type":"BreadcrumbList","@id":"http:\/\/denizcankizil.tr\/de\/haberler\/gundem\/denizli-sanat-calistayinda-gelecege-isik-tutuldu\/#breadcrumb","itemListElement":[{"@type":"ListItem","position":1,"name":"Home","item":"https:\/\/denizcankizil.tr\/uk\/"},{"@type":"ListItem","position":2,"name":"Denizli Sanat \u00c7al\u0131\u015ftay\u0131\u2019nda gelece\u011fe \u0131\u015f\u0131k tutuldu"}]},{"@type":"WebSite","@id":"https:\/\/denizcankizil.tr\/#website","url":"https:\/\/denizcankizil.tr\/","name":"Av. Deniz Can K\u0131z\u0131l","description":"Avukat Deniz Can K\u0131z\u0131l Antalya Barosu","publisher":{"@id":"https:\/\/denizcankizil.tr\/#organization"},"potentialAction":[{"@type":"SearchAction","target":{"@type":"EntryPoint","urlTemplate":"https:\/\/denizcankizil.tr\/?s={search_term_string}"},"query-input":{"@type":"PropertyValueSpecification","valueRequired":true,"valueName":"search_term_string"}}],"inLanguage":"de"},{"@type":"Organization","@id":"https:\/\/denizcankizil.tr\/#organization","name":"Av. Deniz Can K\u0131z\u0131l","url":"https:\/\/denizcankizil.tr\/","logo":{"@type":"ImageObject","inLanguage":"de","@id":"https:\/\/denizcankizil.tr\/#\/schema\/logo\/image\/","url":"http:\/\/denizcankizil.tr\/wp-content\/uploads\/2024\/10\/siyah-logo-svg.svg","contentUrl":"http:\/\/denizcankizil.tr\/wp-content\/uploads\/2024\/10\/siyah-logo-svg.svg","width":1080,"height":1080,"caption":"Av. Deniz Can K\u0131z\u0131l"},"image":{"@id":"https:\/\/denizcankizil.tr\/#\/schema\/logo\/image\/"}},{"@type":"Person","@id":"https:\/\/denizcankizil.tr\/#\/schema\/person\/be3c05fe6a12686905512445d8185489","name":"Administrator","image":{"@type":"ImageObject","inLanguage":"de","@id":"https:\/\/denizcankizil.tr\/#\/schema\/person\/image\/","url":"https:\/\/secure.gravatar.com\/avatar\/c1fce94c830dc79107e174f890d7210541c4a63e8e5d816341794a2151c9d58c?s=96&d=mm&r=g","contentUrl":"https:\/\/secure.gravatar.com\/avatar\/c1fce94c830dc79107e174f890d7210541c4a63e8e5d816341794a2151c9d58c?s=96&d=mm&r=g","caption":"admin"},"sameAs":["http:\/\/denizcankizil.tr"],"url":"https:\/\/www.iskenderun.org\/denizli-sanat-calistayinda-gelecege-isik-tutuldu"}]}},"_links":{"self":[{"href":"http:\/\/denizcankizil.tr\/de\/wp-json\/wp\/v2\/posts\/69025","targetHints":{"allow":["GET"]}}],"collection":[{"href":"http:\/\/denizcankizil.tr\/de\/wp-json\/wp\/v2\/posts"}],"about":[{"href":"http:\/\/denizcankizil.tr\/de\/wp-json\/wp\/v2\/types\/post"}],"author":[{"embeddable":true,"href":"http:\/\/denizcankizil.tr\/de\/wp-json\/wp\/v2\/users\/1"}],"replies":[{"embeddable":true,"href":"http:\/\/denizcankizil.tr\/de\/wp-json\/wp\/v2\/comments?post=69025"}],"version-history":[{"count":0,"href":"http:\/\/denizcankizil.tr\/de\/wp-json\/wp\/v2\/posts\/69025\/revisions"}],"wp:attachment":[{"href":"http:\/\/denizcankizil.tr\/de\/wp-json\/wp\/v2\/media?parent=69025"}],"wp:term":[{"taxonomy":"category","embeddable":true,"href":"http:\/\/denizcankizil.tr\/de\/wp-json\/wp\/v2\/categories?post=69025"},{"taxonomy":"post_tag","embeddable":true,"href":"http:\/\/denizcankizil.tr\/de\/wp-json\/wp\/v2\/tags?post=69025"}],"curies":[{"name":"wp","href":"https:\/\/api.w.org\/{rel}","templated":true}]}}