{"id":69021,"date":"2025-04-28T09:42:15","date_gmt":"2025-04-28T06:42:15","guid":{"rendered":"https:\/\/denizcankizil.tr\/uncategorized-tr\/prof-dr-sari-marmarada-cozum-kirliligi-azaltmak\/"},"modified":"2025-04-28T09:42:15","modified_gmt":"2025-04-28T06:42:15","slug":"prof-dr-sari-marmarada-cozum-kirliligi-azaltmak","status":"publish","type":"post","link":"http:\/\/denizcankizil.tr\/de\/haberler\/gundem\/prof-dr-sari-marmarada-cozum-kirliligi-azaltmak\/","title":{"rendered":"Prof. Dr. Sar\u0131: Marmara\u2019da \u00e7\u00f6z\u00fcm kirlili\u011fi azaltmak!"},"content":{"rendered":"<p>M\u00fcsilaj Bilim Kurulu \u00dcyesi Prof. Dr. Mustafa Sar\u0131, Marmara Denizi\u2019nde m\u00fcsilaj\u0131n 26 Nisan itibariyle yeniden y\u00fczeye \u00e7\u0131kmaya ba\u015flad\u0131\u011f\u0131n\u0131 belirterek, kirlili\u011fi azalt\u0131p ar\u0131t\u0131lmam\u0131\u015f at\u0131k sular\u0131n Marmara\u2019ya ula\u015fmas\u0131n\u0131n engellenmesi gerekti\u011fi vurgusunu yineledi.BURSA (\u0130GFA) &#8211; Marmara Denizi&#8217;nde uzun bir s\u00fcredir etkisini s\u00fcrd\u00fcren m\u00fcsilaj konusuna sosyal medya hesab\u0131ndan payla\u015f\u0131mda bulunarak dikkati \u00e7eken akademisyen Prof. Dr. Mustafa Sar\u0131, 26 Nisan itibar\u0131yla Marmara Denizi\u2019nde m\u00fcsilaj\u0131n y\u00fczeye \u00e7\u0131kmaya ba\u015flad\u0131\u011f\u0131n\u0131 a\u00e7\u0131klad\u0131.<\/p>\n<p><blockquote class=\"twitter-tweet\" data-width=\"550\" data-dnt=\"true\"><p lang=\"tr\" dir=\"ltr\">M\u00fcsilaj Y\u00fczeyde!<br><br>26 Nisan 2025, hava sakin ve Marmara Denizi&#39;nde y\u00fczey suyu s\u0131cakl\u0131\u011f\u0131 14 C&#39;yi ge\u00e7ti. Bug\u00fcnden itibaren G\u00fcney Marmara ba\u015fta olmak \u00fczere b\u00fct\u00fcn k\u0131y\u0131larda m\u00fcsilaj daha \u00e7ok y\u00fczeye \u00e7\u0131kmaya ba\u015flayacak. Aylard\u0131r yok sayd\u0131\u011f\u0131m\u0131z m\u00fcsilaj uzunca s\u00fcre g\u00fcndemimizi me\u015fgul\u2026 <a href=\"https:\/\/t.co\/Cq4U71uAbz\">pic.twitter.com\/Cq4U71uAbz<\/a><\/p>&mdash; Mustafa SARI, Prof. Dr. (@profmustafasari) <a href=\"https:\/\/twitter.com\/profmustafasari\/status\/1916045052486238472?ref_src=twsrc%5Etfw\">April 26, 2025<\/a><\/blockquote><script async src=\"https:\/\/platform.twitter.com\/widgets.js\" charset=\"utf-8\"><\/script><\/p>\n<p>Hava sakin, deniz y\u00fczey suyu s\u0131cakl\u0131\u011f\u0131n\u0131n 14\u00b0C\u2019yi ge\u00e7ti\u011fini belirten Prof. Dr. Sar\u0131, \u00f6zellikle G\u00fcney Marmara k\u0131y\u0131lar\u0131nda m\u00fcsilaj\u0131n yo\u011funla\u015faca\u011f\u0131n\u0131 ve uzun s\u00fcre g\u00fcndemde kalaca\u011f\u0131n\u0131 ifade etti.<br \/>\nProf. Dr. Sar\u0131, \u00e7\u00f6z\u00fcm olarak aylard\u0131r \u00f6nerdikleri y\u00f6ntemi tekrarlayarak, \u201c\u0130\u015f birli\u011fiyle kirlili\u011fi azaltmal\u0131, ard\u0131ndan 1 litre bile ar\u0131t\u0131lmam\u0131\u015f at\u0131k suyun Marmara\u2019ya ula\u015fmas\u0131n\u0131 engellemeliyiz\u201d dedi.<\/p>\n<p>\u200bM\u00fcsilaj Bilim Kurulu \u00dcyesi Prof. Dr. Mustafa Sar\u0131, Marmara Denizi\u2019nde m\u00fcsilaj\u0131n 26 Nisan itibariyle yeniden y\u00fczeye \u00e7\u0131kmaya ba\u015flad\u0131\u011f\u0131n\u0131 belirterek, kirlili\u011fi azalt\u0131p ar\u0131t\u0131lmam\u0131\u015f at\u0131k sular\u0131n Marmara\u2019ya ula\u015fmas\u0131n\u0131n engellenmesi gerekti\u011fi vurgusunu yineledi.BURSA (\u0130GFA) &#8211; Marmara Denizi&#8217;nde uzun bir s\u00fcredir etkisini s\u00fcrd\u00fcren m\u00fcsilaj konusuna sosyal medya hesab\u0131ndan payla\u015f\u0131mda bulunarak dikkati \u00e7eken akademisyen Prof. Dr. Mustafa Sar\u0131, 26 Nisan itibar\u0131yla Marmara Denizi\u2019nde m\u00fcsilaj\u0131n y\u00fczeye \u00e7\u0131kmaya ba\u015flad\u0131\u011f\u0131n\u0131 a\u00e7\u0131klad\u0131.<\/p>\n<p><blockquote class=\"twitter-tweet\" data-width=\"550\" data-dnt=\"true\"><p lang=\"tr\" dir=\"ltr\">M\u00fcsilaj Y\u00fczeyde!<br><br>26 Nisan 2025, hava sakin ve Marmara Denizi&#39;nde y\u00fczey suyu s\u0131cakl\u0131\u011f\u0131 14 C&#39;yi ge\u00e7ti. Bug\u00fcnden itibaren G\u00fcney Marmara ba\u015fta olmak \u00fczere b\u00fct\u00fcn k\u0131y\u0131larda m\u00fcsilaj daha \u00e7ok y\u00fczeye \u00e7\u0131kmaya ba\u015flayacak. Aylard\u0131r yok sayd\u0131\u011f\u0131m\u0131z m\u00fcsilaj uzunca s\u00fcre g\u00fcndemimizi me\u015fgul\u2026 <a href=\"https:\/\/t.co\/Cq4U71uAbz\">pic.twitter.com\/Cq4U71uAbz<\/a><\/p>&mdash; Mustafa SARI, Prof. Dr. (@profmustafasari) <a href=\"https:\/\/twitter.com\/profmustafasari\/status\/1916045052486238472?ref_src=twsrc%5Etfw\">April 26, 2025<\/a><\/blockquote><script async src=\"https:\/\/platform.twitter.com\/widgets.js\" charset=\"utf-8\"><\/script><\/p>\n<p>Hava sakin, deniz y\u00fczey suyu s\u0131cakl\u0131\u011f\u0131n\u0131n 14\u00b0C\u2019yi ge\u00e7ti\u011fini belirten Prof. Dr. Sar\u0131, \u00f6zellikle G\u00fcney Marmara k\u0131y\u0131lar\u0131nda m\u00fcsilaj\u0131n yo\u011funla\u015faca\u011f\u0131n\u0131 ve uzun s\u00fcre g\u00fcndemde kalaca\u011f\u0131n\u0131 ifade etti.<br \/>\nProf. Dr. Sar\u0131, \u00e7\u00f6z\u00fcm olarak aylard\u0131r \u00f6nerdikleri y\u00f6ntemi tekrarlayarak, \u201c\u0130\u015f birli\u011fiyle kirlili\u011fi azaltmal\u0131, ard\u0131ndan 1 litre bile ar\u0131t\u0131lmam\u0131\u015f at\u0131k suyun Marmara\u2019ya ula\u015fmas\u0131n\u0131 engellemeliyiz\u201d dedi.\u00a0<\/p>\n<p>\u200bHaberin Al\u0131nt\u0131land\u0131\u011f\u0131 Kaynak: www.iskenderun.org<\/p>","protected":false},"excerpt":{"rendered":"<p>M\u00fcsilaj Bilim Kurulu \u00dcyesi Prof. Dr. Mustafa Sar\u0131, Marmara Denizi\u2019nde m\u00fcsilaj\u0131n 26 Nisan itibariyle yeniden y\u00fczeye \u00e7\u0131kmaya ba\u015flad\u0131\u011f\u0131n\u0131 belirterek, kirlili\u011fi azalt\u0131p ar\u0131t\u0131lmam\u0131\u015f at\u0131k sular\u0131n Marmara\u2019ya ula\u015fmas\u0131n\u0131n engellenmesi gerekti\u011fi vurgusunu yineledi.BURSA (\u0130GFA) &#8211; Marmara Denizi&#8217;nde uzun bir s\u00fcredir etkisini s\u00fcrd\u00fcren m\u00fcsilaj konusuna sosyal medya hesab\u0131ndan payla\u015f\u0131mda bulunarak dikkati \u00e7eken akademisyen Prof. Dr. Mustafa Sar\u0131, 26 Nisan itibar\u0131yla Marmara Denizi\u2019nde m\u00fcsilaj\u0131n y\u00fczeye \u00e7\u0131kmaya ba\u015flad\u0131\u011f\u0131n\u0131 a\u00e7\u0131klad\u0131. M\u00fcsilaj Y\u00fczeyde! 26 Nisan 2025, hava sakin ve Marmara Denizi&#39;nde y\u00fczey suyu s\u0131cakl\u0131\u011f\u0131 14 C&#39;yi ge\u00e7ti. Bug\u00fcnden itibaren G\u00fcney Marmara ba\u015fta olmak \u00fczere b\u00fct\u00fcn k\u0131y\u0131larda m\u00fcsilaj daha \u00e7ok y\u00fczeye \u00e7\u0131kmaya ba\u015flayacak. Aylard\u0131r yok sayd\u0131\u011f\u0131m\u0131z m\u00fcsilaj uzunca s\u00fcre g\u00fcndemimizi me\u015fgul\u2026 pic.twitter.com\/Cq4U71uAbz &mdash; Mustafa SARI, Prof. Dr. (@profmustafasari) April 26, 2025 Hava sakin, deniz y\u00fczey suyu s\u0131cakl\u0131\u011f\u0131n\u0131n 14\u00b0C\u2019yi ge\u00e7ti\u011fini belirten Prof. Dr. Sar\u0131, \u00f6zellikle G\u00fcney Marmara k\u0131y\u0131lar\u0131nda m\u00fcsilaj\u0131n yo\u011funla\u015faca\u011f\u0131n\u0131 ve uzun s\u00fcre g\u00fcndemde kalaca\u011f\u0131n\u0131 ifade etti. Prof. Dr. Sar\u0131, \u00e7\u00f6z\u00fcm olarak aylard\u0131r \u00f6nerdikleri y\u00f6ntemi tekrarlayarak, \u201c\u0130\u015f birli\u011fiyle kirlili\u011fi azaltmal\u0131, ard\u0131ndan 1 litre bile ar\u0131t\u0131lmam\u0131\u015f at\u0131k suyun Marmara\u2019ya ula\u015fmas\u0131n\u0131 engellemeliyiz\u201d dedi. \u200bM\u00fcsilaj Bilim Kurulu \u00dcyesi Prof. Dr. Mustafa Sar\u0131, Marmara Denizi\u2019nde m\u00fcsilaj\u0131n 26 Nisan itibariyle yeniden y\u00fczeye \u00e7\u0131kmaya ba\u015flad\u0131\u011f\u0131n\u0131 belirterek, kirlili\u011fi azalt\u0131p ar\u0131t\u0131lmam\u0131\u015f at\u0131k sular\u0131n Marmara\u2019ya ula\u015fmas\u0131n\u0131n engellenmesi gerekti\u011fi vurgusunu yineledi.BURSA (\u0130GFA) &#8211; Marmara Denizi&#8217;nde uzun bir s\u00fcredir etkisini s\u00fcrd\u00fcren &hellip;<\/p>","protected":false},"author":1,"featured_media":0,"comment_status":"","ping_status":"open","sticky":false,"template":"","format":"standard","meta":{"_acf_changed":false,"footnotes":""},"categories":[24],"tags":[],"class_list":["post-69021","post","type-post","status-publish","format-standard","has-post-thumbnail","hentry","category-gundem"],"acf":[],"yoast_head":"<!-- This site is optimized with the Yoast SEO Premium plugin v26.6 (Yoast SEO v27.1.1) - https:\/\/yoast.com\/product\/yoast-seo-premium-wordpress\/ -->\n<title>Prof. Dr. Sar\u0131: Marmara\u2019da \u00e7\u00f6z\u00fcm kirlili\u011fi azaltmak! - Av. Deniz Can K\u0131z\u0131l<\/title>\n<meta name=\"robots\" content=\"index, follow, max-snippet:-1, max-image-preview:large, max-video-preview:-1\" \/>\n<link rel=\"canonical\" href=\"http:\/\/denizcankizil.tr\/de\/haberler\/gundem\/prof-dr-sari-marmarada-cozum-kirliligi-azaltmak\/\" \/>\n<meta property=\"og:locale\" content=\"de_DE\" \/>\n<meta property=\"og:type\" content=\"article\" \/>\n<meta property=\"og:title\" content=\"Prof. Dr. Sar\u0131: Marmara\u2019da \u00e7\u00f6z\u00fcm kirlili\u011fi azaltmak!\" \/>\n<meta property=\"og:description\" content=\"M\u00fcsilaj Bilim Kurulu \u00dcyesi Prof. Dr. Mustafa Sar\u0131, Marmara Denizi\u2019nde m\u00fcsilaj\u0131n 26 Nisan itibariyle yeniden y\u00fczeye \u00e7\u0131kmaya ba\u015flad\u0131\u011f\u0131n\u0131 belirterek, kirlili\u011fi azalt\u0131p ar\u0131t\u0131lmam\u0131\u015f at\u0131k sular\u0131n Marmara\u2019ya ula\u015fmas\u0131n\u0131n engellenmesi gerekti\u011fi vurgusunu yineledi.BURSA (\u0130GFA) &#8211; Marmara Denizi&#8217;nde uzun bir s\u00fcredir etkisini s\u00fcrd\u00fcren m\u00fcsilaj konusuna sosyal medya hesab\u0131ndan payla\u015f\u0131mda bulunarak dikkati \u00e7eken akademisyen Prof. Dr. Mustafa Sar\u0131, 26 Nisan itibar\u0131yla Marmara Denizi\u2019nde m\u00fcsilaj\u0131n y\u00fczeye \u00e7\u0131kmaya ba\u015flad\u0131\u011f\u0131n\u0131 a\u00e7\u0131klad\u0131. M\u00fcsilaj Y\u00fczeyde! 26 Nisan 2025, hava sakin ve Marmara Denizi&#039;nde y\u00fczey suyu s\u0131cakl\u0131\u011f\u0131 14 C&#039;yi ge\u00e7ti. Bug\u00fcnden itibaren G\u00fcney Marmara ba\u015fta olmak \u00fczere b\u00fct\u00fcn k\u0131y\u0131larda m\u00fcsilaj daha \u00e7ok y\u00fczeye \u00e7\u0131kmaya ba\u015flayacak. Aylard\u0131r yok sayd\u0131\u011f\u0131m\u0131z m\u00fcsilaj uzunca s\u00fcre g\u00fcndemimizi me\u015fgul\u2026 pic.twitter.com\/Cq4U71uAbz &mdash; Mustafa SARI, Prof. Dr. (@profmustafasari) April 26, 2025 Hava sakin, deniz y\u00fczey suyu s\u0131cakl\u0131\u011f\u0131n\u0131n 14\u00b0C\u2019yi ge\u00e7ti\u011fini belirten Prof. Dr. Sar\u0131, \u00f6zellikle G\u00fcney Marmara k\u0131y\u0131lar\u0131nda m\u00fcsilaj\u0131n yo\u011funla\u015faca\u011f\u0131n\u0131 ve uzun s\u00fcre g\u00fcndemde kalaca\u011f\u0131n\u0131 ifade etti. Prof. Dr. Sar\u0131, \u00e7\u00f6z\u00fcm olarak aylard\u0131r \u00f6nerdikleri y\u00f6ntemi tekrarlayarak, \u201c\u0130\u015f birli\u011fiyle kirlili\u011fi azaltmal\u0131, ard\u0131ndan 1 litre bile ar\u0131t\u0131lmam\u0131\u015f at\u0131k suyun Marmara\u2019ya ula\u015fmas\u0131n\u0131 engellemeliyiz\u201d dedi. \u200bM\u00fcsilaj Bilim Kurulu \u00dcyesi Prof. Dr. Mustafa Sar\u0131, Marmara Denizi\u2019nde m\u00fcsilaj\u0131n 26 Nisan itibariyle yeniden y\u00fczeye \u00e7\u0131kmaya ba\u015flad\u0131\u011f\u0131n\u0131 belirterek, kirlili\u011fi azalt\u0131p ar\u0131t\u0131lmam\u0131\u015f at\u0131k sular\u0131n Marmara\u2019ya ula\u015fmas\u0131n\u0131n engellenmesi gerekti\u011fi vurgusunu yineledi.BURSA (\u0130GFA) &#8211; Marmara Denizi&#8217;nde uzun bir s\u00fcredir etkisini s\u00fcrd\u00fcren &hellip;\" \/>\n<meta property=\"og:url\" content=\"http:\/\/denizcankizil.tr\/de\/haberler\/gundem\/prof-dr-sari-marmarada-cozum-kirliligi-azaltmak\/\" \/>\n<meta property=\"og:site_name\" content=\"Av. Deniz Can K\u0131z\u0131l\" \/>\n<meta property=\"article:published_time\" content=\"2025-04-28T06:42:15+00:00\" \/>\n<meta name=\"author\" content=\"admin\" \/>\n<meta name=\"twitter:card\" content=\"summary_large_image\" \/>\n<meta name=\"twitter:label1\" content=\"Verfasst von\" \/>\n\t<meta name=\"twitter:data1\" content=\"admin\" \/>\n\t<meta name=\"twitter:label2\" content=\"Gesch\u00e4tzte Lesezeit\" \/>\n\t<meta name=\"twitter:data2\" content=\"2\u00a0Minuten\" \/>\n<script type=\"application\/ld+json\" class=\"yoast-schema-graph\">{\"@context\":\"https:\/\/schema.org\",\"@graph\":[{\"@type\":\"Article\",\"@id\":\"http:\/\/denizcankizil.tr\/de\/haberler\/gundem\/prof-dr-sari-marmarada-cozum-kirliligi-azaltmak\/#article\",\"isPartOf\":{\"@id\":\"http:\/\/denizcankizil.tr\/de\/haberler\/gundem\/prof-dr-sari-marmarada-cozum-kirliligi-azaltmak\/\"},\"author\":{\"name\":\"admin\",\"@id\":\"https:\/\/denizcankizil.tr\/de\/#\/schema\/person\/be3c05fe6a12686905512445d8185489\"},\"headline\":\"Prof. Dr. Sar\u0131: Marmara\u2019da \u00e7\u00f6z\u00fcm kirlili\u011fi azaltmak!\",\"datePublished\":\"2025-04-28T06:42:15+00:00\",\"mainEntityOfPage\":{\"@id\":\"http:\/\/denizcankizil.tr\/de\/haberler\/gundem\/prof-dr-sari-marmarada-cozum-kirliligi-azaltmak\/\"},\"wordCount\":374,\"publisher\":{\"@id\":\"https:\/\/denizcankizil.tr\/de\/#organization\"},\"articleSection\":[\"G\u00fcndem\"],\"inLanguage\":\"de\"},{\"@type\":\"WebPage\",\"@id\":\"http:\/\/denizcankizil.tr\/de\/haberler\/gundem\/prof-dr-sari-marmarada-cozum-kirliligi-azaltmak\/\",\"url\":\"http:\/\/denizcankizil.tr\/de\/haberler\/gundem\/prof-dr-sari-marmarada-cozum-kirliligi-azaltmak\/\",\"name\":\"Prof. Dr. Sar\u0131: Marmara\u2019da \u00e7\u00f6z\u00fcm kirlili\u011fi azaltmak! - Av. Deniz Can K\u0131z\u0131l\",\"isPartOf\":{\"@id\":\"https:\/\/denizcankizil.tr\/de\/#website\"},\"datePublished\":\"2025-04-28T06:42:15+00:00\",\"breadcrumb\":{\"@id\":\"http:\/\/denizcankizil.tr\/de\/haberler\/gundem\/prof-dr-sari-marmarada-cozum-kirliligi-azaltmak\/#breadcrumb\"},\"inLanguage\":\"de\",\"potentialAction\":[{\"@type\":\"ReadAction\",\"target\":[\"http:\/\/denizcankizil.tr\/de\/haberler\/gundem\/prof-dr-sari-marmarada-cozum-kirliligi-azaltmak\/\"]}]},{\"@type\":\"BreadcrumbList\",\"@id\":\"http:\/\/denizcankizil.tr\/de\/haberler\/gundem\/prof-dr-sari-marmarada-cozum-kirliligi-azaltmak\/#breadcrumb\",\"itemListElement\":[{\"@type\":\"ListItem\",\"position\":1,\"name\":\"Home\",\"item\":\"https:\/\/denizcankizil.tr\/de\/\"},{\"@type\":\"ListItem\",\"position\":2,\"name\":\"Prof. Dr. Sar\u0131: Marmara\u2019da \u00e7\u00f6z\u00fcm kirlili\u011fi azaltmak!\"}]},{\"@type\":\"WebSite\",\"@id\":\"https:\/\/denizcankizil.tr\/de\/#website\",\"url\":\"https:\/\/denizcankizil.tr\/de\/\",\"name\":\"Av. Deniz Can K\u0131z\u0131l\",\"description\":\"Avukat Deniz Can K\u0131z\u0131l Antalya Barosu\",\"publisher\":{\"@id\":\"https:\/\/denizcankizil.tr\/de\/#organization\"},\"potentialAction\":[{\"@type\":\"SearchAction\",\"target\":{\"@type\":\"EntryPoint\",\"urlTemplate\":\"https:\/\/denizcankizil.tr\/de\/?s={search_term_string}\"},\"query-input\":{\"@type\":\"PropertyValueSpecification\",\"valueRequired\":true,\"valueName\":\"search_term_string\"}}],\"inLanguage\":\"de\"},{\"@type\":\"Organization\",\"@id\":\"https:\/\/denizcankizil.tr\/de\/#organization\",\"name\":\"Av. Deniz Can K\u0131z\u0131l\",\"url\":\"https:\/\/denizcankizil.tr\/de\/\",\"logo\":{\"@type\":\"ImageObject\",\"inLanguage\":\"de\",\"@id\":\"https:\/\/denizcankizil.tr\/de\/#\/schema\/logo\/image\/\",\"url\":\"http:\/\/denizcankizil.tr\/wp-content\/uploads\/2024\/10\/siyah-logo-svg.svg\",\"contentUrl\":\"http:\/\/denizcankizil.tr\/wp-content\/uploads\/2024\/10\/siyah-logo-svg.svg\",\"width\":1080,\"height\":1080,\"caption\":\"Av. Deniz Can K\u0131z\u0131l\"},\"image\":{\"@id\":\"https:\/\/denizcankizil.tr\/de\/#\/schema\/logo\/image\/\"}},{\"@type\":\"Person\",\"@id\":\"https:\/\/denizcankizil.tr\/de\/#\/schema\/person\/be3c05fe6a12686905512445d8185489\",\"name\":\"admin\",\"image\":{\"@type\":\"ImageObject\",\"inLanguage\":\"de\",\"@id\":\"https:\/\/denizcankizil.tr\/de\/#\/schema\/person\/image\/\",\"url\":\"https:\/\/secure.gravatar.com\/avatar\/c1fce94c830dc79107e174f890d7210541c4a63e8e5d816341794a2151c9d58c?s=96&d=mm&r=g\",\"contentUrl\":\"https:\/\/secure.gravatar.com\/avatar\/c1fce94c830dc79107e174f890d7210541c4a63e8e5d816341794a2151c9d58c?s=96&d=mm&r=g\",\"caption\":\"admin\"},\"sameAs\":[\"http:\/\/denizcankizil.tr\"],\"url\":\"https:\/\/www.iskenderun.org\/prof-dr-sari-marmarada-cozum-kirliligi-azaltmak\"}]}<\/script>\n<!-- \/ Yoast SEO Premium plugin. -->","yoast_head_json":{"title":"Prof. Dr. Sar\u0131: Marmara\u2019da \u00e7\u00f6z\u00fcm kirlili\u011fi azaltmak! - Av. Deniz Can K\u0131z\u0131l","robots":{"index":"index","follow":"follow","max-snippet":"max-snippet:-1","max-image-preview":"max-image-preview:large","max-video-preview":"max-video-preview:-1"},"canonical":"http:\/\/denizcankizil.tr\/de\/haberler\/gundem\/prof-dr-sari-marmarada-cozum-kirliligi-azaltmak\/","og_locale":"de_DE","og_type":"article","og_title":"Prof. Dr. Sar\u0131: Marmara\u2019da \u00e7\u00f6z\u00fcm kirlili\u011fi azaltmak!","og_description":"M\u00fcsilaj Bilim Kurulu \u00dcyesi Prof. Dr. Mustafa Sar\u0131, Marmara Denizi\u2019nde m\u00fcsilaj\u0131n 26 Nisan itibariyle yeniden y\u00fczeye \u00e7\u0131kmaya ba\u015flad\u0131\u011f\u0131n\u0131 belirterek, kirlili\u011fi azalt\u0131p ar\u0131t\u0131lmam\u0131\u015f at\u0131k sular\u0131n Marmara\u2019ya ula\u015fmas\u0131n\u0131n engellenmesi gerekti\u011fi vurgusunu yineledi.BURSA (\u0130GFA) &#8211; Marmara Denizi&#8217;nde uzun bir s\u00fcredir etkisini s\u00fcrd\u00fcren m\u00fcsilaj konusuna sosyal medya hesab\u0131ndan payla\u015f\u0131mda bulunarak dikkati \u00e7eken akademisyen Prof. Dr. Mustafa Sar\u0131, 26 Nisan itibar\u0131yla Marmara Denizi\u2019nde m\u00fcsilaj\u0131n y\u00fczeye \u00e7\u0131kmaya ba\u015flad\u0131\u011f\u0131n\u0131 a\u00e7\u0131klad\u0131. M\u00fcsilaj Y\u00fczeyde! 26 Nisan 2025, hava sakin ve Marmara Denizi&#39;nde y\u00fczey suyu s\u0131cakl\u0131\u011f\u0131 14 C&#39;yi ge\u00e7ti. Bug\u00fcnden itibaren G\u00fcney Marmara ba\u015fta olmak \u00fczere b\u00fct\u00fcn k\u0131y\u0131larda m\u00fcsilaj daha \u00e7ok y\u00fczeye \u00e7\u0131kmaya ba\u015flayacak. Aylard\u0131r yok sayd\u0131\u011f\u0131m\u0131z m\u00fcsilaj uzunca s\u00fcre g\u00fcndemimizi me\u015fgul\u2026 pic.twitter.com\/Cq4U71uAbz &mdash; Mustafa SARI, Prof. Dr. (@profmustafasari) April 26, 2025 Hava sakin, deniz y\u00fczey suyu s\u0131cakl\u0131\u011f\u0131n\u0131n 14\u00b0C\u2019yi ge\u00e7ti\u011fini belirten Prof. Dr. Sar\u0131, \u00f6zellikle G\u00fcney Marmara k\u0131y\u0131lar\u0131nda m\u00fcsilaj\u0131n yo\u011funla\u015faca\u011f\u0131n\u0131 ve uzun s\u00fcre g\u00fcndemde kalaca\u011f\u0131n\u0131 ifade etti. Prof. Dr. Sar\u0131, \u00e7\u00f6z\u00fcm olarak aylard\u0131r \u00f6nerdikleri y\u00f6ntemi tekrarlayarak, \u201c\u0130\u015f birli\u011fiyle kirlili\u011fi azaltmal\u0131, ard\u0131ndan 1 litre bile ar\u0131t\u0131lmam\u0131\u015f at\u0131k suyun Marmara\u2019ya ula\u015fmas\u0131n\u0131 engellemeliyiz\u201d dedi. \u200bM\u00fcsilaj Bilim Kurulu \u00dcyesi Prof. Dr. Mustafa Sar\u0131, Marmara Denizi\u2019nde m\u00fcsilaj\u0131n 26 Nisan itibariyle yeniden y\u00fczeye \u00e7\u0131kmaya ba\u015flad\u0131\u011f\u0131n\u0131 belirterek, kirlili\u011fi azalt\u0131p ar\u0131t\u0131lmam\u0131\u015f at\u0131k sular\u0131n Marmara\u2019ya ula\u015fmas\u0131n\u0131n engellenmesi gerekti\u011fi vurgusunu yineledi.BURSA (\u0130GFA) &#8211; Marmara Denizi&#8217;nde uzun bir s\u00fcredir etkisini s\u00fcrd\u00fcren &hellip;","og_url":"http:\/\/denizcankizil.tr\/de\/haberler\/gundem\/prof-dr-sari-marmarada-cozum-kirliligi-azaltmak\/","og_site_name":"Av. Deniz Can K\u0131z\u0131l","article_published_time":"2025-04-28T06:42:15+00:00","author":"admin","twitter_card":"summary_large_image","twitter_misc":{"Verfasst von":"admin","Gesch\u00e4tzte Lesezeit":"2\u00a0Minuten"},"schema":{"@context":"https:\/\/schema.org","@graph":[{"@type":"Article","@id":"http:\/\/denizcankizil.tr\/de\/haberler\/gundem\/prof-dr-sari-marmarada-cozum-kirliligi-azaltmak\/#article","isPartOf":{"@id":"http:\/\/denizcankizil.tr\/de\/haberler\/gundem\/prof-dr-sari-marmarada-cozum-kirliligi-azaltmak\/"},"author":{"name":"admin","@id":"https:\/\/denizcankizil.tr\/de\/#\/schema\/person\/be3c05fe6a12686905512445d8185489"},"headline":"Prof. Dr. Sar\u0131: Marmara\u2019da \u00e7\u00f6z\u00fcm kirlili\u011fi azaltmak!","datePublished":"2025-04-28T06:42:15+00:00","mainEntityOfPage":{"@id":"http:\/\/denizcankizil.tr\/de\/haberler\/gundem\/prof-dr-sari-marmarada-cozum-kirliligi-azaltmak\/"},"wordCount":374,"publisher":{"@id":"https:\/\/denizcankizil.tr\/de\/#organization"},"articleSection":["G\u00fcndem"],"inLanguage":"de"},{"@type":"WebPage","@id":"http:\/\/denizcankizil.tr\/de\/haberler\/gundem\/prof-dr-sari-marmarada-cozum-kirliligi-azaltmak\/","url":"http:\/\/denizcankizil.tr\/de\/haberler\/gundem\/prof-dr-sari-marmarada-cozum-kirliligi-azaltmak\/","name":"Prof. Dr. Sar\u0131: Marmara\u2019da \u00e7\u00f6z\u00fcm kirlili\u011fi azaltmak! - Av. Deniz Can K\u0131z\u0131l","isPartOf":{"@id":"https:\/\/denizcankizil.tr\/de\/#website"},"datePublished":"2025-04-28T06:42:15+00:00","breadcrumb":{"@id":"http:\/\/denizcankizil.tr\/de\/haberler\/gundem\/prof-dr-sari-marmarada-cozum-kirliligi-azaltmak\/#breadcrumb"},"inLanguage":"de","potentialAction":[{"@type":"ReadAction","target":["http:\/\/denizcankizil.tr\/de\/haberler\/gundem\/prof-dr-sari-marmarada-cozum-kirliligi-azaltmak\/"]}]},{"@type":"BreadcrumbList","@id":"http:\/\/denizcankizil.tr\/de\/haberler\/gundem\/prof-dr-sari-marmarada-cozum-kirliligi-azaltmak\/#breadcrumb","itemListElement":[{"@type":"ListItem","position":1,"name":"Home","item":"https:\/\/denizcankizil.tr\/de\/"},{"@type":"ListItem","position":2,"name":"Prof. Dr. Sar\u0131: Marmara\u2019da \u00e7\u00f6z\u00fcm kirlili\u011fi azaltmak!"}]},{"@type":"WebSite","@id":"https:\/\/denizcankizil.tr\/de\/#website","url":"https:\/\/denizcankizil.tr\/de\/","name":"Av. Deniz Can K\u0131z\u0131l","description":"Avukat Deniz Can K\u0131z\u0131l Antalya Barosu","publisher":{"@id":"https:\/\/denizcankizil.tr\/de\/#organization"},"potentialAction":[{"@type":"SearchAction","target":{"@type":"EntryPoint","urlTemplate":"https:\/\/denizcankizil.tr\/de\/?s={search_term_string}"},"query-input":{"@type":"PropertyValueSpecification","valueRequired":true,"valueName":"search_term_string"}}],"inLanguage":"de"},{"@type":"Organization","@id":"https:\/\/denizcankizil.tr\/de\/#organization","name":"Av. Deniz Can K\u0131z\u0131l","url":"https:\/\/denizcankizil.tr\/de\/","logo":{"@type":"ImageObject","inLanguage":"de","@id":"https:\/\/denizcankizil.tr\/de\/#\/schema\/logo\/image\/","url":"http:\/\/denizcankizil.tr\/wp-content\/uploads\/2024\/10\/siyah-logo-svg.svg","contentUrl":"http:\/\/denizcankizil.tr\/wp-content\/uploads\/2024\/10\/siyah-logo-svg.svg","width":1080,"height":1080,"caption":"Av. Deniz Can K\u0131z\u0131l"},"image":{"@id":"https:\/\/denizcankizil.tr\/de\/#\/schema\/logo\/image\/"}},{"@type":"Person","@id":"https:\/\/denizcankizil.tr\/de\/#\/schema\/person\/be3c05fe6a12686905512445d8185489","name":"Administrator","image":{"@type":"ImageObject","inLanguage":"de","@id":"https:\/\/denizcankizil.tr\/de\/#\/schema\/person\/image\/","url":"https:\/\/secure.gravatar.com\/avatar\/c1fce94c830dc79107e174f890d7210541c4a63e8e5d816341794a2151c9d58c?s=96&d=mm&r=g","contentUrl":"https:\/\/secure.gravatar.com\/avatar\/c1fce94c830dc79107e174f890d7210541c4a63e8e5d816341794a2151c9d58c?s=96&d=mm&r=g","caption":"admin"},"sameAs":["http:\/\/denizcankizil.tr"],"url":"https:\/\/www.iskenderun.org\/prof-dr-sari-marmarada-cozum-kirliligi-azaltmak"}]}},"_links":{"self":[{"href":"http:\/\/denizcankizil.tr\/de\/wp-json\/wp\/v2\/posts\/69021","targetHints":{"allow":["GET"]}}],"collection":[{"href":"http:\/\/denizcankizil.tr\/de\/wp-json\/wp\/v2\/posts"}],"about":[{"href":"http:\/\/denizcankizil.tr\/de\/wp-json\/wp\/v2\/types\/post"}],"author":[{"embeddable":true,"href":"http:\/\/denizcankizil.tr\/de\/wp-json\/wp\/v2\/users\/1"}],"replies":[{"embeddable":true,"href":"http:\/\/denizcankizil.tr\/de\/wp-json\/wp\/v2\/comments?post=69021"}],"version-history":[{"count":0,"href":"http:\/\/denizcankizil.tr\/de\/wp-json\/wp\/v2\/posts\/69021\/revisions"}],"wp:attachment":[{"href":"http:\/\/denizcankizil.tr\/de\/wp-json\/wp\/v2\/media?parent=69021"}],"wp:term":[{"taxonomy":"category","embeddable":true,"href":"http:\/\/denizcankizil.tr\/de\/wp-json\/wp\/v2\/categories?post=69021"},{"taxonomy":"post_tag","embeddable":true,"href":"http:\/\/denizcankizil.tr\/de\/wp-json\/wp\/v2\/tags?post=69021"}],"curies":[{"name":"wp","href":"https:\/\/api.w.org\/{rel}","templated":true}]}}