{"id":67539,"date":"2025-04-26T23:41:17","date_gmt":"2025-04-26T20:41:17","guid":{"rendered":"https:\/\/denizcankizil.tr\/uncategorized-tr\/ahmet-ercandan-istanbul-icin-yeni-degerlendirme-iki-ayri-deprem-uretebilir\/"},"modified":"2025-04-26T23:41:17","modified_gmt":"2025-04-26T20:41:17","slug":"ahmet-ercandan-istanbul-icin-yeni-degerlendirme-iki-ayri-deprem-uretebilir","status":"publish","type":"post","link":"http:\/\/denizcankizil.tr\/de\/haberler\/gundem\/ahmet-ercandan-istanbul-icin-yeni-degerlendirme-iki-ayri-deprem-uretebilir\/","title":{"rendered":"Ahmet Ercan&#8217;dan \u0130stanbul i\u00e7in yeni de\u011ferlendirme: \u201c\u0130ki ayr\u0131 deprem \u00fcretebilir\u201d"},"content":{"rendered":"<p>Jeofizik Y\u00fcksek M\u00fchendisi Prof. Dr. \u00d6vg\u00fcn Ahmet Ercan, Marmara Denizi&#8217;nde Silivri a\u00e7\u0131klar\u0131nda 6,2 b\u00fcy\u00fckl\u00fc\u011f\u00fcndeki meydana gelen depreme ili\u015fkin \u00f6nemli bir tespitte bulundu. Daha \u00f6nce 17 saniye s\u00fcren depremin deniz taban\u0131ndaki yer kabu\u011funu 28 kilometre boyunca sa\u011f at\u0131ml\u0131 olarak k\u0131rd\u0131\u011f\u0131n\u0131 ifade eden Ercan, bu kez \u0130stanbullular\u0131 ilgilendiren \u00f6nemli bir a\u00e7\u0131klamada bulundu.<\/p>\n<p>G\u00dcNDEMDE DEPREM ETK\u0130S\u0130!<\/p>\n<p>23 Nisan&#8217;da Marmara Denizi&#8217;nde Silivri a\u00e7\u0131klar\u0131nda meydana gelen 6,2 b\u00fcy\u00fckl\u00fc\u011f\u00fcndeki depremle ilgili de\u011ferlendirmeler s\u00fcr\u00fcyor. Jeofizik Y\u00fcksek M\u00fchendisi Prof. Dr. \u00d6vg\u00fcn Ahmet Ercan, sosyal medya hesab\u0131 X \u00fczerinden yapt\u0131\u011f\u0131 son a\u00e7\u0131klamayla yine dikkatleri \u00fczerinde \u00e7ekti.<\/p>\n<p>&#8220;B\u0130L\u0130MSEL TUTARSIZLIK \u0130\u00c7ER\u0130YOR&#8221;<\/p>\n<p>Sosyal medya hesab\u0131 X \u00fczerinden a\u00e7\u0131klamalarda bulunan Prof. Dr. Ercan, &#8220;Son olan M6,2 depremi g\u00f6sterdi ki, kuzey Marmara tek par\u00e7a bir k\u0131r\u0131ktan olu\u015fmuyor. Dolay\u0131s\u0131yla M7,5-M8,0 deprem b\u00fcy\u00fckl\u00fckleri bilimsel tutars\u0131zl\u0131k i\u00e7erdi\u011fi anla\u015f\u0131lm\u0131\u015ft\u0131r&#8221; ifadelerini kulland\u0131. Prof. Dr. Ercan, bu tespitiyle, daha \u00f6nce s\u0131kl\u0131kla dile getirilen b\u00fcy\u00fck Marmara depremi beklentisine farkl\u0131 bir boyut getirdi.<\/p>\n<p>&#8220;1999 DEPREM\u0130NDEN BU YANA&#8230;&#8221;<\/p>\n<p>Prof. Dr. Ercan, gelinen son noktada, 1999 depremlerinden bu yana vurgulad\u0131\u011f\u0131 gibi, Marmara fay hatt\u0131n\u0131n Trakya ve \u0130stanbul kolu olmak \u00fczere iki ayr\u0131 deprem \u00fcretebilece\u011fini \u00f6ne s\u00fcrd\u00fc. Beklenen en b\u00fcy\u00fck deprem b\u00fcy\u00fckl\u00fc\u011f\u00fcn\u00fcn M7,0-M7,2 aral\u0131\u011f\u0131nda oldu\u011funu belirten Ercan, 23 Nisan&#8217;daki depremin k\u0131r\u0131k boyunu 28 kilometre k\u0131saltt\u0131\u011f\u0131n\u0131 ifade etti. Bu k\u0131salma neticesinde Trakya kolunda beklenen deprem b\u00fcy\u00fckl\u00fc\u011f\u00fcn\u00fcn M6,9-M7,1&#8217;e, \u0130stanbul kolunda ise M6,4-M6,7 aral\u0131\u011f\u0131nda iki ayr\u0131 deprem olabilece\u011fi tahminini payla\u015ft\u0131.<\/p>\n<p>NE OLMU\u015eTU? <\/p>\n<p>Prof. Dr. Ercan, daha \u00f6nceki a\u00e7\u0131klamalar\u0131nda 23 Nisan&#8217;daki depremin Kuzey Anadolu K\u0131r\u0131\u011f\u0131&#8217;n\u0131n Trakya kolu \u00fczerinde, Silivri a\u00e7\u0131klar\u0131nda ve 7-13 kilometre odak derinli\u011finde ger\u00e7ekle\u015fti\u011fini belirtmi\u015fti. Depremin 17 saniye s\u00fcrd\u00fc\u011f\u00fcn\u00fc ve deniz taban\u0131ndaki yer kabu\u011funu 28 kilometre boyunca sa\u011f at\u0131ml\u0131 olarak k\u0131rd\u0131\u011f\u0131n\u0131 ifade etmi\u015fti. Son de\u011ferlendirmesiyle ise bu k\u0131r\u0131\u011f\u0131n, fay hatt\u0131n\u0131n tek par\u00e7a olmad\u0131\u011f\u0131 y\u00f6n\u00fcndeki g\u00f6r\u00fc\u015f\u00fcn\u00fc destekledi\u011fini vurgulad\u0131.<\/p>\n<p>Prof. Dr. Ercan&#8217;\u0131n bu yeni a\u00e7\u0131klamalar\u0131, \u0130stanbul ve \u00e7evresindeki deprem beklentisiyle ilgili tart\u0131\u015fmalara yeni bir boyut kazand\u0131r\u0131rken, fay hatt\u0131n\u0131n karma\u015f\u0131k yap\u0131s\u0131 ve olas\u0131 senaryolar \u00fczerindeki bilimsel \u00e7al\u0131\u015fmalar\u0131 daha da \u00f6nemli hale getirdi.<\/p>\n<p>\u200bJeofizik Y\u00fcksek M\u00fchendisi Prof. Dr. \u00d6vg\u00fcn Ahmet Ercan, 23 Nisan&#8217;da Silivri a\u00e7\u0131klar\u0131nda meydana gelen 6,2 b\u00fcy\u00fckl\u00fc\u011f\u00fcndeki depremin ard\u0131ndan Marmara fay hatt\u0131n\u0131n Trakya ve \u0130stanbul kolu olmak \u00fczere iki ayr\u0131 deprem \u00fcretebilece\u011fini \u00f6ne s\u00fcrd\u00fc.\u00a0<\/p>\n<p>\u200bHaberin Al\u0131nt\u0131land\u0131\u011f\u0131 Kaynak: www.antalyakorfez.com<\/p>","protected":false},"excerpt":{"rendered":"<p>Jeofizik Y\u00fcksek M\u00fchendisi Prof. Dr. \u00d6vg\u00fcn Ahmet Ercan, Marmara Denizi&#8217;nde Silivri a\u00e7\u0131klar\u0131nda 6,2 b\u00fcy\u00fckl\u00fc\u011f\u00fcndeki meydana gelen depreme ili\u015fkin \u00f6nemli bir tespitte bulundu. Daha \u00f6nce 17 saniye s\u00fcren depremin deniz taban\u0131ndaki yer kabu\u011funu 28 kilometre boyunca sa\u011f at\u0131ml\u0131 olarak k\u0131rd\u0131\u011f\u0131n\u0131 ifade eden Ercan, bu kez \u0130stanbullular\u0131 ilgilendiren \u00f6nemli bir a\u00e7\u0131klamada bulundu. G\u00dcNDEMDE DEPREM ETK\u0130S\u0130! 23 Nisan&#8217;da Marmara Denizi&#8217;nde Silivri a\u00e7\u0131klar\u0131nda meydana gelen 6,2 b\u00fcy\u00fckl\u00fc\u011f\u00fcndeki depremle ilgili de\u011ferlendirmeler s\u00fcr\u00fcyor. Jeofizik Y\u00fcksek M\u00fchendisi Prof. Dr. \u00d6vg\u00fcn Ahmet Ercan, sosyal medya hesab\u0131 X \u00fczerinden yapt\u0131\u011f\u0131 son a\u00e7\u0131klamayla yine dikkatleri \u00fczerinde \u00e7ekti. &#8220;B\u0130L\u0130MSEL TUTARSIZLIK \u0130\u00c7ER\u0130YOR&#8221; Sosyal medya hesab\u0131 X \u00fczerinden a\u00e7\u0131klamalarda bulunan Prof. Dr. Ercan, &#8220;Son olan M6,2 depremi g\u00f6sterdi ki, kuzey Marmara tek par\u00e7a bir k\u0131r\u0131ktan olu\u015fmuyor. Dolay\u0131s\u0131yla M7,5-M8,0 deprem b\u00fcy\u00fckl\u00fckleri bilimsel tutars\u0131zl\u0131k i\u00e7erdi\u011fi anla\u015f\u0131lm\u0131\u015ft\u0131r&#8221; ifadelerini kulland\u0131. Prof. Dr. Ercan, bu tespitiyle, daha \u00f6nce s\u0131kl\u0131kla dile getirilen b\u00fcy\u00fck Marmara depremi beklentisine farkl\u0131 bir boyut getirdi. &#8220;1999 DEPREM\u0130NDEN BU YANA&#8230;&#8221; Prof. Dr. Ercan, gelinen son noktada, 1999 depremlerinden bu yana vurgulad\u0131\u011f\u0131 gibi, Marmara fay hatt\u0131n\u0131n Trakya ve \u0130stanbul kolu olmak \u00fczere iki ayr\u0131 deprem \u00fcretebilece\u011fini \u00f6ne s\u00fcrd\u00fc. Beklenen en b\u00fcy\u00fck deprem b\u00fcy\u00fckl\u00fc\u011f\u00fcn\u00fcn M7,0-M7,2 aral\u0131\u011f\u0131nda oldu\u011funu belirten Ercan, 23 Nisan&#8217;daki depremin k\u0131r\u0131k boyunu 28 kilometre k\u0131saltt\u0131\u011f\u0131n\u0131 ifade etti. Bu k\u0131salma neticesinde Trakya kolunda beklenen deprem b\u00fcy\u00fckl\u00fc\u011f\u00fcn\u00fcn &hellip;<\/p>","protected":false},"author":5,"featured_media":0,"comment_status":"","ping_status":"open","sticky":false,"template":"","format":"standard","meta":{"_acf_changed":false,"footnotes":""},"categories":[24],"tags":[],"class_list":["post-67539","post","type-post","status-publish","format-standard","has-post-thumbnail","hentry","category-gundem"],"acf":[],"yoast_head":"<!-- This site is optimized with the Yoast SEO Premium plugin v26.6 (Yoast SEO v27.1.1) - https:\/\/yoast.com\/product\/yoast-seo-premium-wordpress\/ -->\n<title>Ahmet Ercan&#039;dan \u0130stanbul i\u00e7in yeni de\u011ferlendirme: \u201c\u0130ki ayr\u0131 deprem \u00fcretebilir\u201d - Av. Deniz Can K\u0131z\u0131l<\/title>\n<meta name=\"robots\" content=\"index, follow, max-snippet:-1, max-image-preview:large, max-video-preview:-1\" \/>\n<link rel=\"canonical\" href=\"https:\/\/denizcankizil.tr\/de\/haberler\/gundem\/ahmet-ercandan-istanbul-icin-yeni-degerlendirme-iki-ayri-deprem-uretebilir\/\" \/>\n<meta property=\"og:locale\" content=\"de_DE\" \/>\n<meta property=\"og:type\" content=\"article\" \/>\n<meta property=\"og:title\" content=\"Ahmet Ercan&#039;dan \u0130stanbul i\u00e7in yeni de\u011ferlendirme: \u201c\u0130ki ayr\u0131 deprem \u00fcretebilir\u201d\" \/>\n<meta property=\"og:description\" content=\"Jeofizik Y\u00fcksek M\u00fchendisi Prof. Dr. \u00d6vg\u00fcn Ahmet Ercan, Marmara Denizi&#8217;nde Silivri a\u00e7\u0131klar\u0131nda 6,2 b\u00fcy\u00fckl\u00fc\u011f\u00fcndeki meydana gelen depreme ili\u015fkin \u00f6nemli bir tespitte bulundu. Daha \u00f6nce 17 saniye s\u00fcren depremin deniz taban\u0131ndaki yer kabu\u011funu 28 kilometre boyunca sa\u011f at\u0131ml\u0131 olarak k\u0131rd\u0131\u011f\u0131n\u0131 ifade eden Ercan, bu kez \u0130stanbullular\u0131 ilgilendiren \u00f6nemli bir a\u00e7\u0131klamada bulundu. G\u00dcNDEMDE DEPREM ETK\u0130S\u0130! 23 Nisan&#8217;da Marmara Denizi&#8217;nde Silivri a\u00e7\u0131klar\u0131nda meydana gelen 6,2 b\u00fcy\u00fckl\u00fc\u011f\u00fcndeki depremle ilgili de\u011ferlendirmeler s\u00fcr\u00fcyor. Jeofizik Y\u00fcksek M\u00fchendisi Prof. Dr. \u00d6vg\u00fcn Ahmet Ercan, sosyal medya hesab\u0131 X \u00fczerinden yapt\u0131\u011f\u0131 son a\u00e7\u0131klamayla yine dikkatleri \u00fczerinde \u00e7ekti. &#8220;B\u0130L\u0130MSEL TUTARSIZLIK \u0130\u00c7ER\u0130YOR&#8221; Sosyal medya hesab\u0131 X \u00fczerinden a\u00e7\u0131klamalarda bulunan Prof. Dr. Ercan, &#8220;Son olan M6,2 depremi g\u00f6sterdi ki, kuzey Marmara tek par\u00e7a bir k\u0131r\u0131ktan olu\u015fmuyor. Dolay\u0131s\u0131yla M7,5-M8,0 deprem b\u00fcy\u00fckl\u00fckleri bilimsel tutars\u0131zl\u0131k i\u00e7erdi\u011fi anla\u015f\u0131lm\u0131\u015ft\u0131r&#8221; ifadelerini kulland\u0131. Prof. Dr. Ercan, bu tespitiyle, daha \u00f6nce s\u0131kl\u0131kla dile getirilen b\u00fcy\u00fck Marmara depremi beklentisine farkl\u0131 bir boyut getirdi. &#8220;1999 DEPREM\u0130NDEN BU YANA&#8230;&#8221; Prof. Dr. Ercan, gelinen son noktada, 1999 depremlerinden bu yana vurgulad\u0131\u011f\u0131 gibi, Marmara fay hatt\u0131n\u0131n Trakya ve \u0130stanbul kolu olmak \u00fczere iki ayr\u0131 deprem \u00fcretebilece\u011fini \u00f6ne s\u00fcrd\u00fc. Beklenen en b\u00fcy\u00fck deprem b\u00fcy\u00fckl\u00fc\u011f\u00fcn\u00fcn M7,0-M7,2 aral\u0131\u011f\u0131nda oldu\u011funu belirten Ercan, 23 Nisan&#8217;daki depremin k\u0131r\u0131k boyunu 28 kilometre k\u0131saltt\u0131\u011f\u0131n\u0131 ifade etti. Bu k\u0131salma neticesinde Trakya kolunda beklenen deprem b\u00fcy\u00fckl\u00fc\u011f\u00fcn\u00fcn &hellip;\" \/>\n<meta property=\"og:url\" content=\"https:\/\/denizcankizil.tr\/de\/haberler\/gundem\/ahmet-ercandan-istanbul-icin-yeni-degerlendirme-iki-ayri-deprem-uretebilir\/\" \/>\n<meta property=\"og:site_name\" content=\"Av. Deniz Can K\u0131z\u0131l\" \/>\n<meta property=\"article:published_time\" content=\"2025-04-26T20:41:17+00:00\" \/>\n<meta name=\"author\" content=\"Antalya K\u00f6rfez\" \/>\n<meta name=\"twitter:card\" content=\"summary_large_image\" \/>\n<meta name=\"twitter:label1\" content=\"Verfasst von\" \/>\n\t<meta name=\"twitter:data1\" content=\"Antalya K\u00f6rfez\" \/>\n\t<meta name=\"twitter:label2\" content=\"Gesch\u00e4tzte Lesezeit\" \/>\n\t<meta name=\"twitter:data2\" content=\"2\u00a0Minuten\" \/>\n<script type=\"application\/ld+json\" class=\"yoast-schema-graph\">{\"@context\":\"https:\/\/schema.org\",\"@graph\":[{\"@type\":\"Article\",\"@id\":\"https:\/\/denizcankizil.tr\/ru\/haberler\/gundem\/ahmet-ercandan-istanbul-icin-yeni-degerlendirme-iki-ayri-deprem-uretebilir\/#article\",\"isPartOf\":{\"@id\":\"https:\/\/denizcankizil.tr\/ru\/haberler\/gundem\/ahmet-ercandan-istanbul-icin-yeni-degerlendirme-iki-ayri-deprem-uretebilir\/\"},\"author\":{\"name\":\"Antalya K\u00f6rfez\",\"@id\":\"https:\/\/denizcankizil.tr\/de\/#\/schema\/person\/e1eb71bb4dd684d46563f0af307e1234\"},\"headline\":\"Ahmet Ercan&#8217;dan \u0130stanbul i\u00e7in yeni de\u011ferlendirme: \u201c\u0130ki ayr\u0131 deprem \u00fcretebilir\u201d\",\"datePublished\":\"2025-04-26T20:41:17+00:00\",\"mainEntityOfPage\":{\"@id\":\"https:\/\/denizcankizil.tr\/ru\/haberler\/gundem\/ahmet-ercandan-istanbul-icin-yeni-degerlendirme-iki-ayri-deprem-uretebilir\/\"},\"wordCount\":488,\"publisher\":{\"@id\":\"https:\/\/denizcankizil.tr\/de\/#organization\"},\"articleSection\":[\"G\u00fcndem\"],\"inLanguage\":\"de\"},{\"@type\":\"WebPage\",\"@id\":\"https:\/\/denizcankizil.tr\/ru\/haberler\/gundem\/ahmet-ercandan-istanbul-icin-yeni-degerlendirme-iki-ayri-deprem-uretebilir\/\",\"url\":\"https:\/\/denizcankizil.tr\/ru\/haberler\/gundem\/ahmet-ercandan-istanbul-icin-yeni-degerlendirme-iki-ayri-deprem-uretebilir\/\",\"name\":\"Ahmet Ercan'dan \u0130stanbul i\u00e7in yeni de\u011ferlendirme: \u201c\u0130ki ayr\u0131 deprem \u00fcretebilir\u201d - Av. Deniz Can K\u0131z\u0131l\",\"isPartOf\":{\"@id\":\"https:\/\/denizcankizil.tr\/de\/#website\"},\"datePublished\":\"2025-04-26T20:41:17+00:00\",\"breadcrumb\":{\"@id\":\"https:\/\/denizcankizil.tr\/ru\/haberler\/gundem\/ahmet-ercandan-istanbul-icin-yeni-degerlendirme-iki-ayri-deprem-uretebilir\/#breadcrumb\"},\"inLanguage\":\"de\",\"potentialAction\":[{\"@type\":\"ReadAction\",\"target\":[\"https:\/\/denizcankizil.tr\/ru\/haberler\/gundem\/ahmet-ercandan-istanbul-icin-yeni-degerlendirme-iki-ayri-deprem-uretebilir\/\"]}]},{\"@type\":\"BreadcrumbList\",\"@id\":\"https:\/\/denizcankizil.tr\/ru\/haberler\/gundem\/ahmet-ercandan-istanbul-icin-yeni-degerlendirme-iki-ayri-deprem-uretebilir\/#breadcrumb\",\"itemListElement\":[{\"@type\":\"ListItem\",\"position\":1,\"name\":\"Home\",\"item\":\"https:\/\/denizcankizil.tr\/de\/\"},{\"@type\":\"ListItem\",\"position\":2,\"name\":\"Ahmet Ercan&#8217;dan \u0130stanbul i\u00e7in yeni de\u011ferlendirme: \u201c\u0130ki ayr\u0131 deprem \u00fcretebilir\u201d\"}]},{\"@type\":\"WebSite\",\"@id\":\"https:\/\/denizcankizil.tr\/de\/#website\",\"url\":\"https:\/\/denizcankizil.tr\/de\/\",\"name\":\"Av. Deniz Can K\u0131z\u0131l\",\"description\":\"Avukat Deniz Can K\u0131z\u0131l Antalya Barosu\",\"publisher\":{\"@id\":\"https:\/\/denizcankizil.tr\/de\/#organization\"},\"potentialAction\":[{\"@type\":\"SearchAction\",\"target\":{\"@type\":\"EntryPoint\",\"urlTemplate\":\"https:\/\/denizcankizil.tr\/de\/?s={search_term_string}\"},\"query-input\":{\"@type\":\"PropertyValueSpecification\",\"valueRequired\":true,\"valueName\":\"search_term_string\"}}],\"inLanguage\":\"de\"},{\"@type\":\"Organization\",\"@id\":\"https:\/\/denizcankizil.tr\/de\/#organization\",\"name\":\"Av. Deniz Can K\u0131z\u0131l\",\"url\":\"https:\/\/denizcankizil.tr\/de\/\",\"logo\":{\"@type\":\"ImageObject\",\"inLanguage\":\"de\",\"@id\":\"https:\/\/denizcankizil.tr\/de\/#\/schema\/logo\/image\/\",\"url\":\"http:\/\/denizcankizil.tr\/wp-content\/uploads\/2024\/10\/siyah-logo-svg.svg\",\"contentUrl\":\"http:\/\/denizcankizil.tr\/wp-content\/uploads\/2024\/10\/siyah-logo-svg.svg\",\"width\":1080,\"height\":1080,\"caption\":\"Av. Deniz Can K\u0131z\u0131l\"},\"image\":{\"@id\":\"https:\/\/denizcankizil.tr\/de\/#\/schema\/logo\/image\/\"}},{\"@type\":\"Person\",\"@id\":\"https:\/\/denizcankizil.tr\/de\/#\/schema\/person\/e1eb71bb4dd684d46563f0af307e1234\",\"name\":\"Antalya K\u00f6rfez\",\"image\":{\"@type\":\"ImageObject\",\"inLanguage\":\"de\",\"@id\":\"https:\/\/denizcankizil.tr\/de\/#\/schema\/person\/image\/\",\"url\":\"https:\/\/secure.gravatar.com\/avatar\/42b01982558a48a0b501fdcab6a408d3717ea5919095ee2e67b0e521799c5905?s=96&d=mm&r=g\",\"contentUrl\":\"https:\/\/secure.gravatar.com\/avatar\/42b01982558a48a0b501fdcab6a408d3717ea5919095ee2e67b0e521799c5905?s=96&d=mm&r=g\",\"caption\":\"Antalya K\u00f6rfez\"},\"sameAs\":[\"http:\/\/www.antalyakorfez.com\"],\"url\":\"https:\/\/www.antalyakorfez.com\/ahmet-ercandan-istanbul-icin-yeni-degerlendirme-iki-ayri-deprem-uretebilir\"}]}<\/script>\n<!-- \/ Yoast SEO Premium plugin. -->","yoast_head_json":{"title":"Ahmet Ercan'dan \u0130stanbul i\u00e7in yeni de\u011ferlendirme: \u201c\u0130ki ayr\u0131 deprem \u00fcretebilir\u201d - Av. Deniz Can K\u0131z\u0131l","robots":{"index":"index","follow":"follow","max-snippet":"max-snippet:-1","max-image-preview":"max-image-preview:large","max-video-preview":"max-video-preview:-1"},"canonical":"https:\/\/denizcankizil.tr\/de\/haberler\/gundem\/ahmet-ercandan-istanbul-icin-yeni-degerlendirme-iki-ayri-deprem-uretebilir\/","og_locale":"de_DE","og_type":"article","og_title":"Ahmet Ercan'dan \u0130stanbul i\u00e7in yeni de\u011ferlendirme: \u201c\u0130ki ayr\u0131 deprem \u00fcretebilir\u201d","og_description":"Jeofizik Y\u00fcksek M\u00fchendisi Prof. Dr. \u00d6vg\u00fcn Ahmet Ercan, Marmara Denizi&#8217;nde Silivri a\u00e7\u0131klar\u0131nda 6,2 b\u00fcy\u00fckl\u00fc\u011f\u00fcndeki meydana gelen depreme ili\u015fkin \u00f6nemli bir tespitte bulundu. Daha \u00f6nce 17 saniye s\u00fcren depremin deniz taban\u0131ndaki yer kabu\u011funu 28 kilometre boyunca sa\u011f at\u0131ml\u0131 olarak k\u0131rd\u0131\u011f\u0131n\u0131 ifade eden Ercan, bu kez \u0130stanbullular\u0131 ilgilendiren \u00f6nemli bir a\u00e7\u0131klamada bulundu. G\u00dcNDEMDE DEPREM ETK\u0130S\u0130! 23 Nisan&#8217;da Marmara Denizi&#8217;nde Silivri a\u00e7\u0131klar\u0131nda meydana gelen 6,2 b\u00fcy\u00fckl\u00fc\u011f\u00fcndeki depremle ilgili de\u011ferlendirmeler s\u00fcr\u00fcyor. Jeofizik Y\u00fcksek M\u00fchendisi Prof. Dr. \u00d6vg\u00fcn Ahmet Ercan, sosyal medya hesab\u0131 X \u00fczerinden yapt\u0131\u011f\u0131 son a\u00e7\u0131klamayla yine dikkatleri \u00fczerinde \u00e7ekti. &#8220;B\u0130L\u0130MSEL TUTARSIZLIK \u0130\u00c7ER\u0130YOR&#8221; Sosyal medya hesab\u0131 X \u00fczerinden a\u00e7\u0131klamalarda bulunan Prof. Dr. Ercan, &#8220;Son olan M6,2 depremi g\u00f6sterdi ki, kuzey Marmara tek par\u00e7a bir k\u0131r\u0131ktan olu\u015fmuyor. Dolay\u0131s\u0131yla M7,5-M8,0 deprem b\u00fcy\u00fckl\u00fckleri bilimsel tutars\u0131zl\u0131k i\u00e7erdi\u011fi anla\u015f\u0131lm\u0131\u015ft\u0131r&#8221; ifadelerini kulland\u0131. Prof. Dr. Ercan, bu tespitiyle, daha \u00f6nce s\u0131kl\u0131kla dile getirilen b\u00fcy\u00fck Marmara depremi beklentisine farkl\u0131 bir boyut getirdi. &#8220;1999 DEPREM\u0130NDEN BU YANA&#8230;&#8221; Prof. Dr. Ercan, gelinen son noktada, 1999 depremlerinden bu yana vurgulad\u0131\u011f\u0131 gibi, Marmara fay hatt\u0131n\u0131n Trakya ve \u0130stanbul kolu olmak \u00fczere iki ayr\u0131 deprem \u00fcretebilece\u011fini \u00f6ne s\u00fcrd\u00fc. Beklenen en b\u00fcy\u00fck deprem b\u00fcy\u00fckl\u00fc\u011f\u00fcn\u00fcn M7,0-M7,2 aral\u0131\u011f\u0131nda oldu\u011funu belirten Ercan, 23 Nisan&#8217;daki depremin k\u0131r\u0131k boyunu 28 kilometre k\u0131saltt\u0131\u011f\u0131n\u0131 ifade etti. Bu k\u0131salma neticesinde Trakya kolunda beklenen deprem b\u00fcy\u00fckl\u00fc\u011f\u00fcn\u00fcn &hellip;","og_url":"https:\/\/denizcankizil.tr\/de\/haberler\/gundem\/ahmet-ercandan-istanbul-icin-yeni-degerlendirme-iki-ayri-deprem-uretebilir\/","og_site_name":"Av. Deniz Can K\u0131z\u0131l","article_published_time":"2025-04-26T20:41:17+00:00","author":"Antalya K\u00f6rfez","twitter_card":"summary_large_image","twitter_misc":{"Verfasst von":"Antalya K\u00f6rfez","Gesch\u00e4tzte Lesezeit":"2\u00a0Minuten"},"schema":{"@context":"https:\/\/schema.org","@graph":[{"@type":"Article","@id":"https:\/\/denizcankizil.tr\/ru\/haberler\/gundem\/ahmet-ercandan-istanbul-icin-yeni-degerlendirme-iki-ayri-deprem-uretebilir\/#article","isPartOf":{"@id":"https:\/\/denizcankizil.tr\/ru\/haberler\/gundem\/ahmet-ercandan-istanbul-icin-yeni-degerlendirme-iki-ayri-deprem-uretebilir\/"},"author":{"name":"Antalya K\u00f6rfez","@id":"https:\/\/denizcankizil.tr\/de\/#\/schema\/person\/e1eb71bb4dd684d46563f0af307e1234"},"headline":"Ahmet Ercan&#8217;dan \u0130stanbul i\u00e7in yeni de\u011ferlendirme: \u201c\u0130ki ayr\u0131 deprem \u00fcretebilir\u201d","datePublished":"2025-04-26T20:41:17+00:00","mainEntityOfPage":{"@id":"https:\/\/denizcankizil.tr\/ru\/haberler\/gundem\/ahmet-ercandan-istanbul-icin-yeni-degerlendirme-iki-ayri-deprem-uretebilir\/"},"wordCount":488,"publisher":{"@id":"https:\/\/denizcankizil.tr\/de\/#organization"},"articleSection":["G\u00fcndem"],"inLanguage":"de"},{"@type":"WebPage","@id":"https:\/\/denizcankizil.tr\/ru\/haberler\/gundem\/ahmet-ercandan-istanbul-icin-yeni-degerlendirme-iki-ayri-deprem-uretebilir\/","url":"https:\/\/denizcankizil.tr\/ru\/haberler\/gundem\/ahmet-ercandan-istanbul-icin-yeni-degerlendirme-iki-ayri-deprem-uretebilir\/","name":"Ahmet Ercan'dan \u0130stanbul i\u00e7in yeni de\u011ferlendirme: \u201c\u0130ki ayr\u0131 deprem \u00fcretebilir\u201d - Av. Deniz Can K\u0131z\u0131l","isPartOf":{"@id":"https:\/\/denizcankizil.tr\/de\/#website"},"datePublished":"2025-04-26T20:41:17+00:00","breadcrumb":{"@id":"https:\/\/denizcankizil.tr\/ru\/haberler\/gundem\/ahmet-ercandan-istanbul-icin-yeni-degerlendirme-iki-ayri-deprem-uretebilir\/#breadcrumb"},"inLanguage":"de","potentialAction":[{"@type":"ReadAction","target":["https:\/\/denizcankizil.tr\/ru\/haberler\/gundem\/ahmet-ercandan-istanbul-icin-yeni-degerlendirme-iki-ayri-deprem-uretebilir\/"]}]},{"@type":"BreadcrumbList","@id":"https:\/\/denizcankizil.tr\/ru\/haberler\/gundem\/ahmet-ercandan-istanbul-icin-yeni-degerlendirme-iki-ayri-deprem-uretebilir\/#breadcrumb","itemListElement":[{"@type":"ListItem","position":1,"name":"Home","item":"https:\/\/denizcankizil.tr\/de\/"},{"@type":"ListItem","position":2,"name":"Ahmet Ercan&#8217;dan \u0130stanbul i\u00e7in yeni de\u011ferlendirme: \u201c\u0130ki ayr\u0131 deprem \u00fcretebilir\u201d"}]},{"@type":"WebSite","@id":"https:\/\/denizcankizil.tr\/de\/#website","url":"https:\/\/denizcankizil.tr\/de\/","name":"Av. Deniz Can K\u0131z\u0131l","description":"Avukat Deniz Can K\u0131z\u0131l Antalya Barosu","publisher":{"@id":"https:\/\/denizcankizil.tr\/de\/#organization"},"potentialAction":[{"@type":"SearchAction","target":{"@type":"EntryPoint","urlTemplate":"https:\/\/denizcankizil.tr\/de\/?s={search_term_string}"},"query-input":{"@type":"PropertyValueSpecification","valueRequired":true,"valueName":"search_term_string"}}],"inLanguage":"de"},{"@type":"Organization","@id":"https:\/\/denizcankizil.tr\/de\/#organization","name":"Av. Deniz Can K\u0131z\u0131l","url":"https:\/\/denizcankizil.tr\/de\/","logo":{"@type":"ImageObject","inLanguage":"de","@id":"https:\/\/denizcankizil.tr\/de\/#\/schema\/logo\/image\/","url":"http:\/\/denizcankizil.tr\/wp-content\/uploads\/2024\/10\/siyah-logo-svg.svg","contentUrl":"http:\/\/denizcankizil.tr\/wp-content\/uploads\/2024\/10\/siyah-logo-svg.svg","width":1080,"height":1080,"caption":"Av. Deniz Can K\u0131z\u0131l"},"image":{"@id":"https:\/\/denizcankizil.tr\/de\/#\/schema\/logo\/image\/"}},{"@type":"Person","@id":"https:\/\/denizcankizil.tr\/de\/#\/schema\/person\/e1eb71bb4dd684d46563f0af307e1234","name":"Antalya K\u00f6rfez","image":{"@type":"ImageObject","inLanguage":"de","@id":"https:\/\/denizcankizil.tr\/de\/#\/schema\/person\/image\/","url":"https:\/\/secure.gravatar.com\/avatar\/42b01982558a48a0b501fdcab6a408d3717ea5919095ee2e67b0e521799c5905?s=96&d=mm&r=g","contentUrl":"https:\/\/secure.gravatar.com\/avatar\/42b01982558a48a0b501fdcab6a408d3717ea5919095ee2e67b0e521799c5905?s=96&d=mm&r=g","caption":"Antalya K\u00f6rfez"},"sameAs":["http:\/\/www.antalyakorfez.com"],"url":"https:\/\/www.antalyakorfez.com\/ahmet-ercandan-istanbul-icin-yeni-degerlendirme-iki-ayri-deprem-uretebilir"}]}},"_links":{"self":[{"href":"http:\/\/denizcankizil.tr\/de\/wp-json\/wp\/v2\/posts\/67539","targetHints":{"allow":["GET"]}}],"collection":[{"href":"http:\/\/denizcankizil.tr\/de\/wp-json\/wp\/v2\/posts"}],"about":[{"href":"http:\/\/denizcankizil.tr\/de\/wp-json\/wp\/v2\/types\/post"}],"author":[{"embeddable":true,"href":"http:\/\/denizcankizil.tr\/de\/wp-json\/wp\/v2\/users\/5"}],"replies":[{"embeddable":true,"href":"http:\/\/denizcankizil.tr\/de\/wp-json\/wp\/v2\/comments?post=67539"}],"version-history":[{"count":0,"href":"http:\/\/denizcankizil.tr\/de\/wp-json\/wp\/v2\/posts\/67539\/revisions"}],"wp:attachment":[{"href":"http:\/\/denizcankizil.tr\/de\/wp-json\/wp\/v2\/media?parent=67539"}],"wp:term":[{"taxonomy":"category","embeddable":true,"href":"http:\/\/denizcankizil.tr\/de\/wp-json\/wp\/v2\/categories?post=67539"},{"taxonomy":"post_tag","embeddable":true,"href":"http:\/\/denizcankizil.tr\/de\/wp-json\/wp\/v2\/tags?post=67539"}],"curies":[{"name":"wp","href":"https:\/\/api.w.org\/{rel}","templated":true}]}}