{"id":67162,"date":"2025-04-26T15:39:32","date_gmt":"2025-04-26T12:39:32","guid":{"rendered":"https:\/\/denizcankizil.tr\/uncategorized-tr\/sosyal-medya-gonderileri-ve-yapay-zeka-iliskisi-farkindalik\/"},"modified":"2025-04-26T15:39:32","modified_gmt":"2025-04-26T12:39:32","slug":"sosyal-medya-gonderileri-ve-yapay-zeka-iliskisi-farkindalik","status":"publish","type":"post","link":"http:\/\/denizcankizil.tr\/de\/koseyazilari\/degerlendirme\/sosyal-medya-gonderileri-ve-yapay-zeka-iliskisi-farkindalik\/","title":{"rendered":"Sosyal Medya G\u00f6nderileri ve Yapay Zek\u00e2 \u0130li\u015fkisi: Fark\u0131ndal\u0131k"},"content":{"rendered":"<p> <strong>Sosyal Medya G\u00f6nderileri\u2062 ve Yapay Zek\u00e2 \u2062\u0130li\u015fkisi: Fark\u0131ndal\u0131k<\/strong><\/p>\n<p>G\u00fcn\u00fcm\u00fczde sosyal medya, bireylerin \u2063ileti\u015fim kurma bi\u00e7imlerini k\u00f6kl\u00fc \u2062bir\u2062 \u015fekilde de\u011fi\u015ftirmi\u015ftir. Bu platformlar,\u2064 kullan\u0131c\u0131lar\u0131n d\u00fc\u015f\u00fcncelerini, deneyimlerini ve duygular\u0131n\u0131 payla\u015fmalar\u0131na olanak tan\u0131rken, ayn\u0131 zamanda b\u00fcy\u00fck veri analizi\u200d ve yapay\u2064 zek\u00e2\u200b uygulamalar\u0131 i\u00e7in \u200cde zengin\u200b bir kaynak sunmaktad\u0131r. Sosyal medya g\u00f6nderileri, kullan\u0131c\u0131lar\u0131n davran\u0131\u015flar\u0131n\u0131, e\u011filimlerini ve \u200ctoplumsal dinamikleri anlamak \u2064i\u00e7in \u00f6nemli bir\u200c ara\u00e7 haline gelmi\u015ftir. Yapay zek\u00e2, bu verilerin i\u015flenmesi ve analiz edilmesinde kritik bir\u200c rol oynamaktad\u0131r. Ancak, bu ili\u015fki sadece teknik bir etkile\u015fimden ibaret de\u011fildir;\u2063 <a href=\"https:\/\/denizcankizil.tr\/de\/seo\/antalya-miras-tasinmaz-ve-arsa-avukatinin-rolu-ve-onemi\/\" title=\"Antalya Miras, Ta\u015f\u0131nmaz ve Arsa Avukat\u0131n\u0131n Rol\u00fc ve \u00d6nemi\">ayn\u0131 zamanda etik<\/a>, sosyal ve psikolojik boyutlar\u0131 da i\u00e7ermektedir.\u200b Bu makalede, <a href=\"https:\/\/denizcankizil.tr\/de\/hukukihaber\/sosyal-medya-gonderileriniz-farkinda-olmadan-yapay-zekaya-hizmet-ediyor-olabilir-mi\/\" title=\"Sosyal medya g\u00f6nderileriniz, fark\u0131nda olmadan ...ya hizmet ediyor olabilir mi?\">sosyal medya g\u00f6nderileri<\/a> ile yapay zek\u00e2 aras\u0131ndaki etkile\u015fimin fark\u0131ndal\u0131\u011f\u0131 art\u0131rma potansiyisi\u200b ele \u2062al\u0131nacak,\u200c bu ba\u011flamda ortaya \u00e7\u0131kan f\u0131rsatlar ve zorluklar irdelenecektir. Sosyal medya ve yapay \u2062zek\u00e2 aras\u0131ndaki bu karma\u015f\u0131k ili\u015fki, bireylerin bilgiye eri\u015fim bi\u00e7imlerini ve toplumsal etkile\u015fimlerini yeniden \u015fekillendirmekte, dolay\u0131s\u0131yla bu konunun derinlemesine incelenmesi, g\u00fcn\u00fcm\u00fcz dijital \u00e7a\u011f\u0131nda b\u00fcy\u00fck bir \u00f6nem ta\u015f\u0131maktad\u0131r.<br \/><img decoding=\"async\" class=\"kimage_class lazyload\" data-src=\"https:\/\/denizcankizil.tr\/wp-content\/uploads\/2024\/10\/mpmXk-253D.jpg\" alt=\"Sosyal Medya \u200cG\u00f6nderilerinin yapay\u200b Zek\u00e2 ile Etkile\u015fimi\" src=\"data:image\/svg+xml;base64,PHN2ZyB3aWR0aD0iMSIgaGVpZ2h0PSIxIiB4bWxucz0iaHR0cDovL3d3dy53My5vcmcvMjAwMC9zdmciPjwvc3ZnPg==\"><\/p>\n<h2 id=\"sosyal-medya-gonderilerinin-yapay-zeka-ile-etkilesimi\">Sosyal Medya G\u00f6nderilerinin Yapay Zek\u00e2 ile Etkile\u015fimi<\/h2>\n<p>Sosyal medya platformlar\u0131,\u2063 g\u00fcn\u00fcm\u00fczde bireylerin ve topluluklar\u0131n ileti\u015fim kurma bi\u00e7imlerini k\u00f6kl\u00fc bir\u2063 \u015fekilde de\u011fi\u015ftirmi\u015ftir. Bu platformlar,kullan\u0131c\u0131lar\u0131n i\u00e7erik \u200colu\u015fturma,payla\u015fma ve etkile\u015fimde bulunma\u2062 olanaklar\u0131n\u0131 \u200bart\u0131rarak,toplumsal fark\u0131ndal\u0131\u011f\u0131n yay\u0131lmas\u0131na katk\u0131da \u2063bulunmaktad\u0131r. <strong>Yapay zek\u00e2<\/strong>, sosyal medya g\u00f6nderilerinin analizinde ve kullan\u0131c\u0131 etkile\u015fimlerinin optimize edilmesinde\u2063 \u00f6nemli bir rol oynamaktad\u0131r.<\/p>\n<p>Yapay zek\u00e2 teknolojileri,sosyal medya\u200b g\u00f6nderilerinin i\u00e7eri\u011fini anlamak ve kullan\u0131c\u0131lar\u0131n ilgi alanlar\u0131na g\u00f6re \u00f6zelle\u015ftirilmi\u015f i\u00e7erikler sunmak i\u00e7in kullan\u0131lmaktad\u0131r. bu\u200c ba\u011flamda, yapay\u2062 zek\u00e2 ile desteklenen algoritmalar, kullan\u0131c\u0131lar\u0131n ge\u00e7mi\u015f etkile\u015fimlerini analiz ederek,\u2062 onlara daha uygun i\u00e7erikler \u00f6nerme yetene\u011fine sahiptir. Bu durum, sosyal\u200b medya \u200ckullan\u0131c\u0131lar\u0131n\u0131n deneyimlerini zenginle\u015ftirirken, \u200bayn\u0131 \u200bzamanda i\u00e7erik \u00fcreticilerinin de hedef\u2062 kitlelerine daha etkili bir \u015fekilde \u2062ula\u015fmalar\u0131n\u0131 sa\u011flamaktad\u0131r.<\/p>\n<p>Ayr\u0131ca, yapay zek\u00e2, <a href=\"https:\/\/denizcankizil.tr\/de\/seo\/instagram-unluleri-ile-normal-unluler-arasindaki-fark-nedir-bunlarin-avukatlari-unlulerin-hangi-davalarina-bakar-antalyada-bu-davalar-hangi-il-ve-ilcelerdeki-hangi-mahkemelerde-gorulur\/\" title=\"\u0130nstagram \u00dcnl\u00fcleri ile Normal \u00dcnl\u00fcler Aras\u0131ndaki Fark Nedir? Bunlar\u0131n Avukatlar\u0131, \u00fcnl\u00fclerin hangi davalar\u0131na bakar? Antalya&#039;da bu davalar hangi il ve il\u00e7elerdeki hangi mahkemelerde g\u00f6r\u00fcl\u00fcr?\">sosyal medya platformlar\u0131<\/a>nda\u2064 i\u00e7eriklerin yay\u0131lma h\u0131z\u0131n\u0131 ve etkisini\u200b art\u0131rmak i\u00e7in de kullan\u0131lmaktad\u0131r. <strong>Olas\u0131\u2062 faydalar<\/strong> aras\u0131nda \u015funlar yer almaktad\u0131r:<\/p>\n<ul>\n<li>\u0130\u00e7eriklerin daha geni\u015f kitlelere ula\u015fmas\u0131.<\/li>\n<li>Kullan\u0131c\u0131 etkile\u015fimlerinin art\u0131r\u0131lmas\u0131.<\/li>\n<li>\u0130\u00e7eriklerin daha\u2064 iyi analiz edilmesi ve optimize edilmesi.<\/li>\n<\/ul>\n<p>Sonu\u00e7 olarak, sosyal\u200c medya g\u00f6nderileri ile yapay zek\u00e2 \u2064aras\u0131ndaki etkile\u015fim, hem bireylerin hem de topluluklar\u0131n \u200cfark\u0131ndal\u0131\u011f\u0131n\u0131\u200d art\u0131rma potansiyeline sahiptir. Bu etkile\u015fim, sosyal medya dinamiklerini yeniden \u015fekillendirirken, kullan\u0131c\u0131lar\u0131n\u2063 deneyimlerini de geli\u015ftirmektedir.<\/p>\n<p><img decoding=\"async\" class=\"kimage_class lazyload\" data-src=\"https:\/\/denizcankizil.tr\/wp-content\/uploads\/2024\/10\/1LHFk-253D.jpg\" alt=\"Yapay Zek\u00e2n\u0131n Sosyal Medya \u200c\u0130\u00e7erik \u00dcretimindeki Rol\u00fc\" src=\"data:image\/svg+xml;base64,PHN2ZyB3aWR0aD0iMSIgaGVpZ2h0PSIxIiB4bWxucz0iaHR0cDovL3d3dy53My5vcmcvMjAwMC9zdmciPjwvc3ZnPg==\"><\/p>\n<h2 id=\"yapay-zekanin-sosyal-medya-icerik-uretimindeki-rolu\">Yapay Zek\u00e2n\u0131n\u2064 Sosyal Medya \u0130\u00e7erik \u2063\u00dcretimindeki Rol\u00fc<\/h2>\n<p><strong>Yapay zek\u00e2, sosyal medya platformlar\u0131nda i\u00e7erik \u00fcretiminde \u00f6nemli bir rol\u2063 oynamaktad\u0131r.<\/strong> Bu teknoloji, kullan\u0131c\u0131lar\u0131n ilgi alanlar\u0131na ve\u200d davran\u0131\u015flar\u0131na\u200b dayal\u0131 olarak \u2062i\u00e7erik \u00f6nerileri\u200b sunarak etkile\u015fimi\u200d art\u0131rmaktad\u0131r. Yapay zek\u00e2n\u0131n sosyal medya \u00fczerindeki etkileri, i\u00e7erik\u2062 olu\u015fturma \u200ds\u00fcre\u00e7lerini \u2062d\u00f6n\u00fc\u015ft\u00fcrmekte \u2064ve kullan\u0131c\u0131 \u200ddeneyimini zenginle\u015ftirmektedir.<\/p>\n<p><strong>Yapay zek\u00e2n\u0131n sosyal medya i\u00e7erik \u00fcretimindeki katk\u0131lar\u0131 aras\u0131nda \u200c\u015funlar bulunmaktad\u0131r:<\/strong><\/p>\n<ul>\n<li><strong>Otomatik \u0130\u00e7erik \u00dcretimi:<\/strong> Yapay zek\u00e2, belirli bir konu \u200dhakk\u0131nda h\u0131zl\u0131 ve etkili bir \u015fekilde i\u00e7erik olu\u015fturabilmektedir.<\/li>\n<li><strong>Veri Analizi:<\/strong> Kullan\u0131c\u0131\u2064 davran\u0131\u015flar\u0131n\u0131 \u2064analiz ederek,hangi t\u00fcr i\u00e7eriklerin daha fazla ilgi g\u00f6rd\u00fc\u011f\u00fcn\u00fc belirleyebilir.<\/li>\n<li><strong>Ki\u015fiselle\u015ftirme:<\/strong> Kullan\u0131c\u0131lar\u0131n ge\u00e7mi\u015f\u2062 etkile\u015fimlerine dayanarak,onlara \u00f6zel i\u00e7erik\u2062 \u00f6nerileri sunar.<\/li>\n<li><strong>Trend Takibi:<\/strong> Sosyal \u200dmedya trendlerini analiz ederek,\u2064 g\u00fcncel konular\u200d hakk\u0131nda \u200bi\u00e7erik \u00fcretimini destekler.<\/li>\n<\/ul>\n<p><strong>Sonu\u00e7 olarak, yapay zek\u00e2, sosyal medya i\u00e7erik \u00fcretiminde devrim\u2062 niteli\u011finde bir \u200cde\u011fi\u015fim yaratmaktad\u0131r.<\/strong> Bu teknoloji,i\u00e7erik olu\u015fturuculara daha etkili ve hedef odakl\u0131 i\u00e7erikler sunma imk\u00e2n\u0131 \u2063tan\u0131rken,kullan\u0131c\u0131lar\u0131n da daha zengin bir deneyim ya\u015famas\u0131n\u0131 sa\u011flamaktad\u0131r.\u2064 Yapay zek\u00e2n\u0131n bu alandaki potansiyeli, gelecekte sosyal medya stratejilerinin \u015fekillenmesinde belirleyici bir unsur olacakt\u0131r.<\/p>\n<p><img decoding=\"async\" class=\"kimage_class lazyload\" data-src=\"https:\/\/denizcankizil.tr\/wp-content\/uploads\/2024\/10\/4698-d180d0bed0bbd18c-d0b0d0b4d0b2d0bed0bad0b0d182d0b0-d0b2-d0b4d0b5d0bbd0b0d185-d0be-d0b3d180d0b0d0b6d0b4d0b0d0bdd181d182d0b2d0b5-d0b8-d0b8.jpg\" alt=\"Fark\u0131ndal\u0131k Olu\u015fturma S\u00fcrecinde \u200cYapay Zek\u00e2 Uygulamalar\u0131\" src=\"data:image\/svg+xml;base64,PHN2ZyB3aWR0aD0iMSIgaGVpZ2h0PSIxIiB4bWxucz0iaHR0cDovL3d3dy53My5vcmcvMjAwMC9zdmciPjwvc3ZnPg==\"><\/p>\n<h2 id=\"farkindalik-olusturma-surecinde-yapay-zeka-uygulamalari\">Fark\u0131ndal\u0131k \u200cOlu\u015fturma\u2062 S\u00fcrecinde Yapay Zek\u00e2 Uygulamalar\u0131<\/h2>\n<section>\n<p>G\u00fcn\u00fcm\u00fczde, fark\u0131ndal\u0131k olu\u015fturma \u2063s\u00fcre\u00e7lerinde yapay zek\u00e2 uygulamalar\u0131\u2062 \u00f6nemli bir\u2063 rol \u200boynamaktad\u0131r. Bu teknolojiler, sosyal \u200cmedya\u200b platformlar\u0131nda kullan\u0131c\u0131lar\u0131n dikkatini \u00e7ekmek ve\u200d etkile\u015fimi art\u0131rmak amac\u0131yla \u00e7e\u015fitli stratejiler geli\u015ftirmektedir. Yapay zek\u00e2, b\u00fcy\u00fck veri analizi sayesinde kullan\u0131c\u0131 davran\u0131\u015flar\u0131n\u0131 anlamak ve bu\u200b do\u011frultuda \u200di\u00e7erik \u200d\u00f6nerileri sunmak i\u00e7in kullan\u0131lmaktad\u0131r.<\/p>\n<p>Yapay\u2062 zek\u00e2 uygulamalar\u0131n\u0131n fark\u0131ndal\u0131k olu\u015fturma s\u00fcrecindeki etkileri \u015fu \u015fekilde \u00f6zetlenebilir:<\/p>\n<ul>\n<li><strong>Ki\u015fiselle\u015ftirilmi\u015f \u0130\u00e7erik:<\/strong> \u200d Kullan\u0131c\u0131lar\u0131n ilgi alanlar\u0131na g\u00f6re \u00f6zelle\u015ftirilmi\u015f i\u00e7erikler sunarak etkile\u015fimi \u200bart\u0131r\u0131r.<\/li>\n<li><strong>Veri Analizi:<\/strong> Kullan\u0131c\u0131 davran\u0131\u015flar\u0131n\u0131 analiz ederek, hangi\u200c t\u00fcr i\u00e7eriklerin daha fazla ilgi\u200d g\u00f6rd\u00fc\u011f\u00fcn\u00fc \u2062belirler.<\/li>\n<li><strong>otomatik \u0130\u00e7erik \u00dcretimi:<\/strong> Belirli konularda h\u0131zl\u0131 ve etkili i\u00e7erik \u00fcretimi sa\u011flar, bu da fark\u0131ndal\u0131\u011f\u0131 art\u0131r\u0131r.<\/li>\n<li><strong>\u0130\u00e7erik\u200b Da\u011f\u0131t\u0131m\u0131:<\/strong> Hedef kitleye ula\u015fmak i\u00e7in en uygun zaman\u200b ve platformlar\u0131 \u200dbelirleyerek i\u00e7eriklerin \u2064daha geni\u015f kitlelere ula\u015fmas\u0131n\u0131 sa\u011flar.<\/li>\n<\/ul>\n<p>Sonu\u00e7\u200c olarak, yapay\u200b zek\u00e2 uygulamalar\u0131, sosyal medya g\u00f6nderilerinin \u200detkisini art\u0131rarak fark\u0131ndal\u0131k olu\u015fturma s\u00fcre\u00e7lerinde \u00f6nemli bir ara\u00e7 haline gelmi\u015ftir. Bu teknolojilerin \u2062etkin kullan\u0131m\u0131, markalar\u0131n ve\u2062 bireylerin hedef kitleleriyle\u2063 daha etkili bir ileti\u015fim kurmalar\u0131na olanak tan\u0131maktad\u0131r.<\/p>\n<\/section>\n<p><img decoding=\"async\" class=\"kimage_class lazyload\" data-src=\"https:\/\/denizcankizil.tr\/wp-content\/uploads\/2024\/10\/IIKHg-253D.jpg\" alt=\"Sosyal Medya Algoritmalar\u0131n\u0131n \u200bKullan\u0131c\u0131 Davran\u0131\u015flar\u0131na Etkisi\" src=\"data:image\/svg+xml;base64,PHN2ZyB3aWR0aD0iMSIgaGVpZ2h0PSIxIiB4bWxucz0iaHR0cDovL3d3dy53My5vcmcvMjAwMC9zdmciPjwvc3ZnPg==\"><\/p>\n<h2 id=\"sosyal-medya-algoritmalarinin-kullanici-davranislarina-etkisi\">Sosyal Medya Algoritmalar\u0131n\u0131n Kullan\u0131c\u0131 Davran\u0131\u015flar\u0131na Etkisi<\/h2>\n<section>\n<p>Sosyal \u200bmedya \u200dplatformlar\u0131, kullan\u0131c\u0131lar\u0131n etkile\u015fimlerini\u200d art\u0131rmak ve i\u00e7erik t\u00fcketimini\u2064 optimize \u200detmek amac\u0131yla\u200d karma\u015f\u0131k \u200dalgoritmalar kullanmaktad\u0131r. Bu algoritmalar, kullan\u0131c\u0131lar\u0131n ilgi alanlar\u0131na\u2062 ve \u200bdavran\u0131\u015flar\u0131na g\u00f6re i\u00e7erik \u00f6nerileri sunarak,\u200c platformda \u2062ge\u00e7irilen s\u00fcreyi uzatmay\u0131 hedefler. \u200cKullan\u0131c\u0131lar\u0131n\u2064 ge\u00e7mi\u015fteki etkile\u015fimleri,be\u011fenileri ve payla\u015f\u0131mlar\u0131,algoritmalar\u0131n belirledi\u011fi i\u00e7erik\u2063 ak\u0131\u015f\u0131n\u0131 \u015fekillendiren temel unsurlard\u0131r.<\/p>\n<p>Bu ba\u011flamda, sosyal medya \u2063algoritmalar\u0131n\u0131n kullan\u0131c\u0131 davran\u0131\u015flar\u0131 \u00fczerindeki etkileri \u015fu \u015fekilde\u2064 \u00f6zetlenebilir:<\/p>\n<ul>\n<li><strong>\u0130\u00e7erik \u00d6zelle\u015ftirmesi:<\/strong> Kullan\u0131c\u0131lar\u0131n ilgi alanlar\u0131na uygun\u200b i\u00e7eriklerin sunulmas\u0131, etkile\u015fimi art\u0131rarak kullan\u0131c\u0131lar\u0131n \u2063platformda daha fazla \u200czaman ge\u00e7irmesine neden olur.<\/li>\n<li><strong>Davran\u0131\u015fsal Takip:<\/strong> Kullan\u0131c\u0131lar\u0131n \u200b\u00f6nceki etkile\u015fimleri, algoritmalar taraf\u0131ndan analiz edilerek gelecekteki i\u00e7erik \u00f6nerileri \u00fczerinde belirleyici bir rol oynar.<\/li>\n<li><strong>Topluluk\u2063 Olu\u015fumu:<\/strong> \u200bAlgoritmalar, benzer ilgi alanlar\u0131na sahip kullan\u0131c\u0131lar\u0131 bir \u200baraya getirerek topluluklar\u0131n olu\u015fmas\u0131na katk\u0131da bulunur.<\/li>\n<\/ul>\n<p>Sonu\u00e7\u2063 olarak,\u2064 sosyal medya algoritmalar\u0131, kullan\u0131c\u0131lar\u0131n i\u00e7erik t\u00fcketim al\u0131\u015fkanl\u0131klar\u0131n\u0131 \u015fekillendirirken, ayn\u0131 zamanda platformlar\u0131n dinamiklerini de belirlemektedir. Bu\u2064 durum, \u2063kullan\u0131c\u0131lar\u0131n sosyal medya deneyimlerini derinle\u015ftirirken, i\u00e7erik \u2064\u00fcreticileri i\u00e7in \u2063de yeni f\u0131rsatlar sunmaktad\u0131r.<\/p>\n<\/section>\n<p><img decoding=\"async\" class=\"kimage_class lazyload\" data-src=\"https:\/\/denizcankizil.tr\/wp-content\/uploads\/2024\/10\/ii_200.jpg\" alt=\"Yapay Zek\u00e2\u200d ve \u2062Sosyal Medya: Etik ve Hukuki Boyutlar\" src=\"data:image\/svg+xml;base64,PHN2ZyB3aWR0aD0iMSIgaGVpZ2h0PSIxIiB4bWxucz0iaHR0cDovL3d3dy53My5vcmcvMjAwMC9zdmciPjwvc3ZnPg==\"><\/p>\n<h2 id=\"yapay-zeka-ve-sosyal-medya-etik-ve-hukuki-boyutlar\">Yapay \u2062Zek\u00e2 \u200cve Sosyal Medya: Etik \u2064ve Hukuki Boyutlar<\/h2>\n<p><strong>Yapay zek\u00e2\u2062 ve sosyal medya etkile\u015fimi,\u2062 g\u00fcn\u00fcm\u00fczde giderek daha\u200c fazla \u00f6nem kazanan bir konu haline gelmi\u015ftir.<\/strong> Bu etkile\u015fim, hem bireylerin hem de topluluklar\u0131n sosyal medya platformlar\u0131ndaki davran\u0131\u015flar\u0131n\u0131 ve etkile\u015fimlerini\u200c \u015fekillendirmektedir. Yapay zek\u00e2,\u2062 sosyal medya g\u00f6nderilerinin\u2063 analiz edilmesi, i\u00e7erik \u00f6nerileri ve kullan\u0131c\u0131 etkile\u015fimlerinin optimize edilmesi \u2063gibi alanlarda kullan\u0131lmaktad\u0131r.Ancak, bu durum baz\u0131 etik ve\u2063 hukuki sorunlar\u0131 da beraberinde getirmektedir.<\/p>\n<p><strong>Yapay zek\u00e2n\u0131n sosyal medya \u200d\u00fczerindeki etkileri \u200b\u015fu ba\u015fl\u0131klar alt\u0131nda incelenebilir:<\/strong><\/p>\n<ul>\n<li><strong>Veri Gizlili\u011fi:<\/strong> Kullan\u0131c\u0131lar\u0131n payla\u015ft\u0131\u011f\u0131\u2064 verilerin \u2062nas\u0131l topland\u0131\u011f\u0131 ve kullan\u0131ld\u0131\u011f\u0131 konusunda \u200bbelirsizlikler bulunmaktad\u0131r.<\/li>\n<li><strong>Yanl\u0131\u015f Bilgilendirme:<\/strong> Yapay zek\u00e2 algoritmalar\u0131, yanl\u0131\u015f veya yan\u0131lt\u0131c\u0131 i\u00e7eriklerin yay\u0131lmas\u0131na neden olabilmektedir.<\/li>\n<li><strong>\u00d6nyarg\u0131 ve Ayr\u0131mc\u0131l\u0131k:<\/strong> Algoritmalar, belirli gruplara kar\u015f\u0131 \u00f6nyarg\u0131l\u0131 sonu\u00e7lar \u00fcretebilir, bu da toplumsal e\u015fitsizlikleri art\u0131rabilir.<\/li>\n<\/ul>\n<p><strong>Bu ba\u011flamda, sosyal medya platformlar\u0131n\u0131n yapay zek\u00e2 kullan\u0131m\u0131 ile ilgili etik\u2063 ve hukuki sorumluluklar\u0131 \u200cda g\u00f6z \u00f6n\u00fcnde bulundurulmal\u0131d\u0131r.<\/strong> Kullan\u0131c\u0131lar\u0131n haklar\u0131n\u0131n korunmas\u0131, veri g\u00fcvenli\u011finin sa\u011flanmas\u0131 ve adil bir bilgi ak\u0131\u015f\u0131n\u0131n temin edilmesi, bu alandaki en \u00f6nemli meseleler aras\u0131nda yer almaktad\u0131r. Yapay zek\u00e2n\u0131n sosyal medya \u00fczerindeki etkilerini anlamak, bu teknolojinin \u200csorumlu bir \u015fekilde kullan\u0131lmas\u0131n\u0131 sa\u011flamak \u200da\u00e7\u0131s\u0131ndan kritik bir \u00f6neme sahiptir.<\/p>\n<p><img decoding=\"async\" class=\"kimage_class lazyload\" data-src=\"https:\/\/denizcankizil.tr\/wp-content\/uploads\/2024\/10\/3tcAw-253D.jpg\" alt=\"Gelecekte Sosyal Medya ve Yapay \u2062Zek\u00e2 \u0130li\u015fkisi: \u2064Beklentiler ve \u2062\u00d6ng\u00f6r\u00fcler\" src=\"data:image\/svg+xml;base64,PHN2ZyB3aWR0aD0iMSIgaGVpZ2h0PSIxIiB4bWxucz0iaHR0cDovL3d3dy53My5vcmcvMjAwMC9zdmciPjwvc3ZnPg==\"><\/p>\n<h2 id=\"gelecekte-sosyal-medya-ve-yapay-zeka-iliskisi-beklentiler-ve-ongoruler\">Gelecekte Sosyal Medya ve Yapay\u2062 Zek\u00e2 \u200d\u0130li\u015fkisi: Beklentiler ve \u00d6ng\u00f6r\u00fcler<\/h2>\n<p>sosyal medya platformlar\u0131, g\u00fcn\u00fcm\u00fczde bireylerin ileti\u015fim\u200b kurma bi\u00e7imlerini k\u00f6kl\u00fc bir \u015fekilde de\u011fi\u015ftirmi\u015ftir. Bu platformlar,\u2063 kullan\u0131c\u0131lar\u0131n \u200di\u00e7erik \u00fcretimini ve payla\u015f\u0131m\u0131n\u0131 kolayla\u015ft\u0131rarak, toplumsal etkile\u015fimleri \u200cart\u0131rmaktad\u0131r.\u2063 Gelecekte, yapay \u200dzek\u00e2 teknolojilerinin sosyal medya \u00fczerindeki etkisi daha da belirgin hale gelecektir. Bu ba\u011flamda, a\u015fa\u011f\u0131daki ba\u015fl\u0131klar \u00fczerinden sosyal medya\u200b ve yapay zek\u00e2 ili\u015fkisini incelemek m\u00fcmk\u00fcnd\u00fcr:<\/p>\n<ul>\n<li><strong>\u0130\u00e7erik Analizi ve \u00d6neri \u2063Sistemleri:<\/strong> Yapay zek\u00e2, kullan\u0131c\u0131lar\u0131n ilgi alanlar\u0131na g\u00f6re i\u00e7erik \u00f6nerileri sunarak, daha ki\u015fiselle\u015ftirilmi\u015f bir deneyim sa\u011flamaktad\u0131r.<\/li>\n<li><strong>Veri G\u00fcvenli\u011fi ve Gizlilik:<\/strong> Sosyal medya platformlar\u0131, \u200bkullan\u0131c\u0131 verilerini \u200banaliz etmekte ve bu verileri korumak i\u00e7in yapay zek\u00e2\u200b \u00e7\u00f6z\u00fcmleri geli\u015ftirmektedir.<\/li>\n<li><strong>\u0130\u00e7erik Moderasyonu:<\/strong> Yapay zek\u00e2, zararl\u0131 i\u00e7eriklerin tespit edilmesi ve\u200b kald\u0131r\u0131lmas\u0131 s\u00fcre\u00e7lerinde \u00f6nemli bir rol oynamaktad\u0131r.<\/li>\n<li><strong>Etkile\u015fim ve\u2062 Kullan\u0131c\u0131\u200d Deneyimi:<\/strong> Yapay zek\u00e2, \u200ckullan\u0131c\u0131lar\u0131n sosyal medya \u00fczerindeki etkile\u015fimlerini analiz\u200d ederek, deneyimlerini iyile\u015ftirmeye y\u00f6nelik stratejiler geli\u015ftirmektedir.<\/li>\n<\/ul>\n<p>Sonu\u00e7 olarak, sosyal \u200dmedya ve \u200dyapay zek\u00e2 aras\u0131ndaki ili\u015fki, gelecekte daha da derinle\u015fecek ve bu durum, kullan\u0131c\u0131lar\u0131n \u2064sosyal\u200d medya deneyimlerini \u200d\u00f6nemli\u2064 \u00f6l\u00e7\u00fcde etkileyecektir. Yapay zek\u00e2n\u0131n sundu\u011fu olanaklar, sosyal medya platformlar\u0131n\u0131n evriminde belirleyici bir fakt\u00f6r haline gelecektir.<\/p>\n<p>Sonu\u00e7 olarak, sosyal medya g\u00f6nderileri ve\u200b yapay zek\u00e2\u2062 aras\u0131ndaki ili\u015fki, g\u00fcn\u00fcm\u00fcz dijital \u00e7a\u011f\u0131nda giderek daha fazla \u00f6nem\u200b kazanmaktad\u0131r.Yapay zek\u00e2n\u0131n sosyal medya platformlar\u0131ndaki etkisi, i\u00e7erik \u00fcretiminden kullan\u0131c\u0131 etkile\u015fimine kadar\u2062 geni\u015f bir yelpazede kendini g\u00f6stermektedir. Bu ba\u011flamda,sosyal medya kullan\u0131c\u0131lar\u0131n\u0131n <a href=\"https:\/\/denizcankizil.tr\/de\/koseyazilari\/degerlendirme\/yapay-zeka-not-alma-uygulamalari-riskler-ve-degerlendirme\/\" title=\"... Not Alma Uygulamalar\u0131: Riskler ve De\u011ferlendirme\">yapay zek\u00e2n\u0131n sundu\u011fu olanaklar<\/a> ve potansiyel riskler konusunda fark\u0131ndal\u0131k geli\u015ftirmeleri kritik \u2064bir \u00f6neme sahiptir. Yapay zek\u00e2n\u0131n algoritmik karar \u200bverme s\u00fcre\u00e7leri, kullan\u0131c\u0131 deneyimlerini \u015fekillendirmekte ve toplumsal dinamikleri etkilemektedir.\u2064 dolay\u0131s\u0131yla,bu alandaki geli\u015fmelerin dikkatle izlenmesi ve\u200d etik\u2064 boyutlar\u0131n\u0131n tart\u0131\u015f\u0131lmas\u0131 gerekmektedir. Gelecekte, sosyal medya ve yapay zek\u00e2 etkile\u015fiminin daha derinlemesine incelenmesi, hem akademik hem de pratik alanlarda \u00f6nemli katk\u0131lar sa\u011flayacakt\u0131r. Bu nedenle, sosyal medya platformlar\u0131n\u0131n ve \u2062yapay zek\u00e2 uygulamalar\u0131n\u0131n sorumlu bir \u015fekilde kullan\u0131lmas\u0131, bireylerin ve toplumun yarar\u0131na olacakt\u0131r. <\/p>","protected":false},"excerpt":{"rendered":"<p>Sosyal medya g\u00f6nderileri, yapay zek\u00e2 algoritmalar\u0131 taraf\u0131ndan analiz edilerek kullan\u0131c\u0131 davran\u0131\u015flar\u0131n\u0131 \u015fekillendirmektedir. Bu durum, bireylerin dijital fark\u0131ndal\u0131\u011f\u0131n\u0131 art\u0131r\u0131rken, ayn\u0131 zamanda mahremiyet ve etik sorunlar\u0131 da g\u00fcndeme getirmektedir.<\/p>","protected":false},"author":4,"featured_media":0,"comment_status":"open","ping_status":"open","sticky":false,"template":"","format":"standard","meta":{"_acf_changed":false,"footnotes":""},"categories":[22],"tags":[],"class_list":["post-67162","post","type-post","status-publish","format-standard","hentry","category-degerlendirme"],"acf":[],"yoast_head":"<!-- This site is optimized with the Yoast SEO Premium plugin v26.6 (Yoast SEO v27.1.1) - https:\/\/yoast.com\/product\/yoast-seo-premium-wordpress\/ -->\n<title>Sosyal Medya G\u00f6nderileri ve Yapay Zek\u00e2 \u0130li\u015fkisi: Fark\u0131ndal\u0131k - Av. Deniz Can K\u0131z\u0131l<\/title>\n<meta name=\"robots\" content=\"index, follow, max-snippet:-1, max-image-preview:large, max-video-preview:-1\" \/>\n<link rel=\"canonical\" href=\"https:\/\/denizcankizil.tr\/de\/koseyazilari\/degerlendirme\/sosyal-medya-gonderileri-ve-yapay-zeka-iliskisi-farkindalik\/\" \/>\n<meta property=\"og:locale\" content=\"de_DE\" \/>\n<meta property=\"og:type\" content=\"article\" \/>\n<meta property=\"og:title\" content=\"Sosyal Medya G\u00f6nderileri ve Yapay Zek\u00e2 \u0130li\u015fkisi: Fark\u0131ndal\u0131k\" \/>\n<meta property=\"og:description\" content=\"Sosyal medya g\u00f6nderileri, yapay zek\u00e2 algoritmalar\u0131 taraf\u0131ndan analiz edilerek kullan\u0131c\u0131 davran\u0131\u015flar\u0131n\u0131 \u015fekillendirmektedir. Bu durum, bireylerin dijital fark\u0131ndal\u0131\u011f\u0131n\u0131 art\u0131r\u0131rken, ayn\u0131 zamanda mahremiyet ve etik sorunlar\u0131 da g\u00fcndeme getirmektedir.\" \/>\n<meta property=\"og:url\" content=\"https:\/\/denizcankizil.tr\/de\/koseyazilari\/degerlendirme\/sosyal-medya-gonderileri-ve-yapay-zeka-iliskisi-farkindalik\/\" \/>\n<meta property=\"og:site_name\" content=\"Av. Deniz Can K\u0131z\u0131l\" \/>\n<meta property=\"article:published_time\" content=\"2025-04-26T12:39:32+00:00\" \/>\n<meta property=\"og:image\" content=\"https:\/\/denizcankizil.tr\/wp-content\/uploads\/2024\/10\/mpmXk-253D.jpg\" \/>\n<meta name=\"author\" content=\"Av. Deniz Can K\u0131z\u0131l\" \/>\n<meta name=\"twitter:card\" content=\"summary_large_image\" \/>\n<meta name=\"twitter:label1\" content=\"Verfasst von\" \/>\n\t<meta name=\"twitter:data1\" content=\"Av. Deniz Can K\u0131z\u0131l\" \/>\n\t<meta name=\"twitter:label2\" content=\"Gesch\u00e4tzte Lesezeit\" \/>\n\t<meta name=\"twitter:data2\" content=\"9\u00a0Minuten\" \/>\n<script type=\"application\/ld+json\" class=\"yoast-schema-graph\">{\"@context\":\"https:\/\/schema.org\",\"@graph\":[{\"@type\":\"Article\",\"@id\":\"https:\/\/denizcankizil.tr\/uk\/koseyazilari\/degerlendirme\/sosyal-medya-gonderileri-ve-yapay-zeka-iliskisi-farkindalik\/#article\",\"isPartOf\":{\"@id\":\"https:\/\/denizcankizil.tr\/uk\/koseyazilari\/degerlendirme\/sosyal-medya-gonderileri-ve-yapay-zeka-iliskisi-farkindalik\/\"},\"author\":{\"name\":\"Av. Deniz Can K\u0131z\u0131l\",\"@id\":\"https:\/\/denizcankizil.tr\/de\/#\/schema\/person\/5dc1b22991bd7ac833867c10afc9b0ff\"},\"headline\":\"Sosyal Medya G\u00f6nderileri ve Yapay Zek\u00e2 \u0130li\u015fkisi: Fark\u0131ndal\u0131k\",\"datePublished\":\"2025-04-26T12:39:32+00:00\",\"mainEntityOfPage\":{\"@id\":\"https:\/\/denizcankizil.tr\/uk\/koseyazilari\/degerlendirme\/sosyal-medya-gonderileri-ve-yapay-zeka-iliskisi-farkindalik\/\"},\"wordCount\":1830,\"commentCount\":0,\"publisher\":{\"@id\":\"https:\/\/denizcankizil.tr\/de\/#organization\"},\"image\":{\"@id\":\"https:\/\/denizcankizil.tr\/uk\/koseyazilari\/degerlendirme\/sosyal-medya-gonderileri-ve-yapay-zeka-iliskisi-farkindalik\/#primaryimage\"},\"thumbnailUrl\":\"https:\/\/denizcankizil.tr\/wp-content\/uploads\/2024\/10\/mpmXk-253D.jpg\",\"articleSection\":[\"De\u011ferlendirme\"],\"inLanguage\":\"de\",\"potentialAction\":[{\"@type\":\"CommentAction\",\"name\":\"Comment\",\"target\":[\"https:\/\/denizcankizil.tr\/uk\/koseyazilari\/degerlendirme\/sosyal-medya-gonderileri-ve-yapay-zeka-iliskisi-farkindalik\/#respond\"]}]},{\"@type\":\"WebPage\",\"@id\":\"https:\/\/denizcankizil.tr\/uk\/koseyazilari\/degerlendirme\/sosyal-medya-gonderileri-ve-yapay-zeka-iliskisi-farkindalik\/\",\"url\":\"https:\/\/denizcankizil.tr\/uk\/koseyazilari\/degerlendirme\/sosyal-medya-gonderileri-ve-yapay-zeka-iliskisi-farkindalik\/\",\"name\":\"Sosyal Medya G\u00f6nderileri ve Yapay Zek\u00e2 \u0130li\u015fkisi: Fark\u0131ndal\u0131k - Av. Deniz Can K\u0131z\u0131l\",\"isPartOf\":{\"@id\":\"https:\/\/denizcankizil.tr\/de\/#website\"},\"primaryImageOfPage\":{\"@id\":\"https:\/\/denizcankizil.tr\/uk\/koseyazilari\/degerlendirme\/sosyal-medya-gonderileri-ve-yapay-zeka-iliskisi-farkindalik\/#primaryimage\"},\"image\":{\"@id\":\"https:\/\/denizcankizil.tr\/uk\/koseyazilari\/degerlendirme\/sosyal-medya-gonderileri-ve-yapay-zeka-iliskisi-farkindalik\/#primaryimage\"},\"thumbnailUrl\":\"https:\/\/denizcankizil.tr\/wp-content\/uploads\/2024\/10\/mpmXk-253D.jpg\",\"datePublished\":\"2025-04-26T12:39:32+00:00\",\"breadcrumb\":{\"@id\":\"https:\/\/denizcankizil.tr\/uk\/koseyazilari\/degerlendirme\/sosyal-medya-gonderileri-ve-yapay-zeka-iliskisi-farkindalik\/#breadcrumb\"},\"inLanguage\":\"de\",\"potentialAction\":[{\"@type\":\"ReadAction\",\"target\":[\"https:\/\/denizcankizil.tr\/uk\/koseyazilari\/degerlendirme\/sosyal-medya-gonderileri-ve-yapay-zeka-iliskisi-farkindalik\/\"]}]},{\"@type\":\"ImageObject\",\"inLanguage\":\"de\",\"@id\":\"https:\/\/denizcankizil.tr\/uk\/koseyazilari\/degerlendirme\/sosyal-medya-gonderileri-ve-yapay-zeka-iliskisi-farkindalik\/#primaryimage\",\"url\":\"https:\/\/denizcankizil.tr\/wp-content\/uploads\/2024\/10\/mpmXk-253D.jpg\",\"contentUrl\":\"https:\/\/denizcankizil.tr\/wp-content\/uploads\/2024\/10\/mpmXk-253D.jpg\"},{\"@type\":\"BreadcrumbList\",\"@id\":\"https:\/\/denizcankizil.tr\/uk\/koseyazilari\/degerlendirme\/sosyal-medya-gonderileri-ve-yapay-zeka-iliskisi-farkindalik\/#breadcrumb\",\"itemListElement\":[{\"@type\":\"ListItem\",\"position\":1,\"name\":\"Home\",\"item\":\"https:\/\/denizcankizil.tr\/de\/\"},{\"@type\":\"ListItem\",\"position\":2,\"name\":\"Sosyal Medya G\u00f6nderileri ve Yapay Zek\u00e2 \u0130li\u015fkisi: Fark\u0131ndal\u0131k\"}]},{\"@type\":\"WebSite\",\"@id\":\"https:\/\/denizcankizil.tr\/de\/#website\",\"url\":\"https:\/\/denizcankizil.tr\/de\/\",\"name\":\"Av. Deniz Can K\u0131z\u0131l\",\"description\":\"Avukat Deniz Can K\u0131z\u0131l Antalya Barosu\",\"publisher\":{\"@id\":\"https:\/\/denizcankizil.tr\/de\/#organization\"},\"potentialAction\":[{\"@type\":\"SearchAction\",\"target\":{\"@type\":\"EntryPoint\",\"urlTemplate\":\"https:\/\/denizcankizil.tr\/de\/?s={search_term_string}\"},\"query-input\":{\"@type\":\"PropertyValueSpecification\",\"valueRequired\":true,\"valueName\":\"search_term_string\"}}],\"inLanguage\":\"de\"},{\"@type\":\"Organization\",\"@id\":\"https:\/\/denizcankizil.tr\/de\/#organization\",\"name\":\"Av. Deniz Can K\u0131z\u0131l\",\"url\":\"https:\/\/denizcankizil.tr\/de\/\",\"logo\":{\"@type\":\"ImageObject\",\"inLanguage\":\"de\",\"@id\":\"https:\/\/denizcankizil.tr\/de\/#\/schema\/logo\/image\/\",\"url\":\"http:\/\/denizcankizil.tr\/wp-content\/uploads\/2024\/10\/siyah-logo-svg.svg\",\"contentUrl\":\"http:\/\/denizcankizil.tr\/wp-content\/uploads\/2024\/10\/siyah-logo-svg.svg\",\"width\":1080,\"height\":1080,\"caption\":\"Av. Deniz Can K\u0131z\u0131l\"},\"image\":{\"@id\":\"https:\/\/denizcankizil.tr\/de\/#\/schema\/logo\/image\/\"}},{\"@type\":\"Person\",\"@id\":\"https:\/\/denizcankizil.tr\/de\/#\/schema\/person\/5dc1b22991bd7ac833867c10afc9b0ff\",\"name\":\"Av. Deniz Can K\u0131z\u0131l\",\"image\":{\"@type\":\"ImageObject\",\"inLanguage\":\"de\",\"@id\":\"https:\/\/denizcankizil.tr\/de\/#\/schema\/person\/image\/\",\"url\":\"https:\/\/secure.gravatar.com\/avatar\/a0b128fb9855c79efc976d5640eedb31dc35ec297594d6016d2cf7c60e975bb6?s=96&d=mm&r=g\",\"contentUrl\":\"https:\/\/secure.gravatar.com\/avatar\/a0b128fb9855c79efc976d5640eedb31dc35ec297594d6016d2cf7c60e975bb6?s=96&d=mm&r=g\",\"caption\":\"Av. Deniz Can K\u0131z\u0131l\"},\"sameAs\":[\"http:\/\/www.denizcankizil.tr\"],\"url\":\"http:\/\/denizcankizil.tr\/de\/author\/denizcankizil\/\"}]}<\/script>\n<!-- \/ Yoast SEO Premium plugin. -->","yoast_head_json":{"title":"Sosyal Medya G\u00f6nderileri ve Yapay Zek\u00e2 \u0130li\u015fkisi: Fark\u0131ndal\u0131k - Av. Deniz Can K\u0131z\u0131l","robots":{"index":"index","follow":"follow","max-snippet":"max-snippet:-1","max-image-preview":"max-image-preview:large","max-video-preview":"max-video-preview:-1"},"canonical":"https:\/\/denizcankizil.tr\/de\/koseyazilari\/degerlendirme\/sosyal-medya-gonderileri-ve-yapay-zeka-iliskisi-farkindalik\/","og_locale":"de_DE","og_type":"article","og_title":"Sosyal Medya G\u00f6nderileri ve Yapay Zek\u00e2 \u0130li\u015fkisi: Fark\u0131ndal\u0131k","og_description":"Sosyal medya g\u00f6nderileri, yapay zek\u00e2 algoritmalar\u0131 taraf\u0131ndan analiz edilerek kullan\u0131c\u0131 davran\u0131\u015flar\u0131n\u0131 \u015fekillendirmektedir. Bu durum, bireylerin dijital fark\u0131ndal\u0131\u011f\u0131n\u0131 art\u0131r\u0131rken, ayn\u0131 zamanda mahremiyet ve etik sorunlar\u0131 da g\u00fcndeme getirmektedir.","og_url":"https:\/\/denizcankizil.tr\/de\/koseyazilari\/degerlendirme\/sosyal-medya-gonderileri-ve-yapay-zeka-iliskisi-farkindalik\/","og_site_name":"Av. Deniz Can K\u0131z\u0131l","article_published_time":"2025-04-26T12:39:32+00:00","og_image":[{"url":"https:\/\/denizcankizil.tr\/wp-content\/uploads\/2024\/10\/mpmXk-253D.jpg","type":"","width":"","height":""}],"author":"Av. Deniz Can K\u0131z\u0131l","twitter_card":"summary_large_image","twitter_misc":{"Verfasst von":"Av. Deniz Can K\u0131z\u0131l","Gesch\u00e4tzte Lesezeit":"9\u00a0Minuten"},"schema":{"@context":"https:\/\/schema.org","@graph":[{"@type":"Article","@id":"https:\/\/denizcankizil.tr\/uk\/koseyazilari\/degerlendirme\/sosyal-medya-gonderileri-ve-yapay-zeka-iliskisi-farkindalik\/#article","isPartOf":{"@id":"https:\/\/denizcankizil.tr\/uk\/koseyazilari\/degerlendirme\/sosyal-medya-gonderileri-ve-yapay-zeka-iliskisi-farkindalik\/"},"author":{"name":"Av. Deniz Can K\u0131z\u0131l","@id":"https:\/\/denizcankizil.tr\/de\/#\/schema\/person\/5dc1b22991bd7ac833867c10afc9b0ff"},"headline":"Sosyal Medya G\u00f6nderileri ve Yapay Zek\u00e2 \u0130li\u015fkisi: Fark\u0131ndal\u0131k","datePublished":"2025-04-26T12:39:32+00:00","mainEntityOfPage":{"@id":"https:\/\/denizcankizil.tr\/uk\/koseyazilari\/degerlendirme\/sosyal-medya-gonderileri-ve-yapay-zeka-iliskisi-farkindalik\/"},"wordCount":1830,"commentCount":0,"publisher":{"@id":"https:\/\/denizcankizil.tr\/de\/#organization"},"image":{"@id":"https:\/\/denizcankizil.tr\/uk\/koseyazilari\/degerlendirme\/sosyal-medya-gonderileri-ve-yapay-zeka-iliskisi-farkindalik\/#primaryimage"},"thumbnailUrl":"https:\/\/denizcankizil.tr\/wp-content\/uploads\/2024\/10\/mpmXk-253D.jpg","articleSection":["De\u011ferlendirme"],"inLanguage":"de","potentialAction":[{"@type":"CommentAction","name":"Comment","target":["https:\/\/denizcankizil.tr\/uk\/koseyazilari\/degerlendirme\/sosyal-medya-gonderileri-ve-yapay-zeka-iliskisi-farkindalik\/#respond"]}]},{"@type":"WebPage","@id":"https:\/\/denizcankizil.tr\/uk\/koseyazilari\/degerlendirme\/sosyal-medya-gonderileri-ve-yapay-zeka-iliskisi-farkindalik\/","url":"https:\/\/denizcankizil.tr\/uk\/koseyazilari\/degerlendirme\/sosyal-medya-gonderileri-ve-yapay-zeka-iliskisi-farkindalik\/","name":"Sosyal Medya G\u00f6nderileri ve Yapay Zek\u00e2 \u0130li\u015fkisi: Fark\u0131ndal\u0131k - Av. Deniz Can K\u0131z\u0131l","isPartOf":{"@id":"https:\/\/denizcankizil.tr\/de\/#website"},"primaryImageOfPage":{"@id":"https:\/\/denizcankizil.tr\/uk\/koseyazilari\/degerlendirme\/sosyal-medya-gonderileri-ve-yapay-zeka-iliskisi-farkindalik\/#primaryimage"},"image":{"@id":"https:\/\/denizcankizil.tr\/uk\/koseyazilari\/degerlendirme\/sosyal-medya-gonderileri-ve-yapay-zeka-iliskisi-farkindalik\/#primaryimage"},"thumbnailUrl":"https:\/\/denizcankizil.tr\/wp-content\/uploads\/2024\/10\/mpmXk-253D.jpg","datePublished":"2025-04-26T12:39:32+00:00","breadcrumb":{"@id":"https:\/\/denizcankizil.tr\/uk\/koseyazilari\/degerlendirme\/sosyal-medya-gonderileri-ve-yapay-zeka-iliskisi-farkindalik\/#breadcrumb"},"inLanguage":"de","potentialAction":[{"@type":"ReadAction","target":["https:\/\/denizcankizil.tr\/uk\/koseyazilari\/degerlendirme\/sosyal-medya-gonderileri-ve-yapay-zeka-iliskisi-farkindalik\/"]}]},{"@type":"ImageObject","inLanguage":"de","@id":"https:\/\/denizcankizil.tr\/uk\/koseyazilari\/degerlendirme\/sosyal-medya-gonderileri-ve-yapay-zeka-iliskisi-farkindalik\/#primaryimage","url":"https:\/\/denizcankizil.tr\/wp-content\/uploads\/2024\/10\/mpmXk-253D.jpg","contentUrl":"https:\/\/denizcankizil.tr\/wp-content\/uploads\/2024\/10\/mpmXk-253D.jpg"},{"@type":"BreadcrumbList","@id":"https:\/\/denizcankizil.tr\/uk\/koseyazilari\/degerlendirme\/sosyal-medya-gonderileri-ve-yapay-zeka-iliskisi-farkindalik\/#breadcrumb","itemListElement":[{"@type":"ListItem","position":1,"name":"Home","item":"https:\/\/denizcankizil.tr\/de\/"},{"@type":"ListItem","position":2,"name":"Sosyal Medya G\u00f6nderileri ve Yapay Zek\u00e2 \u0130li\u015fkisi: Fark\u0131ndal\u0131k"}]},{"@type":"WebSite","@id":"https:\/\/denizcankizil.tr\/de\/#website","url":"https:\/\/denizcankizil.tr\/de\/","name":"Av. Deniz Can K\u0131z\u0131l","description":"Avukat Deniz Can K\u0131z\u0131l Antalya Barosu","publisher":{"@id":"https:\/\/denizcankizil.tr\/de\/#organization"},"potentialAction":[{"@type":"SearchAction","target":{"@type":"EntryPoint","urlTemplate":"https:\/\/denizcankizil.tr\/de\/?s={search_term_string}"},"query-input":{"@type":"PropertyValueSpecification","valueRequired":true,"valueName":"search_term_string"}}],"inLanguage":"de"},{"@type":"Organization","@id":"https:\/\/denizcankizil.tr\/de\/#organization","name":"Av. Deniz Can K\u0131z\u0131l","url":"https:\/\/denizcankizil.tr\/de\/","logo":{"@type":"ImageObject","inLanguage":"de","@id":"https:\/\/denizcankizil.tr\/de\/#\/schema\/logo\/image\/","url":"http:\/\/denizcankizil.tr\/wp-content\/uploads\/2024\/10\/siyah-logo-svg.svg","contentUrl":"http:\/\/denizcankizil.tr\/wp-content\/uploads\/2024\/10\/siyah-logo-svg.svg","width":1080,"height":1080,"caption":"Av. Deniz Can K\u0131z\u0131l"},"image":{"@id":"https:\/\/denizcankizil.tr\/de\/#\/schema\/logo\/image\/"}},{"@type":"Person","@id":"https:\/\/denizcankizil.tr\/de\/#\/schema\/person\/5dc1b22991bd7ac833867c10afc9b0ff","name":"Av. Deniz Can K\u0131z\u0131l","image":{"@type":"ImageObject","inLanguage":"de","@id":"https:\/\/denizcankizil.tr\/de\/#\/schema\/person\/image\/","url":"https:\/\/secure.gravatar.com\/avatar\/a0b128fb9855c79efc976d5640eedb31dc35ec297594d6016d2cf7c60e975bb6?s=96&d=mm&r=g","contentUrl":"https:\/\/secure.gravatar.com\/avatar\/a0b128fb9855c79efc976d5640eedb31dc35ec297594d6016d2cf7c60e975bb6?s=96&d=mm&r=g","caption":"Av. Deniz Can K\u0131z\u0131l"},"sameAs":["http:\/\/www.denizcankizil.tr"],"url":"http:\/\/denizcankizil.tr\/de\/author\/denizcankizil\/"}]}},"_links":{"self":[{"href":"http:\/\/denizcankizil.tr\/de\/wp-json\/wp\/v2\/posts\/67162","targetHints":{"allow":["GET"]}}],"collection":[{"href":"http:\/\/denizcankizil.tr\/de\/wp-json\/wp\/v2\/posts"}],"about":[{"href":"http:\/\/denizcankizil.tr\/de\/wp-json\/wp\/v2\/types\/post"}],"author":[{"embeddable":true,"href":"http:\/\/denizcankizil.tr\/de\/wp-json\/wp\/v2\/users\/4"}],"replies":[{"embeddable":true,"href":"http:\/\/denizcankizil.tr\/de\/wp-json\/wp\/v2\/comments?post=67162"}],"version-history":[{"count":0,"href":"http:\/\/denizcankizil.tr\/de\/wp-json\/wp\/v2\/posts\/67162\/revisions"}],"wp:attachment":[{"href":"http:\/\/denizcankizil.tr\/de\/wp-json\/wp\/v2\/media?parent=67162"}],"wp:term":[{"taxonomy":"category","embeddable":true,"href":"http:\/\/denizcankizil.tr\/de\/wp-json\/wp\/v2\/categories?post=67162"},{"taxonomy":"post_tag","embeddable":true,"href":"http:\/\/denizcankizil.tr\/de\/wp-json\/wp\/v2\/tags?post=67162"}],"curies":[{"name":"wp","href":"https:\/\/api.w.org\/{rel}","templated":true}]}}