{"id":66269,"date":"2025-04-25T18:42:13","date_gmt":"2025-04-25T15:42:13","guid":{"rendered":"https:\/\/denizcankizil.tr\/uncategorized-tr\/midasin-kulaklari-tiyatrosu-cocuklardan-tam-not-aldi\/"},"modified":"2025-04-25T18:42:13","modified_gmt":"2025-04-25T15:42:13","slug":"midasin-kulaklari-tiyatrosu-cocuklardan-tam-not-aldi","status":"publish","type":"post","link":"http:\/\/denizcankizil.tr\/de\/haberler\/gundem\/midasin-kulaklari-tiyatrosu-cocuklardan-tam-not-aldi\/","title":{"rendered":"\u201cMidas\u2019\u0131n Kulaklar\u0131\u201d tiyatrosu \u00e7ocuklardan tam not ald\u0131"},"content":{"rendered":"<p>Malatya B\u00fcy\u00fck\u015fehir Belediyesi\u2019nin k\u00fclt\u00fcr ve sanat faaliyetleri kapsam\u0131nda sahnelenen \u201cMidas\u2019\u0131n Kulaklar\u0131\u201d adl\u0131 \u00e7ocuk tiyatrosu, minik izleyicilerden yo\u011fun ilgi g\u00f6rd\u00fc.MALATYA (\u0130GFA) &#8211;\u00a0Malatya B\u00fcy\u00fck\u015fehir Belediye K\u00fclt\u00fcr ve Sosyal \u0130\u015fler Dairesi Ba\u015fkanl\u0131\u011f\u0131\u2019n\u0131n organizasyonuyla sahnelenen oyun, hem e\u011flenceli kurgusuyla hem de verdi\u011fi ahlaki mesajlarla b\u00fcy\u00fck be\u011feni toplad\u0131.<br \/>\nMalatya B\u00fcy\u00fck\u015fehir Belediyesi, \u00e7ocuklar\u0131n k\u00fclt\u00fcrel geli\u015fimine katk\u0131 sunmak, sanatla erken ya\u015fta tan\u0131\u015fmalar\u0131n\u0131 sa\u011flamak ve aileleriyle birlikte keyifli vakit ge\u00e7irebilecekleri etkinlikler sunarak, tiyatro faaliyetlerini aral\u0131ks\u0131z s\u00fcrd\u00fcr\u00fcyor.<\/p>\n<p>Malatya B\u00fcy\u00fck\u015fehir Belediyesi K\u00fclt\u00fcr ve Sosyal \u0130\u015fler Dairesi Ba\u015fkanl\u0131\u011f\u0131 b\u00fcnyesindeki Sanat Merkezi\u2019nde d\u00fczenlenen tiyatro etkinli\u011fi, \u00e7ocuklara hem keyifli anlar ya\u015fatt\u0131 hem de e\u011fitici i\u00e7erikleriyle dikkat \u00e7ekti. Uyarlama olarak sahnelenen \u201cMidas\u2019\u0131n Kulaklar\u0131\u201d oyununda, d\u00fcr\u00fcstl\u00fck ve yalan s\u00f6ylemenin sonu\u00e7lar\u0131 mizahi bir dille anlat\u0131ld\u0131. Oyunda, yalan s\u00f6yledi\u011fi i\u00e7in kulaklar\u0131 uzayan Kral Midas\u2019\u0131n ya\u015fad\u0131\u011f\u0131 pi\u015fmanl\u0131k ve do\u011frulu\u011fa d\u00f6n\u00fc\u015f\u00fc \u00e7ocuklara etkili bir \u015fekilde aktar\u0131ld\u0131.<br \/>\nToplam 4 seans \u015feklinde sahnelenen \u201cMidas\u2019\u0131n Kulaklar\u0131\u201d adl\u0131 \u00e7ocuk tiyatrosu, yakla\u015f\u0131k 750 ki\u015filik seyirci kitlesine ula\u015ft\u0131. Oyun sonunda \u00e7ocuklara k\u00fc\u00e7\u00fck hediyeler da\u011f\u0131t\u0131larak tiyatro deneyimleri ta\u00e7land\u0131r\u0131ld\u0131.<\/p>\n<p>\u200bMalatya B\u00fcy\u00fck\u015fehir Belediyesi\u2019nin k\u00fclt\u00fcr ve sanat faaliyetleri kapsam\u0131nda sahnelenen \u201cMidas\u2019\u0131n Kulaklar\u0131\u201d adl\u0131 \u00e7ocuk tiyatrosu, minik izleyicilerden yo\u011fun ilgi g\u00f6rd\u00fc.MALATYA (\u0130GFA) &#8211;\u00a0Malatya B\u00fcy\u00fck\u015fehir Belediye K\u00fclt\u00fcr ve Sosyal \u0130\u015fler Dairesi Ba\u015fkanl\u0131\u011f\u0131\u2019n\u0131n organizasyonuyla sahnelenen oyun, hem e\u011flenceli kurgusuyla hem de verdi\u011fi ahlaki mesajlarla b\u00fcy\u00fck be\u011feni toplad\u0131.<br \/>\nMalatya B\u00fcy\u00fck\u015fehir Belediyesi, \u00e7ocuklar\u0131n k\u00fclt\u00fcrel geli\u015fimine katk\u0131 sunmak, sanatla erken ya\u015fta tan\u0131\u015fmalar\u0131n\u0131 sa\u011flamak ve aileleriyle birlikte keyifli vakit ge\u00e7irebilecekleri etkinlikler sunarak, tiyatro faaliyetlerini aral\u0131ks\u0131z s\u00fcrd\u00fcr\u00fcyor.<\/p>\n<p>Malatya B\u00fcy\u00fck\u015fehir Belediyesi K\u00fclt\u00fcr ve Sosyal \u0130\u015fler Dairesi Ba\u015fkanl\u0131\u011f\u0131 b\u00fcnyesindeki Sanat Merkezi\u2019nde d\u00fczenlenen tiyatro etkinli\u011fi, \u00e7ocuklara hem keyifli anlar ya\u015fatt\u0131 hem de e\u011fitici i\u00e7erikleriyle dikkat \u00e7ekti. Uyarlama olarak sahnelenen \u201cMidas\u2019\u0131n Kulaklar\u0131\u201d oyununda, d\u00fcr\u00fcstl\u00fck ve yalan s\u00f6ylemenin sonu\u00e7lar\u0131 mizahi bir dille anlat\u0131ld\u0131. Oyunda, yalan s\u00f6yledi\u011fi i\u00e7in kulaklar\u0131 uzayan Kral Midas\u2019\u0131n ya\u015fad\u0131\u011f\u0131 pi\u015fmanl\u0131k ve do\u011frulu\u011fa d\u00f6n\u00fc\u015f\u00fc \u00e7ocuklara etkili bir \u015fekilde aktar\u0131ld\u0131.<br \/>\nToplam 4 seans \u015feklinde sahnelenen \u201cMidas\u2019\u0131n Kulaklar\u0131\u201d adl\u0131 \u00e7ocuk tiyatrosu, yakla\u015f\u0131k 750 ki\u015filik seyirci kitlesine ula\u015ft\u0131. Oyun sonunda \u00e7ocuklara k\u00fc\u00e7\u00fck hediyeler da\u011f\u0131t\u0131larak tiyatro deneyimleri ta\u00e7land\u0131r\u0131ld\u0131.\u00a0<\/p>\n<p>\u200bHaberin Al\u0131nt\u0131land\u0131\u011f\u0131 Kaynak: www.iskenderun.org<\/p>","protected":false},"excerpt":{"rendered":"<p>Malatya B\u00fcy\u00fck\u015fehir Belediyesi\u2019nin k\u00fclt\u00fcr ve sanat faaliyetleri kapsam\u0131nda sahnelenen \u201cMidas\u2019\u0131n Kulaklar\u0131\u201d adl\u0131 \u00e7ocuk tiyatrosu, minik izleyicilerden yo\u011fun ilgi g\u00f6rd\u00fc.MALATYA (\u0130GFA) &#8211;\u00a0Malatya B\u00fcy\u00fck\u015fehir Belediye K\u00fclt\u00fcr ve Sosyal \u0130\u015fler Dairesi Ba\u015fkanl\u0131\u011f\u0131\u2019n\u0131n organizasyonuyla sahnelenen oyun, hem e\u011flenceli kurgusuyla hem de verdi\u011fi ahlaki mesajlarla b\u00fcy\u00fck be\u011feni toplad\u0131. Malatya B\u00fcy\u00fck\u015fehir Belediyesi, \u00e7ocuklar\u0131n k\u00fclt\u00fcrel geli\u015fimine katk\u0131 sunmak, sanatla erken ya\u015fta tan\u0131\u015fmalar\u0131n\u0131 sa\u011flamak ve aileleriyle birlikte keyifli vakit ge\u00e7irebilecekleri etkinlikler sunarak, tiyatro faaliyetlerini aral\u0131ks\u0131z s\u00fcrd\u00fcr\u00fcyor. Malatya B\u00fcy\u00fck\u015fehir Belediyesi K\u00fclt\u00fcr ve Sosyal \u0130\u015fler Dairesi Ba\u015fkanl\u0131\u011f\u0131 b\u00fcnyesindeki Sanat Merkezi\u2019nde d\u00fczenlenen tiyatro etkinli\u011fi, \u00e7ocuklara hem keyifli anlar ya\u015fatt\u0131 hem de e\u011fitici i\u00e7erikleriyle dikkat \u00e7ekti. Uyarlama olarak sahnelenen \u201cMidas\u2019\u0131n Kulaklar\u0131\u201d oyununda, d\u00fcr\u00fcstl\u00fck ve yalan s\u00f6ylemenin sonu\u00e7lar\u0131 mizahi bir dille anlat\u0131ld\u0131. Oyunda, yalan s\u00f6yledi\u011fi i\u00e7in kulaklar\u0131 uzayan Kral Midas\u2019\u0131n ya\u015fad\u0131\u011f\u0131 pi\u015fmanl\u0131k ve do\u011frulu\u011fa d\u00f6n\u00fc\u015f\u00fc \u00e7ocuklara etkili bir \u015fekilde aktar\u0131ld\u0131. Toplam 4 seans \u015feklinde sahnelenen \u201cMidas\u2019\u0131n Kulaklar\u0131\u201d adl\u0131 \u00e7ocuk tiyatrosu, yakla\u015f\u0131k 750 ki\u015filik seyirci kitlesine ula\u015ft\u0131. Oyun sonunda \u00e7ocuklara k\u00fc\u00e7\u00fck hediyeler da\u011f\u0131t\u0131larak tiyatro deneyimleri ta\u00e7land\u0131r\u0131ld\u0131. \u200bMalatya B\u00fcy\u00fck\u015fehir Belediyesi\u2019nin k\u00fclt\u00fcr ve sanat faaliyetleri kapsam\u0131nda sahnelenen \u201cMidas\u2019\u0131n Kulaklar\u0131\u201d adl\u0131 \u00e7ocuk tiyatrosu, minik izleyicilerden yo\u011fun ilgi g\u00f6rd\u00fc.MALATYA (\u0130GFA) &#8211;\u00a0Malatya B\u00fcy\u00fck\u015fehir Belediye K\u00fclt\u00fcr ve Sosyal \u0130\u015fler Dairesi Ba\u015fkanl\u0131\u011f\u0131\u2019n\u0131n organizasyonuyla sahnelenen oyun, hem e\u011flenceli kurgusuyla hem de verdi\u011fi ahlaki mesajlarla b\u00fcy\u00fck be\u011feni toplad\u0131. Malatya B\u00fcy\u00fck\u015fehir Belediyesi, \u00e7ocuklar\u0131n k\u00fclt\u00fcrel &hellip;<\/p>","protected":false},"author":1,"featured_media":0,"comment_status":"","ping_status":"open","sticky":false,"template":"","format":"standard","meta":{"_acf_changed":false,"footnotes":""},"categories":[24],"tags":[],"class_list":["post-66269","post","type-post","status-publish","format-standard","has-post-thumbnail","hentry","category-gundem"],"acf":[],"yoast_head":"<!-- This site is optimized with the Yoast SEO Premium plugin v26.6 (Yoast SEO v27.1.1) - https:\/\/yoast.com\/product\/yoast-seo-premium-wordpress\/ -->\n<title>\u201cMidas\u2019\u0131n Kulaklar\u0131\u201d tiyatrosu \u00e7ocuklardan tam not ald\u0131 - Av. Deniz Can K\u0131z\u0131l<\/title>\n<meta name=\"robots\" content=\"index, follow, max-snippet:-1, max-image-preview:large, max-video-preview:-1\" \/>\n<link rel=\"canonical\" href=\"http:\/\/denizcankizil.tr\/de\/haberler\/gundem\/midasin-kulaklari-tiyatrosu-cocuklardan-tam-not-aldi\/\" \/>\n<meta property=\"og:locale\" content=\"de_DE\" \/>\n<meta property=\"og:type\" content=\"article\" \/>\n<meta property=\"og:title\" content=\"\u201cMidas\u2019\u0131n Kulaklar\u0131\u201d tiyatrosu \u00e7ocuklardan tam not ald\u0131\" \/>\n<meta property=\"og:description\" content=\"Malatya B\u00fcy\u00fck\u015fehir Belediyesi\u2019nin k\u00fclt\u00fcr ve sanat faaliyetleri kapsam\u0131nda sahnelenen \u201cMidas\u2019\u0131n Kulaklar\u0131\u201d adl\u0131 \u00e7ocuk tiyatrosu, minik izleyicilerden yo\u011fun ilgi g\u00f6rd\u00fc.MALATYA (\u0130GFA) &#8211;\u00a0Malatya B\u00fcy\u00fck\u015fehir Belediye K\u00fclt\u00fcr ve Sosyal \u0130\u015fler Dairesi Ba\u015fkanl\u0131\u011f\u0131\u2019n\u0131n organizasyonuyla sahnelenen oyun, hem e\u011flenceli kurgusuyla hem de verdi\u011fi ahlaki mesajlarla b\u00fcy\u00fck be\u011feni toplad\u0131. Malatya B\u00fcy\u00fck\u015fehir Belediyesi, \u00e7ocuklar\u0131n k\u00fclt\u00fcrel geli\u015fimine katk\u0131 sunmak, sanatla erken ya\u015fta tan\u0131\u015fmalar\u0131n\u0131 sa\u011flamak ve aileleriyle birlikte keyifli vakit ge\u00e7irebilecekleri etkinlikler sunarak, tiyatro faaliyetlerini aral\u0131ks\u0131z s\u00fcrd\u00fcr\u00fcyor. Malatya B\u00fcy\u00fck\u015fehir Belediyesi K\u00fclt\u00fcr ve Sosyal \u0130\u015fler Dairesi Ba\u015fkanl\u0131\u011f\u0131 b\u00fcnyesindeki Sanat Merkezi\u2019nde d\u00fczenlenen tiyatro etkinli\u011fi, \u00e7ocuklara hem keyifli anlar ya\u015fatt\u0131 hem de e\u011fitici i\u00e7erikleriyle dikkat \u00e7ekti. Uyarlama olarak sahnelenen \u201cMidas\u2019\u0131n Kulaklar\u0131\u201d oyununda, d\u00fcr\u00fcstl\u00fck ve yalan s\u00f6ylemenin sonu\u00e7lar\u0131 mizahi bir dille anlat\u0131ld\u0131. Oyunda, yalan s\u00f6yledi\u011fi i\u00e7in kulaklar\u0131 uzayan Kral Midas\u2019\u0131n ya\u015fad\u0131\u011f\u0131 pi\u015fmanl\u0131k ve do\u011frulu\u011fa d\u00f6n\u00fc\u015f\u00fc \u00e7ocuklara etkili bir \u015fekilde aktar\u0131ld\u0131. Toplam 4 seans \u015feklinde sahnelenen \u201cMidas\u2019\u0131n Kulaklar\u0131\u201d adl\u0131 \u00e7ocuk tiyatrosu, yakla\u015f\u0131k 750 ki\u015filik seyirci kitlesine ula\u015ft\u0131. Oyun sonunda \u00e7ocuklara k\u00fc\u00e7\u00fck hediyeler da\u011f\u0131t\u0131larak tiyatro deneyimleri ta\u00e7land\u0131r\u0131ld\u0131. \u200bMalatya B\u00fcy\u00fck\u015fehir Belediyesi\u2019nin k\u00fclt\u00fcr ve sanat faaliyetleri kapsam\u0131nda sahnelenen \u201cMidas\u2019\u0131n Kulaklar\u0131\u201d adl\u0131 \u00e7ocuk tiyatrosu, minik izleyicilerden yo\u011fun ilgi g\u00f6rd\u00fc.MALATYA (\u0130GFA) &#8211;\u00a0Malatya B\u00fcy\u00fck\u015fehir Belediye K\u00fclt\u00fcr ve Sosyal \u0130\u015fler Dairesi Ba\u015fkanl\u0131\u011f\u0131\u2019n\u0131n organizasyonuyla sahnelenen oyun, hem e\u011flenceli kurgusuyla hem de verdi\u011fi ahlaki mesajlarla b\u00fcy\u00fck be\u011feni toplad\u0131. Malatya B\u00fcy\u00fck\u015fehir Belediyesi, \u00e7ocuklar\u0131n k\u00fclt\u00fcrel &hellip;\" \/>\n<meta property=\"og:url\" content=\"http:\/\/denizcankizil.tr\/de\/haberler\/gundem\/midasin-kulaklari-tiyatrosu-cocuklardan-tam-not-aldi\/\" \/>\n<meta property=\"og:site_name\" content=\"Av. Deniz Can K\u0131z\u0131l\" \/>\n<meta property=\"article:published_time\" content=\"2025-04-25T15:42:13+00:00\" \/>\n<meta name=\"author\" content=\"admin\" \/>\n<meta name=\"twitter:card\" content=\"summary_large_image\" \/>\n<meta name=\"twitter:label1\" content=\"Verfasst von\" \/>\n\t<meta name=\"twitter:data1\" content=\"admin\" \/>\n\t<meta name=\"twitter:label2\" content=\"Gesch\u00e4tzte Lesezeit\" \/>\n\t<meta name=\"twitter:data2\" content=\"2\u00a0Minuten\" \/>\n<script type=\"application\/ld+json\" class=\"yoast-schema-graph\">{\"@context\":\"https:\/\/schema.org\",\"@graph\":[{\"@type\":\"Article\",\"@id\":\"http:\/\/denizcankizil.tr\/de\/haberler\/gundem\/midasin-kulaklari-tiyatrosu-cocuklardan-tam-not-aldi\/#article\",\"isPartOf\":{\"@id\":\"http:\/\/denizcankizil.tr\/de\/haberler\/gundem\/midasin-kulaklari-tiyatrosu-cocuklardan-tam-not-aldi\/\"},\"author\":{\"name\":\"admin\",\"@id\":\"https:\/\/denizcankizil.tr\/de\/#\/schema\/person\/be3c05fe6a12686905512445d8185489\"},\"headline\":\"\u201cMidas\u2019\u0131n Kulaklar\u0131\u201d tiyatrosu \u00e7ocuklardan tam not ald\u0131\",\"datePublished\":\"2025-04-25T15:42:13+00:00\",\"mainEntityOfPage\":{\"@id\":\"http:\/\/denizcankizil.tr\/de\/haberler\/gundem\/midasin-kulaklari-tiyatrosu-cocuklardan-tam-not-aldi\/\"},\"wordCount\":482,\"publisher\":{\"@id\":\"https:\/\/denizcankizil.tr\/de\/#organization\"},\"articleSection\":[\"G\u00fcndem\"],\"inLanguage\":\"de\"},{\"@type\":\"WebPage\",\"@id\":\"http:\/\/denizcankizil.tr\/de\/haberler\/gundem\/midasin-kulaklari-tiyatrosu-cocuklardan-tam-not-aldi\/\",\"url\":\"http:\/\/denizcankizil.tr\/de\/haberler\/gundem\/midasin-kulaklari-tiyatrosu-cocuklardan-tam-not-aldi\/\",\"name\":\"\u201cMidas\u2019\u0131n Kulaklar\u0131\u201d tiyatrosu \u00e7ocuklardan tam not ald\u0131 - Av. Deniz Can K\u0131z\u0131l\",\"isPartOf\":{\"@id\":\"https:\/\/denizcankizil.tr\/de\/#website\"},\"datePublished\":\"2025-04-25T15:42:13+00:00\",\"breadcrumb\":{\"@id\":\"http:\/\/denizcankizil.tr\/de\/haberler\/gundem\/midasin-kulaklari-tiyatrosu-cocuklardan-tam-not-aldi\/#breadcrumb\"},\"inLanguage\":\"de\",\"potentialAction\":[{\"@type\":\"ReadAction\",\"target\":[\"http:\/\/denizcankizil.tr\/de\/haberler\/gundem\/midasin-kulaklari-tiyatrosu-cocuklardan-tam-not-aldi\/\"]}]},{\"@type\":\"BreadcrumbList\",\"@id\":\"http:\/\/denizcankizil.tr\/de\/haberler\/gundem\/midasin-kulaklari-tiyatrosu-cocuklardan-tam-not-aldi\/#breadcrumb\",\"itemListElement\":[{\"@type\":\"ListItem\",\"position\":1,\"name\":\"Home\",\"item\":\"https:\/\/denizcankizil.tr\/de\/\"},{\"@type\":\"ListItem\",\"position\":2,\"name\":\"\u201cMidas\u2019\u0131n Kulaklar\u0131\u201d tiyatrosu \u00e7ocuklardan tam not ald\u0131\"}]},{\"@type\":\"WebSite\",\"@id\":\"https:\/\/denizcankizil.tr\/de\/#website\",\"url\":\"https:\/\/denizcankizil.tr\/de\/\",\"name\":\"Av. Deniz Can K\u0131z\u0131l\",\"description\":\"Avukat Deniz Can K\u0131z\u0131l Antalya Barosu\",\"publisher\":{\"@id\":\"https:\/\/denizcankizil.tr\/de\/#organization\"},\"potentialAction\":[{\"@type\":\"SearchAction\",\"target\":{\"@type\":\"EntryPoint\",\"urlTemplate\":\"https:\/\/denizcankizil.tr\/de\/?s={search_term_string}\"},\"query-input\":{\"@type\":\"PropertyValueSpecification\",\"valueRequired\":true,\"valueName\":\"search_term_string\"}}],\"inLanguage\":\"de\"},{\"@type\":\"Organization\",\"@id\":\"https:\/\/denizcankizil.tr\/de\/#organization\",\"name\":\"Av. Deniz Can K\u0131z\u0131l\",\"url\":\"https:\/\/denizcankizil.tr\/de\/\",\"logo\":{\"@type\":\"ImageObject\",\"inLanguage\":\"de\",\"@id\":\"https:\/\/denizcankizil.tr\/de\/#\/schema\/logo\/image\/\",\"url\":\"http:\/\/denizcankizil.tr\/wp-content\/uploads\/2024\/10\/siyah-logo-svg.svg\",\"contentUrl\":\"http:\/\/denizcankizil.tr\/wp-content\/uploads\/2024\/10\/siyah-logo-svg.svg\",\"width\":1080,\"height\":1080,\"caption\":\"Av. Deniz Can K\u0131z\u0131l\"},\"image\":{\"@id\":\"https:\/\/denizcankizil.tr\/de\/#\/schema\/logo\/image\/\"}},{\"@type\":\"Person\",\"@id\":\"https:\/\/denizcankizil.tr\/de\/#\/schema\/person\/be3c05fe6a12686905512445d8185489\",\"name\":\"admin\",\"image\":{\"@type\":\"ImageObject\",\"inLanguage\":\"de\",\"@id\":\"https:\/\/denizcankizil.tr\/de\/#\/schema\/person\/image\/\",\"url\":\"https:\/\/secure.gravatar.com\/avatar\/c1fce94c830dc79107e174f890d7210541c4a63e8e5d816341794a2151c9d58c?s=96&d=mm&r=g\",\"contentUrl\":\"https:\/\/secure.gravatar.com\/avatar\/c1fce94c830dc79107e174f890d7210541c4a63e8e5d816341794a2151c9d58c?s=96&d=mm&r=g\",\"caption\":\"admin\"},\"sameAs\":[\"http:\/\/denizcankizil.tr\"],\"url\":\"https:\/\/www.iskenderun.org\/midasin-kulaklari-tiyatrosu-cocuklardan-tam-not-aldi\"}]}<\/script>\n<!-- \/ Yoast SEO Premium plugin. -->","yoast_head_json":{"title":"\u201cMidas\u2019\u0131n Kulaklar\u0131\u201d tiyatrosu \u00e7ocuklardan tam not ald\u0131 - Av. Deniz Can K\u0131z\u0131l","robots":{"index":"index","follow":"follow","max-snippet":"max-snippet:-1","max-image-preview":"max-image-preview:large","max-video-preview":"max-video-preview:-1"},"canonical":"http:\/\/denizcankizil.tr\/de\/haberler\/gundem\/midasin-kulaklari-tiyatrosu-cocuklardan-tam-not-aldi\/","og_locale":"de_DE","og_type":"article","og_title":"\u201cMidas\u2019\u0131n Kulaklar\u0131\u201d tiyatrosu \u00e7ocuklardan tam not ald\u0131","og_description":"Malatya B\u00fcy\u00fck\u015fehir Belediyesi\u2019nin k\u00fclt\u00fcr ve sanat faaliyetleri kapsam\u0131nda sahnelenen \u201cMidas\u2019\u0131n Kulaklar\u0131\u201d adl\u0131 \u00e7ocuk tiyatrosu, minik izleyicilerden yo\u011fun ilgi g\u00f6rd\u00fc.MALATYA (\u0130GFA) &#8211;\u00a0Malatya B\u00fcy\u00fck\u015fehir Belediye K\u00fclt\u00fcr ve Sosyal \u0130\u015fler Dairesi Ba\u015fkanl\u0131\u011f\u0131\u2019n\u0131n organizasyonuyla sahnelenen oyun, hem e\u011flenceli kurgusuyla hem de verdi\u011fi ahlaki mesajlarla b\u00fcy\u00fck be\u011feni toplad\u0131. Malatya B\u00fcy\u00fck\u015fehir Belediyesi, \u00e7ocuklar\u0131n k\u00fclt\u00fcrel geli\u015fimine katk\u0131 sunmak, sanatla erken ya\u015fta tan\u0131\u015fmalar\u0131n\u0131 sa\u011flamak ve aileleriyle birlikte keyifli vakit ge\u00e7irebilecekleri etkinlikler sunarak, tiyatro faaliyetlerini aral\u0131ks\u0131z s\u00fcrd\u00fcr\u00fcyor. Malatya B\u00fcy\u00fck\u015fehir Belediyesi K\u00fclt\u00fcr ve Sosyal \u0130\u015fler Dairesi Ba\u015fkanl\u0131\u011f\u0131 b\u00fcnyesindeki Sanat Merkezi\u2019nde d\u00fczenlenen tiyatro etkinli\u011fi, \u00e7ocuklara hem keyifli anlar ya\u015fatt\u0131 hem de e\u011fitici i\u00e7erikleriyle dikkat \u00e7ekti. Uyarlama olarak sahnelenen \u201cMidas\u2019\u0131n Kulaklar\u0131\u201d oyununda, d\u00fcr\u00fcstl\u00fck ve yalan s\u00f6ylemenin sonu\u00e7lar\u0131 mizahi bir dille anlat\u0131ld\u0131. Oyunda, yalan s\u00f6yledi\u011fi i\u00e7in kulaklar\u0131 uzayan Kral Midas\u2019\u0131n ya\u015fad\u0131\u011f\u0131 pi\u015fmanl\u0131k ve do\u011frulu\u011fa d\u00f6n\u00fc\u015f\u00fc \u00e7ocuklara etkili bir \u015fekilde aktar\u0131ld\u0131. Toplam 4 seans \u015feklinde sahnelenen \u201cMidas\u2019\u0131n Kulaklar\u0131\u201d adl\u0131 \u00e7ocuk tiyatrosu, yakla\u015f\u0131k 750 ki\u015filik seyirci kitlesine ula\u015ft\u0131. Oyun sonunda \u00e7ocuklara k\u00fc\u00e7\u00fck hediyeler da\u011f\u0131t\u0131larak tiyatro deneyimleri ta\u00e7land\u0131r\u0131ld\u0131. \u200bMalatya B\u00fcy\u00fck\u015fehir Belediyesi\u2019nin k\u00fclt\u00fcr ve sanat faaliyetleri kapsam\u0131nda sahnelenen \u201cMidas\u2019\u0131n Kulaklar\u0131\u201d adl\u0131 \u00e7ocuk tiyatrosu, minik izleyicilerden yo\u011fun ilgi g\u00f6rd\u00fc.MALATYA (\u0130GFA) &#8211;\u00a0Malatya B\u00fcy\u00fck\u015fehir Belediye K\u00fclt\u00fcr ve Sosyal \u0130\u015fler Dairesi Ba\u015fkanl\u0131\u011f\u0131\u2019n\u0131n organizasyonuyla sahnelenen oyun, hem e\u011flenceli kurgusuyla hem de verdi\u011fi ahlaki mesajlarla b\u00fcy\u00fck be\u011feni toplad\u0131. Malatya B\u00fcy\u00fck\u015fehir Belediyesi, \u00e7ocuklar\u0131n k\u00fclt\u00fcrel &hellip;","og_url":"http:\/\/denizcankizil.tr\/de\/haberler\/gundem\/midasin-kulaklari-tiyatrosu-cocuklardan-tam-not-aldi\/","og_site_name":"Av. Deniz Can K\u0131z\u0131l","article_published_time":"2025-04-25T15:42:13+00:00","author":"admin","twitter_card":"summary_large_image","twitter_misc":{"Verfasst von":"admin","Gesch\u00e4tzte Lesezeit":"2\u00a0Minuten"},"schema":{"@context":"https:\/\/schema.org","@graph":[{"@type":"Article","@id":"http:\/\/denizcankizil.tr\/de\/haberler\/gundem\/midasin-kulaklari-tiyatrosu-cocuklardan-tam-not-aldi\/#article","isPartOf":{"@id":"http:\/\/denizcankizil.tr\/de\/haberler\/gundem\/midasin-kulaklari-tiyatrosu-cocuklardan-tam-not-aldi\/"},"author":{"name":"admin","@id":"https:\/\/denizcankizil.tr\/de\/#\/schema\/person\/be3c05fe6a12686905512445d8185489"},"headline":"\u201cMidas\u2019\u0131n Kulaklar\u0131\u201d tiyatrosu \u00e7ocuklardan tam not ald\u0131","datePublished":"2025-04-25T15:42:13+00:00","mainEntityOfPage":{"@id":"http:\/\/denizcankizil.tr\/de\/haberler\/gundem\/midasin-kulaklari-tiyatrosu-cocuklardan-tam-not-aldi\/"},"wordCount":482,"publisher":{"@id":"https:\/\/denizcankizil.tr\/de\/#organization"},"articleSection":["G\u00fcndem"],"inLanguage":"de"},{"@type":"WebPage","@id":"http:\/\/denizcankizil.tr\/de\/haberler\/gundem\/midasin-kulaklari-tiyatrosu-cocuklardan-tam-not-aldi\/","url":"http:\/\/denizcankizil.tr\/de\/haberler\/gundem\/midasin-kulaklari-tiyatrosu-cocuklardan-tam-not-aldi\/","name":"\u201cMidas\u2019\u0131n Kulaklar\u0131\u201d tiyatrosu \u00e7ocuklardan tam not ald\u0131 - Av. Deniz Can K\u0131z\u0131l","isPartOf":{"@id":"https:\/\/denizcankizil.tr\/de\/#website"},"datePublished":"2025-04-25T15:42:13+00:00","breadcrumb":{"@id":"http:\/\/denizcankizil.tr\/de\/haberler\/gundem\/midasin-kulaklari-tiyatrosu-cocuklardan-tam-not-aldi\/#breadcrumb"},"inLanguage":"de","potentialAction":[{"@type":"ReadAction","target":["http:\/\/denizcankizil.tr\/de\/haberler\/gundem\/midasin-kulaklari-tiyatrosu-cocuklardan-tam-not-aldi\/"]}]},{"@type":"BreadcrumbList","@id":"http:\/\/denizcankizil.tr\/de\/haberler\/gundem\/midasin-kulaklari-tiyatrosu-cocuklardan-tam-not-aldi\/#breadcrumb","itemListElement":[{"@type":"ListItem","position":1,"name":"Home","item":"https:\/\/denizcankizil.tr\/de\/"},{"@type":"ListItem","position":2,"name":"\u201cMidas\u2019\u0131n Kulaklar\u0131\u201d tiyatrosu \u00e7ocuklardan tam not ald\u0131"}]},{"@type":"WebSite","@id":"https:\/\/denizcankizil.tr\/de\/#website","url":"https:\/\/denizcankizil.tr\/de\/","name":"Av. Deniz Can K\u0131z\u0131l","description":"Avukat Deniz Can K\u0131z\u0131l Antalya Barosu","publisher":{"@id":"https:\/\/denizcankizil.tr\/de\/#organization"},"potentialAction":[{"@type":"SearchAction","target":{"@type":"EntryPoint","urlTemplate":"https:\/\/denizcankizil.tr\/de\/?s={search_term_string}"},"query-input":{"@type":"PropertyValueSpecification","valueRequired":true,"valueName":"search_term_string"}}],"inLanguage":"de"},{"@type":"Organization","@id":"https:\/\/denizcankizil.tr\/de\/#organization","name":"Av. Deniz Can K\u0131z\u0131l","url":"https:\/\/denizcankizil.tr\/de\/","logo":{"@type":"ImageObject","inLanguage":"de","@id":"https:\/\/denizcankizil.tr\/de\/#\/schema\/logo\/image\/","url":"http:\/\/denizcankizil.tr\/wp-content\/uploads\/2024\/10\/siyah-logo-svg.svg","contentUrl":"http:\/\/denizcankizil.tr\/wp-content\/uploads\/2024\/10\/siyah-logo-svg.svg","width":1080,"height":1080,"caption":"Av. Deniz Can K\u0131z\u0131l"},"image":{"@id":"https:\/\/denizcankizil.tr\/de\/#\/schema\/logo\/image\/"}},{"@type":"Person","@id":"https:\/\/denizcankizil.tr\/de\/#\/schema\/person\/be3c05fe6a12686905512445d8185489","name":"Administrator","image":{"@type":"ImageObject","inLanguage":"de","@id":"https:\/\/denizcankizil.tr\/de\/#\/schema\/person\/image\/","url":"https:\/\/secure.gravatar.com\/avatar\/c1fce94c830dc79107e174f890d7210541c4a63e8e5d816341794a2151c9d58c?s=96&d=mm&r=g","contentUrl":"https:\/\/secure.gravatar.com\/avatar\/c1fce94c830dc79107e174f890d7210541c4a63e8e5d816341794a2151c9d58c?s=96&d=mm&r=g","caption":"admin"},"sameAs":["http:\/\/denizcankizil.tr"],"url":"https:\/\/www.iskenderun.org\/midasin-kulaklari-tiyatrosu-cocuklardan-tam-not-aldi"}]}},"_links":{"self":[{"href":"http:\/\/denizcankizil.tr\/de\/wp-json\/wp\/v2\/posts\/66269","targetHints":{"allow":["GET"]}}],"collection":[{"href":"http:\/\/denizcankizil.tr\/de\/wp-json\/wp\/v2\/posts"}],"about":[{"href":"http:\/\/denizcankizil.tr\/de\/wp-json\/wp\/v2\/types\/post"}],"author":[{"embeddable":true,"href":"http:\/\/denizcankizil.tr\/de\/wp-json\/wp\/v2\/users\/1"}],"replies":[{"embeddable":true,"href":"http:\/\/denizcankizil.tr\/de\/wp-json\/wp\/v2\/comments?post=66269"}],"version-history":[{"count":0,"href":"http:\/\/denizcankizil.tr\/de\/wp-json\/wp\/v2\/posts\/66269\/revisions"}],"wp:attachment":[{"href":"http:\/\/denizcankizil.tr\/de\/wp-json\/wp\/v2\/media?parent=66269"}],"wp:term":[{"taxonomy":"category","embeddable":true,"href":"http:\/\/denizcankizil.tr\/de\/wp-json\/wp\/v2\/categories?post=66269"},{"taxonomy":"post_tag","embeddable":true,"href":"http:\/\/denizcankizil.tr\/de\/wp-json\/wp\/v2\/tags?post=66269"}],"curies":[{"name":"wp","href":"https:\/\/api.w.org\/{rel}","templated":true}]}}