{"id":66268,"date":"2025-04-25T18:42:12","date_gmt":"2025-04-25T15:42:12","guid":{"rendered":"https:\/\/denizcankizil.tr\/uncategorized-tr\/antalya-surdurulebilir-turizmin-yeni-lideri-oluyor\/"},"modified":"2025-04-25T18:42:12","modified_gmt":"2025-04-25T15:42:12","slug":"antalya-surdurulebilir-turizmin-yeni-lideri-oluyor","status":"publish","type":"post","link":"http:\/\/denizcankizil.tr\/de\/haberler\/gundem\/antalya-surdurulebilir-turizmin-yeni-lideri-oluyor\/","title":{"rendered":"Antalya s\u00fcrd\u00fcr\u00fclebilir turizmin yeni lideri oluyor"},"content":{"rendered":"<p>Antalya B\u00fcy\u00fck\u015fehir Belediye Ba\u015fkan\u0131 Muhittin B\u00f6cek, D\u00fcnya Seyahat ve Turizm Konseyi (WTTC) Ba\u015fkan\u0131 Julia Simpson ile turizmin gelece\u011fini ele ald\u0131. Ba\u015fkan Muhittin B\u00f6cek, Antalya\u2019n\u0131n k\u00fcresel \u00f6l\u00e7ekte s\u00fcrd\u00fcr\u00fclebilir turizmin \u00f6nc\u00fc \u015fehirlerinden biri olma yolunda emin ad\u0131mlarla ilerledi\u011fini s\u00f6yledi.ANTALYA (\u0130GFA) &#8211;\u00a0Antalya B\u00fcy\u00fck\u015fehir Belediye Ba\u015fkan\u0131 Muhittin B\u00f6cek, D\u00fcnya Seyahat ve Turizm Konseyi (WTTC) Ba\u015fkan\u0131 ve CEO\u2019su Julia Simpson ve Coral Travel holding Y\u00f6netim Kurulu Ba\u015fkan\u0131 Ayhan Bekta\u015f\u2019\u0131 makam\u0131nda a\u011f\u0131rlad\u0131. Ba\u015fkan Muhittin B\u00f6cek ile WTTC Ba\u015fkan\u0131 Julia Simpson aras\u0131nda ger\u00e7ekle\u015fen bulu\u015fmada turizmin gelece\u011fi ve Antalya\u2019n\u0131n bu gelecekteki stratejik konumu ele al\u0131nd\u0131. Ba\u015fkan Muhittin B\u00f6cek, WTTC\u2019nin davetiyle 28-29 Eyl\u00fcl 2025 tarihlerinde Roma\u2019da d\u00fczenlenecek D\u00fcnya Seyahat ve Turizm Konseyi Zirvesi\u2019nde Antalya\u2019y\u0131 temsilen bir sunum ger\u00e7ekle\u015ftirecek. Muhittin B\u00f6cek\u2019in Roma\u2019da yapaca\u011f\u0131 sunum ile Antalya\u2019n\u0131n k\u00fcresel turizm politikalar\u0131na y\u00f6n veren \u015fehirler aras\u0131na ad\u0131n\u0131 yazd\u0131rmas\u0131 i\u00e7in f\u0131rsat olarak de\u011ferlendiriliyor.<br \/>\nWTTC \u0130LE \u00d6NEML\u0130 \u0130\u015eB\u0130RL\u0130\u011e\u0130 PROJELER\u0130<br \/>\nBa\u015fkan Muhittin B\u00f6cek, WTTC i\u015f birli\u011fiyle \u00f6nemli \u00e7al\u0131\u015fmalar yapacaklar\u0131n\u0131 belirtti. Ba\u015fkan B\u00f6cek, \u201cYe\u015fil etkinlik takvimi ile \u00e7evreci etkinliklerin desteklenmesi, dijital turizm platformu kurulumu ile ziyaret\u00e7i deneyiminin s\u00fcre\u00e7 boyunca s\u00fcrd\u00fcr\u00fclebilir ve yenilik\u00e7i h\u00e2le getirilmesi, kad\u0131n giri\u015fimcili\u011fi ve yerel k\u00fclt\u00fcr eksenli projelerle toplumsal kapsay\u0131c\u0131l\u0131\u011f\u0131n art\u0131r\u0131lmas\u0131 ve WTTC Akdeniz B\u00f6lge Ofisi\u2019nin Antalya\u2019da a\u00e7\u0131lmas\u0131 i\u00e7in giri\u015fimlerde bulunulmas\u0131 ad\u0131na \u00e7al\u0131\u015fmalar yapaca\u011f\u0131z\u201d dedi.<\/p>\n<p>EKONOM\u0130K VER\u0130LER\u0130 PAYLA\u015eTI<br \/>\nWTTC Ba\u015fkan\u0131 Julia Simpson, Antalya\u2019ya \u00f6zellikle Ba\u015fkan Muhittin B\u00f6cek ile g\u00f6r\u00fc\u015fmek i\u00e7in geldi\u011fini belirterek, Antalya\u2019n\u0131n s\u00fcrd\u00fcr\u00fclebilir turizmde sergiledi\u011fi vizyonun dikkat \u00e7ekici oldu\u011funu ifade etti. Ayr\u0131ca, WTTC\u2019nin T\u00fcrkiye turizmi hakk\u0131nda g\u00fcncel ekonomik \u00f6ng\u00f6r\u00fclerini de payla\u015ft\u0131. Julia Simpson, \u201c\u00d6n\u00fcm\u00fczdeki d\u00f6nemde turizmin T\u00fcrkiye ekonomisine 5,2 trilyon TL katk\u0131 sa\u011flamas\u0131n\u0131 bekliyoruz. Bu rakam T\u00fcrkiye ekonomisinin yakla\u015f\u0131k y\u00fczde12\u2019sine kar\u015f\u0131l\u0131k geliyor ve 3,3 milyon ki\u015filik istihdam yaratma potansiyeli ta\u015f\u0131yor. T\u00fcrkiye\u2019nin g\u00fc\u00e7l\u00fc bir \u015fekilde b\u00fcy\u00fcd\u00fc\u011f\u00fcn\u00fc g\u00f6rmekten b\u00fcy\u00fck memnuniyet duyuyoruz\u201d dedi.<br \/>\nB\u00fcy\u00fck\u015fehir Belediye Ba\u015fkan\u0131 Muhittin B\u00f6cek,\u00a0 WTTC Ba\u015fkan\u0131 Julia Simpson ile bir s\u00fcre g\u00f6r\u00fc\u015ferek, ziyaret an\u0131s\u0131na hediye takdim etti.<\/p>\n<p>\u200bAntalya B\u00fcy\u00fck\u015fehir Belediye Ba\u015fkan\u0131 Muhittin B\u00f6cek, D\u00fcnya Seyahat ve Turizm Konseyi (WTTC) Ba\u015fkan\u0131 Julia Simpson ile turizmin gelece\u011fini ele ald\u0131. Ba\u015fkan Muhittin B\u00f6cek, Antalya\u2019n\u0131n k\u00fcresel \u00f6l\u00e7ekte s\u00fcrd\u00fcr\u00fclebilir turizmin \u00f6nc\u00fc \u015fehirlerinden biri olma yolunda emin ad\u0131mlarla ilerledi\u011fini s\u00f6yledi.ANTALYA (\u0130GFA) &#8211;\u00a0Antalya B\u00fcy\u00fck\u015fehir Belediye Ba\u015fkan\u0131 Muhittin B\u00f6cek, D\u00fcnya Seyahat ve Turizm Konseyi (WTTC) Ba\u015fkan\u0131 ve CEO\u2019su Julia Simpson ve Coral Travel holding Y\u00f6netim Kurulu Ba\u015fkan\u0131 Ayhan Bekta\u015f\u2019\u0131 makam\u0131nda a\u011f\u0131rlad\u0131. Ba\u015fkan Muhittin B\u00f6cek ile WTTC Ba\u015fkan\u0131 Julia Simpson aras\u0131nda ger\u00e7ekle\u015fen bulu\u015fmada turizmin gelece\u011fi ve Antalya\u2019n\u0131n bu gelecekteki stratejik konumu ele al\u0131nd\u0131. Ba\u015fkan Muhittin B\u00f6cek, WTTC\u2019nin davetiyle 28-29 Eyl\u00fcl 2025 tarihlerinde Roma\u2019da d\u00fczenlenecek D\u00fcnya Seyahat ve Turizm Konseyi Zirvesi\u2019nde Antalya\u2019y\u0131 temsilen bir sunum ger\u00e7ekle\u015ftirecek. Muhittin B\u00f6cek\u2019in Roma\u2019da yapaca\u011f\u0131 sunum ile Antalya\u2019n\u0131n k\u00fcresel turizm politikalar\u0131na y\u00f6n veren \u015fehirler aras\u0131na ad\u0131n\u0131 yazd\u0131rmas\u0131 i\u00e7in f\u0131rsat olarak de\u011ferlendiriliyor.<br \/>\nWTTC \u0130LE \u00d6NEML\u0130 \u0130\u015eB\u0130RL\u0130\u011e\u0130 PROJELER\u0130<br \/>\nBa\u015fkan Muhittin B\u00f6cek, WTTC i\u015f birli\u011fiyle \u00f6nemli \u00e7al\u0131\u015fmalar yapacaklar\u0131n\u0131 belirtti. Ba\u015fkan B\u00f6cek, \u201cYe\u015fil etkinlik takvimi ile \u00e7evreci etkinliklerin desteklenmesi, dijital turizm platformu kurulumu ile ziyaret\u00e7i deneyiminin s\u00fcre\u00e7 boyunca s\u00fcrd\u00fcr\u00fclebilir ve yenilik\u00e7i h\u00e2le getirilmesi, kad\u0131n giri\u015fimcili\u011fi ve yerel k\u00fclt\u00fcr eksenli projelerle toplumsal kapsay\u0131c\u0131l\u0131\u011f\u0131n art\u0131r\u0131lmas\u0131 ve WTTC Akdeniz B\u00f6lge Ofisi\u2019nin Antalya\u2019da a\u00e7\u0131lmas\u0131 i\u00e7in giri\u015fimlerde bulunulmas\u0131 ad\u0131na \u00e7al\u0131\u015fmalar yapaca\u011f\u0131z\u201d dedi.<\/p>\n<p>EKONOM\u0130K VER\u0130LER\u0130 PAYLA\u015eTI<br \/>\nWTTC Ba\u015fkan\u0131 Julia Simpson, Antalya\u2019ya \u00f6zellikle Ba\u015fkan Muhittin B\u00f6cek ile g\u00f6r\u00fc\u015fmek i\u00e7in geldi\u011fini belirterek, Antalya\u2019n\u0131n s\u00fcrd\u00fcr\u00fclebilir turizmde sergiledi\u011fi vizyonun dikkat \u00e7ekici oldu\u011funu ifade etti. Ayr\u0131ca, WTTC\u2019nin T\u00fcrkiye turizmi hakk\u0131nda g\u00fcncel ekonomik \u00f6ng\u00f6r\u00fclerini de payla\u015ft\u0131. Julia Simpson, \u201c\u00d6n\u00fcm\u00fczdeki d\u00f6nemde turizmin T\u00fcrkiye ekonomisine 5,2 trilyon TL katk\u0131 sa\u011flamas\u0131n\u0131 bekliyoruz. Bu rakam T\u00fcrkiye ekonomisinin yakla\u015f\u0131k y\u00fczde12\u2019sine kar\u015f\u0131l\u0131k geliyor ve 3,3 milyon ki\u015filik istihdam yaratma potansiyeli ta\u015f\u0131yor. T\u00fcrkiye\u2019nin g\u00fc\u00e7l\u00fc bir \u015fekilde b\u00fcy\u00fcd\u00fc\u011f\u00fcn\u00fc g\u00f6rmekten b\u00fcy\u00fck memnuniyet duyuyoruz\u201d dedi.<br \/>\nB\u00fcy\u00fck\u015fehir Belediye Ba\u015fkan\u0131 Muhittin B\u00f6cek,\u00a0 WTTC Ba\u015fkan\u0131 Julia Simpson ile bir s\u00fcre g\u00f6r\u00fc\u015ferek, ziyaret an\u0131s\u0131na hediye takdim etti.\u00a0<\/p>\n<p>\u200bHaberin Al\u0131nt\u0131land\u0131\u011f\u0131 Kaynak: www.iskenderun.org<\/p>","protected":false},"excerpt":{"rendered":"<p>Antalya B\u00fcy\u00fck\u015fehir Belediye Ba\u015fkan\u0131 Muhittin B\u00f6cek, D\u00fcnya Seyahat ve Turizm Konseyi (WTTC) Ba\u015fkan\u0131 Julia Simpson ile turizmin gelece\u011fini ele ald\u0131. Ba\u015fkan Muhittin B\u00f6cek, Antalya\u2019n\u0131n k\u00fcresel \u00f6l\u00e7ekte s\u00fcrd\u00fcr\u00fclebilir turizmin \u00f6nc\u00fc \u015fehirlerinden biri olma yolunda emin ad\u0131mlarla ilerledi\u011fini s\u00f6yledi.ANTALYA (\u0130GFA) &#8211;\u00a0Antalya B\u00fcy\u00fck\u015fehir Belediye Ba\u015fkan\u0131 Muhittin B\u00f6cek, D\u00fcnya Seyahat ve Turizm Konseyi (WTTC) Ba\u015fkan\u0131 ve CEO\u2019su Julia Simpson ve Coral Travel holding Y\u00f6netim Kurulu Ba\u015fkan\u0131 Ayhan Bekta\u015f\u2019\u0131 makam\u0131nda a\u011f\u0131rlad\u0131. Ba\u015fkan Muhittin B\u00f6cek ile WTTC Ba\u015fkan\u0131 Julia Simpson aras\u0131nda ger\u00e7ekle\u015fen bulu\u015fmada turizmin gelece\u011fi ve Antalya\u2019n\u0131n bu gelecekteki stratejik konumu ele al\u0131nd\u0131. Ba\u015fkan Muhittin B\u00f6cek, WTTC\u2019nin davetiyle 28-29 Eyl\u00fcl 2025 tarihlerinde Roma\u2019da d\u00fczenlenecek D\u00fcnya Seyahat ve Turizm Konseyi Zirvesi\u2019nde Antalya\u2019y\u0131 temsilen bir sunum ger\u00e7ekle\u015ftirecek. Muhittin B\u00f6cek\u2019in Roma\u2019da yapaca\u011f\u0131 sunum ile Antalya\u2019n\u0131n k\u00fcresel turizm politikalar\u0131na y\u00f6n veren \u015fehirler aras\u0131na ad\u0131n\u0131 yazd\u0131rmas\u0131 i\u00e7in f\u0131rsat olarak de\u011ferlendiriliyor. WTTC \u0130LE \u00d6NEML\u0130 \u0130\u015eB\u0130RL\u0130\u011e\u0130 PROJELER\u0130 Ba\u015fkan Muhittin B\u00f6cek, WTTC i\u015f birli\u011fiyle \u00f6nemli \u00e7al\u0131\u015fmalar yapacaklar\u0131n\u0131 belirtti. Ba\u015fkan B\u00f6cek, \u201cYe\u015fil etkinlik takvimi ile \u00e7evreci etkinliklerin desteklenmesi, dijital turizm platformu kurulumu ile ziyaret\u00e7i deneyiminin s\u00fcre\u00e7 boyunca s\u00fcrd\u00fcr\u00fclebilir ve yenilik\u00e7i h\u00e2le getirilmesi, kad\u0131n giri\u015fimcili\u011fi ve yerel k\u00fclt\u00fcr eksenli projelerle toplumsal kapsay\u0131c\u0131l\u0131\u011f\u0131n art\u0131r\u0131lmas\u0131 ve WTTC Akdeniz B\u00f6lge Ofisi\u2019nin Antalya\u2019da a\u00e7\u0131lmas\u0131 i\u00e7in giri\u015fimlerde bulunulmas\u0131 ad\u0131na \u00e7al\u0131\u015fmalar yapaca\u011f\u0131z\u201d dedi. EKONOM\u0130K VER\u0130LER\u0130 PAYLA\u015eTI WTTC Ba\u015fkan\u0131 Julia Simpson, Antalya\u2019ya \u00f6zellikle &hellip;<\/p>","protected":false},"author":1,"featured_media":0,"comment_status":"","ping_status":"open","sticky":false,"template":"","format":"standard","meta":{"_acf_changed":false,"footnotes":""},"categories":[24],"tags":[],"class_list":["post-66268","post","type-post","status-publish","format-standard","has-post-thumbnail","hentry","category-gundem"],"acf":[],"yoast_head":"<!-- This site is optimized with the Yoast SEO Premium plugin v26.6 (Yoast SEO v27.1.1) - https:\/\/yoast.com\/product\/yoast-seo-premium-wordpress\/ -->\n<title>Antalya s\u00fcrd\u00fcr\u00fclebilir turizmin yeni lideri oluyor - Av. Deniz Can K\u0131z\u0131l<\/title>\n<meta name=\"robots\" content=\"index, follow, max-snippet:-1, max-image-preview:large, max-video-preview:-1\" \/>\n<link rel=\"canonical\" href=\"http:\/\/denizcankizil.tr\/de\/haberler\/gundem\/antalya-surdurulebilir-turizmin-yeni-lideri-oluyor\/\" \/>\n<meta property=\"og:locale\" content=\"de_DE\" \/>\n<meta property=\"og:type\" content=\"article\" \/>\n<meta property=\"og:title\" content=\"Antalya s\u00fcrd\u00fcr\u00fclebilir turizmin yeni lideri oluyor\" \/>\n<meta property=\"og:description\" content=\"Antalya B\u00fcy\u00fck\u015fehir Belediye Ba\u015fkan\u0131 Muhittin B\u00f6cek, D\u00fcnya Seyahat ve Turizm Konseyi (WTTC) Ba\u015fkan\u0131 Julia Simpson ile turizmin gelece\u011fini ele ald\u0131. Ba\u015fkan Muhittin B\u00f6cek, Antalya\u2019n\u0131n k\u00fcresel \u00f6l\u00e7ekte s\u00fcrd\u00fcr\u00fclebilir turizmin \u00f6nc\u00fc \u015fehirlerinden biri olma yolunda emin ad\u0131mlarla ilerledi\u011fini s\u00f6yledi.ANTALYA (\u0130GFA) &#8211;\u00a0Antalya B\u00fcy\u00fck\u015fehir Belediye Ba\u015fkan\u0131 Muhittin B\u00f6cek, D\u00fcnya Seyahat ve Turizm Konseyi (WTTC) Ba\u015fkan\u0131 ve CEO\u2019su Julia Simpson ve Coral Travel holding Y\u00f6netim Kurulu Ba\u015fkan\u0131 Ayhan Bekta\u015f\u2019\u0131 makam\u0131nda a\u011f\u0131rlad\u0131. Ba\u015fkan Muhittin B\u00f6cek ile WTTC Ba\u015fkan\u0131 Julia Simpson aras\u0131nda ger\u00e7ekle\u015fen bulu\u015fmada turizmin gelece\u011fi ve Antalya\u2019n\u0131n bu gelecekteki stratejik konumu ele al\u0131nd\u0131. Ba\u015fkan Muhittin B\u00f6cek, WTTC\u2019nin davetiyle 28-29 Eyl\u00fcl 2025 tarihlerinde Roma\u2019da d\u00fczenlenecek D\u00fcnya Seyahat ve Turizm Konseyi Zirvesi\u2019nde Antalya\u2019y\u0131 temsilen bir sunum ger\u00e7ekle\u015ftirecek. Muhittin B\u00f6cek\u2019in Roma\u2019da yapaca\u011f\u0131 sunum ile Antalya\u2019n\u0131n k\u00fcresel turizm politikalar\u0131na y\u00f6n veren \u015fehirler aras\u0131na ad\u0131n\u0131 yazd\u0131rmas\u0131 i\u00e7in f\u0131rsat olarak de\u011ferlendiriliyor. WTTC \u0130LE \u00d6NEML\u0130 \u0130\u015eB\u0130RL\u0130\u011e\u0130 PROJELER\u0130 Ba\u015fkan Muhittin B\u00f6cek, WTTC i\u015f birli\u011fiyle \u00f6nemli \u00e7al\u0131\u015fmalar yapacaklar\u0131n\u0131 belirtti. Ba\u015fkan B\u00f6cek, \u201cYe\u015fil etkinlik takvimi ile \u00e7evreci etkinliklerin desteklenmesi, dijital turizm platformu kurulumu ile ziyaret\u00e7i deneyiminin s\u00fcre\u00e7 boyunca s\u00fcrd\u00fcr\u00fclebilir ve yenilik\u00e7i h\u00e2le getirilmesi, kad\u0131n giri\u015fimcili\u011fi ve yerel k\u00fclt\u00fcr eksenli projelerle toplumsal kapsay\u0131c\u0131l\u0131\u011f\u0131n art\u0131r\u0131lmas\u0131 ve WTTC Akdeniz B\u00f6lge Ofisi\u2019nin Antalya\u2019da a\u00e7\u0131lmas\u0131 i\u00e7in giri\u015fimlerde bulunulmas\u0131 ad\u0131na \u00e7al\u0131\u015fmalar yapaca\u011f\u0131z\u201d dedi. EKONOM\u0130K VER\u0130LER\u0130 PAYLA\u015eTI WTTC Ba\u015fkan\u0131 Julia Simpson, Antalya\u2019ya \u00f6zellikle &hellip;\" \/>\n<meta property=\"og:url\" content=\"http:\/\/denizcankizil.tr\/de\/haberler\/gundem\/antalya-surdurulebilir-turizmin-yeni-lideri-oluyor\/\" \/>\n<meta property=\"og:site_name\" content=\"Av. Deniz Can K\u0131z\u0131l\" \/>\n<meta property=\"article:published_time\" content=\"2025-04-25T15:42:12+00:00\" \/>\n<meta name=\"author\" content=\"admin\" \/>\n<meta name=\"twitter:card\" content=\"summary_large_image\" \/>\n<meta name=\"twitter:label1\" content=\"Verfasst von\" \/>\n\t<meta name=\"twitter:data1\" content=\"admin\" \/>\n\t<meta name=\"twitter:label2\" content=\"Gesch\u00e4tzte Lesezeit\" \/>\n\t<meta name=\"twitter:data2\" content=\"5\u00a0Minuten\" \/>\n<script type=\"application\/ld+json\" class=\"yoast-schema-graph\">{\"@context\":\"https:\/\/schema.org\",\"@graph\":[{\"@type\":\"Article\",\"@id\":\"http:\/\/denizcankizil.tr\/de\/haberler\/gundem\/antalya-surdurulebilir-turizmin-yeni-lideri-oluyor\/#article\",\"isPartOf\":{\"@id\":\"http:\/\/denizcankizil.tr\/de\/haberler\/gundem\/antalya-surdurulebilir-turizmin-yeni-lideri-oluyor\/\"},\"author\":{\"name\":\"admin\",\"@id\":\"https:\/\/denizcankizil.tr\/de\/#\/schema\/person\/be3c05fe6a12686905512445d8185489\"},\"headline\":\"Antalya s\u00fcrd\u00fcr\u00fclebilir turizmin yeni lideri oluyor\",\"datePublished\":\"2025-04-25T15:42:12+00:00\",\"mainEntityOfPage\":{\"@id\":\"http:\/\/denizcankizil.tr\/de\/haberler\/gundem\/antalya-surdurulebilir-turizmin-yeni-lideri-oluyor\/\"},\"wordCount\":911,\"publisher\":{\"@id\":\"https:\/\/denizcankizil.tr\/de\/#organization\"},\"articleSection\":[\"G\u00fcndem\"],\"inLanguage\":\"de\"},{\"@type\":\"WebPage\",\"@id\":\"http:\/\/denizcankizil.tr\/de\/haberler\/gundem\/antalya-surdurulebilir-turizmin-yeni-lideri-oluyor\/\",\"url\":\"http:\/\/denizcankizil.tr\/de\/haberler\/gundem\/antalya-surdurulebilir-turizmin-yeni-lideri-oluyor\/\",\"name\":\"Antalya s\u00fcrd\u00fcr\u00fclebilir turizmin yeni lideri oluyor - Av. Deniz Can K\u0131z\u0131l\",\"isPartOf\":{\"@id\":\"https:\/\/denizcankizil.tr\/de\/#website\"},\"datePublished\":\"2025-04-25T15:42:12+00:00\",\"breadcrumb\":{\"@id\":\"http:\/\/denizcankizil.tr\/de\/haberler\/gundem\/antalya-surdurulebilir-turizmin-yeni-lideri-oluyor\/#breadcrumb\"},\"inLanguage\":\"de\",\"potentialAction\":[{\"@type\":\"ReadAction\",\"target\":[\"http:\/\/denizcankizil.tr\/de\/haberler\/gundem\/antalya-surdurulebilir-turizmin-yeni-lideri-oluyor\/\"]}]},{\"@type\":\"BreadcrumbList\",\"@id\":\"http:\/\/denizcankizil.tr\/de\/haberler\/gundem\/antalya-surdurulebilir-turizmin-yeni-lideri-oluyor\/#breadcrumb\",\"itemListElement\":[{\"@type\":\"ListItem\",\"position\":1,\"name\":\"Home\",\"item\":\"https:\/\/denizcankizil.tr\/de\/\"},{\"@type\":\"ListItem\",\"position\":2,\"name\":\"Antalya s\u00fcrd\u00fcr\u00fclebilir turizmin yeni lideri oluyor\"}]},{\"@type\":\"WebSite\",\"@id\":\"https:\/\/denizcankizil.tr\/de\/#website\",\"url\":\"https:\/\/denizcankizil.tr\/de\/\",\"name\":\"Av. Deniz Can K\u0131z\u0131l\",\"description\":\"Avukat Deniz Can K\u0131z\u0131l Antalya Barosu\",\"publisher\":{\"@id\":\"https:\/\/denizcankizil.tr\/de\/#organization\"},\"potentialAction\":[{\"@type\":\"SearchAction\",\"target\":{\"@type\":\"EntryPoint\",\"urlTemplate\":\"https:\/\/denizcankizil.tr\/de\/?s={search_term_string}\"},\"query-input\":{\"@type\":\"PropertyValueSpecification\",\"valueRequired\":true,\"valueName\":\"search_term_string\"}}],\"inLanguage\":\"de\"},{\"@type\":\"Organization\",\"@id\":\"https:\/\/denizcankizil.tr\/de\/#organization\",\"name\":\"Av. Deniz Can K\u0131z\u0131l\",\"url\":\"https:\/\/denizcankizil.tr\/de\/\",\"logo\":{\"@type\":\"ImageObject\",\"inLanguage\":\"de\",\"@id\":\"https:\/\/denizcankizil.tr\/de\/#\/schema\/logo\/image\/\",\"url\":\"http:\/\/denizcankizil.tr\/wp-content\/uploads\/2024\/10\/siyah-logo-svg.svg\",\"contentUrl\":\"http:\/\/denizcankizil.tr\/wp-content\/uploads\/2024\/10\/siyah-logo-svg.svg\",\"width\":1080,\"height\":1080,\"caption\":\"Av. Deniz Can K\u0131z\u0131l\"},\"image\":{\"@id\":\"https:\/\/denizcankizil.tr\/de\/#\/schema\/logo\/image\/\"}},{\"@type\":\"Person\",\"@id\":\"https:\/\/denizcankizil.tr\/de\/#\/schema\/person\/be3c05fe6a12686905512445d8185489\",\"name\":\"admin\",\"image\":{\"@type\":\"ImageObject\",\"inLanguage\":\"de\",\"@id\":\"https:\/\/denizcankizil.tr\/de\/#\/schema\/person\/image\/\",\"url\":\"https:\/\/secure.gravatar.com\/avatar\/c1fce94c830dc79107e174f890d7210541c4a63e8e5d816341794a2151c9d58c?s=96&d=mm&r=g\",\"contentUrl\":\"https:\/\/secure.gravatar.com\/avatar\/c1fce94c830dc79107e174f890d7210541c4a63e8e5d816341794a2151c9d58c?s=96&d=mm&r=g\",\"caption\":\"admin\"},\"sameAs\":[\"http:\/\/denizcankizil.tr\"],\"url\":\"https:\/\/www.iskenderun.org\/antalya-surdurulebilir-turizmin-yeni-lideri-oluyor\"}]}<\/script>\n<!-- \/ Yoast SEO Premium plugin. -->","yoast_head_json":{"title":"Antalya s\u00fcrd\u00fcr\u00fclebilir turizmin yeni lideri oluyor - Av. Deniz Can K\u0131z\u0131l","robots":{"index":"index","follow":"follow","max-snippet":"max-snippet:-1","max-image-preview":"max-image-preview:large","max-video-preview":"max-video-preview:-1"},"canonical":"http:\/\/denizcankizil.tr\/de\/haberler\/gundem\/antalya-surdurulebilir-turizmin-yeni-lideri-oluyor\/","og_locale":"de_DE","og_type":"article","og_title":"Antalya s\u00fcrd\u00fcr\u00fclebilir turizmin yeni lideri oluyor","og_description":"Antalya B\u00fcy\u00fck\u015fehir Belediye Ba\u015fkan\u0131 Muhittin B\u00f6cek, D\u00fcnya Seyahat ve Turizm Konseyi (WTTC) Ba\u015fkan\u0131 Julia Simpson ile turizmin gelece\u011fini ele ald\u0131. Ba\u015fkan Muhittin B\u00f6cek, Antalya\u2019n\u0131n k\u00fcresel \u00f6l\u00e7ekte s\u00fcrd\u00fcr\u00fclebilir turizmin \u00f6nc\u00fc \u015fehirlerinden biri olma yolunda emin ad\u0131mlarla ilerledi\u011fini s\u00f6yledi.ANTALYA (\u0130GFA) &#8211;\u00a0Antalya B\u00fcy\u00fck\u015fehir Belediye Ba\u015fkan\u0131 Muhittin B\u00f6cek, D\u00fcnya Seyahat ve Turizm Konseyi (WTTC) Ba\u015fkan\u0131 ve CEO\u2019su Julia Simpson ve Coral Travel holding Y\u00f6netim Kurulu Ba\u015fkan\u0131 Ayhan Bekta\u015f\u2019\u0131 makam\u0131nda a\u011f\u0131rlad\u0131. Ba\u015fkan Muhittin B\u00f6cek ile WTTC Ba\u015fkan\u0131 Julia Simpson aras\u0131nda ger\u00e7ekle\u015fen bulu\u015fmada turizmin gelece\u011fi ve Antalya\u2019n\u0131n bu gelecekteki stratejik konumu ele al\u0131nd\u0131. Ba\u015fkan Muhittin B\u00f6cek, WTTC\u2019nin davetiyle 28-29 Eyl\u00fcl 2025 tarihlerinde Roma\u2019da d\u00fczenlenecek D\u00fcnya Seyahat ve Turizm Konseyi Zirvesi\u2019nde Antalya\u2019y\u0131 temsilen bir sunum ger\u00e7ekle\u015ftirecek. Muhittin B\u00f6cek\u2019in Roma\u2019da yapaca\u011f\u0131 sunum ile Antalya\u2019n\u0131n k\u00fcresel turizm politikalar\u0131na y\u00f6n veren \u015fehirler aras\u0131na ad\u0131n\u0131 yazd\u0131rmas\u0131 i\u00e7in f\u0131rsat olarak de\u011ferlendiriliyor. WTTC \u0130LE \u00d6NEML\u0130 \u0130\u015eB\u0130RL\u0130\u011e\u0130 PROJELER\u0130 Ba\u015fkan Muhittin B\u00f6cek, WTTC i\u015f birli\u011fiyle \u00f6nemli \u00e7al\u0131\u015fmalar yapacaklar\u0131n\u0131 belirtti. Ba\u015fkan B\u00f6cek, \u201cYe\u015fil etkinlik takvimi ile \u00e7evreci etkinliklerin desteklenmesi, dijital turizm platformu kurulumu ile ziyaret\u00e7i deneyiminin s\u00fcre\u00e7 boyunca s\u00fcrd\u00fcr\u00fclebilir ve yenilik\u00e7i h\u00e2le getirilmesi, kad\u0131n giri\u015fimcili\u011fi ve yerel k\u00fclt\u00fcr eksenli projelerle toplumsal kapsay\u0131c\u0131l\u0131\u011f\u0131n art\u0131r\u0131lmas\u0131 ve WTTC Akdeniz B\u00f6lge Ofisi\u2019nin Antalya\u2019da a\u00e7\u0131lmas\u0131 i\u00e7in giri\u015fimlerde bulunulmas\u0131 ad\u0131na \u00e7al\u0131\u015fmalar yapaca\u011f\u0131z\u201d dedi. EKONOM\u0130K VER\u0130LER\u0130 PAYLA\u015eTI WTTC Ba\u015fkan\u0131 Julia Simpson, Antalya\u2019ya \u00f6zellikle &hellip;","og_url":"http:\/\/denizcankizil.tr\/de\/haberler\/gundem\/antalya-surdurulebilir-turizmin-yeni-lideri-oluyor\/","og_site_name":"Av. Deniz Can K\u0131z\u0131l","article_published_time":"2025-04-25T15:42:12+00:00","author":"admin","twitter_card":"summary_large_image","twitter_misc":{"Verfasst von":"admin","Gesch\u00e4tzte Lesezeit":"5\u00a0Minuten"},"schema":{"@context":"https:\/\/schema.org","@graph":[{"@type":"Article","@id":"http:\/\/denizcankizil.tr\/de\/haberler\/gundem\/antalya-surdurulebilir-turizmin-yeni-lideri-oluyor\/#article","isPartOf":{"@id":"http:\/\/denizcankizil.tr\/de\/haberler\/gundem\/antalya-surdurulebilir-turizmin-yeni-lideri-oluyor\/"},"author":{"name":"admin","@id":"https:\/\/denizcankizil.tr\/de\/#\/schema\/person\/be3c05fe6a12686905512445d8185489"},"headline":"Antalya s\u00fcrd\u00fcr\u00fclebilir turizmin yeni lideri oluyor","datePublished":"2025-04-25T15:42:12+00:00","mainEntityOfPage":{"@id":"http:\/\/denizcankizil.tr\/de\/haberler\/gundem\/antalya-surdurulebilir-turizmin-yeni-lideri-oluyor\/"},"wordCount":911,"publisher":{"@id":"https:\/\/denizcankizil.tr\/de\/#organization"},"articleSection":["G\u00fcndem"],"inLanguage":"de"},{"@type":"WebPage","@id":"http:\/\/denizcankizil.tr\/de\/haberler\/gundem\/antalya-surdurulebilir-turizmin-yeni-lideri-oluyor\/","url":"http:\/\/denizcankizil.tr\/de\/haberler\/gundem\/antalya-surdurulebilir-turizmin-yeni-lideri-oluyor\/","name":"Antalya s\u00fcrd\u00fcr\u00fclebilir turizmin yeni lideri oluyor - Av. Deniz Can K\u0131z\u0131l","isPartOf":{"@id":"https:\/\/denizcankizil.tr\/de\/#website"},"datePublished":"2025-04-25T15:42:12+00:00","breadcrumb":{"@id":"http:\/\/denizcankizil.tr\/de\/haberler\/gundem\/antalya-surdurulebilir-turizmin-yeni-lideri-oluyor\/#breadcrumb"},"inLanguage":"de","potentialAction":[{"@type":"ReadAction","target":["http:\/\/denizcankizil.tr\/de\/haberler\/gundem\/antalya-surdurulebilir-turizmin-yeni-lideri-oluyor\/"]}]},{"@type":"BreadcrumbList","@id":"http:\/\/denizcankizil.tr\/de\/haberler\/gundem\/antalya-surdurulebilir-turizmin-yeni-lideri-oluyor\/#breadcrumb","itemListElement":[{"@type":"ListItem","position":1,"name":"Home","item":"https:\/\/denizcankizil.tr\/de\/"},{"@type":"ListItem","position":2,"name":"Antalya s\u00fcrd\u00fcr\u00fclebilir turizmin yeni lideri oluyor"}]},{"@type":"WebSite","@id":"https:\/\/denizcankizil.tr\/de\/#website","url":"https:\/\/denizcankizil.tr\/de\/","name":"Av. Deniz Can K\u0131z\u0131l","description":"Avukat Deniz Can K\u0131z\u0131l Antalya Barosu","publisher":{"@id":"https:\/\/denizcankizil.tr\/de\/#organization"},"potentialAction":[{"@type":"SearchAction","target":{"@type":"EntryPoint","urlTemplate":"https:\/\/denizcankizil.tr\/de\/?s={search_term_string}"},"query-input":{"@type":"PropertyValueSpecification","valueRequired":true,"valueName":"search_term_string"}}],"inLanguage":"de"},{"@type":"Organization","@id":"https:\/\/denizcankizil.tr\/de\/#organization","name":"Av. Deniz Can K\u0131z\u0131l","url":"https:\/\/denizcankizil.tr\/de\/","logo":{"@type":"ImageObject","inLanguage":"de","@id":"https:\/\/denizcankizil.tr\/de\/#\/schema\/logo\/image\/","url":"http:\/\/denizcankizil.tr\/wp-content\/uploads\/2024\/10\/siyah-logo-svg.svg","contentUrl":"http:\/\/denizcankizil.tr\/wp-content\/uploads\/2024\/10\/siyah-logo-svg.svg","width":1080,"height":1080,"caption":"Av. Deniz Can K\u0131z\u0131l"},"image":{"@id":"https:\/\/denizcankizil.tr\/de\/#\/schema\/logo\/image\/"}},{"@type":"Person","@id":"https:\/\/denizcankizil.tr\/de\/#\/schema\/person\/be3c05fe6a12686905512445d8185489","name":"Administrator","image":{"@type":"ImageObject","inLanguage":"de","@id":"https:\/\/denizcankizil.tr\/de\/#\/schema\/person\/image\/","url":"https:\/\/secure.gravatar.com\/avatar\/c1fce94c830dc79107e174f890d7210541c4a63e8e5d816341794a2151c9d58c?s=96&d=mm&r=g","contentUrl":"https:\/\/secure.gravatar.com\/avatar\/c1fce94c830dc79107e174f890d7210541c4a63e8e5d816341794a2151c9d58c?s=96&d=mm&r=g","caption":"admin"},"sameAs":["http:\/\/denizcankizil.tr"],"url":"https:\/\/www.iskenderun.org\/antalya-surdurulebilir-turizmin-yeni-lideri-oluyor"}]}},"_links":{"self":[{"href":"http:\/\/denizcankizil.tr\/de\/wp-json\/wp\/v2\/posts\/66268","targetHints":{"allow":["GET"]}}],"collection":[{"href":"http:\/\/denizcankizil.tr\/de\/wp-json\/wp\/v2\/posts"}],"about":[{"href":"http:\/\/denizcankizil.tr\/de\/wp-json\/wp\/v2\/types\/post"}],"author":[{"embeddable":true,"href":"http:\/\/denizcankizil.tr\/de\/wp-json\/wp\/v2\/users\/1"}],"replies":[{"embeddable":true,"href":"http:\/\/denizcankizil.tr\/de\/wp-json\/wp\/v2\/comments?post=66268"}],"version-history":[{"count":0,"href":"http:\/\/denizcankizil.tr\/de\/wp-json\/wp\/v2\/posts\/66268\/revisions"}],"wp:attachment":[{"href":"http:\/\/denizcankizil.tr\/de\/wp-json\/wp\/v2\/media?parent=66268"}],"wp:term":[{"taxonomy":"category","embeddable":true,"href":"http:\/\/denizcankizil.tr\/de\/wp-json\/wp\/v2\/categories?post=66268"},{"taxonomy":"post_tag","embeddable":true,"href":"http:\/\/denizcankizil.tr\/de\/wp-json\/wp\/v2\/tags?post=66268"}],"curies":[{"name":"wp","href":"https:\/\/api.w.org\/{rel}","templated":true}]}}