{"id":65149,"date":"2025-04-24T16:42:30","date_gmt":"2025-04-24T13:42:30","guid":{"rendered":"https:\/\/denizcankizil.tr\/uncategorized-tr\/emeklilerin-belediye-baskanlarindan-talepleri-var\/"},"modified":"2025-04-24T16:42:30","modified_gmt":"2025-04-24T13:42:30","slug":"emeklilerin-belediye-baskanlarindan-talepleri-var","status":"publish","type":"post","link":"http:\/\/denizcankizil.tr\/de\/haberler\/gundem\/emeklilerin-belediye-baskanlarindan-talepleri-var\/","title":{"rendered":"Emeklilerin Belediye Ba\u015fkanlar\u0131ndan Talepleri Var"},"content":{"rendered":"<p>2021 T\u00fcm Emekliler Sendikas\u0131 \u0130skenderun \u015eubesi y\u00f6netim kurulu \u00fcyesi R\u0131zkullah Terbiyeli, Hatay\u2019daki t\u00fcm belediyelerden emeklilerin sosyalle\u015febilece\u011fi mekanlar istediklerini belirtti.<\/p>\n<p>Terbiyeli; \u201c\u0130skenderun\u2019da ve Arsuz\u2019da emekliler, sosyalle\u015fme alanlar\u0131 bulunmad\u0131\u011f\u0131 ve mekanlardaki pahal\u0131l\u0131k nedeniyle ya evden \u00e7\u0131km\u0131yor ya da parklarda, sahillerdeki banklarda ve AVM\u2019lerde vakit ge\u00e7iriyor. \u0130skenderun\u2019da emeklilerin sosyalle\u015febilece\u011fi bir alan yok. Emekli maa\u015f\u0131m\u0131zla kafelere gidip b\u0131rak\u0131n yemek yemeyi, \u00e7ay kahve bile i\u00e7emiyoruz\u201d diye konu\u015ftu.<\/p>\n<p>Yerel se\u00e7imde ba\u015fkan adaylar\u0131n\u0131n vaatlerinde emekliler i\u00e7in de projeler yer ald\u0131\u011f\u0131n\u0131 hat\u0131rlatan Terbiyeli; \u201c31 Mart 2024 yerel se\u00e7imlerinde hem B\u00fcy\u00fck\u015fehir Belediyesi hem \u0130skenderun Belediyesi\u2019nin se\u00e7im \u00e7al\u0131\u015fmalar\u0131nda emekliler, b\u00fcy\u00fck \u00f6nem te\u015fkil ediyordu. Se\u00e7im vaatlerin de Emekliler i\u00e7in de projeleri vard\u0131\u201d dedi. HBB ve \u0130skenderun belediye ba\u015fkanlar\u0131n\u0131n se\u00e7im vaatlerini an\u0131msatan Terbiyeli, aradan ge\u00e7en bir seneye ra\u011fmen emekliler ile ilgili hala bir ad\u0131m at\u0131lmad\u0131\u011f\u0131n\u0131 s\u00f6yledi. Terbiyeli; \u201cG\u00fczel ad\u0131mlar da at\u0131l\u0131yor. HBB\u2019nin toplu ta\u015f\u0131may\u0131 hayata ge\u00e7irmesi elbette \u00f6nemli. Ama bunun daha yayg\u0131nla\u015fmas\u0131n\u0131 sadece 65 ya\u015f \u00fcst\u00fcne de\u011fil t\u00fcm emeklileri kapsamas\u0131n\u0131 istiyoruz. \u0130skenderun Belediyesinin de sosyal tesislerinde 65 ya\u015f \u00fcst\u00fcne bedava \u00e7ay vermesi ve yan\u0131nda kurabiye da\u011f\u0131tmas\u0131 bir nebze de olsa emeklinin b\u00fct\u00e7esine katk\u0131 sa\u011flamas\u0131 a\u00e7\u0131s\u0131ndan \u00f6nemlidir fakat biz d\u00fc\u015f\u00fck bir bedelle olmas\u0131 ko\u015fuluyla ihtiya\u00e7lar\u0131m\u0131za kendi param\u0131zla ula\u015fmak isteriz. Sendika olarak\u00a0 \u2018\u0130nsanca Ya\u015fayacak Bir Maa\u015f \u0130stiyoruz\u2019 talebimizi de duyurmak isteriz\u201d diye konu\u015ftu.<\/p>\n<p>Ge\u00e7ti\u011fimiz g\u00fcnlerde \u0130skenderun Belediye Ba\u015fkan\u0131 Mehmet D\u00f6nmez\u2019in Halk Ekmek Fabrikas\u0131 a\u00e7acaklar\u0131n\u0131 duyurmas\u0131n\u0131n sevindirici bir haber oldu\u011funu kaydeden Terbiyeli; \u201c\u0130skenderun belediye ba\u015fkan\u0131n\u0131n da halk ekmek fabrikas\u0131 yap\u0131laca\u011f\u0131n\u0131 s\u00f6ylemesi ekonomik s\u0131k\u0131nt\u0131 i\u00e7inde ya\u015fama tutunmaya \u00e7al\u0131\u015fan Emekliler i\u00e7in olumlu bir ad\u0131m. Halk ekmek fabrikas\u0131n\u0131n kurulmas\u0131ndan memnunluk duyar\u0131z.<\/p>\n<p>Arsuz Belediyesinin de Emekliler i\u00e7in piyasa ortalamas\u0131n\u0131n alt\u0131nda fiyatlarla al\u0131\u015fveri\u015f yapabilece\u011fi marketleri de hayata ge\u00e7irdi\u011fi, bu marketlerin say\u0131s\u0131n\u0131 artt\u0131raca\u011f\u0131 bilgisini ald\u0131k. Bir nebzede olsa emekliye ekonomik olarak nefes ald\u0131racak bu projeler i\u00e7in ba\u015fkanlara te\u015fekk\u00fcr ederiz. Ama maalesef 9 milyon emeklinin asgari \u00fccretin alt\u0131nda maa\u015f almas\u0131 sonucu emekli arkada\u015flar\u0131m\u0131z yeterli beslenemiyor. Emeklilerin b\u00fcy\u00fck b\u00f6l\u00fcm\u00fc ileri ya\u015flar\u0131na ra\u011fmen ya \u00e7al\u0131\u015f\u0131yor ya da i\u015f ar\u0131yor. Sadece beslenmek ve temel ihtiya\u00e7lar\u0131n\u0131 sa\u011flamak i\u00e7in. Bu sebeple bizler, hem B\u00fcy\u00fck\u015fehir Belediye Ba\u015fkan\u0131 Mehmet \u00d6nt\u00fcrk\u2019ten hem de \u0130skenderun Belediye Ba\u015fkan\u0131 Mehmet D\u00f6nmez\u2019den sahilde emekliler i\u00e7in bir tesis yapmalar\u0131n\u0131, bu tesiste de sosyal projeler d\u00fczenlenmelerini bekliyoruz.<\/p>\n<p>Emeklilerin b\u00fct\u00e7esine uygun fiyatlarla yiyecek ve i\u00e7eceklere ula\u015fmalar\u0131 sa\u011flanmal\u0131. Ne yaz\u0131k ki yerel destek olmadan emeklilerin beslenmesi m\u00fcmk\u00fcn de\u011fil. Emeklileri sosyal at\u0131k gibi g\u00f6rmemeliler. Sosyal hayat\u0131n i\u00e7inde olmal\u0131y\u0131z. Covid ve deprem sonras\u0131 birde ekonomik sorunlar biz emeklileri sosyal hayat\u0131n d\u0131\u015f\u0131na itti. Belediye ba\u015fkanlar\u0131m\u0131zdan bu konuda proje \u00fcretmelerini ve hayata ge\u00e7irmelerini bekliyoruz\u201d \u015feklinde a\u00e7\u0131klamalarda bulundu.<\/p>\n<p>\u200b2021 T\u00fcm Emekliler Sendikas\u0131 \u0130skenderun \u015eubesi y\u00f6netim kurulu \u00fcyesi R\u0131zkullah Terbiyeli, emekliler i\u00e7in sosyalle\u015fme alanlar\u0131na ihtiya\u00e7 oldu\u011funu belediye ba\u015fkanlar\u0131ndan bu eksikliklerin giderilmesini istedi.\u00a0<\/p>\n<p>\u200bHaberin Al\u0131nt\u0131land\u0131\u011f\u0131 Kaynak: www.iskenderun.org<\/p>","protected":false},"excerpt":{"rendered":"<p>2021 T\u00fcm Emekliler Sendikas\u0131 \u0130skenderun \u015eubesi y\u00f6netim kurulu \u00fcyesi R\u0131zkullah Terbiyeli, Hatay\u2019daki t\u00fcm belediyelerden emeklilerin sosyalle\u015febilece\u011fi mekanlar istediklerini belirtti. Terbiyeli; \u201c\u0130skenderun\u2019da ve Arsuz\u2019da emekliler, sosyalle\u015fme alanlar\u0131 bulunmad\u0131\u011f\u0131 ve mekanlardaki pahal\u0131l\u0131k nedeniyle ya evden \u00e7\u0131km\u0131yor ya da parklarda, sahillerdeki banklarda ve AVM\u2019lerde vakit ge\u00e7iriyor. \u0130skenderun\u2019da emeklilerin sosyalle\u015febilece\u011fi bir alan yok. Emekli maa\u015f\u0131m\u0131zla kafelere gidip b\u0131rak\u0131n yemek yemeyi, \u00e7ay kahve bile i\u00e7emiyoruz\u201d diye konu\u015ftu. Yerel se\u00e7imde ba\u015fkan adaylar\u0131n\u0131n vaatlerinde emekliler i\u00e7in de projeler yer ald\u0131\u011f\u0131n\u0131 hat\u0131rlatan Terbiyeli; \u201c31 Mart 2024 yerel se\u00e7imlerinde hem B\u00fcy\u00fck\u015fehir Belediyesi hem \u0130skenderun Belediyesi\u2019nin se\u00e7im \u00e7al\u0131\u015fmalar\u0131nda emekliler, b\u00fcy\u00fck \u00f6nem te\u015fkil ediyordu. Se\u00e7im vaatlerin de Emekliler i\u00e7in de projeleri vard\u0131\u201d dedi. HBB ve \u0130skenderun belediye ba\u015fkanlar\u0131n\u0131n se\u00e7im vaatlerini an\u0131msatan Terbiyeli, aradan ge\u00e7en bir seneye ra\u011fmen emekliler ile ilgili hala bir ad\u0131m at\u0131lmad\u0131\u011f\u0131n\u0131 s\u00f6yledi. Terbiyeli; \u201cG\u00fczel ad\u0131mlar da at\u0131l\u0131yor. HBB\u2019nin toplu ta\u015f\u0131may\u0131 hayata ge\u00e7irmesi elbette \u00f6nemli. Ama bunun daha yayg\u0131nla\u015fmas\u0131n\u0131 sadece 65 ya\u015f \u00fcst\u00fcne de\u011fil t\u00fcm emeklileri kapsamas\u0131n\u0131 istiyoruz. \u0130skenderun Belediyesinin de sosyal tesislerinde 65 ya\u015f \u00fcst\u00fcne bedava \u00e7ay vermesi ve yan\u0131nda kurabiye da\u011f\u0131tmas\u0131 bir nebze de olsa emeklinin b\u00fct\u00e7esine katk\u0131 sa\u011flamas\u0131 a\u00e7\u0131s\u0131ndan \u00f6nemlidir fakat biz d\u00fc\u015f\u00fck bir bedelle olmas\u0131 ko\u015fuluyla ihtiya\u00e7lar\u0131m\u0131za kendi param\u0131zla ula\u015fmak isteriz. Sendika olarak\u00a0 \u2018\u0130nsanca Ya\u015fayacak Bir Maa\u015f \u0130stiyoruz\u2019 talebimizi de duyurmak isteriz\u201d diye konu\u015ftu. Ge\u00e7ti\u011fimiz &hellip;<\/p>","protected":false},"author":1,"featured_media":0,"comment_status":"","ping_status":"open","sticky":false,"template":"","format":"standard","meta":{"_acf_changed":false,"footnotes":""},"categories":[24],"tags":[],"class_list":["post-65149","post","type-post","status-publish","format-standard","has-post-thumbnail","hentry","category-gundem"],"acf":[],"yoast_head":"<!-- This site is optimized with the Yoast SEO Premium plugin v26.6 (Yoast SEO v27.1.1) - https:\/\/yoast.com\/product\/yoast-seo-premium-wordpress\/ -->\n<title>Emeklilerin Belediye Ba\u015fkanlar\u0131ndan Talepleri Var - Av. Deniz Can K\u0131z\u0131l<\/title>\n<meta name=\"robots\" content=\"index, follow, max-snippet:-1, max-image-preview:large, max-video-preview:-1\" \/>\n<link rel=\"canonical\" href=\"http:\/\/denizcankizil.tr\/de\/haberler\/gundem\/emeklilerin-belediye-baskanlarindan-talepleri-var\/\" \/>\n<meta property=\"og:locale\" content=\"de_DE\" \/>\n<meta property=\"og:type\" content=\"article\" \/>\n<meta property=\"og:title\" content=\"Emeklilerin Belediye Ba\u015fkanlar\u0131ndan Talepleri Var\" \/>\n<meta property=\"og:description\" content=\"2021 T\u00fcm Emekliler Sendikas\u0131 \u0130skenderun \u015eubesi y\u00f6netim kurulu \u00fcyesi R\u0131zkullah Terbiyeli, Hatay\u2019daki t\u00fcm belediyelerden emeklilerin sosyalle\u015febilece\u011fi mekanlar istediklerini belirtti. Terbiyeli; \u201c\u0130skenderun\u2019da ve Arsuz\u2019da emekliler, sosyalle\u015fme alanlar\u0131 bulunmad\u0131\u011f\u0131 ve mekanlardaki pahal\u0131l\u0131k nedeniyle ya evden \u00e7\u0131km\u0131yor ya da parklarda, sahillerdeki banklarda ve AVM\u2019lerde vakit ge\u00e7iriyor. \u0130skenderun\u2019da emeklilerin sosyalle\u015febilece\u011fi bir alan yok. Emekli maa\u015f\u0131m\u0131zla kafelere gidip b\u0131rak\u0131n yemek yemeyi, \u00e7ay kahve bile i\u00e7emiyoruz\u201d diye konu\u015ftu. Yerel se\u00e7imde ba\u015fkan adaylar\u0131n\u0131n vaatlerinde emekliler i\u00e7in de projeler yer ald\u0131\u011f\u0131n\u0131 hat\u0131rlatan Terbiyeli; \u201c31 Mart 2024 yerel se\u00e7imlerinde hem B\u00fcy\u00fck\u015fehir Belediyesi hem \u0130skenderun Belediyesi\u2019nin se\u00e7im \u00e7al\u0131\u015fmalar\u0131nda emekliler, b\u00fcy\u00fck \u00f6nem te\u015fkil ediyordu. Se\u00e7im vaatlerin de Emekliler i\u00e7in de projeleri vard\u0131\u201d dedi. HBB ve \u0130skenderun belediye ba\u015fkanlar\u0131n\u0131n se\u00e7im vaatlerini an\u0131msatan Terbiyeli, aradan ge\u00e7en bir seneye ra\u011fmen emekliler ile ilgili hala bir ad\u0131m at\u0131lmad\u0131\u011f\u0131n\u0131 s\u00f6yledi. Terbiyeli; \u201cG\u00fczel ad\u0131mlar da at\u0131l\u0131yor. HBB\u2019nin toplu ta\u015f\u0131may\u0131 hayata ge\u00e7irmesi elbette \u00f6nemli. Ama bunun daha yayg\u0131nla\u015fmas\u0131n\u0131 sadece 65 ya\u015f \u00fcst\u00fcne de\u011fil t\u00fcm emeklileri kapsamas\u0131n\u0131 istiyoruz. \u0130skenderun Belediyesinin de sosyal tesislerinde 65 ya\u015f \u00fcst\u00fcne bedava \u00e7ay vermesi ve yan\u0131nda kurabiye da\u011f\u0131tmas\u0131 bir nebze de olsa emeklinin b\u00fct\u00e7esine katk\u0131 sa\u011flamas\u0131 a\u00e7\u0131s\u0131ndan \u00f6nemlidir fakat biz d\u00fc\u015f\u00fck bir bedelle olmas\u0131 ko\u015fuluyla ihtiya\u00e7lar\u0131m\u0131za kendi param\u0131zla ula\u015fmak isteriz. Sendika olarak\u00a0 \u2018\u0130nsanca Ya\u015fayacak Bir Maa\u015f \u0130stiyoruz\u2019 talebimizi de duyurmak isteriz\u201d diye konu\u015ftu. Ge\u00e7ti\u011fimiz &hellip;\" \/>\n<meta property=\"og:url\" content=\"http:\/\/denizcankizil.tr\/de\/haberler\/gundem\/emeklilerin-belediye-baskanlarindan-talepleri-var\/\" \/>\n<meta property=\"og:site_name\" content=\"Av. Deniz Can K\u0131z\u0131l\" \/>\n<meta property=\"article:published_time\" content=\"2025-04-24T13:42:30+00:00\" \/>\n<meta name=\"author\" content=\"admin\" \/>\n<meta name=\"twitter:card\" content=\"summary_large_image\" \/>\n<meta name=\"twitter:label1\" content=\"Verfasst von\" \/>\n\t<meta name=\"twitter:data1\" content=\"admin\" \/>\n\t<meta name=\"twitter:label2\" content=\"Gesch\u00e4tzte Lesezeit\" \/>\n\t<meta name=\"twitter:data2\" content=\"3\u00a0Minuten\" \/>\n<script type=\"application\/ld+json\" class=\"yoast-schema-graph\">{\"@context\":\"https:\/\/schema.org\",\"@graph\":[{\"@type\":\"Article\",\"@id\":\"http:\/\/denizcankizil.tr\/de\/haberler\/gundem\/emeklilerin-belediye-baskanlarindan-talepleri-var\/#article\",\"isPartOf\":{\"@id\":\"http:\/\/denizcankizil.tr\/de\/haberler\/gundem\/emeklilerin-belediye-baskanlarindan-talepleri-var\/\"},\"author\":{\"name\":\"admin\",\"@id\":\"https:\/\/denizcankizil.tr\/#\/schema\/person\/be3c05fe6a12686905512445d8185489\"},\"headline\":\"Emeklilerin Belediye Ba\u015fkanlar\u0131ndan Talepleri Var\",\"datePublished\":\"2025-04-24T13:42:30+00:00\",\"mainEntityOfPage\":{\"@id\":\"http:\/\/denizcankizil.tr\/de\/haberler\/gundem\/emeklilerin-belediye-baskanlarindan-talepleri-var\/\"},\"wordCount\":617,\"publisher\":{\"@id\":\"https:\/\/denizcankizil.tr\/#organization\"},\"articleSection\":[\"G\u00fcndem\"],\"inLanguage\":\"de\"},{\"@type\":\"WebPage\",\"@id\":\"http:\/\/denizcankizil.tr\/de\/haberler\/gundem\/emeklilerin-belediye-baskanlarindan-talepleri-var\/\",\"url\":\"http:\/\/denizcankizil.tr\/de\/haberler\/gundem\/emeklilerin-belediye-baskanlarindan-talepleri-var\/\",\"name\":\"Emeklilerin Belediye Ba\u015fkanlar\u0131ndan Talepleri Var - Av. Deniz Can K\u0131z\u0131l\",\"isPartOf\":{\"@id\":\"https:\/\/denizcankizil.tr\/#website\"},\"datePublished\":\"2025-04-24T13:42:30+00:00\",\"breadcrumb\":{\"@id\":\"http:\/\/denizcankizil.tr\/de\/haberler\/gundem\/emeklilerin-belediye-baskanlarindan-talepleri-var\/#breadcrumb\"},\"inLanguage\":\"de\",\"potentialAction\":[{\"@type\":\"ReadAction\",\"target\":[\"http:\/\/denizcankizil.tr\/de\/haberler\/gundem\/emeklilerin-belediye-baskanlarindan-talepleri-var\/\"]}]},{\"@type\":\"BreadcrumbList\",\"@id\":\"http:\/\/denizcankizil.tr\/de\/haberler\/gundem\/emeklilerin-belediye-baskanlarindan-talepleri-var\/#breadcrumb\",\"itemListElement\":[{\"@type\":\"ListItem\",\"position\":1,\"name\":\"Home\",\"item\":\"https:\/\/denizcankizil.tr\/de\/\"},{\"@type\":\"ListItem\",\"position\":2,\"name\":\"Emeklilerin Belediye Ba\u015fkanlar\u0131ndan Talepleri Var\"}]},{\"@type\":\"WebSite\",\"@id\":\"https:\/\/denizcankizil.tr\/#website\",\"url\":\"https:\/\/denizcankizil.tr\/\",\"name\":\"Av. Deniz Can K\u0131z\u0131l\",\"description\":\"Avukat Deniz Can K\u0131z\u0131l Antalya Barosu\",\"publisher\":{\"@id\":\"https:\/\/denizcankizil.tr\/#organization\"},\"potentialAction\":[{\"@type\":\"SearchAction\",\"target\":{\"@type\":\"EntryPoint\",\"urlTemplate\":\"https:\/\/denizcankizil.tr\/?s={search_term_string}\"},\"query-input\":{\"@type\":\"PropertyValueSpecification\",\"valueRequired\":true,\"valueName\":\"search_term_string\"}}],\"inLanguage\":\"de\"},{\"@type\":\"Organization\",\"@id\":\"https:\/\/denizcankizil.tr\/#organization\",\"name\":\"Av. Deniz Can K\u0131z\u0131l\",\"url\":\"https:\/\/denizcankizil.tr\/\",\"logo\":{\"@type\":\"ImageObject\",\"inLanguage\":\"de\",\"@id\":\"https:\/\/denizcankizil.tr\/#\/schema\/logo\/image\/\",\"url\":\"http:\/\/denizcankizil.tr\/wp-content\/uploads\/2024\/10\/siyah-logo-svg.svg\",\"contentUrl\":\"http:\/\/denizcankizil.tr\/wp-content\/uploads\/2024\/10\/siyah-logo-svg.svg\",\"width\":1080,\"height\":1080,\"caption\":\"Av. Deniz Can K\u0131z\u0131l\"},\"image\":{\"@id\":\"https:\/\/denizcankizil.tr\/#\/schema\/logo\/image\/\"}},{\"@type\":\"Person\",\"@id\":\"https:\/\/denizcankizil.tr\/#\/schema\/person\/be3c05fe6a12686905512445d8185489\",\"name\":\"admin\",\"image\":{\"@type\":\"ImageObject\",\"inLanguage\":\"de\",\"@id\":\"https:\/\/denizcankizil.tr\/#\/schema\/person\/image\/\",\"url\":\"https:\/\/secure.gravatar.com\/avatar\/c1fce94c830dc79107e174f890d7210541c4a63e8e5d816341794a2151c9d58c?s=96&d=mm&r=g\",\"contentUrl\":\"https:\/\/secure.gravatar.com\/avatar\/c1fce94c830dc79107e174f890d7210541c4a63e8e5d816341794a2151c9d58c?s=96&d=mm&r=g\",\"caption\":\"admin\"},\"sameAs\":[\"http:\/\/denizcankizil.tr\"],\"url\":\"https:\/\/www.iskenderun.org\/emeklilerin-belediye-baskanlarindan-talepleri-var\"}]}<\/script>\n<!-- \/ Yoast SEO Premium plugin. -->","yoast_head_json":{"title":"Emeklilerin Belediye Ba\u015fkanlar\u0131ndan Talepleri Var - Av. Deniz Can K\u0131z\u0131l","robots":{"index":"index","follow":"follow","max-snippet":"max-snippet:-1","max-image-preview":"max-image-preview:large","max-video-preview":"max-video-preview:-1"},"canonical":"http:\/\/denizcankizil.tr\/de\/haberler\/gundem\/emeklilerin-belediye-baskanlarindan-talepleri-var\/","og_locale":"de_DE","og_type":"article","og_title":"Emeklilerin Belediye Ba\u015fkanlar\u0131ndan Talepleri Var","og_description":"2021 T\u00fcm Emekliler Sendikas\u0131 \u0130skenderun \u015eubesi y\u00f6netim kurulu \u00fcyesi R\u0131zkullah Terbiyeli, Hatay\u2019daki t\u00fcm belediyelerden emeklilerin sosyalle\u015febilece\u011fi mekanlar istediklerini belirtti. Terbiyeli; \u201c\u0130skenderun\u2019da ve Arsuz\u2019da emekliler, sosyalle\u015fme alanlar\u0131 bulunmad\u0131\u011f\u0131 ve mekanlardaki pahal\u0131l\u0131k nedeniyle ya evden \u00e7\u0131km\u0131yor ya da parklarda, sahillerdeki banklarda ve AVM\u2019lerde vakit ge\u00e7iriyor. \u0130skenderun\u2019da emeklilerin sosyalle\u015febilece\u011fi bir alan yok. Emekli maa\u015f\u0131m\u0131zla kafelere gidip b\u0131rak\u0131n yemek yemeyi, \u00e7ay kahve bile i\u00e7emiyoruz\u201d diye konu\u015ftu. Yerel se\u00e7imde ba\u015fkan adaylar\u0131n\u0131n vaatlerinde emekliler i\u00e7in de projeler yer ald\u0131\u011f\u0131n\u0131 hat\u0131rlatan Terbiyeli; \u201c31 Mart 2024 yerel se\u00e7imlerinde hem B\u00fcy\u00fck\u015fehir Belediyesi hem \u0130skenderun Belediyesi\u2019nin se\u00e7im \u00e7al\u0131\u015fmalar\u0131nda emekliler, b\u00fcy\u00fck \u00f6nem te\u015fkil ediyordu. Se\u00e7im vaatlerin de Emekliler i\u00e7in de projeleri vard\u0131\u201d dedi. HBB ve \u0130skenderun belediye ba\u015fkanlar\u0131n\u0131n se\u00e7im vaatlerini an\u0131msatan Terbiyeli, aradan ge\u00e7en bir seneye ra\u011fmen emekliler ile ilgili hala bir ad\u0131m at\u0131lmad\u0131\u011f\u0131n\u0131 s\u00f6yledi. Terbiyeli; \u201cG\u00fczel ad\u0131mlar da at\u0131l\u0131yor. HBB\u2019nin toplu ta\u015f\u0131may\u0131 hayata ge\u00e7irmesi elbette \u00f6nemli. Ama bunun daha yayg\u0131nla\u015fmas\u0131n\u0131 sadece 65 ya\u015f \u00fcst\u00fcne de\u011fil t\u00fcm emeklileri kapsamas\u0131n\u0131 istiyoruz. \u0130skenderun Belediyesinin de sosyal tesislerinde 65 ya\u015f \u00fcst\u00fcne bedava \u00e7ay vermesi ve yan\u0131nda kurabiye da\u011f\u0131tmas\u0131 bir nebze de olsa emeklinin b\u00fct\u00e7esine katk\u0131 sa\u011flamas\u0131 a\u00e7\u0131s\u0131ndan \u00f6nemlidir fakat biz d\u00fc\u015f\u00fck bir bedelle olmas\u0131 ko\u015fuluyla ihtiya\u00e7lar\u0131m\u0131za kendi param\u0131zla ula\u015fmak isteriz. Sendika olarak\u00a0 \u2018\u0130nsanca Ya\u015fayacak Bir Maa\u015f \u0130stiyoruz\u2019 talebimizi de duyurmak isteriz\u201d diye konu\u015ftu. Ge\u00e7ti\u011fimiz &hellip;","og_url":"http:\/\/denizcankizil.tr\/de\/haberler\/gundem\/emeklilerin-belediye-baskanlarindan-talepleri-var\/","og_site_name":"Av. Deniz Can K\u0131z\u0131l","article_published_time":"2025-04-24T13:42:30+00:00","author":"admin","twitter_card":"summary_large_image","twitter_misc":{"Verfasst von":"admin","Gesch\u00e4tzte Lesezeit":"3\u00a0Minuten"},"schema":{"@context":"https:\/\/schema.org","@graph":[{"@type":"Article","@id":"http:\/\/denizcankizil.tr\/de\/haberler\/gundem\/emeklilerin-belediye-baskanlarindan-talepleri-var\/#article","isPartOf":{"@id":"http:\/\/denizcankizil.tr\/de\/haberler\/gundem\/emeklilerin-belediye-baskanlarindan-talepleri-var\/"},"author":{"name":"admin","@id":"https:\/\/denizcankizil.tr\/#\/schema\/person\/be3c05fe6a12686905512445d8185489"},"headline":"Emeklilerin Belediye Ba\u015fkanlar\u0131ndan Talepleri Var","datePublished":"2025-04-24T13:42:30+00:00","mainEntityOfPage":{"@id":"http:\/\/denizcankizil.tr\/de\/haberler\/gundem\/emeklilerin-belediye-baskanlarindan-talepleri-var\/"},"wordCount":617,"publisher":{"@id":"https:\/\/denizcankizil.tr\/#organization"},"articleSection":["G\u00fcndem"],"inLanguage":"de"},{"@type":"WebPage","@id":"http:\/\/denizcankizil.tr\/de\/haberler\/gundem\/emeklilerin-belediye-baskanlarindan-talepleri-var\/","url":"http:\/\/denizcankizil.tr\/de\/haberler\/gundem\/emeklilerin-belediye-baskanlarindan-talepleri-var\/","name":"Emeklilerin Belediye Ba\u015fkanlar\u0131ndan Talepleri Var - Av. Deniz Can K\u0131z\u0131l","isPartOf":{"@id":"https:\/\/denizcankizil.tr\/#website"},"datePublished":"2025-04-24T13:42:30+00:00","breadcrumb":{"@id":"http:\/\/denizcankizil.tr\/de\/haberler\/gundem\/emeklilerin-belediye-baskanlarindan-talepleri-var\/#breadcrumb"},"inLanguage":"de","potentialAction":[{"@type":"ReadAction","target":["http:\/\/denizcankizil.tr\/de\/haberler\/gundem\/emeklilerin-belediye-baskanlarindan-talepleri-var\/"]}]},{"@type":"BreadcrumbList","@id":"http:\/\/denizcankizil.tr\/de\/haberler\/gundem\/emeklilerin-belediye-baskanlarindan-talepleri-var\/#breadcrumb","itemListElement":[{"@type":"ListItem","position":1,"name":"Home","item":"https:\/\/denizcankizil.tr\/de\/"},{"@type":"ListItem","position":2,"name":"Emeklilerin Belediye Ba\u015fkanlar\u0131ndan Talepleri Var"}]},{"@type":"WebSite","@id":"https:\/\/denizcankizil.tr\/#website","url":"https:\/\/denizcankizil.tr\/","name":"Av. Deniz Can K\u0131z\u0131l","description":"Avukat Deniz Can K\u0131z\u0131l Antalya Barosu","publisher":{"@id":"https:\/\/denizcankizil.tr\/#organization"},"potentialAction":[{"@type":"SearchAction","target":{"@type":"EntryPoint","urlTemplate":"https:\/\/denizcankizil.tr\/?s={search_term_string}"},"query-input":{"@type":"PropertyValueSpecification","valueRequired":true,"valueName":"search_term_string"}}],"inLanguage":"de"},{"@type":"Organization","@id":"https:\/\/denizcankizil.tr\/#organization","name":"Av. Deniz Can K\u0131z\u0131l","url":"https:\/\/denizcankizil.tr\/","logo":{"@type":"ImageObject","inLanguage":"de","@id":"https:\/\/denizcankizil.tr\/#\/schema\/logo\/image\/","url":"http:\/\/denizcankizil.tr\/wp-content\/uploads\/2024\/10\/siyah-logo-svg.svg","contentUrl":"http:\/\/denizcankizil.tr\/wp-content\/uploads\/2024\/10\/siyah-logo-svg.svg","width":1080,"height":1080,"caption":"Av. Deniz Can K\u0131z\u0131l"},"image":{"@id":"https:\/\/denizcankizil.tr\/#\/schema\/logo\/image\/"}},{"@type":"Person","@id":"https:\/\/denizcankizil.tr\/#\/schema\/person\/be3c05fe6a12686905512445d8185489","name":"Administrator","image":{"@type":"ImageObject","inLanguage":"de","@id":"https:\/\/denizcankizil.tr\/#\/schema\/person\/image\/","url":"https:\/\/secure.gravatar.com\/avatar\/c1fce94c830dc79107e174f890d7210541c4a63e8e5d816341794a2151c9d58c?s=96&d=mm&r=g","contentUrl":"https:\/\/secure.gravatar.com\/avatar\/c1fce94c830dc79107e174f890d7210541c4a63e8e5d816341794a2151c9d58c?s=96&d=mm&r=g","caption":"admin"},"sameAs":["http:\/\/denizcankizil.tr"],"url":"https:\/\/www.iskenderun.org\/emeklilerin-belediye-baskanlarindan-talepleri-var"}]}},"_links":{"self":[{"href":"http:\/\/denizcankizil.tr\/de\/wp-json\/wp\/v2\/posts\/65149","targetHints":{"allow":["GET"]}}],"collection":[{"href":"http:\/\/denizcankizil.tr\/de\/wp-json\/wp\/v2\/posts"}],"about":[{"href":"http:\/\/denizcankizil.tr\/de\/wp-json\/wp\/v2\/types\/post"}],"author":[{"embeddable":true,"href":"http:\/\/denizcankizil.tr\/de\/wp-json\/wp\/v2\/users\/1"}],"replies":[{"embeddable":true,"href":"http:\/\/denizcankizil.tr\/de\/wp-json\/wp\/v2\/comments?post=65149"}],"version-history":[{"count":0,"href":"http:\/\/denizcankizil.tr\/de\/wp-json\/wp\/v2\/posts\/65149\/revisions"}],"wp:attachment":[{"href":"http:\/\/denizcankizil.tr\/de\/wp-json\/wp\/v2\/media?parent=65149"}],"wp:term":[{"taxonomy":"category","embeddable":true,"href":"http:\/\/denizcankizil.tr\/de\/wp-json\/wp\/v2\/categories?post=65149"},{"taxonomy":"post_tag","embeddable":true,"href":"http:\/\/denizcankizil.tr\/de\/wp-json\/wp\/v2\/tags?post=65149"}],"curies":[{"name":"wp","href":"https:\/\/api.w.org\/{rel}","templated":true}]}}