{"id":63830,"date":"2025-04-23T11:41:42","date_gmt":"2025-04-23T08:41:42","guid":{"rendered":"https:\/\/denizcankizil.tr\/uncategorized-tr\/chpli-eski-vekil-hukumete-seslendi-dogumu-birak-ekonomiye-bak\/"},"modified":"2025-04-23T11:41:42","modified_gmt":"2025-04-23T08:41:42","slug":"chpli-eski-vekil-hukumete-seslendi-dogumu-birak-ekonomiye-bak","status":"publish","type":"post","link":"http:\/\/denizcankizil.tr\/de\/haberler\/gundem\/chpli-eski-vekil-hukumete-seslendi-dogumu-birak-ekonomiye-bak\/","title":{"rendered":"CHP\u2019li eski vekil h\u00fck\u00fcmete seslendi: Do\u011fumu b\u0131rak, ekonomiye bak"},"content":{"rendered":"<p>Sa\u011fl\u0131k Bakanl\u0131\u011f\u0131 normal do\u011fumu desteklemek i\u00e7in ba\u015flatt\u0131\u011f\u0131 proje ile T\u00fcrkiye\u2019nin d\u00f6rt bir yan\u0131n\u0131 \u2018do\u011fal olan normal do\u011fum\u2019 afi\u015fleriyle s\u00fcsledi. Antalya\u2019da da kentin tarihi ve bilinen noktalar\u0131 bu afi\u015flerle donat\u0131ld\u0131. Do\u011fum \u00fczerinden kad\u0131n bedenine m\u00fcdahale edilmesine CHP\u2019den milletvekilli\u011fi ve il ba\u015fkanl\u0131\u011f\u0131 yapm\u0131\u015f Devrim K\u00f6k\u2019ten tepki geldi. K\u00f6k, a\u00e7\u0131klamas\u0131nda h\u00fck\u00fcmeti ekonomi \u00fczerinden ele\u015ftirdi.<\/p>\n<p>H\u00dcK\u00dcMET DO\u011eUM TAL\u0130MATI VER\u0130YOR<\/p>\n<p>T\u00fcrkiye&#8217;de siyasal iktidar\u0131n bireylerin en mahrem kararlar\u0131n\u0131 dahi belirleme hakk\u0131n\u0131 kendinde g\u00f6rd\u00fc\u011f\u00fcn\u00fc belirten K\u00f6k, \u201cKa\u00e7 \u00e7ocuk yap\u0131laca\u011f\u0131na dair \u00f6nerilerle ba\u015flayan bu m\u00fcdahaleci tutum, bug\u00fcn do\u011fumun nas\u0131l ger\u00e7ekle\u015fece\u011fi konusunda verilen &#8220;talimatlara\u201d kadar geni\u015fledi. Oysa do\u011fumun \u015fekli, t\u0131bbi bir s\u00fcre\u00e7tir ve kad\u0131n\u0131n bedeni \u00fczerindeki bu karar, yaln\u0131zca hekim ve kad\u0131n\u0131n ortak iradesiyle \u015fekillenmelidir\u201d dedi.<\/p>\n<p>\u0130NSANLARIN TERC\u0130HLR\u0130NE BASKI<\/p>\n<p>Devrim K\u00f6k, h\u00fck\u00fcmetin normal do\u011fum talimat\u0131 ile bireyler \u00fczerinde bask\u0131 kurmaya \u00e7al\u0131\u015ft\u0131\u011f\u0131n\u0131 s\u00f6yledi. K\u00f6k, \u201cBu yakla\u015f\u0131m, yaln\u0131zca kad\u0131n bedeni \u00fczerinde bir tahakk\u00fcm kurma \u00e7abas\u0131 de\u011fil, ayn\u0131 zamanda \u00f6zg\u00fcr bireyin ya\u015fam tercihlerine y\u00f6nelik sistematik bir bask\u0131d\u0131r. Ne yaz\u0131k ki ayn\u0131 kararl\u0131l\u0131k, do\u011facak \u00e7ocuklar\u0131n nas\u0131l bir gelecekle kar\u015f\u0131la\u015faca\u011f\u0131 sorusuna y\u00f6neltilmemektedir. Karn\u0131 nas\u0131l doyacak? Hangi okullarda e\u011fitim alacak? B\u00fcy\u00fcd\u00fc\u011f\u00fcnde i\u015f bulabilecek mi? Bulursa, bir g\u00fcn hukukun de\u011fil, talimatla \u00e7al\u0131\u015fan bir adalet anlay\u0131\u015f\u0131n\u0131n karar\u0131yla diplomas\u0131 elinden al\u0131nacak m\u0131? Bu sorular\u0131n cevab\u0131 yok; \u00e7\u00fcnk\u00fc siyasal iktidar\u0131n ilgisi, do\u011fumdan sonras\u0131 de\u011fil, do\u011fumun \u015fekliyle s\u0131n\u0131rl\u0131 kalmaktad\u0131r\u201d diye konu\u015ftu.<\/p>\n<p>ASIL MESELE EKONOM\u0130 VE ADALET<\/p>\n<p>H\u00fck\u00fcmetin do\u011fumla de\u011fil, ekonomiyle ilgilenmesi gerekti\u011fini vurgulayan CHP Antalya eski milletvekili ve eski il ba\u015fkan\u0131 Devrim K\u00f6k, adalet vurgusu yapt\u0131. K\u00f6k, \u201cBu ba\u011flamda, \u201cn\u00fcfus art\u0131\u015f h\u0131z\u0131ndaki d\u00fc\u015f\u00fc\u015f\u201d gibi karma\u015f\u0131k toplumsal dinamikler basite indirgenerek i\u00e7selle\u015ftirilmekten ka\u00e7\u0131n\u0131l\u0131yor. Oysa temel neden; ekonomik g\u00fcvencesizlik, adalete olan g\u00fcvensizlik, gelecek kayg\u0131s\u0131 ve bireylerin giderek daha fazla denetlenip bask\u0131lanmas\u0131d\u0131r. Toplumun ger\u00e7ek sorunlar\u0131na kulak t\u0131kayan ve bireylerin ya\u015fam alanlar\u0131n\u0131 daraltan bu siyaset dili, ne anneleri ne de \u00e7ocuklar\u0131 koruyabilir. Aksine, susturulmu\u015f kad\u0131nlar ve g\u00fcvencesiz nesillerle gelece\u011fi zay\u0131flat\u0131r\u201d diye konu\u015ftu.<\/p>\n<p>\u200bSa\u011fl\u0131k Bakanl\u0131\u011f\u0131\u2019n\u0131n ba\u015flatt\u0131\u011f\u0131 normal do\u011fuma te\u015fvik projesine CHP Antalya eski milletvekili Devrim K\u00f6k\u2019ten tepki geldi. H\u00fck\u00fcmetin kad\u0131n bedenine kar\u0131\u015famayaca\u011f\u0131n\u0131 belirten K\u00f6k, \u201cH\u00fck\u00fcmete sesleniyorum; Kad\u0131nlar\u0131n nas\u0131l do\u011fum yapaca\u011f\u0131n\u0131 b\u0131rak\u0131n, ekonomiye bak\u0131n. \u0130nsanlar a\u00e7\u201d dedi\u00a0<\/p>\n<p>\u200bHaberin Al\u0131nt\u0131land\u0131\u011f\u0131 Kaynak: www.antalyakorfez.com<\/p>","protected":false},"excerpt":{"rendered":"<p>Sa\u011fl\u0131k Bakanl\u0131\u011f\u0131 normal do\u011fumu desteklemek i\u00e7in ba\u015flatt\u0131\u011f\u0131 proje ile T\u00fcrkiye\u2019nin d\u00f6rt bir yan\u0131n\u0131 \u2018do\u011fal olan normal do\u011fum\u2019 afi\u015fleriyle s\u00fcsledi. Antalya\u2019da da kentin tarihi ve bilinen noktalar\u0131 bu afi\u015flerle donat\u0131ld\u0131. Do\u011fum \u00fczerinden kad\u0131n bedenine m\u00fcdahale edilmesine CHP\u2019den milletvekilli\u011fi ve il ba\u015fkanl\u0131\u011f\u0131 yapm\u0131\u015f Devrim K\u00f6k\u2019ten tepki geldi. K\u00f6k, a\u00e7\u0131klamas\u0131nda h\u00fck\u00fcmeti ekonomi \u00fczerinden ele\u015ftirdi. H\u00dcK\u00dcMET DO\u011eUM TAL\u0130MATI VER\u0130YOR T\u00fcrkiye&#8217;de siyasal iktidar\u0131n bireylerin en mahrem kararlar\u0131n\u0131 dahi belirleme hakk\u0131n\u0131 kendinde g\u00f6rd\u00fc\u011f\u00fcn\u00fc belirten K\u00f6k, \u201cKa\u00e7 \u00e7ocuk yap\u0131laca\u011f\u0131na dair \u00f6nerilerle ba\u015flayan bu m\u00fcdahaleci tutum, bug\u00fcn do\u011fumun nas\u0131l ger\u00e7ekle\u015fece\u011fi konusunda verilen &#8220;talimatlara\u201d kadar geni\u015fledi. Oysa do\u011fumun \u015fekli, t\u0131bbi bir s\u00fcre\u00e7tir ve kad\u0131n\u0131n bedeni \u00fczerindeki bu karar, yaln\u0131zca hekim ve kad\u0131n\u0131n ortak iradesiyle \u015fekillenmelidir\u201d dedi. \u0130NSANLARIN TERC\u0130HLR\u0130NE BASKI Devrim K\u00f6k, h\u00fck\u00fcmetin normal do\u011fum talimat\u0131 ile bireyler \u00fczerinde bask\u0131 kurmaya \u00e7al\u0131\u015ft\u0131\u011f\u0131n\u0131 s\u00f6yledi. K\u00f6k, \u201cBu yakla\u015f\u0131m, yaln\u0131zca kad\u0131n bedeni \u00fczerinde bir tahakk\u00fcm kurma \u00e7abas\u0131 de\u011fil, ayn\u0131 zamanda \u00f6zg\u00fcr bireyin ya\u015fam tercihlerine y\u00f6nelik sistematik bir bask\u0131d\u0131r. Ne yaz\u0131k ki ayn\u0131 kararl\u0131l\u0131k, do\u011facak \u00e7ocuklar\u0131n nas\u0131l bir gelecekle kar\u015f\u0131la\u015faca\u011f\u0131 sorusuna y\u00f6neltilmemektedir. Karn\u0131 nas\u0131l doyacak? Hangi okullarda e\u011fitim alacak? B\u00fcy\u00fcd\u00fc\u011f\u00fcnde i\u015f bulabilecek mi? Bulursa, bir g\u00fcn hukukun de\u011fil, talimatla \u00e7al\u0131\u015fan bir adalet anlay\u0131\u015f\u0131n\u0131n karar\u0131yla diplomas\u0131 elinden al\u0131nacak m\u0131? Bu sorular\u0131n cevab\u0131 yok; \u00e7\u00fcnk\u00fc siyasal iktidar\u0131n ilgisi, do\u011fumdan sonras\u0131 de\u011fil, do\u011fumun \u015fekliyle s\u0131n\u0131rl\u0131 kalmaktad\u0131r\u201d diye &hellip;<\/p>","protected":false},"author":5,"featured_media":0,"comment_status":"","ping_status":"open","sticky":false,"template":"","format":"standard","meta":{"_acf_changed":false,"footnotes":""},"categories":[24],"tags":[],"class_list":["post-63830","post","type-post","status-publish","format-standard","has-post-thumbnail","hentry","category-gundem"],"acf":[],"yoast_head":"<!-- This site is optimized with the Yoast SEO Premium plugin v26.6 (Yoast SEO v27.1.1) - https:\/\/yoast.com\/product\/yoast-seo-premium-wordpress\/ -->\n<title>CHP\u2019li eski vekil h\u00fck\u00fcmete seslendi: Do\u011fumu b\u0131rak, ekonomiye bak - Av. Deniz Can K\u0131z\u0131l<\/title>\n<meta name=\"robots\" content=\"index, follow, max-snippet:-1, max-image-preview:large, max-video-preview:-1\" \/>\n<link rel=\"canonical\" href=\"http:\/\/denizcankizil.tr\/de\/haberler\/gundem\/chpli-eski-vekil-hukumete-seslendi-dogumu-birak-ekonomiye-bak\/\" \/>\n<meta property=\"og:locale\" content=\"de_DE\" \/>\n<meta property=\"og:type\" content=\"article\" \/>\n<meta property=\"og:title\" content=\"CHP\u2019li eski vekil h\u00fck\u00fcmete seslendi: Do\u011fumu b\u0131rak, ekonomiye bak\" \/>\n<meta property=\"og:description\" content=\"Sa\u011fl\u0131k Bakanl\u0131\u011f\u0131 normal do\u011fumu desteklemek i\u00e7in ba\u015flatt\u0131\u011f\u0131 proje ile T\u00fcrkiye\u2019nin d\u00f6rt bir yan\u0131n\u0131 \u2018do\u011fal olan normal do\u011fum\u2019 afi\u015fleriyle s\u00fcsledi. Antalya\u2019da da kentin tarihi ve bilinen noktalar\u0131 bu afi\u015flerle donat\u0131ld\u0131. Do\u011fum \u00fczerinden kad\u0131n bedenine m\u00fcdahale edilmesine CHP\u2019den milletvekilli\u011fi ve il ba\u015fkanl\u0131\u011f\u0131 yapm\u0131\u015f Devrim K\u00f6k\u2019ten tepki geldi. K\u00f6k, a\u00e7\u0131klamas\u0131nda h\u00fck\u00fcmeti ekonomi \u00fczerinden ele\u015ftirdi. H\u00dcK\u00dcMET DO\u011eUM TAL\u0130MATI VER\u0130YOR T\u00fcrkiye&#8217;de siyasal iktidar\u0131n bireylerin en mahrem kararlar\u0131n\u0131 dahi belirleme hakk\u0131n\u0131 kendinde g\u00f6rd\u00fc\u011f\u00fcn\u00fc belirten K\u00f6k, \u201cKa\u00e7 \u00e7ocuk yap\u0131laca\u011f\u0131na dair \u00f6nerilerle ba\u015flayan bu m\u00fcdahaleci tutum, bug\u00fcn do\u011fumun nas\u0131l ger\u00e7ekle\u015fece\u011fi konusunda verilen &#8220;talimatlara\u201d kadar geni\u015fledi. Oysa do\u011fumun \u015fekli, t\u0131bbi bir s\u00fcre\u00e7tir ve kad\u0131n\u0131n bedeni \u00fczerindeki bu karar, yaln\u0131zca hekim ve kad\u0131n\u0131n ortak iradesiyle \u015fekillenmelidir\u201d dedi. \u0130NSANLARIN TERC\u0130HLR\u0130NE BASKI Devrim K\u00f6k, h\u00fck\u00fcmetin normal do\u011fum talimat\u0131 ile bireyler \u00fczerinde bask\u0131 kurmaya \u00e7al\u0131\u015ft\u0131\u011f\u0131n\u0131 s\u00f6yledi. K\u00f6k, \u201cBu yakla\u015f\u0131m, yaln\u0131zca kad\u0131n bedeni \u00fczerinde bir tahakk\u00fcm kurma \u00e7abas\u0131 de\u011fil, ayn\u0131 zamanda \u00f6zg\u00fcr bireyin ya\u015fam tercihlerine y\u00f6nelik sistematik bir bask\u0131d\u0131r. Ne yaz\u0131k ki ayn\u0131 kararl\u0131l\u0131k, do\u011facak \u00e7ocuklar\u0131n nas\u0131l bir gelecekle kar\u015f\u0131la\u015faca\u011f\u0131 sorusuna y\u00f6neltilmemektedir. Karn\u0131 nas\u0131l doyacak? Hangi okullarda e\u011fitim alacak? B\u00fcy\u00fcd\u00fc\u011f\u00fcnde i\u015f bulabilecek mi? Bulursa, bir g\u00fcn hukukun de\u011fil, talimatla \u00e7al\u0131\u015fan bir adalet anlay\u0131\u015f\u0131n\u0131n karar\u0131yla diplomas\u0131 elinden al\u0131nacak m\u0131? Bu sorular\u0131n cevab\u0131 yok; \u00e7\u00fcnk\u00fc siyasal iktidar\u0131n ilgisi, do\u011fumdan sonras\u0131 de\u011fil, do\u011fumun \u015fekliyle s\u0131n\u0131rl\u0131 kalmaktad\u0131r\u201d diye &hellip;\" \/>\n<meta property=\"og:url\" content=\"http:\/\/denizcankizil.tr\/de\/haberler\/gundem\/chpli-eski-vekil-hukumete-seslendi-dogumu-birak-ekonomiye-bak\/\" \/>\n<meta property=\"og:site_name\" content=\"Av. Deniz Can K\u0131z\u0131l\" \/>\n<meta property=\"article:published_time\" content=\"2025-04-23T08:41:42+00:00\" \/>\n<meta name=\"author\" content=\"Antalya K\u00f6rfez\" \/>\n<meta name=\"twitter:card\" content=\"summary_large_image\" \/>\n<meta name=\"twitter:label1\" content=\"Verfasst von\" \/>\n\t<meta name=\"twitter:data1\" content=\"Antalya K\u00f6rfez\" \/>\n\t<meta name=\"twitter:label2\" content=\"Gesch\u00e4tzte Lesezeit\" \/>\n\t<meta name=\"twitter:data2\" content=\"3\u00a0Minuten\" \/>\n<script type=\"application\/ld+json\" class=\"yoast-schema-graph\">{\"@context\":\"https:\/\/schema.org\",\"@graph\":[{\"@type\":\"Article\",\"@id\":\"http:\/\/denizcankizil.tr\/haberler\/gundem\/chpli-eski-vekil-hukumete-seslendi-dogumu-birak-ekonomiye-bak\/#article\",\"isPartOf\":{\"@id\":\"http:\/\/denizcankizil.tr\/haberler\/gundem\/chpli-eski-vekil-hukumete-seslendi-dogumu-birak-ekonomiye-bak\/\"},\"author\":{\"name\":\"Antalya K\u00f6rfez\",\"@id\":\"https:\/\/denizcankizil.tr\/de\/#\/schema\/person\/e1eb71bb4dd684d46563f0af307e1234\"},\"headline\":\"CHP\u2019li eski vekil h\u00fck\u00fcmete seslendi: Do\u011fumu b\u0131rak, ekonomiye bak\",\"datePublished\":\"2025-04-23T08:41:42+00:00\",\"mainEntityOfPage\":{\"@id\":\"http:\/\/denizcankizil.tr\/haberler\/gundem\/chpli-eski-vekil-hukumete-seslendi-dogumu-birak-ekonomiye-bak\/\"},\"wordCount\":515,\"publisher\":{\"@id\":\"https:\/\/denizcankizil.tr\/de\/#organization\"},\"articleSection\":[\"G\u00fcndem\"],\"inLanguage\":\"de\"},{\"@type\":\"WebPage\",\"@id\":\"http:\/\/denizcankizil.tr\/haberler\/gundem\/chpli-eski-vekil-hukumete-seslendi-dogumu-birak-ekonomiye-bak\/\",\"url\":\"http:\/\/denizcankizil.tr\/haberler\/gundem\/chpli-eski-vekil-hukumete-seslendi-dogumu-birak-ekonomiye-bak\/\",\"name\":\"CHP\u2019li eski vekil h\u00fck\u00fcmete seslendi: Do\u011fumu b\u0131rak, ekonomiye bak - Av. Deniz Can K\u0131z\u0131l\",\"isPartOf\":{\"@id\":\"https:\/\/denizcankizil.tr\/de\/#website\"},\"datePublished\":\"2025-04-23T08:41:42+00:00\",\"breadcrumb\":{\"@id\":\"http:\/\/denizcankizil.tr\/haberler\/gundem\/chpli-eski-vekil-hukumete-seslendi-dogumu-birak-ekonomiye-bak\/#breadcrumb\"},\"inLanguage\":\"de\",\"potentialAction\":[{\"@type\":\"ReadAction\",\"target\":[\"http:\/\/denizcankizil.tr\/haberler\/gundem\/chpli-eski-vekil-hukumete-seslendi-dogumu-birak-ekonomiye-bak\/\"]}]},{\"@type\":\"BreadcrumbList\",\"@id\":\"http:\/\/denizcankizil.tr\/haberler\/gundem\/chpli-eski-vekil-hukumete-seslendi-dogumu-birak-ekonomiye-bak\/#breadcrumb\",\"itemListElement\":[{\"@type\":\"ListItem\",\"position\":1,\"name\":\"Home\",\"item\":\"https:\/\/denizcankizil.tr\/de\/\"},{\"@type\":\"ListItem\",\"position\":2,\"name\":\"CHP\u2019li eski vekil h\u00fck\u00fcmete seslendi: Do\u011fumu b\u0131rak, ekonomiye bak\"}]},{\"@type\":\"WebSite\",\"@id\":\"https:\/\/denizcankizil.tr\/de\/#website\",\"url\":\"https:\/\/denizcankizil.tr\/de\/\",\"name\":\"Av. Deniz Can K\u0131z\u0131l\",\"description\":\"Avukat Deniz Can K\u0131z\u0131l Antalya Barosu\",\"publisher\":{\"@id\":\"https:\/\/denizcankizil.tr\/de\/#organization\"},\"potentialAction\":[{\"@type\":\"SearchAction\",\"target\":{\"@type\":\"EntryPoint\",\"urlTemplate\":\"https:\/\/denizcankizil.tr\/de\/?s={search_term_string}\"},\"query-input\":{\"@type\":\"PropertyValueSpecification\",\"valueRequired\":true,\"valueName\":\"search_term_string\"}}],\"inLanguage\":\"de\"},{\"@type\":\"Organization\",\"@id\":\"https:\/\/denizcankizil.tr\/de\/#organization\",\"name\":\"Av. Deniz Can K\u0131z\u0131l\",\"url\":\"https:\/\/denizcankizil.tr\/de\/\",\"logo\":{\"@type\":\"ImageObject\",\"inLanguage\":\"de\",\"@id\":\"https:\/\/denizcankizil.tr\/de\/#\/schema\/logo\/image\/\",\"url\":\"http:\/\/denizcankizil.tr\/wp-content\/uploads\/2024\/10\/siyah-logo-svg.svg\",\"contentUrl\":\"http:\/\/denizcankizil.tr\/wp-content\/uploads\/2024\/10\/siyah-logo-svg.svg\",\"width\":1080,\"height\":1080,\"caption\":\"Av. Deniz Can K\u0131z\u0131l\"},\"image\":{\"@id\":\"https:\/\/denizcankizil.tr\/de\/#\/schema\/logo\/image\/\"}},{\"@type\":\"Person\",\"@id\":\"https:\/\/denizcankizil.tr\/de\/#\/schema\/person\/e1eb71bb4dd684d46563f0af307e1234\",\"name\":\"Antalya K\u00f6rfez\",\"image\":{\"@type\":\"ImageObject\",\"inLanguage\":\"de\",\"@id\":\"https:\/\/denizcankizil.tr\/de\/#\/schema\/person\/image\/\",\"url\":\"https:\/\/secure.gravatar.com\/avatar\/42b01982558a48a0b501fdcab6a408d3717ea5919095ee2e67b0e521799c5905?s=96&d=mm&r=g\",\"contentUrl\":\"https:\/\/secure.gravatar.com\/avatar\/42b01982558a48a0b501fdcab6a408d3717ea5919095ee2e67b0e521799c5905?s=96&d=mm&r=g\",\"caption\":\"Antalya K\u00f6rfez\"},\"sameAs\":[\"http:\/\/www.antalyakorfez.com\"],\"url\":\"https:\/\/www.antalyakorfez.com\/chpli-eski-vekil-hukumete-seslendi-dogumu-birak-ekonomiye-bak\"}]}<\/script>\n<!-- \/ Yoast SEO Premium plugin. -->","yoast_head_json":{"title":"CHP\u2019li eski vekil h\u00fck\u00fcmete seslendi: Do\u011fumu b\u0131rak, ekonomiye bak - Av. Deniz Can K\u0131z\u0131l","robots":{"index":"index","follow":"follow","max-snippet":"max-snippet:-1","max-image-preview":"max-image-preview:large","max-video-preview":"max-video-preview:-1"},"canonical":"http:\/\/denizcankizil.tr\/de\/haberler\/gundem\/chpli-eski-vekil-hukumete-seslendi-dogumu-birak-ekonomiye-bak\/","og_locale":"de_DE","og_type":"article","og_title":"CHP\u2019li eski vekil h\u00fck\u00fcmete seslendi: Do\u011fumu b\u0131rak, ekonomiye bak","og_description":"Sa\u011fl\u0131k Bakanl\u0131\u011f\u0131 normal do\u011fumu desteklemek i\u00e7in ba\u015flatt\u0131\u011f\u0131 proje ile T\u00fcrkiye\u2019nin d\u00f6rt bir yan\u0131n\u0131 \u2018do\u011fal olan normal do\u011fum\u2019 afi\u015fleriyle s\u00fcsledi. Antalya\u2019da da kentin tarihi ve bilinen noktalar\u0131 bu afi\u015flerle donat\u0131ld\u0131. Do\u011fum \u00fczerinden kad\u0131n bedenine m\u00fcdahale edilmesine CHP\u2019den milletvekilli\u011fi ve il ba\u015fkanl\u0131\u011f\u0131 yapm\u0131\u015f Devrim K\u00f6k\u2019ten tepki geldi. K\u00f6k, a\u00e7\u0131klamas\u0131nda h\u00fck\u00fcmeti ekonomi \u00fczerinden ele\u015ftirdi. H\u00dcK\u00dcMET DO\u011eUM TAL\u0130MATI VER\u0130YOR T\u00fcrkiye&#8217;de siyasal iktidar\u0131n bireylerin en mahrem kararlar\u0131n\u0131 dahi belirleme hakk\u0131n\u0131 kendinde g\u00f6rd\u00fc\u011f\u00fcn\u00fc belirten K\u00f6k, \u201cKa\u00e7 \u00e7ocuk yap\u0131laca\u011f\u0131na dair \u00f6nerilerle ba\u015flayan bu m\u00fcdahaleci tutum, bug\u00fcn do\u011fumun nas\u0131l ger\u00e7ekle\u015fece\u011fi konusunda verilen &#8220;talimatlara\u201d kadar geni\u015fledi. Oysa do\u011fumun \u015fekli, t\u0131bbi bir s\u00fcre\u00e7tir ve kad\u0131n\u0131n bedeni \u00fczerindeki bu karar, yaln\u0131zca hekim ve kad\u0131n\u0131n ortak iradesiyle \u015fekillenmelidir\u201d dedi. \u0130NSANLARIN TERC\u0130HLR\u0130NE BASKI Devrim K\u00f6k, h\u00fck\u00fcmetin normal do\u011fum talimat\u0131 ile bireyler \u00fczerinde bask\u0131 kurmaya \u00e7al\u0131\u015ft\u0131\u011f\u0131n\u0131 s\u00f6yledi. K\u00f6k, \u201cBu yakla\u015f\u0131m, yaln\u0131zca kad\u0131n bedeni \u00fczerinde bir tahakk\u00fcm kurma \u00e7abas\u0131 de\u011fil, ayn\u0131 zamanda \u00f6zg\u00fcr bireyin ya\u015fam tercihlerine y\u00f6nelik sistematik bir bask\u0131d\u0131r. Ne yaz\u0131k ki ayn\u0131 kararl\u0131l\u0131k, do\u011facak \u00e7ocuklar\u0131n nas\u0131l bir gelecekle kar\u015f\u0131la\u015faca\u011f\u0131 sorusuna y\u00f6neltilmemektedir. Karn\u0131 nas\u0131l doyacak? Hangi okullarda e\u011fitim alacak? B\u00fcy\u00fcd\u00fc\u011f\u00fcnde i\u015f bulabilecek mi? Bulursa, bir g\u00fcn hukukun de\u011fil, talimatla \u00e7al\u0131\u015fan bir adalet anlay\u0131\u015f\u0131n\u0131n karar\u0131yla diplomas\u0131 elinden al\u0131nacak m\u0131? Bu sorular\u0131n cevab\u0131 yok; \u00e7\u00fcnk\u00fc siyasal iktidar\u0131n ilgisi, do\u011fumdan sonras\u0131 de\u011fil, do\u011fumun \u015fekliyle s\u0131n\u0131rl\u0131 kalmaktad\u0131r\u201d diye &hellip;","og_url":"http:\/\/denizcankizil.tr\/de\/haberler\/gundem\/chpli-eski-vekil-hukumete-seslendi-dogumu-birak-ekonomiye-bak\/","og_site_name":"Av. Deniz Can K\u0131z\u0131l","article_published_time":"2025-04-23T08:41:42+00:00","author":"Antalya K\u00f6rfez","twitter_card":"summary_large_image","twitter_misc":{"Verfasst von":"Antalya K\u00f6rfez","Gesch\u00e4tzte Lesezeit":"3\u00a0Minuten"},"schema":{"@context":"https:\/\/schema.org","@graph":[{"@type":"Article","@id":"http:\/\/denizcankizil.tr\/haberler\/gundem\/chpli-eski-vekil-hukumete-seslendi-dogumu-birak-ekonomiye-bak\/#article","isPartOf":{"@id":"http:\/\/denizcankizil.tr\/haberler\/gundem\/chpli-eski-vekil-hukumete-seslendi-dogumu-birak-ekonomiye-bak\/"},"author":{"name":"Antalya K\u00f6rfez","@id":"https:\/\/denizcankizil.tr\/de\/#\/schema\/person\/e1eb71bb4dd684d46563f0af307e1234"},"headline":"CHP\u2019li eski vekil h\u00fck\u00fcmete seslendi: Do\u011fumu b\u0131rak, ekonomiye bak","datePublished":"2025-04-23T08:41:42+00:00","mainEntityOfPage":{"@id":"http:\/\/denizcankizil.tr\/haberler\/gundem\/chpli-eski-vekil-hukumete-seslendi-dogumu-birak-ekonomiye-bak\/"},"wordCount":515,"publisher":{"@id":"https:\/\/denizcankizil.tr\/de\/#organization"},"articleSection":["G\u00fcndem"],"inLanguage":"de"},{"@type":"WebPage","@id":"http:\/\/denizcankizil.tr\/haberler\/gundem\/chpli-eski-vekil-hukumete-seslendi-dogumu-birak-ekonomiye-bak\/","url":"http:\/\/denizcankizil.tr\/haberler\/gundem\/chpli-eski-vekil-hukumete-seslendi-dogumu-birak-ekonomiye-bak\/","name":"CHP\u2019li eski vekil h\u00fck\u00fcmete seslendi: Do\u011fumu b\u0131rak, ekonomiye bak - Av. Deniz Can K\u0131z\u0131l","isPartOf":{"@id":"https:\/\/denizcankizil.tr\/de\/#website"},"datePublished":"2025-04-23T08:41:42+00:00","breadcrumb":{"@id":"http:\/\/denizcankizil.tr\/haberler\/gundem\/chpli-eski-vekil-hukumete-seslendi-dogumu-birak-ekonomiye-bak\/#breadcrumb"},"inLanguage":"de","potentialAction":[{"@type":"ReadAction","target":["http:\/\/denizcankizil.tr\/haberler\/gundem\/chpli-eski-vekil-hukumete-seslendi-dogumu-birak-ekonomiye-bak\/"]}]},{"@type":"BreadcrumbList","@id":"http:\/\/denizcankizil.tr\/haberler\/gundem\/chpli-eski-vekil-hukumete-seslendi-dogumu-birak-ekonomiye-bak\/#breadcrumb","itemListElement":[{"@type":"ListItem","position":1,"name":"Home","item":"https:\/\/denizcankizil.tr\/de\/"},{"@type":"ListItem","position":2,"name":"CHP\u2019li eski vekil h\u00fck\u00fcmete seslendi: Do\u011fumu b\u0131rak, ekonomiye bak"}]},{"@type":"WebSite","@id":"https:\/\/denizcankizil.tr\/de\/#website","url":"https:\/\/denizcankizil.tr\/de\/","name":"Av. Deniz Can K\u0131z\u0131l","description":"Avukat Deniz Can K\u0131z\u0131l Antalya Barosu","publisher":{"@id":"https:\/\/denizcankizil.tr\/de\/#organization"},"potentialAction":[{"@type":"SearchAction","target":{"@type":"EntryPoint","urlTemplate":"https:\/\/denizcankizil.tr\/de\/?s={search_term_string}"},"query-input":{"@type":"PropertyValueSpecification","valueRequired":true,"valueName":"search_term_string"}}],"inLanguage":"de"},{"@type":"Organization","@id":"https:\/\/denizcankizil.tr\/de\/#organization","name":"Av. Deniz Can K\u0131z\u0131l","url":"https:\/\/denizcankizil.tr\/de\/","logo":{"@type":"ImageObject","inLanguage":"de","@id":"https:\/\/denizcankizil.tr\/de\/#\/schema\/logo\/image\/","url":"http:\/\/denizcankizil.tr\/wp-content\/uploads\/2024\/10\/siyah-logo-svg.svg","contentUrl":"http:\/\/denizcankizil.tr\/wp-content\/uploads\/2024\/10\/siyah-logo-svg.svg","width":1080,"height":1080,"caption":"Av. Deniz Can K\u0131z\u0131l"},"image":{"@id":"https:\/\/denizcankizil.tr\/de\/#\/schema\/logo\/image\/"}},{"@type":"Person","@id":"https:\/\/denizcankizil.tr\/de\/#\/schema\/person\/e1eb71bb4dd684d46563f0af307e1234","name":"Antalya K\u00f6rfez","image":{"@type":"ImageObject","inLanguage":"de","@id":"https:\/\/denizcankizil.tr\/de\/#\/schema\/person\/image\/","url":"https:\/\/secure.gravatar.com\/avatar\/42b01982558a48a0b501fdcab6a408d3717ea5919095ee2e67b0e521799c5905?s=96&d=mm&r=g","contentUrl":"https:\/\/secure.gravatar.com\/avatar\/42b01982558a48a0b501fdcab6a408d3717ea5919095ee2e67b0e521799c5905?s=96&d=mm&r=g","caption":"Antalya K\u00f6rfez"},"sameAs":["http:\/\/www.antalyakorfez.com"],"url":"https:\/\/www.antalyakorfez.com\/chpli-eski-vekil-hukumete-seslendi-dogumu-birak-ekonomiye-bak"}]}},"_links":{"self":[{"href":"http:\/\/denizcankizil.tr\/de\/wp-json\/wp\/v2\/posts\/63830","targetHints":{"allow":["GET"]}}],"collection":[{"href":"http:\/\/denizcankizil.tr\/de\/wp-json\/wp\/v2\/posts"}],"about":[{"href":"http:\/\/denizcankizil.tr\/de\/wp-json\/wp\/v2\/types\/post"}],"author":[{"embeddable":true,"href":"http:\/\/denizcankizil.tr\/de\/wp-json\/wp\/v2\/users\/5"}],"replies":[{"embeddable":true,"href":"http:\/\/denizcankizil.tr\/de\/wp-json\/wp\/v2\/comments?post=63830"}],"version-history":[{"count":0,"href":"http:\/\/denizcankizil.tr\/de\/wp-json\/wp\/v2\/posts\/63830\/revisions"}],"wp:attachment":[{"href":"http:\/\/denizcankizil.tr\/de\/wp-json\/wp\/v2\/media?parent=63830"}],"wp:term":[{"taxonomy":"category","embeddable":true,"href":"http:\/\/denizcankizil.tr\/de\/wp-json\/wp\/v2\/categories?post=63830"},{"taxonomy":"post_tag","embeddable":true,"href":"http:\/\/denizcankizil.tr\/de\/wp-json\/wp\/v2\/tags?post=63830"}],"curies":[{"name":"wp","href":"https:\/\/api.w.org\/{rel}","templated":true}]}}