{"id":62998,"date":"2025-04-22T16:41:26","date_gmt":"2025-04-22T13:41:26","guid":{"rendered":"https:\/\/denizcankizil.tr\/uncategorized-tr\/baskan-bocekten-23-nisan-mesaji\/"},"modified":"2025-04-22T16:41:26","modified_gmt":"2025-04-22T13:41:26","slug":"baskan-bocekten-23-nisan-mesaji","status":"publish","type":"post","link":"http:\/\/denizcankizil.tr\/de\/haberler\/antalya\/baskan-bocekten-23-nisan-mesaji\/","title":{"rendered":"Ba\u015fkan B\u00f6cek&#8217;ten 23 Nisan mesaj\u0131"},"content":{"rendered":"<p>Ba\u015fkan B\u00f6cek&#8217;in mesaj\u0131nda \u015fu ifadeler yer ald\u0131:<\/p>\n<p>&#8220;Gazi Mustafa Kemal Atat\u00fcrk&#8217;\u00fcn, gelece\u011fin teminat\u0131 olarak g\u00f6rd\u00fc\u011f\u00fc \u00e7ocuklara arma\u011fan etti\u011fi 23 Nisan Ulusal Egemenlik ve \u00c7ocuk Bayram\u0131&#8217;n\u0131 b\u00fcy\u00fck bir gurur ve sevin\u00e7le kutluyor, bu vatan\u0131 bizlere emanet eden Gazi Mustafa Kemal Atat\u00fcrk&#8217;\u00fc ve milli m\u00fccadelemizin t\u00fcm kahramanlar\u0131n\u0131 rahmet, minnet ve sayg\u0131yla an\u0131yorum.<\/p>\n<p>Her y\u0131l co\u015fku ve gururla kutlad\u0131\u011f\u0131m\u0131z 23 Nisan Ulusal Egemenlik ve \u00c7ocuk Bayram\u0131, milletimizin ba\u011f\u0131ms\u0131zl\u0131k yolunda att\u0131\u011f\u0131 en \u00f6nemli ad\u0131mlardan biri olan T\u00fcrkiye B\u00fcy\u00fck Millet Meclisi&#8217;nin a\u00e7\u0131l\u0131\u015f\u0131n\u0131n da y\u0131ld\u00f6n\u00fcm\u00fcd\u00fcr. &#8216;Egemenlik kay\u0131ts\u0131z, \u015farts\u0131z Milletindir&#8217; s\u00f6z\u00fc do\u011frultusunda, milli egemenlik esas\u0131na dayal\u0131 a\u00e7\u0131lan T\u00fcrkiye B\u00fcy\u00fck Millet Meclisi, Mustafa Kemal Atat\u00fcrk \u00f6nderli\u011finde Kurtulu\u015f Sava\u015f\u0131&#8217;n\u0131 ba\u015flatarak, Cumhuriyet&#8217;e giden yolda \u00f6nemli g\u00f6revler \u00fcstlenmi\u015ftir. Vatan sevgisinin, milli birlik ve beraberli\u011fin, h\u00fcr ya\u015fama u\u011fruna sergilenen fedakarl\u0131\u011f\u0131n en g\u00fczel sembol\u00fc olan TBMM&#8217;nin kuruldu\u011fu g\u00fcn olan 23 Nisan 1920bu nedenle tarihimizde \u00f6nemli bir yere sahiptir.<\/p>\n<p>Atat\u00fcrk, millet egemenli\u011fini esas alan bu \u00f6nemli g\u00fcn\u00fc, ileri g\u00f6r\u00fc\u015fl\u00fc bir lider olarak, \u00e7ocuklara arma\u011fan etmi\u015ftir. &#8216;K\u00fc\u00e7\u00fck han\u0131mlar, k\u00fc\u00e7\u00fck beyler! Sizler hepiniz gelece\u011fin bir g\u00fcl\u00fc, y\u0131ld\u0131z\u0131, ikbal \u0131\u015f\u0131\u011f\u0131s\u0131n\u0131z. Memleketi as\u0131l \u0131\u015f\u0131\u011fa bo\u011facak olan sizsiniz. Kendinizin ne kadar \u00f6nemli, de\u011ferli oldu\u011funuzu d\u00fc\u015f\u00fcnerek ona g\u00f6re \u00e7al\u0131\u015f\u0131n\u0131z. Sizlerden \u00e7ok \u015fey bekliyoruz&#8217; diyen Atat\u00fcrk, gelece\u011fin mimarlar\u0131n\u0131n \u00e7ocuklar oldu\u011funu biliyor, onlara b\u00fcy\u00fck de\u011fer veriyordu.<\/p>\n<p>Sevgili \u00e7ocuklar;<\/p>\n<p>Cumhuriyetimizin kurucusu Mustafa Kemal Atat\u00fcrk&#8217;\u00fcn bu vizyonu do\u011frultusunda, Antalya B\u00fcy\u00fck\u015fehir Belediyesi olarak bizler de siz \u00e7ocuklar\u0131m\u0131z\u0131n geli\u015fimi, mutlulu\u011fu ve e\u011fitimi i\u00e7in hayata ge\u00e7irdi\u011fimiz projelerimizi s\u00fcrd\u00fcr\u00fcyoruz. \u00c7ocuklar\u0131m\u0131z sa\u011fl\u0131kla b\u00fcy\u00fcs\u00fcn diye ba\u015flatt\u0131\u011f\u0131m\u0131z Halk S\u00fct ve Halk mama desteklerimiz s\u00fcrerken, \u00e7ocuklar\u0131m\u0131z i\u00e7in a\u00e7t\u0131\u011f\u0131m\u0131z kre\u015f say\u0131m\u0131z\u0131 her ge\u00e7en g\u00fcn artt\u0131r\u0131yoruz. ATABEM kurs merkezlerimizde \u00e7ocuklar\u0131m\u0131za hem akademik hem de sanatsal alanda e\u011fitimler veriyoruz. \u00c7ocuklar\u0131m\u0131z spor yaparak daha sa\u011fl\u0131kl\u0131 b\u00fcy\u00fcs\u00fcn diye futbol, tenis, yelken kurslar\u0131 veriyoruz. Kentimiz i\u00e7in yapt\u0131\u011f\u0131m\u0131z alt yap\u0131dan, \u00fcst yap\u0131ya, sa\u011fl\u0131ktan, spora, k\u00fclt\u00fcrden sanata her \u00e7al\u0131\u015fmada gelece\u011fimizin teminat\u0131 \u00e7ocuklar\u0131m\u0131z\u0131 d\u00fc\u015f\u00fcn\u00fcyoruz.<\/p>\n<p>Her y\u0131l 23 Nisan&#8217;da d\u00fczenledi\u011fimiz u\u00e7urtma festivalimiz ile \u00e7ocuklar\u0131m\u0131z\u0131n 23 Nisan&#8217;\u0131 ne\u015fe i\u00e7inde, dolu dolu ya\u015famalar\u0131 i\u00e7in gayret g\u00f6steriyoruz. \u00c7ocuklar\u0131m\u0131z\u0131n sadece bir g\u00fcn de\u011fil, y\u0131l\u0131n her g\u00fcn\u00fc \u00f6zel olduklar\u0131n\u0131 hissetmeleri i\u00e7in Antalya B\u00fcy\u00fck\u015fehir Belediyesi olarak, durmadan \u00e7al\u0131\u015fmaya devam edece\u011fiz. \u00c7ocuklar\u0131m\u0131za daha ya\u015fanabilir, daha adil bir d\u00fcnya b\u0131rakmak en b\u00fcy\u00fck sorumlulu\u011fumuzdur.<\/p>\n<p>Bu duygu ve d\u00fc\u015f\u00fcncelerle ba\u015fta Cumhuriyetimizin Kurucusu Gazi Mustafa Kemal Atat\u00fcrk olmak \u00fczere; silah arkada\u015flar\u0131n\u0131, t\u00fcm kurtulu\u015f kahramanlar\u0131m\u0131z\u0131 ve aziz \u015fehitlerimizi sayg\u0131, sevgi, rahmet, minnet, \u015f\u00fckran ve \u00f6zlemle an\u0131yorum.<\/p>\n<p>Sevgiyle kal\u0131n, Cumhuriyetle kal\u0131n, Atat\u00fcrkle kal\u0131n.&#8221;<\/p>\n<p>Kaynak: www.kanalv.com.tr Haber Sitesinden Al\u0131nm\u0131\u015ft\u0131r.<\/p>","protected":false},"excerpt":{"rendered":"<p>Ba\u015fkan B\u00f6cek&#8217;in mesaj\u0131nda \u015fu ifadeler yer ald\u0131: &#8220;Gazi Mustafa Kemal Atat\u00fcrk&#8217;\u00fcn, gelece\u011fin teminat\u0131 olarak g\u00f6rd\u00fc\u011f\u00fc \u00e7ocuklara arma\u011fan etti\u011fi 23 Nisan Ulusal Egemenlik ve \u00c7ocuk Bayram\u0131&#8217;n\u0131 b\u00fcy\u00fck bir gurur ve sevin\u00e7le kutluyor, bu vatan\u0131 bizlere emanet eden Gazi Mustafa Kemal Atat\u00fcrk&#8217;\u00fc ve milli m\u00fccadelemizin t\u00fcm kahramanlar\u0131n\u0131 rahmet, minnet ve sayg\u0131yla an\u0131yorum. Her y\u0131l co\u015fku ve gururla kutlad\u0131\u011f\u0131m\u0131z 23 Nisan Ulusal Egemenlik ve \u00c7ocuk Bayram\u0131, milletimizin ba\u011f\u0131ms\u0131zl\u0131k yolunda att\u0131\u011f\u0131 en \u00f6nemli ad\u0131mlardan biri olan T\u00fcrkiye B\u00fcy\u00fck Millet Meclisi&#8217;nin a\u00e7\u0131l\u0131\u015f\u0131n\u0131n da y\u0131ld\u00f6n\u00fcm\u00fcd\u00fcr. &#8216;Egemenlik kay\u0131ts\u0131z, \u015farts\u0131z Milletindir&#8217; s\u00f6z\u00fc do\u011frultusunda, milli egemenlik esas\u0131na dayal\u0131 a\u00e7\u0131lan T\u00fcrkiye B\u00fcy\u00fck Millet Meclisi, Mustafa Kemal Atat\u00fcrk \u00f6nderli\u011finde Kurtulu\u015f Sava\u015f\u0131&#8217;n\u0131 ba\u015flatarak, Cumhuriyet&#8217;e giden yolda \u00f6nemli g\u00f6revler \u00fcstlenmi\u015ftir. Vatan sevgisinin, milli birlik ve beraberli\u011fin, h\u00fcr ya\u015fama u\u011fruna sergilenen fedakarl\u0131\u011f\u0131n en g\u00fczel sembol\u00fc olan TBMM&#8217;nin kuruldu\u011fu g\u00fcn olan 23 Nisan 1920bu nedenle tarihimizde \u00f6nemli bir yere sahiptir. Atat\u00fcrk, millet egemenli\u011fini esas alan bu \u00f6nemli g\u00fcn\u00fc, ileri g\u00f6r\u00fc\u015fl\u00fc bir lider olarak, \u00e7ocuklara arma\u011fan etmi\u015ftir. &#8216;K\u00fc\u00e7\u00fck han\u0131mlar, k\u00fc\u00e7\u00fck beyler! Sizler hepiniz gelece\u011fin bir g\u00fcl\u00fc, y\u0131ld\u0131z\u0131, ikbal \u0131\u015f\u0131\u011f\u0131s\u0131n\u0131z. Memleketi as\u0131l \u0131\u015f\u0131\u011fa bo\u011facak olan sizsiniz. Kendinizin ne kadar \u00f6nemli, de\u011ferli oldu\u011funuzu d\u00fc\u015f\u00fcnerek ona g\u00f6re \u00e7al\u0131\u015f\u0131n\u0131z. Sizlerden \u00e7ok \u015fey bekliyoruz&#8217; diyen Atat\u00fcrk, gelece\u011fin mimarlar\u0131n\u0131n \u00e7ocuklar oldu\u011funu biliyor, onlara b\u00fcy\u00fck de\u011fer veriyordu. Sevgili \u00e7ocuklar; Cumhuriyetimizin kurucusu Mustafa Kemal &hellip;<\/p>","protected":false},"author":4,"featured_media":62999,"comment_status":"","ping_status":"open","sticky":false,"template":"","format":"standard","meta":{"_acf_changed":false,"footnotes":""},"categories":[26],"tags":[],"class_list":["post-62998","post","type-post","status-publish","format-standard","has-post-thumbnail","hentry","category-antalya"],"acf":[],"yoast_head":"<!-- This site is optimized with the Yoast SEO Premium plugin v26.6 (Yoast SEO v27.1.1) - https:\/\/yoast.com\/product\/yoast-seo-premium-wordpress\/ -->\n<title>Ba\u015fkan B\u00f6cek&#039;ten 23 Nisan mesaj\u0131 - Av. Deniz Can K\u0131z\u0131l<\/title>\n<meta name=\"robots\" content=\"index, follow, max-snippet:-1, max-image-preview:large, max-video-preview:-1\" \/>\n<link rel=\"canonical\" href=\"http:\/\/denizcankizil.tr\/de\/haberler\/antalya\/baskan-bocekten-23-nisan-mesaji\/\" \/>\n<meta property=\"og:locale\" content=\"de_DE\" \/>\n<meta property=\"og:type\" content=\"article\" \/>\n<meta property=\"og:title\" content=\"Ba\u015fkan B\u00f6cek&#039;ten 23 Nisan mesaj\u0131\" \/>\n<meta property=\"og:description\" content=\"Ba\u015fkan B\u00f6cek&#8217;in mesaj\u0131nda \u015fu ifadeler yer ald\u0131: &#8220;Gazi Mustafa Kemal Atat\u00fcrk&#8217;\u00fcn, gelece\u011fin teminat\u0131 olarak g\u00f6rd\u00fc\u011f\u00fc \u00e7ocuklara arma\u011fan etti\u011fi 23 Nisan Ulusal Egemenlik ve \u00c7ocuk Bayram\u0131&#8217;n\u0131 b\u00fcy\u00fck bir gurur ve sevin\u00e7le kutluyor, bu vatan\u0131 bizlere emanet eden Gazi Mustafa Kemal Atat\u00fcrk&#8217;\u00fc ve milli m\u00fccadelemizin t\u00fcm kahramanlar\u0131n\u0131 rahmet, minnet ve sayg\u0131yla an\u0131yorum. Her y\u0131l co\u015fku ve gururla kutlad\u0131\u011f\u0131m\u0131z 23 Nisan Ulusal Egemenlik ve \u00c7ocuk Bayram\u0131, milletimizin ba\u011f\u0131ms\u0131zl\u0131k yolunda att\u0131\u011f\u0131 en \u00f6nemli ad\u0131mlardan biri olan T\u00fcrkiye B\u00fcy\u00fck Millet Meclisi&#8217;nin a\u00e7\u0131l\u0131\u015f\u0131n\u0131n da y\u0131ld\u00f6n\u00fcm\u00fcd\u00fcr. &#8216;Egemenlik kay\u0131ts\u0131z, \u015farts\u0131z Milletindir&#8217; s\u00f6z\u00fc do\u011frultusunda, milli egemenlik esas\u0131na dayal\u0131 a\u00e7\u0131lan T\u00fcrkiye B\u00fcy\u00fck Millet Meclisi, Mustafa Kemal Atat\u00fcrk \u00f6nderli\u011finde Kurtulu\u015f Sava\u015f\u0131&#8217;n\u0131 ba\u015flatarak, Cumhuriyet&#8217;e giden yolda \u00f6nemli g\u00f6revler \u00fcstlenmi\u015ftir. Vatan sevgisinin, milli birlik ve beraberli\u011fin, h\u00fcr ya\u015fama u\u011fruna sergilenen fedakarl\u0131\u011f\u0131n en g\u00fczel sembol\u00fc olan TBMM&#8217;nin kuruldu\u011fu g\u00fcn olan 23 Nisan 1920bu nedenle tarihimizde \u00f6nemli bir yere sahiptir. Atat\u00fcrk, millet egemenli\u011fini esas alan bu \u00f6nemli g\u00fcn\u00fc, ileri g\u00f6r\u00fc\u015fl\u00fc bir lider olarak, \u00e7ocuklara arma\u011fan etmi\u015ftir. &#8216;K\u00fc\u00e7\u00fck han\u0131mlar, k\u00fc\u00e7\u00fck beyler! Sizler hepiniz gelece\u011fin bir g\u00fcl\u00fc, y\u0131ld\u0131z\u0131, ikbal \u0131\u015f\u0131\u011f\u0131s\u0131n\u0131z. Memleketi as\u0131l \u0131\u015f\u0131\u011fa bo\u011facak olan sizsiniz. Kendinizin ne kadar \u00f6nemli, de\u011ferli oldu\u011funuzu d\u00fc\u015f\u00fcnerek ona g\u00f6re \u00e7al\u0131\u015f\u0131n\u0131z. Sizlerden \u00e7ok \u015fey bekliyoruz&#8217; diyen Atat\u00fcrk, gelece\u011fin mimarlar\u0131n\u0131n \u00e7ocuklar oldu\u011funu biliyor, onlara b\u00fcy\u00fck de\u011fer veriyordu. Sevgili \u00e7ocuklar; Cumhuriyetimizin kurucusu Mustafa Kemal &hellip;\" \/>\n<meta property=\"og:url\" content=\"http:\/\/denizcankizil.tr\/de\/haberler\/antalya\/baskan-bocekten-23-nisan-mesaji\/\" \/>\n<meta property=\"og:site_name\" content=\"Av. Deniz Can K\u0131z\u0131l\" \/>\n<meta property=\"article:published_time\" content=\"2025-04-22T13:41:26+00:00\" \/>\n<meta property=\"og:image\" content=\"http:\/\/denizcankizil.tr\/wp-content\/uploads\/2025\/04\/5940-01-IYFNqS.jpg\" \/>\n\t<meta property=\"og:image:width\" content=\"1280\" \/>\n\t<meta property=\"og:image:height\" content=\"720\" \/>\n\t<meta property=\"og:image:type\" content=\"image\/jpeg\" \/>\n<meta name=\"author\" content=\"Av. Deniz Can K\u0131z\u0131l\" \/>\n<meta name=\"twitter:card\" content=\"summary_large_image\" \/>\n<meta name=\"twitter:label1\" content=\"Verfasst von\" \/>\n\t<meta name=\"twitter:data1\" content=\"Av. Deniz Can K\u0131z\u0131l\" \/>\n\t<meta name=\"twitter:label2\" content=\"Gesch\u00e4tzte Lesezeit\" \/>\n\t<meta name=\"twitter:data2\" content=\"3\u00a0Minuten\" \/>\n<script type=\"application\/ld+json\" class=\"yoast-schema-graph\">{\"@context\":\"https:\/\/schema.org\",\"@graph\":[{\"@type\":\"Article\",\"@id\":\"http:\/\/denizcankizil.tr\/de\/haberler\/antalya\/baskan-bocekten-23-nisan-mesaji\/#article\",\"isPartOf\":{\"@id\":\"http:\/\/denizcankizil.tr\/de\/haberler\/antalya\/baskan-bocekten-23-nisan-mesaji\/\"},\"author\":{\"name\":\"Av. Deniz Can K\u0131z\u0131l\",\"@id\":\"https:\/\/denizcankizil.tr\/de\/#\/schema\/person\/5dc1b22991bd7ac833867c10afc9b0ff\"},\"headline\":\"Ba\u015fkan B\u00f6cek&#8217;ten 23 Nisan mesaj\u0131\",\"datePublished\":\"2025-04-22T13:41:26+00:00\",\"mainEntityOfPage\":{\"@id\":\"http:\/\/denizcankizil.tr\/de\/haberler\/antalya\/baskan-bocekten-23-nisan-mesaji\/\"},\"wordCount\":595,\"publisher\":{\"@id\":\"https:\/\/denizcankizil.tr\/de\/#organization\"},\"image\":{\"@id\":\"http:\/\/denizcankizil.tr\/de\/haberler\/antalya\/baskan-bocekten-23-nisan-mesaji\/#primaryimage\"},\"thumbnailUrl\":\"http:\/\/denizcankizil.tr\/wp-content\/uploads\/2025\/04\/5940-01-IYFNqS.jpg\",\"articleSection\":[\"Antalya\"],\"inLanguage\":\"de\"},{\"@type\":\"WebPage\",\"@id\":\"http:\/\/denizcankizil.tr\/de\/haberler\/antalya\/baskan-bocekten-23-nisan-mesaji\/\",\"url\":\"http:\/\/denizcankizil.tr\/de\/haberler\/antalya\/baskan-bocekten-23-nisan-mesaji\/\",\"name\":\"Ba\u015fkan B\u00f6cek'ten 23 Nisan mesaj\u0131 - Av. Deniz Can K\u0131z\u0131l\",\"isPartOf\":{\"@id\":\"https:\/\/denizcankizil.tr\/de\/#website\"},\"primaryImageOfPage\":{\"@id\":\"http:\/\/denizcankizil.tr\/de\/haberler\/antalya\/baskan-bocekten-23-nisan-mesaji\/#primaryimage\"},\"image\":{\"@id\":\"http:\/\/denizcankizil.tr\/de\/haberler\/antalya\/baskan-bocekten-23-nisan-mesaji\/#primaryimage\"},\"thumbnailUrl\":\"http:\/\/denizcankizil.tr\/wp-content\/uploads\/2025\/04\/5940-01-IYFNqS.jpg\",\"datePublished\":\"2025-04-22T13:41:26+00:00\",\"breadcrumb\":{\"@id\":\"http:\/\/denizcankizil.tr\/de\/haberler\/antalya\/baskan-bocekten-23-nisan-mesaji\/#breadcrumb\"},\"inLanguage\":\"de\",\"potentialAction\":[{\"@type\":\"ReadAction\",\"target\":[\"http:\/\/denizcankizil.tr\/de\/haberler\/antalya\/baskan-bocekten-23-nisan-mesaji\/\"]}]},{\"@type\":\"ImageObject\",\"inLanguage\":\"de\",\"@id\":\"http:\/\/denizcankizil.tr\/de\/haberler\/antalya\/baskan-bocekten-23-nisan-mesaji\/#primaryimage\",\"url\":\"http:\/\/denizcankizil.tr\/wp-content\/uploads\/2025\/04\/5940-01-IYFNqS.jpg\",\"contentUrl\":\"http:\/\/denizcankizil.tr\/wp-content\/uploads\/2025\/04\/5940-01-IYFNqS.jpg\",\"width\":1280,\"height\":720},{\"@type\":\"BreadcrumbList\",\"@id\":\"http:\/\/denizcankizil.tr\/de\/haberler\/antalya\/baskan-bocekten-23-nisan-mesaji\/#breadcrumb\",\"itemListElement\":[{\"@type\":\"ListItem\",\"position\":1,\"name\":\"Home\",\"item\":\"https:\/\/denizcankizil.tr\/de\/\"},{\"@type\":\"ListItem\",\"position\":2,\"name\":\"Ba\u015fkan B\u00f6cek&#8217;ten 23 Nisan mesaj\u0131\"}]},{\"@type\":\"WebSite\",\"@id\":\"https:\/\/denizcankizil.tr\/de\/#website\",\"url\":\"https:\/\/denizcankizil.tr\/de\/\",\"name\":\"Av. Deniz Can K\u0131z\u0131l\",\"description\":\"Avukat Deniz Can K\u0131z\u0131l Antalya Barosu\",\"publisher\":{\"@id\":\"https:\/\/denizcankizil.tr\/de\/#organization\"},\"potentialAction\":[{\"@type\":\"SearchAction\",\"target\":{\"@type\":\"EntryPoint\",\"urlTemplate\":\"https:\/\/denizcankizil.tr\/de\/?s={search_term_string}\"},\"query-input\":{\"@type\":\"PropertyValueSpecification\",\"valueRequired\":true,\"valueName\":\"search_term_string\"}}],\"inLanguage\":\"de\"},{\"@type\":\"Organization\",\"@id\":\"https:\/\/denizcankizil.tr\/de\/#organization\",\"name\":\"Av. Deniz Can K\u0131z\u0131l\",\"url\":\"https:\/\/denizcankizil.tr\/de\/\",\"logo\":{\"@type\":\"ImageObject\",\"inLanguage\":\"de\",\"@id\":\"https:\/\/denizcankizil.tr\/de\/#\/schema\/logo\/image\/\",\"url\":\"http:\/\/denizcankizil.tr\/wp-content\/uploads\/2024\/10\/siyah-logo-svg.svg\",\"contentUrl\":\"http:\/\/denizcankizil.tr\/wp-content\/uploads\/2024\/10\/siyah-logo-svg.svg\",\"width\":1080,\"height\":1080,\"caption\":\"Av. Deniz Can K\u0131z\u0131l\"},\"image\":{\"@id\":\"https:\/\/denizcankizil.tr\/de\/#\/schema\/logo\/image\/\"}},{\"@type\":\"Person\",\"@id\":\"https:\/\/denizcankizil.tr\/de\/#\/schema\/person\/5dc1b22991bd7ac833867c10afc9b0ff\",\"name\":\"Av. Deniz Can K\u0131z\u0131l\",\"image\":{\"@type\":\"ImageObject\",\"inLanguage\":\"de\",\"@id\":\"https:\/\/denizcankizil.tr\/de\/#\/schema\/person\/image\/\",\"url\":\"https:\/\/secure.gravatar.com\/avatar\/a0b128fb9855c79efc976d5640eedb31dc35ec297594d6016d2cf7c60e975bb6?s=96&d=mm&r=g\",\"contentUrl\":\"https:\/\/secure.gravatar.com\/avatar\/a0b128fb9855c79efc976d5640eedb31dc35ec297594d6016d2cf7c60e975bb6?s=96&d=mm&r=g\",\"caption\":\"Av. Deniz Can K\u0131z\u0131l\"},\"sameAs\":[\"http:\/\/www.denizcankizil.tr\"],\"url\":\"http:\/\/denizcankizil.tr\/de\/author\/denizcankizil\/\"}]}<\/script>\n<!-- \/ Yoast SEO Premium plugin. -->","yoast_head_json":{"title":"Ba\u015fkan B\u00f6cek'ten 23 Nisan mesaj\u0131 - Av. Deniz Can K\u0131z\u0131l","robots":{"index":"index","follow":"follow","max-snippet":"max-snippet:-1","max-image-preview":"max-image-preview:large","max-video-preview":"max-video-preview:-1"},"canonical":"http:\/\/denizcankizil.tr\/de\/haberler\/antalya\/baskan-bocekten-23-nisan-mesaji\/","og_locale":"de_DE","og_type":"article","og_title":"Ba\u015fkan B\u00f6cek'ten 23 Nisan mesaj\u0131","og_description":"Ba\u015fkan B\u00f6cek&#8217;in mesaj\u0131nda \u015fu ifadeler yer ald\u0131: &#8220;Gazi Mustafa Kemal Atat\u00fcrk&#8217;\u00fcn, gelece\u011fin teminat\u0131 olarak g\u00f6rd\u00fc\u011f\u00fc \u00e7ocuklara arma\u011fan etti\u011fi 23 Nisan Ulusal Egemenlik ve \u00c7ocuk Bayram\u0131&#8217;n\u0131 b\u00fcy\u00fck bir gurur ve sevin\u00e7le kutluyor, bu vatan\u0131 bizlere emanet eden Gazi Mustafa Kemal Atat\u00fcrk&#8217;\u00fc ve milli m\u00fccadelemizin t\u00fcm kahramanlar\u0131n\u0131 rahmet, minnet ve sayg\u0131yla an\u0131yorum. Her y\u0131l co\u015fku ve gururla kutlad\u0131\u011f\u0131m\u0131z 23 Nisan Ulusal Egemenlik ve \u00c7ocuk Bayram\u0131, milletimizin ba\u011f\u0131ms\u0131zl\u0131k yolunda att\u0131\u011f\u0131 en \u00f6nemli ad\u0131mlardan biri olan T\u00fcrkiye B\u00fcy\u00fck Millet Meclisi&#8217;nin a\u00e7\u0131l\u0131\u015f\u0131n\u0131n da y\u0131ld\u00f6n\u00fcm\u00fcd\u00fcr. &#8216;Egemenlik kay\u0131ts\u0131z, \u015farts\u0131z Milletindir&#8217; s\u00f6z\u00fc do\u011frultusunda, milli egemenlik esas\u0131na dayal\u0131 a\u00e7\u0131lan T\u00fcrkiye B\u00fcy\u00fck Millet Meclisi, Mustafa Kemal Atat\u00fcrk \u00f6nderli\u011finde Kurtulu\u015f Sava\u015f\u0131&#8217;n\u0131 ba\u015flatarak, Cumhuriyet&#8217;e giden yolda \u00f6nemli g\u00f6revler \u00fcstlenmi\u015ftir. Vatan sevgisinin, milli birlik ve beraberli\u011fin, h\u00fcr ya\u015fama u\u011fruna sergilenen fedakarl\u0131\u011f\u0131n en g\u00fczel sembol\u00fc olan TBMM&#8217;nin kuruldu\u011fu g\u00fcn olan 23 Nisan 1920bu nedenle tarihimizde \u00f6nemli bir yere sahiptir. Atat\u00fcrk, millet egemenli\u011fini esas alan bu \u00f6nemli g\u00fcn\u00fc, ileri g\u00f6r\u00fc\u015fl\u00fc bir lider olarak, \u00e7ocuklara arma\u011fan etmi\u015ftir. &#8216;K\u00fc\u00e7\u00fck han\u0131mlar, k\u00fc\u00e7\u00fck beyler! Sizler hepiniz gelece\u011fin bir g\u00fcl\u00fc, y\u0131ld\u0131z\u0131, ikbal \u0131\u015f\u0131\u011f\u0131s\u0131n\u0131z. Memleketi as\u0131l \u0131\u015f\u0131\u011fa bo\u011facak olan sizsiniz. Kendinizin ne kadar \u00f6nemli, de\u011ferli oldu\u011funuzu d\u00fc\u015f\u00fcnerek ona g\u00f6re \u00e7al\u0131\u015f\u0131n\u0131z. Sizlerden \u00e7ok \u015fey bekliyoruz&#8217; diyen Atat\u00fcrk, gelece\u011fin mimarlar\u0131n\u0131n \u00e7ocuklar oldu\u011funu biliyor, onlara b\u00fcy\u00fck de\u011fer veriyordu. Sevgili \u00e7ocuklar; Cumhuriyetimizin kurucusu Mustafa Kemal &hellip;","og_url":"http:\/\/denizcankizil.tr\/de\/haberler\/antalya\/baskan-bocekten-23-nisan-mesaji\/","og_site_name":"Av. Deniz Can K\u0131z\u0131l","article_published_time":"2025-04-22T13:41:26+00:00","og_image":[{"width":1280,"height":720,"url":"http:\/\/denizcankizil.tr\/wp-content\/uploads\/2025\/04\/5940-01-IYFNqS.jpg","type":"image\/jpeg"}],"author":"Av. Deniz Can K\u0131z\u0131l","twitter_card":"summary_large_image","twitter_misc":{"Verfasst von":"Av. Deniz Can K\u0131z\u0131l","Gesch\u00e4tzte Lesezeit":"3\u00a0Minuten"},"schema":{"@context":"https:\/\/schema.org","@graph":[{"@type":"Article","@id":"http:\/\/denizcankizil.tr\/de\/haberler\/antalya\/baskan-bocekten-23-nisan-mesaji\/#article","isPartOf":{"@id":"http:\/\/denizcankizil.tr\/de\/haberler\/antalya\/baskan-bocekten-23-nisan-mesaji\/"},"author":{"name":"Av. Deniz Can K\u0131z\u0131l","@id":"https:\/\/denizcankizil.tr\/de\/#\/schema\/person\/5dc1b22991bd7ac833867c10afc9b0ff"},"headline":"Ba\u015fkan B\u00f6cek&#8217;ten 23 Nisan mesaj\u0131","datePublished":"2025-04-22T13:41:26+00:00","mainEntityOfPage":{"@id":"http:\/\/denizcankizil.tr\/de\/haberler\/antalya\/baskan-bocekten-23-nisan-mesaji\/"},"wordCount":595,"publisher":{"@id":"https:\/\/denizcankizil.tr\/de\/#organization"},"image":{"@id":"http:\/\/denizcankizil.tr\/de\/haberler\/antalya\/baskan-bocekten-23-nisan-mesaji\/#primaryimage"},"thumbnailUrl":"http:\/\/denizcankizil.tr\/wp-content\/uploads\/2025\/04\/5940-01-IYFNqS.jpg","articleSection":["Antalya"],"inLanguage":"de"},{"@type":"WebPage","@id":"http:\/\/denizcankizil.tr\/de\/haberler\/antalya\/baskan-bocekten-23-nisan-mesaji\/","url":"http:\/\/denizcankizil.tr\/de\/haberler\/antalya\/baskan-bocekten-23-nisan-mesaji\/","name":"Ba\u015fkan B\u00f6cek'ten 23 Nisan mesaj\u0131 - Av. Deniz Can K\u0131z\u0131l","isPartOf":{"@id":"https:\/\/denizcankizil.tr\/de\/#website"},"primaryImageOfPage":{"@id":"http:\/\/denizcankizil.tr\/de\/haberler\/antalya\/baskan-bocekten-23-nisan-mesaji\/#primaryimage"},"image":{"@id":"http:\/\/denizcankizil.tr\/de\/haberler\/antalya\/baskan-bocekten-23-nisan-mesaji\/#primaryimage"},"thumbnailUrl":"http:\/\/denizcankizil.tr\/wp-content\/uploads\/2025\/04\/5940-01-IYFNqS.jpg","datePublished":"2025-04-22T13:41:26+00:00","breadcrumb":{"@id":"http:\/\/denizcankizil.tr\/de\/haberler\/antalya\/baskan-bocekten-23-nisan-mesaji\/#breadcrumb"},"inLanguage":"de","potentialAction":[{"@type":"ReadAction","target":["http:\/\/denizcankizil.tr\/de\/haberler\/antalya\/baskan-bocekten-23-nisan-mesaji\/"]}]},{"@type":"ImageObject","inLanguage":"de","@id":"http:\/\/denizcankizil.tr\/de\/haberler\/antalya\/baskan-bocekten-23-nisan-mesaji\/#primaryimage","url":"http:\/\/denizcankizil.tr\/wp-content\/uploads\/2025\/04\/5940-01-IYFNqS.jpg","contentUrl":"http:\/\/denizcankizil.tr\/wp-content\/uploads\/2025\/04\/5940-01-IYFNqS.jpg","width":1280,"height":720},{"@type":"BreadcrumbList","@id":"http:\/\/denizcankizil.tr\/de\/haberler\/antalya\/baskan-bocekten-23-nisan-mesaji\/#breadcrumb","itemListElement":[{"@type":"ListItem","position":1,"name":"Home","item":"https:\/\/denizcankizil.tr\/de\/"},{"@type":"ListItem","position":2,"name":"Ba\u015fkan B\u00f6cek&#8217;ten 23 Nisan mesaj\u0131"}]},{"@type":"WebSite","@id":"https:\/\/denizcankizil.tr\/de\/#website","url":"https:\/\/denizcankizil.tr\/de\/","name":"Av. Deniz Can K\u0131z\u0131l","description":"Avukat Deniz Can K\u0131z\u0131l Antalya Barosu","publisher":{"@id":"https:\/\/denizcankizil.tr\/de\/#organization"},"potentialAction":[{"@type":"SearchAction","target":{"@type":"EntryPoint","urlTemplate":"https:\/\/denizcankizil.tr\/de\/?s={search_term_string}"},"query-input":{"@type":"PropertyValueSpecification","valueRequired":true,"valueName":"search_term_string"}}],"inLanguage":"de"},{"@type":"Organization","@id":"https:\/\/denizcankizil.tr\/de\/#organization","name":"Av. Deniz Can K\u0131z\u0131l","url":"https:\/\/denizcankizil.tr\/de\/","logo":{"@type":"ImageObject","inLanguage":"de","@id":"https:\/\/denizcankizil.tr\/de\/#\/schema\/logo\/image\/","url":"http:\/\/denizcankizil.tr\/wp-content\/uploads\/2024\/10\/siyah-logo-svg.svg","contentUrl":"http:\/\/denizcankizil.tr\/wp-content\/uploads\/2024\/10\/siyah-logo-svg.svg","width":1080,"height":1080,"caption":"Av. Deniz Can K\u0131z\u0131l"},"image":{"@id":"https:\/\/denizcankizil.tr\/de\/#\/schema\/logo\/image\/"}},{"@type":"Person","@id":"https:\/\/denizcankizil.tr\/de\/#\/schema\/person\/5dc1b22991bd7ac833867c10afc9b0ff","name":"Av. Deniz Can K\u0131z\u0131l","image":{"@type":"ImageObject","inLanguage":"de","@id":"https:\/\/denizcankizil.tr\/de\/#\/schema\/person\/image\/","url":"https:\/\/secure.gravatar.com\/avatar\/a0b128fb9855c79efc976d5640eedb31dc35ec297594d6016d2cf7c60e975bb6?s=96&d=mm&r=g","contentUrl":"https:\/\/secure.gravatar.com\/avatar\/a0b128fb9855c79efc976d5640eedb31dc35ec297594d6016d2cf7c60e975bb6?s=96&d=mm&r=g","caption":"Av. Deniz Can K\u0131z\u0131l"},"sameAs":["http:\/\/www.denizcankizil.tr"],"url":"http:\/\/denizcankizil.tr\/de\/author\/denizcankizil\/"}]}},"_links":{"self":[{"href":"http:\/\/denizcankizil.tr\/de\/wp-json\/wp\/v2\/posts\/62998","targetHints":{"allow":["GET"]}}],"collection":[{"href":"http:\/\/denizcankizil.tr\/de\/wp-json\/wp\/v2\/posts"}],"about":[{"href":"http:\/\/denizcankizil.tr\/de\/wp-json\/wp\/v2\/types\/post"}],"author":[{"embeddable":true,"href":"http:\/\/denizcankizil.tr\/de\/wp-json\/wp\/v2\/users\/4"}],"replies":[{"embeddable":true,"href":"http:\/\/denizcankizil.tr\/de\/wp-json\/wp\/v2\/comments?post=62998"}],"version-history":[{"count":0,"href":"http:\/\/denizcankizil.tr\/de\/wp-json\/wp\/v2\/posts\/62998\/revisions"}],"wp:featuredmedia":[{"embeddable":true,"href":"http:\/\/denizcankizil.tr\/de\/wp-json\/wp\/v2\/media\/62999"}],"wp:attachment":[{"href":"http:\/\/denizcankizil.tr\/de\/wp-json\/wp\/v2\/media?parent=62998"}],"wp:term":[{"taxonomy":"category","embeddable":true,"href":"http:\/\/denizcankizil.tr\/de\/wp-json\/wp\/v2\/categories?post=62998"},{"taxonomy":"post_tag","embeddable":true,"href":"http:\/\/denizcankizil.tr\/de\/wp-json\/wp\/v2\/tags?post=62998"}],"curies":[{"name":"wp","href":"https:\/\/api.w.org\/{rel}","templated":true}]}}