{"id":61955,"date":"2025-04-21T15:39:45","date_gmt":"2025-04-21T12:39:45","guid":{"rendered":"https:\/\/denizcankizil.tr\/uncategorized-tr\/dampinge-karsi-telafi-edici-vergilerin-hukuki-analizi\/"},"modified":"2025-04-21T15:39:45","modified_gmt":"2025-04-21T12:39:45","slug":"dampinge-karsi-telafi-edici-vergilerin-hukuki-analizi","status":"publish","type":"post","link":"http:\/\/denizcankizil.tr\/de\/koseyazilari\/degerlendirme\/dampinge-karsi-telafi-edici-vergilerin-hukuki-analizi\/","title":{"rendered":"Dampinge Kar\u015f\u0131 Telafi Edici Vergilerin Hukuki Analizi"},"content":{"rendered":"<p> <strong>dampinge Kar\u015f\u0131 Telafi edici Vergilerin Hukuki Analizi<\/strong><\/p>\n<p>D\u00fcnya ticaretinin dinamikleri, \u00fclkeler aras\u0131ndaki ekonomik ili\u015fkilerin\u200c karma\u015f\u0131kl\u0131\u011f\u0131n\u0131 \u200dart\u0131rmakta ve <a href=\"https:\/\/denizcankizil.tr\/de\/hukukihaber\/tbb-sigortacilikta-tahkime-iliskin-yonetmelikteki-bazi-degisikliklerin-iptali-icin-danistaya-basvurdu\/\" title=\"TBB, S\u0130GORTACILIKTA TAHK\u0130ME \u0130L\u0130\u015eK\u0130N Y\u00d6NETMEL\u0130KTEK\u0130 BAZI DE\u011e\u0130\u015e\u0130KL\u0130KLER\u0130N \u0130PTAL\u0130 \u0130\u00c7\u0130N DANI\u015eTAY&#039;A BA\u015eVURDU\">bu durum<\/a>, uluslararas\u0131 ticaretin d\u00fczenlenmesi\u200d konusunda \u00e7e\u015fitli hukuki mekanizmalar\u0131n geli\u015ftirilmesini zorunlu k\u0131lmaktad\u0131r. Bu ba\u011flamda,damping\u200b uygulamalar\u0131,yani bir \u00fcr\u00fcn\u00fcn \u200byurtd\u0131\u015f\u0131nda,i\u00e7 piyasa fiyat\u0131n\u0131n alt\u0131nda \u200bsat\u0131lmas\u0131,hem yerel \u00fcreticilerin rekabet g\u00fcc\u00fcn\u00fc tehdit etmekte hem de adil ticaret ilkelerini zedelemektedir. Damping, \u200cyaln\u0131zca ekonomik bir sorun\u2063 de\u011fil, ayn\u0131 zamanda hukuki bir mesele olarak da kar\u015f\u0131m\u0131za \u2062\u00e7\u0131kmaktad\u0131r. Bu nedenle, damping \u200duygulamalar\u0131na \u200bkar\u015f\u0131 \u2064al\u0131nan\u200b \u00f6nlemler aras\u0131nda yer alan telafi edici vergilerin hukuki \u00e7er\u00e7evesinin \u2064incelenmesi, hem\u2063 ulusal hem de uluslararas\u0131 d\u00fczeyde b\u00fcy\u00fck\u200d bir \u00f6nem \u2063ta\u015f\u0131maktad\u0131r. <\/p>\n<p>Bu makalede, \u2063damping kar\u015f\u0131s\u0131nda uygulanan telafi edici vergilerin hukuki \u200ctemelleri, T\u00fcrkiye&#8217;nin ilgili mevzuat\u0131\u2064 ve \u200buluslararas\u0131 ticaret anla\u015fmalar\u0131 \u00e7er\u00e7evesindeki \u200byeri detayl\u0131 bir \u015fekilde ele al\u0131nacakt\u0131r. ayr\u0131ca, Yarg\u0131tay i\u00e7tihatlar\u0131 \u0131\u015f\u0131\u011f\u0131nda, telafi \u200bedici vergilerin uygulanabilirli\u011fi ve etkileri \u00fczerine bir de\u011ferlendirme \u2062yap\u0131lacak,\u200d <a href=\"https:\/\/denizcankizil.tr\/de\/hukukihaber\/milletvekilliginin-dusurulmesine-iliskin-islemin-iptali-talebi-hakkinda-karar-verilmesine-yer-olmadigi\/\" title=\"Milletvekilli\u011finin D\u00fc\u015f\u00fcr\u00fclmesine \u0130li\u015fkin \u0130\u015flemin \u0130ptali Talebi Hakk\u0131nda Karar Verilmesine Yer Olmad\u0131\u011f\u0131\">bu ba\u011flamda<\/a> ortaya \u00e7\u0131kan hukuki sorunlar ve \u00e7\u00f6z\u00fcm \u00f6nerileri tart\u0131\u015f\u0131lacakt\u0131r. B\u00f6ylece, damping kar\u015f\u0131t\u0131 \u00f6nlemlerin\u200d hukuki analizi, hem akademik hem \u200cde pratik a\u00e7\u0131dan \u00f6nemli bir katk\u0131 sa\u011flayacakt\u0131r.<br \/><img decoding=\"async\" class=\"kimage_class lazyload\" data-src=\"https:\/\/denizcankizil.tr\/wp-content\/uploads\/2024\/10\/P8RPY-253D.jpg\" alt=\"Dampinge \u2064Kar\u015f\u0131 Telafi Edici Vergilerin Tan\u0131m\u0131 ve \u00d6nemi\" src=\"data:image\/svg+xml;base64,PHN2ZyB3aWR0aD0iMSIgaGVpZ2h0PSIxIiB4bWxucz0iaHR0cDovL3d3dy53My5vcmcvMjAwMC9zdmciPjwvc3ZnPg==\"><\/p>\n<h2 id=\"dampinge-karsi-telafi-edici-vergilerin-tanimi-ve-onemi\">Dampinge Kar\u015f\u0131 Telafi Edici Vergilerin Tan\u0131m\u0131 ve \u00d6nemi<\/h2>\n<section>\n<p>Dampinge kar\u015f\u0131 telafi\u2063 edici vergiler, uluslararas\u0131 ticarette \u200bhaks\u0131z \u200drekabeti \u00f6nlemek \u200damac\u0131yla uygulanan bir vergi t\u00fcr\u00fcd\u00fcr. Bu \u2062vergiler, bir \u00fclkenin yerli \u00fcreticilerini \u200bkorumak ve d\u0131\u015far\u0131dan gelen \u00fcr\u00fcnlerin fiyatlar\u0131n\u0131n yapay olarak d\u00fc\u015f\u00fcr\u00fclmesini engellemek i\u00e7in devreye girer. Dampinge maruz kalan yerli sanayinin korunmas\u0131, ekonomik \u200bistikrar\u0131n sa\u011flanmas\u0131\u2063 a\u00e7\u0131s\u0131ndan b\u00fcy\u00fck\u2063 bir \u00f6neme sahiptir.<\/p>\n<p>Bu vergilerin uygulanmas\u0131n\u0131n temel \u200bamac\u0131, yerli \u00fcreticilerin rekabet g\u00fcc\u00fcn\u00fc art\u0131rmak ve \u200dpiyasa\u200b dengesini korumakt\u0131r. Dampinge kar\u015f\u0131 telafi edici\u2064 vergiler, a\u015fa\u011f\u0131daki gibi \u00e7e\u015fitli faydalar sa\u011flar:<\/p>\n<ul>\n<li><strong>Yerli \u00dcretimin Desteklenmesi:<\/strong> Yerli sanayinin s\u00fcrd\u00fcr\u00fclebilirli\u011fini art\u0131rarak, ekonomik b\u00fcy\u00fcmeye katk\u0131da bulunur.<\/li>\n<li><strong>Rekabetin Sa\u011flanmas\u0131:<\/strong> \u200c D\u0131\u015far\u0131dan \u200cgelen \u00fcr\u00fcnlerin fiyatlar\u0131n\u0131n d\u00fc\u015f\u00fcr\u00fclmesiyle olu\u015fan haks\u0131z rekabeti \u200bengeller.<\/li>\n<li><strong>\u0130stihdam\u0131n Korunmas\u0131:<\/strong> \u200b Yerli \u00fcretim faaliyetlerinin desteklenmesi, istihdam\u0131n artmas\u0131na yard\u0131mc\u0131 olur.<\/li>\n<\/ul>\n<p>Sonu\u00e7\u200c olarak, dampinge \u200dkar\u015f\u0131 telafi edici vergiler, uluslararas\u0131 ticaretin adil bir \u015fekilde y\u00fcr\u00fct\u00fclmesi i\u00e7in kritik bir ara\u00e7t\u0131r.\u200c Bu \u2064vergilerin etkin bir\u2063 \u015fekilde uygulanmas\u0131, hem yerli sanayinin korunmas\u0131na hem de ekonomik istikrar\u0131n sa\u011flanmas\u0131na katk\u0131da bulunur.<\/p>\n<\/section>\n<p><img decoding=\"async\" class=\"kimage_class lazyload\" data-src=\"https:\/\/denizcankizil.tr\/wp-content\/uploads\/2024\/10\/3tcAw-253D.jpg\" alt=\"Dampingin Hukuki \u00c7er\u00e7evesi ve Uygulama Alanlar\u0131\" src=\"data:image\/svg+xml;base64,PHN2ZyB3aWR0aD0iMSIgaGVpZ2h0PSIxIiB4bWxucz0iaHR0cDovL3d3dy53My5vcmcvMjAwMC9zdmciPjwvc3ZnPg==\"><\/p>\n<h2 id=\"dampingin-hukuki-cercevesi-ve-uygulama-alanlari\">Dampingin Hukuki \u00c7er\u00e7evesi \u200dve Uygulama Alanlar\u0131<\/h2>\n<section>\n<p>Damping, uluslararas\u0131 ticarette s\u0131k\u00e7a kar\u015f\u0131la\u015f\u0131lan bir olgu olup, belirli bir \u2064\u00fcr\u00fcn\u00fcn yurt\u200d d\u0131\u015f\u0131nda, yerel piyasa fiyat\u0131n\u0131n alt\u0131nda sat\u0131lmas\u0131 durumunu ifade eder.Bu durum, yerli \u00fcreticilerin rekabet g\u00fcc\u00fcn\u00fc \u200dolumsuz etkileyebilir. Bu nedenle, damping uygulamalar\u0131na kar\u015f\u0131\u200d \u00e7e\u015fitli hukuki\u2064 \u00f6nlemler geli\u015ftirilmi\u015ftir.Bu \u00f6nlemler, genellikle telafi edici vergiler\u200d \u015feklinde ortaya\u200b \u00e7\u0131kmaktad\u0131r.<\/p>\n<p>Telafi edici \u2064vergiler, damping\u200b uygulamalar\u0131n\u0131n yaratt\u0131\u011f\u0131 olumsuz etkileri dengelemek amac\u0131yla, dampingli \u00fcr\u00fcnlerin \u200dithalat\u0131nda uygulanan ek maliyetlerdir. Bu vergilerin hukuki dayana\u011f\u0131, uluslararas\u0131 ticaret anla\u015fmalar\u0131 ve yerel mevzuatla belirlenmi\u015ftir. Bu ba\u011flamda,damping \u2064tespitinin yap\u0131labilmesi i\u00e7in belirli kriterlerin g\u00f6z \u00f6n\u00fcnde bulundurulmas\u0131 gerekmektedir. Bu \u2064kriterler aras\u0131nda:<\/p>\n<ul>\n<li><strong>\u00dcr\u00fcn fiyatlar\u0131n\u0131n \u2062kar\u015f\u0131la\u015ft\u0131r\u0131lmas\u0131:<\/strong> Yerel ve uluslararas\u0131\u2063 piyasa fiyatlar\u0131n\u0131n analizi.<\/li>\n<li><strong>\u00dcretim \u200dmaliyetleri:<\/strong> \u00dcretim s\u00fcre\u00e7lerinin ve\u2063 maliyetlerinin detayl\u0131 incelenmesi.<\/li>\n<li><strong>Piyasa \u2064etkileri:<\/strong> Damping uygulamalar\u0131n\u0131n yerel piyasa \u00fczerindeki etkilerinin de\u011ferlendirilmesi.<\/li>\n<\/ul>\n<p>Bu \u2064\u00e7er\u00e7evede, damping ile m\u00fccadele etmek amac\u0131yla uygulanan telafi \u200dedici vergilerin, \u200dhem ulusal hem de uluslararas\u0131 d\u00fczeyde hukuki bir temele oturtulmas\u0131 b\u00fcy\u00fck \u00f6nem ta\u015f\u0131maktad\u0131r. Bu hukuki\u2063 \u00e7er\u00e7eve, yerli \u00fcreticilerin korunmas\u0131 ve adil rekabet ortam\u0131n\u0131n sa\u011flanmas\u0131 a\u00e7\u0131s\u0131ndan kritik bir rol oynamaktad\u0131r.<\/p>\n<\/section>\n<p><img decoding=\"async\" class=\"kimage_class lazyload\" data-src=\"https:\/\/denizcankizil.tr\/wp-content\/uploads\/2024\/10\/ii_200.jpg\" alt=\"Telafi Edici Vergilerin Uygulanabilirli\u011fi \u2063ve \u200d\u015eartlar\u0131\" src=\"data:image\/svg+xml;base64,PHN2ZyB3aWR0aD0iMSIgaGVpZ2h0PSIxIiB4bWxucz0iaHR0cDovL3d3dy53My5vcmcvMjAwMC9zdmciPjwvc3ZnPg==\"><\/p>\n<h2 id=\"telafi-edici-vergilerin-uygulanabilirligi-ve-sartlari\">Telafi\u2064 Edici Vergilerin Uygulanabilirli\u011fi ve \u200c\u015eartlar\u0131<\/h2>\n<section>\n<p>Telafi edici vergiler, uluslararas\u0131 ticarette damping\u200b uygulamalar\u0131na kar\u015f\u0131 bir \u00f6nlem olarak \u00f6ne\u200c \u00e7\u0131kmaktad\u0131r.Bu vergilerin uygulanabilirli\u011fi, belirli \u015fartlar\u0131n sa\u011flanmas\u0131na ba\u011fl\u0131d\u0131r.\u00d6ncelikle,\u2062 damping uygulamalar\u0131n\u0131n tespit edilmesi gerekmektedir. Damping,bir \u00fcr\u00fcn\u00fcn ihracat\u200d fiyat\u0131n\u0131n,i\u00e7 piyasadaki fiyat\u0131ndan \u00f6nemli \u00f6l\u00e7\u00fcde d\u00fc\u015f\u00fck olmas\u0131 durumunda ortaya\u2064 \u00e7\u0131kar.Bu ba\u011flamda, telafi edici vergilerin \u200cdevreye girmesi i\u00e7in a\u015fa\u011f\u0131daki \u200dko\u015fullar\u0131n sa\u011flanmas\u0131 \u00f6nemlidir:<\/p>\n<ul>\n<li><strong>Damping tespiti:<\/strong> \u0130lgili \u00fcr\u00fcn\u00fcn dampingli olarak sat\u0131ld\u0131\u011f\u0131n\u0131n \u2062kan\u0131tlanmas\u0131 gerekmektedir.<\/li>\n<li><strong>\u0130\u00e7 Pazar\u0131n Korunmas\u0131:<\/strong> telafi edici verginin, yerli \u00fcreticilerin zarar g\u00f6rmesini \u00f6nlemek amac\u0131yla uygulanmas\u0131 \u015fartt\u0131r.<\/li>\n<li><strong>\u0130lgili \u200b\u00dclke ile \u0130li\u015fkiler:<\/strong> Damping uygulayan \u2062\u00fclke\u2062 ile ticari ili\u015fkilerin durumu, telafi edici\u200c vergi uygulamas\u0131nda dikkate al\u0131nmal\u0131d\u0131r.<\/li>\n<\/ul>\n<p>Bu \u015fartlar\u0131n yan\u0131 s\u0131ra, telafi edici\u2064 vergilerin uygulanmas\u0131 \u2062s\u00fcrecinde, \u200cilgili mercilerin belirli \u2064bir s\u00fcre i\u00e7inde\u2063 karar vermesi ve \u2062bu kararlar\u0131n \u015feffaf bir \u015fekilde kamuoyuna \u2063duyurulmas\u0131 da gerekmektedir.\u200c B\u00f6ylece, hem yerli \u00fcreticilerin korunmas\u0131 hem de uluslararas\u0131 ticaretin adil bir \u015fekilde y\u00fcr\u00fct\u00fclmesi \u200bsa\u011flanm\u0131\u015f olur.<\/p>\n<\/section>\n<p><img decoding=\"async\" class=\"kimage_class lazyload\" data-src=\"https:\/\/denizcankizil.tr\/wp-content\/uploads\/2024\/10\/3637-types-of-cases-handled-by-real-estate-attorneys-in-antalya.jpg\" alt=\"Uluslararas\u0131 Ticaret Hukuku Ba\u011flam\u0131nda Dampinge \u200dkar\u015f\u0131 \u00d6nlemler\" src=\"data:image\/svg+xml;base64,PHN2ZyB3aWR0aD0iMSIgaGVpZ2h0PSIxIiB4bWxucz0iaHR0cDovL3d3dy53My5vcmcvMjAwMC9zdmciPjwvc3ZnPg==\"><\/p>\n<h2 id=\"uluslararasi-ticaret-hukuku-baglaminda-dampinge-karsi-onlemler\">Uluslararas\u0131 Ticaret Hukuku Ba\u011flam\u0131nda Dampinge Kar\u015f\u0131 \u00d6nlemler<\/h2>\n<p>Uluslararas\u0131 ticaret hukuku \u00e7er\u00e7evesinde, dampinge kar\u015f\u0131 al\u0131nan \u00f6nlemler, \u00fclkelerin yerli sanayilerini koruma amac\u0131 ta\u015f\u0131maktad\u0131r. Dampingle, bir \u00fcr\u00fcn\u00fcn\u200d yurtd\u0131\u015f\u0131nda, maliyetinin alt\u0131nda bir\u200d fiyata sat\u0131lmas\u0131 durumu ifade edilmektedir. Bu t\u00fcr uygulamalar, yerli \u00fcreticilerin rekabet g\u00fcc\u00fcn\u00fc zay\u0131flatmakta ve piyasa dengesini bozabilmektedir. Bu nedenle, dampinge kar\u015f\u0131 telafi edici vergiler, uluslararas\u0131 ticaretin d\u00fczenlenmesinde \u00f6nemli bir ara\u00e7 olarak \u00f6ne \u00e7\u0131kmaktad\u0131r.<\/p>\n<p><strong>Telafi edici vergilerin uygulanmas\u0131 s\u00fcrecinde dikkate al\u0131nmas\u0131 gereken baz\u0131 hususlar \u015funlard\u0131r:<\/strong><\/p>\n<ul>\n<li>Dampingin tespiti: \u00dcr\u00fcnlerin fiyatlar\u0131n\u0131n, yerli piyasadaki fiyatlarla kar\u015f\u0131la\u015ft\u0131r\u0131lmas\u0131 gerekmektedir.<\/li>\n<li>Yerel sanayinin \u200detkilenmesi: Dampingin, yerli \u00fcreticiler \u00fczerindeki olumsuz\u2063 etkileri analiz\u2062 edilmelidir.<\/li>\n<li>Uluslararas\u0131\u200c y\u00fck\u00fcml\u00fcl\u00fckler: Telafi edici vergilerin, \u200bD\u00fcnya Ticaret \u00d6rg\u00fct\u00fc (WTO) kurallar\u0131\u200c \u00e7er\u00e7evesinde \u2063uygulanmas\u0131 gerekmektedir.<\/li>\n<\/ul>\n<p>Bu ba\u011flamda, \u2063dampinge kar\u015f\u0131 al\u0131nan \u00f6nlemler, sadece ekonomik bir gereklilik de\u011fil, ayn\u0131 zamanda uluslararas\u0131 ticaretin adil bir \u015fekilde y\u00fcr\u00fct\u00fclmesi i\u00e7in de elzemdir. \u00dclkeler, yerli sanayilerini\u200d korumak amac\u0131yla bu t\u00fcr \u00f6nlemleri\u200d uygularken, ayn\u0131 zamanda \u2063uluslararas\u0131 ticaretin\u200d serbestli\u011fi ilkesine \u2063de dikkat etmelidirler. Bu \u2063denge, s\u00fcrd\u00fcr\u00fclebilir bir ticaret \u200cortam\u0131n\u0131n olu\u015fturulmas\u0131nda kritik bir rol \u2062oynamaktad\u0131r.<\/p>\n<h2 id=\"turkiyede-dampinge-karsi-telafi-edici-vergilerin-uygulama-sureci\">T\u00fcrkiye&#8217;de Dampinge Kar\u015f\u0131 Telafi\u2064 Edici Vergilerin Uygulama S\u00fcreci<\/h2>\n<p><strong>,uluslararas\u0131 ticaretin \u00f6nemli bir par\u00e7as\u0131n\u0131 olu\u015fturmaktad\u0131r.<\/strong> Dampinge kar\u015f\u0131 al\u0131nan bu vergiler, yerli \u00fcreticilerin haks\u0131z rekabetle kar\u015f\u0131la\u015fmalar\u0131n\u0131 \u00f6nlemek amac\u0131yla uygulanmaktad\u0131r.Bu s\u00fcre\u00e7, T\u00fcrkiye&#8217;nin D\u00fcnya Ticaret \u00d6rg\u00fct\u00fc (DT\u00d6) ve avrupa \u2064Birli\u011fi (AB) gibi uluslararas\u0131 kurulu\u015flarla uyumlu bir \u015fekilde y\u00fcr\u00fct\u00fclmektedir.<\/p>\n<p><strong>Telafi edici vergilerin uygulanmas\u0131 a\u015famalar\u0131 genel olarak \u2064\u015fu \u015fekilde s\u0131ralanabilir:<\/strong><\/p>\n<ul>\n<li>\u0130lk olarak, dampingin varl\u0131\u011f\u0131n\u0131 tespit \u200betmek amac\u0131yla \u2063detayl\u0131 bir inceleme \u2062yap\u0131l\u0131r.<\/li>\n<li>\u0130nceleme sonucunda, dampinge neden olan \u00fcr\u00fcnlerin fiyatlar\u0131 ve yerli \u00fcr\u00fcnlerin fiyatlar\u0131 kar\u015f\u0131la\u015ft\u0131r\u0131l\u0131r.<\/li>\n<li>Elde \u200bedilen veriler \u0131\u015f\u0131\u011f\u0131nda, telafi \u200cedici vergi oranlar\u0131 belirlenir ve ilgili mercilere bildirilir.<\/li>\n<li>Son olarak, belirlenen\u200c vergiler, ithalat i\u015flemleri s\u0131ras\u0131nda uygulanmaya ba\u015flan\u0131r.<\/li>\n<\/ul>\n<p><strong>Bu s\u00fcre\u00e7,yerli sanayinin korunmas\u0131 ve rekabet g\u00fcc\u00fcn\u00fcn\u2063 art\u0131r\u0131lmas\u0131\u200d a\u00e7\u0131s\u0131ndan b\u00fcy\u00fck \u00f6nem ta\u015f\u0131maktad\u0131r.<\/strong> Ayr\u0131ca,\u2063 telafi edici vergilerin uygulanmas\u0131, uluslararas\u0131 ticaretin adil bir \u015fekilde \u200by\u00fcr\u00fct\u00fclmesine katk\u0131da bulunarak, haks\u0131z rekabetin \u00f6nlenmesine yard\u0131mc\u0131 olmaktad\u0131r. T\u00fcrkiye,bu ba\u011flamda,uluslararas\u0131 standartlara uygun bir \u015fekilde hareket ederek,yerli \u00fcreticilerin haklar\u0131n\u0131 \u2063korumay\u0131 hedeflemektedir.<\/p>\n<p><img decoding=\"async\" class=\"kimage_class lazyload\" data-src=\"https:\/\/denizcankizil.tr\/wp-content\/uploads\/2024\/10\/IIKHg-253D.jpg\" alt=\"Dampinge Kar\u015f\u0131 Telafi Edici Vergilerin Ekonomik Etkileri ve Sonu\u00e7lar\u0131\" src=\"data:image\/svg+xml;base64,PHN2ZyB3aWR0aD0iMSIgaGVpZ2h0PSIxIiB4bWxucz0iaHR0cDovL3d3dy53My5vcmcvMjAwMC9zdmciPjwvc3ZnPg==\"><\/p>\n<h2 id=\"dampinge-karsi-telafi-edici-vergilerin-ekonomik-etkileri-ve-sonuclari\">Dampinge Kar\u015f\u0131 Telafi Edici Vergilerin Ekonomik Etkileri ve Sonu\u00e7lar\u0131<\/h2>\n<p>Dampinge kar\u015f\u0131 telafi edici vergilerin\u200d ekonomik etkileri, uluslararas\u0131 ticaretin dinamikleri a\u00e7\u0131s\u0131ndan \u00f6nemli bir yere sahiptir. Bu vergiler, \u2062yerli \u00fcreticilerin\u200b rekabet g\u00fcc\u00fcn\u00fc korumak amac\u0131yla, d\u00fc\u015f\u00fck fiyatlarla piyasaya giren\u200c yabanc\u0131 \u00fcr\u00fcnlere kar\u015f\u0131 uygulanmaktad\u0131r.Bu \u2062ba\u011flamda, \u2064dampinge kar\u015f\u0131 telafi edici vergilerin baz\u0131 \u2064belirgin sonu\u00e7lar\u0131 bulunmaktad\u0131r:<\/p>\n<ul>\n<li><strong>Piyasa Dengelemesi:<\/strong> Telafi\u200c edici vergiler, yerli \u00fcreticilerin fiyatlar\u0131n\u0131 koruyarak piyasa dengesini sa\u011flamaya yard\u0131mc\u0131\u200c olur. Bu durum, yerli sanayinin s\u00fcrd\u00fcr\u00fclebilirli\u011fini art\u0131r\u0131r.<\/li>\n<li><strong>Yerli \u00dcretimin \u200cDesteklenmesi:<\/strong> D\u0131\u015fa ba\u011f\u0131ml\u0131l\u0131\u011f\u0131\u2062 azaltarak yerli \u00fcretimin te\u015fvik edilmesine katk\u0131 sa\u011flar. bu, ekonomik b\u00fcy\u00fcme ve istihdam a\u00e7\u0131s\u0131ndan \u2063olumlu bir\u200b etki yarat\u0131r.<\/li>\n<li><strong>T\u00fcketici Fiyatlar\u0131 \u00dczerindeki Etki:<\/strong> Ancak, bu vergilerin uygulanmas\u0131,\u2063 t\u00fcketici fiyatlar\u0131n\u0131n artmas\u0131na \u2063neden olabilir. Y\u00fcksek fiyatlar,t\u00fcketicilerin al\u0131m g\u00fcc\u00fcn\u00fc olumsuz etkileyebilir.<\/li>\n<li><strong>Uluslararas\u0131 \u0130li\u015fkiler:<\/strong> Telafi edici vergilerin uygulanmas\u0131, \u200bticaret partnerleriyle olan\u200b ili\u015fkileri etkileyebilir. Bu durum, ticaret sava\u015flar\u0131na yol a\u00e7ma \u200cpotansiyeli ta\u015f\u0131r.<\/li>\n<\/ul>\n<p>Sonu\u00e7 olarak,\u2064 dampinge kar\u015f\u0131 \u2064telafi edici vergilerin\u2062 ekonomik etkileri \u2062karma\u015f\u0131k bir yap\u0131ya sahiptir. Bu vergilerin \u2063uygulanmas\u0131, yerli sanayinin korunmas\u0131 a\u00e7\u0131s\u0131ndan \u00f6nemli bir ara\u00e7 olmas\u0131na ra\u011fmen, t\u00fcketici fiyatlar\u0131 ve uluslararas\u0131 ticaret ili\u015fkileri \u00fczerinde olumsuz\u2064 etkiler yaratabilir.Bu nedenle, bu t\u00fcr vergilerin uygulanmas\u0131nda dikkatli\u200c bir denge\u200d g\u00f6zetilmesi gerekmektedir.<\/p>\n<p>Sonu\u00e7 olarak, \u2064dampinge kar\u015f\u0131 telafi edici vergilerin hukuki analizi, uluslararas\u0131 \u200dticaretin\u200d dinamikleri ve devletlerin ekonomik \u00e7\u0131karlar\u0131 a\u00e7\u0131s\u0131ndan b\u00fcy\u00fck \u2064bir \u00f6neme sahiptir.\u2062 Bu vergilerin \u200duygulanmas\u0131, hem yerel sanayilerin korunmas\u0131 \u200chem de adil rekabet\u2062 ortam\u0131n\u0131n sa\u011flanmas\u0131 a\u00e7\u0131s\u0131ndan kritik bir rol oynamaktad\u0131r.ancak, bu\u200d s\u00fcre\u00e7te uluslararas\u0131\u200d hukuk normlar\u0131na ve ticaret anla\u015fmalar\u0131na uyum sa\u011flamak, devletlerin kar\u015f\u0131la\u015ft\u0131\u011f\u0131 zorluklardan biridir. gelecekte, dampinge kar\u015f\u0131 \u200cal\u0131nacak \u00f6nlemlerin etkinli\u011fi, hukukun \u00fcst\u00fcnl\u00fc\u011f\u00fc ve \u015feffafl\u0131k ilkeleri \u200b\u00e7er\u00e7evesinde\u2062 de\u011ferlendirilmeli ve s\u00fcrekli olarak g\u00f6zden ge\u00e7irilmelidir. Bu ba\u011flamda, <a href=\"https:\/\/denizcankizil.tr\/de\/koseyazilari\/degerlendirme\/guveni-kotuye-kullanma-sucunun-hukuki-boyutlari\/\" title=\"G\u00fcveni K\u00f6t\u00fcye Kullanma Su\u00e7unun Hukuki Boyutlar\u0131\">akademik \u00e7al\u0131\u015fmalar\u0131n ve yarg\u0131 kararlar\u0131n\u0131n<\/a>, dampinge\u2063 kar\u015f\u0131 telafi \u200dedici vergilerin uygulanabilirli\u011fini ve \u2062etkinli\u011fini art\u0131rma y\u00f6n\u00fcnde \u00f6nemli katk\u0131lar sa\u011flayaca\u011f\u0131 a\u015fikard\u0131r. \u200cBu nedenle, konuya\u2062 dair daha fazla ara\u015ft\u0131rma ve tart\u0131\u015fma, hem hukuki hem de ekonomik a\u00e7\u0131dan faydal\u0131\u200b olacakt\u0131r. <\/p>","protected":false},"excerpt":{"rendered":"<p>Dampinge kar\u015f\u0131 telafi edici vergilerin hukuki analizi, uluslararas\u0131 ticaretin korunmas\u0131 a\u00e7\u0131s\u0131ndan kritik bir \u00f6neme sahiptir. Bu vergilerin uygulanmas\u0131, yerli sanayinin rekabet g\u00fcc\u00fcn\u00fc art\u0131r\u0131rken, ticaretin adil bir zeminde s\u00fcrd\u00fcr\u00fclmesini sa\u011flamaktad\u0131r.<\/p>","protected":false},"author":4,"featured_media":0,"comment_status":"open","ping_status":"open","sticky":false,"template":"","format":"standard","meta":{"_acf_changed":false,"footnotes":""},"categories":[22],"tags":[],"class_list":["post-61955","post","type-post","status-publish","format-standard","hentry","category-degerlendirme"],"acf":[],"yoast_head":"<!-- This site is optimized with the Yoast SEO Premium plugin v26.6 (Yoast SEO v27.1.1) - https:\/\/yoast.com\/product\/yoast-seo-premium-wordpress\/ -->\n<title>Dampinge Kar\u015f\u0131 Telafi Edici Vergilerin Hukuki Analizi - Av. Deniz Can K\u0131z\u0131l<\/title>\n<meta name=\"robots\" content=\"index, follow, max-snippet:-1, max-image-preview:large, max-video-preview:-1\" \/>\n<link rel=\"canonical\" href=\"http:\/\/denizcankizil.tr\/de\/koseyazilari\/degerlendirme\/dampinge-karsi-telafi-edici-vergilerin-hukuki-analizi\/\" \/>\n<meta property=\"og:locale\" content=\"de_DE\" \/>\n<meta property=\"og:type\" content=\"article\" \/>\n<meta property=\"og:title\" content=\"Dampinge Kar\u015f\u0131 Telafi Edici Vergilerin Hukuki Analizi\" \/>\n<meta property=\"og:description\" content=\"Dampinge kar\u015f\u0131 telafi edici vergilerin hukuki analizi, uluslararas\u0131 ticaretin korunmas\u0131 a\u00e7\u0131s\u0131ndan kritik bir \u00f6neme sahiptir. Bu vergilerin uygulanmas\u0131, yerli sanayinin rekabet g\u00fcc\u00fcn\u00fc art\u0131r\u0131rken, ticaretin adil bir zeminde s\u00fcrd\u00fcr\u00fclmesini sa\u011flamaktad\u0131r.\" \/>\n<meta property=\"og:url\" content=\"http:\/\/denizcankizil.tr\/de\/koseyazilari\/degerlendirme\/dampinge-karsi-telafi-edici-vergilerin-hukuki-analizi\/\" \/>\n<meta property=\"og:site_name\" content=\"Av. Deniz Can K\u0131z\u0131l\" \/>\n<meta property=\"article:published_time\" content=\"2025-04-21T12:39:45+00:00\" \/>\n<meta property=\"og:image\" content=\"https:\/\/denizcankizil.tr\/wp-content\/uploads\/2024\/10\/P8RPY-253D.jpg\" \/>\n<meta name=\"author\" content=\"Av. Deniz Can K\u0131z\u0131l\" \/>\n<meta name=\"twitter:card\" content=\"summary_large_image\" \/>\n<meta name=\"twitter:label1\" content=\"Verfasst von\" \/>\n\t<meta name=\"twitter:data1\" content=\"Av. Deniz Can K\u0131z\u0131l\" \/>\n\t<meta name=\"twitter:label2\" content=\"Gesch\u00e4tzte Lesezeit\" \/>\n\t<meta name=\"twitter:data2\" content=\"8\u00a0Minuten\" \/>\n<script type=\"application\/ld+json\" class=\"yoast-schema-graph\">{\"@context\":\"https:\/\/schema.org\",\"@graph\":[{\"@type\":\"Article\",\"@id\":\"http:\/\/denizcankizil.tr\/de\/koseyazilari\/degerlendirme\/dampinge-karsi-telafi-edici-vergilerin-hukuki-analizi\/#article\",\"isPartOf\":{\"@id\":\"http:\/\/denizcankizil.tr\/de\/koseyazilari\/degerlendirme\/dampinge-karsi-telafi-edici-vergilerin-hukuki-analizi\/\"},\"author\":{\"name\":\"Av. Deniz Can K\u0131z\u0131l\",\"@id\":\"https:\/\/denizcankizil.tr\/#\/schema\/person\/5dc1b22991bd7ac833867c10afc9b0ff\"},\"headline\":\"Dampinge Kar\u015f\u0131 Telafi Edici Vergilerin Hukuki Analizi\",\"datePublished\":\"2025-04-21T12:39:45+00:00\",\"mainEntityOfPage\":{\"@id\":\"http:\/\/denizcankizil.tr\/de\/koseyazilari\/degerlendirme\/dampinge-karsi-telafi-edici-vergilerin-hukuki-analizi\/\"},\"wordCount\":1661,\"commentCount\":0,\"publisher\":{\"@id\":\"https:\/\/denizcankizil.tr\/#organization\"},\"image\":{\"@id\":\"http:\/\/denizcankizil.tr\/de\/koseyazilari\/degerlendirme\/dampinge-karsi-telafi-edici-vergilerin-hukuki-analizi\/#primaryimage\"},\"thumbnailUrl\":\"https:\/\/denizcankizil.tr\/wp-content\/uploads\/2024\/10\/P8RPY-253D.jpg\",\"articleSection\":[\"De\u011ferlendirme\"],\"inLanguage\":\"de\",\"potentialAction\":[{\"@type\":\"CommentAction\",\"name\":\"Comment\",\"target\":[\"http:\/\/denizcankizil.tr\/de\/koseyazilari\/degerlendirme\/dampinge-karsi-telafi-edici-vergilerin-hukuki-analizi\/#respond\"]}]},{\"@type\":\"WebPage\",\"@id\":\"http:\/\/denizcankizil.tr\/de\/koseyazilari\/degerlendirme\/dampinge-karsi-telafi-edici-vergilerin-hukuki-analizi\/\",\"url\":\"http:\/\/denizcankizil.tr\/de\/koseyazilari\/degerlendirme\/dampinge-karsi-telafi-edici-vergilerin-hukuki-analizi\/\",\"name\":\"Dampinge Kar\u015f\u0131 Telafi Edici Vergilerin Hukuki Analizi - Av. Deniz Can K\u0131z\u0131l\",\"isPartOf\":{\"@id\":\"https:\/\/denizcankizil.tr\/#website\"},\"primaryImageOfPage\":{\"@id\":\"http:\/\/denizcankizil.tr\/de\/koseyazilari\/degerlendirme\/dampinge-karsi-telafi-edici-vergilerin-hukuki-analizi\/#primaryimage\"},\"image\":{\"@id\":\"http:\/\/denizcankizil.tr\/de\/koseyazilari\/degerlendirme\/dampinge-karsi-telafi-edici-vergilerin-hukuki-analizi\/#primaryimage\"},\"thumbnailUrl\":\"https:\/\/denizcankizil.tr\/wp-content\/uploads\/2024\/10\/P8RPY-253D.jpg\",\"datePublished\":\"2025-04-21T12:39:45+00:00\",\"breadcrumb\":{\"@id\":\"http:\/\/denizcankizil.tr\/de\/koseyazilari\/degerlendirme\/dampinge-karsi-telafi-edici-vergilerin-hukuki-analizi\/#breadcrumb\"},\"inLanguage\":\"de\",\"potentialAction\":[{\"@type\":\"ReadAction\",\"target\":[\"http:\/\/denizcankizil.tr\/de\/koseyazilari\/degerlendirme\/dampinge-karsi-telafi-edici-vergilerin-hukuki-analizi\/\"]}]},{\"@type\":\"ImageObject\",\"inLanguage\":\"de\",\"@id\":\"http:\/\/denizcankizil.tr\/de\/koseyazilari\/degerlendirme\/dampinge-karsi-telafi-edici-vergilerin-hukuki-analizi\/#primaryimage\",\"url\":\"https:\/\/denizcankizil.tr\/wp-content\/uploads\/2024\/10\/P8RPY-253D.jpg\",\"contentUrl\":\"https:\/\/denizcankizil.tr\/wp-content\/uploads\/2024\/10\/P8RPY-253D.jpg\"},{\"@type\":\"BreadcrumbList\",\"@id\":\"http:\/\/denizcankizil.tr\/de\/koseyazilari\/degerlendirme\/dampinge-karsi-telafi-edici-vergilerin-hukuki-analizi\/#breadcrumb\",\"itemListElement\":[{\"@type\":\"ListItem\",\"position\":1,\"name\":\"Home\",\"item\":\"https:\/\/denizcankizil.tr\/de\/\"},{\"@type\":\"ListItem\",\"position\":2,\"name\":\"Dampinge Kar\u015f\u0131 Telafi Edici Vergilerin Hukuki Analizi\"}]},{\"@type\":\"WebSite\",\"@id\":\"https:\/\/denizcankizil.tr\/#website\",\"url\":\"https:\/\/denizcankizil.tr\/\",\"name\":\"Av. Deniz Can K\u0131z\u0131l\",\"description\":\"Avukat Deniz Can K\u0131z\u0131l Antalya Barosu\",\"publisher\":{\"@id\":\"https:\/\/denizcankizil.tr\/#organization\"},\"potentialAction\":[{\"@type\":\"SearchAction\",\"target\":{\"@type\":\"EntryPoint\",\"urlTemplate\":\"https:\/\/denizcankizil.tr\/?s={search_term_string}\"},\"query-input\":{\"@type\":\"PropertyValueSpecification\",\"valueRequired\":true,\"valueName\":\"search_term_string\"}}],\"inLanguage\":\"de\"},{\"@type\":\"Organization\",\"@id\":\"https:\/\/denizcankizil.tr\/#organization\",\"name\":\"Av. Deniz Can K\u0131z\u0131l\",\"url\":\"https:\/\/denizcankizil.tr\/\",\"logo\":{\"@type\":\"ImageObject\",\"inLanguage\":\"de\",\"@id\":\"https:\/\/denizcankizil.tr\/#\/schema\/logo\/image\/\",\"url\":\"http:\/\/denizcankizil.tr\/wp-content\/uploads\/2024\/10\/siyah-logo-svg.svg\",\"contentUrl\":\"http:\/\/denizcankizil.tr\/wp-content\/uploads\/2024\/10\/siyah-logo-svg.svg\",\"width\":1080,\"height\":1080,\"caption\":\"Av. Deniz Can K\u0131z\u0131l\"},\"image\":{\"@id\":\"https:\/\/denizcankizil.tr\/#\/schema\/logo\/image\/\"}},{\"@type\":\"Person\",\"@id\":\"https:\/\/denizcankizil.tr\/#\/schema\/person\/5dc1b22991bd7ac833867c10afc9b0ff\",\"name\":\"Av. Deniz Can K\u0131z\u0131l\",\"image\":{\"@type\":\"ImageObject\",\"inLanguage\":\"de\",\"@id\":\"https:\/\/denizcankizil.tr\/#\/schema\/person\/image\/\",\"url\":\"https:\/\/secure.gravatar.com\/avatar\/a0b128fb9855c79efc976d5640eedb31dc35ec297594d6016d2cf7c60e975bb6?s=96&d=mm&r=g\",\"contentUrl\":\"https:\/\/secure.gravatar.com\/avatar\/a0b128fb9855c79efc976d5640eedb31dc35ec297594d6016d2cf7c60e975bb6?s=96&d=mm&r=g\",\"caption\":\"Av. Deniz Can K\u0131z\u0131l\"},\"sameAs\":[\"http:\/\/www.denizcankizil.tr\"],\"url\":\"http:\/\/denizcankizil.tr\/de\/author\/denizcankizil\/\"}]}<\/script>\n<!-- \/ Yoast SEO Premium plugin. -->","yoast_head_json":{"title":"Dampinge Kar\u015f\u0131 Telafi Edici Vergilerin Hukuki Analizi - Av. Deniz Can K\u0131z\u0131l","robots":{"index":"index","follow":"follow","max-snippet":"max-snippet:-1","max-image-preview":"max-image-preview:large","max-video-preview":"max-video-preview:-1"},"canonical":"http:\/\/denizcankizil.tr\/de\/koseyazilari\/degerlendirme\/dampinge-karsi-telafi-edici-vergilerin-hukuki-analizi\/","og_locale":"de_DE","og_type":"article","og_title":"Dampinge Kar\u015f\u0131 Telafi Edici Vergilerin Hukuki Analizi","og_description":"Dampinge kar\u015f\u0131 telafi edici vergilerin hukuki analizi, uluslararas\u0131 ticaretin korunmas\u0131 a\u00e7\u0131s\u0131ndan kritik bir \u00f6neme sahiptir. Bu vergilerin uygulanmas\u0131, yerli sanayinin rekabet g\u00fcc\u00fcn\u00fc art\u0131r\u0131rken, ticaretin adil bir zeminde s\u00fcrd\u00fcr\u00fclmesini sa\u011flamaktad\u0131r.","og_url":"http:\/\/denizcankizil.tr\/de\/koseyazilari\/degerlendirme\/dampinge-karsi-telafi-edici-vergilerin-hukuki-analizi\/","og_site_name":"Av. Deniz Can K\u0131z\u0131l","article_published_time":"2025-04-21T12:39:45+00:00","og_image":[{"url":"https:\/\/denizcankizil.tr\/wp-content\/uploads\/2024\/10\/P8RPY-253D.jpg","type":"","width":"","height":""}],"author":"Av. Deniz Can K\u0131z\u0131l","twitter_card":"summary_large_image","twitter_misc":{"Verfasst von":"Av. Deniz Can K\u0131z\u0131l","Gesch\u00e4tzte Lesezeit":"8\u00a0Minuten"},"schema":{"@context":"https:\/\/schema.org","@graph":[{"@type":"Article","@id":"http:\/\/denizcankizil.tr\/de\/koseyazilari\/degerlendirme\/dampinge-karsi-telafi-edici-vergilerin-hukuki-analizi\/#article","isPartOf":{"@id":"http:\/\/denizcankizil.tr\/de\/koseyazilari\/degerlendirme\/dampinge-karsi-telafi-edici-vergilerin-hukuki-analizi\/"},"author":{"name":"Av. Deniz Can K\u0131z\u0131l","@id":"https:\/\/denizcankizil.tr\/#\/schema\/person\/5dc1b22991bd7ac833867c10afc9b0ff"},"headline":"Dampinge Kar\u015f\u0131 Telafi Edici Vergilerin Hukuki Analizi","datePublished":"2025-04-21T12:39:45+00:00","mainEntityOfPage":{"@id":"http:\/\/denizcankizil.tr\/de\/koseyazilari\/degerlendirme\/dampinge-karsi-telafi-edici-vergilerin-hukuki-analizi\/"},"wordCount":1661,"commentCount":0,"publisher":{"@id":"https:\/\/denizcankizil.tr\/#organization"},"image":{"@id":"http:\/\/denizcankizil.tr\/de\/koseyazilari\/degerlendirme\/dampinge-karsi-telafi-edici-vergilerin-hukuki-analizi\/#primaryimage"},"thumbnailUrl":"https:\/\/denizcankizil.tr\/wp-content\/uploads\/2024\/10\/P8RPY-253D.jpg","articleSection":["De\u011ferlendirme"],"inLanguage":"de","potentialAction":[{"@type":"CommentAction","name":"Comment","target":["http:\/\/denizcankizil.tr\/de\/koseyazilari\/degerlendirme\/dampinge-karsi-telafi-edici-vergilerin-hukuki-analizi\/#respond"]}]},{"@type":"WebPage","@id":"http:\/\/denizcankizil.tr\/de\/koseyazilari\/degerlendirme\/dampinge-karsi-telafi-edici-vergilerin-hukuki-analizi\/","url":"http:\/\/denizcankizil.tr\/de\/koseyazilari\/degerlendirme\/dampinge-karsi-telafi-edici-vergilerin-hukuki-analizi\/","name":"Dampinge Kar\u015f\u0131 Telafi Edici Vergilerin Hukuki Analizi - Av. Deniz Can K\u0131z\u0131l","isPartOf":{"@id":"https:\/\/denizcankizil.tr\/#website"},"primaryImageOfPage":{"@id":"http:\/\/denizcankizil.tr\/de\/koseyazilari\/degerlendirme\/dampinge-karsi-telafi-edici-vergilerin-hukuki-analizi\/#primaryimage"},"image":{"@id":"http:\/\/denizcankizil.tr\/de\/koseyazilari\/degerlendirme\/dampinge-karsi-telafi-edici-vergilerin-hukuki-analizi\/#primaryimage"},"thumbnailUrl":"https:\/\/denizcankizil.tr\/wp-content\/uploads\/2024\/10\/P8RPY-253D.jpg","datePublished":"2025-04-21T12:39:45+00:00","breadcrumb":{"@id":"http:\/\/denizcankizil.tr\/de\/koseyazilari\/degerlendirme\/dampinge-karsi-telafi-edici-vergilerin-hukuki-analizi\/#breadcrumb"},"inLanguage":"de","potentialAction":[{"@type":"ReadAction","target":["http:\/\/denizcankizil.tr\/de\/koseyazilari\/degerlendirme\/dampinge-karsi-telafi-edici-vergilerin-hukuki-analizi\/"]}]},{"@type":"ImageObject","inLanguage":"de","@id":"http:\/\/denizcankizil.tr\/de\/koseyazilari\/degerlendirme\/dampinge-karsi-telafi-edici-vergilerin-hukuki-analizi\/#primaryimage","url":"https:\/\/denizcankizil.tr\/wp-content\/uploads\/2024\/10\/P8RPY-253D.jpg","contentUrl":"https:\/\/denizcankizil.tr\/wp-content\/uploads\/2024\/10\/P8RPY-253D.jpg"},{"@type":"BreadcrumbList","@id":"http:\/\/denizcankizil.tr\/de\/koseyazilari\/degerlendirme\/dampinge-karsi-telafi-edici-vergilerin-hukuki-analizi\/#breadcrumb","itemListElement":[{"@type":"ListItem","position":1,"name":"Home","item":"https:\/\/denizcankizil.tr\/de\/"},{"@type":"ListItem","position":2,"name":"Dampinge Kar\u015f\u0131 Telafi Edici Vergilerin Hukuki Analizi"}]},{"@type":"WebSite","@id":"https:\/\/denizcankizil.tr\/#website","url":"https:\/\/denizcankizil.tr\/","name":"Av. Deniz Can K\u0131z\u0131l","description":"Avukat Deniz Can K\u0131z\u0131l Antalya Barosu","publisher":{"@id":"https:\/\/denizcankizil.tr\/#organization"},"potentialAction":[{"@type":"SearchAction","target":{"@type":"EntryPoint","urlTemplate":"https:\/\/denizcankizil.tr\/?s={search_term_string}"},"query-input":{"@type":"PropertyValueSpecification","valueRequired":true,"valueName":"search_term_string"}}],"inLanguage":"de"},{"@type":"Organization","@id":"https:\/\/denizcankizil.tr\/#organization","name":"Av. Deniz Can K\u0131z\u0131l","url":"https:\/\/denizcankizil.tr\/","logo":{"@type":"ImageObject","inLanguage":"de","@id":"https:\/\/denizcankizil.tr\/#\/schema\/logo\/image\/","url":"http:\/\/denizcankizil.tr\/wp-content\/uploads\/2024\/10\/siyah-logo-svg.svg","contentUrl":"http:\/\/denizcankizil.tr\/wp-content\/uploads\/2024\/10\/siyah-logo-svg.svg","width":1080,"height":1080,"caption":"Av. Deniz Can K\u0131z\u0131l"},"image":{"@id":"https:\/\/denizcankizil.tr\/#\/schema\/logo\/image\/"}},{"@type":"Person","@id":"https:\/\/denizcankizil.tr\/#\/schema\/person\/5dc1b22991bd7ac833867c10afc9b0ff","name":"Av. Deniz Can K\u0131z\u0131l","image":{"@type":"ImageObject","inLanguage":"de","@id":"https:\/\/denizcankizil.tr\/#\/schema\/person\/image\/","url":"https:\/\/secure.gravatar.com\/avatar\/a0b128fb9855c79efc976d5640eedb31dc35ec297594d6016d2cf7c60e975bb6?s=96&d=mm&r=g","contentUrl":"https:\/\/secure.gravatar.com\/avatar\/a0b128fb9855c79efc976d5640eedb31dc35ec297594d6016d2cf7c60e975bb6?s=96&d=mm&r=g","caption":"Av. Deniz Can K\u0131z\u0131l"},"sameAs":["http:\/\/www.denizcankizil.tr"],"url":"http:\/\/denizcankizil.tr\/de\/author\/denizcankizil\/"}]}},"_links":{"self":[{"href":"http:\/\/denizcankizil.tr\/de\/wp-json\/wp\/v2\/posts\/61955","targetHints":{"allow":["GET"]}}],"collection":[{"href":"http:\/\/denizcankizil.tr\/de\/wp-json\/wp\/v2\/posts"}],"about":[{"href":"http:\/\/denizcankizil.tr\/de\/wp-json\/wp\/v2\/types\/post"}],"author":[{"embeddable":true,"href":"http:\/\/denizcankizil.tr\/de\/wp-json\/wp\/v2\/users\/4"}],"replies":[{"embeddable":true,"href":"http:\/\/denizcankizil.tr\/de\/wp-json\/wp\/v2\/comments?post=61955"}],"version-history":[{"count":0,"href":"http:\/\/denizcankizil.tr\/de\/wp-json\/wp\/v2\/posts\/61955\/revisions"}],"wp:attachment":[{"href":"http:\/\/denizcankizil.tr\/de\/wp-json\/wp\/v2\/media?parent=61955"}],"wp:term":[{"taxonomy":"category","embeddable":true,"href":"http:\/\/denizcankizil.tr\/de\/wp-json\/wp\/v2\/categories?post=61955"},{"taxonomy":"post_tag","embeddable":true,"href":"http:\/\/denizcankizil.tr\/de\/wp-json\/wp\/v2\/tags?post=61955"}],"curies":[{"name":"wp","href":"https:\/\/api.w.org\/{rel}","templated":true}]}}