{"id":61910,"date":"2025-04-21T14:41:42","date_gmt":"2025-04-21T11:41:42","guid":{"rendered":"https:\/\/denizcankizil.tr\/uncategorized-tr\/chp-antalyada-elektrik-zamlarini-protesto-etti\/"},"modified":"2025-04-21T14:41:42","modified_gmt":"2025-04-21T11:41:42","slug":"chp-antalyada-elektrik-zamlarini-protesto-etti","status":"publish","type":"post","link":"http:\/\/denizcankizil.tr\/de\/haberler\/gundem\/chp-antalyada-elektrik-zamlarini-protesto-etti\/","title":{"rendered":"CHP, Antalya\u2019da elektrik zamlar\u0131n\u0131 protesto etti"},"content":{"rendered":"<p>Cumhuriyet Halk Partisi (CHP) Antalya \u0130l \u00d6rg\u00fct\u00fc, son d\u00f6nemde art arda yap\u0131lan elektrik zamlar\u0131n\u0131 protesto etti. CK Akdeniz Elektrik Da\u011f\u0131t\u0131m \u015eirketi \u00f6n\u00fcnde yap\u0131lan bas\u0131n a\u00e7\u0131klamas\u0131na Emek ve Demokrasi G\u00fc\u00e7leri bile\u015fenler, CHP milletvekilleri, parti meclis \u00fcyeleri ve \u00e7ok say\u0131da yurtta\u015f kat\u0131ld\u0131. CHP Antalya \u0130l Ba\u015fkan\u0131 Nail Kamac\u0131, elektrik da\u011f\u0131t\u0131m\u0131n\u0131n \u00f6zelle\u015ftirilmesinin halk\u0131 a\u011f\u0131r faturalara mahkum etti\u011fini belirterek, &#8220;Bu hizmet birka\u00e7 ayr\u0131cal\u0131kl\u0131 \u015firkete de\u011fil, halka aittir&#8221; dedi.<\/p>\n<p>&#8220;ELEKTR\u0130K TEMEL B\u0130R \u0130NSAN HAKKIDIR&#8221;<\/p>\n<p>Cumhuriyet Halk Partisi Antalya \u0130l Ba\u015fkan\u0131 Nail Kamac\u0131, elektri\u011fe yap\u0131lan zamlar\u0131 ele\u015ftirdi. Elektrik t\u00fcketiminin temel bir insan hakk\u0131 oldu\u011funu ifade eden Kamac\u0131; \u201cBug\u00fcn burada, her ay elimizi yakan, aile b\u00fct\u00e7emizi sarsan elektrik faturalar\u0131n\u0131n ard\u0131ndaki ger\u00e7ekleri konu\u015fmak i\u00e7in topland\u0131k. \u00c7\u00fcnk\u00fc art\u0131k yeter! Elektrik bir l\u00fcks de\u011fil, temel bir insan hakk\u0131d\u0131r. Ancak bug\u00fcn \u00fclkemizde elektrik; yiyecekten, i\u00e7ecekten, \u0131s\u0131nmadan, ayd\u0131nlanmadan fedak\u00e2rl\u0131k ederek kullanabildi\u011fimiz, adeta bir l\u00fcks haline gelmi\u015ftir. Bu durumun nedeni yaln\u0131zca yap\u0131lan zamlar de\u011fildir. Bu, y\u0131llard\u0131r uygulanan yanl\u0131\u015f enerji politikalar\u0131n\u0131n, plans\u0131z ve rant odakl\u0131 \u00f6zelle\u015ftirmelerin ac\u0131 bir sonucudur\u201d dedi.<\/p>\n<p>&#8220;2012 YILINDA SATILDI\u011eINDA DOLAR 1 L\u0130RA 60 KURU\u015eTU&#8221;<\/p>\n<p>\u201cAkdeniz Elektrik Da\u011f\u0131t\u0131m A.\u015e&#8217;nin \u00f6zelle\u015ftirilme s\u00fcrecini hat\u0131rlatan Kamac\u0131, &#8220;2012 y\u0131l\u0131nda Antalya\u2019n\u0131n da i\u00e7inde bulundu\u011fu Akdeniz Elektrik Da\u011f\u0131t\u0131m A.\u015e., 546 milyon dolara \u00f6zel sekt\u00f6re sat\u0131ld\u0131. O g\u00fcn\u00fcn dolar kuru 1.60 TL idi. \u015eirket bu bedeli cebinden \u00f6demedi. Bankalardan d\u00f6vizle kredi \u00e7ekti. Yani T\u00fcrk liras\u0131 geliri olan bir i\u015fe d\u00f6vizle bor\u00e7land\u0131. Bu borcun halka y\u0131k\u0131laca\u011f\u0131 o g\u00fcnden belliydi\u201d dedi. Kamac\u0131, \u201cBug\u00fcn dolar 38 TL\u2019yi a\u015ft\u0131. \u015eirketler bor\u00e7lar\u0131n\u0131 \u00f6deyemiyor. Peki, \u00e7\u00f6z\u00fcm ne? Yine halka fatura edilmek. Yap\u0131lan her zamla, gelen her faturayla halk bu borcu \u00f6d\u00fcyor. 5 Nisan 2025 itibar\u0131yla elektri\u011fe y\u00fczde 25 zam yap\u0131ld\u0131. Bu sadece bir oran de\u011fildir. Bu, sofradaki ekme\u011fimizden, \u00e7ocu\u011fumuzun defterinden, cebimizdeki son kuru\u015ftan al\u0131nan bedeldir. T\u00fcrkiye\u2019de 42 milyon elektrik abonesi vard\u0131r. Bu zamlardan konut abonelerinin y\u00fczde 97\u2019si do\u011frudan etkilenmektedir. Her ay vatanda\u015f\u0131n cebinden 5 milyar lira daha fazla para \u00e7\u0131kacak\u201d dedi.<\/p>\n<p>&#8220;BU PARALAR NEREYE G\u0130TT\u0130?&#8221;<\/p>\n<p>\u201cVe bu paralar nereye gidiyor? AKP eliyle \u00f6zelle\u015ftirilen elektrik da\u011f\u0131t\u0131m \u015firketlerinin kasas\u0131na. 2004 y\u0131l\u0131nda ba\u015flat\u0131lan \u00f6zelle\u015ftirme s\u00fcreciyle T\u00fcrkiye Elektrik Da\u011f\u0131t\u0131m A.\u015e (TEDA\u015e) \u00fc\u00e7e b\u00f6l\u00fcnd\u00fc: \u200b\u200b\u200b\u200b\u200bT\u00fcrkiye Elektrik \u00dcretim-\u0130letim A.\u015e (E\u00dcA\u015e), T\u00fcrkiye Elektrik \u0130letim A.\u015e (E\u0130A\u015e) ve (Elektrik Da\u011f\u0131t\u0131m A.\u015e) EDA\u015e. \u00dcretim (E\u00dcA\u015e) ve da\u011f\u0131t\u0131m (EDA\u015e) \u00f6zel sekt\u00f6re devredildi\u201d diye konu\u015fmas\u0131n\u0131 s\u00fcrd\u00fcren Kamac\u0131, \u201c\u0130letim (E\u0130A\u015e) ise kamuya b\u0131rak\u0131ld\u0131 \u00e7\u00fcnk\u00fc rant yoktu! Bu s\u00fcre\u00e7te yakla\u015f\u0131k 70 milyar dolar gelir elde edildi. Bug\u00fcn bu altyap\u0131lar\u0131 yeniden kurmaya kalksan\u0131z o para yetmez. \u00dclkemizde elektrik \u00fcretiminin y\u00fczde 85\u2019i \u00f6zel \u015firketler taraf\u0131ndan ger\u00e7ekle\u015ftiriliyor. Da\u011f\u0131t\u0131m\u0131n tamam\u0131 \u00f6zel sekt\u00f6rde. AKP\u2019nin yaratt\u0131\u011f\u0131 sistemde bu \u015firketler birer kartel haline geldi. Devlet, elektri\u011fi \u00f6zel sekt\u00f6rden pahal\u0131ya al\u0131p onlara ucuza sat\u0131yor. Aradaki fark Hazine\u2019den, yani sizden kar\u015f\u0131lan\u0131yor. Buna da \u201cdevlet deste\u011fi\u201d deniyor! Asl\u0131nda bu, halktan al\u0131nan\u0131n halka bir k\u0131sm\u0131n\u0131n geri verilmesi de\u011fil, \u00f6zel sekt\u00f6re yeni kaynak aktar\u0131m\u0131d\u0131r. AKP, faturalarla ilgili vatanda\u015flara hileli ve yan\u0131lt\u0131c\u0131 mesajlar g\u00f6nderiyor. \u201cDevlet deste\u011fi indirimi\u201d ad\u0131 alt\u0131nda mesaj at\u0131yorlar. Oysa b\u00f6yle bir destek yok. T\u0131pk\u0131 ma\u011fazaya \u00f6nce zam yap\u0131p sonra \u201cy\u00fczde 50 indirim\u201d tabelas\u0131 asmak gibi. Vatanda\u015fla dalga ge\u00e7iliyor\u201d \u015feklinde konu\u015ftu.<\/p>\n<p>ELEKTR\u0130K FATURASININ SADECE Y\u00dcZDE 19\u2019U GER\u00c7EK BEDEL<\/p>\n<p>\u201cBug\u00fcn bir elektrik faturas\u0131n\u0131n sadece y\u00fczde 19\u2019u ger\u00e7ek enerji bedelidir. Kalan y\u00fczde 81\u2019i da\u011f\u0131t\u0131m, vergi ve fonlard\u0131r\u201d diye konu\u015fan Kamac\u0131 a\u00e7\u0131klamas\u0131n\u0131 \u015fu \u015fekilde s\u00fcrd\u00fcrd\u00fc:<\/p>\n<p>\u201cYani biz elektri\u011fi de\u011fil, ona ula\u015fmay\u0131 pahal\u0131ya \u00f6d\u00fcyoruz! Kulland\u0131klar\u0131 altyap\u0131 h\u00e2l\u00e2 kamuya ait. Ama bu hizmet, belli \u015firketlerin k\u00e2r makinesine d\u00f6n\u00fc\u015fm\u00fc\u015f durumda. Bu sadece aile b\u00fct\u00e7esini de\u011fil, \u00fclke ekonomisini de \u00e7\u00f6kertmektedir. Buradan a\u00e7\u0131k\u00e7a ilan ediyoruz. Elektrik da\u011f\u0131t\u0131m\u0131 yeniden kamunun denetimine al\u0131nmal\u0131d\u0131r. Faturalardaki da\u011f\u0131t\u0131m bedeli \u015feffaf, makul ve denetlenebilir hale getirilmelidir. Enerji Piyasas\u0131 D\u00fczenleme Kurumu (EPDK), \u015firketleri de\u011fil halk\u0131 korumal\u0131d\u0131r. \u00d6zelle\u015ftirilen b\u00f6lgeler ve enerji tesisleri kamula\u015ft\u0131r\u0131lmal\u0131d\u0131r. Enerji politikalar\u0131, siyasi ve ticari \u00e7\u0131karlar\u0131n de\u011fil, halk\u0131n refah\u0131n\u0131n merkezinde olmal\u0131d\u0131r. Ge\u00e7i\u015f s\u00fcrecinde ba\u011f\u0131ms\u0131z ve g\u00fc\u00e7l\u00fc bir Kamula\u015ft\u0131rma \u0130daresi kurulmal\u0131, kamu kaynaklar\u0131 yeniden halk yarar\u0131na kullan\u0131lmal\u0131d\u0131r. Biz, Cumhuriyet Halk Partisi Antalya \u0130l Ba\u015fkanl\u0131\u011f\u0131 olarak bu d\u00fczene sessiz kalmayaca\u011f\u0131z. Elektrik faturas\u0131 \u015firketlerin borcunu de\u011fil, halk\u0131n ya\u015fam\u0131n\u0131 ayd\u0131nlatmal\u0131d\u0131r. Bu \u00fclke birka\u00e7 ayr\u0131cal\u0131kl\u0131 \u015firkete de\u011fil, 85 milyona aittir. Bu kaynaklar bizimdir. Bu topraklar bizimdir. Bu enerji bizimdir. Ve bu m\u00fccadele hepimizindir.\u201d<\/p>\n<p>\u200bElektrik zamlar\u0131na gelen son zamlar vatanda\u015f\u0131n cebini yakt\u0131. CK Akdeniz Elektrik \u00f6n\u00fcndeki eylemde konu\u015fan CHP \u0130l Ba\u015fkan\u0131 Nail Kamac\u0131, elektrik da\u011f\u0131t\u0131m\u0131n\u0131n kamula\u015ft\u0131r\u0131lmas\u0131 gerekti\u011fini s\u00f6yledi.\u00a0<\/p>\n<p>\u200bHaberin Al\u0131nt\u0131land\u0131\u011f\u0131 Kaynak: www.antalyakorfez.com<\/p>","protected":false},"excerpt":{"rendered":"<p>Cumhuriyet Halk Partisi (CHP) Antalya \u0130l \u00d6rg\u00fct\u00fc, son d\u00f6nemde art arda yap\u0131lan elektrik zamlar\u0131n\u0131 protesto etti. CK Akdeniz Elektrik Da\u011f\u0131t\u0131m \u015eirketi \u00f6n\u00fcnde yap\u0131lan bas\u0131n a\u00e7\u0131klamas\u0131na Emek ve Demokrasi G\u00fc\u00e7leri bile\u015fenler, CHP milletvekilleri, parti meclis \u00fcyeleri ve \u00e7ok say\u0131da yurtta\u015f kat\u0131ld\u0131. CHP Antalya \u0130l Ba\u015fkan\u0131 Nail Kamac\u0131, elektrik da\u011f\u0131t\u0131m\u0131n\u0131n \u00f6zelle\u015ftirilmesinin halk\u0131 a\u011f\u0131r faturalara mahkum etti\u011fini belirterek, &#8220;Bu hizmet birka\u00e7 ayr\u0131cal\u0131kl\u0131 \u015firkete de\u011fil, halka aittir&#8221; dedi. &#8220;ELEKTR\u0130K TEMEL B\u0130R \u0130NSAN HAKKIDIR&#8221; Cumhuriyet Halk Partisi Antalya \u0130l Ba\u015fkan\u0131 Nail Kamac\u0131, elektri\u011fe yap\u0131lan zamlar\u0131 ele\u015ftirdi. Elektrik t\u00fcketiminin temel bir insan hakk\u0131 oldu\u011funu ifade eden Kamac\u0131; \u201cBug\u00fcn burada, her ay elimizi yakan, aile b\u00fct\u00e7emizi sarsan elektrik faturalar\u0131n\u0131n ard\u0131ndaki ger\u00e7ekleri konu\u015fmak i\u00e7in topland\u0131k. \u00c7\u00fcnk\u00fc art\u0131k yeter! Elektrik bir l\u00fcks de\u011fil, temel bir insan hakk\u0131d\u0131r. Ancak bug\u00fcn \u00fclkemizde elektrik; yiyecekten, i\u00e7ecekten, \u0131s\u0131nmadan, ayd\u0131nlanmadan fedak\u00e2rl\u0131k ederek kullanabildi\u011fimiz, adeta bir l\u00fcks haline gelmi\u015ftir. Bu durumun nedeni yaln\u0131zca yap\u0131lan zamlar de\u011fildir. Bu, y\u0131llard\u0131r uygulanan yanl\u0131\u015f enerji politikalar\u0131n\u0131n, plans\u0131z ve rant odakl\u0131 \u00f6zelle\u015ftirmelerin ac\u0131 bir sonucudur\u201d dedi. &#8220;2012 YILINDA SATILDI\u011eINDA DOLAR 1 L\u0130RA 60 KURU\u015eTU&#8221; \u201cAkdeniz Elektrik Da\u011f\u0131t\u0131m A.\u015e&#8217;nin \u00f6zelle\u015ftirilme s\u00fcrecini hat\u0131rlatan Kamac\u0131, &#8220;2012 y\u0131l\u0131nda Antalya\u2019n\u0131n da i\u00e7inde bulundu\u011fu Akdeniz Elektrik Da\u011f\u0131t\u0131m A.\u015e., 546 milyon dolara \u00f6zel sekt\u00f6re sat\u0131ld\u0131. O g\u00fcn\u00fcn dolar kuru 1.60 TL idi. \u015eirket bu bedeli cebinden \u00f6demedi. &hellip;<\/p>","protected":false},"author":5,"featured_media":0,"comment_status":"","ping_status":"open","sticky":false,"template":"","format":"standard","meta":{"_acf_changed":false,"footnotes":""},"categories":[24],"tags":[],"class_list":["post-61910","post","type-post","status-publish","format-standard","has-post-thumbnail","hentry","category-gundem"],"acf":[],"yoast_head":"<!-- This site is optimized with the Yoast SEO Premium plugin v26.6 (Yoast SEO v27.1.1) - https:\/\/yoast.com\/product\/yoast-seo-premium-wordpress\/ -->\n<title>CHP, Antalya\u2019da elektrik zamlar\u0131n\u0131 protesto etti - Av. Deniz Can K\u0131z\u0131l<\/title>\n<meta name=\"robots\" content=\"index, follow, max-snippet:-1, max-image-preview:large, max-video-preview:-1\" \/>\n<link rel=\"canonical\" href=\"http:\/\/denizcankizil.tr\/de\/haberler\/gundem\/chp-antalyada-elektrik-zamlarini-protesto-etti\/\" \/>\n<meta property=\"og:locale\" content=\"de_DE\" \/>\n<meta property=\"og:type\" content=\"article\" \/>\n<meta property=\"og:title\" content=\"CHP, Antalya\u2019da elektrik zamlar\u0131n\u0131 protesto etti\" \/>\n<meta property=\"og:description\" content=\"Cumhuriyet Halk Partisi (CHP) Antalya \u0130l \u00d6rg\u00fct\u00fc, son d\u00f6nemde art arda yap\u0131lan elektrik zamlar\u0131n\u0131 protesto etti. CK Akdeniz Elektrik Da\u011f\u0131t\u0131m \u015eirketi \u00f6n\u00fcnde yap\u0131lan bas\u0131n a\u00e7\u0131klamas\u0131na Emek ve Demokrasi G\u00fc\u00e7leri bile\u015fenler, CHP milletvekilleri, parti meclis \u00fcyeleri ve \u00e7ok say\u0131da yurtta\u015f kat\u0131ld\u0131. CHP Antalya \u0130l Ba\u015fkan\u0131 Nail Kamac\u0131, elektrik da\u011f\u0131t\u0131m\u0131n\u0131n \u00f6zelle\u015ftirilmesinin halk\u0131 a\u011f\u0131r faturalara mahkum etti\u011fini belirterek, &#8220;Bu hizmet birka\u00e7 ayr\u0131cal\u0131kl\u0131 \u015firkete de\u011fil, halka aittir&#8221; dedi. &#8220;ELEKTR\u0130K TEMEL B\u0130R \u0130NSAN HAKKIDIR&#8221; Cumhuriyet Halk Partisi Antalya \u0130l Ba\u015fkan\u0131 Nail Kamac\u0131, elektri\u011fe yap\u0131lan zamlar\u0131 ele\u015ftirdi. Elektrik t\u00fcketiminin temel bir insan hakk\u0131 oldu\u011funu ifade eden Kamac\u0131; \u201cBug\u00fcn burada, her ay elimizi yakan, aile b\u00fct\u00e7emizi sarsan elektrik faturalar\u0131n\u0131n ard\u0131ndaki ger\u00e7ekleri konu\u015fmak i\u00e7in topland\u0131k. \u00c7\u00fcnk\u00fc art\u0131k yeter! Elektrik bir l\u00fcks de\u011fil, temel bir insan hakk\u0131d\u0131r. Ancak bug\u00fcn \u00fclkemizde elektrik; yiyecekten, i\u00e7ecekten, \u0131s\u0131nmadan, ayd\u0131nlanmadan fedak\u00e2rl\u0131k ederek kullanabildi\u011fimiz, adeta bir l\u00fcks haline gelmi\u015ftir. Bu durumun nedeni yaln\u0131zca yap\u0131lan zamlar de\u011fildir. Bu, y\u0131llard\u0131r uygulanan yanl\u0131\u015f enerji politikalar\u0131n\u0131n, plans\u0131z ve rant odakl\u0131 \u00f6zelle\u015ftirmelerin ac\u0131 bir sonucudur\u201d dedi. &#8220;2012 YILINDA SATILDI\u011eINDA DOLAR 1 L\u0130RA 60 KURU\u015eTU&#8221; \u201cAkdeniz Elektrik Da\u011f\u0131t\u0131m A.\u015e&#8217;nin \u00f6zelle\u015ftirilme s\u00fcrecini hat\u0131rlatan Kamac\u0131, &#8220;2012 y\u0131l\u0131nda Antalya\u2019n\u0131n da i\u00e7inde bulundu\u011fu Akdeniz Elektrik Da\u011f\u0131t\u0131m A.\u015e., 546 milyon dolara \u00f6zel sekt\u00f6re sat\u0131ld\u0131. O g\u00fcn\u00fcn dolar kuru 1.60 TL idi. \u015eirket bu bedeli cebinden \u00f6demedi. &hellip;\" \/>\n<meta property=\"og:url\" content=\"http:\/\/denizcankizil.tr\/de\/haberler\/gundem\/chp-antalyada-elektrik-zamlarini-protesto-etti\/\" \/>\n<meta property=\"og:site_name\" content=\"Av. Deniz Can K\u0131z\u0131l\" \/>\n<meta property=\"article:published_time\" content=\"2025-04-21T11:41:42+00:00\" \/>\n<meta name=\"author\" content=\"Antalya K\u00f6rfez\" \/>\n<meta name=\"twitter:card\" content=\"summary_large_image\" \/>\n<meta name=\"twitter:label1\" content=\"Verfasst von\" \/>\n\t<meta name=\"twitter:data1\" content=\"Antalya K\u00f6rfez\" \/>\n\t<meta name=\"twitter:label2\" content=\"Gesch\u00e4tzte Lesezeit\" \/>\n\t<meta name=\"twitter:data2\" content=\"5\u00a0Minuten\" \/>\n<script type=\"application\/ld+json\" class=\"yoast-schema-graph\">{\"@context\":\"https:\/\/schema.org\",\"@graph\":[{\"@type\":\"Article\",\"@id\":\"http:\/\/denizcankizil.tr\/de\/haberler\/gundem\/chp-antalyada-elektrik-zamlarini-protesto-etti\/#article\",\"isPartOf\":{\"@id\":\"http:\/\/denizcankizil.tr\/de\/haberler\/gundem\/chp-antalyada-elektrik-zamlarini-protesto-etti\/\"},\"author\":{\"name\":\"Antalya K\u00f6rfez\",\"@id\":\"https:\/\/denizcankizil.tr\/#\/schema\/person\/e1eb71bb4dd684d46563f0af307e1234\"},\"headline\":\"CHP, Antalya\u2019da elektrik zamlar\u0131n\u0131 protesto etti\",\"datePublished\":\"2025-04-21T11:41:42+00:00\",\"mainEntityOfPage\":{\"@id\":\"http:\/\/denizcankizil.tr\/de\/haberler\/gundem\/chp-antalyada-elektrik-zamlarini-protesto-etti\/\"},\"wordCount\":960,\"publisher\":{\"@id\":\"https:\/\/denizcankizil.tr\/#organization\"},\"articleSection\":[\"G\u00fcndem\"],\"inLanguage\":\"de\"},{\"@type\":\"WebPage\",\"@id\":\"http:\/\/denizcankizil.tr\/de\/haberler\/gundem\/chp-antalyada-elektrik-zamlarini-protesto-etti\/\",\"url\":\"http:\/\/denizcankizil.tr\/de\/haberler\/gundem\/chp-antalyada-elektrik-zamlarini-protesto-etti\/\",\"name\":\"CHP, Antalya\u2019da elektrik zamlar\u0131n\u0131 protesto etti - Av. Deniz Can K\u0131z\u0131l\",\"isPartOf\":{\"@id\":\"https:\/\/denizcankizil.tr\/#website\"},\"datePublished\":\"2025-04-21T11:41:42+00:00\",\"breadcrumb\":{\"@id\":\"http:\/\/denizcankizil.tr\/de\/haberler\/gundem\/chp-antalyada-elektrik-zamlarini-protesto-etti\/#breadcrumb\"},\"inLanguage\":\"de\",\"potentialAction\":[{\"@type\":\"ReadAction\",\"target\":[\"http:\/\/denizcankizil.tr\/de\/haberler\/gundem\/chp-antalyada-elektrik-zamlarini-protesto-etti\/\"]}]},{\"@type\":\"BreadcrumbList\",\"@id\":\"http:\/\/denizcankizil.tr\/de\/haberler\/gundem\/chp-antalyada-elektrik-zamlarini-protesto-etti\/#breadcrumb\",\"itemListElement\":[{\"@type\":\"ListItem\",\"position\":1,\"name\":\"Home\",\"item\":\"https:\/\/denizcankizil.tr\/de\/\"},{\"@type\":\"ListItem\",\"position\":2,\"name\":\"CHP, Antalya\u2019da elektrik zamlar\u0131n\u0131 protesto etti\"}]},{\"@type\":\"WebSite\",\"@id\":\"https:\/\/denizcankizil.tr\/#website\",\"url\":\"https:\/\/denizcankizil.tr\/\",\"name\":\"Av. Deniz Can K\u0131z\u0131l\",\"description\":\"Avukat Deniz Can K\u0131z\u0131l Antalya Barosu\",\"publisher\":{\"@id\":\"https:\/\/denizcankizil.tr\/#organization\"},\"potentialAction\":[{\"@type\":\"SearchAction\",\"target\":{\"@type\":\"EntryPoint\",\"urlTemplate\":\"https:\/\/denizcankizil.tr\/?s={search_term_string}\"},\"query-input\":{\"@type\":\"PropertyValueSpecification\",\"valueRequired\":true,\"valueName\":\"search_term_string\"}}],\"inLanguage\":\"de\"},{\"@type\":\"Organization\",\"@id\":\"https:\/\/denizcankizil.tr\/#organization\",\"name\":\"Av. Deniz Can K\u0131z\u0131l\",\"url\":\"https:\/\/denizcankizil.tr\/\",\"logo\":{\"@type\":\"ImageObject\",\"inLanguage\":\"de\",\"@id\":\"https:\/\/denizcankizil.tr\/#\/schema\/logo\/image\/\",\"url\":\"http:\/\/denizcankizil.tr\/wp-content\/uploads\/2024\/10\/siyah-logo-svg.svg\",\"contentUrl\":\"http:\/\/denizcankizil.tr\/wp-content\/uploads\/2024\/10\/siyah-logo-svg.svg\",\"width\":1080,\"height\":1080,\"caption\":\"Av. Deniz Can K\u0131z\u0131l\"},\"image\":{\"@id\":\"https:\/\/denizcankizil.tr\/#\/schema\/logo\/image\/\"}},{\"@type\":\"Person\",\"@id\":\"https:\/\/denizcankizil.tr\/#\/schema\/person\/e1eb71bb4dd684d46563f0af307e1234\",\"name\":\"Antalya K\u00f6rfez\",\"image\":{\"@type\":\"ImageObject\",\"inLanguage\":\"de\",\"@id\":\"https:\/\/denizcankizil.tr\/#\/schema\/person\/image\/\",\"url\":\"https:\/\/secure.gravatar.com\/avatar\/42b01982558a48a0b501fdcab6a408d3717ea5919095ee2e67b0e521799c5905?s=96&d=mm&r=g\",\"contentUrl\":\"https:\/\/secure.gravatar.com\/avatar\/42b01982558a48a0b501fdcab6a408d3717ea5919095ee2e67b0e521799c5905?s=96&d=mm&r=g\",\"caption\":\"Antalya K\u00f6rfez\"},\"sameAs\":[\"http:\/\/www.antalyakorfez.com\"],\"url\":\"https:\/\/www.antalyakorfez.com\/chp-antalyada-elektrik-zamlarini-protesto-etti\"}]}<\/script>\n<!-- \/ Yoast SEO Premium plugin. -->","yoast_head_json":{"title":"CHP, Antalya\u2019da elektrik zamlar\u0131n\u0131 protesto etti - Av. Deniz Can K\u0131z\u0131l","robots":{"index":"index","follow":"follow","max-snippet":"max-snippet:-1","max-image-preview":"max-image-preview:large","max-video-preview":"max-video-preview:-1"},"canonical":"http:\/\/denizcankizil.tr\/de\/haberler\/gundem\/chp-antalyada-elektrik-zamlarini-protesto-etti\/","og_locale":"de_DE","og_type":"article","og_title":"CHP, Antalya\u2019da elektrik zamlar\u0131n\u0131 protesto etti","og_description":"Cumhuriyet Halk Partisi (CHP) Antalya \u0130l \u00d6rg\u00fct\u00fc, son d\u00f6nemde art arda yap\u0131lan elektrik zamlar\u0131n\u0131 protesto etti. CK Akdeniz Elektrik Da\u011f\u0131t\u0131m \u015eirketi \u00f6n\u00fcnde yap\u0131lan bas\u0131n a\u00e7\u0131klamas\u0131na Emek ve Demokrasi G\u00fc\u00e7leri bile\u015fenler, CHP milletvekilleri, parti meclis \u00fcyeleri ve \u00e7ok say\u0131da yurtta\u015f kat\u0131ld\u0131. CHP Antalya \u0130l Ba\u015fkan\u0131 Nail Kamac\u0131, elektrik da\u011f\u0131t\u0131m\u0131n\u0131n \u00f6zelle\u015ftirilmesinin halk\u0131 a\u011f\u0131r faturalara mahkum etti\u011fini belirterek, &#8220;Bu hizmet birka\u00e7 ayr\u0131cal\u0131kl\u0131 \u015firkete de\u011fil, halka aittir&#8221; dedi. &#8220;ELEKTR\u0130K TEMEL B\u0130R \u0130NSAN HAKKIDIR&#8221; Cumhuriyet Halk Partisi Antalya \u0130l Ba\u015fkan\u0131 Nail Kamac\u0131, elektri\u011fe yap\u0131lan zamlar\u0131 ele\u015ftirdi. Elektrik t\u00fcketiminin temel bir insan hakk\u0131 oldu\u011funu ifade eden Kamac\u0131; \u201cBug\u00fcn burada, her ay elimizi yakan, aile b\u00fct\u00e7emizi sarsan elektrik faturalar\u0131n\u0131n ard\u0131ndaki ger\u00e7ekleri konu\u015fmak i\u00e7in topland\u0131k. \u00c7\u00fcnk\u00fc art\u0131k yeter! Elektrik bir l\u00fcks de\u011fil, temel bir insan hakk\u0131d\u0131r. Ancak bug\u00fcn \u00fclkemizde elektrik; yiyecekten, i\u00e7ecekten, \u0131s\u0131nmadan, ayd\u0131nlanmadan fedak\u00e2rl\u0131k ederek kullanabildi\u011fimiz, adeta bir l\u00fcks haline gelmi\u015ftir. Bu durumun nedeni yaln\u0131zca yap\u0131lan zamlar de\u011fildir. Bu, y\u0131llard\u0131r uygulanan yanl\u0131\u015f enerji politikalar\u0131n\u0131n, plans\u0131z ve rant odakl\u0131 \u00f6zelle\u015ftirmelerin ac\u0131 bir sonucudur\u201d dedi. &#8220;2012 YILINDA SATILDI\u011eINDA DOLAR 1 L\u0130RA 60 KURU\u015eTU&#8221; \u201cAkdeniz Elektrik Da\u011f\u0131t\u0131m A.\u015e&#8217;nin \u00f6zelle\u015ftirilme s\u00fcrecini hat\u0131rlatan Kamac\u0131, &#8220;2012 y\u0131l\u0131nda Antalya\u2019n\u0131n da i\u00e7inde bulundu\u011fu Akdeniz Elektrik Da\u011f\u0131t\u0131m A.\u015e., 546 milyon dolara \u00f6zel sekt\u00f6re sat\u0131ld\u0131. O g\u00fcn\u00fcn dolar kuru 1.60 TL idi. \u015eirket bu bedeli cebinden \u00f6demedi. &hellip;","og_url":"http:\/\/denizcankizil.tr\/de\/haberler\/gundem\/chp-antalyada-elektrik-zamlarini-protesto-etti\/","og_site_name":"Av. Deniz Can K\u0131z\u0131l","article_published_time":"2025-04-21T11:41:42+00:00","author":"Antalya K\u00f6rfez","twitter_card":"summary_large_image","twitter_misc":{"Verfasst von":"Antalya K\u00f6rfez","Gesch\u00e4tzte Lesezeit":"5\u00a0Minuten"},"schema":{"@context":"https:\/\/schema.org","@graph":[{"@type":"Article","@id":"http:\/\/denizcankizil.tr\/de\/haberler\/gundem\/chp-antalyada-elektrik-zamlarini-protesto-etti\/#article","isPartOf":{"@id":"http:\/\/denizcankizil.tr\/de\/haberler\/gundem\/chp-antalyada-elektrik-zamlarini-protesto-etti\/"},"author":{"name":"Antalya K\u00f6rfez","@id":"https:\/\/denizcankizil.tr\/#\/schema\/person\/e1eb71bb4dd684d46563f0af307e1234"},"headline":"CHP, Antalya\u2019da elektrik zamlar\u0131n\u0131 protesto etti","datePublished":"2025-04-21T11:41:42+00:00","mainEntityOfPage":{"@id":"http:\/\/denizcankizil.tr\/de\/haberler\/gundem\/chp-antalyada-elektrik-zamlarini-protesto-etti\/"},"wordCount":960,"publisher":{"@id":"https:\/\/denizcankizil.tr\/#organization"},"articleSection":["G\u00fcndem"],"inLanguage":"de"},{"@type":"WebPage","@id":"http:\/\/denizcankizil.tr\/de\/haberler\/gundem\/chp-antalyada-elektrik-zamlarini-protesto-etti\/","url":"http:\/\/denizcankizil.tr\/de\/haberler\/gundem\/chp-antalyada-elektrik-zamlarini-protesto-etti\/","name":"CHP, Antalya\u2019da elektrik zamlar\u0131n\u0131 protesto etti - Av. Deniz Can K\u0131z\u0131l","isPartOf":{"@id":"https:\/\/denizcankizil.tr\/#website"},"datePublished":"2025-04-21T11:41:42+00:00","breadcrumb":{"@id":"http:\/\/denizcankizil.tr\/de\/haberler\/gundem\/chp-antalyada-elektrik-zamlarini-protesto-etti\/#breadcrumb"},"inLanguage":"de","potentialAction":[{"@type":"ReadAction","target":["http:\/\/denizcankizil.tr\/de\/haberler\/gundem\/chp-antalyada-elektrik-zamlarini-protesto-etti\/"]}]},{"@type":"BreadcrumbList","@id":"http:\/\/denizcankizil.tr\/de\/haberler\/gundem\/chp-antalyada-elektrik-zamlarini-protesto-etti\/#breadcrumb","itemListElement":[{"@type":"ListItem","position":1,"name":"Home","item":"https:\/\/denizcankizil.tr\/de\/"},{"@type":"ListItem","position":2,"name":"CHP, Antalya\u2019da elektrik zamlar\u0131n\u0131 protesto etti"}]},{"@type":"WebSite","@id":"https:\/\/denizcankizil.tr\/#website","url":"https:\/\/denizcankizil.tr\/","name":"Av. Deniz Can K\u0131z\u0131l","description":"Avukat Deniz Can K\u0131z\u0131l Antalya Barosu","publisher":{"@id":"https:\/\/denizcankizil.tr\/#organization"},"potentialAction":[{"@type":"SearchAction","target":{"@type":"EntryPoint","urlTemplate":"https:\/\/denizcankizil.tr\/?s={search_term_string}"},"query-input":{"@type":"PropertyValueSpecification","valueRequired":true,"valueName":"search_term_string"}}],"inLanguage":"de"},{"@type":"Organization","@id":"https:\/\/denizcankizil.tr\/#organization","name":"Av. Deniz Can K\u0131z\u0131l","url":"https:\/\/denizcankizil.tr\/","logo":{"@type":"ImageObject","inLanguage":"de","@id":"https:\/\/denizcankizil.tr\/#\/schema\/logo\/image\/","url":"http:\/\/denizcankizil.tr\/wp-content\/uploads\/2024\/10\/siyah-logo-svg.svg","contentUrl":"http:\/\/denizcankizil.tr\/wp-content\/uploads\/2024\/10\/siyah-logo-svg.svg","width":1080,"height":1080,"caption":"Av. Deniz Can K\u0131z\u0131l"},"image":{"@id":"https:\/\/denizcankizil.tr\/#\/schema\/logo\/image\/"}},{"@type":"Person","@id":"https:\/\/denizcankizil.tr\/#\/schema\/person\/e1eb71bb4dd684d46563f0af307e1234","name":"Antalya K\u00f6rfez","image":{"@type":"ImageObject","inLanguage":"de","@id":"https:\/\/denizcankizil.tr\/#\/schema\/person\/image\/","url":"https:\/\/secure.gravatar.com\/avatar\/42b01982558a48a0b501fdcab6a408d3717ea5919095ee2e67b0e521799c5905?s=96&d=mm&r=g","contentUrl":"https:\/\/secure.gravatar.com\/avatar\/42b01982558a48a0b501fdcab6a408d3717ea5919095ee2e67b0e521799c5905?s=96&d=mm&r=g","caption":"Antalya K\u00f6rfez"},"sameAs":["http:\/\/www.antalyakorfez.com"],"url":"https:\/\/www.antalyakorfez.com\/chp-antalyada-elektrik-zamlarini-protesto-etti"}]}},"_links":{"self":[{"href":"http:\/\/denizcankizil.tr\/de\/wp-json\/wp\/v2\/posts\/61910","targetHints":{"allow":["GET"]}}],"collection":[{"href":"http:\/\/denizcankizil.tr\/de\/wp-json\/wp\/v2\/posts"}],"about":[{"href":"http:\/\/denizcankizil.tr\/de\/wp-json\/wp\/v2\/types\/post"}],"author":[{"embeddable":true,"href":"http:\/\/denizcankizil.tr\/de\/wp-json\/wp\/v2\/users\/5"}],"replies":[{"embeddable":true,"href":"http:\/\/denizcankizil.tr\/de\/wp-json\/wp\/v2\/comments?post=61910"}],"version-history":[{"count":0,"href":"http:\/\/denizcankizil.tr\/de\/wp-json\/wp\/v2\/posts\/61910\/revisions"}],"wp:attachment":[{"href":"http:\/\/denizcankizil.tr\/de\/wp-json\/wp\/v2\/media?parent=61910"}],"wp:term":[{"taxonomy":"category","embeddable":true,"href":"http:\/\/denizcankizil.tr\/de\/wp-json\/wp\/v2\/categories?post=61910"},{"taxonomy":"post_tag","embeddable":true,"href":"http:\/\/denizcankizil.tr\/de\/wp-json\/wp\/v2\/tags?post=61910"}],"curies":[{"name":"wp","href":"https:\/\/api.w.org\/{rel}","templated":true}]}}