{"id":61005,"date":"2025-04-20T14:45:05","date_gmt":"2025-04-20T11:45:05","guid":{"rendered":"https:\/\/denizcankizil.tr\/uncategorized-tr\/andizli-mezarliginda-neler-oluyor-yol-acmak-icin-mezarlara-zarar-mi-verilecek\/"},"modified":"2025-04-20T14:45:05","modified_gmt":"2025-04-20T11:45:05","slug":"andizli-mezarliginda-neler-oluyor-yol-acmak-icin-mezarlara-zarar-mi-verilecek","status":"publish","type":"post","link":"http:\/\/denizcankizil.tr\/de\/haberler\/gundem\/andizli-mezarliginda-neler-oluyor-yol-acmak-icin-mezarlara-zarar-mi-verilecek\/","title":{"rendered":"And\u0131zl\u0131 mezarl\u0131\u011f\u0131nda neler oluyor? Yol a\u00e7mak i\u00e7in mezarlara zarar m\u0131 verilecek?"},"content":{"rendered":"<p>Antalya\u2019da hafta sonu And\u0131zl\u0131 Mezarl\u0131\u011f\u0131\u2019nda mezarl\u0131k ziyaretine giden vatanda\u015flar, mezarlar\u0131n bulundu\u011fu alanda 12 metrelik yeni bir yol a\u00e7\u0131ld\u0131\u011f\u0131n\u0131 g\u00f6r\u00fcnce \u015fok ya\u015fad\u0131. Tepkisini sosyal medya \u00fczerinden duyuran \u015eeyda G\u00fcven\u00e7 Duran, yap\u0131lan \u00e7al\u0131\u015fman\u0131n Selanik M\u00fcbadillerinin g\u00f6m\u00fcl\u00fc oldu\u011fu alanda oldu\u011funu ileri s\u00fcrd\u00fc.<\/p>\n<p>S\u0130Z H\u0130\u00c7 MEZARLIK ALANI \u0130\u00c7\u0130NDE YOL G\u00d6RD\u00dcN\u00dcZ M\u00dc? <\/p>\n<p>\u015eeyda G\u00fcven\u00e7 Duran \u201cSiz hi\u00e7 mezarl\u0131k alan\u0131 i\u00e7inde 12 metrelik yol \u00e7al\u0131\u015fmas\u0131 g\u00f6rd\u00fcn\u00fcz m\u00fc? Dedelerimizin mezarlar\u0131na yeniden g\u00f6\u00e7 dayat\u0131l\u0131yor\u201d s\u00f6zleriyle duruma tepki g\u00f6sterdi. Duran, daha \u00f6nce de benzer giri\u015fimlerin ya\u015fand\u0131\u011f\u0131n\u0131 hat\u0131rlatt\u0131. Duran, 15 y\u0131l \u00f6nce k\u00f6m\u00fcrle i\u015faretlenen mezar alan\u0131na yap\u0131lmak istenen m\u00fcdahale kamuoyu bask\u0131s\u0131yla engellendi\u011fini s\u00f6yledi.<\/p>\n<p>AYNI HASSAS\u0130YET ANTALYA\u2019DA G\u00d6STER\u0130LM\u0130YOR <\/p>\n<p>Duran, 2018 y\u0131l\u0131nda arife g\u00fcn\u00fc yap\u0131lan benzer bir \u00e7al\u0131\u015fmay\u0131, toplu dilek\u00e7elerle durdurduklar\u0131n\u0131 s\u00f6yledi. Ancak bu kez uygulaman\u0131n h\u0131zla devreye sokuldu\u011funu ve vatanda\u015flara bilgi verilmedi\u011fini belirtti. 2016\u2019da Yunanistan\u2019\u0131n Gargara k\u00f6y\u00fcnde \u00e7\u0131kar\u0131lan 201 m\u00fcbadele mezar\u0131n\u0131n T\u00fcrkiye\u2019ye nakil s\u00fcrecini hat\u0131rlatan Duran, oradaki s\u00fcrecin \u015feffafl\u0131kla y\u00fcr\u00fct\u00fcld\u00fc\u011f\u00fcn\u00fc, ancak Antalya\u2019da ayn\u0131 hassasiyetin g\u00f6sterilmedi\u011fini ifade etti.<\/p>\n<p>YEN\u0130DEN ZORUNLU G\u00d6\u00c7 YA\u015eATILACAK?<\/p>\n<p>Antalya K\u00f6rfez Gazetesi muhabiri Ertu\u011frul G\u00fcn&#8217;\u00fcn haberine g\u00f6re; mezarlar\u0131n bulundu\u011fu alana yol a\u00e7\u0131lmas\u0131n\u0131 kamu yarar\u0131 olarak g\u00f6rmedi\u011fini belirten Duran, \u201cM\u00fcbadeleyle bir kez g\u00f6\u00e7 ettik, \u015fimdi dedelerimizin mezarlar\u0131 \u00fczerinden yeniden mi zorunlu g\u00f6\u00e7 ya\u015fat\u0131lacak? Bu kabul edilemez\u201d dedi.<\/p>\n<p>\u201cB\u00dcY\u00dcK\u015eEH\u0130R BELED\u0130YES\u0130\u2019NDEN A\u00c7IKLAMA BEKL\u0130YORUZ\u201d<\/p>\n<p>Aileler Antalya B\u00fcy\u00fck\u015fehir Belediyesinin a\u00e7\u0131klama yapmas\u0131n\u0131 isteyen Duran, \u201c100\u2019den fazla mezar\u0131n etkilenmesi s\u00f6ylentisi var. B\u00fcy\u00fck\u015fehir belediyesinden taraf\u0131m\u0131za daha ayd\u0131nlat\u0131c\u0131 bir a\u00e7\u0131klama bekliyoruz. Bizler kayg\u0131 i\u00e7erisindeyiz\u201d diye konu\u015ftu.<\/p>\n<p>\u200bAntalya\u2019n\u0131n tarihi And\u0131zl\u0131 Mezarl\u0131\u011f\u0131\u2019nda ba\u015flat\u0131lan yol yap\u0131m \u00e7al\u0131\u015fmas\u0131, m\u00fcbadeleyle T\u00fcrkiye\u2019ye gelen Selanikli ailelerin tepkisine yol a\u00e7t\u0131. Yol \u00e7al\u0131\u015fmas\u0131nda 100&#8217;den fazla mezar\u0131n etkilenebilece\u011fi \u00f6ne s\u00fcr\u00fcld\u00fc.\u00a0<\/p>\n<p>\u200bHaberin Al\u0131nt\u0131land\u0131\u011f\u0131 Kaynak: www.antalyakorfez.com<\/p>","protected":false},"excerpt":{"rendered":"<p>Antalya\u2019da hafta sonu And\u0131zl\u0131 Mezarl\u0131\u011f\u0131\u2019nda mezarl\u0131k ziyaretine giden vatanda\u015flar, mezarlar\u0131n bulundu\u011fu alanda 12 metrelik yeni bir yol a\u00e7\u0131ld\u0131\u011f\u0131n\u0131 g\u00f6r\u00fcnce \u015fok ya\u015fad\u0131. Tepkisini sosyal medya \u00fczerinden duyuran \u015eeyda G\u00fcven\u00e7 Duran, yap\u0131lan \u00e7al\u0131\u015fman\u0131n Selanik M\u00fcbadillerinin g\u00f6m\u00fcl\u00fc oldu\u011fu alanda oldu\u011funu ileri s\u00fcrd\u00fc. S\u0130Z H\u0130\u00c7 MEZARLIK ALANI \u0130\u00c7\u0130NDE YOL G\u00d6RD\u00dcN\u00dcZ M\u00dc? \u015eeyda G\u00fcven\u00e7 Duran \u201cSiz hi\u00e7 mezarl\u0131k alan\u0131 i\u00e7inde 12 metrelik yol \u00e7al\u0131\u015fmas\u0131 g\u00f6rd\u00fcn\u00fcz m\u00fc? Dedelerimizin mezarlar\u0131na yeniden g\u00f6\u00e7 dayat\u0131l\u0131yor\u201d s\u00f6zleriyle duruma tepki g\u00f6sterdi. Duran, daha \u00f6nce de benzer giri\u015fimlerin ya\u015fand\u0131\u011f\u0131n\u0131 hat\u0131rlatt\u0131. Duran, 15 y\u0131l \u00f6nce k\u00f6m\u00fcrle i\u015faretlenen mezar alan\u0131na yap\u0131lmak istenen m\u00fcdahale kamuoyu bask\u0131s\u0131yla engellendi\u011fini s\u00f6yledi. AYNI HASSAS\u0130YET ANTALYA\u2019DA G\u00d6STER\u0130LM\u0130YOR Duran, 2018 y\u0131l\u0131nda arife g\u00fcn\u00fc yap\u0131lan benzer bir \u00e7al\u0131\u015fmay\u0131, toplu dilek\u00e7elerle durdurduklar\u0131n\u0131 s\u00f6yledi. Ancak bu kez uygulaman\u0131n h\u0131zla devreye sokuldu\u011funu ve vatanda\u015flara bilgi verilmedi\u011fini belirtti. 2016\u2019da Yunanistan\u2019\u0131n Gargara k\u00f6y\u00fcnde \u00e7\u0131kar\u0131lan 201 m\u00fcbadele mezar\u0131n\u0131n T\u00fcrkiye\u2019ye nakil s\u00fcrecini hat\u0131rlatan Duran, oradaki s\u00fcrecin \u015feffafl\u0131kla y\u00fcr\u00fct\u00fcld\u00fc\u011f\u00fcn\u00fc, ancak Antalya\u2019da ayn\u0131 hassasiyetin g\u00f6sterilmedi\u011fini ifade etti. YEN\u0130DEN ZORUNLU G\u00d6\u00c7 YA\u015eATILACAK? Antalya K\u00f6rfez Gazetesi muhabiri Ertu\u011frul G\u00fcn&#8217;\u00fcn haberine g\u00f6re; mezarlar\u0131n bulundu\u011fu alana yol a\u00e7\u0131lmas\u0131n\u0131 kamu yarar\u0131 olarak g\u00f6rmedi\u011fini belirten Duran, \u201cM\u00fcbadeleyle bir kez g\u00f6\u00e7 ettik, \u015fimdi dedelerimizin mezarlar\u0131 \u00fczerinden yeniden mi zorunlu g\u00f6\u00e7 ya\u015fat\u0131lacak? Bu kabul edilemez\u201d dedi. \u201cB\u00dcY\u00dcK\u015eEH\u0130R BELED\u0130YES\u0130\u2019NDEN A\u00c7IKLAMA BEKL\u0130YORUZ\u201d Aileler Antalya B\u00fcy\u00fck\u015fehir Belediyesinin a\u00e7\u0131klama yapmas\u0131n\u0131 isteyen Duran, \u201c100\u2019den &hellip;<\/p>","protected":false},"author":5,"featured_media":0,"comment_status":"","ping_status":"open","sticky":false,"template":"","format":"standard","meta":{"_acf_changed":false,"footnotes":""},"categories":[24],"tags":[],"class_list":["post-61005","post","type-post","status-publish","format-standard","has-post-thumbnail","hentry","category-gundem"],"acf":[],"yoast_head":"<!-- This site is optimized with the Yoast SEO Premium plugin v26.6 (Yoast SEO v27.1.1) - https:\/\/yoast.com\/product\/yoast-seo-premium-wordpress\/ -->\n<title>And\u0131zl\u0131 mezarl\u0131\u011f\u0131nda neler oluyor? Yol a\u00e7mak i\u00e7in mezarlara zarar m\u0131 verilecek? - Av. Deniz Can K\u0131z\u0131l<\/title>\n<meta name=\"robots\" content=\"index, follow, max-snippet:-1, max-image-preview:large, max-video-preview:-1\" \/>\n<link rel=\"canonical\" href=\"http:\/\/denizcankizil.tr\/de\/haberler\/gundem\/andizli-mezarliginda-neler-oluyor-yol-acmak-icin-mezarlara-zarar-mi-verilecek\/\" \/>\n<meta property=\"og:locale\" content=\"de_DE\" \/>\n<meta property=\"og:type\" content=\"article\" \/>\n<meta property=\"og:title\" content=\"And\u0131zl\u0131 mezarl\u0131\u011f\u0131nda neler oluyor? Yol a\u00e7mak i\u00e7in mezarlara zarar m\u0131 verilecek?\" \/>\n<meta property=\"og:description\" content=\"Antalya\u2019da hafta sonu And\u0131zl\u0131 Mezarl\u0131\u011f\u0131\u2019nda mezarl\u0131k ziyaretine giden vatanda\u015flar, mezarlar\u0131n bulundu\u011fu alanda 12 metrelik yeni bir yol a\u00e7\u0131ld\u0131\u011f\u0131n\u0131 g\u00f6r\u00fcnce \u015fok ya\u015fad\u0131. Tepkisini sosyal medya \u00fczerinden duyuran \u015eeyda G\u00fcven\u00e7 Duran, yap\u0131lan \u00e7al\u0131\u015fman\u0131n Selanik M\u00fcbadillerinin g\u00f6m\u00fcl\u00fc oldu\u011fu alanda oldu\u011funu ileri s\u00fcrd\u00fc. S\u0130Z H\u0130\u00c7 MEZARLIK ALANI \u0130\u00c7\u0130NDE YOL G\u00d6RD\u00dcN\u00dcZ M\u00dc? \u015eeyda G\u00fcven\u00e7 Duran \u201cSiz hi\u00e7 mezarl\u0131k alan\u0131 i\u00e7inde 12 metrelik yol \u00e7al\u0131\u015fmas\u0131 g\u00f6rd\u00fcn\u00fcz m\u00fc? Dedelerimizin mezarlar\u0131na yeniden g\u00f6\u00e7 dayat\u0131l\u0131yor\u201d s\u00f6zleriyle duruma tepki g\u00f6sterdi. Duran, daha \u00f6nce de benzer giri\u015fimlerin ya\u015fand\u0131\u011f\u0131n\u0131 hat\u0131rlatt\u0131. Duran, 15 y\u0131l \u00f6nce k\u00f6m\u00fcrle i\u015faretlenen mezar alan\u0131na yap\u0131lmak istenen m\u00fcdahale kamuoyu bask\u0131s\u0131yla engellendi\u011fini s\u00f6yledi. AYNI HASSAS\u0130YET ANTALYA\u2019DA G\u00d6STER\u0130LM\u0130YOR Duran, 2018 y\u0131l\u0131nda arife g\u00fcn\u00fc yap\u0131lan benzer bir \u00e7al\u0131\u015fmay\u0131, toplu dilek\u00e7elerle durdurduklar\u0131n\u0131 s\u00f6yledi. Ancak bu kez uygulaman\u0131n h\u0131zla devreye sokuldu\u011funu ve vatanda\u015flara bilgi verilmedi\u011fini belirtti. 2016\u2019da Yunanistan\u2019\u0131n Gargara k\u00f6y\u00fcnde \u00e7\u0131kar\u0131lan 201 m\u00fcbadele mezar\u0131n\u0131n T\u00fcrkiye\u2019ye nakil s\u00fcrecini hat\u0131rlatan Duran, oradaki s\u00fcrecin \u015feffafl\u0131kla y\u00fcr\u00fct\u00fcld\u00fc\u011f\u00fcn\u00fc, ancak Antalya\u2019da ayn\u0131 hassasiyetin g\u00f6sterilmedi\u011fini ifade etti. YEN\u0130DEN ZORUNLU G\u00d6\u00c7 YA\u015eATILACAK? Antalya K\u00f6rfez Gazetesi muhabiri Ertu\u011frul G\u00fcn&#8217;\u00fcn haberine g\u00f6re; mezarlar\u0131n bulundu\u011fu alana yol a\u00e7\u0131lmas\u0131n\u0131 kamu yarar\u0131 olarak g\u00f6rmedi\u011fini belirten Duran, \u201cM\u00fcbadeleyle bir kez g\u00f6\u00e7 ettik, \u015fimdi dedelerimizin mezarlar\u0131 \u00fczerinden yeniden mi zorunlu g\u00f6\u00e7 ya\u015fat\u0131lacak? Bu kabul edilemez\u201d dedi. \u201cB\u00dcY\u00dcK\u015eEH\u0130R BELED\u0130YES\u0130\u2019NDEN A\u00c7IKLAMA BEKL\u0130YORUZ\u201d Aileler Antalya B\u00fcy\u00fck\u015fehir Belediyesinin a\u00e7\u0131klama yapmas\u0131n\u0131 isteyen Duran, \u201c100\u2019den &hellip;\" \/>\n<meta property=\"og:url\" content=\"http:\/\/denizcankizil.tr\/de\/haberler\/gundem\/andizli-mezarliginda-neler-oluyor-yol-acmak-icin-mezarlara-zarar-mi-verilecek\/\" \/>\n<meta property=\"og:site_name\" content=\"Av. Deniz Can K\u0131z\u0131l\" \/>\n<meta property=\"article:published_time\" content=\"2025-04-20T11:45:05+00:00\" \/>\n<meta name=\"author\" content=\"Antalya K\u00f6rfez\" \/>\n<meta name=\"twitter:card\" content=\"summary_large_image\" \/>\n<meta name=\"twitter:label1\" content=\"Verfasst von\" \/>\n\t<meta name=\"twitter:data1\" content=\"Antalya K\u00f6rfez\" \/>\n\t<meta name=\"twitter:label2\" content=\"Gesch\u00e4tzte Lesezeit\" \/>\n\t<meta name=\"twitter:data2\" content=\"2\u00a0Minuten\" \/>\n<script type=\"application\/ld+json\" class=\"yoast-schema-graph\">{\"@context\":\"https:\/\/schema.org\",\"@graph\":[{\"@type\":\"Article\",\"@id\":\"http:\/\/denizcankizil.tr\/de\/haberler\/gundem\/andizli-mezarliginda-neler-oluyor-yol-acmak-icin-mezarlara-zarar-mi-verilecek\/#article\",\"isPartOf\":{\"@id\":\"http:\/\/denizcankizil.tr\/de\/haberler\/gundem\/andizli-mezarliginda-neler-oluyor-yol-acmak-icin-mezarlara-zarar-mi-verilecek\/\"},\"author\":{\"name\":\"Antalya K\u00f6rfez\",\"@id\":\"https:\/\/denizcankizil.tr\/de\/#\/schema\/person\/e1eb71bb4dd684d46563f0af307e1234\"},\"headline\":\"And\u0131zl\u0131 mezarl\u0131\u011f\u0131nda neler oluyor? Yol a\u00e7mak i\u00e7in mezarlara zarar m\u0131 verilecek?\",\"datePublished\":\"2025-04-20T11:45:05+00:00\",\"mainEntityOfPage\":{\"@id\":\"http:\/\/denizcankizil.tr\/de\/haberler\/gundem\/andizli-mezarliginda-neler-oluyor-yol-acmak-icin-mezarlara-zarar-mi-verilecek\/\"},\"wordCount\":410,\"publisher\":{\"@id\":\"https:\/\/denizcankizil.tr\/de\/#organization\"},\"articleSection\":[\"G\u00fcndem\"],\"inLanguage\":\"de\"},{\"@type\":\"WebPage\",\"@id\":\"http:\/\/denizcankizil.tr\/de\/haberler\/gundem\/andizli-mezarliginda-neler-oluyor-yol-acmak-icin-mezarlara-zarar-mi-verilecek\/\",\"url\":\"http:\/\/denizcankizil.tr\/de\/haberler\/gundem\/andizli-mezarliginda-neler-oluyor-yol-acmak-icin-mezarlara-zarar-mi-verilecek\/\",\"name\":\"And\u0131zl\u0131 mezarl\u0131\u011f\u0131nda neler oluyor? Yol a\u00e7mak i\u00e7in mezarlara zarar m\u0131 verilecek? - Av. Deniz Can K\u0131z\u0131l\",\"isPartOf\":{\"@id\":\"https:\/\/denizcankizil.tr\/de\/#website\"},\"datePublished\":\"2025-04-20T11:45:05+00:00\",\"breadcrumb\":{\"@id\":\"http:\/\/denizcankizil.tr\/de\/haberler\/gundem\/andizli-mezarliginda-neler-oluyor-yol-acmak-icin-mezarlara-zarar-mi-verilecek\/#breadcrumb\"},\"inLanguage\":\"de\",\"potentialAction\":[{\"@type\":\"ReadAction\",\"target\":[\"http:\/\/denizcankizil.tr\/de\/haberler\/gundem\/andizli-mezarliginda-neler-oluyor-yol-acmak-icin-mezarlara-zarar-mi-verilecek\/\"]}]},{\"@type\":\"BreadcrumbList\",\"@id\":\"http:\/\/denizcankizil.tr\/de\/haberler\/gundem\/andizli-mezarliginda-neler-oluyor-yol-acmak-icin-mezarlara-zarar-mi-verilecek\/#breadcrumb\",\"itemListElement\":[{\"@type\":\"ListItem\",\"position\":1,\"name\":\"Home\",\"item\":\"https:\/\/denizcankizil.tr\/de\/\"},{\"@type\":\"ListItem\",\"position\":2,\"name\":\"And\u0131zl\u0131 mezarl\u0131\u011f\u0131nda neler oluyor? Yol a\u00e7mak i\u00e7in mezarlara zarar m\u0131 verilecek?\"}]},{\"@type\":\"WebSite\",\"@id\":\"https:\/\/denizcankizil.tr\/de\/#website\",\"url\":\"https:\/\/denizcankizil.tr\/de\/\",\"name\":\"Av. Deniz Can K\u0131z\u0131l\",\"description\":\"Avukat Deniz Can K\u0131z\u0131l Antalya Barosu\",\"publisher\":{\"@id\":\"https:\/\/denizcankizil.tr\/de\/#organization\"},\"potentialAction\":[{\"@type\":\"SearchAction\",\"target\":{\"@type\":\"EntryPoint\",\"urlTemplate\":\"https:\/\/denizcankizil.tr\/de\/?s={search_term_string}\"},\"query-input\":{\"@type\":\"PropertyValueSpecification\",\"valueRequired\":true,\"valueName\":\"search_term_string\"}}],\"inLanguage\":\"de\"},{\"@type\":\"Organization\",\"@id\":\"https:\/\/denizcankizil.tr\/de\/#organization\",\"name\":\"Av. Deniz Can K\u0131z\u0131l\",\"url\":\"https:\/\/denizcankizil.tr\/de\/\",\"logo\":{\"@type\":\"ImageObject\",\"inLanguage\":\"de\",\"@id\":\"https:\/\/denizcankizil.tr\/de\/#\/schema\/logo\/image\/\",\"url\":\"http:\/\/denizcankizil.tr\/wp-content\/uploads\/2024\/10\/siyah-logo-svg.svg\",\"contentUrl\":\"http:\/\/denizcankizil.tr\/wp-content\/uploads\/2024\/10\/siyah-logo-svg.svg\",\"width\":1080,\"height\":1080,\"caption\":\"Av. Deniz Can K\u0131z\u0131l\"},\"image\":{\"@id\":\"https:\/\/denizcankizil.tr\/de\/#\/schema\/logo\/image\/\"}},{\"@type\":\"Person\",\"@id\":\"https:\/\/denizcankizil.tr\/de\/#\/schema\/person\/e1eb71bb4dd684d46563f0af307e1234\",\"name\":\"Antalya K\u00f6rfez\",\"image\":{\"@type\":\"ImageObject\",\"inLanguage\":\"de\",\"@id\":\"https:\/\/denizcankizil.tr\/de\/#\/schema\/person\/image\/\",\"url\":\"https:\/\/secure.gravatar.com\/avatar\/42b01982558a48a0b501fdcab6a408d3717ea5919095ee2e67b0e521799c5905?s=96&d=mm&r=g\",\"contentUrl\":\"https:\/\/secure.gravatar.com\/avatar\/42b01982558a48a0b501fdcab6a408d3717ea5919095ee2e67b0e521799c5905?s=96&d=mm&r=g\",\"caption\":\"Antalya K\u00f6rfez\"},\"sameAs\":[\"http:\/\/www.antalyakorfez.com\"],\"url\":\"https:\/\/www.antalyakorfez.com\/andizli-mezarliginda-neler-oluyor-yol-acmak-icin-mezarlara-zarar-mi-verilecek\"}]}<\/script>\n<!-- \/ Yoast SEO Premium plugin. -->","yoast_head_json":{"title":"And\u0131zl\u0131 mezarl\u0131\u011f\u0131nda neler oluyor? Yol a\u00e7mak i\u00e7in mezarlara zarar m\u0131 verilecek? - Av. Deniz Can K\u0131z\u0131l","robots":{"index":"index","follow":"follow","max-snippet":"max-snippet:-1","max-image-preview":"max-image-preview:large","max-video-preview":"max-video-preview:-1"},"canonical":"http:\/\/denizcankizil.tr\/de\/haberler\/gundem\/andizli-mezarliginda-neler-oluyor-yol-acmak-icin-mezarlara-zarar-mi-verilecek\/","og_locale":"de_DE","og_type":"article","og_title":"And\u0131zl\u0131 mezarl\u0131\u011f\u0131nda neler oluyor? Yol a\u00e7mak i\u00e7in mezarlara zarar m\u0131 verilecek?","og_description":"Antalya\u2019da hafta sonu And\u0131zl\u0131 Mezarl\u0131\u011f\u0131\u2019nda mezarl\u0131k ziyaretine giden vatanda\u015flar, mezarlar\u0131n bulundu\u011fu alanda 12 metrelik yeni bir yol a\u00e7\u0131ld\u0131\u011f\u0131n\u0131 g\u00f6r\u00fcnce \u015fok ya\u015fad\u0131. Tepkisini sosyal medya \u00fczerinden duyuran \u015eeyda G\u00fcven\u00e7 Duran, yap\u0131lan \u00e7al\u0131\u015fman\u0131n Selanik M\u00fcbadillerinin g\u00f6m\u00fcl\u00fc oldu\u011fu alanda oldu\u011funu ileri s\u00fcrd\u00fc. S\u0130Z H\u0130\u00c7 MEZARLIK ALANI \u0130\u00c7\u0130NDE YOL G\u00d6RD\u00dcN\u00dcZ M\u00dc? \u015eeyda G\u00fcven\u00e7 Duran \u201cSiz hi\u00e7 mezarl\u0131k alan\u0131 i\u00e7inde 12 metrelik yol \u00e7al\u0131\u015fmas\u0131 g\u00f6rd\u00fcn\u00fcz m\u00fc? Dedelerimizin mezarlar\u0131na yeniden g\u00f6\u00e7 dayat\u0131l\u0131yor\u201d s\u00f6zleriyle duruma tepki g\u00f6sterdi. Duran, daha \u00f6nce de benzer giri\u015fimlerin ya\u015fand\u0131\u011f\u0131n\u0131 hat\u0131rlatt\u0131. Duran, 15 y\u0131l \u00f6nce k\u00f6m\u00fcrle i\u015faretlenen mezar alan\u0131na yap\u0131lmak istenen m\u00fcdahale kamuoyu bask\u0131s\u0131yla engellendi\u011fini s\u00f6yledi. AYNI HASSAS\u0130YET ANTALYA\u2019DA G\u00d6STER\u0130LM\u0130YOR Duran, 2018 y\u0131l\u0131nda arife g\u00fcn\u00fc yap\u0131lan benzer bir \u00e7al\u0131\u015fmay\u0131, toplu dilek\u00e7elerle durdurduklar\u0131n\u0131 s\u00f6yledi. Ancak bu kez uygulaman\u0131n h\u0131zla devreye sokuldu\u011funu ve vatanda\u015flara bilgi verilmedi\u011fini belirtti. 2016\u2019da Yunanistan\u2019\u0131n Gargara k\u00f6y\u00fcnde \u00e7\u0131kar\u0131lan 201 m\u00fcbadele mezar\u0131n\u0131n T\u00fcrkiye\u2019ye nakil s\u00fcrecini hat\u0131rlatan Duran, oradaki s\u00fcrecin \u015feffafl\u0131kla y\u00fcr\u00fct\u00fcld\u00fc\u011f\u00fcn\u00fc, ancak Antalya\u2019da ayn\u0131 hassasiyetin g\u00f6sterilmedi\u011fini ifade etti. YEN\u0130DEN ZORUNLU G\u00d6\u00c7 YA\u015eATILACAK? Antalya K\u00f6rfez Gazetesi muhabiri Ertu\u011frul G\u00fcn&#8217;\u00fcn haberine g\u00f6re; mezarlar\u0131n bulundu\u011fu alana yol a\u00e7\u0131lmas\u0131n\u0131 kamu yarar\u0131 olarak g\u00f6rmedi\u011fini belirten Duran, \u201cM\u00fcbadeleyle bir kez g\u00f6\u00e7 ettik, \u015fimdi dedelerimizin mezarlar\u0131 \u00fczerinden yeniden mi zorunlu g\u00f6\u00e7 ya\u015fat\u0131lacak? Bu kabul edilemez\u201d dedi. \u201cB\u00dcY\u00dcK\u015eEH\u0130R BELED\u0130YES\u0130\u2019NDEN A\u00c7IKLAMA BEKL\u0130YORUZ\u201d Aileler Antalya B\u00fcy\u00fck\u015fehir Belediyesinin a\u00e7\u0131klama yapmas\u0131n\u0131 isteyen Duran, \u201c100\u2019den &hellip;","og_url":"http:\/\/denizcankizil.tr\/de\/haberler\/gundem\/andizli-mezarliginda-neler-oluyor-yol-acmak-icin-mezarlara-zarar-mi-verilecek\/","og_site_name":"Av. Deniz Can K\u0131z\u0131l","article_published_time":"2025-04-20T11:45:05+00:00","author":"Antalya K\u00f6rfez","twitter_card":"summary_large_image","twitter_misc":{"Verfasst von":"Antalya K\u00f6rfez","Gesch\u00e4tzte Lesezeit":"2\u00a0Minuten"},"schema":{"@context":"https:\/\/schema.org","@graph":[{"@type":"Article","@id":"http:\/\/denizcankizil.tr\/de\/haberler\/gundem\/andizli-mezarliginda-neler-oluyor-yol-acmak-icin-mezarlara-zarar-mi-verilecek\/#article","isPartOf":{"@id":"http:\/\/denizcankizil.tr\/de\/haberler\/gundem\/andizli-mezarliginda-neler-oluyor-yol-acmak-icin-mezarlara-zarar-mi-verilecek\/"},"author":{"name":"Antalya K\u00f6rfez","@id":"https:\/\/denizcankizil.tr\/de\/#\/schema\/person\/e1eb71bb4dd684d46563f0af307e1234"},"headline":"And\u0131zl\u0131 mezarl\u0131\u011f\u0131nda neler oluyor? Yol a\u00e7mak i\u00e7in mezarlara zarar m\u0131 verilecek?","datePublished":"2025-04-20T11:45:05+00:00","mainEntityOfPage":{"@id":"http:\/\/denizcankizil.tr\/de\/haberler\/gundem\/andizli-mezarliginda-neler-oluyor-yol-acmak-icin-mezarlara-zarar-mi-verilecek\/"},"wordCount":410,"publisher":{"@id":"https:\/\/denizcankizil.tr\/de\/#organization"},"articleSection":["G\u00fcndem"],"inLanguage":"de"},{"@type":"WebPage","@id":"http:\/\/denizcankizil.tr\/de\/haberler\/gundem\/andizli-mezarliginda-neler-oluyor-yol-acmak-icin-mezarlara-zarar-mi-verilecek\/","url":"http:\/\/denizcankizil.tr\/de\/haberler\/gundem\/andizli-mezarliginda-neler-oluyor-yol-acmak-icin-mezarlara-zarar-mi-verilecek\/","name":"And\u0131zl\u0131 mezarl\u0131\u011f\u0131nda neler oluyor? Yol a\u00e7mak i\u00e7in mezarlara zarar m\u0131 verilecek? - Av. Deniz Can K\u0131z\u0131l","isPartOf":{"@id":"https:\/\/denizcankizil.tr\/de\/#website"},"datePublished":"2025-04-20T11:45:05+00:00","breadcrumb":{"@id":"http:\/\/denizcankizil.tr\/de\/haberler\/gundem\/andizli-mezarliginda-neler-oluyor-yol-acmak-icin-mezarlara-zarar-mi-verilecek\/#breadcrumb"},"inLanguage":"de","potentialAction":[{"@type":"ReadAction","target":["http:\/\/denizcankizil.tr\/de\/haberler\/gundem\/andizli-mezarliginda-neler-oluyor-yol-acmak-icin-mezarlara-zarar-mi-verilecek\/"]}]},{"@type":"BreadcrumbList","@id":"http:\/\/denizcankizil.tr\/de\/haberler\/gundem\/andizli-mezarliginda-neler-oluyor-yol-acmak-icin-mezarlara-zarar-mi-verilecek\/#breadcrumb","itemListElement":[{"@type":"ListItem","position":1,"name":"Home","item":"https:\/\/denizcankizil.tr\/de\/"},{"@type":"ListItem","position":2,"name":"And\u0131zl\u0131 mezarl\u0131\u011f\u0131nda neler oluyor? Yol a\u00e7mak i\u00e7in mezarlara zarar m\u0131 verilecek?"}]},{"@type":"WebSite","@id":"https:\/\/denizcankizil.tr\/de\/#website","url":"https:\/\/denizcankizil.tr\/de\/","name":"Av. Deniz Can K\u0131z\u0131l","description":"Avukat Deniz Can K\u0131z\u0131l Antalya Barosu","publisher":{"@id":"https:\/\/denizcankizil.tr\/de\/#organization"},"potentialAction":[{"@type":"SearchAction","target":{"@type":"EntryPoint","urlTemplate":"https:\/\/denizcankizil.tr\/de\/?s={search_term_string}"},"query-input":{"@type":"PropertyValueSpecification","valueRequired":true,"valueName":"search_term_string"}}],"inLanguage":"de"},{"@type":"Organization","@id":"https:\/\/denizcankizil.tr\/de\/#organization","name":"Av. Deniz Can K\u0131z\u0131l","url":"https:\/\/denizcankizil.tr\/de\/","logo":{"@type":"ImageObject","inLanguage":"de","@id":"https:\/\/denizcankizil.tr\/de\/#\/schema\/logo\/image\/","url":"http:\/\/denizcankizil.tr\/wp-content\/uploads\/2024\/10\/siyah-logo-svg.svg","contentUrl":"http:\/\/denizcankizil.tr\/wp-content\/uploads\/2024\/10\/siyah-logo-svg.svg","width":1080,"height":1080,"caption":"Av. Deniz Can K\u0131z\u0131l"},"image":{"@id":"https:\/\/denizcankizil.tr\/de\/#\/schema\/logo\/image\/"}},{"@type":"Person","@id":"https:\/\/denizcankizil.tr\/de\/#\/schema\/person\/e1eb71bb4dd684d46563f0af307e1234","name":"Antalya K\u00f6rfez","image":{"@type":"ImageObject","inLanguage":"de","@id":"https:\/\/denizcankizil.tr\/de\/#\/schema\/person\/image\/","url":"https:\/\/secure.gravatar.com\/avatar\/42b01982558a48a0b501fdcab6a408d3717ea5919095ee2e67b0e521799c5905?s=96&d=mm&r=g","contentUrl":"https:\/\/secure.gravatar.com\/avatar\/42b01982558a48a0b501fdcab6a408d3717ea5919095ee2e67b0e521799c5905?s=96&d=mm&r=g","caption":"Antalya K\u00f6rfez"},"sameAs":["http:\/\/www.antalyakorfez.com"],"url":"https:\/\/www.antalyakorfez.com\/andizli-mezarliginda-neler-oluyor-yol-acmak-icin-mezarlara-zarar-mi-verilecek"}]}},"_links":{"self":[{"href":"http:\/\/denizcankizil.tr\/de\/wp-json\/wp\/v2\/posts\/61005","targetHints":{"allow":["GET"]}}],"collection":[{"href":"http:\/\/denizcankizil.tr\/de\/wp-json\/wp\/v2\/posts"}],"about":[{"href":"http:\/\/denizcankizil.tr\/de\/wp-json\/wp\/v2\/types\/post"}],"author":[{"embeddable":true,"href":"http:\/\/denizcankizil.tr\/de\/wp-json\/wp\/v2\/users\/5"}],"replies":[{"embeddable":true,"href":"http:\/\/denizcankizil.tr\/de\/wp-json\/wp\/v2\/comments?post=61005"}],"version-history":[{"count":0,"href":"http:\/\/denizcankizil.tr\/de\/wp-json\/wp\/v2\/posts\/61005\/revisions"}],"wp:attachment":[{"href":"http:\/\/denizcankizil.tr\/de\/wp-json\/wp\/v2\/media?parent=61005"}],"wp:term":[{"taxonomy":"category","embeddable":true,"href":"http:\/\/denizcankizil.tr\/de\/wp-json\/wp\/v2\/categories?post=61005"},{"taxonomy":"post_tag","embeddable":true,"href":"http:\/\/denizcankizil.tr\/de\/wp-json\/wp\/v2\/tags?post=61005"}],"curies":[{"name":"wp","href":"https:\/\/api.w.org\/{rel}","templated":true}]}}