{"id":59431,"date":"2025-04-18T17:41:31","date_gmt":"2025-04-18T14:41:31","guid":{"rendered":"https:\/\/denizcankizil.tr\/uncategorized-tr\/marmariste-isgalci-esnaf-belediyenin-kararinin-begenmedi-eylem-yapti\/"},"modified":"2025-04-18T17:41:31","modified_gmt":"2025-04-18T14:41:31","slug":"marmariste-isgalci-esnaf-belediyenin-kararinin-begenmedi-eylem-yapti","status":"publish","type":"post","link":"http:\/\/denizcankizil.tr\/de\/haberler\/gundem\/marmariste-isgalci-esnaf-belediyenin-kararinin-begenmedi-eylem-yapti\/","title":{"rendered":"Marmaris&#8217;te i\u015fgalci esnaf, belediyenin karar\u0131n\u0131n be\u011fenmedi, eylem yapt\u0131"},"content":{"rendered":"<p>Mu\u011fla&#8217;n\u0131n Marmaris il\u00e7esinde belediyenin ald\u0131\u011f\u0131 karar do\u011frultusunda d\u00fckkan \u00f6nlerine mal konulmas\u0131na izin verilmemesi ve bu uygulaman\u0131n ard\u0131ndan esnafa cezai i\u015flem uygulanmas\u0131, tepkiye neden oldu. Karar\u0131 protesto eden Marmarisli esnaflar, belediye binas\u0131 \u00f6n\u00fcnde toplanarak eylem yapt\u0131.<\/p>\n<p>PANKARTLARLA SESLER\u0130N\u0130 DUYURMAYA \u00c7ALI\u015eTILAR <\/p>\n<p>Eyleme kat\u0131lan esnaflar ellerinde &#8216;Turun\u00e7&#8217;a serbest, ara sokaklara serbest, sitelere yasak&#8217;, &#8216;Esnaf\u0131z, emek\u00e7iyiz, g\u00f6r\u00fcn bizi&#8217;, &#8216;Rant de\u011fil ge\u00e7im derdindeyiz&#8217;, &#8216;Adil alan, adil ge\u00e7im&#8217; yaz\u0131l\u0131 d\u00f6vizler ta\u015f\u0131d\u0131. &#8220;Esnaf\u0131n sesi girsin i\u00e7eri&#8221; ve &#8220;Esnafla el ele, g\u00fczel g\u00fcnlere&#8221; sloganlar\u0131 e\u015fli\u011finde tepkilerini dile getiren esnaflar, Marmaris Belediye Ba\u015fkan\u0131 Acar \u00dcnl\u00fc&#8217;ye uygulamay\u0131 g\u00f6zden ge\u00e7irme \u00e7a\u011fr\u0131s\u0131nda bulundu.<\/p>\n<p>&#8220;\u00c7EVRE TEM\u0130ZL\u0130\u011e\u0130 \u00d6NEML\u0130 AMA ESNAF OLUMSUZ ETK\u0130LEN\u0130YOR&#8221;<\/p>\n<p>Grup ad\u0131na a\u00e7\u0131klama yapan esnaf s\u00f6zc\u00fcs\u00fc Ramazan \u015eah, son d\u00f6nemde Marmaris Belediyesi taraf\u0131ndan kamu d\u00fczeni ve \u00e7evre temizli\u011fi amac\u0131yla ba\u015flat\u0131lan uygulamalar\u0131n esnaf\u0131 do\u011frudan ve olumsuz etkiledi\u011fini s\u00f6yleyerek &#8220;Her k\u00f6\u015fesinde eme\u011fiyle \u00e7al\u0131\u015fan, mahalle k\u00fclt\u00fcr\u00fcn\u00fcn par\u00e7as\u0131 olan esnaf bu kararlardan zarar g\u00f6rd\u00fc. Kentin \u00e7evre d\u00fczeni elbette \u00f6nemli. Ancak yollar, kald\u0131r\u0131mlar, parklar ciddi d\u00f6n\u00fc\u015f\u00fcme ihtiya\u00e7 duyarken, esnaf\u0131n ya\u015fad\u0131\u011f\u0131 ger\u00e7ekler g\u00f6z ard\u0131 edilerek al\u0131nan her karar eksik kal\u0131r. Hayat \u015fartlar\u0131n\u0131n a\u011f\u0131rla\u015ft\u0131\u011f\u0131 bir d\u00f6nemde, \u00e7al\u0131\u015fma alanlar\u0131m\u0131z\u0131 s\u0131n\u0131rland\u0131rmak sadece kazanc\u0131m\u0131z\u0131 de\u011fil, \u00e7ocuklar\u0131m\u0131z\u0131n gelece\u011fini de tehdit ediyor&#8221; dedi.<\/p>\n<p>A\u00e7\u0131klamada, T\u00fcrkiye ve d\u00fcnyadaki \u00f6rnek \u015fehirlerde ba\u015far\u0131ya, yerel y\u00f6netimle esnaf\u0131n ortak ak\u0131l y\u00fcr\u00fctmesiyle ula\u015f\u0131ld\u0131\u011f\u0131na dikkat \u00e7ekilirken, &#8220;Marmaris&#8217;in de\u011feri bizlerle ba\u015flar, do\u011fas\u0131yla tamamlan\u0131r&#8221; diyen esnaf, kent k\u00fclt\u00fcr\u00fcn\u00fcn, yerli ve yabanc\u0131 turistin ilk kar\u015f\u0131la\u015ft\u0131\u011f\u0131 g\u00fcler y\u00fczl\u00fc esnafla \u015fekillendi\u011fini vurgulad\u0131.<\/p>\n<p>&#8220;KARAR G\u00d6ZDEN GE\u00c7\u0130R\u0130LMEL\u0130&#8221;<\/p>\n<p>Eyleme kat\u0131lan esnaflardan Furkan Yi\u011fit ise 22 y\u0131ld\u0131r esnafl\u0131k yapan babas\u0131n\u0131n yan\u0131nda \u00e7al\u0131\u015ft\u0131\u011f\u0131n\u0131 belirterek, &#8220;\u00dclkemizin hi\u00e7bir yerinde \u00f6rne\u011fi olmayan bir yasakla kar\u015f\u0131 kar\u015f\u0131yay\u0131z. Sa\u00e7ak alt\u0131, esnaf\u0131n mal\u0131n\u0131 koyabilece\u011fi en temel aland\u0131r. Marmaris&#8217;te esnaf bu kiralar\u0131 \u00f6demekte zaten zorlan\u0131yor. Bu kurallar ve cezalar \u00f6zellikle Hatay&#8217;dan gelen, b\u00fcy\u00fck zorluklar ya\u015fam\u0131\u015f esnaf\u0131m\u0131z i\u00e7in \u00e7ok a\u011f\u0131r&#8221; dedi. Yi\u011fit, Ba\u015fkan Acar \u00dcnl\u00fc&#8217;ye kararlar\u0131n\u0131 g\u00f6zden ge\u00e7irme \u00e7a\u011fr\u0131s\u0131nda bulunarak, anlay\u0131\u015f beklediklerini s\u00f6yledi.<\/p>\n<p>&#8220;MARKET\u0130N RUHSATLI ALANINI B\u0130LE KULLANAMIYORUZ&#8221;<\/p>\n<p>Bir ba\u015fka esnaf \u00f6zellikle market esnaf\u0131n\u0131n ma\u011fduriyetine dikkat \u00e7ekerek, &#8220;Kald\u0131r\u0131m\u0131 de\u011fil, marketlerin ruhsatl\u0131 alanlar\u0131n\u0131 bile kullanam\u0131yoruz. Raflara koymak yerine g\u00f6stermek istedi\u011fimiz \u00fcr\u00fcnleri d\u0131\u015far\u0131ya \u00e7\u0131karam\u0131yoruz. Bu y\u00fczden sat\u0131\u015flar\u0131m\u0131z yar\u0131dan fazla d\u00fc\u015ft\u00fc&#8221; diye konu\u015ftu. A\u00e7\u0131klamalar\u0131n ard\u0131ndan esnaflar, alk\u0131\u015flar ve protestolar\u0131n ard\u0131ndan olay \u00e7\u0131karmadan da\u011f\u0131l\u0131rken haklar\u0131n\u0131 sonuna kadar savunacaklar\u0131n\u0131 belirttiler.<\/p>\n<p>\u200bMarmaris Belediyesi&#8217;nin &#8216;d\u00fckkan \u00f6n\u00fcne mal koyma&#8217; yasa\u011f\u0131na kar\u015f\u0131 belediye \u00f6n\u00fcnde toplanan esnaf, kazan\u00e7lar\u0131n\u0131n yar\u0131ya d\u00fc\u015ft\u00fc\u011f\u00fcn\u00fc belirtti. Uygulaman\u0131n g\u00f6zden ge\u00e7irilmesini isteyen i\u015fgalci esnaf, &#8220;Ge\u00e7im de\u011fil, rant \u00f6nceleniyor&#8221; diyerek tepki g\u00f6sterdi\u00a0<\/p>\n<p>\u200bHaberin Al\u0131nt\u0131land\u0131\u011f\u0131 Kaynak: www.antalyakorfez.com<\/p>","protected":false},"excerpt":{"rendered":"<p>Mu\u011fla&#8217;n\u0131n Marmaris il\u00e7esinde belediyenin ald\u0131\u011f\u0131 karar do\u011frultusunda d\u00fckkan \u00f6nlerine mal konulmas\u0131na izin verilmemesi ve bu uygulaman\u0131n ard\u0131ndan esnafa cezai i\u015flem uygulanmas\u0131, tepkiye neden oldu. Karar\u0131 protesto eden Marmarisli esnaflar, belediye binas\u0131 \u00f6n\u00fcnde toplanarak eylem yapt\u0131. PANKARTLARLA SESLER\u0130N\u0130 DUYURMAYA \u00c7ALI\u015eTILAR Eyleme kat\u0131lan esnaflar ellerinde &#8216;Turun\u00e7&#8217;a serbest, ara sokaklara serbest, sitelere yasak&#8217;, &#8216;Esnaf\u0131z, emek\u00e7iyiz, g\u00f6r\u00fcn bizi&#8217;, &#8216;Rant de\u011fil ge\u00e7im derdindeyiz&#8217;, &#8216;Adil alan, adil ge\u00e7im&#8217; yaz\u0131l\u0131 d\u00f6vizler ta\u015f\u0131d\u0131. &#8220;Esnaf\u0131n sesi girsin i\u00e7eri&#8221; ve &#8220;Esnafla el ele, g\u00fczel g\u00fcnlere&#8221; sloganlar\u0131 e\u015fli\u011finde tepkilerini dile getiren esnaflar, Marmaris Belediye Ba\u015fkan\u0131 Acar \u00dcnl\u00fc&#8217;ye uygulamay\u0131 g\u00f6zden ge\u00e7irme \u00e7a\u011fr\u0131s\u0131nda bulundu. &#8220;\u00c7EVRE TEM\u0130ZL\u0130\u011e\u0130 \u00d6NEML\u0130 AMA ESNAF OLUMSUZ ETK\u0130LEN\u0130YOR&#8221; Grup ad\u0131na a\u00e7\u0131klama yapan esnaf s\u00f6zc\u00fcs\u00fc Ramazan \u015eah, son d\u00f6nemde Marmaris Belediyesi taraf\u0131ndan kamu d\u00fczeni ve \u00e7evre temizli\u011fi amac\u0131yla ba\u015flat\u0131lan uygulamalar\u0131n esnaf\u0131 do\u011frudan ve olumsuz etkiledi\u011fini s\u00f6yleyerek &#8220;Her k\u00f6\u015fesinde eme\u011fiyle \u00e7al\u0131\u015fan, mahalle k\u00fclt\u00fcr\u00fcn\u00fcn par\u00e7as\u0131 olan esnaf bu kararlardan zarar g\u00f6rd\u00fc. Kentin \u00e7evre d\u00fczeni elbette \u00f6nemli. Ancak yollar, kald\u0131r\u0131mlar, parklar ciddi d\u00f6n\u00fc\u015f\u00fcme ihtiya\u00e7 duyarken, esnaf\u0131n ya\u015fad\u0131\u011f\u0131 ger\u00e7ekler g\u00f6z ard\u0131 edilerek al\u0131nan her karar eksik kal\u0131r. Hayat \u015fartlar\u0131n\u0131n a\u011f\u0131rla\u015ft\u0131\u011f\u0131 bir d\u00f6nemde, \u00e7al\u0131\u015fma alanlar\u0131m\u0131z\u0131 s\u0131n\u0131rland\u0131rmak sadece kazanc\u0131m\u0131z\u0131 de\u011fil, \u00e7ocuklar\u0131m\u0131z\u0131n gelece\u011fini de tehdit ediyor&#8221; dedi. A\u00e7\u0131klamada, T\u00fcrkiye ve d\u00fcnyadaki \u00f6rnek \u015fehirlerde ba\u015far\u0131ya, yerel y\u00f6netimle esnaf\u0131n ortak ak\u0131l y\u00fcr\u00fctmesiyle ula\u015f\u0131ld\u0131\u011f\u0131na dikkat \u00e7ekilirken, &#8220;Marmaris&#8217;in de\u011feri bizlerle ba\u015flar, do\u011fas\u0131yla &hellip;<\/p>","protected":false},"author":5,"featured_media":0,"comment_status":"","ping_status":"open","sticky":false,"template":"","format":"standard","meta":{"_acf_changed":false,"footnotes":""},"categories":[24],"tags":[],"class_list":["post-59431","post","type-post","status-publish","format-standard","has-post-thumbnail","hentry","category-gundem"],"acf":[],"yoast_head":"<!-- This site is optimized with the Yoast SEO Premium plugin v26.6 (Yoast SEO v27.1.1) - https:\/\/yoast.com\/product\/yoast-seo-premium-wordpress\/ -->\n<title>Marmaris&#039;te i\u015fgalci esnaf, belediyenin karar\u0131n\u0131n be\u011fenmedi, eylem yapt\u0131 - Av. Deniz Can K\u0131z\u0131l<\/title>\n<meta name=\"robots\" content=\"index, follow, max-snippet:-1, max-image-preview:large, max-video-preview:-1\" \/>\n<link rel=\"canonical\" href=\"https:\/\/denizcankizil.tr\/de\/haberler\/gundem\/marmariste-isgalci-esnaf-belediyenin-kararinin-begenmedi-eylem-yapti\/\" \/>\n<meta property=\"og:locale\" content=\"de_DE\" \/>\n<meta property=\"og:type\" content=\"article\" \/>\n<meta property=\"og:title\" content=\"Marmaris&#039;te i\u015fgalci esnaf, belediyenin karar\u0131n\u0131n be\u011fenmedi, eylem yapt\u0131\" \/>\n<meta property=\"og:description\" content=\"Mu\u011fla&#8217;n\u0131n Marmaris il\u00e7esinde belediyenin ald\u0131\u011f\u0131 karar do\u011frultusunda d\u00fckkan \u00f6nlerine mal konulmas\u0131na izin verilmemesi ve bu uygulaman\u0131n ard\u0131ndan esnafa cezai i\u015flem uygulanmas\u0131, tepkiye neden oldu. Karar\u0131 protesto eden Marmarisli esnaflar, belediye binas\u0131 \u00f6n\u00fcnde toplanarak eylem yapt\u0131. PANKARTLARLA SESLER\u0130N\u0130 DUYURMAYA \u00c7ALI\u015eTILAR Eyleme kat\u0131lan esnaflar ellerinde &#8216;Turun\u00e7&#8217;a serbest, ara sokaklara serbest, sitelere yasak&#8217;, &#8216;Esnaf\u0131z, emek\u00e7iyiz, g\u00f6r\u00fcn bizi&#8217;, &#8216;Rant de\u011fil ge\u00e7im derdindeyiz&#8217;, &#8216;Adil alan, adil ge\u00e7im&#8217; yaz\u0131l\u0131 d\u00f6vizler ta\u015f\u0131d\u0131. &#8220;Esnaf\u0131n sesi girsin i\u00e7eri&#8221; ve &#8220;Esnafla el ele, g\u00fczel g\u00fcnlere&#8221; sloganlar\u0131 e\u015fli\u011finde tepkilerini dile getiren esnaflar, Marmaris Belediye Ba\u015fkan\u0131 Acar \u00dcnl\u00fc&#8217;ye uygulamay\u0131 g\u00f6zden ge\u00e7irme \u00e7a\u011fr\u0131s\u0131nda bulundu. &#8220;\u00c7EVRE TEM\u0130ZL\u0130\u011e\u0130 \u00d6NEML\u0130 AMA ESNAF OLUMSUZ ETK\u0130LEN\u0130YOR&#8221; Grup ad\u0131na a\u00e7\u0131klama yapan esnaf s\u00f6zc\u00fcs\u00fc Ramazan \u015eah, son d\u00f6nemde Marmaris Belediyesi taraf\u0131ndan kamu d\u00fczeni ve \u00e7evre temizli\u011fi amac\u0131yla ba\u015flat\u0131lan uygulamalar\u0131n esnaf\u0131 do\u011frudan ve olumsuz etkiledi\u011fini s\u00f6yleyerek &#8220;Her k\u00f6\u015fesinde eme\u011fiyle \u00e7al\u0131\u015fan, mahalle k\u00fclt\u00fcr\u00fcn\u00fcn par\u00e7as\u0131 olan esnaf bu kararlardan zarar g\u00f6rd\u00fc. Kentin \u00e7evre d\u00fczeni elbette \u00f6nemli. Ancak yollar, kald\u0131r\u0131mlar, parklar ciddi d\u00f6n\u00fc\u015f\u00fcme ihtiya\u00e7 duyarken, esnaf\u0131n ya\u015fad\u0131\u011f\u0131 ger\u00e7ekler g\u00f6z ard\u0131 edilerek al\u0131nan her karar eksik kal\u0131r. Hayat \u015fartlar\u0131n\u0131n a\u011f\u0131rla\u015ft\u0131\u011f\u0131 bir d\u00f6nemde, \u00e7al\u0131\u015fma alanlar\u0131m\u0131z\u0131 s\u0131n\u0131rland\u0131rmak sadece kazanc\u0131m\u0131z\u0131 de\u011fil, \u00e7ocuklar\u0131m\u0131z\u0131n gelece\u011fini de tehdit ediyor&#8221; dedi. A\u00e7\u0131klamada, T\u00fcrkiye ve d\u00fcnyadaki \u00f6rnek \u015fehirlerde ba\u015far\u0131ya, yerel y\u00f6netimle esnaf\u0131n ortak ak\u0131l y\u00fcr\u00fctmesiyle ula\u015f\u0131ld\u0131\u011f\u0131na dikkat \u00e7ekilirken, &#8220;Marmaris&#8217;in de\u011feri bizlerle ba\u015flar, do\u011fas\u0131yla &hellip;\" \/>\n<meta property=\"og:url\" content=\"https:\/\/denizcankizil.tr\/de\/haberler\/gundem\/marmariste-isgalci-esnaf-belediyenin-kararinin-begenmedi-eylem-yapti\/\" \/>\n<meta property=\"og:site_name\" content=\"Av. Deniz Can K\u0131z\u0131l\" \/>\n<meta property=\"article:published_time\" content=\"2025-04-18T14:41:31+00:00\" \/>\n<meta name=\"author\" content=\"Antalya K\u00f6rfez\" \/>\n<meta name=\"twitter:card\" content=\"summary_large_image\" \/>\n<meta name=\"twitter:label1\" content=\"Verfasst von\" \/>\n\t<meta name=\"twitter:data1\" content=\"Antalya K\u00f6rfez\" \/>\n\t<meta name=\"twitter:label2\" content=\"Gesch\u00e4tzte Lesezeit\" \/>\n\t<meta name=\"twitter:data2\" content=\"3\u00a0Minuten\" \/>\n<script type=\"application\/ld+json\" class=\"yoast-schema-graph\">{\"@context\":\"https:\/\/schema.org\",\"@graph\":[{\"@type\":\"Article\",\"@id\":\"https:\/\/denizcankizil.tr\/ru\/haberler\/gundem\/marmariste-isgalci-esnaf-belediyenin-kararinin-begenmedi-eylem-yapti\/#article\",\"isPartOf\":{\"@id\":\"https:\/\/denizcankizil.tr\/ru\/haberler\/gundem\/marmariste-isgalci-esnaf-belediyenin-kararinin-begenmedi-eylem-yapti\/\"},\"author\":{\"name\":\"Antalya K\u00f6rfez\",\"@id\":\"https:\/\/denizcankizil.tr\/de\/#\/schema\/person\/e1eb71bb4dd684d46563f0af307e1234\"},\"headline\":\"Marmaris&#8217;te i\u015fgalci esnaf, belediyenin karar\u0131n\u0131n be\u011fenmedi, eylem yapt\u0131\",\"datePublished\":\"2025-04-18T14:41:31+00:00\",\"mainEntityOfPage\":{\"@id\":\"https:\/\/denizcankizil.tr\/ru\/haberler\/gundem\/marmariste-isgalci-esnaf-belediyenin-kararinin-begenmedi-eylem-yapti\/\"},\"wordCount\":600,\"publisher\":{\"@id\":\"https:\/\/denizcankizil.tr\/de\/#organization\"},\"articleSection\":[\"G\u00fcndem\"],\"inLanguage\":\"de\"},{\"@type\":\"WebPage\",\"@id\":\"https:\/\/denizcankizil.tr\/ru\/haberler\/gundem\/marmariste-isgalci-esnaf-belediyenin-kararinin-begenmedi-eylem-yapti\/\",\"url\":\"https:\/\/denizcankizil.tr\/ru\/haberler\/gundem\/marmariste-isgalci-esnaf-belediyenin-kararinin-begenmedi-eylem-yapti\/\",\"name\":\"Marmaris'te i\u015fgalci esnaf, belediyenin karar\u0131n\u0131n be\u011fenmedi, eylem yapt\u0131 - Av. Deniz Can K\u0131z\u0131l\",\"isPartOf\":{\"@id\":\"https:\/\/denizcankizil.tr\/de\/#website\"},\"datePublished\":\"2025-04-18T14:41:31+00:00\",\"breadcrumb\":{\"@id\":\"https:\/\/denizcankizil.tr\/ru\/haberler\/gundem\/marmariste-isgalci-esnaf-belediyenin-kararinin-begenmedi-eylem-yapti\/#breadcrumb\"},\"inLanguage\":\"de\",\"potentialAction\":[{\"@type\":\"ReadAction\",\"target\":[\"https:\/\/denizcankizil.tr\/ru\/haberler\/gundem\/marmariste-isgalci-esnaf-belediyenin-kararinin-begenmedi-eylem-yapti\/\"]}]},{\"@type\":\"BreadcrumbList\",\"@id\":\"https:\/\/denizcankizil.tr\/ru\/haberler\/gundem\/marmariste-isgalci-esnaf-belediyenin-kararinin-begenmedi-eylem-yapti\/#breadcrumb\",\"itemListElement\":[{\"@type\":\"ListItem\",\"position\":1,\"name\":\"Home\",\"item\":\"https:\/\/denizcankizil.tr\/de\/\"},{\"@type\":\"ListItem\",\"position\":2,\"name\":\"Marmaris&#8217;te i\u015fgalci esnaf, belediyenin karar\u0131n\u0131n be\u011fenmedi, eylem yapt\u0131\"}]},{\"@type\":\"WebSite\",\"@id\":\"https:\/\/denizcankizil.tr\/de\/#website\",\"url\":\"https:\/\/denizcankizil.tr\/de\/\",\"name\":\"Av. Deniz Can K\u0131z\u0131l\",\"description\":\"Avukat Deniz Can K\u0131z\u0131l Antalya Barosu\",\"publisher\":{\"@id\":\"https:\/\/denizcankizil.tr\/de\/#organization\"},\"potentialAction\":[{\"@type\":\"SearchAction\",\"target\":{\"@type\":\"EntryPoint\",\"urlTemplate\":\"https:\/\/denizcankizil.tr\/de\/?s={search_term_string}\"},\"query-input\":{\"@type\":\"PropertyValueSpecification\",\"valueRequired\":true,\"valueName\":\"search_term_string\"}}],\"inLanguage\":\"de\"},{\"@type\":\"Organization\",\"@id\":\"https:\/\/denizcankizil.tr\/de\/#organization\",\"name\":\"Av. Deniz Can K\u0131z\u0131l\",\"url\":\"https:\/\/denizcankizil.tr\/de\/\",\"logo\":{\"@type\":\"ImageObject\",\"inLanguage\":\"de\",\"@id\":\"https:\/\/denizcankizil.tr\/de\/#\/schema\/logo\/image\/\",\"url\":\"http:\/\/denizcankizil.tr\/wp-content\/uploads\/2024\/10\/siyah-logo-svg.svg\",\"contentUrl\":\"http:\/\/denizcankizil.tr\/wp-content\/uploads\/2024\/10\/siyah-logo-svg.svg\",\"width\":1080,\"height\":1080,\"caption\":\"Av. Deniz Can K\u0131z\u0131l\"},\"image\":{\"@id\":\"https:\/\/denizcankizil.tr\/de\/#\/schema\/logo\/image\/\"}},{\"@type\":\"Person\",\"@id\":\"https:\/\/denizcankizil.tr\/de\/#\/schema\/person\/e1eb71bb4dd684d46563f0af307e1234\",\"name\":\"Antalya K\u00f6rfez\",\"image\":{\"@type\":\"ImageObject\",\"inLanguage\":\"de\",\"@id\":\"https:\/\/denizcankizil.tr\/de\/#\/schema\/person\/image\/\",\"url\":\"https:\/\/secure.gravatar.com\/avatar\/42b01982558a48a0b501fdcab6a408d3717ea5919095ee2e67b0e521799c5905?s=96&d=mm&r=g\",\"contentUrl\":\"https:\/\/secure.gravatar.com\/avatar\/42b01982558a48a0b501fdcab6a408d3717ea5919095ee2e67b0e521799c5905?s=96&d=mm&r=g\",\"caption\":\"Antalya K\u00f6rfez\"},\"sameAs\":[\"http:\/\/www.antalyakorfez.com\"],\"url\":\"https:\/\/www.antalyakorfez.com\/marmariste-isgalci-esnaf-belediyenin-kararinin-begenmedi-eylem-yapti\"}]}<\/script>\n<!-- \/ Yoast SEO Premium plugin. -->","yoast_head_json":{"title":"Marmaris'te i\u015fgalci esnaf, belediyenin karar\u0131n\u0131n be\u011fenmedi, eylem yapt\u0131 - Av. Deniz Can K\u0131z\u0131l","robots":{"index":"index","follow":"follow","max-snippet":"max-snippet:-1","max-image-preview":"max-image-preview:large","max-video-preview":"max-video-preview:-1"},"canonical":"https:\/\/denizcankizil.tr\/de\/haberler\/gundem\/marmariste-isgalci-esnaf-belediyenin-kararinin-begenmedi-eylem-yapti\/","og_locale":"de_DE","og_type":"article","og_title":"Marmaris'te i\u015fgalci esnaf, belediyenin karar\u0131n\u0131n be\u011fenmedi, eylem yapt\u0131","og_description":"Mu\u011fla&#8217;n\u0131n Marmaris il\u00e7esinde belediyenin ald\u0131\u011f\u0131 karar do\u011frultusunda d\u00fckkan \u00f6nlerine mal konulmas\u0131na izin verilmemesi ve bu uygulaman\u0131n ard\u0131ndan esnafa cezai i\u015flem uygulanmas\u0131, tepkiye neden oldu. Karar\u0131 protesto eden Marmarisli esnaflar, belediye binas\u0131 \u00f6n\u00fcnde toplanarak eylem yapt\u0131. PANKARTLARLA SESLER\u0130N\u0130 DUYURMAYA \u00c7ALI\u015eTILAR Eyleme kat\u0131lan esnaflar ellerinde &#8216;Turun\u00e7&#8217;a serbest, ara sokaklara serbest, sitelere yasak&#8217;, &#8216;Esnaf\u0131z, emek\u00e7iyiz, g\u00f6r\u00fcn bizi&#8217;, &#8216;Rant de\u011fil ge\u00e7im derdindeyiz&#8217;, &#8216;Adil alan, adil ge\u00e7im&#8217; yaz\u0131l\u0131 d\u00f6vizler ta\u015f\u0131d\u0131. &#8220;Esnaf\u0131n sesi girsin i\u00e7eri&#8221; ve &#8220;Esnafla el ele, g\u00fczel g\u00fcnlere&#8221; sloganlar\u0131 e\u015fli\u011finde tepkilerini dile getiren esnaflar, Marmaris Belediye Ba\u015fkan\u0131 Acar \u00dcnl\u00fc&#8217;ye uygulamay\u0131 g\u00f6zden ge\u00e7irme \u00e7a\u011fr\u0131s\u0131nda bulundu. &#8220;\u00c7EVRE TEM\u0130ZL\u0130\u011e\u0130 \u00d6NEML\u0130 AMA ESNAF OLUMSUZ ETK\u0130LEN\u0130YOR&#8221; Grup ad\u0131na a\u00e7\u0131klama yapan esnaf s\u00f6zc\u00fcs\u00fc Ramazan \u015eah, son d\u00f6nemde Marmaris Belediyesi taraf\u0131ndan kamu d\u00fczeni ve \u00e7evre temizli\u011fi amac\u0131yla ba\u015flat\u0131lan uygulamalar\u0131n esnaf\u0131 do\u011frudan ve olumsuz etkiledi\u011fini s\u00f6yleyerek &#8220;Her k\u00f6\u015fesinde eme\u011fiyle \u00e7al\u0131\u015fan, mahalle k\u00fclt\u00fcr\u00fcn\u00fcn par\u00e7as\u0131 olan esnaf bu kararlardan zarar g\u00f6rd\u00fc. Kentin \u00e7evre d\u00fczeni elbette \u00f6nemli. Ancak yollar, kald\u0131r\u0131mlar, parklar ciddi d\u00f6n\u00fc\u015f\u00fcme ihtiya\u00e7 duyarken, esnaf\u0131n ya\u015fad\u0131\u011f\u0131 ger\u00e7ekler g\u00f6z ard\u0131 edilerek al\u0131nan her karar eksik kal\u0131r. Hayat \u015fartlar\u0131n\u0131n a\u011f\u0131rla\u015ft\u0131\u011f\u0131 bir d\u00f6nemde, \u00e7al\u0131\u015fma alanlar\u0131m\u0131z\u0131 s\u0131n\u0131rland\u0131rmak sadece kazanc\u0131m\u0131z\u0131 de\u011fil, \u00e7ocuklar\u0131m\u0131z\u0131n gelece\u011fini de tehdit ediyor&#8221; dedi. A\u00e7\u0131klamada, T\u00fcrkiye ve d\u00fcnyadaki \u00f6rnek \u015fehirlerde ba\u015far\u0131ya, yerel y\u00f6netimle esnaf\u0131n ortak ak\u0131l y\u00fcr\u00fctmesiyle ula\u015f\u0131ld\u0131\u011f\u0131na dikkat \u00e7ekilirken, &#8220;Marmaris&#8217;in de\u011feri bizlerle ba\u015flar, do\u011fas\u0131yla &hellip;","og_url":"https:\/\/denizcankizil.tr\/de\/haberler\/gundem\/marmariste-isgalci-esnaf-belediyenin-kararinin-begenmedi-eylem-yapti\/","og_site_name":"Av. Deniz Can K\u0131z\u0131l","article_published_time":"2025-04-18T14:41:31+00:00","author":"Antalya K\u00f6rfez","twitter_card":"summary_large_image","twitter_misc":{"Verfasst von":"Antalya K\u00f6rfez","Gesch\u00e4tzte Lesezeit":"3\u00a0Minuten"},"schema":{"@context":"https:\/\/schema.org","@graph":[{"@type":"Article","@id":"https:\/\/denizcankizil.tr\/ru\/haberler\/gundem\/marmariste-isgalci-esnaf-belediyenin-kararinin-begenmedi-eylem-yapti\/#article","isPartOf":{"@id":"https:\/\/denizcankizil.tr\/ru\/haberler\/gundem\/marmariste-isgalci-esnaf-belediyenin-kararinin-begenmedi-eylem-yapti\/"},"author":{"name":"Antalya K\u00f6rfez","@id":"https:\/\/denizcankizil.tr\/de\/#\/schema\/person\/e1eb71bb4dd684d46563f0af307e1234"},"headline":"Marmaris&#8217;te i\u015fgalci esnaf, belediyenin karar\u0131n\u0131n be\u011fenmedi, eylem yapt\u0131","datePublished":"2025-04-18T14:41:31+00:00","mainEntityOfPage":{"@id":"https:\/\/denizcankizil.tr\/ru\/haberler\/gundem\/marmariste-isgalci-esnaf-belediyenin-kararinin-begenmedi-eylem-yapti\/"},"wordCount":600,"publisher":{"@id":"https:\/\/denizcankizil.tr\/de\/#organization"},"articleSection":["G\u00fcndem"],"inLanguage":"de"},{"@type":"WebPage","@id":"https:\/\/denizcankizil.tr\/ru\/haberler\/gundem\/marmariste-isgalci-esnaf-belediyenin-kararinin-begenmedi-eylem-yapti\/","url":"https:\/\/denizcankizil.tr\/ru\/haberler\/gundem\/marmariste-isgalci-esnaf-belediyenin-kararinin-begenmedi-eylem-yapti\/","name":"Marmaris'te i\u015fgalci esnaf, belediyenin karar\u0131n\u0131n be\u011fenmedi, eylem yapt\u0131 - Av. Deniz Can K\u0131z\u0131l","isPartOf":{"@id":"https:\/\/denizcankizil.tr\/de\/#website"},"datePublished":"2025-04-18T14:41:31+00:00","breadcrumb":{"@id":"https:\/\/denizcankizil.tr\/ru\/haberler\/gundem\/marmariste-isgalci-esnaf-belediyenin-kararinin-begenmedi-eylem-yapti\/#breadcrumb"},"inLanguage":"de","potentialAction":[{"@type":"ReadAction","target":["https:\/\/denizcankizil.tr\/ru\/haberler\/gundem\/marmariste-isgalci-esnaf-belediyenin-kararinin-begenmedi-eylem-yapti\/"]}]},{"@type":"BreadcrumbList","@id":"https:\/\/denizcankizil.tr\/ru\/haberler\/gundem\/marmariste-isgalci-esnaf-belediyenin-kararinin-begenmedi-eylem-yapti\/#breadcrumb","itemListElement":[{"@type":"ListItem","position":1,"name":"Home","item":"https:\/\/denizcankizil.tr\/de\/"},{"@type":"ListItem","position":2,"name":"Marmaris&#8217;te i\u015fgalci esnaf, belediyenin karar\u0131n\u0131n be\u011fenmedi, eylem yapt\u0131"}]},{"@type":"WebSite","@id":"https:\/\/denizcankizil.tr\/de\/#website","url":"https:\/\/denizcankizil.tr\/de\/","name":"Av. Deniz Can K\u0131z\u0131l","description":"Avukat Deniz Can K\u0131z\u0131l Antalya Barosu","publisher":{"@id":"https:\/\/denizcankizil.tr\/de\/#organization"},"potentialAction":[{"@type":"SearchAction","target":{"@type":"EntryPoint","urlTemplate":"https:\/\/denizcankizil.tr\/de\/?s={search_term_string}"},"query-input":{"@type":"PropertyValueSpecification","valueRequired":true,"valueName":"search_term_string"}}],"inLanguage":"de"},{"@type":"Organization","@id":"https:\/\/denizcankizil.tr\/de\/#organization","name":"Av. Deniz Can K\u0131z\u0131l","url":"https:\/\/denizcankizil.tr\/de\/","logo":{"@type":"ImageObject","inLanguage":"de","@id":"https:\/\/denizcankizil.tr\/de\/#\/schema\/logo\/image\/","url":"http:\/\/denizcankizil.tr\/wp-content\/uploads\/2024\/10\/siyah-logo-svg.svg","contentUrl":"http:\/\/denizcankizil.tr\/wp-content\/uploads\/2024\/10\/siyah-logo-svg.svg","width":1080,"height":1080,"caption":"Av. Deniz Can K\u0131z\u0131l"},"image":{"@id":"https:\/\/denizcankizil.tr\/de\/#\/schema\/logo\/image\/"}},{"@type":"Person","@id":"https:\/\/denizcankizil.tr\/de\/#\/schema\/person\/e1eb71bb4dd684d46563f0af307e1234","name":"Antalya K\u00f6rfez","image":{"@type":"ImageObject","inLanguage":"de","@id":"https:\/\/denizcankizil.tr\/de\/#\/schema\/person\/image\/","url":"https:\/\/secure.gravatar.com\/avatar\/42b01982558a48a0b501fdcab6a408d3717ea5919095ee2e67b0e521799c5905?s=96&d=mm&r=g","contentUrl":"https:\/\/secure.gravatar.com\/avatar\/42b01982558a48a0b501fdcab6a408d3717ea5919095ee2e67b0e521799c5905?s=96&d=mm&r=g","caption":"Antalya K\u00f6rfez"},"sameAs":["http:\/\/www.antalyakorfez.com"],"url":"https:\/\/www.antalyakorfez.com\/marmariste-isgalci-esnaf-belediyenin-kararinin-begenmedi-eylem-yapti"}]}},"_links":{"self":[{"href":"http:\/\/denizcankizil.tr\/de\/wp-json\/wp\/v2\/posts\/59431","targetHints":{"allow":["GET"]}}],"collection":[{"href":"http:\/\/denizcankizil.tr\/de\/wp-json\/wp\/v2\/posts"}],"about":[{"href":"http:\/\/denizcankizil.tr\/de\/wp-json\/wp\/v2\/types\/post"}],"author":[{"embeddable":true,"href":"http:\/\/denizcankizil.tr\/de\/wp-json\/wp\/v2\/users\/5"}],"replies":[{"embeddable":true,"href":"http:\/\/denizcankizil.tr\/de\/wp-json\/wp\/v2\/comments?post=59431"}],"version-history":[{"count":0,"href":"http:\/\/denizcankizil.tr\/de\/wp-json\/wp\/v2\/posts\/59431\/revisions"}],"wp:attachment":[{"href":"http:\/\/denizcankizil.tr\/de\/wp-json\/wp\/v2\/media?parent=59431"}],"wp:term":[{"taxonomy":"category","embeddable":true,"href":"http:\/\/denizcankizil.tr\/de\/wp-json\/wp\/v2\/categories?post=59431"},{"taxonomy":"post_tag","embeddable":true,"href":"http:\/\/denizcankizil.tr\/de\/wp-json\/wp\/v2\/tags?post=59431"}],"curies":[{"name":"wp","href":"https:\/\/api.w.org\/{rel}","templated":true}]}}