{"id":56302,"date":"2025-04-15T10:42:06","date_gmt":"2025-04-15T07:42:06","guid":{"rendered":"https:\/\/denizcankizil.tr\/uncategorized-tr\/tbmmnin-gundeminde-bu-hafta-neler-var\/"},"modified":"2025-04-15T10:42:06","modified_gmt":"2025-04-15T07:42:06","slug":"tbmmnin-gundeminde-bu-hafta-neler-var","status":"publish","type":"post","link":"http:\/\/denizcankizil.tr\/de\/haberler\/gundem\/tbmmnin-gundeminde-bu-hafta-neler-var\/","title":{"rendered":"TBMM&#8217;nin g\u00fcndeminde bu hafta neler var?"},"content":{"rendered":"<p>Haftal\u0131k \u00e7al\u0131\u015fmas\u0131na 15 Nisan&#8217;da ba\u015flayacak TBMM Genel Kurulu, \u0130klim Kanunu Teklifi&#8217;nin g\u00f6r\u00fc\u015fmelerine devam edecek. Baz\u0131 uluslararas\u0131 anla\u015fmalar\u0131n onaylanmas\u0131n\u0131n uygun bulundu\u011funa dair kanun tekliflerini de ele alacak.ANKARA (\u0130GFA) &#8211; TBMM Genel Kurul, ilk 4 maddesi kabul edilen \u0130klim Kanunu Teklifi&#8217;nin g\u00f6r\u00fc\u015fmelerine 15 Nisan Sal\u0131 g\u00fcn\u00fc itibariyle kald\u0131\u011f\u0131 yerden devam edecek.<br \/>\nTeklife g\u00f6re, her ilde vali ba\u015fkanl\u0131\u011f\u0131nda \u0130l \u0130klim De\u011fi\u015fikli\u011fi Koordinasyon Kurulu olu\u015fturulacak. Sera gaz\u0131 emisyonlar\u0131, Ulusal Katk\u0131 Beyan\u0131, net s\u0131f\u0131r emisyon hedefi ile \u0130klim De\u011fi\u015fikli\u011fi Ba\u015fkanl\u0131\u011f\u0131n\u0131n strateji ve eylem planlar\u0131 do\u011frultusunda azalt\u0131lacak.<br \/>\n\u0130klim De\u011fi\u015fikli\u011fi Ba\u015fkanl\u0131\u011f\u0131, ulusal, sekt\u00f6rel ve tematik raporlar haz\u0131rlayacak; te\u015fvik mekanizmalar\u0131 geli\u015ftirecek, T\u00fcrkiye Ye\u015fil Taksonomisini kuracak. \u0130thal edilen mallar\u0131n g\u00f6m\u00fcl\u00fc sera gaz\u0131 emisyonlar\u0131n\u0131 ele almak i\u00e7in S\u0131n\u0131rda Karbon D\u00fczenleme Mekanizmas\u0131 kurulabilecek.<br \/>\n\u0130klim De\u011fi\u015fikli\u011fi Ba\u015fkanl\u0131\u011f\u0131nca Emisyon Ticaret Sistemi kurulacak. Karbon Piyasas\u0131 Kurulu, ulusal tahsisat plan\u0131n\u0131 onaylayacak, ETS piyasas\u0131nda \u00fccretsiz tahsisatlar\u0131n da\u011f\u0131l\u0131m\u0131na karar verecek. Do\u011frudan sera gaz\u0131 emisyonlar\u0131na neden olan faaliyetleri y\u00fcr\u00fcten i\u015fletmelerin, \u0130klim De\u011fi\u015fikli\u011fi Ba\u015fkanl\u0131\u011f\u0131ndan sera gaz\u0131 emisyon izni almas\u0131 zorunlu olacak.<br \/>\nSera gaz\u0131 emisyonlar\u0131n\u0131n takibine ili\u015fkin yasaklara veya s\u0131n\u0131rlamalara ayk\u0131r\u0131 olarak do\u011frulanm\u0131\u015f sera gaz\u0131 emisyonu raporunu s\u00fcresi i\u00e7erisinde sunmayanlar, 500 bin T\u00fcrk liras\u0131ndan 5 milyon T\u00fcrk liras\u0131na kadar idari para cezas\u0131na \u00e7arpt\u0131r\u0131lacak.<br \/>\nDo\u011frulanm\u0131\u015f y\u0131ll\u0131k sera gaz\u0131 emisyon raporu bulunmayan i\u015fletmelere 1 milyon T\u00fcrk liras\u0131ndan 10 milyon T\u00fcrk liras\u0131na kadar idari para cezas\u0131 uygulanacak.<br \/>\nGenel Kurul, bu teklifin g\u00f6r\u00fc\u015fmelerinin tamamlanmas\u0131n\u0131n ard\u0131ndan baz\u0131 uluslararas\u0131 anla\u015fmalar\u0131n onaylanmas\u0131n\u0131n uygun bulundu\u011funa dair kanun tekliflerini ele alacak.<br \/>\nPlan ve B\u00fct\u00e7e Komisyonu da Anayasa Mahkemesinin iptal kararlar\u0131 do\u011frultusunda haz\u0131rlanan Baz\u0131 Kanunlar ile 375 Say\u0131l\u0131 Kanun H\u00fckm\u00fcnde Kararnamede De\u011fi\u015fiklik Yap\u0131lmas\u0131na Dair Kanun Teklifi&#8217;nin g\u00f6r\u00fc\u015fmelerine ba\u015flayacak. Bu teklife g\u00f6re de 112 Acil \u00c7a\u011fr\u0131 Merkezi&#8217;ni me\u015fgul etmek amac\u0131yla arayarak g\u00f6revlilerle konu\u015fan veya \u0131srarla \u00e7a\u011fr\u0131 b\u0131rakanlara uygulanan idari para cezas\u0131 250 liradan 1500 liraya y\u00fckseltilecek. Acil \u00c7a\u011fr\u0131 Merkezi&#8217;ne yap\u0131lan ihbar\u0131n as\u0131ls\u0131z oldu\u011funun olay yerine giden ekiplerce tutanakla tespit edilmesi halinde ise 15 bin lira idari para cezas\u0131 verilecek.<br \/>\nTasarruf Mevduat\u0131 Sigorta Fonunun (TMSF) uzman ve uzman yard\u0131mc\u0131lar\u0131 da s\u0131nav, yeterlilik, tez ve uzmanl\u0131\u011fa atanma gibi hususlar bak\u0131m\u0131ndan Devlet Memurlar\u0131 Kanunu&#8217;nun ek 41. maddesindeki h\u00fck\u00fcmlere tabi olarak istihdam edilecek.<br \/>\n\u00dcst kademe kamu y\u00f6neticisi olarak atanacaklarda aranan hizmet s\u00fcresi hesab\u0131nda, 4 y\u0131ll\u0131k y\u00fcksek\u00f6\u011frenim g\u00f6rd\u00fckten sonra kamu kurum ve kurulu\u015flar\u0131nda, sosyal g\u00fcvenlik kurumlar\u0131na tabi olmak kayd\u0131yla uluslararas\u0131 kurulu\u015flar ile \u00f6zel sekt\u00f6rde veya serbest olarak fiilen \u00e7al\u0131\u015f\u0131lan s\u00fcrelerin tamam\u0131 dikkate al\u0131nacak.<br \/>\nYapay Zeka Ara\u015ft\u0131rma Komisyonu, baz\u0131 \u00f6zel \u015firketlerin y\u00f6neticilerini dinleyecek.<br \/>\nKartalkaya Kayak Merkezi&#8217;ndeki Otel Yang\u0131n\u0131n\u0131 Ara\u015ft\u0131rma Komisyonunda, Ankara B\u00fcy\u00fck\u015fehir Belediyesi \u0130tfaiye Dairesi Ba\u015fkanl\u0131\u011f\u0131, Konya B\u00fcy\u00fck\u015fehir Belediyesi \u0130tfaiye Dairesi Ba\u015fkanl\u0131\u011f\u0131 ile T\u00fcm \u0130tfaiyeciler Birli\u011fi Derne\u011fi yetkilileri sunum yapacak.<br \/>\nDilek\u00e7e Komisyonunda, Bafa G\u00f6l\u00fc ve Antik Latmos B\u00f6lgesindeki sorunlarla ilgili \u00c7evre, \u015eehircilik ve \u0130klim De\u011fi\u015fikli\u011fi, Enerji ve Tabii Kaynaklar, K\u00fclt\u00fcr ve Turizm ile Tar\u0131m ve Orman bakanl\u0131klar\u0131n\u0131n yetkilileri milletvekillerine bilgi verecek.<\/p>\n<p>\u200bHaftal\u0131k \u00e7al\u0131\u015fmas\u0131na 15 Nisan&#8217;da ba\u015flayacak TBMM Genel Kurulu, \u0130klim Kanunu Teklifi&#8217;nin g\u00f6r\u00fc\u015fmelerine devam edecek. Baz\u0131 uluslararas\u0131 anla\u015fmalar\u0131n onaylanmas\u0131n\u0131n uygun bulundu\u011funa dair kanun tekliflerini de ele alacak.ANKARA (\u0130GFA) &#8211; TBMM Genel Kurul, ilk 4 maddesi kabul edilen \u0130klim Kanunu Teklifi&#8217;nin g\u00f6r\u00fc\u015fmelerine 15 Nisan Sal\u0131 g\u00fcn\u00fc itibariyle kald\u0131\u011f\u0131 yerden devam edecek.<br \/>\nTeklife g\u00f6re, her ilde vali ba\u015fkanl\u0131\u011f\u0131nda \u0130l \u0130klim De\u011fi\u015fikli\u011fi Koordinasyon Kurulu olu\u015fturulacak. Sera gaz\u0131 emisyonlar\u0131, Ulusal Katk\u0131 Beyan\u0131, net s\u0131f\u0131r emisyon hedefi ile \u0130klim De\u011fi\u015fikli\u011fi Ba\u015fkanl\u0131\u011f\u0131n\u0131n strateji ve eylem planlar\u0131 do\u011frultusunda azalt\u0131lacak.<br \/>\n\u0130klim De\u011fi\u015fikli\u011fi Ba\u015fkanl\u0131\u011f\u0131, ulusal, sekt\u00f6rel ve tematik raporlar haz\u0131rlayacak; te\u015fvik mekanizmalar\u0131 geli\u015ftirecek, T\u00fcrkiye Ye\u015fil Taksonomisini kuracak. \u0130thal edilen mallar\u0131n g\u00f6m\u00fcl\u00fc sera gaz\u0131 emisyonlar\u0131n\u0131 ele almak i\u00e7in S\u0131n\u0131rda Karbon D\u00fczenleme Mekanizmas\u0131 kurulabilecek.<br \/>\n\u0130klim De\u011fi\u015fikli\u011fi Ba\u015fkanl\u0131\u011f\u0131nca Emisyon Ticaret Sistemi kurulacak. Karbon Piyasas\u0131 Kurulu, ulusal tahsisat plan\u0131n\u0131 onaylayacak, ETS piyasas\u0131nda \u00fccretsiz tahsisatlar\u0131n da\u011f\u0131l\u0131m\u0131na karar verecek. Do\u011frudan sera gaz\u0131 emisyonlar\u0131na neden olan faaliyetleri y\u00fcr\u00fcten i\u015fletmelerin, \u0130klim De\u011fi\u015fikli\u011fi Ba\u015fkanl\u0131\u011f\u0131ndan sera gaz\u0131 emisyon izni almas\u0131 zorunlu olacak.<br \/>\nSera gaz\u0131 emisyonlar\u0131n\u0131n takibine ili\u015fkin yasaklara veya s\u0131n\u0131rlamalara ayk\u0131r\u0131 olarak do\u011frulanm\u0131\u015f sera gaz\u0131 emisyonu raporunu s\u00fcresi i\u00e7erisinde sunmayanlar, 500 bin T\u00fcrk liras\u0131ndan 5 milyon T\u00fcrk liras\u0131na kadar idari para cezas\u0131na \u00e7arpt\u0131r\u0131lacak.<br \/>\nDo\u011frulanm\u0131\u015f y\u0131ll\u0131k sera gaz\u0131 emisyon raporu bulunmayan i\u015fletmelere 1 milyon T\u00fcrk liras\u0131ndan 10 milyon T\u00fcrk liras\u0131na kadar idari para cezas\u0131 uygulanacak.<br \/>\nGenel Kurul, bu teklifin g\u00f6r\u00fc\u015fmelerinin tamamlanmas\u0131n\u0131n ard\u0131ndan baz\u0131 uluslararas\u0131 anla\u015fmalar\u0131n onaylanmas\u0131n\u0131n uygun bulundu\u011funa dair kanun tekliflerini ele alacak.<br \/>\nPlan ve B\u00fct\u00e7e Komisyonu da Anayasa Mahkemesinin iptal kararlar\u0131 do\u011frultusunda haz\u0131rlanan Baz\u0131 Kanunlar ile 375 Say\u0131l\u0131 Kanun H\u00fckm\u00fcnde Kararnamede De\u011fi\u015fiklik Yap\u0131lmas\u0131na Dair Kanun Teklifi&#8217;nin g\u00f6r\u00fc\u015fmelerine ba\u015flayacak. Bu teklife g\u00f6re de 112 Acil \u00c7a\u011fr\u0131 Merkezi&#8217;ni me\u015fgul etmek amac\u0131yla arayarak g\u00f6revlilerle konu\u015fan veya \u0131srarla \u00e7a\u011fr\u0131 b\u0131rakanlara uygulanan idari para cezas\u0131 250 liradan 1500 liraya y\u00fckseltilecek. Acil \u00c7a\u011fr\u0131 Merkezi&#8217;ne yap\u0131lan ihbar\u0131n as\u0131ls\u0131z oldu\u011funun olay yerine giden ekiplerce tutanakla tespit edilmesi halinde ise 15 bin lira idari para cezas\u0131 verilecek.<br \/>\nTasarruf Mevduat\u0131 Sigorta Fonunun (TMSF) uzman ve uzman yard\u0131mc\u0131lar\u0131 da s\u0131nav, yeterlilik, tez ve uzmanl\u0131\u011fa atanma gibi hususlar bak\u0131m\u0131ndan Devlet Memurlar\u0131 Kanunu&#8217;nun ek 41. maddesindeki h\u00fck\u00fcmlere tabi olarak istihdam edilecek.<br \/>\n\u00dcst kademe kamu y\u00f6neticisi olarak atanacaklarda aranan hizmet s\u00fcresi hesab\u0131nda, 4 y\u0131ll\u0131k y\u00fcksek\u00f6\u011frenim g\u00f6rd\u00fckten sonra kamu kurum ve kurulu\u015flar\u0131nda, sosyal g\u00fcvenlik kurumlar\u0131na tabi olmak kayd\u0131yla uluslararas\u0131 kurulu\u015flar ile \u00f6zel sekt\u00f6rde veya serbest olarak fiilen \u00e7al\u0131\u015f\u0131lan s\u00fcrelerin tamam\u0131 dikkate al\u0131nacak.<br \/>\nYapay Zeka Ara\u015ft\u0131rma Komisyonu, baz\u0131 \u00f6zel \u015firketlerin y\u00f6neticilerini dinleyecek.<br \/>\nKartalkaya Kayak Merkezi&#8217;ndeki Otel Yang\u0131n\u0131n\u0131 Ara\u015ft\u0131rma Komisyonunda, Ankara B\u00fcy\u00fck\u015fehir Belediyesi \u0130tfaiye Dairesi Ba\u015fkanl\u0131\u011f\u0131, Konya B\u00fcy\u00fck\u015fehir Belediyesi \u0130tfaiye Dairesi Ba\u015fkanl\u0131\u011f\u0131 ile T\u00fcm \u0130tfaiyeciler Birli\u011fi Derne\u011fi yetkilileri sunum yapacak.<br \/>\nDilek\u00e7e Komisyonunda, Bafa G\u00f6l\u00fc ve Antik Latmos B\u00f6lgesindeki sorunlarla ilgili \u00c7evre, \u015eehircilik ve \u0130klim De\u011fi\u015fikli\u011fi, Enerji ve Tabii Kaynaklar, K\u00fclt\u00fcr ve Turizm ile Tar\u0131m ve Orman bakanl\u0131klar\u0131n\u0131n yetkilileri milletvekillerine bilgi verecek.\u00a0<\/p>\n<p>\u200bHaberin Al\u0131nt\u0131land\u0131\u011f\u0131 Kaynak: www.iskenderun.org<\/p>","protected":false},"excerpt":{"rendered":"<p>Haftal\u0131k \u00e7al\u0131\u015fmas\u0131na 15 Nisan&#8217;da ba\u015flayacak TBMM Genel Kurulu, \u0130klim Kanunu Teklifi&#8217;nin g\u00f6r\u00fc\u015fmelerine devam edecek. Baz\u0131 uluslararas\u0131 anla\u015fmalar\u0131n onaylanmas\u0131n\u0131n uygun bulundu\u011funa dair kanun tekliflerini de ele alacak.ANKARA (\u0130GFA) &#8211; TBMM Genel Kurul, ilk 4 maddesi kabul edilen \u0130klim Kanunu Teklifi&#8217;nin g\u00f6r\u00fc\u015fmelerine 15 Nisan Sal\u0131 g\u00fcn\u00fc itibariyle kald\u0131\u011f\u0131 yerden devam edecek. Teklife g\u00f6re, her ilde vali ba\u015fkanl\u0131\u011f\u0131nda \u0130l \u0130klim De\u011fi\u015fikli\u011fi Koordinasyon Kurulu olu\u015fturulacak. Sera gaz\u0131 emisyonlar\u0131, Ulusal Katk\u0131 Beyan\u0131, net s\u0131f\u0131r emisyon hedefi ile \u0130klim De\u011fi\u015fikli\u011fi Ba\u015fkanl\u0131\u011f\u0131n\u0131n strateji ve eylem planlar\u0131 do\u011frultusunda azalt\u0131lacak. \u0130klim De\u011fi\u015fikli\u011fi Ba\u015fkanl\u0131\u011f\u0131, ulusal, sekt\u00f6rel ve tematik raporlar haz\u0131rlayacak; te\u015fvik mekanizmalar\u0131 geli\u015ftirecek, T\u00fcrkiye Ye\u015fil Taksonomisini kuracak. \u0130thal edilen mallar\u0131n g\u00f6m\u00fcl\u00fc sera gaz\u0131 emisyonlar\u0131n\u0131 ele almak i\u00e7in S\u0131n\u0131rda Karbon D\u00fczenleme Mekanizmas\u0131 kurulabilecek. \u0130klim De\u011fi\u015fikli\u011fi Ba\u015fkanl\u0131\u011f\u0131nca Emisyon Ticaret Sistemi kurulacak. Karbon Piyasas\u0131 Kurulu, ulusal tahsisat plan\u0131n\u0131 onaylayacak, ETS piyasas\u0131nda \u00fccretsiz tahsisatlar\u0131n da\u011f\u0131l\u0131m\u0131na karar verecek. Do\u011frudan sera gaz\u0131 emisyonlar\u0131na neden olan faaliyetleri y\u00fcr\u00fcten i\u015fletmelerin, \u0130klim De\u011fi\u015fikli\u011fi Ba\u015fkanl\u0131\u011f\u0131ndan sera gaz\u0131 emisyon izni almas\u0131 zorunlu olacak. Sera gaz\u0131 emisyonlar\u0131n\u0131n takibine ili\u015fkin yasaklara veya s\u0131n\u0131rlamalara ayk\u0131r\u0131 olarak do\u011frulanm\u0131\u015f sera gaz\u0131 emisyonu raporunu s\u00fcresi i\u00e7erisinde sunmayanlar, 500 bin T\u00fcrk liras\u0131ndan 5 milyon T\u00fcrk liras\u0131na kadar idari para cezas\u0131na \u00e7arpt\u0131r\u0131lacak. Do\u011frulanm\u0131\u015f y\u0131ll\u0131k sera gaz\u0131 emisyon raporu bulunmayan i\u015fletmelere 1 milyon T\u00fcrk liras\u0131ndan 10 milyon T\u00fcrk liras\u0131na kadar &hellip;<\/p>","protected":false},"author":1,"featured_media":0,"comment_status":"","ping_status":"open","sticky":false,"template":"","format":"standard","meta":{"_acf_changed":false,"footnotes":""},"categories":[24],"tags":[],"class_list":["post-56302","post","type-post","status-publish","format-standard","has-post-thumbnail","hentry","category-gundem"],"acf":[],"yoast_head":"<!-- This site is optimized with the Yoast SEO Premium plugin v26.6 (Yoast SEO v27.1.1) - https:\/\/yoast.com\/product\/yoast-seo-premium-wordpress\/ -->\n<title>TBMM&#039;nin g\u00fcndeminde bu hafta neler var? - Av. Deniz Can K\u0131z\u0131l<\/title>\n<meta name=\"robots\" content=\"index, follow, max-snippet:-1, max-image-preview:large, max-video-preview:-1\" \/>\n<link rel=\"canonical\" href=\"http:\/\/denizcankizil.tr\/de\/haberler\/gundem\/tbmmnin-gundeminde-bu-hafta-neler-var\/\" \/>\n<meta property=\"og:locale\" content=\"de_DE\" \/>\n<meta property=\"og:type\" content=\"article\" \/>\n<meta property=\"og:title\" content=\"TBMM&#039;nin g\u00fcndeminde bu hafta neler var?\" \/>\n<meta property=\"og:description\" content=\"Haftal\u0131k \u00e7al\u0131\u015fmas\u0131na 15 Nisan&#8217;da ba\u015flayacak TBMM Genel Kurulu, \u0130klim Kanunu Teklifi&#8217;nin g\u00f6r\u00fc\u015fmelerine devam edecek. Baz\u0131 uluslararas\u0131 anla\u015fmalar\u0131n onaylanmas\u0131n\u0131n uygun bulundu\u011funa dair kanun tekliflerini de ele alacak.ANKARA (\u0130GFA) &#8211; TBMM Genel Kurul, ilk 4 maddesi kabul edilen \u0130klim Kanunu Teklifi&#8217;nin g\u00f6r\u00fc\u015fmelerine 15 Nisan Sal\u0131 g\u00fcn\u00fc itibariyle kald\u0131\u011f\u0131 yerden devam edecek. Teklife g\u00f6re, her ilde vali ba\u015fkanl\u0131\u011f\u0131nda \u0130l \u0130klim De\u011fi\u015fikli\u011fi Koordinasyon Kurulu olu\u015fturulacak. Sera gaz\u0131 emisyonlar\u0131, Ulusal Katk\u0131 Beyan\u0131, net s\u0131f\u0131r emisyon hedefi ile \u0130klim De\u011fi\u015fikli\u011fi Ba\u015fkanl\u0131\u011f\u0131n\u0131n strateji ve eylem planlar\u0131 do\u011frultusunda azalt\u0131lacak. \u0130klim De\u011fi\u015fikli\u011fi Ba\u015fkanl\u0131\u011f\u0131, ulusal, sekt\u00f6rel ve tematik raporlar haz\u0131rlayacak; te\u015fvik mekanizmalar\u0131 geli\u015ftirecek, T\u00fcrkiye Ye\u015fil Taksonomisini kuracak. \u0130thal edilen mallar\u0131n g\u00f6m\u00fcl\u00fc sera gaz\u0131 emisyonlar\u0131n\u0131 ele almak i\u00e7in S\u0131n\u0131rda Karbon D\u00fczenleme Mekanizmas\u0131 kurulabilecek. \u0130klim De\u011fi\u015fikli\u011fi Ba\u015fkanl\u0131\u011f\u0131nca Emisyon Ticaret Sistemi kurulacak. Karbon Piyasas\u0131 Kurulu, ulusal tahsisat plan\u0131n\u0131 onaylayacak, ETS piyasas\u0131nda \u00fccretsiz tahsisatlar\u0131n da\u011f\u0131l\u0131m\u0131na karar verecek. Do\u011frudan sera gaz\u0131 emisyonlar\u0131na neden olan faaliyetleri y\u00fcr\u00fcten i\u015fletmelerin, \u0130klim De\u011fi\u015fikli\u011fi Ba\u015fkanl\u0131\u011f\u0131ndan sera gaz\u0131 emisyon izni almas\u0131 zorunlu olacak. Sera gaz\u0131 emisyonlar\u0131n\u0131n takibine ili\u015fkin yasaklara veya s\u0131n\u0131rlamalara ayk\u0131r\u0131 olarak do\u011frulanm\u0131\u015f sera gaz\u0131 emisyonu raporunu s\u00fcresi i\u00e7erisinde sunmayanlar, 500 bin T\u00fcrk liras\u0131ndan 5 milyon T\u00fcrk liras\u0131na kadar idari para cezas\u0131na \u00e7arpt\u0131r\u0131lacak. Do\u011frulanm\u0131\u015f y\u0131ll\u0131k sera gaz\u0131 emisyon raporu bulunmayan i\u015fletmelere 1 milyon T\u00fcrk liras\u0131ndan 10 milyon T\u00fcrk liras\u0131na kadar &hellip;\" \/>\n<meta property=\"og:url\" content=\"http:\/\/denizcankizil.tr\/de\/haberler\/gundem\/tbmmnin-gundeminde-bu-hafta-neler-var\/\" \/>\n<meta property=\"og:site_name\" content=\"Av. Deniz Can K\u0131z\u0131l\" \/>\n<meta property=\"article:published_time\" content=\"2025-04-15T07:42:06+00:00\" \/>\n<meta name=\"author\" content=\"admin\" \/>\n<meta name=\"twitter:card\" content=\"summary_large_image\" \/>\n<meta name=\"twitter:label1\" content=\"Verfasst von\" \/>\n\t<meta name=\"twitter:data1\" content=\"admin\" \/>\n\t<meta name=\"twitter:label2\" content=\"Gesch\u00e4tzte Lesezeit\" \/>\n\t<meta name=\"twitter:data2\" content=\"6\u00a0Minuten\" \/>\n<script type=\"application\/ld+json\" class=\"yoast-schema-graph\">{\"@context\":\"https:\/\/schema.org\",\"@graph\":[{\"@type\":\"Article\",\"@id\":\"http:\/\/denizcankizil.tr\/de\/haberler\/gundem\/tbmmnin-gundeminde-bu-hafta-neler-var\/#article\",\"isPartOf\":{\"@id\":\"http:\/\/denizcankizil.tr\/de\/haberler\/gundem\/tbmmnin-gundeminde-bu-hafta-neler-var\/\"},\"author\":{\"name\":\"admin\",\"@id\":\"https:\/\/denizcankizil.tr\/#\/schema\/person\/be3c05fe6a12686905512445d8185489\"},\"headline\":\"TBMM&#8217;nin g\u00fcndeminde bu hafta neler var?\",\"datePublished\":\"2025-04-15T07:42:06+00:00\",\"mainEntityOfPage\":{\"@id\":\"http:\/\/denizcankizil.tr\/de\/haberler\/gundem\/tbmmnin-gundeminde-bu-hafta-neler-var\/\"},\"wordCount\":1254,\"publisher\":{\"@id\":\"https:\/\/denizcankizil.tr\/#organization\"},\"articleSection\":[\"G\u00fcndem\"],\"inLanguage\":\"de\"},{\"@type\":\"WebPage\",\"@id\":\"http:\/\/denizcankizil.tr\/de\/haberler\/gundem\/tbmmnin-gundeminde-bu-hafta-neler-var\/\",\"url\":\"http:\/\/denizcankizil.tr\/de\/haberler\/gundem\/tbmmnin-gundeminde-bu-hafta-neler-var\/\",\"name\":\"TBMM'nin g\u00fcndeminde bu hafta neler var? - Av. Deniz Can K\u0131z\u0131l\",\"isPartOf\":{\"@id\":\"https:\/\/denizcankizil.tr\/#website\"},\"datePublished\":\"2025-04-15T07:42:06+00:00\",\"breadcrumb\":{\"@id\":\"http:\/\/denizcankizil.tr\/de\/haberler\/gundem\/tbmmnin-gundeminde-bu-hafta-neler-var\/#breadcrumb\"},\"inLanguage\":\"de\",\"potentialAction\":[{\"@type\":\"ReadAction\",\"target\":[\"http:\/\/denizcankizil.tr\/de\/haberler\/gundem\/tbmmnin-gundeminde-bu-hafta-neler-var\/\"]}]},{\"@type\":\"BreadcrumbList\",\"@id\":\"http:\/\/denizcankizil.tr\/de\/haberler\/gundem\/tbmmnin-gundeminde-bu-hafta-neler-var\/#breadcrumb\",\"itemListElement\":[{\"@type\":\"ListItem\",\"position\":1,\"name\":\"Home\",\"item\":\"https:\/\/denizcankizil.tr\/de\/\"},{\"@type\":\"ListItem\",\"position\":2,\"name\":\"TBMM&#8217;nin g\u00fcndeminde bu hafta neler var?\"}]},{\"@type\":\"WebSite\",\"@id\":\"https:\/\/denizcankizil.tr\/#website\",\"url\":\"https:\/\/denizcankizil.tr\/\",\"name\":\"Av. Deniz Can K\u0131z\u0131l\",\"description\":\"Avukat Deniz Can K\u0131z\u0131l Antalya Barosu\",\"publisher\":{\"@id\":\"https:\/\/denizcankizil.tr\/#organization\"},\"potentialAction\":[{\"@type\":\"SearchAction\",\"target\":{\"@type\":\"EntryPoint\",\"urlTemplate\":\"https:\/\/denizcankizil.tr\/?s={search_term_string}\"},\"query-input\":{\"@type\":\"PropertyValueSpecification\",\"valueRequired\":true,\"valueName\":\"search_term_string\"}}],\"inLanguage\":\"de\"},{\"@type\":\"Organization\",\"@id\":\"https:\/\/denizcankizil.tr\/#organization\",\"name\":\"Av. Deniz Can K\u0131z\u0131l\",\"url\":\"https:\/\/denizcankizil.tr\/\",\"logo\":{\"@type\":\"ImageObject\",\"inLanguage\":\"de\",\"@id\":\"https:\/\/denizcankizil.tr\/#\/schema\/logo\/image\/\",\"url\":\"http:\/\/denizcankizil.tr\/wp-content\/uploads\/2024\/10\/siyah-logo-svg.svg\",\"contentUrl\":\"http:\/\/denizcankizil.tr\/wp-content\/uploads\/2024\/10\/siyah-logo-svg.svg\",\"width\":1080,\"height\":1080,\"caption\":\"Av. Deniz Can K\u0131z\u0131l\"},\"image\":{\"@id\":\"https:\/\/denizcankizil.tr\/#\/schema\/logo\/image\/\"}},{\"@type\":\"Person\",\"@id\":\"https:\/\/denizcankizil.tr\/#\/schema\/person\/be3c05fe6a12686905512445d8185489\",\"name\":\"admin\",\"image\":{\"@type\":\"ImageObject\",\"inLanguage\":\"de\",\"@id\":\"https:\/\/denizcankizil.tr\/#\/schema\/person\/image\/\",\"url\":\"https:\/\/secure.gravatar.com\/avatar\/c1fce94c830dc79107e174f890d7210541c4a63e8e5d816341794a2151c9d58c?s=96&d=mm&r=g\",\"contentUrl\":\"https:\/\/secure.gravatar.com\/avatar\/c1fce94c830dc79107e174f890d7210541c4a63e8e5d816341794a2151c9d58c?s=96&d=mm&r=g\",\"caption\":\"admin\"},\"sameAs\":[\"http:\/\/denizcankizil.tr\"],\"url\":\"https:\/\/www.iskenderun.org\/tbmmnin-gundeminde-bu-hafta-neler-var\"}]}<\/script>\n<!-- \/ Yoast SEO Premium plugin. -->","yoast_head_json":{"title":"TBMM'nin g\u00fcndeminde bu hafta neler var? - Av. Deniz Can K\u0131z\u0131l","robots":{"index":"index","follow":"follow","max-snippet":"max-snippet:-1","max-image-preview":"max-image-preview:large","max-video-preview":"max-video-preview:-1"},"canonical":"http:\/\/denizcankizil.tr\/de\/haberler\/gundem\/tbmmnin-gundeminde-bu-hafta-neler-var\/","og_locale":"de_DE","og_type":"article","og_title":"TBMM'nin g\u00fcndeminde bu hafta neler var?","og_description":"Haftal\u0131k \u00e7al\u0131\u015fmas\u0131na 15 Nisan&#8217;da ba\u015flayacak TBMM Genel Kurulu, \u0130klim Kanunu Teklifi&#8217;nin g\u00f6r\u00fc\u015fmelerine devam edecek. Baz\u0131 uluslararas\u0131 anla\u015fmalar\u0131n onaylanmas\u0131n\u0131n uygun bulundu\u011funa dair kanun tekliflerini de ele alacak.ANKARA (\u0130GFA) &#8211; TBMM Genel Kurul, ilk 4 maddesi kabul edilen \u0130klim Kanunu Teklifi&#8217;nin g\u00f6r\u00fc\u015fmelerine 15 Nisan Sal\u0131 g\u00fcn\u00fc itibariyle kald\u0131\u011f\u0131 yerden devam edecek. Teklife g\u00f6re, her ilde vali ba\u015fkanl\u0131\u011f\u0131nda \u0130l \u0130klim De\u011fi\u015fikli\u011fi Koordinasyon Kurulu olu\u015fturulacak. Sera gaz\u0131 emisyonlar\u0131, Ulusal Katk\u0131 Beyan\u0131, net s\u0131f\u0131r emisyon hedefi ile \u0130klim De\u011fi\u015fikli\u011fi Ba\u015fkanl\u0131\u011f\u0131n\u0131n strateji ve eylem planlar\u0131 do\u011frultusunda azalt\u0131lacak. \u0130klim De\u011fi\u015fikli\u011fi Ba\u015fkanl\u0131\u011f\u0131, ulusal, sekt\u00f6rel ve tematik raporlar haz\u0131rlayacak; te\u015fvik mekanizmalar\u0131 geli\u015ftirecek, T\u00fcrkiye Ye\u015fil Taksonomisini kuracak. \u0130thal edilen mallar\u0131n g\u00f6m\u00fcl\u00fc sera gaz\u0131 emisyonlar\u0131n\u0131 ele almak i\u00e7in S\u0131n\u0131rda Karbon D\u00fczenleme Mekanizmas\u0131 kurulabilecek. \u0130klim De\u011fi\u015fikli\u011fi Ba\u015fkanl\u0131\u011f\u0131nca Emisyon Ticaret Sistemi kurulacak. Karbon Piyasas\u0131 Kurulu, ulusal tahsisat plan\u0131n\u0131 onaylayacak, ETS piyasas\u0131nda \u00fccretsiz tahsisatlar\u0131n da\u011f\u0131l\u0131m\u0131na karar verecek. Do\u011frudan sera gaz\u0131 emisyonlar\u0131na neden olan faaliyetleri y\u00fcr\u00fcten i\u015fletmelerin, \u0130klim De\u011fi\u015fikli\u011fi Ba\u015fkanl\u0131\u011f\u0131ndan sera gaz\u0131 emisyon izni almas\u0131 zorunlu olacak. Sera gaz\u0131 emisyonlar\u0131n\u0131n takibine ili\u015fkin yasaklara veya s\u0131n\u0131rlamalara ayk\u0131r\u0131 olarak do\u011frulanm\u0131\u015f sera gaz\u0131 emisyonu raporunu s\u00fcresi i\u00e7erisinde sunmayanlar, 500 bin T\u00fcrk liras\u0131ndan 5 milyon T\u00fcrk liras\u0131na kadar idari para cezas\u0131na \u00e7arpt\u0131r\u0131lacak. Do\u011frulanm\u0131\u015f y\u0131ll\u0131k sera gaz\u0131 emisyon raporu bulunmayan i\u015fletmelere 1 milyon T\u00fcrk liras\u0131ndan 10 milyon T\u00fcrk liras\u0131na kadar &hellip;","og_url":"http:\/\/denizcankizil.tr\/de\/haberler\/gundem\/tbmmnin-gundeminde-bu-hafta-neler-var\/","og_site_name":"Av. Deniz Can K\u0131z\u0131l","article_published_time":"2025-04-15T07:42:06+00:00","author":"admin","twitter_card":"summary_large_image","twitter_misc":{"Verfasst von":"admin","Gesch\u00e4tzte Lesezeit":"6\u00a0Minuten"},"schema":{"@context":"https:\/\/schema.org","@graph":[{"@type":"Article","@id":"http:\/\/denizcankizil.tr\/de\/haberler\/gundem\/tbmmnin-gundeminde-bu-hafta-neler-var\/#article","isPartOf":{"@id":"http:\/\/denizcankizil.tr\/de\/haberler\/gundem\/tbmmnin-gundeminde-bu-hafta-neler-var\/"},"author":{"name":"admin","@id":"https:\/\/denizcankizil.tr\/#\/schema\/person\/be3c05fe6a12686905512445d8185489"},"headline":"TBMM&#8217;nin g\u00fcndeminde bu hafta neler var?","datePublished":"2025-04-15T07:42:06+00:00","mainEntityOfPage":{"@id":"http:\/\/denizcankizil.tr\/de\/haberler\/gundem\/tbmmnin-gundeminde-bu-hafta-neler-var\/"},"wordCount":1254,"publisher":{"@id":"https:\/\/denizcankizil.tr\/#organization"},"articleSection":["G\u00fcndem"],"inLanguage":"de"},{"@type":"WebPage","@id":"http:\/\/denizcankizil.tr\/de\/haberler\/gundem\/tbmmnin-gundeminde-bu-hafta-neler-var\/","url":"http:\/\/denizcankizil.tr\/de\/haberler\/gundem\/tbmmnin-gundeminde-bu-hafta-neler-var\/","name":"TBMM'nin g\u00fcndeminde bu hafta neler var? - Av. Deniz Can K\u0131z\u0131l","isPartOf":{"@id":"https:\/\/denizcankizil.tr\/#website"},"datePublished":"2025-04-15T07:42:06+00:00","breadcrumb":{"@id":"http:\/\/denizcankizil.tr\/de\/haberler\/gundem\/tbmmnin-gundeminde-bu-hafta-neler-var\/#breadcrumb"},"inLanguage":"de","potentialAction":[{"@type":"ReadAction","target":["http:\/\/denizcankizil.tr\/de\/haberler\/gundem\/tbmmnin-gundeminde-bu-hafta-neler-var\/"]}]},{"@type":"BreadcrumbList","@id":"http:\/\/denizcankizil.tr\/de\/haberler\/gundem\/tbmmnin-gundeminde-bu-hafta-neler-var\/#breadcrumb","itemListElement":[{"@type":"ListItem","position":1,"name":"Home","item":"https:\/\/denizcankizil.tr\/de\/"},{"@type":"ListItem","position":2,"name":"TBMM&#8217;nin g\u00fcndeminde bu hafta neler var?"}]},{"@type":"WebSite","@id":"https:\/\/denizcankizil.tr\/#website","url":"https:\/\/denizcankizil.tr\/","name":"Av. Deniz Can K\u0131z\u0131l","description":"Avukat Deniz Can K\u0131z\u0131l Antalya Barosu","publisher":{"@id":"https:\/\/denizcankizil.tr\/#organization"},"potentialAction":[{"@type":"SearchAction","target":{"@type":"EntryPoint","urlTemplate":"https:\/\/denizcankizil.tr\/?s={search_term_string}"},"query-input":{"@type":"PropertyValueSpecification","valueRequired":true,"valueName":"search_term_string"}}],"inLanguage":"de"},{"@type":"Organization","@id":"https:\/\/denizcankizil.tr\/#organization","name":"Av. Deniz Can K\u0131z\u0131l","url":"https:\/\/denizcankizil.tr\/","logo":{"@type":"ImageObject","inLanguage":"de","@id":"https:\/\/denizcankizil.tr\/#\/schema\/logo\/image\/","url":"http:\/\/denizcankizil.tr\/wp-content\/uploads\/2024\/10\/siyah-logo-svg.svg","contentUrl":"http:\/\/denizcankizil.tr\/wp-content\/uploads\/2024\/10\/siyah-logo-svg.svg","width":1080,"height":1080,"caption":"Av. Deniz Can K\u0131z\u0131l"},"image":{"@id":"https:\/\/denizcankizil.tr\/#\/schema\/logo\/image\/"}},{"@type":"Person","@id":"https:\/\/denizcankizil.tr\/#\/schema\/person\/be3c05fe6a12686905512445d8185489","name":"Administrator","image":{"@type":"ImageObject","inLanguage":"de","@id":"https:\/\/denizcankizil.tr\/#\/schema\/person\/image\/","url":"https:\/\/secure.gravatar.com\/avatar\/c1fce94c830dc79107e174f890d7210541c4a63e8e5d816341794a2151c9d58c?s=96&d=mm&r=g","contentUrl":"https:\/\/secure.gravatar.com\/avatar\/c1fce94c830dc79107e174f890d7210541c4a63e8e5d816341794a2151c9d58c?s=96&d=mm&r=g","caption":"admin"},"sameAs":["http:\/\/denizcankizil.tr"],"url":"https:\/\/www.iskenderun.org\/tbmmnin-gundeminde-bu-hafta-neler-var"}]}},"_links":{"self":[{"href":"http:\/\/denizcankizil.tr\/de\/wp-json\/wp\/v2\/posts\/56302","targetHints":{"allow":["GET"]}}],"collection":[{"href":"http:\/\/denizcankizil.tr\/de\/wp-json\/wp\/v2\/posts"}],"about":[{"href":"http:\/\/denizcankizil.tr\/de\/wp-json\/wp\/v2\/types\/post"}],"author":[{"embeddable":true,"href":"http:\/\/denizcankizil.tr\/de\/wp-json\/wp\/v2\/users\/1"}],"replies":[{"embeddable":true,"href":"http:\/\/denizcankizil.tr\/de\/wp-json\/wp\/v2\/comments?post=56302"}],"version-history":[{"count":0,"href":"http:\/\/denizcankizil.tr\/de\/wp-json\/wp\/v2\/posts\/56302\/revisions"}],"wp:attachment":[{"href":"http:\/\/denizcankizil.tr\/de\/wp-json\/wp\/v2\/media?parent=56302"}],"wp:term":[{"taxonomy":"category","embeddable":true,"href":"http:\/\/denizcankizil.tr\/de\/wp-json\/wp\/v2\/categories?post=56302"},{"taxonomy":"post_tag","embeddable":true,"href":"http:\/\/denizcankizil.tr\/de\/wp-json\/wp\/v2\/tags?post=56302"}],"curies":[{"name":"wp","href":"https:\/\/api.w.org\/{rel}","templated":true}]}}