{"id":55728,"date":"2025-04-14T22:38:11","date_gmt":"2025-04-14T19:38:11","guid":{"rendered":"https:\/\/denizcankizil.tr\/uncategorized-tr\/maattia-ahmet-minguzzinin-mezarini-tahrip-eden-saldirgan-yakalandi\/"},"modified":"2025-04-14T22:38:11","modified_gmt":"2025-04-14T19:38:11","slug":"maattia-ahmet-minguzzinin-mezarini-tahrip-eden-saldirgan-yakalandi","status":"publish","type":"post","link":"http:\/\/denizcankizil.tr\/de\/haberler\/gundem\/maattia-ahmet-minguzzinin-mezarini-tahrip-eden-saldirgan-yakalandi\/","title":{"rendered":"Maattia Ahmet Minguzzi&#8217;nin mezar\u0131n\u0131 tahrip eden sald\u0131rgan yakaland\u0131"},"content":{"rendered":"<p>\u0130stanbul&#8217;un Kad\u0131k\u00f6y il\u00e7esinde u\u011frad\u0131\u011f\u0131 b\u0131\u00e7akl\u0131 sald\u0131r\u0131 sonucu hayat\u0131n\u0131 kaybeden 15 ya\u015f\u0131ndaki Mattia Ahmet Minguzzi&#8217;nin Bak\u0131rk\u00f6y&#8217;deki mezar\u0131 tahrip edilip, \u00e7evresine zarar verilmi\u015fti. Kabristandaki mezar\u0131n talan edilmesi ile ilgili re&#8217;sen ba\u015flat\u0131lan soru\u015fturma devam ederken, faillerin yakalanmas\u0131 i\u00e7in \u0130stanbul Emniyet M\u00fcd\u00fcrl\u00fc\u011f\u00fc&#8217;nde \u00f6zel ekip olu\u015fturulmu\u015ftu. \u0130stanbul Emnyet M\u00fcd\u00fcrl\u00fc\u011f\u00fc&#8217;ne ba\u011fl\u0131 Asayi\u015f \u015eube Gasp B\u00fcro Amirli\u011fi ekipleri, \u0130stanbul \u0130stihbarat \u015eubenin de deste\u011fiyle yo\u011fun bir \u00e7al\u0131\u015fma y\u00fcr\u00fctm\u00fc\u015ft\u00fc.<\/p>\n<p>15 YA\u015eINDAK\u0130 AHMET\u2019\u0130N MEZARINI TAHR\u0130P EDEN \u015e\u00dcPHEL\u0130 YAKALANDI <\/p>\n<p>\u0130\u00e7i\u015fleri Bakan\u0131 Ali Yerlikaya, Mattia Ahmet Minguzzi&#8217;nin mezar\u0131n\u0131 tahrip eden D.A. (67) adl\u0131 \u015f\u00fcphelinin yakaland\u0131\u011f\u0131n\u0131 a\u00e7\u0131klad\u0131. Bakan Yerlikaya a\u00e7\u0131klamas\u0131nda, &#8220;\u0130stanbul&#8217;da u\u011frad\u0131\u011f\u0131 b\u0131\u00e7akl\u0131 sald\u0131r\u0131 sonucu hayat\u0131n\u0131 kaybeden Mattia Ahmet Minguzzi evlad\u0131m\u0131z\u0131n mezar\u0131n\u0131n tahrip edilmesiyle ilgili \u0130stanbul Emniyet M\u00fcd\u00fcrl\u00fc\u011f\u00fcm\u00fcz\u00fcn yapt\u0131\u011f\u0131 \u00e7al\u0131\u015fmalar sonucunda 67 ya\u015f\u0131ndaki D.A. adl\u0131 \u015f\u00fcpheli \u015fah\u0131s yakalanarak g\u00f6zalt\u0131na al\u0131nd\u0131&#8221; ifadelerine yer verdi.<\/p>\n<p>\u200b\u0130\u00e7i\u015fleri Bakanl\u0131\u011f\u0131, Kad\u0131k\u00f6y&#8217;de u\u011frad\u0131\u011f\u0131 b\u0131\u00e7akl\u0131 sald\u0131r\u0131 sonucu hayat\u0131n\u0131 kaybeden 15 ya\u015f\u0131ndaki Maattia Ahmet Minguzzi&#8217;nin mezar\u0131n\u0131 tahrip eden \u015f\u00fcphelinin yakaland\u0131\u011f\u0131n\u0131 a\u00e7\u0131klad\u0131.\u00a0<\/p>\n<p>\u200bHaberin Al\u0131nt\u0131land\u0131\u011f\u0131 Kaynak: www.antalyakorfez.com<\/p>","protected":false},"excerpt":{"rendered":"<p>\u0130stanbul&#8217;un Kad\u0131k\u00f6y il\u00e7esinde u\u011frad\u0131\u011f\u0131 b\u0131\u00e7akl\u0131 sald\u0131r\u0131 sonucu hayat\u0131n\u0131 kaybeden 15 ya\u015f\u0131ndaki Mattia Ahmet Minguzzi&#8217;nin Bak\u0131rk\u00f6y&#8217;deki mezar\u0131 tahrip edilip, \u00e7evresine zarar verilmi\u015fti. Kabristandaki mezar\u0131n talan edilmesi ile ilgili re&#8217;sen ba\u015flat\u0131lan soru\u015fturma devam ederken, faillerin yakalanmas\u0131 i\u00e7in \u0130stanbul Emniyet M\u00fcd\u00fcrl\u00fc\u011f\u00fc&#8217;nde \u00f6zel ekip olu\u015fturulmu\u015ftu. \u0130stanbul Emnyet M\u00fcd\u00fcrl\u00fc\u011f\u00fc&#8217;ne ba\u011fl\u0131 Asayi\u015f \u015eube Gasp B\u00fcro Amirli\u011fi ekipleri, \u0130stanbul \u0130stihbarat \u015eubenin de deste\u011fiyle yo\u011fun bir \u00e7al\u0131\u015fma y\u00fcr\u00fctm\u00fc\u015ft\u00fc. 15 YA\u015eINDAK\u0130 AHMET\u2019\u0130N MEZARINI TAHR\u0130P EDEN \u015e\u00dcPHEL\u0130 YAKALANDI \u0130\u00e7i\u015fleri Bakan\u0131 Ali Yerlikaya, Mattia Ahmet Minguzzi&#8217;nin mezar\u0131n\u0131 tahrip eden D.A. (67) adl\u0131 \u015f\u00fcphelinin yakaland\u0131\u011f\u0131n\u0131 a\u00e7\u0131klad\u0131. Bakan Yerlikaya a\u00e7\u0131klamas\u0131nda, &#8220;\u0130stanbul&#8217;da u\u011frad\u0131\u011f\u0131 b\u0131\u00e7akl\u0131 sald\u0131r\u0131 sonucu hayat\u0131n\u0131 kaybeden Mattia Ahmet Minguzzi evlad\u0131m\u0131z\u0131n mezar\u0131n\u0131n tahrip edilmesiyle ilgili \u0130stanbul Emniyet M\u00fcd\u00fcrl\u00fc\u011f\u00fcm\u00fcz\u00fcn yapt\u0131\u011f\u0131 \u00e7al\u0131\u015fmalar sonucunda 67 ya\u015f\u0131ndaki D.A. adl\u0131 \u015f\u00fcpheli \u015fah\u0131s yakalanarak g\u00f6zalt\u0131na al\u0131nd\u0131&#8221; ifadelerine yer verdi. \u200b\u0130\u00e7i\u015fleri Bakanl\u0131\u011f\u0131, Kad\u0131k\u00f6y&#8217;de u\u011frad\u0131\u011f\u0131 b\u0131\u00e7akl\u0131 sald\u0131r\u0131 sonucu hayat\u0131n\u0131 kaybeden 15 ya\u015f\u0131ndaki Maattia Ahmet Minguzzi&#8217;nin mezar\u0131n\u0131 tahrip eden \u015f\u00fcphelinin yakaland\u0131\u011f\u0131n\u0131 a\u00e7\u0131klad\u0131.\u00a0 \u200bHaberin Al\u0131nt\u0131land\u0131\u011f\u0131 Kaynak: www.antalyakorfez.com<\/p>","protected":false},"author":5,"featured_media":0,"comment_status":"","ping_status":"open","sticky":false,"template":"","format":"standard","meta":{"_acf_changed":false,"footnotes":""},"categories":[24],"tags":[],"class_list":["post-55728","post","type-post","status-publish","format-standard","has-post-thumbnail","hentry","category-gundem"],"acf":[],"yoast_head":"<!-- This site is optimized with the Yoast SEO Premium plugin v26.6 (Yoast SEO v27.1.1) - https:\/\/yoast.com\/product\/yoast-seo-premium-wordpress\/ -->\n<title>Maattia Ahmet Minguzzi&#039;nin mezar\u0131n\u0131 tahrip eden sald\u0131rgan yakaland\u0131 - Av. Deniz Can K\u0131z\u0131l<\/title>\n<meta name=\"robots\" content=\"index, follow, max-snippet:-1, max-image-preview:large, max-video-preview:-1\" \/>\n<link rel=\"canonical\" href=\"http:\/\/denizcankizil.tr\/de\/haberler\/gundem\/maattia-ahmet-minguzzinin-mezarini-tahrip-eden-saldirgan-yakalandi\/\" \/>\n<meta property=\"og:locale\" content=\"de_DE\" \/>\n<meta property=\"og:type\" content=\"article\" \/>\n<meta property=\"og:title\" content=\"Maattia Ahmet Minguzzi&#039;nin mezar\u0131n\u0131 tahrip eden sald\u0131rgan yakaland\u0131\" \/>\n<meta property=\"og:description\" content=\"\u0130stanbul&#8217;un Kad\u0131k\u00f6y il\u00e7esinde u\u011frad\u0131\u011f\u0131 b\u0131\u00e7akl\u0131 sald\u0131r\u0131 sonucu hayat\u0131n\u0131 kaybeden 15 ya\u015f\u0131ndaki Mattia Ahmet Minguzzi&#8217;nin Bak\u0131rk\u00f6y&#8217;deki mezar\u0131 tahrip edilip, \u00e7evresine zarar verilmi\u015fti. Kabristandaki mezar\u0131n talan edilmesi ile ilgili re&#8217;sen ba\u015flat\u0131lan soru\u015fturma devam ederken, faillerin yakalanmas\u0131 i\u00e7in \u0130stanbul Emniyet M\u00fcd\u00fcrl\u00fc\u011f\u00fc&#8217;nde \u00f6zel ekip olu\u015fturulmu\u015ftu. \u0130stanbul Emnyet M\u00fcd\u00fcrl\u00fc\u011f\u00fc&#8217;ne ba\u011fl\u0131 Asayi\u015f \u015eube Gasp B\u00fcro Amirli\u011fi ekipleri, \u0130stanbul \u0130stihbarat \u015eubenin de deste\u011fiyle yo\u011fun bir \u00e7al\u0131\u015fma y\u00fcr\u00fctm\u00fc\u015ft\u00fc. 15 YA\u015eINDAK\u0130 AHMET\u2019\u0130N MEZARINI TAHR\u0130P EDEN \u015e\u00dcPHEL\u0130 YAKALANDI \u0130\u00e7i\u015fleri Bakan\u0131 Ali Yerlikaya, Mattia Ahmet Minguzzi&#8217;nin mezar\u0131n\u0131 tahrip eden D.A. (67) adl\u0131 \u015f\u00fcphelinin yakaland\u0131\u011f\u0131n\u0131 a\u00e7\u0131klad\u0131. Bakan Yerlikaya a\u00e7\u0131klamas\u0131nda, &#8220;\u0130stanbul&#8217;da u\u011frad\u0131\u011f\u0131 b\u0131\u00e7akl\u0131 sald\u0131r\u0131 sonucu hayat\u0131n\u0131 kaybeden Mattia Ahmet Minguzzi evlad\u0131m\u0131z\u0131n mezar\u0131n\u0131n tahrip edilmesiyle ilgili \u0130stanbul Emniyet M\u00fcd\u00fcrl\u00fc\u011f\u00fcm\u00fcz\u00fcn yapt\u0131\u011f\u0131 \u00e7al\u0131\u015fmalar sonucunda 67 ya\u015f\u0131ndaki D.A. adl\u0131 \u015f\u00fcpheli \u015fah\u0131s yakalanarak g\u00f6zalt\u0131na al\u0131nd\u0131&#8221; ifadelerine yer verdi. \u200b\u0130\u00e7i\u015fleri Bakanl\u0131\u011f\u0131, Kad\u0131k\u00f6y&#8217;de u\u011frad\u0131\u011f\u0131 b\u0131\u00e7akl\u0131 sald\u0131r\u0131 sonucu hayat\u0131n\u0131 kaybeden 15 ya\u015f\u0131ndaki Maattia Ahmet Minguzzi&#8217;nin mezar\u0131n\u0131 tahrip eden \u015f\u00fcphelinin yakaland\u0131\u011f\u0131n\u0131 a\u00e7\u0131klad\u0131.\u00a0 \u200bHaberin Al\u0131nt\u0131land\u0131\u011f\u0131 Kaynak: www.antalyakorfez.com\" \/>\n<meta property=\"og:url\" content=\"http:\/\/denizcankizil.tr\/de\/haberler\/gundem\/maattia-ahmet-minguzzinin-mezarini-tahrip-eden-saldirgan-yakalandi\/\" \/>\n<meta property=\"og:site_name\" content=\"Av. Deniz Can K\u0131z\u0131l\" \/>\n<meta property=\"article:published_time\" content=\"2025-04-14T19:38:11+00:00\" \/>\n<meta name=\"author\" content=\"Antalya K\u00f6rfez\" \/>\n<meta name=\"twitter:card\" content=\"summary_large_image\" \/>\n<meta name=\"twitter:label1\" content=\"Verfasst von\" \/>\n\t<meta name=\"twitter:data1\" content=\"Antalya K\u00f6rfez\" \/>\n\t<meta name=\"twitter:label2\" content=\"Gesch\u00e4tzte Lesezeit\" \/>\n\t<meta name=\"twitter:data2\" content=\"1\u00a0Minute\" \/>\n<script type=\"application\/ld+json\" class=\"yoast-schema-graph\">{\"@context\":\"https:\/\/schema.org\",\"@graph\":[{\"@type\":\"Article\",\"@id\":\"http:\/\/denizcankizil.tr\/en\/haberler\/gundem\/maattia-ahmet-minguzzinin-mezarini-tahrip-eden-saldirgan-yakalandi\/#article\",\"isPartOf\":{\"@id\":\"http:\/\/denizcankizil.tr\/en\/haberler\/gundem\/maattia-ahmet-minguzzinin-mezarini-tahrip-eden-saldirgan-yakalandi\/\"},\"author\":{\"name\":\"Antalya K\u00f6rfez\",\"@id\":\"https:\/\/denizcankizil.tr\/de\/#\/schema\/person\/e1eb71bb4dd684d46563f0af307e1234\"},\"headline\":\"Maattia Ahmet Minguzzi&#8217;nin mezar\u0131n\u0131 tahrip eden sald\u0131rgan yakaland\u0131\",\"datePublished\":\"2025-04-14T19:38:11+00:00\",\"mainEntityOfPage\":{\"@id\":\"http:\/\/denizcankizil.tr\/en\/haberler\/gundem\/maattia-ahmet-minguzzinin-mezarini-tahrip-eden-saldirgan-yakalandi\/\"},\"wordCount\":237,\"publisher\":{\"@id\":\"https:\/\/denizcankizil.tr\/de\/#organization\"},\"articleSection\":[\"G\u00fcndem\"],\"inLanguage\":\"de\"},{\"@type\":\"WebPage\",\"@id\":\"http:\/\/denizcankizil.tr\/en\/haberler\/gundem\/maattia-ahmet-minguzzinin-mezarini-tahrip-eden-saldirgan-yakalandi\/\",\"url\":\"http:\/\/denizcankizil.tr\/en\/haberler\/gundem\/maattia-ahmet-minguzzinin-mezarini-tahrip-eden-saldirgan-yakalandi\/\",\"name\":\"Maattia Ahmet Minguzzi'nin mezar\u0131n\u0131 tahrip eden sald\u0131rgan yakaland\u0131 - Av. Deniz Can K\u0131z\u0131l\",\"isPartOf\":{\"@id\":\"https:\/\/denizcankizil.tr\/de\/#website\"},\"datePublished\":\"2025-04-14T19:38:11+00:00\",\"breadcrumb\":{\"@id\":\"http:\/\/denizcankizil.tr\/en\/haberler\/gundem\/maattia-ahmet-minguzzinin-mezarini-tahrip-eden-saldirgan-yakalandi\/#breadcrumb\"},\"inLanguage\":\"de\",\"potentialAction\":[{\"@type\":\"ReadAction\",\"target\":[\"http:\/\/denizcankizil.tr\/en\/haberler\/gundem\/maattia-ahmet-minguzzinin-mezarini-tahrip-eden-saldirgan-yakalandi\/\"]}]},{\"@type\":\"BreadcrumbList\",\"@id\":\"http:\/\/denizcankizil.tr\/en\/haberler\/gundem\/maattia-ahmet-minguzzinin-mezarini-tahrip-eden-saldirgan-yakalandi\/#breadcrumb\",\"itemListElement\":[{\"@type\":\"ListItem\",\"position\":1,\"name\":\"Home\",\"item\":\"https:\/\/denizcankizil.tr\/de\/\"},{\"@type\":\"ListItem\",\"position\":2,\"name\":\"Maattia Ahmet Minguzzi&#8217;nin mezar\u0131n\u0131 tahrip eden sald\u0131rgan yakaland\u0131\"}]},{\"@type\":\"WebSite\",\"@id\":\"https:\/\/denizcankizil.tr\/de\/#website\",\"url\":\"https:\/\/denizcankizil.tr\/de\/\",\"name\":\"Av. Deniz Can K\u0131z\u0131l\",\"description\":\"Avukat Deniz Can K\u0131z\u0131l Antalya Barosu\",\"publisher\":{\"@id\":\"https:\/\/denizcankizil.tr\/de\/#organization\"},\"potentialAction\":[{\"@type\":\"SearchAction\",\"target\":{\"@type\":\"EntryPoint\",\"urlTemplate\":\"https:\/\/denizcankizil.tr\/de\/?s={search_term_string}\"},\"query-input\":{\"@type\":\"PropertyValueSpecification\",\"valueRequired\":true,\"valueName\":\"search_term_string\"}}],\"inLanguage\":\"de\"},{\"@type\":\"Organization\",\"@id\":\"https:\/\/denizcankizil.tr\/de\/#organization\",\"name\":\"Av. Deniz Can K\u0131z\u0131l\",\"url\":\"https:\/\/denizcankizil.tr\/de\/\",\"logo\":{\"@type\":\"ImageObject\",\"inLanguage\":\"de\",\"@id\":\"https:\/\/denizcankizil.tr\/de\/#\/schema\/logo\/image\/\",\"url\":\"http:\/\/denizcankizil.tr\/wp-content\/uploads\/2024\/10\/siyah-logo-svg.svg\",\"contentUrl\":\"http:\/\/denizcankizil.tr\/wp-content\/uploads\/2024\/10\/siyah-logo-svg.svg\",\"width\":1080,\"height\":1080,\"caption\":\"Av. Deniz Can K\u0131z\u0131l\"},\"image\":{\"@id\":\"https:\/\/denizcankizil.tr\/de\/#\/schema\/logo\/image\/\"}},{\"@type\":\"Person\",\"@id\":\"https:\/\/denizcankizil.tr\/de\/#\/schema\/person\/e1eb71bb4dd684d46563f0af307e1234\",\"name\":\"Antalya K\u00f6rfez\",\"image\":{\"@type\":\"ImageObject\",\"inLanguage\":\"de\",\"@id\":\"https:\/\/denizcankizil.tr\/de\/#\/schema\/person\/image\/\",\"url\":\"https:\/\/secure.gravatar.com\/avatar\/42b01982558a48a0b501fdcab6a408d3717ea5919095ee2e67b0e521799c5905?s=96&d=mm&r=g\",\"contentUrl\":\"https:\/\/secure.gravatar.com\/avatar\/42b01982558a48a0b501fdcab6a408d3717ea5919095ee2e67b0e521799c5905?s=96&d=mm&r=g\",\"caption\":\"Antalya K\u00f6rfez\"},\"sameAs\":[\"http:\/\/www.antalyakorfez.com\"],\"url\":\"https:\/\/www.antalyakorfez.com\/maattia-ahmet-minguzzinin-mezarini-tahrip-eden-saldirgan-yakalandi\"}]}<\/script>\n<!-- \/ Yoast SEO Premium plugin. -->","yoast_head_json":{"title":"Maattia Ahmet Minguzzi'nin mezar\u0131n\u0131 tahrip eden sald\u0131rgan yakaland\u0131 - Av. Deniz Can K\u0131z\u0131l","robots":{"index":"index","follow":"follow","max-snippet":"max-snippet:-1","max-image-preview":"max-image-preview:large","max-video-preview":"max-video-preview:-1"},"canonical":"http:\/\/denizcankizil.tr\/de\/haberler\/gundem\/maattia-ahmet-minguzzinin-mezarini-tahrip-eden-saldirgan-yakalandi\/","og_locale":"de_DE","og_type":"article","og_title":"Maattia Ahmet Minguzzi'nin mezar\u0131n\u0131 tahrip eden sald\u0131rgan yakaland\u0131","og_description":"\u0130stanbul&#8217;un Kad\u0131k\u00f6y il\u00e7esinde u\u011frad\u0131\u011f\u0131 b\u0131\u00e7akl\u0131 sald\u0131r\u0131 sonucu hayat\u0131n\u0131 kaybeden 15 ya\u015f\u0131ndaki Mattia Ahmet Minguzzi&#8217;nin Bak\u0131rk\u00f6y&#8217;deki mezar\u0131 tahrip edilip, \u00e7evresine zarar verilmi\u015fti. Kabristandaki mezar\u0131n talan edilmesi ile ilgili re&#8217;sen ba\u015flat\u0131lan soru\u015fturma devam ederken, faillerin yakalanmas\u0131 i\u00e7in \u0130stanbul Emniyet M\u00fcd\u00fcrl\u00fc\u011f\u00fc&#8217;nde \u00f6zel ekip olu\u015fturulmu\u015ftu. \u0130stanbul Emnyet M\u00fcd\u00fcrl\u00fc\u011f\u00fc&#8217;ne ba\u011fl\u0131 Asayi\u015f \u015eube Gasp B\u00fcro Amirli\u011fi ekipleri, \u0130stanbul \u0130stihbarat \u015eubenin de deste\u011fiyle yo\u011fun bir \u00e7al\u0131\u015fma y\u00fcr\u00fctm\u00fc\u015ft\u00fc. 15 YA\u015eINDAK\u0130 AHMET\u2019\u0130N MEZARINI TAHR\u0130P EDEN \u015e\u00dcPHEL\u0130 YAKALANDI \u0130\u00e7i\u015fleri Bakan\u0131 Ali Yerlikaya, Mattia Ahmet Minguzzi&#8217;nin mezar\u0131n\u0131 tahrip eden D.A. (67) adl\u0131 \u015f\u00fcphelinin yakaland\u0131\u011f\u0131n\u0131 a\u00e7\u0131klad\u0131. Bakan Yerlikaya a\u00e7\u0131klamas\u0131nda, &#8220;\u0130stanbul&#8217;da u\u011frad\u0131\u011f\u0131 b\u0131\u00e7akl\u0131 sald\u0131r\u0131 sonucu hayat\u0131n\u0131 kaybeden Mattia Ahmet Minguzzi evlad\u0131m\u0131z\u0131n mezar\u0131n\u0131n tahrip edilmesiyle ilgili \u0130stanbul Emniyet M\u00fcd\u00fcrl\u00fc\u011f\u00fcm\u00fcz\u00fcn yapt\u0131\u011f\u0131 \u00e7al\u0131\u015fmalar sonucunda 67 ya\u015f\u0131ndaki D.A. adl\u0131 \u015f\u00fcpheli \u015fah\u0131s yakalanarak g\u00f6zalt\u0131na al\u0131nd\u0131&#8221; ifadelerine yer verdi. \u200b\u0130\u00e7i\u015fleri Bakanl\u0131\u011f\u0131, Kad\u0131k\u00f6y&#8217;de u\u011frad\u0131\u011f\u0131 b\u0131\u00e7akl\u0131 sald\u0131r\u0131 sonucu hayat\u0131n\u0131 kaybeden 15 ya\u015f\u0131ndaki Maattia Ahmet Minguzzi&#8217;nin mezar\u0131n\u0131 tahrip eden \u015f\u00fcphelinin yakaland\u0131\u011f\u0131n\u0131 a\u00e7\u0131klad\u0131.\u00a0 \u200bHaberin Al\u0131nt\u0131land\u0131\u011f\u0131 Kaynak: www.antalyakorfez.com","og_url":"http:\/\/denizcankizil.tr\/de\/haberler\/gundem\/maattia-ahmet-minguzzinin-mezarini-tahrip-eden-saldirgan-yakalandi\/","og_site_name":"Av. Deniz Can K\u0131z\u0131l","article_published_time":"2025-04-14T19:38:11+00:00","author":"Antalya K\u00f6rfez","twitter_card":"summary_large_image","twitter_misc":{"Verfasst von":"Antalya K\u00f6rfez","Gesch\u00e4tzte Lesezeit":"1\u00a0Minute"},"schema":{"@context":"https:\/\/schema.org","@graph":[{"@type":"Article","@id":"http:\/\/denizcankizil.tr\/en\/haberler\/gundem\/maattia-ahmet-minguzzinin-mezarini-tahrip-eden-saldirgan-yakalandi\/#article","isPartOf":{"@id":"http:\/\/denizcankizil.tr\/en\/haberler\/gundem\/maattia-ahmet-minguzzinin-mezarini-tahrip-eden-saldirgan-yakalandi\/"},"author":{"name":"Antalya K\u00f6rfez","@id":"https:\/\/denizcankizil.tr\/de\/#\/schema\/person\/e1eb71bb4dd684d46563f0af307e1234"},"headline":"Maattia Ahmet Minguzzi&#8217;nin mezar\u0131n\u0131 tahrip eden sald\u0131rgan yakaland\u0131","datePublished":"2025-04-14T19:38:11+00:00","mainEntityOfPage":{"@id":"http:\/\/denizcankizil.tr\/en\/haberler\/gundem\/maattia-ahmet-minguzzinin-mezarini-tahrip-eden-saldirgan-yakalandi\/"},"wordCount":237,"publisher":{"@id":"https:\/\/denizcankizil.tr\/de\/#organization"},"articleSection":["G\u00fcndem"],"inLanguage":"de"},{"@type":"WebPage","@id":"http:\/\/denizcankizil.tr\/en\/haberler\/gundem\/maattia-ahmet-minguzzinin-mezarini-tahrip-eden-saldirgan-yakalandi\/","url":"http:\/\/denizcankizil.tr\/en\/haberler\/gundem\/maattia-ahmet-minguzzinin-mezarini-tahrip-eden-saldirgan-yakalandi\/","name":"Maattia Ahmet Minguzzi'nin mezar\u0131n\u0131 tahrip eden sald\u0131rgan yakaland\u0131 - Av. Deniz Can K\u0131z\u0131l","isPartOf":{"@id":"https:\/\/denizcankizil.tr\/de\/#website"},"datePublished":"2025-04-14T19:38:11+00:00","breadcrumb":{"@id":"http:\/\/denizcankizil.tr\/en\/haberler\/gundem\/maattia-ahmet-minguzzinin-mezarini-tahrip-eden-saldirgan-yakalandi\/#breadcrumb"},"inLanguage":"de","potentialAction":[{"@type":"ReadAction","target":["http:\/\/denizcankizil.tr\/en\/haberler\/gundem\/maattia-ahmet-minguzzinin-mezarini-tahrip-eden-saldirgan-yakalandi\/"]}]},{"@type":"BreadcrumbList","@id":"http:\/\/denizcankizil.tr\/en\/haberler\/gundem\/maattia-ahmet-minguzzinin-mezarini-tahrip-eden-saldirgan-yakalandi\/#breadcrumb","itemListElement":[{"@type":"ListItem","position":1,"name":"Home","item":"https:\/\/denizcankizil.tr\/de\/"},{"@type":"ListItem","position":2,"name":"Maattia Ahmet Minguzzi&#8217;nin mezar\u0131n\u0131 tahrip eden sald\u0131rgan yakaland\u0131"}]},{"@type":"WebSite","@id":"https:\/\/denizcankizil.tr\/de\/#website","url":"https:\/\/denizcankizil.tr\/de\/","name":"Av. Deniz Can K\u0131z\u0131l","description":"Avukat Deniz Can K\u0131z\u0131l Antalya Barosu","publisher":{"@id":"https:\/\/denizcankizil.tr\/de\/#organization"},"potentialAction":[{"@type":"SearchAction","target":{"@type":"EntryPoint","urlTemplate":"https:\/\/denizcankizil.tr\/de\/?s={search_term_string}"},"query-input":{"@type":"PropertyValueSpecification","valueRequired":true,"valueName":"search_term_string"}}],"inLanguage":"de"},{"@type":"Organization","@id":"https:\/\/denizcankizil.tr\/de\/#organization","name":"Av. Deniz Can K\u0131z\u0131l","url":"https:\/\/denizcankizil.tr\/de\/","logo":{"@type":"ImageObject","inLanguage":"de","@id":"https:\/\/denizcankizil.tr\/de\/#\/schema\/logo\/image\/","url":"http:\/\/denizcankizil.tr\/wp-content\/uploads\/2024\/10\/siyah-logo-svg.svg","contentUrl":"http:\/\/denizcankizil.tr\/wp-content\/uploads\/2024\/10\/siyah-logo-svg.svg","width":1080,"height":1080,"caption":"Av. Deniz Can K\u0131z\u0131l"},"image":{"@id":"https:\/\/denizcankizil.tr\/de\/#\/schema\/logo\/image\/"}},{"@type":"Person","@id":"https:\/\/denizcankizil.tr\/de\/#\/schema\/person\/e1eb71bb4dd684d46563f0af307e1234","name":"Antalya K\u00f6rfez","image":{"@type":"ImageObject","inLanguage":"de","@id":"https:\/\/denizcankizil.tr\/de\/#\/schema\/person\/image\/","url":"https:\/\/secure.gravatar.com\/avatar\/42b01982558a48a0b501fdcab6a408d3717ea5919095ee2e67b0e521799c5905?s=96&d=mm&r=g","contentUrl":"https:\/\/secure.gravatar.com\/avatar\/42b01982558a48a0b501fdcab6a408d3717ea5919095ee2e67b0e521799c5905?s=96&d=mm&r=g","caption":"Antalya K\u00f6rfez"},"sameAs":["http:\/\/www.antalyakorfez.com"],"url":"https:\/\/www.antalyakorfez.com\/maattia-ahmet-minguzzinin-mezarini-tahrip-eden-saldirgan-yakalandi"}]}},"_links":{"self":[{"href":"http:\/\/denizcankizil.tr\/de\/wp-json\/wp\/v2\/posts\/55728","targetHints":{"allow":["GET"]}}],"collection":[{"href":"http:\/\/denizcankizil.tr\/de\/wp-json\/wp\/v2\/posts"}],"about":[{"href":"http:\/\/denizcankizil.tr\/de\/wp-json\/wp\/v2\/types\/post"}],"author":[{"embeddable":true,"href":"http:\/\/denizcankizil.tr\/de\/wp-json\/wp\/v2\/users\/5"}],"replies":[{"embeddable":true,"href":"http:\/\/denizcankizil.tr\/de\/wp-json\/wp\/v2\/comments?post=55728"}],"version-history":[{"count":0,"href":"http:\/\/denizcankizil.tr\/de\/wp-json\/wp\/v2\/posts\/55728\/revisions"}],"wp:attachment":[{"href":"http:\/\/denizcankizil.tr\/de\/wp-json\/wp\/v2\/media?parent=55728"}],"wp:term":[{"taxonomy":"category","embeddable":true,"href":"http:\/\/denizcankizil.tr\/de\/wp-json\/wp\/v2\/categories?post=55728"},{"taxonomy":"post_tag","embeddable":true,"href":"http:\/\/denizcankizil.tr\/de\/wp-json\/wp\/v2\/tags?post=55728"}],"curies":[{"name":"wp","href":"https:\/\/api.w.org\/{rel}","templated":true}]}}