{"id":54397,"date":"2025-04-13T14:41:25","date_gmt":"2025-04-13T11:41:25","guid":{"rendered":"https:\/\/denizcankizil.tr\/uncategorized-tr\/aciyi-bal-eyleyen-ilacini-acilardan-cikaran-cografyanin-kapisi\/"},"modified":"2025-04-13T14:41:25","modified_gmt":"2025-04-13T11:41:25","slug":"aciyi-bal-eyleyen-ilacini-acilardan-cikaran-cografyanin-kapisi","status":"publish","type":"post","link":"http:\/\/denizcankizil.tr\/de\/haberler\/gundem\/aciyi-bal-eyleyen-ilacini-acilardan-cikaran-cografyanin-kapisi\/","title":{"rendered":"Ac\u0131y\u0131 bal eyleyen, ilac\u0131n\u0131 ac\u0131lardan \u00e7\u0131karan co\u011frafyan\u0131n kap\u0131s\u0131"},"content":{"rendered":"<p>Notlar\u0131m aras\u0131nda buldum bu yaz\u0131y\u0131. Tekrar okudu\u011fumda da, yaz\u0131y\u0131 notlar aras\u0131nda unutarak haks\u0131zl\u0131k etti\u011fimi fark ettim.<br \/>\n4 y\u0131l \u00f6nce kaleme ald\u0131\u011f\u0131m bu metini okuyunca, \u201cDemek ki g\u00fcn y\u00fcz\u00fcne \u00e7\u0131kmak i\u00e7in bug\u00fcn\u00fc bekliyormu\u015f\u201d diye kendi kendime bir me\u015fruiyet sa\u011flad\u0131m.<\/p>\n<p>D\u00f6rt y\u0131l \u00f6ncesinden gelen bu yaz\u0131, dilerim bu g\u00fczel pazar g\u00fcn\u00fcnde son c\u00fcmlesindeki \u00f6neriyi de ya\u015fama ge\u00e7irtir.<\/p>\n<p>Buyurun unutulmu\u015f yaz\u0131ya\u2026<\/p>\n<p>Ceviz a\u011fac\u0131ndan, iki kanatl\u0131 bir kap\u0131. El yap\u0131m\u0131. \u00dczerine, bir \u00e7ift nar a\u011fac\u0131 (hayat a\u011fac\u0131 olarak da bilinir), bir \u00e7ift g\u00fcvercin (birinin a\u011fz\u0131nda zeytin dal\u0131) ve bir \u00e7ift su damlas\u0131 motifi vard\u0131r. Her motifin bir \u00e7ift olmas\u0131, iki kanada da ayr\u0131 ayr\u0131 i\u015flenmesinden kaynakl\u0131. Motifler, kadim Anadolu topra\u011f\u0131nda b\u00fct\u00fcn k\u00fclt\u00fcrlerin ortak motifleri.<\/p>\n<p>Kap\u0131y\u0131 yapan usta Mardinli. Bir marangoz. Daha do\u011frusu, oyma ustas\u0131. Bir zamanlar bu topraklarda b\u00f6yle ustalar vard\u0131. O\u011flu ile birlikte yapm\u0131\u015flar bu kap\u0131y\u0131. Her bir santimetre karesinde, motiflerdeki her k\u0131vr\u0131mda binlerce y\u0131l\u0131n biriktirdi\u011fi el eme\u011fi, g\u00f6z nuru var. Kap\u0131n\u0131n tak\u0131ld\u0131\u011f\u0131 yap\u0131, ta\u015f bir k\u00f6y evi. Yap\u0131da kullan\u0131lan ta\u015flar, Ermeni ta\u015f ustalar\u0131n\u0131n elinden \u00e7\u0131kma. Onlar da ayn\u0131 kap\u0131 gibi. Binlerce y\u0131l\u0131n hasretini bug\u00fcnlere ta\u015f\u0131yan abideler. <\/p>\n<p>Ustan\u0131n o\u011flu bir gece g\u00f6t\u00fcr\u00fcl\u00fcr ve bir daha d\u00f6nmez. Usta anlam\u0131\u015ft\u0131r olanlar\u0131. Yok saymak, kabul etmemek i\u00e7in atar kendisini Almanya\u2019ya. Orada bir ya\u015fam kurar. 25 y\u0131l boyunca.<\/p>\n<p>Bir g\u00fcn, gelen bir telefonla, kabuk ba\u011flam\u0131\u015f gibi g\u00f6r\u00fcnen ama alttan alttan s\u0131zlayan yara yeniden a\u00e7\u0131l\u0131r. O\u011flu\u2019nun kemikleri, bir kuyuda bulunmu\u015ftur. T\u00fcrkiye\u2019ye, Mardin\u2019e d\u00f6ner kar\u0131s\u0131 ile ve evlerindeki kap\u0131n\u0131n \u00e7al\u0131nm\u0131\u015f oldu\u011funu fark eder, kap\u0131n\u0131n pe\u015fine d\u00fc\u015fer.<\/p>\n<p>Sineman\u0131n her zaman efsunlu taraf\u0131n\u0131 sevdim. Masals\u0131, destans\u0131 anlat\u0131s\u0131n\u0131. Ger\u00e7e\u011fi, yal\u0131n, \u00e7\u0131plak, sert ger\u00e7e\u011fi destans\u0131 bir ger\u00e7ek\u00fcst\u00fcl\u00fc\u011fe ta\u015f\u0131yan filmler tercihim oldu hep. Kap\u0131da da bu hissi ya\u015fay\u0131nca daha bir anlad\u0131m, \u201cac\u0131y\u0131 bal eylemenin\u201d ne demek oldu\u011funu. \u201cAc\u0131lardan ilac\u0131n nas\u0131l \u00e7\u0131kar\u0131ld\u0131\u011f\u0131n\u0131\u201d. Filmin finalinde, kap\u0131n\u0131n bir kanad\u0131n\u0131n o\u011flunun tabutunun kapa\u011f\u0131 oldu\u011funu g\u00f6rd\u00fc\u011f\u00fcmde darmada\u011f\u0131n oldum. Bildi\u011fimi sand\u0131\u011f\u0131m ger\u00e7ekler, masals\u0131 ger\u00e7ekli\u011fin i\u00e7inde parampar\u00e7a olup bamba\u015fka bir \u015fekle b\u00fcr\u00fcnd\u00fcler. Belki de bu sefer, ger\u00e7ekten ger\u00e7ek oldular. Kim bilir.<\/p>\n<p>Sinemada bazen masals\u0131 ger\u00e7ekler, sert ger\u00e7eklerden daha sert olabiliyor.<\/p>\n<p>Demem o ki; filmin ad\u0131, Kap\u0131. Mutlaka izleyin\u2026<\/p>\n<p>\u200bNotlar\u0131m aras\u0131nda buldum bu yaz\u0131y\u0131. Tekrar okudu\u011fumda da, yaz\u0131y\u0131 notlar aras\u0131nda unutarak haks\u0131zl\u0131k etti\u011fimi fark ettim.<br \/>\n4 y\u0131l \u00f6nce kaleme ald\u0131\u011f\u0131m bu metini okuyunca, \u201cDemek ki g\u00fcn y\u00fcz\u00fcne \u00e7\u0131kmak i\u00e7in bug\u00fcn\u00fc bekliyormu\u015f\u201d diye kendi kendime bir me\u015fruiyet sa\u011flad\u0131m.<\/p>\n<p>D\u00f6rt y\u0131l \u00f6ncesinden gelen bu yaz\u0131, dilerim bu g\u00fczel pazar g\u00fcn\u00fcnde son c\u00fcmlesindeki \u00f6neriyi de ya\u015fama ge\u00e7irtir.<\/p>\n<p>Buyurun unutulmu\u015f yaz\u0131ya\u2026<\/p>\n<p>Ceviz a\u011fac\u0131ndan, iki kanatl\u0131 bir kap\u0131. El yap\u0131m\u0131. \u00dczerine, bir \u00e7ift nar a\u011fac\u0131 (hayat a\u011fac\u0131 olarak da bilinir), bir \u00e7ift g\u00fcvercin (birinin a\u011fz\u0131nda zeytin dal\u0131) ve bir \u00e7ift su damlas\u0131 motifi vard\u0131r. Her motifin bir \u00e7ift olmas\u0131, iki kanada da ayr\u0131 ayr\u0131 i\u015flenmesinden kaynakl\u0131. Motifler, kadim Anadolu topra\u011f\u0131nda b\u00fct\u00fcn k\u00fclt\u00fcrlerin ortak motifleri.<\/p>\n<p>Kap\u0131y\u0131 yapan usta Mardinli. Bir marangoz. Daha do\u011frusu, oyma ustas\u0131. Bir zamanlar bu topraklarda b\u00f6yle ustalar vard\u0131. O\u011flu ile birlikte yapm\u0131\u015flar bu kap\u0131y\u0131. Her bir santimetre karesinde, motiflerdeki her k\u0131vr\u0131mda binlerce y\u0131l\u0131n biriktirdi\u011fi el eme\u011fi, g\u00f6z nuru var. Kap\u0131n\u0131n tak\u0131ld\u0131\u011f\u0131 yap\u0131, ta\u015f bir k\u00f6y evi. Yap\u0131da kullan\u0131lan ta\u015flar, Ermeni ta\u015f ustalar\u0131n\u0131n elinden \u00e7\u0131kma. Onlar da ayn\u0131 kap\u0131 gibi. Binlerce y\u0131l\u0131n hasretini bug\u00fcnlere ta\u015f\u0131yan abideler. <\/p>\n<p>Ustan\u0131n o\u011flu bir gece g\u00f6t\u00fcr\u00fcl\u00fcr ve bir daha d\u00f6nmez. Usta anlam\u0131\u015ft\u0131r olanlar\u0131. Yok saymak, kabul etmemek i\u00e7in atar kendisini Almanya\u2019ya. Orada bir ya\u015fam kurar. 25 y\u0131l boyunca.<\/p>\n<p>Bir g\u00fcn, gelen bir telefonla, kabuk ba\u011flam\u0131\u015f gibi g\u00f6r\u00fcnen ama alttan alttan s\u0131zlayan yara yeniden a\u00e7\u0131l\u0131r. O\u011flu\u2019nun kemikleri, bir kuyuda bulunmu\u015ftur. T\u00fcrkiye\u2019ye, Mardin\u2019e d\u00f6ner kar\u0131s\u0131 ile ve evlerindeki kap\u0131n\u0131n \u00e7al\u0131nm\u0131\u015f oldu\u011funu fark eder, kap\u0131n\u0131n pe\u015fine d\u00fc\u015fer.<\/p>\n<p>Sineman\u0131n her zaman efsunlu taraf\u0131n\u0131 sevdim. Masals\u0131, destans\u0131 anlat\u0131s\u0131n\u0131. Ger\u00e7e\u011fi, yal\u0131n, \u00e7\u0131plak, sert ger\u00e7e\u011fi destans\u0131 bir ger\u00e7ek\u00fcst\u00fcl\u00fc\u011fe ta\u015f\u0131yan filmler tercihim oldu hep. Kap\u0131da da bu hissi ya\u015fay\u0131nca daha bir anlad\u0131m, \u201cac\u0131y\u0131 bal eylemenin\u201d ne demek oldu\u011funu. \u201cAc\u0131lardan ilac\u0131n nas\u0131l \u00e7\u0131kar\u0131ld\u0131\u011f\u0131n\u0131\u201d. Filmin finalinde, kap\u0131n\u0131n bir kanad\u0131n\u0131n o\u011flunun tabutunun kapa\u011f\u0131 oldu\u011funu g\u00f6rd\u00fc\u011f\u00fcmde darmada\u011f\u0131n oldum. Bildi\u011fimi sand\u0131\u011f\u0131m ger\u00e7ekler, masals\u0131 ger\u00e7ekli\u011fin i\u00e7inde parampar\u00e7a olup bamba\u015fka bir \u015fekle b\u00fcr\u00fcnd\u00fcler. Belki de bu sefer, ger\u00e7ekten ger\u00e7ek oldular. Kim bilir.<\/p>\n<p>Sinemada bazen masals\u0131 ger\u00e7ekler, sert ger\u00e7eklerden daha sert olabiliyor.<\/p>\n<p>Demem o ki; filmin ad\u0131, Kap\u0131. Mutlaka izleyin\u2026\u00a0<\/p>\n<p>\u200bHaberin Al\u0131nt\u0131land\u0131\u011f\u0131 Kaynak: www.antalyakorfez.com<\/p>","protected":false},"excerpt":{"rendered":"<p>Notlar\u0131m aras\u0131nda buldum bu yaz\u0131y\u0131. Tekrar okudu\u011fumda da, yaz\u0131y\u0131 notlar aras\u0131nda unutarak haks\u0131zl\u0131k etti\u011fimi fark ettim. 4 y\u0131l \u00f6nce kaleme ald\u0131\u011f\u0131m bu metini okuyunca, \u201cDemek ki g\u00fcn y\u00fcz\u00fcne \u00e7\u0131kmak i\u00e7in bug\u00fcn\u00fc bekliyormu\u015f\u201d diye kendi kendime bir me\u015fruiyet sa\u011flad\u0131m. D\u00f6rt y\u0131l \u00f6ncesinden gelen bu yaz\u0131, dilerim bu g\u00fczel pazar g\u00fcn\u00fcnde son c\u00fcmlesindeki \u00f6neriyi de ya\u015fama ge\u00e7irtir. Buyurun unutulmu\u015f yaz\u0131ya\u2026 Ceviz a\u011fac\u0131ndan, iki kanatl\u0131 bir kap\u0131. El yap\u0131m\u0131. \u00dczerine, bir \u00e7ift nar a\u011fac\u0131 (hayat a\u011fac\u0131 olarak da bilinir), bir \u00e7ift g\u00fcvercin (birinin a\u011fz\u0131nda zeytin dal\u0131) ve bir \u00e7ift su damlas\u0131 motifi vard\u0131r. Her motifin bir \u00e7ift olmas\u0131, iki kanada da ayr\u0131 ayr\u0131 i\u015flenmesinden kaynakl\u0131. Motifler, kadim Anadolu topra\u011f\u0131nda b\u00fct\u00fcn k\u00fclt\u00fcrlerin ortak motifleri. Kap\u0131y\u0131 yapan usta Mardinli. Bir marangoz. Daha do\u011frusu, oyma ustas\u0131. Bir zamanlar bu topraklarda b\u00f6yle ustalar vard\u0131. O\u011flu ile birlikte yapm\u0131\u015flar bu kap\u0131y\u0131. Her bir santimetre karesinde, motiflerdeki her k\u0131vr\u0131mda binlerce y\u0131l\u0131n biriktirdi\u011fi el eme\u011fi, g\u00f6z nuru var. Kap\u0131n\u0131n tak\u0131ld\u0131\u011f\u0131 yap\u0131, ta\u015f bir k\u00f6y evi. Yap\u0131da kullan\u0131lan ta\u015flar, Ermeni ta\u015f ustalar\u0131n\u0131n elinden \u00e7\u0131kma. Onlar da ayn\u0131 kap\u0131 gibi. Binlerce y\u0131l\u0131n hasretini bug\u00fcnlere ta\u015f\u0131yan abideler. Ustan\u0131n o\u011flu bir gece g\u00f6t\u00fcr\u00fcl\u00fcr ve bir daha d\u00f6nmez. Usta anlam\u0131\u015ft\u0131r olanlar\u0131. Yok saymak, kabul etmemek i\u00e7in atar kendisini Almanya\u2019ya. Orada bir ya\u015fam kurar. 25 y\u0131l &hellip;<\/p>","protected":false},"author":5,"featured_media":0,"comment_status":"","ping_status":"open","sticky":false,"template":"","format":"standard","meta":{"_acf_changed":false,"footnotes":""},"categories":[24],"tags":[],"class_list":["post-54397","post","type-post","status-publish","format-standard","has-post-thumbnail","hentry","category-gundem"],"acf":[],"yoast_head":"<!-- This site is optimized with the Yoast SEO Premium plugin v26.6 (Yoast SEO v27.1.1) - https:\/\/yoast.com\/product\/yoast-seo-premium-wordpress\/ -->\n<title>Ac\u0131y\u0131 bal eyleyen, ilac\u0131n\u0131 ac\u0131lardan \u00e7\u0131karan co\u011frafyan\u0131n kap\u0131s\u0131 - Av. Deniz Can K\u0131z\u0131l<\/title>\n<meta name=\"robots\" content=\"index, follow, max-snippet:-1, max-image-preview:large, max-video-preview:-1\" \/>\n<link rel=\"canonical\" href=\"http:\/\/denizcankizil.tr\/de\/haberler\/gundem\/aciyi-bal-eyleyen-ilacini-acilardan-cikaran-cografyanin-kapisi\/\" \/>\n<meta property=\"og:locale\" content=\"de_DE\" \/>\n<meta property=\"og:type\" content=\"article\" \/>\n<meta property=\"og:title\" content=\"Ac\u0131y\u0131 bal eyleyen, ilac\u0131n\u0131 ac\u0131lardan \u00e7\u0131karan co\u011frafyan\u0131n kap\u0131s\u0131\" \/>\n<meta property=\"og:description\" content=\"Notlar\u0131m aras\u0131nda buldum bu yaz\u0131y\u0131. Tekrar okudu\u011fumda da, yaz\u0131y\u0131 notlar aras\u0131nda unutarak haks\u0131zl\u0131k etti\u011fimi fark ettim. 4 y\u0131l \u00f6nce kaleme ald\u0131\u011f\u0131m bu metini okuyunca, \u201cDemek ki g\u00fcn y\u00fcz\u00fcne \u00e7\u0131kmak i\u00e7in bug\u00fcn\u00fc bekliyormu\u015f\u201d diye kendi kendime bir me\u015fruiyet sa\u011flad\u0131m. D\u00f6rt y\u0131l \u00f6ncesinden gelen bu yaz\u0131, dilerim bu g\u00fczel pazar g\u00fcn\u00fcnde son c\u00fcmlesindeki \u00f6neriyi de ya\u015fama ge\u00e7irtir. Buyurun unutulmu\u015f yaz\u0131ya\u2026 Ceviz a\u011fac\u0131ndan, iki kanatl\u0131 bir kap\u0131. El yap\u0131m\u0131. \u00dczerine, bir \u00e7ift nar a\u011fac\u0131 (hayat a\u011fac\u0131 olarak da bilinir), bir \u00e7ift g\u00fcvercin (birinin a\u011fz\u0131nda zeytin dal\u0131) ve bir \u00e7ift su damlas\u0131 motifi vard\u0131r. Her motifin bir \u00e7ift olmas\u0131, iki kanada da ayr\u0131 ayr\u0131 i\u015flenmesinden kaynakl\u0131. Motifler, kadim Anadolu topra\u011f\u0131nda b\u00fct\u00fcn k\u00fclt\u00fcrlerin ortak motifleri. Kap\u0131y\u0131 yapan usta Mardinli. Bir marangoz. Daha do\u011frusu, oyma ustas\u0131. Bir zamanlar bu topraklarda b\u00f6yle ustalar vard\u0131. O\u011flu ile birlikte yapm\u0131\u015flar bu kap\u0131y\u0131. Her bir santimetre karesinde, motiflerdeki her k\u0131vr\u0131mda binlerce y\u0131l\u0131n biriktirdi\u011fi el eme\u011fi, g\u00f6z nuru var. Kap\u0131n\u0131n tak\u0131ld\u0131\u011f\u0131 yap\u0131, ta\u015f bir k\u00f6y evi. Yap\u0131da kullan\u0131lan ta\u015flar, Ermeni ta\u015f ustalar\u0131n\u0131n elinden \u00e7\u0131kma. Onlar da ayn\u0131 kap\u0131 gibi. Binlerce y\u0131l\u0131n hasretini bug\u00fcnlere ta\u015f\u0131yan abideler. Ustan\u0131n o\u011flu bir gece g\u00f6t\u00fcr\u00fcl\u00fcr ve bir daha d\u00f6nmez. Usta anlam\u0131\u015ft\u0131r olanlar\u0131. Yok saymak, kabul etmemek i\u00e7in atar kendisini Almanya\u2019ya. Orada bir ya\u015fam kurar. 25 y\u0131l &hellip;\" \/>\n<meta property=\"og:url\" content=\"http:\/\/denizcankizil.tr\/de\/haberler\/gundem\/aciyi-bal-eyleyen-ilacini-acilardan-cikaran-cografyanin-kapisi\/\" \/>\n<meta property=\"og:site_name\" content=\"Av. Deniz Can K\u0131z\u0131l\" \/>\n<meta property=\"article:published_time\" content=\"2025-04-13T11:41:25+00:00\" \/>\n<meta name=\"author\" content=\"Antalya K\u00f6rfez\" \/>\n<meta name=\"twitter:card\" content=\"summary_large_image\" \/>\n<meta name=\"twitter:label1\" content=\"Verfasst von\" \/>\n\t<meta name=\"twitter:data1\" content=\"Antalya K\u00f6rfez\" \/>\n\t<meta name=\"twitter:label2\" content=\"Gesch\u00e4tzte Lesezeit\" \/>\n\t<meta name=\"twitter:data2\" content=\"5\u00a0Minuten\" \/>\n<script type=\"application\/ld+json\" class=\"yoast-schema-graph\">{\"@context\":\"https:\/\/schema.org\",\"@graph\":[{\"@type\":\"Article\",\"@id\":\"http:\/\/denizcankizil.tr\/de\/haberler\/gundem\/aciyi-bal-eyleyen-ilacini-acilardan-cikaran-cografyanin-kapisi\/#article\",\"isPartOf\":{\"@id\":\"http:\/\/denizcankizil.tr\/de\/haberler\/gundem\/aciyi-bal-eyleyen-ilacini-acilardan-cikaran-cografyanin-kapisi\/\"},\"author\":{\"name\":\"Antalya K\u00f6rfez\",\"@id\":\"https:\/\/denizcankizil.tr\/#\/schema\/person\/e1eb71bb4dd684d46563f0af307e1234\"},\"headline\":\"Ac\u0131y\u0131 bal eyleyen, ilac\u0131n\u0131 ac\u0131lardan \u00e7\u0131karan co\u011frafyan\u0131n kap\u0131s\u0131\",\"datePublished\":\"2025-04-13T11:41:25+00:00\",\"mainEntityOfPage\":{\"@id\":\"http:\/\/denizcankizil.tr\/de\/haberler\/gundem\/aciyi-bal-eyleyen-ilacini-acilardan-cikaran-cografyanin-kapisi\/\"},\"wordCount\":980,\"publisher\":{\"@id\":\"https:\/\/denizcankizil.tr\/#organization\"},\"articleSection\":[\"G\u00fcndem\"],\"inLanguage\":\"de\"},{\"@type\":\"WebPage\",\"@id\":\"http:\/\/denizcankizil.tr\/de\/haberler\/gundem\/aciyi-bal-eyleyen-ilacini-acilardan-cikaran-cografyanin-kapisi\/\",\"url\":\"http:\/\/denizcankizil.tr\/de\/haberler\/gundem\/aciyi-bal-eyleyen-ilacini-acilardan-cikaran-cografyanin-kapisi\/\",\"name\":\"Ac\u0131y\u0131 bal eyleyen, ilac\u0131n\u0131 ac\u0131lardan \u00e7\u0131karan co\u011frafyan\u0131n kap\u0131s\u0131 - Av. Deniz Can K\u0131z\u0131l\",\"isPartOf\":{\"@id\":\"https:\/\/denizcankizil.tr\/#website\"},\"datePublished\":\"2025-04-13T11:41:25+00:00\",\"breadcrumb\":{\"@id\":\"http:\/\/denizcankizil.tr\/de\/haberler\/gundem\/aciyi-bal-eyleyen-ilacini-acilardan-cikaran-cografyanin-kapisi\/#breadcrumb\"},\"inLanguage\":\"de\",\"potentialAction\":[{\"@type\":\"ReadAction\",\"target\":[\"http:\/\/denizcankizil.tr\/de\/haberler\/gundem\/aciyi-bal-eyleyen-ilacini-acilardan-cikaran-cografyanin-kapisi\/\"]}]},{\"@type\":\"BreadcrumbList\",\"@id\":\"http:\/\/denizcankizil.tr\/de\/haberler\/gundem\/aciyi-bal-eyleyen-ilacini-acilardan-cikaran-cografyanin-kapisi\/#breadcrumb\",\"itemListElement\":[{\"@type\":\"ListItem\",\"position\":1,\"name\":\"Home\",\"item\":\"https:\/\/denizcankizil.tr\/de\/\"},{\"@type\":\"ListItem\",\"position\":2,\"name\":\"Ac\u0131y\u0131 bal eyleyen, ilac\u0131n\u0131 ac\u0131lardan \u00e7\u0131karan co\u011frafyan\u0131n kap\u0131s\u0131\"}]},{\"@type\":\"WebSite\",\"@id\":\"https:\/\/denizcankizil.tr\/#website\",\"url\":\"https:\/\/denizcankizil.tr\/\",\"name\":\"Av. Deniz Can K\u0131z\u0131l\",\"description\":\"Avukat Deniz Can K\u0131z\u0131l Antalya Barosu\",\"publisher\":{\"@id\":\"https:\/\/denizcankizil.tr\/#organization\"},\"potentialAction\":[{\"@type\":\"SearchAction\",\"target\":{\"@type\":\"EntryPoint\",\"urlTemplate\":\"https:\/\/denizcankizil.tr\/?s={search_term_string}\"},\"query-input\":{\"@type\":\"PropertyValueSpecification\",\"valueRequired\":true,\"valueName\":\"search_term_string\"}}],\"inLanguage\":\"de\"},{\"@type\":\"Organization\",\"@id\":\"https:\/\/denizcankizil.tr\/#organization\",\"name\":\"Av. Deniz Can K\u0131z\u0131l\",\"url\":\"https:\/\/denizcankizil.tr\/\",\"logo\":{\"@type\":\"ImageObject\",\"inLanguage\":\"de\",\"@id\":\"https:\/\/denizcankizil.tr\/#\/schema\/logo\/image\/\",\"url\":\"http:\/\/denizcankizil.tr\/wp-content\/uploads\/2024\/10\/siyah-logo-svg.svg\",\"contentUrl\":\"http:\/\/denizcankizil.tr\/wp-content\/uploads\/2024\/10\/siyah-logo-svg.svg\",\"width\":1080,\"height\":1080,\"caption\":\"Av. Deniz Can K\u0131z\u0131l\"},\"image\":{\"@id\":\"https:\/\/denizcankizil.tr\/#\/schema\/logo\/image\/\"}},{\"@type\":\"Person\",\"@id\":\"https:\/\/denizcankizil.tr\/#\/schema\/person\/e1eb71bb4dd684d46563f0af307e1234\",\"name\":\"Antalya K\u00f6rfez\",\"image\":{\"@type\":\"ImageObject\",\"inLanguage\":\"de\",\"@id\":\"https:\/\/denizcankizil.tr\/#\/schema\/person\/image\/\",\"url\":\"https:\/\/secure.gravatar.com\/avatar\/42b01982558a48a0b501fdcab6a408d3717ea5919095ee2e67b0e521799c5905?s=96&d=mm&r=g\",\"contentUrl\":\"https:\/\/secure.gravatar.com\/avatar\/42b01982558a48a0b501fdcab6a408d3717ea5919095ee2e67b0e521799c5905?s=96&d=mm&r=g\",\"caption\":\"Antalya K\u00f6rfez\"},\"sameAs\":[\"http:\/\/www.antalyakorfez.com\"],\"url\":\"https:\/\/www.antalyakorfez.com\/aciyi-bal-eyleyen-ilacini-acilardan-cikaran-cografyanin-kapisi\"}]}<\/script>\n<!-- \/ Yoast SEO Premium plugin. -->","yoast_head_json":{"title":"Ac\u0131y\u0131 bal eyleyen, ilac\u0131n\u0131 ac\u0131lardan \u00e7\u0131karan co\u011frafyan\u0131n kap\u0131s\u0131 - Av. Deniz Can K\u0131z\u0131l","robots":{"index":"index","follow":"follow","max-snippet":"max-snippet:-1","max-image-preview":"max-image-preview:large","max-video-preview":"max-video-preview:-1"},"canonical":"http:\/\/denizcankizil.tr\/de\/haberler\/gundem\/aciyi-bal-eyleyen-ilacini-acilardan-cikaran-cografyanin-kapisi\/","og_locale":"de_DE","og_type":"article","og_title":"Ac\u0131y\u0131 bal eyleyen, ilac\u0131n\u0131 ac\u0131lardan \u00e7\u0131karan co\u011frafyan\u0131n kap\u0131s\u0131","og_description":"Notlar\u0131m aras\u0131nda buldum bu yaz\u0131y\u0131. Tekrar okudu\u011fumda da, yaz\u0131y\u0131 notlar aras\u0131nda unutarak haks\u0131zl\u0131k etti\u011fimi fark ettim. 4 y\u0131l \u00f6nce kaleme ald\u0131\u011f\u0131m bu metini okuyunca, \u201cDemek ki g\u00fcn y\u00fcz\u00fcne \u00e7\u0131kmak i\u00e7in bug\u00fcn\u00fc bekliyormu\u015f\u201d diye kendi kendime bir me\u015fruiyet sa\u011flad\u0131m. D\u00f6rt y\u0131l \u00f6ncesinden gelen bu yaz\u0131, dilerim bu g\u00fczel pazar g\u00fcn\u00fcnde son c\u00fcmlesindeki \u00f6neriyi de ya\u015fama ge\u00e7irtir. Buyurun unutulmu\u015f yaz\u0131ya\u2026 Ceviz a\u011fac\u0131ndan, iki kanatl\u0131 bir kap\u0131. El yap\u0131m\u0131. \u00dczerine, bir \u00e7ift nar a\u011fac\u0131 (hayat a\u011fac\u0131 olarak da bilinir), bir \u00e7ift g\u00fcvercin (birinin a\u011fz\u0131nda zeytin dal\u0131) ve bir \u00e7ift su damlas\u0131 motifi vard\u0131r. Her motifin bir \u00e7ift olmas\u0131, iki kanada da ayr\u0131 ayr\u0131 i\u015flenmesinden kaynakl\u0131. Motifler, kadim Anadolu topra\u011f\u0131nda b\u00fct\u00fcn k\u00fclt\u00fcrlerin ortak motifleri. Kap\u0131y\u0131 yapan usta Mardinli. Bir marangoz. Daha do\u011frusu, oyma ustas\u0131. Bir zamanlar bu topraklarda b\u00f6yle ustalar vard\u0131. O\u011flu ile birlikte yapm\u0131\u015flar bu kap\u0131y\u0131. Her bir santimetre karesinde, motiflerdeki her k\u0131vr\u0131mda binlerce y\u0131l\u0131n biriktirdi\u011fi el eme\u011fi, g\u00f6z nuru var. Kap\u0131n\u0131n tak\u0131ld\u0131\u011f\u0131 yap\u0131, ta\u015f bir k\u00f6y evi. Yap\u0131da kullan\u0131lan ta\u015flar, Ermeni ta\u015f ustalar\u0131n\u0131n elinden \u00e7\u0131kma. Onlar da ayn\u0131 kap\u0131 gibi. Binlerce y\u0131l\u0131n hasretini bug\u00fcnlere ta\u015f\u0131yan abideler. Ustan\u0131n o\u011flu bir gece g\u00f6t\u00fcr\u00fcl\u00fcr ve bir daha d\u00f6nmez. Usta anlam\u0131\u015ft\u0131r olanlar\u0131. Yok saymak, kabul etmemek i\u00e7in atar kendisini Almanya\u2019ya. Orada bir ya\u015fam kurar. 25 y\u0131l &hellip;","og_url":"http:\/\/denizcankizil.tr\/de\/haberler\/gundem\/aciyi-bal-eyleyen-ilacini-acilardan-cikaran-cografyanin-kapisi\/","og_site_name":"Av. Deniz Can K\u0131z\u0131l","article_published_time":"2025-04-13T11:41:25+00:00","author":"Antalya K\u00f6rfez","twitter_card":"summary_large_image","twitter_misc":{"Verfasst von":"Antalya K\u00f6rfez","Gesch\u00e4tzte Lesezeit":"5\u00a0Minuten"},"schema":{"@context":"https:\/\/schema.org","@graph":[{"@type":"Article","@id":"http:\/\/denizcankizil.tr\/de\/haberler\/gundem\/aciyi-bal-eyleyen-ilacini-acilardan-cikaran-cografyanin-kapisi\/#article","isPartOf":{"@id":"http:\/\/denizcankizil.tr\/de\/haberler\/gundem\/aciyi-bal-eyleyen-ilacini-acilardan-cikaran-cografyanin-kapisi\/"},"author":{"name":"Antalya K\u00f6rfez","@id":"https:\/\/denizcankizil.tr\/#\/schema\/person\/e1eb71bb4dd684d46563f0af307e1234"},"headline":"Ac\u0131y\u0131 bal eyleyen, ilac\u0131n\u0131 ac\u0131lardan \u00e7\u0131karan co\u011frafyan\u0131n kap\u0131s\u0131","datePublished":"2025-04-13T11:41:25+00:00","mainEntityOfPage":{"@id":"http:\/\/denizcankizil.tr\/de\/haberler\/gundem\/aciyi-bal-eyleyen-ilacini-acilardan-cikaran-cografyanin-kapisi\/"},"wordCount":980,"publisher":{"@id":"https:\/\/denizcankizil.tr\/#organization"},"articleSection":["G\u00fcndem"],"inLanguage":"de"},{"@type":"WebPage","@id":"http:\/\/denizcankizil.tr\/de\/haberler\/gundem\/aciyi-bal-eyleyen-ilacini-acilardan-cikaran-cografyanin-kapisi\/","url":"http:\/\/denizcankizil.tr\/de\/haberler\/gundem\/aciyi-bal-eyleyen-ilacini-acilardan-cikaran-cografyanin-kapisi\/","name":"Ac\u0131y\u0131 bal eyleyen, ilac\u0131n\u0131 ac\u0131lardan \u00e7\u0131karan co\u011frafyan\u0131n kap\u0131s\u0131 - Av. Deniz Can K\u0131z\u0131l","isPartOf":{"@id":"https:\/\/denizcankizil.tr\/#website"},"datePublished":"2025-04-13T11:41:25+00:00","breadcrumb":{"@id":"http:\/\/denizcankizil.tr\/de\/haberler\/gundem\/aciyi-bal-eyleyen-ilacini-acilardan-cikaran-cografyanin-kapisi\/#breadcrumb"},"inLanguage":"de","potentialAction":[{"@type":"ReadAction","target":["http:\/\/denizcankizil.tr\/de\/haberler\/gundem\/aciyi-bal-eyleyen-ilacini-acilardan-cikaran-cografyanin-kapisi\/"]}]},{"@type":"BreadcrumbList","@id":"http:\/\/denizcankizil.tr\/de\/haberler\/gundem\/aciyi-bal-eyleyen-ilacini-acilardan-cikaran-cografyanin-kapisi\/#breadcrumb","itemListElement":[{"@type":"ListItem","position":1,"name":"Home","item":"https:\/\/denizcankizil.tr\/de\/"},{"@type":"ListItem","position":2,"name":"Ac\u0131y\u0131 bal eyleyen, ilac\u0131n\u0131 ac\u0131lardan \u00e7\u0131karan co\u011frafyan\u0131n kap\u0131s\u0131"}]},{"@type":"WebSite","@id":"https:\/\/denizcankizil.tr\/#website","url":"https:\/\/denizcankizil.tr\/","name":"Av. Deniz Can K\u0131z\u0131l","description":"Avukat Deniz Can K\u0131z\u0131l Antalya Barosu","publisher":{"@id":"https:\/\/denizcankizil.tr\/#organization"},"potentialAction":[{"@type":"SearchAction","target":{"@type":"EntryPoint","urlTemplate":"https:\/\/denizcankizil.tr\/?s={search_term_string}"},"query-input":{"@type":"PropertyValueSpecification","valueRequired":true,"valueName":"search_term_string"}}],"inLanguage":"de"},{"@type":"Organization","@id":"https:\/\/denizcankizil.tr\/#organization","name":"Av. Deniz Can K\u0131z\u0131l","url":"https:\/\/denizcankizil.tr\/","logo":{"@type":"ImageObject","inLanguage":"de","@id":"https:\/\/denizcankizil.tr\/#\/schema\/logo\/image\/","url":"http:\/\/denizcankizil.tr\/wp-content\/uploads\/2024\/10\/siyah-logo-svg.svg","contentUrl":"http:\/\/denizcankizil.tr\/wp-content\/uploads\/2024\/10\/siyah-logo-svg.svg","width":1080,"height":1080,"caption":"Av. Deniz Can K\u0131z\u0131l"},"image":{"@id":"https:\/\/denizcankizil.tr\/#\/schema\/logo\/image\/"}},{"@type":"Person","@id":"https:\/\/denizcankizil.tr\/#\/schema\/person\/e1eb71bb4dd684d46563f0af307e1234","name":"Antalya K\u00f6rfez","image":{"@type":"ImageObject","inLanguage":"de","@id":"https:\/\/denizcankizil.tr\/#\/schema\/person\/image\/","url":"https:\/\/secure.gravatar.com\/avatar\/42b01982558a48a0b501fdcab6a408d3717ea5919095ee2e67b0e521799c5905?s=96&d=mm&r=g","contentUrl":"https:\/\/secure.gravatar.com\/avatar\/42b01982558a48a0b501fdcab6a408d3717ea5919095ee2e67b0e521799c5905?s=96&d=mm&r=g","caption":"Antalya K\u00f6rfez"},"sameAs":["http:\/\/www.antalyakorfez.com"],"url":"https:\/\/www.antalyakorfez.com\/aciyi-bal-eyleyen-ilacini-acilardan-cikaran-cografyanin-kapisi"}]}},"_links":{"self":[{"href":"http:\/\/denizcankizil.tr\/de\/wp-json\/wp\/v2\/posts\/54397","targetHints":{"allow":["GET"]}}],"collection":[{"href":"http:\/\/denizcankizil.tr\/de\/wp-json\/wp\/v2\/posts"}],"about":[{"href":"http:\/\/denizcankizil.tr\/de\/wp-json\/wp\/v2\/types\/post"}],"author":[{"embeddable":true,"href":"http:\/\/denizcankizil.tr\/de\/wp-json\/wp\/v2\/users\/5"}],"replies":[{"embeddable":true,"href":"http:\/\/denizcankizil.tr\/de\/wp-json\/wp\/v2\/comments?post=54397"}],"version-history":[{"count":0,"href":"http:\/\/denizcankizil.tr\/de\/wp-json\/wp\/v2\/posts\/54397\/revisions"}],"wp:attachment":[{"href":"http:\/\/denizcankizil.tr\/de\/wp-json\/wp\/v2\/media?parent=54397"}],"wp:term":[{"taxonomy":"category","embeddable":true,"href":"http:\/\/denizcankizil.tr\/de\/wp-json\/wp\/v2\/categories?post=54397"},{"taxonomy":"post_tag","embeddable":true,"href":"http:\/\/denizcankizil.tr\/de\/wp-json\/wp\/v2\/tags?post=54397"}],"curies":[{"name":"wp","href":"https:\/\/api.w.org\/{rel}","templated":true}]}}