{"id":52493,"date":"2025-04-11T14:41:21","date_gmt":"2025-04-11T11:41:21","guid":{"rendered":"https:\/\/denizcankizil.tr\/uncategorized-tr\/akdeniz-universitesinden-en-ust-duzey-destek\/"},"modified":"2025-04-11T14:41:21","modified_gmt":"2025-04-11T11:41:21","slug":"akdeniz-universitesinden-en-ust-duzey-destek","status":"publish","type":"post","link":"http:\/\/denizcankizil.tr\/de\/haberler\/antalya\/akdeniz-universitesinden-en-ust-duzey-destek\/","title":{"rendered":"Akdeniz \u00dcniversitesi&#8217;nden en \u00fcst d\u00fczey destek"},"content":{"rendered":"<p>Ara\u015ft\u0131rma \u00dcniversitesi olma hedefi do\u011frultusunda \u00e7al\u0131\u015fmalar\u0131na kararl\u0131l\u0131kla devam eden Akdeniz \u00dcniversitesi,\u00a0bilimsel ara\u015ft\u0131rmalar\u0131 daha verimli ve etkili hale getirmek i\u00e7in Bilimsel Ara\u015ft\u0131rma Projeleri (BAP) destek mekanizmas\u0131n\u0131 g\u00fc\u00e7lendirdi. BAP Koordinasyon Birimi taraf\u0131ndan 2025 y\u0131l\u0131 itibar\u0131yla hayata ge\u00e7irilen yeni d\u00fczenlemeyle t\u00fcm akademik kademelerde Ar-Ge faaliyetlerini daha da g\u00fc\u00e7lendirecek kapsaml\u0131 destek programlar\u0131 uygulamaya al\u0131nd\u0131. Ayr\u0131ca mevcut destek programlar\u0131n\u0131n b\u00fct\u00e7esi y\u00fckseltilirken &#8216;Akdeniz&#8217;de Ar-Ge Lisansta Ba\u015flar&#8217; anlay\u0131\u015f\u0131yla lisans \u00f6\u011frencilerinin ara\u015ft\u0131rmalara aktif kat\u0131l\u0131m\u0131n\u0131 art\u0131rmak i\u00e7in de yeni destekler hayata ge\u00e7irildi.\u00a0<br \/>\n\u00a0\u00a0 &#8220;Proje destek tutarlar\u0131 y\u00fczde y\u00fcze yak\u0131n oranlarda art\u0131r\u0131ld\u0131&#8221;\u00a0<br \/>\n\u00a0 Bilimsel Ara\u015ft\u0131rma Projeleri Koordinasyon Biriminin yapt\u0131\u011f\u0131 yenilikler aras\u0131nda \u00f6ncelikli olarak uygulamadaki S\u00fcrekli Ba\u015fvuruya A\u00e7\u0131k Olan Projeler, \u00c7a\u011fr\u0131l\u0131 Projeler ve \u00d6zel Projeler olarak s\u0131n\u0131fland\u0131r\u0131lan projelerin \u00fcst destek tutarlar\u0131 art\u0131r\u0131ld\u0131. Bu kapsamda Y\u00fcksek Lisans Tez Projesi deste\u011fi 50 bin liradan 100 bin liraya, Doktora, T\u0131pta Uzmanl\u0131k, Di\u015f Hekimli\u011finde Uzmanl\u0131k, Sanatta Yeterlik Tez Projeleri deste\u011fi 100 bin liradan 200 bin liraya, Normal Ara\u015ft\u0131rma Projesi (NAP) deste\u011fi 175 bin liradan 300 bin liraya y\u00fckseltildi.\u00a0<br \/>\n\u00a0<br \/>\n\u00a0 &#8220;8 yeni proje t\u00fcr\u00fc ile Ar-Ge yelpazesi geni\u015fletildi&#8221;\u00a0<br \/>\n\u00a0 Yap\u0131lan yeni d\u00fczenleme ile ara\u015ft\u0131rma ve geli\u015ftirme faaliyetlerinin kapsam\u0131 8 yeni proje t\u00fcr\u00fcyle geni\u015fletildi. Bu kapsamda gen\u00e7 ara\u015ft\u0131rmac\u0131lara ba\u015flang\u0131\u00e7 deste\u011fi, disiplinler aras\u0131 ara\u015ft\u0131rmalar, h\u0131zl\u0131 destek projeleri, uluslararas\u0131 kat\u0131l\u0131ml\u0131 projeler, \u00fcniversite-kamu-\u00f6zel sekt\u00f6r-sanayi i\u015f birli\u011fi projeleri, sa\u011fl\u0131kta dijital teknolojiler projeleri ile iki alanda lisans \u00f6\u011frencisi projelerine destek verilerek ara\u015ft\u0131rma ekosisteminin daha kapsay\u0131c\u0131 ve yenilik\u00e7i bir yap\u0131ya kavu\u015fmas\u0131 hedeflendi. \u0130lk defa desteklemeye al\u0131nan projeler aras\u0131nda yer alan Ara\u015ft\u0131rma Ba\u015flang\u0131\u00e7 Destek Projesi (ABDEP) deste\u011fi 225 bin lira, H\u0131zl\u0131 Destek Projesi-A\/B (HIZDEP-A\/B) deste\u011fi 150 bin lira, Sa\u011fl\u0131kta Dijital Teknolojiler deste\u011fi 400 bin TL, Kamu, Sanayi, \u00d6zel Sekt\u00f6r \u0130\u015f Birli\u011fi Projesi deste\u011fi 800 bin TL, Lisans \u00d6\u011frencisi Kat\u0131l\u0131ml\u0131 Ara\u015ft\u0131rma Projesi (L\u00d6KAP) deste\u011fi 100 bin TL ve Lisans \u00d6\u011frenci Ara\u015ft\u0131rma Projesi (L\u00d6AP) deste\u011fi ise 25 bin lira olarak belirlendi. Uluslararas\u0131 Kat\u0131l\u0131ml\u0131 Ara\u015ft\u0131rma Projelerinin deste\u011fi de (UKAP) komisyon karar\u0131 ile belirlenecek.\u00a0<br \/>\n\u00a0<br \/>\n\u00a0 Gen\u00e7 ara\u015ft\u0131rmac\u0131lara \u00f6zel proje deste\u011fi\u00a0<br \/>\n\u00a0 Yeni eklenen projeler aras\u0131nda Ara\u015ft\u0131rma Ba\u015flang\u0131\u00e7 Destek Projesi (ABDEP) ile Akdeniz \u00dcniversitesi&#8217;nde doktor \u00f6\u011fretim \u00fcyeli\u011fine yeni atanm\u0131\u015f veya doktora, t\u0131pta\/di\u015f hekimli\u011finde uzmanl\u0131k ya da sanatta yeterlik e\u011fitimini tamamlam\u0131\u015f ara\u015ft\u0131rmac\u0131lar\u0131n birinci y\u0131l\u0131nda ba\u015fvurabilecekleri bir destek alan\u0131 sa\u011fland\u0131.\u00a0<br \/>\n\u00a0<br \/>\n\u00a0 H\u0131zl\u0131 destek projeleri hayata ge\u00e7iriliyor\u00a0<br \/>\n\u00a0 Akdeniz \u00dcniversitesi mensubu \u00f6\u011fretim \u00fcyeleri ve ara\u015ft\u0131rmac\u0131lar\u0131n\u0131n, acil, k\u0131sa s\u00fcreli ve d\u00fc\u015f\u00fck b\u00fct\u00e7eli ara\u015ft\u0131rma ve geli\u015ftirme faaliyetlerini desteklemek amac\u0131yla &#8216;H\u0131zl\u0131 Destek Projesi-A&#8217; ve &#8216;H\u0131zl\u0131 Destek Projesi-B&#8217; ba\u015fl\u0131klar\u0131 ad\u0131 alt\u0131nda iki yeni destek t\u00fcr\u00fc olu\u015fturuldu. Bu \u00e7a\u011fr\u0131 kapsam\u0131nda, acil ihtiya\u00e7lara y\u00f6nelik \u00e7al\u0131\u015fmalar ile k\u0131sa s\u00fcreli ve\/veya y\u00fcksek akademik performans g\u00f6steren ara\u015ft\u0131rmalara \u00f6zel destek sa\u011flanarak, ara\u015ft\u0131rmac\u0131lar\u0131n h\u0131zl\u0131 \u00e7\u00f6z\u00fcmler geli\u015ftirmesi ve bilimsel \u00fcretkenli\u011finin art\u0131r\u0131lmas\u0131 hedefleniyor.\u00a0<br \/>\n\u00a0<br \/>\n\u00a0 Disiplinler aras\u0131 i\u015f birli\u011fi art\u0131r\u0131l\u0131yor\u00a0<br \/>\n\u00a0 Disiplinler aras\u0131 \u00e7al\u0131\u015fmalara \u00f6zel \u00f6nem veren Akdeniz \u00dcniversitesi bu ama\u00e7la uygulamaya koydu\u011fu Disiplinler Aras\u0131 Ara\u015ft\u0131rma Projesi (DAP) kapsam\u0131nda Akdeniz \u00dcniversitesi \u00f6\u011fretim \u00fcyeleri veya ara\u015ft\u0131rmac\u0131lar\u0131n\u0131n; en az \u00fc\u00e7 b\u00f6l\u00fcm veya anabilim dal\u0131n\u0131n birlikte haz\u0131rlayaca\u011f\u0131 ve y\u00fcr\u00fctece\u011fi disiplinler aras\u0131 projelerle katma de\u011feri y\u00fcksek \u00fcr\u00fcn, fikir, tasar\u0131m, faydal\u0131 model vb. \u00e7\u0131kt\u0131 elde etmek ama\u00e7lan\u0131yor.\u00a0<br \/>\n\u00a0<br \/>\n\u00a0 Sa\u011fl\u0131kta dijital teknolojilerde \u00f6ncelik alan projeleri desteklenecek\u00a0<br \/>\n\u00a0 Hayata ge\u00e7irilen bir yeni proje ba\u015fl\u0131\u011f\u0131 da Sa\u011fl\u0131kta Dijital Teknolojilere \u00d6ncelikli Alan Deste\u011fi. Akdeniz \u00dcniversitesi, Sa\u011fl\u0131kta Dijital Teknolojiler ba\u015fl\u0131\u011f\u0131 ile Y\u00d6K&#8217;\u00fcn 2023 y\u0131l\u0131nda a\u00e7\u0131klad\u0131\u011f\u0131 \u00f6ncelikli alanlarda uzmanla\u015fan 25 \u00fcniversite aras\u0131na se\u00e7ilmi\u015fti. Bu kapsamda BAP Koordinasyon Birimi Y\u00d6K \u00d6ncelikli Alan Projeleri: Sa\u011fl\u0131kta Dijital Teknolojiler ba\u015fl\u0131kl\u0131 proje alt yap\u0131s\u0131yla sa\u011fl\u0131kta dijital teknolojiler; ta\u015f\u0131nabilir, giyilebilir teknolojiler, makineler aras\u0131 ileti\u015fim, art\u0131r\u0131lm\u0131\u015f ger\u00e7eklik uygulamalar\u0131, bulut bili\u015fim, nesnelerin interneti, veri ara\u015ft\u0131rmalar\u0131 ve yapay zek\u00e2, uzaktan kontrol edilebilirlik, otonom t\u0131bbi cihaz teknolojileri, ki\u015fisel sa\u011fl\u0131k teknolojileri ve klinik karar destek sistemleri gibi \u00e7e\u015fitli alanlar\u0131 kapsayan ve bu teknolojilerden faydalan\u0131lmas\u0131 ya da kullan\u0131lmas\u0131 s\u00fcre\u00e7lerin dijitalle\u015fmesini sa\u011flayan proje t\u00fcr\u00fcne ba\u015fvurular kabul edilecek.\u00a0<br \/>\n\u00a0<br \/>\n\u00a0 Uluslararas\u0131 kat\u0131l\u0131ml\u0131 ara\u015ft\u0131rma projeleri destekleniyor\u00a0<br \/>\n\u00a0 Uluslararas\u0131 Kat\u0131l\u0131ml\u0131 Ara\u015ft\u0131rma Projesi (UKAP) \u00e7er\u00e7evesinde Akdeniz \u00dcniversitesi mensubu \u00f6\u011fretim \u00fcyesi veya ara\u015ft\u0131rmac\u0131lar\u0131n uluslararas\u0131 d\u00fczeyde tan\u0131nm\u0131\u015f olan d\u00fcnyan\u0131n \u00f6nde gelen \u00fcniversitelerinde veya ara\u015ft\u0131rma merkezlerinde ilgili kurulu\u015flardan ara\u015ft\u0131rmac\u0131larla i\u015f birli\u011fi i\u00e7erisinde y\u00fcr\u00fctecekleri, uygulamaya y\u00f6nelik projeler ger\u00e7ekle\u015ftirebilecekler. Bu kapsamda, bulunulan y\u0131l veya \u00f6nceki y\u0131lda ARWU (Academic Ranking of World Universities), QS World University Rankings veya Times (Times Higher Education World University Rankings) s\u0131ralama sistemlerine g\u00f6re genel d\u00fcnya s\u0131ralamas\u0131nda veya ara\u015ft\u0131rma alanlar\u0131na g\u00f6re yap\u0131lan s\u0131ralamalarda ilk 1000&#8217;de yer alan \u00fcniversitelerde y\u00fcr\u00fct\u00fclecek ara\u015ft\u0131rma projeleri desteklenecek.\u00a0<br \/>\n\u00a0 Akdeniz \u00dcniversitesi&#8217;nde e\u011fitim g\u00f6ren lisans \u00f6\u011frencileri i\u00e7in de \u00f6zel proje destekleri d\u00fczenlendi. Bu kapsamda Lisans \u00d6\u011frenci Ara\u015ft\u0131rma Projesi (L\u00d6AP) ve Lisans \u00d6\u011frencisi Kat\u0131l\u0131ml\u0131 Ara\u015ft\u0131rma Projesi (L\u00d6KAP) deste\u011fi ile \u00f6\u011frenciler Ar-Ge faaliyetlerine aktif kat\u0131l\u0131m ger\u00e7ekle\u015ftirebilecekler. Bu ara\u015ft\u0131rma projeleri Akdeniz \u00dcniversitesi&#8217;nde lisans d\u00fczeyinde e\u011fitim g\u00f6ren \u00f6\u011frencilerin ara\u015ft\u0131rma faaliyetlerine \u00f6zendirilmesi ve tak\u0131m \u00e7al\u0131\u015fmalar\u0131 ile ara\u015ft\u0131rma yapmaya te\u015fvik edilmesi amac\u0131yla olu\u015fturuldu.\u00a0<br \/>\n\u00a0 \u00dcniversite-sanayi i\u015f birli\u011fini daha da geli\u015ftirmek amac\u0131yla hayata ge\u00e7irilen \u00dcniversite-Kamu-\u00d6zel Sekt\u00f6r-Sanayi \u0130\u015f Birli\u011fi Projesi (\u00dcKS\u00d6S) kapsam\u0131nda ise Akdeniz \u00dcniversitesi mensubu \u00f6\u011fretim \u00fcyesi veya ara\u015ft\u0131rmac\u0131lar\u0131n bir sanayi kurulu\u015fu ile m\u00fc\u015fterek y\u00fcr\u00fctt\u00fckleri projeler desteklenecek.\u00a0<br \/>\n\u00a0 Yap\u0131lan t\u00fcm desteklerle Akdeniz \u00dcniversitesi ara\u015ft\u0131rma ekosisteminin daha da g\u00fc\u00e7lendirilmesi hedeflenirken, \u00f6\u011fretim \u00fcyelerine yenilik\u00e7i projeler geli\u015ftirme, disiplinler aras\u0131 i\u015f birliklerini art\u0131rma ve ulusal ve uluslararas\u0131 d\u00fczeyde daha g\u00f6r\u00fcn\u00fcr bilimsel \u00e7\u0131kt\u0131lar \u00fcretme f\u0131rsat\u0131 sunulmakta.\u00a0<br \/>\n\u00a0 \u00a0 \u00a0 \u00a0 \u00a0 \u00a0 \u00a0 \u00a0 \u00a0 \u00a0 \u00a0 \u00a0 \u00a0 \u00a0 \u00a0 \u00a0\u00a0<\/p>\n<p>Kaynak: www.kanalv.com.tr Haber Sitesinden Al\u0131nm\u0131\u015ft\u0131r.<\/p>","protected":false},"excerpt":{"rendered":"<p>Ara\u015ft\u0131rma \u00dcniversitesi olma hedefi do\u011frultusunda \u00e7al\u0131\u015fmalar\u0131na kararl\u0131l\u0131kla devam eden Akdeniz \u00dcniversitesi,\u00a0bilimsel ara\u015ft\u0131rmalar\u0131 daha verimli ve etkili hale getirmek i\u00e7in Bilimsel Ara\u015ft\u0131rma Projeleri (BAP) destek mekanizmas\u0131n\u0131 g\u00fc\u00e7lendirdi. BAP Koordinasyon Birimi taraf\u0131ndan 2025 y\u0131l\u0131 itibar\u0131yla hayata ge\u00e7irilen yeni d\u00fczenlemeyle t\u00fcm akademik kademelerde Ar-Ge faaliyetlerini daha da g\u00fc\u00e7lendirecek kapsaml\u0131 destek programlar\u0131 uygulamaya al\u0131nd\u0131. Ayr\u0131ca mevcut destek programlar\u0131n\u0131n b\u00fct\u00e7esi y\u00fckseltilirken &#8216;Akdeniz&#8217;de Ar-Ge Lisansta Ba\u015flar&#8217; anlay\u0131\u015f\u0131yla lisans \u00f6\u011frencilerinin ara\u015ft\u0131rmalara aktif kat\u0131l\u0131m\u0131n\u0131 art\u0131rmak i\u00e7in de yeni destekler hayata ge\u00e7irildi.\u00a0 \u00a0\u00a0 &#8220;Proje destek tutarlar\u0131 y\u00fczde y\u00fcze yak\u0131n oranlarda art\u0131r\u0131ld\u0131&#8221;\u00a0 \u00a0 Bilimsel Ara\u015ft\u0131rma Projeleri Koordinasyon Biriminin yapt\u0131\u011f\u0131 yenilikler aras\u0131nda \u00f6ncelikli olarak uygulamadaki S\u00fcrekli Ba\u015fvuruya A\u00e7\u0131k Olan Projeler, \u00c7a\u011fr\u0131l\u0131 Projeler ve \u00d6zel Projeler olarak s\u0131n\u0131fland\u0131r\u0131lan projelerin \u00fcst destek tutarlar\u0131 art\u0131r\u0131ld\u0131. Bu kapsamda Y\u00fcksek Lisans Tez Projesi deste\u011fi 50 bin liradan 100 bin liraya, Doktora, T\u0131pta Uzmanl\u0131k, Di\u015f Hekimli\u011finde Uzmanl\u0131k, Sanatta Yeterlik Tez Projeleri deste\u011fi 100 bin liradan 200 bin liraya, Normal Ara\u015ft\u0131rma Projesi (NAP) deste\u011fi 175 bin liradan 300 bin liraya y\u00fckseltildi.\u00a0 \u00a0 \u00a0 &#8220;8 yeni proje t\u00fcr\u00fc ile Ar-Ge yelpazesi geni\u015fletildi&#8221;\u00a0 \u00a0 Yap\u0131lan yeni d\u00fczenleme ile ara\u015ft\u0131rma ve geli\u015ftirme faaliyetlerinin kapsam\u0131 8 yeni proje t\u00fcr\u00fcyle geni\u015fletildi. Bu kapsamda gen\u00e7 ara\u015ft\u0131rmac\u0131lara ba\u015flang\u0131\u00e7 deste\u011fi, disiplinler aras\u0131 ara\u015ft\u0131rmalar, h\u0131zl\u0131 destek projeleri, uluslararas\u0131 kat\u0131l\u0131ml\u0131 projeler, \u00fcniversite-kamu-\u00f6zel sekt\u00f6r-sanayi i\u015f birli\u011fi projeleri, sa\u011fl\u0131kta dijital &hellip;<\/p>","protected":false},"author":4,"featured_media":52494,"comment_status":"","ping_status":"open","sticky":false,"template":"","format":"standard","meta":{"_acf_changed":false,"footnotes":""},"categories":[26],"tags":[],"class_list":["post-52493","post","type-post","status-publish","format-standard","has-post-thumbnail","hentry","category-antalya"],"acf":[],"yoast_head":"<!-- This site is optimized with the Yoast SEO Premium plugin v26.6 (Yoast SEO v27.1.1) - https:\/\/yoast.com\/product\/yoast-seo-premium-wordpress\/ -->\n<title>Akdeniz \u00dcniversitesi&#039;nden en \u00fcst d\u00fczey destek - Av. Deniz Can K\u0131z\u0131l<\/title>\n<meta name=\"robots\" content=\"index, follow, max-snippet:-1, max-image-preview:large, max-video-preview:-1\" \/>\n<link rel=\"canonical\" href=\"http:\/\/denizcankizil.tr\/de\/haberler\/antalya\/akdeniz-universitesinden-en-ust-duzey-destek\/\" \/>\n<meta property=\"og:locale\" content=\"de_DE\" \/>\n<meta property=\"og:type\" content=\"article\" \/>\n<meta property=\"og:title\" content=\"Akdeniz \u00dcniversitesi&#039;nden en \u00fcst d\u00fczey destek\" \/>\n<meta property=\"og:description\" content=\"Ara\u015ft\u0131rma \u00dcniversitesi olma hedefi do\u011frultusunda \u00e7al\u0131\u015fmalar\u0131na kararl\u0131l\u0131kla devam eden Akdeniz \u00dcniversitesi,\u00a0bilimsel ara\u015ft\u0131rmalar\u0131 daha verimli ve etkili hale getirmek i\u00e7in Bilimsel Ara\u015ft\u0131rma Projeleri (BAP) destek mekanizmas\u0131n\u0131 g\u00fc\u00e7lendirdi. BAP Koordinasyon Birimi taraf\u0131ndan 2025 y\u0131l\u0131 itibar\u0131yla hayata ge\u00e7irilen yeni d\u00fczenlemeyle t\u00fcm akademik kademelerde Ar-Ge faaliyetlerini daha da g\u00fc\u00e7lendirecek kapsaml\u0131 destek programlar\u0131 uygulamaya al\u0131nd\u0131. Ayr\u0131ca mevcut destek programlar\u0131n\u0131n b\u00fct\u00e7esi y\u00fckseltilirken &#8216;Akdeniz&#8217;de Ar-Ge Lisansta Ba\u015flar&#8217; anlay\u0131\u015f\u0131yla lisans \u00f6\u011frencilerinin ara\u015ft\u0131rmalara aktif kat\u0131l\u0131m\u0131n\u0131 art\u0131rmak i\u00e7in de yeni destekler hayata ge\u00e7irildi.\u00a0 \u00a0\u00a0 &#8220;Proje destek tutarlar\u0131 y\u00fczde y\u00fcze yak\u0131n oranlarda art\u0131r\u0131ld\u0131&#8221;\u00a0 \u00a0 Bilimsel Ara\u015ft\u0131rma Projeleri Koordinasyon Biriminin yapt\u0131\u011f\u0131 yenilikler aras\u0131nda \u00f6ncelikli olarak uygulamadaki S\u00fcrekli Ba\u015fvuruya A\u00e7\u0131k Olan Projeler, \u00c7a\u011fr\u0131l\u0131 Projeler ve \u00d6zel Projeler olarak s\u0131n\u0131fland\u0131r\u0131lan projelerin \u00fcst destek tutarlar\u0131 art\u0131r\u0131ld\u0131. Bu kapsamda Y\u00fcksek Lisans Tez Projesi deste\u011fi 50 bin liradan 100 bin liraya, Doktora, T\u0131pta Uzmanl\u0131k, Di\u015f Hekimli\u011finde Uzmanl\u0131k, Sanatta Yeterlik Tez Projeleri deste\u011fi 100 bin liradan 200 bin liraya, Normal Ara\u015ft\u0131rma Projesi (NAP) deste\u011fi 175 bin liradan 300 bin liraya y\u00fckseltildi.\u00a0 \u00a0 \u00a0 &#8220;8 yeni proje t\u00fcr\u00fc ile Ar-Ge yelpazesi geni\u015fletildi&#8221;\u00a0 \u00a0 Yap\u0131lan yeni d\u00fczenleme ile ara\u015ft\u0131rma ve geli\u015ftirme faaliyetlerinin kapsam\u0131 8 yeni proje t\u00fcr\u00fcyle geni\u015fletildi. Bu kapsamda gen\u00e7 ara\u015ft\u0131rmac\u0131lara ba\u015flang\u0131\u00e7 deste\u011fi, disiplinler aras\u0131 ara\u015ft\u0131rmalar, h\u0131zl\u0131 destek projeleri, uluslararas\u0131 kat\u0131l\u0131ml\u0131 projeler, \u00fcniversite-kamu-\u00f6zel sekt\u00f6r-sanayi i\u015f birli\u011fi projeleri, sa\u011fl\u0131kta dijital &hellip;\" \/>\n<meta property=\"og:url\" content=\"http:\/\/denizcankizil.tr\/de\/haberler\/antalya\/akdeniz-universitesinden-en-ust-duzey-destek\/\" \/>\n<meta property=\"og:site_name\" content=\"Av. Deniz Can K\u0131z\u0131l\" \/>\n<meta property=\"article:published_time\" content=\"2025-04-11T11:41:21+00:00\" \/>\n<meta property=\"og:image\" content=\"http:\/\/denizcankizil.tr\/wp-content\/uploads\/2025\/04\/a-w430354-05-JE2dt8.webp\" \/>\n\t<meta property=\"og:image:width\" content=\"1280\" \/>\n\t<meta property=\"og:image:height\" content=\"720\" \/>\n\t<meta property=\"og:image:type\" content=\"image\/webp\" \/>\n<meta name=\"author\" content=\"Av. Deniz Can K\u0131z\u0131l\" \/>\n<meta name=\"twitter:card\" content=\"summary_large_image\" \/>\n<meta name=\"twitter:label1\" content=\"Verfasst von\" \/>\n\t<meta name=\"twitter:data1\" content=\"Av. Deniz Can K\u0131z\u0131l\" \/>\n\t<meta name=\"twitter:label2\" content=\"Gesch\u00e4tzte Lesezeit\" \/>\n\t<meta name=\"twitter:data2\" content=\"6\u00a0Minuten\" \/>\n<script type=\"application\/ld+json\" class=\"yoast-schema-graph\">{\"@context\":\"https:\/\/schema.org\",\"@graph\":[{\"@type\":\"Article\",\"@id\":\"http:\/\/denizcankizil.tr\/de\/haberler\/antalya\/akdeniz-universitesinden-en-ust-duzey-destek\/#article\",\"isPartOf\":{\"@id\":\"http:\/\/denizcankizil.tr\/de\/haberler\/antalya\/akdeniz-universitesinden-en-ust-duzey-destek\/\"},\"author\":{\"name\":\"Av. Deniz Can K\u0131z\u0131l\",\"@id\":\"https:\/\/denizcankizil.tr\/de\/#\/schema\/person\/5dc1b22991bd7ac833867c10afc9b0ff\"},\"headline\":\"Akdeniz \u00dcniversitesi&#8217;nden en \u00fcst d\u00fczey destek\",\"datePublished\":\"2025-04-11T11:41:21+00:00\",\"mainEntityOfPage\":{\"@id\":\"http:\/\/denizcankizil.tr\/de\/haberler\/antalya\/akdeniz-universitesinden-en-ust-duzey-destek\/\"},\"wordCount\":1165,\"publisher\":{\"@id\":\"https:\/\/denizcankizil.tr\/de\/#organization\"},\"image\":{\"@id\":\"http:\/\/denizcankizil.tr\/de\/haberler\/antalya\/akdeniz-universitesinden-en-ust-duzey-destek\/#primaryimage\"},\"thumbnailUrl\":\"http:\/\/denizcankizil.tr\/wp-content\/uploads\/2025\/04\/a-w430354-05-JE2dt8.webp\",\"articleSection\":[\"Antalya\"],\"inLanguage\":\"de\"},{\"@type\":\"WebPage\",\"@id\":\"http:\/\/denizcankizil.tr\/de\/haberler\/antalya\/akdeniz-universitesinden-en-ust-duzey-destek\/\",\"url\":\"http:\/\/denizcankizil.tr\/de\/haberler\/antalya\/akdeniz-universitesinden-en-ust-duzey-destek\/\",\"name\":\"Akdeniz \u00dcniversitesi'nden en \u00fcst d\u00fczey destek - Av. Deniz Can K\u0131z\u0131l\",\"isPartOf\":{\"@id\":\"https:\/\/denizcankizil.tr\/de\/#website\"},\"primaryImageOfPage\":{\"@id\":\"http:\/\/denizcankizil.tr\/de\/haberler\/antalya\/akdeniz-universitesinden-en-ust-duzey-destek\/#primaryimage\"},\"image\":{\"@id\":\"http:\/\/denizcankizil.tr\/de\/haberler\/antalya\/akdeniz-universitesinden-en-ust-duzey-destek\/#primaryimage\"},\"thumbnailUrl\":\"http:\/\/denizcankizil.tr\/wp-content\/uploads\/2025\/04\/a-w430354-05-JE2dt8.webp\",\"datePublished\":\"2025-04-11T11:41:21+00:00\",\"breadcrumb\":{\"@id\":\"http:\/\/denizcankizil.tr\/de\/haberler\/antalya\/akdeniz-universitesinden-en-ust-duzey-destek\/#breadcrumb\"},\"inLanguage\":\"de\",\"potentialAction\":[{\"@type\":\"ReadAction\",\"target\":[\"http:\/\/denizcankizil.tr\/de\/haberler\/antalya\/akdeniz-universitesinden-en-ust-duzey-destek\/\"]}]},{\"@type\":\"ImageObject\",\"inLanguage\":\"de\",\"@id\":\"http:\/\/denizcankizil.tr\/de\/haberler\/antalya\/akdeniz-universitesinden-en-ust-duzey-destek\/#primaryimage\",\"url\":\"http:\/\/denizcankizil.tr\/wp-content\/uploads\/2025\/04\/a-w430354-05-JE2dt8.webp\",\"contentUrl\":\"http:\/\/denizcankizil.tr\/wp-content\/uploads\/2025\/04\/a-w430354-05-JE2dt8.webp\",\"width\":1280,\"height\":720},{\"@type\":\"BreadcrumbList\",\"@id\":\"http:\/\/denizcankizil.tr\/de\/haberler\/antalya\/akdeniz-universitesinden-en-ust-duzey-destek\/#breadcrumb\",\"itemListElement\":[{\"@type\":\"ListItem\",\"position\":1,\"name\":\"Home\",\"item\":\"https:\/\/denizcankizil.tr\/de\/\"},{\"@type\":\"ListItem\",\"position\":2,\"name\":\"Akdeniz \u00dcniversitesi&#8217;nden en \u00fcst d\u00fczey destek\"}]},{\"@type\":\"WebSite\",\"@id\":\"https:\/\/denizcankizil.tr\/de\/#website\",\"url\":\"https:\/\/denizcankizil.tr\/de\/\",\"name\":\"Av. Deniz Can K\u0131z\u0131l\",\"description\":\"Avukat Deniz Can K\u0131z\u0131l Antalya Barosu\",\"publisher\":{\"@id\":\"https:\/\/denizcankizil.tr\/de\/#organization\"},\"potentialAction\":[{\"@type\":\"SearchAction\",\"target\":{\"@type\":\"EntryPoint\",\"urlTemplate\":\"https:\/\/denizcankizil.tr\/de\/?s={search_term_string}\"},\"query-input\":{\"@type\":\"PropertyValueSpecification\",\"valueRequired\":true,\"valueName\":\"search_term_string\"}}],\"inLanguage\":\"de\"},{\"@type\":\"Organization\",\"@id\":\"https:\/\/denizcankizil.tr\/de\/#organization\",\"name\":\"Av. Deniz Can K\u0131z\u0131l\",\"url\":\"https:\/\/denizcankizil.tr\/de\/\",\"logo\":{\"@type\":\"ImageObject\",\"inLanguage\":\"de\",\"@id\":\"https:\/\/denizcankizil.tr\/de\/#\/schema\/logo\/image\/\",\"url\":\"http:\/\/denizcankizil.tr\/wp-content\/uploads\/2024\/10\/siyah-logo-svg.svg\",\"contentUrl\":\"http:\/\/denizcankizil.tr\/wp-content\/uploads\/2024\/10\/siyah-logo-svg.svg\",\"width\":1080,\"height\":1080,\"caption\":\"Av. Deniz Can K\u0131z\u0131l\"},\"image\":{\"@id\":\"https:\/\/denizcankizil.tr\/de\/#\/schema\/logo\/image\/\"}},{\"@type\":\"Person\",\"@id\":\"https:\/\/denizcankizil.tr\/de\/#\/schema\/person\/5dc1b22991bd7ac833867c10afc9b0ff\",\"name\":\"Av. Deniz Can K\u0131z\u0131l\",\"image\":{\"@type\":\"ImageObject\",\"inLanguage\":\"de\",\"@id\":\"https:\/\/denizcankizil.tr\/de\/#\/schema\/person\/image\/\",\"url\":\"https:\/\/secure.gravatar.com\/avatar\/a0b128fb9855c79efc976d5640eedb31dc35ec297594d6016d2cf7c60e975bb6?s=96&d=mm&r=g\",\"contentUrl\":\"https:\/\/secure.gravatar.com\/avatar\/a0b128fb9855c79efc976d5640eedb31dc35ec297594d6016d2cf7c60e975bb6?s=96&d=mm&r=g\",\"caption\":\"Av. Deniz Can K\u0131z\u0131l\"},\"sameAs\":[\"http:\/\/www.denizcankizil.tr\"],\"url\":\"http:\/\/denizcankizil.tr\/de\/author\/denizcankizil\/\"}]}<\/script>\n<!-- \/ Yoast SEO Premium plugin. -->","yoast_head_json":{"title":"Akdeniz \u00dcniversitesi'nden en \u00fcst d\u00fczey destek - Av. Deniz Can K\u0131z\u0131l","robots":{"index":"index","follow":"follow","max-snippet":"max-snippet:-1","max-image-preview":"max-image-preview:large","max-video-preview":"max-video-preview:-1"},"canonical":"http:\/\/denizcankizil.tr\/de\/haberler\/antalya\/akdeniz-universitesinden-en-ust-duzey-destek\/","og_locale":"de_DE","og_type":"article","og_title":"Akdeniz \u00dcniversitesi'nden en \u00fcst d\u00fczey destek","og_description":"Ara\u015ft\u0131rma \u00dcniversitesi olma hedefi do\u011frultusunda \u00e7al\u0131\u015fmalar\u0131na kararl\u0131l\u0131kla devam eden Akdeniz \u00dcniversitesi,\u00a0bilimsel ara\u015ft\u0131rmalar\u0131 daha verimli ve etkili hale getirmek i\u00e7in Bilimsel Ara\u015ft\u0131rma Projeleri (BAP) destek mekanizmas\u0131n\u0131 g\u00fc\u00e7lendirdi. BAP Koordinasyon Birimi taraf\u0131ndan 2025 y\u0131l\u0131 itibar\u0131yla hayata ge\u00e7irilen yeni d\u00fczenlemeyle t\u00fcm akademik kademelerde Ar-Ge faaliyetlerini daha da g\u00fc\u00e7lendirecek kapsaml\u0131 destek programlar\u0131 uygulamaya al\u0131nd\u0131. Ayr\u0131ca mevcut destek programlar\u0131n\u0131n b\u00fct\u00e7esi y\u00fckseltilirken &#8216;Akdeniz&#8217;de Ar-Ge Lisansta Ba\u015flar&#8217; anlay\u0131\u015f\u0131yla lisans \u00f6\u011frencilerinin ara\u015ft\u0131rmalara aktif kat\u0131l\u0131m\u0131n\u0131 art\u0131rmak i\u00e7in de yeni destekler hayata ge\u00e7irildi.\u00a0 \u00a0\u00a0 &#8220;Proje destek tutarlar\u0131 y\u00fczde y\u00fcze yak\u0131n oranlarda art\u0131r\u0131ld\u0131&#8221;\u00a0 \u00a0 Bilimsel Ara\u015ft\u0131rma Projeleri Koordinasyon Biriminin yapt\u0131\u011f\u0131 yenilikler aras\u0131nda \u00f6ncelikli olarak uygulamadaki S\u00fcrekli Ba\u015fvuruya A\u00e7\u0131k Olan Projeler, \u00c7a\u011fr\u0131l\u0131 Projeler ve \u00d6zel Projeler olarak s\u0131n\u0131fland\u0131r\u0131lan projelerin \u00fcst destek tutarlar\u0131 art\u0131r\u0131ld\u0131. Bu kapsamda Y\u00fcksek Lisans Tez Projesi deste\u011fi 50 bin liradan 100 bin liraya, Doktora, T\u0131pta Uzmanl\u0131k, Di\u015f Hekimli\u011finde Uzmanl\u0131k, Sanatta Yeterlik Tez Projeleri deste\u011fi 100 bin liradan 200 bin liraya, Normal Ara\u015ft\u0131rma Projesi (NAP) deste\u011fi 175 bin liradan 300 bin liraya y\u00fckseltildi.\u00a0 \u00a0 \u00a0 &#8220;8 yeni proje t\u00fcr\u00fc ile Ar-Ge yelpazesi geni\u015fletildi&#8221;\u00a0 \u00a0 Yap\u0131lan yeni d\u00fczenleme ile ara\u015ft\u0131rma ve geli\u015ftirme faaliyetlerinin kapsam\u0131 8 yeni proje t\u00fcr\u00fcyle geni\u015fletildi. Bu kapsamda gen\u00e7 ara\u015ft\u0131rmac\u0131lara ba\u015flang\u0131\u00e7 deste\u011fi, disiplinler aras\u0131 ara\u015ft\u0131rmalar, h\u0131zl\u0131 destek projeleri, uluslararas\u0131 kat\u0131l\u0131ml\u0131 projeler, \u00fcniversite-kamu-\u00f6zel sekt\u00f6r-sanayi i\u015f birli\u011fi projeleri, sa\u011fl\u0131kta dijital &hellip;","og_url":"http:\/\/denizcankizil.tr\/de\/haberler\/antalya\/akdeniz-universitesinden-en-ust-duzey-destek\/","og_site_name":"Av. Deniz Can K\u0131z\u0131l","article_published_time":"2025-04-11T11:41:21+00:00","og_image":[{"width":1280,"height":720,"url":"http:\/\/denizcankizil.tr\/wp-content\/uploads\/2025\/04\/a-w430354-05-JE2dt8.webp","type":"image\/webp"}],"author":"Av. Deniz Can K\u0131z\u0131l","twitter_card":"summary_large_image","twitter_misc":{"Verfasst von":"Av. Deniz Can K\u0131z\u0131l","Gesch\u00e4tzte Lesezeit":"6\u00a0Minuten"},"schema":{"@context":"https:\/\/schema.org","@graph":[{"@type":"Article","@id":"http:\/\/denizcankizil.tr\/de\/haberler\/antalya\/akdeniz-universitesinden-en-ust-duzey-destek\/#article","isPartOf":{"@id":"http:\/\/denizcankizil.tr\/de\/haberler\/antalya\/akdeniz-universitesinden-en-ust-duzey-destek\/"},"author":{"name":"Av. Deniz Can K\u0131z\u0131l","@id":"https:\/\/denizcankizil.tr\/de\/#\/schema\/person\/5dc1b22991bd7ac833867c10afc9b0ff"},"headline":"Akdeniz \u00dcniversitesi&#8217;nden en \u00fcst d\u00fczey destek","datePublished":"2025-04-11T11:41:21+00:00","mainEntityOfPage":{"@id":"http:\/\/denizcankizil.tr\/de\/haberler\/antalya\/akdeniz-universitesinden-en-ust-duzey-destek\/"},"wordCount":1165,"publisher":{"@id":"https:\/\/denizcankizil.tr\/de\/#organization"},"image":{"@id":"http:\/\/denizcankizil.tr\/de\/haberler\/antalya\/akdeniz-universitesinden-en-ust-duzey-destek\/#primaryimage"},"thumbnailUrl":"http:\/\/denizcankizil.tr\/wp-content\/uploads\/2025\/04\/a-w430354-05-JE2dt8.webp","articleSection":["Antalya"],"inLanguage":"de"},{"@type":"WebPage","@id":"http:\/\/denizcankizil.tr\/de\/haberler\/antalya\/akdeniz-universitesinden-en-ust-duzey-destek\/","url":"http:\/\/denizcankizil.tr\/de\/haberler\/antalya\/akdeniz-universitesinden-en-ust-duzey-destek\/","name":"Akdeniz \u00dcniversitesi'nden en \u00fcst d\u00fczey destek - Av. Deniz Can K\u0131z\u0131l","isPartOf":{"@id":"https:\/\/denizcankizil.tr\/de\/#website"},"primaryImageOfPage":{"@id":"http:\/\/denizcankizil.tr\/de\/haberler\/antalya\/akdeniz-universitesinden-en-ust-duzey-destek\/#primaryimage"},"image":{"@id":"http:\/\/denizcankizil.tr\/de\/haberler\/antalya\/akdeniz-universitesinden-en-ust-duzey-destek\/#primaryimage"},"thumbnailUrl":"http:\/\/denizcankizil.tr\/wp-content\/uploads\/2025\/04\/a-w430354-05-JE2dt8.webp","datePublished":"2025-04-11T11:41:21+00:00","breadcrumb":{"@id":"http:\/\/denizcankizil.tr\/de\/haberler\/antalya\/akdeniz-universitesinden-en-ust-duzey-destek\/#breadcrumb"},"inLanguage":"de","potentialAction":[{"@type":"ReadAction","target":["http:\/\/denizcankizil.tr\/de\/haberler\/antalya\/akdeniz-universitesinden-en-ust-duzey-destek\/"]}]},{"@type":"ImageObject","inLanguage":"de","@id":"http:\/\/denizcankizil.tr\/de\/haberler\/antalya\/akdeniz-universitesinden-en-ust-duzey-destek\/#primaryimage","url":"http:\/\/denizcankizil.tr\/wp-content\/uploads\/2025\/04\/a-w430354-05-JE2dt8.webp","contentUrl":"http:\/\/denizcankizil.tr\/wp-content\/uploads\/2025\/04\/a-w430354-05-JE2dt8.webp","width":1280,"height":720},{"@type":"BreadcrumbList","@id":"http:\/\/denizcankizil.tr\/de\/haberler\/antalya\/akdeniz-universitesinden-en-ust-duzey-destek\/#breadcrumb","itemListElement":[{"@type":"ListItem","position":1,"name":"Home","item":"https:\/\/denizcankizil.tr\/de\/"},{"@type":"ListItem","position":2,"name":"Akdeniz \u00dcniversitesi&#8217;nden en \u00fcst d\u00fczey destek"}]},{"@type":"WebSite","@id":"https:\/\/denizcankizil.tr\/de\/#website","url":"https:\/\/denizcankizil.tr\/de\/","name":"Av. Deniz Can K\u0131z\u0131l","description":"Avukat Deniz Can K\u0131z\u0131l Antalya Barosu","publisher":{"@id":"https:\/\/denizcankizil.tr\/de\/#organization"},"potentialAction":[{"@type":"SearchAction","target":{"@type":"EntryPoint","urlTemplate":"https:\/\/denizcankizil.tr\/de\/?s={search_term_string}"},"query-input":{"@type":"PropertyValueSpecification","valueRequired":true,"valueName":"search_term_string"}}],"inLanguage":"de"},{"@type":"Organization","@id":"https:\/\/denizcankizil.tr\/de\/#organization","name":"Av. Deniz Can K\u0131z\u0131l","url":"https:\/\/denizcankizil.tr\/de\/","logo":{"@type":"ImageObject","inLanguage":"de","@id":"https:\/\/denizcankizil.tr\/de\/#\/schema\/logo\/image\/","url":"http:\/\/denizcankizil.tr\/wp-content\/uploads\/2024\/10\/siyah-logo-svg.svg","contentUrl":"http:\/\/denizcankizil.tr\/wp-content\/uploads\/2024\/10\/siyah-logo-svg.svg","width":1080,"height":1080,"caption":"Av. Deniz Can K\u0131z\u0131l"},"image":{"@id":"https:\/\/denizcankizil.tr\/de\/#\/schema\/logo\/image\/"}},{"@type":"Person","@id":"https:\/\/denizcankizil.tr\/de\/#\/schema\/person\/5dc1b22991bd7ac833867c10afc9b0ff","name":"Av. Deniz Can K\u0131z\u0131l","image":{"@type":"ImageObject","inLanguage":"de","@id":"https:\/\/denizcankizil.tr\/de\/#\/schema\/person\/image\/","url":"https:\/\/secure.gravatar.com\/avatar\/a0b128fb9855c79efc976d5640eedb31dc35ec297594d6016d2cf7c60e975bb6?s=96&d=mm&r=g","contentUrl":"https:\/\/secure.gravatar.com\/avatar\/a0b128fb9855c79efc976d5640eedb31dc35ec297594d6016d2cf7c60e975bb6?s=96&d=mm&r=g","caption":"Av. Deniz Can K\u0131z\u0131l"},"sameAs":["http:\/\/www.denizcankizil.tr"],"url":"http:\/\/denizcankizil.tr\/de\/author\/denizcankizil\/"}]}},"_links":{"self":[{"href":"http:\/\/denizcankizil.tr\/de\/wp-json\/wp\/v2\/posts\/52493","targetHints":{"allow":["GET"]}}],"collection":[{"href":"http:\/\/denizcankizil.tr\/de\/wp-json\/wp\/v2\/posts"}],"about":[{"href":"http:\/\/denizcankizil.tr\/de\/wp-json\/wp\/v2\/types\/post"}],"author":[{"embeddable":true,"href":"http:\/\/denizcankizil.tr\/de\/wp-json\/wp\/v2\/users\/4"}],"replies":[{"embeddable":true,"href":"http:\/\/denizcankizil.tr\/de\/wp-json\/wp\/v2\/comments?post=52493"}],"version-history":[{"count":0,"href":"http:\/\/denizcankizil.tr\/de\/wp-json\/wp\/v2\/posts\/52493\/revisions"}],"wp:featuredmedia":[{"embeddable":true,"href":"http:\/\/denizcankizil.tr\/de\/wp-json\/wp\/v2\/media\/52494"}],"wp:attachment":[{"href":"http:\/\/denizcankizil.tr\/de\/wp-json\/wp\/v2\/media?parent=52493"}],"wp:term":[{"taxonomy":"category","embeddable":true,"href":"http:\/\/denizcankizil.tr\/de\/wp-json\/wp\/v2\/categories?post=52493"},{"taxonomy":"post_tag","embeddable":true,"href":"http:\/\/denizcankizil.tr\/de\/wp-json\/wp\/v2\/tags?post=52493"}],"curies":[{"name":"wp","href":"https:\/\/api.w.org\/{rel}","templated":true}]}}