{"id":52439,"date":"2025-04-11T12:42:05","date_gmt":"2025-04-11T09:42:05","guid":{"rendered":"https:\/\/denizcankizil.tr\/uncategorized-tr\/piyano-keman-ve-caz-esintileriyle-dolu-unutulmayacak-hafta\/"},"modified":"2025-04-11T12:42:05","modified_gmt":"2025-04-11T09:42:05","slug":"piyano-keman-ve-caz-esintileriyle-dolu-unutulmayacak-hafta","status":"publish","type":"post","link":"http:\/\/denizcankizil.tr\/de\/haberler\/gundem\/piyano-keman-ve-caz-esintileriyle-dolu-unutulmayacak-hafta\/","title":{"rendered":"Piyano, keman ve caz esintileriyle dolu unutulmayacak hafta"},"content":{"rendered":"<p>Piyano ve keman sesleri, Caz t\u0131n\u0131lar\u0131 Sevda-Cenap And M\u00fczik Vakf\u0131 taraf\u0131ndan d\u00fczenlenen 39. Uluslararas\u0131 Ankara M\u00fczik Festivali\u2019nde bir kez daha bulu\u015fuyor.ANKARA (\u0130GFA) &#8211; Ba\u015fkent Ankara\u2019n\u0131n sanat g\u00fcndeminde bu hafta da m\u00fczik var. Sevda-Cenap And M\u00fczik Vakf\u0131\u2019n\u0131n d\u00fczenledi\u011fi 39. Uluslararas\u0131 Ankara M\u00fczik Festivali, evrensel m\u00fczi\u011fin co\u015fkusunu bu hafta \u00fc\u00e7 konserle ta\u00e7land\u0131r\u0131yor.<br \/>\n15-19 Nisan tarihlerinde ger\u00e7ekle\u015fecek \u00fc\u00e7 konser, klasik m\u00fczikten caza uzanan zengin bir program sunuyor.<\/p>\n<p>15 Nisan&#8217;da Bilkent Konser Salonu\u2019nda, d\u00fcnyaca \u00fcnl\u00fc piyano ikilisi Katya Apekisheva ve Charles Owen, Mozart, Ravel, Poulenc ve Lutoslawski gibi bestecilerin eserlerini yorumlayacak.<br \/>\nLondra Piyano Festivali\u2019nin kurucular\u0131 olan ikili, Stravinsky ve Rachmaninov kay\u0131tlar\u0131yla tan\u0131n\u0131yor.<br \/>\n16 Nisan \u00c7ar\u015famba g\u00fcn\u00fc ise Orkestra Akademik Ba\u015fkent\u2019ten T\u00fcrkiye\u2019de \u0130lk Seslendirmeler\u00a0CSO Ada Ankara Bankkart Mavi Salon\u2019da ger\u00e7ekle\u015ftirilecek.\u00a0<br \/>\nTolga Atalay \u00dcn y\u00f6netimindeki Orkestra Akademik Ba\u015fkent, Philip Glass\u2019\u0131n \u201cAmerican Four Seasons\u201d adl\u0131 eserini T\u00fcrkiye\u2019de ilk kez seslendirecek. Solist, keman virt\u00fc\u00f6z\u00fc Elvin Hoxha Ganiyev. Konserde ayr\u0131ca Ege G\u00fcr\u2019\u00fcn pandemi d\u00f6neminde besteledi\u011fi \u201cSessizli\u011fin So\u011fuk Sular\u0131nda\u201d adl\u0131 eserin d\u00fcnya pr\u00f6miyeri yap\u0131lacak.<br \/>\n19 Nisan Cumartesi g\u00fcn\u00fc ise Piero Odorici &amp; Roberto Rossi Quintet ile Caz Gecesi ya\u015fanacak.\u00a0<\/p>\n<p>CSO Ada Ankara Tarihi Salon\u2019da, tenor saksafoncu Piero Odorici liderli\u011findeki quintet, caz efsanesi Cedar Walton\u2019\u0131n eserlerini seslendirecek.\u00a0<br \/>\nFestival, 24 Nisan\u2019da Yamandu Costa\u2019n\u0131n solist oldu\u011fu Orkestra Akademik Ba\u015fkent konseri ve 26 Nisan\u2019da \u0160kampa Quartet\u2019nin performans\u0131yla devam edecek.<br \/>\n30 Nisan\u2019a kadar s\u00fcrecek festival, 250\u2019ye yak\u0131n yerli ve yabanc\u0131 sanat\u00e7\u0131y\u0131 a\u011f\u0131rlayacak.<\/p>\n<p>\u200bPiyano ve keman sesleri, Caz t\u0131n\u0131lar\u0131 Sevda-Cenap And M\u00fczik Vakf\u0131 taraf\u0131ndan d\u00fczenlenen 39. Uluslararas\u0131 Ankara M\u00fczik Festivali\u2019nde bir kez daha bulu\u015fuyor.ANKARA (\u0130GFA) &#8211; Ba\u015fkent Ankara\u2019n\u0131n sanat g\u00fcndeminde bu hafta da m\u00fczik var. Sevda-Cenap And M\u00fczik Vakf\u0131\u2019n\u0131n d\u00fczenledi\u011fi 39. Uluslararas\u0131 Ankara M\u00fczik Festivali, evrensel m\u00fczi\u011fin co\u015fkusunu bu hafta \u00fc\u00e7 konserle ta\u00e7land\u0131r\u0131yor.<br \/>\n15-19 Nisan tarihlerinde ger\u00e7ekle\u015fecek \u00fc\u00e7 konser, klasik m\u00fczikten caza uzanan zengin bir program sunuyor.<\/p>\n<p>15 Nisan&#8217;da Bilkent Konser Salonu\u2019nda, d\u00fcnyaca \u00fcnl\u00fc piyano ikilisi Katya Apekisheva ve Charles Owen, Mozart, Ravel, Poulenc ve Lutoslawski gibi bestecilerin eserlerini yorumlayacak.<br \/>\nLondra Piyano Festivali\u2019nin kurucular\u0131 olan ikili, Stravinsky ve Rachmaninov kay\u0131tlar\u0131yla tan\u0131n\u0131yor.<br \/>\n16 Nisan \u00c7ar\u015famba g\u00fcn\u00fc ise Orkestra Akademik Ba\u015fkent\u2019ten T\u00fcrkiye\u2019de \u0130lk Seslendirmeler\u00a0CSO Ada Ankara Bankkart Mavi Salon\u2019da ger\u00e7ekle\u015ftirilecek.\u00a0<br \/>\nTolga Atalay \u00dcn y\u00f6netimindeki Orkestra Akademik Ba\u015fkent, Philip Glass\u2019\u0131n \u201cAmerican Four Seasons\u201d adl\u0131 eserini T\u00fcrkiye\u2019de ilk kez seslendirecek. Solist, keman virt\u00fc\u00f6z\u00fc Elvin Hoxha Ganiyev. Konserde ayr\u0131ca Ege G\u00fcr\u2019\u00fcn pandemi d\u00f6neminde besteledi\u011fi \u201cSessizli\u011fin So\u011fuk Sular\u0131nda\u201d adl\u0131 eserin d\u00fcnya pr\u00f6miyeri yap\u0131lacak.<br \/>\n19 Nisan Cumartesi g\u00fcn\u00fc ise Piero Odorici &amp; Roberto Rossi Quintet ile Caz Gecesi ya\u015fanacak.\u00a0<\/p>\n<p>CSO Ada Ankara Tarihi Salon\u2019da, tenor saksafoncu Piero Odorici liderli\u011findeki quintet, caz efsanesi Cedar Walton\u2019\u0131n eserlerini seslendirecek.\u00a0<br \/>\nFestival, 24 Nisan\u2019da Yamandu Costa\u2019n\u0131n solist oldu\u011fu Orkestra Akademik Ba\u015fkent konseri ve 26 Nisan\u2019da \u0160kampa Quartet\u2019nin performans\u0131yla devam edecek.<br \/>\n30 Nisan\u2019a kadar s\u00fcrecek festival, 250\u2019ye yak\u0131n yerli ve yabanc\u0131 sanat\u00e7\u0131y\u0131 a\u011f\u0131rlayacak.\u00a0<\/p>\n<p>\u200bHaberin Al\u0131nt\u0131land\u0131\u011f\u0131 Kaynak: www.iskenderun.org<\/p>","protected":false},"excerpt":{"rendered":"<p>Piyano ve keman sesleri, Caz t\u0131n\u0131lar\u0131 Sevda-Cenap And M\u00fczik Vakf\u0131 taraf\u0131ndan d\u00fczenlenen 39. Uluslararas\u0131 Ankara M\u00fczik Festivali\u2019nde bir kez daha bulu\u015fuyor.ANKARA (\u0130GFA) &#8211; Ba\u015fkent Ankara\u2019n\u0131n sanat g\u00fcndeminde bu hafta da m\u00fczik var. Sevda-Cenap And M\u00fczik Vakf\u0131\u2019n\u0131n d\u00fczenledi\u011fi 39. Uluslararas\u0131 Ankara M\u00fczik Festivali, evrensel m\u00fczi\u011fin co\u015fkusunu bu hafta \u00fc\u00e7 konserle ta\u00e7land\u0131r\u0131yor. 15-19 Nisan tarihlerinde ger\u00e7ekle\u015fecek \u00fc\u00e7 konser, klasik m\u00fczikten caza uzanan zengin bir program sunuyor. 15 Nisan&#8217;da Bilkent Konser Salonu\u2019nda, d\u00fcnyaca \u00fcnl\u00fc piyano ikilisi Katya Apekisheva ve Charles Owen, Mozart, Ravel, Poulenc ve Lutoslawski gibi bestecilerin eserlerini yorumlayacak. Londra Piyano Festivali\u2019nin kurucular\u0131 olan ikili, Stravinsky ve Rachmaninov kay\u0131tlar\u0131yla tan\u0131n\u0131yor. 16 Nisan \u00c7ar\u015famba g\u00fcn\u00fc ise Orkestra Akademik Ba\u015fkent\u2019ten T\u00fcrkiye\u2019de \u0130lk Seslendirmeler\u00a0CSO Ada Ankara Bankkart Mavi Salon\u2019da ger\u00e7ekle\u015ftirilecek.\u00a0 Tolga Atalay \u00dcn y\u00f6netimindeki Orkestra Akademik Ba\u015fkent, Philip Glass\u2019\u0131n \u201cAmerican Four Seasons\u201d adl\u0131 eserini T\u00fcrkiye\u2019de ilk kez seslendirecek. Solist, keman virt\u00fc\u00f6z\u00fc Elvin Hoxha Ganiyev. Konserde ayr\u0131ca Ege G\u00fcr\u2019\u00fcn pandemi d\u00f6neminde besteledi\u011fi \u201cSessizli\u011fin So\u011fuk Sular\u0131nda\u201d adl\u0131 eserin d\u00fcnya pr\u00f6miyeri yap\u0131lacak. 19 Nisan Cumartesi g\u00fcn\u00fc ise Piero Odorici &amp; Roberto Rossi Quintet ile Caz Gecesi ya\u015fanacak.\u00a0 CSO Ada Ankara Tarihi Salon\u2019da, tenor saksafoncu Piero Odorici liderli\u011findeki quintet, caz efsanesi Cedar Walton\u2019\u0131n eserlerini seslendirecek.\u00a0 Festival, 24 Nisan\u2019da Yamandu Costa\u2019n\u0131n solist oldu\u011fu Orkestra Akademik Ba\u015fkent konseri ve 26 Nisan\u2019da &hellip;<\/p>","protected":false},"author":1,"featured_media":0,"comment_status":"","ping_status":"open","sticky":false,"template":"","format":"standard","meta":{"_acf_changed":false,"footnotes":""},"categories":[24],"tags":[],"class_list":["post-52439","post","type-post","status-publish","format-standard","has-post-thumbnail","hentry","category-gundem"],"acf":[],"yoast_head":"<!-- This site is optimized with the Yoast SEO Premium plugin v26.6 (Yoast SEO v27.1.1) - https:\/\/yoast.com\/product\/yoast-seo-premium-wordpress\/ -->\n<title>Piyano, keman ve caz esintileriyle dolu unutulmayacak hafta - Av. Deniz Can K\u0131z\u0131l<\/title>\n<meta name=\"robots\" content=\"index, follow, max-snippet:-1, max-image-preview:large, max-video-preview:-1\" \/>\n<link rel=\"canonical\" href=\"https:\/\/denizcankizil.tr\/de\/haberler\/gundem\/piyano-keman-ve-caz-esintileriyle-dolu-unutulmayacak-hafta\/\" \/>\n<meta property=\"og:locale\" content=\"de_DE\" \/>\n<meta property=\"og:type\" content=\"article\" \/>\n<meta property=\"og:title\" content=\"Piyano, keman ve caz esintileriyle dolu unutulmayacak hafta\" \/>\n<meta property=\"og:description\" content=\"Piyano ve keman sesleri, Caz t\u0131n\u0131lar\u0131 Sevda-Cenap And M\u00fczik Vakf\u0131 taraf\u0131ndan d\u00fczenlenen 39. Uluslararas\u0131 Ankara M\u00fczik Festivali\u2019nde bir kez daha bulu\u015fuyor.ANKARA (\u0130GFA) &#8211; Ba\u015fkent Ankara\u2019n\u0131n sanat g\u00fcndeminde bu hafta da m\u00fczik var. Sevda-Cenap And M\u00fczik Vakf\u0131\u2019n\u0131n d\u00fczenledi\u011fi 39. Uluslararas\u0131 Ankara M\u00fczik Festivali, evrensel m\u00fczi\u011fin co\u015fkusunu bu hafta \u00fc\u00e7 konserle ta\u00e7land\u0131r\u0131yor. 15-19 Nisan tarihlerinde ger\u00e7ekle\u015fecek \u00fc\u00e7 konser, klasik m\u00fczikten caza uzanan zengin bir program sunuyor. 15 Nisan&#8217;da Bilkent Konser Salonu\u2019nda, d\u00fcnyaca \u00fcnl\u00fc piyano ikilisi Katya Apekisheva ve Charles Owen, Mozart, Ravel, Poulenc ve Lutoslawski gibi bestecilerin eserlerini yorumlayacak. Londra Piyano Festivali\u2019nin kurucular\u0131 olan ikili, Stravinsky ve Rachmaninov kay\u0131tlar\u0131yla tan\u0131n\u0131yor. 16 Nisan \u00c7ar\u015famba g\u00fcn\u00fc ise Orkestra Akademik Ba\u015fkent\u2019ten T\u00fcrkiye\u2019de \u0130lk Seslendirmeler\u00a0CSO Ada Ankara Bankkart Mavi Salon\u2019da ger\u00e7ekle\u015ftirilecek.\u00a0 Tolga Atalay \u00dcn y\u00f6netimindeki Orkestra Akademik Ba\u015fkent, Philip Glass\u2019\u0131n \u201cAmerican Four Seasons\u201d adl\u0131 eserini T\u00fcrkiye\u2019de ilk kez seslendirecek. Solist, keman virt\u00fc\u00f6z\u00fc Elvin Hoxha Ganiyev. Konserde ayr\u0131ca Ege G\u00fcr\u2019\u00fcn pandemi d\u00f6neminde besteledi\u011fi \u201cSessizli\u011fin So\u011fuk Sular\u0131nda\u201d adl\u0131 eserin d\u00fcnya pr\u00f6miyeri yap\u0131lacak. 19 Nisan Cumartesi g\u00fcn\u00fc ise Piero Odorici &amp; Roberto Rossi Quintet ile Caz Gecesi ya\u015fanacak.\u00a0 CSO Ada Ankara Tarihi Salon\u2019da, tenor saksafoncu Piero Odorici liderli\u011findeki quintet, caz efsanesi Cedar Walton\u2019\u0131n eserlerini seslendirecek.\u00a0 Festival, 24 Nisan\u2019da Yamandu Costa\u2019n\u0131n solist oldu\u011fu Orkestra Akademik Ba\u015fkent konseri ve 26 Nisan\u2019da &hellip;\" \/>\n<meta property=\"og:url\" content=\"https:\/\/denizcankizil.tr\/de\/haberler\/gundem\/piyano-keman-ve-caz-esintileriyle-dolu-unutulmayacak-hafta\/\" \/>\n<meta property=\"og:site_name\" content=\"Av. Deniz Can K\u0131z\u0131l\" \/>\n<meta property=\"article:published_time\" content=\"2025-04-11T09:42:05+00:00\" \/>\n<meta name=\"author\" content=\"admin\" \/>\n<meta name=\"twitter:card\" content=\"summary_large_image\" \/>\n<meta name=\"twitter:label1\" content=\"Verfasst von\" \/>\n\t<meta name=\"twitter:data1\" content=\"admin\" \/>\n\t<meta name=\"twitter:label2\" content=\"Gesch\u00e4tzte Lesezeit\" \/>\n\t<meta name=\"twitter:data2\" content=\"3\u00a0Minuten\" \/>\n<script type=\"application\/ld+json\" class=\"yoast-schema-graph\">{\"@context\":\"https:\/\/schema.org\",\"@graph\":[{\"@type\":\"Article\",\"@id\":\"https:\/\/denizcankizil.tr\/ru\/haberler\/gundem\/piyano-keman-ve-caz-esintileriyle-dolu-unutulmayacak-hafta\/#article\",\"isPartOf\":{\"@id\":\"https:\/\/denizcankizil.tr\/ru\/haberler\/gundem\/piyano-keman-ve-caz-esintileriyle-dolu-unutulmayacak-hafta\/\"},\"author\":{\"name\":\"admin\",\"@id\":\"https:\/\/denizcankizil.tr\/de\/#\/schema\/person\/be3c05fe6a12686905512445d8185489\"},\"headline\":\"Piyano, keman ve caz esintileriyle dolu unutulmayacak hafta\",\"datePublished\":\"2025-04-11T09:42:05+00:00\",\"mainEntityOfPage\":{\"@id\":\"https:\/\/denizcankizil.tr\/ru\/haberler\/gundem\/piyano-keman-ve-caz-esintileriyle-dolu-unutulmayacak-hafta\/\"},\"wordCount\":594,\"publisher\":{\"@id\":\"https:\/\/denizcankizil.tr\/de\/#organization\"},\"articleSection\":[\"G\u00fcndem\"],\"inLanguage\":\"de\"},{\"@type\":\"WebPage\",\"@id\":\"https:\/\/denizcankizil.tr\/ru\/haberler\/gundem\/piyano-keman-ve-caz-esintileriyle-dolu-unutulmayacak-hafta\/\",\"url\":\"https:\/\/denizcankizil.tr\/ru\/haberler\/gundem\/piyano-keman-ve-caz-esintileriyle-dolu-unutulmayacak-hafta\/\",\"name\":\"Piyano, keman ve caz esintileriyle dolu unutulmayacak hafta - Av. Deniz Can K\u0131z\u0131l\",\"isPartOf\":{\"@id\":\"https:\/\/denizcankizil.tr\/de\/#website\"},\"datePublished\":\"2025-04-11T09:42:05+00:00\",\"breadcrumb\":{\"@id\":\"https:\/\/denizcankizil.tr\/ru\/haberler\/gundem\/piyano-keman-ve-caz-esintileriyle-dolu-unutulmayacak-hafta\/#breadcrumb\"},\"inLanguage\":\"de\",\"potentialAction\":[{\"@type\":\"ReadAction\",\"target\":[\"https:\/\/denizcankizil.tr\/ru\/haberler\/gundem\/piyano-keman-ve-caz-esintileriyle-dolu-unutulmayacak-hafta\/\"]}]},{\"@type\":\"BreadcrumbList\",\"@id\":\"https:\/\/denizcankizil.tr\/ru\/haberler\/gundem\/piyano-keman-ve-caz-esintileriyle-dolu-unutulmayacak-hafta\/#breadcrumb\",\"itemListElement\":[{\"@type\":\"ListItem\",\"position\":1,\"name\":\"Home\",\"item\":\"https:\/\/denizcankizil.tr\/de\/\"},{\"@type\":\"ListItem\",\"position\":2,\"name\":\"Piyano, keman ve caz esintileriyle dolu unutulmayacak hafta\"}]},{\"@type\":\"WebSite\",\"@id\":\"https:\/\/denizcankizil.tr\/de\/#website\",\"url\":\"https:\/\/denizcankizil.tr\/de\/\",\"name\":\"Av. Deniz Can K\u0131z\u0131l\",\"description\":\"Avukat Deniz Can K\u0131z\u0131l Antalya Barosu\",\"publisher\":{\"@id\":\"https:\/\/denizcankizil.tr\/de\/#organization\"},\"potentialAction\":[{\"@type\":\"SearchAction\",\"target\":{\"@type\":\"EntryPoint\",\"urlTemplate\":\"https:\/\/denizcankizil.tr\/de\/?s={search_term_string}\"},\"query-input\":{\"@type\":\"PropertyValueSpecification\",\"valueRequired\":true,\"valueName\":\"search_term_string\"}}],\"inLanguage\":\"de\"},{\"@type\":\"Organization\",\"@id\":\"https:\/\/denizcankizil.tr\/de\/#organization\",\"name\":\"Av. Deniz Can K\u0131z\u0131l\",\"url\":\"https:\/\/denizcankizil.tr\/de\/\",\"logo\":{\"@type\":\"ImageObject\",\"inLanguage\":\"de\",\"@id\":\"https:\/\/denizcankizil.tr\/de\/#\/schema\/logo\/image\/\",\"url\":\"http:\/\/denizcankizil.tr\/wp-content\/uploads\/2024\/10\/siyah-logo-svg.svg\",\"contentUrl\":\"http:\/\/denizcankizil.tr\/wp-content\/uploads\/2024\/10\/siyah-logo-svg.svg\",\"width\":1080,\"height\":1080,\"caption\":\"Av. Deniz Can K\u0131z\u0131l\"},\"image\":{\"@id\":\"https:\/\/denizcankizil.tr\/de\/#\/schema\/logo\/image\/\"}},{\"@type\":\"Person\",\"@id\":\"https:\/\/denizcankizil.tr\/de\/#\/schema\/person\/be3c05fe6a12686905512445d8185489\",\"name\":\"admin\",\"image\":{\"@type\":\"ImageObject\",\"inLanguage\":\"de\",\"@id\":\"https:\/\/denizcankizil.tr\/de\/#\/schema\/person\/image\/\",\"url\":\"https:\/\/secure.gravatar.com\/avatar\/c1fce94c830dc79107e174f890d7210541c4a63e8e5d816341794a2151c9d58c?s=96&d=mm&r=g\",\"contentUrl\":\"https:\/\/secure.gravatar.com\/avatar\/c1fce94c830dc79107e174f890d7210541c4a63e8e5d816341794a2151c9d58c?s=96&d=mm&r=g\",\"caption\":\"admin\"},\"sameAs\":[\"http:\/\/denizcankizil.tr\"],\"url\":\"https:\/\/www.iskenderun.org\/piyano-keman-ve-caz-esintileriyle-dolu-unutulmayacak-hafta\"}]}<\/script>\n<!-- \/ Yoast SEO Premium plugin. -->","yoast_head_json":{"title":"Piyano, keman ve caz esintileriyle dolu unutulmayacak hafta - Av. Deniz Can K\u0131z\u0131l","robots":{"index":"index","follow":"follow","max-snippet":"max-snippet:-1","max-image-preview":"max-image-preview:large","max-video-preview":"max-video-preview:-1"},"canonical":"https:\/\/denizcankizil.tr\/de\/haberler\/gundem\/piyano-keman-ve-caz-esintileriyle-dolu-unutulmayacak-hafta\/","og_locale":"de_DE","og_type":"article","og_title":"Piyano, keman ve caz esintileriyle dolu unutulmayacak hafta","og_description":"Piyano ve keman sesleri, Caz t\u0131n\u0131lar\u0131 Sevda-Cenap And M\u00fczik Vakf\u0131 taraf\u0131ndan d\u00fczenlenen 39. Uluslararas\u0131 Ankara M\u00fczik Festivali\u2019nde bir kez daha bulu\u015fuyor.ANKARA (\u0130GFA) &#8211; Ba\u015fkent Ankara\u2019n\u0131n sanat g\u00fcndeminde bu hafta da m\u00fczik var. Sevda-Cenap And M\u00fczik Vakf\u0131\u2019n\u0131n d\u00fczenledi\u011fi 39. Uluslararas\u0131 Ankara M\u00fczik Festivali, evrensel m\u00fczi\u011fin co\u015fkusunu bu hafta \u00fc\u00e7 konserle ta\u00e7land\u0131r\u0131yor. 15-19 Nisan tarihlerinde ger\u00e7ekle\u015fecek \u00fc\u00e7 konser, klasik m\u00fczikten caza uzanan zengin bir program sunuyor. 15 Nisan&#8217;da Bilkent Konser Salonu\u2019nda, d\u00fcnyaca \u00fcnl\u00fc piyano ikilisi Katya Apekisheva ve Charles Owen, Mozart, Ravel, Poulenc ve Lutoslawski gibi bestecilerin eserlerini yorumlayacak. Londra Piyano Festivali\u2019nin kurucular\u0131 olan ikili, Stravinsky ve Rachmaninov kay\u0131tlar\u0131yla tan\u0131n\u0131yor. 16 Nisan \u00c7ar\u015famba g\u00fcn\u00fc ise Orkestra Akademik Ba\u015fkent\u2019ten T\u00fcrkiye\u2019de \u0130lk Seslendirmeler\u00a0CSO Ada Ankara Bankkart Mavi Salon\u2019da ger\u00e7ekle\u015ftirilecek.\u00a0 Tolga Atalay \u00dcn y\u00f6netimindeki Orkestra Akademik Ba\u015fkent, Philip Glass\u2019\u0131n \u201cAmerican Four Seasons\u201d adl\u0131 eserini T\u00fcrkiye\u2019de ilk kez seslendirecek. Solist, keman virt\u00fc\u00f6z\u00fc Elvin Hoxha Ganiyev. Konserde ayr\u0131ca Ege G\u00fcr\u2019\u00fcn pandemi d\u00f6neminde besteledi\u011fi \u201cSessizli\u011fin So\u011fuk Sular\u0131nda\u201d adl\u0131 eserin d\u00fcnya pr\u00f6miyeri yap\u0131lacak. 19 Nisan Cumartesi g\u00fcn\u00fc ise Piero Odorici &amp; Roberto Rossi Quintet ile Caz Gecesi ya\u015fanacak.\u00a0 CSO Ada Ankara Tarihi Salon\u2019da, tenor saksafoncu Piero Odorici liderli\u011findeki quintet, caz efsanesi Cedar Walton\u2019\u0131n eserlerini seslendirecek.\u00a0 Festival, 24 Nisan\u2019da Yamandu Costa\u2019n\u0131n solist oldu\u011fu Orkestra Akademik Ba\u015fkent konseri ve 26 Nisan\u2019da &hellip;","og_url":"https:\/\/denizcankizil.tr\/de\/haberler\/gundem\/piyano-keman-ve-caz-esintileriyle-dolu-unutulmayacak-hafta\/","og_site_name":"Av. Deniz Can K\u0131z\u0131l","article_published_time":"2025-04-11T09:42:05+00:00","author":"admin","twitter_card":"summary_large_image","twitter_misc":{"Verfasst von":"admin","Gesch\u00e4tzte Lesezeit":"3\u00a0Minuten"},"schema":{"@context":"https:\/\/schema.org","@graph":[{"@type":"Article","@id":"https:\/\/denizcankizil.tr\/ru\/haberler\/gundem\/piyano-keman-ve-caz-esintileriyle-dolu-unutulmayacak-hafta\/#article","isPartOf":{"@id":"https:\/\/denizcankizil.tr\/ru\/haberler\/gundem\/piyano-keman-ve-caz-esintileriyle-dolu-unutulmayacak-hafta\/"},"author":{"name":"admin","@id":"https:\/\/denizcankizil.tr\/de\/#\/schema\/person\/be3c05fe6a12686905512445d8185489"},"headline":"Piyano, keman ve caz esintileriyle dolu unutulmayacak hafta","datePublished":"2025-04-11T09:42:05+00:00","mainEntityOfPage":{"@id":"https:\/\/denizcankizil.tr\/ru\/haberler\/gundem\/piyano-keman-ve-caz-esintileriyle-dolu-unutulmayacak-hafta\/"},"wordCount":594,"publisher":{"@id":"https:\/\/denizcankizil.tr\/de\/#organization"},"articleSection":["G\u00fcndem"],"inLanguage":"de"},{"@type":"WebPage","@id":"https:\/\/denizcankizil.tr\/ru\/haberler\/gundem\/piyano-keman-ve-caz-esintileriyle-dolu-unutulmayacak-hafta\/","url":"https:\/\/denizcankizil.tr\/ru\/haberler\/gundem\/piyano-keman-ve-caz-esintileriyle-dolu-unutulmayacak-hafta\/","name":"Piyano, keman ve caz esintileriyle dolu unutulmayacak hafta - Av. Deniz Can K\u0131z\u0131l","isPartOf":{"@id":"https:\/\/denizcankizil.tr\/de\/#website"},"datePublished":"2025-04-11T09:42:05+00:00","breadcrumb":{"@id":"https:\/\/denizcankizil.tr\/ru\/haberler\/gundem\/piyano-keman-ve-caz-esintileriyle-dolu-unutulmayacak-hafta\/#breadcrumb"},"inLanguage":"de","potentialAction":[{"@type":"ReadAction","target":["https:\/\/denizcankizil.tr\/ru\/haberler\/gundem\/piyano-keman-ve-caz-esintileriyle-dolu-unutulmayacak-hafta\/"]}]},{"@type":"BreadcrumbList","@id":"https:\/\/denizcankizil.tr\/ru\/haberler\/gundem\/piyano-keman-ve-caz-esintileriyle-dolu-unutulmayacak-hafta\/#breadcrumb","itemListElement":[{"@type":"ListItem","position":1,"name":"Home","item":"https:\/\/denizcankizil.tr\/de\/"},{"@type":"ListItem","position":2,"name":"Piyano, keman ve caz esintileriyle dolu unutulmayacak hafta"}]},{"@type":"WebSite","@id":"https:\/\/denizcankizil.tr\/de\/#website","url":"https:\/\/denizcankizil.tr\/de\/","name":"Av. Deniz Can K\u0131z\u0131l","description":"Avukat Deniz Can K\u0131z\u0131l Antalya Barosu","publisher":{"@id":"https:\/\/denizcankizil.tr\/de\/#organization"},"potentialAction":[{"@type":"SearchAction","target":{"@type":"EntryPoint","urlTemplate":"https:\/\/denizcankizil.tr\/de\/?s={search_term_string}"},"query-input":{"@type":"PropertyValueSpecification","valueRequired":true,"valueName":"search_term_string"}}],"inLanguage":"de"},{"@type":"Organization","@id":"https:\/\/denizcankizil.tr\/de\/#organization","name":"Av. Deniz Can K\u0131z\u0131l","url":"https:\/\/denizcankizil.tr\/de\/","logo":{"@type":"ImageObject","inLanguage":"de","@id":"https:\/\/denizcankizil.tr\/de\/#\/schema\/logo\/image\/","url":"http:\/\/denizcankizil.tr\/wp-content\/uploads\/2024\/10\/siyah-logo-svg.svg","contentUrl":"http:\/\/denizcankizil.tr\/wp-content\/uploads\/2024\/10\/siyah-logo-svg.svg","width":1080,"height":1080,"caption":"Av. Deniz Can K\u0131z\u0131l"},"image":{"@id":"https:\/\/denizcankizil.tr\/de\/#\/schema\/logo\/image\/"}},{"@type":"Person","@id":"https:\/\/denizcankizil.tr\/de\/#\/schema\/person\/be3c05fe6a12686905512445d8185489","name":"Administrator","image":{"@type":"ImageObject","inLanguage":"de","@id":"https:\/\/denizcankizil.tr\/de\/#\/schema\/person\/image\/","url":"https:\/\/secure.gravatar.com\/avatar\/c1fce94c830dc79107e174f890d7210541c4a63e8e5d816341794a2151c9d58c?s=96&d=mm&r=g","contentUrl":"https:\/\/secure.gravatar.com\/avatar\/c1fce94c830dc79107e174f890d7210541c4a63e8e5d816341794a2151c9d58c?s=96&d=mm&r=g","caption":"admin"},"sameAs":["http:\/\/denizcankizil.tr"],"url":"https:\/\/www.iskenderun.org\/piyano-keman-ve-caz-esintileriyle-dolu-unutulmayacak-hafta"}]}},"_links":{"self":[{"href":"http:\/\/denizcankizil.tr\/de\/wp-json\/wp\/v2\/posts\/52439","targetHints":{"allow":["GET"]}}],"collection":[{"href":"http:\/\/denizcankizil.tr\/de\/wp-json\/wp\/v2\/posts"}],"about":[{"href":"http:\/\/denizcankizil.tr\/de\/wp-json\/wp\/v2\/types\/post"}],"author":[{"embeddable":true,"href":"http:\/\/denizcankizil.tr\/de\/wp-json\/wp\/v2\/users\/1"}],"replies":[{"embeddable":true,"href":"http:\/\/denizcankizil.tr\/de\/wp-json\/wp\/v2\/comments?post=52439"}],"version-history":[{"count":0,"href":"http:\/\/denizcankizil.tr\/de\/wp-json\/wp\/v2\/posts\/52439\/revisions"}],"wp:attachment":[{"href":"http:\/\/denizcankizil.tr\/de\/wp-json\/wp\/v2\/media?parent=52439"}],"wp:term":[{"taxonomy":"category","embeddable":true,"href":"http:\/\/denizcankizil.tr\/de\/wp-json\/wp\/v2\/categories?post=52439"},{"taxonomy":"post_tag","embeddable":true,"href":"http:\/\/denizcankizil.tr\/de\/wp-json\/wp\/v2\/tags?post=52439"}],"curies":[{"name":"wp","href":"https:\/\/api.w.org\/{rel}","templated":true}]}}