{"id":52345,"date":"2025-04-11T10:42:20","date_gmt":"2025-04-11T07:42:20","guid":{"rendered":"https:\/\/denizcankizil.tr\/uncategorized-tr\/masatlidan-kadin-kooperatifine-ziyaret\/"},"modified":"2025-04-11T10:42:20","modified_gmt":"2025-04-11T07:42:20","slug":"masatlidan-kadin-kooperatifine-ziyaret","status":"publish","type":"post","link":"http:\/\/denizcankizil.tr\/de\/haberler\/gundem\/masatlidan-kadin-kooperatifine-ziyaret\/","title":{"rendered":"Masatl\u0131\u2019dan Kad\u0131n Kooperatifine Ziyaret"},"content":{"rendered":"<p>Vali Mustafa Masatl\u0131 Hatay\u2019da 53 Kad\u0131n Kooperatifimiz ve 600 G\u00fc\u00e7l\u00fc Kad\u0131n\u0131m\u0131z ile daha g\u00fc\u00e7l\u00fcy\u00fcz diyerek sekt\u00f6rde s\u00f6z sahibi olan kad\u0131nlara her zaman destek olduklar\u0131n\u0131 olmaya devam edeceklerini s\u00f6yledi.<\/p>\n<p>Masatl\u0131, Erzin Kad\u0131n Eli Kooperatifini ziyaret ederek yap\u0131lan \u00e7al\u0131\u015fmalar\u0131 yerinde inceleyerek \u015funlar\u0131 s\u00f6yledi:<\/p>\n<p>\u201c Kad\u0131n Kooperatiflerimizin ekonomik kalk\u0131nman\u0131n yan\u0131 s\u0131ra sosyal d\u00f6n\u00fc\u015f\u00fcm\u00fcn de \u00f6nemli bir par\u00e7as\u0131. As\u0131rlar\u0131n Felaketi 6 \u015eubat ve devam\u0131ndaki depremlerden \u00f6nce 35 olan Kad\u0131n Kooperatifi say\u0131m\u0131z\u0131 yapt\u0131\u011f\u0131m\u0131z \u00e7al\u0131\u015fmalarla 53\u2019e \u00e7\u0131kard\u0131k. Tar\u0131msal \u00fcretimden el sanatlar\u0131na, g\u0131da \u00fcretiminden hizmet sekt\u00f6r\u00fcne bir\u00e7ok alanda faaliyet g\u00f6steren kooperatiflerimizin s\u00fcrd\u00fcr\u00fclebilir \u00fcretim sa\u011flamalar\u0131 ve sekt\u00f6rde s\u00f6z sahibi olmalar\u0131 i\u00e7in Devletimiz her daim yan\u0131n\u0131zdad\u0131r.\u201d<\/p>\n<p>\u200bHatay Valisi Mustafa Masatl\u0131 Erzin il\u00e7esinde Kad\u0131n Eli Koperatifini ziyaret ederek giri\u015fimci \u00fcreten kad\u0131nlarla bir araya geldi.\u00a0<\/p>\n<p>\u200bHaberin Al\u0131nt\u0131land\u0131\u011f\u0131 Kaynak: www.iskenderun.org<\/p>","protected":false},"excerpt":{"rendered":"<p>Vali Mustafa Masatl\u0131 Hatay\u2019da 53 Kad\u0131n Kooperatifimiz ve 600 G\u00fc\u00e7l\u00fc Kad\u0131n\u0131m\u0131z ile daha g\u00fc\u00e7l\u00fcy\u00fcz diyerek sekt\u00f6rde s\u00f6z sahibi olan kad\u0131nlara her zaman destek olduklar\u0131n\u0131 olmaya devam edeceklerini s\u00f6yledi. Masatl\u0131, Erzin Kad\u0131n Eli Kooperatifini ziyaret ederek yap\u0131lan \u00e7al\u0131\u015fmalar\u0131 yerinde inceleyerek \u015funlar\u0131 s\u00f6yledi: \u201c Kad\u0131n Kooperatiflerimizin ekonomik kalk\u0131nman\u0131n yan\u0131 s\u0131ra sosyal d\u00f6n\u00fc\u015f\u00fcm\u00fcn de \u00f6nemli bir par\u00e7as\u0131. As\u0131rlar\u0131n Felaketi 6 \u015eubat ve devam\u0131ndaki depremlerden \u00f6nce 35 olan Kad\u0131n Kooperatifi say\u0131m\u0131z\u0131 yapt\u0131\u011f\u0131m\u0131z \u00e7al\u0131\u015fmalarla 53\u2019e \u00e7\u0131kard\u0131k. Tar\u0131msal \u00fcretimden el sanatlar\u0131na, g\u0131da \u00fcretiminden hizmet sekt\u00f6r\u00fcne bir\u00e7ok alanda faaliyet g\u00f6steren kooperatiflerimizin s\u00fcrd\u00fcr\u00fclebilir \u00fcretim sa\u011flamalar\u0131 ve sekt\u00f6rde s\u00f6z sahibi olmalar\u0131 i\u00e7in Devletimiz her daim yan\u0131n\u0131zdad\u0131r.\u201d \u200bHatay Valisi Mustafa Masatl\u0131 Erzin il\u00e7esinde Kad\u0131n Eli Koperatifini ziyaret ederek giri\u015fimci \u00fcreten kad\u0131nlarla bir araya geldi.\u00a0 \u200bHaberin Al\u0131nt\u0131land\u0131\u011f\u0131 Kaynak: www.iskenderun.org<\/p>","protected":false},"author":1,"featured_media":0,"comment_status":"","ping_status":"open","sticky":false,"template":"","format":"standard","meta":{"_acf_changed":false,"footnotes":""},"categories":[24],"tags":[],"class_list":["post-52345","post","type-post","status-publish","format-standard","has-post-thumbnail","hentry","category-gundem"],"acf":[],"yoast_head":"<!-- This site is optimized with the Yoast SEO Premium plugin v26.6 (Yoast SEO v27.1.1) - https:\/\/yoast.com\/product\/yoast-seo-premium-wordpress\/ -->\n<title>Masatl\u0131\u2019dan Kad\u0131n Kooperatifine Ziyaret - Av. Deniz Can K\u0131z\u0131l<\/title>\n<meta name=\"robots\" content=\"index, follow, max-snippet:-1, max-image-preview:large, max-video-preview:-1\" \/>\n<link rel=\"canonical\" href=\"https:\/\/denizcankizil.tr\/de\/haberler\/gundem\/masatlidan-kadin-kooperatifine-ziyaret\/\" \/>\n<meta property=\"og:locale\" content=\"de_DE\" \/>\n<meta property=\"og:type\" content=\"article\" \/>\n<meta property=\"og:title\" content=\"Masatl\u0131\u2019dan Kad\u0131n Kooperatifine Ziyaret\" \/>\n<meta property=\"og:description\" content=\"Vali Mustafa Masatl\u0131 Hatay\u2019da 53 Kad\u0131n Kooperatifimiz ve 600 G\u00fc\u00e7l\u00fc Kad\u0131n\u0131m\u0131z ile daha g\u00fc\u00e7l\u00fcy\u00fcz diyerek sekt\u00f6rde s\u00f6z sahibi olan kad\u0131nlara her zaman destek olduklar\u0131n\u0131 olmaya devam edeceklerini s\u00f6yledi. Masatl\u0131, Erzin Kad\u0131n Eli Kooperatifini ziyaret ederek yap\u0131lan \u00e7al\u0131\u015fmalar\u0131 yerinde inceleyerek \u015funlar\u0131 s\u00f6yledi: \u201c Kad\u0131n Kooperatiflerimizin ekonomik kalk\u0131nman\u0131n yan\u0131 s\u0131ra sosyal d\u00f6n\u00fc\u015f\u00fcm\u00fcn de \u00f6nemli bir par\u00e7as\u0131. As\u0131rlar\u0131n Felaketi 6 \u015eubat ve devam\u0131ndaki depremlerden \u00f6nce 35 olan Kad\u0131n Kooperatifi say\u0131m\u0131z\u0131 yapt\u0131\u011f\u0131m\u0131z \u00e7al\u0131\u015fmalarla 53\u2019e \u00e7\u0131kard\u0131k. Tar\u0131msal \u00fcretimden el sanatlar\u0131na, g\u0131da \u00fcretiminden hizmet sekt\u00f6r\u00fcne bir\u00e7ok alanda faaliyet g\u00f6steren kooperatiflerimizin s\u00fcrd\u00fcr\u00fclebilir \u00fcretim sa\u011flamalar\u0131 ve sekt\u00f6rde s\u00f6z sahibi olmalar\u0131 i\u00e7in Devletimiz her daim yan\u0131n\u0131zdad\u0131r.\u201d \u200bHatay Valisi Mustafa Masatl\u0131 Erzin il\u00e7esinde Kad\u0131n Eli Koperatifini ziyaret ederek giri\u015fimci \u00fcreten kad\u0131nlarla bir araya geldi.\u00a0 \u200bHaberin Al\u0131nt\u0131land\u0131\u011f\u0131 Kaynak: www.iskenderun.org\" \/>\n<meta property=\"og:url\" content=\"https:\/\/denizcankizil.tr\/de\/haberler\/gundem\/masatlidan-kadin-kooperatifine-ziyaret\/\" \/>\n<meta property=\"og:site_name\" content=\"Av. Deniz Can K\u0131z\u0131l\" \/>\n<meta property=\"article:published_time\" content=\"2025-04-11T07:42:20+00:00\" \/>\n<meta name=\"author\" content=\"admin\" \/>\n<meta name=\"twitter:card\" content=\"summary_large_image\" \/>\n<meta name=\"twitter:label1\" content=\"Verfasst von\" \/>\n\t<meta name=\"twitter:data1\" content=\"admin\" \/>\n\t<meta name=\"twitter:label2\" content=\"Gesch\u00e4tzte Lesezeit\" \/>\n\t<meta name=\"twitter:data2\" content=\"1\u00a0Minute\" \/>\n<script type=\"application\/ld+json\" class=\"yoast-schema-graph\">{\"@context\":\"https:\/\/schema.org\",\"@graph\":[{\"@type\":\"Article\",\"@id\":\"https:\/\/denizcankizil.tr\/en\/haberler\/gundem\/masatlidan-kadin-kooperatifine-ziyaret\/#article\",\"isPartOf\":{\"@id\":\"https:\/\/denizcankizil.tr\/en\/haberler\/gundem\/masatlidan-kadin-kooperatifine-ziyaret\/\"},\"author\":{\"name\":\"admin\",\"@id\":\"https:\/\/denizcankizil.tr\/de\/#\/schema\/person\/be3c05fe6a12686905512445d8185489\"},\"headline\":\"Masatl\u0131\u2019dan Kad\u0131n Kooperatifine Ziyaret\",\"datePublished\":\"2025-04-11T07:42:20+00:00\",\"mainEntityOfPage\":{\"@id\":\"https:\/\/denizcankizil.tr\/en\/haberler\/gundem\/masatlidan-kadin-kooperatifine-ziyaret\/\"},\"wordCount\":180,\"publisher\":{\"@id\":\"https:\/\/denizcankizil.tr\/de\/#organization\"},\"articleSection\":[\"G\u00fcndem\"],\"inLanguage\":\"de\"},{\"@type\":\"WebPage\",\"@id\":\"https:\/\/denizcankizil.tr\/en\/haberler\/gundem\/masatlidan-kadin-kooperatifine-ziyaret\/\",\"url\":\"https:\/\/denizcankizil.tr\/en\/haberler\/gundem\/masatlidan-kadin-kooperatifine-ziyaret\/\",\"name\":\"Masatl\u0131\u2019dan Kad\u0131n Kooperatifine Ziyaret - Av. Deniz Can K\u0131z\u0131l\",\"isPartOf\":{\"@id\":\"https:\/\/denizcankizil.tr\/de\/#website\"},\"datePublished\":\"2025-04-11T07:42:20+00:00\",\"breadcrumb\":{\"@id\":\"https:\/\/denizcankizil.tr\/en\/haberler\/gundem\/masatlidan-kadin-kooperatifine-ziyaret\/#breadcrumb\"},\"inLanguage\":\"de\",\"potentialAction\":[{\"@type\":\"ReadAction\",\"target\":[\"https:\/\/denizcankizil.tr\/en\/haberler\/gundem\/masatlidan-kadin-kooperatifine-ziyaret\/\"]}]},{\"@type\":\"BreadcrumbList\",\"@id\":\"https:\/\/denizcankizil.tr\/en\/haberler\/gundem\/masatlidan-kadin-kooperatifine-ziyaret\/#breadcrumb\",\"itemListElement\":[{\"@type\":\"ListItem\",\"position\":1,\"name\":\"Home\",\"item\":\"https:\/\/denizcankizil.tr\/de\/\"},{\"@type\":\"ListItem\",\"position\":2,\"name\":\"Masatl\u0131\u2019dan Kad\u0131n Kooperatifine Ziyaret\"}]},{\"@type\":\"WebSite\",\"@id\":\"https:\/\/denizcankizil.tr\/de\/#website\",\"url\":\"https:\/\/denizcankizil.tr\/de\/\",\"name\":\"Av. Deniz Can K\u0131z\u0131l\",\"description\":\"Avukat Deniz Can K\u0131z\u0131l Antalya Barosu\",\"publisher\":{\"@id\":\"https:\/\/denizcankizil.tr\/de\/#organization\"},\"potentialAction\":[{\"@type\":\"SearchAction\",\"target\":{\"@type\":\"EntryPoint\",\"urlTemplate\":\"https:\/\/denizcankizil.tr\/de\/?s={search_term_string}\"},\"query-input\":{\"@type\":\"PropertyValueSpecification\",\"valueRequired\":true,\"valueName\":\"search_term_string\"}}],\"inLanguage\":\"de\"},{\"@type\":\"Organization\",\"@id\":\"https:\/\/denizcankizil.tr\/de\/#organization\",\"name\":\"Av. Deniz Can K\u0131z\u0131l\",\"url\":\"https:\/\/denizcankizil.tr\/de\/\",\"logo\":{\"@type\":\"ImageObject\",\"inLanguage\":\"de\",\"@id\":\"https:\/\/denizcankizil.tr\/de\/#\/schema\/logo\/image\/\",\"url\":\"http:\/\/denizcankizil.tr\/wp-content\/uploads\/2024\/10\/siyah-logo-svg.svg\",\"contentUrl\":\"http:\/\/denizcankizil.tr\/wp-content\/uploads\/2024\/10\/siyah-logo-svg.svg\",\"width\":1080,\"height\":1080,\"caption\":\"Av. Deniz Can K\u0131z\u0131l\"},\"image\":{\"@id\":\"https:\/\/denizcankizil.tr\/de\/#\/schema\/logo\/image\/\"}},{\"@type\":\"Person\",\"@id\":\"https:\/\/denizcankizil.tr\/de\/#\/schema\/person\/be3c05fe6a12686905512445d8185489\",\"name\":\"admin\",\"image\":{\"@type\":\"ImageObject\",\"inLanguage\":\"de\",\"@id\":\"https:\/\/denizcankizil.tr\/de\/#\/schema\/person\/image\/\",\"url\":\"https:\/\/secure.gravatar.com\/avatar\/c1fce94c830dc79107e174f890d7210541c4a63e8e5d816341794a2151c9d58c?s=96&d=mm&r=g\",\"contentUrl\":\"https:\/\/secure.gravatar.com\/avatar\/c1fce94c830dc79107e174f890d7210541c4a63e8e5d816341794a2151c9d58c?s=96&d=mm&r=g\",\"caption\":\"admin\"},\"sameAs\":[\"http:\/\/denizcankizil.tr\"],\"url\":\"https:\/\/www.iskenderun.org\/masatlidan-kadin-kooperatifine-ziyaret\"}]}<\/script>\n<!-- \/ Yoast SEO Premium plugin. -->","yoast_head_json":{"title":"Masatl\u0131\u2019dan Kad\u0131n Kooperatifine Ziyaret - Av. Deniz Can K\u0131z\u0131l","robots":{"index":"index","follow":"follow","max-snippet":"max-snippet:-1","max-image-preview":"max-image-preview:large","max-video-preview":"max-video-preview:-1"},"canonical":"https:\/\/denizcankizil.tr\/de\/haberler\/gundem\/masatlidan-kadin-kooperatifine-ziyaret\/","og_locale":"de_DE","og_type":"article","og_title":"Masatl\u0131\u2019dan Kad\u0131n Kooperatifine Ziyaret","og_description":"Vali Mustafa Masatl\u0131 Hatay\u2019da 53 Kad\u0131n Kooperatifimiz ve 600 G\u00fc\u00e7l\u00fc Kad\u0131n\u0131m\u0131z ile daha g\u00fc\u00e7l\u00fcy\u00fcz diyerek sekt\u00f6rde s\u00f6z sahibi olan kad\u0131nlara her zaman destek olduklar\u0131n\u0131 olmaya devam edeceklerini s\u00f6yledi. Masatl\u0131, Erzin Kad\u0131n Eli Kooperatifini ziyaret ederek yap\u0131lan \u00e7al\u0131\u015fmalar\u0131 yerinde inceleyerek \u015funlar\u0131 s\u00f6yledi: \u201c Kad\u0131n Kooperatiflerimizin ekonomik kalk\u0131nman\u0131n yan\u0131 s\u0131ra sosyal d\u00f6n\u00fc\u015f\u00fcm\u00fcn de \u00f6nemli bir par\u00e7as\u0131. As\u0131rlar\u0131n Felaketi 6 \u015eubat ve devam\u0131ndaki depremlerden \u00f6nce 35 olan Kad\u0131n Kooperatifi say\u0131m\u0131z\u0131 yapt\u0131\u011f\u0131m\u0131z \u00e7al\u0131\u015fmalarla 53\u2019e \u00e7\u0131kard\u0131k. Tar\u0131msal \u00fcretimden el sanatlar\u0131na, g\u0131da \u00fcretiminden hizmet sekt\u00f6r\u00fcne bir\u00e7ok alanda faaliyet g\u00f6steren kooperatiflerimizin s\u00fcrd\u00fcr\u00fclebilir \u00fcretim sa\u011flamalar\u0131 ve sekt\u00f6rde s\u00f6z sahibi olmalar\u0131 i\u00e7in Devletimiz her daim yan\u0131n\u0131zdad\u0131r.\u201d \u200bHatay Valisi Mustafa Masatl\u0131 Erzin il\u00e7esinde Kad\u0131n Eli Koperatifini ziyaret ederek giri\u015fimci \u00fcreten kad\u0131nlarla bir araya geldi.\u00a0 \u200bHaberin Al\u0131nt\u0131land\u0131\u011f\u0131 Kaynak: www.iskenderun.org","og_url":"https:\/\/denizcankizil.tr\/de\/haberler\/gundem\/masatlidan-kadin-kooperatifine-ziyaret\/","og_site_name":"Av. Deniz Can K\u0131z\u0131l","article_published_time":"2025-04-11T07:42:20+00:00","author":"admin","twitter_card":"summary_large_image","twitter_misc":{"Verfasst von":"admin","Gesch\u00e4tzte Lesezeit":"1\u00a0Minute"},"schema":{"@context":"https:\/\/schema.org","@graph":[{"@type":"Article","@id":"https:\/\/denizcankizil.tr\/en\/haberler\/gundem\/masatlidan-kadin-kooperatifine-ziyaret\/#article","isPartOf":{"@id":"https:\/\/denizcankizil.tr\/en\/haberler\/gundem\/masatlidan-kadin-kooperatifine-ziyaret\/"},"author":{"name":"admin","@id":"https:\/\/denizcankizil.tr\/de\/#\/schema\/person\/be3c05fe6a12686905512445d8185489"},"headline":"Masatl\u0131\u2019dan Kad\u0131n Kooperatifine Ziyaret","datePublished":"2025-04-11T07:42:20+00:00","mainEntityOfPage":{"@id":"https:\/\/denizcankizil.tr\/en\/haberler\/gundem\/masatlidan-kadin-kooperatifine-ziyaret\/"},"wordCount":180,"publisher":{"@id":"https:\/\/denizcankizil.tr\/de\/#organization"},"articleSection":["G\u00fcndem"],"inLanguage":"de"},{"@type":"WebPage","@id":"https:\/\/denizcankizil.tr\/en\/haberler\/gundem\/masatlidan-kadin-kooperatifine-ziyaret\/","url":"https:\/\/denizcankizil.tr\/en\/haberler\/gundem\/masatlidan-kadin-kooperatifine-ziyaret\/","name":"Masatl\u0131\u2019dan Kad\u0131n Kooperatifine Ziyaret - Av. Deniz Can K\u0131z\u0131l","isPartOf":{"@id":"https:\/\/denizcankizil.tr\/de\/#website"},"datePublished":"2025-04-11T07:42:20+00:00","breadcrumb":{"@id":"https:\/\/denizcankizil.tr\/en\/haberler\/gundem\/masatlidan-kadin-kooperatifine-ziyaret\/#breadcrumb"},"inLanguage":"de","potentialAction":[{"@type":"ReadAction","target":["https:\/\/denizcankizil.tr\/en\/haberler\/gundem\/masatlidan-kadin-kooperatifine-ziyaret\/"]}]},{"@type":"BreadcrumbList","@id":"https:\/\/denizcankizil.tr\/en\/haberler\/gundem\/masatlidan-kadin-kooperatifine-ziyaret\/#breadcrumb","itemListElement":[{"@type":"ListItem","position":1,"name":"Home","item":"https:\/\/denizcankizil.tr\/de\/"},{"@type":"ListItem","position":2,"name":"Masatl\u0131\u2019dan Kad\u0131n Kooperatifine Ziyaret"}]},{"@type":"WebSite","@id":"https:\/\/denizcankizil.tr\/de\/#website","url":"https:\/\/denizcankizil.tr\/de\/","name":"Av. Deniz Can K\u0131z\u0131l","description":"Avukat Deniz Can K\u0131z\u0131l Antalya Barosu","publisher":{"@id":"https:\/\/denizcankizil.tr\/de\/#organization"},"potentialAction":[{"@type":"SearchAction","target":{"@type":"EntryPoint","urlTemplate":"https:\/\/denizcankizil.tr\/de\/?s={search_term_string}"},"query-input":{"@type":"PropertyValueSpecification","valueRequired":true,"valueName":"search_term_string"}}],"inLanguage":"de"},{"@type":"Organization","@id":"https:\/\/denizcankizil.tr\/de\/#organization","name":"Av. Deniz Can K\u0131z\u0131l","url":"https:\/\/denizcankizil.tr\/de\/","logo":{"@type":"ImageObject","inLanguage":"de","@id":"https:\/\/denizcankizil.tr\/de\/#\/schema\/logo\/image\/","url":"http:\/\/denizcankizil.tr\/wp-content\/uploads\/2024\/10\/siyah-logo-svg.svg","contentUrl":"http:\/\/denizcankizil.tr\/wp-content\/uploads\/2024\/10\/siyah-logo-svg.svg","width":1080,"height":1080,"caption":"Av. Deniz Can K\u0131z\u0131l"},"image":{"@id":"https:\/\/denizcankizil.tr\/de\/#\/schema\/logo\/image\/"}},{"@type":"Person","@id":"https:\/\/denizcankizil.tr\/de\/#\/schema\/person\/be3c05fe6a12686905512445d8185489","name":"Administrator","image":{"@type":"ImageObject","inLanguage":"de","@id":"https:\/\/denizcankizil.tr\/de\/#\/schema\/person\/image\/","url":"https:\/\/secure.gravatar.com\/avatar\/c1fce94c830dc79107e174f890d7210541c4a63e8e5d816341794a2151c9d58c?s=96&d=mm&r=g","contentUrl":"https:\/\/secure.gravatar.com\/avatar\/c1fce94c830dc79107e174f890d7210541c4a63e8e5d816341794a2151c9d58c?s=96&d=mm&r=g","caption":"admin"},"sameAs":["http:\/\/denizcankizil.tr"],"url":"https:\/\/www.iskenderun.org\/masatlidan-kadin-kooperatifine-ziyaret"}]}},"_links":{"self":[{"href":"http:\/\/denizcankizil.tr\/de\/wp-json\/wp\/v2\/posts\/52345","targetHints":{"allow":["GET"]}}],"collection":[{"href":"http:\/\/denizcankizil.tr\/de\/wp-json\/wp\/v2\/posts"}],"about":[{"href":"http:\/\/denizcankizil.tr\/de\/wp-json\/wp\/v2\/types\/post"}],"author":[{"embeddable":true,"href":"http:\/\/denizcankizil.tr\/de\/wp-json\/wp\/v2\/users\/1"}],"replies":[{"embeddable":true,"href":"http:\/\/denizcankizil.tr\/de\/wp-json\/wp\/v2\/comments?post=52345"}],"version-history":[{"count":0,"href":"http:\/\/denizcankizil.tr\/de\/wp-json\/wp\/v2\/posts\/52345\/revisions"}],"wp:attachment":[{"href":"http:\/\/denizcankizil.tr\/de\/wp-json\/wp\/v2\/media?parent=52345"}],"wp:term":[{"taxonomy":"category","embeddable":true,"href":"http:\/\/denizcankizil.tr\/de\/wp-json\/wp\/v2\/categories?post=52345"},{"taxonomy":"post_tag","embeddable":true,"href":"http:\/\/denizcankizil.tr\/de\/wp-json\/wp\/v2\/tags?post=52345"}],"curies":[{"name":"wp","href":"https:\/\/api.w.org\/{rel}","templated":true}]}}