{"id":51640,"date":"2025-04-10T17:43:07","date_gmt":"2025-04-10T14:43:07","guid":{"rendered":"https:\/\/denizcankizil.tr\/uncategorized-tr\/cumhurbaskani-erdogan-dem-heyetini-kabul-etti\/"},"modified":"2025-04-10T17:43:07","modified_gmt":"2025-04-10T14:43:07","slug":"cumhurbaskani-erdogan-dem-heyetini-kabul-etti","status":"publish","type":"post","link":"http:\/\/denizcankizil.tr\/de\/haberler\/gundem\/cumhurbaskani-erdogan-dem-heyetini-kabul-etti\/","title":{"rendered":"Cumhurba\u015fkan\u0131 Erdo\u011fan, DEM heyetini kabul etti"},"content":{"rendered":"<p>Cumhurba\u015fkan\u0131 Recep Tayyip Erdo\u011fan, Halklar\u0131n E\u015fitlik ve Demokrasi Partisi (DEM Parti) Van Milletvekili Pervin Buldan ile \u0130stanbul Milletvekili S\u0131rr\u0131 S\u00fcreyya \u00d6nder\u2019i Cumhurba\u015fkanl\u0131\u011f\u0131 K\u00fclliyesi\u2019nde kabul etti.ANKARA (\u0130GFA)\u00a0 &#8211; Cumhurba\u015fkan\u0131 Recep Tayyip Erdo\u011fan, DEM Parti Van Milletvekili Pervin Buldan ve \u0130stanbul Milletvekili S\u0131rr\u0131 S\u00fcreyya \u00d6nder\u2019den olu\u015fan heyeti Cumhurba\u015fkanl\u0131\u011f\u0131 K\u00fclliyesi\u2019nde a\u011f\u0131rlad\u0131.<br \/>\n\u0130leti\u015fim Ba\u015fkanl\u0131\u011f\u0131&#8217;ndan aktar\u0131lan habere g\u00f6re \u201cTer\u00f6rs\u00fcz T\u00fcrkiye\u201d s\u00fcrecinin yol haritas\u0131n\u0131n ele al\u0131nd\u0131\u011f\u0131 g\u00f6r\u00fc\u015fmede, AK Parti Genel Ba\u015fkanvekili Efkan Ala ve M\u0130T Ba\u015fkan\u0131 \u0130brahim Kal\u0131n da haz\u0131r bulundu.<br \/>\nToplant\u0131da, s\u00fcrece ili\u015fkin son durum ve hedefler de\u011ferlendirildi.<\/p>\n<p>\u200bCumhurba\u015fkan\u0131 Recep Tayyip Erdo\u011fan, Halklar\u0131n E\u015fitlik ve Demokrasi Partisi (DEM Parti) Van Milletvekili Pervin Buldan ile \u0130stanbul Milletvekili S\u0131rr\u0131 S\u00fcreyya \u00d6nder\u2019i Cumhurba\u015fkanl\u0131\u011f\u0131 K\u00fclliyesi\u2019nde kabul etti.ANKARA (\u0130GFA)\u00a0 &#8211; Cumhurba\u015fkan\u0131 Recep Tayyip Erdo\u011fan, DEM Parti Van Milletvekili Pervin Buldan ve \u0130stanbul Milletvekili S\u0131rr\u0131 S\u00fcreyya \u00d6nder\u2019den olu\u015fan heyeti Cumhurba\u015fkanl\u0131\u011f\u0131 K\u00fclliyesi\u2019nde a\u011f\u0131rlad\u0131.<br \/>\n\u0130leti\u015fim Ba\u015fkanl\u0131\u011f\u0131&#8217;ndan aktar\u0131lan habere g\u00f6re \u201cTer\u00f6rs\u00fcz T\u00fcrkiye\u201d s\u00fcrecinin yol haritas\u0131n\u0131n ele al\u0131nd\u0131\u011f\u0131 g\u00f6r\u00fc\u015fmede, AK Parti Genel Ba\u015fkanvekili Efkan Ala ve M\u0130T Ba\u015fkan\u0131 \u0130brahim Kal\u0131n da haz\u0131r bulundu.<br \/>\nToplant\u0131da, s\u00fcrece ili\u015fkin son durum ve hedefler de\u011ferlendirildi.\u00a0<\/p>\n<p>\u200bHaberin Al\u0131nt\u0131land\u0131\u011f\u0131 Kaynak: www.iskenderun.org<\/p>","protected":false},"excerpt":{"rendered":"<p>Cumhurba\u015fkan\u0131 Recep Tayyip Erdo\u011fan, Halklar\u0131n E\u015fitlik ve Demokrasi Partisi (DEM Parti) Van Milletvekili Pervin Buldan ile \u0130stanbul Milletvekili S\u0131rr\u0131 S\u00fcreyya \u00d6nder\u2019i Cumhurba\u015fkanl\u0131\u011f\u0131 K\u00fclliyesi\u2019nde kabul etti.ANKARA (\u0130GFA)\u00a0 &#8211; Cumhurba\u015fkan\u0131 Recep Tayyip Erdo\u011fan, DEM Parti Van Milletvekili Pervin Buldan ve \u0130stanbul Milletvekili S\u0131rr\u0131 S\u00fcreyya \u00d6nder\u2019den olu\u015fan heyeti Cumhurba\u015fkanl\u0131\u011f\u0131 K\u00fclliyesi\u2019nde a\u011f\u0131rlad\u0131. \u0130leti\u015fim Ba\u015fkanl\u0131\u011f\u0131&#8217;ndan aktar\u0131lan habere g\u00f6re \u201cTer\u00f6rs\u00fcz T\u00fcrkiye\u201d s\u00fcrecinin yol haritas\u0131n\u0131n ele al\u0131nd\u0131\u011f\u0131 g\u00f6r\u00fc\u015fmede, AK Parti Genel Ba\u015fkanvekili Efkan Ala ve M\u0130T Ba\u015fkan\u0131 \u0130brahim Kal\u0131n da haz\u0131r bulundu. Toplant\u0131da, s\u00fcrece ili\u015fkin son durum ve hedefler de\u011ferlendirildi. \u200bCumhurba\u015fkan\u0131 Recep Tayyip Erdo\u011fan, Halklar\u0131n E\u015fitlik ve Demokrasi Partisi (DEM Parti) Van Milletvekili Pervin Buldan ile \u0130stanbul Milletvekili S\u0131rr\u0131 S\u00fcreyya \u00d6nder\u2019i Cumhurba\u015fkanl\u0131\u011f\u0131 K\u00fclliyesi\u2019nde kabul etti.ANKARA (\u0130GFA)\u00a0 &#8211; Cumhurba\u015fkan\u0131 Recep Tayyip Erdo\u011fan, DEM Parti Van Milletvekili Pervin Buldan ve \u0130stanbul Milletvekili S\u0131rr\u0131 S\u00fcreyya \u00d6nder\u2019den olu\u015fan heyeti Cumhurba\u015fkanl\u0131\u011f\u0131 K\u00fclliyesi\u2019nde a\u011f\u0131rlad\u0131. \u0130leti\u015fim Ba\u015fkanl\u0131\u011f\u0131&#8217;ndan aktar\u0131lan habere g\u00f6re \u201cTer\u00f6rs\u00fcz T\u00fcrkiye\u201d s\u00fcrecinin yol haritas\u0131n\u0131n ele al\u0131nd\u0131\u011f\u0131 g\u00f6r\u00fc\u015fmede, AK Parti Genel Ba\u015fkanvekili Efkan Ala ve M\u0130T Ba\u015fkan\u0131 \u0130brahim Kal\u0131n da haz\u0131r bulundu. Toplant\u0131da, s\u00fcrece ili\u015fkin son durum ve hedefler de\u011ferlendirildi.\u00a0 \u200bHaberin Al\u0131nt\u0131land\u0131\u011f\u0131 Kaynak: www.iskenderun.org<\/p>","protected":false},"author":1,"featured_media":0,"comment_status":"","ping_status":"open","sticky":false,"template":"","format":"standard","meta":{"_acf_changed":false,"footnotes":""},"categories":[24],"tags":[],"class_list":["post-51640","post","type-post","status-publish","format-standard","has-post-thumbnail","hentry","category-gundem"],"acf":[],"yoast_head":"<!-- This site is optimized with the Yoast SEO Premium plugin v26.6 (Yoast SEO v27.1.1) - https:\/\/yoast.com\/product\/yoast-seo-premium-wordpress\/ -->\n<title>Cumhurba\u015fkan\u0131 Erdo\u011fan, DEM heyetini kabul etti - Av. Deniz Can K\u0131z\u0131l<\/title>\n<meta name=\"robots\" content=\"index, follow, max-snippet:-1, max-image-preview:large, max-video-preview:-1\" \/>\n<link rel=\"canonical\" href=\"https:\/\/denizcankizil.tr\/de\/haberler\/gundem\/cumhurbaskani-erdogan-dem-heyetini-kabul-etti\/\" \/>\n<meta property=\"og:locale\" content=\"de_DE\" \/>\n<meta property=\"og:type\" content=\"article\" \/>\n<meta property=\"og:title\" content=\"Cumhurba\u015fkan\u0131 Erdo\u011fan, DEM heyetini kabul etti\" \/>\n<meta property=\"og:description\" content=\"Cumhurba\u015fkan\u0131 Recep Tayyip Erdo\u011fan, Halklar\u0131n E\u015fitlik ve Demokrasi Partisi (DEM Parti) Van Milletvekili Pervin Buldan ile \u0130stanbul Milletvekili S\u0131rr\u0131 S\u00fcreyya \u00d6nder\u2019i Cumhurba\u015fkanl\u0131\u011f\u0131 K\u00fclliyesi\u2019nde kabul etti.ANKARA (\u0130GFA)\u00a0 &#8211; Cumhurba\u015fkan\u0131 Recep Tayyip Erdo\u011fan, DEM Parti Van Milletvekili Pervin Buldan ve \u0130stanbul Milletvekili S\u0131rr\u0131 S\u00fcreyya \u00d6nder\u2019den olu\u015fan heyeti Cumhurba\u015fkanl\u0131\u011f\u0131 K\u00fclliyesi\u2019nde a\u011f\u0131rlad\u0131. \u0130leti\u015fim Ba\u015fkanl\u0131\u011f\u0131&#8217;ndan aktar\u0131lan habere g\u00f6re \u201cTer\u00f6rs\u00fcz T\u00fcrkiye\u201d s\u00fcrecinin yol haritas\u0131n\u0131n ele al\u0131nd\u0131\u011f\u0131 g\u00f6r\u00fc\u015fmede, AK Parti Genel Ba\u015fkanvekili Efkan Ala ve M\u0130T Ba\u015fkan\u0131 \u0130brahim Kal\u0131n da haz\u0131r bulundu. Toplant\u0131da, s\u00fcrece ili\u015fkin son durum ve hedefler de\u011ferlendirildi. \u200bCumhurba\u015fkan\u0131 Recep Tayyip Erdo\u011fan, Halklar\u0131n E\u015fitlik ve Demokrasi Partisi (DEM Parti) Van Milletvekili Pervin Buldan ile \u0130stanbul Milletvekili S\u0131rr\u0131 S\u00fcreyya \u00d6nder\u2019i Cumhurba\u015fkanl\u0131\u011f\u0131 K\u00fclliyesi\u2019nde kabul etti.ANKARA (\u0130GFA)\u00a0 &#8211; Cumhurba\u015fkan\u0131 Recep Tayyip Erdo\u011fan, DEM Parti Van Milletvekili Pervin Buldan ve \u0130stanbul Milletvekili S\u0131rr\u0131 S\u00fcreyya \u00d6nder\u2019den olu\u015fan heyeti Cumhurba\u015fkanl\u0131\u011f\u0131 K\u00fclliyesi\u2019nde a\u011f\u0131rlad\u0131. \u0130leti\u015fim Ba\u015fkanl\u0131\u011f\u0131&#8217;ndan aktar\u0131lan habere g\u00f6re \u201cTer\u00f6rs\u00fcz T\u00fcrkiye\u201d s\u00fcrecinin yol haritas\u0131n\u0131n ele al\u0131nd\u0131\u011f\u0131 g\u00f6r\u00fc\u015fmede, AK Parti Genel Ba\u015fkanvekili Efkan Ala ve M\u0130T Ba\u015fkan\u0131 \u0130brahim Kal\u0131n da haz\u0131r bulundu. Toplant\u0131da, s\u00fcrece ili\u015fkin son durum ve hedefler de\u011ferlendirildi.\u00a0 \u200bHaberin Al\u0131nt\u0131land\u0131\u011f\u0131 Kaynak: www.iskenderun.org\" \/>\n<meta property=\"og:url\" content=\"https:\/\/denizcankizil.tr\/de\/haberler\/gundem\/cumhurbaskani-erdogan-dem-heyetini-kabul-etti\/\" \/>\n<meta property=\"og:site_name\" content=\"Av. Deniz Can K\u0131z\u0131l\" \/>\n<meta property=\"article:published_time\" content=\"2025-04-10T14:43:07+00:00\" \/>\n<meta name=\"author\" content=\"admin\" \/>\n<meta name=\"twitter:card\" content=\"summary_large_image\" \/>\n<meta name=\"twitter:label1\" content=\"Verfasst von\" \/>\n\t<meta name=\"twitter:data1\" content=\"admin\" \/>\n\t<meta name=\"twitter:label2\" content=\"Gesch\u00e4tzte Lesezeit\" \/>\n\t<meta name=\"twitter:data2\" content=\"1\u00a0Minute\" \/>\n<script type=\"application\/ld+json\" class=\"yoast-schema-graph\">{\"@context\":\"https:\/\/schema.org\",\"@graph\":[{\"@type\":\"Article\",\"@id\":\"https:\/\/denizcankizil.tr\/ru\/haberler\/gundem\/cumhurbaskani-erdogan-dem-heyetini-kabul-etti\/#article\",\"isPartOf\":{\"@id\":\"https:\/\/denizcankizil.tr\/ru\/haberler\/gundem\/cumhurbaskani-erdogan-dem-heyetini-kabul-etti\/\"},\"author\":{\"name\":\"admin\",\"@id\":\"https:\/\/denizcankizil.tr\/de\/#\/schema\/person\/be3c05fe6a12686905512445d8185489\"},\"headline\":\"Cumhurba\u015fkan\u0131 Erdo\u011fan, DEM heyetini kabul etti\",\"datePublished\":\"2025-04-10T14:43:07+00:00\",\"mainEntityOfPage\":{\"@id\":\"https:\/\/denizcankizil.tr\/ru\/haberler\/gundem\/cumhurbaskani-erdogan-dem-heyetini-kabul-etti\/\"},\"wordCount\":270,\"publisher\":{\"@id\":\"https:\/\/denizcankizil.tr\/de\/#organization\"},\"articleSection\":[\"G\u00fcndem\"],\"inLanguage\":\"de\"},{\"@type\":\"WebPage\",\"@id\":\"https:\/\/denizcankizil.tr\/ru\/haberler\/gundem\/cumhurbaskani-erdogan-dem-heyetini-kabul-etti\/\",\"url\":\"https:\/\/denizcankizil.tr\/ru\/haberler\/gundem\/cumhurbaskani-erdogan-dem-heyetini-kabul-etti\/\",\"name\":\"Cumhurba\u015fkan\u0131 Erdo\u011fan, DEM heyetini kabul etti - Av. Deniz Can K\u0131z\u0131l\",\"isPartOf\":{\"@id\":\"https:\/\/denizcankizil.tr\/de\/#website\"},\"datePublished\":\"2025-04-10T14:43:07+00:00\",\"breadcrumb\":{\"@id\":\"https:\/\/denizcankizil.tr\/ru\/haberler\/gundem\/cumhurbaskani-erdogan-dem-heyetini-kabul-etti\/#breadcrumb\"},\"inLanguage\":\"de\",\"potentialAction\":[{\"@type\":\"ReadAction\",\"target\":[\"https:\/\/denizcankizil.tr\/ru\/haberler\/gundem\/cumhurbaskani-erdogan-dem-heyetini-kabul-etti\/\"]}]},{\"@type\":\"BreadcrumbList\",\"@id\":\"https:\/\/denizcankizil.tr\/ru\/haberler\/gundem\/cumhurbaskani-erdogan-dem-heyetini-kabul-etti\/#breadcrumb\",\"itemListElement\":[{\"@type\":\"ListItem\",\"position\":1,\"name\":\"Home\",\"item\":\"https:\/\/denizcankizil.tr\/de\/\"},{\"@type\":\"ListItem\",\"position\":2,\"name\":\"Cumhurba\u015fkan\u0131 Erdo\u011fan, DEM heyetini kabul etti\"}]},{\"@type\":\"WebSite\",\"@id\":\"https:\/\/denizcankizil.tr\/de\/#website\",\"url\":\"https:\/\/denizcankizil.tr\/de\/\",\"name\":\"Av. Deniz Can K\u0131z\u0131l\",\"description\":\"Avukat Deniz Can K\u0131z\u0131l Antalya Barosu\",\"publisher\":{\"@id\":\"https:\/\/denizcankizil.tr\/de\/#organization\"},\"potentialAction\":[{\"@type\":\"SearchAction\",\"target\":{\"@type\":\"EntryPoint\",\"urlTemplate\":\"https:\/\/denizcankizil.tr\/de\/?s={search_term_string}\"},\"query-input\":{\"@type\":\"PropertyValueSpecification\",\"valueRequired\":true,\"valueName\":\"search_term_string\"}}],\"inLanguage\":\"de\"},{\"@type\":\"Organization\",\"@id\":\"https:\/\/denizcankizil.tr\/de\/#organization\",\"name\":\"Av. Deniz Can K\u0131z\u0131l\",\"url\":\"https:\/\/denizcankizil.tr\/de\/\",\"logo\":{\"@type\":\"ImageObject\",\"inLanguage\":\"de\",\"@id\":\"https:\/\/denizcankizil.tr\/de\/#\/schema\/logo\/image\/\",\"url\":\"http:\/\/denizcankizil.tr\/wp-content\/uploads\/2024\/10\/siyah-logo-svg.svg\",\"contentUrl\":\"http:\/\/denizcankizil.tr\/wp-content\/uploads\/2024\/10\/siyah-logo-svg.svg\",\"width\":1080,\"height\":1080,\"caption\":\"Av. Deniz Can K\u0131z\u0131l\"},\"image\":{\"@id\":\"https:\/\/denizcankizil.tr\/de\/#\/schema\/logo\/image\/\"}},{\"@type\":\"Person\",\"@id\":\"https:\/\/denizcankizil.tr\/de\/#\/schema\/person\/be3c05fe6a12686905512445d8185489\",\"name\":\"admin\",\"image\":{\"@type\":\"ImageObject\",\"inLanguage\":\"de\",\"@id\":\"https:\/\/denizcankizil.tr\/de\/#\/schema\/person\/image\/\",\"url\":\"https:\/\/secure.gravatar.com\/avatar\/c1fce94c830dc79107e174f890d7210541c4a63e8e5d816341794a2151c9d58c?s=96&d=mm&r=g\",\"contentUrl\":\"https:\/\/secure.gravatar.com\/avatar\/c1fce94c830dc79107e174f890d7210541c4a63e8e5d816341794a2151c9d58c?s=96&d=mm&r=g\",\"caption\":\"admin\"},\"sameAs\":[\"http:\/\/denizcankizil.tr\"],\"url\":\"https:\/\/www.iskenderun.org\/cumhurbaskani-erdogan-dem-heyetini-kabul-etti\"}]}<\/script>\n<!-- \/ Yoast SEO Premium plugin. -->","yoast_head_json":{"title":"Cumhurba\u015fkan\u0131 Erdo\u011fan, DEM heyetini kabul etti - Av. Deniz Can K\u0131z\u0131l","robots":{"index":"index","follow":"follow","max-snippet":"max-snippet:-1","max-image-preview":"max-image-preview:large","max-video-preview":"max-video-preview:-1"},"canonical":"https:\/\/denizcankizil.tr\/de\/haberler\/gundem\/cumhurbaskani-erdogan-dem-heyetini-kabul-etti\/","og_locale":"de_DE","og_type":"article","og_title":"Cumhurba\u015fkan\u0131 Erdo\u011fan, DEM heyetini kabul etti","og_description":"Cumhurba\u015fkan\u0131 Recep Tayyip Erdo\u011fan, Halklar\u0131n E\u015fitlik ve Demokrasi Partisi (DEM Parti) Van Milletvekili Pervin Buldan ile \u0130stanbul Milletvekili S\u0131rr\u0131 S\u00fcreyya \u00d6nder\u2019i Cumhurba\u015fkanl\u0131\u011f\u0131 K\u00fclliyesi\u2019nde kabul etti.ANKARA (\u0130GFA)\u00a0 &#8211; Cumhurba\u015fkan\u0131 Recep Tayyip Erdo\u011fan, DEM Parti Van Milletvekili Pervin Buldan ve \u0130stanbul Milletvekili S\u0131rr\u0131 S\u00fcreyya \u00d6nder\u2019den olu\u015fan heyeti Cumhurba\u015fkanl\u0131\u011f\u0131 K\u00fclliyesi\u2019nde a\u011f\u0131rlad\u0131. \u0130leti\u015fim Ba\u015fkanl\u0131\u011f\u0131&#8217;ndan aktar\u0131lan habere g\u00f6re \u201cTer\u00f6rs\u00fcz T\u00fcrkiye\u201d s\u00fcrecinin yol haritas\u0131n\u0131n ele al\u0131nd\u0131\u011f\u0131 g\u00f6r\u00fc\u015fmede, AK Parti Genel Ba\u015fkanvekili Efkan Ala ve M\u0130T Ba\u015fkan\u0131 \u0130brahim Kal\u0131n da haz\u0131r bulundu. Toplant\u0131da, s\u00fcrece ili\u015fkin son durum ve hedefler de\u011ferlendirildi. \u200bCumhurba\u015fkan\u0131 Recep Tayyip Erdo\u011fan, Halklar\u0131n E\u015fitlik ve Demokrasi Partisi (DEM Parti) Van Milletvekili Pervin Buldan ile \u0130stanbul Milletvekili S\u0131rr\u0131 S\u00fcreyya \u00d6nder\u2019i Cumhurba\u015fkanl\u0131\u011f\u0131 K\u00fclliyesi\u2019nde kabul etti.ANKARA (\u0130GFA)\u00a0 &#8211; Cumhurba\u015fkan\u0131 Recep Tayyip Erdo\u011fan, DEM Parti Van Milletvekili Pervin Buldan ve \u0130stanbul Milletvekili S\u0131rr\u0131 S\u00fcreyya \u00d6nder\u2019den olu\u015fan heyeti Cumhurba\u015fkanl\u0131\u011f\u0131 K\u00fclliyesi\u2019nde a\u011f\u0131rlad\u0131. \u0130leti\u015fim Ba\u015fkanl\u0131\u011f\u0131&#8217;ndan aktar\u0131lan habere g\u00f6re \u201cTer\u00f6rs\u00fcz T\u00fcrkiye\u201d s\u00fcrecinin yol haritas\u0131n\u0131n ele al\u0131nd\u0131\u011f\u0131 g\u00f6r\u00fc\u015fmede, AK Parti Genel Ba\u015fkanvekili Efkan Ala ve M\u0130T Ba\u015fkan\u0131 \u0130brahim Kal\u0131n da haz\u0131r bulundu. Toplant\u0131da, s\u00fcrece ili\u015fkin son durum ve hedefler de\u011ferlendirildi.\u00a0 \u200bHaberin Al\u0131nt\u0131land\u0131\u011f\u0131 Kaynak: www.iskenderun.org","og_url":"https:\/\/denizcankizil.tr\/de\/haberler\/gundem\/cumhurbaskani-erdogan-dem-heyetini-kabul-etti\/","og_site_name":"Av. Deniz Can K\u0131z\u0131l","article_published_time":"2025-04-10T14:43:07+00:00","author":"admin","twitter_card":"summary_large_image","twitter_misc":{"Verfasst von":"admin","Gesch\u00e4tzte Lesezeit":"1\u00a0Minute"},"schema":{"@context":"https:\/\/schema.org","@graph":[{"@type":"Article","@id":"https:\/\/denizcankizil.tr\/ru\/haberler\/gundem\/cumhurbaskani-erdogan-dem-heyetini-kabul-etti\/#article","isPartOf":{"@id":"https:\/\/denizcankizil.tr\/ru\/haberler\/gundem\/cumhurbaskani-erdogan-dem-heyetini-kabul-etti\/"},"author":{"name":"admin","@id":"https:\/\/denizcankizil.tr\/de\/#\/schema\/person\/be3c05fe6a12686905512445d8185489"},"headline":"Cumhurba\u015fkan\u0131 Erdo\u011fan, DEM heyetini kabul etti","datePublished":"2025-04-10T14:43:07+00:00","mainEntityOfPage":{"@id":"https:\/\/denizcankizil.tr\/ru\/haberler\/gundem\/cumhurbaskani-erdogan-dem-heyetini-kabul-etti\/"},"wordCount":270,"publisher":{"@id":"https:\/\/denizcankizil.tr\/de\/#organization"},"articleSection":["G\u00fcndem"],"inLanguage":"de"},{"@type":"WebPage","@id":"https:\/\/denizcankizil.tr\/ru\/haberler\/gundem\/cumhurbaskani-erdogan-dem-heyetini-kabul-etti\/","url":"https:\/\/denizcankizil.tr\/ru\/haberler\/gundem\/cumhurbaskani-erdogan-dem-heyetini-kabul-etti\/","name":"Cumhurba\u015fkan\u0131 Erdo\u011fan, DEM heyetini kabul etti - Av. Deniz Can K\u0131z\u0131l","isPartOf":{"@id":"https:\/\/denizcankizil.tr\/de\/#website"},"datePublished":"2025-04-10T14:43:07+00:00","breadcrumb":{"@id":"https:\/\/denizcankizil.tr\/ru\/haberler\/gundem\/cumhurbaskani-erdogan-dem-heyetini-kabul-etti\/#breadcrumb"},"inLanguage":"de","potentialAction":[{"@type":"ReadAction","target":["https:\/\/denizcankizil.tr\/ru\/haberler\/gundem\/cumhurbaskani-erdogan-dem-heyetini-kabul-etti\/"]}]},{"@type":"BreadcrumbList","@id":"https:\/\/denizcankizil.tr\/ru\/haberler\/gundem\/cumhurbaskani-erdogan-dem-heyetini-kabul-etti\/#breadcrumb","itemListElement":[{"@type":"ListItem","position":1,"name":"Home","item":"https:\/\/denizcankizil.tr\/de\/"},{"@type":"ListItem","position":2,"name":"Cumhurba\u015fkan\u0131 Erdo\u011fan, DEM heyetini kabul etti"}]},{"@type":"WebSite","@id":"https:\/\/denizcankizil.tr\/de\/#website","url":"https:\/\/denizcankizil.tr\/de\/","name":"Av. Deniz Can K\u0131z\u0131l","description":"Avukat Deniz Can K\u0131z\u0131l Antalya Barosu","publisher":{"@id":"https:\/\/denizcankizil.tr\/de\/#organization"},"potentialAction":[{"@type":"SearchAction","target":{"@type":"EntryPoint","urlTemplate":"https:\/\/denizcankizil.tr\/de\/?s={search_term_string}"},"query-input":{"@type":"PropertyValueSpecification","valueRequired":true,"valueName":"search_term_string"}}],"inLanguage":"de"},{"@type":"Organization","@id":"https:\/\/denizcankizil.tr\/de\/#organization","name":"Av. Deniz Can K\u0131z\u0131l","url":"https:\/\/denizcankizil.tr\/de\/","logo":{"@type":"ImageObject","inLanguage":"de","@id":"https:\/\/denizcankizil.tr\/de\/#\/schema\/logo\/image\/","url":"http:\/\/denizcankizil.tr\/wp-content\/uploads\/2024\/10\/siyah-logo-svg.svg","contentUrl":"http:\/\/denizcankizil.tr\/wp-content\/uploads\/2024\/10\/siyah-logo-svg.svg","width":1080,"height":1080,"caption":"Av. Deniz Can K\u0131z\u0131l"},"image":{"@id":"https:\/\/denizcankizil.tr\/de\/#\/schema\/logo\/image\/"}},{"@type":"Person","@id":"https:\/\/denizcankizil.tr\/de\/#\/schema\/person\/be3c05fe6a12686905512445d8185489","name":"Administrator","image":{"@type":"ImageObject","inLanguage":"de","@id":"https:\/\/denizcankizil.tr\/de\/#\/schema\/person\/image\/","url":"https:\/\/secure.gravatar.com\/avatar\/c1fce94c830dc79107e174f890d7210541c4a63e8e5d816341794a2151c9d58c?s=96&d=mm&r=g","contentUrl":"https:\/\/secure.gravatar.com\/avatar\/c1fce94c830dc79107e174f890d7210541c4a63e8e5d816341794a2151c9d58c?s=96&d=mm&r=g","caption":"admin"},"sameAs":["http:\/\/denizcankizil.tr"],"url":"https:\/\/www.iskenderun.org\/cumhurbaskani-erdogan-dem-heyetini-kabul-etti"}]}},"_links":{"self":[{"href":"http:\/\/denizcankizil.tr\/de\/wp-json\/wp\/v2\/posts\/51640","targetHints":{"allow":["GET"]}}],"collection":[{"href":"http:\/\/denizcankizil.tr\/de\/wp-json\/wp\/v2\/posts"}],"about":[{"href":"http:\/\/denizcankizil.tr\/de\/wp-json\/wp\/v2\/types\/post"}],"author":[{"embeddable":true,"href":"http:\/\/denizcankizil.tr\/de\/wp-json\/wp\/v2\/users\/1"}],"replies":[{"embeddable":true,"href":"http:\/\/denizcankizil.tr\/de\/wp-json\/wp\/v2\/comments?post=51640"}],"version-history":[{"count":0,"href":"http:\/\/denizcankizil.tr\/de\/wp-json\/wp\/v2\/posts\/51640\/revisions"}],"wp:attachment":[{"href":"http:\/\/denizcankizil.tr\/de\/wp-json\/wp\/v2\/media?parent=51640"}],"wp:term":[{"taxonomy":"category","embeddable":true,"href":"http:\/\/denizcankizil.tr\/de\/wp-json\/wp\/v2\/categories?post=51640"},{"taxonomy":"post_tag","embeddable":true,"href":"http:\/\/denizcankizil.tr\/de\/wp-json\/wp\/v2\/tags?post=51640"}],"curies":[{"name":"wp","href":"https:\/\/api.w.org\/{rel}","templated":true}]}}