{"id":51494,"date":"2025-04-10T15:42:25","date_gmt":"2025-04-10T12:42:25","guid":{"rendered":"https:\/\/denizcankizil.tr\/uncategorized-tr\/kemerde-bisiklet-yarisi-heyecani-basladi\/"},"modified":"2025-04-10T15:42:25","modified_gmt":"2025-04-10T12:42:25","slug":"kemerde-bisiklet-yarisi-heyecani-basladi","status":"publish","type":"post","link":"http:\/\/denizcankizil.tr\/de\/haberler\/antalya\/kemerde-bisiklet-yarisi-heyecani-basladi\/","title":{"rendered":"Kemer&#8217;de bisiklet yar\u0131\u015f\u0131 heyecan\u0131 ba\u015flad\u0131"},"content":{"rendered":"<p>Kemer\u00a0Belediyesi\u2019nin ana sponsorlu\u011funda Kemer Kaymakaml\u0131\u011f\u0131 koordinesinde Trans Taurus Da\u011f\u00a0Bisikleti Etap Yar\u0131\u015f\u0131 \u00f6ncesi Mustafa Ertu\u011frul Aker Park\u0131\u2019nda bas\u0131n toplant\u0131s\u0131 d\u00fczenlendi. Bas\u0131n toplant\u0131s\u0131nda konu\u015fan Kemer Kaymakam\u0131 Ahmet Solmaz, ama\u00e7lar\u0131n\u0131n turizmi \u00e7e\u015fitlendirmek oldu\u011funu s\u00f6yledi.\u00a0<\/p>\n<p>Trans Taurus Da\u011f Bisikleti Etap Yar\u0131\u015flar\u0131\u2019n\u0131n ard\u0131ndan da bisiklet organizasyonlar\u0131na ev sahipli\u011fi yapacaklar\u0131na de\u011finen Kaymakam Solmaz, &#8220;Trans Taurus Da\u011f Bisikleti Yar\u0131\u015flar\u0131n\u0131n ard\u0131ndan Sky To Sea, Akra Gran Fondo ve Cumhurba\u015fkanl\u0131\u011f\u0131 Bisiklet Turu var. Ge\u00e7en y\u0131l Kaymakaml\u0131\u011f\u0131m\u0131z\u0131n \u00f6nc\u00fcl\u00fc\u011f\u00fcnde Kemer Belediyesi ile Turizm Komitesi olu\u015fturduk. Bu komite ile Kemer\u2019deki faaliyetlerin bir cetvelini olu\u015fturduk. Bu cetvelin ana temalar\u0131ndan biri bisikletti ve Nisan ay\u0131n\u0131 bisiklet ay\u0131 ilan ettik. Turizm sezonunu uzatmak amac\u0131yla g\u00fczel i\u015flere imza atmay\u0131 \u00fcmit ediyoruz. Sporcular d\u00f6rt g\u00fcn boyunca Kemer\u2019de 200 kilometrelik bir parkurda pedal \u00e7evirecek. Organizasyonun d\u00fczenlenmesinde eme\u011fi ge\u00e7en Kemer Belediye Ba\u015fkan\u0131m\u0131z Necati Topalo\u011flu\u2019na, yar\u0131\u015f organizat\u00f6r\u00fc \u00d6mer Nizam\u2019a ve di\u011fer payda\u015flara te\u015fekk\u00fcr ediyorum. Sporculara da ba\u015far\u0131lar diliyorum&#8221; dedi.\u00a0<\/p>\n<p>Kaymakam Solmaz, ayr\u0131ca May\u0131s ay\u0131n\u0131 da dal\u0131\u015f ay\u0131 olarak ilan ettiklerini, Kemer\u2019deki \u00f6nemli dal\u0131\u015f noktalar\u0131 oldu\u011funu ve gerekli planlamalar\u0131n yap\u0131ld\u0131\u011f\u0131n\u0131n m\u00fcjdesini verdi.\u00a0<br \/>\n\u00a0<br \/>\n&#8220;Organizasyon tan\u0131t\u0131m anlam\u0131nda \u00e7ok \u00f6nemli&#8221;\u00a0<br \/>\nKemer Belediye Ba\u015fkan\u0131 Necati Topalo\u011flu ise yapt\u0131\u011f\u0131 a\u00e7\u0131klamada, Trans Taurus Da\u011f Bisikleti Etap Yar\u0131\u015flar\u0131\u2019n\u0131n g\u00fcne\u015fli ve g\u00fczel bir Kemer g\u00fcn\u00fcnde start ald\u0131\u011f\u0131n\u0131 s\u00f6yledi.\u00a0<\/p>\n<p>Nisan ay\u0131nda d\u00f6rt tane spor organizasyonu oldu\u011funa dikkat \u00e7eken Ba\u015fkan Topalo\u011flu, &#8220;Bu organizasyonlar\u0131n hepsi bisiklet sporuyla ilgili. Daha \u00f6nce Kemer Belediyesi personeli olan yar\u0131\u015f koordinat\u00f6r\u00fc \u00d6mer Nizam, 1000 kilometrelik bisiklet rotalar\u0131 \u00e7izerek bu i\u015flere \u00f6n ayak olmu\u015ftu. Bu sene \u00fc\u00e7\u00fcnc\u00fcs\u00fc yap\u0131lan yar\u0131\u015flara 100\u2019\u00fcn \u00fczerinde sporcu kat\u0131l\u0131yor. Buradaki organizasyon tan\u0131t\u0131m anlam\u0131nda da \u00e7ok \u00f6nemli. Yurt d\u0131\u015f\u0131ndan gelen sporcular Kemer\u2019i g\u00f6r\u00fcp ya\u015fayacak ve \u00fclkesine gitti\u011fi zaman Kemer\u2019in g\u00fczelliklerini anlatacak. En g\u00fczel tan\u0131t\u0131m da budur. Amac\u0131m\u0131z turizm sezonunu uzatmak&#8221; ifadelerini kulland\u0131.\u00a0<\/p>\n<p>Ba\u015fkan Topalo\u011flu, turizmi \u00e7e\u015fitlendirmek i\u00e7in \u00f6nemli organizasyonlar\u0131n Kemer\u2019de yap\u0131ld\u0131\u011f\u0131na i\u015faret ederek, &#8220;G\u00f6yn\u00fck Mahallesi\u2019nde yer alan Corendon Tennis Clup Kemer\u2019de Rus Kad\u0131n Tenis Milli Tak\u0131m\u0131, \u00c7ekya\u2019dan gelen tenis sporcular\u0131 var. Ayr\u0131ca Hollanda ve \u0130ngiltere\u2019den gelen sporcular \u015fu anda orada antrenman yap\u0131yor. Sezon sonunda da Sup Cup ve Sea To Sky Enduro Motosiklet Yar\u0131\u015flar\u0131 var. Turizmi \u00e7e\u015fitlendirmeye \u00e7al\u0131\u015f\u0131yoruz. Bundan sonra bizim yapaca\u011f\u0131m\u0131z do\u011fa sporlar\u0131na \u00f6nem vermek. Bizim Belek gibi geni\u015f alanlar\u0131m\u0131z yok. Onun i\u00e7in do\u011fa sporlar\u0131 ve salon sporlar\u0131na \u00f6nem vererek turizmi \u00e7e\u015fitlendirmemiz laz\u0131m. \u0130yi bir turizm sezonu ge\u00e7irmeyi planl\u0131yoruz&#8221; diye konu\u015ftu.\u00a0<\/p>\n<p>Kemer Belediyesi Meclis \u00dcyesi Cans\u0131n Efir ise d\u00fczenlenen organizasyonlar\u0131n \u00e7ok emek isteyen faaliyetler oldu\u011funu belirterek, Kemer Belediyesi olarak ellerinden gelen her t\u00fcrl\u00fc deste\u011fi vermeye devam edeceklerini kaydetti.\u00a0<\/p>\n<p>Yar\u0131\u015f Koordinat\u00f6r\u00fc \u00d6mer Nizam da Kemer\u2019in d\u00fcnyan\u0131n en \u00f6nemli ve en de\u011ferli bisiklet destinasyonlar\u0131ndan oldu\u011funun fark\u0131nda olduklar\u0131na de\u011finerek, &#8220;Bu fark\u0131ndal\u0131\u011f\u0131 t\u00fcm d\u00fcnyaya tan\u0131tmak ad\u0131na organizasyonun bu y\u0131l \u00fc\u00e7\u00fcnc\u00fcs\u00fcn\u00fc d\u00fczenliyoruz. Yar\u0131\u015flara y\u00fcz sporcu kat\u0131l\u0131yor. Bunlar\u0131n yar\u0131s\u0131 Rusya, Ukrayna, Belarus, Polonya, Kolombiya ve di\u011fer \u00fclkelerden gelen sporcular. 2020 y\u0131l\u0131nda Kemer Belediyesi\u2019nin destekleriyle b\u00f6lgemizde 1000 kilometrelik bisiklet rotalar\u0131n\u0131 olu\u015fturmu\u015ftuk ve bisiklet\u00e7ileri a\u011f\u0131rlamaya ba\u015flad\u0131k. Sadece rota olu\u015fturmak yetmiyor. Bunlar\u0131 bisiklet yar\u0131\u015flar\u0131yla da faaliyete d\u00f6kmek gerekiyor. Bunu Nisan ay\u0131nda yapt\u0131\u011f\u0131m\u0131z ve yapaca\u011f\u0131m\u0131z organizasyonlarla ta\u00e7land\u0131r\u0131yoruz. Bu i\u015flere b\u00fcy\u00fck destek veren ana sponsorumuz Kemer Belediyesi\u2019ne, Kemer Kaymakaml\u0131\u011f\u0131\u2019na ve di\u011fer payda\u015flara te\u015fekk\u00fcr ediyoruz&#8221; c\u00fcmlelerine yer verdi.\u00a0<br \/>\n\u00a0<br \/>\nTrans Taurus s\u0131ralama yar\u0131\u015flar\u0131yla ba\u015flad\u0131\u00a0<br \/>\nBas\u0131n toplant\u0131s\u0131n\u0131n ard\u0131ndan Trans Taurus Da\u011f Bisikleti Etap Yar\u0131\u015flar\u0131, s\u0131ralama yar\u0131\u015flar\u0131yla start ald\u0131. Yar\u0131\u015f\u0131n start\u0131n\u0131 Kemer Kaymakam\u0131 Ahmet Solmaz ve Kemer Belediye Meclis \u00dcyesi Cans\u0131n Efir verdi. S\u0131ralama yar\u0131\u015flar\u0131nda sporcular, 15\u2019er saniye aral\u0131klarla start alarak pedal \u00e7evirdi. Kemer\u2019de tatilini s\u00fcrd\u00fcren \u00e7ok say\u0131da yerli ve yabanc\u0131 misafir, s\u0131ralama yar\u0131\u015flar\u0131n\u0131 cep telefonlar\u0131 ile g\u00f6r\u00fcnt\u00fcledi.\u00a0<\/p>\n<p>Yar\u0131\u015flar, yar\u0131n saat 09.00\u2019da Kuzdere Kanyonu\u2019ndan ba\u015flayacak start ile devam edecek.\u00a0<\/p>\n<p>Kaynak: www.kanalv.com.tr Haber Sitesinden Al\u0131nm\u0131\u015ft\u0131r.<\/p>","protected":false},"excerpt":{"rendered":"<p>Kemer\u00a0Belediyesi\u2019nin ana sponsorlu\u011funda Kemer Kaymakaml\u0131\u011f\u0131 koordinesinde Trans Taurus Da\u011f\u00a0Bisikleti Etap Yar\u0131\u015f\u0131 \u00f6ncesi Mustafa Ertu\u011frul Aker Park\u0131\u2019nda bas\u0131n toplant\u0131s\u0131 d\u00fczenlendi. Bas\u0131n toplant\u0131s\u0131nda konu\u015fan Kemer Kaymakam\u0131 Ahmet Solmaz, ama\u00e7lar\u0131n\u0131n turizmi \u00e7e\u015fitlendirmek oldu\u011funu s\u00f6yledi.\u00a0 Trans Taurus Da\u011f Bisikleti Etap Yar\u0131\u015flar\u0131\u2019n\u0131n ard\u0131ndan da bisiklet organizasyonlar\u0131na ev sahipli\u011fi yapacaklar\u0131na de\u011finen Kaymakam Solmaz, &#8220;Trans Taurus Da\u011f Bisikleti Yar\u0131\u015flar\u0131n\u0131n ard\u0131ndan Sky To Sea, Akra Gran Fondo ve Cumhurba\u015fkanl\u0131\u011f\u0131 Bisiklet Turu var. Ge\u00e7en y\u0131l Kaymakaml\u0131\u011f\u0131m\u0131z\u0131n \u00f6nc\u00fcl\u00fc\u011f\u00fcnde Kemer Belediyesi ile Turizm Komitesi olu\u015fturduk. Bu komite ile Kemer\u2019deki faaliyetlerin bir cetvelini olu\u015fturduk. Bu cetvelin ana temalar\u0131ndan biri bisikletti ve Nisan ay\u0131n\u0131 bisiklet ay\u0131 ilan ettik. Turizm sezonunu uzatmak amac\u0131yla g\u00fczel i\u015flere imza atmay\u0131 \u00fcmit ediyoruz. Sporcular d\u00f6rt g\u00fcn boyunca Kemer\u2019de 200 kilometrelik bir parkurda pedal \u00e7evirecek. Organizasyonun d\u00fczenlenmesinde eme\u011fi ge\u00e7en Kemer Belediye Ba\u015fkan\u0131m\u0131z Necati Topalo\u011flu\u2019na, yar\u0131\u015f organizat\u00f6r\u00fc \u00d6mer Nizam\u2019a ve di\u011fer payda\u015flara te\u015fekk\u00fcr ediyorum. Sporculara da ba\u015far\u0131lar diliyorum&#8221; dedi.\u00a0 Kaymakam Solmaz, ayr\u0131ca May\u0131s ay\u0131n\u0131 da dal\u0131\u015f ay\u0131 olarak ilan ettiklerini, Kemer\u2019deki \u00f6nemli dal\u0131\u015f noktalar\u0131 oldu\u011funu ve gerekli planlamalar\u0131n yap\u0131ld\u0131\u011f\u0131n\u0131n m\u00fcjdesini verdi.\u00a0 \u00a0 &#8220;Organizasyon tan\u0131t\u0131m anlam\u0131nda \u00e7ok \u00f6nemli&#8221;\u00a0 Kemer Belediye Ba\u015fkan\u0131 Necati Topalo\u011flu ise yapt\u0131\u011f\u0131 a\u00e7\u0131klamada, Trans Taurus Da\u011f Bisikleti Etap Yar\u0131\u015flar\u0131\u2019n\u0131n g\u00fcne\u015fli ve g\u00fczel bir Kemer g\u00fcn\u00fcnde start ald\u0131\u011f\u0131n\u0131 s\u00f6yledi.\u00a0 Nisan ay\u0131nda d\u00f6rt tane spor organizasyonu oldu\u011funa dikkat \u00e7eken Ba\u015fkan &hellip;<\/p>","protected":false},"author":4,"featured_media":51495,"comment_status":"","ping_status":"open","sticky":false,"template":"","format":"standard","meta":{"_acf_changed":false,"footnotes":""},"categories":[26],"tags":[],"class_list":["post-51494","post","type-post","status-publish","format-standard","has-post-thumbnail","hentry","category-antalya"],"acf":[],"yoast_head":"<!-- This site is optimized with the Yoast SEO Premium plugin v26.6 (Yoast SEO v27.1.1) - https:\/\/yoast.com\/product\/yoast-seo-premium-wordpress\/ -->\n<title>Kemer&#039;de bisiklet yar\u0131\u015f\u0131 heyecan\u0131 ba\u015flad\u0131 - Av. Deniz Can K\u0131z\u0131l<\/title>\n<meta name=\"robots\" content=\"index, follow, max-snippet:-1, max-image-preview:large, max-video-preview:-1\" \/>\n<link rel=\"canonical\" href=\"http:\/\/denizcankizil.tr\/de\/haberler\/antalya\/kemerde-bisiklet-yarisi-heyecani-basladi\/\" \/>\n<meta property=\"og:locale\" content=\"de_DE\" \/>\n<meta property=\"og:type\" content=\"article\" \/>\n<meta property=\"og:title\" content=\"Kemer&#039;de bisiklet yar\u0131\u015f\u0131 heyecan\u0131 ba\u015flad\u0131\" \/>\n<meta property=\"og:description\" content=\"Kemer\u00a0Belediyesi\u2019nin ana sponsorlu\u011funda Kemer Kaymakaml\u0131\u011f\u0131 koordinesinde Trans Taurus Da\u011f\u00a0Bisikleti Etap Yar\u0131\u015f\u0131 \u00f6ncesi Mustafa Ertu\u011frul Aker Park\u0131\u2019nda bas\u0131n toplant\u0131s\u0131 d\u00fczenlendi. Bas\u0131n toplant\u0131s\u0131nda konu\u015fan Kemer Kaymakam\u0131 Ahmet Solmaz, ama\u00e7lar\u0131n\u0131n turizmi \u00e7e\u015fitlendirmek oldu\u011funu s\u00f6yledi.\u00a0 Trans Taurus Da\u011f Bisikleti Etap Yar\u0131\u015flar\u0131\u2019n\u0131n ard\u0131ndan da bisiklet organizasyonlar\u0131na ev sahipli\u011fi yapacaklar\u0131na de\u011finen Kaymakam Solmaz, &#8220;Trans Taurus Da\u011f Bisikleti Yar\u0131\u015flar\u0131n\u0131n ard\u0131ndan Sky To Sea, Akra Gran Fondo ve Cumhurba\u015fkanl\u0131\u011f\u0131 Bisiklet Turu var. Ge\u00e7en y\u0131l Kaymakaml\u0131\u011f\u0131m\u0131z\u0131n \u00f6nc\u00fcl\u00fc\u011f\u00fcnde Kemer Belediyesi ile Turizm Komitesi olu\u015fturduk. Bu komite ile Kemer\u2019deki faaliyetlerin bir cetvelini olu\u015fturduk. Bu cetvelin ana temalar\u0131ndan biri bisikletti ve Nisan ay\u0131n\u0131 bisiklet ay\u0131 ilan ettik. Turizm sezonunu uzatmak amac\u0131yla g\u00fczel i\u015flere imza atmay\u0131 \u00fcmit ediyoruz. Sporcular d\u00f6rt g\u00fcn boyunca Kemer\u2019de 200 kilometrelik bir parkurda pedal \u00e7evirecek. Organizasyonun d\u00fczenlenmesinde eme\u011fi ge\u00e7en Kemer Belediye Ba\u015fkan\u0131m\u0131z Necati Topalo\u011flu\u2019na, yar\u0131\u015f organizat\u00f6r\u00fc \u00d6mer Nizam\u2019a ve di\u011fer payda\u015flara te\u015fekk\u00fcr ediyorum. Sporculara da ba\u015far\u0131lar diliyorum&#8221; dedi.\u00a0 Kaymakam Solmaz, ayr\u0131ca May\u0131s ay\u0131n\u0131 da dal\u0131\u015f ay\u0131 olarak ilan ettiklerini, Kemer\u2019deki \u00f6nemli dal\u0131\u015f noktalar\u0131 oldu\u011funu ve gerekli planlamalar\u0131n yap\u0131ld\u0131\u011f\u0131n\u0131n m\u00fcjdesini verdi.\u00a0 \u00a0 &#8220;Organizasyon tan\u0131t\u0131m anlam\u0131nda \u00e7ok \u00f6nemli&#8221;\u00a0 Kemer Belediye Ba\u015fkan\u0131 Necati Topalo\u011flu ise yapt\u0131\u011f\u0131 a\u00e7\u0131klamada, Trans Taurus Da\u011f Bisikleti Etap Yar\u0131\u015flar\u0131\u2019n\u0131n g\u00fcne\u015fli ve g\u00fczel bir Kemer g\u00fcn\u00fcnde start ald\u0131\u011f\u0131n\u0131 s\u00f6yledi.\u00a0 Nisan ay\u0131nda d\u00f6rt tane spor organizasyonu oldu\u011funa dikkat \u00e7eken Ba\u015fkan &hellip;\" \/>\n<meta property=\"og:url\" content=\"http:\/\/denizcankizil.tr\/de\/haberler\/antalya\/kemerde-bisiklet-yarisi-heyecani-basladi\/\" \/>\n<meta property=\"og:site_name\" content=\"Av. Deniz Can K\u0131z\u0131l\" \/>\n<meta property=\"article:published_time\" content=\"2025-04-10T12:42:25+00:00\" \/>\n<meta property=\"og:image\" content=\"http:\/\/denizcankizil.tr\/wp-content\/uploads\/2025\/04\/a-w429580-01-Dt7MA1.webp\" \/>\n\t<meta property=\"og:image:width\" content=\"1280\" \/>\n\t<meta property=\"og:image:height\" content=\"720\" \/>\n\t<meta property=\"og:image:type\" content=\"image\/webp\" \/>\n<meta name=\"author\" content=\"Av. Deniz Can K\u0131z\u0131l\" \/>\n<meta name=\"twitter:card\" content=\"summary_large_image\" \/>\n<meta name=\"twitter:label1\" content=\"Verfasst von\" \/>\n\t<meta name=\"twitter:data1\" content=\"Av. Deniz Can K\u0131z\u0131l\" \/>\n\t<meta name=\"twitter:label2\" content=\"Gesch\u00e4tzte Lesezeit\" \/>\n\t<meta name=\"twitter:data2\" content=\"4\u00a0Minuten\" \/>\n<script type=\"application\/ld+json\" class=\"yoast-schema-graph\">{\"@context\":\"https:\/\/schema.org\",\"@graph\":[{\"@type\":\"Article\",\"@id\":\"http:\/\/denizcankizil.tr\/de\/haberler\/antalya\/kemerde-bisiklet-yarisi-heyecani-basladi\/#article\",\"isPartOf\":{\"@id\":\"http:\/\/denizcankizil.tr\/de\/haberler\/antalya\/kemerde-bisiklet-yarisi-heyecani-basladi\/\"},\"author\":{\"name\":\"Av. Deniz Can K\u0131z\u0131l\",\"@id\":\"https:\/\/denizcankizil.tr\/#\/schema\/person\/5dc1b22991bd7ac833867c10afc9b0ff\"},\"headline\":\"Kemer&#8217;de bisiklet yar\u0131\u015f\u0131 heyecan\u0131 ba\u015flad\u0131\",\"datePublished\":\"2025-04-10T12:42:25+00:00\",\"mainEntityOfPage\":{\"@id\":\"http:\/\/denizcankizil.tr\/de\/haberler\/antalya\/kemerde-bisiklet-yarisi-heyecani-basladi\/\"},\"wordCount\":821,\"publisher\":{\"@id\":\"https:\/\/denizcankizil.tr\/#organization\"},\"image\":{\"@id\":\"http:\/\/denizcankizil.tr\/de\/haberler\/antalya\/kemerde-bisiklet-yarisi-heyecani-basladi\/#primaryimage\"},\"thumbnailUrl\":\"http:\/\/denizcankizil.tr\/wp-content\/uploads\/2025\/04\/a-w429580-01-Dt7MA1.webp\",\"articleSection\":[\"Antalya\"],\"inLanguage\":\"de\"},{\"@type\":\"WebPage\",\"@id\":\"http:\/\/denizcankizil.tr\/de\/haberler\/antalya\/kemerde-bisiklet-yarisi-heyecani-basladi\/\",\"url\":\"http:\/\/denizcankizil.tr\/de\/haberler\/antalya\/kemerde-bisiklet-yarisi-heyecani-basladi\/\",\"name\":\"Kemer'de bisiklet yar\u0131\u015f\u0131 heyecan\u0131 ba\u015flad\u0131 - Av. Deniz Can K\u0131z\u0131l\",\"isPartOf\":{\"@id\":\"https:\/\/denizcankizil.tr\/#website\"},\"primaryImageOfPage\":{\"@id\":\"http:\/\/denizcankizil.tr\/de\/haberler\/antalya\/kemerde-bisiklet-yarisi-heyecani-basladi\/#primaryimage\"},\"image\":{\"@id\":\"http:\/\/denizcankizil.tr\/de\/haberler\/antalya\/kemerde-bisiklet-yarisi-heyecani-basladi\/#primaryimage\"},\"thumbnailUrl\":\"http:\/\/denizcankizil.tr\/wp-content\/uploads\/2025\/04\/a-w429580-01-Dt7MA1.webp\",\"datePublished\":\"2025-04-10T12:42:25+00:00\",\"breadcrumb\":{\"@id\":\"http:\/\/denizcankizil.tr\/de\/haberler\/antalya\/kemerde-bisiklet-yarisi-heyecani-basladi\/#breadcrumb\"},\"inLanguage\":\"de\",\"potentialAction\":[{\"@type\":\"ReadAction\",\"target\":[\"http:\/\/denizcankizil.tr\/de\/haberler\/antalya\/kemerde-bisiklet-yarisi-heyecani-basladi\/\"]}]},{\"@type\":\"ImageObject\",\"inLanguage\":\"de\",\"@id\":\"http:\/\/denizcankizil.tr\/de\/haberler\/antalya\/kemerde-bisiklet-yarisi-heyecani-basladi\/#primaryimage\",\"url\":\"http:\/\/denizcankizil.tr\/wp-content\/uploads\/2025\/04\/a-w429580-01-Dt7MA1.webp\",\"contentUrl\":\"http:\/\/denizcankizil.tr\/wp-content\/uploads\/2025\/04\/a-w429580-01-Dt7MA1.webp\",\"width\":1280,\"height\":720},{\"@type\":\"BreadcrumbList\",\"@id\":\"http:\/\/denizcankizil.tr\/de\/haberler\/antalya\/kemerde-bisiklet-yarisi-heyecani-basladi\/#breadcrumb\",\"itemListElement\":[{\"@type\":\"ListItem\",\"position\":1,\"name\":\"Home\",\"item\":\"https:\/\/denizcankizil.tr\/de\/\"},{\"@type\":\"ListItem\",\"position\":2,\"name\":\"Kemer&#8217;de bisiklet yar\u0131\u015f\u0131 heyecan\u0131 ba\u015flad\u0131\"}]},{\"@type\":\"WebSite\",\"@id\":\"https:\/\/denizcankizil.tr\/#website\",\"url\":\"https:\/\/denizcankizil.tr\/\",\"name\":\"Av. Deniz Can K\u0131z\u0131l\",\"description\":\"Avukat Deniz Can K\u0131z\u0131l Antalya Barosu\",\"publisher\":{\"@id\":\"https:\/\/denizcankizil.tr\/#organization\"},\"potentialAction\":[{\"@type\":\"SearchAction\",\"target\":{\"@type\":\"EntryPoint\",\"urlTemplate\":\"https:\/\/denizcankizil.tr\/?s={search_term_string}\"},\"query-input\":{\"@type\":\"PropertyValueSpecification\",\"valueRequired\":true,\"valueName\":\"search_term_string\"}}],\"inLanguage\":\"de\"},{\"@type\":\"Organization\",\"@id\":\"https:\/\/denizcankizil.tr\/#organization\",\"name\":\"Av. Deniz Can K\u0131z\u0131l\",\"url\":\"https:\/\/denizcankizil.tr\/\",\"logo\":{\"@type\":\"ImageObject\",\"inLanguage\":\"de\",\"@id\":\"https:\/\/denizcankizil.tr\/#\/schema\/logo\/image\/\",\"url\":\"http:\/\/denizcankizil.tr\/wp-content\/uploads\/2024\/10\/siyah-logo-svg.svg\",\"contentUrl\":\"http:\/\/denizcankizil.tr\/wp-content\/uploads\/2024\/10\/siyah-logo-svg.svg\",\"width\":1080,\"height\":1080,\"caption\":\"Av. Deniz Can K\u0131z\u0131l\"},\"image\":{\"@id\":\"https:\/\/denizcankizil.tr\/#\/schema\/logo\/image\/\"}},{\"@type\":\"Person\",\"@id\":\"https:\/\/denizcankizil.tr\/#\/schema\/person\/5dc1b22991bd7ac833867c10afc9b0ff\",\"name\":\"Av. Deniz Can K\u0131z\u0131l\",\"image\":{\"@type\":\"ImageObject\",\"inLanguage\":\"de\",\"@id\":\"https:\/\/denizcankizil.tr\/#\/schema\/person\/image\/\",\"url\":\"https:\/\/secure.gravatar.com\/avatar\/a0b128fb9855c79efc976d5640eedb31dc35ec297594d6016d2cf7c60e975bb6?s=96&d=mm&r=g\",\"contentUrl\":\"https:\/\/secure.gravatar.com\/avatar\/a0b128fb9855c79efc976d5640eedb31dc35ec297594d6016d2cf7c60e975bb6?s=96&d=mm&r=g\",\"caption\":\"Av. Deniz Can K\u0131z\u0131l\"},\"sameAs\":[\"http:\/\/www.denizcankizil.tr\"],\"url\":\"http:\/\/denizcankizil.tr\/de\/author\/denizcankizil\/\"}]}<\/script>\n<!-- \/ Yoast SEO Premium plugin. -->","yoast_head_json":{"title":"Kemer'de bisiklet yar\u0131\u015f\u0131 heyecan\u0131 ba\u015flad\u0131 - Av. Deniz Can K\u0131z\u0131l","robots":{"index":"index","follow":"follow","max-snippet":"max-snippet:-1","max-image-preview":"max-image-preview:large","max-video-preview":"max-video-preview:-1"},"canonical":"http:\/\/denizcankizil.tr\/de\/haberler\/antalya\/kemerde-bisiklet-yarisi-heyecani-basladi\/","og_locale":"de_DE","og_type":"article","og_title":"Kemer'de bisiklet yar\u0131\u015f\u0131 heyecan\u0131 ba\u015flad\u0131","og_description":"Kemer\u00a0Belediyesi\u2019nin ana sponsorlu\u011funda Kemer Kaymakaml\u0131\u011f\u0131 koordinesinde Trans Taurus Da\u011f\u00a0Bisikleti Etap Yar\u0131\u015f\u0131 \u00f6ncesi Mustafa Ertu\u011frul Aker Park\u0131\u2019nda bas\u0131n toplant\u0131s\u0131 d\u00fczenlendi. Bas\u0131n toplant\u0131s\u0131nda konu\u015fan Kemer Kaymakam\u0131 Ahmet Solmaz, ama\u00e7lar\u0131n\u0131n turizmi \u00e7e\u015fitlendirmek oldu\u011funu s\u00f6yledi.\u00a0 Trans Taurus Da\u011f Bisikleti Etap Yar\u0131\u015flar\u0131\u2019n\u0131n ard\u0131ndan da bisiklet organizasyonlar\u0131na ev sahipli\u011fi yapacaklar\u0131na de\u011finen Kaymakam Solmaz, &#8220;Trans Taurus Da\u011f Bisikleti Yar\u0131\u015flar\u0131n\u0131n ard\u0131ndan Sky To Sea, Akra Gran Fondo ve Cumhurba\u015fkanl\u0131\u011f\u0131 Bisiklet Turu var. Ge\u00e7en y\u0131l Kaymakaml\u0131\u011f\u0131m\u0131z\u0131n \u00f6nc\u00fcl\u00fc\u011f\u00fcnde Kemer Belediyesi ile Turizm Komitesi olu\u015fturduk. Bu komite ile Kemer\u2019deki faaliyetlerin bir cetvelini olu\u015fturduk. Bu cetvelin ana temalar\u0131ndan biri bisikletti ve Nisan ay\u0131n\u0131 bisiklet ay\u0131 ilan ettik. Turizm sezonunu uzatmak amac\u0131yla g\u00fczel i\u015flere imza atmay\u0131 \u00fcmit ediyoruz. Sporcular d\u00f6rt g\u00fcn boyunca Kemer\u2019de 200 kilometrelik bir parkurda pedal \u00e7evirecek. Organizasyonun d\u00fczenlenmesinde eme\u011fi ge\u00e7en Kemer Belediye Ba\u015fkan\u0131m\u0131z Necati Topalo\u011flu\u2019na, yar\u0131\u015f organizat\u00f6r\u00fc \u00d6mer Nizam\u2019a ve di\u011fer payda\u015flara te\u015fekk\u00fcr ediyorum. Sporculara da ba\u015far\u0131lar diliyorum&#8221; dedi.\u00a0 Kaymakam Solmaz, ayr\u0131ca May\u0131s ay\u0131n\u0131 da dal\u0131\u015f ay\u0131 olarak ilan ettiklerini, Kemer\u2019deki \u00f6nemli dal\u0131\u015f noktalar\u0131 oldu\u011funu ve gerekli planlamalar\u0131n yap\u0131ld\u0131\u011f\u0131n\u0131n m\u00fcjdesini verdi.\u00a0 \u00a0 &#8220;Organizasyon tan\u0131t\u0131m anlam\u0131nda \u00e7ok \u00f6nemli&#8221;\u00a0 Kemer Belediye Ba\u015fkan\u0131 Necati Topalo\u011flu ise yapt\u0131\u011f\u0131 a\u00e7\u0131klamada, Trans Taurus Da\u011f Bisikleti Etap Yar\u0131\u015flar\u0131\u2019n\u0131n g\u00fcne\u015fli ve g\u00fczel bir Kemer g\u00fcn\u00fcnde start ald\u0131\u011f\u0131n\u0131 s\u00f6yledi.\u00a0 Nisan ay\u0131nda d\u00f6rt tane spor organizasyonu oldu\u011funa dikkat \u00e7eken Ba\u015fkan &hellip;","og_url":"http:\/\/denizcankizil.tr\/de\/haberler\/antalya\/kemerde-bisiklet-yarisi-heyecani-basladi\/","og_site_name":"Av. Deniz Can K\u0131z\u0131l","article_published_time":"2025-04-10T12:42:25+00:00","og_image":[{"width":1280,"height":720,"url":"http:\/\/denizcankizil.tr\/wp-content\/uploads\/2025\/04\/a-w429580-01-Dt7MA1.webp","type":"image\/webp"}],"author":"Av. Deniz Can K\u0131z\u0131l","twitter_card":"summary_large_image","twitter_misc":{"Verfasst von":"Av. Deniz Can K\u0131z\u0131l","Gesch\u00e4tzte Lesezeit":"4\u00a0Minuten"},"schema":{"@context":"https:\/\/schema.org","@graph":[{"@type":"Article","@id":"http:\/\/denizcankizil.tr\/de\/haberler\/antalya\/kemerde-bisiklet-yarisi-heyecani-basladi\/#article","isPartOf":{"@id":"http:\/\/denizcankizil.tr\/de\/haberler\/antalya\/kemerde-bisiklet-yarisi-heyecani-basladi\/"},"author":{"name":"Av. Deniz Can K\u0131z\u0131l","@id":"https:\/\/denizcankizil.tr\/#\/schema\/person\/5dc1b22991bd7ac833867c10afc9b0ff"},"headline":"Kemer&#8217;de bisiklet yar\u0131\u015f\u0131 heyecan\u0131 ba\u015flad\u0131","datePublished":"2025-04-10T12:42:25+00:00","mainEntityOfPage":{"@id":"http:\/\/denizcankizil.tr\/de\/haberler\/antalya\/kemerde-bisiklet-yarisi-heyecani-basladi\/"},"wordCount":821,"publisher":{"@id":"https:\/\/denizcankizil.tr\/#organization"},"image":{"@id":"http:\/\/denizcankizil.tr\/de\/haberler\/antalya\/kemerde-bisiklet-yarisi-heyecani-basladi\/#primaryimage"},"thumbnailUrl":"http:\/\/denizcankizil.tr\/wp-content\/uploads\/2025\/04\/a-w429580-01-Dt7MA1.webp","articleSection":["Antalya"],"inLanguage":"de"},{"@type":"WebPage","@id":"http:\/\/denizcankizil.tr\/de\/haberler\/antalya\/kemerde-bisiklet-yarisi-heyecani-basladi\/","url":"http:\/\/denizcankizil.tr\/de\/haberler\/antalya\/kemerde-bisiklet-yarisi-heyecani-basladi\/","name":"Kemer'de bisiklet yar\u0131\u015f\u0131 heyecan\u0131 ba\u015flad\u0131 - Av. Deniz Can K\u0131z\u0131l","isPartOf":{"@id":"https:\/\/denizcankizil.tr\/#website"},"primaryImageOfPage":{"@id":"http:\/\/denizcankizil.tr\/de\/haberler\/antalya\/kemerde-bisiklet-yarisi-heyecani-basladi\/#primaryimage"},"image":{"@id":"http:\/\/denizcankizil.tr\/de\/haberler\/antalya\/kemerde-bisiklet-yarisi-heyecani-basladi\/#primaryimage"},"thumbnailUrl":"http:\/\/denizcankizil.tr\/wp-content\/uploads\/2025\/04\/a-w429580-01-Dt7MA1.webp","datePublished":"2025-04-10T12:42:25+00:00","breadcrumb":{"@id":"http:\/\/denizcankizil.tr\/de\/haberler\/antalya\/kemerde-bisiklet-yarisi-heyecani-basladi\/#breadcrumb"},"inLanguage":"de","potentialAction":[{"@type":"ReadAction","target":["http:\/\/denizcankizil.tr\/de\/haberler\/antalya\/kemerde-bisiklet-yarisi-heyecani-basladi\/"]}]},{"@type":"ImageObject","inLanguage":"de","@id":"http:\/\/denizcankizil.tr\/de\/haberler\/antalya\/kemerde-bisiklet-yarisi-heyecani-basladi\/#primaryimage","url":"http:\/\/denizcankizil.tr\/wp-content\/uploads\/2025\/04\/a-w429580-01-Dt7MA1.webp","contentUrl":"http:\/\/denizcankizil.tr\/wp-content\/uploads\/2025\/04\/a-w429580-01-Dt7MA1.webp","width":1280,"height":720},{"@type":"BreadcrumbList","@id":"http:\/\/denizcankizil.tr\/de\/haberler\/antalya\/kemerde-bisiklet-yarisi-heyecani-basladi\/#breadcrumb","itemListElement":[{"@type":"ListItem","position":1,"name":"Home","item":"https:\/\/denizcankizil.tr\/de\/"},{"@type":"ListItem","position":2,"name":"Kemer&#8217;de bisiklet yar\u0131\u015f\u0131 heyecan\u0131 ba\u015flad\u0131"}]},{"@type":"WebSite","@id":"https:\/\/denizcankizil.tr\/#website","url":"https:\/\/denizcankizil.tr\/","name":"Av. Deniz Can K\u0131z\u0131l","description":"Avukat Deniz Can K\u0131z\u0131l Antalya Barosu","publisher":{"@id":"https:\/\/denizcankizil.tr\/#organization"},"potentialAction":[{"@type":"SearchAction","target":{"@type":"EntryPoint","urlTemplate":"https:\/\/denizcankizil.tr\/?s={search_term_string}"},"query-input":{"@type":"PropertyValueSpecification","valueRequired":true,"valueName":"search_term_string"}}],"inLanguage":"de"},{"@type":"Organization","@id":"https:\/\/denizcankizil.tr\/#organization","name":"Av. Deniz Can K\u0131z\u0131l","url":"https:\/\/denizcankizil.tr\/","logo":{"@type":"ImageObject","inLanguage":"de","@id":"https:\/\/denizcankizil.tr\/#\/schema\/logo\/image\/","url":"http:\/\/denizcankizil.tr\/wp-content\/uploads\/2024\/10\/siyah-logo-svg.svg","contentUrl":"http:\/\/denizcankizil.tr\/wp-content\/uploads\/2024\/10\/siyah-logo-svg.svg","width":1080,"height":1080,"caption":"Av. Deniz Can K\u0131z\u0131l"},"image":{"@id":"https:\/\/denizcankizil.tr\/#\/schema\/logo\/image\/"}},{"@type":"Person","@id":"https:\/\/denizcankizil.tr\/#\/schema\/person\/5dc1b22991bd7ac833867c10afc9b0ff","name":"Av. Deniz Can K\u0131z\u0131l","image":{"@type":"ImageObject","inLanguage":"de","@id":"https:\/\/denizcankizil.tr\/#\/schema\/person\/image\/","url":"https:\/\/secure.gravatar.com\/avatar\/a0b128fb9855c79efc976d5640eedb31dc35ec297594d6016d2cf7c60e975bb6?s=96&d=mm&r=g","contentUrl":"https:\/\/secure.gravatar.com\/avatar\/a0b128fb9855c79efc976d5640eedb31dc35ec297594d6016d2cf7c60e975bb6?s=96&d=mm&r=g","caption":"Av. Deniz Can K\u0131z\u0131l"},"sameAs":["http:\/\/www.denizcankizil.tr"],"url":"http:\/\/denizcankizil.tr\/de\/author\/denizcankizil\/"}]}},"_links":{"self":[{"href":"http:\/\/denizcankizil.tr\/de\/wp-json\/wp\/v2\/posts\/51494","targetHints":{"allow":["GET"]}}],"collection":[{"href":"http:\/\/denizcankizil.tr\/de\/wp-json\/wp\/v2\/posts"}],"about":[{"href":"http:\/\/denizcankizil.tr\/de\/wp-json\/wp\/v2\/types\/post"}],"author":[{"embeddable":true,"href":"http:\/\/denizcankizil.tr\/de\/wp-json\/wp\/v2\/users\/4"}],"replies":[{"embeddable":true,"href":"http:\/\/denizcankizil.tr\/de\/wp-json\/wp\/v2\/comments?post=51494"}],"version-history":[{"count":0,"href":"http:\/\/denizcankizil.tr\/de\/wp-json\/wp\/v2\/posts\/51494\/revisions"}],"wp:featuredmedia":[{"embeddable":true,"href":"http:\/\/denizcankizil.tr\/de\/wp-json\/wp\/v2\/media\/51495"}],"wp:attachment":[{"href":"http:\/\/denizcankizil.tr\/de\/wp-json\/wp\/v2\/media?parent=51494"}],"wp:term":[{"taxonomy":"category","embeddable":true,"href":"http:\/\/denizcankizil.tr\/de\/wp-json\/wp\/v2\/categories?post=51494"},{"taxonomy":"post_tag","embeddable":true,"href":"http:\/\/denizcankizil.tr\/de\/wp-json\/wp\/v2\/tags?post=51494"}],"curies":[{"name":"wp","href":"https:\/\/api.w.org\/{rel}","templated":true}]}}