{"id":50385,"date":"2025-04-09T12:42:18","date_gmt":"2025-04-09T09:42:18","guid":{"rendered":"https:\/\/denizcankizil.tr\/uncategorized-tr\/turk-dogal-tas-sektoru-abd-pazarinda-hedef-buyuttu\/"},"modified":"2025-04-09T12:42:18","modified_gmt":"2025-04-09T09:42:18","slug":"turk-dogal-tas-sektoru-abd-pazarinda-hedef-buyuttu","status":"publish","type":"post","link":"http:\/\/denizcankizil.tr\/de\/haberler\/gundem\/turk-dogal-tas-sektoru-abd-pazarinda-hedef-buyuttu\/","title":{"rendered":"T\u00fcrk do\u011fal ta\u015f sekt\u00f6r\u00fc ABD pazar\u0131nda hedef b\u00fcy\u00fctt\u00fc"},"content":{"rendered":"<p>Amerika Birle\u015fik Devletleri Ba\u015fkan\u0131 Donald Trump\u2019\u0131n, yeni g\u00fcmr\u00fck vergileri karar\u0131 sonras\u0131nda y\u00fczde 10\u2019luk g\u00fcmr\u00fck vergisi diliminde kalan T\u00fcrk do\u011fal ta\u015f sekt\u00f6r\u00fc, Avrupa ve Uzakdo\u011fulu rakiplerine g\u00f6re ABD pazar\u0131nda konumunu g\u00fc\u00e7lendirece\u011fine inan\u0131yor.<\/p>\n<p>\u200bAmerika Birle\u015fik Devletleri Ba\u015fkan\u0131 Donald Trump\u2019\u0131n, yeni g\u00fcmr\u00fck vergileri karar\u0131 sonras\u0131nda y\u00fczde 10\u2019luk g\u00fcmr\u00fck vergisi diliminde kalan T\u00fcrk do\u011fal ta\u015f sekt\u00f6r\u00fc, Avrupa ve Uzakdo\u011fulu rakiplerine g\u00f6re ABD pazar\u0131nda konumunu g\u00fc\u00e7lendirece\u011fine inan\u0131yor.\u00a0<\/p>\n<p>\u200bHaberin Al\u0131nt\u0131land\u0131\u011f\u0131 Kaynak: www.iskenderun.org<\/p>","protected":false},"excerpt":{"rendered":"<p>Amerika Birle\u015fik Devletleri Ba\u015fkan\u0131 Donald Trump\u2019\u0131n, yeni g\u00fcmr\u00fck vergileri karar\u0131 sonras\u0131nda y\u00fczde 10\u2019luk g\u00fcmr\u00fck vergisi diliminde kalan T\u00fcrk do\u011fal ta\u015f sekt\u00f6r\u00fc, Avrupa ve Uzakdo\u011fulu rakiplerine g\u00f6re ABD pazar\u0131nda konumunu g\u00fc\u00e7lendirece\u011fine inan\u0131yor. \u200bAmerika Birle\u015fik Devletleri Ba\u015fkan\u0131 Donald Trump\u2019\u0131n, yeni g\u00fcmr\u00fck vergileri karar\u0131 sonras\u0131nda y\u00fczde 10\u2019luk g\u00fcmr\u00fck vergisi diliminde kalan T\u00fcrk do\u011fal ta\u015f sekt\u00f6r\u00fc, Avrupa ve Uzakdo\u011fulu rakiplerine g\u00f6re ABD pazar\u0131nda konumunu g\u00fc\u00e7lendirece\u011fine inan\u0131yor.\u00a0 \u200bHaberin Al\u0131nt\u0131land\u0131\u011f\u0131 Kaynak: www.iskenderun.org<\/p>","protected":false},"author":1,"featured_media":0,"comment_status":"","ping_status":"open","sticky":false,"template":"","format":"standard","meta":{"_acf_changed":false,"footnotes":""},"categories":[24],"tags":[],"class_list":["post-50385","post","type-post","status-publish","format-standard","has-post-thumbnail","hentry","category-gundem"],"acf":[],"yoast_head":"<!-- This site is optimized with the Yoast SEO Premium plugin v26.6 (Yoast SEO v27.1.1) - https:\/\/yoast.com\/product\/yoast-seo-premium-wordpress\/ -->\n<title>T\u00fcrk do\u011fal ta\u015f sekt\u00f6r\u00fc ABD pazar\u0131nda hedef b\u00fcy\u00fctt\u00fc - Av. Deniz Can K\u0131z\u0131l<\/title>\n<meta name=\"robots\" content=\"index, follow, max-snippet:-1, max-image-preview:large, max-video-preview:-1\" \/>\n<link rel=\"canonical\" href=\"http:\/\/denizcankizil.tr\/de\/haberler\/gundem\/turk-dogal-tas-sektoru-abd-pazarinda-hedef-buyuttu\/\" \/>\n<meta property=\"og:locale\" content=\"de_DE\" \/>\n<meta property=\"og:type\" content=\"article\" \/>\n<meta property=\"og:title\" content=\"T\u00fcrk do\u011fal ta\u015f sekt\u00f6r\u00fc ABD pazar\u0131nda hedef b\u00fcy\u00fctt\u00fc\" \/>\n<meta property=\"og:description\" content=\"Amerika Birle\u015fik Devletleri Ba\u015fkan\u0131 Donald Trump\u2019\u0131n, yeni g\u00fcmr\u00fck vergileri karar\u0131 sonras\u0131nda y\u00fczde 10\u2019luk g\u00fcmr\u00fck vergisi diliminde kalan T\u00fcrk do\u011fal ta\u015f sekt\u00f6r\u00fc, Avrupa ve Uzakdo\u011fulu rakiplerine g\u00f6re ABD pazar\u0131nda konumunu g\u00fc\u00e7lendirece\u011fine inan\u0131yor. \u200bAmerika Birle\u015fik Devletleri Ba\u015fkan\u0131 Donald Trump\u2019\u0131n, yeni g\u00fcmr\u00fck vergileri karar\u0131 sonras\u0131nda y\u00fczde 10\u2019luk g\u00fcmr\u00fck vergisi diliminde kalan T\u00fcrk do\u011fal ta\u015f sekt\u00f6r\u00fc, Avrupa ve Uzakdo\u011fulu rakiplerine g\u00f6re ABD pazar\u0131nda konumunu g\u00fc\u00e7lendirece\u011fine inan\u0131yor.\u00a0 \u200bHaberin Al\u0131nt\u0131land\u0131\u011f\u0131 Kaynak: www.iskenderun.org\" \/>\n<meta property=\"og:url\" content=\"http:\/\/denizcankizil.tr\/de\/haberler\/gundem\/turk-dogal-tas-sektoru-abd-pazarinda-hedef-buyuttu\/\" \/>\n<meta property=\"og:site_name\" content=\"Av. Deniz Can K\u0131z\u0131l\" \/>\n<meta property=\"article:published_time\" content=\"2025-04-09T09:42:18+00:00\" \/>\n<meta name=\"author\" content=\"admin\" \/>\n<meta name=\"twitter:card\" content=\"summary_large_image\" \/>\n<meta name=\"twitter:label1\" content=\"Verfasst von\" \/>\n\t<meta name=\"twitter:data1\" content=\"admin\" \/>\n\t<meta name=\"twitter:label2\" content=\"Gesch\u00e4tzte Lesezeit\" \/>\n\t<meta name=\"twitter:data2\" content=\"1\u00a0Minute\" \/>\n<script type=\"application\/ld+json\" class=\"yoast-schema-graph\">{\"@context\":\"https:\/\/schema.org\",\"@graph\":[{\"@type\":\"Article\",\"@id\":\"http:\/\/denizcankizil.tr\/ru\/haberler\/gundem\/turk-dogal-tas-sektoru-abd-pazarinda-hedef-buyuttu\/#article\",\"isPartOf\":{\"@id\":\"http:\/\/denizcankizil.tr\/ru\/haberler\/gundem\/turk-dogal-tas-sektoru-abd-pazarinda-hedef-buyuttu\/\"},\"author\":{\"name\":\"admin\",\"@id\":\"https:\/\/denizcankizil.tr\/de\/#\/schema\/person\/be3c05fe6a12686905512445d8185489\"},\"headline\":\"T\u00fcrk do\u011fal ta\u015f sekt\u00f6r\u00fc ABD pazar\u0131nda hedef b\u00fcy\u00fctt\u00fc\",\"datePublished\":\"2025-04-09T09:42:18+00:00\",\"mainEntityOfPage\":{\"@id\":\"http:\/\/denizcankizil.tr\/ru\/haberler\/gundem\/turk-dogal-tas-sektoru-abd-pazarinda-hedef-buyuttu\/\"},\"wordCount\":120,\"publisher\":{\"@id\":\"https:\/\/denizcankizil.tr\/de\/#organization\"},\"articleSection\":[\"G\u00fcndem\"],\"inLanguage\":\"de\"},{\"@type\":\"WebPage\",\"@id\":\"http:\/\/denizcankizil.tr\/ru\/haberler\/gundem\/turk-dogal-tas-sektoru-abd-pazarinda-hedef-buyuttu\/\",\"url\":\"http:\/\/denizcankizil.tr\/ru\/haberler\/gundem\/turk-dogal-tas-sektoru-abd-pazarinda-hedef-buyuttu\/\",\"name\":\"T\u00fcrk do\u011fal ta\u015f sekt\u00f6r\u00fc ABD pazar\u0131nda hedef b\u00fcy\u00fctt\u00fc - Av. Deniz Can K\u0131z\u0131l\",\"isPartOf\":{\"@id\":\"https:\/\/denizcankizil.tr\/de\/#website\"},\"datePublished\":\"2025-04-09T09:42:18+00:00\",\"breadcrumb\":{\"@id\":\"http:\/\/denizcankizil.tr\/ru\/haberler\/gundem\/turk-dogal-tas-sektoru-abd-pazarinda-hedef-buyuttu\/#breadcrumb\"},\"inLanguage\":\"de\",\"potentialAction\":[{\"@type\":\"ReadAction\",\"target\":[\"http:\/\/denizcankizil.tr\/ru\/haberler\/gundem\/turk-dogal-tas-sektoru-abd-pazarinda-hedef-buyuttu\/\"]}]},{\"@type\":\"BreadcrumbList\",\"@id\":\"http:\/\/denizcankizil.tr\/ru\/haberler\/gundem\/turk-dogal-tas-sektoru-abd-pazarinda-hedef-buyuttu\/#breadcrumb\",\"itemListElement\":[{\"@type\":\"ListItem\",\"position\":1,\"name\":\"Home\",\"item\":\"https:\/\/denizcankizil.tr\/de\/\"},{\"@type\":\"ListItem\",\"position\":2,\"name\":\"T\u00fcrk do\u011fal ta\u015f sekt\u00f6r\u00fc ABD pazar\u0131nda hedef b\u00fcy\u00fctt\u00fc\"}]},{\"@type\":\"WebSite\",\"@id\":\"https:\/\/denizcankizil.tr\/de\/#website\",\"url\":\"https:\/\/denizcankizil.tr\/de\/\",\"name\":\"Av. Deniz Can K\u0131z\u0131l\",\"description\":\"Avukat Deniz Can K\u0131z\u0131l Antalya Barosu\",\"publisher\":{\"@id\":\"https:\/\/denizcankizil.tr\/de\/#organization\"},\"potentialAction\":[{\"@type\":\"SearchAction\",\"target\":{\"@type\":\"EntryPoint\",\"urlTemplate\":\"https:\/\/denizcankizil.tr\/de\/?s={search_term_string}\"},\"query-input\":{\"@type\":\"PropertyValueSpecification\",\"valueRequired\":true,\"valueName\":\"search_term_string\"}}],\"inLanguage\":\"de\"},{\"@type\":\"Organization\",\"@id\":\"https:\/\/denizcankizil.tr\/de\/#organization\",\"name\":\"Av. Deniz Can K\u0131z\u0131l\",\"url\":\"https:\/\/denizcankizil.tr\/de\/\",\"logo\":{\"@type\":\"ImageObject\",\"inLanguage\":\"de\",\"@id\":\"https:\/\/denizcankizil.tr\/de\/#\/schema\/logo\/image\/\",\"url\":\"http:\/\/denizcankizil.tr\/wp-content\/uploads\/2024\/10\/siyah-logo-svg.svg\",\"contentUrl\":\"http:\/\/denizcankizil.tr\/wp-content\/uploads\/2024\/10\/siyah-logo-svg.svg\",\"width\":1080,\"height\":1080,\"caption\":\"Av. Deniz Can K\u0131z\u0131l\"},\"image\":{\"@id\":\"https:\/\/denizcankizil.tr\/de\/#\/schema\/logo\/image\/\"}},{\"@type\":\"Person\",\"@id\":\"https:\/\/denizcankizil.tr\/de\/#\/schema\/person\/be3c05fe6a12686905512445d8185489\",\"name\":\"admin\",\"image\":{\"@type\":\"ImageObject\",\"inLanguage\":\"de\",\"@id\":\"https:\/\/denizcankizil.tr\/de\/#\/schema\/person\/image\/\",\"url\":\"https:\/\/secure.gravatar.com\/avatar\/c1fce94c830dc79107e174f890d7210541c4a63e8e5d816341794a2151c9d58c?s=96&d=mm&r=g\",\"contentUrl\":\"https:\/\/secure.gravatar.com\/avatar\/c1fce94c830dc79107e174f890d7210541c4a63e8e5d816341794a2151c9d58c?s=96&d=mm&r=g\",\"caption\":\"admin\"},\"sameAs\":[\"http:\/\/denizcankizil.tr\"],\"url\":\"https:\/\/www.iskenderun.org\/turk-dogal-tas-sektoru-abd-pazarinda-hedef-buyuttu\"}]}<\/script>\n<!-- \/ Yoast SEO Premium plugin. -->","yoast_head_json":{"title":"T\u00fcrk do\u011fal ta\u015f sekt\u00f6r\u00fc ABD pazar\u0131nda hedef b\u00fcy\u00fctt\u00fc - Av. Deniz Can K\u0131z\u0131l","robots":{"index":"index","follow":"follow","max-snippet":"max-snippet:-1","max-image-preview":"max-image-preview:large","max-video-preview":"max-video-preview:-1"},"canonical":"http:\/\/denizcankizil.tr\/de\/haberler\/gundem\/turk-dogal-tas-sektoru-abd-pazarinda-hedef-buyuttu\/","og_locale":"de_DE","og_type":"article","og_title":"T\u00fcrk do\u011fal ta\u015f sekt\u00f6r\u00fc ABD pazar\u0131nda hedef b\u00fcy\u00fctt\u00fc","og_description":"Amerika Birle\u015fik Devletleri Ba\u015fkan\u0131 Donald Trump\u2019\u0131n, yeni g\u00fcmr\u00fck vergileri karar\u0131 sonras\u0131nda y\u00fczde 10\u2019luk g\u00fcmr\u00fck vergisi diliminde kalan T\u00fcrk do\u011fal ta\u015f sekt\u00f6r\u00fc, Avrupa ve Uzakdo\u011fulu rakiplerine g\u00f6re ABD pazar\u0131nda konumunu g\u00fc\u00e7lendirece\u011fine inan\u0131yor. \u200bAmerika Birle\u015fik Devletleri Ba\u015fkan\u0131 Donald Trump\u2019\u0131n, yeni g\u00fcmr\u00fck vergileri karar\u0131 sonras\u0131nda y\u00fczde 10\u2019luk g\u00fcmr\u00fck vergisi diliminde kalan T\u00fcrk do\u011fal ta\u015f sekt\u00f6r\u00fc, Avrupa ve Uzakdo\u011fulu rakiplerine g\u00f6re ABD pazar\u0131nda konumunu g\u00fc\u00e7lendirece\u011fine inan\u0131yor.\u00a0 \u200bHaberin Al\u0131nt\u0131land\u0131\u011f\u0131 Kaynak: www.iskenderun.org","og_url":"http:\/\/denizcankizil.tr\/de\/haberler\/gundem\/turk-dogal-tas-sektoru-abd-pazarinda-hedef-buyuttu\/","og_site_name":"Av. Deniz Can K\u0131z\u0131l","article_published_time":"2025-04-09T09:42:18+00:00","author":"admin","twitter_card":"summary_large_image","twitter_misc":{"Verfasst von":"admin","Gesch\u00e4tzte Lesezeit":"1\u00a0Minute"},"schema":{"@context":"https:\/\/schema.org","@graph":[{"@type":"Article","@id":"http:\/\/denizcankizil.tr\/ru\/haberler\/gundem\/turk-dogal-tas-sektoru-abd-pazarinda-hedef-buyuttu\/#article","isPartOf":{"@id":"http:\/\/denizcankizil.tr\/ru\/haberler\/gundem\/turk-dogal-tas-sektoru-abd-pazarinda-hedef-buyuttu\/"},"author":{"name":"admin","@id":"https:\/\/denizcankizil.tr\/de\/#\/schema\/person\/be3c05fe6a12686905512445d8185489"},"headline":"T\u00fcrk do\u011fal ta\u015f sekt\u00f6r\u00fc ABD pazar\u0131nda hedef b\u00fcy\u00fctt\u00fc","datePublished":"2025-04-09T09:42:18+00:00","mainEntityOfPage":{"@id":"http:\/\/denizcankizil.tr\/ru\/haberler\/gundem\/turk-dogal-tas-sektoru-abd-pazarinda-hedef-buyuttu\/"},"wordCount":120,"publisher":{"@id":"https:\/\/denizcankizil.tr\/de\/#organization"},"articleSection":["G\u00fcndem"],"inLanguage":"de"},{"@type":"WebPage","@id":"http:\/\/denizcankizil.tr\/ru\/haberler\/gundem\/turk-dogal-tas-sektoru-abd-pazarinda-hedef-buyuttu\/","url":"http:\/\/denizcankizil.tr\/ru\/haberler\/gundem\/turk-dogal-tas-sektoru-abd-pazarinda-hedef-buyuttu\/","name":"T\u00fcrk do\u011fal ta\u015f sekt\u00f6r\u00fc ABD pazar\u0131nda hedef b\u00fcy\u00fctt\u00fc - Av. Deniz Can K\u0131z\u0131l","isPartOf":{"@id":"https:\/\/denizcankizil.tr\/de\/#website"},"datePublished":"2025-04-09T09:42:18+00:00","breadcrumb":{"@id":"http:\/\/denizcankizil.tr\/ru\/haberler\/gundem\/turk-dogal-tas-sektoru-abd-pazarinda-hedef-buyuttu\/#breadcrumb"},"inLanguage":"de","potentialAction":[{"@type":"ReadAction","target":["http:\/\/denizcankizil.tr\/ru\/haberler\/gundem\/turk-dogal-tas-sektoru-abd-pazarinda-hedef-buyuttu\/"]}]},{"@type":"BreadcrumbList","@id":"http:\/\/denizcankizil.tr\/ru\/haberler\/gundem\/turk-dogal-tas-sektoru-abd-pazarinda-hedef-buyuttu\/#breadcrumb","itemListElement":[{"@type":"ListItem","position":1,"name":"Home","item":"https:\/\/denizcankizil.tr\/de\/"},{"@type":"ListItem","position":2,"name":"T\u00fcrk do\u011fal ta\u015f sekt\u00f6r\u00fc ABD pazar\u0131nda hedef b\u00fcy\u00fctt\u00fc"}]},{"@type":"WebSite","@id":"https:\/\/denizcankizil.tr\/de\/#website","url":"https:\/\/denizcankizil.tr\/de\/","name":"Av. Deniz Can K\u0131z\u0131l","description":"Avukat Deniz Can K\u0131z\u0131l Antalya Barosu","publisher":{"@id":"https:\/\/denizcankizil.tr\/de\/#organization"},"potentialAction":[{"@type":"SearchAction","target":{"@type":"EntryPoint","urlTemplate":"https:\/\/denizcankizil.tr\/de\/?s={search_term_string}"},"query-input":{"@type":"PropertyValueSpecification","valueRequired":true,"valueName":"search_term_string"}}],"inLanguage":"de"},{"@type":"Organization","@id":"https:\/\/denizcankizil.tr\/de\/#organization","name":"Av. Deniz Can K\u0131z\u0131l","url":"https:\/\/denizcankizil.tr\/de\/","logo":{"@type":"ImageObject","inLanguage":"de","@id":"https:\/\/denizcankizil.tr\/de\/#\/schema\/logo\/image\/","url":"http:\/\/denizcankizil.tr\/wp-content\/uploads\/2024\/10\/siyah-logo-svg.svg","contentUrl":"http:\/\/denizcankizil.tr\/wp-content\/uploads\/2024\/10\/siyah-logo-svg.svg","width":1080,"height":1080,"caption":"Av. Deniz Can K\u0131z\u0131l"},"image":{"@id":"https:\/\/denizcankizil.tr\/de\/#\/schema\/logo\/image\/"}},{"@type":"Person","@id":"https:\/\/denizcankizil.tr\/de\/#\/schema\/person\/be3c05fe6a12686905512445d8185489","name":"Administrator","image":{"@type":"ImageObject","inLanguage":"de","@id":"https:\/\/denizcankizil.tr\/de\/#\/schema\/person\/image\/","url":"https:\/\/secure.gravatar.com\/avatar\/c1fce94c830dc79107e174f890d7210541c4a63e8e5d816341794a2151c9d58c?s=96&d=mm&r=g","contentUrl":"https:\/\/secure.gravatar.com\/avatar\/c1fce94c830dc79107e174f890d7210541c4a63e8e5d816341794a2151c9d58c?s=96&d=mm&r=g","caption":"admin"},"sameAs":["http:\/\/denizcankizil.tr"],"url":"https:\/\/www.iskenderun.org\/turk-dogal-tas-sektoru-abd-pazarinda-hedef-buyuttu"}]}},"_links":{"self":[{"href":"http:\/\/denizcankizil.tr\/de\/wp-json\/wp\/v2\/posts\/50385","targetHints":{"allow":["GET"]}}],"collection":[{"href":"http:\/\/denizcankizil.tr\/de\/wp-json\/wp\/v2\/posts"}],"about":[{"href":"http:\/\/denizcankizil.tr\/de\/wp-json\/wp\/v2\/types\/post"}],"author":[{"embeddable":true,"href":"http:\/\/denizcankizil.tr\/de\/wp-json\/wp\/v2\/users\/1"}],"replies":[{"embeddable":true,"href":"http:\/\/denizcankizil.tr\/de\/wp-json\/wp\/v2\/comments?post=50385"}],"version-history":[{"count":0,"href":"http:\/\/denizcankizil.tr\/de\/wp-json\/wp\/v2\/posts\/50385\/revisions"}],"wp:attachment":[{"href":"http:\/\/denizcankizil.tr\/de\/wp-json\/wp\/v2\/media?parent=50385"}],"wp:term":[{"taxonomy":"category","embeddable":true,"href":"http:\/\/denizcankizil.tr\/de\/wp-json\/wp\/v2\/categories?post=50385"},{"taxonomy":"post_tag","embeddable":true,"href":"http:\/\/denizcankizil.tr\/de\/wp-json\/wp\/v2\/tags?post=50385"}],"curies":[{"name":"wp","href":"https:\/\/api.w.org\/{rel}","templated":true}]}}