{"id":47413,"date":"2025-04-06T18:42:11","date_gmt":"2025-04-06T15:42:11","guid":{"rendered":"https:\/\/denizcankizil.tr\/uncategorized-tr\/cundalilarin-sesini-baskan-akin-duydu\/"},"modified":"2025-04-06T18:42:11","modified_gmt":"2025-04-06T15:42:11","slug":"cundalilarin-sesini-baskan-akin-duydu","status":"publish","type":"post","link":"http:\/\/denizcankizil.tr\/de\/haberler\/gundem\/cundalilarin-sesini-baskan-akin-duydu\/","title":{"rendered":"Cundal\u0131lar\u0131n sesini Ba\u015fkan Ak\u0131n duydu"},"content":{"rendered":"<p>Ayval\u0131k\u2019\u0131n Cunda Adas\u0131\u2019nda y\u0131llard\u0131r b\u00fcy\u00fck bir sorun haline gelen ve s\u00fcrekli ar\u0131zalanmas\u0131 nedeniyle kesintilere sebebiyet veren asbestli borulardan olu\u015fan i\u00e7me suyu \u015febeke hatt\u0131; Bal\u0131kesir B\u00fcy\u00fck\u015fehir Belediye Ba\u015fkan\u0131 Ahmet Ak\u0131n\u2019\u0131n t\u00fcm ekipleri harekete ge\u00e7irmesiyle Bal\u0131kesir Su ve Kanalizasyon \u0130daresi (BASK\u0130) Genel M\u00fcd\u00fcrl\u00fc\u011f\u00fcnce yenileniyor.BALIKES\u0130R (\u0130GFA) &#8211;\u00a0Bal\u0131kesir Su ve Kanalizasyon \u0130daresi (BASK\u0130) Genel M\u00fcd\u00fcrl\u00fc\u011f\u00fc, Cunda Adas\u0131nda s\u00fcrekli ar\u0131za yapan i\u00e7me suyu hatt\u0131n\u0131 de\u011fi\u015ftirmek i\u00e7in \u00e7al\u0131\u015fmalara ba\u015flad\u0131. Bal\u0131kesir B\u00fcy\u00fck\u015fehir Belediye Ba\u015fkan\u0131 Ahmet Ak\u0131n\u2019\u0131n \u00f6nc\u00fcl\u00fc\u011f\u00fcnde ger\u00e7ekle\u015fen \u00e7al\u0131\u015fmalar sayesinde vatanda\u015flara kesintisiz su sa\u011flanacak.<br \/>\nTurizmin g\u00f6zdesi Ayval\u0131k \u0130l\u00e7esi Cunda Adas\u0131 Nam\u0131k Kemal Mahallesi \u00c7atal Tepe Mevkiinde ekonomik \u00f6mr\u00fcn\u00fc tamamlam\u0131\u015f, s\u00fcrekli olarak i\u00e7me suyu ar\u0131zas\u0131 meydana gelen hatta ar\u0131zalar\u0131n \u00f6n\u00fcne ge\u00e7mek, hem i\u00e7me suyu yetersizli\u011fini gidermek hem de zararl\u0131 olan asbestli borular\u0131 yenilemek amac\u0131yla Ayval\u0131k Cunda Adas\u0131 \u00c7atal Mevkii i\u00e7me suyu hatt\u0131 yap\u0131m projesi haz\u0131rlanm\u0131\u015f ve \u00e7al\u0131\u015fmalara ba\u015fland\u0131.<br \/>\nUzun y\u0131llar mahallelerinde su borular\u0131n\u0131n ekonomik \u00f6mr\u00fcn\u00fc tamamlamas\u0131 nedeniyle su kesintileriyle m\u00fccadele ettiklerini s\u00f6yleyen mahalle sakinleri, Ba\u015fkan Ak\u0131n\u2019\u0131n sorunu g\u00f6r\u00fcr g\u00f6rmez \u00e7\u00f6zmesi nedeniyle \u00e7ok mutlu olduklar\u0131n\u0131 dile getirdi.<br \/>\nZEH\u0130R SA\u00c7AN ASBESTL\u0130 BORULAR DE\u011e\u0130\u015e\u0130YOR<br \/>\nY\u0131llard\u0131r yamalarla g\u00fcn\u00fc kurtaracak \u00e7\u00f6z\u00fcmlerin \u00fcretildi\u011fi, kanserojen etkiye sahip asbestli eski borular\u0131 de\u011fi\u015ftirmeye ba\u015flayan BASK\u0130 ekipleri, yeni ve uluslararas\u0131 standartlara uygun borularla \u015febeke hatt\u0131n\u0131 yeniliyor. 200 mm \u00e7ap\u0131nda 605 metre ve 110 mm \u00e7ap\u0131nda 3 bin 137 metre olmak \u00fczere toplamda 3 bin 742 metre i\u00e7me suyu \u015febeke hatt\u0131n\u0131 olu\u015fturacak olan BASK\u0130 ekipleri yap\u0131m \u00e7al\u0131\u015fmalar\u0131na ba\u015flan\u0131lan i\u015fte toplamda 450 metre hat yap\u0131m\u0131n\u0131 tamamlad\u0131.<br \/>\n\u00c7ATAL TEPE MEVK\u0130\u0130 YEN\u0130 ATIK SU TERF\u0130 \u0130STASYONUNA KAVU\u015eUYOR<br \/>\nHalk\u0131n sa\u011fl\u0131kl\u0131 ve kesintisiz suya eri\u015febilmesi i\u00e7in t\u00fcm imk\u00e2nlar\u0131 seferber eden Bal\u0131kesir B\u00fcy\u00fck\u015fehir Belediye Ba\u015fkan\u0131 Ahmet Ak\u0131n\u2019\u0131n liderli\u011finde BASK\u0130 y\u0131llard\u0131r \u00e7\u00f6z\u00fclmeyen ve \u00fcst\u00fc kapat\u0131lan sorunlar\u0131 bir bir \u00e7\u00f6z\u00fcyor. Cunda Adas\u0131 \u00c7atal Tepe mevkii i\u00e7me suyu projesinin yan\u0131nda ayn\u0131 b\u00f6lgeye kanalizasyon \u015febeke hatt\u0131n\u0131 devreye almak i\u00e7in 800 metre kanalizasyon \u015febeke hatt\u0131 yap\u0131m\u0131 ve paket at\u0131k su terfi istasyonu yap\u0131m\u0131 tamamland\u0131. Terfi \u0130stasyonunun ba\u011flant\u0131 \u00e7al\u0131\u015fmalar\u0131 ise h\u0131z kesmeden devam ediyor.<br \/>\n\u201cUZUN YILLARDIR BEKL\u0130YORDUK\u201d<br \/>\nBa\u015fkan Ak\u0131n\u2019\u0131n g\u00f6reve gelmesiyle birlikte y\u0131llard\u0131r s\u00fcregelen sorunlar\u0131n tek tek \u00e7\u00f6z\u00fcme kavu\u015ftu\u011funu s\u00f6yleyen mahalle sakinlerinden Adil Ge\u00e7im, \u201cBu \u00e7al\u0131\u015fma \u00e7ok de\u011ferli \u00e7\u00fcnk\u00fc y\u0131llard\u0131r burada yeralt\u0131nda ciddi ka\u00e7aklar var. Bunlar\u0131n yenilenmesi bizi i\u00e7in \u00e7ok \u00f6nemli. Cunda, Ayval\u0131k\u2019\u0131n de\u011fil, T\u00fcrkiye\u2019nin de\u011fil d\u00fcnyan\u0131n incisi olan yerlerden biri. Buradaki ya\u015fam\u0131 gerek temiz su bak\u0131m\u0131ndan ki o yeralt\u0131ndaki ka\u00e7aklardan dolay\u0131 mikroplar da yedi\u011fimizin, i\u00e7ti\u011fimizin aras\u0131na kar\u0131\u015f\u0131yor. Bu sorunlar\u0131n \u00f6nlenmesi i\u00e7in yap\u0131lan \u00e7al\u0131\u015fmalar\u0131 \u00e7ok olumlu ve g\u00fczel. Art\u0131k bu \u00e7al\u0131\u015fmalar\u0131n ba\u015flamas\u0131na seviniyoruz \u00e7\u00fcnk\u00fc uzun y\u0131llard\u0131r bunu bekliyorduk.\u201d \u015feklinde konu\u015ftu.<br \/>\n\u201cAHMET BA\u015eKAN\u2019IMIZA \u00c7OK TE\u015eEKK\u00dcR EDER\u0130Z\u201d<br \/>\nBASK\u0130 taraf\u0131ndan Cunda Adas\u0131\u2019nda yap\u0131lan \u00e7al\u0131\u015fmalar\u0131 memnuniyetle kar\u015f\u0131lad\u0131klar\u0131n\u0131 s\u00f6yleyen mahalle sakinlerinden Orhan Orbay, \u201cValla uzun zamand\u0131r bekliyorduk. Bu \u00e7al\u0131\u015fmalar iyi ki yap\u0131l\u0131yor, te\u015fekk\u00fcr ederiz. Biz 50 senelik bir siteyiz. Buralar \u00e7ok eski ve eski tip metal borular var. Bunlar paslan\u0131yor, \u00e7\u00fcr\u00fcme yap\u0131l\u0131yor. Her g\u00fcn ana hatlar patl\u0131yordu. O y\u00fczden \u00e7ok b\u00fcy\u00fck s\u0131k\u0131nt\u0131 ya\u015f\u0131yorduk. Sular\u0131m\u0131z kesiliyordu, sarn\u0131\u00e7tan kullan\u0131yorduk. Daha sonra tazyikten tekrar patl\u0131yordu. \u0130n\u015fallah d\u00f6\u015fenen yeni borulardan sonra bu sorunlar\u0131 ya\u015famayaca\u011f\u0131z. 2025 b\u00fct\u00e7esini al\u0131p, belediye bu kadar bor\u00e7lu olmas\u0131na ra\u011fmen bu \u00e7al\u0131\u015fmalar\u0131 yapt\u0131\u011f\u0131 i\u00e7in Ahmet Ba\u015fkan\u2019\u0131m\u0131za te\u015fekk\u00fcr ediyorum.\u201d ifadelerini kulland\u0131.<\/p>\n<p>\u200bAyval\u0131k\u2019\u0131n Cunda Adas\u0131\u2019nda y\u0131llard\u0131r b\u00fcy\u00fck bir sorun haline gelen ve s\u00fcrekli ar\u0131zalanmas\u0131 nedeniyle kesintilere sebebiyet veren asbestli borulardan olu\u015fan i\u00e7me suyu \u015febeke hatt\u0131; Bal\u0131kesir B\u00fcy\u00fck\u015fehir Belediye Ba\u015fkan\u0131 Ahmet Ak\u0131n\u2019\u0131n t\u00fcm ekipleri harekete ge\u00e7irmesiyle Bal\u0131kesir Su ve Kanalizasyon \u0130daresi (BASK\u0130) Genel M\u00fcd\u00fcrl\u00fc\u011f\u00fcnce yenileniyor.BALIKES\u0130R (\u0130GFA) &#8211;\u00a0Bal\u0131kesir Su ve Kanalizasyon \u0130daresi (BASK\u0130) Genel M\u00fcd\u00fcrl\u00fc\u011f\u00fc, Cunda Adas\u0131nda s\u00fcrekli ar\u0131za yapan i\u00e7me suyu hatt\u0131n\u0131 de\u011fi\u015ftirmek i\u00e7in \u00e7al\u0131\u015fmalara ba\u015flad\u0131. Bal\u0131kesir B\u00fcy\u00fck\u015fehir Belediye Ba\u015fkan\u0131 Ahmet Ak\u0131n\u2019\u0131n \u00f6nc\u00fcl\u00fc\u011f\u00fcnde ger\u00e7ekle\u015fen \u00e7al\u0131\u015fmalar sayesinde vatanda\u015flara kesintisiz su sa\u011flanacak.<br \/>\nTurizmin g\u00f6zdesi Ayval\u0131k \u0130l\u00e7esi Cunda Adas\u0131 Nam\u0131k Kemal Mahallesi \u00c7atal Tepe Mevkiinde ekonomik \u00f6mr\u00fcn\u00fc tamamlam\u0131\u015f, s\u00fcrekli olarak i\u00e7me suyu ar\u0131zas\u0131 meydana gelen hatta ar\u0131zalar\u0131n \u00f6n\u00fcne ge\u00e7mek, hem i\u00e7me suyu yetersizli\u011fini gidermek hem de zararl\u0131 olan asbestli borular\u0131 yenilemek amac\u0131yla Ayval\u0131k Cunda Adas\u0131 \u00c7atal Mevkii i\u00e7me suyu hatt\u0131 yap\u0131m projesi haz\u0131rlanm\u0131\u015f ve \u00e7al\u0131\u015fmalara ba\u015fland\u0131.<br \/>\nUzun y\u0131llar mahallelerinde su borular\u0131n\u0131n ekonomik \u00f6mr\u00fcn\u00fc tamamlamas\u0131 nedeniyle su kesintileriyle m\u00fccadele ettiklerini s\u00f6yleyen mahalle sakinleri, Ba\u015fkan Ak\u0131n\u2019\u0131n sorunu g\u00f6r\u00fcr g\u00f6rmez \u00e7\u00f6zmesi nedeniyle \u00e7ok mutlu olduklar\u0131n\u0131 dile getirdi.<br \/>\nZEH\u0130R SA\u00c7AN ASBESTL\u0130 BORULAR DE\u011e\u0130\u015e\u0130YOR<br \/>\nY\u0131llard\u0131r yamalarla g\u00fcn\u00fc kurtaracak \u00e7\u00f6z\u00fcmlerin \u00fcretildi\u011fi, kanserojen etkiye sahip asbestli eski borular\u0131 de\u011fi\u015ftirmeye ba\u015flayan BASK\u0130 ekipleri, yeni ve uluslararas\u0131 standartlara uygun borularla \u015febeke hatt\u0131n\u0131 yeniliyor. 200 mm \u00e7ap\u0131nda 605 metre ve 110 mm \u00e7ap\u0131nda 3 bin 137 metre olmak \u00fczere toplamda 3 bin 742 metre i\u00e7me suyu \u015febeke hatt\u0131n\u0131 olu\u015fturacak olan BASK\u0130 ekipleri yap\u0131m \u00e7al\u0131\u015fmalar\u0131na ba\u015flan\u0131lan i\u015fte toplamda 450 metre hat yap\u0131m\u0131n\u0131 tamamlad\u0131.<br \/>\n\u00c7ATAL TEPE MEVK\u0130\u0130 YEN\u0130 ATIK SU TERF\u0130 \u0130STASYONUNA KAVU\u015eUYOR<br \/>\nHalk\u0131n sa\u011fl\u0131kl\u0131 ve kesintisiz suya eri\u015febilmesi i\u00e7in t\u00fcm imk\u00e2nlar\u0131 seferber eden Bal\u0131kesir B\u00fcy\u00fck\u015fehir Belediye Ba\u015fkan\u0131 Ahmet Ak\u0131n\u2019\u0131n liderli\u011finde BASK\u0130 y\u0131llard\u0131r \u00e7\u00f6z\u00fclmeyen ve \u00fcst\u00fc kapat\u0131lan sorunlar\u0131 bir bir \u00e7\u00f6z\u00fcyor. Cunda Adas\u0131 \u00c7atal Tepe mevkii i\u00e7me suyu projesinin yan\u0131nda ayn\u0131 b\u00f6lgeye kanalizasyon \u015febeke hatt\u0131n\u0131 devreye almak i\u00e7in 800 metre kanalizasyon \u015febeke hatt\u0131 yap\u0131m\u0131 ve paket at\u0131k su terfi istasyonu yap\u0131m\u0131 tamamland\u0131. Terfi \u0130stasyonunun ba\u011flant\u0131 \u00e7al\u0131\u015fmalar\u0131 ise h\u0131z kesmeden devam ediyor.<br \/>\n\u201cUZUN YILLARDIR BEKL\u0130YORDUK\u201d<br \/>\nBa\u015fkan Ak\u0131n\u2019\u0131n g\u00f6reve gelmesiyle birlikte y\u0131llard\u0131r s\u00fcregelen sorunlar\u0131n tek tek \u00e7\u00f6z\u00fcme kavu\u015ftu\u011funu s\u00f6yleyen mahalle sakinlerinden Adil Ge\u00e7im, \u201cBu \u00e7al\u0131\u015fma \u00e7ok de\u011ferli \u00e7\u00fcnk\u00fc y\u0131llard\u0131r burada yeralt\u0131nda ciddi ka\u00e7aklar var. Bunlar\u0131n yenilenmesi bizi i\u00e7in \u00e7ok \u00f6nemli. Cunda, Ayval\u0131k\u2019\u0131n de\u011fil, T\u00fcrkiye\u2019nin de\u011fil d\u00fcnyan\u0131n incisi olan yerlerden biri. Buradaki ya\u015fam\u0131 gerek temiz su bak\u0131m\u0131ndan ki o yeralt\u0131ndaki ka\u00e7aklardan dolay\u0131 mikroplar da yedi\u011fimizin, i\u00e7ti\u011fimizin aras\u0131na kar\u0131\u015f\u0131yor. Bu sorunlar\u0131n \u00f6nlenmesi i\u00e7in yap\u0131lan \u00e7al\u0131\u015fmalar\u0131 \u00e7ok olumlu ve g\u00fczel. Art\u0131k bu \u00e7al\u0131\u015fmalar\u0131n ba\u015flamas\u0131na seviniyoruz \u00e7\u00fcnk\u00fc uzun y\u0131llard\u0131r bunu bekliyorduk.\u201d \u015feklinde konu\u015ftu.<br \/>\n\u201cAHMET BA\u015eKAN\u2019IMIZA \u00c7OK TE\u015eEKK\u00dcR EDER\u0130Z\u201d<br \/>\nBASK\u0130 taraf\u0131ndan Cunda Adas\u0131\u2019nda yap\u0131lan \u00e7al\u0131\u015fmalar\u0131 memnuniyetle kar\u015f\u0131lad\u0131klar\u0131n\u0131 s\u00f6yleyen mahalle sakinlerinden Orhan Orbay, \u201cValla uzun zamand\u0131r bekliyorduk. Bu \u00e7al\u0131\u015fmalar iyi ki yap\u0131l\u0131yor, te\u015fekk\u00fcr ederiz. Biz 50 senelik bir siteyiz. Buralar \u00e7ok eski ve eski tip metal borular var. Bunlar paslan\u0131yor, \u00e7\u00fcr\u00fcme yap\u0131l\u0131yor. Her g\u00fcn ana hatlar patl\u0131yordu. O y\u00fczden \u00e7ok b\u00fcy\u00fck s\u0131k\u0131nt\u0131 ya\u015f\u0131yorduk. Sular\u0131m\u0131z kesiliyordu, sarn\u0131\u00e7tan kullan\u0131yorduk. Daha sonra tazyikten tekrar patl\u0131yordu. \u0130n\u015fallah d\u00f6\u015fenen yeni borulardan sonra bu sorunlar\u0131 ya\u015famayaca\u011f\u0131z. 2025 b\u00fct\u00e7esini al\u0131p, belediye bu kadar bor\u00e7lu olmas\u0131na ra\u011fmen bu \u00e7al\u0131\u015fmalar\u0131 yapt\u0131\u011f\u0131 i\u00e7in Ahmet Ba\u015fkan\u2019\u0131m\u0131za te\u015fekk\u00fcr ediyorum.\u201d ifadelerini kulland\u0131.\u00a0<\/p>\n<p>\u200bHaberin Al\u0131nt\u0131land\u0131\u011f\u0131 Kaynak: www.iskenderun.org<\/p>","protected":false},"excerpt":{"rendered":"<p>Ayval\u0131k\u2019\u0131n Cunda Adas\u0131\u2019nda y\u0131llard\u0131r b\u00fcy\u00fck bir sorun haline gelen ve s\u00fcrekli ar\u0131zalanmas\u0131 nedeniyle kesintilere sebebiyet veren asbestli borulardan olu\u015fan i\u00e7me suyu \u015febeke hatt\u0131; Bal\u0131kesir B\u00fcy\u00fck\u015fehir Belediye Ba\u015fkan\u0131 Ahmet Ak\u0131n\u2019\u0131n t\u00fcm ekipleri harekete ge\u00e7irmesiyle Bal\u0131kesir Su ve Kanalizasyon \u0130daresi (BASK\u0130) Genel M\u00fcd\u00fcrl\u00fc\u011f\u00fcnce yenileniyor.BALIKES\u0130R (\u0130GFA) &#8211;\u00a0Bal\u0131kesir Su ve Kanalizasyon \u0130daresi (BASK\u0130) Genel M\u00fcd\u00fcrl\u00fc\u011f\u00fc, Cunda Adas\u0131nda s\u00fcrekli ar\u0131za yapan i\u00e7me suyu hatt\u0131n\u0131 de\u011fi\u015ftirmek i\u00e7in \u00e7al\u0131\u015fmalara ba\u015flad\u0131. Bal\u0131kesir B\u00fcy\u00fck\u015fehir Belediye Ba\u015fkan\u0131 Ahmet Ak\u0131n\u2019\u0131n \u00f6nc\u00fcl\u00fc\u011f\u00fcnde ger\u00e7ekle\u015fen \u00e7al\u0131\u015fmalar sayesinde vatanda\u015flara kesintisiz su sa\u011flanacak. Turizmin g\u00f6zdesi Ayval\u0131k \u0130l\u00e7esi Cunda Adas\u0131 Nam\u0131k Kemal Mahallesi \u00c7atal Tepe Mevkiinde ekonomik \u00f6mr\u00fcn\u00fc tamamlam\u0131\u015f, s\u00fcrekli olarak i\u00e7me suyu ar\u0131zas\u0131 meydana gelen hatta ar\u0131zalar\u0131n \u00f6n\u00fcne ge\u00e7mek, hem i\u00e7me suyu yetersizli\u011fini gidermek hem de zararl\u0131 olan asbestli borular\u0131 yenilemek amac\u0131yla Ayval\u0131k Cunda Adas\u0131 \u00c7atal Mevkii i\u00e7me suyu hatt\u0131 yap\u0131m projesi haz\u0131rlanm\u0131\u015f ve \u00e7al\u0131\u015fmalara ba\u015fland\u0131. Uzun y\u0131llar mahallelerinde su borular\u0131n\u0131n ekonomik \u00f6mr\u00fcn\u00fc tamamlamas\u0131 nedeniyle su kesintileriyle m\u00fccadele ettiklerini s\u00f6yleyen mahalle sakinleri, Ba\u015fkan Ak\u0131n\u2019\u0131n sorunu g\u00f6r\u00fcr g\u00f6rmez \u00e7\u00f6zmesi nedeniyle \u00e7ok mutlu olduklar\u0131n\u0131 dile getirdi. ZEH\u0130R SA\u00c7AN ASBESTL\u0130 BORULAR DE\u011e\u0130\u015e\u0130YOR Y\u0131llard\u0131r yamalarla g\u00fcn\u00fc kurtaracak \u00e7\u00f6z\u00fcmlerin \u00fcretildi\u011fi, kanserojen etkiye sahip asbestli eski borular\u0131 de\u011fi\u015ftirmeye ba\u015flayan BASK\u0130 ekipleri, yeni ve uluslararas\u0131 standartlara uygun borularla \u015febeke hatt\u0131n\u0131 yeniliyor. 200 mm \u00e7ap\u0131nda 605 metre ve 110 mm \u00e7ap\u0131nda 3 bin 137 &hellip;<\/p>","protected":false},"author":1,"featured_media":0,"comment_status":"","ping_status":"open","sticky":false,"template":"","format":"standard","meta":{"_acf_changed":false,"footnotes":""},"categories":[24],"tags":[],"class_list":["post-47413","post","type-post","status-publish","format-standard","has-post-thumbnail","hentry","category-gundem"],"acf":[],"yoast_head":"<!-- This site is optimized with the Yoast SEO Premium plugin v26.6 (Yoast SEO v27.1.1) - https:\/\/yoast.com\/product\/yoast-seo-premium-wordpress\/ -->\n<title>Cundal\u0131lar\u0131n sesini Ba\u015fkan Ak\u0131n duydu - Av. Deniz Can K\u0131z\u0131l<\/title>\n<meta name=\"robots\" content=\"index, follow, max-snippet:-1, max-image-preview:large, max-video-preview:-1\" \/>\n<link rel=\"canonical\" href=\"http:\/\/denizcankizil.tr\/de\/haberler\/gundem\/cundalilarin-sesini-baskan-akin-duydu\/\" \/>\n<meta property=\"og:locale\" content=\"de_DE\" \/>\n<meta property=\"og:type\" content=\"article\" \/>\n<meta property=\"og:title\" content=\"Cundal\u0131lar\u0131n sesini Ba\u015fkan Ak\u0131n duydu\" \/>\n<meta property=\"og:description\" content=\"Ayval\u0131k\u2019\u0131n Cunda Adas\u0131\u2019nda y\u0131llard\u0131r b\u00fcy\u00fck bir sorun haline gelen ve s\u00fcrekli ar\u0131zalanmas\u0131 nedeniyle kesintilere sebebiyet veren asbestli borulardan olu\u015fan i\u00e7me suyu \u015febeke hatt\u0131; Bal\u0131kesir B\u00fcy\u00fck\u015fehir Belediye Ba\u015fkan\u0131 Ahmet Ak\u0131n\u2019\u0131n t\u00fcm ekipleri harekete ge\u00e7irmesiyle Bal\u0131kesir Su ve Kanalizasyon \u0130daresi (BASK\u0130) Genel M\u00fcd\u00fcrl\u00fc\u011f\u00fcnce yenileniyor.BALIKES\u0130R (\u0130GFA) &#8211;\u00a0Bal\u0131kesir Su ve Kanalizasyon \u0130daresi (BASK\u0130) Genel M\u00fcd\u00fcrl\u00fc\u011f\u00fc, Cunda Adas\u0131nda s\u00fcrekli ar\u0131za yapan i\u00e7me suyu hatt\u0131n\u0131 de\u011fi\u015ftirmek i\u00e7in \u00e7al\u0131\u015fmalara ba\u015flad\u0131. Bal\u0131kesir B\u00fcy\u00fck\u015fehir Belediye Ba\u015fkan\u0131 Ahmet Ak\u0131n\u2019\u0131n \u00f6nc\u00fcl\u00fc\u011f\u00fcnde ger\u00e7ekle\u015fen \u00e7al\u0131\u015fmalar sayesinde vatanda\u015flara kesintisiz su sa\u011flanacak. Turizmin g\u00f6zdesi Ayval\u0131k \u0130l\u00e7esi Cunda Adas\u0131 Nam\u0131k Kemal Mahallesi \u00c7atal Tepe Mevkiinde ekonomik \u00f6mr\u00fcn\u00fc tamamlam\u0131\u015f, s\u00fcrekli olarak i\u00e7me suyu ar\u0131zas\u0131 meydana gelen hatta ar\u0131zalar\u0131n \u00f6n\u00fcne ge\u00e7mek, hem i\u00e7me suyu yetersizli\u011fini gidermek hem de zararl\u0131 olan asbestli borular\u0131 yenilemek amac\u0131yla Ayval\u0131k Cunda Adas\u0131 \u00c7atal Mevkii i\u00e7me suyu hatt\u0131 yap\u0131m projesi haz\u0131rlanm\u0131\u015f ve \u00e7al\u0131\u015fmalara ba\u015fland\u0131. Uzun y\u0131llar mahallelerinde su borular\u0131n\u0131n ekonomik \u00f6mr\u00fcn\u00fc tamamlamas\u0131 nedeniyle su kesintileriyle m\u00fccadele ettiklerini s\u00f6yleyen mahalle sakinleri, Ba\u015fkan Ak\u0131n\u2019\u0131n sorunu g\u00f6r\u00fcr g\u00f6rmez \u00e7\u00f6zmesi nedeniyle \u00e7ok mutlu olduklar\u0131n\u0131 dile getirdi. ZEH\u0130R SA\u00c7AN ASBESTL\u0130 BORULAR DE\u011e\u0130\u015e\u0130YOR Y\u0131llard\u0131r yamalarla g\u00fcn\u00fc kurtaracak \u00e7\u00f6z\u00fcmlerin \u00fcretildi\u011fi, kanserojen etkiye sahip asbestli eski borular\u0131 de\u011fi\u015ftirmeye ba\u015flayan BASK\u0130 ekipleri, yeni ve uluslararas\u0131 standartlara uygun borularla \u015febeke hatt\u0131n\u0131 yeniliyor. 200 mm \u00e7ap\u0131nda 605 metre ve 110 mm \u00e7ap\u0131nda 3 bin 137 &hellip;\" \/>\n<meta property=\"og:url\" content=\"http:\/\/denizcankizil.tr\/de\/haberler\/gundem\/cundalilarin-sesini-baskan-akin-duydu\/\" \/>\n<meta property=\"og:site_name\" content=\"Av. Deniz Can K\u0131z\u0131l\" \/>\n<meta property=\"article:published_time\" content=\"2025-04-06T15:42:11+00:00\" \/>\n<meta name=\"author\" content=\"admin\" \/>\n<meta name=\"twitter:card\" content=\"summary_large_image\" \/>\n<meta name=\"twitter:label1\" content=\"Verfasst von\" \/>\n\t<meta name=\"twitter:data1\" content=\"admin\" \/>\n\t<meta name=\"twitter:label2\" content=\"Gesch\u00e4tzte Lesezeit\" \/>\n\t<meta name=\"twitter:data2\" content=\"7\u00a0Minuten\" \/>\n<script type=\"application\/ld+json\" class=\"yoast-schema-graph\">{\"@context\":\"https:\/\/schema.org\",\"@graph\":[{\"@type\":\"Article\",\"@id\":\"http:\/\/denizcankizil.tr\/ru\/haberler\/gundem\/cundalilarin-sesini-baskan-akin-duydu\/#article\",\"isPartOf\":{\"@id\":\"http:\/\/denizcankizil.tr\/ru\/haberler\/gundem\/cundalilarin-sesini-baskan-akin-duydu\/\"},\"author\":{\"name\":\"admin\",\"@id\":\"https:\/\/denizcankizil.tr\/de\/#\/schema\/person\/be3c05fe6a12686905512445d8185489\"},\"headline\":\"Cundal\u0131lar\u0131n sesini Ba\u015fkan Ak\u0131n duydu\",\"datePublished\":\"2025-04-06T15:42:11+00:00\",\"mainEntityOfPage\":{\"@id\":\"http:\/\/denizcankizil.tr\/ru\/haberler\/gundem\/cundalilarin-sesini-baskan-akin-duydu\/\"},\"wordCount\":1463,\"publisher\":{\"@id\":\"https:\/\/denizcankizil.tr\/de\/#organization\"},\"articleSection\":[\"G\u00fcndem\"],\"inLanguage\":\"de\"},{\"@type\":\"WebPage\",\"@id\":\"http:\/\/denizcankizil.tr\/ru\/haberler\/gundem\/cundalilarin-sesini-baskan-akin-duydu\/\",\"url\":\"http:\/\/denizcankizil.tr\/ru\/haberler\/gundem\/cundalilarin-sesini-baskan-akin-duydu\/\",\"name\":\"Cundal\u0131lar\u0131n sesini Ba\u015fkan Ak\u0131n duydu - Av. Deniz Can K\u0131z\u0131l\",\"isPartOf\":{\"@id\":\"https:\/\/denizcankizil.tr\/de\/#website\"},\"datePublished\":\"2025-04-06T15:42:11+00:00\",\"breadcrumb\":{\"@id\":\"http:\/\/denizcankizil.tr\/ru\/haberler\/gundem\/cundalilarin-sesini-baskan-akin-duydu\/#breadcrumb\"},\"inLanguage\":\"de\",\"potentialAction\":[{\"@type\":\"ReadAction\",\"target\":[\"http:\/\/denizcankizil.tr\/ru\/haberler\/gundem\/cundalilarin-sesini-baskan-akin-duydu\/\"]}]},{\"@type\":\"BreadcrumbList\",\"@id\":\"http:\/\/denizcankizil.tr\/ru\/haberler\/gundem\/cundalilarin-sesini-baskan-akin-duydu\/#breadcrumb\",\"itemListElement\":[{\"@type\":\"ListItem\",\"position\":1,\"name\":\"Home\",\"item\":\"https:\/\/denizcankizil.tr\/de\/\"},{\"@type\":\"ListItem\",\"position\":2,\"name\":\"Cundal\u0131lar\u0131n sesini Ba\u015fkan Ak\u0131n duydu\"}]},{\"@type\":\"WebSite\",\"@id\":\"https:\/\/denizcankizil.tr\/de\/#website\",\"url\":\"https:\/\/denizcankizil.tr\/de\/\",\"name\":\"Av. Deniz Can K\u0131z\u0131l\",\"description\":\"Avukat Deniz Can K\u0131z\u0131l Antalya Barosu\",\"publisher\":{\"@id\":\"https:\/\/denizcankizil.tr\/de\/#organization\"},\"potentialAction\":[{\"@type\":\"SearchAction\",\"target\":{\"@type\":\"EntryPoint\",\"urlTemplate\":\"https:\/\/denizcankizil.tr\/de\/?s={search_term_string}\"},\"query-input\":{\"@type\":\"PropertyValueSpecification\",\"valueRequired\":true,\"valueName\":\"search_term_string\"}}],\"inLanguage\":\"de\"},{\"@type\":\"Organization\",\"@id\":\"https:\/\/denizcankizil.tr\/de\/#organization\",\"name\":\"Av. Deniz Can K\u0131z\u0131l\",\"url\":\"https:\/\/denizcankizil.tr\/de\/\",\"logo\":{\"@type\":\"ImageObject\",\"inLanguage\":\"de\",\"@id\":\"https:\/\/denizcankizil.tr\/de\/#\/schema\/logo\/image\/\",\"url\":\"http:\/\/denizcankizil.tr\/wp-content\/uploads\/2024\/10\/siyah-logo-svg.svg\",\"contentUrl\":\"http:\/\/denizcankizil.tr\/wp-content\/uploads\/2024\/10\/siyah-logo-svg.svg\",\"width\":1080,\"height\":1080,\"caption\":\"Av. Deniz Can K\u0131z\u0131l\"},\"image\":{\"@id\":\"https:\/\/denizcankizil.tr\/de\/#\/schema\/logo\/image\/\"}},{\"@type\":\"Person\",\"@id\":\"https:\/\/denizcankizil.tr\/de\/#\/schema\/person\/be3c05fe6a12686905512445d8185489\",\"name\":\"admin\",\"image\":{\"@type\":\"ImageObject\",\"inLanguage\":\"de\",\"@id\":\"https:\/\/denizcankizil.tr\/de\/#\/schema\/person\/image\/\",\"url\":\"https:\/\/secure.gravatar.com\/avatar\/c1fce94c830dc79107e174f890d7210541c4a63e8e5d816341794a2151c9d58c?s=96&d=mm&r=g\",\"contentUrl\":\"https:\/\/secure.gravatar.com\/avatar\/c1fce94c830dc79107e174f890d7210541c4a63e8e5d816341794a2151c9d58c?s=96&d=mm&r=g\",\"caption\":\"admin\"},\"sameAs\":[\"http:\/\/denizcankizil.tr\"],\"url\":\"https:\/\/www.iskenderun.org\/cundalilarin-sesini-baskan-akin-duydu\"}]}<\/script>\n<!-- \/ Yoast SEO Premium plugin. -->","yoast_head_json":{"title":"Cundal\u0131lar\u0131n sesini Ba\u015fkan Ak\u0131n duydu - Av. Deniz Can K\u0131z\u0131l","robots":{"index":"index","follow":"follow","max-snippet":"max-snippet:-1","max-image-preview":"max-image-preview:large","max-video-preview":"max-video-preview:-1"},"canonical":"http:\/\/denizcankizil.tr\/de\/haberler\/gundem\/cundalilarin-sesini-baskan-akin-duydu\/","og_locale":"de_DE","og_type":"article","og_title":"Cundal\u0131lar\u0131n sesini Ba\u015fkan Ak\u0131n duydu","og_description":"Ayval\u0131k\u2019\u0131n Cunda Adas\u0131\u2019nda y\u0131llard\u0131r b\u00fcy\u00fck bir sorun haline gelen ve s\u00fcrekli ar\u0131zalanmas\u0131 nedeniyle kesintilere sebebiyet veren asbestli borulardan olu\u015fan i\u00e7me suyu \u015febeke hatt\u0131; Bal\u0131kesir B\u00fcy\u00fck\u015fehir Belediye Ba\u015fkan\u0131 Ahmet Ak\u0131n\u2019\u0131n t\u00fcm ekipleri harekete ge\u00e7irmesiyle Bal\u0131kesir Su ve Kanalizasyon \u0130daresi (BASK\u0130) Genel M\u00fcd\u00fcrl\u00fc\u011f\u00fcnce yenileniyor.BALIKES\u0130R (\u0130GFA) &#8211;\u00a0Bal\u0131kesir Su ve Kanalizasyon \u0130daresi (BASK\u0130) Genel M\u00fcd\u00fcrl\u00fc\u011f\u00fc, Cunda Adas\u0131nda s\u00fcrekli ar\u0131za yapan i\u00e7me suyu hatt\u0131n\u0131 de\u011fi\u015ftirmek i\u00e7in \u00e7al\u0131\u015fmalara ba\u015flad\u0131. Bal\u0131kesir B\u00fcy\u00fck\u015fehir Belediye Ba\u015fkan\u0131 Ahmet Ak\u0131n\u2019\u0131n \u00f6nc\u00fcl\u00fc\u011f\u00fcnde ger\u00e7ekle\u015fen \u00e7al\u0131\u015fmalar sayesinde vatanda\u015flara kesintisiz su sa\u011flanacak. Turizmin g\u00f6zdesi Ayval\u0131k \u0130l\u00e7esi Cunda Adas\u0131 Nam\u0131k Kemal Mahallesi \u00c7atal Tepe Mevkiinde ekonomik \u00f6mr\u00fcn\u00fc tamamlam\u0131\u015f, s\u00fcrekli olarak i\u00e7me suyu ar\u0131zas\u0131 meydana gelen hatta ar\u0131zalar\u0131n \u00f6n\u00fcne ge\u00e7mek, hem i\u00e7me suyu yetersizli\u011fini gidermek hem de zararl\u0131 olan asbestli borular\u0131 yenilemek amac\u0131yla Ayval\u0131k Cunda Adas\u0131 \u00c7atal Mevkii i\u00e7me suyu hatt\u0131 yap\u0131m projesi haz\u0131rlanm\u0131\u015f ve \u00e7al\u0131\u015fmalara ba\u015fland\u0131. Uzun y\u0131llar mahallelerinde su borular\u0131n\u0131n ekonomik \u00f6mr\u00fcn\u00fc tamamlamas\u0131 nedeniyle su kesintileriyle m\u00fccadele ettiklerini s\u00f6yleyen mahalle sakinleri, Ba\u015fkan Ak\u0131n\u2019\u0131n sorunu g\u00f6r\u00fcr g\u00f6rmez \u00e7\u00f6zmesi nedeniyle \u00e7ok mutlu olduklar\u0131n\u0131 dile getirdi. ZEH\u0130R SA\u00c7AN ASBESTL\u0130 BORULAR DE\u011e\u0130\u015e\u0130YOR Y\u0131llard\u0131r yamalarla g\u00fcn\u00fc kurtaracak \u00e7\u00f6z\u00fcmlerin \u00fcretildi\u011fi, kanserojen etkiye sahip asbestli eski borular\u0131 de\u011fi\u015ftirmeye ba\u015flayan BASK\u0130 ekipleri, yeni ve uluslararas\u0131 standartlara uygun borularla \u015febeke hatt\u0131n\u0131 yeniliyor. 200 mm \u00e7ap\u0131nda 605 metre ve 110 mm \u00e7ap\u0131nda 3 bin 137 &hellip;","og_url":"http:\/\/denizcankizil.tr\/de\/haberler\/gundem\/cundalilarin-sesini-baskan-akin-duydu\/","og_site_name":"Av. Deniz Can K\u0131z\u0131l","article_published_time":"2025-04-06T15:42:11+00:00","author":"admin","twitter_card":"summary_large_image","twitter_misc":{"Verfasst von":"admin","Gesch\u00e4tzte Lesezeit":"7\u00a0Minuten"},"schema":{"@context":"https:\/\/schema.org","@graph":[{"@type":"Article","@id":"http:\/\/denizcankizil.tr\/ru\/haberler\/gundem\/cundalilarin-sesini-baskan-akin-duydu\/#article","isPartOf":{"@id":"http:\/\/denizcankizil.tr\/ru\/haberler\/gundem\/cundalilarin-sesini-baskan-akin-duydu\/"},"author":{"name":"admin","@id":"https:\/\/denizcankizil.tr\/de\/#\/schema\/person\/be3c05fe6a12686905512445d8185489"},"headline":"Cundal\u0131lar\u0131n sesini Ba\u015fkan Ak\u0131n duydu","datePublished":"2025-04-06T15:42:11+00:00","mainEntityOfPage":{"@id":"http:\/\/denizcankizil.tr\/ru\/haberler\/gundem\/cundalilarin-sesini-baskan-akin-duydu\/"},"wordCount":1463,"publisher":{"@id":"https:\/\/denizcankizil.tr\/de\/#organization"},"articleSection":["G\u00fcndem"],"inLanguage":"de"},{"@type":"WebPage","@id":"http:\/\/denizcankizil.tr\/ru\/haberler\/gundem\/cundalilarin-sesini-baskan-akin-duydu\/","url":"http:\/\/denizcankizil.tr\/ru\/haberler\/gundem\/cundalilarin-sesini-baskan-akin-duydu\/","name":"Cundal\u0131lar\u0131n sesini Ba\u015fkan Ak\u0131n duydu - Av. Deniz Can K\u0131z\u0131l","isPartOf":{"@id":"https:\/\/denizcankizil.tr\/de\/#website"},"datePublished":"2025-04-06T15:42:11+00:00","breadcrumb":{"@id":"http:\/\/denizcankizil.tr\/ru\/haberler\/gundem\/cundalilarin-sesini-baskan-akin-duydu\/#breadcrumb"},"inLanguage":"de","potentialAction":[{"@type":"ReadAction","target":["http:\/\/denizcankizil.tr\/ru\/haberler\/gundem\/cundalilarin-sesini-baskan-akin-duydu\/"]}]},{"@type":"BreadcrumbList","@id":"http:\/\/denizcankizil.tr\/ru\/haberler\/gundem\/cundalilarin-sesini-baskan-akin-duydu\/#breadcrumb","itemListElement":[{"@type":"ListItem","position":1,"name":"Home","item":"https:\/\/denizcankizil.tr\/de\/"},{"@type":"ListItem","position":2,"name":"Cundal\u0131lar\u0131n sesini Ba\u015fkan Ak\u0131n duydu"}]},{"@type":"WebSite","@id":"https:\/\/denizcankizil.tr\/de\/#website","url":"https:\/\/denizcankizil.tr\/de\/","name":"Av. Deniz Can K\u0131z\u0131l","description":"Avukat Deniz Can K\u0131z\u0131l Antalya Barosu","publisher":{"@id":"https:\/\/denizcankizil.tr\/de\/#organization"},"potentialAction":[{"@type":"SearchAction","target":{"@type":"EntryPoint","urlTemplate":"https:\/\/denizcankizil.tr\/de\/?s={search_term_string}"},"query-input":{"@type":"PropertyValueSpecification","valueRequired":true,"valueName":"search_term_string"}}],"inLanguage":"de"},{"@type":"Organization","@id":"https:\/\/denizcankizil.tr\/de\/#organization","name":"Av. Deniz Can K\u0131z\u0131l","url":"https:\/\/denizcankizil.tr\/de\/","logo":{"@type":"ImageObject","inLanguage":"de","@id":"https:\/\/denizcankizil.tr\/de\/#\/schema\/logo\/image\/","url":"http:\/\/denizcankizil.tr\/wp-content\/uploads\/2024\/10\/siyah-logo-svg.svg","contentUrl":"http:\/\/denizcankizil.tr\/wp-content\/uploads\/2024\/10\/siyah-logo-svg.svg","width":1080,"height":1080,"caption":"Av. Deniz Can K\u0131z\u0131l"},"image":{"@id":"https:\/\/denizcankizil.tr\/de\/#\/schema\/logo\/image\/"}},{"@type":"Person","@id":"https:\/\/denizcankizil.tr\/de\/#\/schema\/person\/be3c05fe6a12686905512445d8185489","name":"Administrator","image":{"@type":"ImageObject","inLanguage":"de","@id":"https:\/\/denizcankizil.tr\/de\/#\/schema\/person\/image\/","url":"https:\/\/secure.gravatar.com\/avatar\/c1fce94c830dc79107e174f890d7210541c4a63e8e5d816341794a2151c9d58c?s=96&d=mm&r=g","contentUrl":"https:\/\/secure.gravatar.com\/avatar\/c1fce94c830dc79107e174f890d7210541c4a63e8e5d816341794a2151c9d58c?s=96&d=mm&r=g","caption":"admin"},"sameAs":["http:\/\/denizcankizil.tr"],"url":"https:\/\/www.iskenderun.org\/cundalilarin-sesini-baskan-akin-duydu"}]}},"_links":{"self":[{"href":"http:\/\/denizcankizil.tr\/de\/wp-json\/wp\/v2\/posts\/47413","targetHints":{"allow":["GET"]}}],"collection":[{"href":"http:\/\/denizcankizil.tr\/de\/wp-json\/wp\/v2\/posts"}],"about":[{"href":"http:\/\/denizcankizil.tr\/de\/wp-json\/wp\/v2\/types\/post"}],"author":[{"embeddable":true,"href":"http:\/\/denizcankizil.tr\/de\/wp-json\/wp\/v2\/users\/1"}],"replies":[{"embeddable":true,"href":"http:\/\/denizcankizil.tr\/de\/wp-json\/wp\/v2\/comments?post=47413"}],"version-history":[{"count":0,"href":"http:\/\/denizcankizil.tr\/de\/wp-json\/wp\/v2\/posts\/47413\/revisions"}],"wp:attachment":[{"href":"http:\/\/denizcankizil.tr\/de\/wp-json\/wp\/v2\/media?parent=47413"}],"wp:term":[{"taxonomy":"category","embeddable":true,"href":"http:\/\/denizcankizil.tr\/de\/wp-json\/wp\/v2\/categories?post=47413"},{"taxonomy":"post_tag","embeddable":true,"href":"http:\/\/denizcankizil.tr\/de\/wp-json\/wp\/v2\/tags?post=47413"}],"curies":[{"name":"wp","href":"https:\/\/api.w.org\/{rel}","templated":true}]}}