{"id":45332,"date":"2025-04-04T14:41:18","date_gmt":"2025-04-04T11:41:18","guid":{"rendered":"https:\/\/denizcankizil.tr\/uncategorized-tr\/gida-muhendisi-hayatini-kaybetti\/"},"modified":"2025-04-04T14:41:18","modified_gmt":"2025-04-04T11:41:18","slug":"gida-muhendisi-hayatini-kaybetti","status":"publish","type":"post","link":"http:\/\/denizcankizil.tr\/de\/haberler\/antalya\/gida-muhendisi-hayatini-kaybetti\/","title":{"rendered":"G\u0131da m\u00fchendisi hayat\u0131n\u0131 kaybetti"},"content":{"rendered":"<p>D\u00fcn, Manavgat il\u00e7esinde bulunan 5 y\u0131ld\u0131zl\u0131 bir otelde meydana gelen olayda k\u0131sa s\u00fcre \u00f6nce g\u0131da m\u00fchendisi olarak g\u00f6reve ba\u015flayan Osman S\u00fczen (24) aniden fenala\u015farak yere y\u0131\u011f\u0131ld\u0131. Mesai arkada\u015flar\u0131n\u0131n 112 Acil \u00c7a\u011fr\u0131 Merkezi\u2019ne durumu bildirirken gen\u00e7 g\u0131da m\u00fchendisine ilk m\u00fcdahale otelin sa\u011fl\u0131k ekibi taraf\u0131ndan yap\u0131ld\u0131. \u0130hbarla S\u00fczen\u2019in \u00e7al\u0131\u015ft\u0131\u011f\u0131 otele gelen 112 Acil Sa\u011fl\u0131k ekibi gen\u00e7 m\u00fchendisi hastaneye kald\u0131r\u0131rken, mesai arkada\u015flar\u0131 ba\u015f\u0131ndan bir an olsun ayr\u0131lmad\u0131. Ambulansla Manavgat\u2019a bulunan \u00f6zel bir hastaneye kald\u0131r\u0131lan gen\u00e7 m\u00fchendis burada yap\u0131lan t\u00fcm m\u00fcdahaleye ra\u011fmen kurtar\u0131lamad\u0131.<\/p>\n<p>Ailesi cenazeyi teslim ald\u0131<br \/>\nHer hangi bir rahats\u0131zl\u0131\u011f\u0131 bulunmad\u0131\u011f\u0131 \u00f6\u011frenilen gen\u00e7 m\u00fchendisin \u00f6l\u00fcm haberini alan ailesi ve yak\u0131nlar\u0131 hastaneye ko\u015ftu. Ac\u0131 haberi alan S\u00fczen\u2019in ailesi sinir krizi ge\u00e7irirken gen\u00e7 g\u0131da m\u00fchendisinin kesin \u00f6l\u00fcm nedeni anla\u015f\u0131lmas\u0131 i\u00e7in cenazesi otopsi i\u00e7in\u00a0Antalya\u00a0Adli T\u0131p Kurumu morguna kald\u0131r\u0131ld\u0131. S\u00fczen\u2019in cenazesi bug\u00fcn i\u015flemlerinin ard\u0131ndan\u00a0Antalya\u00a0Adli T\u0131p Kurumu morgundan ailesi ve yak\u0131nlar\u0131 taraf\u0131ndan teslim al\u0131narak defnedilmek \u00fczere Akseki il\u00e7esine g\u00f6t\u00fcr\u00fcld\u00fc.<\/p>\n<p>Kaynak: www.kanalv.com.tr Haber Sitesinden Al\u0131nm\u0131\u015ft\u0131r.<\/p>","protected":false},"excerpt":{"rendered":"<p>D\u00fcn, Manavgat il\u00e7esinde bulunan 5 y\u0131ld\u0131zl\u0131 bir otelde meydana gelen olayda k\u0131sa s\u00fcre \u00f6nce g\u0131da m\u00fchendisi olarak g\u00f6reve ba\u015flayan Osman S\u00fczen (24) aniden fenala\u015farak yere y\u0131\u011f\u0131ld\u0131. Mesai arkada\u015flar\u0131n\u0131n 112 Acil \u00c7a\u011fr\u0131 Merkezi\u2019ne durumu bildirirken gen\u00e7 g\u0131da m\u00fchendisine ilk m\u00fcdahale otelin sa\u011fl\u0131k ekibi taraf\u0131ndan yap\u0131ld\u0131. \u0130hbarla S\u00fczen\u2019in \u00e7al\u0131\u015ft\u0131\u011f\u0131 otele gelen 112 Acil Sa\u011fl\u0131k ekibi gen\u00e7 m\u00fchendisi hastaneye kald\u0131r\u0131rken, mesai arkada\u015flar\u0131 ba\u015f\u0131ndan bir an olsun ayr\u0131lmad\u0131. Ambulansla Manavgat\u2019a bulunan \u00f6zel bir hastaneye kald\u0131r\u0131lan gen\u00e7 m\u00fchendis burada yap\u0131lan t\u00fcm m\u00fcdahaleye ra\u011fmen kurtar\u0131lamad\u0131. Ailesi cenazeyi teslim ald\u0131 Her hangi bir rahats\u0131zl\u0131\u011f\u0131 bulunmad\u0131\u011f\u0131 \u00f6\u011frenilen gen\u00e7 m\u00fchendisin \u00f6l\u00fcm haberini alan ailesi ve yak\u0131nlar\u0131 hastaneye ko\u015ftu. Ac\u0131 haberi alan S\u00fczen\u2019in ailesi sinir krizi ge\u00e7irirken gen\u00e7 g\u0131da m\u00fchendisinin kesin \u00f6l\u00fcm nedeni anla\u015f\u0131lmas\u0131 i\u00e7in cenazesi otopsi i\u00e7in\u00a0Antalya\u00a0Adli T\u0131p Kurumu morguna kald\u0131r\u0131ld\u0131. S\u00fczen\u2019in cenazesi bug\u00fcn i\u015flemlerinin ard\u0131ndan\u00a0Antalya\u00a0Adli T\u0131p Kurumu morgundan ailesi ve yak\u0131nlar\u0131 taraf\u0131ndan teslim al\u0131narak defnedilmek \u00fczere Akseki il\u00e7esine g\u00f6t\u00fcr\u00fcld\u00fc. Kaynak: www.kanalv.com.tr Haber Sitesinden Al\u0131nm\u0131\u015ft\u0131r.<\/p>","protected":false},"author":4,"featured_media":0,"comment_status":"","ping_status":"open","sticky":false,"template":"","format":"standard","meta":{"_acf_changed":false,"footnotes":""},"categories":[26],"tags":[],"class_list":["post-45332","post","type-post","status-publish","format-standard","hentry","category-antalya"],"acf":[],"yoast_head":"<!-- This site is optimized with the Yoast SEO Premium plugin v26.6 (Yoast SEO v27.1.1) - https:\/\/yoast.com\/product\/yoast-seo-premium-wordpress\/ -->\n<title>G\u0131da m\u00fchendisi hayat\u0131n\u0131 kaybetti - Av. Deniz Can K\u0131z\u0131l<\/title>\n<meta name=\"robots\" content=\"index, follow, max-snippet:-1, max-image-preview:large, max-video-preview:-1\" \/>\n<link rel=\"canonical\" href=\"http:\/\/denizcankizil.tr\/de\/haberler\/antalya\/gida-muhendisi-hayatini-kaybetti\/\" \/>\n<meta property=\"og:locale\" content=\"de_DE\" \/>\n<meta property=\"og:type\" content=\"article\" \/>\n<meta property=\"og:title\" content=\"G\u0131da m\u00fchendisi hayat\u0131n\u0131 kaybetti\" \/>\n<meta property=\"og:description\" content=\"D\u00fcn, Manavgat il\u00e7esinde bulunan 5 y\u0131ld\u0131zl\u0131 bir otelde meydana gelen olayda k\u0131sa s\u00fcre \u00f6nce g\u0131da m\u00fchendisi olarak g\u00f6reve ba\u015flayan Osman S\u00fczen (24) aniden fenala\u015farak yere y\u0131\u011f\u0131ld\u0131. Mesai arkada\u015flar\u0131n\u0131n 112 Acil \u00c7a\u011fr\u0131 Merkezi\u2019ne durumu bildirirken gen\u00e7 g\u0131da m\u00fchendisine ilk m\u00fcdahale otelin sa\u011fl\u0131k ekibi taraf\u0131ndan yap\u0131ld\u0131. \u0130hbarla S\u00fczen\u2019in \u00e7al\u0131\u015ft\u0131\u011f\u0131 otele gelen 112 Acil Sa\u011fl\u0131k ekibi gen\u00e7 m\u00fchendisi hastaneye kald\u0131r\u0131rken, mesai arkada\u015flar\u0131 ba\u015f\u0131ndan bir an olsun ayr\u0131lmad\u0131. Ambulansla Manavgat\u2019a bulunan \u00f6zel bir hastaneye kald\u0131r\u0131lan gen\u00e7 m\u00fchendis burada yap\u0131lan t\u00fcm m\u00fcdahaleye ra\u011fmen kurtar\u0131lamad\u0131. Ailesi cenazeyi teslim ald\u0131 Her hangi bir rahats\u0131zl\u0131\u011f\u0131 bulunmad\u0131\u011f\u0131 \u00f6\u011frenilen gen\u00e7 m\u00fchendisin \u00f6l\u00fcm haberini alan ailesi ve yak\u0131nlar\u0131 hastaneye ko\u015ftu. Ac\u0131 haberi alan S\u00fczen\u2019in ailesi sinir krizi ge\u00e7irirken gen\u00e7 g\u0131da m\u00fchendisinin kesin \u00f6l\u00fcm nedeni anla\u015f\u0131lmas\u0131 i\u00e7in cenazesi otopsi i\u00e7in\u00a0Antalya\u00a0Adli T\u0131p Kurumu morguna kald\u0131r\u0131ld\u0131. S\u00fczen\u2019in cenazesi bug\u00fcn i\u015flemlerinin ard\u0131ndan\u00a0Antalya\u00a0Adli T\u0131p Kurumu morgundan ailesi ve yak\u0131nlar\u0131 taraf\u0131ndan teslim al\u0131narak defnedilmek \u00fczere Akseki il\u00e7esine g\u00f6t\u00fcr\u00fcld\u00fc. Kaynak: www.kanalv.com.tr Haber Sitesinden Al\u0131nm\u0131\u015ft\u0131r.\" \/>\n<meta property=\"og:url\" content=\"http:\/\/denizcankizil.tr\/de\/haberler\/antalya\/gida-muhendisi-hayatini-kaybetti\/\" \/>\n<meta property=\"og:site_name\" content=\"Av. Deniz Can K\u0131z\u0131l\" \/>\n<meta property=\"article:published_time\" content=\"2025-04-04T11:41:18+00:00\" \/>\n<meta name=\"author\" content=\"Av. Deniz Can K\u0131z\u0131l\" \/>\n<meta name=\"twitter:card\" content=\"summary_large_image\" \/>\n<meta name=\"twitter:label1\" content=\"Verfasst von\" \/>\n\t<meta name=\"twitter:data1\" content=\"Av. Deniz Can K\u0131z\u0131l\" \/>\n\t<meta name=\"twitter:label2\" content=\"Gesch\u00e4tzte Lesezeit\" \/>\n\t<meta name=\"twitter:data2\" content=\"1\u00a0Minute\" \/>\n<script type=\"application\/ld+json\" class=\"yoast-schema-graph\">{\"@context\":\"https:\/\/schema.org\",\"@graph\":[{\"@type\":\"Article\",\"@id\":\"http:\/\/denizcankizil.tr\/de\/haberler\/antalya\/gida-muhendisi-hayatini-kaybetti\/#article\",\"isPartOf\":{\"@id\":\"http:\/\/denizcankizil.tr\/de\/haberler\/antalya\/gida-muhendisi-hayatini-kaybetti\/\"},\"author\":{\"name\":\"Av. Deniz Can K\u0131z\u0131l\",\"@id\":\"https:\/\/denizcankizil.tr\/de\/#\/schema\/person\/5dc1b22991bd7ac833867c10afc9b0ff\"},\"headline\":\"G\u0131da m\u00fchendisi hayat\u0131n\u0131 kaybetti\",\"datePublished\":\"2025-04-04T11:41:18+00:00\",\"mainEntityOfPage\":{\"@id\":\"http:\/\/denizcankizil.tr\/de\/haberler\/antalya\/gida-muhendisi-hayatini-kaybetti\/\"},\"wordCount\":234,\"publisher\":{\"@id\":\"https:\/\/denizcankizil.tr\/de\/#organization\"},\"articleSection\":[\"Antalya\"],\"inLanguage\":\"de\"},{\"@type\":\"WebPage\",\"@id\":\"http:\/\/denizcankizil.tr\/de\/haberler\/antalya\/gida-muhendisi-hayatini-kaybetti\/\",\"url\":\"http:\/\/denizcankizil.tr\/de\/haberler\/antalya\/gida-muhendisi-hayatini-kaybetti\/\",\"name\":\"G\u0131da m\u00fchendisi hayat\u0131n\u0131 kaybetti - Av. Deniz Can K\u0131z\u0131l\",\"isPartOf\":{\"@id\":\"https:\/\/denizcankizil.tr\/de\/#website\"},\"datePublished\":\"2025-04-04T11:41:18+00:00\",\"breadcrumb\":{\"@id\":\"http:\/\/denizcankizil.tr\/de\/haberler\/antalya\/gida-muhendisi-hayatini-kaybetti\/#breadcrumb\"},\"inLanguage\":\"de\",\"potentialAction\":[{\"@type\":\"ReadAction\",\"target\":[\"http:\/\/denizcankizil.tr\/de\/haberler\/antalya\/gida-muhendisi-hayatini-kaybetti\/\"]}]},{\"@type\":\"BreadcrumbList\",\"@id\":\"http:\/\/denizcankizil.tr\/de\/haberler\/antalya\/gida-muhendisi-hayatini-kaybetti\/#breadcrumb\",\"itemListElement\":[{\"@type\":\"ListItem\",\"position\":1,\"name\":\"Home\",\"item\":\"https:\/\/denizcankizil.tr\/de\/\"},{\"@type\":\"ListItem\",\"position\":2,\"name\":\"G\u0131da m\u00fchendisi hayat\u0131n\u0131 kaybetti\"}]},{\"@type\":\"WebSite\",\"@id\":\"https:\/\/denizcankizil.tr\/de\/#website\",\"url\":\"https:\/\/denizcankizil.tr\/de\/\",\"name\":\"Av. Deniz Can K\u0131z\u0131l\",\"description\":\"Avukat Deniz Can K\u0131z\u0131l Antalya Barosu\",\"publisher\":{\"@id\":\"https:\/\/denizcankizil.tr\/de\/#organization\"},\"potentialAction\":[{\"@type\":\"SearchAction\",\"target\":{\"@type\":\"EntryPoint\",\"urlTemplate\":\"https:\/\/denizcankizil.tr\/de\/?s={search_term_string}\"},\"query-input\":{\"@type\":\"PropertyValueSpecification\",\"valueRequired\":true,\"valueName\":\"search_term_string\"}}],\"inLanguage\":\"de\"},{\"@type\":\"Organization\",\"@id\":\"https:\/\/denizcankizil.tr\/de\/#organization\",\"name\":\"Av. Deniz Can K\u0131z\u0131l\",\"url\":\"https:\/\/denizcankizil.tr\/de\/\",\"logo\":{\"@type\":\"ImageObject\",\"inLanguage\":\"de\",\"@id\":\"https:\/\/denizcankizil.tr\/de\/#\/schema\/logo\/image\/\",\"url\":\"http:\/\/denizcankizil.tr\/wp-content\/uploads\/2024\/10\/siyah-logo-svg.svg\",\"contentUrl\":\"http:\/\/denizcankizil.tr\/wp-content\/uploads\/2024\/10\/siyah-logo-svg.svg\",\"width\":1080,\"height\":1080,\"caption\":\"Av. Deniz Can K\u0131z\u0131l\"},\"image\":{\"@id\":\"https:\/\/denizcankizil.tr\/de\/#\/schema\/logo\/image\/\"}},{\"@type\":\"Person\",\"@id\":\"https:\/\/denizcankizil.tr\/de\/#\/schema\/person\/5dc1b22991bd7ac833867c10afc9b0ff\",\"name\":\"Av. Deniz Can K\u0131z\u0131l\",\"image\":{\"@type\":\"ImageObject\",\"inLanguage\":\"de\",\"@id\":\"https:\/\/denizcankizil.tr\/de\/#\/schema\/person\/image\/\",\"url\":\"https:\/\/secure.gravatar.com\/avatar\/a0b128fb9855c79efc976d5640eedb31dc35ec297594d6016d2cf7c60e975bb6?s=96&d=mm&r=g\",\"contentUrl\":\"https:\/\/secure.gravatar.com\/avatar\/a0b128fb9855c79efc976d5640eedb31dc35ec297594d6016d2cf7c60e975bb6?s=96&d=mm&r=g\",\"caption\":\"Av. Deniz Can K\u0131z\u0131l\"},\"sameAs\":[\"http:\/\/www.denizcankizil.tr\"],\"url\":\"http:\/\/denizcankizil.tr\/de\/author\/denizcankizil\/\"}]}<\/script>\n<!-- \/ Yoast SEO Premium plugin. -->","yoast_head_json":{"title":"G\u0131da m\u00fchendisi hayat\u0131n\u0131 kaybetti - Av. Deniz Can K\u0131z\u0131l","robots":{"index":"index","follow":"follow","max-snippet":"max-snippet:-1","max-image-preview":"max-image-preview:large","max-video-preview":"max-video-preview:-1"},"canonical":"http:\/\/denizcankizil.tr\/de\/haberler\/antalya\/gida-muhendisi-hayatini-kaybetti\/","og_locale":"de_DE","og_type":"article","og_title":"G\u0131da m\u00fchendisi hayat\u0131n\u0131 kaybetti","og_description":"D\u00fcn, Manavgat il\u00e7esinde bulunan 5 y\u0131ld\u0131zl\u0131 bir otelde meydana gelen olayda k\u0131sa s\u00fcre \u00f6nce g\u0131da m\u00fchendisi olarak g\u00f6reve ba\u015flayan Osman S\u00fczen (24) aniden fenala\u015farak yere y\u0131\u011f\u0131ld\u0131. Mesai arkada\u015flar\u0131n\u0131n 112 Acil \u00c7a\u011fr\u0131 Merkezi\u2019ne durumu bildirirken gen\u00e7 g\u0131da m\u00fchendisine ilk m\u00fcdahale otelin sa\u011fl\u0131k ekibi taraf\u0131ndan yap\u0131ld\u0131. \u0130hbarla S\u00fczen\u2019in \u00e7al\u0131\u015ft\u0131\u011f\u0131 otele gelen 112 Acil Sa\u011fl\u0131k ekibi gen\u00e7 m\u00fchendisi hastaneye kald\u0131r\u0131rken, mesai arkada\u015flar\u0131 ba\u015f\u0131ndan bir an olsun ayr\u0131lmad\u0131. Ambulansla Manavgat\u2019a bulunan \u00f6zel bir hastaneye kald\u0131r\u0131lan gen\u00e7 m\u00fchendis burada yap\u0131lan t\u00fcm m\u00fcdahaleye ra\u011fmen kurtar\u0131lamad\u0131. Ailesi cenazeyi teslim ald\u0131 Her hangi bir rahats\u0131zl\u0131\u011f\u0131 bulunmad\u0131\u011f\u0131 \u00f6\u011frenilen gen\u00e7 m\u00fchendisin \u00f6l\u00fcm haberini alan ailesi ve yak\u0131nlar\u0131 hastaneye ko\u015ftu. Ac\u0131 haberi alan S\u00fczen\u2019in ailesi sinir krizi ge\u00e7irirken gen\u00e7 g\u0131da m\u00fchendisinin kesin \u00f6l\u00fcm nedeni anla\u015f\u0131lmas\u0131 i\u00e7in cenazesi otopsi i\u00e7in\u00a0Antalya\u00a0Adli T\u0131p Kurumu morguna kald\u0131r\u0131ld\u0131. S\u00fczen\u2019in cenazesi bug\u00fcn i\u015flemlerinin ard\u0131ndan\u00a0Antalya\u00a0Adli T\u0131p Kurumu morgundan ailesi ve yak\u0131nlar\u0131 taraf\u0131ndan teslim al\u0131narak defnedilmek \u00fczere Akseki il\u00e7esine g\u00f6t\u00fcr\u00fcld\u00fc. Kaynak: www.kanalv.com.tr Haber Sitesinden Al\u0131nm\u0131\u015ft\u0131r.","og_url":"http:\/\/denizcankizil.tr\/de\/haberler\/antalya\/gida-muhendisi-hayatini-kaybetti\/","og_site_name":"Av. Deniz Can K\u0131z\u0131l","article_published_time":"2025-04-04T11:41:18+00:00","author":"Av. Deniz Can K\u0131z\u0131l","twitter_card":"summary_large_image","twitter_misc":{"Verfasst von":"Av. Deniz Can K\u0131z\u0131l","Gesch\u00e4tzte Lesezeit":"1\u00a0Minute"},"schema":{"@context":"https:\/\/schema.org","@graph":[{"@type":"Article","@id":"http:\/\/denizcankizil.tr\/de\/haberler\/antalya\/gida-muhendisi-hayatini-kaybetti\/#article","isPartOf":{"@id":"http:\/\/denizcankizil.tr\/de\/haberler\/antalya\/gida-muhendisi-hayatini-kaybetti\/"},"author":{"name":"Av. Deniz Can K\u0131z\u0131l","@id":"https:\/\/denizcankizil.tr\/de\/#\/schema\/person\/5dc1b22991bd7ac833867c10afc9b0ff"},"headline":"G\u0131da m\u00fchendisi hayat\u0131n\u0131 kaybetti","datePublished":"2025-04-04T11:41:18+00:00","mainEntityOfPage":{"@id":"http:\/\/denizcankizil.tr\/de\/haberler\/antalya\/gida-muhendisi-hayatini-kaybetti\/"},"wordCount":234,"publisher":{"@id":"https:\/\/denizcankizil.tr\/de\/#organization"},"articleSection":["Antalya"],"inLanguage":"de"},{"@type":"WebPage","@id":"http:\/\/denizcankizil.tr\/de\/haberler\/antalya\/gida-muhendisi-hayatini-kaybetti\/","url":"http:\/\/denizcankizil.tr\/de\/haberler\/antalya\/gida-muhendisi-hayatini-kaybetti\/","name":"G\u0131da m\u00fchendisi hayat\u0131n\u0131 kaybetti - Av. Deniz Can K\u0131z\u0131l","isPartOf":{"@id":"https:\/\/denizcankizil.tr\/de\/#website"},"datePublished":"2025-04-04T11:41:18+00:00","breadcrumb":{"@id":"http:\/\/denizcankizil.tr\/de\/haberler\/antalya\/gida-muhendisi-hayatini-kaybetti\/#breadcrumb"},"inLanguage":"de","potentialAction":[{"@type":"ReadAction","target":["http:\/\/denizcankizil.tr\/de\/haberler\/antalya\/gida-muhendisi-hayatini-kaybetti\/"]}]},{"@type":"BreadcrumbList","@id":"http:\/\/denizcankizil.tr\/de\/haberler\/antalya\/gida-muhendisi-hayatini-kaybetti\/#breadcrumb","itemListElement":[{"@type":"ListItem","position":1,"name":"Home","item":"https:\/\/denizcankizil.tr\/de\/"},{"@type":"ListItem","position":2,"name":"G\u0131da m\u00fchendisi hayat\u0131n\u0131 kaybetti"}]},{"@type":"WebSite","@id":"https:\/\/denizcankizil.tr\/de\/#website","url":"https:\/\/denizcankizil.tr\/de\/","name":"Av. Deniz Can K\u0131z\u0131l","description":"Avukat Deniz Can K\u0131z\u0131l Antalya Barosu","publisher":{"@id":"https:\/\/denizcankizil.tr\/de\/#organization"},"potentialAction":[{"@type":"SearchAction","target":{"@type":"EntryPoint","urlTemplate":"https:\/\/denizcankizil.tr\/de\/?s={search_term_string}"},"query-input":{"@type":"PropertyValueSpecification","valueRequired":true,"valueName":"search_term_string"}}],"inLanguage":"de"},{"@type":"Organization","@id":"https:\/\/denizcankizil.tr\/de\/#organization","name":"Av. Deniz Can K\u0131z\u0131l","url":"https:\/\/denizcankizil.tr\/de\/","logo":{"@type":"ImageObject","inLanguage":"de","@id":"https:\/\/denizcankizil.tr\/de\/#\/schema\/logo\/image\/","url":"http:\/\/denizcankizil.tr\/wp-content\/uploads\/2024\/10\/siyah-logo-svg.svg","contentUrl":"http:\/\/denizcankizil.tr\/wp-content\/uploads\/2024\/10\/siyah-logo-svg.svg","width":1080,"height":1080,"caption":"Av. Deniz Can K\u0131z\u0131l"},"image":{"@id":"https:\/\/denizcankizil.tr\/de\/#\/schema\/logo\/image\/"}},{"@type":"Person","@id":"https:\/\/denizcankizil.tr\/de\/#\/schema\/person\/5dc1b22991bd7ac833867c10afc9b0ff","name":"Av. Deniz Can K\u0131z\u0131l","image":{"@type":"ImageObject","inLanguage":"de","@id":"https:\/\/denizcankizil.tr\/de\/#\/schema\/person\/image\/","url":"https:\/\/secure.gravatar.com\/avatar\/a0b128fb9855c79efc976d5640eedb31dc35ec297594d6016d2cf7c60e975bb6?s=96&d=mm&r=g","contentUrl":"https:\/\/secure.gravatar.com\/avatar\/a0b128fb9855c79efc976d5640eedb31dc35ec297594d6016d2cf7c60e975bb6?s=96&d=mm&r=g","caption":"Av. Deniz Can K\u0131z\u0131l"},"sameAs":["http:\/\/www.denizcankizil.tr"],"url":"http:\/\/denizcankizil.tr\/de\/author\/denizcankizil\/"}]}},"_links":{"self":[{"href":"http:\/\/denizcankizil.tr\/de\/wp-json\/wp\/v2\/posts\/45332","targetHints":{"allow":["GET"]}}],"collection":[{"href":"http:\/\/denizcankizil.tr\/de\/wp-json\/wp\/v2\/posts"}],"about":[{"href":"http:\/\/denizcankizil.tr\/de\/wp-json\/wp\/v2\/types\/post"}],"author":[{"embeddable":true,"href":"http:\/\/denizcankizil.tr\/de\/wp-json\/wp\/v2\/users\/4"}],"replies":[{"embeddable":true,"href":"http:\/\/denizcankizil.tr\/de\/wp-json\/wp\/v2\/comments?post=45332"}],"version-history":[{"count":0,"href":"http:\/\/denizcankizil.tr\/de\/wp-json\/wp\/v2\/posts\/45332\/revisions"}],"wp:attachment":[{"href":"http:\/\/denizcankizil.tr\/de\/wp-json\/wp\/v2\/media?parent=45332"}],"wp:term":[{"taxonomy":"category","embeddable":true,"href":"http:\/\/denizcankizil.tr\/de\/wp-json\/wp\/v2\/categories?post=45332"},{"taxonomy":"post_tag","embeddable":true,"href":"http:\/\/denizcankizil.tr\/de\/wp-json\/wp\/v2\/tags?post=45332"}],"curies":[{"name":"wp","href":"https:\/\/api.w.org\/{rel}","templated":true}]}}