{"id":42270,"date":"2025-04-01T15:41:40","date_gmt":"2025-04-01T12:41:40","guid":{"rendered":"https:\/\/denizcankizil.tr\/uncategorized-tr\/antalyada-bayramda-yagmura-ragmen-denize-girdiler\/"},"modified":"2025-04-01T15:41:40","modified_gmt":"2025-04-01T12:41:40","slug":"antalyada-bayramda-yagmura-ragmen-denize-girdiler","status":"publish","type":"post","link":"http:\/\/denizcankizil.tr\/de\/haberler\/gundem\/antalyada-bayramda-yagmura-ragmen-denize-girdiler\/","title":{"rendered":"Antalya&#8217;da bayramda ya\u011fmura ra\u011fmen denize girdiler"},"content":{"rendered":"<p>Ramazan Bayram\u0131&#8217;n\u0131n \u00fc\u00e7\u00fcnc\u00fc g\u00fcn\u00fcnde Antalya&#8217;da hava kapal\u0131 ve yer yer ya\u011fmurlu ge\u00e7iyor. Ancak bu durum, deniz tutkunu Antalyal\u0131lar\u0131 ve turistleri durdurmad\u0131. Hava s\u0131cakl\u0131\u011f\u0131n\u0131n 15, deniz suyu s\u0131cakl\u0131\u011f\u0131n\u0131n ise 19 derece \u00f6l\u00e7\u00fcld\u00fc\u011f\u00fc kentte, Konyaalt\u0131 Sahili&#8217;nde baz\u0131 vatanda\u015flar denize girerek bayram tatilinin tad\u0131n\u0131 \u00e7\u0131kartt\u0131.\u00a0<\/p>\n<p>DEN\u0130ZE G\u0130RENLER, Y\u00dcR\u00dcY\u00dc\u015e YAPANLAR, KAFELERDE OTURANLAR&#8230;<\/p>\n<p>Baz\u0131 vatanda\u015flar ise ya\u011fmurlu havaya ald\u0131r\u0131\u015f etmeden, denize girmek yerine d\u00fcnyaca \u00fcnl\u00fc Konyaalt\u0131 Sahili boyunca y\u00fcr\u00fcmeyi tercih etti. Kapal\u0131 havaya ra\u011fmen sahilde yo\u011funluk g\u00f6zlemlendi. Bayram tatilini Antalya&#8217;da ge\u00e7iren yerli ve yabanc\u0131 turistler de sahilde vakit ge\u00e7irdi. Tatilciler sahil kenar\u0131ndaki kafelerde ve y\u00fcr\u00fcy\u00fc\u015f yollar\u0131nda vakit ge\u00e7irdi.\u00a0<\/p>\n<p>KENT\u0130N TUR\u0130ZM POTANS\u0130YEL\u0130 B\u0130R KEZ DAHA G\u00d6R\u00dcLD\u00dc\u00a0<\/p>\n<p>Turizmin ba\u015fkenti olarak an\u0131lan Antalya&#8217;n\u0131n, y\u0131l\u0131n her d\u00f6neminde ziyaret\u00e7ilerine farkl\u0131 bir atmosfer sundu\u011fu belirtilirken, ya\u011f\u0131\u015fl\u0131 havaya ra\u011fmen denize girenler, kentin turizm potansiyelini bir kez daha g\u00f6zler \u00f6n\u00fcne serdi. Meteoroloji yetkilileri, \u00f6n\u00fcm\u00fczdeki g\u00fcnlerde hava s\u0131cakl\u0131klar\u0131n\u0131n mevsim normallerine d\u00f6nece\u011fini ve ya\u011f\u0131\u015flar\u0131n azalaca\u011f\u0131n\u0131 s\u00f6yledi.\u00a0<\/p>\n<p>\u200bRamazan Bayram\u0131&#8217;nda Antalya&#8217;da hava kapal\u0131 ve ya\u011fmurlu olmas\u0131na ra\u011fmen baz\u0131 vatanda\u015flar deniz keyfinden vazge\u00e7medi. Serin havaya ald\u0131r\u0131\u015f etmeyenler Konyaalt\u0131 Sahili&#8217;nde denize girerken, baz\u0131lar\u0131 ise y\u00fcr\u00fcy\u00fc\u015f yapmay\u0131 tercih etti.\u00a0<\/p>\n<p>\u200bHaberin Al\u0131nt\u0131land\u0131\u011f\u0131 Kaynak: www.antalyakorfez.com<\/p>","protected":false},"excerpt":{"rendered":"<p>Ramazan Bayram\u0131&#8217;n\u0131n \u00fc\u00e7\u00fcnc\u00fc g\u00fcn\u00fcnde Antalya&#8217;da hava kapal\u0131 ve yer yer ya\u011fmurlu ge\u00e7iyor. Ancak bu durum, deniz tutkunu Antalyal\u0131lar\u0131 ve turistleri durdurmad\u0131. Hava s\u0131cakl\u0131\u011f\u0131n\u0131n 15, deniz suyu s\u0131cakl\u0131\u011f\u0131n\u0131n ise 19 derece \u00f6l\u00e7\u00fcld\u00fc\u011f\u00fc kentte, Konyaalt\u0131 Sahili&#8217;nde baz\u0131 vatanda\u015flar denize girerek bayram tatilinin tad\u0131n\u0131 \u00e7\u0131kartt\u0131.\u00a0 DEN\u0130ZE G\u0130RENLER, Y\u00dcR\u00dcY\u00dc\u015e YAPANLAR, KAFELERDE OTURANLAR&#8230; Baz\u0131 vatanda\u015flar ise ya\u011fmurlu havaya ald\u0131r\u0131\u015f etmeden, denize girmek yerine d\u00fcnyaca \u00fcnl\u00fc Konyaalt\u0131 Sahili boyunca y\u00fcr\u00fcmeyi tercih etti. Kapal\u0131 havaya ra\u011fmen sahilde yo\u011funluk g\u00f6zlemlendi. Bayram tatilini Antalya&#8217;da ge\u00e7iren yerli ve yabanc\u0131 turistler de sahilde vakit ge\u00e7irdi. Tatilciler sahil kenar\u0131ndaki kafelerde ve y\u00fcr\u00fcy\u00fc\u015f yollar\u0131nda vakit ge\u00e7irdi.\u00a0 KENT\u0130N TUR\u0130ZM POTANS\u0130YEL\u0130 B\u0130R KEZ DAHA G\u00d6R\u00dcLD\u00dc\u00a0 Turizmin ba\u015fkenti olarak an\u0131lan Antalya&#8217;n\u0131n, y\u0131l\u0131n her d\u00f6neminde ziyaret\u00e7ilerine farkl\u0131 bir atmosfer sundu\u011fu belirtilirken, ya\u011f\u0131\u015fl\u0131 havaya ra\u011fmen denize girenler, kentin turizm potansiyelini bir kez daha g\u00f6zler \u00f6n\u00fcne serdi. Meteoroloji yetkilileri, \u00f6n\u00fcm\u00fczdeki g\u00fcnlerde hava s\u0131cakl\u0131klar\u0131n\u0131n mevsim normallerine d\u00f6nece\u011fini ve ya\u011f\u0131\u015flar\u0131n azalaca\u011f\u0131n\u0131 s\u00f6yledi.\u00a0 \u200bRamazan Bayram\u0131&#8217;nda Antalya&#8217;da hava kapal\u0131 ve ya\u011fmurlu olmas\u0131na ra\u011fmen baz\u0131 vatanda\u015flar deniz keyfinden vazge\u00e7medi. Serin havaya ald\u0131r\u0131\u015f etmeyenler Konyaalt\u0131 Sahili&#8217;nde denize girerken, baz\u0131lar\u0131 ise y\u00fcr\u00fcy\u00fc\u015f yapmay\u0131 tercih etti.\u00a0 \u200bHaberin Al\u0131nt\u0131land\u0131\u011f\u0131 Kaynak: www.antalyakorfez.com<\/p>","protected":false},"author":5,"featured_media":0,"comment_status":"","ping_status":"open","sticky":false,"template":"","format":"standard","meta":{"_acf_changed":false,"footnotes":""},"categories":[24],"tags":[],"class_list":["post-42270","post","type-post","status-publish","format-standard","has-post-thumbnail","hentry","category-gundem"],"acf":[],"yoast_head":"<!-- This site is optimized with the Yoast SEO Premium plugin v26.6 (Yoast SEO v27.1.1) - https:\/\/yoast.com\/product\/yoast-seo-premium-wordpress\/ -->\n<title>Antalya&#039;da bayramda ya\u011fmura ra\u011fmen denize girdiler - Av. Deniz Can K\u0131z\u0131l<\/title>\n<meta name=\"robots\" content=\"index, follow, max-snippet:-1, max-image-preview:large, max-video-preview:-1\" \/>\n<link rel=\"canonical\" href=\"http:\/\/denizcankizil.tr\/de\/haberler\/gundem\/antalyada-bayramda-yagmura-ragmen-denize-girdiler\/\" \/>\n<meta property=\"og:locale\" content=\"de_DE\" \/>\n<meta property=\"og:type\" content=\"article\" \/>\n<meta property=\"og:title\" content=\"Antalya&#039;da bayramda ya\u011fmura ra\u011fmen denize girdiler\" \/>\n<meta property=\"og:description\" content=\"Ramazan Bayram\u0131&#8217;n\u0131n \u00fc\u00e7\u00fcnc\u00fc g\u00fcn\u00fcnde Antalya&#8217;da hava kapal\u0131 ve yer yer ya\u011fmurlu ge\u00e7iyor. Ancak bu durum, deniz tutkunu Antalyal\u0131lar\u0131 ve turistleri durdurmad\u0131. Hava s\u0131cakl\u0131\u011f\u0131n\u0131n 15, deniz suyu s\u0131cakl\u0131\u011f\u0131n\u0131n ise 19 derece \u00f6l\u00e7\u00fcld\u00fc\u011f\u00fc kentte, Konyaalt\u0131 Sahili&#8217;nde baz\u0131 vatanda\u015flar denize girerek bayram tatilinin tad\u0131n\u0131 \u00e7\u0131kartt\u0131.\u00a0 DEN\u0130ZE G\u0130RENLER, Y\u00dcR\u00dcY\u00dc\u015e YAPANLAR, KAFELERDE OTURANLAR&#8230; Baz\u0131 vatanda\u015flar ise ya\u011fmurlu havaya ald\u0131r\u0131\u015f etmeden, denize girmek yerine d\u00fcnyaca \u00fcnl\u00fc Konyaalt\u0131 Sahili boyunca y\u00fcr\u00fcmeyi tercih etti. Kapal\u0131 havaya ra\u011fmen sahilde yo\u011funluk g\u00f6zlemlendi. Bayram tatilini Antalya&#8217;da ge\u00e7iren yerli ve yabanc\u0131 turistler de sahilde vakit ge\u00e7irdi. Tatilciler sahil kenar\u0131ndaki kafelerde ve y\u00fcr\u00fcy\u00fc\u015f yollar\u0131nda vakit ge\u00e7irdi.\u00a0 KENT\u0130N TUR\u0130ZM POTANS\u0130YEL\u0130 B\u0130R KEZ DAHA G\u00d6R\u00dcLD\u00dc\u00a0 Turizmin ba\u015fkenti olarak an\u0131lan Antalya&#8217;n\u0131n, y\u0131l\u0131n her d\u00f6neminde ziyaret\u00e7ilerine farkl\u0131 bir atmosfer sundu\u011fu belirtilirken, ya\u011f\u0131\u015fl\u0131 havaya ra\u011fmen denize girenler, kentin turizm potansiyelini bir kez daha g\u00f6zler \u00f6n\u00fcne serdi. Meteoroloji yetkilileri, \u00f6n\u00fcm\u00fczdeki g\u00fcnlerde hava s\u0131cakl\u0131klar\u0131n\u0131n mevsim normallerine d\u00f6nece\u011fini ve ya\u011f\u0131\u015flar\u0131n azalaca\u011f\u0131n\u0131 s\u00f6yledi.\u00a0 \u200bRamazan Bayram\u0131&#8217;nda Antalya&#8217;da hava kapal\u0131 ve ya\u011fmurlu olmas\u0131na ra\u011fmen baz\u0131 vatanda\u015flar deniz keyfinden vazge\u00e7medi. Serin havaya ald\u0131r\u0131\u015f etmeyenler Konyaalt\u0131 Sahili&#8217;nde denize girerken, baz\u0131lar\u0131 ise y\u00fcr\u00fcy\u00fc\u015f yapmay\u0131 tercih etti.\u00a0 \u200bHaberin Al\u0131nt\u0131land\u0131\u011f\u0131 Kaynak: www.antalyakorfez.com\" \/>\n<meta property=\"og:url\" content=\"http:\/\/denizcankizil.tr\/de\/haberler\/gundem\/antalyada-bayramda-yagmura-ragmen-denize-girdiler\/\" \/>\n<meta property=\"og:site_name\" content=\"Av. Deniz Can K\u0131z\u0131l\" \/>\n<meta property=\"article:published_time\" content=\"2025-04-01T12:41:40+00:00\" \/>\n<meta name=\"author\" content=\"Antalya K\u00f6rfez\" \/>\n<meta name=\"twitter:card\" content=\"summary_large_image\" \/>\n<meta name=\"twitter:label1\" content=\"Verfasst von\" \/>\n\t<meta name=\"twitter:data1\" content=\"Antalya K\u00f6rfez\" \/>\n\t<meta name=\"twitter:label2\" content=\"Gesch\u00e4tzte Lesezeit\" \/>\n\t<meta name=\"twitter:data2\" content=\"1\u00a0Minute\" \/>\n<script type=\"application\/ld+json\" class=\"yoast-schema-graph\">{\"@context\":\"https:\/\/schema.org\",\"@graph\":[{\"@type\":\"Article\",\"@id\":\"http:\/\/denizcankizil.tr\/de\/haberler\/gundem\/antalyada-bayramda-yagmura-ragmen-denize-girdiler\/#article\",\"isPartOf\":{\"@id\":\"http:\/\/denizcankizil.tr\/de\/haberler\/gundem\/antalyada-bayramda-yagmura-ragmen-denize-girdiler\/\"},\"author\":{\"name\":\"Antalya K\u00f6rfez\",\"@id\":\"https:\/\/denizcankizil.tr\/#\/schema\/person\/e1eb71bb4dd684d46563f0af307e1234\"},\"headline\":\"Antalya&#8217;da bayramda ya\u011fmura ra\u011fmen denize girdiler\",\"datePublished\":\"2025-04-01T12:41:40+00:00\",\"mainEntityOfPage\":{\"@id\":\"http:\/\/denizcankizil.tr\/de\/haberler\/gundem\/antalyada-bayramda-yagmura-ragmen-denize-girdiler\/\"},\"wordCount\":267,\"publisher\":{\"@id\":\"https:\/\/denizcankizil.tr\/#organization\"},\"articleSection\":[\"G\u00fcndem\"],\"inLanguage\":\"de\"},{\"@type\":\"WebPage\",\"@id\":\"http:\/\/denizcankizil.tr\/de\/haberler\/gundem\/antalyada-bayramda-yagmura-ragmen-denize-girdiler\/\",\"url\":\"http:\/\/denizcankizil.tr\/de\/haberler\/gundem\/antalyada-bayramda-yagmura-ragmen-denize-girdiler\/\",\"name\":\"Antalya'da bayramda ya\u011fmura ra\u011fmen denize girdiler - Av. Deniz Can K\u0131z\u0131l\",\"isPartOf\":{\"@id\":\"https:\/\/denizcankizil.tr\/#website\"},\"datePublished\":\"2025-04-01T12:41:40+00:00\",\"breadcrumb\":{\"@id\":\"http:\/\/denizcankizil.tr\/de\/haberler\/gundem\/antalyada-bayramda-yagmura-ragmen-denize-girdiler\/#breadcrumb\"},\"inLanguage\":\"de\",\"potentialAction\":[{\"@type\":\"ReadAction\",\"target\":[\"http:\/\/denizcankizil.tr\/de\/haberler\/gundem\/antalyada-bayramda-yagmura-ragmen-denize-girdiler\/\"]}]},{\"@type\":\"BreadcrumbList\",\"@id\":\"http:\/\/denizcankizil.tr\/de\/haberler\/gundem\/antalyada-bayramda-yagmura-ragmen-denize-girdiler\/#breadcrumb\",\"itemListElement\":[{\"@type\":\"ListItem\",\"position\":1,\"name\":\"Home\",\"item\":\"https:\/\/denizcankizil.tr\/de\/\"},{\"@type\":\"ListItem\",\"position\":2,\"name\":\"Antalya&#8217;da bayramda ya\u011fmura ra\u011fmen denize girdiler\"}]},{\"@type\":\"WebSite\",\"@id\":\"https:\/\/denizcankizil.tr\/#website\",\"url\":\"https:\/\/denizcankizil.tr\/\",\"name\":\"Av. Deniz Can K\u0131z\u0131l\",\"description\":\"Avukat Deniz Can K\u0131z\u0131l Antalya Barosu\",\"publisher\":{\"@id\":\"https:\/\/denizcankizil.tr\/#organization\"},\"potentialAction\":[{\"@type\":\"SearchAction\",\"target\":{\"@type\":\"EntryPoint\",\"urlTemplate\":\"https:\/\/denizcankizil.tr\/?s={search_term_string}\"},\"query-input\":{\"@type\":\"PropertyValueSpecification\",\"valueRequired\":true,\"valueName\":\"search_term_string\"}}],\"inLanguage\":\"de\"},{\"@type\":\"Organization\",\"@id\":\"https:\/\/denizcankizil.tr\/#organization\",\"name\":\"Av. Deniz Can K\u0131z\u0131l\",\"url\":\"https:\/\/denizcankizil.tr\/\",\"logo\":{\"@type\":\"ImageObject\",\"inLanguage\":\"de\",\"@id\":\"https:\/\/denizcankizil.tr\/#\/schema\/logo\/image\/\",\"url\":\"http:\/\/denizcankizil.tr\/wp-content\/uploads\/2024\/10\/siyah-logo-svg.svg\",\"contentUrl\":\"http:\/\/denizcankizil.tr\/wp-content\/uploads\/2024\/10\/siyah-logo-svg.svg\",\"width\":1080,\"height\":1080,\"caption\":\"Av. Deniz Can K\u0131z\u0131l\"},\"image\":{\"@id\":\"https:\/\/denizcankizil.tr\/#\/schema\/logo\/image\/\"}},{\"@type\":\"Person\",\"@id\":\"https:\/\/denizcankizil.tr\/#\/schema\/person\/e1eb71bb4dd684d46563f0af307e1234\",\"name\":\"Antalya K\u00f6rfez\",\"image\":{\"@type\":\"ImageObject\",\"inLanguage\":\"de\",\"@id\":\"https:\/\/denizcankizil.tr\/#\/schema\/person\/image\/\",\"url\":\"https:\/\/secure.gravatar.com\/avatar\/42b01982558a48a0b501fdcab6a408d3717ea5919095ee2e67b0e521799c5905?s=96&d=mm&r=g\",\"contentUrl\":\"https:\/\/secure.gravatar.com\/avatar\/42b01982558a48a0b501fdcab6a408d3717ea5919095ee2e67b0e521799c5905?s=96&d=mm&r=g\",\"caption\":\"Antalya K\u00f6rfez\"},\"sameAs\":[\"http:\/\/www.antalyakorfez.com\"],\"url\":\"https:\/\/www.antalyakorfez.com\/antalyada-bayramda-yagmura-ragmen-denize-girdiler\"}]}<\/script>\n<!-- \/ Yoast SEO Premium plugin. -->","yoast_head_json":{"title":"Antalya'da bayramda ya\u011fmura ra\u011fmen denize girdiler - Av. Deniz Can K\u0131z\u0131l","robots":{"index":"index","follow":"follow","max-snippet":"max-snippet:-1","max-image-preview":"max-image-preview:large","max-video-preview":"max-video-preview:-1"},"canonical":"http:\/\/denizcankizil.tr\/de\/haberler\/gundem\/antalyada-bayramda-yagmura-ragmen-denize-girdiler\/","og_locale":"de_DE","og_type":"article","og_title":"Antalya'da bayramda ya\u011fmura ra\u011fmen denize girdiler","og_description":"Ramazan Bayram\u0131&#8217;n\u0131n \u00fc\u00e7\u00fcnc\u00fc g\u00fcn\u00fcnde Antalya&#8217;da hava kapal\u0131 ve yer yer ya\u011fmurlu ge\u00e7iyor. Ancak bu durum, deniz tutkunu Antalyal\u0131lar\u0131 ve turistleri durdurmad\u0131. Hava s\u0131cakl\u0131\u011f\u0131n\u0131n 15, deniz suyu s\u0131cakl\u0131\u011f\u0131n\u0131n ise 19 derece \u00f6l\u00e7\u00fcld\u00fc\u011f\u00fc kentte, Konyaalt\u0131 Sahili&#8217;nde baz\u0131 vatanda\u015flar denize girerek bayram tatilinin tad\u0131n\u0131 \u00e7\u0131kartt\u0131.\u00a0 DEN\u0130ZE G\u0130RENLER, Y\u00dcR\u00dcY\u00dc\u015e YAPANLAR, KAFELERDE OTURANLAR&#8230; Baz\u0131 vatanda\u015flar ise ya\u011fmurlu havaya ald\u0131r\u0131\u015f etmeden, denize girmek yerine d\u00fcnyaca \u00fcnl\u00fc Konyaalt\u0131 Sahili boyunca y\u00fcr\u00fcmeyi tercih etti. Kapal\u0131 havaya ra\u011fmen sahilde yo\u011funluk g\u00f6zlemlendi. Bayram tatilini Antalya&#8217;da ge\u00e7iren yerli ve yabanc\u0131 turistler de sahilde vakit ge\u00e7irdi. Tatilciler sahil kenar\u0131ndaki kafelerde ve y\u00fcr\u00fcy\u00fc\u015f yollar\u0131nda vakit ge\u00e7irdi.\u00a0 KENT\u0130N TUR\u0130ZM POTANS\u0130YEL\u0130 B\u0130R KEZ DAHA G\u00d6R\u00dcLD\u00dc\u00a0 Turizmin ba\u015fkenti olarak an\u0131lan Antalya&#8217;n\u0131n, y\u0131l\u0131n her d\u00f6neminde ziyaret\u00e7ilerine farkl\u0131 bir atmosfer sundu\u011fu belirtilirken, ya\u011f\u0131\u015fl\u0131 havaya ra\u011fmen denize girenler, kentin turizm potansiyelini bir kez daha g\u00f6zler \u00f6n\u00fcne serdi. Meteoroloji yetkilileri, \u00f6n\u00fcm\u00fczdeki g\u00fcnlerde hava s\u0131cakl\u0131klar\u0131n\u0131n mevsim normallerine d\u00f6nece\u011fini ve ya\u011f\u0131\u015flar\u0131n azalaca\u011f\u0131n\u0131 s\u00f6yledi.\u00a0 \u200bRamazan Bayram\u0131&#8217;nda Antalya&#8217;da hava kapal\u0131 ve ya\u011fmurlu olmas\u0131na ra\u011fmen baz\u0131 vatanda\u015flar deniz keyfinden vazge\u00e7medi. Serin havaya ald\u0131r\u0131\u015f etmeyenler Konyaalt\u0131 Sahili&#8217;nde denize girerken, baz\u0131lar\u0131 ise y\u00fcr\u00fcy\u00fc\u015f yapmay\u0131 tercih etti.\u00a0 \u200bHaberin Al\u0131nt\u0131land\u0131\u011f\u0131 Kaynak: www.antalyakorfez.com","og_url":"http:\/\/denizcankizil.tr\/de\/haberler\/gundem\/antalyada-bayramda-yagmura-ragmen-denize-girdiler\/","og_site_name":"Av. Deniz Can K\u0131z\u0131l","article_published_time":"2025-04-01T12:41:40+00:00","author":"Antalya K\u00f6rfez","twitter_card":"summary_large_image","twitter_misc":{"Verfasst von":"Antalya K\u00f6rfez","Gesch\u00e4tzte Lesezeit":"1\u00a0Minute"},"schema":{"@context":"https:\/\/schema.org","@graph":[{"@type":"Article","@id":"http:\/\/denizcankizil.tr\/de\/haberler\/gundem\/antalyada-bayramda-yagmura-ragmen-denize-girdiler\/#article","isPartOf":{"@id":"http:\/\/denizcankizil.tr\/de\/haberler\/gundem\/antalyada-bayramda-yagmura-ragmen-denize-girdiler\/"},"author":{"name":"Antalya K\u00f6rfez","@id":"https:\/\/denizcankizil.tr\/#\/schema\/person\/e1eb71bb4dd684d46563f0af307e1234"},"headline":"Antalya&#8217;da bayramda ya\u011fmura ra\u011fmen denize girdiler","datePublished":"2025-04-01T12:41:40+00:00","mainEntityOfPage":{"@id":"http:\/\/denizcankizil.tr\/de\/haberler\/gundem\/antalyada-bayramda-yagmura-ragmen-denize-girdiler\/"},"wordCount":267,"publisher":{"@id":"https:\/\/denizcankizil.tr\/#organization"},"articleSection":["G\u00fcndem"],"inLanguage":"de"},{"@type":"WebPage","@id":"http:\/\/denizcankizil.tr\/de\/haberler\/gundem\/antalyada-bayramda-yagmura-ragmen-denize-girdiler\/","url":"http:\/\/denizcankizil.tr\/de\/haberler\/gundem\/antalyada-bayramda-yagmura-ragmen-denize-girdiler\/","name":"Antalya'da bayramda ya\u011fmura ra\u011fmen denize girdiler - Av. Deniz Can K\u0131z\u0131l","isPartOf":{"@id":"https:\/\/denizcankizil.tr\/#website"},"datePublished":"2025-04-01T12:41:40+00:00","breadcrumb":{"@id":"http:\/\/denizcankizil.tr\/de\/haberler\/gundem\/antalyada-bayramda-yagmura-ragmen-denize-girdiler\/#breadcrumb"},"inLanguage":"de","potentialAction":[{"@type":"ReadAction","target":["http:\/\/denizcankizil.tr\/de\/haberler\/gundem\/antalyada-bayramda-yagmura-ragmen-denize-girdiler\/"]}]},{"@type":"BreadcrumbList","@id":"http:\/\/denizcankizil.tr\/de\/haberler\/gundem\/antalyada-bayramda-yagmura-ragmen-denize-girdiler\/#breadcrumb","itemListElement":[{"@type":"ListItem","position":1,"name":"Home","item":"https:\/\/denizcankizil.tr\/de\/"},{"@type":"ListItem","position":2,"name":"Antalya&#8217;da bayramda ya\u011fmura ra\u011fmen denize girdiler"}]},{"@type":"WebSite","@id":"https:\/\/denizcankizil.tr\/#website","url":"https:\/\/denizcankizil.tr\/","name":"Av. Deniz Can K\u0131z\u0131l","description":"Avukat Deniz Can K\u0131z\u0131l Antalya Barosu","publisher":{"@id":"https:\/\/denizcankizil.tr\/#organization"},"potentialAction":[{"@type":"SearchAction","target":{"@type":"EntryPoint","urlTemplate":"https:\/\/denizcankizil.tr\/?s={search_term_string}"},"query-input":{"@type":"PropertyValueSpecification","valueRequired":true,"valueName":"search_term_string"}}],"inLanguage":"de"},{"@type":"Organization","@id":"https:\/\/denizcankizil.tr\/#organization","name":"Av. Deniz Can K\u0131z\u0131l","url":"https:\/\/denizcankizil.tr\/","logo":{"@type":"ImageObject","inLanguage":"de","@id":"https:\/\/denizcankizil.tr\/#\/schema\/logo\/image\/","url":"http:\/\/denizcankizil.tr\/wp-content\/uploads\/2024\/10\/siyah-logo-svg.svg","contentUrl":"http:\/\/denizcankizil.tr\/wp-content\/uploads\/2024\/10\/siyah-logo-svg.svg","width":1080,"height":1080,"caption":"Av. Deniz Can K\u0131z\u0131l"},"image":{"@id":"https:\/\/denizcankizil.tr\/#\/schema\/logo\/image\/"}},{"@type":"Person","@id":"https:\/\/denizcankizil.tr\/#\/schema\/person\/e1eb71bb4dd684d46563f0af307e1234","name":"Antalya K\u00f6rfez","image":{"@type":"ImageObject","inLanguage":"de","@id":"https:\/\/denizcankizil.tr\/#\/schema\/person\/image\/","url":"https:\/\/secure.gravatar.com\/avatar\/42b01982558a48a0b501fdcab6a408d3717ea5919095ee2e67b0e521799c5905?s=96&d=mm&r=g","contentUrl":"https:\/\/secure.gravatar.com\/avatar\/42b01982558a48a0b501fdcab6a408d3717ea5919095ee2e67b0e521799c5905?s=96&d=mm&r=g","caption":"Antalya K\u00f6rfez"},"sameAs":["http:\/\/www.antalyakorfez.com"],"url":"https:\/\/www.antalyakorfez.com\/antalyada-bayramda-yagmura-ragmen-denize-girdiler"}]}},"_links":{"self":[{"href":"http:\/\/denizcankizil.tr\/de\/wp-json\/wp\/v2\/posts\/42270","targetHints":{"allow":["GET"]}}],"collection":[{"href":"http:\/\/denizcankizil.tr\/de\/wp-json\/wp\/v2\/posts"}],"about":[{"href":"http:\/\/denizcankizil.tr\/de\/wp-json\/wp\/v2\/types\/post"}],"author":[{"embeddable":true,"href":"http:\/\/denizcankizil.tr\/de\/wp-json\/wp\/v2\/users\/5"}],"replies":[{"embeddable":true,"href":"http:\/\/denizcankizil.tr\/de\/wp-json\/wp\/v2\/comments?post=42270"}],"version-history":[{"count":0,"href":"http:\/\/denizcankizil.tr\/de\/wp-json\/wp\/v2\/posts\/42270\/revisions"}],"wp:attachment":[{"href":"http:\/\/denizcankizil.tr\/de\/wp-json\/wp\/v2\/media?parent=42270"}],"wp:term":[{"taxonomy":"category","embeddable":true,"href":"http:\/\/denizcankizil.tr\/de\/wp-json\/wp\/v2\/categories?post=42270"},{"taxonomy":"post_tag","embeddable":true,"href":"http:\/\/denizcankizil.tr\/de\/wp-json\/wp\/v2\/tags?post=42270"}],"curies":[{"name":"wp","href":"https:\/\/api.w.org\/{rel}","templated":true}]}}