{"id":42258,"date":"2025-04-01T14:42:09","date_gmt":"2025-04-01T11:42:09","guid":{"rendered":"https:\/\/denizcankizil.tr\/uncategorized-tr\/istanbulda-pdler-genisliyor\/"},"modified":"2025-04-01T14:42:09","modified_gmt":"2025-04-01T11:42:09","slug":"istanbulda-pdler-genisliyor","status":"publish","type":"post","link":"http:\/\/denizcankizil.tr\/de\/haberler\/gundem\/istanbulda-pdler-genisliyor\/","title":{"rendered":"\u0130stanbul&#8217;da PD&#8217;ler geni\u015fliyor"},"content":{"rendered":"<p>\u0130BB, Park Et Devam Et (PD) otoparklar\u0131n\u0131n say\u0131s\u0131n\u0131 art\u0131rmaya devam ediyor. Otob\u00fcs ve rayl\u0131 sistem gibi toplu ta\u015f\u0131maya entegre olan otoparklar\u0131n say\u0131s\u0131 10\u2019dan 15\u2019e \u00e7\u0131kar\u0131ld\u0131.\u0130STANBUL (\u0130GFA) &#8211; Arac\u0131n\u0131 PD otoparklar\u0131na b\u0131rakan \u0130stanbullular, yolculuklar\u0131na \u0130stanbulKart kullanarak metro, tramvay, metrob\u00fcs ya da otob\u00fcsle devam ederek otopark \u00fccretinde y\u00fczde 50 indirim al\u0131yor.<br \/>\n\u0130stanbul B\u00fcy\u00fck\u015fehir Belediyesi (\u0130BB), trafi\u011fi rahatlatacak projeler \u00fcretmeye devam ediyor. \u0130BB\u00a0Ula\u015f\u0131m Dairesi Ba\u015fkanl\u0131\u011f\u0131\u2019n\u0131n,\u00a0\u0130BB \u015eehircilik Grubu \u0130\u015ftiraki\u00a0\u0130SPARK ve Teknoloji Grubu \u0130\u015ftiraki BELB\u0130M ile hayata ge\u00e7irdi\u011fi Park Et Devam Et (PD) otoparklar\u0131n\u0131n say\u0131s\u0131 artmaya devam ediyor.<br \/>\n\u00d6zel ara\u00e7 trafi\u011fini azalmak ve toplu ta\u015f\u0131ma kullan\u0131m\u0131n\u0131 te\u015fvik etmek amac\u0131yla hizmete al\u0131nan Park Et Devam Et Otoparklar\u0131n\u0131n say\u0131s\u0131 10\u2019dan 15\u2019e \u00e7\u0131kar\u0131ld\u0131. PD Otoparklar\u0131ndaki ara\u00e7 kapasitesi ise\u00a010 bin 188\u2019e ula\u015ft\u0131.<br \/>\nYEN\u0130 PD OTOPARKLARI<br \/>\n\u0130stanbullular, Kad\u0131k\u00f6y Yenikap\u0131 Sal\u0131 Pazar\u0131 Katl\u0131 Otopark\u0131, Ressam Halim Sokak A\u00e7\u0131k Otopark\u0131, Vatan Caddesi A\u00e7\u0131k Otopark\u0131, G\u00fclsuyu Metro Zemin Alt\u0131 Otopark\u0131, Atak\u00f6y Metro Dura\u011f\u0131 Yan\u0131 Zemin Alt\u0131 Otopark\u0131n\u0131 da \u201cPark Et Devam Et\u201d uygulamas\u0131 kapsam\u0131nda kullanabilecek.<br \/>\nPark Et Devam Et otoparklar\u0131 toplu ta\u015f\u0131maya yak\u0131n yerlerde bulunuyor. Arac\u0131n\u0131 PD otoparklar\u0131na b\u0131rakan \u0130stanbullular yolculuklar\u0131na \u0130stanbulKart kullanarak metro, tramvay, metrob\u00fcs ya da otob\u00fcsle devam ederek otopark \u00fccretinde y\u00fczde 50 indirim al\u0131yor. \u00a0B\u00f6ylece trafikte ara\u00e7 say\u0131s\u0131 azal\u0131yor, \u0130stanbullu h\u0131z kazan\u0131yor, yak\u0131t tasarruf yap\u0131yor ve karbon sal\u0131n\u0131m\u0131 azal\u0131yor. Park et Devam Et otoparklar\u0131 art\u0131k\u00e7a kent i\u00e7i eri\u015filebilirlik de ayn\u0131 oranda art\u0131yor.<\/p>\n<p>\u200b\u0130BB, Park Et Devam Et (PD) otoparklar\u0131n\u0131n say\u0131s\u0131n\u0131 art\u0131rmaya devam ediyor. Otob\u00fcs ve rayl\u0131 sistem gibi toplu ta\u015f\u0131maya entegre olan otoparklar\u0131n say\u0131s\u0131 10\u2019dan 15\u2019e \u00e7\u0131kar\u0131ld\u0131.\u0130STANBUL (\u0130GFA) &#8211; Arac\u0131n\u0131 PD otoparklar\u0131na b\u0131rakan \u0130stanbullular, yolculuklar\u0131na \u0130stanbulKart kullanarak metro, tramvay, metrob\u00fcs ya da otob\u00fcsle devam ederek otopark \u00fccretinde y\u00fczde 50 indirim al\u0131yor.<br \/>\n\u0130stanbul B\u00fcy\u00fck\u015fehir Belediyesi (\u0130BB), trafi\u011fi rahatlatacak projeler \u00fcretmeye devam ediyor. \u0130BB\u00a0Ula\u015f\u0131m Dairesi Ba\u015fkanl\u0131\u011f\u0131\u2019n\u0131n,\u00a0\u0130BB \u015eehircilik Grubu \u0130\u015ftiraki\u00a0\u0130SPARK ve Teknoloji Grubu \u0130\u015ftiraki BELB\u0130M ile hayata ge\u00e7irdi\u011fi Park Et Devam Et (PD) otoparklar\u0131n\u0131n say\u0131s\u0131 artmaya devam ediyor.<br \/>\n\u00d6zel ara\u00e7 trafi\u011fini azalmak ve toplu ta\u015f\u0131ma kullan\u0131m\u0131n\u0131 te\u015fvik etmek amac\u0131yla hizmete al\u0131nan Park Et Devam Et Otoparklar\u0131n\u0131n say\u0131s\u0131 10\u2019dan 15\u2019e \u00e7\u0131kar\u0131ld\u0131. PD Otoparklar\u0131ndaki ara\u00e7 kapasitesi ise\u00a010 bin 188\u2019e ula\u015ft\u0131.<br \/>\nYEN\u0130 PD OTOPARKLARI<br \/>\n\u0130stanbullular, Kad\u0131k\u00f6y Yenikap\u0131 Sal\u0131 Pazar\u0131 Katl\u0131 Otopark\u0131, Ressam Halim Sokak A\u00e7\u0131k Otopark\u0131, Vatan Caddesi A\u00e7\u0131k Otopark\u0131, G\u00fclsuyu Metro Zemin Alt\u0131 Otopark\u0131, Atak\u00f6y Metro Dura\u011f\u0131 Yan\u0131 Zemin Alt\u0131 Otopark\u0131n\u0131 da \u201cPark Et Devam Et\u201d uygulamas\u0131 kapsam\u0131nda kullanabilecek.<br \/>\nPark Et Devam Et otoparklar\u0131 toplu ta\u015f\u0131maya yak\u0131n yerlerde bulunuyor. Arac\u0131n\u0131 PD otoparklar\u0131na b\u0131rakan \u0130stanbullular yolculuklar\u0131na \u0130stanbulKart kullanarak metro, tramvay, metrob\u00fcs ya da otob\u00fcsle devam ederek otopark \u00fccretinde y\u00fczde 50 indirim al\u0131yor. \u00a0B\u00f6ylece trafikte ara\u00e7 say\u0131s\u0131 azal\u0131yor, \u0130stanbullu h\u0131z kazan\u0131yor, yak\u0131t tasarruf yap\u0131yor ve karbon sal\u0131n\u0131m\u0131 azal\u0131yor. Park et Devam Et otoparklar\u0131 art\u0131k\u00e7a kent i\u00e7i eri\u015filebilirlik de ayn\u0131 oranda art\u0131yor.\u00a0<\/p>\n<p>\u200bHaberin Al\u0131nt\u0131land\u0131\u011f\u0131 Kaynak: www.iskenderun.org<\/p>","protected":false},"excerpt":{"rendered":"<p>\u0130BB, Park Et Devam Et (PD) otoparklar\u0131n\u0131n say\u0131s\u0131n\u0131 art\u0131rmaya devam ediyor. Otob\u00fcs ve rayl\u0131 sistem gibi toplu ta\u015f\u0131maya entegre olan otoparklar\u0131n say\u0131s\u0131 10\u2019dan 15\u2019e \u00e7\u0131kar\u0131ld\u0131.\u0130STANBUL (\u0130GFA) &#8211; Arac\u0131n\u0131 PD otoparklar\u0131na b\u0131rakan \u0130stanbullular, yolculuklar\u0131na \u0130stanbulKart kullanarak metro, tramvay, metrob\u00fcs ya da otob\u00fcsle devam ederek otopark \u00fccretinde y\u00fczde 50 indirim al\u0131yor. \u0130stanbul B\u00fcy\u00fck\u015fehir Belediyesi (\u0130BB), trafi\u011fi rahatlatacak projeler \u00fcretmeye devam ediyor. \u0130BB\u00a0Ula\u015f\u0131m Dairesi Ba\u015fkanl\u0131\u011f\u0131\u2019n\u0131n,\u00a0\u0130BB \u015eehircilik Grubu \u0130\u015ftiraki\u00a0\u0130SPARK ve Teknoloji Grubu \u0130\u015ftiraki BELB\u0130M ile hayata ge\u00e7irdi\u011fi Park Et Devam Et (PD) otoparklar\u0131n\u0131n say\u0131s\u0131 artmaya devam ediyor. \u00d6zel ara\u00e7 trafi\u011fini azalmak ve toplu ta\u015f\u0131ma kullan\u0131m\u0131n\u0131 te\u015fvik etmek amac\u0131yla hizmete al\u0131nan Park Et Devam Et Otoparklar\u0131n\u0131n say\u0131s\u0131 10\u2019dan 15\u2019e \u00e7\u0131kar\u0131ld\u0131. PD Otoparklar\u0131ndaki ara\u00e7 kapasitesi ise\u00a010 bin 188\u2019e ula\u015ft\u0131. YEN\u0130 PD OTOPARKLARI \u0130stanbullular, Kad\u0131k\u00f6y Yenikap\u0131 Sal\u0131 Pazar\u0131 Katl\u0131 Otopark\u0131, Ressam Halim Sokak A\u00e7\u0131k Otopark\u0131, Vatan Caddesi A\u00e7\u0131k Otopark\u0131, G\u00fclsuyu Metro Zemin Alt\u0131 Otopark\u0131, Atak\u00f6y Metro Dura\u011f\u0131 Yan\u0131 Zemin Alt\u0131 Otopark\u0131n\u0131 da \u201cPark Et Devam Et\u201d uygulamas\u0131 kapsam\u0131nda kullanabilecek. Park Et Devam Et otoparklar\u0131 toplu ta\u015f\u0131maya yak\u0131n yerlerde bulunuyor. Arac\u0131n\u0131 PD otoparklar\u0131na b\u0131rakan \u0130stanbullular yolculuklar\u0131na \u0130stanbulKart kullanarak metro, tramvay, metrob\u00fcs ya da otob\u00fcsle devam ederek otopark \u00fccretinde y\u00fczde 50 indirim al\u0131yor. \u00a0B\u00f6ylece trafikte ara\u00e7 say\u0131s\u0131 azal\u0131yor, \u0130stanbullu h\u0131z kazan\u0131yor, yak\u0131t tasarruf yap\u0131yor ve karbon sal\u0131n\u0131m\u0131 azal\u0131yor. Park &hellip;<\/p>","protected":false},"author":1,"featured_media":0,"comment_status":"","ping_status":"open","sticky":false,"template":"","format":"standard","meta":{"_acf_changed":false,"footnotes":""},"categories":[24],"tags":[],"class_list":["post-42258","post","type-post","status-publish","format-standard","has-post-thumbnail","hentry","category-gundem"],"acf":[],"yoast_head":"<!-- This site is optimized with the Yoast SEO Premium plugin v26.6 (Yoast SEO v27.1.1) - https:\/\/yoast.com\/product\/yoast-seo-premium-wordpress\/ -->\n<title>\u0130stanbul&#039;da PD&#039;ler geni\u015fliyor - Av. Deniz Can K\u0131z\u0131l<\/title>\n<meta name=\"robots\" content=\"index, follow, max-snippet:-1, max-image-preview:large, max-video-preview:-1\" \/>\n<link rel=\"canonical\" href=\"http:\/\/denizcankizil.tr\/de\/haberler\/gundem\/istanbulda-pdler-genisliyor\/\" \/>\n<meta property=\"og:locale\" content=\"de_DE\" \/>\n<meta property=\"og:type\" content=\"article\" \/>\n<meta property=\"og:title\" content=\"\u0130stanbul&#039;da PD&#039;ler geni\u015fliyor\" \/>\n<meta property=\"og:description\" content=\"\u0130BB, Park Et Devam Et (PD) otoparklar\u0131n\u0131n say\u0131s\u0131n\u0131 art\u0131rmaya devam ediyor. Otob\u00fcs ve rayl\u0131 sistem gibi toplu ta\u015f\u0131maya entegre olan otoparklar\u0131n say\u0131s\u0131 10\u2019dan 15\u2019e \u00e7\u0131kar\u0131ld\u0131.\u0130STANBUL (\u0130GFA) &#8211; Arac\u0131n\u0131 PD otoparklar\u0131na b\u0131rakan \u0130stanbullular, yolculuklar\u0131na \u0130stanbulKart kullanarak metro, tramvay, metrob\u00fcs ya da otob\u00fcsle devam ederek otopark \u00fccretinde y\u00fczde 50 indirim al\u0131yor. \u0130stanbul B\u00fcy\u00fck\u015fehir Belediyesi (\u0130BB), trafi\u011fi rahatlatacak projeler \u00fcretmeye devam ediyor. \u0130BB\u00a0Ula\u015f\u0131m Dairesi Ba\u015fkanl\u0131\u011f\u0131\u2019n\u0131n,\u00a0\u0130BB \u015eehircilik Grubu \u0130\u015ftiraki\u00a0\u0130SPARK ve Teknoloji Grubu \u0130\u015ftiraki BELB\u0130M ile hayata ge\u00e7irdi\u011fi Park Et Devam Et (PD) otoparklar\u0131n\u0131n say\u0131s\u0131 artmaya devam ediyor. \u00d6zel ara\u00e7 trafi\u011fini azalmak ve toplu ta\u015f\u0131ma kullan\u0131m\u0131n\u0131 te\u015fvik etmek amac\u0131yla hizmete al\u0131nan Park Et Devam Et Otoparklar\u0131n\u0131n say\u0131s\u0131 10\u2019dan 15\u2019e \u00e7\u0131kar\u0131ld\u0131. PD Otoparklar\u0131ndaki ara\u00e7 kapasitesi ise\u00a010 bin 188\u2019e ula\u015ft\u0131. YEN\u0130 PD OTOPARKLARI \u0130stanbullular, Kad\u0131k\u00f6y Yenikap\u0131 Sal\u0131 Pazar\u0131 Katl\u0131 Otopark\u0131, Ressam Halim Sokak A\u00e7\u0131k Otopark\u0131, Vatan Caddesi A\u00e7\u0131k Otopark\u0131, G\u00fclsuyu Metro Zemin Alt\u0131 Otopark\u0131, Atak\u00f6y Metro Dura\u011f\u0131 Yan\u0131 Zemin Alt\u0131 Otopark\u0131n\u0131 da \u201cPark Et Devam Et\u201d uygulamas\u0131 kapsam\u0131nda kullanabilecek. Park Et Devam Et otoparklar\u0131 toplu ta\u015f\u0131maya yak\u0131n yerlerde bulunuyor. Arac\u0131n\u0131 PD otoparklar\u0131na b\u0131rakan \u0130stanbullular yolculuklar\u0131na \u0130stanbulKart kullanarak metro, tramvay, metrob\u00fcs ya da otob\u00fcsle devam ederek otopark \u00fccretinde y\u00fczde 50 indirim al\u0131yor. \u00a0B\u00f6ylece trafikte ara\u00e7 say\u0131s\u0131 azal\u0131yor, \u0130stanbullu h\u0131z kazan\u0131yor, yak\u0131t tasarruf yap\u0131yor ve karbon sal\u0131n\u0131m\u0131 azal\u0131yor. Park &hellip;\" \/>\n<meta property=\"og:url\" content=\"http:\/\/denizcankizil.tr\/de\/haberler\/gundem\/istanbulda-pdler-genisliyor\/\" \/>\n<meta property=\"og:site_name\" content=\"Av. Deniz Can K\u0131z\u0131l\" \/>\n<meta property=\"article:published_time\" content=\"2025-04-01T11:42:09+00:00\" \/>\n<meta name=\"author\" content=\"admin\" \/>\n<meta name=\"twitter:card\" content=\"summary_large_image\" \/>\n<meta name=\"twitter:label1\" content=\"Verfasst von\" \/>\n\t<meta name=\"twitter:data1\" content=\"admin\" \/>\n\t<meta name=\"twitter:label2\" content=\"Gesch\u00e4tzte Lesezeit\" \/>\n\t<meta name=\"twitter:data2\" content=\"3\u00a0Minuten\" \/>\n<script type=\"application\/ld+json\" class=\"yoast-schema-graph\">{\"@context\":\"https:\/\/schema.org\",\"@graph\":[{\"@type\":\"Article\",\"@id\":\"http:\/\/denizcankizil.tr\/de\/haberler\/gundem\/istanbulda-pdler-genisliyor\/#article\",\"isPartOf\":{\"@id\":\"http:\/\/denizcankizil.tr\/de\/haberler\/gundem\/istanbulda-pdler-genisliyor\/\"},\"author\":{\"name\":\"admin\",\"@id\":\"https:\/\/denizcankizil.tr\/de\/#\/schema\/person\/be3c05fe6a12686905512445d8185489\"},\"headline\":\"\u0130stanbul&#8217;da PD&#8217;ler geni\u015fliyor\",\"datePublished\":\"2025-04-01T11:42:09+00:00\",\"mainEntityOfPage\":{\"@id\":\"http:\/\/denizcankizil.tr\/de\/haberler\/gundem\/istanbulda-pdler-genisliyor\/\"},\"wordCount\":598,\"publisher\":{\"@id\":\"https:\/\/denizcankizil.tr\/de\/#organization\"},\"articleSection\":[\"G\u00fcndem\"],\"inLanguage\":\"de\"},{\"@type\":\"WebPage\",\"@id\":\"http:\/\/denizcankizil.tr\/de\/haberler\/gundem\/istanbulda-pdler-genisliyor\/\",\"url\":\"http:\/\/denizcankizil.tr\/de\/haberler\/gundem\/istanbulda-pdler-genisliyor\/\",\"name\":\"\u0130stanbul'da PD'ler geni\u015fliyor - Av. Deniz Can K\u0131z\u0131l\",\"isPartOf\":{\"@id\":\"https:\/\/denizcankizil.tr\/de\/#website\"},\"datePublished\":\"2025-04-01T11:42:09+00:00\",\"breadcrumb\":{\"@id\":\"http:\/\/denizcankizil.tr\/de\/haberler\/gundem\/istanbulda-pdler-genisliyor\/#breadcrumb\"},\"inLanguage\":\"de\",\"potentialAction\":[{\"@type\":\"ReadAction\",\"target\":[\"http:\/\/denizcankizil.tr\/de\/haberler\/gundem\/istanbulda-pdler-genisliyor\/\"]}]},{\"@type\":\"BreadcrumbList\",\"@id\":\"http:\/\/denizcankizil.tr\/de\/haberler\/gundem\/istanbulda-pdler-genisliyor\/#breadcrumb\",\"itemListElement\":[{\"@type\":\"ListItem\",\"position\":1,\"name\":\"Home\",\"item\":\"https:\/\/denizcankizil.tr\/de\/\"},{\"@type\":\"ListItem\",\"position\":2,\"name\":\"\u0130stanbul&#8217;da PD&#8217;ler geni\u015fliyor\"}]},{\"@type\":\"WebSite\",\"@id\":\"https:\/\/denizcankizil.tr\/de\/#website\",\"url\":\"https:\/\/denizcankizil.tr\/de\/\",\"name\":\"Av. Deniz Can K\u0131z\u0131l\",\"description\":\"Avukat Deniz Can K\u0131z\u0131l Antalya Barosu\",\"publisher\":{\"@id\":\"https:\/\/denizcankizil.tr\/de\/#organization\"},\"potentialAction\":[{\"@type\":\"SearchAction\",\"target\":{\"@type\":\"EntryPoint\",\"urlTemplate\":\"https:\/\/denizcankizil.tr\/de\/?s={search_term_string}\"},\"query-input\":{\"@type\":\"PropertyValueSpecification\",\"valueRequired\":true,\"valueName\":\"search_term_string\"}}],\"inLanguage\":\"de\"},{\"@type\":\"Organization\",\"@id\":\"https:\/\/denizcankizil.tr\/de\/#organization\",\"name\":\"Av. Deniz Can K\u0131z\u0131l\",\"url\":\"https:\/\/denizcankizil.tr\/de\/\",\"logo\":{\"@type\":\"ImageObject\",\"inLanguage\":\"de\",\"@id\":\"https:\/\/denizcankizil.tr\/de\/#\/schema\/logo\/image\/\",\"url\":\"http:\/\/denizcankizil.tr\/wp-content\/uploads\/2024\/10\/siyah-logo-svg.svg\",\"contentUrl\":\"http:\/\/denizcankizil.tr\/wp-content\/uploads\/2024\/10\/siyah-logo-svg.svg\",\"width\":1080,\"height\":1080,\"caption\":\"Av. Deniz Can K\u0131z\u0131l\"},\"image\":{\"@id\":\"https:\/\/denizcankizil.tr\/de\/#\/schema\/logo\/image\/\"}},{\"@type\":\"Person\",\"@id\":\"https:\/\/denizcankizil.tr\/de\/#\/schema\/person\/be3c05fe6a12686905512445d8185489\",\"name\":\"admin\",\"image\":{\"@type\":\"ImageObject\",\"inLanguage\":\"de\",\"@id\":\"https:\/\/denizcankizil.tr\/de\/#\/schema\/person\/image\/\",\"url\":\"https:\/\/secure.gravatar.com\/avatar\/c1fce94c830dc79107e174f890d7210541c4a63e8e5d816341794a2151c9d58c?s=96&d=mm&r=g\",\"contentUrl\":\"https:\/\/secure.gravatar.com\/avatar\/c1fce94c830dc79107e174f890d7210541c4a63e8e5d816341794a2151c9d58c?s=96&d=mm&r=g\",\"caption\":\"admin\"},\"sameAs\":[\"http:\/\/denizcankizil.tr\"],\"url\":\"https:\/\/www.iskenderun.org\/istanbulda-pdler-genisliyor\"}]}<\/script>\n<!-- \/ Yoast SEO Premium plugin. -->","yoast_head_json":{"title":"\u0130stanbul'da PD'ler geni\u015fliyor - Av. Deniz Can K\u0131z\u0131l","robots":{"index":"index","follow":"follow","max-snippet":"max-snippet:-1","max-image-preview":"max-image-preview:large","max-video-preview":"max-video-preview:-1"},"canonical":"http:\/\/denizcankizil.tr\/de\/haberler\/gundem\/istanbulda-pdler-genisliyor\/","og_locale":"de_DE","og_type":"article","og_title":"\u0130stanbul'da PD'ler geni\u015fliyor","og_description":"\u0130BB, Park Et Devam Et (PD) otoparklar\u0131n\u0131n say\u0131s\u0131n\u0131 art\u0131rmaya devam ediyor. Otob\u00fcs ve rayl\u0131 sistem gibi toplu ta\u015f\u0131maya entegre olan otoparklar\u0131n say\u0131s\u0131 10\u2019dan 15\u2019e \u00e7\u0131kar\u0131ld\u0131.\u0130STANBUL (\u0130GFA) &#8211; Arac\u0131n\u0131 PD otoparklar\u0131na b\u0131rakan \u0130stanbullular, yolculuklar\u0131na \u0130stanbulKart kullanarak metro, tramvay, metrob\u00fcs ya da otob\u00fcsle devam ederek otopark \u00fccretinde y\u00fczde 50 indirim al\u0131yor. \u0130stanbul B\u00fcy\u00fck\u015fehir Belediyesi (\u0130BB), trafi\u011fi rahatlatacak projeler \u00fcretmeye devam ediyor. \u0130BB\u00a0Ula\u015f\u0131m Dairesi Ba\u015fkanl\u0131\u011f\u0131\u2019n\u0131n,\u00a0\u0130BB \u015eehircilik Grubu \u0130\u015ftiraki\u00a0\u0130SPARK ve Teknoloji Grubu \u0130\u015ftiraki BELB\u0130M ile hayata ge\u00e7irdi\u011fi Park Et Devam Et (PD) otoparklar\u0131n\u0131n say\u0131s\u0131 artmaya devam ediyor. \u00d6zel ara\u00e7 trafi\u011fini azalmak ve toplu ta\u015f\u0131ma kullan\u0131m\u0131n\u0131 te\u015fvik etmek amac\u0131yla hizmete al\u0131nan Park Et Devam Et Otoparklar\u0131n\u0131n say\u0131s\u0131 10\u2019dan 15\u2019e \u00e7\u0131kar\u0131ld\u0131. PD Otoparklar\u0131ndaki ara\u00e7 kapasitesi ise\u00a010 bin 188\u2019e ula\u015ft\u0131. YEN\u0130 PD OTOPARKLARI \u0130stanbullular, Kad\u0131k\u00f6y Yenikap\u0131 Sal\u0131 Pazar\u0131 Katl\u0131 Otopark\u0131, Ressam Halim Sokak A\u00e7\u0131k Otopark\u0131, Vatan Caddesi A\u00e7\u0131k Otopark\u0131, G\u00fclsuyu Metro Zemin Alt\u0131 Otopark\u0131, Atak\u00f6y Metro Dura\u011f\u0131 Yan\u0131 Zemin Alt\u0131 Otopark\u0131n\u0131 da \u201cPark Et Devam Et\u201d uygulamas\u0131 kapsam\u0131nda kullanabilecek. Park Et Devam Et otoparklar\u0131 toplu ta\u015f\u0131maya yak\u0131n yerlerde bulunuyor. Arac\u0131n\u0131 PD otoparklar\u0131na b\u0131rakan \u0130stanbullular yolculuklar\u0131na \u0130stanbulKart kullanarak metro, tramvay, metrob\u00fcs ya da otob\u00fcsle devam ederek otopark \u00fccretinde y\u00fczde 50 indirim al\u0131yor. \u00a0B\u00f6ylece trafikte ara\u00e7 say\u0131s\u0131 azal\u0131yor, \u0130stanbullu h\u0131z kazan\u0131yor, yak\u0131t tasarruf yap\u0131yor ve karbon sal\u0131n\u0131m\u0131 azal\u0131yor. Park &hellip;","og_url":"http:\/\/denizcankizil.tr\/de\/haberler\/gundem\/istanbulda-pdler-genisliyor\/","og_site_name":"Av. Deniz Can K\u0131z\u0131l","article_published_time":"2025-04-01T11:42:09+00:00","author":"admin","twitter_card":"summary_large_image","twitter_misc":{"Verfasst von":"admin","Gesch\u00e4tzte Lesezeit":"3\u00a0Minuten"},"schema":{"@context":"https:\/\/schema.org","@graph":[{"@type":"Article","@id":"http:\/\/denizcankizil.tr\/de\/haberler\/gundem\/istanbulda-pdler-genisliyor\/#article","isPartOf":{"@id":"http:\/\/denizcankizil.tr\/de\/haberler\/gundem\/istanbulda-pdler-genisliyor\/"},"author":{"name":"admin","@id":"https:\/\/denizcankizil.tr\/de\/#\/schema\/person\/be3c05fe6a12686905512445d8185489"},"headline":"\u0130stanbul&#8217;da PD&#8217;ler geni\u015fliyor","datePublished":"2025-04-01T11:42:09+00:00","mainEntityOfPage":{"@id":"http:\/\/denizcankizil.tr\/de\/haberler\/gundem\/istanbulda-pdler-genisliyor\/"},"wordCount":598,"publisher":{"@id":"https:\/\/denizcankizil.tr\/de\/#organization"},"articleSection":["G\u00fcndem"],"inLanguage":"de"},{"@type":"WebPage","@id":"http:\/\/denizcankizil.tr\/de\/haberler\/gundem\/istanbulda-pdler-genisliyor\/","url":"http:\/\/denizcankizil.tr\/de\/haberler\/gundem\/istanbulda-pdler-genisliyor\/","name":"\u0130stanbul'da PD'ler geni\u015fliyor - Av. Deniz Can K\u0131z\u0131l","isPartOf":{"@id":"https:\/\/denizcankizil.tr\/de\/#website"},"datePublished":"2025-04-01T11:42:09+00:00","breadcrumb":{"@id":"http:\/\/denizcankizil.tr\/de\/haberler\/gundem\/istanbulda-pdler-genisliyor\/#breadcrumb"},"inLanguage":"de","potentialAction":[{"@type":"ReadAction","target":["http:\/\/denizcankizil.tr\/de\/haberler\/gundem\/istanbulda-pdler-genisliyor\/"]}]},{"@type":"BreadcrumbList","@id":"http:\/\/denizcankizil.tr\/de\/haberler\/gundem\/istanbulda-pdler-genisliyor\/#breadcrumb","itemListElement":[{"@type":"ListItem","position":1,"name":"Home","item":"https:\/\/denizcankizil.tr\/de\/"},{"@type":"ListItem","position":2,"name":"\u0130stanbul&#8217;da PD&#8217;ler geni\u015fliyor"}]},{"@type":"WebSite","@id":"https:\/\/denizcankizil.tr\/de\/#website","url":"https:\/\/denizcankizil.tr\/de\/","name":"Av. Deniz Can K\u0131z\u0131l","description":"Avukat Deniz Can K\u0131z\u0131l Antalya Barosu","publisher":{"@id":"https:\/\/denizcankizil.tr\/de\/#organization"},"potentialAction":[{"@type":"SearchAction","target":{"@type":"EntryPoint","urlTemplate":"https:\/\/denizcankizil.tr\/de\/?s={search_term_string}"},"query-input":{"@type":"PropertyValueSpecification","valueRequired":true,"valueName":"search_term_string"}}],"inLanguage":"de"},{"@type":"Organization","@id":"https:\/\/denizcankizil.tr\/de\/#organization","name":"Av. Deniz Can K\u0131z\u0131l","url":"https:\/\/denizcankizil.tr\/de\/","logo":{"@type":"ImageObject","inLanguage":"de","@id":"https:\/\/denizcankizil.tr\/de\/#\/schema\/logo\/image\/","url":"http:\/\/denizcankizil.tr\/wp-content\/uploads\/2024\/10\/siyah-logo-svg.svg","contentUrl":"http:\/\/denizcankizil.tr\/wp-content\/uploads\/2024\/10\/siyah-logo-svg.svg","width":1080,"height":1080,"caption":"Av. Deniz Can K\u0131z\u0131l"},"image":{"@id":"https:\/\/denizcankizil.tr\/de\/#\/schema\/logo\/image\/"}},{"@type":"Person","@id":"https:\/\/denizcankizil.tr\/de\/#\/schema\/person\/be3c05fe6a12686905512445d8185489","name":"Administrator","image":{"@type":"ImageObject","inLanguage":"de","@id":"https:\/\/denizcankizil.tr\/de\/#\/schema\/person\/image\/","url":"https:\/\/secure.gravatar.com\/avatar\/c1fce94c830dc79107e174f890d7210541c4a63e8e5d816341794a2151c9d58c?s=96&d=mm&r=g","contentUrl":"https:\/\/secure.gravatar.com\/avatar\/c1fce94c830dc79107e174f890d7210541c4a63e8e5d816341794a2151c9d58c?s=96&d=mm&r=g","caption":"admin"},"sameAs":["http:\/\/denizcankizil.tr"],"url":"https:\/\/www.iskenderun.org\/istanbulda-pdler-genisliyor"}]}},"_links":{"self":[{"href":"http:\/\/denizcankizil.tr\/de\/wp-json\/wp\/v2\/posts\/42258","targetHints":{"allow":["GET"]}}],"collection":[{"href":"http:\/\/denizcankizil.tr\/de\/wp-json\/wp\/v2\/posts"}],"about":[{"href":"http:\/\/denizcankizil.tr\/de\/wp-json\/wp\/v2\/types\/post"}],"author":[{"embeddable":true,"href":"http:\/\/denizcankizil.tr\/de\/wp-json\/wp\/v2\/users\/1"}],"replies":[{"embeddable":true,"href":"http:\/\/denizcankizil.tr\/de\/wp-json\/wp\/v2\/comments?post=42258"}],"version-history":[{"count":0,"href":"http:\/\/denizcankizil.tr\/de\/wp-json\/wp\/v2\/posts\/42258\/revisions"}],"wp:attachment":[{"href":"http:\/\/denizcankizil.tr\/de\/wp-json\/wp\/v2\/media?parent=42258"}],"wp:term":[{"taxonomy":"category","embeddable":true,"href":"http:\/\/denizcankizil.tr\/de\/wp-json\/wp\/v2\/categories?post=42258"},{"taxonomy":"post_tag","embeddable":true,"href":"http:\/\/denizcankizil.tr\/de\/wp-json\/wp\/v2\/tags?post=42258"}],"curies":[{"name":"wp","href":"https:\/\/api.w.org\/{rel}","templated":true}]}}