{"id":37396,"date":"2025-03-27T16:42:08","date_gmt":"2025-03-27T13:42:08","guid":{"rendered":"https:\/\/denizcankizil.tr\/uncategorized-tr\/restorasyonu-insasindan-uzun-surdu\/"},"modified":"2025-03-27T16:42:08","modified_gmt":"2025-03-27T13:42:08","slug":"restorasyonu-insasindan-uzun-surdu","status":"publish","type":"post","link":"http:\/\/denizcankizil.tr\/de\/haberler\/gundem\/restorasyonu-insasindan-uzun-surdu\/","title":{"rendered":"Restorasyonu in\u015fas\u0131ndan uzun s\u00fcrd\u00fc"},"content":{"rendered":"<p>Tarihi kaynaklara g\u00f6re yap\u0131m\u0131 Sel\u00e7uklu d\u00f6nemine kadar uzanan Isparta\u2019daki Kutlu Bey Camii, halk aras\u0131nda Ulu Cami ad\u0131yla an\u0131l\u0131yor. Sel\u00e7uklu d\u00f6neminde in\u015fa edildi\u011fi d\u00fc\u015f\u00fcn\u00fclen caminin yerinde, Osmanl\u0131 d\u00f6neminde E\u011firdir Valisi olan Kutlu Bey taraf\u0131ndan 1429 y\u0131l\u0131nda yeniden in\u015fa edilen cami, kentin g\u00fcneyindeki Sidre Da\u011f\u0131\u2019ndan getirilen sedir a\u011fa\u00e7lar\u0131ndan elde edilen ah\u015fap direklerin \u00fczerinde y\u00fckselmi\u015f. K\u0131rma \u00e7at\u0131l\u0131 olarak in\u015fa edilen cami, kadir geceleri ve kutsal g\u00fcnlerde halk aras\u0131nda yo\u011fun ra\u011fbet edilen bir dini mek\u00e2na d\u00f6n\u00fc\u015fm\u00fc\u015f.\u00a0<\/p>\n<p>1899\u2019DA YIKILARAK YEN\u0130DEN \u0130N\u015eA ED\u0130LD\u0130<\/p>\n<p>Isparta Tarihi\u2019nin yazar\u0131 B\u00f6c\u00fczade S\u00fcleyman Sami, halk\u0131n Kutlu Bey Camii\u2019ndeki b\u00fcy\u00fck Vav harfinin alt\u0131nda evliyalar\u0131n topland\u0131\u011f\u0131na ve birlikte Hicaza gittiklerine inand\u0131\u011f\u0131 i\u00e7in burada dua ettiklerini aktar\u0131yor. Y\u00fczlerce y\u0131l ayakta kalan Kutlu Bey Camii\u2019nde 19. y\u00fczy\u0131l\u0131n sonlar\u0131nda onar\u0131m yap\u0131lmas\u0131 g\u00fcndeme geldi. O d\u00f6nem Isparta Belediye Reisi olan B\u00f6c\u00fczade, 1899 y\u0131l\u0131nda caminin mihrap taraf\u0131ndaki ah\u015fap direklerin yenilenmesi i\u00e7in ba\u015flat\u0131lan onar\u0131m\u0131n, caminin y\u0131k\u0131lmas\u0131na kadar gitti\u011fini aktar\u0131yor:<\/p>\n<p>YAPIMI 2 YIL S\u00dcRD\u00dc, 1904 RAMAZAN\u2019INDA \u0130BADETE A\u00c7ILDI<\/p>\n<p>\u201cBu s\u0131rada Isparta Mutasarr\u0131f\u0131 bulunan \u0130zmitli H\u00fcseyin H\u00fcsn\u00fc Bey, do\u011fruluk ve \u00e7al\u0131\u015fmalar\u0131yla halk\u0131n g\u00fcvenini ve sevgisini kazanm\u0131\u015f bir ki\u015fi olarak hurafelere inananlar\u0131 ayd\u0131nlatmak ve ikna etmek suretiyle camiyi tamamen y\u0131kt\u0131r\u0131p, Padi\u015fah II. Abd\u00fclhamid\u2019in tahta \u00e7\u0131k\u0131\u015f\u0131n\u0131n 25. y\u0131l\u0131 an\u0131s\u0131na Ayasofya\u2019ya benzer k\u00e2gir ve \u00e7ok kubbeli olarak yeniden yap\u0131lmas\u0131na karar vermi\u015f, halk, esnaf ve etraftan y\u00fczden fazla ki\u015fiyi toplayarak de 500 k\u00fcsur lira toplayarak ad\u0131n\u0131n Hamidiye cami olmas\u0131 i\u00e7in izin alm\u0131\u015f hemen y\u0131kt\u0131rarak yenisinin yap\u0131m\u0131na ba\u015flam\u0131\u015ft\u0131. Yerli, ot ta\u015f\u0131 denilen ta\u015ftan s\u00fctunlar, k\u00f6fke ta\u015f\u0131ndan beden duvarlar\u0131 ile iki y\u0131lda cami yap\u0131lm\u0131\u015f, 1904 y\u0131l\u0131nda bitirilerek Ramazan ba\u015f\u0131nda ibadete a\u00e7\u0131lm\u0131\u015ft\u0131r.\u201d<\/p>\n<p>KADINLAR ARAZ\u0130LER\u0130 VE Z\u0130YNETLER\u0130N\u0130 CAM\u0130YE BA\u011eI\u015eLADI<\/p>\n<p>Kutlu Bey Camii\u2019nin yeniden yap\u0131lmas\u0131n\u0131 ard\u0131ndan a\u00e7\u0131l\u0131\u015f\u0131nda manzum bir s\u00f6ylev okudu\u011funu ve her sat\u0131r\u0131n\u0131n \u00e2min sesleriyle kar\u015f\u0131lanarak b\u00fcy\u00fck bir cemaat taraf\u0131ndan dinlendi\u011fini yazan B\u00f6c\u00fczade S\u00fcleyman Sami\u2019nin Isparta Tarihi kitab\u0131nda aktard\u0131\u011f\u0131 notlarda, Kutlu Bey Cami\u2019nin yeniden in\u015fas\u0131nda halk\u0131n seferber oldu\u011funu ortaya koyuyor. Hac\u0131 Vesile Han\u0131m ad\u0131nda bir kad\u0131n\u0131n 400 liral\u0131k emlak ve arazisini, bir\u00e7ok kad\u0131n\u0131n ise ziynetlerini hediye etti\u011fi caminin in\u015fas\u0131 i\u00e7in 2 bin lira malzeme paras\u0131 sa\u011fland\u0131\u011f\u0131 belirtiliyor:<\/p>\n<p>RUM M\u0130MAR\u2019IN CENAZES\u0130 \u0130\u00c7\u0130N M\u00dcSL\u00dcMANLAR BA\u011eI\u015e TOPLADI<\/p>\n<p>\u201cCaminin yap\u0131m\u0131nda eme\u011fi ge\u00e7en Bay\u0131nd\u0131rl\u0131k M\u00fcd\u00fcr\u00fc M\u00fchendis Kalfao\u011flu Yanko Efendi\u2019ye 25 lira de\u011ferinde bir saat, bir kat elbise, di\u011fer usta ve kalfalara da birer kat elbise hediye edilmi\u015ftir. K\u00fc\u00e7\u00fck b\u00fcy\u00fck herkes g\u00fcc\u00fc yetti\u011fince camiye hibe ve yard\u0131mda bulunmu\u015flar, camide cenaze namaz\u0131 k\u0131l\u0131nanlar\u0131n hal\u0131 ba\u011f\u0131\u015flar\u0131 da cami ba\u011f\u0131\u015f defterine yaz\u0131lm\u0131\u015ft\u0131r. Camini mimar\u0131 Yanko Efendi \u00f6ld\u00fc\u011f\u00fcnde M\u00fcsl\u00fcmanlar da ba\u011f\u0131\u015f yaparak cenazesini \u0130stanbul\u2019a g\u00f6ndermi\u015flerdir.\u201d\u00a0<\/p>\n<p>KUTLU BEY CAM\u0130\u0130\u2019N\u0130N RESTORASYONU \u0130N\u015eASINDAN UZUN S\u00dcRD\u00dc<\/p>\n<p>Antalya K\u00f6rfez Gazetesi muhabiri Yusuf Yavuz&#8217;un haberine g\u00f6re; kent tarihinde \u00f6nemli bir yeri olan Isparta Kutlu Bey Camii, 1914 depreminde y\u0131k\u0131lmas\u0131n\u0131n ard\u0131ndan 1922\u2019de yeniden in\u015fa edildi. Ancak caminin 1904 y\u0131l\u0131ndaki in\u015fas\u0131 2 y\u0131l s\u00fcrerken, \u015eubat 2023 tarihinde ba\u015flat\u0131lan restorasyon \u00e7al\u0131\u015fmas\u0131n\u0131n \u00fczerinden 2 y\u0131ldan fazla bir s\u00fcre ge\u00e7mesine kar\u015f\u0131n halen bitirilememesi vatanda\u015flar\u0131n tepkisini \u00e7ekiyor.\u00a0<\/p>\n<p>S\u00d6ZLE\u015eME S\u00dcRES\u0130 25 MART\u2019TA DOLDU, VATANDA\u015e A\u00c7IKLAMA BEKL\u0130YOR<\/p>\n<p>Antalya Vak\u0131flar B\u00f6lge M\u00fcd\u00fcrl\u00fc\u011f\u00fc\u2019n\u00fcn 13 milyon 560 bin TL bedelle Ak\u00e7aylar Restorasyon ad\u0131ndaki \u00f6zel \u015firkete ihale etti\u011fi restorasyon projesinin s\u00f6zle\u015fme tarihi 20 \u015eubat 2023. Toplam 600 g\u00fcnde tamamlanaca\u011f\u0131 a\u00e7\u0131klanan Restorasyon projesinin, s\u00f6zle\u015fmeye g\u00f6re 25 Mart 2025 tarihinde bitirilmesi gerekiyordu. Ancak tarihi cami ve \u00e7e\u015fmesini kapsayan restorasyon projesinin yakla\u015f\u0131k y\u00fczde 50-60 oran\u0131nda tamamlanm\u0131\u015f oldu\u011funun g\u00f6r\u00fcld\u00fc\u011f\u00fcn\u00fc s\u00f6yleyen vatanda\u015flar, \u201cRestorasyon yap\u0131lacak diye camiyi ibadete kapatt\u0131lar, iki y\u0131lda tamamlanmas\u0131 gereken \u00e7al\u0131\u015fmalar hala bitirilemedi. K\u0131\u015f boyunca sadece baz\u0131 zamanlarda \u00e7al\u0131\u015fma yap\u0131ld\u0131\u011f\u0131n\u0131 g\u00f6rd\u00fck. Daha kubbelerin oldu\u011fu b\u00f6l\u00fcmdeki \u00e7al\u0131\u015fma bile tamamlanm\u0131\u015f de\u011fil. Ramazan Bayram\u0131nda bayram namaz\u0131n\u0131 camimizde k\u0131lmak istiyorduk. Ancak g\u00f6r\u00fcn\u00fc\u015fe g\u00f6re restorasyon ancak bir sonraki y\u0131l\u0131n bayram\u0131na tamamlanacak gibi. \u00c7\u00fcnk\u00fc \u00e7al\u0131\u015fmalar d\u00fczenli olarak devam etmiyor. Arada bir \u00e7al\u0131\u015fma oluyor, sonra bir bak\u0131yoruz kimse yok. Bu konuda yetkililerden denetim ve a\u00e7\u0131klama talep ediyoruz\u201d g\u00f6r\u00fc\u015f\u00fcn\u00fc dile getirdi.<\/p>\n<p>S\u00dcRE ARTIMLARIYLA MAL\u0130YETLER \u015e\u0130\u015e\u0130R\u0130L\u0130YOR<\/p>\n<p>Restorasyon projelerinde y\u00fcklenici firmalar\u0131n\u0131n s\u00fcre uzat\u0131m\u0131 talep ederek maliyetleri y\u00fckseltmesi tart\u0131\u015fma konusu oluyor. S\u00f6zle\u015fme bedelinin ikiye, \u00fc\u00e7e katland\u0131\u011f\u0131 baz\u0131 projelerde kamu zarar\u0131 oldu\u011fu iddia edilirken, s\u00f6z konusu projeler Say\u0131\u015ftay\u2019\u0131n da radar\u0131nda. Avan projeler \u00fczerinden ihaleye \u00e7\u0131k\u0131lmas\u0131, \u00e7al\u0131\u015fmalar s\u00fcrerken yap\u0131lan de\u011fi\u015fikliklerle maliyetlerin \u015fi\u015firilmesine neden oluyor. Isparta Kutlu Bey Camii\u2019ndeki restorasyon projesi i\u00e7in s\u00fcre art\u0131m\u0131 yap\u0131l\u0131p yap\u0131lmad\u0131\u011f\u0131 bilinmiyor. \u00a0<\/p>\n<p>VAKIFLAR B\u00d6LGE M\u00dcD\u00dcRL\u00dc\u011e\u00dc\u2019NDEN HEN\u00dcZ A\u00c7IKLAMA GELMED\u0130<\/p>\n<p>\u00d6te yandan Isparta Valisi Abdullah Erin, 7 Mart\u2019ta tarihi camideki restorasyon \u00e7al\u0131\u015fmalar\u0131n\u0131 incelemi\u015f, ilgili \u015firket yetkililerinden bilgi alm\u0131\u015ft\u0131. Ancak restorasyon \u00e7al\u0131\u015fmas\u0131n\u0131n ne zaman tamamlanaca\u011f\u0131na ili\u015fkin bir a\u00e7\u0131klama yap\u0131lmad\u0131. Konuyla ilgili bilgi ve g\u00f6r\u00fc\u015f\u00fcne ba\u015fvurdu\u011fumuz Antalya Vak\u0131flar B\u00f6lge M\u00fcd\u00fcrl\u00fc\u011f\u00fc yetkililerinden de hen\u00fcz bir a\u00e7\u0131klama gelmedi.\u00a0<br \/>\n*B\u00f6c\u00fczade S\u00fcleyman Sami, \u2018Kurulu\u015fundan Bug\u00fcne kadar Isparta Tarihi\u2019. Serenler Yay\u0131n\u0131, \u0130stanbul 1983, sf. 73-76.<\/p>\n<p>\u200bIsparta kent merkezindeki en eski cami olan Kutlu Bey (Ulu) Camii\u2019nin in\u015fas\u0131 iki y\u0131l s\u00fcrd\u00fc. Ancak \u015eubat 2023\u2019te \u00f6zel bir \u015firkete ihale edilen restorasyon projesinin 2 y\u0131l olan s\u00f6zle\u015fme s\u00fcresi 25 Mart\u2019ta dolmas\u0131na ra\u011fmen hala bitirilemedi. \u00c7al\u0131\u015fmalar\u0131n aylarca s\u00fcrebilece\u011fini belirten vatanda\u015flar tepkili\u2026\u00a0<\/p>\n<p>\u200bHaberin Al\u0131nt\u0131land\u0131\u011f\u0131 Kaynak: www.antalyakorfez.com<\/p>","protected":false},"excerpt":{"rendered":"<p>Tarihi kaynaklara g\u00f6re yap\u0131m\u0131 Sel\u00e7uklu d\u00f6nemine kadar uzanan Isparta\u2019daki Kutlu Bey Camii, halk aras\u0131nda Ulu Cami ad\u0131yla an\u0131l\u0131yor. Sel\u00e7uklu d\u00f6neminde in\u015fa edildi\u011fi d\u00fc\u015f\u00fcn\u00fclen caminin yerinde, Osmanl\u0131 d\u00f6neminde E\u011firdir Valisi olan Kutlu Bey taraf\u0131ndan 1429 y\u0131l\u0131nda yeniden in\u015fa edilen cami, kentin g\u00fcneyindeki Sidre Da\u011f\u0131\u2019ndan getirilen sedir a\u011fa\u00e7lar\u0131ndan elde edilen ah\u015fap direklerin \u00fczerinde y\u00fckselmi\u015f. K\u0131rma \u00e7at\u0131l\u0131 olarak in\u015fa edilen cami, kadir geceleri ve kutsal g\u00fcnlerde halk aras\u0131nda yo\u011fun ra\u011fbet edilen bir dini mek\u00e2na d\u00f6n\u00fc\u015fm\u00fc\u015f.\u00a0 1899\u2019DA YIKILARAK YEN\u0130DEN \u0130N\u015eA ED\u0130LD\u0130 Isparta Tarihi\u2019nin yazar\u0131 B\u00f6c\u00fczade S\u00fcleyman Sami, halk\u0131n Kutlu Bey Camii\u2019ndeki b\u00fcy\u00fck Vav harfinin alt\u0131nda evliyalar\u0131n topland\u0131\u011f\u0131na ve birlikte Hicaza gittiklerine inand\u0131\u011f\u0131 i\u00e7in burada dua ettiklerini aktar\u0131yor. Y\u00fczlerce y\u0131l ayakta kalan Kutlu Bey Camii\u2019nde 19. y\u00fczy\u0131l\u0131n sonlar\u0131nda onar\u0131m yap\u0131lmas\u0131 g\u00fcndeme geldi. O d\u00f6nem Isparta Belediye Reisi olan B\u00f6c\u00fczade, 1899 y\u0131l\u0131nda caminin mihrap taraf\u0131ndaki ah\u015fap direklerin yenilenmesi i\u00e7in ba\u015flat\u0131lan onar\u0131m\u0131n, caminin y\u0131k\u0131lmas\u0131na kadar gitti\u011fini aktar\u0131yor: YAPIMI 2 YIL S\u00dcRD\u00dc, 1904 RAMAZAN\u2019INDA \u0130BADETE A\u00c7ILDI \u201cBu s\u0131rada Isparta Mutasarr\u0131f\u0131 bulunan \u0130zmitli H\u00fcseyin H\u00fcsn\u00fc Bey, do\u011fruluk ve \u00e7al\u0131\u015fmalar\u0131yla halk\u0131n g\u00fcvenini ve sevgisini kazanm\u0131\u015f bir ki\u015fi olarak hurafelere inananlar\u0131 ayd\u0131nlatmak ve ikna etmek suretiyle camiyi tamamen y\u0131kt\u0131r\u0131p, Padi\u015fah II. Abd\u00fclhamid\u2019in tahta \u00e7\u0131k\u0131\u015f\u0131n\u0131n 25. y\u0131l\u0131 an\u0131s\u0131na Ayasofya\u2019ya benzer k\u00e2gir ve \u00e7ok kubbeli olarak yeniden yap\u0131lmas\u0131na karar vermi\u015f, halk, esnaf ve &hellip;<\/p>","protected":false},"author":5,"featured_media":0,"comment_status":"","ping_status":"open","sticky":false,"template":"","format":"standard","meta":{"_acf_changed":false,"footnotes":""},"categories":[24],"tags":[],"class_list":["post-37396","post","type-post","status-publish","format-standard","has-post-thumbnail","hentry","category-gundem"],"acf":[],"yoast_head":"<!-- This site is optimized with the Yoast SEO Premium plugin v26.6 (Yoast SEO v27.1.1) - https:\/\/yoast.com\/product\/yoast-seo-premium-wordpress\/ -->\n<title>Restorasyonu in\u015fas\u0131ndan uzun s\u00fcrd\u00fc - Av. Deniz Can K\u0131z\u0131l<\/title>\n<meta name=\"robots\" content=\"index, follow, max-snippet:-1, max-image-preview:large, max-video-preview:-1\" \/>\n<link rel=\"canonical\" href=\"http:\/\/denizcankizil.tr\/de\/haberler\/gundem\/restorasyonu-insasindan-uzun-surdu\/\" \/>\n<meta property=\"og:locale\" content=\"de_DE\" \/>\n<meta property=\"og:type\" content=\"article\" \/>\n<meta property=\"og:title\" content=\"Restorasyonu in\u015fas\u0131ndan uzun s\u00fcrd\u00fc\" \/>\n<meta property=\"og:description\" content=\"Tarihi kaynaklara g\u00f6re yap\u0131m\u0131 Sel\u00e7uklu d\u00f6nemine kadar uzanan Isparta\u2019daki Kutlu Bey Camii, halk aras\u0131nda Ulu Cami ad\u0131yla an\u0131l\u0131yor. Sel\u00e7uklu d\u00f6neminde in\u015fa edildi\u011fi d\u00fc\u015f\u00fcn\u00fclen caminin yerinde, Osmanl\u0131 d\u00f6neminde E\u011firdir Valisi olan Kutlu Bey taraf\u0131ndan 1429 y\u0131l\u0131nda yeniden in\u015fa edilen cami, kentin g\u00fcneyindeki Sidre Da\u011f\u0131\u2019ndan getirilen sedir a\u011fa\u00e7lar\u0131ndan elde edilen ah\u015fap direklerin \u00fczerinde y\u00fckselmi\u015f. K\u0131rma \u00e7at\u0131l\u0131 olarak in\u015fa edilen cami, kadir geceleri ve kutsal g\u00fcnlerde halk aras\u0131nda yo\u011fun ra\u011fbet edilen bir dini mek\u00e2na d\u00f6n\u00fc\u015fm\u00fc\u015f.\u00a0 1899\u2019DA YIKILARAK YEN\u0130DEN \u0130N\u015eA ED\u0130LD\u0130 Isparta Tarihi\u2019nin yazar\u0131 B\u00f6c\u00fczade S\u00fcleyman Sami, halk\u0131n Kutlu Bey Camii\u2019ndeki b\u00fcy\u00fck Vav harfinin alt\u0131nda evliyalar\u0131n topland\u0131\u011f\u0131na ve birlikte Hicaza gittiklerine inand\u0131\u011f\u0131 i\u00e7in burada dua ettiklerini aktar\u0131yor. Y\u00fczlerce y\u0131l ayakta kalan Kutlu Bey Camii\u2019nde 19. y\u00fczy\u0131l\u0131n sonlar\u0131nda onar\u0131m yap\u0131lmas\u0131 g\u00fcndeme geldi. O d\u00f6nem Isparta Belediye Reisi olan B\u00f6c\u00fczade, 1899 y\u0131l\u0131nda caminin mihrap taraf\u0131ndaki ah\u015fap direklerin yenilenmesi i\u00e7in ba\u015flat\u0131lan onar\u0131m\u0131n, caminin y\u0131k\u0131lmas\u0131na kadar gitti\u011fini aktar\u0131yor: YAPIMI 2 YIL S\u00dcRD\u00dc, 1904 RAMAZAN\u2019INDA \u0130BADETE A\u00c7ILDI \u201cBu s\u0131rada Isparta Mutasarr\u0131f\u0131 bulunan \u0130zmitli H\u00fcseyin H\u00fcsn\u00fc Bey, do\u011fruluk ve \u00e7al\u0131\u015fmalar\u0131yla halk\u0131n g\u00fcvenini ve sevgisini kazanm\u0131\u015f bir ki\u015fi olarak hurafelere inananlar\u0131 ayd\u0131nlatmak ve ikna etmek suretiyle camiyi tamamen y\u0131kt\u0131r\u0131p, Padi\u015fah II. Abd\u00fclhamid\u2019in tahta \u00e7\u0131k\u0131\u015f\u0131n\u0131n 25. y\u0131l\u0131 an\u0131s\u0131na Ayasofya\u2019ya benzer k\u00e2gir ve \u00e7ok kubbeli olarak yeniden yap\u0131lmas\u0131na karar vermi\u015f, halk, esnaf ve &hellip;\" \/>\n<meta property=\"og:url\" content=\"http:\/\/denizcankizil.tr\/de\/haberler\/gundem\/restorasyonu-insasindan-uzun-surdu\/\" \/>\n<meta property=\"og:site_name\" content=\"Av. Deniz Can K\u0131z\u0131l\" \/>\n<meta property=\"article:published_time\" content=\"2025-03-27T13:42:08+00:00\" \/>\n<meta name=\"author\" content=\"Antalya K\u00f6rfez\" \/>\n<meta name=\"twitter:card\" content=\"summary_large_image\" \/>\n<meta name=\"twitter:label1\" content=\"Verfasst von\" \/>\n\t<meta name=\"twitter:data1\" content=\"Antalya K\u00f6rfez\" \/>\n\t<meta name=\"twitter:label2\" content=\"Gesch\u00e4tzte Lesezeit\" \/>\n\t<meta name=\"twitter:data2\" content=\"6\u00a0Minuten\" \/>\n<script type=\"application\/ld+json\" class=\"yoast-schema-graph\">{\"@context\":\"https:\/\/schema.org\",\"@graph\":[{\"@type\":\"Article\",\"@id\":\"http:\/\/denizcankizil.tr\/de\/haberler\/gundem\/restorasyonu-insasindan-uzun-surdu\/#article\",\"isPartOf\":{\"@id\":\"http:\/\/denizcankizil.tr\/de\/haberler\/gundem\/restorasyonu-insasindan-uzun-surdu\/\"},\"author\":{\"name\":\"Antalya K\u00f6rfez\",\"@id\":\"https:\/\/denizcankizil.tr\/de\/#\/schema\/person\/e1eb71bb4dd684d46563f0af307e1234\"},\"headline\":\"Restorasyonu in\u015fas\u0131ndan uzun s\u00fcrd\u00fc\",\"datePublished\":\"2025-03-27T13:42:08+00:00\",\"mainEntityOfPage\":{\"@id\":\"http:\/\/denizcankizil.tr\/de\/haberler\/gundem\/restorasyonu-insasindan-uzun-surdu\/\"},\"wordCount\":1127,\"publisher\":{\"@id\":\"https:\/\/denizcankizil.tr\/de\/#organization\"},\"articleSection\":[\"G\u00fcndem\"],\"inLanguage\":\"de\"},{\"@type\":\"WebPage\",\"@id\":\"http:\/\/denizcankizil.tr\/de\/haberler\/gundem\/restorasyonu-insasindan-uzun-surdu\/\",\"url\":\"http:\/\/denizcankizil.tr\/de\/haberler\/gundem\/restorasyonu-insasindan-uzun-surdu\/\",\"name\":\"Restorasyonu in\u015fas\u0131ndan uzun s\u00fcrd\u00fc - Av. Deniz Can K\u0131z\u0131l\",\"isPartOf\":{\"@id\":\"https:\/\/denizcankizil.tr\/de\/#website\"},\"datePublished\":\"2025-03-27T13:42:08+00:00\",\"breadcrumb\":{\"@id\":\"http:\/\/denizcankizil.tr\/de\/haberler\/gundem\/restorasyonu-insasindan-uzun-surdu\/#breadcrumb\"},\"inLanguage\":\"de\",\"potentialAction\":[{\"@type\":\"ReadAction\",\"target\":[\"http:\/\/denizcankizil.tr\/de\/haberler\/gundem\/restorasyonu-insasindan-uzun-surdu\/\"]}]},{\"@type\":\"BreadcrumbList\",\"@id\":\"http:\/\/denizcankizil.tr\/de\/haberler\/gundem\/restorasyonu-insasindan-uzun-surdu\/#breadcrumb\",\"itemListElement\":[{\"@type\":\"ListItem\",\"position\":1,\"name\":\"Home\",\"item\":\"https:\/\/denizcankizil.tr\/de\/\"},{\"@type\":\"ListItem\",\"position\":2,\"name\":\"Restorasyonu in\u015fas\u0131ndan uzun s\u00fcrd\u00fc\"}]},{\"@type\":\"WebSite\",\"@id\":\"https:\/\/denizcankizil.tr\/de\/#website\",\"url\":\"https:\/\/denizcankizil.tr\/de\/\",\"name\":\"Av. Deniz Can K\u0131z\u0131l\",\"description\":\"Avukat Deniz Can K\u0131z\u0131l Antalya Barosu\",\"publisher\":{\"@id\":\"https:\/\/denizcankizil.tr\/de\/#organization\"},\"potentialAction\":[{\"@type\":\"SearchAction\",\"target\":{\"@type\":\"EntryPoint\",\"urlTemplate\":\"https:\/\/denizcankizil.tr\/de\/?s={search_term_string}\"},\"query-input\":{\"@type\":\"PropertyValueSpecification\",\"valueRequired\":true,\"valueName\":\"search_term_string\"}}],\"inLanguage\":\"de\"},{\"@type\":\"Organization\",\"@id\":\"https:\/\/denizcankizil.tr\/de\/#organization\",\"name\":\"Av. Deniz Can K\u0131z\u0131l\",\"url\":\"https:\/\/denizcankizil.tr\/de\/\",\"logo\":{\"@type\":\"ImageObject\",\"inLanguage\":\"de\",\"@id\":\"https:\/\/denizcankizil.tr\/de\/#\/schema\/logo\/image\/\",\"url\":\"http:\/\/denizcankizil.tr\/wp-content\/uploads\/2024\/10\/siyah-logo-svg.svg\",\"contentUrl\":\"http:\/\/denizcankizil.tr\/wp-content\/uploads\/2024\/10\/siyah-logo-svg.svg\",\"width\":1080,\"height\":1080,\"caption\":\"Av. Deniz Can K\u0131z\u0131l\"},\"image\":{\"@id\":\"https:\/\/denizcankizil.tr\/de\/#\/schema\/logo\/image\/\"}},{\"@type\":\"Person\",\"@id\":\"https:\/\/denizcankizil.tr\/de\/#\/schema\/person\/e1eb71bb4dd684d46563f0af307e1234\",\"name\":\"Antalya K\u00f6rfez\",\"image\":{\"@type\":\"ImageObject\",\"inLanguage\":\"de\",\"@id\":\"https:\/\/denizcankizil.tr\/de\/#\/schema\/person\/image\/\",\"url\":\"https:\/\/secure.gravatar.com\/avatar\/42b01982558a48a0b501fdcab6a408d3717ea5919095ee2e67b0e521799c5905?s=96&d=mm&r=g\",\"contentUrl\":\"https:\/\/secure.gravatar.com\/avatar\/42b01982558a48a0b501fdcab6a408d3717ea5919095ee2e67b0e521799c5905?s=96&d=mm&r=g\",\"caption\":\"Antalya K\u00f6rfez\"},\"sameAs\":[\"http:\/\/www.antalyakorfez.com\"],\"url\":\"https:\/\/www.antalyakorfez.com\/restorasyonu-insasindan-uzun-surdu\"}]}<\/script>\n<!-- \/ Yoast SEO Premium plugin. -->","yoast_head_json":{"title":"Restorasyonu in\u015fas\u0131ndan uzun s\u00fcrd\u00fc - Av. Deniz Can K\u0131z\u0131l","robots":{"index":"index","follow":"follow","max-snippet":"max-snippet:-1","max-image-preview":"max-image-preview:large","max-video-preview":"max-video-preview:-1"},"canonical":"http:\/\/denizcankizil.tr\/de\/haberler\/gundem\/restorasyonu-insasindan-uzun-surdu\/","og_locale":"de_DE","og_type":"article","og_title":"Restorasyonu in\u015fas\u0131ndan uzun s\u00fcrd\u00fc","og_description":"Tarihi kaynaklara g\u00f6re yap\u0131m\u0131 Sel\u00e7uklu d\u00f6nemine kadar uzanan Isparta\u2019daki Kutlu Bey Camii, halk aras\u0131nda Ulu Cami ad\u0131yla an\u0131l\u0131yor. Sel\u00e7uklu d\u00f6neminde in\u015fa edildi\u011fi d\u00fc\u015f\u00fcn\u00fclen caminin yerinde, Osmanl\u0131 d\u00f6neminde E\u011firdir Valisi olan Kutlu Bey taraf\u0131ndan 1429 y\u0131l\u0131nda yeniden in\u015fa edilen cami, kentin g\u00fcneyindeki Sidre Da\u011f\u0131\u2019ndan getirilen sedir a\u011fa\u00e7lar\u0131ndan elde edilen ah\u015fap direklerin \u00fczerinde y\u00fckselmi\u015f. K\u0131rma \u00e7at\u0131l\u0131 olarak in\u015fa edilen cami, kadir geceleri ve kutsal g\u00fcnlerde halk aras\u0131nda yo\u011fun ra\u011fbet edilen bir dini mek\u00e2na d\u00f6n\u00fc\u015fm\u00fc\u015f.\u00a0 1899\u2019DA YIKILARAK YEN\u0130DEN \u0130N\u015eA ED\u0130LD\u0130 Isparta Tarihi\u2019nin yazar\u0131 B\u00f6c\u00fczade S\u00fcleyman Sami, halk\u0131n Kutlu Bey Camii\u2019ndeki b\u00fcy\u00fck Vav harfinin alt\u0131nda evliyalar\u0131n topland\u0131\u011f\u0131na ve birlikte Hicaza gittiklerine inand\u0131\u011f\u0131 i\u00e7in burada dua ettiklerini aktar\u0131yor. Y\u00fczlerce y\u0131l ayakta kalan Kutlu Bey Camii\u2019nde 19. y\u00fczy\u0131l\u0131n sonlar\u0131nda onar\u0131m yap\u0131lmas\u0131 g\u00fcndeme geldi. O d\u00f6nem Isparta Belediye Reisi olan B\u00f6c\u00fczade, 1899 y\u0131l\u0131nda caminin mihrap taraf\u0131ndaki ah\u015fap direklerin yenilenmesi i\u00e7in ba\u015flat\u0131lan onar\u0131m\u0131n, caminin y\u0131k\u0131lmas\u0131na kadar gitti\u011fini aktar\u0131yor: YAPIMI 2 YIL S\u00dcRD\u00dc, 1904 RAMAZAN\u2019INDA \u0130BADETE A\u00c7ILDI \u201cBu s\u0131rada Isparta Mutasarr\u0131f\u0131 bulunan \u0130zmitli H\u00fcseyin H\u00fcsn\u00fc Bey, do\u011fruluk ve \u00e7al\u0131\u015fmalar\u0131yla halk\u0131n g\u00fcvenini ve sevgisini kazanm\u0131\u015f bir ki\u015fi olarak hurafelere inananlar\u0131 ayd\u0131nlatmak ve ikna etmek suretiyle camiyi tamamen y\u0131kt\u0131r\u0131p, Padi\u015fah II. Abd\u00fclhamid\u2019in tahta \u00e7\u0131k\u0131\u015f\u0131n\u0131n 25. y\u0131l\u0131 an\u0131s\u0131na Ayasofya\u2019ya benzer k\u00e2gir ve \u00e7ok kubbeli olarak yeniden yap\u0131lmas\u0131na karar vermi\u015f, halk, esnaf ve &hellip;","og_url":"http:\/\/denizcankizil.tr\/de\/haberler\/gundem\/restorasyonu-insasindan-uzun-surdu\/","og_site_name":"Av. Deniz Can K\u0131z\u0131l","article_published_time":"2025-03-27T13:42:08+00:00","author":"Antalya K\u00f6rfez","twitter_card":"summary_large_image","twitter_misc":{"Verfasst von":"Antalya K\u00f6rfez","Gesch\u00e4tzte Lesezeit":"6\u00a0Minuten"},"schema":{"@context":"https:\/\/schema.org","@graph":[{"@type":"Article","@id":"http:\/\/denizcankizil.tr\/de\/haberler\/gundem\/restorasyonu-insasindan-uzun-surdu\/#article","isPartOf":{"@id":"http:\/\/denizcankizil.tr\/de\/haberler\/gundem\/restorasyonu-insasindan-uzun-surdu\/"},"author":{"name":"Antalya K\u00f6rfez","@id":"https:\/\/denizcankizil.tr\/de\/#\/schema\/person\/e1eb71bb4dd684d46563f0af307e1234"},"headline":"Restorasyonu in\u015fas\u0131ndan uzun s\u00fcrd\u00fc","datePublished":"2025-03-27T13:42:08+00:00","mainEntityOfPage":{"@id":"http:\/\/denizcankizil.tr\/de\/haberler\/gundem\/restorasyonu-insasindan-uzun-surdu\/"},"wordCount":1127,"publisher":{"@id":"https:\/\/denizcankizil.tr\/de\/#organization"},"articleSection":["G\u00fcndem"],"inLanguage":"de"},{"@type":"WebPage","@id":"http:\/\/denizcankizil.tr\/de\/haberler\/gundem\/restorasyonu-insasindan-uzun-surdu\/","url":"http:\/\/denizcankizil.tr\/de\/haberler\/gundem\/restorasyonu-insasindan-uzun-surdu\/","name":"Restorasyonu in\u015fas\u0131ndan uzun s\u00fcrd\u00fc - Av. Deniz Can K\u0131z\u0131l","isPartOf":{"@id":"https:\/\/denizcankizil.tr\/de\/#website"},"datePublished":"2025-03-27T13:42:08+00:00","breadcrumb":{"@id":"http:\/\/denizcankizil.tr\/de\/haberler\/gundem\/restorasyonu-insasindan-uzun-surdu\/#breadcrumb"},"inLanguage":"de","potentialAction":[{"@type":"ReadAction","target":["http:\/\/denizcankizil.tr\/de\/haberler\/gundem\/restorasyonu-insasindan-uzun-surdu\/"]}]},{"@type":"BreadcrumbList","@id":"http:\/\/denizcankizil.tr\/de\/haberler\/gundem\/restorasyonu-insasindan-uzun-surdu\/#breadcrumb","itemListElement":[{"@type":"ListItem","position":1,"name":"Home","item":"https:\/\/denizcankizil.tr\/de\/"},{"@type":"ListItem","position":2,"name":"Restorasyonu in\u015fas\u0131ndan uzun s\u00fcrd\u00fc"}]},{"@type":"WebSite","@id":"https:\/\/denizcankizil.tr\/de\/#website","url":"https:\/\/denizcankizil.tr\/de\/","name":"Av. Deniz Can K\u0131z\u0131l","description":"Avukat Deniz Can K\u0131z\u0131l Antalya Barosu","publisher":{"@id":"https:\/\/denizcankizil.tr\/de\/#organization"},"potentialAction":[{"@type":"SearchAction","target":{"@type":"EntryPoint","urlTemplate":"https:\/\/denizcankizil.tr\/de\/?s={search_term_string}"},"query-input":{"@type":"PropertyValueSpecification","valueRequired":true,"valueName":"search_term_string"}}],"inLanguage":"de"},{"@type":"Organization","@id":"https:\/\/denizcankizil.tr\/de\/#organization","name":"Av. Deniz Can K\u0131z\u0131l","url":"https:\/\/denizcankizil.tr\/de\/","logo":{"@type":"ImageObject","inLanguage":"de","@id":"https:\/\/denizcankizil.tr\/de\/#\/schema\/logo\/image\/","url":"http:\/\/denizcankizil.tr\/wp-content\/uploads\/2024\/10\/siyah-logo-svg.svg","contentUrl":"http:\/\/denizcankizil.tr\/wp-content\/uploads\/2024\/10\/siyah-logo-svg.svg","width":1080,"height":1080,"caption":"Av. Deniz Can K\u0131z\u0131l"},"image":{"@id":"https:\/\/denizcankizil.tr\/de\/#\/schema\/logo\/image\/"}},{"@type":"Person","@id":"https:\/\/denizcankizil.tr\/de\/#\/schema\/person\/e1eb71bb4dd684d46563f0af307e1234","name":"Antalya K\u00f6rfez","image":{"@type":"ImageObject","inLanguage":"de","@id":"https:\/\/denizcankizil.tr\/de\/#\/schema\/person\/image\/","url":"https:\/\/secure.gravatar.com\/avatar\/42b01982558a48a0b501fdcab6a408d3717ea5919095ee2e67b0e521799c5905?s=96&d=mm&r=g","contentUrl":"https:\/\/secure.gravatar.com\/avatar\/42b01982558a48a0b501fdcab6a408d3717ea5919095ee2e67b0e521799c5905?s=96&d=mm&r=g","caption":"Antalya K\u00f6rfez"},"sameAs":["http:\/\/www.antalyakorfez.com"],"url":"https:\/\/www.antalyakorfez.com\/restorasyonu-insasindan-uzun-surdu"}]}},"_links":{"self":[{"href":"http:\/\/denizcankizil.tr\/de\/wp-json\/wp\/v2\/posts\/37396","targetHints":{"allow":["GET"]}}],"collection":[{"href":"http:\/\/denizcankizil.tr\/de\/wp-json\/wp\/v2\/posts"}],"about":[{"href":"http:\/\/denizcankizil.tr\/de\/wp-json\/wp\/v2\/types\/post"}],"author":[{"embeddable":true,"href":"http:\/\/denizcankizil.tr\/de\/wp-json\/wp\/v2\/users\/5"}],"replies":[{"embeddable":true,"href":"http:\/\/denizcankizil.tr\/de\/wp-json\/wp\/v2\/comments?post=37396"}],"version-history":[{"count":0,"href":"http:\/\/denizcankizil.tr\/de\/wp-json\/wp\/v2\/posts\/37396\/revisions"}],"wp:attachment":[{"href":"http:\/\/denizcankizil.tr\/de\/wp-json\/wp\/v2\/media?parent=37396"}],"wp:term":[{"taxonomy":"category","embeddable":true,"href":"http:\/\/denizcankizil.tr\/de\/wp-json\/wp\/v2\/categories?post=37396"},{"taxonomy":"post_tag","embeddable":true,"href":"http:\/\/denizcankizil.tr\/de\/wp-json\/wp\/v2\/tags?post=37396"}],"curies":[{"name":"wp","href":"https:\/\/api.w.org\/{rel}","templated":true}]}}