{"id":37074,"date":"2025-03-26T10:42:05","date_gmt":"2025-03-26T07:42:05","guid":{"rendered":"https:\/\/denizcankizil.tr\/uncategorized-tr\/kuzeybatida-toz-tasinimina-dikkat\/"},"modified":"2025-03-26T10:42:05","modified_gmt":"2025-03-26T07:42:05","slug":"kuzeybatida-toz-tasinimina-dikkat","status":"publish","type":"post","link":"http:\/\/denizcankizil.tr\/de\/haberler\/gundem\/kuzeybatida-toz-tasinimina-dikkat\/","title":{"rendered":"Kuzeybat\u0131da toz ta\u015f\u0131n\u0131m\u0131na dikkat!"},"content":{"rendered":"<p>Meteoroloji&#8217;nin tahminine g\u00f6re, T\u00fcrkiye&#8217;nin kuzey ve i\u00e7 kesimleri bulutlu, Karadeniz&#8217;in baz\u0131 b\u00f6lgelerinde ya\u011fmur bekleniyor. Hava s\u0131cakl\u0131klar\u0131 do\u011fuda artacak.  Kuzeybat\u0131 kesimlerinde toz ta\u015f\u0131n\u0131m\u0131, Do\u011fu Karadeniz ve Do\u011fu Anadolu&#8217;da \u00e7\u0131\u011f, i\u00e7 kesimlerde ise don tehlikesi mevcut.ANKARA (\u0130GFA) &#8211; Meteoroloji Genel M\u00fcd\u00fcrl\u00fc\u011f\u00fc 26 Mart \u00c7ar\u015famba g\u00fcn\u00fcne ili\u015fkin hava tahmin raporunu yay\u0131mlad\u0131.<br \/>\nYap\u0131lan tahminlere g\u00f6re T\u00fcrkiye&#8217;nin kuzey ve i\u00e7 kesimlerinin par\u00e7al\u0131 ve yer yer \u00e7ok bulutlu, Artvin ve Ardahan \u00e7evreleri ile Trabzon ve Rize&#8217;nin i\u00e7 kesimlerinin ya\u011fmur ve sa\u011fanak ya\u011f\u0131\u015fl\u0131, di\u011fer yerlerin az bulutlu ve a\u00e7\u0131k ge\u00e7ecek.<\/p>\n<p>Hava s\u0131cakl\u0131klar\u0131n\u0131n do\u011fu kesimlerde 3-6 derece artaca\u011f\u0131, di\u011fer yerlerde \u00f6nemli bir de\u011fi\u015fiklik beklenmiyor. R\u00fczgar\u0131n ise genellikle g\u00fcneyli, G\u00fcneydo\u011fu Anadolu&#8217;nun kuzeyli y\u00f6nlerden hafif, ara s\u0131ra orta kuvvette esmesi bekleniyor.<\/p>\n<p>Sabah ve gece saatlerinde i\u00e7 ve do\u011fu kesimlerde buzlanma ve don olay\u0131 beklenirken, kuzeybat\u0131 kesimlerde toz ta\u015f\u0131n\u0131m\u0131 olaca\u011f\u0131 tahmin ediliyor. Do\u011fu Karadeniz ile Do\u011fu Anadolu\u2019nun y\u00fcksek kar \u00f6rt\u00fcs\u00fcne sahip e\u011fimli yama\u00e7lar\u0131nda \u00e7\u0131\u011f tehlikesi bulunuyor. Olumsuzluklara kar\u015f\u0131 ilgililerin ve vatanda\u015flar\u0131m\u0131z\u0131n dikkatli ve tedbirli olmalar\u0131 istendi.<\/p>\n<p>\u200bMeteoroloji&#8217;nin tahminine g\u00f6re, T\u00fcrkiye&#8217;nin kuzey ve i\u00e7 kesimleri bulutlu, Karadeniz&#8217;in baz\u0131 b\u00f6lgelerinde ya\u011fmur bekleniyor. Hava s\u0131cakl\u0131klar\u0131 do\u011fuda artacak.  Kuzeybat\u0131 kesimlerinde toz ta\u015f\u0131n\u0131m\u0131, Do\u011fu Karadeniz ve Do\u011fu Anadolu&#8217;da \u00e7\u0131\u011f, i\u00e7 kesimlerde ise don tehlikesi mevcut.ANKARA (\u0130GFA) &#8211; Meteoroloji Genel M\u00fcd\u00fcrl\u00fc\u011f\u00fc 26 Mart \u00c7ar\u015famba g\u00fcn\u00fcne ili\u015fkin hava tahmin raporunu yay\u0131mlad\u0131.<br \/>\nYap\u0131lan tahminlere g\u00f6re T\u00fcrkiye&#8217;nin kuzey ve i\u00e7 kesimlerinin par\u00e7al\u0131 ve yer yer \u00e7ok bulutlu, Artvin ve Ardahan \u00e7evreleri ile Trabzon ve Rize&#8217;nin i\u00e7 kesimlerinin ya\u011fmur ve sa\u011fanak ya\u011f\u0131\u015fl\u0131, di\u011fer yerlerin az bulutlu ve a\u00e7\u0131k ge\u00e7ecek.<\/p>\n<p>Hava s\u0131cakl\u0131klar\u0131n\u0131n do\u011fu kesimlerde 3-6 derece artaca\u011f\u0131, di\u011fer yerlerde \u00f6nemli bir de\u011fi\u015fiklik beklenmiyor. R\u00fczgar\u0131n ise genellikle g\u00fcneyli, G\u00fcneydo\u011fu Anadolu&#8217;nun kuzeyli y\u00f6nlerden hafif, ara s\u0131ra orta kuvvette esmesi bekleniyor.<\/p>\n<p>Sabah ve gece saatlerinde i\u00e7 ve do\u011fu kesimlerde buzlanma ve don olay\u0131 beklenirken, kuzeybat\u0131 kesimlerde toz ta\u015f\u0131n\u0131m\u0131 olaca\u011f\u0131 tahmin ediliyor. Do\u011fu Karadeniz ile Do\u011fu Anadolu\u2019nun y\u00fcksek kar \u00f6rt\u00fcs\u00fcne sahip e\u011fimli yama\u00e7lar\u0131nda \u00e7\u0131\u011f tehlikesi bulunuyor. Olumsuzluklara kar\u015f\u0131 ilgililerin ve vatanda\u015flar\u0131m\u0131z\u0131n dikkatli ve tedbirli olmalar\u0131 istendi.\u00a0<\/p>\n<p>\u200bHaberin Al\u0131nt\u0131land\u0131\u011f\u0131 Kaynak: www.iskenderun.org<\/p>","protected":false},"excerpt":{"rendered":"<p>Meteoroloji&#8217;nin tahminine g\u00f6re, T\u00fcrkiye&#8217;nin kuzey ve i\u00e7 kesimleri bulutlu, Karadeniz&#8217;in baz\u0131 b\u00f6lgelerinde ya\u011fmur bekleniyor. Hava s\u0131cakl\u0131klar\u0131 do\u011fuda artacak. Kuzeybat\u0131 kesimlerinde toz ta\u015f\u0131n\u0131m\u0131, Do\u011fu Karadeniz ve Do\u011fu Anadolu&#8217;da \u00e7\u0131\u011f, i\u00e7 kesimlerde ise don tehlikesi mevcut.ANKARA (\u0130GFA) &#8211; Meteoroloji Genel M\u00fcd\u00fcrl\u00fc\u011f\u00fc 26 Mart \u00c7ar\u015famba g\u00fcn\u00fcne ili\u015fkin hava tahmin raporunu yay\u0131mlad\u0131. Yap\u0131lan tahminlere g\u00f6re T\u00fcrkiye&#8217;nin kuzey ve i\u00e7 kesimlerinin par\u00e7al\u0131 ve yer yer \u00e7ok bulutlu, Artvin ve Ardahan \u00e7evreleri ile Trabzon ve Rize&#8217;nin i\u00e7 kesimlerinin ya\u011fmur ve sa\u011fanak ya\u011f\u0131\u015fl\u0131, di\u011fer yerlerin az bulutlu ve a\u00e7\u0131k ge\u00e7ecek. Hava s\u0131cakl\u0131klar\u0131n\u0131n do\u011fu kesimlerde 3-6 derece artaca\u011f\u0131, di\u011fer yerlerde \u00f6nemli bir de\u011fi\u015fiklik beklenmiyor. R\u00fczgar\u0131n ise genellikle g\u00fcneyli, G\u00fcneydo\u011fu Anadolu&#8217;nun kuzeyli y\u00f6nlerden hafif, ara s\u0131ra orta kuvvette esmesi bekleniyor. Sabah ve gece saatlerinde i\u00e7 ve do\u011fu kesimlerde buzlanma ve don olay\u0131 beklenirken, kuzeybat\u0131 kesimlerde toz ta\u015f\u0131n\u0131m\u0131 olaca\u011f\u0131 tahmin ediliyor. Do\u011fu Karadeniz ile Do\u011fu Anadolu\u2019nun y\u00fcksek kar \u00f6rt\u00fcs\u00fcne sahip e\u011fimli yama\u00e7lar\u0131nda \u00e7\u0131\u011f tehlikesi bulunuyor. Olumsuzluklara kar\u015f\u0131 ilgililerin ve vatanda\u015flar\u0131m\u0131z\u0131n dikkatli ve tedbirli olmalar\u0131 istendi. \u200bMeteoroloji&#8217;nin tahminine g\u00f6re, T\u00fcrkiye&#8217;nin kuzey ve i\u00e7 kesimleri bulutlu, Karadeniz&#8217;in baz\u0131 b\u00f6lgelerinde ya\u011fmur bekleniyor. Hava s\u0131cakl\u0131klar\u0131 do\u011fuda artacak. Kuzeybat\u0131 kesimlerinde toz ta\u015f\u0131n\u0131m\u0131, Do\u011fu Karadeniz ve Do\u011fu Anadolu&#8217;da \u00e7\u0131\u011f, i\u00e7 kesimlerde ise don tehlikesi mevcut.ANKARA (\u0130GFA) &#8211; Meteoroloji Genel M\u00fcd\u00fcrl\u00fc\u011f\u00fc 26 Mart \u00c7ar\u015famba g\u00fcn\u00fcne ili\u015fkin hava &hellip;<\/p>","protected":false},"author":1,"featured_media":0,"comment_status":"","ping_status":"open","sticky":false,"template":"","format":"standard","meta":{"_acf_changed":false,"footnotes":""},"categories":[24],"tags":[],"class_list":["post-37074","post","type-post","status-publish","format-standard","has-post-thumbnail","hentry","category-gundem"],"acf":[],"yoast_head":"<!-- This site is optimized with the Yoast SEO Premium plugin v26.6 (Yoast SEO v27.1.1) - https:\/\/yoast.com\/product\/yoast-seo-premium-wordpress\/ -->\n<title>Kuzeybat\u0131da toz ta\u015f\u0131n\u0131m\u0131na dikkat! - Av. Deniz Can K\u0131z\u0131l<\/title>\n<meta name=\"robots\" content=\"index, follow, max-snippet:-1, max-image-preview:large, max-video-preview:-1\" \/>\n<link rel=\"canonical\" href=\"http:\/\/denizcankizil.tr\/de\/haberler\/gundem\/kuzeybatida-toz-tasinimina-dikkat\/\" \/>\n<meta property=\"og:locale\" content=\"de_DE\" \/>\n<meta property=\"og:type\" content=\"article\" \/>\n<meta property=\"og:title\" content=\"Kuzeybat\u0131da toz ta\u015f\u0131n\u0131m\u0131na dikkat!\" \/>\n<meta property=\"og:description\" content=\"Meteoroloji&#8217;nin tahminine g\u00f6re, T\u00fcrkiye&#8217;nin kuzey ve i\u00e7 kesimleri bulutlu, Karadeniz&#8217;in baz\u0131 b\u00f6lgelerinde ya\u011fmur bekleniyor. Hava s\u0131cakl\u0131klar\u0131 do\u011fuda artacak. Kuzeybat\u0131 kesimlerinde toz ta\u015f\u0131n\u0131m\u0131, Do\u011fu Karadeniz ve Do\u011fu Anadolu&#8217;da \u00e7\u0131\u011f, i\u00e7 kesimlerde ise don tehlikesi mevcut.ANKARA (\u0130GFA) &#8211; Meteoroloji Genel M\u00fcd\u00fcrl\u00fc\u011f\u00fc 26 Mart \u00c7ar\u015famba g\u00fcn\u00fcne ili\u015fkin hava tahmin raporunu yay\u0131mlad\u0131. Yap\u0131lan tahminlere g\u00f6re T\u00fcrkiye&#8217;nin kuzey ve i\u00e7 kesimlerinin par\u00e7al\u0131 ve yer yer \u00e7ok bulutlu, Artvin ve Ardahan \u00e7evreleri ile Trabzon ve Rize&#8217;nin i\u00e7 kesimlerinin ya\u011fmur ve sa\u011fanak ya\u011f\u0131\u015fl\u0131, di\u011fer yerlerin az bulutlu ve a\u00e7\u0131k ge\u00e7ecek. Hava s\u0131cakl\u0131klar\u0131n\u0131n do\u011fu kesimlerde 3-6 derece artaca\u011f\u0131, di\u011fer yerlerde \u00f6nemli bir de\u011fi\u015fiklik beklenmiyor. R\u00fczgar\u0131n ise genellikle g\u00fcneyli, G\u00fcneydo\u011fu Anadolu&#8217;nun kuzeyli y\u00f6nlerden hafif, ara s\u0131ra orta kuvvette esmesi bekleniyor. Sabah ve gece saatlerinde i\u00e7 ve do\u011fu kesimlerde buzlanma ve don olay\u0131 beklenirken, kuzeybat\u0131 kesimlerde toz ta\u015f\u0131n\u0131m\u0131 olaca\u011f\u0131 tahmin ediliyor. Do\u011fu Karadeniz ile Do\u011fu Anadolu\u2019nun y\u00fcksek kar \u00f6rt\u00fcs\u00fcne sahip e\u011fimli yama\u00e7lar\u0131nda \u00e7\u0131\u011f tehlikesi bulunuyor. Olumsuzluklara kar\u015f\u0131 ilgililerin ve vatanda\u015flar\u0131m\u0131z\u0131n dikkatli ve tedbirli olmalar\u0131 istendi. \u200bMeteoroloji&#8217;nin tahminine g\u00f6re, T\u00fcrkiye&#8217;nin kuzey ve i\u00e7 kesimleri bulutlu, Karadeniz&#8217;in baz\u0131 b\u00f6lgelerinde ya\u011fmur bekleniyor. Hava s\u0131cakl\u0131klar\u0131 do\u011fuda artacak. Kuzeybat\u0131 kesimlerinde toz ta\u015f\u0131n\u0131m\u0131, Do\u011fu Karadeniz ve Do\u011fu Anadolu&#8217;da \u00e7\u0131\u011f, i\u00e7 kesimlerde ise don tehlikesi mevcut.ANKARA (\u0130GFA) &#8211; Meteoroloji Genel M\u00fcd\u00fcrl\u00fc\u011f\u00fc 26 Mart \u00c7ar\u015famba g\u00fcn\u00fcne ili\u015fkin hava &hellip;\" \/>\n<meta property=\"og:url\" content=\"http:\/\/denizcankizil.tr\/de\/haberler\/gundem\/kuzeybatida-toz-tasinimina-dikkat\/\" \/>\n<meta property=\"og:site_name\" content=\"Av. Deniz Can K\u0131z\u0131l\" \/>\n<meta property=\"article:published_time\" content=\"2025-03-26T07:42:05+00:00\" \/>\n<meta name=\"author\" content=\"admin\" \/>\n<meta name=\"twitter:card\" content=\"summary_large_image\" \/>\n<meta name=\"twitter:label1\" content=\"Verfasst von\" \/>\n\t<meta name=\"twitter:data1\" content=\"admin\" \/>\n\t<meta name=\"twitter:label2\" content=\"Gesch\u00e4tzte Lesezeit\" \/>\n\t<meta name=\"twitter:data2\" content=\"2\u00a0Minuten\" \/>\n<script type=\"application\/ld+json\" class=\"yoast-schema-graph\">{\"@context\":\"https:\/\/schema.org\",\"@graph\":[{\"@type\":\"Article\",\"@id\":\"http:\/\/denizcankizil.tr\/de\/haberler\/gundem\/kuzeybatida-toz-tasinimina-dikkat\/#article\",\"isPartOf\":{\"@id\":\"http:\/\/denizcankizil.tr\/de\/haberler\/gundem\/kuzeybatida-toz-tasinimina-dikkat\/\"},\"author\":{\"name\":\"admin\",\"@id\":\"https:\/\/denizcankizil.tr\/#\/schema\/person\/be3c05fe6a12686905512445d8185489\"},\"headline\":\"Kuzeybat\u0131da toz ta\u015f\u0131n\u0131m\u0131na dikkat!\",\"datePublished\":\"2025-03-26T07:42:05+00:00\",\"mainEntityOfPage\":{\"@id\":\"http:\/\/denizcankizil.tr\/de\/haberler\/gundem\/kuzeybatida-toz-tasinimina-dikkat\/\"},\"wordCount\":454,\"publisher\":{\"@id\":\"https:\/\/denizcankizil.tr\/#organization\"},\"articleSection\":[\"G\u00fcndem\"],\"inLanguage\":\"de\"},{\"@type\":\"WebPage\",\"@id\":\"http:\/\/denizcankizil.tr\/de\/haberler\/gundem\/kuzeybatida-toz-tasinimina-dikkat\/\",\"url\":\"http:\/\/denizcankizil.tr\/de\/haberler\/gundem\/kuzeybatida-toz-tasinimina-dikkat\/\",\"name\":\"Kuzeybat\u0131da toz ta\u015f\u0131n\u0131m\u0131na dikkat! - Av. Deniz Can K\u0131z\u0131l\",\"isPartOf\":{\"@id\":\"https:\/\/denizcankizil.tr\/#website\"},\"datePublished\":\"2025-03-26T07:42:05+00:00\",\"breadcrumb\":{\"@id\":\"http:\/\/denizcankizil.tr\/de\/haberler\/gundem\/kuzeybatida-toz-tasinimina-dikkat\/#breadcrumb\"},\"inLanguage\":\"de\",\"potentialAction\":[{\"@type\":\"ReadAction\",\"target\":[\"http:\/\/denizcankizil.tr\/de\/haberler\/gundem\/kuzeybatida-toz-tasinimina-dikkat\/\"]}]},{\"@type\":\"BreadcrumbList\",\"@id\":\"http:\/\/denizcankizil.tr\/de\/haberler\/gundem\/kuzeybatida-toz-tasinimina-dikkat\/#breadcrumb\",\"itemListElement\":[{\"@type\":\"ListItem\",\"position\":1,\"name\":\"Home\",\"item\":\"https:\/\/denizcankizil.tr\/de\/\"},{\"@type\":\"ListItem\",\"position\":2,\"name\":\"Kuzeybat\u0131da toz ta\u015f\u0131n\u0131m\u0131na dikkat!\"}]},{\"@type\":\"WebSite\",\"@id\":\"https:\/\/denizcankizil.tr\/#website\",\"url\":\"https:\/\/denizcankizil.tr\/\",\"name\":\"Av. Deniz Can K\u0131z\u0131l\",\"description\":\"Avukat Deniz Can K\u0131z\u0131l Antalya Barosu\",\"publisher\":{\"@id\":\"https:\/\/denizcankizil.tr\/#organization\"},\"potentialAction\":[{\"@type\":\"SearchAction\",\"target\":{\"@type\":\"EntryPoint\",\"urlTemplate\":\"https:\/\/denizcankizil.tr\/?s={search_term_string}\"},\"query-input\":{\"@type\":\"PropertyValueSpecification\",\"valueRequired\":true,\"valueName\":\"search_term_string\"}}],\"inLanguage\":\"de\"},{\"@type\":\"Organization\",\"@id\":\"https:\/\/denizcankizil.tr\/#organization\",\"name\":\"Av. Deniz Can K\u0131z\u0131l\",\"url\":\"https:\/\/denizcankizil.tr\/\",\"logo\":{\"@type\":\"ImageObject\",\"inLanguage\":\"de\",\"@id\":\"https:\/\/denizcankizil.tr\/#\/schema\/logo\/image\/\",\"url\":\"http:\/\/denizcankizil.tr\/wp-content\/uploads\/2024\/10\/siyah-logo-svg.svg\",\"contentUrl\":\"http:\/\/denizcankizil.tr\/wp-content\/uploads\/2024\/10\/siyah-logo-svg.svg\",\"width\":1080,\"height\":1080,\"caption\":\"Av. Deniz Can K\u0131z\u0131l\"},\"image\":{\"@id\":\"https:\/\/denizcankizil.tr\/#\/schema\/logo\/image\/\"}},{\"@type\":\"Person\",\"@id\":\"https:\/\/denizcankizil.tr\/#\/schema\/person\/be3c05fe6a12686905512445d8185489\",\"name\":\"admin\",\"image\":{\"@type\":\"ImageObject\",\"inLanguage\":\"de\",\"@id\":\"https:\/\/denizcankizil.tr\/#\/schema\/person\/image\/\",\"url\":\"https:\/\/secure.gravatar.com\/avatar\/c1fce94c830dc79107e174f890d7210541c4a63e8e5d816341794a2151c9d58c?s=96&d=mm&r=g\",\"contentUrl\":\"https:\/\/secure.gravatar.com\/avatar\/c1fce94c830dc79107e174f890d7210541c4a63e8e5d816341794a2151c9d58c?s=96&d=mm&r=g\",\"caption\":\"admin\"},\"sameAs\":[\"http:\/\/denizcankizil.tr\"],\"url\":\"https:\/\/www.iskenderun.org\/kuzeybatida-toz-tasinimina-dikkat\"}]}<\/script>\n<!-- \/ Yoast SEO Premium plugin. -->","yoast_head_json":{"title":"Kuzeybat\u0131da toz ta\u015f\u0131n\u0131m\u0131na dikkat! - Av. Deniz Can K\u0131z\u0131l","robots":{"index":"index","follow":"follow","max-snippet":"max-snippet:-1","max-image-preview":"max-image-preview:large","max-video-preview":"max-video-preview:-1"},"canonical":"http:\/\/denizcankizil.tr\/de\/haberler\/gundem\/kuzeybatida-toz-tasinimina-dikkat\/","og_locale":"de_DE","og_type":"article","og_title":"Kuzeybat\u0131da toz ta\u015f\u0131n\u0131m\u0131na dikkat!","og_description":"Meteoroloji&#8217;nin tahminine g\u00f6re, T\u00fcrkiye&#8217;nin kuzey ve i\u00e7 kesimleri bulutlu, Karadeniz&#8217;in baz\u0131 b\u00f6lgelerinde ya\u011fmur bekleniyor. Hava s\u0131cakl\u0131klar\u0131 do\u011fuda artacak. Kuzeybat\u0131 kesimlerinde toz ta\u015f\u0131n\u0131m\u0131, Do\u011fu Karadeniz ve Do\u011fu Anadolu&#8217;da \u00e7\u0131\u011f, i\u00e7 kesimlerde ise don tehlikesi mevcut.ANKARA (\u0130GFA) &#8211; Meteoroloji Genel M\u00fcd\u00fcrl\u00fc\u011f\u00fc 26 Mart \u00c7ar\u015famba g\u00fcn\u00fcne ili\u015fkin hava tahmin raporunu yay\u0131mlad\u0131. Yap\u0131lan tahminlere g\u00f6re T\u00fcrkiye&#8217;nin kuzey ve i\u00e7 kesimlerinin par\u00e7al\u0131 ve yer yer \u00e7ok bulutlu, Artvin ve Ardahan \u00e7evreleri ile Trabzon ve Rize&#8217;nin i\u00e7 kesimlerinin ya\u011fmur ve sa\u011fanak ya\u011f\u0131\u015fl\u0131, di\u011fer yerlerin az bulutlu ve a\u00e7\u0131k ge\u00e7ecek. Hava s\u0131cakl\u0131klar\u0131n\u0131n do\u011fu kesimlerde 3-6 derece artaca\u011f\u0131, di\u011fer yerlerde \u00f6nemli bir de\u011fi\u015fiklik beklenmiyor. R\u00fczgar\u0131n ise genellikle g\u00fcneyli, G\u00fcneydo\u011fu Anadolu&#8217;nun kuzeyli y\u00f6nlerden hafif, ara s\u0131ra orta kuvvette esmesi bekleniyor. Sabah ve gece saatlerinde i\u00e7 ve do\u011fu kesimlerde buzlanma ve don olay\u0131 beklenirken, kuzeybat\u0131 kesimlerde toz ta\u015f\u0131n\u0131m\u0131 olaca\u011f\u0131 tahmin ediliyor. Do\u011fu Karadeniz ile Do\u011fu Anadolu\u2019nun y\u00fcksek kar \u00f6rt\u00fcs\u00fcne sahip e\u011fimli yama\u00e7lar\u0131nda \u00e7\u0131\u011f tehlikesi bulunuyor. Olumsuzluklara kar\u015f\u0131 ilgililerin ve vatanda\u015flar\u0131m\u0131z\u0131n dikkatli ve tedbirli olmalar\u0131 istendi. \u200bMeteoroloji&#8217;nin tahminine g\u00f6re, T\u00fcrkiye&#8217;nin kuzey ve i\u00e7 kesimleri bulutlu, Karadeniz&#8217;in baz\u0131 b\u00f6lgelerinde ya\u011fmur bekleniyor. Hava s\u0131cakl\u0131klar\u0131 do\u011fuda artacak. Kuzeybat\u0131 kesimlerinde toz ta\u015f\u0131n\u0131m\u0131, Do\u011fu Karadeniz ve Do\u011fu Anadolu&#8217;da \u00e7\u0131\u011f, i\u00e7 kesimlerde ise don tehlikesi mevcut.ANKARA (\u0130GFA) &#8211; Meteoroloji Genel M\u00fcd\u00fcrl\u00fc\u011f\u00fc 26 Mart \u00c7ar\u015famba g\u00fcn\u00fcne ili\u015fkin hava &hellip;","og_url":"http:\/\/denizcankizil.tr\/de\/haberler\/gundem\/kuzeybatida-toz-tasinimina-dikkat\/","og_site_name":"Av. Deniz Can K\u0131z\u0131l","article_published_time":"2025-03-26T07:42:05+00:00","author":"admin","twitter_card":"summary_large_image","twitter_misc":{"Verfasst von":"admin","Gesch\u00e4tzte Lesezeit":"2\u00a0Minuten"},"schema":{"@context":"https:\/\/schema.org","@graph":[{"@type":"Article","@id":"http:\/\/denizcankizil.tr\/de\/haberler\/gundem\/kuzeybatida-toz-tasinimina-dikkat\/#article","isPartOf":{"@id":"http:\/\/denizcankizil.tr\/de\/haberler\/gundem\/kuzeybatida-toz-tasinimina-dikkat\/"},"author":{"name":"admin","@id":"https:\/\/denizcankizil.tr\/#\/schema\/person\/be3c05fe6a12686905512445d8185489"},"headline":"Kuzeybat\u0131da toz ta\u015f\u0131n\u0131m\u0131na dikkat!","datePublished":"2025-03-26T07:42:05+00:00","mainEntityOfPage":{"@id":"http:\/\/denizcankizil.tr\/de\/haberler\/gundem\/kuzeybatida-toz-tasinimina-dikkat\/"},"wordCount":454,"publisher":{"@id":"https:\/\/denizcankizil.tr\/#organization"},"articleSection":["G\u00fcndem"],"inLanguage":"de"},{"@type":"WebPage","@id":"http:\/\/denizcankizil.tr\/de\/haberler\/gundem\/kuzeybatida-toz-tasinimina-dikkat\/","url":"http:\/\/denizcankizil.tr\/de\/haberler\/gundem\/kuzeybatida-toz-tasinimina-dikkat\/","name":"Kuzeybat\u0131da toz ta\u015f\u0131n\u0131m\u0131na dikkat! - Av. Deniz Can K\u0131z\u0131l","isPartOf":{"@id":"https:\/\/denizcankizil.tr\/#website"},"datePublished":"2025-03-26T07:42:05+00:00","breadcrumb":{"@id":"http:\/\/denizcankizil.tr\/de\/haberler\/gundem\/kuzeybatida-toz-tasinimina-dikkat\/#breadcrumb"},"inLanguage":"de","potentialAction":[{"@type":"ReadAction","target":["http:\/\/denizcankizil.tr\/de\/haberler\/gundem\/kuzeybatida-toz-tasinimina-dikkat\/"]}]},{"@type":"BreadcrumbList","@id":"http:\/\/denizcankizil.tr\/de\/haberler\/gundem\/kuzeybatida-toz-tasinimina-dikkat\/#breadcrumb","itemListElement":[{"@type":"ListItem","position":1,"name":"Home","item":"https:\/\/denizcankizil.tr\/de\/"},{"@type":"ListItem","position":2,"name":"Kuzeybat\u0131da toz ta\u015f\u0131n\u0131m\u0131na dikkat!"}]},{"@type":"WebSite","@id":"https:\/\/denizcankizil.tr\/#website","url":"https:\/\/denizcankizil.tr\/","name":"Av. Deniz Can K\u0131z\u0131l","description":"Avukat Deniz Can K\u0131z\u0131l Antalya Barosu","publisher":{"@id":"https:\/\/denizcankizil.tr\/#organization"},"potentialAction":[{"@type":"SearchAction","target":{"@type":"EntryPoint","urlTemplate":"https:\/\/denizcankizil.tr\/?s={search_term_string}"},"query-input":{"@type":"PropertyValueSpecification","valueRequired":true,"valueName":"search_term_string"}}],"inLanguage":"de"},{"@type":"Organization","@id":"https:\/\/denizcankizil.tr\/#organization","name":"Av. Deniz Can K\u0131z\u0131l","url":"https:\/\/denizcankizil.tr\/","logo":{"@type":"ImageObject","inLanguage":"de","@id":"https:\/\/denizcankizil.tr\/#\/schema\/logo\/image\/","url":"http:\/\/denizcankizil.tr\/wp-content\/uploads\/2024\/10\/siyah-logo-svg.svg","contentUrl":"http:\/\/denizcankizil.tr\/wp-content\/uploads\/2024\/10\/siyah-logo-svg.svg","width":1080,"height":1080,"caption":"Av. Deniz Can K\u0131z\u0131l"},"image":{"@id":"https:\/\/denizcankizil.tr\/#\/schema\/logo\/image\/"}},{"@type":"Person","@id":"https:\/\/denizcankizil.tr\/#\/schema\/person\/be3c05fe6a12686905512445d8185489","name":"Administrator","image":{"@type":"ImageObject","inLanguage":"de","@id":"https:\/\/denizcankizil.tr\/#\/schema\/person\/image\/","url":"https:\/\/secure.gravatar.com\/avatar\/c1fce94c830dc79107e174f890d7210541c4a63e8e5d816341794a2151c9d58c?s=96&d=mm&r=g","contentUrl":"https:\/\/secure.gravatar.com\/avatar\/c1fce94c830dc79107e174f890d7210541c4a63e8e5d816341794a2151c9d58c?s=96&d=mm&r=g","caption":"admin"},"sameAs":["http:\/\/denizcankizil.tr"],"url":"https:\/\/www.iskenderun.org\/kuzeybatida-toz-tasinimina-dikkat"}]}},"_links":{"self":[{"href":"http:\/\/denizcankizil.tr\/de\/wp-json\/wp\/v2\/posts\/37074","targetHints":{"allow":["GET"]}}],"collection":[{"href":"http:\/\/denizcankizil.tr\/de\/wp-json\/wp\/v2\/posts"}],"about":[{"href":"http:\/\/denizcankizil.tr\/de\/wp-json\/wp\/v2\/types\/post"}],"author":[{"embeddable":true,"href":"http:\/\/denizcankizil.tr\/de\/wp-json\/wp\/v2\/users\/1"}],"replies":[{"embeddable":true,"href":"http:\/\/denizcankizil.tr\/de\/wp-json\/wp\/v2\/comments?post=37074"}],"version-history":[{"count":0,"href":"http:\/\/denizcankizil.tr\/de\/wp-json\/wp\/v2\/posts\/37074\/revisions"}],"wp:attachment":[{"href":"http:\/\/denizcankizil.tr\/de\/wp-json\/wp\/v2\/media?parent=37074"}],"wp:term":[{"taxonomy":"category","embeddable":true,"href":"http:\/\/denizcankizil.tr\/de\/wp-json\/wp\/v2\/categories?post=37074"},{"taxonomy":"post_tag","embeddable":true,"href":"http:\/\/denizcankizil.tr\/de\/wp-json\/wp\/v2\/tags?post=37074"}],"curies":[{"name":"wp","href":"https:\/\/api.w.org\/{rel}","templated":true}]}}