{"id":36748,"date":"2025-03-24T12:41:25","date_gmt":"2025-03-24T09:41:25","guid":{"rendered":"https:\/\/denizcankizil.tr\/uncategorized-tr\/olimpos-safrani-kacakcilarin-hedefinde\/"},"modified":"2025-03-24T12:41:25","modified_gmt":"2025-03-24T09:41:25","slug":"olimpos-safrani-kacakcilarin-hedefinde","status":"publish","type":"post","link":"http:\/\/denizcankizil.tr\/de\/haberler\/antalya\/olimpos-safrani-kacakcilarin-hedefinde\/","title":{"rendered":"Olimpos safran\u0131 ka\u00e7ak\u00e7\u0131lar\u0131n hedefinde"},"content":{"rendered":"<p>Kentte endemik bir t\u00fcr olarak yeti\u015fen Olimpos safran\u0131, biyoka\u00e7ak\u00e7\u0131lar taraf\u0131ndan hedef al\u0131n\u0131yor. A\u00dc E\u011fitim Fak\u00fcltesi \u00d6\u011fretim \u00dcyesi ve Antalya Orkidelerini ve Biyolojik \u00c7e\u015fitlili\u011fi Koruma Derne\u011fi (ANTOK) Ba\u015fkan\u0131 Prof. Dr. G\u00f6khan Deniz, bitkinin yaln\u0131zca Olimpos Beyda\u011flar\u0131 Milli Park\u0131&#8217;nda yeti\u015fti\u011fini belirterek, korunmas\u0131 gerekti\u011fini vurgulad\u0131. Prof. Dr. G\u00f6khan Deniz, Olimpos safran\u0131n\u0131n d\u00fcnya \u00fczerinde sadece Beyda\u011flar\u0131 Sahil Milli Park\u0131&#8217;nda g\u00f6r\u00fclen \u00e7ok lokal bir t\u00fcr oldu\u011funu belirtti. Toprak alt\u0131nda yumrulu rizomu bulunan bu endemik bitkinin, sonbahar d\u00f6neminde \u00e7i\u00e7ek a\u00e7t\u0131\u011f\u0131n\u0131 ve ilkbaharda meyve verdi\u011fini s\u00f6yleyen Prof. Dr. Deniz, &#8220;Bu bitki, g\u00f6steri\u015fli \u00e7i\u00e7ekleri nedeniyle ka\u00e7ak\u00e7\u0131lar taraf\u0131ndan hedef al\u0131n\u0131yor. Olimpos safran\u0131, biyoka\u00e7ak\u00e7\u0131lar taraf\u0131ndan topraktan s\u00f6k\u00fclerek yurt d\u0131\u015f\u0131ndaki koleksiyonerlere sat\u0131l\u0131yor&#8221; dedi.<\/p>\n<p>Prof. Dr. Deniz, endemik t\u00fcrlerin korunmas\u0131 gerekti\u011fini belirterek, Olimpos safran\u0131n\u0131n da biyoka\u00e7ak\u00e7\u0131lar i\u00e7in \u00f6nemli hedef oldu\u011funu s\u00f6yledi. T\u00fcrkiye&#8217;de yaln\u0131zca belirli hassas ekosistemlerde yeti\u015febilen bitkilerin do\u011fadan izinsiz toplanmas\u0131n\u0131n yasalarla engellendi\u011fini ifade eden Deniz, biyoka\u00e7ak\u00e7\u0131l\u0131\u011f\u0131n \u00f6nlenmesi i\u00e7in \u00e7al\u0131\u015fmalar yap\u0131ld\u0131\u011f\u0131n\u0131 kaydetti. Prof. Dr. Deniz, &#8220;Biz do\u011faseverler olarak bu t\u00fcrleri farkl\u0131 ortamlarda yeti\u015ftirmek istesek bile, ekolojik ko\u015fullar nedeniyle bu m\u00fcmk\u00fcn olmuyor. Olimpos safran\u0131 da sadece belirli iklim ve topografya \u015fartlar\u0131nda varl\u0131\u011f\u0131n\u0131 s\u00fcrd\u00fcrebiliyor. Fakat biyoka\u00e7ak\u00e7\u0131l\u0131kta bu bitki t\u00fcr\u00fc, \u00f6nemli bir hedef haline gelmi\u015f durumda&#8221; diye konu\u015ftu.<\/p>\n<p>TEK YUMRU 20 STERL\u0130N<\/p>\n<p>Biyoka\u00e7ak\u00e7\u0131l\u0131k yapan ki\u015filerin, Olimpos safran\u0131n\u0131 yurt d\u0131\u015f\u0131ndaki \u00e7i\u00e7ek koleksiyonerlerine satt\u0131\u011f\u0131n\u0131 belirten Prof. Dr. Deniz, &#8220;Ge\u00e7mi\u015fte bir tane yumrunun 20 sterline yani yakla\u015f\u0131k 900 TL&#8217;ye sat\u0131ld\u0131\u011f\u0131n\u0131 biliyoruz. \u015eu anda bu ka\u00e7ak\u00e7\u0131l\u0131k b\u00fcy\u00fck \u00f6l\u00e7\u00fcde durduruldu ancak tehdit hala devam ediyor&#8221; dedi.<\/p>\n<p>Biyoka\u00e7ak\u00e7\u0131l\u0131\u011f\u0131n \u00f6nlenmesi i\u00e7in Tar\u0131m ve Orman Bakanl\u0131\u011f\u0131, Antalya Orman B\u00f6lge M\u00fcd\u00fcrl\u00fc\u011f\u00fc ve milli park yetkililerinin \u00e7al\u0131\u015fmalar y\u00fcr\u00fctt\u00fc\u011f\u00fcn\u00fc belirten Prof. Dr. Deniz, &#8220;Bu t\u00fcrlerin do\u011fadan al\u0131narak ticarete konu edilmesi ekosisteme b\u00fcy\u00fck zarar veriyor. Genetik miras\u0131m\u0131z\u0131 korumak i\u00e7in hepimizin bilin\u00e7li olmas\u0131 gerekiyor&#8221; diye konu\u015ftu.<\/p>\n<p>Olimpos safran\u0131n\u0131 koparman\u0131n cezas\u0131n\u0131n ise 557 bin 212 TL oldu\u011fu bildirildi.<\/p>\n<p>Kaynak: www.kanalv.com.tr Haber Sitesinden Al\u0131nm\u0131\u015ft\u0131r.<\/p>","protected":false},"excerpt":{"rendered":"<p>Kentte endemik bir t\u00fcr olarak yeti\u015fen Olimpos safran\u0131, biyoka\u00e7ak\u00e7\u0131lar taraf\u0131ndan hedef al\u0131n\u0131yor. A\u00dc E\u011fitim Fak\u00fcltesi \u00d6\u011fretim \u00dcyesi ve Antalya Orkidelerini ve Biyolojik \u00c7e\u015fitlili\u011fi Koruma Derne\u011fi (ANTOK) Ba\u015fkan\u0131 Prof. Dr. G\u00f6khan Deniz, bitkinin yaln\u0131zca Olimpos Beyda\u011flar\u0131 Milli Park\u0131&#8217;nda yeti\u015fti\u011fini belirterek, korunmas\u0131 gerekti\u011fini vurgulad\u0131. Prof. Dr. G\u00f6khan Deniz, Olimpos safran\u0131n\u0131n d\u00fcnya \u00fczerinde sadece Beyda\u011flar\u0131 Sahil Milli Park\u0131&#8217;nda g\u00f6r\u00fclen \u00e7ok lokal bir t\u00fcr oldu\u011funu belirtti. Toprak alt\u0131nda yumrulu rizomu bulunan bu endemik bitkinin, sonbahar d\u00f6neminde \u00e7i\u00e7ek a\u00e7t\u0131\u011f\u0131n\u0131 ve ilkbaharda meyve verdi\u011fini s\u00f6yleyen Prof. Dr. Deniz, &#8220;Bu bitki, g\u00f6steri\u015fli \u00e7i\u00e7ekleri nedeniyle ka\u00e7ak\u00e7\u0131lar taraf\u0131ndan hedef al\u0131n\u0131yor. Olimpos safran\u0131, biyoka\u00e7ak\u00e7\u0131lar taraf\u0131ndan topraktan s\u00f6k\u00fclerek yurt d\u0131\u015f\u0131ndaki koleksiyonerlere sat\u0131l\u0131yor&#8221; dedi. Prof. Dr. Deniz, endemik t\u00fcrlerin korunmas\u0131 gerekti\u011fini belirterek, Olimpos safran\u0131n\u0131n da biyoka\u00e7ak\u00e7\u0131lar i\u00e7in \u00f6nemli hedef oldu\u011funu s\u00f6yledi. T\u00fcrkiye&#8217;de yaln\u0131zca belirli hassas ekosistemlerde yeti\u015febilen bitkilerin do\u011fadan izinsiz toplanmas\u0131n\u0131n yasalarla engellendi\u011fini ifade eden Deniz, biyoka\u00e7ak\u00e7\u0131l\u0131\u011f\u0131n \u00f6nlenmesi i\u00e7in \u00e7al\u0131\u015fmalar yap\u0131ld\u0131\u011f\u0131n\u0131 kaydetti. Prof. Dr. Deniz, &#8220;Biz do\u011faseverler olarak bu t\u00fcrleri farkl\u0131 ortamlarda yeti\u015ftirmek istesek bile, ekolojik ko\u015fullar nedeniyle bu m\u00fcmk\u00fcn olmuyor. Olimpos safran\u0131 da sadece belirli iklim ve topografya \u015fartlar\u0131nda varl\u0131\u011f\u0131n\u0131 s\u00fcrd\u00fcrebiliyor. Fakat biyoka\u00e7ak\u00e7\u0131l\u0131kta bu bitki t\u00fcr\u00fc, \u00f6nemli bir hedef haline gelmi\u015f durumda&#8221; diye konu\u015ftu. TEK YUMRU 20 STERL\u0130N Biyoka\u00e7ak\u00e7\u0131l\u0131k yapan ki\u015filerin, Olimpos safran\u0131n\u0131 yurt d\u0131\u015f\u0131ndaki \u00e7i\u00e7ek koleksiyonerlerine satt\u0131\u011f\u0131n\u0131 belirten Prof. Dr. &hellip;<\/p>","protected":false},"author":4,"featured_media":36749,"comment_status":"","ping_status":"open","sticky":false,"template":"","format":"standard","meta":{"_acf_changed":false,"footnotes":""},"categories":[26],"tags":[],"class_list":["post-36748","post","type-post","status-publish","format-standard","has-post-thumbnail","hentry","category-antalya"],"acf":[],"yoast_head":"<!-- This site is optimized with the Yoast SEO Premium plugin v26.6 (Yoast SEO v27.1.1) - https:\/\/yoast.com\/product\/yoast-seo-premium-wordpress\/ -->\n<title>Olimpos safran\u0131 ka\u00e7ak\u00e7\u0131lar\u0131n hedefinde - Av. Deniz Can K\u0131z\u0131l<\/title>\n<meta name=\"robots\" content=\"index, follow, max-snippet:-1, max-image-preview:large, max-video-preview:-1\" \/>\n<link rel=\"canonical\" href=\"http:\/\/denizcankizil.tr\/de\/haberler\/antalya\/olimpos-safrani-kacakcilarin-hedefinde\/\" \/>\n<meta property=\"og:locale\" content=\"de_DE\" \/>\n<meta property=\"og:type\" content=\"article\" \/>\n<meta property=\"og:title\" content=\"Olimpos safran\u0131 ka\u00e7ak\u00e7\u0131lar\u0131n hedefinde\" \/>\n<meta property=\"og:description\" content=\"Kentte endemik bir t\u00fcr olarak yeti\u015fen Olimpos safran\u0131, biyoka\u00e7ak\u00e7\u0131lar taraf\u0131ndan hedef al\u0131n\u0131yor. A\u00dc E\u011fitim Fak\u00fcltesi \u00d6\u011fretim \u00dcyesi ve Antalya Orkidelerini ve Biyolojik \u00c7e\u015fitlili\u011fi Koruma Derne\u011fi (ANTOK) Ba\u015fkan\u0131 Prof. Dr. G\u00f6khan Deniz, bitkinin yaln\u0131zca Olimpos Beyda\u011flar\u0131 Milli Park\u0131&#8217;nda yeti\u015fti\u011fini belirterek, korunmas\u0131 gerekti\u011fini vurgulad\u0131. Prof. Dr. G\u00f6khan Deniz, Olimpos safran\u0131n\u0131n d\u00fcnya \u00fczerinde sadece Beyda\u011flar\u0131 Sahil Milli Park\u0131&#8217;nda g\u00f6r\u00fclen \u00e7ok lokal bir t\u00fcr oldu\u011funu belirtti. Toprak alt\u0131nda yumrulu rizomu bulunan bu endemik bitkinin, sonbahar d\u00f6neminde \u00e7i\u00e7ek a\u00e7t\u0131\u011f\u0131n\u0131 ve ilkbaharda meyve verdi\u011fini s\u00f6yleyen Prof. Dr. Deniz, &#8220;Bu bitki, g\u00f6steri\u015fli \u00e7i\u00e7ekleri nedeniyle ka\u00e7ak\u00e7\u0131lar taraf\u0131ndan hedef al\u0131n\u0131yor. Olimpos safran\u0131, biyoka\u00e7ak\u00e7\u0131lar taraf\u0131ndan topraktan s\u00f6k\u00fclerek yurt d\u0131\u015f\u0131ndaki koleksiyonerlere sat\u0131l\u0131yor&#8221; dedi. Prof. Dr. Deniz, endemik t\u00fcrlerin korunmas\u0131 gerekti\u011fini belirterek, Olimpos safran\u0131n\u0131n da biyoka\u00e7ak\u00e7\u0131lar i\u00e7in \u00f6nemli hedef oldu\u011funu s\u00f6yledi. T\u00fcrkiye&#8217;de yaln\u0131zca belirli hassas ekosistemlerde yeti\u015febilen bitkilerin do\u011fadan izinsiz toplanmas\u0131n\u0131n yasalarla engellendi\u011fini ifade eden Deniz, biyoka\u00e7ak\u00e7\u0131l\u0131\u011f\u0131n \u00f6nlenmesi i\u00e7in \u00e7al\u0131\u015fmalar yap\u0131ld\u0131\u011f\u0131n\u0131 kaydetti. Prof. Dr. Deniz, &#8220;Biz do\u011faseverler olarak bu t\u00fcrleri farkl\u0131 ortamlarda yeti\u015ftirmek istesek bile, ekolojik ko\u015fullar nedeniyle bu m\u00fcmk\u00fcn olmuyor. Olimpos safran\u0131 da sadece belirli iklim ve topografya \u015fartlar\u0131nda varl\u0131\u011f\u0131n\u0131 s\u00fcrd\u00fcrebiliyor. Fakat biyoka\u00e7ak\u00e7\u0131l\u0131kta bu bitki t\u00fcr\u00fc, \u00f6nemli bir hedef haline gelmi\u015f durumda&#8221; diye konu\u015ftu. TEK YUMRU 20 STERL\u0130N Biyoka\u00e7ak\u00e7\u0131l\u0131k yapan ki\u015filerin, Olimpos safran\u0131n\u0131 yurt d\u0131\u015f\u0131ndaki \u00e7i\u00e7ek koleksiyonerlerine satt\u0131\u011f\u0131n\u0131 belirten Prof. Dr. &hellip;\" \/>\n<meta property=\"og:url\" content=\"http:\/\/denizcankizil.tr\/de\/haberler\/antalya\/olimpos-safrani-kacakcilarin-hedefinde\/\" \/>\n<meta property=\"og:site_name\" content=\"Av. Deniz Can K\u0131z\u0131l\" \/>\n<meta property=\"article:published_time\" content=\"2025-03-24T09:41:25+00:00\" \/>\n<meta property=\"og:image\" content=\"http:\/\/denizcankizil.tr\/wp-content\/uploads\/2025\/03\/5673-01-7lFuEn.jpeg\" \/>\n\t<meta property=\"og:image:width\" content=\"1280\" \/>\n\t<meta property=\"og:image:height\" content=\"720\" \/>\n\t<meta property=\"og:image:type\" content=\"image\/jpeg\" \/>\n<meta name=\"author\" content=\"Av. Deniz Can K\u0131z\u0131l\" \/>\n<meta name=\"twitter:card\" content=\"summary_large_image\" \/>\n<meta name=\"twitter:label1\" content=\"Verfasst von\" \/>\n\t<meta name=\"twitter:data1\" content=\"Av. Deniz Can K\u0131z\u0131l\" \/>\n\t<meta name=\"twitter:label2\" content=\"Gesch\u00e4tzte Lesezeit\" \/>\n\t<meta name=\"twitter:data2\" content=\"2\u00a0Minuten\" \/>\n<script type=\"application\/ld+json\" class=\"yoast-schema-graph\">{\"@context\":\"https:\/\/schema.org\",\"@graph\":[{\"@type\":\"Article\",\"@id\":\"http:\/\/denizcankizil.tr\/de\/haberler\/antalya\/olimpos-safrani-kacakcilarin-hedefinde\/#article\",\"isPartOf\":{\"@id\":\"http:\/\/denizcankizil.tr\/de\/haberler\/antalya\/olimpos-safrani-kacakcilarin-hedefinde\/\"},\"author\":{\"name\":\"Av. Deniz Can K\u0131z\u0131l\",\"@id\":\"https:\/\/denizcankizil.tr\/de\/#\/schema\/person\/5dc1b22991bd7ac833867c10afc9b0ff\"},\"headline\":\"Olimpos safran\u0131 ka\u00e7ak\u00e7\u0131lar\u0131n hedefinde\",\"datePublished\":\"2025-03-24T09:41:25+00:00\",\"mainEntityOfPage\":{\"@id\":\"http:\/\/denizcankizil.tr\/de\/haberler\/antalya\/olimpos-safrani-kacakcilarin-hedefinde\/\"},\"wordCount\":432,\"publisher\":{\"@id\":\"https:\/\/denizcankizil.tr\/de\/#organization\"},\"image\":{\"@id\":\"http:\/\/denizcankizil.tr\/de\/haberler\/antalya\/olimpos-safrani-kacakcilarin-hedefinde\/#primaryimage\"},\"thumbnailUrl\":\"http:\/\/denizcankizil.tr\/wp-content\/uploads\/2025\/03\/5673-01-7lFuEn.jpeg\",\"articleSection\":[\"Antalya\"],\"inLanguage\":\"de\"},{\"@type\":\"WebPage\",\"@id\":\"http:\/\/denizcankizil.tr\/de\/haberler\/antalya\/olimpos-safrani-kacakcilarin-hedefinde\/\",\"url\":\"http:\/\/denizcankizil.tr\/de\/haberler\/antalya\/olimpos-safrani-kacakcilarin-hedefinde\/\",\"name\":\"Olimpos safran\u0131 ka\u00e7ak\u00e7\u0131lar\u0131n hedefinde - Av. Deniz Can K\u0131z\u0131l\",\"isPartOf\":{\"@id\":\"https:\/\/denizcankizil.tr\/de\/#website\"},\"primaryImageOfPage\":{\"@id\":\"http:\/\/denizcankizil.tr\/de\/haberler\/antalya\/olimpos-safrani-kacakcilarin-hedefinde\/#primaryimage\"},\"image\":{\"@id\":\"http:\/\/denizcankizil.tr\/de\/haberler\/antalya\/olimpos-safrani-kacakcilarin-hedefinde\/#primaryimage\"},\"thumbnailUrl\":\"http:\/\/denizcankizil.tr\/wp-content\/uploads\/2025\/03\/5673-01-7lFuEn.jpeg\",\"datePublished\":\"2025-03-24T09:41:25+00:00\",\"breadcrumb\":{\"@id\":\"http:\/\/denizcankizil.tr\/de\/haberler\/antalya\/olimpos-safrani-kacakcilarin-hedefinde\/#breadcrumb\"},\"inLanguage\":\"de\",\"potentialAction\":[{\"@type\":\"ReadAction\",\"target\":[\"http:\/\/denizcankizil.tr\/de\/haberler\/antalya\/olimpos-safrani-kacakcilarin-hedefinde\/\"]}]},{\"@type\":\"ImageObject\",\"inLanguage\":\"de\",\"@id\":\"http:\/\/denizcankizil.tr\/de\/haberler\/antalya\/olimpos-safrani-kacakcilarin-hedefinde\/#primaryimage\",\"url\":\"http:\/\/denizcankizil.tr\/wp-content\/uploads\/2025\/03\/5673-01-7lFuEn.jpeg\",\"contentUrl\":\"http:\/\/denizcankizil.tr\/wp-content\/uploads\/2025\/03\/5673-01-7lFuEn.jpeg\",\"width\":1280,\"height\":720},{\"@type\":\"BreadcrumbList\",\"@id\":\"http:\/\/denizcankizil.tr\/de\/haberler\/antalya\/olimpos-safrani-kacakcilarin-hedefinde\/#breadcrumb\",\"itemListElement\":[{\"@type\":\"ListItem\",\"position\":1,\"name\":\"Home\",\"item\":\"https:\/\/denizcankizil.tr\/de\/\"},{\"@type\":\"ListItem\",\"position\":2,\"name\":\"Olimpos safran\u0131 ka\u00e7ak\u00e7\u0131lar\u0131n hedefinde\"}]},{\"@type\":\"WebSite\",\"@id\":\"https:\/\/denizcankizil.tr\/de\/#website\",\"url\":\"https:\/\/denizcankizil.tr\/de\/\",\"name\":\"Av. Deniz Can K\u0131z\u0131l\",\"description\":\"Avukat Deniz Can K\u0131z\u0131l Antalya Barosu\",\"publisher\":{\"@id\":\"https:\/\/denizcankizil.tr\/de\/#organization\"},\"potentialAction\":[{\"@type\":\"SearchAction\",\"target\":{\"@type\":\"EntryPoint\",\"urlTemplate\":\"https:\/\/denizcankizil.tr\/de\/?s={search_term_string}\"},\"query-input\":{\"@type\":\"PropertyValueSpecification\",\"valueRequired\":true,\"valueName\":\"search_term_string\"}}],\"inLanguage\":\"de\"},{\"@type\":\"Organization\",\"@id\":\"https:\/\/denizcankizil.tr\/de\/#organization\",\"name\":\"Av. Deniz Can K\u0131z\u0131l\",\"url\":\"https:\/\/denizcankizil.tr\/de\/\",\"logo\":{\"@type\":\"ImageObject\",\"inLanguage\":\"de\",\"@id\":\"https:\/\/denizcankizil.tr\/de\/#\/schema\/logo\/image\/\",\"url\":\"http:\/\/denizcankizil.tr\/wp-content\/uploads\/2024\/10\/siyah-logo-svg.svg\",\"contentUrl\":\"http:\/\/denizcankizil.tr\/wp-content\/uploads\/2024\/10\/siyah-logo-svg.svg\",\"width\":1080,\"height\":1080,\"caption\":\"Av. Deniz Can K\u0131z\u0131l\"},\"image\":{\"@id\":\"https:\/\/denizcankizil.tr\/de\/#\/schema\/logo\/image\/\"}},{\"@type\":\"Person\",\"@id\":\"https:\/\/denizcankizil.tr\/de\/#\/schema\/person\/5dc1b22991bd7ac833867c10afc9b0ff\",\"name\":\"Av. Deniz Can K\u0131z\u0131l\",\"image\":{\"@type\":\"ImageObject\",\"inLanguage\":\"de\",\"@id\":\"https:\/\/denizcankizil.tr\/de\/#\/schema\/person\/image\/\",\"url\":\"https:\/\/secure.gravatar.com\/avatar\/a0b128fb9855c79efc976d5640eedb31dc35ec297594d6016d2cf7c60e975bb6?s=96&d=mm&r=g\",\"contentUrl\":\"https:\/\/secure.gravatar.com\/avatar\/a0b128fb9855c79efc976d5640eedb31dc35ec297594d6016d2cf7c60e975bb6?s=96&d=mm&r=g\",\"caption\":\"Av. Deniz Can K\u0131z\u0131l\"},\"sameAs\":[\"http:\/\/www.denizcankizil.tr\"],\"url\":\"http:\/\/denizcankizil.tr\/de\/author\/denizcankizil\/\"}]}<\/script>\n<!-- \/ Yoast SEO Premium plugin. -->","yoast_head_json":{"title":"Olimpos safran\u0131 ka\u00e7ak\u00e7\u0131lar\u0131n hedefinde - Av. Deniz Can K\u0131z\u0131l","robots":{"index":"index","follow":"follow","max-snippet":"max-snippet:-1","max-image-preview":"max-image-preview:large","max-video-preview":"max-video-preview:-1"},"canonical":"http:\/\/denizcankizil.tr\/de\/haberler\/antalya\/olimpos-safrani-kacakcilarin-hedefinde\/","og_locale":"de_DE","og_type":"article","og_title":"Olimpos safran\u0131 ka\u00e7ak\u00e7\u0131lar\u0131n hedefinde","og_description":"Kentte endemik bir t\u00fcr olarak yeti\u015fen Olimpos safran\u0131, biyoka\u00e7ak\u00e7\u0131lar taraf\u0131ndan hedef al\u0131n\u0131yor. A\u00dc E\u011fitim Fak\u00fcltesi \u00d6\u011fretim \u00dcyesi ve Antalya Orkidelerini ve Biyolojik \u00c7e\u015fitlili\u011fi Koruma Derne\u011fi (ANTOK) Ba\u015fkan\u0131 Prof. Dr. G\u00f6khan Deniz, bitkinin yaln\u0131zca Olimpos Beyda\u011flar\u0131 Milli Park\u0131&#8217;nda yeti\u015fti\u011fini belirterek, korunmas\u0131 gerekti\u011fini vurgulad\u0131. Prof. Dr. G\u00f6khan Deniz, Olimpos safran\u0131n\u0131n d\u00fcnya \u00fczerinde sadece Beyda\u011flar\u0131 Sahil Milli Park\u0131&#8217;nda g\u00f6r\u00fclen \u00e7ok lokal bir t\u00fcr oldu\u011funu belirtti. Toprak alt\u0131nda yumrulu rizomu bulunan bu endemik bitkinin, sonbahar d\u00f6neminde \u00e7i\u00e7ek a\u00e7t\u0131\u011f\u0131n\u0131 ve ilkbaharda meyve verdi\u011fini s\u00f6yleyen Prof. Dr. Deniz, &#8220;Bu bitki, g\u00f6steri\u015fli \u00e7i\u00e7ekleri nedeniyle ka\u00e7ak\u00e7\u0131lar taraf\u0131ndan hedef al\u0131n\u0131yor. Olimpos safran\u0131, biyoka\u00e7ak\u00e7\u0131lar taraf\u0131ndan topraktan s\u00f6k\u00fclerek yurt d\u0131\u015f\u0131ndaki koleksiyonerlere sat\u0131l\u0131yor&#8221; dedi. Prof. Dr. Deniz, endemik t\u00fcrlerin korunmas\u0131 gerekti\u011fini belirterek, Olimpos safran\u0131n\u0131n da biyoka\u00e7ak\u00e7\u0131lar i\u00e7in \u00f6nemli hedef oldu\u011funu s\u00f6yledi. T\u00fcrkiye&#8217;de yaln\u0131zca belirli hassas ekosistemlerde yeti\u015febilen bitkilerin do\u011fadan izinsiz toplanmas\u0131n\u0131n yasalarla engellendi\u011fini ifade eden Deniz, biyoka\u00e7ak\u00e7\u0131l\u0131\u011f\u0131n \u00f6nlenmesi i\u00e7in \u00e7al\u0131\u015fmalar yap\u0131ld\u0131\u011f\u0131n\u0131 kaydetti. Prof. Dr. Deniz, &#8220;Biz do\u011faseverler olarak bu t\u00fcrleri farkl\u0131 ortamlarda yeti\u015ftirmek istesek bile, ekolojik ko\u015fullar nedeniyle bu m\u00fcmk\u00fcn olmuyor. Olimpos safran\u0131 da sadece belirli iklim ve topografya \u015fartlar\u0131nda varl\u0131\u011f\u0131n\u0131 s\u00fcrd\u00fcrebiliyor. Fakat biyoka\u00e7ak\u00e7\u0131l\u0131kta bu bitki t\u00fcr\u00fc, \u00f6nemli bir hedef haline gelmi\u015f durumda&#8221; diye konu\u015ftu. TEK YUMRU 20 STERL\u0130N Biyoka\u00e7ak\u00e7\u0131l\u0131k yapan ki\u015filerin, Olimpos safran\u0131n\u0131 yurt d\u0131\u015f\u0131ndaki \u00e7i\u00e7ek koleksiyonerlerine satt\u0131\u011f\u0131n\u0131 belirten Prof. Dr. &hellip;","og_url":"http:\/\/denizcankizil.tr\/de\/haberler\/antalya\/olimpos-safrani-kacakcilarin-hedefinde\/","og_site_name":"Av. Deniz Can K\u0131z\u0131l","article_published_time":"2025-03-24T09:41:25+00:00","og_image":[{"width":1280,"height":720,"url":"http:\/\/denizcankizil.tr\/wp-content\/uploads\/2025\/03\/5673-01-7lFuEn.jpeg","type":"image\/jpeg"}],"author":"Av. Deniz Can K\u0131z\u0131l","twitter_card":"summary_large_image","twitter_misc":{"Verfasst von":"Av. Deniz Can K\u0131z\u0131l","Gesch\u00e4tzte Lesezeit":"2\u00a0Minuten"},"schema":{"@context":"https:\/\/schema.org","@graph":[{"@type":"Article","@id":"http:\/\/denizcankizil.tr\/de\/haberler\/antalya\/olimpos-safrani-kacakcilarin-hedefinde\/#article","isPartOf":{"@id":"http:\/\/denizcankizil.tr\/de\/haberler\/antalya\/olimpos-safrani-kacakcilarin-hedefinde\/"},"author":{"name":"Av. Deniz Can K\u0131z\u0131l","@id":"https:\/\/denizcankizil.tr\/de\/#\/schema\/person\/5dc1b22991bd7ac833867c10afc9b0ff"},"headline":"Olimpos safran\u0131 ka\u00e7ak\u00e7\u0131lar\u0131n hedefinde","datePublished":"2025-03-24T09:41:25+00:00","mainEntityOfPage":{"@id":"http:\/\/denizcankizil.tr\/de\/haberler\/antalya\/olimpos-safrani-kacakcilarin-hedefinde\/"},"wordCount":432,"publisher":{"@id":"https:\/\/denizcankizil.tr\/de\/#organization"},"image":{"@id":"http:\/\/denizcankizil.tr\/de\/haberler\/antalya\/olimpos-safrani-kacakcilarin-hedefinde\/#primaryimage"},"thumbnailUrl":"http:\/\/denizcankizil.tr\/wp-content\/uploads\/2025\/03\/5673-01-7lFuEn.jpeg","articleSection":["Antalya"],"inLanguage":"de"},{"@type":"WebPage","@id":"http:\/\/denizcankizil.tr\/de\/haberler\/antalya\/olimpos-safrani-kacakcilarin-hedefinde\/","url":"http:\/\/denizcankizil.tr\/de\/haberler\/antalya\/olimpos-safrani-kacakcilarin-hedefinde\/","name":"Olimpos safran\u0131 ka\u00e7ak\u00e7\u0131lar\u0131n hedefinde - Av. Deniz Can K\u0131z\u0131l","isPartOf":{"@id":"https:\/\/denizcankizil.tr\/de\/#website"},"primaryImageOfPage":{"@id":"http:\/\/denizcankizil.tr\/de\/haberler\/antalya\/olimpos-safrani-kacakcilarin-hedefinde\/#primaryimage"},"image":{"@id":"http:\/\/denizcankizil.tr\/de\/haberler\/antalya\/olimpos-safrani-kacakcilarin-hedefinde\/#primaryimage"},"thumbnailUrl":"http:\/\/denizcankizil.tr\/wp-content\/uploads\/2025\/03\/5673-01-7lFuEn.jpeg","datePublished":"2025-03-24T09:41:25+00:00","breadcrumb":{"@id":"http:\/\/denizcankizil.tr\/de\/haberler\/antalya\/olimpos-safrani-kacakcilarin-hedefinde\/#breadcrumb"},"inLanguage":"de","potentialAction":[{"@type":"ReadAction","target":["http:\/\/denizcankizil.tr\/de\/haberler\/antalya\/olimpos-safrani-kacakcilarin-hedefinde\/"]}]},{"@type":"ImageObject","inLanguage":"de","@id":"http:\/\/denizcankizil.tr\/de\/haberler\/antalya\/olimpos-safrani-kacakcilarin-hedefinde\/#primaryimage","url":"http:\/\/denizcankizil.tr\/wp-content\/uploads\/2025\/03\/5673-01-7lFuEn.jpeg","contentUrl":"http:\/\/denizcankizil.tr\/wp-content\/uploads\/2025\/03\/5673-01-7lFuEn.jpeg","width":1280,"height":720},{"@type":"BreadcrumbList","@id":"http:\/\/denizcankizil.tr\/de\/haberler\/antalya\/olimpos-safrani-kacakcilarin-hedefinde\/#breadcrumb","itemListElement":[{"@type":"ListItem","position":1,"name":"Home","item":"https:\/\/denizcankizil.tr\/de\/"},{"@type":"ListItem","position":2,"name":"Olimpos safran\u0131 ka\u00e7ak\u00e7\u0131lar\u0131n hedefinde"}]},{"@type":"WebSite","@id":"https:\/\/denizcankizil.tr\/de\/#website","url":"https:\/\/denizcankizil.tr\/de\/","name":"Av. Deniz Can K\u0131z\u0131l","description":"Avukat Deniz Can K\u0131z\u0131l Antalya Barosu","publisher":{"@id":"https:\/\/denizcankizil.tr\/de\/#organization"},"potentialAction":[{"@type":"SearchAction","target":{"@type":"EntryPoint","urlTemplate":"https:\/\/denizcankizil.tr\/de\/?s={search_term_string}"},"query-input":{"@type":"PropertyValueSpecification","valueRequired":true,"valueName":"search_term_string"}}],"inLanguage":"de"},{"@type":"Organization","@id":"https:\/\/denizcankizil.tr\/de\/#organization","name":"Av. Deniz Can K\u0131z\u0131l","url":"https:\/\/denizcankizil.tr\/de\/","logo":{"@type":"ImageObject","inLanguage":"de","@id":"https:\/\/denizcankizil.tr\/de\/#\/schema\/logo\/image\/","url":"http:\/\/denizcankizil.tr\/wp-content\/uploads\/2024\/10\/siyah-logo-svg.svg","contentUrl":"http:\/\/denizcankizil.tr\/wp-content\/uploads\/2024\/10\/siyah-logo-svg.svg","width":1080,"height":1080,"caption":"Av. Deniz Can K\u0131z\u0131l"},"image":{"@id":"https:\/\/denizcankizil.tr\/de\/#\/schema\/logo\/image\/"}},{"@type":"Person","@id":"https:\/\/denizcankizil.tr\/de\/#\/schema\/person\/5dc1b22991bd7ac833867c10afc9b0ff","name":"Av. Deniz Can K\u0131z\u0131l","image":{"@type":"ImageObject","inLanguage":"de","@id":"https:\/\/denizcankizil.tr\/de\/#\/schema\/person\/image\/","url":"https:\/\/secure.gravatar.com\/avatar\/a0b128fb9855c79efc976d5640eedb31dc35ec297594d6016d2cf7c60e975bb6?s=96&d=mm&r=g","contentUrl":"https:\/\/secure.gravatar.com\/avatar\/a0b128fb9855c79efc976d5640eedb31dc35ec297594d6016d2cf7c60e975bb6?s=96&d=mm&r=g","caption":"Av. Deniz Can K\u0131z\u0131l"},"sameAs":["http:\/\/www.denizcankizil.tr"],"url":"http:\/\/denizcankizil.tr\/de\/author\/denizcankizil\/"}]}},"_links":{"self":[{"href":"http:\/\/denizcankizil.tr\/de\/wp-json\/wp\/v2\/posts\/36748","targetHints":{"allow":["GET"]}}],"collection":[{"href":"http:\/\/denizcankizil.tr\/de\/wp-json\/wp\/v2\/posts"}],"about":[{"href":"http:\/\/denizcankizil.tr\/de\/wp-json\/wp\/v2\/types\/post"}],"author":[{"embeddable":true,"href":"http:\/\/denizcankizil.tr\/de\/wp-json\/wp\/v2\/users\/4"}],"replies":[{"embeddable":true,"href":"http:\/\/denizcankizil.tr\/de\/wp-json\/wp\/v2\/comments?post=36748"}],"version-history":[{"count":0,"href":"http:\/\/denizcankizil.tr\/de\/wp-json\/wp\/v2\/posts\/36748\/revisions"}],"wp:featuredmedia":[{"embeddable":true,"href":"http:\/\/denizcankizil.tr\/de\/wp-json\/wp\/v2\/media\/36749"}],"wp:attachment":[{"href":"http:\/\/denizcankizil.tr\/de\/wp-json\/wp\/v2\/media?parent=36748"}],"wp:term":[{"taxonomy":"category","embeddable":true,"href":"http:\/\/denizcankizil.tr\/de\/wp-json\/wp\/v2\/categories?post=36748"},{"taxonomy":"post_tag","embeddable":true,"href":"http:\/\/denizcankizil.tr\/de\/wp-json\/wp\/v2\/tags?post=36748"}],"curies":[{"name":"wp","href":"https:\/\/api.w.org\/{rel}","templated":true}]}}