{"id":36652,"date":"2025-03-23T15:23:59","date_gmt":"2025-03-23T12:23:59","guid":{"rendered":"https:\/\/denizcankizil.tr\/uncategorized-tr\/tarlaya-konteyner-koymanin-sartlari-ve-cezalari\/"},"modified":"2025-03-23T15:23:59","modified_gmt":"2025-03-23T12:23:59","slug":"tarlaya-konteyner-koymanin-sartlari-ve-cezalari","status":"publish","type":"post","link":"http:\/\/denizcankizil.tr\/de\/koseyazilari\/degerlendirme\/tarlaya-konteyner-koymanin-sartlari-ve-cezalari\/","title":{"rendered":"Tarlaya Konteyner Koyman\u0131n \u015eartlar\u0131 ve Cezalar\u0131"},"content":{"rendered":"<p> <strong>Tarlaya Konteyner Koyman\u0131n \u015eartlar\u0131 ve Cezalar\u0131: Hukuki \u00c7er\u00e7eve ve Uygulamalar<\/strong><\/p>\n<p>Tar\u0131m alanlar\u0131n\u0131n etkin kullan\u0131m\u0131,\u2063 g\u00fcn\u00fcm\u00fczde tar\u0131msal \u00fcretkenli\u011fin art\u0131r\u0131lmas\u0131 ve s\u00fcrd\u00fcr\u00fclebilir tar\u0131m uygulamalar\u0131n\u0131n te\u015fvik edilmesi a\u00e7\u0131s\u0131ndan b\u00fcy\u00fck \u00f6nem ta\u015f\u0131maktad\u0131r.Ancak, tar\u0131m arazilerinin kullan\u0131m\u0131yla ilgili hukuki d\u00fczenlemeler, bu alanlar\u0131n korunmas\u0131 ve tar\u0131msal faaliyetlerin d\u00fczenlenmesi \u2062a\u00e7\u0131s\u0131ndan kritik bir \u2062rol oynamaktad\u0131r. Tarlaya konteyner yerle\u015ftirilmesi, tar\u0131msal faaliyetlerin y\u00fcr\u00fct\u00fclmesi s\u0131ras\u0131nda kar\u015f\u0131la\u015f\u0131lan pratik bir durum olmas\u0131n\u0131n \u200dyan\u0131 s\u0131ra, hukuki a\u00e7\u0131dan da belirli \u015fartlara ve d\u00fczenlemelere tabidir. Bu makalede,\u200c tarlaya konteyner koyman\u0131n hukuki \u015fartlar\u0131, bu\u200b \u015fartlar\u0131n ihlali durumunda uygulanabilecek cezalar ve ilgili mevzuat \u00e7er\u00e7evesinde ortaya \u00e7\u0131kan sorunlar ele al\u0131nacakt\u0131r.Amac\u0131m\u0131z, tar\u0131m alanlar\u0131n\u0131n korunmas\u0131 ve s\u00fcrd\u00fcr\u00fclebilir kullan\u0131m\u0131n\u0131n sa\u011flanmas\u0131 ad\u0131na, bu \u2063konudaki hukuki \u00e7er\u00e7eveyi net bir \u015fekilde ortaya koymakt\u0131r.<br \/><img decoding=\"async\" class=\"kimage_class lazyload\" data-src=\"https:\/\/denizcankizil.tr\/wp-content\/uploads\/2024\/10\/fNqXg-253D.jpg\" alt=\"Tarlaya Konteyner Koyman\u0131n Hukuki \u00c7er\u00e7evesi\" src=\"data:image\/svg+xml;base64,PHN2ZyB3aWR0aD0iMSIgaGVpZ2h0PSIxIiB4bWxucz0iaHR0cDovL3d3dy53My5vcmcvMjAwMC9zdmciPjwvc3ZnPg==\"><\/p>\n<h2 id=\"tarlaya-konteyner-koymanin-hukuki-cercevesi\">Tarlaya Konteyner Koyman\u0131n Hukuki \u00c7er\u00e7evesi<\/h2>\n<p>Tarlaya konteyner yerle\u015ftirmek, \u200btar\u0131m arazilerinin kullan\u0131m\u0131na dair hukuki d\u00fczenlemeler\u200d \u00e7er\u00e7evesinde \u2064belirli \u015fartlara tabidir. Bu durum, tar\u0131m arazilerinin korunmas\u0131 ve s\u00fcrd\u00fcr\u00fclebilir kullan\u0131m\u0131n\u0131 \u2064sa\u011flamak amac\u0131yla olu\u015fturulmu\u015f yasal \u00e7er\u00e7evelerle d\u00fczenlenmi\u015ftir.Tarlaya konteyner\u200d koyman\u0131n hukuki boyutunu anlamak i\u00e7in a\u015fa\u011f\u0131daki hususlara \u2062dikkat edilmesi gerekmektedir:<\/p>\n<ul>\n<li><strong>\u0130zin Gereklili\u011fi:<\/strong> Tar\u0131m arazilerine konteyner yerle\u015ftirmek i\u00e7in \u00f6ncelikle ilgili belediyeden veya tar\u0131m m\u00fcd\u00fcrl\u00fc\u011f\u00fcnden gerekli izinlerin \u200dal\u0131nmas\u0131 zorunludur.<\/li>\n<li><strong>Tar\u0131m Arazisi Kullan\u0131m Amac\u0131:<\/strong> Konteynerin yerle\u015ftirilece\u011fi alan\u0131n tar\u0131msal faaliyetler i\u00e7in kullan\u0131lmas\u0131 gerekti\u011fi, <a href=\"https:\/\/denizcankizil.tr\/de\/hukukihaber\/orman-kanununun-16-nci-maddesinin-uygulanmasi-hakkinda-yonetmelik\/\" title=\"Orman Kanununun 16 nc\u0131 Maddesinin Uygulanmas\u0131 Hakk\u0131nda Y\u00f6netmelik\">aksi takdirde<\/a> hukuki \u200bsorunlarla kar\u015f\u0131la\u015f\u0131labilece\u011fi unutulmamal\u0131d\u0131r.<\/li>\n<li><strong>\u00c7evresel Etkiler:<\/strong> Konteynerin yerle\u015ftirilece\u011fi alan\u0131n \u00e7evresel etkileri g\u00f6z\u2064 \u00f6n\u00fcnde bulundurulmal\u0131, <a href=\"https:\/\/denizcankizil.tr\/de\/hukukihaber\/tbb-sigortacilikta-tahkime-iliskin-yonetmelikteki-bazi-degisikliklerin-iptali-icin-danistaya-basvurdu\/\" title=\"TBB, S\u0130GORTACILIKTA TAHK\u0130ME \u0130L\u0130\u015eK\u0130N Y\u00d6NETMEL\u0130KTEK\u0130 BAZI DE\u011e\u0130\u015e\u0130KL\u0130KLER\u0130N \u0130PTAL\u0130 \u0130\u00c7\u0130N DANI\u015eTAY&#039;A BA\u015eVURDU\">bu durum<\/a>\u2062 \u00e7evre d\u00fczeni planlar\u0131na uygun olmal\u0131d\u0131r.<\/li>\n<li><strong>yasal Cezalar:<\/strong> \u0130zin al\u0131nmadan konteyner yerle\u015ftirilmesi durumunda, ilgili \u2064idareler taraf\u0131ndan\u200c idari\u2063 para cezalar\u0131 ve y\u0131k\u0131m kararlar\u0131 uygulanabilir.<\/li>\n<\/ul>\n<p><a href=\"https:\/\/denizcankizil.tr\/de\/hukukihaber\/milletvekilliginin-dusurulmesine-iliskin-islemin-iptali-talebi-hakkinda-karar-verilmesine-yer-olmadigi\/\" title=\"Milletvekilli\u011finin D\u00fc\u015f\u00fcr\u00fclmesine \u0130li\u015fkin \u0130\u015flemin \u0130ptali Talebi Hakk\u0131nda Karar Verilmesine Yer Olmad\u0131\u011f\u0131\">sonu\u00e7 olarak<\/a>, tarlaya konteyner koyma i\u015flemi, hukuki a\u00e7\u0131dan dikkatle ele al\u0131nmas\u0131 gereken bir konudur. Tar\u0131m arazilerinin korunmas\u0131 ve s\u00fcrd\u00fcr\u00fclebilir kullan\u0131m\u0131 a\u00e7\u0131s\u0131ndan,\u200c yasal d\u00fczenlemelere \u2062uyulmas\u0131 b\u00fcy\u00fck \u00f6nem\u2064 ta\u015f\u0131maktad\u0131r.Bu nedenle, konteyner yerle\u015ftirilmeden \u00f6nce\u2064 gerekli izinlerin al\u0131nmas\u0131 ve \u00e7evresel \u2064etkilerin de\u011ferlendirilmesi gerekmektedir.<\/p>\n<p><img decoding=\"async\" class=\"kimage_class lazyload\" data-src=\"https:\/\/denizcankizil.tr\/wp-content\/uploads\/2024\/10\/1LHFk-253D.jpg\" alt=\"Konteyner Yerle\u015ftirme \u0130zin S\u00fcre\u00e7leri\" src=\"data:image\/svg+xml;base64,PHN2ZyB3aWR0aD0iMSIgaGVpZ2h0PSIxIiB4bWxucz0iaHR0cDovL3d3dy53My5vcmcvMjAwMC9zdmciPjwvc3ZnPg==\"><\/p>\n<h2 id=\"konteyner-yerlestirme-izin-surecleri\">konteyner Yerle\u015ftirme \u0130zin S\u00fcre\u00e7leri<\/h2>\n<p>Tarlaya konteyner yerle\u015ftirmek, belirli yasal d\u00fczenlemelere ve izin\u200d s\u00fcre\u00e7lerine tabidir. Bu s\u00fcre\u00e7lerin do\u011fru bir \u015fekilde y\u00fcr\u00fct\u00fclmesi, hem hukuki sorunlar\u0131n \u00f6n\u00fcne ge\u00e7mekte hem de tar\u0131msal faaliyetlerin s\u00fcrd\u00fcr\u00fclebilirli\u011fini sa\u011flamaktad\u0131r.Konteyner yerle\u015ftirme \u200ci\u015flemleri i\u00e7in gerekli olan izinler, yerel y\u00f6netimlerin belirledi\u011fi\u200d kurallar \u00e7er\u00e7evesinde\u2062 al\u0131nmal\u0131d\u0131r.<\/p>\n<p>\u0130zin s\u00fcre\u00e7leri genellikle a\u015fa\u011f\u0131daki ad\u0131mlar\u0131 i\u00e7ermektedir:<\/p>\n<ul>\n<li><strong>Ba\u015fvuru S\u00fcreci:<\/strong> \u0130lgili belediyeye \u200cveya tar\u0131m m\u00fcd\u00fcrl\u00fc\u011f\u00fcne \u200ckonteyner yerle\u015ftirme izni i\u00e7in ba\u015fvuru yap\u0131lmal\u0131d\u0131r.<\/li>\n<li><strong>Proje De\u011ferlendirmesi:<\/strong> Ba\u015fvurunun ard\u0131ndan, \u2064yerel y\u00f6netim taraf\u0131ndan\u200d projenin uygunlu\u011fu de\u011ferlendirilecektir.<\/li>\n<li><strong>\u0130zin Belgesinin Al\u0131nmas\u0131:<\/strong> De\u011ferlendirme olumlu sonu\u00e7lan\u0131rsa, gerekli izin\u2062 belgesi verilecektir.<\/li>\n<li><strong>Denetim:<\/strong> Yerle\u015ftirilen konteynerin, izin belgelerine uygun olup olmad\u0131\u011f\u0131 \u200byerel y\u00f6netim taraf\u0131ndan denetlenecektir.<\/li>\n<\/ul>\n<p>Bu s\u00fcre\u00e7lerin ihlali durumunda, \u00e7e\u015fitli cezai yapt\u0131r\u0131mlar uygulanabilir. \u0130zin \u200dal\u0131nmadan konteyner yerle\u015ftirilmesi, idari\u200b para cezalar\u0131na ve yasal\u2063 yapt\u0131r\u0131mlara yol a\u00e7abilir. Bu \u2062nedenle, tar\u0131m alan\u0131nda konteyner kullan\u0131m\u0131 planlan\u0131rken, yasal s\u00fcre\u00e7lerin titizlikle takip edilmesi b\u00fcy\u00fck \u00f6nem ta\u015f\u0131maktad\u0131r.<\/p>\n<p><img decoding=\"async\" class=\"kimage_class lazyload\" data-src=\"https:\/\/denizcankizil.tr\/wp-content\/uploads\/2024\/10\/ounsel-scaled.jpg\" alt=\"Tar\u0131m Arazilerinde Konteyner Kullan\u0131m\u0131n\u0131n S\u0131n\u0131rlar\u0131\" src=\"data:image\/svg+xml;base64,PHN2ZyB3aWR0aD0iMSIgaGVpZ2h0PSIxIiB4bWxucz0iaHR0cDovL3d3dy53My5vcmcvMjAwMC9zdmciPjwvc3ZnPg==\"><\/p>\n<h2 id=\"tarim-arazilerinde-konteyner-kullaniminin-sinirlari\">Tar\u0131m Arazilerinde Konteyner kullan\u0131m\u0131n\u0131n S\u0131n\u0131rlar\u0131<\/h2>\n<section>\n<p>Tar\u0131m arazilerinde konteyner \u2062kullan\u0131m\u0131, \u00e7e\u015fitli yasal d\u00fczenlemelere ve s\u0131n\u0131rlamalara tabidir. Bu ba\u011flamda, konteynerlerin yerle\u015ftirilmesi ve kullan\u0131m\u0131 ile ilgili belirli \u015fartlar\u0131n yerine getirilmesi gerekmektedir. A\u015fa\u011f\u0131da, \u2063n\u0131 belirleyen baz\u0131 \u00f6nemli noktalar s\u0131ralanm\u0131\u015ft\u0131r:<\/p>\n<ul>\n<li><strong>\u0130zin Gereklili\u011fi:<\/strong> Tar\u0131m arazilerinde konteyner yerle\u015ftirmek isteyen \u2064ki\u015filerin, ilgili belediyeden veya tar\u0131m m\u00fcd\u00fcrl\u00fc\u011f\u00fcnden gerekli izinleri almas\u0131 zorunludur.<\/li>\n<li><strong>Amaca Uygunluk:<\/strong> Konteynerlerin, tar\u0131msal faaliyetlerle do\u011frudan ilgili bir ama\u00e7 \u200ci\u00e7in kullan\u0131lmas\u0131 gerekmektedir. Aksi takdirde, yasal sorunlar ortaya \u00e7\u0131kabilir.<\/li>\n<li><strong>\u00c7evresel Etkiler:<\/strong> Konteynerlerin yerle\u015ftirilece\u011fi alan\u0131n \u00e7evresel etkileri g\u00f6z\u200b \u00f6n\u00fcnde bulundurulmal\u0131 ve bu konuda gerekli \u00f6nlemler al\u0131nmal\u0131d\u0131r.<\/li>\n<li><strong>Yap\u0131 Standartlar\u0131:<\/strong> Kullan\u0131lacak konteynerlerin, belirlenen yap\u0131 standartlar\u0131na uygun olmas\u0131 ve tar\u0131m arazisinin yap\u0131s\u0131na zarar vermemesi \u00f6nemlidir.<\/li>\n<\/ul>\n<p>Bu \u015fartlar\u0131n ihlali durumunda, \u00e7e\u015fitli cezai yapt\u0131r\u0131mlar \u200buygulanabilir. Tar\u0131m arazilerinde konteyner kullan\u0131m\u0131 ile ilgili yasal d\u00fczenlemelere uyulmas\u0131, hem \u2063tar\u0131msal \u00fcretimin s\u00fcrd\u00fcr\u00fclebilirli\u011fi hem de \u00e7evresel denge a\u00e7\u0131s\u0131ndan b\u00fcy\u00fck\u200b \u00f6nem ta\u015f\u0131maktad\u0131r. Bu nedenle, konteyner yerle\u015ftirilmeden \u00f6nce t\u00fcm\u2062 yasal gerekliliklerin yerine getirilmesi \u00f6nerilmektedir.<\/p>\n<\/section>\n<h2 id=\"cezai-yaptirimlar-ve-ihlal-durumlari\">cezai Yapt\u0131r\u0131mlar ve \u0130hlal Durumlar\u0131<\/h2>\n<section>\n<p>Tarlaya \u200bkonteyner yerle\u015ftirilmesi, belirli yasal \u200cd\u00fczenlemelere tabidir. Bu\u200c d\u00fczenlemelere uyulmamas\u0131 durumunda, \u00e7e\u015fitli cezai yapt\u0131r\u0131mlar s\u00f6z konusu olabilir. \u0130hlal durumlar\u0131, hem idari hem de cezai sorumluluk do\u011furabilir. \u2063Bu ba\u011flamda,\u200d konteyner yerle\u015ftirilmesi ile ilgili olarak dikkate al\u0131nmas\u0131 gereken baz\u0131 \u00f6nemli noktalar bulunmaktad\u0131r:<\/p>\n<ul>\n<li><strong>\u0130zin Alma Zorunlulu\u011fu:<\/strong> Tarlaya konteyner koymadan \u00f6nce gerekli izinlerin al\u0131nmas\u0131 gerekmektedir. \u0130zin al\u0131nmadan yap\u0131lan\u2064 yerle\u015ftirmeler, idari para cezas\u0131na neden olabilir.<\/li>\n<li><strong>\u00c7evresel Etkiler:<\/strong> Konteynerin yerle\u015ftirilece\u011fi alan\u0131n \u00e7evresel \u200cetkileri g\u00f6z \u00f6n\u00fcnde bulundurulmal\u0131d\u0131r. \u00c7evreye zarar veren\u200b uygulamalar, a\u011f\u0131r yapt\u0131r\u0131mlara yol a\u00e7abilir.<\/li>\n<li><strong>Yerel Y\u00f6netmelikler:<\/strong> Her b\u00f6lgenin kendi yerel y\u00f6netmelikleri bulunmaktad\u0131r. Bu y\u00f6netmeliklere ayk\u0131r\u0131 hareket edilmesi, ek cezai yapt\u0131r\u0131mlar\u0131 beraberinde getirebilir.<\/li>\n<\/ul>\n<p>Sonu\u00e7 olarak, tarlaya \u200bkonteyner koyma i\u015flemi,\u2064 yasal \u00e7er\u00e7evelere uygun bir\u200b \u015fekilde ger\u00e7ekle\u015ftirilmelidir. Aksi takdirde, hem maddi hem de hukuki sonu\u00e7larla kar\u015f\u0131la\u015fmak ka\u00e7\u0131n\u0131lmaz olacakt\u0131r. Bu nedenle, ilgili \u200bmevzuat\u0131n dikkatlice incelenmesi ve gerekli izinlerin al\u0131nmas\u0131 b\u00fcy\u00fck \u00f6nem ta\u015f\u0131maktad\u0131r.<\/p>\n<\/section>\n<p><img decoding=\"async\" class=\"kimage_class lazyload\" data-src=\"https:\/\/denizcankizil.tr\/wp-content\/uploads\/2024\/10\/H7KLQ-253D.jpg\" alt=\"Konteyner Yerle\u015ftirmenin \u2064\u00c7evresel Etkileri\" src=\"data:image\/svg+xml;base64,PHN2ZyB3aWR0aD0iMSIgaGVpZ2h0PSIxIiB4bWxucz0iaHR0cDovL3d3dy53My5vcmcvMjAwMC9zdmciPjwvc3ZnPg==\"><\/p>\n<h2 id=\"konteyner-yerlestirmenin-cevresel-etkileri\">Konteyner Yerle\u015ftirmenin \u00c7evresel \u2063etkileri<\/h2>\n<section>\n<p>Konteyner yerle\u015ftirme \u2063i\u015flemleri, tar\u0131m alanlar\u0131nda\u200c \u00e7e\u015fitli \u00e7evresel etkilere yol a\u00e7abilmektedir. Bu etkiler, hem ekosistem\u2063 dengesi hem de yerel \u00e7evre ko\u015fullar\u0131 \u00fczerinde\u2063 \u00f6nemli sonu\u00e7lar do\u011furabilir. A\u015fa\u011f\u0131da, \u2063konteyner yerle\u015ftirmenin \u00e7evresel etkilerine dair baz\u0131 \u00f6nemli noktalar s\u0131ralanm\u0131\u015ft\u0131r:<\/p>\n<ul>\n<li><strong>Toprak Yap\u0131s\u0131 \u00dczerindeki Etkiler:<\/strong> Konteynerlerin yerle\u015ftirilmesi, toprak yap\u0131s\u0131nda de\u011fi\u015fikliklere neden olabilir. Bu durum, toprak verimlili\u011fini olumsuz etkileyebilir.<\/li>\n<li><strong>Su Kaynaklar\u0131 \u00dczerindeki Etkiler:<\/strong> Konteynerlerin yerle\u015ftirilmesi,yeralt\u0131 su seviyelerini etkileyebilir ve su kaynaklar\u0131n\u0131n kirlenmesine yol a\u00e7abilir.<\/li>\n<li><strong>Biyo\u00e7e\u015fitlilik\u200c \u00dczerindeki Etkiler:<\/strong> \u200b Tar\u0131m alanlar\u0131nda konteyner yerle\u015ftirilmesi, yerel flora ve \u200dfauna \u00fczerinde olumsuz etkilere neden olabilir, bu da biyo\u00e7e\u015fitlili\u011fin azalmas\u0131na yol a\u00e7abilir.<\/li>\n<li><strong>At\u0131k Y\u00f6netimi Sorunlar\u0131:<\/strong> Konteynerlerin kullan\u0131m\u0131, at\u0131k y\u00f6netimi sorunlar\u0131n\u0131 \u200dberaberinde getirebilir. Uygun \u015fekilde y\u00f6netilmeyen at\u0131klar, \u00e7evre kirlili\u011fine neden olabilir.<\/li>\n<\/ul>\n<p>Bu nedenlerle, konteyner yerle\u015ftirme i\u015flemlerinin \u00e7evresel etkileri dikkate al\u0131nmal\u0131 ve gerekli \u00f6nlemler al\u0131nmal\u0131d\u0131r.Tar\u0131m \u2064uygulamalar\u0131nda s\u00fcrd\u00fcr\u00fclebilirlik sa\u011flamak, hem \u00e7evre hem de tar\u0131msal verimlilik a\u00e7\u0131s\u0131ndan b\u00fcy\u00fck \u00f6nem ta\u015f\u0131maktad\u0131r.<\/p>\n<\/section>\n<p><img decoding=\"async\" class=\"kimage_class lazyload\" data-src=\"https:\/\/denizcankizil.tr\/wp-content\/uploads\/2024\/10\/IIKHg-253D.jpg\" alt=\"Tar\u0131m\u2062 Politikalar\u0131 ve Konteyner Uygulamalar\u0131\" src=\"data:image\/svg+xml;base64,PHN2ZyB3aWR0aD0iMSIgaGVpZ2h0PSIxIiB4bWxucz0iaHR0cDovL3d3dy53My5vcmcvMjAwMC9zdmciPjwvc3ZnPg==\"><\/p>\n<h2 id=\"tarim-politikalari-ve-konteyner-uygulamalari\">Tar\u0131m Politikalar\u0131 ve Konteyner Uygulamalar\u0131<\/h2>\n<section>\n<p>Tar\u0131m politikalar\u0131, tar\u0131msal \u00fcretimin s\u00fcrd\u00fcr\u00fclebilirli\u011fini sa\u011flamak amac\u0131yla \u00e7e\u015fitli d\u00fczenlemeleri i\u00e7ermektedir. Bu ba\u011flamda,\u2062 konteyner uygulamalar\u0131,\u200c tar\u0131msal \u2064faaliyetlerin modernizasyonu ve verimlili\u011fin art\u0131r\u0131lmas\u0131 a\u00e7\u0131s\u0131ndan \u00f6nemli bir rol oynamaktad\u0131r. Ancak, tarlaya konteyner yerle\u015ftirilmesi\u2063 belirli \u015fartlara ba\u011fl\u0131d\u0131r ve bu \u015fartlar\u0131n ihlali \u00e7e\u015fitli yapt\u0131r\u0131mlara \u200cyol a\u00e7abilmektedir.<\/p>\n<p>Konteynerlerin tar\u0131m alanlar\u0131nda kullan\u0131labilmesi i\u00e7in a\u015fa\u011f\u0131daki \u015fartlar\u0131n sa\u011flanmas\u0131 gerekmektedir:<\/p>\n<ul>\n<li><strong>\u0130zin Belgesi:<\/strong> \u200b Tar\u0131m \u2062ve Orman\u2062 Bakanl\u0131\u011f\u0131&#8217;ndan gerekli izinlerin al\u0131nmas\u0131 zorunludur.<\/li>\n<li><strong>Yer\u200d Se\u00e7imi:<\/strong> Konteynerin yerle\u015ftirilece\u011fi alan\u0131n tar\u0131msal faaliyetlere uygun olmas\u0131 gerekmektedir.<\/li>\n<li><strong>\u00c7evresel Etki De\u011ferlendirmesi:<\/strong> Konteyner uygulamalar\u0131n\u0131n \u00e7evreye olan etkileri de\u011ferlendirilmelidir.<\/li>\n<\/ul>\n<p>Bu \u015fartlara\u2062 uyulmamas\u0131 durumunda, \u00e7e\u015fitli cezai yapt\u0131r\u0131mlar uygulanabilir. Bu yapt\u0131r\u0131mlar\u2063 aras\u0131nda, izin \u200bbelgesinin iptali, para cezalar\u0131 ve tar\u0131msal faaliyetlerin\u2063 durdurulmas\u0131 gibi \u2064\u00f6nlemler bulunmaktad\u0131r. Dolay\u0131s\u0131yla,tar\u0131m alan\u0131nda konteyner kullan\u0131m\u0131 planlan\u0131rken,yasal d\u00fczenlemelere uygun hareket edilmesi b\u00fcy\u00fck \u2063\u00f6nem ta\u015f\u0131maktad\u0131r.<\/p>\n<\/section>\n<p>sonu\u00e7 olarak, tarlaya konteyner koyman\u0131n \u015fartlar\u0131 ve bu\u200d durumun hukuki sonu\u00e7lar\u0131, tar\u0131m \u2063alan\u0131nda faaliyet g\u00f6steren bireyler ve i\u015fletmeler i\u00e7in \u2063b\u00fcy\u00fck \u00f6nem ta\u015f\u0131maktad\u0131r.Tar\u0131m arazilerinin korunmas\u0131 ve s\u00fcrd\u00fcr\u00fclebilir kullan\u0131m\u0131, hem \u00e7evresel hem de ekonomik a\u00e7\u0131dan kritik bir meseledir. Bu ba\u011flamda,\u200d ilgili mevzuat\u0131n dikkatlice incelenmesi ve uygulanmas\u0131, olas\u0131 \u200bcezai yapt\u0131r\u0131mlardan ka\u00e7\u0131nmak i\u00e7in gereklidir. Tar\u0131m arazilerinin kullan\u0131m\u0131yla ilgili yasal d\u00fczenlemelere uyulmas\u0131, hem bireysel hem\u200d de toplumsal sorumluluklar\u0131m\u0131z\u0131n bir par\u00e7as\u0131d\u0131r. Gelecekte, tar\u0131m alan\u0131nda daha sa\u011fl\u0131kl\u0131 ve s\u00fcrd\u00fcr\u00fclebilir uygulamalar\u0131n benimsenmesi, bu t\u00fcr hukuki d\u00fczenlemelerin etkin bir \u015fekilde uygulanmas\u0131na ba\u011fl\u0131d\u0131r. Bu nedenle, tar\u0131m sekt\u00f6r\u00fc \u200cpayda\u015flar\u0131n\u0131n, konteyner yerle\u015ftirme gibi konularda \u200byasal \u00e7er\u00e7eveleri g\u00f6z \u00f6n\u00fcnde bulundurarak hareket etmeleri, hem kendi \u00e7\u0131karlar\u0131 hem de toplumun yarar\u0131 \u2063a\u00e7\u0131s\u0131ndan son derece \u00f6nemlidir. <\/p>","protected":false},"excerpt":{"rendered":"<p>Tarlaya konteyner koyman\u0131n hukuki \u015fartlar\u0131, tar\u0131m arazilerinin korunmas\u0131 ve \u00e7evre d\u00fczenlemeleri \u00e7er\u00e7evesinde belirlenmi\u015ftir. \u0130lgili mevzuata ayk\u0131r\u0131 hareket edenler, idari para cezalar\u0131 ve yasal yapt\u0131r\u0131mlarla kar\u015f\u0131la\u015fabilir.<\/p>","protected":false},"author":4,"featured_media":0,"comment_status":"open","ping_status":"open","sticky":false,"template":"","format":"standard","meta":{"_acf_changed":false,"footnotes":""},"categories":[22],"tags":[],"class_list":["post-36652","post","type-post","status-publish","format-standard","hentry","category-degerlendirme"],"acf":[],"yoast_head":"<!-- This site is optimized with the Yoast SEO Premium plugin v26.6 (Yoast SEO v27.1.1) - https:\/\/yoast.com\/product\/yoast-seo-premium-wordpress\/ -->\n<title>Tarlaya Konteyner Koyman\u0131n \u015eartlar\u0131 ve Cezalar\u0131 - Av. Deniz Can K\u0131z\u0131l<\/title>\n<meta name=\"robots\" content=\"index, follow, max-snippet:-1, max-image-preview:large, max-video-preview:-1\" \/>\n<link rel=\"canonical\" href=\"http:\/\/denizcankizil.tr\/de\/koseyazilari\/degerlendirme\/tarlaya-konteyner-koymanin-sartlari-ve-cezalari\/\" \/>\n<meta property=\"og:locale\" content=\"de_DE\" \/>\n<meta property=\"og:type\" content=\"article\" \/>\n<meta property=\"og:title\" content=\"Tarlaya Konteyner Koyman\u0131n \u015eartlar\u0131 ve Cezalar\u0131\" \/>\n<meta property=\"og:description\" content=\"Tarlaya konteyner koyman\u0131n hukuki \u015fartlar\u0131, tar\u0131m arazilerinin korunmas\u0131 ve \u00e7evre d\u00fczenlemeleri \u00e7er\u00e7evesinde belirlenmi\u015ftir. \u0130lgili mevzuata ayk\u0131r\u0131 hareket edenler, idari para cezalar\u0131 ve yasal yapt\u0131r\u0131mlarla kar\u015f\u0131la\u015fabilir.\" \/>\n<meta property=\"og:url\" content=\"http:\/\/denizcankizil.tr\/de\/koseyazilari\/degerlendirme\/tarlaya-konteyner-koymanin-sartlari-ve-cezalari\/\" \/>\n<meta property=\"og:site_name\" content=\"Av. Deniz Can K\u0131z\u0131l\" \/>\n<meta property=\"article:published_time\" content=\"2025-03-23T12:23:59+00:00\" \/>\n<meta property=\"og:image\" content=\"https:\/\/denizcankizil.tr\/wp-content\/uploads\/2024\/10\/fNqXg-253D.jpg\" \/>\n<meta name=\"author\" content=\"Av. Deniz Can K\u0131z\u0131l\" \/>\n<meta name=\"twitter:card\" content=\"summary_large_image\" \/>\n<meta name=\"twitter:label1\" content=\"Verfasst von\" \/>\n\t<meta name=\"twitter:data1\" content=\"Av. Deniz Can K\u0131z\u0131l\" \/>\n\t<meta name=\"twitter:label2\" content=\"Gesch\u00e4tzte Lesezeit\" \/>\n\t<meta name=\"twitter:data2\" content=\"8\u00a0Minuten\" \/>\n<script type=\"application\/ld+json\" class=\"yoast-schema-graph\">{\"@context\":\"https:\/\/schema.org\",\"@graph\":[{\"@type\":\"Article\",\"@id\":\"http:\/\/denizcankizil.tr\/de\/koseyazilari\/degerlendirme\/tarlaya-konteyner-koymanin-sartlari-ve-cezalari\/#article\",\"isPartOf\":{\"@id\":\"http:\/\/denizcankizil.tr\/de\/koseyazilari\/degerlendirme\/tarlaya-konteyner-koymanin-sartlari-ve-cezalari\/\"},\"author\":{\"name\":\"Av. Deniz Can K\u0131z\u0131l\",\"@id\":\"https:\/\/denizcankizil.tr\/de\/#\/schema\/person\/5dc1b22991bd7ac833867c10afc9b0ff\"},\"headline\":\"Tarlaya Konteyner Koyman\u0131n \u015eartlar\u0131 ve Cezalar\u0131\",\"datePublished\":\"2025-03-23T12:23:59+00:00\",\"mainEntityOfPage\":{\"@id\":\"http:\/\/denizcankizil.tr\/de\/koseyazilari\/degerlendirme\/tarlaya-konteyner-koymanin-sartlari-ve-cezalari\/\"},\"wordCount\":1593,\"commentCount\":0,\"publisher\":{\"@id\":\"https:\/\/denizcankizil.tr\/de\/#organization\"},\"image\":{\"@id\":\"http:\/\/denizcankizil.tr\/de\/koseyazilari\/degerlendirme\/tarlaya-konteyner-koymanin-sartlari-ve-cezalari\/#primaryimage\"},\"thumbnailUrl\":\"https:\/\/denizcankizil.tr\/wp-content\/uploads\/2024\/10\/fNqXg-253D.jpg\",\"articleSection\":[\"De\u011ferlendirme\"],\"inLanguage\":\"de\",\"potentialAction\":[{\"@type\":\"CommentAction\",\"name\":\"Comment\",\"target\":[\"http:\/\/denizcankizil.tr\/de\/koseyazilari\/degerlendirme\/tarlaya-konteyner-koymanin-sartlari-ve-cezalari\/#respond\"]}]},{\"@type\":\"WebPage\",\"@id\":\"http:\/\/denizcankizil.tr\/de\/koseyazilari\/degerlendirme\/tarlaya-konteyner-koymanin-sartlari-ve-cezalari\/\",\"url\":\"http:\/\/denizcankizil.tr\/de\/koseyazilari\/degerlendirme\/tarlaya-konteyner-koymanin-sartlari-ve-cezalari\/\",\"name\":\"Tarlaya Konteyner Koyman\u0131n \u015eartlar\u0131 ve Cezalar\u0131 - Av. Deniz Can K\u0131z\u0131l\",\"isPartOf\":{\"@id\":\"https:\/\/denizcankizil.tr\/de\/#website\"},\"primaryImageOfPage\":{\"@id\":\"http:\/\/denizcankizil.tr\/de\/koseyazilari\/degerlendirme\/tarlaya-konteyner-koymanin-sartlari-ve-cezalari\/#primaryimage\"},\"image\":{\"@id\":\"http:\/\/denizcankizil.tr\/de\/koseyazilari\/degerlendirme\/tarlaya-konteyner-koymanin-sartlari-ve-cezalari\/#primaryimage\"},\"thumbnailUrl\":\"https:\/\/denizcankizil.tr\/wp-content\/uploads\/2024\/10\/fNqXg-253D.jpg\",\"datePublished\":\"2025-03-23T12:23:59+00:00\",\"breadcrumb\":{\"@id\":\"http:\/\/denizcankizil.tr\/de\/koseyazilari\/degerlendirme\/tarlaya-konteyner-koymanin-sartlari-ve-cezalari\/#breadcrumb\"},\"inLanguage\":\"de\",\"potentialAction\":[{\"@type\":\"ReadAction\",\"target\":[\"http:\/\/denizcankizil.tr\/de\/koseyazilari\/degerlendirme\/tarlaya-konteyner-koymanin-sartlari-ve-cezalari\/\"]}]},{\"@type\":\"ImageObject\",\"inLanguage\":\"de\",\"@id\":\"http:\/\/denizcankizil.tr\/de\/koseyazilari\/degerlendirme\/tarlaya-konteyner-koymanin-sartlari-ve-cezalari\/#primaryimage\",\"url\":\"https:\/\/denizcankizil.tr\/wp-content\/uploads\/2024\/10\/fNqXg-253D.jpg\",\"contentUrl\":\"https:\/\/denizcankizil.tr\/wp-content\/uploads\/2024\/10\/fNqXg-253D.jpg\"},{\"@type\":\"BreadcrumbList\",\"@id\":\"http:\/\/denizcankizil.tr\/de\/koseyazilari\/degerlendirme\/tarlaya-konteyner-koymanin-sartlari-ve-cezalari\/#breadcrumb\",\"itemListElement\":[{\"@type\":\"ListItem\",\"position\":1,\"name\":\"Home\",\"item\":\"https:\/\/denizcankizil.tr\/de\/\"},{\"@type\":\"ListItem\",\"position\":2,\"name\":\"Tarlaya Konteyner Koyman\u0131n \u015eartlar\u0131 ve Cezalar\u0131\"}]},{\"@type\":\"WebSite\",\"@id\":\"https:\/\/denizcankizil.tr\/de\/#website\",\"url\":\"https:\/\/denizcankizil.tr\/de\/\",\"name\":\"Av. Deniz Can K\u0131z\u0131l\",\"description\":\"Avukat Deniz Can K\u0131z\u0131l Antalya Barosu\",\"publisher\":{\"@id\":\"https:\/\/denizcankizil.tr\/de\/#organization\"},\"potentialAction\":[{\"@type\":\"SearchAction\",\"target\":{\"@type\":\"EntryPoint\",\"urlTemplate\":\"https:\/\/denizcankizil.tr\/de\/?s={search_term_string}\"},\"query-input\":{\"@type\":\"PropertyValueSpecification\",\"valueRequired\":true,\"valueName\":\"search_term_string\"}}],\"inLanguage\":\"de\"},{\"@type\":\"Organization\",\"@id\":\"https:\/\/denizcankizil.tr\/de\/#organization\",\"name\":\"Av. Deniz Can K\u0131z\u0131l\",\"url\":\"https:\/\/denizcankizil.tr\/de\/\",\"logo\":{\"@type\":\"ImageObject\",\"inLanguage\":\"de\",\"@id\":\"https:\/\/denizcankizil.tr\/de\/#\/schema\/logo\/image\/\",\"url\":\"http:\/\/denizcankizil.tr\/wp-content\/uploads\/2024\/10\/siyah-logo-svg.svg\",\"contentUrl\":\"http:\/\/denizcankizil.tr\/wp-content\/uploads\/2024\/10\/siyah-logo-svg.svg\",\"width\":1080,\"height\":1080,\"caption\":\"Av. Deniz Can K\u0131z\u0131l\"},\"image\":{\"@id\":\"https:\/\/denizcankizil.tr\/de\/#\/schema\/logo\/image\/\"}},{\"@type\":\"Person\",\"@id\":\"https:\/\/denizcankizil.tr\/de\/#\/schema\/person\/5dc1b22991bd7ac833867c10afc9b0ff\",\"name\":\"Av. Deniz Can K\u0131z\u0131l\",\"image\":{\"@type\":\"ImageObject\",\"inLanguage\":\"de\",\"@id\":\"https:\/\/denizcankizil.tr\/de\/#\/schema\/person\/image\/\",\"url\":\"https:\/\/secure.gravatar.com\/avatar\/a0b128fb9855c79efc976d5640eedb31dc35ec297594d6016d2cf7c60e975bb6?s=96&d=mm&r=g\",\"contentUrl\":\"https:\/\/secure.gravatar.com\/avatar\/a0b128fb9855c79efc976d5640eedb31dc35ec297594d6016d2cf7c60e975bb6?s=96&d=mm&r=g\",\"caption\":\"Av. Deniz Can K\u0131z\u0131l\"},\"sameAs\":[\"http:\/\/www.denizcankizil.tr\"],\"url\":\"http:\/\/denizcankizil.tr\/de\/author\/denizcankizil\/\"}]}<\/script>\n<!-- \/ Yoast SEO Premium plugin. -->","yoast_head_json":{"title":"Tarlaya Konteyner Koyman\u0131n \u015eartlar\u0131 ve Cezalar\u0131 - Av. Deniz Can K\u0131z\u0131l","robots":{"index":"index","follow":"follow","max-snippet":"max-snippet:-1","max-image-preview":"max-image-preview:large","max-video-preview":"max-video-preview:-1"},"canonical":"http:\/\/denizcankizil.tr\/de\/koseyazilari\/degerlendirme\/tarlaya-konteyner-koymanin-sartlari-ve-cezalari\/","og_locale":"de_DE","og_type":"article","og_title":"Tarlaya Konteyner Koyman\u0131n \u015eartlar\u0131 ve Cezalar\u0131","og_description":"Tarlaya konteyner koyman\u0131n hukuki \u015fartlar\u0131, tar\u0131m arazilerinin korunmas\u0131 ve \u00e7evre d\u00fczenlemeleri \u00e7er\u00e7evesinde belirlenmi\u015ftir. \u0130lgili mevzuata ayk\u0131r\u0131 hareket edenler, idari para cezalar\u0131 ve yasal yapt\u0131r\u0131mlarla kar\u015f\u0131la\u015fabilir.","og_url":"http:\/\/denizcankizil.tr\/de\/koseyazilari\/degerlendirme\/tarlaya-konteyner-koymanin-sartlari-ve-cezalari\/","og_site_name":"Av. Deniz Can K\u0131z\u0131l","article_published_time":"2025-03-23T12:23:59+00:00","og_image":[{"url":"https:\/\/denizcankizil.tr\/wp-content\/uploads\/2024\/10\/fNqXg-253D.jpg","type":"","width":"","height":""}],"author":"Av. Deniz Can K\u0131z\u0131l","twitter_card":"summary_large_image","twitter_misc":{"Verfasst von":"Av. Deniz Can K\u0131z\u0131l","Gesch\u00e4tzte Lesezeit":"8\u00a0Minuten"},"schema":{"@context":"https:\/\/schema.org","@graph":[{"@type":"Article","@id":"http:\/\/denizcankizil.tr\/de\/koseyazilari\/degerlendirme\/tarlaya-konteyner-koymanin-sartlari-ve-cezalari\/#article","isPartOf":{"@id":"http:\/\/denizcankizil.tr\/de\/koseyazilari\/degerlendirme\/tarlaya-konteyner-koymanin-sartlari-ve-cezalari\/"},"author":{"name":"Av. Deniz Can K\u0131z\u0131l","@id":"https:\/\/denizcankizil.tr\/de\/#\/schema\/person\/5dc1b22991bd7ac833867c10afc9b0ff"},"headline":"Tarlaya Konteyner Koyman\u0131n \u015eartlar\u0131 ve Cezalar\u0131","datePublished":"2025-03-23T12:23:59+00:00","mainEntityOfPage":{"@id":"http:\/\/denizcankizil.tr\/de\/koseyazilari\/degerlendirme\/tarlaya-konteyner-koymanin-sartlari-ve-cezalari\/"},"wordCount":1593,"commentCount":0,"publisher":{"@id":"https:\/\/denizcankizil.tr\/de\/#organization"},"image":{"@id":"http:\/\/denizcankizil.tr\/de\/koseyazilari\/degerlendirme\/tarlaya-konteyner-koymanin-sartlari-ve-cezalari\/#primaryimage"},"thumbnailUrl":"https:\/\/denizcankizil.tr\/wp-content\/uploads\/2024\/10\/fNqXg-253D.jpg","articleSection":["De\u011ferlendirme"],"inLanguage":"de","potentialAction":[{"@type":"CommentAction","name":"Comment","target":["http:\/\/denizcankizil.tr\/de\/koseyazilari\/degerlendirme\/tarlaya-konteyner-koymanin-sartlari-ve-cezalari\/#respond"]}]},{"@type":"WebPage","@id":"http:\/\/denizcankizil.tr\/de\/koseyazilari\/degerlendirme\/tarlaya-konteyner-koymanin-sartlari-ve-cezalari\/","url":"http:\/\/denizcankizil.tr\/de\/koseyazilari\/degerlendirme\/tarlaya-konteyner-koymanin-sartlari-ve-cezalari\/","name":"Tarlaya Konteyner Koyman\u0131n \u015eartlar\u0131 ve Cezalar\u0131 - Av. Deniz Can K\u0131z\u0131l","isPartOf":{"@id":"https:\/\/denizcankizil.tr\/de\/#website"},"primaryImageOfPage":{"@id":"http:\/\/denizcankizil.tr\/de\/koseyazilari\/degerlendirme\/tarlaya-konteyner-koymanin-sartlari-ve-cezalari\/#primaryimage"},"image":{"@id":"http:\/\/denizcankizil.tr\/de\/koseyazilari\/degerlendirme\/tarlaya-konteyner-koymanin-sartlari-ve-cezalari\/#primaryimage"},"thumbnailUrl":"https:\/\/denizcankizil.tr\/wp-content\/uploads\/2024\/10\/fNqXg-253D.jpg","datePublished":"2025-03-23T12:23:59+00:00","breadcrumb":{"@id":"http:\/\/denizcankizil.tr\/de\/koseyazilari\/degerlendirme\/tarlaya-konteyner-koymanin-sartlari-ve-cezalari\/#breadcrumb"},"inLanguage":"de","potentialAction":[{"@type":"ReadAction","target":["http:\/\/denizcankizil.tr\/de\/koseyazilari\/degerlendirme\/tarlaya-konteyner-koymanin-sartlari-ve-cezalari\/"]}]},{"@type":"ImageObject","inLanguage":"de","@id":"http:\/\/denizcankizil.tr\/de\/koseyazilari\/degerlendirme\/tarlaya-konteyner-koymanin-sartlari-ve-cezalari\/#primaryimage","url":"https:\/\/denizcankizil.tr\/wp-content\/uploads\/2024\/10\/fNqXg-253D.jpg","contentUrl":"https:\/\/denizcankizil.tr\/wp-content\/uploads\/2024\/10\/fNqXg-253D.jpg"},{"@type":"BreadcrumbList","@id":"http:\/\/denizcankizil.tr\/de\/koseyazilari\/degerlendirme\/tarlaya-konteyner-koymanin-sartlari-ve-cezalari\/#breadcrumb","itemListElement":[{"@type":"ListItem","position":1,"name":"Home","item":"https:\/\/denizcankizil.tr\/de\/"},{"@type":"ListItem","position":2,"name":"Tarlaya Konteyner Koyman\u0131n \u015eartlar\u0131 ve Cezalar\u0131"}]},{"@type":"WebSite","@id":"https:\/\/denizcankizil.tr\/de\/#website","url":"https:\/\/denizcankizil.tr\/de\/","name":"Av. Deniz Can K\u0131z\u0131l","description":"Avukat Deniz Can K\u0131z\u0131l Antalya Barosu","publisher":{"@id":"https:\/\/denizcankizil.tr\/de\/#organization"},"potentialAction":[{"@type":"SearchAction","target":{"@type":"EntryPoint","urlTemplate":"https:\/\/denizcankizil.tr\/de\/?s={search_term_string}"},"query-input":{"@type":"PropertyValueSpecification","valueRequired":true,"valueName":"search_term_string"}}],"inLanguage":"de"},{"@type":"Organization","@id":"https:\/\/denizcankizil.tr\/de\/#organization","name":"Av. Deniz Can K\u0131z\u0131l","url":"https:\/\/denizcankizil.tr\/de\/","logo":{"@type":"ImageObject","inLanguage":"de","@id":"https:\/\/denizcankizil.tr\/de\/#\/schema\/logo\/image\/","url":"http:\/\/denizcankizil.tr\/wp-content\/uploads\/2024\/10\/siyah-logo-svg.svg","contentUrl":"http:\/\/denizcankizil.tr\/wp-content\/uploads\/2024\/10\/siyah-logo-svg.svg","width":1080,"height":1080,"caption":"Av. Deniz Can K\u0131z\u0131l"},"image":{"@id":"https:\/\/denizcankizil.tr\/de\/#\/schema\/logo\/image\/"}},{"@type":"Person","@id":"https:\/\/denizcankizil.tr\/de\/#\/schema\/person\/5dc1b22991bd7ac833867c10afc9b0ff","name":"Av. Deniz Can K\u0131z\u0131l","image":{"@type":"ImageObject","inLanguage":"de","@id":"https:\/\/denizcankizil.tr\/de\/#\/schema\/person\/image\/","url":"https:\/\/secure.gravatar.com\/avatar\/a0b128fb9855c79efc976d5640eedb31dc35ec297594d6016d2cf7c60e975bb6?s=96&d=mm&r=g","contentUrl":"https:\/\/secure.gravatar.com\/avatar\/a0b128fb9855c79efc976d5640eedb31dc35ec297594d6016d2cf7c60e975bb6?s=96&d=mm&r=g","caption":"Av. Deniz Can K\u0131z\u0131l"},"sameAs":["http:\/\/www.denizcankizil.tr"],"url":"http:\/\/denizcankizil.tr\/de\/author\/denizcankizil\/"}]}},"_links":{"self":[{"href":"http:\/\/denizcankizil.tr\/de\/wp-json\/wp\/v2\/posts\/36652","targetHints":{"allow":["GET"]}}],"collection":[{"href":"http:\/\/denizcankizil.tr\/de\/wp-json\/wp\/v2\/posts"}],"about":[{"href":"http:\/\/denizcankizil.tr\/de\/wp-json\/wp\/v2\/types\/post"}],"author":[{"embeddable":true,"href":"http:\/\/denizcankizil.tr\/de\/wp-json\/wp\/v2\/users\/4"}],"replies":[{"embeddable":true,"href":"http:\/\/denizcankizil.tr\/de\/wp-json\/wp\/v2\/comments?post=36652"}],"version-history":[{"count":0,"href":"http:\/\/denizcankizil.tr\/de\/wp-json\/wp\/v2\/posts\/36652\/revisions"}],"wp:attachment":[{"href":"http:\/\/denizcankizil.tr\/de\/wp-json\/wp\/v2\/media?parent=36652"}],"wp:term":[{"taxonomy":"category","embeddable":true,"href":"http:\/\/denizcankizil.tr\/de\/wp-json\/wp\/v2\/categories?post=36652"},{"taxonomy":"post_tag","embeddable":true,"href":"http:\/\/denizcankizil.tr\/de\/wp-json\/wp\/v2\/tags?post=36652"}],"curies":[{"name":"wp","href":"https:\/\/api.w.org\/{rel}","templated":true}]}}